{"id":18264,"date":"2022-11-11T18:33:36","date_gmt":"2022-11-11T17:33:36","guid":{"rendered":"https:\/\/culturesco.com\/?p=18264"},"modified":"2022-11-22T18:54:35","modified_gmt":"2022-11-22T17:54:35","slug":"herve-cristiani-il-est-libre-max","status":"publish","type":"post","link":"https:\/\/culturesco.com\/index.php\/2022\/11\/11\/herve-cristiani-il-est-libre-max\/","title":{"rendered":"Herv\u00e9 CRISTIANI &#8211; Il est libre Max"},"content":{"rendered":"<h2>Herv\u00e9 CRISTIANI &#8211; Il est libre Max<\/h2>\n<p><img data-recalc-dims=\"1\" loading=\"lazy\" decoding=\"async\" class=\" wp-image-18265 aligncenter\" src=\"https:\/\/i0.wp.com\/culturesco.com\/wp-content\/uploads\/2022\/11\/Herve-CRISTIANI-Front.jpg?resize=578%2C316&#038;ssl=1\" alt=\"Herv\u00e9 Cristiani\" width=\"578\" height=\"316\" srcset=\"https:\/\/i0.wp.com\/culturesco.com\/wp-content\/uploads\/2022\/11\/Herve-CRISTIANI-Front.jpg?resize=300%2C164&amp;ssl=1 300w, https:\/\/i0.wp.com\/culturesco.com\/wp-content\/uploads\/2022\/11\/Herve-CRISTIANI-Front.jpg?resize=768%2C419&amp;ssl=1 768w, https:\/\/i0.wp.com\/culturesco.com\/wp-content\/uploads\/2022\/11\/Herve-CRISTIANI-Front.jpg?resize=696%2C380&amp;ssl=1 696w, https:\/\/i0.wp.com\/culturesco.com\/wp-content\/uploads\/2022\/11\/Herve-CRISTIANI-Front.jpg?resize=1068%2C583&amp;ssl=1 1068w, https:\/\/i0.wp.com\/culturesco.com\/wp-content\/uploads\/2022\/11\/Herve-CRISTIANI-Front.jpg?resize=770%2C420&amp;ssl=1 770w, https:\/\/i0.wp.com\/culturesco.com\/wp-content\/uploads\/2022\/11\/Herve-CRISTIANI-Front.jpg?w=600&amp;ssl=1 600w, https:\/\/i0.wp.com\/culturesco.com\/wp-content\/uploads\/2022\/11\/Herve-CRISTIANI-Front.jpg?resize=110%2C60&amp;ssl=1 110w, https:\/\/i0.wp.com\/culturesco.com\/wp-content\/uploads\/2022\/11\/Herve-CRISTIANI-Front.jpg?resize=165%2C90&amp;ssl=1 165w\" sizes=\"auto, (max-width: 578px) 100vw, 578px\" \/><\/p>\n<p style=\"text-align: justify;\">En <strong>1981<\/strong>, lorsque sort \u00ab <strong>Il est Libre Max<\/strong> \u00bb, <strong>Herv\u00e9 Cristiani<\/strong> <strong>connait enfin le succ\u00e8s<\/strong> qui le fuit depuis neuf longues ann\u00e9es et 1972, ann\u00e9e de parution de son premier 45-Tours. Epaule ceinte d\u2019une Startocaster, <strong>il parcoure les plateaux t\u00e9l\u00e9s<\/strong>, de celui destin\u00e9 au plus jeunes, l\u2019<em>Ile aux Enfants<\/em>, aux grands raouts du pape de la vari\u00e9t\u00e9 t\u00e9l\u00e9visuelle, le \u00ab cathodique \u00bb Guy Lux. Humblement, <strong>d\u2019une gentillesse \u00e0 toutes \u00e9preuves<\/strong>, il r\u00e9pand un <strong>esprit de libert\u00e9<\/strong> jusqu\u2019<strong>en haut des hit-parades<\/strong>, volant la place aux autres pr\u00e9tendants. \u00ab <strong>Il est Libre Max<\/strong> \u00bb figure tel un <strong>bras d\u2019honneur \u00e0 la triade convenue : m\u00e9tro \/ boulot \/ dodo.<\/strong><\/p>\n<h3>Herv\u00e9 CRISTIANI &#8211; Il Est Libre Max<\/h3>\n<div class=\"youtube-embed\" data-video_id=\"eBuTHDRD9mA\"><iframe loading=\"lazy\" title=\"Herv\u00e9 Cristiani &quot;Il est libre Max&quot; | Archive INA\" width=\"696\" height=\"522\" src=\"https:\/\/www.youtube.com\/embed\/eBuTHDRD9mA\" frameborder=\"0\" allow=\"accelerometer; autoplay; clipboard-write; encrypted-media; gyroscope; picture-in-picture; web-share\" referrerpolicy=\"strict-origin-when-cross-origin\" allowfullscreen><\/iframe><\/div>\n<p style=\"text-align: justify;\"><strong>Herv\u00e9 Cristiani<\/strong> fait partie de la famille des <strong>chanteurs \u00e0 guitare<\/strong>\u00a0: <a href=\"https:\/\/www.youtube.com\/watch?v=e3yTu7AFxnI\" target=\"_blank\" rel=\"noopener\">Maxime Le Forestier<\/a>, <a href=\"https:\/\/www.youtube.com\/watch?v=qcnaPXCdtFs\" target=\"_blank\" rel=\"noopener\">Dick Annegarn<\/a>, <a href=\"https:\/\/www.youtube.com\/watch?v=YUWwwCpUM3s\" target=\"_blank\" rel=\"noopener\">Bill Deraime<\/a>, <a href=\"https:\/\/www.youtube.com\/watch?v=fOmzK0TeRrc\" target=\"_blank\" rel=\"noopener\">Marcel Dadi<\/a> et sa technique si particuli\u00e8re du <strong>picking<\/strong>. D\u2019ailleurs, <strong>c\u2019est sous cette forme qu\u2019il interpr\u00e8te la partition<\/strong>. Il se lie \u00e9galement d\u2019amiti\u00e9s avec <a href=\"https:\/\/www.youtube.com\/watch?v=WjkVzYLAhEg\" target=\"_blank\" rel=\"noopener\">Alain Souchon<\/a>, <a href=\"https:\/\/www.youtube.com\/watch?v=x3f2-4h3AsM\" target=\"_blank\" rel=\"noopener\">Michel Jonasz<\/a> et, lui-m\u00eame <strong>fin tennisman<\/strong>, avec Yannick Noah. <strong>Toujours disponible<\/strong> pour celles et ceux qui aiment passer de bons moments autour de volutes bleues aux<strong> fragrances de r\u00e9glisse et d\u2019herbes amazighiennes<\/strong>, on ne lui trouve <strong>que des amis<\/strong>.<\/p>\n<p style=\"text-align: justify;\">Parfaite illustration du \u00ab <strong>one hit wonder<\/strong> \u00bb, \u00ab <strong>Il est Libre Max<\/strong> \u00bb<strong> identifie Herv\u00e9 Cristiani<\/strong> au m\u00eame titre que la Tour Eiffel illumine Paris. <strong>Il composera pourtant bien d\u2019autres chansons<\/strong> qui ne parviendront jamais \u00e0 \u00e9galer celle-ci.<\/p>\n<h3>Ma Claque (1983)<\/h3>\n<div class=\"youtube-embed\" data-video_id=\"6lZfBEC_LeQ\"><iframe loading=\"lazy\" title=\"Herv\u00e9 CRISTIANI - Ma claque\" width=\"696\" height=\"522\" src=\"https:\/\/www.youtube.com\/embed\/6lZfBEC_LeQ\" frameborder=\"0\" allow=\"accelerometer; autoplay; clipboard-write; encrypted-media; gyroscope; picture-in-picture; web-share\" referrerpolicy=\"strict-origin-when-cross-origin\" allowfullscreen><\/iframe><\/div>\n<p style=\"text-align: justify;\"><strong>Vend-il son \u00e2me<\/strong> \u00e0 Swan pour figurer \u00e0 nouveau au top du Paradise <strong>?<\/strong> S\u00fbr que <strong>non<\/strong>. <strong>Le succ\u00e8s s\u2019en est all\u00e9<\/strong> mais, s\u2019il a \u00ab boug\u00e9 \u00bb, passant \u00e0 <strong>une musique un rien plus rock<\/strong>, lui n\u2019a pas chang\u00e9. Sorti de cet in\u00e9puisable underground fran\u00e7ais o\u00f9 circulent et vivent tant d\u2019artistes de qualit\u00e9, il y retourne tranquillement, <strong>sans la moindre rancune<\/strong> \u00e0 l\u2019\u00e9gard de quiconque. Et si les projecteurs dirigent leurs c\u00f4nes de lumi\u00e8re vers d\u2019autres sph\u00e8res, lui <strong>continue son chemin, serein<\/strong>. On lui demande son \u00ab tube \u00bb ? Il r\u00e9pond pr\u00e9sent et le joue sans chichi, content.<\/p>\n<h3>Herv\u00e9 CRISTIANI &#8211; Il Est Libre Max (live 2012)<\/h3>\n<div class=\"youtube-embed\" data-video_id=\"ydtTNt4qQPk\"><iframe loading=\"lazy\" title=\"Herv\u00e9 Cristiani - Il est libre max (Live France 2 &quot;Les ann\u00e9es Bonheur&quot;)\" width=\"696\" height=\"522\" src=\"https:\/\/www.youtube.com\/embed\/ydtTNt4qQPk\" frameborder=\"0\" allow=\"accelerometer; autoplay; clipboard-write; encrypted-media; gyroscope; picture-in-picture; web-share\" referrerpolicy=\"strict-origin-when-cross-origin\" allowfullscreen><\/iframe><\/div>\n<p style=\"text-align: justify;\">Comme tous les <strong>hommes du v\u00e9ritable genre humain<\/strong>, en <strong>quittant la Terre, sans bruit<\/strong>, il laisse derri\u00e8re lui <strong>des copains inconsolables<\/strong> et ce <strong>titre grav\u00e9 sur le disque dur des \u00ab inoubliables \u00bb<\/strong>. En <strong>juillet 2014<\/strong>, <strong>Herv\u00e9 Cristiani rejoint Max<\/strong>. <strong>Depuis, les nuits d\u2019\u00e9t\u00e9, on le voit voler \u2026<\/strong><\/p>\n<p>Thierry Dauge<\/p>\n","protected":false},"excerpt":{"rendered":"<p>Herv\u00e9 CRISTIANI &#8211; Il est libre Max En 1981, lorsque sort \u00ab Il est Libre Max \u00bb, Herv\u00e9 Cristiani connait enfin le succ\u00e8s qui le fuit depuis neuf longues ann\u00e9es et 1972, ann\u00e9e de parution de son premier 45-Tours. Epaule ceinte d\u2019une Startocaster, il parcoure les plateaux t\u00e9l\u00e9s, de celui destin\u00e9 au plus jeunes, l\u2019Ile [&hellip;]<\/p>\n","protected":false},"author":3,"featured_media":18265,"comment_status":"open","ping_status":"open","sticky":false,"template":"","format":"image","meta":{"jetpack_post_was_ever_published":false,"tdm_status":"","tdm_grid_status":"","_jetpack_newsletter_access":"","_jetpack_dont_email_post_to_subs":false,"_jetpack_newsletter_tier_id":0,"_jetpack_memberships_contains_paywalled_content":false,"_jetpack_memberships_contains_paid_content":false,"footnotes":""},"categories":[17,14344],"tags":[14362],"class_list":{"0":"post-18264","1":"post","2":"type-post","3":"status-publish","4":"format-image","5":"has-post-thumbnail","7":"category-carotte-rock-cultures","8":"category-chanson-francaise","9":"tag-one-hit-wonder","10":"post_format-post-format-image"},"yoast_head":"<!-- This site is optimized with the Yoast SEO plugin v27.5 - https:\/\/yoast.com\/product\/yoast-seo-wordpress\/ -->\n<title>Herv\u00e9 CRISTIANI - Il est libre Max - Culturesco chanson fran\u00e7aise<\/title>\n<meta name=\"description\" content=\"CulturesCo | Herv\u00e9 Cristiani, auteur \/ compositeur \/ interpr\u00e8te en toute simplicit\u00e9, offre &quot;Il est libre Max&quot; en 1981. Un inoubliable.\" \/>\n<meta name=\"robots\" content=\"index, follow, max-snippet:-1, max-image-preview:large, max-video-preview:-1\" \/>\n<link rel=\"canonical\" href=\"https:\/\/culturesco.com\/index.php\/2022\/11\/11\/herve-cristiani-il-est-libre-max\/\" \/>\n<meta property=\"og:locale\" content=\"fr_FR\" \/>\n<meta property=\"og:type\" content=\"article\" \/>\n<meta property=\"og:title\" content=\"Herv\u00e9 CRISTIANI - Il est libre Max - Culturesco chanson fran\u00e7aise\" \/>\n<meta property=\"og:description\" content=\"CulturesCo | Herv\u00e9 Cristiani, auteur \/ compositeur \/ interpr\u00e8te en toute simplicit\u00e9, offre &quot;Il est libre Max&quot; en 1981. Un inoubliable.\" \/>\n<meta property=\"og:url\" content=\"https:\/\/culturesco.com\/index.php\/2022\/11\/11\/herve-cristiani-il-est-libre-max\/\" \/>\n<meta property=\"og:site_name\" content=\"Culturesco\" \/>\n<meta property=\"article:publisher\" content=\"https:\/\/www.facebook.com\/radioculturesco\" \/>\n<meta property=\"article:published_time\" content=\"2022-11-11T17:33:36+00:00\" \/>\n<meta property=\"article:modified_time\" content=\"2022-11-22T17:54:35+00:00\" \/>\n<meta property=\"og:image\" content=\"https:\/\/culturesco.com\/wp-content\/uploads\/2022\/11\/Herve-CRISTIANI-Front.jpg\" \/>\n\t<meta property=\"og:image:width\" content=\"600\" \/>\n\t<meta property=\"og:image:height\" content=\"327\" \/>\n\t<meta property=\"og:image:type\" content=\"image\/jpeg\" \/>\n<meta name=\"author\" content=\"Thierry Dauge\" \/>\n<meta name=\"twitter:card\" content=\"summary_large_image\" \/>\n<meta name=\"twitter:creator\" content=\"@AugusteMarshal\" \/>\n<meta name=\"twitter:site\" content=\"@AugusteMarshal\" \/>\n<meta name=\"twitter:label1\" content=\"\u00c9crit par\" \/>\n\t<meta name=\"twitter:data1\" content=\"Thierry Dauge\" \/>\n\t<meta name=\"twitter:label2\" content=\"Dur\u00e9e de lecture estim\u00e9e\" \/>\n\t<meta name=\"twitter:data2\" content=\"3 minutes\" \/>\n<script type=\"application\/ld+json\" class=\"yoast-schema-graph\">{\"@context\":\"https:\\\/\\\/schema.org\",\"@graph\":[{\"@type\":\"Article\",\"@id\":\"https:\\\/\\\/culturesco.com\\\/index.php\\\/2022\\\/11\\\/11\\\/herve-cristiani-il-est-libre-max\\\/#article\",\"isPartOf\":{\"@id\":\"https:\\\/\\\/culturesco.com\\\/index.php\\\/2022\\\/11\\\/11\\\/herve-cristiani-il-est-libre-max\\\/\"},\"author\":{\"name\":\"Thierry Dauge\",\"@id\":\"https:\\\/\\\/culturesco.com\\\/#\\\/schema\\\/person\\\/19f04cf232d246197f6e7d62abe6cb0e\"},\"headline\":\"Herv\u00e9 CRISTIANI &#8211; Il est libre Max\",\"datePublished\":\"2022-11-11T17:33:36+00:00\",\"dateModified\":\"2022-11-22T17:54:35+00:00\",\"mainEntityOfPage\":{\"@id\":\"https:\\\/\\\/culturesco.com\\\/index.php\\\/2022\\\/11\\\/11\\\/herve-cristiani-il-est-libre-max\\\/\"},\"wordCount\":449,\"commentCount\":0,\"publisher\":{\"@id\":\"https:\\\/\\\/culturesco.com\\\/#organization\"},\"image\":{\"@id\":\"https:\\\/\\\/culturesco.com\\\/index.php\\\/2022\\\/11\\\/11\\\/herve-cristiani-il-est-libre-max\\\/#primaryimage\"},\"thumbnailUrl\":\"https:\\\/\\\/i0.wp.com\\\/culturesco.com\\\/wp-content\\\/uploads\\\/2022\\\/11\\\/Herve-CRISTIANI-Front.jpg?fit=600%2C327&ssl=1\",\"keywords\":[\"one hit wonder\"],\"articleSection\":[\"Carotte Rock Cultures\",\"Chanson fran\u00e7aise\"],\"inLanguage\":\"fr-FR\",\"potentialAction\":[{\"@type\":\"CommentAction\",\"name\":\"Comment\",\"target\":[\"https:\\\/\\\/culturesco.com\\\/index.php\\\/2022\\\/11\\\/11\\\/herve-cristiani-il-est-libre-max\\\/#respond\"]}]},{\"@type\":\"WebPage\",\"@id\":\"https:\\\/\\\/culturesco.com\\\/index.php\\\/2022\\\/11\\\/11\\\/herve-cristiani-il-est-libre-max\\\/\",\"url\":\"https:\\\/\\\/culturesco.com\\\/index.php\\\/2022\\\/11\\\/11\\\/herve-cristiani-il-est-libre-max\\\/\",\"name\":\"Herv\u00e9 CRISTIANI - Il est libre Max - Culturesco chanson fran\u00e7aise\",\"isPartOf\":{\"@id\":\"https:\\\/\\\/culturesco.com\\\/#website\"},\"primaryImageOfPage\":{\"@id\":\"https:\\\/\\\/culturesco.com\\\/index.php\\\/2022\\\/11\\\/11\\\/herve-cristiani-il-est-libre-max\\\/#primaryimage\"},\"image\":{\"@id\":\"https:\\\/\\\/culturesco.com\\\/index.php\\\/2022\\\/11\\\/11\\\/herve-cristiani-il-est-libre-max\\\/#primaryimage\"},\"thumbnailUrl\":\"https:\\\/\\\/i0.wp.com\\\/culturesco.com\\\/wp-content\\\/uploads\\\/2022\\\/11\\\/Herve-CRISTIANI-Front.jpg?fit=600%2C327&ssl=1\",\"datePublished\":\"2022-11-11T17:33:36+00:00\",\"dateModified\":\"2022-11-22T17:54:35+00:00\",\"description\":\"CulturesCo | Herv\u00e9 Cristiani, auteur \\\/ compositeur \\\/ interpr\u00e8te en toute simplicit\u00e9, offre \\\"Il est libre Max\\\" en 1981. Un inoubliable.\",\"breadcrumb\":{\"@id\":\"https:\\\/\\\/culturesco.com\\\/index.php\\\/2022\\\/11\\\/11\\\/herve-cristiani-il-est-libre-max\\\/#breadcrumb\"},\"inLanguage\":\"fr-FR\",\"potentialAction\":[{\"@type\":\"ReadAction\",\"target\":[\"https:\\\/\\\/culturesco.com\\\/index.php\\\/2022\\\/11\\\/11\\\/herve-cristiani-il-est-libre-max\\\/\"]}]},{\"@type\":\"ImageObject\",\"inLanguage\":\"fr-FR\",\"@id\":\"https:\\\/\\\/culturesco.com\\\/index.php\\\/2022\\\/11\\\/11\\\/herve-cristiani-il-est-libre-max\\\/#primaryimage\",\"url\":\"https:\\\/\\\/i0.wp.com\\\/culturesco.com\\\/wp-content\\\/uploads\\\/2022\\\/11\\\/Herve-CRISTIANI-Front.jpg?fit=600%2C327&ssl=1\",\"contentUrl\":\"https:\\\/\\\/i0.wp.com\\\/culturesco.com\\\/wp-content\\\/uploads\\\/2022\\\/11\\\/Herve-CRISTIANI-Front.jpg?fit=600%2C327&ssl=1\",\"width\":600,\"height\":327,\"caption\":\"Herv\u00e9 Cristiani\"},{\"@type\":\"BreadcrumbList\",\"@id\":\"https:\\\/\\\/culturesco.com\\\/index.php\\\/2022\\\/11\\\/11\\\/herve-cristiani-il-est-libre-max\\\/#breadcrumb\",\"itemListElement\":[{\"@type\":\"ListItem\",\"position\":1,\"name\":\"Accueil\",\"item\":\"https:\\\/\\\/culturesco.com\\\/\"},{\"@type\":\"ListItem\",\"position\":2,\"name\":\"Herv\u00e9 CRISTIANI &#8211; Il est libre Max\"}]},{\"@type\":\"WebSite\",\"@id\":\"https:\\\/\\\/culturesco.com\\\/#website\",\"url\":\"https:\\\/\\\/culturesco.com\\\/\",\"name\":\"Culturesco\",\"description\":\"Culturesco | Un bon coup de pied dans ta Culture\",\"publisher\":{\"@id\":\"https:\\\/\\\/culturesco.com\\\/#organization\"},\"potentialAction\":[{\"@type\":\"SearchAction\",\"target\":{\"@type\":\"EntryPoint\",\"urlTemplate\":\"https:\\\/\\\/culturesco.com\\\/?s={search_term_string}\"},\"query-input\":{\"@type\":\"PropertyValueSpecification\",\"valueRequired\":true,\"valueName\":\"search_term_string\"}}],\"inLanguage\":\"fr-FR\"},{\"@type\":\"Organization\",\"@id\":\"https:\\\/\\\/culturesco.com\\\/#organization\",\"name\":\"CULTURESCO\",\"url\":\"https:\\\/\\\/culturesco.com\\\/\",\"logo\":{\"@type\":\"ImageObject\",\"inLanguage\":\"fr-FR\",\"@id\":\"https:\\\/\\\/culturesco.com\\\/#\\\/schema\\\/logo\\\/image\\\/\",\"url\":\"https:\\\/\\\/i0.wp.com\\\/culturesco.com\\\/wp-content\\\/uploads\\\/2022\\\/04\\\/culturesco-logo-blanc250p.png?fit=250%2C250&ssl=1\",\"contentUrl\":\"https:\\\/\\\/i0.wp.com\\\/culturesco.com\\\/wp-content\\\/uploads\\\/2022\\\/04\\\/culturesco-logo-blanc250p.png?fit=250%2C250&ssl=1\",\"width\":250,\"height\":250,\"caption\":\"CULTURESCO\"},\"image\":{\"@id\":\"https:\\\/\\\/culturesco.com\\\/#\\\/schema\\\/logo\\\/image\\\/\"},\"sameAs\":[\"https:\\\/\\\/www.facebook.com\\\/radioculturesco\",\"https:\\\/\\\/x.com\\\/AugusteMarshal\",\"https:\\\/\\\/www.instagram.com\\\/carotte_rock_culture\\\/\",\"https:\\\/\\\/www.pinterest.fr\\\/augustemarshal\\\/\",\"https:\\\/\\\/www.youtube.com\\\/channel\\\/UCiWLGffqWSXlNnfzp6YwwyQ\"]},{\"@type\":\"Person\",\"@id\":\"https:\\\/\\\/culturesco.com\\\/#\\\/schema\\\/person\\\/19f04cf232d246197f6e7d62abe6cb0e\",\"name\":\"Thierry Dauge\",\"image\":{\"@type\":\"ImageObject\",\"inLanguage\":\"fr-FR\",\"@id\":\"https:\\\/\\\/i0.wp.com\\\/culturesco.com\\\/wp-content\\\/uploads\\\/2018\\\/12\\\/Black-Beauty-and-me.jpg?fit=96%2C96&ssl=1\",\"url\":\"https:\\\/\\\/i0.wp.com\\\/culturesco.com\\\/wp-content\\\/uploads\\\/2018\\\/12\\\/Black-Beauty-and-me.jpg?fit=96%2C96&ssl=1\",\"contentUrl\":\"https:\\\/\\\/i0.wp.com\\\/culturesco.com\\\/wp-content\\\/uploads\\\/2018\\\/12\\\/Black-Beauty-and-me.jpg?fit=96%2C96&ssl=1\",\"caption\":\"Thierry Dauge\"},\"description\":\"Amoureux des 70\u2019s et du hard rock en particulier, Thierry Dauge est chroniqueur sur Culturesco par amour de l\u2019\u00e9criture musicale. Co-auteur du livre\\\"Pop rock - Les instruments de l'ombre\\\" aux \u00e9ditions du Camion Blanc, collaborateur de Vivi pour \\\"Mes Ann\u00e9es Trust\\\", auteur de \\\"Sparks\\\" aux \u00e9ditions du Layeur, parce que le rock est loin d'\u00eatre mort ...\",\"url\":\"https:\\\/\\\/culturesco.com\\\/index.php\\\/author\\\/thierry-dauge888\\\/\"}]}<\/script>\n<!-- \/ Yoast SEO plugin. -->","yoast_head_json":{"title":"Herv\u00e9 CRISTIANI - Il est libre Max - Culturesco chanson fran\u00e7aise","description":"CulturesCo | Herv\u00e9 Cristiani, auteur \/ compositeur \/ interpr\u00e8te en toute simplicit\u00e9, offre \"Il est libre Max\" en 1981. Un inoubliable.","robots":{"index":"index","follow":"follow","max-snippet":"max-snippet:-1","max-image-preview":"max-image-preview:large","max-video-preview":"max-video-preview:-1"},"canonical":"https:\/\/culturesco.com\/index.php\/2022\/11\/11\/herve-cristiani-il-est-libre-max\/","og_locale":"fr_FR","og_type":"article","og_title":"Herv\u00e9 CRISTIANI - Il est libre Max - Culturesco chanson fran\u00e7aise","og_description":"CulturesCo | Herv\u00e9 Cristiani, auteur \/ compositeur \/ interpr\u00e8te en toute simplicit\u00e9, offre \"Il est libre Max\" en 1981. Un inoubliable.","og_url":"https:\/\/culturesco.com\/index.php\/2022\/11\/11\/herve-cristiani-il-est-libre-max\/","og_site_name":"Culturesco","article_publisher":"https:\/\/www.facebook.com\/radioculturesco","article_published_time":"2022-11-11T17:33:36+00:00","article_modified_time":"2022-11-22T17:54:35+00:00","og_image":[{"width":600,"height":327,"url":"https:\/\/culturesco.com\/wp-content\/uploads\/2022\/11\/Herve-CRISTIANI-Front.jpg","type":"image\/jpeg"}],"author":"Thierry Dauge","twitter_card":"summary_large_image","twitter_creator":"@AugusteMarshal","twitter_site":"@AugusteMarshal","twitter_misc":{"\u00c9crit par":"Thierry Dauge","Dur\u00e9e de lecture estim\u00e9e":"3 minutes"},"schema":{"@context":"https:\/\/schema.org","@graph":[{"@type":"Article","@id":"https:\/\/culturesco.com\/index.php\/2022\/11\/11\/herve-cristiani-il-est-libre-max\/#article","isPartOf":{"@id":"https:\/\/culturesco.com\/index.php\/2022\/11\/11\/herve-cristiani-il-est-libre-max\/"},"author":{"name":"Thierry Dauge","@id":"https:\/\/culturesco.com\/#\/schema\/person\/19f04cf232d246197f6e7d62abe6cb0e"},"headline":"Herv\u00e9 CRISTIANI &#8211; Il est libre Max","datePublished":"2022-11-11T17:33:36+00:00","dateModified":"2022-11-22T17:54:35+00:00","mainEntityOfPage":{"@id":"https:\/\/culturesco.com\/index.php\/2022\/11\/11\/herve-cristiani-il-est-libre-max\/"},"wordCount":449,"commentCount":0,"publisher":{"@id":"https:\/\/culturesco.com\/#organization"},"image":{"@id":"https:\/\/culturesco.com\/index.php\/2022\/11\/11\/herve-cristiani-il-est-libre-max\/#primaryimage"},"thumbnailUrl":"https:\/\/i0.wp.com\/culturesco.com\/wp-content\/uploads\/2022\/11\/Herve-CRISTIANI-Front.jpg?fit=600%2C327&ssl=1","keywords":["one hit wonder"],"articleSection":["Carotte Rock Cultures","Chanson fran\u00e7aise"],"inLanguage":"fr-FR","potentialAction":[{"@type":"CommentAction","name":"Comment","target":["https:\/\/culturesco.com\/index.php\/2022\/11\/11\/herve-cristiani-il-est-libre-max\/#respond"]}]},{"@type":"WebPage","@id":"https:\/\/culturesco.com\/index.php\/2022\/11\/11\/herve-cristiani-il-est-libre-max\/","url":"https:\/\/culturesco.com\/index.php\/2022\/11\/11\/herve-cristiani-il-est-libre-max\/","name":"Herv\u00e9 CRISTIANI - Il est libre Max - Culturesco chanson fran\u00e7aise","isPartOf":{"@id":"https:\/\/culturesco.com\/#website"},"primaryImageOfPage":{"@id":"https:\/\/culturesco.com\/index.php\/2022\/11\/11\/herve-cristiani-il-est-libre-max\/#primaryimage"},"image":{"@id":"https:\/\/culturesco.com\/index.php\/2022\/11\/11\/herve-cristiani-il-est-libre-max\/#primaryimage"},"thumbnailUrl":"https:\/\/i0.wp.com\/culturesco.com\/wp-content\/uploads\/2022\/11\/Herve-CRISTIANI-Front.jpg?fit=600%2C327&ssl=1","datePublished":"2022-11-11T17:33:36+00:00","dateModified":"2022-11-22T17:54:35+00:00","description":"CulturesCo | Herv\u00e9 Cristiani, auteur \/ compositeur \/ interpr\u00e8te en toute simplicit\u00e9, offre \"Il est libre Max\" en 1981. Un inoubliable.","breadcrumb":{"@id":"https:\/\/culturesco.com\/index.php\/2022\/11\/11\/herve-cristiani-il-est-libre-max\/#breadcrumb"},"inLanguage":"fr-FR","potentialAction":[{"@type":"ReadAction","target":["https:\/\/culturesco.com\/index.php\/2022\/11\/11\/herve-cristiani-il-est-libre-max\/"]}]},{"@type":"ImageObject","inLanguage":"fr-FR","@id":"https:\/\/culturesco.com\/index.php\/2022\/11\/11\/herve-cristiani-il-est-libre-max\/#primaryimage","url":"https:\/\/i0.wp.com\/culturesco.com\/wp-content\/uploads\/2022\/11\/Herve-CRISTIANI-Front.jpg?fit=600%2C327&ssl=1","contentUrl":"https:\/\/i0.wp.com\/culturesco.com\/wp-content\/uploads\/2022\/11\/Herve-CRISTIANI-Front.jpg?fit=600%2C327&ssl=1","width":600,"height":327,"caption":"Herv\u00e9 Cristiani"},{"@type":"BreadcrumbList","@id":"https:\/\/culturesco.com\/index.php\/2022\/11\/11\/herve-cristiani-il-est-libre-max\/#breadcrumb","itemListElement":[{"@type":"ListItem","position":1,"name":"Accueil","item":"https:\/\/culturesco.com\/"},{"@type":"ListItem","position":2,"name":"Herv\u00e9 CRISTIANI &#8211; Il est libre Max"}]},{"@type":"WebSite","@id":"https:\/\/culturesco.com\/#website","url":"https:\/\/culturesco.com\/","name":"Culturesco","description":"Culturesco | Un bon coup de pied dans ta Culture","publisher":{"@id":"https:\/\/culturesco.com\/#organization"},"potentialAction":[{"@type":"SearchAction","target":{"@type":"EntryPoint","urlTemplate":"https:\/\/culturesco.com\/?s={search_term_string}"},"query-input":{"@type":"PropertyValueSpecification","valueRequired":true,"valueName":"search_term_string"}}],"inLanguage":"fr-FR"},{"@type":"Organization","@id":"https:\/\/culturesco.com\/#organization","name":"CULTURESCO","url":"https:\/\/culturesco.com\/","logo":{"@type":"ImageObject","inLanguage":"fr-FR","@id":"https:\/\/culturesco.com\/#\/schema\/logo\/image\/","url":"https:\/\/i0.wp.com\/culturesco.com\/wp-content\/uploads\/2022\/04\/culturesco-logo-blanc250p.png?fit=250%2C250&ssl=1","contentUrl":"https:\/\/i0.wp.com\/culturesco.com\/wp-content\/uploads\/2022\/04\/culturesco-logo-blanc250p.png?fit=250%2C250&ssl=1","width":250,"height":250,"caption":"CULTURESCO"},"image":{"@id":"https:\/\/culturesco.com\/#\/schema\/logo\/image\/"},"sameAs":["https:\/\/www.facebook.com\/radioculturesco","https:\/\/x.com\/AugusteMarshal","https:\/\/www.instagram.com\/carotte_rock_culture\/","https:\/\/www.pinterest.fr\/augustemarshal\/","https:\/\/www.youtube.com\/channel\/UCiWLGffqWSXlNnfzp6YwwyQ"]},{"@type":"Person","@id":"https:\/\/culturesco.com\/#\/schema\/person\/19f04cf232d246197f6e7d62abe6cb0e","name":"Thierry Dauge","image":{"@type":"ImageObject","inLanguage":"fr-FR","@id":"https:\/\/i0.wp.com\/culturesco.com\/wp-content\/uploads\/2018\/12\/Black-Beauty-and-me.jpg?fit=96%2C96&ssl=1","url":"https:\/\/i0.wp.com\/culturesco.com\/wp-content\/uploads\/2018\/12\/Black-Beauty-and-me.jpg?fit=96%2C96&ssl=1","contentUrl":"https:\/\/i0.wp.com\/culturesco.com\/wp-content\/uploads\/2018\/12\/Black-Beauty-and-me.jpg?fit=96%2C96&ssl=1","caption":"Thierry Dauge"},"description":"Amoureux des 70\u2019s et du hard rock en particulier, Thierry Dauge est chroniqueur sur Culturesco par amour de l\u2019\u00e9criture musicale. Co-auteur du livre\"Pop rock - Les instruments de l'ombre\" aux \u00e9ditions du Camion Blanc, collaborateur de Vivi pour \"Mes Ann\u00e9es Trust\", auteur de \"Sparks\" aux \u00e9ditions du Layeur, parce que le rock est loin d'\u00eatre mort ...","url":"https:\/\/culturesco.com\/index.php\/author\/thierry-dauge888\/"}]}},"jetpack_featured_media_url":"https:\/\/i0.wp.com\/culturesco.com\/wp-content\/uploads\/2022\/11\/Herve-CRISTIANI-Front.jpg?fit=600%2C327&ssl=1","jetpack_likes_enabled":true,"jetpack_sharing_enabled":true,"jetpack_shortlink":"https:\/\/wp.me\/paz89I-4KA","_links":{"self":[{"href":"https:\/\/culturesco.com\/index.php\/wp-json\/wp\/v2\/posts\/18264","targetHints":{"allow":["GET"]}}],"collection":[{"href":"https:\/\/culturesco.com\/index.php\/wp-json\/wp\/v2\/posts"}],"about":[{"href":"https:\/\/culturesco.com\/index.php\/wp-json\/wp\/v2\/types\/post"}],"author":[{"embeddable":true,"href":"https:\/\/culturesco.com\/index.php\/wp-json\/wp\/v2\/users\/3"}],"replies":[{"embeddable":true,"href":"https:\/\/culturesco.com\/index.php\/wp-json\/wp\/v2\/comments?post=18264"}],"version-history":[{"count":0,"href":"https:\/\/culturesco.com\/index.php\/wp-json\/wp\/v2\/posts\/18264\/revisions"}],"wp:featuredmedia":[{"embeddable":true,"href":"https:\/\/culturesco.com\/index.php\/wp-json\/wp\/v2\/media\/18265"}],"wp:attachment":[{"href":"https:\/\/culturesco.com\/index.php\/wp-json\/wp\/v2\/media?parent=18264"}],"wp:term":[{"taxonomy":"category","embeddable":true,"href":"https:\/\/culturesco.com\/index.php\/wp-json\/wp\/v2\/categories?post=18264"},{"taxonomy":"post_tag","embeddable":true,"href":"https:\/\/culturesco.com\/index.php\/wp-json\/wp\/v2\/tags?post=18264"}],"curies":[{"name":"wp","href":"https:\/\/api.w.org\/{rel}","templated":true}]}}