{"id":18260,"date":"2022-11-11T03:26:26","date_gmt":"2022-11-11T02:26:26","guid":{"rendered":"https:\/\/culturesco.com\/?p=18260"},"modified":"2022-11-11T03:26:26","modified_gmt":"2022-11-11T02:26:26","slug":"archive-xavier-martin","status":"publish","type":"post","link":"https:\/\/culturesco.com\/index.php\/2022\/11\/11\/archive-xavier-martin\/","title":{"rendered":"Archive \u2013 Xavier Martin"},"content":{"rendered":"<h2 style=\"text-align: justify\">Livret de Famille<\/h2>\n<figure id=\"attachment_18261\" aria-describedby=\"caption-attachment-18261\" style=\"width: 211px\" class=\"wp-caption aligncenter\"><img data-recalc-dims=\"1\" loading=\"lazy\" decoding=\"async\" class=\"size-medium wp-image-18261\" src=\"https:\/\/i0.wp.com\/culturesco.com\/wp-content\/uploads\/2022\/11\/Xavier-Martin.jpeg?resize=211%2C300&#038;ssl=1\" alt=\"Archive - Xavier Martin\" width=\"211\" height=\"300\" srcset=\"https:\/\/i0.wp.com\/culturesco.com\/wp-content\/uploads\/2022\/11\/Xavier-Martin.jpeg?resize=211%2C300&amp;ssl=1 211w, https:\/\/i0.wp.com\/culturesco.com\/wp-content\/uploads\/2022\/11\/Xavier-Martin.jpeg?resize=296%2C420&amp;ssl=1 296w, https:\/\/i0.wp.com\/culturesco.com\/wp-content\/uploads\/2022\/11\/Xavier-Martin.jpeg?resize=42%2C60&amp;ssl=1 42w, https:\/\/i0.wp.com\/culturesco.com\/wp-content\/uploads\/2022\/11\/Xavier-Martin.jpeg?resize=63%2C90&amp;ssl=1 63w, https:\/\/i0.wp.com\/culturesco.com\/wp-content\/uploads\/2022\/11\/Xavier-Martin.jpeg?w=423&amp;ssl=1 423w\" sizes=\"auto, (max-width: 211px) 100vw, 211px\" \/><figcaption id=\"caption-attachment-18261\" class=\"wp-caption-text\">Archive &#8211; Xavier Martin<\/figcaption><\/figure>\n<h3 style=\"text-align: justify\">Les Pink Floyd du XXI\u00e8me Si\u00e8cle<\/h3>\n<p style=\"text-align: justify\">Il para\u00eet insens\u00e9 qu&rsquo;aucun livre en fran\u00e7ais n&rsquo;ait \u00e9t\u00e9 r\u00e9dig\u00e9 sur le groupe <strong>Archive<\/strong> (prononcez, une fois pour toute, <em><strong>Arka\u00efve<\/strong><\/em>) depuis pr\u00e8s de trente ans. Heureusement qu&rsquo;un auteur comme <strong>Xavier Martin<\/strong> s&rsquo;est mis \u00e0 la t\u00e2che avec une belle r\u00e9ussite. Pour m\u00e9moire, on lui doit un <strong>\u00ab\u00a0Paroles de Fans sur The Cure\u00a0\u00bb<\/strong> chez le m\u00eame \u00e9diteur, qui vaut le d\u00e9tour.<\/p>\n<p style=\"text-align: justify\">Quand <strong>Xavier Martin<\/strong> parle d&rsquo;un sujet, il le conna\u00eet par c\u0153ur, ses qualit\u00e9s et ses d\u00e9fauts (qu&rsquo;il pardonne : un peu trop parfois, ce qui est normal quand on appr\u00e9cie vraiment. Qu&rsquo;il soit absous).<\/p>\n<h3><em>Archive &#8211; Londinium (Live In Athens)<\/em><\/h3>\n<div class=\"youtube-embed\" data-video_id=\"d04Lj_3j4no\"><iframe loading=\"lazy\" title=\"Archive - Londinium (Live In Athens)\" width=\"696\" height=\"522\" src=\"https:\/\/www.youtube.com\/embed\/d04Lj_3j4no\" frameborder=\"0\" allow=\"accelerometer; autoplay; clipboard-write; encrypted-media; gyroscope; picture-in-picture; web-share\" referrerpolicy=\"strict-origin-when-cross-origin\" allowfullscreen><\/iframe><\/div>\n<p style=\"text-align: justify\">Sous-titr\u00e9 <em><strong>Livre de Famille<\/strong><\/em> indique bien la d\u00e9marche du groupe form\u00e9 d\u00e8s les origines par <strong>Darius Keeler<\/strong> et <strong>Danny Griffiths<\/strong>. Ou plut\u00f4t ils les \u00a0conduisent progressivement dans un lieu o\u00f9 une famille va s&rsquo;agrandir ou, parfois, se r\u00e9tr\u00e9cir.<\/p>\n<p style=\"text-align: justify\">Il existe d&rsquo;abord une p\u00e9riode dite <strong>trip hop<\/strong> avec<strong><em> Londinium<\/em><\/strong> premier essai \u00e9tonnant o\u00f9 le duo m\u00eal\u00e9 avec le belle voix de <strong>Roya Arab<\/strong> et le flow de<strong> Rosko John<\/strong> s&rsquo;inscrivent dans la lign\u00e9e de la ville de <strong>Bristol<\/strong> o\u00f9 s\u00e9vissent <strong>Portishead<\/strong> et Massive Attack, \u00e0 leurs d\u00e9buts, eux aussi.<\/p>\n<p style=\"text-align: justify\">Apr\u00e8s un deuxi\u00e8me album, plut\u00f4t <em>In Between<\/em>, le moment o\u00f9 on se cherche, sort ce qui va les faire d\u00e9coller <em><strong>\u00ab\u00a0You All Look The Same To Me\u00a0\u00bb<\/strong><\/em> en 2002. Le plus excessif est un titre que personne ne veut passer \u00e0 la radio, et pour cause\u00a0: il dure plus de seize minutes. Il s&rsquo;appelle<strong> \u00ab\u00a0Again\u00a0\u00bb<\/strong> et c&rsquo;est \u00e0 tomber.<\/p>\n<h3><em>Archive &#8211; Again (Live in Athens)<\/em><\/h3>\n<div class=\"youtube-embed\" data-video_id=\"RhIr_iNBMUA\"><iframe loading=\"lazy\" title=\"Archive - Again (Live In Athens)\" width=\"696\" height=\"522\" src=\"https:\/\/www.youtube.com\/embed\/RhIr_iNBMUA\" frameborder=\"0\" allow=\"accelerometer; autoplay; clipboard-write; encrypted-media; gyroscope; picture-in-picture; web-share\" referrerpolicy=\"strict-origin-when-cross-origin\" allowfullscreen><\/iframe><\/div>\n<p style=\"text-align: justify\">Depuis vingt ans \u00e0 titre personnel, mais il semble que je ne sois pas le seul, je les appelle <strong>les Pink Floyd du d\u00e9but du si\u00e8cle.<\/strong> Sans en d\u00e9voiler plus, la suite est \u00e0 lire, album par album, la discoth\u00e8que enti\u00e8re de <strong>Archive<\/strong>. Trois membres se sont rajouter, inamovibles \u00e0 cette famille\u00a0: <strong>Steve \u00ab\u00a0Smiley\u00a0\u00bb Barnard<\/strong>, batteur de T<strong>he Alarm<\/strong>,<strong> Pollard Berrier<\/strong>, au chant, claviers et guitares, puis <strong>Dave Pen<\/strong>, au chant et \u00e0 la guitare. Le reste, des invit\u00e9s performants, se rassemble autour de cette famille qui prend son temps d\u00e9sormais pour d\u00e9livrer des chefs-d&rsquo;oeuvre. A d\u00e9couvrir au cas o\u00f9.<\/p>\n<h3><em>Archive &#8211; Collapse Collide (Live in Athens)<\/em><\/h3>\n<div class=\"youtube-embed\" data-video_id=\"y0PbL6Y9DmA\"><iframe loading=\"lazy\" title=\"Archive - Collapse Collide (Live In Athens)\" width=\"696\" height=\"522\" src=\"https:\/\/www.youtube.com\/embed\/y0PbL6Y9DmA\" frameborder=\"0\" allow=\"accelerometer; autoplay; clipboard-write; encrypted-media; gyroscope; picture-in-picture; web-share\" referrerpolicy=\"strict-origin-when-cross-origin\" allowfullscreen><\/iframe><\/div>\n<p style=\"text-align: justify\"><strong>Xavier Martin \u2013 Archive<\/strong><\/p>\n<p style=\"text-align: justify\"><strong>Livret De Famille<\/strong><\/p>\n<p style=\"text-align: justify\">Camion Blanc \u2013 398 pages \u2013 30\u20ac<\/p>\n<p style=\"text-align: justify\"><strong>Patrick B\u00e9nard<\/strong><\/p>\n","protected":false},"excerpt":{"rendered":"<p>Livret de Famille Les Pink Floyd du XXI\u00e8me Si\u00e8cle Il para\u00eet insens\u00e9 qu&rsquo;aucun livre en fran\u00e7ais n&rsquo;ait \u00e9t\u00e9 r\u00e9dig\u00e9 sur le groupe Archive (prononcez, une fois pour toute, Arka\u00efve) depuis pr\u00e8s de trente ans. Heureusement qu&rsquo;un auteur comme Xavier Martin s&rsquo;est mis \u00e0 la t\u00e2che avec une belle r\u00e9ussite. Pour m\u00e9moire, on lui doit un [&hellip;]<\/p>\n","protected":false},"author":4,"featured_media":18261,"comment_status":"open","ping_status":"open","sticky":false,"template":"","format":"image","meta":{"jetpack_post_was_ever_published":false,"tdm_status":"","tdm_grid_status":"","_jetpack_newsletter_access":"","_jetpack_dont_email_post_to_subs":false,"_jetpack_newsletter_tier_id":0,"_jetpack_memberships_contains_paywalled_content":false,"_jetpack_memberships_contains_paid_content":false,"footnotes":""},"categories":[30,17,27,66],"tags":[52,42,20,12296,11916],"class_list":{"0":"post-18260","1":"post","2":"type-post","3":"status-publish","4":"format-image","5":"has-post-thumbnail","7":"category-albums-rock","8":"category-carotte-rock-cultures","9":"category-litterature","10":"category-livre-rock","11":"tag-groupe-rock-actuel","12":"tag-litterature","13":"tag-livre-rock","14":"tag-pop-rock","15":"tag-prog-rock","16":"post_format-post-format-image"},"yoast_head":"<!-- This site is optimized with the Yoast SEO plugin v27.5 - https:\/\/yoast.com\/product\/yoast-seo-wordpress\/ -->\n<title>Archive \u2013 Xavier Martin - Culturesco<\/title>\n<meta name=\"description\" content=\"CulturesCo | Un bon coup de pied dans ta Culture | Chroniques et histoire du Rock, chanson fran\u00e7aise, litt\u00e9rature, cin\u00e9ma et bande dessin\u00e9e.\" \/>\n<meta name=\"robots\" content=\"index, follow, max-snippet:-1, max-image-preview:large, max-video-preview:-1\" \/>\n<link rel=\"canonical\" href=\"https:\/\/culturesco.com\/index.php\/2022\/11\/11\/archive-xavier-martin\/\" \/>\n<meta property=\"og:locale\" content=\"fr_FR\" \/>\n<meta property=\"og:type\" content=\"article\" \/>\n<meta property=\"og:title\" content=\"Archive \u2013 Xavier Martin - Culturesco\" \/>\n<meta property=\"og:description\" content=\"CulturesCo | Un bon coup de pied dans ta Culture | Chroniques et histoire du Rock, chanson fran\u00e7aise, litt\u00e9rature, cin\u00e9ma et bande dessin\u00e9e.\" \/>\n<meta property=\"og:url\" content=\"https:\/\/culturesco.com\/index.php\/2022\/11\/11\/archive-xavier-martin\/\" \/>\n<meta property=\"og:site_name\" content=\"Culturesco\" \/>\n<meta property=\"article:publisher\" content=\"https:\/\/www.facebook.com\/radioculturesco\" \/>\n<meta property=\"article:published_time\" content=\"2022-11-11T02:26:26+00:00\" \/>\n<meta property=\"og:image\" content=\"https:\/\/culturesco.com\/wp-content\/uploads\/2022\/11\/Xavier-Martin.jpeg\" \/>\n\t<meta property=\"og:image:width\" content=\"423\" \/>\n\t<meta property=\"og:image:height\" content=\"600\" \/>\n\t<meta property=\"og:image:type\" content=\"image\/jpeg\" \/>\n<meta name=\"author\" content=\"Patrick Benard\" \/>\n<meta name=\"twitter:card\" content=\"summary_large_image\" \/>\n<meta name=\"twitter:creator\" content=\"@AugusteMarshal\" \/>\n<meta name=\"twitter:site\" content=\"@AugusteMarshal\" \/>\n<meta name=\"twitter:label1\" content=\"\u00c9crit par\" \/>\n\t<meta name=\"twitter:data1\" content=\"Patrick Benard\" \/>\n\t<meta name=\"twitter:label2\" content=\"Dur\u00e9e de lecture estim\u00e9e\" \/>\n\t<meta name=\"twitter:data2\" content=\"3 minutes\" \/>\n<script type=\"application\/ld+json\" class=\"yoast-schema-graph\">{\"@context\":\"https:\\\/\\\/schema.org\",\"@graph\":[{\"@type\":\"Article\",\"@id\":\"https:\\\/\\\/culturesco.com\\\/index.php\\\/2022\\\/11\\\/11\\\/archive-xavier-martin\\\/#article\",\"isPartOf\":{\"@id\":\"https:\\\/\\\/culturesco.com\\\/index.php\\\/2022\\\/11\\\/11\\\/archive-xavier-martin\\\/\"},\"author\":{\"name\":\"Patrick Benard\",\"@id\":\"https:\\\/\\\/culturesco.com\\\/#\\\/schema\\\/person\\\/c2ddd6724863f3bbd20a8278df0891f3\"},\"headline\":\"Archive \u2013 Xavier Martin\",\"datePublished\":\"2022-11-11T02:26:26+00:00\",\"mainEntityOfPage\":{\"@id\":\"https:\\\/\\\/culturesco.com\\\/index.php\\\/2022\\\/11\\\/11\\\/archive-xavier-martin\\\/\"},\"wordCount\":466,\"commentCount\":0,\"publisher\":{\"@id\":\"https:\\\/\\\/culturesco.com\\\/#organization\"},\"image\":{\"@id\":\"https:\\\/\\\/culturesco.com\\\/index.php\\\/2022\\\/11\\\/11\\\/archive-xavier-martin\\\/#primaryimage\"},\"thumbnailUrl\":\"https:\\\/\\\/i0.wp.com\\\/culturesco.com\\\/wp-content\\\/uploads\\\/2022\\\/11\\\/Xavier-Martin.jpeg?fit=423%2C600&ssl=1\",\"keywords\":[\"groupe rock actuel\",\"litt\u00e9rature\",\"Livre Rock\",\"pop rock\",\"Prog-rock\"],\"articleSection\":[\"Albums rock\",\"Carotte Rock Cultures\",\"Litt\u00e9rature\",\"Livre Rock\"],\"inLanguage\":\"fr-FR\",\"potentialAction\":[{\"@type\":\"CommentAction\",\"name\":\"Comment\",\"target\":[\"https:\\\/\\\/culturesco.com\\\/index.php\\\/2022\\\/11\\\/11\\\/archive-xavier-martin\\\/#respond\"]}]},{\"@type\":\"WebPage\",\"@id\":\"https:\\\/\\\/culturesco.com\\\/index.php\\\/2022\\\/11\\\/11\\\/archive-xavier-martin\\\/\",\"url\":\"https:\\\/\\\/culturesco.com\\\/index.php\\\/2022\\\/11\\\/11\\\/archive-xavier-martin\\\/\",\"name\":\"Archive \u2013 Xavier Martin - Culturesco\",\"isPartOf\":{\"@id\":\"https:\\\/\\\/culturesco.com\\\/#website\"},\"primaryImageOfPage\":{\"@id\":\"https:\\\/\\\/culturesco.com\\\/index.php\\\/2022\\\/11\\\/11\\\/archive-xavier-martin\\\/#primaryimage\"},\"image\":{\"@id\":\"https:\\\/\\\/culturesco.com\\\/index.php\\\/2022\\\/11\\\/11\\\/archive-xavier-martin\\\/#primaryimage\"},\"thumbnailUrl\":\"https:\\\/\\\/i0.wp.com\\\/culturesco.com\\\/wp-content\\\/uploads\\\/2022\\\/11\\\/Xavier-Martin.jpeg?fit=423%2C600&ssl=1\",\"datePublished\":\"2022-11-11T02:26:26+00:00\",\"description\":\"CulturesCo | Un bon coup de pied dans ta Culture | Chroniques et histoire du Rock, chanson fran\u00e7aise, litt\u00e9rature, cin\u00e9ma et bande dessin\u00e9e.\",\"breadcrumb\":{\"@id\":\"https:\\\/\\\/culturesco.com\\\/index.php\\\/2022\\\/11\\\/11\\\/archive-xavier-martin\\\/#breadcrumb\"},\"inLanguage\":\"fr-FR\",\"potentialAction\":[{\"@type\":\"ReadAction\",\"target\":[\"https:\\\/\\\/culturesco.com\\\/index.php\\\/2022\\\/11\\\/11\\\/archive-xavier-martin\\\/\"]}]},{\"@type\":\"ImageObject\",\"inLanguage\":\"fr-FR\",\"@id\":\"https:\\\/\\\/culturesco.com\\\/index.php\\\/2022\\\/11\\\/11\\\/archive-xavier-martin\\\/#primaryimage\",\"url\":\"https:\\\/\\\/i0.wp.com\\\/culturesco.com\\\/wp-content\\\/uploads\\\/2022\\\/11\\\/Xavier-Martin.jpeg?fit=423%2C600&ssl=1\",\"contentUrl\":\"https:\\\/\\\/i0.wp.com\\\/culturesco.com\\\/wp-content\\\/uploads\\\/2022\\\/11\\\/Xavier-Martin.jpeg?fit=423%2C600&ssl=1\",\"width\":423,\"height\":600,\"caption\":\"Archive - Xavier Martin\"},{\"@type\":\"BreadcrumbList\",\"@id\":\"https:\\\/\\\/culturesco.com\\\/index.php\\\/2022\\\/11\\\/11\\\/archive-xavier-martin\\\/#breadcrumb\",\"itemListElement\":[{\"@type\":\"ListItem\",\"position\":1,\"name\":\"Accueil\",\"item\":\"https:\\\/\\\/culturesco.com\\\/\"},{\"@type\":\"ListItem\",\"position\":2,\"name\":\"Archive \u2013 Xavier Martin\"}]},{\"@type\":\"WebSite\",\"@id\":\"https:\\\/\\\/culturesco.com\\\/#website\",\"url\":\"https:\\\/\\\/culturesco.com\\\/\",\"name\":\"Culturesco\",\"description\":\"Culturesco | Un bon coup de pied dans ta Culture\",\"publisher\":{\"@id\":\"https:\\\/\\\/culturesco.com\\\/#organization\"},\"potentialAction\":[{\"@type\":\"SearchAction\",\"target\":{\"@type\":\"EntryPoint\",\"urlTemplate\":\"https:\\\/\\\/culturesco.com\\\/?s={search_term_string}\"},\"query-input\":{\"@type\":\"PropertyValueSpecification\",\"valueRequired\":true,\"valueName\":\"search_term_string\"}}],\"inLanguage\":\"fr-FR\"},{\"@type\":\"Organization\",\"@id\":\"https:\\\/\\\/culturesco.com\\\/#organization\",\"name\":\"CULTURESCO\",\"url\":\"https:\\\/\\\/culturesco.com\\\/\",\"logo\":{\"@type\":\"ImageObject\",\"inLanguage\":\"fr-FR\",\"@id\":\"https:\\\/\\\/culturesco.com\\\/#\\\/schema\\\/logo\\\/image\\\/\",\"url\":\"https:\\\/\\\/i0.wp.com\\\/culturesco.com\\\/wp-content\\\/uploads\\\/2022\\\/04\\\/culturesco-logo-blanc250p.png?fit=250%2C250&ssl=1\",\"contentUrl\":\"https:\\\/\\\/i0.wp.com\\\/culturesco.com\\\/wp-content\\\/uploads\\\/2022\\\/04\\\/culturesco-logo-blanc250p.png?fit=250%2C250&ssl=1\",\"width\":250,\"height\":250,\"caption\":\"CULTURESCO\"},\"image\":{\"@id\":\"https:\\\/\\\/culturesco.com\\\/#\\\/schema\\\/logo\\\/image\\\/\"},\"sameAs\":[\"https:\\\/\\\/www.facebook.com\\\/radioculturesco\",\"https:\\\/\\\/x.com\\\/AugusteMarshal\",\"https:\\\/\\\/www.instagram.com\\\/carotte_rock_culture\\\/\",\"https:\\\/\\\/www.pinterest.fr\\\/augustemarshal\\\/\",\"https:\\\/\\\/www.youtube.com\\\/channel\\\/UCiWLGffqWSXlNnfzp6YwwyQ\"]},{\"@type\":\"Person\",\"@id\":\"https:\\\/\\\/culturesco.com\\\/#\\\/schema\\\/person\\\/c2ddd6724863f3bbd20a8278df0891f3\",\"name\":\"Patrick Benard\",\"image\":{\"@type\":\"ImageObject\",\"inLanguage\":\"fr-FR\",\"@id\":\"https:\\\/\\\/i0.wp.com\\\/culturesco.com\\\/wp-content\\\/uploads\\\/2019\\\/02\\\/patrick-benard-2.jpg?fit=90%2C96&ssl=1\",\"url\":\"https:\\\/\\\/i0.wp.com\\\/culturesco.com\\\/wp-content\\\/uploads\\\/2019\\\/02\\\/patrick-benard-2.jpg?fit=90%2C96&ssl=1\",\"contentUrl\":\"https:\\\/\\\/i0.wp.com\\\/culturesco.com\\\/wp-content\\\/uploads\\\/2019\\\/02\\\/patrick-benard-2.jpg?fit=90%2C96&ssl=1\",\"caption\":\"Patrick Benard\"},\"description\":\"Ecrivain, chroniqueur, animateur radio, cr\u00e9ateur de la revue \u00ab Cin\u00e9manie \u00bb, autour du cin\u00e9ma dit d\u2019art et d\u2019essai, sp\u00e9cialiste du groupe The Cure, archiviste... 2020 : \\\"Le Post Rock\\\" essai sur le post rock de Mogwa\u00ef \u00e0 Godspeed You Black Emperor - Camion Blanc 2014 : \u00ab On the rocks \u2013le rock de 2007 \u00e0 2014 \u00bb chroniques livres et cd rocks, interviews \u2013Editions Vaillant 2010 : \u00ab Dans la T\u00eate de Robert Smith \u00bb, roman fiction autour de l\u2019histoire des Cure et de Robert Smith \u2013 Edilivres 2007 : \u00ab Chroniques Fr\u00e9n\u00e9tiques, une histoire intime du rock \u00bb, roman, prix Technikart. 2001 : \u00ab Les Iles du D\u00e9sert \u00bb, polar autour du rock \u2013 Editions Nykta\",\"url\":\"https:\\\/\\\/culturesco.com\\\/index.php\\\/author\\\/patrick-benard89\\\/\"}]}<\/script>\n<!-- \/ Yoast SEO plugin. -->","yoast_head_json":{"title":"Archive \u2013 Xavier Martin - Culturesco","description":"CulturesCo | Un bon coup de pied dans ta Culture | Chroniques et histoire du Rock, chanson fran\u00e7aise, litt\u00e9rature, cin\u00e9ma et bande dessin\u00e9e.","robots":{"index":"index","follow":"follow","max-snippet":"max-snippet:-1","max-image-preview":"max-image-preview:large","max-video-preview":"max-video-preview:-1"},"canonical":"https:\/\/culturesco.com\/index.php\/2022\/11\/11\/archive-xavier-martin\/","og_locale":"fr_FR","og_type":"article","og_title":"Archive \u2013 Xavier Martin - Culturesco","og_description":"CulturesCo | Un bon coup de pied dans ta Culture | Chroniques et histoire du Rock, chanson fran\u00e7aise, litt\u00e9rature, cin\u00e9ma et bande dessin\u00e9e.","og_url":"https:\/\/culturesco.com\/index.php\/2022\/11\/11\/archive-xavier-martin\/","og_site_name":"Culturesco","article_publisher":"https:\/\/www.facebook.com\/radioculturesco","article_published_time":"2022-11-11T02:26:26+00:00","og_image":[{"width":423,"height":600,"url":"https:\/\/culturesco.com\/wp-content\/uploads\/2022\/11\/Xavier-Martin.jpeg","type":"image\/jpeg"}],"author":"Patrick Benard","twitter_card":"summary_large_image","twitter_creator":"@AugusteMarshal","twitter_site":"@AugusteMarshal","twitter_misc":{"\u00c9crit par":"Patrick Benard","Dur\u00e9e de lecture estim\u00e9e":"3 minutes"},"schema":{"@context":"https:\/\/schema.org","@graph":[{"@type":"Article","@id":"https:\/\/culturesco.com\/index.php\/2022\/11\/11\/archive-xavier-martin\/#article","isPartOf":{"@id":"https:\/\/culturesco.com\/index.php\/2022\/11\/11\/archive-xavier-martin\/"},"author":{"name":"Patrick Benard","@id":"https:\/\/culturesco.com\/#\/schema\/person\/c2ddd6724863f3bbd20a8278df0891f3"},"headline":"Archive \u2013 Xavier Martin","datePublished":"2022-11-11T02:26:26+00:00","mainEntityOfPage":{"@id":"https:\/\/culturesco.com\/index.php\/2022\/11\/11\/archive-xavier-martin\/"},"wordCount":466,"commentCount":0,"publisher":{"@id":"https:\/\/culturesco.com\/#organization"},"image":{"@id":"https:\/\/culturesco.com\/index.php\/2022\/11\/11\/archive-xavier-martin\/#primaryimage"},"thumbnailUrl":"https:\/\/i0.wp.com\/culturesco.com\/wp-content\/uploads\/2022\/11\/Xavier-Martin.jpeg?fit=423%2C600&ssl=1","keywords":["groupe rock actuel","litt\u00e9rature","Livre Rock","pop rock","Prog-rock"],"articleSection":["Albums rock","Carotte Rock Cultures","Litt\u00e9rature","Livre Rock"],"inLanguage":"fr-FR","potentialAction":[{"@type":"CommentAction","name":"Comment","target":["https:\/\/culturesco.com\/index.php\/2022\/11\/11\/archive-xavier-martin\/#respond"]}]},{"@type":"WebPage","@id":"https:\/\/culturesco.com\/index.php\/2022\/11\/11\/archive-xavier-martin\/","url":"https:\/\/culturesco.com\/index.php\/2022\/11\/11\/archive-xavier-martin\/","name":"Archive \u2013 Xavier Martin - Culturesco","isPartOf":{"@id":"https:\/\/culturesco.com\/#website"},"primaryImageOfPage":{"@id":"https:\/\/culturesco.com\/index.php\/2022\/11\/11\/archive-xavier-martin\/#primaryimage"},"image":{"@id":"https:\/\/culturesco.com\/index.php\/2022\/11\/11\/archive-xavier-martin\/#primaryimage"},"thumbnailUrl":"https:\/\/i0.wp.com\/culturesco.com\/wp-content\/uploads\/2022\/11\/Xavier-Martin.jpeg?fit=423%2C600&ssl=1","datePublished":"2022-11-11T02:26:26+00:00","description":"CulturesCo | Un bon coup de pied dans ta Culture | Chroniques et histoire du Rock, chanson fran\u00e7aise, litt\u00e9rature, cin\u00e9ma et bande dessin\u00e9e.","breadcrumb":{"@id":"https:\/\/culturesco.com\/index.php\/2022\/11\/11\/archive-xavier-martin\/#breadcrumb"},"inLanguage":"fr-FR","potentialAction":[{"@type":"ReadAction","target":["https:\/\/culturesco.com\/index.php\/2022\/11\/11\/archive-xavier-martin\/"]}]},{"@type":"ImageObject","inLanguage":"fr-FR","@id":"https:\/\/culturesco.com\/index.php\/2022\/11\/11\/archive-xavier-martin\/#primaryimage","url":"https:\/\/i0.wp.com\/culturesco.com\/wp-content\/uploads\/2022\/11\/Xavier-Martin.jpeg?fit=423%2C600&ssl=1","contentUrl":"https:\/\/i0.wp.com\/culturesco.com\/wp-content\/uploads\/2022\/11\/Xavier-Martin.jpeg?fit=423%2C600&ssl=1","width":423,"height":600,"caption":"Archive - Xavier Martin"},{"@type":"BreadcrumbList","@id":"https:\/\/culturesco.com\/index.php\/2022\/11\/11\/archive-xavier-martin\/#breadcrumb","itemListElement":[{"@type":"ListItem","position":1,"name":"Accueil","item":"https:\/\/culturesco.com\/"},{"@type":"ListItem","position":2,"name":"Archive \u2013 Xavier Martin"}]},{"@type":"WebSite","@id":"https:\/\/culturesco.com\/#website","url":"https:\/\/culturesco.com\/","name":"Culturesco","description":"Culturesco | Un bon coup de pied dans ta Culture","publisher":{"@id":"https:\/\/culturesco.com\/#organization"},"potentialAction":[{"@type":"SearchAction","target":{"@type":"EntryPoint","urlTemplate":"https:\/\/culturesco.com\/?s={search_term_string}"},"query-input":{"@type":"PropertyValueSpecification","valueRequired":true,"valueName":"search_term_string"}}],"inLanguage":"fr-FR"},{"@type":"Organization","@id":"https:\/\/culturesco.com\/#organization","name":"CULTURESCO","url":"https:\/\/culturesco.com\/","logo":{"@type":"ImageObject","inLanguage":"fr-FR","@id":"https:\/\/culturesco.com\/#\/schema\/logo\/image\/","url":"https:\/\/i0.wp.com\/culturesco.com\/wp-content\/uploads\/2022\/04\/culturesco-logo-blanc250p.png?fit=250%2C250&ssl=1","contentUrl":"https:\/\/i0.wp.com\/culturesco.com\/wp-content\/uploads\/2022\/04\/culturesco-logo-blanc250p.png?fit=250%2C250&ssl=1","width":250,"height":250,"caption":"CULTURESCO"},"image":{"@id":"https:\/\/culturesco.com\/#\/schema\/logo\/image\/"},"sameAs":["https:\/\/www.facebook.com\/radioculturesco","https:\/\/x.com\/AugusteMarshal","https:\/\/www.instagram.com\/carotte_rock_culture\/","https:\/\/www.pinterest.fr\/augustemarshal\/","https:\/\/www.youtube.com\/channel\/UCiWLGffqWSXlNnfzp6YwwyQ"]},{"@type":"Person","@id":"https:\/\/culturesco.com\/#\/schema\/person\/c2ddd6724863f3bbd20a8278df0891f3","name":"Patrick Benard","image":{"@type":"ImageObject","inLanguage":"fr-FR","@id":"https:\/\/i0.wp.com\/culturesco.com\/wp-content\/uploads\/2019\/02\/patrick-benard-2.jpg?fit=90%2C96&ssl=1","url":"https:\/\/i0.wp.com\/culturesco.com\/wp-content\/uploads\/2019\/02\/patrick-benard-2.jpg?fit=90%2C96&ssl=1","contentUrl":"https:\/\/i0.wp.com\/culturesco.com\/wp-content\/uploads\/2019\/02\/patrick-benard-2.jpg?fit=90%2C96&ssl=1","caption":"Patrick Benard"},"description":"Ecrivain, chroniqueur, animateur radio, cr\u00e9ateur de la revue \u00ab Cin\u00e9manie \u00bb, autour du cin\u00e9ma dit d\u2019art et d\u2019essai, sp\u00e9cialiste du groupe The Cure, archiviste... 2020 : \"Le Post Rock\" essai sur le post rock de Mogwa\u00ef \u00e0 Godspeed You Black Emperor - Camion Blanc 2014 : \u00ab On the rocks \u2013le rock de 2007 \u00e0 2014 \u00bb chroniques livres et cd rocks, interviews \u2013Editions Vaillant 2010 : \u00ab Dans la T\u00eate de Robert Smith \u00bb, roman fiction autour de l\u2019histoire des Cure et de Robert Smith \u2013 Edilivres 2007 : \u00ab Chroniques Fr\u00e9n\u00e9tiques, une histoire intime du rock \u00bb, roman, prix Technikart. 2001 : \u00ab Les Iles du D\u00e9sert \u00bb, polar autour du rock \u2013 Editions Nykta","url":"https:\/\/culturesco.com\/index.php\/author\/patrick-benard89\/"}]}},"jetpack_featured_media_url":"https:\/\/i0.wp.com\/culturesco.com\/wp-content\/uploads\/2022\/11\/Xavier-Martin.jpeg?fit=423%2C600&ssl=1","jetpack_likes_enabled":true,"jetpack_sharing_enabled":true,"jetpack_shortlink":"https:\/\/wp.me\/paz89I-4Kw","_links":{"self":[{"href":"https:\/\/culturesco.com\/index.php\/wp-json\/wp\/v2\/posts\/18260","targetHints":{"allow":["GET"]}}],"collection":[{"href":"https:\/\/culturesco.com\/index.php\/wp-json\/wp\/v2\/posts"}],"about":[{"href":"https:\/\/culturesco.com\/index.php\/wp-json\/wp\/v2\/types\/post"}],"author":[{"embeddable":true,"href":"https:\/\/culturesco.com\/index.php\/wp-json\/wp\/v2\/users\/4"}],"replies":[{"embeddable":true,"href":"https:\/\/culturesco.com\/index.php\/wp-json\/wp\/v2\/comments?post=18260"}],"version-history":[{"count":0,"href":"https:\/\/culturesco.com\/index.php\/wp-json\/wp\/v2\/posts\/18260\/revisions"}],"wp:featuredmedia":[{"embeddable":true,"href":"https:\/\/culturesco.com\/index.php\/wp-json\/wp\/v2\/media\/18261"}],"wp:attachment":[{"href":"https:\/\/culturesco.com\/index.php\/wp-json\/wp\/v2\/media?parent=18260"}],"wp:term":[{"taxonomy":"category","embeddable":true,"href":"https:\/\/culturesco.com\/index.php\/wp-json\/wp\/v2\/categories?post=18260"},{"taxonomy":"post_tag","embeddable":true,"href":"https:\/\/culturesco.com\/index.php\/wp-json\/wp\/v2\/tags?post=18260"}],"curies":[{"name":"wp","href":"https:\/\/api.w.org\/{rel}","templated":true}]}}