{"id":18096,"date":"2022-10-24T19:14:34","date_gmt":"2022-10-24T17:14:34","guid":{"rendered":"https:\/\/culturesco.com\/?p=18096"},"modified":"2022-10-24T19:16:19","modified_gmt":"2022-10-24T17:16:19","slug":"gliz-mass-nouvel-album","status":"publish","type":"post","link":"https:\/\/culturesco.com\/index.php\/2022\/10\/24\/gliz-mass-nouvel-album\/","title":{"rendered":"GLIZ &#8211; Mass, nouvel album"},"content":{"rendered":"<h2>GLIZ &#8211; <em>Mass<\/em>, nouvel album<\/h2>\n<p><img data-recalc-dims=\"1\" loading=\"lazy\" decoding=\"async\" class=\" wp-image-18097 aligncenter\" src=\"https:\/\/i0.wp.com\/culturesco.com\/wp-content\/uploads\/2022\/10\/GLIZ-Mass.jpg?resize=594%2C307&#038;ssl=1\" alt=\"Gliz\" width=\"594\" height=\"307\" srcset=\"https:\/\/i0.wp.com\/culturesco.com\/wp-content\/uploads\/2022\/10\/GLIZ-Mass.jpg?resize=300%2C155&amp;ssl=1 300w, https:\/\/i0.wp.com\/culturesco.com\/wp-content\/uploads\/2022\/10\/GLIZ-Mass.jpg?resize=768%2C396&amp;ssl=1 768w, https:\/\/i0.wp.com\/culturesco.com\/wp-content\/uploads\/2022\/10\/GLIZ-Mass.jpg?resize=696%2C359&amp;ssl=1 696w, https:\/\/i0.wp.com\/culturesco.com\/wp-content\/uploads\/2022\/10\/GLIZ-Mass.jpg?resize=1068%2C551&amp;ssl=1 1068w, https:\/\/i0.wp.com\/culturesco.com\/wp-content\/uploads\/2022\/10\/GLIZ-Mass.jpg?resize=815%2C420&amp;ssl=1 815w, https:\/\/i0.wp.com\/culturesco.com\/wp-content\/uploads\/2022\/10\/GLIZ-Mass.jpg?w=600&amp;ssl=1 600w, https:\/\/i0.wp.com\/culturesco.com\/wp-content\/uploads\/2022\/10\/GLIZ-Mass.jpg?resize=116%2C60&amp;ssl=1 116w, https:\/\/i0.wp.com\/culturesco.com\/wp-content\/uploads\/2022\/10\/GLIZ-Mass.jpg?resize=175%2C90&amp;ssl=1 175w\" sizes=\"auto, (max-width: 594px) 100vw, 594px\" \/><\/p>\n<p style=\"text-align: justify;\">Apr\u00e8s un <strong>premier long format<\/strong>, <strong><em>Cydalima<\/em><\/strong>, capt\u00e9 par nos pavillons auditifs en <strong>2019<\/strong>, <strong>Gliz<\/strong> s\u2019appr\u00eate \u00e0 <strong>doubler la mise en novembre 2022<\/strong>. \u00c9trangement, \u00e0 l\u2019\u00e9coute des <strong>quatre premiers titres<\/strong> de cet<strong> attendu nouvel album<\/strong>, au d\u00e9tour d\u2019une m\u00e9lodie, d\u2019une liane de sons, Mass fait parfois penser \u00e0 <strong><a href=\"https:\/\/www.youtube.com\/watch?v=fOqDpNJgqgI\" target=\"_blank\" rel=\"noopener\">Genesis<\/a>, p\u00e9riode Gabriel<\/strong>, ponctuellement au Supertramp (?!) de<a href=\"https:\/\/www.youtube.com\/watch?v=w1gPg1c4S40\" target=\"_blank\" rel=\"noopener\"> <em>Crime Of The Century<\/em><\/a> (1974). Mais l\u2019album ne se limite pas \u00e0 ce <strong>parall\u00e8le quasi anecdotique<\/strong>. <strong>Gliz<\/strong> <strong>en transpose la texture<\/strong> jusque dans l\u2019<strong>univers m\u00e9taphorique<\/strong> et <strong>elfique<\/strong> de <a href=\"https:\/\/www.youtube.com\/watch?v=pllRW9wETzw\" target=\"_blank\" rel=\"noopener\"><strong>Kate Bush<\/strong> <\/a>provoquant ainsi une <strong>approche saisissante de ses titres<\/strong>. A partir de \u00ab The Hunt \u00bb, au centre de l\u2019album, l\u2019iconographie du groupe s\u2019ouvre \u00e0 l\u2019auditeur, l\u2019invite \u00e0 <strong>la sensualit\u00e9 d\u2019une vision musicale identitaire.<\/strong><\/p>\n<h3>GLIZ &#8211; Cydalima (2019)<\/h3>\n<div class=\"youtube-embed\" data-video_id=\"sf4kHo5Mp-8\"><iframe loading=\"lazy\" title=\"Gliz - Cydalima\" width=\"696\" height=\"392\" src=\"https:\/\/www.youtube.com\/embed\/sf4kHo5Mp-8\" frameborder=\"0\" allow=\"accelerometer; autoplay; clipboard-write; encrypted-media; gyroscope; picture-in-picture; web-share\" referrerpolicy=\"strict-origin-when-cross-origin\" allowfullscreen><\/iframe><\/div>\n<p style=\"text-align: justify;\">Dans <strong><em>Mass<\/em><\/strong>, le <strong>tressage vocal<\/strong> est assez <strong>ph\u00e9nom\u00e9nal<\/strong>. Le chanteur interpr\u00e8te <strong>\u00e0 gorge ouverte<\/strong> ses <strong>textes en anglais<\/strong>, <strong>eau claire et pure<\/strong> voguant de m\u00e9diums en aigus, <strong>onde tant chatoyante que d\u00e9licate<\/strong> \u00e9pousant des <strong>cr\u00eates de puissante aux moments opportuns<\/strong>. Seule comparaison possible, Asaf Avidan, pas pour la tonalit\u00e9 ou le timbre de la voix, mais pour cette <strong>particularit\u00e9 inimitable<\/strong> qu\u2019on lui d\u00e9couvre. Qui chante comme Florent Tissot ? Personne, de quoi s\u2019assurer <strong>une belle originalit\u00e9<\/strong>.<\/p>\n<p style=\"text-align: justify;\">C\u00f4t\u00e9 partitions, le <strong>trio jurassien<\/strong> mixe un<strong> banjo<\/strong> (Florent) \u00e0 un <strong>tuba<\/strong> (Thomas) et une <strong>batterie<\/strong> (Julien). \u00ab <em>Pardon ?!<\/em> \u00bb <strong>Brelan d\u2019instruments inusit\u00e9s<\/strong>, il s\u2019habille d\u2019<strong>effets<\/strong> et d\u2019<strong>\u00e9chardes \u00e9lectriques<\/strong>, modulant ainsi une <strong>base acoustique<\/strong> au courant l\u00e9ger vers des <strong>torrents \u00ab d\u2019hendrixiennit\u00e9 \u00bb<\/strong>.<\/p>\n<h3>GLIZ &#8211; The Cave (2019)<\/h3>\n<div class=\"youtube-embed\" data-video_id=\"6eJeYOdo-z0\"><iframe loading=\"lazy\" title=\"Gliz - The Cave\" width=\"696\" height=\"392\" src=\"https:\/\/www.youtube.com\/embed\/6eJeYOdo-z0\" frameborder=\"0\" allow=\"accelerometer; autoplay; clipboard-write; encrypted-media; gyroscope; picture-in-picture; web-share\" referrerpolicy=\"strict-origin-when-cross-origin\" allowfullscreen><\/iframe><\/div>\n<p style=\"text-align: justify;\">Dans un tout autre genre, on pense \u00e0 <a href=\"https:\/\/www.youtube.com\/watch?v=7RH_GskgHSs\" target=\"_blank\" rel=\"noopener\">Inspector Cluzo<\/a>, un autre combo \u00e0 la forte identit\u00e9, \u00ab forte \u00bb parce qu\u2019\u00e9prise d\u2019<strong>unicit\u00e9<\/strong>. Les deux formations adoptent une <strong>d\u00e9marche \u00e0 la ruralit\u00e9 urbaine<\/strong>. Chez <strong>Gliz<\/strong>, d\u00e9livr\u00e9 des contraintes inh\u00e9rentes aux m\u00e9galopoles,<strong> une fragrance spirituelle<\/strong> s\u2019insinue. Dans un film de SF, le groupe figurerait <strong>l\u2019Esprit de Sagesse<\/strong>, entit\u00e9 suspendue dans un<strong> \u00e9ther mixant de concert pass\u00e9, pr\u00e9sent et futur<\/strong>. Depuis cette ligne d\u2019horizon d\u00e9pourvue d\u2019interactions humaines, <strong><em>Mass<\/em><\/strong> d\u00e9lie ses <strong>m\u00e9lodieuses arabesques<\/strong>. Des <strong>parfums d\u2019\u00e9pic\u00e9as<\/strong>, de mousses, de foug\u00e8res et de neige fondue sourdent d\u2019entre les notes. <strong>Des cristallisations<\/strong> miroitent sur le dentel\u00e9 des feuilles de quercus costaricensis, ces ch\u00eanes d\u2019altitude.<\/p>\n<h3>GLIZ &#8211; Totem (2022)<\/h3>\n<div class=\"youtube-embed\" data-video_id=\"lVwsCjAGTU4\"><iframe loading=\"lazy\" title=\"GLIZ - Totem\" width=\"696\" height=\"392\" src=\"https:\/\/www.youtube.com\/embed\/lVwsCjAGTU4\" frameborder=\"0\" allow=\"accelerometer; autoplay; clipboard-write; encrypted-media; gyroscope; picture-in-picture; web-share\" referrerpolicy=\"strict-origin-when-cross-origin\" allowfullscreen><\/iframe><\/div>\n<p style=\"text-align: justify;\">\u00ab <strong>Totem<\/strong> \u00bb,<strong> premier single extrait du long format<\/strong>, parle une langue quelque peu diff\u00e9rente de celle de ses cons\u0153urs. <strong>La verve du trio percute le post punk<\/strong>, \u00e9voque <a href=\"https:\/\/www.youtube.com\/watch?v=OAQ2jq6vwsE\" target=\"_blank\" rel=\"noopener\">Alan Vega<\/a> sur un<strong> beat pulsatile et envo\u00fbtant<\/strong>.<\/p>\n<p style=\"text-align: justify;\">Au final, <strong><em>Mass<\/em><\/strong> assume<strong> dix chansons aux mouvances particuli\u00e8res<\/strong>, toujours <strong>po\u00e9tiques<\/strong>, par place <strong>d\u00e9sarmantes<\/strong>. <strong>Gliz, un groupe rare <\/strong>\u00e0 s\u2019approprier.<\/p>\n<p>Thierry Dauge<\/p>\n<p><strong>GLIZ<\/strong> &#8211; <strong><em>Mass<\/em><\/strong> &#8211; Label <strong>Youz Prod<\/strong> &#8211; <strong>Sortie le 18 novembre 2022<\/strong><\/p>\n","protected":false},"excerpt":{"rendered":"<p>GLIZ &#8211; Mass, nouvel album Apr\u00e8s un premier long format, Cydalima, capt\u00e9 par nos pavillons auditifs en 2019, Gliz s\u2019appr\u00eate \u00e0 doubler la mise en novembre 2022. \u00c9trangement, \u00e0 l\u2019\u00e9coute des quatre premiers titres de cet attendu nouvel album, au d\u00e9tour d\u2019une m\u00e9lodie, d\u2019une liane de sons, Mass fait parfois penser \u00e0 Genesis, p\u00e9riode Gabriel, [&hellip;]<\/p>\n","protected":false},"author":3,"featured_media":18097,"comment_status":"open","ping_status":"open","sticky":false,"template":"","format":"image","meta":{"jetpack_post_was_ever_published":false,"tdm_status":"","tdm_grid_status":"","_jetpack_newsletter_access":"","_jetpack_dont_email_post_to_subs":false,"_jetpack_newsletter_tier_id":0,"_jetpack_memberships_contains_paywalled_content":false,"_jetpack_memberships_contains_paid_content":false,"footnotes":""},"categories":[30,17,36],"tags":[37,52,51],"class_list":{"0":"post-18096","1":"post","2":"type-post","3":"status-publish","4":"format-image","5":"has-post-thumbnail","7":"category-albums-rock","8":"category-carotte-rock-cultures","9":"category-groupes-rock-daujourdhui","10":"tag-album-rock","11":"tag-groupe-rock-actuel","12":"tag-rock-francais","13":"post_format-post-format-image"},"yoast_head":"<!-- This site is optimized with the Yoast SEO plugin v27.4 - https:\/\/yoast.com\/product\/yoast-seo-wordpress\/ -->\n<title>GLIZ - Mass, nouvel album - Culturesco rock fran\u00e7ais anglophone<\/title>\n<meta name=\"description\" content=\"CulturesCo | Gliz, groupe jurassien, propose un nouvel album, &quot;Mass&quot;, \u00e0 sortir en novembre 2022. Lp rock et d\u00e9licat : original.\" \/>\n<meta name=\"robots\" content=\"index, follow, max-snippet:-1, max-image-preview:large, max-video-preview:-1\" \/>\n<link rel=\"canonical\" href=\"https:\/\/culturesco.com\/index.php\/2022\/10\/24\/gliz-mass-nouvel-album\/\" \/>\n<meta property=\"og:locale\" content=\"fr_FR\" \/>\n<meta property=\"og:type\" content=\"article\" \/>\n<meta property=\"og:title\" content=\"GLIZ - Mass, nouvel album - Culturesco rock fran\u00e7ais anglophone\" \/>\n<meta property=\"og:description\" content=\"CulturesCo | Gliz, groupe jurassien, propose un nouvel album, &quot;Mass&quot;, \u00e0 sortir en novembre 2022. Lp rock et d\u00e9licat : original.\" \/>\n<meta property=\"og:url\" content=\"https:\/\/culturesco.com\/index.php\/2022\/10\/24\/gliz-mass-nouvel-album\/\" \/>\n<meta property=\"og:site_name\" content=\"Culturesco\" \/>\n<meta property=\"article:publisher\" content=\"https:\/\/www.facebook.com\/radioculturesco\" \/>\n<meta property=\"article:published_time\" content=\"2022-10-24T17:14:34+00:00\" \/>\n<meta property=\"article:modified_time\" content=\"2022-10-24T17:16:19+00:00\" \/>\n<meta property=\"og:image\" content=\"https:\/\/culturesco.com\/wp-content\/uploads\/2022\/10\/GLIZ-Mass.jpg\" \/>\n\t<meta property=\"og:image:width\" content=\"600\" \/>\n\t<meta property=\"og:image:height\" content=\"309\" \/>\n\t<meta property=\"og:image:type\" content=\"image\/jpeg\" \/>\n<meta name=\"author\" content=\"Thierry Dauge\" \/>\n<meta name=\"twitter:card\" content=\"summary_large_image\" \/>\n<meta name=\"twitter:creator\" content=\"@AugusteMarshal\" \/>\n<meta name=\"twitter:site\" content=\"@AugusteMarshal\" \/>\n<meta name=\"twitter:label1\" content=\"\u00c9crit par\" \/>\n\t<meta name=\"twitter:data1\" content=\"Thierry Dauge\" \/>\n\t<meta name=\"twitter:label2\" content=\"Dur\u00e9e de lecture estim\u00e9e\" \/>\n\t<meta name=\"twitter:data2\" content=\"3 minutes\" \/>\n<script type=\"application\/ld+json\" class=\"yoast-schema-graph\">{\"@context\":\"https:\\\/\\\/schema.org\",\"@graph\":[{\"@type\":\"Article\",\"@id\":\"https:\\\/\\\/culturesco.com\\\/index.php\\\/2022\\\/10\\\/24\\\/gliz-mass-nouvel-album\\\/#article\",\"isPartOf\":{\"@id\":\"https:\\\/\\\/culturesco.com\\\/index.php\\\/2022\\\/10\\\/24\\\/gliz-mass-nouvel-album\\\/\"},\"author\":{\"name\":\"Thierry Dauge\",\"@id\":\"https:\\\/\\\/culturesco.com\\\/#\\\/schema\\\/person\\\/19f04cf232d246197f6e7d62abe6cb0e\"},\"headline\":\"GLIZ &#8211; Mass, nouvel album\",\"datePublished\":\"2022-10-24T17:14:34+00:00\",\"dateModified\":\"2022-10-24T17:16:19+00:00\",\"mainEntityOfPage\":{\"@id\":\"https:\\\/\\\/culturesco.com\\\/index.php\\\/2022\\\/10\\\/24\\\/gliz-mass-nouvel-album\\\/\"},\"wordCount\":495,\"commentCount\":0,\"publisher\":{\"@id\":\"https:\\\/\\\/culturesco.com\\\/#organization\"},\"image\":{\"@id\":\"https:\\\/\\\/culturesco.com\\\/index.php\\\/2022\\\/10\\\/24\\\/gliz-mass-nouvel-album\\\/#primaryimage\"},\"thumbnailUrl\":\"https:\\\/\\\/i0.wp.com\\\/culturesco.com\\\/wp-content\\\/uploads\\\/2022\\\/10\\\/GLIZ-Mass.jpg?fit=600%2C309&ssl=1\",\"keywords\":[\"album rock\",\"groupe rock actuel\",\"Rock fran\u00e7ais\"],\"articleSection\":[\"Albums rock\",\"Carotte Rock Cultures\",\"Groupes rock d'aujourd'hui\"],\"inLanguage\":\"fr-FR\",\"potentialAction\":[{\"@type\":\"CommentAction\",\"name\":\"Comment\",\"target\":[\"https:\\\/\\\/culturesco.com\\\/index.php\\\/2022\\\/10\\\/24\\\/gliz-mass-nouvel-album\\\/#respond\"]}]},{\"@type\":\"WebPage\",\"@id\":\"https:\\\/\\\/culturesco.com\\\/index.php\\\/2022\\\/10\\\/24\\\/gliz-mass-nouvel-album\\\/\",\"url\":\"https:\\\/\\\/culturesco.com\\\/index.php\\\/2022\\\/10\\\/24\\\/gliz-mass-nouvel-album\\\/\",\"name\":\"GLIZ - Mass, nouvel album - Culturesco rock fran\u00e7ais anglophone\",\"isPartOf\":{\"@id\":\"https:\\\/\\\/culturesco.com\\\/#website\"},\"primaryImageOfPage\":{\"@id\":\"https:\\\/\\\/culturesco.com\\\/index.php\\\/2022\\\/10\\\/24\\\/gliz-mass-nouvel-album\\\/#primaryimage\"},\"image\":{\"@id\":\"https:\\\/\\\/culturesco.com\\\/index.php\\\/2022\\\/10\\\/24\\\/gliz-mass-nouvel-album\\\/#primaryimage\"},\"thumbnailUrl\":\"https:\\\/\\\/i0.wp.com\\\/culturesco.com\\\/wp-content\\\/uploads\\\/2022\\\/10\\\/GLIZ-Mass.jpg?fit=600%2C309&ssl=1\",\"datePublished\":\"2022-10-24T17:14:34+00:00\",\"dateModified\":\"2022-10-24T17:16:19+00:00\",\"description\":\"CulturesCo | Gliz, groupe jurassien, propose un nouvel album, \\\"Mass\\\", \u00e0 sortir en novembre 2022. Lp rock et d\u00e9licat : original.\",\"breadcrumb\":{\"@id\":\"https:\\\/\\\/culturesco.com\\\/index.php\\\/2022\\\/10\\\/24\\\/gliz-mass-nouvel-album\\\/#breadcrumb\"},\"inLanguage\":\"fr-FR\",\"potentialAction\":[{\"@type\":\"ReadAction\",\"target\":[\"https:\\\/\\\/culturesco.com\\\/index.php\\\/2022\\\/10\\\/24\\\/gliz-mass-nouvel-album\\\/\"]}]},{\"@type\":\"ImageObject\",\"inLanguage\":\"fr-FR\",\"@id\":\"https:\\\/\\\/culturesco.com\\\/index.php\\\/2022\\\/10\\\/24\\\/gliz-mass-nouvel-album\\\/#primaryimage\",\"url\":\"https:\\\/\\\/i0.wp.com\\\/culturesco.com\\\/wp-content\\\/uploads\\\/2022\\\/10\\\/GLIZ-Mass.jpg?fit=600%2C309&ssl=1\",\"contentUrl\":\"https:\\\/\\\/i0.wp.com\\\/culturesco.com\\\/wp-content\\\/uploads\\\/2022\\\/10\\\/GLIZ-Mass.jpg?fit=600%2C309&ssl=1\",\"width\":600,\"height\":309,\"caption\":\"Gliz\"},{\"@type\":\"BreadcrumbList\",\"@id\":\"https:\\\/\\\/culturesco.com\\\/index.php\\\/2022\\\/10\\\/24\\\/gliz-mass-nouvel-album\\\/#breadcrumb\",\"itemListElement\":[{\"@type\":\"ListItem\",\"position\":1,\"name\":\"Accueil\",\"item\":\"https:\\\/\\\/culturesco.com\\\/\"},{\"@type\":\"ListItem\",\"position\":2,\"name\":\"GLIZ &#8211; Mass, nouvel album\"}]},{\"@type\":\"WebSite\",\"@id\":\"https:\\\/\\\/culturesco.com\\\/#website\",\"url\":\"https:\\\/\\\/culturesco.com\\\/\",\"name\":\"Culturesco\",\"description\":\"Culturesco | Un bon coup de pied dans ta Culture\",\"publisher\":{\"@id\":\"https:\\\/\\\/culturesco.com\\\/#organization\"},\"potentialAction\":[{\"@type\":\"SearchAction\",\"target\":{\"@type\":\"EntryPoint\",\"urlTemplate\":\"https:\\\/\\\/culturesco.com\\\/?s={search_term_string}\"},\"query-input\":{\"@type\":\"PropertyValueSpecification\",\"valueRequired\":true,\"valueName\":\"search_term_string\"}}],\"inLanguage\":\"fr-FR\"},{\"@type\":\"Organization\",\"@id\":\"https:\\\/\\\/culturesco.com\\\/#organization\",\"name\":\"CULTURESCO\",\"url\":\"https:\\\/\\\/culturesco.com\\\/\",\"logo\":{\"@type\":\"ImageObject\",\"inLanguage\":\"fr-FR\",\"@id\":\"https:\\\/\\\/culturesco.com\\\/#\\\/schema\\\/logo\\\/image\\\/\",\"url\":\"https:\\\/\\\/i0.wp.com\\\/culturesco.com\\\/wp-content\\\/uploads\\\/2022\\\/04\\\/culturesco-logo-blanc250p.png?fit=250%2C250&ssl=1\",\"contentUrl\":\"https:\\\/\\\/i0.wp.com\\\/culturesco.com\\\/wp-content\\\/uploads\\\/2022\\\/04\\\/culturesco-logo-blanc250p.png?fit=250%2C250&ssl=1\",\"width\":250,\"height\":250,\"caption\":\"CULTURESCO\"},\"image\":{\"@id\":\"https:\\\/\\\/culturesco.com\\\/#\\\/schema\\\/logo\\\/image\\\/\"},\"sameAs\":[\"https:\\\/\\\/www.facebook.com\\\/radioculturesco\",\"https:\\\/\\\/x.com\\\/AugusteMarshal\",\"https:\\\/\\\/www.instagram.com\\\/carotte_rock_culture\\\/\",\"https:\\\/\\\/www.pinterest.fr\\\/augustemarshal\\\/\",\"https:\\\/\\\/www.youtube.com\\\/channel\\\/UCiWLGffqWSXlNnfzp6YwwyQ\"]},{\"@type\":\"Person\",\"@id\":\"https:\\\/\\\/culturesco.com\\\/#\\\/schema\\\/person\\\/19f04cf232d246197f6e7d62abe6cb0e\",\"name\":\"Thierry Dauge\",\"image\":{\"@type\":\"ImageObject\",\"inLanguage\":\"fr-FR\",\"@id\":\"https:\\\/\\\/i0.wp.com\\\/culturesco.com\\\/wp-content\\\/uploads\\\/2018\\\/12\\\/Black-Beauty-and-me.jpg?fit=96%2C96&ssl=1\",\"url\":\"https:\\\/\\\/i0.wp.com\\\/culturesco.com\\\/wp-content\\\/uploads\\\/2018\\\/12\\\/Black-Beauty-and-me.jpg?fit=96%2C96&ssl=1\",\"contentUrl\":\"https:\\\/\\\/i0.wp.com\\\/culturesco.com\\\/wp-content\\\/uploads\\\/2018\\\/12\\\/Black-Beauty-and-me.jpg?fit=96%2C96&ssl=1\",\"caption\":\"Thierry Dauge\"},\"description\":\"Amoureux des 70\u2019s et du hard rock en particulier, Thierry Dauge est chroniqueur sur Culturesco par amour de l\u2019\u00e9criture musicale. Co-auteur du livre\\\"Pop rock - Les instruments de l'ombre\\\" aux \u00e9ditions du Camion Blanc, collaborateur de Vivi pour \\\"Mes Ann\u00e9es Trust\\\", auteur de \\\"Sparks\\\" aux \u00e9ditions du Layeur, parce que le rock est loin d'\u00eatre mort ...\",\"url\":\"https:\\\/\\\/culturesco.com\\\/index.php\\\/author\\\/thierry-dauge888\\\/\"}]}<\/script>\n<!-- \/ Yoast SEO plugin. -->","yoast_head_json":{"title":"GLIZ - Mass, nouvel album - Culturesco rock fran\u00e7ais anglophone","description":"CulturesCo | Gliz, groupe jurassien, propose un nouvel album, \"Mass\", \u00e0 sortir en novembre 2022. Lp rock et d\u00e9licat : original.","robots":{"index":"index","follow":"follow","max-snippet":"max-snippet:-1","max-image-preview":"max-image-preview:large","max-video-preview":"max-video-preview:-1"},"canonical":"https:\/\/culturesco.com\/index.php\/2022\/10\/24\/gliz-mass-nouvel-album\/","og_locale":"fr_FR","og_type":"article","og_title":"GLIZ - Mass, nouvel album - Culturesco rock fran\u00e7ais anglophone","og_description":"CulturesCo | Gliz, groupe jurassien, propose un nouvel album, \"Mass\", \u00e0 sortir en novembre 2022. Lp rock et d\u00e9licat : original.","og_url":"https:\/\/culturesco.com\/index.php\/2022\/10\/24\/gliz-mass-nouvel-album\/","og_site_name":"Culturesco","article_publisher":"https:\/\/www.facebook.com\/radioculturesco","article_published_time":"2022-10-24T17:14:34+00:00","article_modified_time":"2022-10-24T17:16:19+00:00","og_image":[{"width":600,"height":309,"url":"https:\/\/culturesco.com\/wp-content\/uploads\/2022\/10\/GLIZ-Mass.jpg","type":"image\/jpeg"}],"author":"Thierry Dauge","twitter_card":"summary_large_image","twitter_creator":"@AugusteMarshal","twitter_site":"@AugusteMarshal","twitter_misc":{"\u00c9crit par":"Thierry Dauge","Dur\u00e9e de lecture estim\u00e9e":"3 minutes"},"schema":{"@context":"https:\/\/schema.org","@graph":[{"@type":"Article","@id":"https:\/\/culturesco.com\/index.php\/2022\/10\/24\/gliz-mass-nouvel-album\/#article","isPartOf":{"@id":"https:\/\/culturesco.com\/index.php\/2022\/10\/24\/gliz-mass-nouvel-album\/"},"author":{"name":"Thierry Dauge","@id":"https:\/\/culturesco.com\/#\/schema\/person\/19f04cf232d246197f6e7d62abe6cb0e"},"headline":"GLIZ &#8211; Mass, nouvel album","datePublished":"2022-10-24T17:14:34+00:00","dateModified":"2022-10-24T17:16:19+00:00","mainEntityOfPage":{"@id":"https:\/\/culturesco.com\/index.php\/2022\/10\/24\/gliz-mass-nouvel-album\/"},"wordCount":495,"commentCount":0,"publisher":{"@id":"https:\/\/culturesco.com\/#organization"},"image":{"@id":"https:\/\/culturesco.com\/index.php\/2022\/10\/24\/gliz-mass-nouvel-album\/#primaryimage"},"thumbnailUrl":"https:\/\/i0.wp.com\/culturesco.com\/wp-content\/uploads\/2022\/10\/GLIZ-Mass.jpg?fit=600%2C309&ssl=1","keywords":["album rock","groupe rock actuel","Rock fran\u00e7ais"],"articleSection":["Albums rock","Carotte Rock Cultures","Groupes rock d'aujourd'hui"],"inLanguage":"fr-FR","potentialAction":[{"@type":"CommentAction","name":"Comment","target":["https:\/\/culturesco.com\/index.php\/2022\/10\/24\/gliz-mass-nouvel-album\/#respond"]}]},{"@type":"WebPage","@id":"https:\/\/culturesco.com\/index.php\/2022\/10\/24\/gliz-mass-nouvel-album\/","url":"https:\/\/culturesco.com\/index.php\/2022\/10\/24\/gliz-mass-nouvel-album\/","name":"GLIZ - Mass, nouvel album - Culturesco rock fran\u00e7ais anglophone","isPartOf":{"@id":"https:\/\/culturesco.com\/#website"},"primaryImageOfPage":{"@id":"https:\/\/culturesco.com\/index.php\/2022\/10\/24\/gliz-mass-nouvel-album\/#primaryimage"},"image":{"@id":"https:\/\/culturesco.com\/index.php\/2022\/10\/24\/gliz-mass-nouvel-album\/#primaryimage"},"thumbnailUrl":"https:\/\/i0.wp.com\/culturesco.com\/wp-content\/uploads\/2022\/10\/GLIZ-Mass.jpg?fit=600%2C309&ssl=1","datePublished":"2022-10-24T17:14:34+00:00","dateModified":"2022-10-24T17:16:19+00:00","description":"CulturesCo | Gliz, groupe jurassien, propose un nouvel album, \"Mass\", \u00e0 sortir en novembre 2022. Lp rock et d\u00e9licat : original.","breadcrumb":{"@id":"https:\/\/culturesco.com\/index.php\/2022\/10\/24\/gliz-mass-nouvel-album\/#breadcrumb"},"inLanguage":"fr-FR","potentialAction":[{"@type":"ReadAction","target":["https:\/\/culturesco.com\/index.php\/2022\/10\/24\/gliz-mass-nouvel-album\/"]}]},{"@type":"ImageObject","inLanguage":"fr-FR","@id":"https:\/\/culturesco.com\/index.php\/2022\/10\/24\/gliz-mass-nouvel-album\/#primaryimage","url":"https:\/\/i0.wp.com\/culturesco.com\/wp-content\/uploads\/2022\/10\/GLIZ-Mass.jpg?fit=600%2C309&ssl=1","contentUrl":"https:\/\/i0.wp.com\/culturesco.com\/wp-content\/uploads\/2022\/10\/GLIZ-Mass.jpg?fit=600%2C309&ssl=1","width":600,"height":309,"caption":"Gliz"},{"@type":"BreadcrumbList","@id":"https:\/\/culturesco.com\/index.php\/2022\/10\/24\/gliz-mass-nouvel-album\/#breadcrumb","itemListElement":[{"@type":"ListItem","position":1,"name":"Accueil","item":"https:\/\/culturesco.com\/"},{"@type":"ListItem","position":2,"name":"GLIZ &#8211; Mass, nouvel album"}]},{"@type":"WebSite","@id":"https:\/\/culturesco.com\/#website","url":"https:\/\/culturesco.com\/","name":"Culturesco","description":"Culturesco | Un bon coup de pied dans ta Culture","publisher":{"@id":"https:\/\/culturesco.com\/#organization"},"potentialAction":[{"@type":"SearchAction","target":{"@type":"EntryPoint","urlTemplate":"https:\/\/culturesco.com\/?s={search_term_string}"},"query-input":{"@type":"PropertyValueSpecification","valueRequired":true,"valueName":"search_term_string"}}],"inLanguage":"fr-FR"},{"@type":"Organization","@id":"https:\/\/culturesco.com\/#organization","name":"CULTURESCO","url":"https:\/\/culturesco.com\/","logo":{"@type":"ImageObject","inLanguage":"fr-FR","@id":"https:\/\/culturesco.com\/#\/schema\/logo\/image\/","url":"https:\/\/i0.wp.com\/culturesco.com\/wp-content\/uploads\/2022\/04\/culturesco-logo-blanc250p.png?fit=250%2C250&ssl=1","contentUrl":"https:\/\/i0.wp.com\/culturesco.com\/wp-content\/uploads\/2022\/04\/culturesco-logo-blanc250p.png?fit=250%2C250&ssl=1","width":250,"height":250,"caption":"CULTURESCO"},"image":{"@id":"https:\/\/culturesco.com\/#\/schema\/logo\/image\/"},"sameAs":["https:\/\/www.facebook.com\/radioculturesco","https:\/\/x.com\/AugusteMarshal","https:\/\/www.instagram.com\/carotte_rock_culture\/","https:\/\/www.pinterest.fr\/augustemarshal\/","https:\/\/www.youtube.com\/channel\/UCiWLGffqWSXlNnfzp6YwwyQ"]},{"@type":"Person","@id":"https:\/\/culturesco.com\/#\/schema\/person\/19f04cf232d246197f6e7d62abe6cb0e","name":"Thierry Dauge","image":{"@type":"ImageObject","inLanguage":"fr-FR","@id":"https:\/\/i0.wp.com\/culturesco.com\/wp-content\/uploads\/2018\/12\/Black-Beauty-and-me.jpg?fit=96%2C96&ssl=1","url":"https:\/\/i0.wp.com\/culturesco.com\/wp-content\/uploads\/2018\/12\/Black-Beauty-and-me.jpg?fit=96%2C96&ssl=1","contentUrl":"https:\/\/i0.wp.com\/culturesco.com\/wp-content\/uploads\/2018\/12\/Black-Beauty-and-me.jpg?fit=96%2C96&ssl=1","caption":"Thierry Dauge"},"description":"Amoureux des 70\u2019s et du hard rock en particulier, Thierry Dauge est chroniqueur sur Culturesco par amour de l\u2019\u00e9criture musicale. Co-auteur du livre\"Pop rock - Les instruments de l'ombre\" aux \u00e9ditions du Camion Blanc, collaborateur de Vivi pour \"Mes Ann\u00e9es Trust\", auteur de \"Sparks\" aux \u00e9ditions du Layeur, parce que le rock est loin d'\u00eatre mort ...","url":"https:\/\/culturesco.com\/index.php\/author\/thierry-dauge888\/"}]}},"jetpack_featured_media_url":"https:\/\/i0.wp.com\/culturesco.com\/wp-content\/uploads\/2022\/10\/GLIZ-Mass.jpg?fit=600%2C309&ssl=1","jetpack_likes_enabled":true,"jetpack_sharing_enabled":true,"jetpack_shortlink":"https:\/\/wp.me\/paz89I-4HS","_links":{"self":[{"href":"https:\/\/culturesco.com\/index.php\/wp-json\/wp\/v2\/posts\/18096","targetHints":{"allow":["GET"]}}],"collection":[{"href":"https:\/\/culturesco.com\/index.php\/wp-json\/wp\/v2\/posts"}],"about":[{"href":"https:\/\/culturesco.com\/index.php\/wp-json\/wp\/v2\/types\/post"}],"author":[{"embeddable":true,"href":"https:\/\/culturesco.com\/index.php\/wp-json\/wp\/v2\/users\/3"}],"replies":[{"embeddable":true,"href":"https:\/\/culturesco.com\/index.php\/wp-json\/wp\/v2\/comments?post=18096"}],"version-history":[{"count":0,"href":"https:\/\/culturesco.com\/index.php\/wp-json\/wp\/v2\/posts\/18096\/revisions"}],"wp:featuredmedia":[{"embeddable":true,"href":"https:\/\/culturesco.com\/index.php\/wp-json\/wp\/v2\/media\/18097"}],"wp:attachment":[{"href":"https:\/\/culturesco.com\/index.php\/wp-json\/wp\/v2\/media?parent=18096"}],"wp:term":[{"taxonomy":"category","embeddable":true,"href":"https:\/\/culturesco.com\/index.php\/wp-json\/wp\/v2\/categories?post=18096"},{"taxonomy":"post_tag","embeddable":true,"href":"https:\/\/culturesco.com\/index.php\/wp-json\/wp\/v2\/tags?post=18096"}],"curies":[{"name":"wp","href":"https:\/\/api.w.org\/{rel}","templated":true}]}}