{"id":18055,"date":"2022-10-20T03:44:12","date_gmt":"2022-10-20T01:44:12","guid":{"rendered":"https:\/\/culturesco.com\/?p=18055"},"modified":"2022-11-29T22:22:00","modified_gmt":"2022-11-29T21:22:00","slug":"dominique-ane-le-present-impossible","status":"publish","type":"post","link":"https:\/\/culturesco.com\/index.php\/2022\/10\/20\/dominique-ane-le-present-impossible\/","title":{"rendered":"Dominique An\u00e9 \u2013 Le Pr\u00e9sent Impossible"},"content":{"rendered":"<h2 style=\"text-align: justify;\">Une Po\u00e9sie Contemporaine<\/h2>\n<p><img data-recalc-dims=\"1\" loading=\"lazy\" decoding=\"async\" class=\"size-medium wp-image-18057 aligncenter\" src=\"https:\/\/i0.wp.com\/culturesco.com\/wp-content\/uploads\/2022\/10\/Dominique-Ane-1.jpeg?resize=218%2C300&#038;ssl=1\" alt=\"\" width=\"218\" height=\"300\" srcset=\"https:\/\/i0.wp.com\/culturesco.com\/wp-content\/uploads\/2022\/10\/Dominique-Ane-1.jpeg?resize=218%2C300&amp;ssl=1 218w, https:\/\/i0.wp.com\/culturesco.com\/wp-content\/uploads\/2022\/10\/Dominique-Ane-1.jpeg?resize=455%2C627&amp;ssl=1 455w, https:\/\/i0.wp.com\/culturesco.com\/wp-content\/uploads\/2022\/10\/Dominique-Ane-1.jpeg?resize=768%2C1059&amp;ssl=1 768w, https:\/\/i0.wp.com\/culturesco.com\/wp-content\/uploads\/2022\/10\/Dominique-Ane-1.jpeg?resize=1114%2C1536&amp;ssl=1 1114w, https:\/\/i0.wp.com\/culturesco.com\/wp-content\/uploads\/2022\/10\/Dominique-Ane-1.jpeg?resize=1486%2C2048&amp;ssl=1 1486w, https:\/\/i0.wp.com\/culturesco.com\/wp-content\/uploads\/2022\/10\/Dominique-Ane-1.jpeg?resize=696%2C959&amp;ssl=1 696w, https:\/\/i0.wp.com\/culturesco.com\/wp-content\/uploads\/2022\/10\/Dominique-Ane-1.jpeg?resize=1068%2C1472&amp;ssl=1 1068w, https:\/\/i0.wp.com\/culturesco.com\/wp-content\/uploads\/2022\/10\/Dominique-Ane-1.jpeg?resize=305%2C420&amp;ssl=1 305w, https:\/\/i0.wp.com\/culturesco.com\/wp-content\/uploads\/2022\/10\/Dominique-Ane-1.jpeg?resize=600%2C827&amp;ssl=1 600w, https:\/\/i0.wp.com\/culturesco.com\/wp-content\/uploads\/2022\/10\/Dominique-Ane-1.jpeg?resize=44%2C60&amp;ssl=1 44w, https:\/\/i0.wp.com\/culturesco.com\/wp-content\/uploads\/2022\/10\/Dominique-Ane-1.jpeg?resize=65%2C90&amp;ssl=1 65w, https:\/\/i0.wp.com\/culturesco.com\/wp-content\/uploads\/2022\/10\/Dominique-Ane-1.jpeg?w=435&amp;ssl=1 435w\" sizes=\"auto, (max-width: 218px) 100vw, 218px\" \/><\/p>\n<h3 style=\"text-align: justify;\">De Belles Descriptions Int\u00e9rieures<\/h3>\n<p style=\"text-align: justify;\">Qu&rsquo;on le dise une fois pour toute,<strong> Dominique An\u00e9<\/strong> \u00e9crit sous son vrai nom, \u00e0 peine sous son pseudo d&rsquo;auteur, chanteur, compositeur. Voici <strong>Dominique A<\/strong> sous sa version po\u00e8te apr\u00e8s avoir vers\u00e9 dans le r\u00e9cit. Et comme d&rsquo;habitude la d\u00e9ception n&rsquo;a pas lieu d&rsquo;\u00eatre.<\/p>\n<p style=\"text-align: justify;\">Le po\u00e8te s&rsquo;attache \u00e0 la prose avec<strong> <i>Le Pr\u00e9sent Impossible<\/i> <\/strong>et c&rsquo;est une belle chose. <strong>Chaque po\u00e8me est une invitation au voyage, ext\u00e9rieur proche ou int\u00e9rieur intime.<\/strong><\/p>\n<p style=\"text-align: center;\"><strong>A Parts Egales<\/strong><\/p>\n<p style=\"text-align: center;\"><em>Dou\u00e9 pour quoi faire ?<\/em><\/p>\n<p style=\"text-align: center;\"><em>Presque rien<\/em><\/p>\n<p style=\"text-align: center;\"><em>Bonheur et malheur<\/em><\/p>\n<p style=\"text-align: center;\"><em>\u00e0 part \u00e9gales<\/em><\/p>\n<p style=\"text-align: center;\"><em>En toile de fond\u00a0<\/em><\/p>\n<p style=\"text-align: center;\"><em>l&rsquo;ostinato<\/em><\/p>\n<p style=\"text-align: center;\"><em>d&rsquo;un d\u00e9soeuvrement tr\u00e8s ancien<\/em><\/p>\n<p style=\"text-align: center;\"><em>Au point de se jeter<\/em><\/p>\n<p style=\"text-align: center;\"><em>dans les premiers bras venus ?<\/em><\/p>\n<p style=\"text-align: center;\"><em>Non<\/em><\/p>\n<p style=\"text-align: center;\"><em>Surtout Pas<\/em><\/p>\n<p style=\"text-align: center;\"><em>juste une pens\u00e9e qui affleure\u00a0<\/em><\/p>\n<p style=\"text-align: center;\"><em>Autre chose<\/em><\/p>\n<p style=\"text-align: center;\"><em>Mais quoi ?<\/em><\/p>\n<h3>Dominique An\u00e9 &#8211; Le Pr\u00e9sent Impossible<\/h3>\n<p style=\"text-align: justify;\">Ses textes de chansons forment pourtant une po\u00e9sie formidable et chaque mot pr\u00e9sent dans ce livre devrait devenir une chanson. Qu&rsquo;est-ce qui fait la diff\u00e9rence\u00a0? Peut-\u00eatre l&rsquo;intelligence progressive de ses \u00e9crits : la contemplation, les paysages, la douceur, une certaine ironie surtout sur notre \u00e9poque perverse et englu\u00e9e vers une fin in\u00e9luctable. Ce qui fait son rapprochement avec les eighties musicales o\u00f9<a href=\"https:\/\/www.thecure.com\/\" target=\"_blank\" rel=\"noopener\"><strong> Cure<\/strong><\/a> c\u00f4toyait <a href=\"https:\/\/culturesco.com\/index.php\/2019\/09\/16\/deces-de-philippe-pascal-un-dernier-hommage-de-marquis-de-sade-a-marc-seberg\/\" target=\"_blank\" rel=\"noopener\"><strong>Marc Seberg<\/strong><\/a> ou, plus r\u00e9cemment, <strong>Opposition<\/strong> (<strong>RIP Mark Long<\/strong>) ne forme en lui qu&rsquo;une allusion ou illusion d&rsquo;une vie.<\/p>\n<h3><em>The Opposition with Dominique A (live)<\/em><\/h3>\n<div class=\"youtube-embed\" data-video_id=\"B9eKGqcmcYo\"><iframe loading=\"lazy\" title=\"RODC2019#004 - THE OPPOSITION - Les Rockeurs ont du Coeur (Nantes, Stereolux, 2019)\" width=\"696\" height=\"392\" src=\"https:\/\/www.youtube.com\/embed\/B9eKGqcmcYo\" frameborder=\"0\" allow=\"accelerometer; autoplay; clipboard-write; encrypted-media; gyroscope; picture-in-picture; web-share\" referrerpolicy=\"strict-origin-when-cross-origin\" allowfullscreen><\/iframe><\/div>\n<p style=\"text-align: justify;\">Il a pris du volume, de l&rsquo;exp\u00e9rience et propose aujourd&rsquo;hui une r\u00e9union de ce qui le bouleverse \u00e0 travers la vie actuelle et <strong>tente de pr\u00e9dire un monde futur plus beau que celui d&rsquo;aujourd&rsquo;hui. Ce n&rsquo;est pas gagn\u00e9 mais il faut essayer<\/strong>.<\/p>\n<p style=\"text-align: justify;\"><strong>Dominique An\u00e9 \u2013 Le Pr\u00e9sent Impossible<\/strong><\/p>\n<p style=\"text-align: justify;\">L&rsquo;Iconoclaste \u2013 14\u20ac<\/p>\n<p style=\"text-align: justify;\"><strong>Patrick B\u00e9nard<\/strong><\/p>\n","protected":false},"excerpt":{"rendered":"<p>Une Po\u00e9sie Contemporaine De Belles Descriptions Int\u00e9rieures Qu&rsquo;on le dise une fois pour toute, Dominique An\u00e9 \u00e9crit sous son vrai nom, \u00e0 peine sous son pseudo d&rsquo;auteur, chanteur, compositeur. Voici Dominique A sous sa version po\u00e8te apr\u00e8s avoir vers\u00e9 dans le r\u00e9cit. Et comme d&rsquo;habitude la d\u00e9ception n&rsquo;a pas lieu d&rsquo;\u00eatre. Le po\u00e8te s&rsquo;attache \u00e0 [&hellip;]<\/p>\n","protected":false},"author":4,"featured_media":18056,"comment_status":"open","ping_status":"open","sticky":false,"template":"","format":"standard","meta":{"jetpack_post_was_ever_published":false,"tdm_status":"","tdm_grid_status":"","_jetpack_newsletter_access":"","_jetpack_dont_email_post_to_subs":false,"_jetpack_newsletter_tier_id":0,"_jetpack_memberships_contains_paywalled_content":false,"_jetpack_memberships_contains_paid_content":false,"footnotes":""},"categories":[14344,22,27],"tags":[40,42,14016,14355],"class_list":{"0":"post-18055","1":"post","2":"type-post","3":"status-publish","4":"format-standard","5":"has-post-thumbnail","7":"category-chanson-francaise","8":"category-citations","9":"category-litterature","10":"tag-chanson-francaise","11":"tag-litterature","12":"tag-poesie","13":"tag-premier-livre"},"yoast_head":"<!-- This site is optimized with the Yoast SEO plugin v27.5 - https:\/\/yoast.com\/product\/yoast-seo-wordpress\/ -->\n<title>Dominique An\u00e9 \u2013 Le Pr\u00e9sent Impossible - Culturesco<\/title>\n<meta name=\"description\" content=\"CulturesCo | Un bon coup de pied dans ta Culture | Chroniques et histoire du Rock, chanson fran\u00e7aise, litt\u00e9rature, cin\u00e9ma et bande dessin\u00e9e.\" \/>\n<meta name=\"robots\" content=\"index, follow, max-snippet:-1, max-image-preview:large, max-video-preview:-1\" \/>\n<link rel=\"canonical\" href=\"https:\/\/culturesco.com\/index.php\/2022\/10\/20\/dominique-ane-le-present-impossible\/\" \/>\n<meta property=\"og:locale\" content=\"fr_FR\" \/>\n<meta property=\"og:type\" content=\"article\" \/>\n<meta property=\"og:title\" content=\"Dominique An\u00e9 \u2013 Le Pr\u00e9sent Impossible - Culturesco\" \/>\n<meta property=\"og:description\" content=\"CulturesCo | Un bon coup de pied dans ta Culture | Chroniques et histoire du Rock, chanson fran\u00e7aise, litt\u00e9rature, cin\u00e9ma et bande dessin\u00e9e.\" \/>\n<meta property=\"og:url\" content=\"https:\/\/culturesco.com\/index.php\/2022\/10\/20\/dominique-ane-le-present-impossible\/\" \/>\n<meta property=\"og:site_name\" content=\"Culturesco\" \/>\n<meta property=\"article:publisher\" content=\"https:\/\/www.facebook.com\/radioculturesco\" \/>\n<meta property=\"article:published_time\" content=\"2022-10-20T01:44:12+00:00\" \/>\n<meta property=\"article:modified_time\" content=\"2022-11-29T21:22:00+00:00\" \/>\n<meta property=\"og:image\" content=\"https:\/\/culturesco.com\/wp-content\/uploads\/2022\/10\/Dominique-Ane.jpeg\" \/>\n\t<meta property=\"og:image:width\" content=\"435\" \/>\n\t<meta property=\"og:image:height\" content=\"600\" \/>\n\t<meta property=\"og:image:type\" content=\"image\/jpeg\" \/>\n<meta name=\"author\" content=\"Patrick Benard\" \/>\n<meta name=\"twitter:card\" content=\"summary_large_image\" \/>\n<meta name=\"twitter:creator\" content=\"@AugusteMarshal\" \/>\n<meta name=\"twitter:site\" content=\"@AugusteMarshal\" \/>\n<meta name=\"twitter:label1\" content=\"\u00c9crit par\" \/>\n\t<meta name=\"twitter:data1\" content=\"Patrick Benard\" \/>\n\t<meta name=\"twitter:label2\" content=\"Dur\u00e9e de lecture estim\u00e9e\" \/>\n\t<meta name=\"twitter:data2\" content=\"2 minutes\" \/>\n<script type=\"application\/ld+json\" class=\"yoast-schema-graph\">{\"@context\":\"https:\\\/\\\/schema.org\",\"@graph\":[{\"@type\":\"Article\",\"@id\":\"https:\\\/\\\/culturesco.com\\\/index.php\\\/2022\\\/10\\\/20\\\/dominique-ane-le-present-impossible\\\/#article\",\"isPartOf\":{\"@id\":\"https:\\\/\\\/culturesco.com\\\/index.php\\\/2022\\\/10\\\/20\\\/dominique-ane-le-present-impossible\\\/\"},\"author\":{\"name\":\"Patrick Benard\",\"@id\":\"https:\\\/\\\/culturesco.com\\\/#\\\/schema\\\/person\\\/c2ddd6724863f3bbd20a8278df0891f3\"},\"headline\":\"Dominique An\u00e9 \u2013 Le Pr\u00e9sent Impossible\",\"datePublished\":\"2022-10-20T01:44:12+00:00\",\"dateModified\":\"2022-11-29T21:22:00+00:00\",\"mainEntityOfPage\":{\"@id\":\"https:\\\/\\\/culturesco.com\\\/index.php\\\/2022\\\/10\\\/20\\\/dominique-ane-le-present-impossible\\\/\"},\"wordCount\":325,\"commentCount\":0,\"publisher\":{\"@id\":\"https:\\\/\\\/culturesco.com\\\/#organization\"},\"image\":{\"@id\":\"https:\\\/\\\/culturesco.com\\\/index.php\\\/2022\\\/10\\\/20\\\/dominique-ane-le-present-impossible\\\/#primaryimage\"},\"thumbnailUrl\":\"https:\\\/\\\/i0.wp.com\\\/culturesco.com\\\/wp-content\\\/uploads\\\/2022\\\/10\\\/Dominique-Ane.jpeg?fit=435%2C600&ssl=1\",\"keywords\":[\"chanson fran\u00e7aise\",\"litt\u00e9rature\",\"po\u00e9sie\",\"premier livre\"],\"articleSection\":[\"Chanson fran\u00e7aise\",\"Citations\",\"Litt\u00e9rature\"],\"inLanguage\":\"fr-FR\",\"potentialAction\":[{\"@type\":\"CommentAction\",\"name\":\"Comment\",\"target\":[\"https:\\\/\\\/culturesco.com\\\/index.php\\\/2022\\\/10\\\/20\\\/dominique-ane-le-present-impossible\\\/#respond\"]}]},{\"@type\":\"WebPage\",\"@id\":\"https:\\\/\\\/culturesco.com\\\/index.php\\\/2022\\\/10\\\/20\\\/dominique-ane-le-present-impossible\\\/\",\"url\":\"https:\\\/\\\/culturesco.com\\\/index.php\\\/2022\\\/10\\\/20\\\/dominique-ane-le-present-impossible\\\/\",\"name\":\"Dominique An\u00e9 \u2013 Le Pr\u00e9sent Impossible - Culturesco\",\"isPartOf\":{\"@id\":\"https:\\\/\\\/culturesco.com\\\/#website\"},\"primaryImageOfPage\":{\"@id\":\"https:\\\/\\\/culturesco.com\\\/index.php\\\/2022\\\/10\\\/20\\\/dominique-ane-le-present-impossible\\\/#primaryimage\"},\"image\":{\"@id\":\"https:\\\/\\\/culturesco.com\\\/index.php\\\/2022\\\/10\\\/20\\\/dominique-ane-le-present-impossible\\\/#primaryimage\"},\"thumbnailUrl\":\"https:\\\/\\\/i0.wp.com\\\/culturesco.com\\\/wp-content\\\/uploads\\\/2022\\\/10\\\/Dominique-Ane.jpeg?fit=435%2C600&ssl=1\",\"datePublished\":\"2022-10-20T01:44:12+00:00\",\"dateModified\":\"2022-11-29T21:22:00+00:00\",\"description\":\"CulturesCo | Un bon coup de pied dans ta Culture | Chroniques et histoire du Rock, chanson fran\u00e7aise, litt\u00e9rature, cin\u00e9ma et bande dessin\u00e9e.\",\"breadcrumb\":{\"@id\":\"https:\\\/\\\/culturesco.com\\\/index.php\\\/2022\\\/10\\\/20\\\/dominique-ane-le-present-impossible\\\/#breadcrumb\"},\"inLanguage\":\"fr-FR\",\"potentialAction\":[{\"@type\":\"ReadAction\",\"target\":[\"https:\\\/\\\/culturesco.com\\\/index.php\\\/2022\\\/10\\\/20\\\/dominique-ane-le-present-impossible\\\/\"]}]},{\"@type\":\"ImageObject\",\"inLanguage\":\"fr-FR\",\"@id\":\"https:\\\/\\\/culturesco.com\\\/index.php\\\/2022\\\/10\\\/20\\\/dominique-ane-le-present-impossible\\\/#primaryimage\",\"url\":\"https:\\\/\\\/i0.wp.com\\\/culturesco.com\\\/wp-content\\\/uploads\\\/2022\\\/10\\\/Dominique-Ane.jpeg?fit=435%2C600&ssl=1\",\"contentUrl\":\"https:\\\/\\\/i0.wp.com\\\/culturesco.com\\\/wp-content\\\/uploads\\\/2022\\\/10\\\/Dominique-Ane.jpeg?fit=435%2C600&ssl=1\",\"width\":435,\"height\":600,\"caption\":\"Dominique An\u00e9 - Le Pr\u00e9sent Impossible\"},{\"@type\":\"BreadcrumbList\",\"@id\":\"https:\\\/\\\/culturesco.com\\\/index.php\\\/2022\\\/10\\\/20\\\/dominique-ane-le-present-impossible\\\/#breadcrumb\",\"itemListElement\":[{\"@type\":\"ListItem\",\"position\":1,\"name\":\"Accueil\",\"item\":\"https:\\\/\\\/culturesco.com\\\/\"},{\"@type\":\"ListItem\",\"position\":2,\"name\":\"Dominique An\u00e9 \u2013 Le Pr\u00e9sent Impossible\"}]},{\"@type\":\"WebSite\",\"@id\":\"https:\\\/\\\/culturesco.com\\\/#website\",\"url\":\"https:\\\/\\\/culturesco.com\\\/\",\"name\":\"Culturesco\",\"description\":\"Culturesco | Un bon coup de pied dans ta Culture\",\"publisher\":{\"@id\":\"https:\\\/\\\/culturesco.com\\\/#organization\"},\"potentialAction\":[{\"@type\":\"SearchAction\",\"target\":{\"@type\":\"EntryPoint\",\"urlTemplate\":\"https:\\\/\\\/culturesco.com\\\/?s={search_term_string}\"},\"query-input\":{\"@type\":\"PropertyValueSpecification\",\"valueRequired\":true,\"valueName\":\"search_term_string\"}}],\"inLanguage\":\"fr-FR\"},{\"@type\":\"Organization\",\"@id\":\"https:\\\/\\\/culturesco.com\\\/#organization\",\"name\":\"CULTURESCO\",\"url\":\"https:\\\/\\\/culturesco.com\\\/\",\"logo\":{\"@type\":\"ImageObject\",\"inLanguage\":\"fr-FR\",\"@id\":\"https:\\\/\\\/culturesco.com\\\/#\\\/schema\\\/logo\\\/image\\\/\",\"url\":\"https:\\\/\\\/i0.wp.com\\\/culturesco.com\\\/wp-content\\\/uploads\\\/2022\\\/04\\\/culturesco-logo-blanc250p.png?fit=250%2C250&ssl=1\",\"contentUrl\":\"https:\\\/\\\/i0.wp.com\\\/culturesco.com\\\/wp-content\\\/uploads\\\/2022\\\/04\\\/culturesco-logo-blanc250p.png?fit=250%2C250&ssl=1\",\"width\":250,\"height\":250,\"caption\":\"CULTURESCO\"},\"image\":{\"@id\":\"https:\\\/\\\/culturesco.com\\\/#\\\/schema\\\/logo\\\/image\\\/\"},\"sameAs\":[\"https:\\\/\\\/www.facebook.com\\\/radioculturesco\",\"https:\\\/\\\/x.com\\\/AugusteMarshal\",\"https:\\\/\\\/www.instagram.com\\\/carotte_rock_culture\\\/\",\"https:\\\/\\\/www.pinterest.fr\\\/augustemarshal\\\/\",\"https:\\\/\\\/www.youtube.com\\\/channel\\\/UCiWLGffqWSXlNnfzp6YwwyQ\"]},{\"@type\":\"Person\",\"@id\":\"https:\\\/\\\/culturesco.com\\\/#\\\/schema\\\/person\\\/c2ddd6724863f3bbd20a8278df0891f3\",\"name\":\"Patrick Benard\",\"image\":{\"@type\":\"ImageObject\",\"inLanguage\":\"fr-FR\",\"@id\":\"https:\\\/\\\/i0.wp.com\\\/culturesco.com\\\/wp-content\\\/uploads\\\/2019\\\/02\\\/patrick-benard-2.jpg?fit=90%2C96&ssl=1\",\"url\":\"https:\\\/\\\/i0.wp.com\\\/culturesco.com\\\/wp-content\\\/uploads\\\/2019\\\/02\\\/patrick-benard-2.jpg?fit=90%2C96&ssl=1\",\"contentUrl\":\"https:\\\/\\\/i0.wp.com\\\/culturesco.com\\\/wp-content\\\/uploads\\\/2019\\\/02\\\/patrick-benard-2.jpg?fit=90%2C96&ssl=1\",\"caption\":\"Patrick Benard\"},\"description\":\"Ecrivain, chroniqueur, animateur radio, cr\u00e9ateur de la revue \u00ab Cin\u00e9manie \u00bb, autour du cin\u00e9ma dit d\u2019art et d\u2019essai, sp\u00e9cialiste du groupe The Cure, archiviste... 2020 : \\\"Le Post Rock\\\" essai sur le post rock de Mogwa\u00ef \u00e0 Godspeed You Black Emperor - Camion Blanc 2014 : \u00ab On the rocks \u2013le rock de 2007 \u00e0 2014 \u00bb chroniques livres et cd rocks, interviews \u2013Editions Vaillant 2010 : \u00ab Dans la T\u00eate de Robert Smith \u00bb, roman fiction autour de l\u2019histoire des Cure et de Robert Smith \u2013 Edilivres 2007 : \u00ab Chroniques Fr\u00e9n\u00e9tiques, une histoire intime du rock \u00bb, roman, prix Technikart. 2001 : \u00ab Les Iles du D\u00e9sert \u00bb, polar autour du rock \u2013 Editions Nykta\",\"url\":\"https:\\\/\\\/culturesco.com\\\/index.php\\\/author\\\/patrick-benard89\\\/\"}]}<\/script>\n<!-- \/ Yoast SEO plugin. -->","yoast_head_json":{"title":"Dominique An\u00e9 \u2013 Le Pr\u00e9sent Impossible - Culturesco","description":"CulturesCo | Un bon coup de pied dans ta Culture | Chroniques et histoire du Rock, chanson fran\u00e7aise, litt\u00e9rature, cin\u00e9ma et bande dessin\u00e9e.","robots":{"index":"index","follow":"follow","max-snippet":"max-snippet:-1","max-image-preview":"max-image-preview:large","max-video-preview":"max-video-preview:-1"},"canonical":"https:\/\/culturesco.com\/index.php\/2022\/10\/20\/dominique-ane-le-present-impossible\/","og_locale":"fr_FR","og_type":"article","og_title":"Dominique An\u00e9 \u2013 Le Pr\u00e9sent Impossible - Culturesco","og_description":"CulturesCo | Un bon coup de pied dans ta Culture | Chroniques et histoire du Rock, chanson fran\u00e7aise, litt\u00e9rature, cin\u00e9ma et bande dessin\u00e9e.","og_url":"https:\/\/culturesco.com\/index.php\/2022\/10\/20\/dominique-ane-le-present-impossible\/","og_site_name":"Culturesco","article_publisher":"https:\/\/www.facebook.com\/radioculturesco","article_published_time":"2022-10-20T01:44:12+00:00","article_modified_time":"2022-11-29T21:22:00+00:00","og_image":[{"width":435,"height":600,"url":"https:\/\/culturesco.com\/wp-content\/uploads\/2022\/10\/Dominique-Ane.jpeg","type":"image\/jpeg"}],"author":"Patrick Benard","twitter_card":"summary_large_image","twitter_creator":"@AugusteMarshal","twitter_site":"@AugusteMarshal","twitter_misc":{"\u00c9crit par":"Patrick Benard","Dur\u00e9e de lecture estim\u00e9e":"2 minutes"},"schema":{"@context":"https:\/\/schema.org","@graph":[{"@type":"Article","@id":"https:\/\/culturesco.com\/index.php\/2022\/10\/20\/dominique-ane-le-present-impossible\/#article","isPartOf":{"@id":"https:\/\/culturesco.com\/index.php\/2022\/10\/20\/dominique-ane-le-present-impossible\/"},"author":{"name":"Patrick Benard","@id":"https:\/\/culturesco.com\/#\/schema\/person\/c2ddd6724863f3bbd20a8278df0891f3"},"headline":"Dominique An\u00e9 \u2013 Le Pr\u00e9sent Impossible","datePublished":"2022-10-20T01:44:12+00:00","dateModified":"2022-11-29T21:22:00+00:00","mainEntityOfPage":{"@id":"https:\/\/culturesco.com\/index.php\/2022\/10\/20\/dominique-ane-le-present-impossible\/"},"wordCount":325,"commentCount":0,"publisher":{"@id":"https:\/\/culturesco.com\/#organization"},"image":{"@id":"https:\/\/culturesco.com\/index.php\/2022\/10\/20\/dominique-ane-le-present-impossible\/#primaryimage"},"thumbnailUrl":"https:\/\/i0.wp.com\/culturesco.com\/wp-content\/uploads\/2022\/10\/Dominique-Ane.jpeg?fit=435%2C600&ssl=1","keywords":["chanson fran\u00e7aise","litt\u00e9rature","po\u00e9sie","premier livre"],"articleSection":["Chanson fran\u00e7aise","Citations","Litt\u00e9rature"],"inLanguage":"fr-FR","potentialAction":[{"@type":"CommentAction","name":"Comment","target":["https:\/\/culturesco.com\/index.php\/2022\/10\/20\/dominique-ane-le-present-impossible\/#respond"]}]},{"@type":"WebPage","@id":"https:\/\/culturesco.com\/index.php\/2022\/10\/20\/dominique-ane-le-present-impossible\/","url":"https:\/\/culturesco.com\/index.php\/2022\/10\/20\/dominique-ane-le-present-impossible\/","name":"Dominique An\u00e9 \u2013 Le Pr\u00e9sent Impossible - Culturesco","isPartOf":{"@id":"https:\/\/culturesco.com\/#website"},"primaryImageOfPage":{"@id":"https:\/\/culturesco.com\/index.php\/2022\/10\/20\/dominique-ane-le-present-impossible\/#primaryimage"},"image":{"@id":"https:\/\/culturesco.com\/index.php\/2022\/10\/20\/dominique-ane-le-present-impossible\/#primaryimage"},"thumbnailUrl":"https:\/\/i0.wp.com\/culturesco.com\/wp-content\/uploads\/2022\/10\/Dominique-Ane.jpeg?fit=435%2C600&ssl=1","datePublished":"2022-10-20T01:44:12+00:00","dateModified":"2022-11-29T21:22:00+00:00","description":"CulturesCo | Un bon coup de pied dans ta Culture | Chroniques et histoire du Rock, chanson fran\u00e7aise, litt\u00e9rature, cin\u00e9ma et bande dessin\u00e9e.","breadcrumb":{"@id":"https:\/\/culturesco.com\/index.php\/2022\/10\/20\/dominique-ane-le-present-impossible\/#breadcrumb"},"inLanguage":"fr-FR","potentialAction":[{"@type":"ReadAction","target":["https:\/\/culturesco.com\/index.php\/2022\/10\/20\/dominique-ane-le-present-impossible\/"]}]},{"@type":"ImageObject","inLanguage":"fr-FR","@id":"https:\/\/culturesco.com\/index.php\/2022\/10\/20\/dominique-ane-le-present-impossible\/#primaryimage","url":"https:\/\/i0.wp.com\/culturesco.com\/wp-content\/uploads\/2022\/10\/Dominique-Ane.jpeg?fit=435%2C600&ssl=1","contentUrl":"https:\/\/i0.wp.com\/culturesco.com\/wp-content\/uploads\/2022\/10\/Dominique-Ane.jpeg?fit=435%2C600&ssl=1","width":435,"height":600,"caption":"Dominique An\u00e9 - Le Pr\u00e9sent Impossible"},{"@type":"BreadcrumbList","@id":"https:\/\/culturesco.com\/index.php\/2022\/10\/20\/dominique-ane-le-present-impossible\/#breadcrumb","itemListElement":[{"@type":"ListItem","position":1,"name":"Accueil","item":"https:\/\/culturesco.com\/"},{"@type":"ListItem","position":2,"name":"Dominique An\u00e9 \u2013 Le Pr\u00e9sent Impossible"}]},{"@type":"WebSite","@id":"https:\/\/culturesco.com\/#website","url":"https:\/\/culturesco.com\/","name":"Culturesco","description":"Culturesco | Un bon coup de pied dans ta Culture","publisher":{"@id":"https:\/\/culturesco.com\/#organization"},"potentialAction":[{"@type":"SearchAction","target":{"@type":"EntryPoint","urlTemplate":"https:\/\/culturesco.com\/?s={search_term_string}"},"query-input":{"@type":"PropertyValueSpecification","valueRequired":true,"valueName":"search_term_string"}}],"inLanguage":"fr-FR"},{"@type":"Organization","@id":"https:\/\/culturesco.com\/#organization","name":"CULTURESCO","url":"https:\/\/culturesco.com\/","logo":{"@type":"ImageObject","inLanguage":"fr-FR","@id":"https:\/\/culturesco.com\/#\/schema\/logo\/image\/","url":"https:\/\/i0.wp.com\/culturesco.com\/wp-content\/uploads\/2022\/04\/culturesco-logo-blanc250p.png?fit=250%2C250&ssl=1","contentUrl":"https:\/\/i0.wp.com\/culturesco.com\/wp-content\/uploads\/2022\/04\/culturesco-logo-blanc250p.png?fit=250%2C250&ssl=1","width":250,"height":250,"caption":"CULTURESCO"},"image":{"@id":"https:\/\/culturesco.com\/#\/schema\/logo\/image\/"},"sameAs":["https:\/\/www.facebook.com\/radioculturesco","https:\/\/x.com\/AugusteMarshal","https:\/\/www.instagram.com\/carotte_rock_culture\/","https:\/\/www.pinterest.fr\/augustemarshal\/","https:\/\/www.youtube.com\/channel\/UCiWLGffqWSXlNnfzp6YwwyQ"]},{"@type":"Person","@id":"https:\/\/culturesco.com\/#\/schema\/person\/c2ddd6724863f3bbd20a8278df0891f3","name":"Patrick Benard","image":{"@type":"ImageObject","inLanguage":"fr-FR","@id":"https:\/\/i0.wp.com\/culturesco.com\/wp-content\/uploads\/2019\/02\/patrick-benard-2.jpg?fit=90%2C96&ssl=1","url":"https:\/\/i0.wp.com\/culturesco.com\/wp-content\/uploads\/2019\/02\/patrick-benard-2.jpg?fit=90%2C96&ssl=1","contentUrl":"https:\/\/i0.wp.com\/culturesco.com\/wp-content\/uploads\/2019\/02\/patrick-benard-2.jpg?fit=90%2C96&ssl=1","caption":"Patrick Benard"},"description":"Ecrivain, chroniqueur, animateur radio, cr\u00e9ateur de la revue \u00ab Cin\u00e9manie \u00bb, autour du cin\u00e9ma dit d\u2019art et d\u2019essai, sp\u00e9cialiste du groupe The Cure, archiviste... 2020 : \"Le Post Rock\" essai sur le post rock de Mogwa\u00ef \u00e0 Godspeed You Black Emperor - Camion Blanc 2014 : \u00ab On the rocks \u2013le rock de 2007 \u00e0 2014 \u00bb chroniques livres et cd rocks, interviews \u2013Editions Vaillant 2010 : \u00ab Dans la T\u00eate de Robert Smith \u00bb, roman fiction autour de l\u2019histoire des Cure et de Robert Smith \u2013 Edilivres 2007 : \u00ab Chroniques Fr\u00e9n\u00e9tiques, une histoire intime du rock \u00bb, roman, prix Technikart. 2001 : \u00ab Les Iles du D\u00e9sert \u00bb, polar autour du rock \u2013 Editions Nykta","url":"https:\/\/culturesco.com\/index.php\/author\/patrick-benard89\/"}]}},"jetpack_featured_media_url":"https:\/\/i0.wp.com\/culturesco.com\/wp-content\/uploads\/2022\/10\/Dominique-Ane.jpeg?fit=435%2C600&ssl=1","jetpack_likes_enabled":true,"jetpack_sharing_enabled":true,"jetpack_shortlink":"https:\/\/wp.me\/paz89I-4Hd","_links":{"self":[{"href":"https:\/\/culturesco.com\/index.php\/wp-json\/wp\/v2\/posts\/18055","targetHints":{"allow":["GET"]}}],"collection":[{"href":"https:\/\/culturesco.com\/index.php\/wp-json\/wp\/v2\/posts"}],"about":[{"href":"https:\/\/culturesco.com\/index.php\/wp-json\/wp\/v2\/types\/post"}],"author":[{"embeddable":true,"href":"https:\/\/culturesco.com\/index.php\/wp-json\/wp\/v2\/users\/4"}],"replies":[{"embeddable":true,"href":"https:\/\/culturesco.com\/index.php\/wp-json\/wp\/v2\/comments?post=18055"}],"version-history":[{"count":0,"href":"https:\/\/culturesco.com\/index.php\/wp-json\/wp\/v2\/posts\/18055\/revisions"}],"wp:featuredmedia":[{"embeddable":true,"href":"https:\/\/culturesco.com\/index.php\/wp-json\/wp\/v2\/media\/18056"}],"wp:attachment":[{"href":"https:\/\/culturesco.com\/index.php\/wp-json\/wp\/v2\/media?parent=18055"}],"wp:term":[{"taxonomy":"category","embeddable":true,"href":"https:\/\/culturesco.com\/index.php\/wp-json\/wp\/v2\/categories?post=18055"},{"taxonomy":"post_tag","embeddable":true,"href":"https:\/\/culturesco.com\/index.php\/wp-json\/wp\/v2\/tags?post=18055"}],"curies":[{"name":"wp","href":"https:\/\/api.w.org\/{rel}","templated":true}]}}