{"id":18050,"date":"2022-10-19T18:38:40","date_gmt":"2022-10-19T16:38:40","guid":{"rendered":"https:\/\/culturesco.com\/?p=18050"},"modified":"2022-10-19T18:50:51","modified_gmt":"2022-10-19T16:50:51","slug":"coluche-un-mec-une-histoire","status":"publish","type":"post","link":"https:\/\/culturesco.com\/index.php\/2022\/10\/19\/coluche-un-mec-une-histoire\/","title":{"rendered":"COLUCHE &#8211; Un mec, une histoire"},"content":{"rendered":"<h2>COLUCHE &#8211; Un mec, une histoire<\/h2>\n<p><img data-recalc-dims=\"1\" loading=\"lazy\" decoding=\"async\" class=\" wp-image-18051 aligncenter\" src=\"https:\/\/i0.wp.com\/culturesco.com\/wp-content\/uploads\/2022\/10\/COLUCHE-Front.jpg?resize=617%2C323&#038;ssl=1\" alt=\"Coluche\" width=\"617\" height=\"323\" srcset=\"https:\/\/i0.wp.com\/culturesco.com\/wp-content\/uploads\/2022\/10\/COLUCHE-Front.jpg?resize=300%2C157&amp;ssl=1 300w, https:\/\/i0.wp.com\/culturesco.com\/wp-content\/uploads\/2022\/10\/COLUCHE-Front.jpg?resize=768%2C402&amp;ssl=1 768w, https:\/\/i0.wp.com\/culturesco.com\/wp-content\/uploads\/2022\/10\/COLUCHE-Front.jpg?resize=696%2C365&amp;ssl=1 696w, https:\/\/i0.wp.com\/culturesco.com\/wp-content\/uploads\/2022\/10\/COLUCHE-Front.jpg?resize=1068%2C560&amp;ssl=1 1068w, https:\/\/i0.wp.com\/culturesco.com\/wp-content\/uploads\/2022\/10\/COLUCHE-Front.jpg?resize=801%2C420&amp;ssl=1 801w, https:\/\/i0.wp.com\/culturesco.com\/wp-content\/uploads\/2022\/10\/COLUCHE-Front.jpg?w=600&amp;ssl=1 600w, https:\/\/i0.wp.com\/culturesco.com\/wp-content\/uploads\/2022\/10\/COLUCHE-Front.jpg?resize=114%2C60&amp;ssl=1 114w, https:\/\/i0.wp.com\/culturesco.com\/wp-content\/uploads\/2022\/10\/COLUCHE-Front.jpg?resize=172%2C90&amp;ssl=1 172w\" sizes=\"auto, (max-width: 617px) 100vw, 617px\" \/><\/p>\n<h3 style=\"text-align: justify;\">\u00ab <em>Mis\u00e8re, mis\u00e8\u00e8\u00e8\u00e8\u00e8re-reu. C\u2019est toujours sur les pauvres gens que tu t\u2019acharnes obstin\u00e9ment<\/em> \u00bb<\/h3>\n<p style=\"text-align: justify;\"><strong>Coluche,<\/strong> une institution, un <strong>incontournable<\/strong> trublion. Butinons <strong>un mec<\/strong> et <strong>une histoire<\/strong>, de la <strong>gaudriole<\/strong> aux <strong><em>Restos du C\u0153ur<\/em><\/strong>.<\/p>\n<p style=\"text-align: justify;\">Les <strong>d\u00e9buts t\u00e9l\u00e9visuels<\/strong> du \u00ab mec \u00bb, versant <strong>humoriste<\/strong>, se situent chez Guy Lux au printemps <strong>1974<\/strong>. Cet \u00ab espace-temps \u00bb suspendu, parcourue de ressortissants suisses, o\u00f9 <strong>un individu cherche ses lunettes<\/strong> tomb\u00e9es dans ce qu\u2019il croit \u00eatre la Loire alors qu\u2019il s\u2019agit de la Seine entra\u00eene deux types de r\u00e9actions. <strong>1- C\u2019est quoi cette histoire \u00e0 la c\u2026<\/strong> \u00e9tirable \u00e0 l\u2019infinie et qui se termine en queue de poisson ? <strong>2- <\/strong>Fallait oser,<strong> c\u2019est g\u00e9nial !<\/strong> <strong>V\u2019voyez<\/strong> ce que cela sous-tend ? Mais <strong>peut-\u00eatre que sans vos lunettes<\/strong> \u2026 D\u2019autant plus que, si <strong>Coluche<\/strong>, le personnage \u00ab<strong> clownesque<\/strong> \u00bb, na\u00eet publiquement ce jour-l\u00e0, <strong>Michel Colucci<\/strong>, lui, n\u2019a<strong> pas attendu la t\u00e9l\u00e9 pour d\u00e9buter.<\/strong><\/p>\n<h3>COLUCHE &#8211; C&rsquo;est l&rsquo;Histoire d&rsquo;un Mec<\/h3>\n<div class=\"youtube-embed\" data-video_id=\"HlkI7Z9TCyk\"><iframe loading=\"lazy\" title=\"Coluche &quot;C&#039;est l&#039;histoire d&#039;un mec&quot; | Archive INA\" width=\"696\" height=\"392\" src=\"https:\/\/www.youtube.com\/embed\/HlkI7Z9TCyk\" frameborder=\"0\" allow=\"accelerometer; autoplay; clipboard-write; encrypted-media; gyroscope; picture-in-picture; web-share\" referrerpolicy=\"strict-origin-when-cross-origin\" allowfullscreen><\/iframe><\/div>\n<p style=\"text-align: justify;\">1969, visitons le <em><strong>Caf\u00e9 de la Gare<\/strong><\/em>, du c\u00f4t\u00e9 de Montparnasse. La troupe s\u00e9vissant sur sa petite sc\u00e8ne se compose de <strong>Romain et Sotha Bouteille<\/strong>, de <strong>Miou Miou<\/strong>, <strong>Patrick Dewaere<\/strong>, <strong>Henry Guibet<\/strong> et <strong>Coluche<\/strong>. L\u2019ambiance est <strong>communautaire<\/strong>, propice au <strong>partage<\/strong> et aux m\u0153urs l\u00e9g\u00e8res. On peut sans para\u00eetre ridicule \u00e9mettre l\u2019id\u00e9e que la<strong> libert\u00e9 d\u2019esprit<\/strong> pratiqu\u00e9e par ces<strong> initiateurs<\/strong> donnera un jour naissance \u00e0 la<em> Troupe du Splendid<\/em>.<\/p>\n<p style=\"text-align: justify;\">Lorsque <strong>Michel devient Coluche<\/strong>, les fronti\u00e8res s\u2019effacent, il adopte la <strong>politique du \u00ab no limit \u00bb<\/strong>. <strong>Tous les th\u00e8mes<\/strong> et\/ou sujets de soci\u00e9t\u00e9, et\/ou du quotidien, sont susceptibles de faire l\u2019<strong>objet d\u2019un sketch<\/strong>. Son imagination coule, intarissable, <strong>les id\u00e9es foisonnent<\/strong>. Bien qu\u2019\u00e9tant \u00ab fleurie \u00bb, sa prose fait honneur au verbe : \u00ab <strong>Grossier mais pas vulgaire<\/strong> \u00bb.<\/p>\n<h3>Je me Marre !<\/h3>\n<div class=\"youtube-embed\" data-video_id=\"G31DMLFV2qc\"><iframe loading=\"lazy\" title=\"Coluche - Je me marre!\" width=\"696\" height=\"522\" src=\"https:\/\/www.youtube.com\/embed\/G31DMLFV2qc\" frameborder=\"0\" allow=\"accelerometer; autoplay; clipboard-write; encrypted-media; gyroscope; picture-in-picture; web-share\" referrerpolicy=\"strict-origin-when-cross-origin\" allowfullscreen><\/iframe><\/div>\n<p style=\"text-align: justify;\"><strong>Promoteur de l\u2019absurde<\/strong>, il applique son principe au contenu des messages publicitaires\u2026<\/p>\n<h3 style=\"text-align: justify;\">\u00ab <em>Madame, je vois que vous achetez un baril d&rsquo;Ariel. Si je vous le reprends et que je vous en donne deux o\u00f9 il n\u2019y a rien d&rsquo;\u00e9crit ? Oh ben non alors ! Vous voyez, il faut vraiment \u00eatre con pour pas prendre deux barils \u00e0 la place d&rsquo;un ! \u2026<\/em> \u00bb<\/h3>\n<h3 style=\"text-align: justify;\">\u00ab<em> \u2026 Parce que moi, blanc, je sais ce que c&rsquo;est comme couleur, c&rsquo;est blanc. Moins blanc que blanc, je m&rsquo;doute, \u00e7a doit \u00eatre gris clair. Mais plus blanc que blanc j&rsquo;vois pas&#8230; Qu&rsquo;est-ce que c&rsquo;est comme couleur ? C\u2019est nouveau, \u00e7a vient de sortir<\/em> \u00bb<\/h3>\n<p style=\"text-align: justify;\">\u2026 suivant en cela une<strong> logique implacable<\/strong>.<\/p>\n<h3>COLUCHE &#8211; La Publicit\u00e9<\/h3>\n<div class=\"youtube-embed\" data-video_id=\"VEZw1Vmq97Y\"><iframe loading=\"lazy\" title=\"Coluche - La publicit\u00e9 (Audio)\" width=\"696\" height=\"392\" src=\"https:\/\/www.youtube.com\/embed\/VEZw1Vmq97Y\" frameborder=\"0\" allow=\"accelerometer; autoplay; clipboard-write; encrypted-media; gyroscope; picture-in-picture; web-share\" referrerpolicy=\"strict-origin-when-cross-origin\" allowfullscreen><\/iframe><\/div>\n<p style=\"text-align: justify;\"><strong>Coluche<\/strong> <strong>endosse les costumes de ses contemporains<\/strong> comme d\u2019autres leurs vestes. Ainsi, dans la peau d\u2019un \u00ab blouson noir \u00bb, expression devenue d\u00e9su\u00e8te et d\u00e9signant de la \u00ab mauvaise graine \u00bb, il <strong>nous ass\u00e8ne des \u00ab v\u00e9rit\u00e9s \u00bb que personne n\u2019aurait os\u00e9 affirmer<\/strong>. En humour,<strong> pas d\u2019interdits<\/strong> :<\/p>\n<h3 style=\"text-align: justify;\">\u00ab <em>Dieu a dit : il y aura des hommes blancs, des hommes noirs. Il y aura des hommes grands, des hommes petits. Il y aura des hommes beaux, des hommes moches et tous seront \u00e9gaux, mais \u00e7a sera pas facile \u2026 Et puis il a ajout\u00e9 : il y en a m\u00eame qui seront noirs, petits et moches, et pour eux, ce sera tr\u00e8s dur<\/em> \u00bb<\/h3>\n<h3>Le Blouson Noir<\/h3>\n<div class=\"youtube-embed\" data-video_id=\"mGLmgcKMOQw\"><iframe loading=\"lazy\" title=\"Coluche - Le blouson noir (Audio)\" width=\"696\" height=\"392\" src=\"https:\/\/www.youtube.com\/embed\/mGLmgcKMOQw\" frameborder=\"0\" allow=\"accelerometer; autoplay; clipboard-write; encrypted-media; gyroscope; picture-in-picture; web-share\" referrerpolicy=\"strict-origin-when-cross-origin\" allowfullscreen><\/iframe><\/div>\n<p style=\"text-align: justify;\">Et puis un jour, \u00ab beau \u00bb ou \u00ab moche \u00bb, selon les points de vue, il <strong>d\u00e9cide de se pr\u00e9senter \u00e0 l\u2019\u00e9lection pr\u00e9sidentielle de 1981<\/strong>. Comme slogans, il a le sens de la formule savoureuse : \u00ab <strong><em>Jusqu\u2019\u00e0 pr\u00e9sent, la France est coup\u00e9e en deux, avec moi elle sera pli\u00e9e en quatre<\/em><\/strong> \u00bb. Il affirme qu\u2019il est le \u00ab <strong><em>Candidat nul<\/em><\/strong> \u00bb, pour \u00ab <strong><em>Emmerder la droite jusqu\u2019\u00e0 la gauche<\/em><\/strong>\u00bb.<\/p>\n<p style=\"text-align: justify;\"><strong>Crime de l\u00e8se-majest\u00e9 ?<\/strong> Apr\u00e8s moult p\u00e9rip\u00e9ties plus ou moins m\u00e9diatis\u00e9es, dont des menaces de mort, \u00e7a ne l\u2019amuse plus, sa candidature \u00ab l\u2019emmerde \u00bb, <strong>il se retire<\/strong>. On ne rigole pas avec les politiques. MM B\u00e9r\u00e9govoy ou Boulin ? Un commentaire ?<\/p>\n<p style=\"text-align: justify;\">Apr\u00e8s tout, <strong>il y a davantage \u00e0 se marrer ailleurs<\/strong>,<strong> la chanson par exemple<\/strong>. Le temps de quelques semaines, <strong>l\u2019ami Coluche rejoint le Grand Orchestre du Splendid<\/strong> en tant que chanteur. Sur \u00ab <a href=\"https:\/\/www.youtube.com\/watch?v=w1gi9Zq9bbk\" target=\"_blank\" rel=\"noopener\"><strong>La Salsa du D\u00e9mon<\/strong><\/a> \u00bb, moul\u00e9 dans des collants rouges, une grappe de raisin en guise de cache-sexe, <strong>il fait fureur !<\/strong> Chansonnier, il a \u00e9galement pratiqu\u00e9 le <strong>micro en solo<\/strong> avec des titres comme \u00ab <strong>Mis\u00e8re<\/strong> \u00bb ou \u00ab <strong>J\u2019y ai dit viens<\/strong> \u00bb. Si ses textes invitent \u00e0 la <strong>dr\u00f4lerie<\/strong>, leur interpr\u00e9tation s\u2019ouvre au <strong>double-sens<\/strong>, \u00e0 l\u2019insertion d\u2019<strong>une \u00ab v\u00e9rit\u00e9 \u00bb entre deux fac\u00e9ties.<\/strong><\/p>\n<h3>COLUCHE &#8211; J&rsquo;y ai Dit Viens<\/h3>\n<div class=\"youtube-embed\" data-video_id=\"9XCukflLFKM\"><iframe loading=\"lazy\" title=\"Coluche - Chanson Canadienne\" width=\"696\" height=\"522\" src=\"https:\/\/www.youtube.com\/embed\/9XCukflLFKM\" frameborder=\"0\" allow=\"accelerometer; autoplay; clipboard-write; encrypted-media; gyroscope; picture-in-picture; web-share\" referrerpolicy=\"strict-origin-when-cross-origin\" allowfullscreen><\/iframe><\/div>\n<p style=\"text-align: justify;\">En septembre <strong>1985<\/strong>, l\u2019humoriste enfourche un <strong>nouveau cheval de bataille<\/strong> (souffl\u00e9 par <a href=\"https:\/\/culturesco.com\/index.php\/2020\/01\/14\/daniel-balavoine-le-chanteur-l-aziza-tous-les-cris-les-sos-vivre-ou-survivre\/\" target=\"_blank\" rel=\"noopener\">D. Balavoine<\/a> ?). Alors devenu <strong>chroniqueur radio<\/strong>, <strong>il imagine les <em>Restos du C\u0153ur<\/em><\/strong>. Loin, bien loin des d\u00e9bats politiques st\u00e9riles, ce sera la r\u00e9ussite que l\u2019on connait. La prochaine et <strong>38\u00e8me campagne des<a href=\"https:\/\/www.restosducoeur.org\/\" target=\"_blank\" rel=\"noopener\"><em> Restos<\/em><\/a> s\u2019ouvrira le 21 novembre 2022<\/strong>.<\/p>\n<p style=\"text-align: justify;\">La m\u00eame ann\u00e9e, l\u2019artiste se permet de <strong>battre un record du monde de vitesse en moto<\/strong>. Un comique rondouillard d\u00e9bordant de sa combinaison en cuir \u00e0 l\u2019assaut des initi\u00e9s les plus aff\u00fbt\u00e9s ! Padre ! Tout fout le camp ?!<\/p>\n<p style=\"text-align: justify;\">Et puis il y a <strong>le cin\u00e9ma<\/strong>. Des films \u00ab rigolos \u00bb comme<strong><em><a href=\"https:\/\/www.youtube.com\/watch?v=GtLSKWB2ChM\" target=\"_blank\" rel=\"noopener\"> Banza\u00ef<\/a><\/em><\/strong> (1983), <a href=\"https:\/\/www.youtube.com\/watch?v=Pe1XuBsiVB8\" target=\"_blank\" rel=\"noopener\"><strong><em>Deux Heures Moins le Quart Avant J\u00e9sus-Christ<\/em> <\/strong><\/a>(1982), des seconds r\u00f4les, <strong><em>Le Pistonn\u00e9<\/em><\/strong> (1970) ou <strong><em>Elle Court, Elle Court la Banlieue<\/em><\/strong> (1972), des p\u00e9loches entre deux eaux, <strong><em><a href=\"https:\/\/www.youtube.com\/watch?v=MH-8CqC_PGY\" target=\"_blank\" rel=\"noopener\">Le Ma\u00eetre d\u2019Ecole<\/a> <\/em><\/strong>(1981) et puis <strong>\u00ab LE \u00bb film<\/strong> :<strong><em> Tchao Pantin<\/em><\/strong> (1983). <strong>C\u00e9saris\u00e9<\/strong>, <strong>Coluche<\/strong> re\u00e7oit son prix en <strong>d\u00e9connant<\/strong> mais, <strong>au fond de ses yeux,<\/strong> un sentiment reluit : \u00ab <strong><em>Merci<\/em> <\/strong>\u00bb.<\/p>\n<h3>Tchao Pantin &#8211; Extrait<\/h3>\n<div class=\"youtube-embed\" data-video_id=\"nxvJr25zSYw\"><iframe loading=\"lazy\" title=\"Tchao Pantin - NEW TV Trailer (RTBF)\" width=\"696\" height=\"392\" src=\"https:\/\/www.youtube.com\/embed\/nxvJr25zSYw\" frameborder=\"0\" allow=\"accelerometer; autoplay; clipboard-write; encrypted-media; gyroscope; picture-in-picture; web-share\" referrerpolicy=\"strict-origin-when-cross-origin\" allowfullscreen><\/iframe><\/div>\n<p style=\"text-align: justify;\"><strong>Qu\u2019aurait-il pens\u00e9 de notre quotidien<\/strong>, qu\u2019aurait-il exprim\u00e9 \u00e0 propos des attentats de <strong><em>Charly Hebdo<\/em> ?<\/strong> Des<strong><em> Gilets Jaunes<\/em><\/strong> <strong>?<\/strong> Du <strong>Covid<\/strong> <strong>?<\/strong> Nul ne peut le dire mais il y a fort \u00e0 parier qu\u2019<strong>il l\u2019aurait fait haut et fort<\/strong>. <strong>Coluche<\/strong>, <strong>grande gueule<\/strong> ? Assur\u00e9ment. <strong>Essentiel<\/strong> ? Probablement. <strong>Oubli\u00e9 ?<\/strong><\/p>\n<h3 style=\"text-align: justify;\">\u00ab <em>\u2026 jamais, au grand jamais, son trou dans l\u2019eau n\u2019se refermait, cent ans apr\u00e8s coquin de sort il manquait encore<\/em> \u00bb (G. Brassens)<\/h3>\n<p style=\"text-align: justify;\"><strong>Coluche nous quitte en juin 1986<\/strong>, les cheveux au vent sur une 1100. <strong>Dans sa maison<\/strong>, Il avait install\u00e9 une \u00ab <strong>boite \u00e0 billets<\/strong> \u00bb. Si vous aviez un probl\u00e8me d\u2019argent, <strong>vous pouviez vous servir<\/strong>. <a href=\"https:\/\/www.youtube.com\/watch?v=CWJmBBxJlig\" target=\"_blank\" rel=\"noopener\"><strong>Les copains d\u2019abord \u2026<\/strong><\/a><\/p>\n<p>Thierry Dauge<\/p>\n","protected":false},"excerpt":{"rendered":"<p>COLUCHE &#8211; Un mec, une histoire \u00ab Mis\u00e8re, mis\u00e8\u00e8\u00e8\u00e8\u00e8re-reu. C\u2019est toujours sur les pauvres gens que tu t\u2019acharnes obstin\u00e9ment \u00bb Coluche, une institution, un incontournable trublion. Butinons un mec et une histoire, de la gaudriole aux Restos du C\u0153ur. Les d\u00e9buts t\u00e9l\u00e9visuels du \u00ab mec \u00bb, versant humoriste, se situent chez Guy Lux au printemps [&hellip;]<\/p>\n","protected":false},"author":3,"featured_media":18051,"comment_status":"open","ping_status":"open","sticky":false,"template":"","format":"image","meta":{"jetpack_post_was_ever_published":false,"tdm_status":"","tdm_grid_status":"","_jetpack_newsletter_access":"","_jetpack_dont_email_post_to_subs":false,"_jetpack_newsletter_tier_id":0,"_jetpack_memberships_contains_paywalled_content":false,"_jetpack_memberships_contains_paid_content":false,"footnotes":""},"categories":[24,63],"tags":[14127],"class_list":{"0":"post-18050","1":"post","2":"type-post","3":"status-publish","4":"format-image","5":"has-post-thumbnail","7":"category-cinema","8":"category-television","9":"tag-humoriste","10":"post_format-post-format-image"},"yoast_head":"<!-- This site is optimized with the Yoast SEO plugin v27.4 - https:\/\/yoast.com\/product\/yoast-seo-wordpress\/ -->\n<title>COLUCHE - Un mec, une histoire - Culturesco humoriste<\/title>\n<meta name=\"description\" content=\"CulturesCo | Un nom, Coluche, un mec, une histoire. Humoriste, acteur, chroniqueur radio, inventeur des Restos du C\u0153ur. Un Homme.\" \/>\n<meta name=\"robots\" content=\"index, follow, max-snippet:-1, max-image-preview:large, max-video-preview:-1\" \/>\n<link rel=\"canonical\" href=\"https:\/\/culturesco.com\/index.php\/2022\/10\/19\/coluche-un-mec-une-histoire\/\" \/>\n<meta property=\"og:locale\" content=\"fr_FR\" \/>\n<meta property=\"og:type\" content=\"article\" \/>\n<meta property=\"og:title\" content=\"COLUCHE - Un mec, une histoire - Culturesco humoriste\" \/>\n<meta property=\"og:description\" content=\"CulturesCo | Un nom, Coluche, un mec, une histoire. Humoriste, acteur, chroniqueur radio, inventeur des Restos du C\u0153ur. Un Homme.\" \/>\n<meta property=\"og:url\" content=\"https:\/\/culturesco.com\/index.php\/2022\/10\/19\/coluche-un-mec-une-histoire\/\" \/>\n<meta property=\"og:site_name\" content=\"Culturesco\" \/>\n<meta property=\"article:publisher\" content=\"https:\/\/www.facebook.com\/radioculturesco\" \/>\n<meta property=\"article:published_time\" content=\"2022-10-19T16:38:40+00:00\" \/>\n<meta property=\"article:modified_time\" content=\"2022-10-19T16:50:51+00:00\" \/>\n<meta property=\"og:image\" content=\"https:\/\/culturesco.com\/wp-content\/uploads\/2022\/10\/COLUCHE-Front.jpg\" \/>\n\t<meta property=\"og:image:width\" content=\"600\" \/>\n\t<meta property=\"og:image:height\" content=\"314\" \/>\n\t<meta property=\"og:image:type\" content=\"image\/jpeg\" \/>\n<meta name=\"author\" content=\"Thierry Dauge\" \/>\n<meta name=\"twitter:card\" content=\"summary_large_image\" \/>\n<meta name=\"twitter:creator\" content=\"@AugusteMarshal\" \/>\n<meta name=\"twitter:site\" content=\"@AugusteMarshal\" \/>\n<meta name=\"twitter:label1\" content=\"\u00c9crit par\" \/>\n\t<meta name=\"twitter:data1\" content=\"Thierry Dauge\" \/>\n\t<meta name=\"twitter:label2\" content=\"Dur\u00e9e de lecture estim\u00e9e\" \/>\n\t<meta name=\"twitter:data2\" content=\"6 minutes\" \/>\n<script type=\"application\/ld+json\" class=\"yoast-schema-graph\">{\"@context\":\"https:\\\/\\\/schema.org\",\"@graph\":[{\"@type\":\"Article\",\"@id\":\"https:\\\/\\\/culturesco.com\\\/index.php\\\/2022\\\/10\\\/19\\\/coluche-un-mec-une-histoire\\\/#article\",\"isPartOf\":{\"@id\":\"https:\\\/\\\/culturesco.com\\\/index.php\\\/2022\\\/10\\\/19\\\/coluche-un-mec-une-histoire\\\/\"},\"author\":{\"name\":\"Thierry Dauge\",\"@id\":\"https:\\\/\\\/culturesco.com\\\/#\\\/schema\\\/person\\\/19f04cf232d246197f6e7d62abe6cb0e\"},\"headline\":\"COLUCHE &#8211; Un mec, une histoire\",\"datePublished\":\"2022-10-19T16:38:40+00:00\",\"dateModified\":\"2022-10-19T16:50:51+00:00\",\"mainEntityOfPage\":{\"@id\":\"https:\\\/\\\/culturesco.com\\\/index.php\\\/2022\\\/10\\\/19\\\/coluche-un-mec-une-histoire\\\/\"},\"wordCount\":1113,\"commentCount\":0,\"publisher\":{\"@id\":\"https:\\\/\\\/culturesco.com\\\/#organization\"},\"image\":{\"@id\":\"https:\\\/\\\/culturesco.com\\\/index.php\\\/2022\\\/10\\\/19\\\/coluche-un-mec-une-histoire\\\/#primaryimage\"},\"thumbnailUrl\":\"https:\\\/\\\/i0.wp.com\\\/culturesco.com\\\/wp-content\\\/uploads\\\/2022\\\/10\\\/COLUCHE-Front.jpg?fit=600%2C314&ssl=1\",\"keywords\":[\"humoriste\"],\"articleSection\":[\"Cin\u00e9ma\",\"Television\"],\"inLanguage\":\"fr-FR\",\"potentialAction\":[{\"@type\":\"CommentAction\",\"name\":\"Comment\",\"target\":[\"https:\\\/\\\/culturesco.com\\\/index.php\\\/2022\\\/10\\\/19\\\/coluche-un-mec-une-histoire\\\/#respond\"]}]},{\"@type\":\"WebPage\",\"@id\":\"https:\\\/\\\/culturesco.com\\\/index.php\\\/2022\\\/10\\\/19\\\/coluche-un-mec-une-histoire\\\/\",\"url\":\"https:\\\/\\\/culturesco.com\\\/index.php\\\/2022\\\/10\\\/19\\\/coluche-un-mec-une-histoire\\\/\",\"name\":\"COLUCHE - Un mec, une histoire - Culturesco humoriste\",\"isPartOf\":{\"@id\":\"https:\\\/\\\/culturesco.com\\\/#website\"},\"primaryImageOfPage\":{\"@id\":\"https:\\\/\\\/culturesco.com\\\/index.php\\\/2022\\\/10\\\/19\\\/coluche-un-mec-une-histoire\\\/#primaryimage\"},\"image\":{\"@id\":\"https:\\\/\\\/culturesco.com\\\/index.php\\\/2022\\\/10\\\/19\\\/coluche-un-mec-une-histoire\\\/#primaryimage\"},\"thumbnailUrl\":\"https:\\\/\\\/i0.wp.com\\\/culturesco.com\\\/wp-content\\\/uploads\\\/2022\\\/10\\\/COLUCHE-Front.jpg?fit=600%2C314&ssl=1\",\"datePublished\":\"2022-10-19T16:38:40+00:00\",\"dateModified\":\"2022-10-19T16:50:51+00:00\",\"description\":\"CulturesCo | Un nom, Coluche, un mec, une histoire. Humoriste, acteur, chroniqueur radio, inventeur des Restos du C\u0153ur. Un Homme.\",\"breadcrumb\":{\"@id\":\"https:\\\/\\\/culturesco.com\\\/index.php\\\/2022\\\/10\\\/19\\\/coluche-un-mec-une-histoire\\\/#breadcrumb\"},\"inLanguage\":\"fr-FR\",\"potentialAction\":[{\"@type\":\"ReadAction\",\"target\":[\"https:\\\/\\\/culturesco.com\\\/index.php\\\/2022\\\/10\\\/19\\\/coluche-un-mec-une-histoire\\\/\"]}]},{\"@type\":\"ImageObject\",\"inLanguage\":\"fr-FR\",\"@id\":\"https:\\\/\\\/culturesco.com\\\/index.php\\\/2022\\\/10\\\/19\\\/coluche-un-mec-une-histoire\\\/#primaryimage\",\"url\":\"https:\\\/\\\/i0.wp.com\\\/culturesco.com\\\/wp-content\\\/uploads\\\/2022\\\/10\\\/COLUCHE-Front.jpg?fit=600%2C314&ssl=1\",\"contentUrl\":\"https:\\\/\\\/i0.wp.com\\\/culturesco.com\\\/wp-content\\\/uploads\\\/2022\\\/10\\\/COLUCHE-Front.jpg?fit=600%2C314&ssl=1\",\"width\":600,\"height\":314,\"caption\":\"Coluche\"},{\"@type\":\"BreadcrumbList\",\"@id\":\"https:\\\/\\\/culturesco.com\\\/index.php\\\/2022\\\/10\\\/19\\\/coluche-un-mec-une-histoire\\\/#breadcrumb\",\"itemListElement\":[{\"@type\":\"ListItem\",\"position\":1,\"name\":\"Accueil\",\"item\":\"https:\\\/\\\/culturesco.com\\\/\"},{\"@type\":\"ListItem\",\"position\":2,\"name\":\"COLUCHE &#8211; Un mec, une histoire\"}]},{\"@type\":\"WebSite\",\"@id\":\"https:\\\/\\\/culturesco.com\\\/#website\",\"url\":\"https:\\\/\\\/culturesco.com\\\/\",\"name\":\"Culturesco\",\"description\":\"Culturesco | Un bon coup de pied dans ta Culture\",\"publisher\":{\"@id\":\"https:\\\/\\\/culturesco.com\\\/#organization\"},\"potentialAction\":[{\"@type\":\"SearchAction\",\"target\":{\"@type\":\"EntryPoint\",\"urlTemplate\":\"https:\\\/\\\/culturesco.com\\\/?s={search_term_string}\"},\"query-input\":{\"@type\":\"PropertyValueSpecification\",\"valueRequired\":true,\"valueName\":\"search_term_string\"}}],\"inLanguage\":\"fr-FR\"},{\"@type\":\"Organization\",\"@id\":\"https:\\\/\\\/culturesco.com\\\/#organization\",\"name\":\"CULTURESCO\",\"url\":\"https:\\\/\\\/culturesco.com\\\/\",\"logo\":{\"@type\":\"ImageObject\",\"inLanguage\":\"fr-FR\",\"@id\":\"https:\\\/\\\/culturesco.com\\\/#\\\/schema\\\/logo\\\/image\\\/\",\"url\":\"https:\\\/\\\/i0.wp.com\\\/culturesco.com\\\/wp-content\\\/uploads\\\/2022\\\/04\\\/culturesco-logo-blanc250p.png?fit=250%2C250&ssl=1\",\"contentUrl\":\"https:\\\/\\\/i0.wp.com\\\/culturesco.com\\\/wp-content\\\/uploads\\\/2022\\\/04\\\/culturesco-logo-blanc250p.png?fit=250%2C250&ssl=1\",\"width\":250,\"height\":250,\"caption\":\"CULTURESCO\"},\"image\":{\"@id\":\"https:\\\/\\\/culturesco.com\\\/#\\\/schema\\\/logo\\\/image\\\/\"},\"sameAs\":[\"https:\\\/\\\/www.facebook.com\\\/radioculturesco\",\"https:\\\/\\\/x.com\\\/AugusteMarshal\",\"https:\\\/\\\/www.instagram.com\\\/carotte_rock_culture\\\/\",\"https:\\\/\\\/www.pinterest.fr\\\/augustemarshal\\\/\",\"https:\\\/\\\/www.youtube.com\\\/channel\\\/UCiWLGffqWSXlNnfzp6YwwyQ\"]},{\"@type\":\"Person\",\"@id\":\"https:\\\/\\\/culturesco.com\\\/#\\\/schema\\\/person\\\/19f04cf232d246197f6e7d62abe6cb0e\",\"name\":\"Thierry Dauge\",\"image\":{\"@type\":\"ImageObject\",\"inLanguage\":\"fr-FR\",\"@id\":\"https:\\\/\\\/i0.wp.com\\\/culturesco.com\\\/wp-content\\\/uploads\\\/2018\\\/12\\\/Black-Beauty-and-me.jpg?fit=96%2C96&ssl=1\",\"url\":\"https:\\\/\\\/i0.wp.com\\\/culturesco.com\\\/wp-content\\\/uploads\\\/2018\\\/12\\\/Black-Beauty-and-me.jpg?fit=96%2C96&ssl=1\",\"contentUrl\":\"https:\\\/\\\/i0.wp.com\\\/culturesco.com\\\/wp-content\\\/uploads\\\/2018\\\/12\\\/Black-Beauty-and-me.jpg?fit=96%2C96&ssl=1\",\"caption\":\"Thierry Dauge\"},\"description\":\"Amoureux des 70\u2019s et du hard rock en particulier, Thierry Dauge est chroniqueur sur Culturesco par amour de l\u2019\u00e9criture musicale. Co-auteur du livre\\\"Pop rock - Les instruments de l'ombre\\\" aux \u00e9ditions du Camion Blanc, collaborateur de Vivi pour \\\"Mes Ann\u00e9es Trust\\\", auteur de \\\"Sparks\\\" aux \u00e9ditions du Layeur, parce que le rock est loin d'\u00eatre mort ...\",\"url\":\"https:\\\/\\\/culturesco.com\\\/index.php\\\/author\\\/thierry-dauge888\\\/\"}]}<\/script>\n<!-- \/ Yoast SEO plugin. -->","yoast_head_json":{"title":"COLUCHE - Un mec, une histoire - Culturesco humoriste","description":"CulturesCo | Un nom, Coluche, un mec, une histoire. Humoriste, acteur, chroniqueur radio, inventeur des Restos du C\u0153ur. Un Homme.","robots":{"index":"index","follow":"follow","max-snippet":"max-snippet:-1","max-image-preview":"max-image-preview:large","max-video-preview":"max-video-preview:-1"},"canonical":"https:\/\/culturesco.com\/index.php\/2022\/10\/19\/coluche-un-mec-une-histoire\/","og_locale":"fr_FR","og_type":"article","og_title":"COLUCHE - Un mec, une histoire - Culturesco humoriste","og_description":"CulturesCo | Un nom, Coluche, un mec, une histoire. Humoriste, acteur, chroniqueur radio, inventeur des Restos du C\u0153ur. Un Homme.","og_url":"https:\/\/culturesco.com\/index.php\/2022\/10\/19\/coluche-un-mec-une-histoire\/","og_site_name":"Culturesco","article_publisher":"https:\/\/www.facebook.com\/radioculturesco","article_published_time":"2022-10-19T16:38:40+00:00","article_modified_time":"2022-10-19T16:50:51+00:00","og_image":[{"width":600,"height":314,"url":"https:\/\/culturesco.com\/wp-content\/uploads\/2022\/10\/COLUCHE-Front.jpg","type":"image\/jpeg"}],"author":"Thierry Dauge","twitter_card":"summary_large_image","twitter_creator":"@AugusteMarshal","twitter_site":"@AugusteMarshal","twitter_misc":{"\u00c9crit par":"Thierry Dauge","Dur\u00e9e de lecture estim\u00e9e":"6 minutes"},"schema":{"@context":"https:\/\/schema.org","@graph":[{"@type":"Article","@id":"https:\/\/culturesco.com\/index.php\/2022\/10\/19\/coluche-un-mec-une-histoire\/#article","isPartOf":{"@id":"https:\/\/culturesco.com\/index.php\/2022\/10\/19\/coluche-un-mec-une-histoire\/"},"author":{"name":"Thierry Dauge","@id":"https:\/\/culturesco.com\/#\/schema\/person\/19f04cf232d246197f6e7d62abe6cb0e"},"headline":"COLUCHE &#8211; Un mec, une histoire","datePublished":"2022-10-19T16:38:40+00:00","dateModified":"2022-10-19T16:50:51+00:00","mainEntityOfPage":{"@id":"https:\/\/culturesco.com\/index.php\/2022\/10\/19\/coluche-un-mec-une-histoire\/"},"wordCount":1113,"commentCount":0,"publisher":{"@id":"https:\/\/culturesco.com\/#organization"},"image":{"@id":"https:\/\/culturesco.com\/index.php\/2022\/10\/19\/coluche-un-mec-une-histoire\/#primaryimage"},"thumbnailUrl":"https:\/\/i0.wp.com\/culturesco.com\/wp-content\/uploads\/2022\/10\/COLUCHE-Front.jpg?fit=600%2C314&ssl=1","keywords":["humoriste"],"articleSection":["Cin\u00e9ma","Television"],"inLanguage":"fr-FR","potentialAction":[{"@type":"CommentAction","name":"Comment","target":["https:\/\/culturesco.com\/index.php\/2022\/10\/19\/coluche-un-mec-une-histoire\/#respond"]}]},{"@type":"WebPage","@id":"https:\/\/culturesco.com\/index.php\/2022\/10\/19\/coluche-un-mec-une-histoire\/","url":"https:\/\/culturesco.com\/index.php\/2022\/10\/19\/coluche-un-mec-une-histoire\/","name":"COLUCHE - Un mec, une histoire - Culturesco humoriste","isPartOf":{"@id":"https:\/\/culturesco.com\/#website"},"primaryImageOfPage":{"@id":"https:\/\/culturesco.com\/index.php\/2022\/10\/19\/coluche-un-mec-une-histoire\/#primaryimage"},"image":{"@id":"https:\/\/culturesco.com\/index.php\/2022\/10\/19\/coluche-un-mec-une-histoire\/#primaryimage"},"thumbnailUrl":"https:\/\/i0.wp.com\/culturesco.com\/wp-content\/uploads\/2022\/10\/COLUCHE-Front.jpg?fit=600%2C314&ssl=1","datePublished":"2022-10-19T16:38:40+00:00","dateModified":"2022-10-19T16:50:51+00:00","description":"CulturesCo | Un nom, Coluche, un mec, une histoire. Humoriste, acteur, chroniqueur radio, inventeur des Restos du C\u0153ur. Un Homme.","breadcrumb":{"@id":"https:\/\/culturesco.com\/index.php\/2022\/10\/19\/coluche-un-mec-une-histoire\/#breadcrumb"},"inLanguage":"fr-FR","potentialAction":[{"@type":"ReadAction","target":["https:\/\/culturesco.com\/index.php\/2022\/10\/19\/coluche-un-mec-une-histoire\/"]}]},{"@type":"ImageObject","inLanguage":"fr-FR","@id":"https:\/\/culturesco.com\/index.php\/2022\/10\/19\/coluche-un-mec-une-histoire\/#primaryimage","url":"https:\/\/i0.wp.com\/culturesco.com\/wp-content\/uploads\/2022\/10\/COLUCHE-Front.jpg?fit=600%2C314&ssl=1","contentUrl":"https:\/\/i0.wp.com\/culturesco.com\/wp-content\/uploads\/2022\/10\/COLUCHE-Front.jpg?fit=600%2C314&ssl=1","width":600,"height":314,"caption":"Coluche"},{"@type":"BreadcrumbList","@id":"https:\/\/culturesco.com\/index.php\/2022\/10\/19\/coluche-un-mec-une-histoire\/#breadcrumb","itemListElement":[{"@type":"ListItem","position":1,"name":"Accueil","item":"https:\/\/culturesco.com\/"},{"@type":"ListItem","position":2,"name":"COLUCHE &#8211; Un mec, une histoire"}]},{"@type":"WebSite","@id":"https:\/\/culturesco.com\/#website","url":"https:\/\/culturesco.com\/","name":"Culturesco","description":"Culturesco | Un bon coup de pied dans ta Culture","publisher":{"@id":"https:\/\/culturesco.com\/#organization"},"potentialAction":[{"@type":"SearchAction","target":{"@type":"EntryPoint","urlTemplate":"https:\/\/culturesco.com\/?s={search_term_string}"},"query-input":{"@type":"PropertyValueSpecification","valueRequired":true,"valueName":"search_term_string"}}],"inLanguage":"fr-FR"},{"@type":"Organization","@id":"https:\/\/culturesco.com\/#organization","name":"CULTURESCO","url":"https:\/\/culturesco.com\/","logo":{"@type":"ImageObject","inLanguage":"fr-FR","@id":"https:\/\/culturesco.com\/#\/schema\/logo\/image\/","url":"https:\/\/i0.wp.com\/culturesco.com\/wp-content\/uploads\/2022\/04\/culturesco-logo-blanc250p.png?fit=250%2C250&ssl=1","contentUrl":"https:\/\/i0.wp.com\/culturesco.com\/wp-content\/uploads\/2022\/04\/culturesco-logo-blanc250p.png?fit=250%2C250&ssl=1","width":250,"height":250,"caption":"CULTURESCO"},"image":{"@id":"https:\/\/culturesco.com\/#\/schema\/logo\/image\/"},"sameAs":["https:\/\/www.facebook.com\/radioculturesco","https:\/\/x.com\/AugusteMarshal","https:\/\/www.instagram.com\/carotte_rock_culture\/","https:\/\/www.pinterest.fr\/augustemarshal\/","https:\/\/www.youtube.com\/channel\/UCiWLGffqWSXlNnfzp6YwwyQ"]},{"@type":"Person","@id":"https:\/\/culturesco.com\/#\/schema\/person\/19f04cf232d246197f6e7d62abe6cb0e","name":"Thierry Dauge","image":{"@type":"ImageObject","inLanguage":"fr-FR","@id":"https:\/\/i0.wp.com\/culturesco.com\/wp-content\/uploads\/2018\/12\/Black-Beauty-and-me.jpg?fit=96%2C96&ssl=1","url":"https:\/\/i0.wp.com\/culturesco.com\/wp-content\/uploads\/2018\/12\/Black-Beauty-and-me.jpg?fit=96%2C96&ssl=1","contentUrl":"https:\/\/i0.wp.com\/culturesco.com\/wp-content\/uploads\/2018\/12\/Black-Beauty-and-me.jpg?fit=96%2C96&ssl=1","caption":"Thierry Dauge"},"description":"Amoureux des 70\u2019s et du hard rock en particulier, Thierry Dauge est chroniqueur sur Culturesco par amour de l\u2019\u00e9criture musicale. Co-auteur du livre\"Pop rock - Les instruments de l'ombre\" aux \u00e9ditions du Camion Blanc, collaborateur de Vivi pour \"Mes Ann\u00e9es Trust\", auteur de \"Sparks\" aux \u00e9ditions du Layeur, parce que le rock est loin d'\u00eatre mort ...","url":"https:\/\/culturesco.com\/index.php\/author\/thierry-dauge888\/"}]}},"jetpack_featured_media_url":"https:\/\/i0.wp.com\/culturesco.com\/wp-content\/uploads\/2022\/10\/COLUCHE-Front.jpg?fit=600%2C314&ssl=1","jetpack_likes_enabled":true,"jetpack_sharing_enabled":true,"jetpack_shortlink":"https:\/\/wp.me\/paz89I-4H8","_links":{"self":[{"href":"https:\/\/culturesco.com\/index.php\/wp-json\/wp\/v2\/posts\/18050","targetHints":{"allow":["GET"]}}],"collection":[{"href":"https:\/\/culturesco.com\/index.php\/wp-json\/wp\/v2\/posts"}],"about":[{"href":"https:\/\/culturesco.com\/index.php\/wp-json\/wp\/v2\/types\/post"}],"author":[{"embeddable":true,"href":"https:\/\/culturesco.com\/index.php\/wp-json\/wp\/v2\/users\/3"}],"replies":[{"embeddable":true,"href":"https:\/\/culturesco.com\/index.php\/wp-json\/wp\/v2\/comments?post=18050"}],"version-history":[{"count":0,"href":"https:\/\/culturesco.com\/index.php\/wp-json\/wp\/v2\/posts\/18050\/revisions"}],"wp:featuredmedia":[{"embeddable":true,"href":"https:\/\/culturesco.com\/index.php\/wp-json\/wp\/v2\/media\/18051"}],"wp:attachment":[{"href":"https:\/\/culturesco.com\/index.php\/wp-json\/wp\/v2\/media?parent=18050"}],"wp:term":[{"taxonomy":"category","embeddable":true,"href":"https:\/\/culturesco.com\/index.php\/wp-json\/wp\/v2\/categories?post=18050"},{"taxonomy":"post_tag","embeddable":true,"href":"https:\/\/culturesco.com\/index.php\/wp-json\/wp\/v2\/tags?post=18050"}],"curies":[{"name":"wp","href":"https:\/\/api.w.org\/{rel}","templated":true}]}}