{"id":18008,"date":"2022-10-12T03:46:52","date_gmt":"2022-10-12T01:46:52","guid":{"rendered":"https:\/\/culturesco.com\/?p=18008"},"modified":"2022-10-12T03:46:52","modified_gmt":"2022-10-12T01:46:52","slug":"vadim-vernay-hang-tight","status":"publish","type":"post","link":"https:\/\/culturesco.com\/index.php\/2022\/10\/12\/vadim-vernay-hang-tight\/","title":{"rendered":"Vadim Vernay \u2013 Hang Tight"},"content":{"rendered":"<h2 style=\"text-align: justify\">Du rock \u00e0 l&rsquo;\u00e9lectro<\/h2>\n<figure id=\"attachment_18009\" aria-describedby=\"caption-attachment-18009\" style=\"width: 293px\" class=\"wp-caption alignnone\"><img data-recalc-dims=\"1\" loading=\"lazy\" decoding=\"async\" class=\"size-medium wp-image-18009\" src=\"https:\/\/i0.wp.com\/culturesco.com\/wp-content\/uploads\/2022\/10\/Vadim-Vernay.jpeg?resize=293%2C300&#038;ssl=1\" alt=\"Vadim Vernay - Hang Tight\" width=\"293\" height=\"300\" srcset=\"https:\/\/i0.wp.com\/culturesco.com\/wp-content\/uploads\/2022\/10\/Vadim-Vernay.jpeg?resize=293%2C300&amp;ssl=1 293w, https:\/\/i0.wp.com\/culturesco.com\/wp-content\/uploads\/2022\/10\/Vadim-Vernay.jpeg?resize=613%2C627&amp;ssl=1 613w, https:\/\/i0.wp.com\/culturesco.com\/wp-content\/uploads\/2022\/10\/Vadim-Vernay.jpeg?resize=768%2C785&amp;ssl=1 768w, https:\/\/i0.wp.com\/culturesco.com\/wp-content\/uploads\/2022\/10\/Vadim-Vernay.jpeg?resize=696%2C712&amp;ssl=1 696w, https:\/\/i0.wp.com\/culturesco.com\/wp-content\/uploads\/2022\/10\/Vadim-Vernay.jpeg?resize=1068%2C1092&amp;ssl=1 1068w, https:\/\/i0.wp.com\/culturesco.com\/wp-content\/uploads\/2022\/10\/Vadim-Vernay.jpeg?resize=411%2C420&amp;ssl=1 411w, https:\/\/i0.wp.com\/culturesco.com\/wp-content\/uploads\/2022\/10\/Vadim-Vernay.jpeg?resize=356%2C364&amp;ssl=1 356w, https:\/\/i0.wp.com\/culturesco.com\/wp-content\/uploads\/2022\/10\/Vadim-Vernay.jpeg?resize=600%2C614&amp;ssl=1 600w, https:\/\/i0.wp.com\/culturesco.com\/wp-content\/uploads\/2022\/10\/Vadim-Vernay.jpeg?resize=50%2C50&amp;ssl=1 50w, https:\/\/i0.wp.com\/culturesco.com\/wp-content\/uploads\/2022\/10\/Vadim-Vernay.jpeg?resize=59%2C60&amp;ssl=1 59w, https:\/\/i0.wp.com\/culturesco.com\/wp-content\/uploads\/2022\/10\/Vadim-Vernay.jpeg?resize=88%2C90&amp;ssl=1 88w, https:\/\/i0.wp.com\/culturesco.com\/wp-content\/uploads\/2022\/10\/Vadim-Vernay.jpeg?w=587&amp;ssl=1 587w\" sizes=\"auto, (max-width: 293px) 100vw, 293px\" \/><figcaption id=\"caption-attachment-18009\" class=\"wp-caption-text\">Vadim Vernay &#8211; Hang Tight<\/figcaption><\/figure>\n<p><strong><span style=\"font-family: verdana, geneva, sans-serif;font-size: medium\">Entre l&rsquo;intime et l&rsquo;envol\u00e9e<\/span><\/strong><\/p>\n<h3 style=\"text-align: justify\"><span style=\"font-family: verdana, geneva, sans-serif;font-size: 12pt\">Apr\u00e8s une petite vadrouille en tant que batteur,<strong> Vadim Vernay<\/strong> se met \u00e0 l&rsquo;\u00e9lectro et, m\u00eame s&rsquo;il aime le fran\u00e7ais, c&rsquo;est en anglais qu&rsquo;il se rapproche de ses envies de chant grave et doux \u00e0 la fois.<\/span><\/h3>\n<p style=\"text-align: justify\">Avec ce second album il s&rsquo;engage <strong>entre le folk et le trip hop<\/strong> avec une v\u00e9ritable passion pour <strong>Tricky<\/strong>. Il suffit d&rsquo;\u00e9couter les deux premiers titres pour s&rsquo;engager dans cet univers\u00a0: <strong>\u00ab\u00a0Self Influcted\u00a0\u00bb<\/strong> et l&rsquo;intransigeant <strong>\u00ab\u00a0How\u00a0\u00bb<\/strong>.<\/p>\n<h3><em>Vadim Vernay &#8211; How (officiel video)<\/em><\/h3>\n<div class=\"youtube-embed\" data-video_id=\"YC0mKiASfSM\"><iframe loading=\"lazy\" title=\"Vadim Vernay - How (Official Music Video)\" width=\"696\" height=\"392\" src=\"https:\/\/www.youtube.com\/embed\/YC0mKiASfSM\" frameborder=\"0\" allow=\"accelerometer; autoplay; clipboard-write; encrypted-media; gyroscope; picture-in-picture; web-share\" referrerpolicy=\"strict-origin-when-cross-origin\" allowfullscreen><\/iframe><\/div>\n<p style=\"text-align: justify\">Entre deux ballades comme <strong>\u00ab\u00a0Gallow Tree\u00a0\u00bb<\/strong>, il n&rsquo;h\u00e9site pas \u00e0 se m\u00ealer avec des guitares vicieuses et l&rsquo;electro qu&rsquo;il appr\u00e9cie d\u00e9sormais. En tant qu&rsquo;ancien batteur, il confie les f\u00fbts et les cymbales \u00e0 deux sp\u00e9cialistes\u00a0: <strong>Louis et Jocelyn<\/strong>. Alors on se tourne parfois du c\u00f4t\u00e9 de <strong>Mark Lanegan<\/strong> et \u00e7a devient beau et angoissant. <strong>Vadim Vernay<\/strong> aime l&rsquo;intimit\u00e9 autant que les belles envol\u00e9es, guitares \u00e0 l&rsquo;appui \u00e0 l&rsquo;instar de <strong>\u00ab\u00a0Quicksands\u00a0\u00bb<\/strong>.<\/p>\n<h3><em>Vadim Vernay &#8211; Band Land Alley (official video)<\/em><\/h3>\n<div class=\"youtube-embed\" data-video_id=\"_bZbzt8eX90\"><iframe loading=\"lazy\" title=\"Vadim Vernay - Bad Land Alley (Official Music Video)\" width=\"696\" height=\"392\" src=\"https:\/\/www.youtube.com\/embed\/_bZbzt8eX90\" frameborder=\"0\" allow=\"accelerometer; autoplay; clipboard-write; encrypted-media; gyroscope; picture-in-picture; web-share\" referrerpolicy=\"strict-origin-when-cross-origin\" allowfullscreen><\/iframe><\/div>\n<p style=\"text-align: justify\">Cet album marque incontestablement les d\u00e9buts enthousiastes d&rsquo;un type qui sait autant appr\u00e9cier <strong>les titres discrets que le rock le plus teigneuxxxxxxxxxxxxxxxxxx.<\/strong> Il sait alterner les mouvements doux et les purs \u00e9lans envout\u00e9s au point de finir en version folk et d\u00e9nud\u00e9 avec chant et guitare (<strong>\u00ab\u00a0Band Land Alley\u00a0\u00bb<\/strong>).<\/p>\n<p style=\"text-align: justify\"><strong>Vadim Vernay \u2013 Hang Tight<\/strong><\/p>\n<p style=\"text-align: justify\">La Mais*n<\/p>\n<p style=\"text-align: justify\"><strong>Patrick B\u00e9nard<\/strong><\/p>\n","protected":false},"excerpt":{"rendered":"<p>Du rock \u00e0 l&rsquo;\u00e9lectro Entre l&rsquo;intime et l&rsquo;envol\u00e9e Apr\u00e8s une petite vadrouille en tant que batteur, Vadim Vernay se met \u00e0 l&rsquo;\u00e9lectro et, m\u00eame s&rsquo;il aime le fran\u00e7ais, c&rsquo;est en anglais qu&rsquo;il se rapproche de ses envies de chant grave et doux \u00e0 la fois. Avec ce second album il s&rsquo;engage entre le folk et [&hellip;]<\/p>\n","protected":false},"author":4,"featured_media":18009,"comment_status":"open","ping_status":"open","sticky":false,"template":"","format":"image","meta":{"jetpack_post_was_ever_published":false,"tdm_status":"","tdm_grid_status":"","_jetpack_newsletter_access":"","_jetpack_dont_email_post_to_subs":false,"_jetpack_newsletter_tier_id":0,"_jetpack_memberships_contains_paywalled_content":false,"_jetpack_memberships_contains_paid_content":false,"footnotes":""},"categories":[30,17,36],"tags":[37,72],"class_list":{"0":"post-18008","1":"post","2":"type-post","3":"status-publish","4":"format-image","5":"has-post-thumbnail","7":"category-albums-rock","8":"category-carotte-rock-cultures","9":"category-groupes-rock-daujourdhui","10":"tag-album-rock","11":"tag-artiste-folk","12":"post_format-post-format-image"},"yoast_head":"<!-- This site is optimized with the Yoast SEO plugin v27.4 - https:\/\/yoast.com\/product\/yoast-seo-wordpress\/ -->\n<title>Vadim Vernay \u2013 Hang Tight - Culturesco<\/title>\n<meta name=\"description\" content=\"CulturesCo | Un bon coup de pied dans ta Culture | Chroniques et histoire du Rock, chanson fran\u00e7aise, litt\u00e9rature, cin\u00e9ma et bande dessin\u00e9e.\" \/>\n<meta name=\"robots\" content=\"index, follow, max-snippet:-1, max-image-preview:large, max-video-preview:-1\" \/>\n<link rel=\"canonical\" href=\"https:\/\/culturesco.com\/index.php\/2022\/10\/12\/vadim-vernay-hang-tight\/\" \/>\n<meta property=\"og:locale\" content=\"fr_FR\" \/>\n<meta property=\"og:type\" content=\"article\" \/>\n<meta property=\"og:title\" content=\"Vadim Vernay \u2013 Hang Tight - Culturesco\" \/>\n<meta property=\"og:description\" content=\"CulturesCo | Un bon coup de pied dans ta Culture | Chroniques et histoire du Rock, chanson fran\u00e7aise, litt\u00e9rature, cin\u00e9ma et bande dessin\u00e9e.\" \/>\n<meta property=\"og:url\" content=\"https:\/\/culturesco.com\/index.php\/2022\/10\/12\/vadim-vernay-hang-tight\/\" \/>\n<meta property=\"og:site_name\" content=\"Culturesco\" \/>\n<meta property=\"article:publisher\" content=\"https:\/\/www.facebook.com\/radioculturesco\" \/>\n<meta property=\"article:published_time\" content=\"2022-10-12T01:46:52+00:00\" \/>\n<meta property=\"og:image\" content=\"https:\/\/culturesco.com\/wp-content\/uploads\/2022\/10\/Vadim-Vernay.jpeg\" \/>\n\t<meta property=\"og:image:width\" content=\"587\" \/>\n\t<meta property=\"og:image:height\" content=\"600\" \/>\n\t<meta property=\"og:image:type\" content=\"image\/jpeg\" \/>\n<meta name=\"author\" content=\"Patrick Benard\" \/>\n<meta name=\"twitter:card\" content=\"summary_large_image\" \/>\n<meta name=\"twitter:creator\" content=\"@AugusteMarshal\" \/>\n<meta name=\"twitter:site\" content=\"@AugusteMarshal\" \/>\n<meta name=\"twitter:label1\" content=\"\u00c9crit par\" \/>\n\t<meta name=\"twitter:data1\" content=\"Patrick Benard\" \/>\n\t<meta name=\"twitter:label2\" content=\"Dur\u00e9e de lecture estim\u00e9e\" \/>\n\t<meta name=\"twitter:data2\" content=\"2 minutes\" \/>\n<script type=\"application\/ld+json\" class=\"yoast-schema-graph\">{\"@context\":\"https:\\\/\\\/schema.org\",\"@graph\":[{\"@type\":\"Article\",\"@id\":\"https:\\\/\\\/culturesco.com\\\/index.php\\\/2022\\\/10\\\/12\\\/vadim-vernay-hang-tight\\\/#article\",\"isPartOf\":{\"@id\":\"https:\\\/\\\/culturesco.com\\\/index.php\\\/2022\\\/10\\\/12\\\/vadim-vernay-hang-tight\\\/\"},\"author\":{\"name\":\"Patrick Benard\",\"@id\":\"https:\\\/\\\/culturesco.com\\\/#\\\/schema\\\/person\\\/c2ddd6724863f3bbd20a8278df0891f3\"},\"headline\":\"Vadim Vernay \u2013 Hang Tight\",\"datePublished\":\"2022-10-12T01:46:52+00:00\",\"mainEntityOfPage\":{\"@id\":\"https:\\\/\\\/culturesco.com\\\/index.php\\\/2022\\\/10\\\/12\\\/vadim-vernay-hang-tight\\\/\"},\"wordCount\":285,\"commentCount\":0,\"publisher\":{\"@id\":\"https:\\\/\\\/culturesco.com\\\/#organization\"},\"image\":{\"@id\":\"https:\\\/\\\/culturesco.com\\\/index.php\\\/2022\\\/10\\\/12\\\/vadim-vernay-hang-tight\\\/#primaryimage\"},\"thumbnailUrl\":\"https:\\\/\\\/i0.wp.com\\\/culturesco.com\\\/wp-content\\\/uploads\\\/2022\\\/10\\\/Vadim-Vernay.jpeg?fit=587%2C600&ssl=1\",\"keywords\":[\"album rock\",\"Artiste Folk\"],\"articleSection\":[\"Albums rock\",\"Carotte Rock Cultures\",\"Groupes rock d'aujourd'hui\"],\"inLanguage\":\"fr-FR\",\"potentialAction\":[{\"@type\":\"CommentAction\",\"name\":\"Comment\",\"target\":[\"https:\\\/\\\/culturesco.com\\\/index.php\\\/2022\\\/10\\\/12\\\/vadim-vernay-hang-tight\\\/#respond\"]}]},{\"@type\":\"WebPage\",\"@id\":\"https:\\\/\\\/culturesco.com\\\/index.php\\\/2022\\\/10\\\/12\\\/vadim-vernay-hang-tight\\\/\",\"url\":\"https:\\\/\\\/culturesco.com\\\/index.php\\\/2022\\\/10\\\/12\\\/vadim-vernay-hang-tight\\\/\",\"name\":\"Vadim Vernay \u2013 Hang Tight - Culturesco\",\"isPartOf\":{\"@id\":\"https:\\\/\\\/culturesco.com\\\/#website\"},\"primaryImageOfPage\":{\"@id\":\"https:\\\/\\\/culturesco.com\\\/index.php\\\/2022\\\/10\\\/12\\\/vadim-vernay-hang-tight\\\/#primaryimage\"},\"image\":{\"@id\":\"https:\\\/\\\/culturesco.com\\\/index.php\\\/2022\\\/10\\\/12\\\/vadim-vernay-hang-tight\\\/#primaryimage\"},\"thumbnailUrl\":\"https:\\\/\\\/i0.wp.com\\\/culturesco.com\\\/wp-content\\\/uploads\\\/2022\\\/10\\\/Vadim-Vernay.jpeg?fit=587%2C600&ssl=1\",\"datePublished\":\"2022-10-12T01:46:52+00:00\",\"description\":\"CulturesCo | Un bon coup de pied dans ta Culture | Chroniques et histoire du Rock, chanson fran\u00e7aise, litt\u00e9rature, cin\u00e9ma et bande dessin\u00e9e.\",\"breadcrumb\":{\"@id\":\"https:\\\/\\\/culturesco.com\\\/index.php\\\/2022\\\/10\\\/12\\\/vadim-vernay-hang-tight\\\/#breadcrumb\"},\"inLanguage\":\"fr-FR\",\"potentialAction\":[{\"@type\":\"ReadAction\",\"target\":[\"https:\\\/\\\/culturesco.com\\\/index.php\\\/2022\\\/10\\\/12\\\/vadim-vernay-hang-tight\\\/\"]}]},{\"@type\":\"ImageObject\",\"inLanguage\":\"fr-FR\",\"@id\":\"https:\\\/\\\/culturesco.com\\\/index.php\\\/2022\\\/10\\\/12\\\/vadim-vernay-hang-tight\\\/#primaryimage\",\"url\":\"https:\\\/\\\/i0.wp.com\\\/culturesco.com\\\/wp-content\\\/uploads\\\/2022\\\/10\\\/Vadim-Vernay.jpeg?fit=587%2C600&ssl=1\",\"contentUrl\":\"https:\\\/\\\/i0.wp.com\\\/culturesco.com\\\/wp-content\\\/uploads\\\/2022\\\/10\\\/Vadim-Vernay.jpeg?fit=587%2C600&ssl=1\",\"width\":587,\"height\":600,\"caption\":\"Vadim Vernay - Hang Tight\"},{\"@type\":\"BreadcrumbList\",\"@id\":\"https:\\\/\\\/culturesco.com\\\/index.php\\\/2022\\\/10\\\/12\\\/vadim-vernay-hang-tight\\\/#breadcrumb\",\"itemListElement\":[{\"@type\":\"ListItem\",\"position\":1,\"name\":\"Accueil\",\"item\":\"https:\\\/\\\/culturesco.com\\\/\"},{\"@type\":\"ListItem\",\"position\":2,\"name\":\"Vadim Vernay \u2013 Hang Tight\"}]},{\"@type\":\"WebSite\",\"@id\":\"https:\\\/\\\/culturesco.com\\\/#website\",\"url\":\"https:\\\/\\\/culturesco.com\\\/\",\"name\":\"Culturesco\",\"description\":\"Culturesco | Un bon coup de pied dans ta Culture\",\"publisher\":{\"@id\":\"https:\\\/\\\/culturesco.com\\\/#organization\"},\"potentialAction\":[{\"@type\":\"SearchAction\",\"target\":{\"@type\":\"EntryPoint\",\"urlTemplate\":\"https:\\\/\\\/culturesco.com\\\/?s={search_term_string}\"},\"query-input\":{\"@type\":\"PropertyValueSpecification\",\"valueRequired\":true,\"valueName\":\"search_term_string\"}}],\"inLanguage\":\"fr-FR\"},{\"@type\":\"Organization\",\"@id\":\"https:\\\/\\\/culturesco.com\\\/#organization\",\"name\":\"CULTURESCO\",\"url\":\"https:\\\/\\\/culturesco.com\\\/\",\"logo\":{\"@type\":\"ImageObject\",\"inLanguage\":\"fr-FR\",\"@id\":\"https:\\\/\\\/culturesco.com\\\/#\\\/schema\\\/logo\\\/image\\\/\",\"url\":\"https:\\\/\\\/i0.wp.com\\\/culturesco.com\\\/wp-content\\\/uploads\\\/2022\\\/04\\\/culturesco-logo-blanc250p.png?fit=250%2C250&ssl=1\",\"contentUrl\":\"https:\\\/\\\/i0.wp.com\\\/culturesco.com\\\/wp-content\\\/uploads\\\/2022\\\/04\\\/culturesco-logo-blanc250p.png?fit=250%2C250&ssl=1\",\"width\":250,\"height\":250,\"caption\":\"CULTURESCO\"},\"image\":{\"@id\":\"https:\\\/\\\/culturesco.com\\\/#\\\/schema\\\/logo\\\/image\\\/\"},\"sameAs\":[\"https:\\\/\\\/www.facebook.com\\\/radioculturesco\",\"https:\\\/\\\/x.com\\\/AugusteMarshal\",\"https:\\\/\\\/www.instagram.com\\\/carotte_rock_culture\\\/\",\"https:\\\/\\\/www.pinterest.fr\\\/augustemarshal\\\/\",\"https:\\\/\\\/www.youtube.com\\\/channel\\\/UCiWLGffqWSXlNnfzp6YwwyQ\"]},{\"@type\":\"Person\",\"@id\":\"https:\\\/\\\/culturesco.com\\\/#\\\/schema\\\/person\\\/c2ddd6724863f3bbd20a8278df0891f3\",\"name\":\"Patrick Benard\",\"image\":{\"@type\":\"ImageObject\",\"inLanguage\":\"fr-FR\",\"@id\":\"https:\\\/\\\/i0.wp.com\\\/culturesco.com\\\/wp-content\\\/uploads\\\/2019\\\/02\\\/patrick-benard-2.jpg?fit=90%2C96&ssl=1\",\"url\":\"https:\\\/\\\/i0.wp.com\\\/culturesco.com\\\/wp-content\\\/uploads\\\/2019\\\/02\\\/patrick-benard-2.jpg?fit=90%2C96&ssl=1\",\"contentUrl\":\"https:\\\/\\\/i0.wp.com\\\/culturesco.com\\\/wp-content\\\/uploads\\\/2019\\\/02\\\/patrick-benard-2.jpg?fit=90%2C96&ssl=1\",\"caption\":\"Patrick Benard\"},\"description\":\"Ecrivain, chroniqueur, animateur radio, cr\u00e9ateur de la revue \u00ab Cin\u00e9manie \u00bb, autour du cin\u00e9ma dit d\u2019art et d\u2019essai, sp\u00e9cialiste du groupe The Cure, archiviste... 2020 : \\\"Le Post Rock\\\" essai sur le post rock de Mogwa\u00ef \u00e0 Godspeed You Black Emperor - Camion Blanc 2014 : \u00ab On the rocks \u2013le rock de 2007 \u00e0 2014 \u00bb chroniques livres et cd rocks, interviews \u2013Editions Vaillant 2010 : \u00ab Dans la T\u00eate de Robert Smith \u00bb, roman fiction autour de l\u2019histoire des Cure et de Robert Smith \u2013 Edilivres 2007 : \u00ab Chroniques Fr\u00e9n\u00e9tiques, une histoire intime du rock \u00bb, roman, prix Technikart. 2001 : \u00ab Les Iles du D\u00e9sert \u00bb, polar autour du rock \u2013 Editions Nykta\",\"url\":\"https:\\\/\\\/culturesco.com\\\/index.php\\\/author\\\/patrick-benard89\\\/\"}]}<\/script>\n<!-- \/ Yoast SEO plugin. -->","yoast_head_json":{"title":"Vadim Vernay \u2013 Hang Tight - Culturesco","description":"CulturesCo | Un bon coup de pied dans ta Culture | Chroniques et histoire du Rock, chanson fran\u00e7aise, litt\u00e9rature, cin\u00e9ma et bande dessin\u00e9e.","robots":{"index":"index","follow":"follow","max-snippet":"max-snippet:-1","max-image-preview":"max-image-preview:large","max-video-preview":"max-video-preview:-1"},"canonical":"https:\/\/culturesco.com\/index.php\/2022\/10\/12\/vadim-vernay-hang-tight\/","og_locale":"fr_FR","og_type":"article","og_title":"Vadim Vernay \u2013 Hang Tight - Culturesco","og_description":"CulturesCo | Un bon coup de pied dans ta Culture | Chroniques et histoire du Rock, chanson fran\u00e7aise, litt\u00e9rature, cin\u00e9ma et bande dessin\u00e9e.","og_url":"https:\/\/culturesco.com\/index.php\/2022\/10\/12\/vadim-vernay-hang-tight\/","og_site_name":"Culturesco","article_publisher":"https:\/\/www.facebook.com\/radioculturesco","article_published_time":"2022-10-12T01:46:52+00:00","og_image":[{"width":587,"height":600,"url":"https:\/\/culturesco.com\/wp-content\/uploads\/2022\/10\/Vadim-Vernay.jpeg","type":"image\/jpeg"}],"author":"Patrick Benard","twitter_card":"summary_large_image","twitter_creator":"@AugusteMarshal","twitter_site":"@AugusteMarshal","twitter_misc":{"\u00c9crit par":"Patrick Benard","Dur\u00e9e de lecture estim\u00e9e":"2 minutes"},"schema":{"@context":"https:\/\/schema.org","@graph":[{"@type":"Article","@id":"https:\/\/culturesco.com\/index.php\/2022\/10\/12\/vadim-vernay-hang-tight\/#article","isPartOf":{"@id":"https:\/\/culturesco.com\/index.php\/2022\/10\/12\/vadim-vernay-hang-tight\/"},"author":{"name":"Patrick Benard","@id":"https:\/\/culturesco.com\/#\/schema\/person\/c2ddd6724863f3bbd20a8278df0891f3"},"headline":"Vadim Vernay \u2013 Hang Tight","datePublished":"2022-10-12T01:46:52+00:00","mainEntityOfPage":{"@id":"https:\/\/culturesco.com\/index.php\/2022\/10\/12\/vadim-vernay-hang-tight\/"},"wordCount":285,"commentCount":0,"publisher":{"@id":"https:\/\/culturesco.com\/#organization"},"image":{"@id":"https:\/\/culturesco.com\/index.php\/2022\/10\/12\/vadim-vernay-hang-tight\/#primaryimage"},"thumbnailUrl":"https:\/\/i0.wp.com\/culturesco.com\/wp-content\/uploads\/2022\/10\/Vadim-Vernay.jpeg?fit=587%2C600&ssl=1","keywords":["album rock","Artiste Folk"],"articleSection":["Albums rock","Carotte Rock Cultures","Groupes rock d'aujourd'hui"],"inLanguage":"fr-FR","potentialAction":[{"@type":"CommentAction","name":"Comment","target":["https:\/\/culturesco.com\/index.php\/2022\/10\/12\/vadim-vernay-hang-tight\/#respond"]}]},{"@type":"WebPage","@id":"https:\/\/culturesco.com\/index.php\/2022\/10\/12\/vadim-vernay-hang-tight\/","url":"https:\/\/culturesco.com\/index.php\/2022\/10\/12\/vadim-vernay-hang-tight\/","name":"Vadim Vernay \u2013 Hang Tight - Culturesco","isPartOf":{"@id":"https:\/\/culturesco.com\/#website"},"primaryImageOfPage":{"@id":"https:\/\/culturesco.com\/index.php\/2022\/10\/12\/vadim-vernay-hang-tight\/#primaryimage"},"image":{"@id":"https:\/\/culturesco.com\/index.php\/2022\/10\/12\/vadim-vernay-hang-tight\/#primaryimage"},"thumbnailUrl":"https:\/\/i0.wp.com\/culturesco.com\/wp-content\/uploads\/2022\/10\/Vadim-Vernay.jpeg?fit=587%2C600&ssl=1","datePublished":"2022-10-12T01:46:52+00:00","description":"CulturesCo | Un bon coup de pied dans ta Culture | Chroniques et histoire du Rock, chanson fran\u00e7aise, litt\u00e9rature, cin\u00e9ma et bande dessin\u00e9e.","breadcrumb":{"@id":"https:\/\/culturesco.com\/index.php\/2022\/10\/12\/vadim-vernay-hang-tight\/#breadcrumb"},"inLanguage":"fr-FR","potentialAction":[{"@type":"ReadAction","target":["https:\/\/culturesco.com\/index.php\/2022\/10\/12\/vadim-vernay-hang-tight\/"]}]},{"@type":"ImageObject","inLanguage":"fr-FR","@id":"https:\/\/culturesco.com\/index.php\/2022\/10\/12\/vadim-vernay-hang-tight\/#primaryimage","url":"https:\/\/i0.wp.com\/culturesco.com\/wp-content\/uploads\/2022\/10\/Vadim-Vernay.jpeg?fit=587%2C600&ssl=1","contentUrl":"https:\/\/i0.wp.com\/culturesco.com\/wp-content\/uploads\/2022\/10\/Vadim-Vernay.jpeg?fit=587%2C600&ssl=1","width":587,"height":600,"caption":"Vadim Vernay - Hang Tight"},{"@type":"BreadcrumbList","@id":"https:\/\/culturesco.com\/index.php\/2022\/10\/12\/vadim-vernay-hang-tight\/#breadcrumb","itemListElement":[{"@type":"ListItem","position":1,"name":"Accueil","item":"https:\/\/culturesco.com\/"},{"@type":"ListItem","position":2,"name":"Vadim Vernay \u2013 Hang Tight"}]},{"@type":"WebSite","@id":"https:\/\/culturesco.com\/#website","url":"https:\/\/culturesco.com\/","name":"Culturesco","description":"Culturesco | Un bon coup de pied dans ta Culture","publisher":{"@id":"https:\/\/culturesco.com\/#organization"},"potentialAction":[{"@type":"SearchAction","target":{"@type":"EntryPoint","urlTemplate":"https:\/\/culturesco.com\/?s={search_term_string}"},"query-input":{"@type":"PropertyValueSpecification","valueRequired":true,"valueName":"search_term_string"}}],"inLanguage":"fr-FR"},{"@type":"Organization","@id":"https:\/\/culturesco.com\/#organization","name":"CULTURESCO","url":"https:\/\/culturesco.com\/","logo":{"@type":"ImageObject","inLanguage":"fr-FR","@id":"https:\/\/culturesco.com\/#\/schema\/logo\/image\/","url":"https:\/\/i0.wp.com\/culturesco.com\/wp-content\/uploads\/2022\/04\/culturesco-logo-blanc250p.png?fit=250%2C250&ssl=1","contentUrl":"https:\/\/i0.wp.com\/culturesco.com\/wp-content\/uploads\/2022\/04\/culturesco-logo-blanc250p.png?fit=250%2C250&ssl=1","width":250,"height":250,"caption":"CULTURESCO"},"image":{"@id":"https:\/\/culturesco.com\/#\/schema\/logo\/image\/"},"sameAs":["https:\/\/www.facebook.com\/radioculturesco","https:\/\/x.com\/AugusteMarshal","https:\/\/www.instagram.com\/carotte_rock_culture\/","https:\/\/www.pinterest.fr\/augustemarshal\/","https:\/\/www.youtube.com\/channel\/UCiWLGffqWSXlNnfzp6YwwyQ"]},{"@type":"Person","@id":"https:\/\/culturesco.com\/#\/schema\/person\/c2ddd6724863f3bbd20a8278df0891f3","name":"Patrick Benard","image":{"@type":"ImageObject","inLanguage":"fr-FR","@id":"https:\/\/i0.wp.com\/culturesco.com\/wp-content\/uploads\/2019\/02\/patrick-benard-2.jpg?fit=90%2C96&ssl=1","url":"https:\/\/i0.wp.com\/culturesco.com\/wp-content\/uploads\/2019\/02\/patrick-benard-2.jpg?fit=90%2C96&ssl=1","contentUrl":"https:\/\/i0.wp.com\/culturesco.com\/wp-content\/uploads\/2019\/02\/patrick-benard-2.jpg?fit=90%2C96&ssl=1","caption":"Patrick Benard"},"description":"Ecrivain, chroniqueur, animateur radio, cr\u00e9ateur de la revue \u00ab Cin\u00e9manie \u00bb, autour du cin\u00e9ma dit d\u2019art et d\u2019essai, sp\u00e9cialiste du groupe The Cure, archiviste... 2020 : \"Le Post Rock\" essai sur le post rock de Mogwa\u00ef \u00e0 Godspeed You Black Emperor - Camion Blanc 2014 : \u00ab On the rocks \u2013le rock de 2007 \u00e0 2014 \u00bb chroniques livres et cd rocks, interviews \u2013Editions Vaillant 2010 : \u00ab Dans la T\u00eate de Robert Smith \u00bb, roman fiction autour de l\u2019histoire des Cure et de Robert Smith \u2013 Edilivres 2007 : \u00ab Chroniques Fr\u00e9n\u00e9tiques, une histoire intime du rock \u00bb, roman, prix Technikart. 2001 : \u00ab Les Iles du D\u00e9sert \u00bb, polar autour du rock \u2013 Editions Nykta","url":"https:\/\/culturesco.com\/index.php\/author\/patrick-benard89\/"}]}},"jetpack_featured_media_url":"https:\/\/i0.wp.com\/culturesco.com\/wp-content\/uploads\/2022\/10\/Vadim-Vernay.jpeg?fit=587%2C600&ssl=1","jetpack_likes_enabled":true,"jetpack_sharing_enabled":true,"jetpack_shortlink":"https:\/\/wp.me\/paz89I-4Gs","_links":{"self":[{"href":"https:\/\/culturesco.com\/index.php\/wp-json\/wp\/v2\/posts\/18008","targetHints":{"allow":["GET"]}}],"collection":[{"href":"https:\/\/culturesco.com\/index.php\/wp-json\/wp\/v2\/posts"}],"about":[{"href":"https:\/\/culturesco.com\/index.php\/wp-json\/wp\/v2\/types\/post"}],"author":[{"embeddable":true,"href":"https:\/\/culturesco.com\/index.php\/wp-json\/wp\/v2\/users\/4"}],"replies":[{"embeddable":true,"href":"https:\/\/culturesco.com\/index.php\/wp-json\/wp\/v2\/comments?post=18008"}],"version-history":[{"count":0,"href":"https:\/\/culturesco.com\/index.php\/wp-json\/wp\/v2\/posts\/18008\/revisions"}],"wp:featuredmedia":[{"embeddable":true,"href":"https:\/\/culturesco.com\/index.php\/wp-json\/wp\/v2\/media\/18009"}],"wp:attachment":[{"href":"https:\/\/culturesco.com\/index.php\/wp-json\/wp\/v2\/media?parent=18008"}],"wp:term":[{"taxonomy":"category","embeddable":true,"href":"https:\/\/culturesco.com\/index.php\/wp-json\/wp\/v2\/categories?post=18008"},{"taxonomy":"post_tag","embeddable":true,"href":"https:\/\/culturesco.com\/index.php\/wp-json\/wp\/v2\/tags?post=18008"}],"curies":[{"name":"wp","href":"https:\/\/api.w.org\/{rel}","templated":true}]}}