{"id":17999,"date":"2022-10-11T03:07:55","date_gmt":"2022-10-11T01:07:55","guid":{"rendered":"https:\/\/culturesco.com\/?p=17999"},"modified":"2022-10-11T03:07:55","modified_gmt":"2022-10-11T01:07:55","slug":"jerome-attal-la-ballade-de-pattie-george-et-eric","status":"publish","type":"post","link":"https:\/\/culturesco.com\/index.php\/2022\/10\/11\/jerome-attal-la-ballade-de-pattie-george-et-eric\/","title":{"rendered":"J\u00e9r\u00f4me Attal \u2013 La Ballade De Pattie, George Et Eric"},"content":{"rendered":"<h2 style=\"text-align: justify\">L&rsquo;amour et son absurdit\u00e9<\/h2>\n<figure id=\"attachment_17993\" aria-describedby=\"caption-attachment-17993\" style=\"width: 209px\" class=\"wp-caption aligncenter\"><img data-recalc-dims=\"1\" loading=\"lazy\" decoding=\"async\" class=\"size-medium wp-image-17993\" src=\"https:\/\/i0.wp.com\/culturesco.com\/wp-content\/uploads\/2022\/10\/Jerome-Attal.jpeg?resize=209%2C300&#038;ssl=1\" alt=\"J\u00e9r\u00f6me Attal - La Ballade de Pattie, Geroge et Eric\" width=\"209\" height=\"300\" srcset=\"https:\/\/i0.wp.com\/culturesco.com\/wp-content\/uploads\/2022\/10\/Jerome-Attal.jpeg?resize=209%2C300&amp;ssl=1 209w, https:\/\/i0.wp.com\/culturesco.com\/wp-content\/uploads\/2022\/10\/Jerome-Attal.jpeg?resize=436%2C627&amp;ssl=1 436w, https:\/\/i0.wp.com\/culturesco.com\/wp-content\/uploads\/2022\/10\/Jerome-Attal.jpeg?resize=768%2C1103&amp;ssl=1 768w, https:\/\/i0.wp.com\/culturesco.com\/wp-content\/uploads\/2022\/10\/Jerome-Attal.jpeg?resize=1069%2C1536&amp;ssl=1 1069w, https:\/\/i0.wp.com\/culturesco.com\/wp-content\/uploads\/2022\/10\/Jerome-Attal.jpeg?resize=1426%2C2048&amp;ssl=1 1426w, https:\/\/i0.wp.com\/culturesco.com\/wp-content\/uploads\/2022\/10\/Jerome-Attal.jpeg?resize=696%2C1000&amp;ssl=1 696w, https:\/\/i0.wp.com\/culturesco.com\/wp-content\/uploads\/2022\/10\/Jerome-Attal.jpeg?resize=1068%2C1534&amp;ssl=1 1068w, https:\/\/i0.wp.com\/culturesco.com\/wp-content\/uploads\/2022\/10\/Jerome-Attal.jpeg?resize=292%2C420&amp;ssl=1 292w, https:\/\/i0.wp.com\/culturesco.com\/wp-content\/uploads\/2022\/10\/Jerome-Attal.jpeg?resize=600%2C862&amp;ssl=1 600w, https:\/\/i0.wp.com\/culturesco.com\/wp-content\/uploads\/2022\/10\/Jerome-Attal.jpeg?resize=42%2C60&amp;ssl=1 42w, https:\/\/i0.wp.com\/culturesco.com\/wp-content\/uploads\/2022\/10\/Jerome-Attal.jpeg?resize=63%2C90&amp;ssl=1 63w, https:\/\/i0.wp.com\/culturesco.com\/wp-content\/uploads\/2022\/10\/Jerome-Attal.jpeg?w=418&amp;ssl=1 418w\" sizes=\"auto, (max-width: 209px) 100vw, 209px\" \/><figcaption id=\"caption-attachment-17993\" class=\"wp-caption-text\">J\u00e9r\u00f6me Attal &#8211; La Ballade de Pattie, Geroge et Eric<\/figcaption><\/figure>\n<h3 style=\"text-align: justify\">La rencontre d&rsquo;un beau trio de personnalit\u00e9s<\/h3>\n<p style=\"text-align: justify\">Il s&rsquo;agit d&rsquo;une nouvelle histoire du <strong>fameux triangle amoureux<\/strong>\u00a0: quelqu&rsquo;un aime une femme qui en aime un autre et avec qui elle vit. <strong>Mais l\u00e0, ces trois personnages authentiques ne sont pas n&rsquo;importe qui, ni dans n&rsquo;importe quel contexte<\/strong>.<\/p>\n<p style=\"text-align: justify\">Commen\u00e7ons par la jeune femme, jeune mannequin devenue r\u00e9put\u00e9e par sa beaut\u00e9 son \u00e9l\u00e9gance et son cot\u00e9 rock. Elle s&rsquo;appelle <strong>Pattie Boyd<\/strong>. Nous sommes en <strong>plein milieu des sixties<\/strong>. Autant dire que les rencontres au cours d&rsquo;une soir\u00e9e sont aussi faciles que de dire bonjour gentiment \u00e0 n&rsquo;importe qui.<\/p>\n<figure id=\"attachment_17994\" aria-describedby=\"caption-attachment-17994\" style=\"width: 200px\" class=\"wp-caption aligncenter\"><img data-recalc-dims=\"1\" loading=\"lazy\" decoding=\"async\" class=\"size-medium wp-image-17994\" src=\"https:\/\/i0.wp.com\/culturesco.com\/wp-content\/uploads\/2022\/10\/00-story-image-patti-boyd.jpg?resize=200%2C300&#038;ssl=1\" alt=\"Pattie Boyd et George Harrison\" width=\"200\" height=\"300\" srcset=\"https:\/\/i0.wp.com\/culturesco.com\/wp-content\/uploads\/2022\/10\/00-story-image-patti-boyd.jpg?resize=200%2C300&amp;ssl=1 200w, https:\/\/i0.wp.com\/culturesco.com\/wp-content\/uploads\/2022\/10\/00-story-image-patti-boyd.jpg?resize=418%2C627&amp;ssl=1 418w, https:\/\/i0.wp.com\/culturesco.com\/wp-content\/uploads\/2022\/10\/00-story-image-patti-boyd.jpg?resize=768%2C1152&amp;ssl=1 768w, https:\/\/i0.wp.com\/culturesco.com\/wp-content\/uploads\/2022\/10\/00-story-image-patti-boyd.jpg?resize=1024%2C1536&amp;ssl=1 1024w, https:\/\/i0.wp.com\/culturesco.com\/wp-content\/uploads\/2022\/10\/00-story-image-patti-boyd.jpg?resize=696%2C1044&amp;ssl=1 696w, https:\/\/i0.wp.com\/culturesco.com\/wp-content\/uploads\/2022\/10\/00-story-image-patti-boyd.jpg?resize=1068%2C1602&amp;ssl=1 1068w, https:\/\/i0.wp.com\/culturesco.com\/wp-content\/uploads\/2022\/10\/00-story-image-patti-boyd.jpg?resize=280%2C420&amp;ssl=1 280w, https:\/\/i0.wp.com\/culturesco.com\/wp-content\/uploads\/2022\/10\/00-story-image-patti-boyd.jpg?resize=600%2C900&amp;ssl=1 600w, https:\/\/i0.wp.com\/culturesco.com\/wp-content\/uploads\/2022\/10\/00-story-image-patti-boyd.jpg?resize=40%2C60&amp;ssl=1 40w, https:\/\/i0.wp.com\/culturesco.com\/wp-content\/uploads\/2022\/10\/00-story-image-patti-boyd.jpg?resize=60%2C90&amp;ssl=1 60w, https:\/\/i0.wp.com\/culturesco.com\/wp-content\/uploads\/2022\/10\/00-story-image-patti-boyd.jpg?w=400&amp;ssl=1 400w\" sizes=\"auto, (max-width: 200px) 100vw, 200px\" \/><figcaption id=\"caption-attachment-17994\" class=\"wp-caption-text\">Pattie Boyd et George Harrison<\/figcaption><\/figure>\n<p style=\"text-align: justify\">Donc elle rencontre le plus discret des<strong> Beatles<\/strong>\u00a0:<strong> George Harrison<\/strong>. Ils deviennent vite amoureux, indispensable l&rsquo;un \u00e0 l&rsquo;autre et se marient tr\u00e8s vite.<\/p>\n<p style=\"text-align: justify\">Un troisi\u00e8me larron d\u00e9barque et une belle amiti\u00e9 se forge entre <strong>George<\/strong> et celui qu&rsquo;on appellera quelques ann\u00e9es plus tard\u00a0: <strong>The God<\/strong>. De la guitare, of course, \u00e0 savoir <strong>Eric Clapton<\/strong>. Il vient de quitter les <strong>Yardbirds<\/strong> et s&rsquo;appr\u00eate \u00e0 former<strong> Cream<\/strong>. Une paille.<\/p>\n<p style=\"text-align: justify\">En prime, ce fut une \u00e9vidence, il tombe raide dingue de <strong>Pattie Boyd<\/strong>, la femme de <strong>George<\/strong>, donc.<\/p>\n<p style=\"text-align: justify\">D\u00e8s lors va s&rsquo;encha\u00eener les tribulations qui les am\u00e8neront \u00e0 ce que l&rsquo;on sait pour ceux qui connaissent l&rsquo;histoire officielle de ces trois personnages.<\/p>\n<h3><em>George Harrison &#8211; Something (live)<\/em><\/h3>\n<div class=\"youtube-embed\" data-video_id=\"yiqtK4IhM4c\"><iframe loading=\"lazy\" title=\"George Harrison- something Live.\" width=\"696\" height=\"392\" src=\"https:\/\/www.youtube.com\/embed\/yiqtK4IhM4c\" frameborder=\"0\" allow=\"accelerometer; autoplay; clipboard-write; encrypted-media; gyroscope; picture-in-picture; web-share\" referrerpolicy=\"strict-origin-when-cross-origin\" allowfullscreen><\/iframe><\/div>\n<p style=\"text-align: justify\"><strong>J\u00e9r\u00f4me Attal<\/strong> s&rsquo;attelle \u00e0 raconter tout cela avec moult d\u00e9tails et pr\u00e9cisions implacables qui force \u00e0 concevoir l&rsquo;amour comme inexorable et parfois inatteignable&#8230; ou pas. Voici tout l&rsquo;enjeu de ce drame enjou\u00e9, malgr\u00e9 tout, qui va aboutir \u00e0 la cr\u00e9ation de deux chefs d&rsquo;oeuvre : <strong>\u00ab Someting \u00bb<\/strong> du c\u00f4t\u00e9 d&rsquo;<strong>Harrison<\/strong>, d\u00e9j\u00e0 presque s\u00e9par\u00e9 des <strong>Fab Four<\/strong>, trop timide pour franchir l&rsquo;ultime \u00e9tape et <strong>\u00ab Layla \u00bb<\/strong>, l&rsquo;immortel titre de <strong>Clapton<\/strong> que tout le monde peut encore fredonner dans sa t\u00eate aujourd&rsquo;hui.<\/p>\n<h3><em>Eric Clapton &#8211; Layla (Live)<\/em><\/h3>\n<div class=\"youtube-embed\" data-video_id=\"fX5USg8_1gA\"><iframe loading=\"lazy\" title=\"Eric Clapton - Layla\" width=\"696\" height=\"522\" src=\"https:\/\/www.youtube.com\/embed\/fX5USg8_1gA\" frameborder=\"0\" allow=\"accelerometer; autoplay; clipboard-write; encrypted-media; gyroscope; picture-in-picture; web-share\" referrerpolicy=\"strict-origin-when-cross-origin\" allowfullscreen><\/iframe><\/div>\n<p style=\"text-align: justify\"><strong>Pattie<\/strong> a tout compris. Troubl\u00e9e, de quel c\u00f4t\u00e9 va-t-elle se tourner ? Le seul faux suspense puisqu&rsquo;on trouve la r\u00e9ponse en feuilletant la page <strong>Wikipedia<\/strong> qui en parle. Mais ce n&rsquo;est pas le but de ce livre, d&rsquo;o\u00f9 l&rsquo;int\u00e9r\u00eat remarquable du nouveau ouvrage de <strong>J\u00e9r\u00f4me<\/strong> : au final, c&rsquo;est quoi l&rsquo;amour ?&#8230; <strong>Albert Camus<\/strong> a \u00e9crit beaucoup l\u00e0-dessus, entre autres, bien s\u00fbr. Il aboutit, l\u00e0 encore, \u00e0 une belle d\u00e9monstration de l&rsquo;absurdit\u00e9 du monde et de la vie. <strong><em>La Ballade de Pattie, George et Eric<\/em> <\/strong>en forme une nouvelle belle preuve, avec douceur et panache sans jamais se renier quitte \u00e0 faire des conneries. Un superbe reflet aussi des ann\u00e9es soixante dans le <strong>swinging London<\/strong>.<\/p>\n<p style=\"text-align: justify\"><strong>J\u00e9r\u00f4me Attal \u2013 La Ballade De Pattie, George Et Eric<\/strong><\/p>\n<p style=\"text-align: justify\">Le Mot Et Le Reste \u2013 192 pages \u2013 20\u20ac<\/p>\n<p style=\"text-align: justify\">sortie le 22 septembre<\/p>\n<p style=\"text-align: justify\"><strong>Patrick B\u00e9nard<\/strong><\/p>\n","protected":false},"excerpt":{"rendered":"<p>L&rsquo;amour et son absurdit\u00e9 La rencontre d&rsquo;un beau trio de personnalit\u00e9s Il s&rsquo;agit d&rsquo;une nouvelle histoire du fameux triangle amoureux\u00a0: quelqu&rsquo;un aime une femme qui en aime un autre et avec qui elle vit. Mais l\u00e0, ces trois personnages authentiques ne sont pas n&rsquo;importe qui, ni dans n&rsquo;importe quel contexte. Commen\u00e7ons par la jeune femme, [&hellip;]<\/p>\n","protected":false},"author":4,"featured_media":17993,"comment_status":"open","ping_status":"open","sticky":false,"template":"","format":"image","meta":{"jetpack_post_was_ever_published":false,"tdm_status":"","tdm_grid_status":"","_jetpack_newsletter_access":"","_jetpack_dont_email_post_to_subs":false,"_jetpack_newsletter_tier_id":0,"_jetpack_memberships_contains_paywalled_content":false,"_jetpack_memberships_contains_paid_content":false,"footnotes":""},"categories":[34,17,33,27,66],"tags":[67,58,42,20,48],"class_list":{"0":"post-17999","1":"post","2":"type-post","3":"status-publish","4":"format-image","5":"has-post-thumbnail","7":"category-anecdotes-rock","8":"category-carotte-rock-cultures","9":"category-histoire-du-rock","10":"category-litterature","11":"category-livre-rock","12":"tag-anecdotes-rock","13":"tag-histoire-du-rock","14":"tag-litterature","15":"tag-livre-rock","16":"tag-personnalite-rock","17":"post_format-post-format-image"},"yoast_head":"<!-- This site is optimized with the Yoast SEO plugin v27.5 - https:\/\/yoast.com\/product\/yoast-seo-wordpress\/ -->\n<title>J\u00e9r\u00f4me Attal \u2013 La Ballade De Pattie, George Et Eric - Culturesco<\/title>\n<meta name=\"description\" content=\"CulturesCo | Un bon coup de pied dans ta Culture | Chroniques et histoire du Rock, chanson fran\u00e7aise, litt\u00e9rature, cin\u00e9ma et bande dessin\u00e9e.\" \/>\n<meta name=\"robots\" content=\"index, follow, max-snippet:-1, max-image-preview:large, max-video-preview:-1\" \/>\n<link rel=\"canonical\" href=\"https:\/\/culturesco.com\/index.php\/2022\/10\/11\/jerome-attal-la-ballade-de-pattie-george-et-eric\/\" \/>\n<meta property=\"og:locale\" content=\"fr_FR\" \/>\n<meta property=\"og:type\" content=\"article\" \/>\n<meta property=\"og:title\" content=\"J\u00e9r\u00f4me Attal \u2013 La Ballade De Pattie, George Et Eric - Culturesco\" \/>\n<meta property=\"og:description\" content=\"CulturesCo | Un bon coup de pied dans ta Culture | Chroniques et histoire du Rock, chanson fran\u00e7aise, litt\u00e9rature, cin\u00e9ma et bande dessin\u00e9e.\" \/>\n<meta property=\"og:url\" content=\"https:\/\/culturesco.com\/index.php\/2022\/10\/11\/jerome-attal-la-ballade-de-pattie-george-et-eric\/\" \/>\n<meta property=\"og:site_name\" content=\"Culturesco\" \/>\n<meta property=\"article:publisher\" content=\"https:\/\/www.facebook.com\/radioculturesco\" \/>\n<meta property=\"article:published_time\" content=\"2022-10-11T01:07:55+00:00\" \/>\n<meta property=\"og:image\" content=\"https:\/\/culturesco.com\/wp-content\/uploads\/2022\/10\/Jerome-Attal.jpeg\" \/>\n\t<meta property=\"og:image:width\" content=\"418\" \/>\n\t<meta property=\"og:image:height\" content=\"600\" \/>\n\t<meta property=\"og:image:type\" content=\"image\/jpeg\" \/>\n<meta name=\"author\" content=\"Patrick Benard\" \/>\n<meta name=\"twitter:card\" content=\"summary_large_image\" \/>\n<meta name=\"twitter:creator\" content=\"@AugusteMarshal\" \/>\n<meta name=\"twitter:site\" content=\"@AugusteMarshal\" \/>\n<meta name=\"twitter:label1\" content=\"\u00c9crit par\" \/>\n\t<meta name=\"twitter:data1\" content=\"Patrick Benard\" \/>\n\t<meta name=\"twitter:label2\" content=\"Dur\u00e9e de lecture estim\u00e9e\" \/>\n\t<meta name=\"twitter:data2\" content=\"3 minutes\" \/>\n<script type=\"application\/ld+json\" class=\"yoast-schema-graph\">{\"@context\":\"https:\\\/\\\/schema.org\",\"@graph\":[{\"@type\":\"Article\",\"@id\":\"https:\\\/\\\/culturesco.com\\\/index.php\\\/2022\\\/10\\\/11\\\/jerome-attal-la-ballade-de-pattie-george-et-eric\\\/#article\",\"isPartOf\":{\"@id\":\"https:\\\/\\\/culturesco.com\\\/index.php\\\/2022\\\/10\\\/11\\\/jerome-attal-la-ballade-de-pattie-george-et-eric\\\/\"},\"author\":{\"name\":\"Patrick Benard\",\"@id\":\"https:\\\/\\\/culturesco.com\\\/#\\\/schema\\\/person\\\/c2ddd6724863f3bbd20a8278df0891f3\"},\"headline\":\"J\u00e9r\u00f4me Attal \u2013 La Ballade De Pattie, George Et Eric\",\"datePublished\":\"2022-10-11T01:07:55+00:00\",\"mainEntityOfPage\":{\"@id\":\"https:\\\/\\\/culturesco.com\\\/index.php\\\/2022\\\/10\\\/11\\\/jerome-attal-la-ballade-de-pattie-george-et-eric\\\/\"},\"wordCount\":546,\"commentCount\":0,\"publisher\":{\"@id\":\"https:\\\/\\\/culturesco.com\\\/#organization\"},\"image\":{\"@id\":\"https:\\\/\\\/culturesco.com\\\/index.php\\\/2022\\\/10\\\/11\\\/jerome-attal-la-ballade-de-pattie-george-et-eric\\\/#primaryimage\"},\"thumbnailUrl\":\"https:\\\/\\\/i0.wp.com\\\/culturesco.com\\\/wp-content\\\/uploads\\\/2022\\\/10\\\/Jerome-Attal.jpeg?fit=418%2C600&ssl=1\",\"keywords\":[\"Anecdotes Rock\",\"histoire du rock\",\"litt\u00e9rature\",\"Livre Rock\",\"Personnalit\u00e9 Rock\"],\"articleSection\":[\"Anecdotes rock\",\"Carotte Rock Cultures\",\"Histoire du rock\",\"Litt\u00e9rature\",\"Livre Rock\"],\"inLanguage\":\"fr-FR\",\"potentialAction\":[{\"@type\":\"CommentAction\",\"name\":\"Comment\",\"target\":[\"https:\\\/\\\/culturesco.com\\\/index.php\\\/2022\\\/10\\\/11\\\/jerome-attal-la-ballade-de-pattie-george-et-eric\\\/#respond\"]}]},{\"@type\":\"WebPage\",\"@id\":\"https:\\\/\\\/culturesco.com\\\/index.php\\\/2022\\\/10\\\/11\\\/jerome-attal-la-ballade-de-pattie-george-et-eric\\\/\",\"url\":\"https:\\\/\\\/culturesco.com\\\/index.php\\\/2022\\\/10\\\/11\\\/jerome-attal-la-ballade-de-pattie-george-et-eric\\\/\",\"name\":\"J\u00e9r\u00f4me Attal \u2013 La Ballade De Pattie, George Et Eric - Culturesco\",\"isPartOf\":{\"@id\":\"https:\\\/\\\/culturesco.com\\\/#website\"},\"primaryImageOfPage\":{\"@id\":\"https:\\\/\\\/culturesco.com\\\/index.php\\\/2022\\\/10\\\/11\\\/jerome-attal-la-ballade-de-pattie-george-et-eric\\\/#primaryimage\"},\"image\":{\"@id\":\"https:\\\/\\\/culturesco.com\\\/index.php\\\/2022\\\/10\\\/11\\\/jerome-attal-la-ballade-de-pattie-george-et-eric\\\/#primaryimage\"},\"thumbnailUrl\":\"https:\\\/\\\/i0.wp.com\\\/culturesco.com\\\/wp-content\\\/uploads\\\/2022\\\/10\\\/Jerome-Attal.jpeg?fit=418%2C600&ssl=1\",\"datePublished\":\"2022-10-11T01:07:55+00:00\",\"description\":\"CulturesCo | Un bon coup de pied dans ta Culture | Chroniques et histoire du Rock, chanson fran\u00e7aise, litt\u00e9rature, cin\u00e9ma et bande dessin\u00e9e.\",\"breadcrumb\":{\"@id\":\"https:\\\/\\\/culturesco.com\\\/index.php\\\/2022\\\/10\\\/11\\\/jerome-attal-la-ballade-de-pattie-george-et-eric\\\/#breadcrumb\"},\"inLanguage\":\"fr-FR\",\"potentialAction\":[{\"@type\":\"ReadAction\",\"target\":[\"https:\\\/\\\/culturesco.com\\\/index.php\\\/2022\\\/10\\\/11\\\/jerome-attal-la-ballade-de-pattie-george-et-eric\\\/\"]}]},{\"@type\":\"ImageObject\",\"inLanguage\":\"fr-FR\",\"@id\":\"https:\\\/\\\/culturesco.com\\\/index.php\\\/2022\\\/10\\\/11\\\/jerome-attal-la-ballade-de-pattie-george-et-eric\\\/#primaryimage\",\"url\":\"https:\\\/\\\/i0.wp.com\\\/culturesco.com\\\/wp-content\\\/uploads\\\/2022\\\/10\\\/Jerome-Attal.jpeg?fit=418%2C600&ssl=1\",\"contentUrl\":\"https:\\\/\\\/i0.wp.com\\\/culturesco.com\\\/wp-content\\\/uploads\\\/2022\\\/10\\\/Jerome-Attal.jpeg?fit=418%2C600&ssl=1\",\"width\":418,\"height\":600,\"caption\":\"J\u00e9r\u00f6me Attal - La Ballade de Pattie, Geroge et Eric\"},{\"@type\":\"BreadcrumbList\",\"@id\":\"https:\\\/\\\/culturesco.com\\\/index.php\\\/2022\\\/10\\\/11\\\/jerome-attal-la-ballade-de-pattie-george-et-eric\\\/#breadcrumb\",\"itemListElement\":[{\"@type\":\"ListItem\",\"position\":1,\"name\":\"Accueil\",\"item\":\"https:\\\/\\\/culturesco.com\\\/\"},{\"@type\":\"ListItem\",\"position\":2,\"name\":\"J\u00e9r\u00f4me Attal \u2013 La Ballade De Pattie, George Et Eric\"}]},{\"@type\":\"WebSite\",\"@id\":\"https:\\\/\\\/culturesco.com\\\/#website\",\"url\":\"https:\\\/\\\/culturesco.com\\\/\",\"name\":\"Culturesco\",\"description\":\"Culturesco | Un bon coup de pied dans ta Culture\",\"publisher\":{\"@id\":\"https:\\\/\\\/culturesco.com\\\/#organization\"},\"potentialAction\":[{\"@type\":\"SearchAction\",\"target\":{\"@type\":\"EntryPoint\",\"urlTemplate\":\"https:\\\/\\\/culturesco.com\\\/?s={search_term_string}\"},\"query-input\":{\"@type\":\"PropertyValueSpecification\",\"valueRequired\":true,\"valueName\":\"search_term_string\"}}],\"inLanguage\":\"fr-FR\"},{\"@type\":\"Organization\",\"@id\":\"https:\\\/\\\/culturesco.com\\\/#organization\",\"name\":\"CULTURESCO\",\"url\":\"https:\\\/\\\/culturesco.com\\\/\",\"logo\":{\"@type\":\"ImageObject\",\"inLanguage\":\"fr-FR\",\"@id\":\"https:\\\/\\\/culturesco.com\\\/#\\\/schema\\\/logo\\\/image\\\/\",\"url\":\"https:\\\/\\\/i0.wp.com\\\/culturesco.com\\\/wp-content\\\/uploads\\\/2022\\\/04\\\/culturesco-logo-blanc250p.png?fit=250%2C250&ssl=1\",\"contentUrl\":\"https:\\\/\\\/i0.wp.com\\\/culturesco.com\\\/wp-content\\\/uploads\\\/2022\\\/04\\\/culturesco-logo-blanc250p.png?fit=250%2C250&ssl=1\",\"width\":250,\"height\":250,\"caption\":\"CULTURESCO\"},\"image\":{\"@id\":\"https:\\\/\\\/culturesco.com\\\/#\\\/schema\\\/logo\\\/image\\\/\"},\"sameAs\":[\"https:\\\/\\\/www.facebook.com\\\/radioculturesco\",\"https:\\\/\\\/x.com\\\/AugusteMarshal\",\"https:\\\/\\\/www.instagram.com\\\/carotte_rock_culture\\\/\",\"https:\\\/\\\/www.pinterest.fr\\\/augustemarshal\\\/\",\"https:\\\/\\\/www.youtube.com\\\/channel\\\/UCiWLGffqWSXlNnfzp6YwwyQ\"]},{\"@type\":\"Person\",\"@id\":\"https:\\\/\\\/culturesco.com\\\/#\\\/schema\\\/person\\\/c2ddd6724863f3bbd20a8278df0891f3\",\"name\":\"Patrick Benard\",\"image\":{\"@type\":\"ImageObject\",\"inLanguage\":\"fr-FR\",\"@id\":\"https:\\\/\\\/i0.wp.com\\\/culturesco.com\\\/wp-content\\\/uploads\\\/2019\\\/02\\\/patrick-benard-2.jpg?fit=90%2C96&ssl=1\",\"url\":\"https:\\\/\\\/i0.wp.com\\\/culturesco.com\\\/wp-content\\\/uploads\\\/2019\\\/02\\\/patrick-benard-2.jpg?fit=90%2C96&ssl=1\",\"contentUrl\":\"https:\\\/\\\/i0.wp.com\\\/culturesco.com\\\/wp-content\\\/uploads\\\/2019\\\/02\\\/patrick-benard-2.jpg?fit=90%2C96&ssl=1\",\"caption\":\"Patrick Benard\"},\"description\":\"Ecrivain, chroniqueur, animateur radio, cr\u00e9ateur de la revue \u00ab Cin\u00e9manie \u00bb, autour du cin\u00e9ma dit d\u2019art et d\u2019essai, sp\u00e9cialiste du groupe The Cure, archiviste... 2020 : \\\"Le Post Rock\\\" essai sur le post rock de Mogwa\u00ef \u00e0 Godspeed You Black Emperor - Camion Blanc 2014 : \u00ab On the rocks \u2013le rock de 2007 \u00e0 2014 \u00bb chroniques livres et cd rocks, interviews \u2013Editions Vaillant 2010 : \u00ab Dans la T\u00eate de Robert Smith \u00bb, roman fiction autour de l\u2019histoire des Cure et de Robert Smith \u2013 Edilivres 2007 : \u00ab Chroniques Fr\u00e9n\u00e9tiques, une histoire intime du rock \u00bb, roman, prix Technikart. 2001 : \u00ab Les Iles du D\u00e9sert \u00bb, polar autour du rock \u2013 Editions Nykta\",\"url\":\"https:\\\/\\\/culturesco.com\\\/index.php\\\/author\\\/patrick-benard89\\\/\"}]}<\/script>\n<!-- \/ Yoast SEO plugin. -->","yoast_head_json":{"title":"J\u00e9r\u00f4me Attal \u2013 La Ballade De Pattie, George Et Eric - Culturesco","description":"CulturesCo | Un bon coup de pied dans ta Culture | Chroniques et histoire du Rock, chanson fran\u00e7aise, litt\u00e9rature, cin\u00e9ma et bande dessin\u00e9e.","robots":{"index":"index","follow":"follow","max-snippet":"max-snippet:-1","max-image-preview":"max-image-preview:large","max-video-preview":"max-video-preview:-1"},"canonical":"https:\/\/culturesco.com\/index.php\/2022\/10\/11\/jerome-attal-la-ballade-de-pattie-george-et-eric\/","og_locale":"fr_FR","og_type":"article","og_title":"J\u00e9r\u00f4me Attal \u2013 La Ballade De Pattie, George Et Eric - Culturesco","og_description":"CulturesCo | Un bon coup de pied dans ta Culture | Chroniques et histoire du Rock, chanson fran\u00e7aise, litt\u00e9rature, cin\u00e9ma et bande dessin\u00e9e.","og_url":"https:\/\/culturesco.com\/index.php\/2022\/10\/11\/jerome-attal-la-ballade-de-pattie-george-et-eric\/","og_site_name":"Culturesco","article_publisher":"https:\/\/www.facebook.com\/radioculturesco","article_published_time":"2022-10-11T01:07:55+00:00","og_image":[{"width":418,"height":600,"url":"https:\/\/culturesco.com\/wp-content\/uploads\/2022\/10\/Jerome-Attal.jpeg","type":"image\/jpeg"}],"author":"Patrick Benard","twitter_card":"summary_large_image","twitter_creator":"@AugusteMarshal","twitter_site":"@AugusteMarshal","twitter_misc":{"\u00c9crit par":"Patrick Benard","Dur\u00e9e de lecture estim\u00e9e":"3 minutes"},"schema":{"@context":"https:\/\/schema.org","@graph":[{"@type":"Article","@id":"https:\/\/culturesco.com\/index.php\/2022\/10\/11\/jerome-attal-la-ballade-de-pattie-george-et-eric\/#article","isPartOf":{"@id":"https:\/\/culturesco.com\/index.php\/2022\/10\/11\/jerome-attal-la-ballade-de-pattie-george-et-eric\/"},"author":{"name":"Patrick Benard","@id":"https:\/\/culturesco.com\/#\/schema\/person\/c2ddd6724863f3bbd20a8278df0891f3"},"headline":"J\u00e9r\u00f4me Attal \u2013 La Ballade De Pattie, George Et Eric","datePublished":"2022-10-11T01:07:55+00:00","mainEntityOfPage":{"@id":"https:\/\/culturesco.com\/index.php\/2022\/10\/11\/jerome-attal-la-ballade-de-pattie-george-et-eric\/"},"wordCount":546,"commentCount":0,"publisher":{"@id":"https:\/\/culturesco.com\/#organization"},"image":{"@id":"https:\/\/culturesco.com\/index.php\/2022\/10\/11\/jerome-attal-la-ballade-de-pattie-george-et-eric\/#primaryimage"},"thumbnailUrl":"https:\/\/i0.wp.com\/culturesco.com\/wp-content\/uploads\/2022\/10\/Jerome-Attal.jpeg?fit=418%2C600&ssl=1","keywords":["Anecdotes Rock","histoire du rock","litt\u00e9rature","Livre Rock","Personnalit\u00e9 Rock"],"articleSection":["Anecdotes rock","Carotte Rock Cultures","Histoire du rock","Litt\u00e9rature","Livre Rock"],"inLanguage":"fr-FR","potentialAction":[{"@type":"CommentAction","name":"Comment","target":["https:\/\/culturesco.com\/index.php\/2022\/10\/11\/jerome-attal-la-ballade-de-pattie-george-et-eric\/#respond"]}]},{"@type":"WebPage","@id":"https:\/\/culturesco.com\/index.php\/2022\/10\/11\/jerome-attal-la-ballade-de-pattie-george-et-eric\/","url":"https:\/\/culturesco.com\/index.php\/2022\/10\/11\/jerome-attal-la-ballade-de-pattie-george-et-eric\/","name":"J\u00e9r\u00f4me Attal \u2013 La Ballade De Pattie, George Et Eric - Culturesco","isPartOf":{"@id":"https:\/\/culturesco.com\/#website"},"primaryImageOfPage":{"@id":"https:\/\/culturesco.com\/index.php\/2022\/10\/11\/jerome-attal-la-ballade-de-pattie-george-et-eric\/#primaryimage"},"image":{"@id":"https:\/\/culturesco.com\/index.php\/2022\/10\/11\/jerome-attal-la-ballade-de-pattie-george-et-eric\/#primaryimage"},"thumbnailUrl":"https:\/\/i0.wp.com\/culturesco.com\/wp-content\/uploads\/2022\/10\/Jerome-Attal.jpeg?fit=418%2C600&ssl=1","datePublished":"2022-10-11T01:07:55+00:00","description":"CulturesCo | Un bon coup de pied dans ta Culture | Chroniques et histoire du Rock, chanson fran\u00e7aise, litt\u00e9rature, cin\u00e9ma et bande dessin\u00e9e.","breadcrumb":{"@id":"https:\/\/culturesco.com\/index.php\/2022\/10\/11\/jerome-attal-la-ballade-de-pattie-george-et-eric\/#breadcrumb"},"inLanguage":"fr-FR","potentialAction":[{"@type":"ReadAction","target":["https:\/\/culturesco.com\/index.php\/2022\/10\/11\/jerome-attal-la-ballade-de-pattie-george-et-eric\/"]}]},{"@type":"ImageObject","inLanguage":"fr-FR","@id":"https:\/\/culturesco.com\/index.php\/2022\/10\/11\/jerome-attal-la-ballade-de-pattie-george-et-eric\/#primaryimage","url":"https:\/\/i0.wp.com\/culturesco.com\/wp-content\/uploads\/2022\/10\/Jerome-Attal.jpeg?fit=418%2C600&ssl=1","contentUrl":"https:\/\/i0.wp.com\/culturesco.com\/wp-content\/uploads\/2022\/10\/Jerome-Attal.jpeg?fit=418%2C600&ssl=1","width":418,"height":600,"caption":"J\u00e9r\u00f6me Attal - La Ballade de Pattie, Geroge et Eric"},{"@type":"BreadcrumbList","@id":"https:\/\/culturesco.com\/index.php\/2022\/10\/11\/jerome-attal-la-ballade-de-pattie-george-et-eric\/#breadcrumb","itemListElement":[{"@type":"ListItem","position":1,"name":"Accueil","item":"https:\/\/culturesco.com\/"},{"@type":"ListItem","position":2,"name":"J\u00e9r\u00f4me Attal \u2013 La Ballade De Pattie, George Et Eric"}]},{"@type":"WebSite","@id":"https:\/\/culturesco.com\/#website","url":"https:\/\/culturesco.com\/","name":"Culturesco","description":"Culturesco | Un bon coup de pied dans ta Culture","publisher":{"@id":"https:\/\/culturesco.com\/#organization"},"potentialAction":[{"@type":"SearchAction","target":{"@type":"EntryPoint","urlTemplate":"https:\/\/culturesco.com\/?s={search_term_string}"},"query-input":{"@type":"PropertyValueSpecification","valueRequired":true,"valueName":"search_term_string"}}],"inLanguage":"fr-FR"},{"@type":"Organization","@id":"https:\/\/culturesco.com\/#organization","name":"CULTURESCO","url":"https:\/\/culturesco.com\/","logo":{"@type":"ImageObject","inLanguage":"fr-FR","@id":"https:\/\/culturesco.com\/#\/schema\/logo\/image\/","url":"https:\/\/i0.wp.com\/culturesco.com\/wp-content\/uploads\/2022\/04\/culturesco-logo-blanc250p.png?fit=250%2C250&ssl=1","contentUrl":"https:\/\/i0.wp.com\/culturesco.com\/wp-content\/uploads\/2022\/04\/culturesco-logo-blanc250p.png?fit=250%2C250&ssl=1","width":250,"height":250,"caption":"CULTURESCO"},"image":{"@id":"https:\/\/culturesco.com\/#\/schema\/logo\/image\/"},"sameAs":["https:\/\/www.facebook.com\/radioculturesco","https:\/\/x.com\/AugusteMarshal","https:\/\/www.instagram.com\/carotte_rock_culture\/","https:\/\/www.pinterest.fr\/augustemarshal\/","https:\/\/www.youtube.com\/channel\/UCiWLGffqWSXlNnfzp6YwwyQ"]},{"@type":"Person","@id":"https:\/\/culturesco.com\/#\/schema\/person\/c2ddd6724863f3bbd20a8278df0891f3","name":"Patrick Benard","image":{"@type":"ImageObject","inLanguage":"fr-FR","@id":"https:\/\/i0.wp.com\/culturesco.com\/wp-content\/uploads\/2019\/02\/patrick-benard-2.jpg?fit=90%2C96&ssl=1","url":"https:\/\/i0.wp.com\/culturesco.com\/wp-content\/uploads\/2019\/02\/patrick-benard-2.jpg?fit=90%2C96&ssl=1","contentUrl":"https:\/\/i0.wp.com\/culturesco.com\/wp-content\/uploads\/2019\/02\/patrick-benard-2.jpg?fit=90%2C96&ssl=1","caption":"Patrick Benard"},"description":"Ecrivain, chroniqueur, animateur radio, cr\u00e9ateur de la revue \u00ab Cin\u00e9manie \u00bb, autour du cin\u00e9ma dit d\u2019art et d\u2019essai, sp\u00e9cialiste du groupe The Cure, archiviste... 2020 : \"Le Post Rock\" essai sur le post rock de Mogwa\u00ef \u00e0 Godspeed You Black Emperor - Camion Blanc 2014 : \u00ab On the rocks \u2013le rock de 2007 \u00e0 2014 \u00bb chroniques livres et cd rocks, interviews \u2013Editions Vaillant 2010 : \u00ab Dans la T\u00eate de Robert Smith \u00bb, roman fiction autour de l\u2019histoire des Cure et de Robert Smith \u2013 Edilivres 2007 : \u00ab Chroniques Fr\u00e9n\u00e9tiques, une histoire intime du rock \u00bb, roman, prix Technikart. 2001 : \u00ab Les Iles du D\u00e9sert \u00bb, polar autour du rock \u2013 Editions Nykta","url":"https:\/\/culturesco.com\/index.php\/author\/patrick-benard89\/"}]}},"jetpack_featured_media_url":"https:\/\/i0.wp.com\/culturesco.com\/wp-content\/uploads\/2022\/10\/Jerome-Attal.jpeg?fit=418%2C600&ssl=1","jetpack_likes_enabled":true,"jetpack_sharing_enabled":true,"jetpack_shortlink":"https:\/\/wp.me\/paz89I-4Gj","_links":{"self":[{"href":"https:\/\/culturesco.com\/index.php\/wp-json\/wp\/v2\/posts\/17999","targetHints":{"allow":["GET"]}}],"collection":[{"href":"https:\/\/culturesco.com\/index.php\/wp-json\/wp\/v2\/posts"}],"about":[{"href":"https:\/\/culturesco.com\/index.php\/wp-json\/wp\/v2\/types\/post"}],"author":[{"embeddable":true,"href":"https:\/\/culturesco.com\/index.php\/wp-json\/wp\/v2\/users\/4"}],"replies":[{"embeddable":true,"href":"https:\/\/culturesco.com\/index.php\/wp-json\/wp\/v2\/comments?post=17999"}],"version-history":[{"count":0,"href":"https:\/\/culturesco.com\/index.php\/wp-json\/wp\/v2\/posts\/17999\/revisions"}],"wp:featuredmedia":[{"embeddable":true,"href":"https:\/\/culturesco.com\/index.php\/wp-json\/wp\/v2\/media\/17993"}],"wp:attachment":[{"href":"https:\/\/culturesco.com\/index.php\/wp-json\/wp\/v2\/media?parent=17999"}],"wp:term":[{"taxonomy":"category","embeddable":true,"href":"https:\/\/culturesco.com\/index.php\/wp-json\/wp\/v2\/categories?post=17999"},{"taxonomy":"post_tag","embeddable":true,"href":"https:\/\/culturesco.com\/index.php\/wp-json\/wp\/v2\/tags?post=17999"}],"curies":[{"name":"wp","href":"https:\/\/api.w.org\/{rel}","templated":true}]}}