{"id":17907,"date":"2022-10-04T20:35:49","date_gmt":"2022-10-04T18:35:49","guid":{"rendered":"https:\/\/culturesco.com\/?p=17907"},"modified":"2022-10-04T20:41:17","modified_gmt":"2022-10-04T18:41:17","slug":"leo-delibes-lakme-opera","status":"publish","type":"post","link":"https:\/\/culturesco.com\/index.php\/2022\/10\/04\/leo-delibes-lakme-opera\/","title":{"rendered":"L\u00e9o DELIBES &#8211; Lakm\u00e9, op\u00e9ra"},"content":{"rendered":"<h2>L\u00e9o DELIBES &#8211; Lakm\u00e9, op\u00e9ra<\/h2>\n<p><img data-recalc-dims=\"1\" loading=\"lazy\" decoding=\"async\" class=\" wp-image-17908 aligncenter\" src=\"https:\/\/i0.wp.com\/culturesco.com\/wp-content\/uploads\/2022\/10\/Leo-DELIBES-Lakme.jpg?resize=593%2C310&#038;ssl=1\" alt=\"L\u00e9o Delibes\" width=\"593\" height=\"310\" srcset=\"https:\/\/i0.wp.com\/culturesco.com\/wp-content\/uploads\/2022\/10\/Leo-DELIBES-Lakme.jpg?resize=300%2C157&amp;ssl=1 300w, https:\/\/i0.wp.com\/culturesco.com\/wp-content\/uploads\/2022\/10\/Leo-DELIBES-Lakme.jpg?resize=768%2C402&amp;ssl=1 768w, https:\/\/i0.wp.com\/culturesco.com\/wp-content\/uploads\/2022\/10\/Leo-DELIBES-Lakme.jpg?resize=696%2C365&amp;ssl=1 696w, https:\/\/i0.wp.com\/culturesco.com\/wp-content\/uploads\/2022\/10\/Leo-DELIBES-Lakme.jpg?resize=1068%2C559&amp;ssl=1 1068w, https:\/\/i0.wp.com\/culturesco.com\/wp-content\/uploads\/2022\/10\/Leo-DELIBES-Lakme.jpg?resize=802%2C420&amp;ssl=1 802w, https:\/\/i0.wp.com\/culturesco.com\/wp-content\/uploads\/2022\/10\/Leo-DELIBES-Lakme.jpg?w=600&amp;ssl=1 600w, https:\/\/i0.wp.com\/culturesco.com\/wp-content\/uploads\/2022\/10\/Leo-DELIBES-Lakme.jpg?resize=115%2C60&amp;ssl=1 115w, https:\/\/i0.wp.com\/culturesco.com\/wp-content\/uploads\/2022\/10\/Leo-DELIBES-Lakme.jpg?resize=172%2C90&amp;ssl=1 172w\" sizes=\"auto, (max-width: 593px) 100vw, 593px\" \/><\/p>\n<p style=\"text-align: justify;\"><strong>Musicien fran\u00e7ais<\/strong> du <strong>XIX\u00e8me si\u00e8cle<\/strong>, \u00e0 son arriv\u00e9e dans le microcosme des <strong>compositeurs dits \u00ab classiques \u00bb<\/strong>, <strong>L\u00e9o Delibes<\/strong> exerce sa noble activit\u00e9 au b\u00e9n\u00e9fice de l\u2019<strong>op\u00e9rette et<\/strong> du <strong>ballet<\/strong>. Lorsqu\u2019il <strong>int\u00e8gre l\u2019op\u00e9ra national<\/strong> en tant que second chef de ch\u0153urs, on imagine que l\u2019\u00e9criture de plus \u00ab nobles \u00bb partitions va s\u2019emparer de sa plume. Il n\u2019en est rien, <strong>il continue \u00e0 musicaliser des ballets<\/strong> dont <strong><a href=\"https:\/\/www.youtube.com\/watch?v=QKl6KbyuUgU\" target=\"_blank\" rel=\"noopener\"><em>Sylvia ou la Nymphe de Diane<\/em><\/a><\/strong> (1876), \u0153uvre qui lui vaut un <strong>premier cr\u00e9dit public<\/strong> ; et <strong>toujours de nos jours !<\/strong><\/p>\n<p style=\"text-align: justify;\">En <strong>1883<\/strong>, il compose l\u2019<strong>op\u00e9ra qui va c\u00e9l\u00e9brer son savoir-faire<\/strong> <strong>au-del\u00e0 des si\u00e8cles<\/strong> : <strong><em>Lakm\u00e9<\/em><\/strong>. Le livret conte l\u2019histoire de G\u00e9rald, <strong>officier britannique amoureux de Lakm\u00e9<\/strong>, fille d\u2019un pr\u00eatre Brahma. L\u2019action se situe <strong>en Inde<\/strong>, \u00e0 l\u2019\u00e9poque o\u00f9 Victoria \u00e9tend son empire de l\u2019Afrique \u00e0 l\u2019Asie. M\u00ealer les ethnies, les races, en ces temps conqu\u00e9rants touchant \u00e0 l\u2019impossible, l\u2019intrigue se veut <strong>dramatique<\/strong>. Au <strong>centre\u00a0de l\u2019op\u00e9ra<\/strong>, des <strong>h\u00e9lices voluptueuses de voix f\u00e9minines,<\/strong> le \u00ab <strong>Duo des Fleurs<\/strong> \u00bb, s\u2019adressent <b>directement au c\u0153ur.<\/b><\/p>\n<h3>LAKME &#8211; Duo des Fleurs<\/h3>\n<div class=\"youtube-embed\" data-video_id=\"YPWkJKm_u5g\"><iframe loading=\"lazy\" title=\"L\u00e9o Delibes   Lakm\u00e9 &#039;Duo des fleurs&#039; Nadine Sierra   Anita Rachvelishvili, Concert de Paris 2017 cut\" width=\"696\" height=\"392\" src=\"https:\/\/www.youtube.com\/embed\/YPWkJKm_u5g\" frameborder=\"0\" allow=\"accelerometer; autoplay; clipboard-write; encrypted-media; gyroscope; picture-in-picture; web-share\" referrerpolicy=\"strict-origin-when-cross-origin\" allowfullscreen><\/iframe><\/div>\n<p style=\"text-align: justify;\">Lorsque, tel qu\u2019en pr\u00e9sence, les assemblages de notes <strong>bouleversent \u00e0 ce point<\/strong>, on <strong>touche au divin<\/strong>. Dans le <a href=\"https:\/\/www.youtube.com\/watch?v=Zi8vJ_lMxQI\" target=\"_blank\" rel=\"noopener\"><em>Requiem<\/em><\/a> de Mozart, si la puissance des ch\u0153urs mime la noirceur, <strong>les harmonisations du duo en mouvement \u00e9voquent des paysages c\u00e9lestes<\/strong>, la puret\u00e9 d\u2019une eau cristalline s\u2019\u00e9coulant, transparente et musicale, le long de min\u00e9raux polis par ses caresses. <strong>Des rayons de ciels \u00e9toil\u00e9s<\/strong> chahut\u00e9s par un croissant de lune <strong>se posent \u00e0 nos pieds.<\/strong> Parfois, l\u2019inspiration des musiciens <strong>transporte les auditeurs aux confins<\/strong>, les amenant \u00e0 <strong>se sentir bien<\/strong>.<\/p>\n<p style=\"text-align: justify;\">Un<strong> autre passage de l\u2019op\u00e9ra<\/strong> touche l\u2019oreille aff\u00fbt\u00e9e des amateurs d\u2019art lyrique, \u00ab <strong>L\u2019air des clochettes<\/strong> \u00bb, pi\u00e8ce majestueuse o\u00f9 <strong>la chanteuse atteint des sommets<\/strong>, certes moins \u00e9lev\u00e9s que dans \u00ab <a href=\"https:\/\/www.youtube.com\/watch?v=sFv5Z8Y_1yo\" target=\"_blank\" rel=\"noopener\">La Fl\u00fbte Enchant\u00e9e<\/a> \u00bb, mais \u00e0 proximit\u00e9.<\/p>\n<h3>LAKME &#8211; L&rsquo;Air des Clochettes<\/h3>\n<p>https:\/\/www.youtube.com\/watch?v=YPRwjLwRFhQ<\/p>\n<p style=\"text-align: justify;\"><strong>M\u00eame touch\u00e9 par la gr\u00e2ce<\/strong> de l\u2019\u00e9change des \u00ab genres \u00bb, servi ici au f\u00e9minin par Natalie Desay, divine soprano, <strong>le \u00ab Duo des Fleurs \u00bb vous revient<\/strong>. Si, sentiments bless\u00e9s, vous vous sentez d\u00e9river vers l\u2019obscurit\u00e9, <strong>acceptez qu\u2019on vous berce<\/strong>. Une <strong>ode \u00e0 l\u2019existence<\/strong>, un <strong>hommage au Sacr\u00e9<\/strong>, un <strong>espace lumineux o\u00f9 se recouvrer<\/strong>.<\/p>\n<p>Thierry Dauge<\/p>\n","protected":false},"excerpt":{"rendered":"<p>L\u00e9o DELIBES &#8211; Lakm\u00e9, op\u00e9ra Musicien fran\u00e7ais du XIX\u00e8me si\u00e8cle, \u00e0 son arriv\u00e9e dans le microcosme des compositeurs dits \u00ab classiques \u00bb, L\u00e9o Delibes exerce sa noble activit\u00e9 au b\u00e9n\u00e9fice de l\u2019op\u00e9rette et du ballet. Lorsqu\u2019il int\u00e8gre l\u2019op\u00e9ra national en tant que second chef de ch\u0153urs, on imagine que l\u2019\u00e9criture de plus \u00ab nobles \u00bb [&hellip;]<\/p>\n","protected":false},"author":3,"featured_media":17908,"comment_status":"open","ping_status":"open","sticky":false,"template":"","format":"image","meta":{"jetpack_post_was_ever_published":false,"tdm_status":"","tdm_grid_status":"","_jetpack_newsletter_access":"","_jetpack_dont_email_post_to_subs":false,"_jetpack_newsletter_tier_id":0,"_jetpack_memberships_contains_paywalled_content":false,"_jetpack_memberships_contains_paid_content":false,"footnotes":""},"categories":[17,14353],"tags":[14354],"class_list":{"0":"post-17907","1":"post","2":"type-post","3":"status-publish","4":"format-image","5":"has-post-thumbnail","7":"category-carotte-rock-cultures","8":"category-musique-classique","9":"tag-musique-classique","10":"post_format-post-format-image"},"yoast_head":"<!-- This site is optimized with the Yoast SEO plugin v27.5 - https:\/\/yoast.com\/product\/yoast-seo-wordpress\/ -->\n<title>L\u00e9o DELIBES - Lakm\u00e9, op\u00e9ra - Culturesco op\u00e9ra lyrique<\/title>\n<meta name=\"description\" content=\"CulturesCo | &quot;Lakm\u00e9&quot; est un op\u00e9ra du compositeur fran\u00e7ais L\u00e9o Delibes. Au c\u0153ur de l&#039;oeuvre, le &quot;Duo des Fleurs&quot;, moment magique hors du temps.\" \/>\n<meta name=\"robots\" content=\"index, follow, max-snippet:-1, max-image-preview:large, max-video-preview:-1\" \/>\n<link rel=\"canonical\" href=\"https:\/\/culturesco.com\/index.php\/2022\/10\/04\/leo-delibes-lakme-opera\/\" \/>\n<meta property=\"og:locale\" content=\"fr_FR\" \/>\n<meta property=\"og:type\" content=\"article\" \/>\n<meta property=\"og:title\" content=\"L\u00e9o DELIBES - Lakm\u00e9, op\u00e9ra - Culturesco op\u00e9ra lyrique\" \/>\n<meta property=\"og:description\" content=\"CulturesCo | &quot;Lakm\u00e9&quot; est un op\u00e9ra du compositeur fran\u00e7ais L\u00e9o Delibes. Au c\u0153ur de l&#039;oeuvre, le &quot;Duo des Fleurs&quot;, moment magique hors du temps.\" \/>\n<meta property=\"og:url\" content=\"https:\/\/culturesco.com\/index.php\/2022\/10\/04\/leo-delibes-lakme-opera\/\" \/>\n<meta property=\"og:site_name\" content=\"Culturesco\" \/>\n<meta property=\"article:publisher\" content=\"https:\/\/www.facebook.com\/radioculturesco\" \/>\n<meta property=\"article:published_time\" content=\"2022-10-04T18:35:49+00:00\" \/>\n<meta property=\"article:modified_time\" content=\"2022-10-04T18:41:17+00:00\" \/>\n<meta property=\"og:image\" content=\"https:\/\/culturesco.com\/wp-content\/uploads\/2022\/10\/Leo-DELIBES-Lakme.jpg\" \/>\n\t<meta property=\"og:image:width\" content=\"600\" \/>\n\t<meta property=\"og:image:height\" content=\"314\" \/>\n\t<meta property=\"og:image:type\" content=\"image\/jpeg\" \/>\n<meta name=\"author\" content=\"Thierry Dauge\" \/>\n<meta name=\"twitter:card\" content=\"summary_large_image\" \/>\n<meta name=\"twitter:creator\" content=\"@AugusteMarshal\" \/>\n<meta name=\"twitter:site\" content=\"@AugusteMarshal\" \/>\n<meta name=\"twitter:label1\" content=\"\u00c9crit par\" \/>\n\t<meta name=\"twitter:data1\" content=\"Thierry Dauge\" \/>\n\t<meta name=\"twitter:label2\" content=\"Dur\u00e9e de lecture estim\u00e9e\" \/>\n\t<meta name=\"twitter:data2\" content=\"3 minutes\" \/>\n<script type=\"application\/ld+json\" class=\"yoast-schema-graph\">{\"@context\":\"https:\\\/\\\/schema.org\",\"@graph\":[{\"@type\":\"Article\",\"@id\":\"https:\\\/\\\/culturesco.com\\\/index.php\\\/2022\\\/10\\\/04\\\/leo-delibes-lakme-opera\\\/#article\",\"isPartOf\":{\"@id\":\"https:\\\/\\\/culturesco.com\\\/index.php\\\/2022\\\/10\\\/04\\\/leo-delibes-lakme-opera\\\/\"},\"author\":{\"name\":\"Thierry Dauge\",\"@id\":\"https:\\\/\\\/culturesco.com\\\/#\\\/schema\\\/person\\\/19f04cf232d246197f6e7d62abe6cb0e\"},\"headline\":\"L\u00e9o DELIBES &#8211; Lakm\u00e9, op\u00e9ra\",\"datePublished\":\"2022-10-04T18:35:49+00:00\",\"dateModified\":\"2022-10-04T18:41:17+00:00\",\"mainEntityOfPage\":{\"@id\":\"https:\\\/\\\/culturesco.com\\\/index.php\\\/2022\\\/10\\\/04\\\/leo-delibes-lakme-opera\\\/\"},\"wordCount\":436,\"commentCount\":0,\"publisher\":{\"@id\":\"https:\\\/\\\/culturesco.com\\\/#organization\"},\"image\":{\"@id\":\"https:\\\/\\\/culturesco.com\\\/index.php\\\/2022\\\/10\\\/04\\\/leo-delibes-lakme-opera\\\/#primaryimage\"},\"thumbnailUrl\":\"https:\\\/\\\/i0.wp.com\\\/culturesco.com\\\/wp-content\\\/uploads\\\/2022\\\/10\\\/Leo-DELIBES-Lakme.jpg?fit=600%2C314&ssl=1\",\"keywords\":[\"Musique classique\"],\"articleSection\":[\"Carotte Rock Cultures\",\"Musique classique\"],\"inLanguage\":\"fr-FR\",\"potentialAction\":[{\"@type\":\"CommentAction\",\"name\":\"Comment\",\"target\":[\"https:\\\/\\\/culturesco.com\\\/index.php\\\/2022\\\/10\\\/04\\\/leo-delibes-lakme-opera\\\/#respond\"]}]},{\"@type\":\"WebPage\",\"@id\":\"https:\\\/\\\/culturesco.com\\\/index.php\\\/2022\\\/10\\\/04\\\/leo-delibes-lakme-opera\\\/\",\"url\":\"https:\\\/\\\/culturesco.com\\\/index.php\\\/2022\\\/10\\\/04\\\/leo-delibes-lakme-opera\\\/\",\"name\":\"L\u00e9o DELIBES - Lakm\u00e9, op\u00e9ra - Culturesco op\u00e9ra lyrique\",\"isPartOf\":{\"@id\":\"https:\\\/\\\/culturesco.com\\\/#website\"},\"primaryImageOfPage\":{\"@id\":\"https:\\\/\\\/culturesco.com\\\/index.php\\\/2022\\\/10\\\/04\\\/leo-delibes-lakme-opera\\\/#primaryimage\"},\"image\":{\"@id\":\"https:\\\/\\\/culturesco.com\\\/index.php\\\/2022\\\/10\\\/04\\\/leo-delibes-lakme-opera\\\/#primaryimage\"},\"thumbnailUrl\":\"https:\\\/\\\/i0.wp.com\\\/culturesco.com\\\/wp-content\\\/uploads\\\/2022\\\/10\\\/Leo-DELIBES-Lakme.jpg?fit=600%2C314&ssl=1\",\"datePublished\":\"2022-10-04T18:35:49+00:00\",\"dateModified\":\"2022-10-04T18:41:17+00:00\",\"description\":\"CulturesCo | \\\"Lakm\u00e9\\\" est un op\u00e9ra du compositeur fran\u00e7ais L\u00e9o Delibes. Au c\u0153ur de l'oeuvre, le \\\"Duo des Fleurs\\\", moment magique hors du temps.\",\"breadcrumb\":{\"@id\":\"https:\\\/\\\/culturesco.com\\\/index.php\\\/2022\\\/10\\\/04\\\/leo-delibes-lakme-opera\\\/#breadcrumb\"},\"inLanguage\":\"fr-FR\",\"potentialAction\":[{\"@type\":\"ReadAction\",\"target\":[\"https:\\\/\\\/culturesco.com\\\/index.php\\\/2022\\\/10\\\/04\\\/leo-delibes-lakme-opera\\\/\"]}]},{\"@type\":\"ImageObject\",\"inLanguage\":\"fr-FR\",\"@id\":\"https:\\\/\\\/culturesco.com\\\/index.php\\\/2022\\\/10\\\/04\\\/leo-delibes-lakme-opera\\\/#primaryimage\",\"url\":\"https:\\\/\\\/i0.wp.com\\\/culturesco.com\\\/wp-content\\\/uploads\\\/2022\\\/10\\\/Leo-DELIBES-Lakme.jpg?fit=600%2C314&ssl=1\",\"contentUrl\":\"https:\\\/\\\/i0.wp.com\\\/culturesco.com\\\/wp-content\\\/uploads\\\/2022\\\/10\\\/Leo-DELIBES-Lakme.jpg?fit=600%2C314&ssl=1\",\"width\":600,\"height\":314,\"caption\":\"L\u00e9o Delibes\"},{\"@type\":\"BreadcrumbList\",\"@id\":\"https:\\\/\\\/culturesco.com\\\/index.php\\\/2022\\\/10\\\/04\\\/leo-delibes-lakme-opera\\\/#breadcrumb\",\"itemListElement\":[{\"@type\":\"ListItem\",\"position\":1,\"name\":\"Accueil\",\"item\":\"https:\\\/\\\/culturesco.com\\\/\"},{\"@type\":\"ListItem\",\"position\":2,\"name\":\"L\u00e9o DELIBES &#8211; Lakm\u00e9, op\u00e9ra\"}]},{\"@type\":\"WebSite\",\"@id\":\"https:\\\/\\\/culturesco.com\\\/#website\",\"url\":\"https:\\\/\\\/culturesco.com\\\/\",\"name\":\"Culturesco\",\"description\":\"Culturesco | Un bon coup de pied dans ta Culture\",\"publisher\":{\"@id\":\"https:\\\/\\\/culturesco.com\\\/#organization\"},\"potentialAction\":[{\"@type\":\"SearchAction\",\"target\":{\"@type\":\"EntryPoint\",\"urlTemplate\":\"https:\\\/\\\/culturesco.com\\\/?s={search_term_string}\"},\"query-input\":{\"@type\":\"PropertyValueSpecification\",\"valueRequired\":true,\"valueName\":\"search_term_string\"}}],\"inLanguage\":\"fr-FR\"},{\"@type\":\"Organization\",\"@id\":\"https:\\\/\\\/culturesco.com\\\/#organization\",\"name\":\"CULTURESCO\",\"url\":\"https:\\\/\\\/culturesco.com\\\/\",\"logo\":{\"@type\":\"ImageObject\",\"inLanguage\":\"fr-FR\",\"@id\":\"https:\\\/\\\/culturesco.com\\\/#\\\/schema\\\/logo\\\/image\\\/\",\"url\":\"https:\\\/\\\/i0.wp.com\\\/culturesco.com\\\/wp-content\\\/uploads\\\/2022\\\/04\\\/culturesco-logo-blanc250p.png?fit=250%2C250&ssl=1\",\"contentUrl\":\"https:\\\/\\\/i0.wp.com\\\/culturesco.com\\\/wp-content\\\/uploads\\\/2022\\\/04\\\/culturesco-logo-blanc250p.png?fit=250%2C250&ssl=1\",\"width\":250,\"height\":250,\"caption\":\"CULTURESCO\"},\"image\":{\"@id\":\"https:\\\/\\\/culturesco.com\\\/#\\\/schema\\\/logo\\\/image\\\/\"},\"sameAs\":[\"https:\\\/\\\/www.facebook.com\\\/radioculturesco\",\"https:\\\/\\\/x.com\\\/AugusteMarshal\",\"https:\\\/\\\/www.instagram.com\\\/carotte_rock_culture\\\/\",\"https:\\\/\\\/www.pinterest.fr\\\/augustemarshal\\\/\",\"https:\\\/\\\/www.youtube.com\\\/channel\\\/UCiWLGffqWSXlNnfzp6YwwyQ\"]},{\"@type\":\"Person\",\"@id\":\"https:\\\/\\\/culturesco.com\\\/#\\\/schema\\\/person\\\/19f04cf232d246197f6e7d62abe6cb0e\",\"name\":\"Thierry Dauge\",\"image\":{\"@type\":\"ImageObject\",\"inLanguage\":\"fr-FR\",\"@id\":\"https:\\\/\\\/i0.wp.com\\\/culturesco.com\\\/wp-content\\\/uploads\\\/2018\\\/12\\\/Black-Beauty-and-me.jpg?fit=96%2C96&ssl=1\",\"url\":\"https:\\\/\\\/i0.wp.com\\\/culturesco.com\\\/wp-content\\\/uploads\\\/2018\\\/12\\\/Black-Beauty-and-me.jpg?fit=96%2C96&ssl=1\",\"contentUrl\":\"https:\\\/\\\/i0.wp.com\\\/culturesco.com\\\/wp-content\\\/uploads\\\/2018\\\/12\\\/Black-Beauty-and-me.jpg?fit=96%2C96&ssl=1\",\"caption\":\"Thierry Dauge\"},\"description\":\"Amoureux des 70\u2019s et du hard rock en particulier, Thierry Dauge est chroniqueur sur Culturesco par amour de l\u2019\u00e9criture musicale. Co-auteur du livre\\\"Pop rock - Les instruments de l'ombre\\\" aux \u00e9ditions du Camion Blanc, collaborateur de Vivi pour \\\"Mes Ann\u00e9es Trust\\\", auteur de \\\"Sparks\\\" aux \u00e9ditions du Layeur, parce que le rock est loin d'\u00eatre mort ...\",\"url\":\"https:\\\/\\\/culturesco.com\\\/index.php\\\/author\\\/thierry-dauge888\\\/\"}]}<\/script>\n<!-- \/ Yoast SEO plugin. -->","yoast_head_json":{"title":"L\u00e9o DELIBES - Lakm\u00e9, op\u00e9ra - Culturesco op\u00e9ra lyrique","description":"CulturesCo | \"Lakm\u00e9\" est un op\u00e9ra du compositeur fran\u00e7ais L\u00e9o Delibes. Au c\u0153ur de l'oeuvre, le \"Duo des Fleurs\", moment magique hors du temps.","robots":{"index":"index","follow":"follow","max-snippet":"max-snippet:-1","max-image-preview":"max-image-preview:large","max-video-preview":"max-video-preview:-1"},"canonical":"https:\/\/culturesco.com\/index.php\/2022\/10\/04\/leo-delibes-lakme-opera\/","og_locale":"fr_FR","og_type":"article","og_title":"L\u00e9o DELIBES - Lakm\u00e9, op\u00e9ra - Culturesco op\u00e9ra lyrique","og_description":"CulturesCo | \"Lakm\u00e9\" est un op\u00e9ra du compositeur fran\u00e7ais L\u00e9o Delibes. Au c\u0153ur de l'oeuvre, le \"Duo des Fleurs\", moment magique hors du temps.","og_url":"https:\/\/culturesco.com\/index.php\/2022\/10\/04\/leo-delibes-lakme-opera\/","og_site_name":"Culturesco","article_publisher":"https:\/\/www.facebook.com\/radioculturesco","article_published_time":"2022-10-04T18:35:49+00:00","article_modified_time":"2022-10-04T18:41:17+00:00","og_image":[{"width":600,"height":314,"url":"https:\/\/culturesco.com\/wp-content\/uploads\/2022\/10\/Leo-DELIBES-Lakme.jpg","type":"image\/jpeg"}],"author":"Thierry Dauge","twitter_card":"summary_large_image","twitter_creator":"@AugusteMarshal","twitter_site":"@AugusteMarshal","twitter_misc":{"\u00c9crit par":"Thierry Dauge","Dur\u00e9e de lecture estim\u00e9e":"3 minutes"},"schema":{"@context":"https:\/\/schema.org","@graph":[{"@type":"Article","@id":"https:\/\/culturesco.com\/index.php\/2022\/10\/04\/leo-delibes-lakme-opera\/#article","isPartOf":{"@id":"https:\/\/culturesco.com\/index.php\/2022\/10\/04\/leo-delibes-lakme-opera\/"},"author":{"name":"Thierry Dauge","@id":"https:\/\/culturesco.com\/#\/schema\/person\/19f04cf232d246197f6e7d62abe6cb0e"},"headline":"L\u00e9o DELIBES &#8211; Lakm\u00e9, op\u00e9ra","datePublished":"2022-10-04T18:35:49+00:00","dateModified":"2022-10-04T18:41:17+00:00","mainEntityOfPage":{"@id":"https:\/\/culturesco.com\/index.php\/2022\/10\/04\/leo-delibes-lakme-opera\/"},"wordCount":436,"commentCount":0,"publisher":{"@id":"https:\/\/culturesco.com\/#organization"},"image":{"@id":"https:\/\/culturesco.com\/index.php\/2022\/10\/04\/leo-delibes-lakme-opera\/#primaryimage"},"thumbnailUrl":"https:\/\/i0.wp.com\/culturesco.com\/wp-content\/uploads\/2022\/10\/Leo-DELIBES-Lakme.jpg?fit=600%2C314&ssl=1","keywords":["Musique classique"],"articleSection":["Carotte Rock Cultures","Musique classique"],"inLanguage":"fr-FR","potentialAction":[{"@type":"CommentAction","name":"Comment","target":["https:\/\/culturesco.com\/index.php\/2022\/10\/04\/leo-delibes-lakme-opera\/#respond"]}]},{"@type":"WebPage","@id":"https:\/\/culturesco.com\/index.php\/2022\/10\/04\/leo-delibes-lakme-opera\/","url":"https:\/\/culturesco.com\/index.php\/2022\/10\/04\/leo-delibes-lakme-opera\/","name":"L\u00e9o DELIBES - Lakm\u00e9, op\u00e9ra - Culturesco op\u00e9ra lyrique","isPartOf":{"@id":"https:\/\/culturesco.com\/#website"},"primaryImageOfPage":{"@id":"https:\/\/culturesco.com\/index.php\/2022\/10\/04\/leo-delibes-lakme-opera\/#primaryimage"},"image":{"@id":"https:\/\/culturesco.com\/index.php\/2022\/10\/04\/leo-delibes-lakme-opera\/#primaryimage"},"thumbnailUrl":"https:\/\/i0.wp.com\/culturesco.com\/wp-content\/uploads\/2022\/10\/Leo-DELIBES-Lakme.jpg?fit=600%2C314&ssl=1","datePublished":"2022-10-04T18:35:49+00:00","dateModified":"2022-10-04T18:41:17+00:00","description":"CulturesCo | \"Lakm\u00e9\" est un op\u00e9ra du compositeur fran\u00e7ais L\u00e9o Delibes. Au c\u0153ur de l'oeuvre, le \"Duo des Fleurs\", moment magique hors du temps.","breadcrumb":{"@id":"https:\/\/culturesco.com\/index.php\/2022\/10\/04\/leo-delibes-lakme-opera\/#breadcrumb"},"inLanguage":"fr-FR","potentialAction":[{"@type":"ReadAction","target":["https:\/\/culturesco.com\/index.php\/2022\/10\/04\/leo-delibes-lakme-opera\/"]}]},{"@type":"ImageObject","inLanguage":"fr-FR","@id":"https:\/\/culturesco.com\/index.php\/2022\/10\/04\/leo-delibes-lakme-opera\/#primaryimage","url":"https:\/\/i0.wp.com\/culturesco.com\/wp-content\/uploads\/2022\/10\/Leo-DELIBES-Lakme.jpg?fit=600%2C314&ssl=1","contentUrl":"https:\/\/i0.wp.com\/culturesco.com\/wp-content\/uploads\/2022\/10\/Leo-DELIBES-Lakme.jpg?fit=600%2C314&ssl=1","width":600,"height":314,"caption":"L\u00e9o Delibes"},{"@type":"BreadcrumbList","@id":"https:\/\/culturesco.com\/index.php\/2022\/10\/04\/leo-delibes-lakme-opera\/#breadcrumb","itemListElement":[{"@type":"ListItem","position":1,"name":"Accueil","item":"https:\/\/culturesco.com\/"},{"@type":"ListItem","position":2,"name":"L\u00e9o DELIBES &#8211; Lakm\u00e9, op\u00e9ra"}]},{"@type":"WebSite","@id":"https:\/\/culturesco.com\/#website","url":"https:\/\/culturesco.com\/","name":"Culturesco","description":"Culturesco | Un bon coup de pied dans ta Culture","publisher":{"@id":"https:\/\/culturesco.com\/#organization"},"potentialAction":[{"@type":"SearchAction","target":{"@type":"EntryPoint","urlTemplate":"https:\/\/culturesco.com\/?s={search_term_string}"},"query-input":{"@type":"PropertyValueSpecification","valueRequired":true,"valueName":"search_term_string"}}],"inLanguage":"fr-FR"},{"@type":"Organization","@id":"https:\/\/culturesco.com\/#organization","name":"CULTURESCO","url":"https:\/\/culturesco.com\/","logo":{"@type":"ImageObject","inLanguage":"fr-FR","@id":"https:\/\/culturesco.com\/#\/schema\/logo\/image\/","url":"https:\/\/i0.wp.com\/culturesco.com\/wp-content\/uploads\/2022\/04\/culturesco-logo-blanc250p.png?fit=250%2C250&ssl=1","contentUrl":"https:\/\/i0.wp.com\/culturesco.com\/wp-content\/uploads\/2022\/04\/culturesco-logo-blanc250p.png?fit=250%2C250&ssl=1","width":250,"height":250,"caption":"CULTURESCO"},"image":{"@id":"https:\/\/culturesco.com\/#\/schema\/logo\/image\/"},"sameAs":["https:\/\/www.facebook.com\/radioculturesco","https:\/\/x.com\/AugusteMarshal","https:\/\/www.instagram.com\/carotte_rock_culture\/","https:\/\/www.pinterest.fr\/augustemarshal\/","https:\/\/www.youtube.com\/channel\/UCiWLGffqWSXlNnfzp6YwwyQ"]},{"@type":"Person","@id":"https:\/\/culturesco.com\/#\/schema\/person\/19f04cf232d246197f6e7d62abe6cb0e","name":"Thierry Dauge","image":{"@type":"ImageObject","inLanguage":"fr-FR","@id":"https:\/\/i0.wp.com\/culturesco.com\/wp-content\/uploads\/2018\/12\/Black-Beauty-and-me.jpg?fit=96%2C96&ssl=1","url":"https:\/\/i0.wp.com\/culturesco.com\/wp-content\/uploads\/2018\/12\/Black-Beauty-and-me.jpg?fit=96%2C96&ssl=1","contentUrl":"https:\/\/i0.wp.com\/culturesco.com\/wp-content\/uploads\/2018\/12\/Black-Beauty-and-me.jpg?fit=96%2C96&ssl=1","caption":"Thierry Dauge"},"description":"Amoureux des 70\u2019s et du hard rock en particulier, Thierry Dauge est chroniqueur sur Culturesco par amour de l\u2019\u00e9criture musicale. Co-auteur du livre\"Pop rock - Les instruments de l'ombre\" aux \u00e9ditions du Camion Blanc, collaborateur de Vivi pour \"Mes Ann\u00e9es Trust\", auteur de \"Sparks\" aux \u00e9ditions du Layeur, parce que le rock est loin d'\u00eatre mort ...","url":"https:\/\/culturesco.com\/index.php\/author\/thierry-dauge888\/"}]}},"jetpack_featured_media_url":"https:\/\/i0.wp.com\/culturesco.com\/wp-content\/uploads\/2022\/10\/Leo-DELIBES-Lakme.jpg?fit=600%2C314&ssl=1","jetpack_likes_enabled":true,"jetpack_sharing_enabled":true,"jetpack_shortlink":"https:\/\/wp.me\/paz89I-4EP","_links":{"self":[{"href":"https:\/\/culturesco.com\/index.php\/wp-json\/wp\/v2\/posts\/17907","targetHints":{"allow":["GET"]}}],"collection":[{"href":"https:\/\/culturesco.com\/index.php\/wp-json\/wp\/v2\/posts"}],"about":[{"href":"https:\/\/culturesco.com\/index.php\/wp-json\/wp\/v2\/types\/post"}],"author":[{"embeddable":true,"href":"https:\/\/culturesco.com\/index.php\/wp-json\/wp\/v2\/users\/3"}],"replies":[{"embeddable":true,"href":"https:\/\/culturesco.com\/index.php\/wp-json\/wp\/v2\/comments?post=17907"}],"version-history":[{"count":0,"href":"https:\/\/culturesco.com\/index.php\/wp-json\/wp\/v2\/posts\/17907\/revisions"}],"wp:featuredmedia":[{"embeddable":true,"href":"https:\/\/culturesco.com\/index.php\/wp-json\/wp\/v2\/media\/17908"}],"wp:attachment":[{"href":"https:\/\/culturesco.com\/index.php\/wp-json\/wp\/v2\/media?parent=17907"}],"wp:term":[{"taxonomy":"category","embeddable":true,"href":"https:\/\/culturesco.com\/index.php\/wp-json\/wp\/v2\/categories?post=17907"},{"taxonomy":"post_tag","embeddable":true,"href":"https:\/\/culturesco.com\/index.php\/wp-json\/wp\/v2\/tags?post=17907"}],"curies":[{"name":"wp","href":"https:\/\/api.w.org\/{rel}","templated":true}]}}