{"id":17697,"date":"2022-09-15T20:33:36","date_gmt":"2022-09-15T18:33:36","guid":{"rendered":"https:\/\/culturesco.com\/?p=17697"},"modified":"2022-09-17T21:24:27","modified_gmt":"2022-09-17T19:24:27","slug":"andre-raimbourg-dit-bourvil","status":"publish","type":"post","link":"https:\/\/culturesco.com\/index.php\/2022\/09\/15\/andre-raimbourg-dit-bourvil\/","title":{"rendered":"Andr\u00e9 RAIMBOURG dit \u00abBOURVIL\u00bb"},"content":{"rendered":"<h2>Andr\u00e9 RAIMBOURG dit \u00abBOURVIL\u00bb<\/h2>\n<p><img data-recalc-dims=\"1\" loading=\"lazy\" decoding=\"async\" class=\" wp-image-17698 aligncenter\" src=\"https:\/\/i0.wp.com\/culturesco.com\/wp-content\/uploads\/2022\/09\/BOURVIL-Front.jpg?resize=602%2C331&#038;ssl=1\" alt=\"Bourvil\" width=\"602\" height=\"331\" srcset=\"https:\/\/i0.wp.com\/culturesco.com\/wp-content\/uploads\/2022\/09\/BOURVIL-Front.jpg?resize=300%2C165&amp;ssl=1 300w, https:\/\/i0.wp.com\/culturesco.com\/wp-content\/uploads\/2022\/09\/BOURVIL-Front.jpg?resize=768%2C421&amp;ssl=1 768w, https:\/\/i0.wp.com\/culturesco.com\/wp-content\/uploads\/2022\/09\/BOURVIL-Front.jpg?resize=696%2C382&amp;ssl=1 696w, https:\/\/i0.wp.com\/culturesco.com\/wp-content\/uploads\/2022\/09\/BOURVIL-Front.jpg?resize=1068%2C586&amp;ssl=1 1068w, https:\/\/i0.wp.com\/culturesco.com\/wp-content\/uploads\/2022\/09\/BOURVIL-Front.jpg?resize=766%2C420&amp;ssl=1 766w, https:\/\/i0.wp.com\/culturesco.com\/wp-content\/uploads\/2022\/09\/BOURVIL-Front.jpg?w=600&amp;ssl=1 600w, https:\/\/i0.wp.com\/culturesco.com\/wp-content\/uploads\/2022\/09\/BOURVIL-Front.jpg?resize=109%2C60&amp;ssl=1 109w, https:\/\/i0.wp.com\/culturesco.com\/wp-content\/uploads\/2022\/09\/BOURVIL-Front.jpg?resize=164%2C90&amp;ssl=1 164w\" sizes=\"auto, (max-width: 602px) 100vw, 602px\" \/><\/p>\n<p style=\"text-align: justify;\">Outre para\u00eetre dans le peloton de t\u00eate des plus<strong> grands acteurs fran\u00e7ais<\/strong>, Andr\u00e9 Raimbourg dit <strong>\u00ab Bourvil \u00bb chantait.<\/strong><\/p>\n<p style=\"text-align: justify;\"><strong>En mati\u00e8re de cin\u00e9matographie<\/strong>, pour ses r\u00f4les les plus denses, on pense \u00e0 <a href=\"https:\/\/www.youtube.com\/watch?v=Z-dIbMuODsA\" target=\"_blank\" rel=\"noopener\"><strong><em>La Travers\u00e9e de Paris<\/em> <\/strong><\/a>(1956) avec Jean Gabin, <a href=\"https:\/\/www.youtube.com\/watch?v=dch5NUIELZA\" target=\"_blank\" rel=\"noopener\"><strong><em>Fortunat<\/em><\/strong> <\/a>(1960) avec Mich\u00e8le Morgan, au <a href=\"https:\/\/www.youtube.com\/watch?v=YePWSSCpjF4\" target=\"_blank\" rel=\"noopener\"><strong><em>Capitan<\/em><\/strong><\/a> (1960) avec Jean Marais, aux <a href=\"https:\/\/www.youtube.com\/watch?v=4oLfRmWqJo8\" target=\"_blank\" rel=\"noopener\"><strong><em>Grandes Gueules<\/em><\/strong><\/a> (1965) avec Lino Ventura, \u00e0<a href=\"https:\/\/www.youtube.com\/watch?v=zlFwisr1v1k\" target=\"_blank\" rel=\"noopener\"> <strong><em>La Grande Vadrouille<\/em> <\/strong><\/a>(1966) avec Louis de Fun\u00e8s ou au <a href=\"https:\/\/www.youtube.com\/watch?v=E9zNWGyt78E\" target=\"_blank\" rel=\"noopener\"><strong><em>Cerveau<\/em><\/strong><\/a> (1969) avec Jean-Paul Belmondo. Que du beau monde,<strong> du \u00ab beau linge \u00bb<\/strong>. Qui d\u2019autres pour lui donner la r\u00e9plique, <strong>quel cador capable d\u2019exister \u00e0 ses c\u00f4t\u00e9s ?<\/strong> En mati\u00e8re de \u00ab comique \u00bb, <strong><em>La Causerie Antialcoolique<\/em> <\/strong>et son \u00ab <a href=\"https:\/\/www.youtube.com\/watch?v=YcuE54E9coI\" target=\"_blank\" rel=\"noopener\">Eau ferrugineuse\u2026<\/a> \u00bb (1959) fait partie des <strong>sketchs incontournables,<\/strong> tous humoristes confondus.<\/p>\n<h3>BOURVIL &#8211; La Tactique du Gendarme (1949)<\/h3>\n<div class=\"youtube-embed\" data-video_id=\"lBzH5ythm_o\"><iframe loading=\"lazy\" title=\"La Tactique du Gendarme - Bourvil\" width=\"696\" height=\"522\" src=\"https:\/\/www.youtube.com\/embed\/lBzH5ythm_o\" frameborder=\"0\" allow=\"accelerometer; autoplay; clipboard-write; encrypted-media; gyroscope; picture-in-picture; web-share\" referrerpolicy=\"strict-origin-when-cross-origin\" allowfullscreen><\/iframe><\/div>\n<p style=\"text-align: justify;\">Ne serait-ce pas <strong>la danse du \u00ab Mia \u00bb<\/strong> que notre joyeux drille <strong>initie dans la vid\u00e9o<\/strong> ci-dessus ? <strong>Un pr\u00e9curseur.<\/strong> <strong>Bourvil<\/strong> c\u2019est \u00e7a. Un <strong>gar\u00e7on capable de faire rire<\/strong> tout autant qu\u2019<strong>\u00e9mouvoir<\/strong>. Lorsqu\u2019on \u00e9crit cela, vient tout de suite \u00e0 l\u2019esprit le patronyme d\u2019un autre grand chanteur \/ acteur comique, <a href=\"https:\/\/www.youtube.com\/watch?v=uBMqVQd3P5Y\" target=\"_blank\" rel=\"noopener\"><strong>Fernandel<\/strong><\/a>. Pourtant, il me semble qu\u2019<strong>\u00e9motionnellement Bourvil \u00e9tait un cran au-dessus<\/strong>. Dans <em>Fortunat<\/em>, sans qu\u2019il ait fr\u00e9quent\u00e9 l\u2019Actors Studio, <strong>sa justesse \u00e9poustoufle le cin\u00e9phile<\/strong>.<\/p>\n<p style=\"text-align: justify;\">Seulement voil\u00e0, <strong>comique un jour, comique toujours<\/strong>. C\u2019est surtout pour ses performances dans ce domaine que le grand public le reconnait. Avouons qu\u2019en imb\u00e9cile subissant les assauts des jeunes premiers, des vedettes \u00e9tablies, <strong>il fait gondoler l\u2019\u00e9cran et les glottes.<\/strong><\/p>\n<h3>Les Crayons (1945)<\/h3>\n<div class=\"youtube-embed\" data-video_id=\"2O94Z1_wlqo\"><iframe loading=\"lazy\" title=\"Bourvil - Les Crayons\" width=\"696\" height=\"522\" src=\"https:\/\/www.youtube.com\/embed\/2O94Z1_wlqo\" frameborder=\"0\" allow=\"accelerometer; autoplay; clipboard-write; encrypted-media; gyroscope; picture-in-picture; web-share\" referrerpolicy=\"strict-origin-when-cross-origin\" allowfullscreen><\/iframe><\/div>\n<p style=\"text-align: justify;\"><strong>C\u00f4t\u00e9 discographie<\/strong>, il parvient cependant \u00e0 <strong>toucher c\u0153urs et \u00e2mes<\/strong> avec quelques chansons aux textes finement cisel\u00e9s. La plus c\u00e9l\u00e8bre reste \u00ab <strong>La Ballade Irlandaise<\/strong> \u00bb.<\/p>\n<h3 style=\"text-align: justify;\">\u00ab <em>Un oranger sur le sol irlandais, on ne le verra jamais. Un jour de neige embaum\u00e9 de lilas, Jamais on ne le verra. Qu&rsquo;est-ce que \u00e7a peut faire ? Qu&rsquo;est-ce que \u00e7a peut faire ? Tu dors aupr\u00e8s de moi \u2026<\/em> \u00bb<\/h3>\n<p style=\"text-align: justify;\"><strong>Malgr\u00e9<\/strong> <strong>un physique \u00ab difficile \u00bb<\/strong>, <strong>cette tendresse annonc\u00e9e \u00e9treint spontan\u00e9ment<\/strong> celui ou celle qui, non seulement l\u2019\u00e9coute, mais de surcro\u00eet le voit la chanter. Quand on pense \u00e0 Bourvil, on distingue son nez de travers et ses dents en \u00ab pav\u00e9s \u00bb. Lorsqu\u2019on l\u2019observe de plus pr\u00e8s, sur la pellicule, <strong>en photo ou en \u00ab vrai \u00bb, on ne voit plus que ses yeux : ses sentiments.<\/strong><\/p>\n<h3>BOURVIL &#8211; La Ballade Irlandaise (1958)<\/h3>\n<div class=\"youtube-embed\" data-video_id=\"UF1WNxsjZcM\"><iframe loading=\"lazy\" title=\"Bourvil - la ballade irlandaise\" width=\"696\" height=\"522\" src=\"https:\/\/www.youtube.com\/embed\/UF1WNxsjZcM\" frameborder=\"0\" allow=\"accelerometer; autoplay; clipboard-write; encrypted-media; gyroscope; picture-in-picture; web-share\" referrerpolicy=\"strict-origin-when-cross-origin\" allowfullscreen><\/iframe><\/div>\n<p style=\"text-align: justify;\">Alors, qu\u2019il se dandine sur \u00ab<a href=\"https:\/\/www.youtube.com\/watch?v=FA4-I2UwPis\" target=\"_blank\" rel=\"noopener\"> A Dada<\/a> \u00bb, \u00ab <a href=\"https:\/\/www.youtube.com\/watch?v=28J9n9mPNJs\" target=\"_blank\" rel=\"noopener\">La Rumba du Pinceau<\/a> \u00bb ou \u00ab <a href=\"https:\/\/www.youtube.com\/watch?v=63NMdGIV_F8\" target=\"_blank\" rel=\"noopener\">Qu\u2019est-ce Que Tu Dis ?<\/a> \u00bb, on sait la chaleur de l\u2019homme. Cette<strong> gaudriole programm\u00e9e<\/strong>, aussi bigarr\u00e9e soit-elle, n\u2019est qu\u2019<strong>un \u00e9cran de fum\u00e9es<\/strong>. Que ce soit sous un clair de lune \u00e0 Maubeuge, \u00e0 Joinville Le Pont, \u00e0 pied, \u00e0 cheval, en voiture, <strong>lorsqu\u2019Andr\u00e9 fait \u00ab Pouet Pouet \u00bb, on pressent la force qui l\u2019anime<\/strong>. L\u2019amuseur public, <strong>personnalit\u00e9 tendre et paisible<\/strong>, retrouve <strong>sa vraie nature en priv\u00e9 \/ en famille<\/strong>, dans sa commune de Montainville (centre Yvelines).<\/p>\n<h3>Pouet Pouet (1968)<\/h3>\n<div class=\"youtube-embed\" data-video_id=\"3FZIRRSt6d4\"><iframe loading=\"lazy\" title=\"Bourvil - Pouet Pouet (1968)\" width=\"696\" height=\"522\" src=\"https:\/\/www.youtube.com\/embed\/3FZIRRSt6d4\" frameborder=\"0\" allow=\"accelerometer; autoplay; clipboard-write; encrypted-media; gyroscope; picture-in-picture; web-share\" referrerpolicy=\"strict-origin-when-cross-origin\" allowfullscreen><\/iframe><\/div>\n<p style=\"text-align: justify;\">N\u00e9 en Juillet, <strong>Bourvil d\u00e9c\u00e8de un 23 septembre<\/strong>, \u00e0 53 ans. D\u00e9couvrir ainsi qu\u2019il \u00e9tait de l\u2019\u00e9t\u00e9 explique peut-\u00eatre <strong>ce sourire ensoleill\u00e9<\/strong> dont il pare son visage sur la plupart des clich\u00e9s. En r\u00e9alit\u00e9, <strong>Andr\u00e9 \u00e9tait surtout un \u00eatre de lumi\u00e8re<\/strong>. L\u2019infinie gentillesse au fond de <strong>son regard pour en t\u00e9moigner.<\/strong><\/p>\n<p>Thierry Dauge<\/p>\n","protected":false},"excerpt":{"rendered":"<p>Andr\u00e9 RAIMBOURG dit \u00abBOURVIL\u00bb Outre para\u00eetre dans le peloton de t\u00eate des plus grands acteurs fran\u00e7ais, Andr\u00e9 Raimbourg dit \u00ab Bourvil \u00bb chantait. En mati\u00e8re de cin\u00e9matographie, pour ses r\u00f4les les plus denses, on pense \u00e0 La Travers\u00e9e de Paris (1956) avec Jean Gabin, Fortunat (1960) avec Mich\u00e8le Morgan, au Capitan (1960) avec Jean Marais, [&hellip;]<\/p>\n","protected":false},"author":3,"featured_media":17698,"comment_status":"open","ping_status":"open","sticky":false,"template":"","format":"image","meta":{"jetpack_post_was_ever_published":false,"tdm_status":"","tdm_grid_status":"","_jetpack_newsletter_access":"","_jetpack_dont_email_post_to_subs":false,"_jetpack_newsletter_tier_id":0,"_jetpack_memberships_contains_paywalled_content":false,"_jetpack_memberships_contains_paid_content":false,"footnotes":""},"categories":[17,14344,24],"tags":[40,54],"class_list":{"0":"post-17697","1":"post","2":"type-post","3":"status-publish","4":"format-image","5":"has-post-thumbnail","7":"category-carotte-rock-cultures","8":"category-chanson-francaise","9":"category-cinema","10":"tag-chanson-francaise","11":"tag-cinema","12":"post_format-post-format-image"},"yoast_head":"<!-- This site is optimized with the Yoast SEO plugin v27.5 - https:\/\/yoast.com\/product\/yoast-seo-wordpress\/ -->\n<title>Andr\u00e9 RAIMBOURG dit \u00abBOURVIL\u00bb - Culturesco comique<\/title>\n<meta name=\"description\" content=\"CulturesCo | Andr\u00e9 Raimbourg dit &quot;Bourvil&quot;, un acteur \u00e9patant, un homme attachant, une grandeur d&#039;\u00e2me. Inoubliable \u00eatre de lumi\u00e8re.\" \/>\n<meta name=\"robots\" content=\"index, follow, max-snippet:-1, max-image-preview:large, max-video-preview:-1\" \/>\n<link rel=\"canonical\" href=\"https:\/\/culturesco.com\/index.php\/2022\/09\/15\/andre-raimbourg-dit-bourvil\/\" \/>\n<meta property=\"og:locale\" content=\"fr_FR\" \/>\n<meta property=\"og:type\" content=\"article\" \/>\n<meta property=\"og:title\" content=\"Andr\u00e9 RAIMBOURG dit \u00abBOURVIL\u00bb - Culturesco comique\" \/>\n<meta property=\"og:description\" content=\"CulturesCo | Andr\u00e9 Raimbourg dit &quot;Bourvil&quot;, un acteur \u00e9patant, un homme attachant, une grandeur d&#039;\u00e2me. Inoubliable \u00eatre de lumi\u00e8re.\" \/>\n<meta property=\"og:url\" content=\"https:\/\/culturesco.com\/index.php\/2022\/09\/15\/andre-raimbourg-dit-bourvil\/\" \/>\n<meta property=\"og:site_name\" content=\"Culturesco\" \/>\n<meta property=\"article:publisher\" content=\"https:\/\/www.facebook.com\/radioculturesco\" \/>\n<meta property=\"article:published_time\" content=\"2022-09-15T18:33:36+00:00\" \/>\n<meta property=\"article:modified_time\" content=\"2022-09-17T19:24:27+00:00\" \/>\n<meta property=\"og:image\" content=\"https:\/\/culturesco.com\/wp-content\/uploads\/2022\/09\/BOURVIL-Front.jpg\" \/>\n\t<meta property=\"og:image:width\" content=\"600\" \/>\n\t<meta property=\"og:image:height\" content=\"329\" \/>\n\t<meta property=\"og:image:type\" content=\"image\/jpeg\" \/>\n<meta name=\"author\" content=\"Thierry Dauge\" \/>\n<meta name=\"twitter:card\" content=\"summary_large_image\" \/>\n<meta name=\"twitter:creator\" content=\"@AugusteMarshal\" \/>\n<meta name=\"twitter:site\" content=\"@AugusteMarshal\" \/>\n<meta name=\"twitter:label1\" content=\"\u00c9crit par\" \/>\n\t<meta name=\"twitter:data1\" content=\"Thierry Dauge\" \/>\n\t<meta name=\"twitter:label2\" content=\"Dur\u00e9e de lecture estim\u00e9e\" \/>\n\t<meta name=\"twitter:data2\" content=\"3 minutes\" \/>\n<script type=\"application\/ld+json\" class=\"yoast-schema-graph\">{\"@context\":\"https:\\\/\\\/schema.org\",\"@graph\":[{\"@type\":\"Article\",\"@id\":\"https:\\\/\\\/culturesco.com\\\/index.php\\\/2022\\\/09\\\/15\\\/andre-raimbourg-dit-bourvil\\\/#article\",\"isPartOf\":{\"@id\":\"https:\\\/\\\/culturesco.com\\\/index.php\\\/2022\\\/09\\\/15\\\/andre-raimbourg-dit-bourvil\\\/\"},\"author\":{\"name\":\"Thierry Dauge\",\"@id\":\"https:\\\/\\\/culturesco.com\\\/#\\\/schema\\\/person\\\/19f04cf232d246197f6e7d62abe6cb0e\"},\"headline\":\"Andr\u00e9 RAIMBOURG dit \u00abBOURVIL\u00bb\",\"datePublished\":\"2022-09-15T18:33:36+00:00\",\"dateModified\":\"2022-09-17T19:24:27+00:00\",\"mainEntityOfPage\":{\"@id\":\"https:\\\/\\\/culturesco.com\\\/index.php\\\/2022\\\/09\\\/15\\\/andre-raimbourg-dit-bourvil\\\/\"},\"wordCount\":591,\"commentCount\":0,\"publisher\":{\"@id\":\"https:\\\/\\\/culturesco.com\\\/#organization\"},\"image\":{\"@id\":\"https:\\\/\\\/culturesco.com\\\/index.php\\\/2022\\\/09\\\/15\\\/andre-raimbourg-dit-bourvil\\\/#primaryimage\"},\"thumbnailUrl\":\"https:\\\/\\\/i0.wp.com\\\/culturesco.com\\\/wp-content\\\/uploads\\\/2022\\\/09\\\/BOURVIL-Front.jpg?fit=600%2C329&ssl=1\",\"keywords\":[\"chanson fran\u00e7aise\",\"cin\u00e9ma\"],\"articleSection\":[\"Carotte Rock Cultures\",\"Chanson fran\u00e7aise\",\"Cin\u00e9ma\"],\"inLanguage\":\"fr-FR\",\"potentialAction\":[{\"@type\":\"CommentAction\",\"name\":\"Comment\",\"target\":[\"https:\\\/\\\/culturesco.com\\\/index.php\\\/2022\\\/09\\\/15\\\/andre-raimbourg-dit-bourvil\\\/#respond\"]}]},{\"@type\":\"WebPage\",\"@id\":\"https:\\\/\\\/culturesco.com\\\/index.php\\\/2022\\\/09\\\/15\\\/andre-raimbourg-dit-bourvil\\\/\",\"url\":\"https:\\\/\\\/culturesco.com\\\/index.php\\\/2022\\\/09\\\/15\\\/andre-raimbourg-dit-bourvil\\\/\",\"name\":\"Andr\u00e9 RAIMBOURG dit \u00abBOURVIL\u00bb - Culturesco comique\",\"isPartOf\":{\"@id\":\"https:\\\/\\\/culturesco.com\\\/#website\"},\"primaryImageOfPage\":{\"@id\":\"https:\\\/\\\/culturesco.com\\\/index.php\\\/2022\\\/09\\\/15\\\/andre-raimbourg-dit-bourvil\\\/#primaryimage\"},\"image\":{\"@id\":\"https:\\\/\\\/culturesco.com\\\/index.php\\\/2022\\\/09\\\/15\\\/andre-raimbourg-dit-bourvil\\\/#primaryimage\"},\"thumbnailUrl\":\"https:\\\/\\\/i0.wp.com\\\/culturesco.com\\\/wp-content\\\/uploads\\\/2022\\\/09\\\/BOURVIL-Front.jpg?fit=600%2C329&ssl=1\",\"datePublished\":\"2022-09-15T18:33:36+00:00\",\"dateModified\":\"2022-09-17T19:24:27+00:00\",\"description\":\"CulturesCo | Andr\u00e9 Raimbourg dit \\\"Bourvil\\\", un acteur \u00e9patant, un homme attachant, une grandeur d'\u00e2me. Inoubliable \u00eatre de lumi\u00e8re.\",\"breadcrumb\":{\"@id\":\"https:\\\/\\\/culturesco.com\\\/index.php\\\/2022\\\/09\\\/15\\\/andre-raimbourg-dit-bourvil\\\/#breadcrumb\"},\"inLanguage\":\"fr-FR\",\"potentialAction\":[{\"@type\":\"ReadAction\",\"target\":[\"https:\\\/\\\/culturesco.com\\\/index.php\\\/2022\\\/09\\\/15\\\/andre-raimbourg-dit-bourvil\\\/\"]}]},{\"@type\":\"ImageObject\",\"inLanguage\":\"fr-FR\",\"@id\":\"https:\\\/\\\/culturesco.com\\\/index.php\\\/2022\\\/09\\\/15\\\/andre-raimbourg-dit-bourvil\\\/#primaryimage\",\"url\":\"https:\\\/\\\/i0.wp.com\\\/culturesco.com\\\/wp-content\\\/uploads\\\/2022\\\/09\\\/BOURVIL-Front.jpg?fit=600%2C329&ssl=1\",\"contentUrl\":\"https:\\\/\\\/i0.wp.com\\\/culturesco.com\\\/wp-content\\\/uploads\\\/2022\\\/09\\\/BOURVIL-Front.jpg?fit=600%2C329&ssl=1\",\"width\":600,\"height\":329,\"caption\":\"Bourvil\"},{\"@type\":\"BreadcrumbList\",\"@id\":\"https:\\\/\\\/culturesco.com\\\/index.php\\\/2022\\\/09\\\/15\\\/andre-raimbourg-dit-bourvil\\\/#breadcrumb\",\"itemListElement\":[{\"@type\":\"ListItem\",\"position\":1,\"name\":\"Accueil\",\"item\":\"https:\\\/\\\/culturesco.com\\\/\"},{\"@type\":\"ListItem\",\"position\":2,\"name\":\"Andr\u00e9 RAIMBOURG dit \u00abBOURVIL\u00bb\"}]},{\"@type\":\"WebSite\",\"@id\":\"https:\\\/\\\/culturesco.com\\\/#website\",\"url\":\"https:\\\/\\\/culturesco.com\\\/\",\"name\":\"Culturesco\",\"description\":\"Culturesco | Un bon coup de pied dans ta Culture\",\"publisher\":{\"@id\":\"https:\\\/\\\/culturesco.com\\\/#organization\"},\"potentialAction\":[{\"@type\":\"SearchAction\",\"target\":{\"@type\":\"EntryPoint\",\"urlTemplate\":\"https:\\\/\\\/culturesco.com\\\/?s={search_term_string}\"},\"query-input\":{\"@type\":\"PropertyValueSpecification\",\"valueRequired\":true,\"valueName\":\"search_term_string\"}}],\"inLanguage\":\"fr-FR\"},{\"@type\":\"Organization\",\"@id\":\"https:\\\/\\\/culturesco.com\\\/#organization\",\"name\":\"CULTURESCO\",\"url\":\"https:\\\/\\\/culturesco.com\\\/\",\"logo\":{\"@type\":\"ImageObject\",\"inLanguage\":\"fr-FR\",\"@id\":\"https:\\\/\\\/culturesco.com\\\/#\\\/schema\\\/logo\\\/image\\\/\",\"url\":\"https:\\\/\\\/i0.wp.com\\\/culturesco.com\\\/wp-content\\\/uploads\\\/2022\\\/04\\\/culturesco-logo-blanc250p.png?fit=250%2C250&ssl=1\",\"contentUrl\":\"https:\\\/\\\/i0.wp.com\\\/culturesco.com\\\/wp-content\\\/uploads\\\/2022\\\/04\\\/culturesco-logo-blanc250p.png?fit=250%2C250&ssl=1\",\"width\":250,\"height\":250,\"caption\":\"CULTURESCO\"},\"image\":{\"@id\":\"https:\\\/\\\/culturesco.com\\\/#\\\/schema\\\/logo\\\/image\\\/\"},\"sameAs\":[\"https:\\\/\\\/www.facebook.com\\\/radioculturesco\",\"https:\\\/\\\/x.com\\\/AugusteMarshal\",\"https:\\\/\\\/www.instagram.com\\\/carotte_rock_culture\\\/\",\"https:\\\/\\\/www.pinterest.fr\\\/augustemarshal\\\/\",\"https:\\\/\\\/www.youtube.com\\\/channel\\\/UCiWLGffqWSXlNnfzp6YwwyQ\"]},{\"@type\":\"Person\",\"@id\":\"https:\\\/\\\/culturesco.com\\\/#\\\/schema\\\/person\\\/19f04cf232d246197f6e7d62abe6cb0e\",\"name\":\"Thierry Dauge\",\"image\":{\"@type\":\"ImageObject\",\"inLanguage\":\"fr-FR\",\"@id\":\"https:\\\/\\\/i0.wp.com\\\/culturesco.com\\\/wp-content\\\/uploads\\\/2018\\\/12\\\/Black-Beauty-and-me.jpg?fit=96%2C96&ssl=1\",\"url\":\"https:\\\/\\\/i0.wp.com\\\/culturesco.com\\\/wp-content\\\/uploads\\\/2018\\\/12\\\/Black-Beauty-and-me.jpg?fit=96%2C96&ssl=1\",\"contentUrl\":\"https:\\\/\\\/i0.wp.com\\\/culturesco.com\\\/wp-content\\\/uploads\\\/2018\\\/12\\\/Black-Beauty-and-me.jpg?fit=96%2C96&ssl=1\",\"caption\":\"Thierry Dauge\"},\"description\":\"Amoureux des 70\u2019s et du hard rock en particulier, Thierry Dauge est chroniqueur sur Culturesco par amour de l\u2019\u00e9criture musicale. Co-auteur du livre\\\"Pop rock - Les instruments de l'ombre\\\" aux \u00e9ditions du Camion Blanc, collaborateur de Vivi pour \\\"Mes Ann\u00e9es Trust\\\", auteur de \\\"Sparks\\\" aux \u00e9ditions du Layeur, parce que le rock est loin d'\u00eatre mort ...\",\"url\":\"https:\\\/\\\/culturesco.com\\\/index.php\\\/author\\\/thierry-dauge888\\\/\"}]}<\/script>\n<!-- \/ Yoast SEO plugin. -->","yoast_head_json":{"title":"Andr\u00e9 RAIMBOURG dit \u00abBOURVIL\u00bb - Culturesco comique","description":"CulturesCo | Andr\u00e9 Raimbourg dit \"Bourvil\", un acteur \u00e9patant, un homme attachant, une grandeur d'\u00e2me. Inoubliable \u00eatre de lumi\u00e8re.","robots":{"index":"index","follow":"follow","max-snippet":"max-snippet:-1","max-image-preview":"max-image-preview:large","max-video-preview":"max-video-preview:-1"},"canonical":"https:\/\/culturesco.com\/index.php\/2022\/09\/15\/andre-raimbourg-dit-bourvil\/","og_locale":"fr_FR","og_type":"article","og_title":"Andr\u00e9 RAIMBOURG dit \u00abBOURVIL\u00bb - Culturesco comique","og_description":"CulturesCo | Andr\u00e9 Raimbourg dit \"Bourvil\", un acteur \u00e9patant, un homme attachant, une grandeur d'\u00e2me. Inoubliable \u00eatre de lumi\u00e8re.","og_url":"https:\/\/culturesco.com\/index.php\/2022\/09\/15\/andre-raimbourg-dit-bourvil\/","og_site_name":"Culturesco","article_publisher":"https:\/\/www.facebook.com\/radioculturesco","article_published_time":"2022-09-15T18:33:36+00:00","article_modified_time":"2022-09-17T19:24:27+00:00","og_image":[{"width":600,"height":329,"url":"https:\/\/culturesco.com\/wp-content\/uploads\/2022\/09\/BOURVIL-Front.jpg","type":"image\/jpeg"}],"author":"Thierry Dauge","twitter_card":"summary_large_image","twitter_creator":"@AugusteMarshal","twitter_site":"@AugusteMarshal","twitter_misc":{"\u00c9crit par":"Thierry Dauge","Dur\u00e9e de lecture estim\u00e9e":"3 minutes"},"schema":{"@context":"https:\/\/schema.org","@graph":[{"@type":"Article","@id":"https:\/\/culturesco.com\/index.php\/2022\/09\/15\/andre-raimbourg-dit-bourvil\/#article","isPartOf":{"@id":"https:\/\/culturesco.com\/index.php\/2022\/09\/15\/andre-raimbourg-dit-bourvil\/"},"author":{"name":"Thierry Dauge","@id":"https:\/\/culturesco.com\/#\/schema\/person\/19f04cf232d246197f6e7d62abe6cb0e"},"headline":"Andr\u00e9 RAIMBOURG dit \u00abBOURVIL\u00bb","datePublished":"2022-09-15T18:33:36+00:00","dateModified":"2022-09-17T19:24:27+00:00","mainEntityOfPage":{"@id":"https:\/\/culturesco.com\/index.php\/2022\/09\/15\/andre-raimbourg-dit-bourvil\/"},"wordCount":591,"commentCount":0,"publisher":{"@id":"https:\/\/culturesco.com\/#organization"},"image":{"@id":"https:\/\/culturesco.com\/index.php\/2022\/09\/15\/andre-raimbourg-dit-bourvil\/#primaryimage"},"thumbnailUrl":"https:\/\/i0.wp.com\/culturesco.com\/wp-content\/uploads\/2022\/09\/BOURVIL-Front.jpg?fit=600%2C329&ssl=1","keywords":["chanson fran\u00e7aise","cin\u00e9ma"],"articleSection":["Carotte Rock Cultures","Chanson fran\u00e7aise","Cin\u00e9ma"],"inLanguage":"fr-FR","potentialAction":[{"@type":"CommentAction","name":"Comment","target":["https:\/\/culturesco.com\/index.php\/2022\/09\/15\/andre-raimbourg-dit-bourvil\/#respond"]}]},{"@type":"WebPage","@id":"https:\/\/culturesco.com\/index.php\/2022\/09\/15\/andre-raimbourg-dit-bourvil\/","url":"https:\/\/culturesco.com\/index.php\/2022\/09\/15\/andre-raimbourg-dit-bourvil\/","name":"Andr\u00e9 RAIMBOURG dit \u00abBOURVIL\u00bb - Culturesco comique","isPartOf":{"@id":"https:\/\/culturesco.com\/#website"},"primaryImageOfPage":{"@id":"https:\/\/culturesco.com\/index.php\/2022\/09\/15\/andre-raimbourg-dit-bourvil\/#primaryimage"},"image":{"@id":"https:\/\/culturesco.com\/index.php\/2022\/09\/15\/andre-raimbourg-dit-bourvil\/#primaryimage"},"thumbnailUrl":"https:\/\/i0.wp.com\/culturesco.com\/wp-content\/uploads\/2022\/09\/BOURVIL-Front.jpg?fit=600%2C329&ssl=1","datePublished":"2022-09-15T18:33:36+00:00","dateModified":"2022-09-17T19:24:27+00:00","description":"CulturesCo | Andr\u00e9 Raimbourg dit \"Bourvil\", un acteur \u00e9patant, un homme attachant, une grandeur d'\u00e2me. Inoubliable \u00eatre de lumi\u00e8re.","breadcrumb":{"@id":"https:\/\/culturesco.com\/index.php\/2022\/09\/15\/andre-raimbourg-dit-bourvil\/#breadcrumb"},"inLanguage":"fr-FR","potentialAction":[{"@type":"ReadAction","target":["https:\/\/culturesco.com\/index.php\/2022\/09\/15\/andre-raimbourg-dit-bourvil\/"]}]},{"@type":"ImageObject","inLanguage":"fr-FR","@id":"https:\/\/culturesco.com\/index.php\/2022\/09\/15\/andre-raimbourg-dit-bourvil\/#primaryimage","url":"https:\/\/i0.wp.com\/culturesco.com\/wp-content\/uploads\/2022\/09\/BOURVIL-Front.jpg?fit=600%2C329&ssl=1","contentUrl":"https:\/\/i0.wp.com\/culturesco.com\/wp-content\/uploads\/2022\/09\/BOURVIL-Front.jpg?fit=600%2C329&ssl=1","width":600,"height":329,"caption":"Bourvil"},{"@type":"BreadcrumbList","@id":"https:\/\/culturesco.com\/index.php\/2022\/09\/15\/andre-raimbourg-dit-bourvil\/#breadcrumb","itemListElement":[{"@type":"ListItem","position":1,"name":"Accueil","item":"https:\/\/culturesco.com\/"},{"@type":"ListItem","position":2,"name":"Andr\u00e9 RAIMBOURG dit \u00abBOURVIL\u00bb"}]},{"@type":"WebSite","@id":"https:\/\/culturesco.com\/#website","url":"https:\/\/culturesco.com\/","name":"Culturesco","description":"Culturesco | Un bon coup de pied dans ta Culture","publisher":{"@id":"https:\/\/culturesco.com\/#organization"},"potentialAction":[{"@type":"SearchAction","target":{"@type":"EntryPoint","urlTemplate":"https:\/\/culturesco.com\/?s={search_term_string}"},"query-input":{"@type":"PropertyValueSpecification","valueRequired":true,"valueName":"search_term_string"}}],"inLanguage":"fr-FR"},{"@type":"Organization","@id":"https:\/\/culturesco.com\/#organization","name":"CULTURESCO","url":"https:\/\/culturesco.com\/","logo":{"@type":"ImageObject","inLanguage":"fr-FR","@id":"https:\/\/culturesco.com\/#\/schema\/logo\/image\/","url":"https:\/\/i0.wp.com\/culturesco.com\/wp-content\/uploads\/2022\/04\/culturesco-logo-blanc250p.png?fit=250%2C250&ssl=1","contentUrl":"https:\/\/i0.wp.com\/culturesco.com\/wp-content\/uploads\/2022\/04\/culturesco-logo-blanc250p.png?fit=250%2C250&ssl=1","width":250,"height":250,"caption":"CULTURESCO"},"image":{"@id":"https:\/\/culturesco.com\/#\/schema\/logo\/image\/"},"sameAs":["https:\/\/www.facebook.com\/radioculturesco","https:\/\/x.com\/AugusteMarshal","https:\/\/www.instagram.com\/carotte_rock_culture\/","https:\/\/www.pinterest.fr\/augustemarshal\/","https:\/\/www.youtube.com\/channel\/UCiWLGffqWSXlNnfzp6YwwyQ"]},{"@type":"Person","@id":"https:\/\/culturesco.com\/#\/schema\/person\/19f04cf232d246197f6e7d62abe6cb0e","name":"Thierry Dauge","image":{"@type":"ImageObject","inLanguage":"fr-FR","@id":"https:\/\/i0.wp.com\/culturesco.com\/wp-content\/uploads\/2018\/12\/Black-Beauty-and-me.jpg?fit=96%2C96&ssl=1","url":"https:\/\/i0.wp.com\/culturesco.com\/wp-content\/uploads\/2018\/12\/Black-Beauty-and-me.jpg?fit=96%2C96&ssl=1","contentUrl":"https:\/\/i0.wp.com\/culturesco.com\/wp-content\/uploads\/2018\/12\/Black-Beauty-and-me.jpg?fit=96%2C96&ssl=1","caption":"Thierry Dauge"},"description":"Amoureux des 70\u2019s et du hard rock en particulier, Thierry Dauge est chroniqueur sur Culturesco par amour de l\u2019\u00e9criture musicale. Co-auteur du livre\"Pop rock - Les instruments de l'ombre\" aux \u00e9ditions du Camion Blanc, collaborateur de Vivi pour \"Mes Ann\u00e9es Trust\", auteur de \"Sparks\" aux \u00e9ditions du Layeur, parce que le rock est loin d'\u00eatre mort ...","url":"https:\/\/culturesco.com\/index.php\/author\/thierry-dauge888\/"}]}},"jetpack_featured_media_url":"https:\/\/i0.wp.com\/culturesco.com\/wp-content\/uploads\/2022\/09\/BOURVIL-Front.jpg?fit=600%2C329&ssl=1","jetpack_likes_enabled":true,"jetpack_sharing_enabled":true,"jetpack_shortlink":"https:\/\/wp.me\/paz89I-4Br","_links":{"self":[{"href":"https:\/\/culturesco.com\/index.php\/wp-json\/wp\/v2\/posts\/17697","targetHints":{"allow":["GET"]}}],"collection":[{"href":"https:\/\/culturesco.com\/index.php\/wp-json\/wp\/v2\/posts"}],"about":[{"href":"https:\/\/culturesco.com\/index.php\/wp-json\/wp\/v2\/types\/post"}],"author":[{"embeddable":true,"href":"https:\/\/culturesco.com\/index.php\/wp-json\/wp\/v2\/users\/3"}],"replies":[{"embeddable":true,"href":"https:\/\/culturesco.com\/index.php\/wp-json\/wp\/v2\/comments?post=17697"}],"version-history":[{"count":0,"href":"https:\/\/culturesco.com\/index.php\/wp-json\/wp\/v2\/posts\/17697\/revisions"}],"wp:featuredmedia":[{"embeddable":true,"href":"https:\/\/culturesco.com\/index.php\/wp-json\/wp\/v2\/media\/17698"}],"wp:attachment":[{"href":"https:\/\/culturesco.com\/index.php\/wp-json\/wp\/v2\/media?parent=17697"}],"wp:term":[{"taxonomy":"category","embeddable":true,"href":"https:\/\/culturesco.com\/index.php\/wp-json\/wp\/v2\/categories?post=17697"},{"taxonomy":"post_tag","embeddable":true,"href":"https:\/\/culturesco.com\/index.php\/wp-json\/wp\/v2\/tags?post=17697"}],"curies":[{"name":"wp","href":"https:\/\/api.w.org\/{rel}","templated":true}]}}