{"id":17680,"date":"2022-09-12T19:22:46","date_gmt":"2022-09-12T17:22:46","guid":{"rendered":"https:\/\/culturesco.com\/?p=17680"},"modified":"2022-09-13T21:59:48","modified_gmt":"2022-09-13T19:59:48","slug":"louis-chedid-ainsi-soit-il","status":"publish","type":"post","link":"https:\/\/culturesco.com\/index.php\/2022\/09\/12\/louis-chedid-ainsi-soit-il\/","title":{"rendered":"Louis CHEDID &#8211; Ainsi Soit-il"},"content":{"rendered":"<h2>Louis CHEDID &#8211; Ainsi Soit-il<\/h2>\n<p><img data-recalc-dims=\"1\" loading=\"lazy\" decoding=\"async\" class=\" wp-image-17682 aligncenter\" src=\"https:\/\/i0.wp.com\/culturesco.com\/wp-content\/uploads\/2022\/09\/Louis-CHEDID-Front.jpg?resize=607%2C312&#038;ssl=1\" alt=\"Louis Chedid\" width=\"607\" height=\"312\" srcset=\"https:\/\/i0.wp.com\/culturesco.com\/wp-content\/uploads\/2022\/09\/Louis-CHEDID-Front.jpg?resize=300%2C154&amp;ssl=1 300w, https:\/\/i0.wp.com\/culturesco.com\/wp-content\/uploads\/2022\/09\/Louis-CHEDID-Front.jpg?resize=768%2C395&amp;ssl=1 768w, https:\/\/i0.wp.com\/culturesco.com\/wp-content\/uploads\/2022\/09\/Louis-CHEDID-Front.jpg?resize=696%2C358&amp;ssl=1 696w, https:\/\/i0.wp.com\/culturesco.com\/wp-content\/uploads\/2022\/09\/Louis-CHEDID-Front.jpg?resize=1068%2C550&amp;ssl=1 1068w, https:\/\/i0.wp.com\/culturesco.com\/wp-content\/uploads\/2022\/09\/Louis-CHEDID-Front.jpg?resize=816%2C420&amp;ssl=1 816w, https:\/\/i0.wp.com\/culturesco.com\/wp-content\/uploads\/2022\/09\/Louis-CHEDID-Front.jpg?w=600&amp;ssl=1 600w, https:\/\/i0.wp.com\/culturesco.com\/wp-content\/uploads\/2022\/09\/Louis-CHEDID-Front.jpg?resize=117%2C60&amp;ssl=1 117w, https:\/\/i0.wp.com\/culturesco.com\/wp-content\/uploads\/2022\/09\/Louis-CHEDID-Front.jpg?resize=175%2C90&amp;ssl=1 175w\" sizes=\"auto, (max-width: 607px) 100vw, 607px\" \/><\/p>\n<p style=\"text-align: justify;\"><strong>Louis Chedid<\/strong>, p\u00e8re de <a href=\"https:\/\/www.youtube.com\/watch?v=bLuFH0GYhaw\" target=\"_blank\" rel=\"noopener\">M<\/a> ? \u00ab <strong>Ainsi Soit-il<\/strong> \u00bb. Me Chedid est surtout un <strong>auteur \/ compositeur \/ interpr\u00e8te<\/strong> intimement li\u00e9 \u00e0 la <strong>\u00ab vari\u00e9t\u00e9 \u00bb fran\u00e7aise<\/strong>. Il a <strong>\u00e9crit et compos\u00e9<\/strong> pour et avec \u00e0 peu pr\u00e8s <strong>tout le monde<\/strong>, de <a href=\"https:\/\/www.youtube.com\/watch?v=R8HCKdchA90\" target=\"_blank\" rel=\"noopener\">Souchon<\/a> \u00e0 <a href=\"https:\/\/www.youtube.com\/watch?v=NLKiA-IWsNQ\" target=\"_blank\" rel=\"noopener\">Fran\u00e7oise Hardy<\/a>. Non content de leur fournir des partitions, <strong>il les a fait chanter<\/strong> sur ses propres \u0153uvres dont l\u2019\u00e9quivalent par l\u2019esprit d\u2019<em>Emilie Jolie<\/em> : <a href=\"https:\/\/www.youtube.com\/watch?v=ZWofw6vQvpQ\" target=\"_blank\" rel=\"noopener\"><strong><em>Le Soldat Rose<\/em><\/strong><\/a> (2006), un<strong> conte pour enfant.<\/strong><\/p>\n<p style=\"text-align: justify;\">Bien que donnant l\u2019impression d\u2019avoir <strong>toujours fait partie du paysage musical<\/strong>, c\u2019est en <strong>1974<\/strong> qu\u2019il commence \u00e0 v\u00e9ritablement <strong>rencontrer l\u2019oreille des m\u00e9lomanes<\/strong> avec une \u00ab dr\u00f4le \u00bb de chanson, <strong>originale<\/strong> tant dans son <strong>interpr\u00e9tation<\/strong> que dans sa <strong>construction<\/strong> : \u00ab <strong>Hold Up<\/strong> \u00bb.<\/p>\n<h3>Louis CHEDID &#8211; Hold Up<\/h3>\n<div class=\"youtube-embed\" data-video_id=\"QlUl6HLweVo\"><iframe loading=\"lazy\" title=\"Hold-Up\" width=\"696\" height=\"522\" src=\"https:\/\/www.youtube.com\/embed\/QlUl6HLweVo\" frameborder=\"0\" allow=\"accelerometer; autoplay; clipboard-write; encrypted-media; gyroscope; picture-in-picture; web-share\" referrerpolicy=\"strict-origin-when-cross-origin\" allowfullscreen><\/iframe><\/div>\n<p style=\"text-align: justify;\">Au large du business,<strong> il parcourt<\/strong>\u00a0n\u00e9anmoins <strong>les ondes radiophoniques \u00e0 espaces r\u00e9guliers<\/strong> sans pour autant contraindre la<strong> sorte de bonhomie<\/strong> qui le caract\u00e9rise, ni son <strong>sens de la narration<\/strong> ; v\u00e9ritable <strong>conteur d\u2019histoire<\/strong>. Cette particularit\u00e9, sorte de trait commun \u00e0 tous ceux qui affectionnent ou affectionnaient <a href=\"https:\/\/www.youtube.com\/watch?v=CWJmBBxJlig\" target=\"_blank\" rel=\"noopener\">Georges Brassens<\/a>, <strong>fleurit ses textes, les teinte de r\u00e9alisme.<\/strong><\/p>\n<p style=\"text-align: justify;\">\u00ab <strong>T\u2019as Beau Pas Etre Beau<\/strong> \u00bb (1978) tombe \u00e0 point, au moment m\u00eame o\u00f9, sur l\u2019ensemble des continents, et contrairement aux recommandations divines, l\u2019Homme \u00e9pouse comme maxime d\u2019ha\u00efr son prochain ; Il n\u2019a pas attendu les 2000 pour pr\u00f4ner l\u2019autodestruction. <strong>Chanson cool<\/strong>, revigorante,<strong> sous l\u2019humour : des pav\u00e9s \u2026<\/strong><\/p>\n<h3 style=\"text-align: justify;\">\u00ab <em>Y\u2019a des bombes A et des bombes H qui jouent \u00e0 cache-cache, y\u2019a le KGB, y\u2019a la CIA. Le gros Idi Amin Dada, du sang \u00e0 la une des gazettes : pauvre plan\u00e8te<\/em> \u00bb<\/h3>\n<h3>T&rsquo;as Beau Pas Etre Beau<\/h3>\n<div class=\"youtube-embed\" data-video_id=\"9_QHvuqPCyw\"><iframe loading=\"lazy\" title=\"Louis Chedid - T&#039;as beau pas \u00eatre beau\" width=\"696\" height=\"392\" src=\"https:\/\/www.youtube.com\/embed\/9_QHvuqPCyw\" frameborder=\"0\" allow=\"accelerometer; autoplay; clipboard-write; encrypted-media; gyroscope; picture-in-picture; web-share\" referrerpolicy=\"strict-origin-when-cross-origin\" allowfullscreen><\/iframe><\/div>\n<p style=\"text-align: justify;\">Avec cette chanson, <strong>Louis Chedid \u00e9voque <a href=\"https:\/\/www.youtube.com\/watch?v=ZpHkbNqY7zY\" target=\"_blank\" rel=\"noopener\">Pierre Vassiliu<\/a><\/strong>, un autre d\u00e9bonnaire aux <strong>textes faussement \u00ab rigolos \u00bb<\/strong>, un personnage \u00ab franc du collier \u00bb. Dans la continuit\u00e9, l\u2019artiste parvient \u00e0 <strong>r\u00e9sumer la vie sur Terre<\/strong> en trois minutes chrono. Trait\u00e9e sous la forme d\u2019un film, <strong>l\u2019existence se r\u00e9v\u00e8le \u00eatre un sc\u00e9nario<\/strong>. \u00ab <strong>Ainsi Soit-il<\/strong> \u00bb \u00e9met une <strong>qui\u00e9tude<\/strong> susceptible de d\u00e9livrer \u00e0 tout un chacun les <strong>cl\u00e9s de la z\u00e9nitude<\/strong>, de consid\u00e9rer diff\u00e9remment <strong>la destin\u00e9e<\/strong> : c\u2019est \u00e9crit. Par contre, <strong>la couleur, le parfum nous appartiennent,<\/strong> chacun choisi ses entre-lignes <strong>sur son part-chemin<\/strong>.<\/p>\n<h3>Louis CHEDID &#8211; Ainsi Soit-il<\/h3>\n<div class=\"youtube-embed\" data-video_id=\"VJwGASrjnIY\"><iframe loading=\"lazy\" title=\"Louis Chedid - Ainsi soit-il (1981)\" width=\"696\" height=\"392\" src=\"https:\/\/www.youtube.com\/embed\/VJwGASrjnIY\" frameborder=\"0\" allow=\"accelerometer; autoplay; clipboard-write; encrypted-media; gyroscope; picture-in-picture; web-share\" referrerpolicy=\"strict-origin-when-cross-origin\" allowfullscreen><\/iframe><\/div>\n<p style=\"text-align: justify;\"><strong>Septembre 2022<\/strong>, d\u00e9cision est prise de <strong>d\u00e9s-orchestrer ses chansons<\/strong>. Associ\u00e9 \u00e0 <strong>Yvan Cassar,<\/strong> clavi\u00e9riste orchestrateur et directeur musical de tout le gotha hexagonal, on red\u00e9couvre des <strong>perles nacr\u00e9es sises au c\u0153ur de la simplicit\u00e9<\/strong>. <strong>Louis Chedid<\/strong>, adepte des arrangements de studio en 64 pistes,<strong> transf\u00e8re sa minutie \u00e0 ses seules cordes vocales accompagn\u00e9es d\u2019un piano<\/strong>. Le r\u00e9sultat frise <strong>la luminosit\u00e9 d\u2019un tableau de ma\u00eetre<\/strong>, d\u2019un Monet croquant Giverny <strong><em>En Noires et Blanches<\/em><\/strong>.<\/p>\n<h3>Bouc Bel Air<\/h3>\n<div class=\"youtube-embed\" data-video_id=\"quvfDp84cRc\"><iframe loading=\"lazy\" title=\"Bouc Bel Air (Version Piano \u2013 Voix)\" width=\"696\" height=\"522\" src=\"https:\/\/www.youtube.com\/embed\/quvfDp84cRc\" frameborder=\"0\" allow=\"accelerometer; autoplay; clipboard-write; encrypted-media; gyroscope; picture-in-picture; web-share\" referrerpolicy=\"strict-origin-when-cross-origin\" allowfullscreen><\/iframe><\/div>\n<p style=\"text-align: justify;\">Sur cet horizon bard\u00e9 de suie et de bruit, voire de nuit, qui nous guette, la proposition tombe au moment opportun. \u00ab <strong>Apaiseur d\u2019\u00e2mes<\/strong> \u00bb, <strong>un titre qui lui va bien<\/strong>.<\/p>\n<p>Thierry Dauge<\/p>\n<p>Louis CHEDID &amp; Yvan CASSAR &#8211; <em>En Noires et Blanches<\/em> &#8211; CD et double Lps collector (un noir, l&rsquo;autre blanc) sortie en septembre 2022.<\/p>\n","protected":false},"excerpt":{"rendered":"<p>Louis CHEDID &#8211; Ainsi Soit-il Louis Chedid, p\u00e8re de M ? \u00ab Ainsi Soit-il \u00bb. Me Chedid est surtout un auteur \/ compositeur \/ interpr\u00e8te intimement li\u00e9 \u00e0 la \u00ab vari\u00e9t\u00e9 \u00bb fran\u00e7aise. Il a \u00e9crit et compos\u00e9 pour et avec \u00e0 peu pr\u00e8s tout le monde, de Souchon \u00e0 Fran\u00e7oise Hardy. Non content de [&hellip;]<\/p>\n","protected":false},"author":3,"featured_media":17682,"comment_status":"open","ping_status":"open","sticky":false,"template":"","format":"image","meta":{"jetpack_post_was_ever_published":false,"tdm_status":"","tdm_grid_status":"","_jetpack_newsletter_access":"","_jetpack_dont_email_post_to_subs":false,"_jetpack_newsletter_tier_id":0,"_jetpack_memberships_contains_paywalled_content":false,"_jetpack_memberships_contains_paid_content":false,"footnotes":""},"categories":[17,14344],"tags":[40],"class_list":{"0":"post-17680","1":"post","2":"type-post","3":"status-publish","4":"format-image","5":"has-post-thumbnail","7":"category-carotte-rock-cultures","8":"category-chanson-francaise","9":"tag-chanson-francaise","10":"post_format-post-format-image"},"yoast_head":"<!-- This site is optimized with the Yoast SEO plugin v27.5 - https:\/\/yoast.com\/product\/yoast-seo-wordpress\/ -->\n<title>Louis CHEDID - Ainsi Soit-il - Culturesco chanson fran\u00e7aise<\/title>\n<meta name=\"description\" content=\"CulturesCo | Au-del\u00e0 d&#039;\u00eatre le p\u00e8re de M, Louis Chedid est un artiste complet \u00e0 la plume tremp\u00e9 dans le quotidien. Po\u00e9tique et m\u00e9lodique.\" \/>\n<meta name=\"robots\" content=\"index, follow, max-snippet:-1, max-image-preview:large, max-video-preview:-1\" \/>\n<link rel=\"canonical\" href=\"https:\/\/culturesco.com\/index.php\/2022\/09\/12\/louis-chedid-ainsi-soit-il\/\" \/>\n<meta property=\"og:locale\" content=\"fr_FR\" \/>\n<meta property=\"og:type\" content=\"article\" \/>\n<meta property=\"og:title\" content=\"Louis CHEDID - Ainsi Soit-il - Culturesco chanson fran\u00e7aise\" \/>\n<meta property=\"og:description\" content=\"CulturesCo | Au-del\u00e0 d&#039;\u00eatre le p\u00e8re de M, Louis Chedid est un artiste complet \u00e0 la plume tremp\u00e9 dans le quotidien. Po\u00e9tique et m\u00e9lodique.\" \/>\n<meta property=\"og:url\" content=\"https:\/\/culturesco.com\/index.php\/2022\/09\/12\/louis-chedid-ainsi-soit-il\/\" \/>\n<meta property=\"og:site_name\" content=\"Culturesco\" \/>\n<meta property=\"article:publisher\" content=\"https:\/\/www.facebook.com\/radioculturesco\" \/>\n<meta property=\"article:published_time\" content=\"2022-09-12T17:22:46+00:00\" \/>\n<meta property=\"article:modified_time\" content=\"2022-09-13T19:59:48+00:00\" \/>\n<meta property=\"og:image\" content=\"https:\/\/culturesco.com\/wp-content\/uploads\/2022\/09\/Louis-CHEDID-Front.jpg\" \/>\n\t<meta property=\"og:image:width\" content=\"600\" \/>\n\t<meta property=\"og:image:height\" content=\"309\" \/>\n\t<meta property=\"og:image:type\" content=\"image\/jpeg\" \/>\n<meta name=\"author\" content=\"Thierry Dauge\" \/>\n<meta name=\"twitter:card\" content=\"summary_large_image\" \/>\n<meta name=\"twitter:creator\" content=\"@AugusteMarshal\" \/>\n<meta name=\"twitter:site\" content=\"@AugusteMarshal\" \/>\n<meta name=\"twitter:label1\" content=\"\u00c9crit par\" \/>\n\t<meta name=\"twitter:data1\" content=\"Thierry Dauge\" \/>\n\t<meta name=\"twitter:label2\" content=\"Dur\u00e9e de lecture estim\u00e9e\" \/>\n\t<meta name=\"twitter:data2\" content=\"3 minutes\" \/>\n<script type=\"application\/ld+json\" class=\"yoast-schema-graph\">{\"@context\":\"https:\\\/\\\/schema.org\",\"@graph\":[{\"@type\":\"Article\",\"@id\":\"https:\\\/\\\/culturesco.com\\\/index.php\\\/2022\\\/09\\\/12\\\/louis-chedid-ainsi-soit-il\\\/#article\",\"isPartOf\":{\"@id\":\"https:\\\/\\\/culturesco.com\\\/index.php\\\/2022\\\/09\\\/12\\\/louis-chedid-ainsi-soit-il\\\/\"},\"author\":{\"name\":\"Thierry Dauge\",\"@id\":\"https:\\\/\\\/culturesco.com\\\/#\\\/schema\\\/person\\\/19f04cf232d246197f6e7d62abe6cb0e\"},\"headline\":\"Louis CHEDID &#8211; Ainsi Soit-il\",\"datePublished\":\"2022-09-12T17:22:46+00:00\",\"dateModified\":\"2022-09-13T19:59:48+00:00\",\"mainEntityOfPage\":{\"@id\":\"https:\\\/\\\/culturesco.com\\\/index.php\\\/2022\\\/09\\\/12\\\/louis-chedid-ainsi-soit-il\\\/\"},\"wordCount\":563,\"commentCount\":0,\"publisher\":{\"@id\":\"https:\\\/\\\/culturesco.com\\\/#organization\"},\"image\":{\"@id\":\"https:\\\/\\\/culturesco.com\\\/index.php\\\/2022\\\/09\\\/12\\\/louis-chedid-ainsi-soit-il\\\/#primaryimage\"},\"thumbnailUrl\":\"https:\\\/\\\/i0.wp.com\\\/culturesco.com\\\/wp-content\\\/uploads\\\/2022\\\/09\\\/Louis-CHEDID-Front.jpg?fit=600%2C309&ssl=1\",\"keywords\":[\"chanson fran\u00e7aise\"],\"articleSection\":[\"Carotte Rock Cultures\",\"Chanson fran\u00e7aise\"],\"inLanguage\":\"fr-FR\",\"potentialAction\":[{\"@type\":\"CommentAction\",\"name\":\"Comment\",\"target\":[\"https:\\\/\\\/culturesco.com\\\/index.php\\\/2022\\\/09\\\/12\\\/louis-chedid-ainsi-soit-il\\\/#respond\"]}]},{\"@type\":\"WebPage\",\"@id\":\"https:\\\/\\\/culturesco.com\\\/index.php\\\/2022\\\/09\\\/12\\\/louis-chedid-ainsi-soit-il\\\/\",\"url\":\"https:\\\/\\\/culturesco.com\\\/index.php\\\/2022\\\/09\\\/12\\\/louis-chedid-ainsi-soit-il\\\/\",\"name\":\"Louis CHEDID - Ainsi Soit-il - Culturesco chanson fran\u00e7aise\",\"isPartOf\":{\"@id\":\"https:\\\/\\\/culturesco.com\\\/#website\"},\"primaryImageOfPage\":{\"@id\":\"https:\\\/\\\/culturesco.com\\\/index.php\\\/2022\\\/09\\\/12\\\/louis-chedid-ainsi-soit-il\\\/#primaryimage\"},\"image\":{\"@id\":\"https:\\\/\\\/culturesco.com\\\/index.php\\\/2022\\\/09\\\/12\\\/louis-chedid-ainsi-soit-il\\\/#primaryimage\"},\"thumbnailUrl\":\"https:\\\/\\\/i0.wp.com\\\/culturesco.com\\\/wp-content\\\/uploads\\\/2022\\\/09\\\/Louis-CHEDID-Front.jpg?fit=600%2C309&ssl=1\",\"datePublished\":\"2022-09-12T17:22:46+00:00\",\"dateModified\":\"2022-09-13T19:59:48+00:00\",\"description\":\"CulturesCo | Au-del\u00e0 d'\u00eatre le p\u00e8re de M, Louis Chedid est un artiste complet \u00e0 la plume tremp\u00e9 dans le quotidien. Po\u00e9tique et m\u00e9lodique.\",\"breadcrumb\":{\"@id\":\"https:\\\/\\\/culturesco.com\\\/index.php\\\/2022\\\/09\\\/12\\\/louis-chedid-ainsi-soit-il\\\/#breadcrumb\"},\"inLanguage\":\"fr-FR\",\"potentialAction\":[{\"@type\":\"ReadAction\",\"target\":[\"https:\\\/\\\/culturesco.com\\\/index.php\\\/2022\\\/09\\\/12\\\/louis-chedid-ainsi-soit-il\\\/\"]}]},{\"@type\":\"ImageObject\",\"inLanguage\":\"fr-FR\",\"@id\":\"https:\\\/\\\/culturesco.com\\\/index.php\\\/2022\\\/09\\\/12\\\/louis-chedid-ainsi-soit-il\\\/#primaryimage\",\"url\":\"https:\\\/\\\/i0.wp.com\\\/culturesco.com\\\/wp-content\\\/uploads\\\/2022\\\/09\\\/Louis-CHEDID-Front.jpg?fit=600%2C309&ssl=1\",\"contentUrl\":\"https:\\\/\\\/i0.wp.com\\\/culturesco.com\\\/wp-content\\\/uploads\\\/2022\\\/09\\\/Louis-CHEDID-Front.jpg?fit=600%2C309&ssl=1\",\"width\":600,\"height\":309,\"caption\":\"Louis Chedid\"},{\"@type\":\"BreadcrumbList\",\"@id\":\"https:\\\/\\\/culturesco.com\\\/index.php\\\/2022\\\/09\\\/12\\\/louis-chedid-ainsi-soit-il\\\/#breadcrumb\",\"itemListElement\":[{\"@type\":\"ListItem\",\"position\":1,\"name\":\"Accueil\",\"item\":\"https:\\\/\\\/culturesco.com\\\/\"},{\"@type\":\"ListItem\",\"position\":2,\"name\":\"Louis CHEDID &#8211; Ainsi Soit-il\"}]},{\"@type\":\"WebSite\",\"@id\":\"https:\\\/\\\/culturesco.com\\\/#website\",\"url\":\"https:\\\/\\\/culturesco.com\\\/\",\"name\":\"Culturesco\",\"description\":\"Culturesco | Un bon coup de pied dans ta Culture\",\"publisher\":{\"@id\":\"https:\\\/\\\/culturesco.com\\\/#organization\"},\"potentialAction\":[{\"@type\":\"SearchAction\",\"target\":{\"@type\":\"EntryPoint\",\"urlTemplate\":\"https:\\\/\\\/culturesco.com\\\/?s={search_term_string}\"},\"query-input\":{\"@type\":\"PropertyValueSpecification\",\"valueRequired\":true,\"valueName\":\"search_term_string\"}}],\"inLanguage\":\"fr-FR\"},{\"@type\":\"Organization\",\"@id\":\"https:\\\/\\\/culturesco.com\\\/#organization\",\"name\":\"CULTURESCO\",\"url\":\"https:\\\/\\\/culturesco.com\\\/\",\"logo\":{\"@type\":\"ImageObject\",\"inLanguage\":\"fr-FR\",\"@id\":\"https:\\\/\\\/culturesco.com\\\/#\\\/schema\\\/logo\\\/image\\\/\",\"url\":\"https:\\\/\\\/i0.wp.com\\\/culturesco.com\\\/wp-content\\\/uploads\\\/2022\\\/04\\\/culturesco-logo-blanc250p.png?fit=250%2C250&ssl=1\",\"contentUrl\":\"https:\\\/\\\/i0.wp.com\\\/culturesco.com\\\/wp-content\\\/uploads\\\/2022\\\/04\\\/culturesco-logo-blanc250p.png?fit=250%2C250&ssl=1\",\"width\":250,\"height\":250,\"caption\":\"CULTURESCO\"},\"image\":{\"@id\":\"https:\\\/\\\/culturesco.com\\\/#\\\/schema\\\/logo\\\/image\\\/\"},\"sameAs\":[\"https:\\\/\\\/www.facebook.com\\\/radioculturesco\",\"https:\\\/\\\/x.com\\\/AugusteMarshal\",\"https:\\\/\\\/www.instagram.com\\\/carotte_rock_culture\\\/\",\"https:\\\/\\\/www.pinterest.fr\\\/augustemarshal\\\/\",\"https:\\\/\\\/www.youtube.com\\\/channel\\\/UCiWLGffqWSXlNnfzp6YwwyQ\"]},{\"@type\":\"Person\",\"@id\":\"https:\\\/\\\/culturesco.com\\\/#\\\/schema\\\/person\\\/19f04cf232d246197f6e7d62abe6cb0e\",\"name\":\"Thierry Dauge\",\"image\":{\"@type\":\"ImageObject\",\"inLanguage\":\"fr-FR\",\"@id\":\"https:\\\/\\\/i0.wp.com\\\/culturesco.com\\\/wp-content\\\/uploads\\\/2018\\\/12\\\/Black-Beauty-and-me.jpg?fit=96%2C96&ssl=1\",\"url\":\"https:\\\/\\\/i0.wp.com\\\/culturesco.com\\\/wp-content\\\/uploads\\\/2018\\\/12\\\/Black-Beauty-and-me.jpg?fit=96%2C96&ssl=1\",\"contentUrl\":\"https:\\\/\\\/i0.wp.com\\\/culturesco.com\\\/wp-content\\\/uploads\\\/2018\\\/12\\\/Black-Beauty-and-me.jpg?fit=96%2C96&ssl=1\",\"caption\":\"Thierry Dauge\"},\"description\":\"Amoureux des 70\u2019s et du hard rock en particulier, Thierry Dauge est chroniqueur sur Culturesco par amour de l\u2019\u00e9criture musicale. Co-auteur du livre\\\"Pop rock - Les instruments de l'ombre\\\" aux \u00e9ditions du Camion Blanc, collaborateur de Vivi pour \\\"Mes Ann\u00e9es Trust\\\", auteur de \\\"Sparks\\\" aux \u00e9ditions du Layeur, parce que le rock est loin d'\u00eatre mort ...\",\"url\":\"https:\\\/\\\/culturesco.com\\\/index.php\\\/author\\\/thierry-dauge888\\\/\"}]}<\/script>\n<!-- \/ Yoast SEO plugin. -->","yoast_head_json":{"title":"Louis CHEDID - Ainsi Soit-il - Culturesco chanson fran\u00e7aise","description":"CulturesCo | Au-del\u00e0 d'\u00eatre le p\u00e8re de M, Louis Chedid est un artiste complet \u00e0 la plume tremp\u00e9 dans le quotidien. Po\u00e9tique et m\u00e9lodique.","robots":{"index":"index","follow":"follow","max-snippet":"max-snippet:-1","max-image-preview":"max-image-preview:large","max-video-preview":"max-video-preview:-1"},"canonical":"https:\/\/culturesco.com\/index.php\/2022\/09\/12\/louis-chedid-ainsi-soit-il\/","og_locale":"fr_FR","og_type":"article","og_title":"Louis CHEDID - Ainsi Soit-il - Culturesco chanson fran\u00e7aise","og_description":"CulturesCo | Au-del\u00e0 d'\u00eatre le p\u00e8re de M, Louis Chedid est un artiste complet \u00e0 la plume tremp\u00e9 dans le quotidien. Po\u00e9tique et m\u00e9lodique.","og_url":"https:\/\/culturesco.com\/index.php\/2022\/09\/12\/louis-chedid-ainsi-soit-il\/","og_site_name":"Culturesco","article_publisher":"https:\/\/www.facebook.com\/radioculturesco","article_published_time":"2022-09-12T17:22:46+00:00","article_modified_time":"2022-09-13T19:59:48+00:00","og_image":[{"width":600,"height":309,"url":"https:\/\/culturesco.com\/wp-content\/uploads\/2022\/09\/Louis-CHEDID-Front.jpg","type":"image\/jpeg"}],"author":"Thierry Dauge","twitter_card":"summary_large_image","twitter_creator":"@AugusteMarshal","twitter_site":"@AugusteMarshal","twitter_misc":{"\u00c9crit par":"Thierry Dauge","Dur\u00e9e de lecture estim\u00e9e":"3 minutes"},"schema":{"@context":"https:\/\/schema.org","@graph":[{"@type":"Article","@id":"https:\/\/culturesco.com\/index.php\/2022\/09\/12\/louis-chedid-ainsi-soit-il\/#article","isPartOf":{"@id":"https:\/\/culturesco.com\/index.php\/2022\/09\/12\/louis-chedid-ainsi-soit-il\/"},"author":{"name":"Thierry Dauge","@id":"https:\/\/culturesco.com\/#\/schema\/person\/19f04cf232d246197f6e7d62abe6cb0e"},"headline":"Louis CHEDID &#8211; Ainsi Soit-il","datePublished":"2022-09-12T17:22:46+00:00","dateModified":"2022-09-13T19:59:48+00:00","mainEntityOfPage":{"@id":"https:\/\/culturesco.com\/index.php\/2022\/09\/12\/louis-chedid-ainsi-soit-il\/"},"wordCount":563,"commentCount":0,"publisher":{"@id":"https:\/\/culturesco.com\/#organization"},"image":{"@id":"https:\/\/culturesco.com\/index.php\/2022\/09\/12\/louis-chedid-ainsi-soit-il\/#primaryimage"},"thumbnailUrl":"https:\/\/i0.wp.com\/culturesco.com\/wp-content\/uploads\/2022\/09\/Louis-CHEDID-Front.jpg?fit=600%2C309&ssl=1","keywords":["chanson fran\u00e7aise"],"articleSection":["Carotte Rock Cultures","Chanson fran\u00e7aise"],"inLanguage":"fr-FR","potentialAction":[{"@type":"CommentAction","name":"Comment","target":["https:\/\/culturesco.com\/index.php\/2022\/09\/12\/louis-chedid-ainsi-soit-il\/#respond"]}]},{"@type":"WebPage","@id":"https:\/\/culturesco.com\/index.php\/2022\/09\/12\/louis-chedid-ainsi-soit-il\/","url":"https:\/\/culturesco.com\/index.php\/2022\/09\/12\/louis-chedid-ainsi-soit-il\/","name":"Louis CHEDID - Ainsi Soit-il - Culturesco chanson fran\u00e7aise","isPartOf":{"@id":"https:\/\/culturesco.com\/#website"},"primaryImageOfPage":{"@id":"https:\/\/culturesco.com\/index.php\/2022\/09\/12\/louis-chedid-ainsi-soit-il\/#primaryimage"},"image":{"@id":"https:\/\/culturesco.com\/index.php\/2022\/09\/12\/louis-chedid-ainsi-soit-il\/#primaryimage"},"thumbnailUrl":"https:\/\/i0.wp.com\/culturesco.com\/wp-content\/uploads\/2022\/09\/Louis-CHEDID-Front.jpg?fit=600%2C309&ssl=1","datePublished":"2022-09-12T17:22:46+00:00","dateModified":"2022-09-13T19:59:48+00:00","description":"CulturesCo | Au-del\u00e0 d'\u00eatre le p\u00e8re de M, Louis Chedid est un artiste complet \u00e0 la plume tremp\u00e9 dans le quotidien. Po\u00e9tique et m\u00e9lodique.","breadcrumb":{"@id":"https:\/\/culturesco.com\/index.php\/2022\/09\/12\/louis-chedid-ainsi-soit-il\/#breadcrumb"},"inLanguage":"fr-FR","potentialAction":[{"@type":"ReadAction","target":["https:\/\/culturesco.com\/index.php\/2022\/09\/12\/louis-chedid-ainsi-soit-il\/"]}]},{"@type":"ImageObject","inLanguage":"fr-FR","@id":"https:\/\/culturesco.com\/index.php\/2022\/09\/12\/louis-chedid-ainsi-soit-il\/#primaryimage","url":"https:\/\/i0.wp.com\/culturesco.com\/wp-content\/uploads\/2022\/09\/Louis-CHEDID-Front.jpg?fit=600%2C309&ssl=1","contentUrl":"https:\/\/i0.wp.com\/culturesco.com\/wp-content\/uploads\/2022\/09\/Louis-CHEDID-Front.jpg?fit=600%2C309&ssl=1","width":600,"height":309,"caption":"Louis Chedid"},{"@type":"BreadcrumbList","@id":"https:\/\/culturesco.com\/index.php\/2022\/09\/12\/louis-chedid-ainsi-soit-il\/#breadcrumb","itemListElement":[{"@type":"ListItem","position":1,"name":"Accueil","item":"https:\/\/culturesco.com\/"},{"@type":"ListItem","position":2,"name":"Louis CHEDID &#8211; Ainsi Soit-il"}]},{"@type":"WebSite","@id":"https:\/\/culturesco.com\/#website","url":"https:\/\/culturesco.com\/","name":"Culturesco","description":"Culturesco | Un bon coup de pied dans ta Culture","publisher":{"@id":"https:\/\/culturesco.com\/#organization"},"potentialAction":[{"@type":"SearchAction","target":{"@type":"EntryPoint","urlTemplate":"https:\/\/culturesco.com\/?s={search_term_string}"},"query-input":{"@type":"PropertyValueSpecification","valueRequired":true,"valueName":"search_term_string"}}],"inLanguage":"fr-FR"},{"@type":"Organization","@id":"https:\/\/culturesco.com\/#organization","name":"CULTURESCO","url":"https:\/\/culturesco.com\/","logo":{"@type":"ImageObject","inLanguage":"fr-FR","@id":"https:\/\/culturesco.com\/#\/schema\/logo\/image\/","url":"https:\/\/i0.wp.com\/culturesco.com\/wp-content\/uploads\/2022\/04\/culturesco-logo-blanc250p.png?fit=250%2C250&ssl=1","contentUrl":"https:\/\/i0.wp.com\/culturesco.com\/wp-content\/uploads\/2022\/04\/culturesco-logo-blanc250p.png?fit=250%2C250&ssl=1","width":250,"height":250,"caption":"CULTURESCO"},"image":{"@id":"https:\/\/culturesco.com\/#\/schema\/logo\/image\/"},"sameAs":["https:\/\/www.facebook.com\/radioculturesco","https:\/\/x.com\/AugusteMarshal","https:\/\/www.instagram.com\/carotte_rock_culture\/","https:\/\/www.pinterest.fr\/augustemarshal\/","https:\/\/www.youtube.com\/channel\/UCiWLGffqWSXlNnfzp6YwwyQ"]},{"@type":"Person","@id":"https:\/\/culturesco.com\/#\/schema\/person\/19f04cf232d246197f6e7d62abe6cb0e","name":"Thierry Dauge","image":{"@type":"ImageObject","inLanguage":"fr-FR","@id":"https:\/\/i0.wp.com\/culturesco.com\/wp-content\/uploads\/2018\/12\/Black-Beauty-and-me.jpg?fit=96%2C96&ssl=1","url":"https:\/\/i0.wp.com\/culturesco.com\/wp-content\/uploads\/2018\/12\/Black-Beauty-and-me.jpg?fit=96%2C96&ssl=1","contentUrl":"https:\/\/i0.wp.com\/culturesco.com\/wp-content\/uploads\/2018\/12\/Black-Beauty-and-me.jpg?fit=96%2C96&ssl=1","caption":"Thierry Dauge"},"description":"Amoureux des 70\u2019s et du hard rock en particulier, Thierry Dauge est chroniqueur sur Culturesco par amour de l\u2019\u00e9criture musicale. Co-auteur du livre\"Pop rock - Les instruments de l'ombre\" aux \u00e9ditions du Camion Blanc, collaborateur de Vivi pour \"Mes Ann\u00e9es Trust\", auteur de \"Sparks\" aux \u00e9ditions du Layeur, parce que le rock est loin d'\u00eatre mort ...","url":"https:\/\/culturesco.com\/index.php\/author\/thierry-dauge888\/"}]}},"jetpack_featured_media_url":"https:\/\/i0.wp.com\/culturesco.com\/wp-content\/uploads\/2022\/09\/Louis-CHEDID-Front.jpg?fit=600%2C309&ssl=1","jetpack_likes_enabled":true,"jetpack_sharing_enabled":true,"jetpack_shortlink":"https:\/\/wp.me\/paz89I-4Ba","_links":{"self":[{"href":"https:\/\/culturesco.com\/index.php\/wp-json\/wp\/v2\/posts\/17680","targetHints":{"allow":["GET"]}}],"collection":[{"href":"https:\/\/culturesco.com\/index.php\/wp-json\/wp\/v2\/posts"}],"about":[{"href":"https:\/\/culturesco.com\/index.php\/wp-json\/wp\/v2\/types\/post"}],"author":[{"embeddable":true,"href":"https:\/\/culturesco.com\/index.php\/wp-json\/wp\/v2\/users\/3"}],"replies":[{"embeddable":true,"href":"https:\/\/culturesco.com\/index.php\/wp-json\/wp\/v2\/comments?post=17680"}],"version-history":[{"count":0,"href":"https:\/\/culturesco.com\/index.php\/wp-json\/wp\/v2\/posts\/17680\/revisions"}],"wp:featuredmedia":[{"embeddable":true,"href":"https:\/\/culturesco.com\/index.php\/wp-json\/wp\/v2\/media\/17682"}],"wp:attachment":[{"href":"https:\/\/culturesco.com\/index.php\/wp-json\/wp\/v2\/media?parent=17680"}],"wp:term":[{"taxonomy":"category","embeddable":true,"href":"https:\/\/culturesco.com\/index.php\/wp-json\/wp\/v2\/categories?post=17680"},{"taxonomy":"post_tag","embeddable":true,"href":"https:\/\/culturesco.com\/index.php\/wp-json\/wp\/v2\/tags?post=17680"}],"curies":[{"name":"wp","href":"https:\/\/api.w.org\/{rel}","templated":true}]}}