{"id":1768,"date":"2018-12-22T08:53:40","date_gmt":"2018-12-22T07:53:40","guid":{"rendered":"https:\/\/culturesco.com\/?p=1768"},"modified":"2019-06-27T10:53:54","modified_gmt":"2019-06-27T08:53:54","slug":"enfin-un-livre-sur-procol-harum","status":"publish","type":"post","link":"https:\/\/culturesco.com\/index.php\/2018\/12\/22\/enfin-un-livre-sur-procol-harum\/","title":{"rendered":"PROCOL HARUM ne se r\u00e9sume pas \u00e0 Whiter Shade Of Pale"},"content":{"rendered":"<h2>Un groupe qui ne se r\u00e9sume pas \u00e0 \u00ab\u00a0Whiter Shade Of Pale\u00a0\u00bb<\/h2>\n<p><img data-recalc-dims=\"1\" loading=\"lazy\" decoding=\"async\" class=\"aligncenter size-full wp-image-1790\" src=\"https:\/\/i0.wp.com\/culturesco.com\/wp-content\/uploads\/2018\/12\/procol-harum.jpg?resize=696%2C364&#038;ssl=1\" alt=\"Procol Harum\" width=\"696\" height=\"364\" \/><\/p>\n<h3>PROCOL HARUM &#8211; L&rsquo;un des repr\u00e9sentants les plus influents du rock progressif<\/h3>\n<p style=\"text-align: justify;\">Louons <strong>Didier Delinotte <\/strong>d&rsquo;\u00e9viter les sentiers battus! Tandis que pleuvent les livres sur les Beatles, les Rolling Stones ou David Bowie, <strong>Delinotte<\/strong>, sans chercher les effets de mod voire de mode, scrute \u00e0 la loupe les agissements et bienfaits des grands groupes des sixties qu&rsquo;on aurait parfois tendance \u00e0 un peu oublier (et c&rsquo;est impardonnable !). De l&rsquo;autre c\u00f4t\u00e9 de l&rsquo;Atlantique, les <strong>Byrds<\/strong> (<a href=\"https:\/\/www.amazon.fr\/Byrds-cowboys-lespace-Didier-Delinotte-ebook\/dp\/B01FWOYJGE\/ref=sr_1_1?ie=UTF8&amp;qid=1545465279&amp;sr=8-1&amp;keywords=byrds+delinotte\">cliquer ICI<\/a>). Plus pr\u00e8s de nous les <strong>Kinks<\/strong> (<a href=\"https:\/\/www.amazon.fr\/KINKS-Histoire-dune-nostalgie-chronique\/dp\/2357798246\/ref=sr_1_1?ie=UTF8&amp;qid=1545464595&amp;sr=8-1&amp;keywords=kinks+delinotte\">cliquer\u00a0ICI<\/a>). Les <strong>Pretty Things <\/strong>(<a href=\"http:\/\/www.camionblanc.com\/detail-livre-les-pretty-things-une-institution-856.php\">cliquer ICI<\/a>). Les <strong>Them\u00a0<\/strong>(dans sa copieuse bio de Van Morrison &#8211; <a href=\"https:\/\/www.amazon.fr\/gp\/offer-listing\/2378480407\/ref=tmm_pap_used_olp_0?ie=UTF8&amp;condition=used&amp;qid=1545490186&amp;sr=8-1-fkmr0\">cliquer ICI<\/a>). Et <strong>PROCOL HARUM <\/strong>(<a href=\"http:\/\/www.camionblanc.com\/detail-livre-procol-harum-marins-fantomes-dandys-et-vieux-rhum-993.php\">cliquer ICI<\/a>). L&rsquo;histoire de leur tube plan\u00e9taire est cont\u00e9e dans \u00a0le livre <strong><a href=\"https:\/\/www.amazon.fr\/ANTHOLOGIE-TUBES-ROCK-Soixante-musique\/dp\/2357797509\/ref=sr_1_1?ie=UTF8&amp;qid=1529561970&amp;sr=8-1&amp;keywords=Anthologie+des+tubes+rock\" target=\"_blank\" rel=\"noopener noreferrer\">Anthologie des tubes rock : Soixante ans de musique pour les kids<\/a><\/strong><a href=\"https:\/\/i0.wp.com\/culturesco.com\/wp-content\/uploads\/2018\/12\/51pMtHzTxGL__SX348_BO1204203200_.jpg?ssl=1\"><img data-recalc-dims=\"1\" loading=\"lazy\" decoding=\"async\" class=\"aligncenter wp-image-1772 size-medium\" title=\"Procol Harum\" src=\"https:\/\/i0.wp.com\/culturesco.com\/wp-content\/uploads\/2018\/12\/51pMtHzTxGL__SX348_BO1204203200_.jpg?resize=210%2C300&#038;ssl=1\" alt=\"Procol Harum A Whiter Shade Of Pale\" width=\"210\" height=\"300\" srcset=\"https:\/\/i0.wp.com\/culturesco.com\/wp-content\/uploads\/2018\/12\/51pMtHzTxGL__SX348_BO1204203200_.jpg?resize=210%2C300&amp;ssl=1 210w, https:\/\/i0.wp.com\/culturesco.com\/wp-content\/uploads\/2018\/12\/51pMtHzTxGL__SX348_BO1204203200_.jpg?resize=295%2C420&amp;ssl=1 295w, https:\/\/i0.wp.com\/culturesco.com\/wp-content\/uploads\/2018\/12\/51pMtHzTxGL__SX348_BO1204203200_.jpg?w=350&amp;ssl=1 350w\" sizes=\"auto, (max-width: 210px) 100vw, 210px\" \/><\/a><\/p>\n<h3>Procol Harum &#8211;\u00a0A Whiter Shade of Pale<\/h3>\n<p style=\"text-align: justify;\">Nous sommes en 1967. Avec leur premier album et \u00ab A Whiter Shade of Pale \u00bb, les Procol Harum vont \u00eatre parmi les repr\u00e9sentants les plus influents du rock progressif, aux c\u00f4t\u00e9s de The Nice, Soft Machine ou encore Barclay James Harvest. \u00ab A Whiter Shade of Pale \u00bb en est ainsi un \u00ab pur produit \u00bb, notamment par sa ligne d\u2019orgue directement inspir\u00e9e de deux pi\u00e8ces de Bach, la cantate <em>Wachet auf, ruft uns die Stimme<\/em> et la Suite pour orchestre n\u00b03 en r\u00e9 majeur.<\/p>\n<p style=\"text-align: justify;\">Autre code musical propre au rock progressif que l\u2019on retrouve sur \u00ab\u00a0Whiter\u2026 \u00bb : la pr\u00e9sence d\u2019un piano qui vient \u00ab soutenir \u00bb la fameuse ligne d\u2019orgue. La production est par ailleurs sciemment emphatique, \u00ab grandiose \u00bb, ce qui donnera au rock progressif son autre nom de \u00ab rock orchestral \u00bb. Pour les paroles, Reid puise dans ses po\u00e8mes le contenu n\u00e9cessaire, \u00e0 savoir une histoire d\u2019amour contrari\u00e9e o\u00f9 se superposent fantasmes, visions, personnages loufoques et inattendus, dans le pur style progressif, m\u00e9lange de baroque et de\u2026 LSD, Reid en \u00e9tant un consommateur enthousiaste depuis au moins 1965.<\/p>\n<h3>Succ\u00e8s fulgurant :<\/h3>\n<p style=\"text-align: justify;\">Sorti sous format single en <strong>mai 1967 <\/strong>en Angleterre et aux \u00c9tats-Unis,\u00a0le titre\u00a0conna\u00eet un <strong>succ\u00e8s fulgurant<\/strong>. Il se classe premier dans les charts UK et cinqui\u00e8me au Billboard (am\u00e9ricain). Le r\u00eave initial de Brooker et Reid se r\u00e9alise : ils sont tous les deux millionnaires gr\u00e2ce \u00e0 leur savoir-faire artistique respectif (et avant leur trenti\u00e8me ann\u00e9e). Le morceau est vite consid\u00e9r\u00e9 comme un chef-d\u2019oeuvre de rock progressif et les Procol Harum sont adoub\u00e9s par leurs pairs (dont ils \u00e9taient les \u00ab simples \u00bb fans quelques semaines seulement).<\/p>\n<h3>Lennon est Fan &#8230;<\/h3>\n<p style=\"text-align: justify;\">John Lennon s\u2019en d\u00e9clare \u00ab compl\u00e8tement fan, au point qu\u2019[il] la chante tous les matins au saut du lit \u00bb, tandis que Brian Wilson (Beach Boys), toujours tr\u00e8s inspir\u00e9 (surtout \u00e0 l\u2019\u00e9poque), d\u00e9clare que \u00ab A whiter shade of pale \u00bb sera sa \u00ab marche fun\u00e9raire \u00bb. La chanson sera par ailleurs reprise d\u00e8s 1967. Tout d&rsquo;abord par les Box Tops, puis par Annie Lennox, Peter Gabriel, Bonnie Tyler. M\u00eame la France et le Qu\u00e9bec auront leurs versions francophones, par Donald Lautrec et son \u00ab Jour du dernier jour \u00bb (1967). Puis par Nicoletta avec \u00ab Les orgues d\u2019antan \u00bb. Et on ne compte plus les utilisations cin\u00e9matographiques de la chanson.<\/p>\n<p style=\"text-align: justify;\"><strong>A whiter shade of pale<\/strong>\u00a0 permettra aux <strong>Procol Harum<\/strong> de r\u00e9aliser une jolie carri\u00e8re, m\u00eame si, paradoxalement, elle fut quelque peu \u00ab \u00e9cras\u00e9e \u00bb par le ph\u00e9nom\u00e9nal succ\u00e8s de la chanson qui fut quant \u00e0 elle d\u00e9clar\u00e9e en 2009 \u00ab morceau le plus diffus\u00e9 dans les lieux britanniques depuis 1934 \u00bb. Au regard de la concurrence pr\u00e9sente sur le march\u00e9 britannique (Beatles, Rolling Stones, Who,\u00a0Cliff Richard\u2026), la performance est\u2026 historique !<\/p>\n<p style=\"text-align: justify;\">Daniel Lesueur<\/p>\n","protected":false},"excerpt":{"rendered":"<p>Un groupe qui ne se r\u00e9sume pas \u00e0 \u00ab\u00a0Whiter Shade Of Pale\u00a0\u00bb PROCOL HARUM &#8211; L&rsquo;un des repr\u00e9sentants les plus influents du rock progressif Louons Didier Delinotte d&rsquo;\u00e9viter les sentiers battus! Tandis que pleuvent les livres sur les Beatles, les Rolling Stones ou David Bowie, Delinotte, sans chercher les effets de mod voire de mode, [&hellip;]<\/p>\n","protected":false},"author":2,"featured_media":6153,"comment_status":"open","ping_status":"open","sticky":false,"template":"","format":"image","meta":{"jetpack_post_was_ever_published":false,"tdm_status":"","tdm_grid_status":"","_jetpack_newsletter_access":"","_jetpack_dont_email_post_to_subs":false,"_jetpack_newsletter_tier_id":0,"_jetpack_memberships_contains_paywalled_content":false,"_jetpack_memberships_contains_paid_content":false,"footnotes":""},"categories":[17,33,66],"tags":[20],"class_list":{"0":"post-1768","1":"post","2":"type-post","3":"status-publish","4":"format-image","5":"has-post-thumbnail","7":"category-carotte-rock-cultures","8":"category-histoire-du-rock","9":"category-livre-rock","10":"tag-livre-rock","11":"post_format-post-format-image"},"yoast_head":"<!-- This site is optimized with the Yoast SEO plugin v27.5 - https:\/\/yoast.com\/product\/yoast-seo-wordpress\/ -->\n<title>PROCOL HARUM ne se r\u00e9sume pas \u00e0 Whiter Shade Of Pale - Culturesco<\/title>\n<meta name=\"description\" content=\"CulturesCo | Procol Harum : un groupe des plus influents du rock progressif qui ne se r\u00e9sume pas \u00e0 Whiter Shade Of Pale ! Un livre raconte...\" \/>\n<meta name=\"robots\" content=\"index, follow, max-snippet:-1, max-image-preview:large, max-video-preview:-1\" \/>\n<link rel=\"canonical\" href=\"https:\/\/culturesco.com\/index.php\/2018\/12\/22\/enfin-un-livre-sur-procol-harum\/\" \/>\n<meta property=\"og:locale\" content=\"fr_FR\" \/>\n<meta property=\"og:type\" content=\"article\" \/>\n<meta property=\"og:title\" content=\"PROCOL HARUM ne se r\u00e9sume pas \u00e0 Whiter Shade Of Pale - Culturesco\" \/>\n<meta property=\"og:description\" content=\"CulturesCo | Procol Harum : un groupe des plus influents du rock progressif qui ne se r\u00e9sume pas \u00e0 Whiter Shade Of Pale ! Un livre raconte...\" \/>\n<meta property=\"og:url\" content=\"https:\/\/culturesco.com\/index.php\/2018\/12\/22\/enfin-un-livre-sur-procol-harum\/\" \/>\n<meta property=\"og:site_name\" content=\"Culturesco\" \/>\n<meta property=\"article:publisher\" content=\"https:\/\/www.facebook.com\/radioculturesco\" \/>\n<meta property=\"article:published_time\" content=\"2018-12-22T07:53:40+00:00\" \/>\n<meta property=\"article:modified_time\" content=\"2019-06-27T08:53:54+00:00\" \/>\n<meta property=\"og:image\" content=\"https:\/\/i1.wp.com\/culturesco.com\/wp-content\/uploads\/2018\/12\/procol-harum-2.jpg?fit=600%2C314&ssl=1\" \/>\n\t<meta property=\"og:image:width\" content=\"600\" \/>\n\t<meta property=\"og:image:height\" content=\"314\" \/>\n\t<meta property=\"og:image:type\" content=\"image\/jpeg\" \/>\n<meta name=\"author\" content=\"Daniel Lesueur\" \/>\n<meta name=\"twitter:card\" content=\"summary_large_image\" \/>\n<meta name=\"twitter:creator\" content=\"@AugusteMarshal\" \/>\n<meta name=\"twitter:site\" content=\"@AugusteMarshal\" \/>\n<meta name=\"twitter:label1\" content=\"\u00c9crit par\" \/>\n\t<meta name=\"twitter:data1\" content=\"Daniel Lesueur\" \/>\n\t<meta name=\"twitter:label2\" content=\"Dur\u00e9e de lecture estim\u00e9e\" \/>\n\t<meta name=\"twitter:data2\" content=\"3 minutes\" \/>\n<script type=\"application\/ld+json\" class=\"yoast-schema-graph\">{\"@context\":\"https:\\\/\\\/schema.org\",\"@graph\":[{\"@type\":\"Article\",\"@id\":\"https:\\\/\\\/culturesco.com\\\/index.php\\\/2018\\\/12\\\/22\\\/enfin-un-livre-sur-procol-harum\\\/#article\",\"isPartOf\":{\"@id\":\"https:\\\/\\\/culturesco.com\\\/index.php\\\/2018\\\/12\\\/22\\\/enfin-un-livre-sur-procol-harum\\\/\"},\"author\":{\"name\":\"Daniel Lesueur\",\"@id\":\"https:\\\/\\\/culturesco.com\\\/#\\\/schema\\\/person\\\/716087cb1b01edf85084af2d12096a8f\"},\"headline\":\"PROCOL HARUM ne se r\u00e9sume pas \u00e0 Whiter Shade Of Pale\",\"datePublished\":\"2018-12-22T07:53:40+00:00\",\"dateModified\":\"2019-06-27T08:53:54+00:00\",\"mainEntityOfPage\":{\"@id\":\"https:\\\/\\\/culturesco.com\\\/index.php\\\/2018\\\/12\\\/22\\\/enfin-un-livre-sur-procol-harum\\\/\"},\"wordCount\":640,\"commentCount\":0,\"publisher\":{\"@id\":\"https:\\\/\\\/culturesco.com\\\/#organization\"},\"image\":{\"@id\":\"https:\\\/\\\/culturesco.com\\\/index.php\\\/2018\\\/12\\\/22\\\/enfin-un-livre-sur-procol-harum\\\/#primaryimage\"},\"thumbnailUrl\":\"https:\\\/\\\/i0.wp.com\\\/culturesco.com\\\/wp-content\\\/uploads\\\/2018\\\/12\\\/procol-harum-1.jpg?fit=600%2C314&ssl=1\",\"keywords\":[\"Livre Rock\"],\"articleSection\":[\"Carotte Rock Cultures\",\"Histoire du rock\",\"Livre Rock\"],\"inLanguage\":\"fr-FR\",\"potentialAction\":[{\"@type\":\"CommentAction\",\"name\":\"Comment\",\"target\":[\"https:\\\/\\\/culturesco.com\\\/index.php\\\/2018\\\/12\\\/22\\\/enfin-un-livre-sur-procol-harum\\\/#respond\"]}]},{\"@type\":\"WebPage\",\"@id\":\"https:\\\/\\\/culturesco.com\\\/index.php\\\/2018\\\/12\\\/22\\\/enfin-un-livre-sur-procol-harum\\\/\",\"url\":\"https:\\\/\\\/culturesco.com\\\/index.php\\\/2018\\\/12\\\/22\\\/enfin-un-livre-sur-procol-harum\\\/\",\"name\":\"PROCOL HARUM ne se r\u00e9sume pas \u00e0 Whiter Shade Of Pale - Culturesco\",\"isPartOf\":{\"@id\":\"https:\\\/\\\/culturesco.com\\\/#website\"},\"primaryImageOfPage\":{\"@id\":\"https:\\\/\\\/culturesco.com\\\/index.php\\\/2018\\\/12\\\/22\\\/enfin-un-livre-sur-procol-harum\\\/#primaryimage\"},\"image\":{\"@id\":\"https:\\\/\\\/culturesco.com\\\/index.php\\\/2018\\\/12\\\/22\\\/enfin-un-livre-sur-procol-harum\\\/#primaryimage\"},\"thumbnailUrl\":\"https:\\\/\\\/i0.wp.com\\\/culturesco.com\\\/wp-content\\\/uploads\\\/2018\\\/12\\\/procol-harum-1.jpg?fit=600%2C314&ssl=1\",\"datePublished\":\"2018-12-22T07:53:40+00:00\",\"dateModified\":\"2019-06-27T08:53:54+00:00\",\"description\":\"CulturesCo | Procol Harum : un groupe des plus influents du rock progressif qui ne se r\u00e9sume pas \u00e0 Whiter Shade Of Pale ! Un livre raconte...\",\"breadcrumb\":{\"@id\":\"https:\\\/\\\/culturesco.com\\\/index.php\\\/2018\\\/12\\\/22\\\/enfin-un-livre-sur-procol-harum\\\/#breadcrumb\"},\"inLanguage\":\"fr-FR\",\"potentialAction\":[{\"@type\":\"ReadAction\",\"target\":[\"https:\\\/\\\/culturesco.com\\\/index.php\\\/2018\\\/12\\\/22\\\/enfin-un-livre-sur-procol-harum\\\/\"]}]},{\"@type\":\"ImageObject\",\"inLanguage\":\"fr-FR\",\"@id\":\"https:\\\/\\\/culturesco.com\\\/index.php\\\/2018\\\/12\\\/22\\\/enfin-un-livre-sur-procol-harum\\\/#primaryimage\",\"url\":\"https:\\\/\\\/i0.wp.com\\\/culturesco.com\\\/wp-content\\\/uploads\\\/2018\\\/12\\\/procol-harum-1.jpg?fit=600%2C314&ssl=1\",\"contentUrl\":\"https:\\\/\\\/i0.wp.com\\\/culturesco.com\\\/wp-content\\\/uploads\\\/2018\\\/12\\\/procol-harum-1.jpg?fit=600%2C314&ssl=1\",\"width\":600,\"height\":314,\"caption\":\"procol harum\"},{\"@type\":\"BreadcrumbList\",\"@id\":\"https:\\\/\\\/culturesco.com\\\/index.php\\\/2018\\\/12\\\/22\\\/enfin-un-livre-sur-procol-harum\\\/#breadcrumb\",\"itemListElement\":[{\"@type\":\"ListItem\",\"position\":1,\"name\":\"Accueil\",\"item\":\"https:\\\/\\\/culturesco.com\\\/\"},{\"@type\":\"ListItem\",\"position\":2,\"name\":\"PROCOL HARUM ne se r\u00e9sume pas \u00e0 Whiter Shade Of Pale\"}]},{\"@type\":\"WebSite\",\"@id\":\"https:\\\/\\\/culturesco.com\\\/#website\",\"url\":\"https:\\\/\\\/culturesco.com\\\/\",\"name\":\"Culturesco\",\"description\":\"Culturesco | Un bon coup de pied dans ta Culture\",\"publisher\":{\"@id\":\"https:\\\/\\\/culturesco.com\\\/#organization\"},\"potentialAction\":[{\"@type\":\"SearchAction\",\"target\":{\"@type\":\"EntryPoint\",\"urlTemplate\":\"https:\\\/\\\/culturesco.com\\\/?s={search_term_string}\"},\"query-input\":{\"@type\":\"PropertyValueSpecification\",\"valueRequired\":true,\"valueName\":\"search_term_string\"}}],\"inLanguage\":\"fr-FR\"},{\"@type\":\"Organization\",\"@id\":\"https:\\\/\\\/culturesco.com\\\/#organization\",\"name\":\"CULTURESCO\",\"url\":\"https:\\\/\\\/culturesco.com\\\/\",\"logo\":{\"@type\":\"ImageObject\",\"inLanguage\":\"fr-FR\",\"@id\":\"https:\\\/\\\/culturesco.com\\\/#\\\/schema\\\/logo\\\/image\\\/\",\"url\":\"https:\\\/\\\/i0.wp.com\\\/culturesco.com\\\/wp-content\\\/uploads\\\/2022\\\/04\\\/culturesco-logo-blanc250p.png?fit=250%2C250&ssl=1\",\"contentUrl\":\"https:\\\/\\\/i0.wp.com\\\/culturesco.com\\\/wp-content\\\/uploads\\\/2022\\\/04\\\/culturesco-logo-blanc250p.png?fit=250%2C250&ssl=1\",\"width\":250,\"height\":250,\"caption\":\"CULTURESCO\"},\"image\":{\"@id\":\"https:\\\/\\\/culturesco.com\\\/#\\\/schema\\\/logo\\\/image\\\/\"},\"sameAs\":[\"https:\\\/\\\/www.facebook.com\\\/radioculturesco\",\"https:\\\/\\\/x.com\\\/AugusteMarshal\",\"https:\\\/\\\/www.instagram.com\\\/carotte_rock_culture\\\/\",\"https:\\\/\\\/www.pinterest.fr\\\/augustemarshal\\\/\",\"https:\\\/\\\/www.youtube.com\\\/channel\\\/UCiWLGffqWSXlNnfzp6YwwyQ\"]},{\"@type\":\"Person\",\"@id\":\"https:\\\/\\\/culturesco.com\\\/#\\\/schema\\\/person\\\/716087cb1b01edf85084af2d12096a8f\",\"name\":\"Daniel Lesueur\",\"image\":{\"@type\":\"ImageObject\",\"inLanguage\":\"fr-FR\",\"@id\":\"https:\\\/\\\/i0.wp.com\\\/culturesco.com\\\/wp-content\\\/uploads\\\/2018\\\/12\\\/lesueur.jpg?fit=96%2C89&ssl=1\",\"url\":\"https:\\\/\\\/i0.wp.com\\\/culturesco.com\\\/wp-content\\\/uploads\\\/2018\\\/12\\\/lesueur.jpg?fit=96%2C89&ssl=1\",\"contentUrl\":\"https:\\\/\\\/i0.wp.com\\\/culturesco.com\\\/wp-content\\\/uploads\\\/2018\\\/12\\\/lesueur.jpg?fit=96%2C89&ssl=1\",\"caption\":\"Daniel Lesueur\"},\"description\":\"\u00c9crivain - Directeur de collection chez Camion Blanc\",\"url\":\"https:\\\/\\\/culturesco.com\\\/index.php\\\/author\\\/daniel-lesueur\\\/\"}]}<\/script>\n<!-- \/ Yoast SEO plugin. -->","yoast_head_json":{"title":"PROCOL HARUM ne se r\u00e9sume pas \u00e0 Whiter Shade Of Pale - Culturesco","description":"CulturesCo | Procol Harum : un groupe des plus influents du rock progressif qui ne se r\u00e9sume pas \u00e0 Whiter Shade Of Pale ! Un livre raconte...","robots":{"index":"index","follow":"follow","max-snippet":"max-snippet:-1","max-image-preview":"max-image-preview:large","max-video-preview":"max-video-preview:-1"},"canonical":"https:\/\/culturesco.com\/index.php\/2018\/12\/22\/enfin-un-livre-sur-procol-harum\/","og_locale":"fr_FR","og_type":"article","og_title":"PROCOL HARUM ne se r\u00e9sume pas \u00e0 Whiter Shade Of Pale - Culturesco","og_description":"CulturesCo | Procol Harum : un groupe des plus influents du rock progressif qui ne se r\u00e9sume pas \u00e0 Whiter Shade Of Pale ! Un livre raconte...","og_url":"https:\/\/culturesco.com\/index.php\/2018\/12\/22\/enfin-un-livre-sur-procol-harum\/","og_site_name":"Culturesco","article_publisher":"https:\/\/www.facebook.com\/radioculturesco","article_published_time":"2018-12-22T07:53:40+00:00","article_modified_time":"2019-06-27T08:53:54+00:00","og_image":[{"width":600,"height":314,"url":"https:\/\/i1.wp.com\/culturesco.com\/wp-content\/uploads\/2018\/12\/procol-harum-2.jpg?fit=600%2C314&ssl=1","type":"image\/jpeg"}],"author":"Daniel Lesueur","twitter_card":"summary_large_image","twitter_creator":"@AugusteMarshal","twitter_site":"@AugusteMarshal","twitter_misc":{"\u00c9crit par":"Daniel Lesueur","Dur\u00e9e de lecture estim\u00e9e":"3 minutes"},"schema":{"@context":"https:\/\/schema.org","@graph":[{"@type":"Article","@id":"https:\/\/culturesco.com\/index.php\/2018\/12\/22\/enfin-un-livre-sur-procol-harum\/#article","isPartOf":{"@id":"https:\/\/culturesco.com\/index.php\/2018\/12\/22\/enfin-un-livre-sur-procol-harum\/"},"author":{"name":"Daniel Lesueur","@id":"https:\/\/culturesco.com\/#\/schema\/person\/716087cb1b01edf85084af2d12096a8f"},"headline":"PROCOL HARUM ne se r\u00e9sume pas \u00e0 Whiter Shade Of Pale","datePublished":"2018-12-22T07:53:40+00:00","dateModified":"2019-06-27T08:53:54+00:00","mainEntityOfPage":{"@id":"https:\/\/culturesco.com\/index.php\/2018\/12\/22\/enfin-un-livre-sur-procol-harum\/"},"wordCount":640,"commentCount":0,"publisher":{"@id":"https:\/\/culturesco.com\/#organization"},"image":{"@id":"https:\/\/culturesco.com\/index.php\/2018\/12\/22\/enfin-un-livre-sur-procol-harum\/#primaryimage"},"thumbnailUrl":"https:\/\/i0.wp.com\/culturesco.com\/wp-content\/uploads\/2018\/12\/procol-harum-1.jpg?fit=600%2C314&ssl=1","keywords":["Livre Rock"],"articleSection":["Carotte Rock Cultures","Histoire du rock","Livre Rock"],"inLanguage":"fr-FR","potentialAction":[{"@type":"CommentAction","name":"Comment","target":["https:\/\/culturesco.com\/index.php\/2018\/12\/22\/enfin-un-livre-sur-procol-harum\/#respond"]}]},{"@type":"WebPage","@id":"https:\/\/culturesco.com\/index.php\/2018\/12\/22\/enfin-un-livre-sur-procol-harum\/","url":"https:\/\/culturesco.com\/index.php\/2018\/12\/22\/enfin-un-livre-sur-procol-harum\/","name":"PROCOL HARUM ne se r\u00e9sume pas \u00e0 Whiter Shade Of Pale - Culturesco","isPartOf":{"@id":"https:\/\/culturesco.com\/#website"},"primaryImageOfPage":{"@id":"https:\/\/culturesco.com\/index.php\/2018\/12\/22\/enfin-un-livre-sur-procol-harum\/#primaryimage"},"image":{"@id":"https:\/\/culturesco.com\/index.php\/2018\/12\/22\/enfin-un-livre-sur-procol-harum\/#primaryimage"},"thumbnailUrl":"https:\/\/i0.wp.com\/culturesco.com\/wp-content\/uploads\/2018\/12\/procol-harum-1.jpg?fit=600%2C314&ssl=1","datePublished":"2018-12-22T07:53:40+00:00","dateModified":"2019-06-27T08:53:54+00:00","description":"CulturesCo | Procol Harum : un groupe des plus influents du rock progressif qui ne se r\u00e9sume pas \u00e0 Whiter Shade Of Pale ! Un livre raconte...","breadcrumb":{"@id":"https:\/\/culturesco.com\/index.php\/2018\/12\/22\/enfin-un-livre-sur-procol-harum\/#breadcrumb"},"inLanguage":"fr-FR","potentialAction":[{"@type":"ReadAction","target":["https:\/\/culturesco.com\/index.php\/2018\/12\/22\/enfin-un-livre-sur-procol-harum\/"]}]},{"@type":"ImageObject","inLanguage":"fr-FR","@id":"https:\/\/culturesco.com\/index.php\/2018\/12\/22\/enfin-un-livre-sur-procol-harum\/#primaryimage","url":"https:\/\/i0.wp.com\/culturesco.com\/wp-content\/uploads\/2018\/12\/procol-harum-1.jpg?fit=600%2C314&ssl=1","contentUrl":"https:\/\/i0.wp.com\/culturesco.com\/wp-content\/uploads\/2018\/12\/procol-harum-1.jpg?fit=600%2C314&ssl=1","width":600,"height":314,"caption":"procol harum"},{"@type":"BreadcrumbList","@id":"https:\/\/culturesco.com\/index.php\/2018\/12\/22\/enfin-un-livre-sur-procol-harum\/#breadcrumb","itemListElement":[{"@type":"ListItem","position":1,"name":"Accueil","item":"https:\/\/culturesco.com\/"},{"@type":"ListItem","position":2,"name":"PROCOL HARUM ne se r\u00e9sume pas \u00e0 Whiter Shade Of Pale"}]},{"@type":"WebSite","@id":"https:\/\/culturesco.com\/#website","url":"https:\/\/culturesco.com\/","name":"Culturesco","description":"Culturesco | Un bon coup de pied dans ta Culture","publisher":{"@id":"https:\/\/culturesco.com\/#organization"},"potentialAction":[{"@type":"SearchAction","target":{"@type":"EntryPoint","urlTemplate":"https:\/\/culturesco.com\/?s={search_term_string}"},"query-input":{"@type":"PropertyValueSpecification","valueRequired":true,"valueName":"search_term_string"}}],"inLanguage":"fr-FR"},{"@type":"Organization","@id":"https:\/\/culturesco.com\/#organization","name":"CULTURESCO","url":"https:\/\/culturesco.com\/","logo":{"@type":"ImageObject","inLanguage":"fr-FR","@id":"https:\/\/culturesco.com\/#\/schema\/logo\/image\/","url":"https:\/\/i0.wp.com\/culturesco.com\/wp-content\/uploads\/2022\/04\/culturesco-logo-blanc250p.png?fit=250%2C250&ssl=1","contentUrl":"https:\/\/i0.wp.com\/culturesco.com\/wp-content\/uploads\/2022\/04\/culturesco-logo-blanc250p.png?fit=250%2C250&ssl=1","width":250,"height":250,"caption":"CULTURESCO"},"image":{"@id":"https:\/\/culturesco.com\/#\/schema\/logo\/image\/"},"sameAs":["https:\/\/www.facebook.com\/radioculturesco","https:\/\/x.com\/AugusteMarshal","https:\/\/www.instagram.com\/carotte_rock_culture\/","https:\/\/www.pinterest.fr\/augustemarshal\/","https:\/\/www.youtube.com\/channel\/UCiWLGffqWSXlNnfzp6YwwyQ"]},{"@type":"Person","@id":"https:\/\/culturesco.com\/#\/schema\/person\/716087cb1b01edf85084af2d12096a8f","name":"Daniel Lesueur","image":{"@type":"ImageObject","inLanguage":"fr-FR","@id":"https:\/\/i0.wp.com\/culturesco.com\/wp-content\/uploads\/2018\/12\/lesueur.jpg?fit=96%2C89&ssl=1","url":"https:\/\/i0.wp.com\/culturesco.com\/wp-content\/uploads\/2018\/12\/lesueur.jpg?fit=96%2C89&ssl=1","contentUrl":"https:\/\/i0.wp.com\/culturesco.com\/wp-content\/uploads\/2018\/12\/lesueur.jpg?fit=96%2C89&ssl=1","caption":"Daniel Lesueur"},"description":"\u00c9crivain - Directeur de collection chez Camion Blanc","url":"https:\/\/culturesco.com\/index.php\/author\/daniel-lesueur\/"}]}},"jetpack_featured_media_url":"https:\/\/i0.wp.com\/culturesco.com\/wp-content\/uploads\/2018\/12\/procol-harum-1.jpg?fit=600%2C314&ssl=1","jetpack_likes_enabled":true,"jetpack_sharing_enabled":true,"jetpack_shortlink":"https:\/\/wp.me\/paz89I-sw","_links":{"self":[{"href":"https:\/\/culturesco.com\/index.php\/wp-json\/wp\/v2\/posts\/1768","targetHints":{"allow":["GET"]}}],"collection":[{"href":"https:\/\/culturesco.com\/index.php\/wp-json\/wp\/v2\/posts"}],"about":[{"href":"https:\/\/culturesco.com\/index.php\/wp-json\/wp\/v2\/types\/post"}],"author":[{"embeddable":true,"href":"https:\/\/culturesco.com\/index.php\/wp-json\/wp\/v2\/users\/2"}],"replies":[{"embeddable":true,"href":"https:\/\/culturesco.com\/index.php\/wp-json\/wp\/v2\/comments?post=1768"}],"version-history":[{"count":0,"href":"https:\/\/culturesco.com\/index.php\/wp-json\/wp\/v2\/posts\/1768\/revisions"}],"wp:featuredmedia":[{"embeddable":true,"href":"https:\/\/culturesco.com\/index.php\/wp-json\/wp\/v2\/media\/6153"}],"wp:attachment":[{"href":"https:\/\/culturesco.com\/index.php\/wp-json\/wp\/v2\/media?parent=1768"}],"wp:term":[{"taxonomy":"category","embeddable":true,"href":"https:\/\/culturesco.com\/index.php\/wp-json\/wp\/v2\/categories?post=1768"},{"taxonomy":"post_tag","embeddable":true,"href":"https:\/\/culturesco.com\/index.php\/wp-json\/wp\/v2\/tags?post=1768"}],"curies":[{"name":"wp","href":"https:\/\/api.w.org\/{rel}","templated":true}]}}