{"id":17646,"date":"2022-09-08T20:15:30","date_gmt":"2022-09-08T18:15:30","guid":{"rendered":"https:\/\/culturesco.com\/?p=17646"},"modified":"2022-09-09T20:20:10","modified_gmt":"2022-09-09T18:20:10","slug":"nicolas-peyrac-je-pars-j-changerais-rien","status":"publish","type":"post","link":"https:\/\/culturesco.com\/index.php\/2022\/09\/08\/nicolas-peyrac-je-pars-j-changerais-rien\/","title":{"rendered":"Nicolas PEYRAC &#8211; Je Pars &#8230; J&rsquo;changerais Rien"},"content":{"rendered":"<h2>Nicolas PEYRAC &#8211; Je Pars &#8230; J&rsquo;changerais Rien<\/h2>\n<p><img data-recalc-dims=\"1\" loading=\"lazy\" decoding=\"async\" class=\" wp-image-17647 aligncenter\" src=\"https:\/\/i0.wp.com\/culturesco.com\/wp-content\/uploads\/2022\/09\/Nicolas-Peyrac-Front.jpg?resize=595%2C333&#038;ssl=1\" alt=\"Nicolas Peyrac\" width=\"595\" height=\"333\" srcset=\"https:\/\/i0.wp.com\/culturesco.com\/wp-content\/uploads\/2022\/09\/Nicolas-Peyrac-Front.jpg?resize=300%2C168&amp;ssl=1 300w, https:\/\/i0.wp.com\/culturesco.com\/wp-content\/uploads\/2022\/09\/Nicolas-Peyrac-Front.jpg?resize=768%2C431&amp;ssl=1 768w, https:\/\/i0.wp.com\/culturesco.com\/wp-content\/uploads\/2022\/09\/Nicolas-Peyrac-Front.jpg?resize=696%2C390&amp;ssl=1 696w, https:\/\/i0.wp.com\/culturesco.com\/wp-content\/uploads\/2022\/09\/Nicolas-Peyrac-Front.jpg?resize=1068%2C599&amp;ssl=1 1068w, https:\/\/i0.wp.com\/culturesco.com\/wp-content\/uploads\/2022\/09\/Nicolas-Peyrac-Front.jpg?resize=749%2C420&amp;ssl=1 749w, https:\/\/i0.wp.com\/culturesco.com\/wp-content\/uploads\/2022\/09\/Nicolas-Peyrac-Front.jpg?w=600&amp;ssl=1 600w, https:\/\/i0.wp.com\/culturesco.com\/wp-content\/uploads\/2022\/09\/Nicolas-Peyrac-Front.jpg?resize=107%2C60&amp;ssl=1 107w, https:\/\/i0.wp.com\/culturesco.com\/wp-content\/uploads\/2022\/09\/Nicolas-Peyrac-Front.jpg?resize=160%2C90&amp;ssl=1 160w\" sizes=\"auto, (max-width: 595px) 100vw, 595px\" \/><\/p>\n<p style=\"text-align: justify;\"><strong>Nicolas Peyrac<\/strong> fait partie de ces <strong>auteurs \/ compositeurs \/ interpr\u00e8tes dit \u00ab \u00e0 guitare \u00bb<\/strong> influenc\u00e9s par leurs glorieux a\u00een\u00e9s, les<a href=\"https:\/\/www.youtube.com\/watch?v=26Nuj6dhte8\" target=\"_blank\" rel=\"noopener\"> Brassens<\/a> et <a href=\"https:\/\/www.youtube.com\/watch?v=MV8fGf-N06A\" target=\"_blank\" rel=\"noopener\">Moustaki<\/a> (<a href=\"https:\/\/www.youtube.com\/watch?v=NkV8JQKSvdA\" target=\"_blank\" rel=\"noopener\">B\u00e9art<\/a> ?). Avant d\u2019exprimer en pleine ann\u00e9e punk son d\u00e9sir d\u2019\u00e9vasion avec le tube \u00ab <strong>Je pars<\/strong> \u00bb, <strong>il surgit<\/strong> sur les<strong> ondes radios et t\u00e9l\u00e9vis\u00e9es en 1975<\/strong>. Ce premier hit single r\u00e9v\u00e8le <strong>une chanson parfum\u00e9e au \u00ab Summer of love \u00bb<\/strong>, p\u00e9riode fleurie ayant \u00ab L-S-D\u00e9is\u00e9e \u00bb la c\u00f4te Ouest des Etats Unis durant l\u2019\u00e9t\u00e9 1967.<\/p>\n<p style=\"text-align: justify;\">Ayant v\u00e9cu enfant une ann\u00e9e \u00e0 New York, peut-\u00eatre exprime-t-il par le biais de \u00ab<strong> So Far Away From L\/A.<\/strong> \u00bb sa frustration de n\u2019avoir pu <strong>s\u2019\u00e9manciper sur les plages blondes de Los Angeles ou de San Francisco<\/strong> (?). Toujours est-il que <strong>le public est sensible \u00e0 son discours<\/strong>, la fragrance plut\u00f4t<strong> nostalgique<\/strong> du titre ravivant d\u2019\u00e9ventuels regrets quant \u00e0 des chemins de traverses pr\u00e9c\u00e9demment n\u00e9glig\u00e9s.<\/p>\n<h3>Nicolas PEYRAC &#8211; So Far Away From L.A.<\/h3>\n<div class=\"youtube-embed\" data-video_id=\"bT-RZvyBRSE\"><iframe loading=\"lazy\" title=\"Nicolas Peyrac &quot;So Far Away From L.A&quot; | Archive INA\" width=\"696\" height=\"392\" src=\"https:\/\/www.youtube.com\/embed\/bT-RZvyBRSE\" frameborder=\"0\" allow=\"accelerometer; autoplay; clipboard-write; encrypted-media; gyroscope; picture-in-picture; web-share\" referrerpolicy=\"strict-origin-when-cross-origin\" allowfullscreen><\/iframe><\/div>\n<p style=\"text-align: justify;\"><strong>Nicolas Peyrac<\/strong> \u00ab \u00e9tudiant \u00bb ayant fait m\u00e9decine, six ann\u00e9es au compteur, nous avons affaire \u00e0 <strong>un lettr\u00e9<\/strong> d\u2019o\u00f9, peut-\u00eatre, <strong>les r\u00e9f\u00e9rences tant artistiques<\/strong> (Saint germain des Pr\u00e9s) <strong>qu\u2019historiques<\/strong> (la seconde guerre mondiale) sises dans son <strong>second \u00ab carton \u00bb vinylique, \u00ab Et Mon P\u00e8re \u00bb<\/strong> (1975). Sur un <strong>air enjou\u00e9<\/strong>, outre les clins d\u2019\u0153il culturels, le texte porte \u00e9galement sur les<strong> rapports entre genres<\/strong>. Tout le monde s\u2019y retrouve : du \u00ab coup \u00bb tir\u00e9 impulsivement dans les vespasiennes aux <strong>relations sentimentales<\/strong> de type \u00ab bigorneau \u00bb : trois mois plus tard on s\u2019embrasse encore et toujours sur les joues.<\/p>\n<p><img data-recalc-dims=\"1\" loading=\"lazy\" decoding=\"async\" class=\" wp-image-17648 aligncenter\" src=\"https:\/\/i0.wp.com\/culturesco.com\/wp-content\/uploads\/2022\/09\/Nicolas-PEYRAC-Singles.jpg?resize=630%2C210&#038;ssl=1\" alt=\"Nicolas Peyrac\" width=\"630\" height=\"210\" srcset=\"https:\/\/i0.wp.com\/culturesco.com\/wp-content\/uploads\/2022\/09\/Nicolas-PEYRAC-Singles.jpg?resize=300%2C100&amp;ssl=1 300w, https:\/\/i0.wp.com\/culturesco.com\/wp-content\/uploads\/2022\/09\/Nicolas-PEYRAC-Singles.jpg?resize=768%2C256&amp;ssl=1 768w, https:\/\/i0.wp.com\/culturesco.com\/wp-content\/uploads\/2022\/09\/Nicolas-PEYRAC-Singles.jpg?resize=696%2C232&amp;ssl=1 696w, https:\/\/i0.wp.com\/culturesco.com\/wp-content\/uploads\/2022\/09\/Nicolas-PEYRAC-Singles.jpg?w=600&amp;ssl=1 600w, https:\/\/i0.wp.com\/culturesco.com\/wp-content\/uploads\/2022\/09\/Nicolas-PEYRAC-Singles.jpg?resize=180%2C60&amp;ssl=1 180w, https:\/\/i0.wp.com\/culturesco.com\/wp-content\/uploads\/2022\/09\/Nicolas-PEYRAC-Singles.jpg?resize=269%2C90&amp;ssl=1 269w\" sizes=\"auto, (max-width: 630px) 100vw, 630px\" \/><\/p>\n<p style=\"text-align: justify;\">Dernier point, <strong>le chanteur explore le temps \u00ab d\u2019avant \u00bb et de \u00ab maintenant \u00bb<\/strong> (les 70\u2019s), comparant \u00ab <strong>one hit wonder<\/strong> \u00bb et \u00ab <strong>Carri\u00e8re<\/strong> \u00bb. M\u00eame trait\u00e9 sous couvert <strong>humoristique<\/strong>, il est possible que <strong>Peyrac re\u00e7ut en retour<\/strong> quelques anath\u00e8mes et <strong>inimiti\u00e9<\/strong> de la part d\u2019un certain nombre <strong>de ses confr\u00e8res<\/strong>.<\/p>\n<h3>Et Mon P\u00e8re<\/h3>\n<p>https:\/\/www.youtube.com\/watch?v=If9_rZkK3Ys<\/p>\n<p style=\"text-align: justify;\"><strong>Proph\u00e9tie ?<\/strong> Sur un<strong> rythme de tango<\/strong>, le chanteur sort un nouveau 45-Tours \u00e0 succ\u00e8s, \u00ab <strong>Je Pars<\/strong> \u00bb (1977). Il ne pense pas si bien dire. <strong>Peu de temps apr\u00e8s<\/strong>, lorsque survient le d\u00e9c\u00e8s de la \u00ab plus belle femme du Monde \u00bb, <strong>il sombre dans la d\u00e9pression<\/strong>. Il s\u2019expatrie alors au Qu\u00e9bec o\u00f9, le temps apaisant les souffrances, <strong>il passe de la musique au roman<\/strong>. Il en r\u00e9dige <strong>quatre au total<\/strong> jusqu\u2019en 2022, tous publi\u00e9s.<\/p>\n<p style=\"text-align: justify;\">La sensation de manque devenue compatible avec la vie, Nicolas se sent \u00e0 nouveau pr\u00eat. <strong>Il revient \u00e0 la chanson<\/strong>. Malgr\u00e9 l\u2019eau \u00e9coul\u00e9e sous les ponts, son <strong>capital sympathie<\/strong> ainsi que la <strong>qualit\u00e9 de son \u00e9criture<\/strong>, tant litt\u00e9raire que musicale, lui permet de<strong> retrouver ses fans.<\/strong><\/p>\n<h3>Nicolas PEYRAC &#8211; Je Pars<\/h3>\n<div class=\"youtube-embed\" data-video_id=\"AYq4JikAsTk\"><iframe loading=\"lazy\" title=\"Nicolas Peyrac - Je pars (Le vol de nuit s&#039;en va) 1977\" width=\"696\" height=\"392\" src=\"https:\/\/www.youtube.com\/embed\/AYq4JikAsTk\" frameborder=\"0\" allow=\"accelerometer; autoplay; clipboard-write; encrypted-media; gyroscope; picture-in-picture; web-share\" referrerpolicy=\"strict-origin-when-cross-origin\" allowfullscreen><\/iframe><\/div>\n<p style=\"text-align: justify;\">Sous un visage aux traits \u00ab prononc\u00e9s \u00bb, <strong>Nicolas Peyrac<\/strong> est ce qu\u2019il est commun d\u2019appeler <strong>un artiste attachant<\/strong>. Pas de bruit, pas de frasques, une simplicit\u00e9 calquant le quotidien de \u00ab <strong>Mr tout le monde<\/strong> \u00bb.<\/p>\n<p style=\"text-align: justify;\">Dans les <strong>90\u2019s<\/strong>, apr\u00e8s diverses collaborations et projets, d\u00e8s <strong>sa \u00ab disparition \u00bb des radars<\/strong>, on avait envie de lui dire : \u00ab<strong> <em>Reviens<\/em><\/strong> \u00bb. S\u2019il en a d\u00e9cid\u00e9 autrement, apr\u00e8s nous avoir expos\u00e9 qu\u2019<strong>il ne \u00ab changerait rien \u00bb<\/strong> (2018), il est <strong>\u00e0 pr\u00e9sent de retour<\/strong>. Sachons <strong>en profiter.<\/strong><\/p>\n<h3>J&rsquo;changerais Rien<\/h3>\n<div class=\"youtube-embed\" data-video_id=\"7ywULN77CiQ\"><iframe loading=\"lazy\" title=\"J&#039;changerais rien\" width=\"696\" height=\"522\" src=\"https:\/\/www.youtube.com\/embed\/7ywULN77CiQ\" frameborder=\"0\" allow=\"accelerometer; autoplay; clipboard-write; encrypted-media; gyroscope; picture-in-picture; web-share\" referrerpolicy=\"strict-origin-when-cross-origin\" allowfullscreen><\/iframe><\/div>\n<p>Thierry Dauge<\/p>\n","protected":false},"excerpt":{"rendered":"<p>Nicolas PEYRAC &#8211; Je Pars &#8230; J&rsquo;changerais Rien Nicolas Peyrac fait partie de ces auteurs \/ compositeurs \/ interpr\u00e8tes dit \u00ab \u00e0 guitare \u00bb influenc\u00e9s par leurs glorieux a\u00een\u00e9s, les Brassens et Moustaki (B\u00e9art ?). Avant d\u2019exprimer en pleine ann\u00e9e punk son d\u00e9sir d\u2019\u00e9vasion avec le tube \u00ab Je pars \u00bb, il surgit sur les [&hellip;]<\/p>\n","protected":false},"author":3,"featured_media":17647,"comment_status":"open","ping_status":"open","sticky":false,"template":"","format":"image","meta":{"jetpack_post_was_ever_published":false,"tdm_status":"","tdm_grid_status":"","_jetpack_newsletter_access":"","_jetpack_dont_email_post_to_subs":false,"_jetpack_newsletter_tier_id":0,"_jetpack_memberships_contains_paywalled_content":false,"_jetpack_memberships_contains_paid_content":false,"footnotes":""},"categories":[17,14344],"tags":[40,12104],"class_list":{"0":"post-17646","1":"post","2":"type-post","3":"status-publish","4":"format-image","5":"has-post-thumbnail","7":"category-carotte-rock-cultures","8":"category-chanson-francaise","9":"tag-chanson-francaise","10":"tag-hommage","11":"post_format-post-format-image"},"yoast_head":"<!-- This site is optimized with the Yoast SEO plugin v27.5 - https:\/\/yoast.com\/product\/yoast-seo-wordpress\/ -->\n<title>Nicolas PEYRAC - Je Pars ... J&#039;changerais Rien - Culturesco<\/title>\n<meta name=\"description\" content=\"CulturesCo | Nicolas Peyrac, chanteur attachant, m\u00e9lodiste accompli, auteur lettr\u00e9, aura charm\u00e9 les 70&#039;s avec des singles inoubliables.\" \/>\n<meta name=\"robots\" content=\"index, follow, max-snippet:-1, max-image-preview:large, max-video-preview:-1\" \/>\n<link rel=\"canonical\" href=\"https:\/\/culturesco.com\/index.php\/2022\/09\/08\/nicolas-peyrac-je-pars-j-changerais-rien\/\" \/>\n<meta property=\"og:locale\" content=\"fr_FR\" \/>\n<meta property=\"og:type\" content=\"article\" \/>\n<meta property=\"og:title\" content=\"Nicolas PEYRAC - Je Pars ... J&#039;changerais Rien - Culturesco\" \/>\n<meta property=\"og:description\" content=\"CulturesCo | Nicolas Peyrac, chanteur attachant, m\u00e9lodiste accompli, auteur lettr\u00e9, aura charm\u00e9 les 70&#039;s avec des singles inoubliables.\" \/>\n<meta property=\"og:url\" content=\"https:\/\/culturesco.com\/index.php\/2022\/09\/08\/nicolas-peyrac-je-pars-j-changerais-rien\/\" \/>\n<meta property=\"og:site_name\" content=\"Culturesco\" \/>\n<meta property=\"article:publisher\" content=\"https:\/\/www.facebook.com\/radioculturesco\" \/>\n<meta property=\"article:published_time\" content=\"2022-09-08T18:15:30+00:00\" \/>\n<meta property=\"article:modified_time\" content=\"2022-09-09T18:20:10+00:00\" \/>\n<meta property=\"og:image\" content=\"https:\/\/culturesco.com\/wp-content\/uploads\/2022\/09\/Nicolas-Peyrac-Front.jpg\" \/>\n\t<meta property=\"og:image:width\" content=\"600\" \/>\n\t<meta property=\"og:image:height\" content=\"337\" \/>\n\t<meta property=\"og:image:type\" content=\"image\/jpeg\" \/>\n<meta name=\"author\" content=\"Thierry Dauge\" \/>\n<meta name=\"twitter:card\" content=\"summary_large_image\" \/>\n<meta name=\"twitter:creator\" content=\"@AugusteMarshal\" \/>\n<meta name=\"twitter:site\" content=\"@AugusteMarshal\" \/>\n<meta name=\"twitter:label1\" content=\"\u00c9crit par\" \/>\n\t<meta name=\"twitter:data1\" content=\"Thierry Dauge\" \/>\n\t<meta name=\"twitter:label2\" content=\"Dur\u00e9e de lecture estim\u00e9e\" \/>\n\t<meta name=\"twitter:data2\" content=\"3 minutes\" \/>\n<script type=\"application\/ld+json\" class=\"yoast-schema-graph\">{\"@context\":\"https:\\\/\\\/schema.org\",\"@graph\":[{\"@type\":\"Article\",\"@id\":\"https:\\\/\\\/culturesco.com\\\/index.php\\\/2022\\\/09\\\/08\\\/nicolas-peyrac-je-pars-j-changerais-rien\\\/#article\",\"isPartOf\":{\"@id\":\"https:\\\/\\\/culturesco.com\\\/index.php\\\/2022\\\/09\\\/08\\\/nicolas-peyrac-je-pars-j-changerais-rien\\\/\"},\"author\":{\"name\":\"Thierry Dauge\",\"@id\":\"https:\\\/\\\/culturesco.com\\\/#\\\/schema\\\/person\\\/19f04cf232d246197f6e7d62abe6cb0e\"},\"headline\":\"Nicolas PEYRAC &#8211; Je Pars &#8230; J&rsquo;changerais Rien\",\"datePublished\":\"2022-09-08T18:15:30+00:00\",\"dateModified\":\"2022-09-09T18:20:10+00:00\",\"mainEntityOfPage\":{\"@id\":\"https:\\\/\\\/culturesco.com\\\/index.php\\\/2022\\\/09\\\/08\\\/nicolas-peyrac-je-pars-j-changerais-rien\\\/\"},\"wordCount\":594,\"commentCount\":0,\"publisher\":{\"@id\":\"https:\\\/\\\/culturesco.com\\\/#organization\"},\"image\":{\"@id\":\"https:\\\/\\\/culturesco.com\\\/index.php\\\/2022\\\/09\\\/08\\\/nicolas-peyrac-je-pars-j-changerais-rien\\\/#primaryimage\"},\"thumbnailUrl\":\"https:\\\/\\\/i0.wp.com\\\/culturesco.com\\\/wp-content\\\/uploads\\\/2022\\\/09\\\/Nicolas-Peyrac-Front.jpg?fit=600%2C337&ssl=1\",\"keywords\":[\"chanson fran\u00e7aise\",\"Hommage\"],\"articleSection\":[\"Carotte Rock Cultures\",\"Chanson fran\u00e7aise\"],\"inLanguage\":\"fr-FR\",\"potentialAction\":[{\"@type\":\"CommentAction\",\"name\":\"Comment\",\"target\":[\"https:\\\/\\\/culturesco.com\\\/index.php\\\/2022\\\/09\\\/08\\\/nicolas-peyrac-je-pars-j-changerais-rien\\\/#respond\"]}]},{\"@type\":\"WebPage\",\"@id\":\"https:\\\/\\\/culturesco.com\\\/index.php\\\/2022\\\/09\\\/08\\\/nicolas-peyrac-je-pars-j-changerais-rien\\\/\",\"url\":\"https:\\\/\\\/culturesco.com\\\/index.php\\\/2022\\\/09\\\/08\\\/nicolas-peyrac-je-pars-j-changerais-rien\\\/\",\"name\":\"Nicolas PEYRAC - Je Pars ... J'changerais Rien - Culturesco\",\"isPartOf\":{\"@id\":\"https:\\\/\\\/culturesco.com\\\/#website\"},\"primaryImageOfPage\":{\"@id\":\"https:\\\/\\\/culturesco.com\\\/index.php\\\/2022\\\/09\\\/08\\\/nicolas-peyrac-je-pars-j-changerais-rien\\\/#primaryimage\"},\"image\":{\"@id\":\"https:\\\/\\\/culturesco.com\\\/index.php\\\/2022\\\/09\\\/08\\\/nicolas-peyrac-je-pars-j-changerais-rien\\\/#primaryimage\"},\"thumbnailUrl\":\"https:\\\/\\\/i0.wp.com\\\/culturesco.com\\\/wp-content\\\/uploads\\\/2022\\\/09\\\/Nicolas-Peyrac-Front.jpg?fit=600%2C337&ssl=1\",\"datePublished\":\"2022-09-08T18:15:30+00:00\",\"dateModified\":\"2022-09-09T18:20:10+00:00\",\"description\":\"CulturesCo | Nicolas Peyrac, chanteur attachant, m\u00e9lodiste accompli, auteur lettr\u00e9, aura charm\u00e9 les 70's avec des singles inoubliables.\",\"breadcrumb\":{\"@id\":\"https:\\\/\\\/culturesco.com\\\/index.php\\\/2022\\\/09\\\/08\\\/nicolas-peyrac-je-pars-j-changerais-rien\\\/#breadcrumb\"},\"inLanguage\":\"fr-FR\",\"potentialAction\":[{\"@type\":\"ReadAction\",\"target\":[\"https:\\\/\\\/culturesco.com\\\/index.php\\\/2022\\\/09\\\/08\\\/nicolas-peyrac-je-pars-j-changerais-rien\\\/\"]}]},{\"@type\":\"ImageObject\",\"inLanguage\":\"fr-FR\",\"@id\":\"https:\\\/\\\/culturesco.com\\\/index.php\\\/2022\\\/09\\\/08\\\/nicolas-peyrac-je-pars-j-changerais-rien\\\/#primaryimage\",\"url\":\"https:\\\/\\\/i0.wp.com\\\/culturesco.com\\\/wp-content\\\/uploads\\\/2022\\\/09\\\/Nicolas-Peyrac-Front.jpg?fit=600%2C337&ssl=1\",\"contentUrl\":\"https:\\\/\\\/i0.wp.com\\\/culturesco.com\\\/wp-content\\\/uploads\\\/2022\\\/09\\\/Nicolas-Peyrac-Front.jpg?fit=600%2C337&ssl=1\",\"width\":600,\"height\":337,\"caption\":\"Nicolas Peyrac\"},{\"@type\":\"BreadcrumbList\",\"@id\":\"https:\\\/\\\/culturesco.com\\\/index.php\\\/2022\\\/09\\\/08\\\/nicolas-peyrac-je-pars-j-changerais-rien\\\/#breadcrumb\",\"itemListElement\":[{\"@type\":\"ListItem\",\"position\":1,\"name\":\"Accueil\",\"item\":\"https:\\\/\\\/culturesco.com\\\/\"},{\"@type\":\"ListItem\",\"position\":2,\"name\":\"Nicolas PEYRAC &#8211; Je Pars &#8230; J&#8217;changerais Rien\"}]},{\"@type\":\"WebSite\",\"@id\":\"https:\\\/\\\/culturesco.com\\\/#website\",\"url\":\"https:\\\/\\\/culturesco.com\\\/\",\"name\":\"Culturesco\",\"description\":\"Culturesco | Un bon coup de pied dans ta Culture\",\"publisher\":{\"@id\":\"https:\\\/\\\/culturesco.com\\\/#organization\"},\"potentialAction\":[{\"@type\":\"SearchAction\",\"target\":{\"@type\":\"EntryPoint\",\"urlTemplate\":\"https:\\\/\\\/culturesco.com\\\/?s={search_term_string}\"},\"query-input\":{\"@type\":\"PropertyValueSpecification\",\"valueRequired\":true,\"valueName\":\"search_term_string\"}}],\"inLanguage\":\"fr-FR\"},{\"@type\":\"Organization\",\"@id\":\"https:\\\/\\\/culturesco.com\\\/#organization\",\"name\":\"CULTURESCO\",\"url\":\"https:\\\/\\\/culturesco.com\\\/\",\"logo\":{\"@type\":\"ImageObject\",\"inLanguage\":\"fr-FR\",\"@id\":\"https:\\\/\\\/culturesco.com\\\/#\\\/schema\\\/logo\\\/image\\\/\",\"url\":\"https:\\\/\\\/i0.wp.com\\\/culturesco.com\\\/wp-content\\\/uploads\\\/2022\\\/04\\\/culturesco-logo-blanc250p.png?fit=250%2C250&ssl=1\",\"contentUrl\":\"https:\\\/\\\/i0.wp.com\\\/culturesco.com\\\/wp-content\\\/uploads\\\/2022\\\/04\\\/culturesco-logo-blanc250p.png?fit=250%2C250&ssl=1\",\"width\":250,\"height\":250,\"caption\":\"CULTURESCO\"},\"image\":{\"@id\":\"https:\\\/\\\/culturesco.com\\\/#\\\/schema\\\/logo\\\/image\\\/\"},\"sameAs\":[\"https:\\\/\\\/www.facebook.com\\\/radioculturesco\",\"https:\\\/\\\/x.com\\\/AugusteMarshal\",\"https:\\\/\\\/www.instagram.com\\\/carotte_rock_culture\\\/\",\"https:\\\/\\\/www.pinterest.fr\\\/augustemarshal\\\/\",\"https:\\\/\\\/www.youtube.com\\\/channel\\\/UCiWLGffqWSXlNnfzp6YwwyQ\"]},{\"@type\":\"Person\",\"@id\":\"https:\\\/\\\/culturesco.com\\\/#\\\/schema\\\/person\\\/19f04cf232d246197f6e7d62abe6cb0e\",\"name\":\"Thierry Dauge\",\"image\":{\"@type\":\"ImageObject\",\"inLanguage\":\"fr-FR\",\"@id\":\"https:\\\/\\\/i0.wp.com\\\/culturesco.com\\\/wp-content\\\/uploads\\\/2018\\\/12\\\/Black-Beauty-and-me.jpg?fit=96%2C96&ssl=1\",\"url\":\"https:\\\/\\\/i0.wp.com\\\/culturesco.com\\\/wp-content\\\/uploads\\\/2018\\\/12\\\/Black-Beauty-and-me.jpg?fit=96%2C96&ssl=1\",\"contentUrl\":\"https:\\\/\\\/i0.wp.com\\\/culturesco.com\\\/wp-content\\\/uploads\\\/2018\\\/12\\\/Black-Beauty-and-me.jpg?fit=96%2C96&ssl=1\",\"caption\":\"Thierry Dauge\"},\"description\":\"Amoureux des 70\u2019s et du hard rock en particulier, Thierry Dauge est chroniqueur sur Culturesco par amour de l\u2019\u00e9criture musicale. Co-auteur du livre\\\"Pop rock - Les instruments de l'ombre\\\" aux \u00e9ditions du Camion Blanc, collaborateur de Vivi pour \\\"Mes Ann\u00e9es Trust\\\", auteur de \\\"Sparks\\\" aux \u00e9ditions du Layeur, parce que le rock est loin d'\u00eatre mort ...\",\"url\":\"https:\\\/\\\/culturesco.com\\\/index.php\\\/author\\\/thierry-dauge888\\\/\"}]}<\/script>\n<!-- \/ Yoast SEO plugin. -->","yoast_head_json":{"title":"Nicolas PEYRAC - Je Pars ... J'changerais Rien - Culturesco","description":"CulturesCo | Nicolas Peyrac, chanteur attachant, m\u00e9lodiste accompli, auteur lettr\u00e9, aura charm\u00e9 les 70's avec des singles inoubliables.","robots":{"index":"index","follow":"follow","max-snippet":"max-snippet:-1","max-image-preview":"max-image-preview:large","max-video-preview":"max-video-preview:-1"},"canonical":"https:\/\/culturesco.com\/index.php\/2022\/09\/08\/nicolas-peyrac-je-pars-j-changerais-rien\/","og_locale":"fr_FR","og_type":"article","og_title":"Nicolas PEYRAC - Je Pars ... J'changerais Rien - Culturesco","og_description":"CulturesCo | Nicolas Peyrac, chanteur attachant, m\u00e9lodiste accompli, auteur lettr\u00e9, aura charm\u00e9 les 70's avec des singles inoubliables.","og_url":"https:\/\/culturesco.com\/index.php\/2022\/09\/08\/nicolas-peyrac-je-pars-j-changerais-rien\/","og_site_name":"Culturesco","article_publisher":"https:\/\/www.facebook.com\/radioculturesco","article_published_time":"2022-09-08T18:15:30+00:00","article_modified_time":"2022-09-09T18:20:10+00:00","og_image":[{"width":600,"height":337,"url":"https:\/\/culturesco.com\/wp-content\/uploads\/2022\/09\/Nicolas-Peyrac-Front.jpg","type":"image\/jpeg"}],"author":"Thierry Dauge","twitter_card":"summary_large_image","twitter_creator":"@AugusteMarshal","twitter_site":"@AugusteMarshal","twitter_misc":{"\u00c9crit par":"Thierry Dauge","Dur\u00e9e de lecture estim\u00e9e":"3 minutes"},"schema":{"@context":"https:\/\/schema.org","@graph":[{"@type":"Article","@id":"https:\/\/culturesco.com\/index.php\/2022\/09\/08\/nicolas-peyrac-je-pars-j-changerais-rien\/#article","isPartOf":{"@id":"https:\/\/culturesco.com\/index.php\/2022\/09\/08\/nicolas-peyrac-je-pars-j-changerais-rien\/"},"author":{"name":"Thierry Dauge","@id":"https:\/\/culturesco.com\/#\/schema\/person\/19f04cf232d246197f6e7d62abe6cb0e"},"headline":"Nicolas PEYRAC &#8211; Je Pars &#8230; J&rsquo;changerais Rien","datePublished":"2022-09-08T18:15:30+00:00","dateModified":"2022-09-09T18:20:10+00:00","mainEntityOfPage":{"@id":"https:\/\/culturesco.com\/index.php\/2022\/09\/08\/nicolas-peyrac-je-pars-j-changerais-rien\/"},"wordCount":594,"commentCount":0,"publisher":{"@id":"https:\/\/culturesco.com\/#organization"},"image":{"@id":"https:\/\/culturesco.com\/index.php\/2022\/09\/08\/nicolas-peyrac-je-pars-j-changerais-rien\/#primaryimage"},"thumbnailUrl":"https:\/\/i0.wp.com\/culturesco.com\/wp-content\/uploads\/2022\/09\/Nicolas-Peyrac-Front.jpg?fit=600%2C337&ssl=1","keywords":["chanson fran\u00e7aise","Hommage"],"articleSection":["Carotte Rock Cultures","Chanson fran\u00e7aise"],"inLanguage":"fr-FR","potentialAction":[{"@type":"CommentAction","name":"Comment","target":["https:\/\/culturesco.com\/index.php\/2022\/09\/08\/nicolas-peyrac-je-pars-j-changerais-rien\/#respond"]}]},{"@type":"WebPage","@id":"https:\/\/culturesco.com\/index.php\/2022\/09\/08\/nicolas-peyrac-je-pars-j-changerais-rien\/","url":"https:\/\/culturesco.com\/index.php\/2022\/09\/08\/nicolas-peyrac-je-pars-j-changerais-rien\/","name":"Nicolas PEYRAC - Je Pars ... J'changerais Rien - Culturesco","isPartOf":{"@id":"https:\/\/culturesco.com\/#website"},"primaryImageOfPage":{"@id":"https:\/\/culturesco.com\/index.php\/2022\/09\/08\/nicolas-peyrac-je-pars-j-changerais-rien\/#primaryimage"},"image":{"@id":"https:\/\/culturesco.com\/index.php\/2022\/09\/08\/nicolas-peyrac-je-pars-j-changerais-rien\/#primaryimage"},"thumbnailUrl":"https:\/\/i0.wp.com\/culturesco.com\/wp-content\/uploads\/2022\/09\/Nicolas-Peyrac-Front.jpg?fit=600%2C337&ssl=1","datePublished":"2022-09-08T18:15:30+00:00","dateModified":"2022-09-09T18:20:10+00:00","description":"CulturesCo | Nicolas Peyrac, chanteur attachant, m\u00e9lodiste accompli, auteur lettr\u00e9, aura charm\u00e9 les 70's avec des singles inoubliables.","breadcrumb":{"@id":"https:\/\/culturesco.com\/index.php\/2022\/09\/08\/nicolas-peyrac-je-pars-j-changerais-rien\/#breadcrumb"},"inLanguage":"fr-FR","potentialAction":[{"@type":"ReadAction","target":["https:\/\/culturesco.com\/index.php\/2022\/09\/08\/nicolas-peyrac-je-pars-j-changerais-rien\/"]}]},{"@type":"ImageObject","inLanguage":"fr-FR","@id":"https:\/\/culturesco.com\/index.php\/2022\/09\/08\/nicolas-peyrac-je-pars-j-changerais-rien\/#primaryimage","url":"https:\/\/i0.wp.com\/culturesco.com\/wp-content\/uploads\/2022\/09\/Nicolas-Peyrac-Front.jpg?fit=600%2C337&ssl=1","contentUrl":"https:\/\/i0.wp.com\/culturesco.com\/wp-content\/uploads\/2022\/09\/Nicolas-Peyrac-Front.jpg?fit=600%2C337&ssl=1","width":600,"height":337,"caption":"Nicolas Peyrac"},{"@type":"BreadcrumbList","@id":"https:\/\/culturesco.com\/index.php\/2022\/09\/08\/nicolas-peyrac-je-pars-j-changerais-rien\/#breadcrumb","itemListElement":[{"@type":"ListItem","position":1,"name":"Accueil","item":"https:\/\/culturesco.com\/"},{"@type":"ListItem","position":2,"name":"Nicolas PEYRAC &#8211; Je Pars &#8230; J&#8217;changerais Rien"}]},{"@type":"WebSite","@id":"https:\/\/culturesco.com\/#website","url":"https:\/\/culturesco.com\/","name":"Culturesco","description":"Culturesco | Un bon coup de pied dans ta Culture","publisher":{"@id":"https:\/\/culturesco.com\/#organization"},"potentialAction":[{"@type":"SearchAction","target":{"@type":"EntryPoint","urlTemplate":"https:\/\/culturesco.com\/?s={search_term_string}"},"query-input":{"@type":"PropertyValueSpecification","valueRequired":true,"valueName":"search_term_string"}}],"inLanguage":"fr-FR"},{"@type":"Organization","@id":"https:\/\/culturesco.com\/#organization","name":"CULTURESCO","url":"https:\/\/culturesco.com\/","logo":{"@type":"ImageObject","inLanguage":"fr-FR","@id":"https:\/\/culturesco.com\/#\/schema\/logo\/image\/","url":"https:\/\/i0.wp.com\/culturesco.com\/wp-content\/uploads\/2022\/04\/culturesco-logo-blanc250p.png?fit=250%2C250&ssl=1","contentUrl":"https:\/\/i0.wp.com\/culturesco.com\/wp-content\/uploads\/2022\/04\/culturesco-logo-blanc250p.png?fit=250%2C250&ssl=1","width":250,"height":250,"caption":"CULTURESCO"},"image":{"@id":"https:\/\/culturesco.com\/#\/schema\/logo\/image\/"},"sameAs":["https:\/\/www.facebook.com\/radioculturesco","https:\/\/x.com\/AugusteMarshal","https:\/\/www.instagram.com\/carotte_rock_culture\/","https:\/\/www.pinterest.fr\/augustemarshal\/","https:\/\/www.youtube.com\/channel\/UCiWLGffqWSXlNnfzp6YwwyQ"]},{"@type":"Person","@id":"https:\/\/culturesco.com\/#\/schema\/person\/19f04cf232d246197f6e7d62abe6cb0e","name":"Thierry Dauge","image":{"@type":"ImageObject","inLanguage":"fr-FR","@id":"https:\/\/i0.wp.com\/culturesco.com\/wp-content\/uploads\/2018\/12\/Black-Beauty-and-me.jpg?fit=96%2C96&ssl=1","url":"https:\/\/i0.wp.com\/culturesco.com\/wp-content\/uploads\/2018\/12\/Black-Beauty-and-me.jpg?fit=96%2C96&ssl=1","contentUrl":"https:\/\/i0.wp.com\/culturesco.com\/wp-content\/uploads\/2018\/12\/Black-Beauty-and-me.jpg?fit=96%2C96&ssl=1","caption":"Thierry Dauge"},"description":"Amoureux des 70\u2019s et du hard rock en particulier, Thierry Dauge est chroniqueur sur Culturesco par amour de l\u2019\u00e9criture musicale. Co-auteur du livre\"Pop rock - Les instruments de l'ombre\" aux \u00e9ditions du Camion Blanc, collaborateur de Vivi pour \"Mes Ann\u00e9es Trust\", auteur de \"Sparks\" aux \u00e9ditions du Layeur, parce que le rock est loin d'\u00eatre mort ...","url":"https:\/\/culturesco.com\/index.php\/author\/thierry-dauge888\/"}]}},"jetpack_featured_media_url":"https:\/\/i0.wp.com\/culturesco.com\/wp-content\/uploads\/2022\/09\/Nicolas-Peyrac-Front.jpg?fit=600%2C337&ssl=1","jetpack_likes_enabled":true,"jetpack_sharing_enabled":true,"jetpack_shortlink":"https:\/\/wp.me\/paz89I-4AC","_links":{"self":[{"href":"https:\/\/culturesco.com\/index.php\/wp-json\/wp\/v2\/posts\/17646","targetHints":{"allow":["GET"]}}],"collection":[{"href":"https:\/\/culturesco.com\/index.php\/wp-json\/wp\/v2\/posts"}],"about":[{"href":"https:\/\/culturesco.com\/index.php\/wp-json\/wp\/v2\/types\/post"}],"author":[{"embeddable":true,"href":"https:\/\/culturesco.com\/index.php\/wp-json\/wp\/v2\/users\/3"}],"replies":[{"embeddable":true,"href":"https:\/\/culturesco.com\/index.php\/wp-json\/wp\/v2\/comments?post=17646"}],"version-history":[{"count":0,"href":"https:\/\/culturesco.com\/index.php\/wp-json\/wp\/v2\/posts\/17646\/revisions"}],"wp:featuredmedia":[{"embeddable":true,"href":"https:\/\/culturesco.com\/index.php\/wp-json\/wp\/v2\/media\/17647"}],"wp:attachment":[{"href":"https:\/\/culturesco.com\/index.php\/wp-json\/wp\/v2\/media?parent=17646"}],"wp:term":[{"taxonomy":"category","embeddable":true,"href":"https:\/\/culturesco.com\/index.php\/wp-json\/wp\/v2\/categories?post=17646"},{"taxonomy":"post_tag","embeddable":true,"href":"https:\/\/culturesco.com\/index.php\/wp-json\/wp\/v2\/tags?post=17646"}],"curies":[{"name":"wp","href":"https:\/\/api.w.org\/{rel}","templated":true}]}}