{"id":17586,"date":"2022-08-26T21:42:55","date_gmt":"2022-08-26T19:42:55","guid":{"rendered":"https:\/\/culturesco.com\/?p=17586"},"modified":"2022-08-26T21:42:55","modified_gmt":"2022-08-26T19:42:55","slug":"philippe-chatel-hyde-une-lyceenne-et-emilie","status":"publish","type":"post","link":"https:\/\/culturesco.com\/index.php\/2022\/08\/26\/philippe-chatel-hyde-une-lyceenne-et-emilie\/","title":{"rendered":"Philippe CHATEL &#8211; Hyde, une lyc\u00e9enne et Emilie"},"content":{"rendered":"<h2>Philippe CHATEL &#8211; Hyde, une lyc\u00e9enne et Emilie<\/h2>\n<p><img data-recalc-dims=\"1\" loading=\"lazy\" decoding=\"async\" class=\" wp-image-17587 aligncenter\" src=\"https:\/\/i0.wp.com\/culturesco.com\/wp-content\/uploads\/2022\/08\/Philippe-CHATEL-Front.jpg?resize=582%2C301&#038;ssl=1\" alt=\"Philippe Chatel\" width=\"582\" height=\"301\" srcset=\"https:\/\/i0.wp.com\/culturesco.com\/wp-content\/uploads\/2022\/08\/Philippe-CHATEL-Front.jpg?resize=300%2C155&amp;ssl=1 300w, https:\/\/i0.wp.com\/culturesco.com\/wp-content\/uploads\/2022\/08\/Philippe-CHATEL-Front.jpg?resize=768%2C396&amp;ssl=1 768w, https:\/\/i0.wp.com\/culturesco.com\/wp-content\/uploads\/2022\/08\/Philippe-CHATEL-Front.jpg?resize=696%2C359&amp;ssl=1 696w, https:\/\/i0.wp.com\/culturesco.com\/wp-content\/uploads\/2022\/08\/Philippe-CHATEL-Front.jpg?resize=1068%2C551&amp;ssl=1 1068w, https:\/\/i0.wp.com\/culturesco.com\/wp-content\/uploads\/2022\/08\/Philippe-CHATEL-Front.jpg?resize=814%2C420&amp;ssl=1 814w, https:\/\/i0.wp.com\/culturesco.com\/wp-content\/uploads\/2022\/08\/Philippe-CHATEL-Front.jpg?w=600&amp;ssl=1 600w, https:\/\/i0.wp.com\/culturesco.com\/wp-content\/uploads\/2022\/08\/Philippe-CHATEL-Front.jpg?resize=116%2C60&amp;ssl=1 116w, https:\/\/i0.wp.com\/culturesco.com\/wp-content\/uploads\/2022\/08\/Philippe-CHATEL-Front.jpg?resize=174%2C90&amp;ssl=1 174w\" sizes=\"auto, (max-width: 582px) 100vw, 582px\" \/><\/p>\n<p style=\"text-align: justify;\">En <strong>1977<\/strong>, ann\u00e9e punk s\u2019il en est, <strong>Philippe Chatel<\/strong> fait partie de ces <strong>chanteurs \u00e0 guitare acoustique<\/strong> ; folk et classique. Comme <a href=\"https:\/\/www.youtube.com\/watch?v=eE2-cv7taPo\" target=\"_blank\" rel=\"noopener\">Maxime Le forestier<\/a> avant lui,<a href=\"https:\/\/www.youtube.com\/watch?v=_7D5Bjt6Tow\" target=\"_blank\" rel=\"noopener\"> Yves Duteil<\/a> ou <a href=\"https:\/\/www.youtube.com\/watch?v=98uUxfo_eMw\" target=\"_blank\" rel=\"noopener\">Herv\u00e9 Cristiani<\/a> de la m\u00eame g\u00e9n\u00e9ration, c\u2019est un <strong>adepte de <a href=\"https:\/\/www.youtube.com\/watch?v=lQRgym8IDGM\" target=\"_blank\" rel=\"noopener\">Georges Brassens<\/a><\/strong> et de ses textes fleuris. Sa <strong>technique guitaristique<\/strong> doit beaucoup \u00e0 <strong>Marcel Dadi<\/strong>, un <strong>style de picking<\/strong> plut\u00f4t joyeux qui fonctionne \u00e9tonnamment sur des m\u00e9lodies nostalgiques plus intimistes.<\/p>\n<p style=\"text-align: justify;\">Faire \u00ab mouche \u00bb avec \u00ab<strong> J\u2019t\u2019aime bien Lili<\/strong> \u00bb alors qu\u2019une pl\u00e9iade de combos jouent sursatur\u00e9 et \u00e0 peine accord\u00e9 identifie ses choix ; <strong>un \u00ab mod\u00e8le \u00bb \u00e0 la fran\u00e7aise<\/strong>. Reconnaissons \u00e0 <strong>Philippe Chatel un talent d\u2019auteur<\/strong> dont les mots lui permettent de <strong>toucher les auditeurs au c\u0153ur<\/strong>.<\/p>\n<h3>Philippe CHATEL &#8211; J&rsquo;t&rsquo;aime Bien Lili<\/h3>\n<div class=\"youtube-embed\" data-video_id=\"6dkASYzYuro\"><iframe loading=\"lazy\" title=\"Philippe Chatel j&#039;t&#039;aime bien Lili\" width=\"696\" height=\"392\" src=\"https:\/\/www.youtube.com\/embed\/6dkASYzYuro\" frameborder=\"0\" allow=\"accelerometer; autoplay; clipboard-write; encrypted-media; gyroscope; picture-in-picture; web-share\" referrerpolicy=\"strict-origin-when-cross-origin\" allowfullscreen><\/iframe><\/div>\n<p style=\"text-align: justify;\">Le chanteur commence \u00e0 fr\u00e9quenter les ondes radios mais c\u2019est surtout avec la sortie de <strong>l\u2019album <em>Sentiments<\/em><\/strong> (1979) qu\u2019il d\u00e9passe son statut d\u2019artiste confidentiel pour parcourir les plateaux t\u00e9l\u00e9s. <strong>Le vedettariat lui ouvre ses portes<\/strong>, un coffre-fort pourtant bien gard\u00e9.<\/p>\n<p style=\"text-align: justify;\">Le disque comporte <strong>deux chansons imparables<\/strong> : \u00ab <strong>Ma Lyc\u00e9enne<\/strong> \u00bb et, surtout, \u00ab <strong>Mister Hyde<\/strong> \u00bb. Si Gainsbourg a chant\u00e9 \u00ab <a href=\"https:\/\/www.youtube.com\/watch?v=shD6L8IQIBA\" target=\"_blank\" rel=\"noopener\">Dr Jekyll et Monsieur Hyde<\/a> \u00bb (1966) avec un certain succ\u00e8s, c\u2019est bien <strong>Chatel<\/strong> qui <strong>conf\u00e8re au docteur diabolique un statut national<\/strong> en l\u2019emmenant <strong>au fa\u00eete des hit-parades<\/strong>. Sur le mod\u00e8le de \u00ab Lili \u00bb, la musique est construite \u00e0 partir d\u2019un <strong>picking de six cordes<\/strong>, dont trois en \u00ab boyau de chat \u00bb ; d\u2019intestins de mouton en fait (beurk !).<\/p>\n<h3>Mister Hyde<\/h3>\n<p>https:\/\/www.youtube.com\/watch?v=ZCX-fq9j_28<\/p>\n<p style=\"text-align: justify;\">Air enlev\u00e9, <strong>voix suave et s\u00e9ductrice<\/strong>, m\u00e9lodie addictive, <strong>la formule fonctionne<\/strong> \u00e0 merveille. <strong>L\u2019autre single<\/strong>, s\u2019il empreinte les m\u00eames codes, pr\u00e9sente <strong>un texte susceptible de soulever une pol\u00e9mique<\/strong>, surtout ces jours-ci o\u00f9 le bien penser moralisateur prime sur la raison. En <strong>1979<\/strong>, lorsque Philippe Chatel chante \u00ab Ma Lyc\u00e9enne \u00bb, il a trente et un an. Outre exposer les<strong> doutes existentiels de l\u2019adolescente<\/strong>, ses envies et ses peines, il <strong>termine son r\u00e9cit ainsi<\/strong> :<\/p>\n<h3 style=\"text-align: justify;\">\u00ab <em>Le temps qui passe me fait d\u2019la peine, mais il nous s\u00e9pare d\u00e9j\u00e0. Tes angoisses et puis les miennes viennent \u00e0 se ressembler parfois. Je te r\u00e9ponds ma lyc\u00e9enne, J\u2019aimerais \u00eatre lyc\u00e9en. Je veux quelqu\u2019un qui me comprenne, si c\u2019\u00e9tait toi, ce serait bien<\/em> \u00bb<\/h3>\n<p style=\"text-align: justify;\">\u00ab<em> Et elle a quelle \u00e2ge sa lyc\u00e9enne, hein ?!<\/em> \u00bb, susurre <strong>l\u2019irascible emmerdeur<\/strong>, avide de <strong>soulever un li\u00e8vre p\u00e9dophile<\/strong>. A la <strong>fin des 70\u2019s<\/strong>, <strong>personne n\u2019y trouve rien \u00e0 redire<\/strong> car la chanson invite \u00e0 la joliesse, tant dans le texte que dans sa partition (avec un \u00ab je ne sais quoi \u00bb des \u00ab <a href=\"https:\/\/www.youtube.com\/watch?v=5SYWl-LnevY\" target=\"_blank\" rel=\"noopener\">Divorc\u00e9s<\/a> \u00bb de Michel Delpech (1973) dans l\u2019interpr\u00e9tation).<\/p>\n<h3>Philippe CHATEL &#8211; Ma Lyc\u00e9enne<\/h3>\n<p>https:\/\/www.youtube.com\/watch?v=f0uUZgcQYi0<\/p>\n<p style=\"text-align: justify;\">Tout allant pour le mieux, il est <strong>temps pour le compositeur de passer la vitesse sup\u00e9rieure<\/strong>, d\u2019\u00e9crire ce qui lui tient \u00e0 c\u0153ur, <strong>un conte pour enfant<\/strong> destin\u00e9 \u00e0 sa fille de quatre ans. 1979 c\u00e9l\u00e8bre alors <strong><em>Emilie Jolie<\/em><\/strong>.<\/p>\n<p style=\"text-align: justify;\">Encore une fois, <strong>Chatel prend le chemin inverse \u00e0 la hype du moment<\/strong>, le disco, pour proposer <strong>un bouquet de m\u00e9lodies<\/strong>, une balade au <strong>pays de l\u2019enfance<\/strong> qui <strong>s\u00e9duit les parents.<\/strong> Lorsqu\u2019on \u00e9coute le titre le plus connu, \u00ab <strong>Chanson d\u2019Emilie et du Grand Oiseau<\/strong> \u00bb, des \u00e9toiles traversent l\u2019esprit, <strong>scintillements lumineux qui parcourent les oreilles et les yeux.<\/strong><\/p>\n<h3>Chanson d&rsquo;Emilie et du Grand Oiseau<\/h3>\n<div class=\"youtube-embed\" data-video_id=\"uxQFE1QLoQk\"><iframe loading=\"lazy\" title=\"La Chanson d&#039;Emilie et du Grand Oiseau - Julien Clerc - Emilie Jolie - 1979\" width=\"696\" height=\"522\" src=\"https:\/\/www.youtube.com\/embed\/uxQFE1QLoQk\" frameborder=\"0\" allow=\"accelerometer; autoplay; clipboard-write; encrypted-media; gyroscope; picture-in-picture; web-share\" referrerpolicy=\"strict-origin-when-cross-origin\" allowfullscreen><\/iframe><\/div>\n<p style=\"text-align: justify;\">Superbe r\u00e9ussite,<strong> le public est au rendez-vous<\/strong> d\u2019autant plus que, l\u2019ann\u00e9e suivante, le r\u00e9alisateur de t\u00e9l\u00e9vision Jean-Christophe Averty <strong>met le conte en image<\/strong>, lui permettant ainsi d\u2019\u00eatre vu et entendu par le plus grand nombre.<\/p>\n<p style=\"text-align: justify;\"><strong>Par la suite<\/strong>, versatile,<strong> le succ\u00e8s fuit Chatel<\/strong>. N\u2019en ayant cure, il a d\u00e9j\u00e0 publi\u00e9 un ouvrage sur Brassens en 1975, <strong>il r\u00e9dige un roman titr\u00e9 <em>Il Reviendra<\/em><\/strong> (1988). A l\u2019image de ceux d\u2019<a href=\"https:\/\/www.youtube.com\/watch?v=VFl-1cYQWa4\" target=\"_blank\" rel=\"noopener\">Yves Simon<\/a>, <strong>superbement \u00e9crits,<\/strong> il parvient \u00e0 s\u00e9duire la critique. Bon an, mal an, les ann\u00e9es passent jusqu\u2019\u00e0 ce<strong> jour de 2006<\/strong> o\u00f9 un <strong>accident de quad<\/strong> le plonge trois mois dans le <strong>coma<\/strong>. A son <strong>\u00e9veil<\/strong>, suivi de longs mois de r\u00e9\u00e9ducation, il reste <strong>partiellement paralys\u00e9 de la m\u00e2choire<\/strong>. Pour un chanteur \u2026 Suit n\u00e9anmoins un <strong>nouvel album en 2016<\/strong>, <strong><em>Renaissance<\/em><\/strong>.<\/p>\n<h3>Philippe CHATEL &#8211; 3h du Matin<\/h3>\n<p>https:\/\/www.youtube.com\/watch?v=MV2q_bDc-Gc<\/p>\n<p style=\"text-align: justify;\">On y retrouve cette fa\u00e7on d\u2019aborder la <strong>guitare acoustique<\/strong>, ce style qui ne le quittera jamais. Par contre, au-del\u00e0 du maniement de l\u2019instrument, <strong>en 2021<\/strong>, c\u2019est <strong>le chanteur<\/strong> lui-m\u00eame qui <strong>nous quitte<\/strong> d\u2019une <strong>\u00ab peine \u00bb de c\u0153ur<\/strong>. En hommage, depuis leurs sillons respectifs, <strong>Lili, sa lyc\u00e9enne et Emilie continuent \u00e0 faire vibrer celui des autres<\/strong>. \u00c9ternelles h\u00e9ro\u00efnes, <strong>personne n\u2019imagine qu\u2019on puisse un jour arr\u00eater de les jouer<\/strong>.<\/p>\n<p>Thierry Dauge<\/p>\n","protected":false},"excerpt":{"rendered":"<p>Philippe CHATEL &#8211; Hyde, une lyc\u00e9enne et Emilie En 1977, ann\u00e9e punk s\u2019il en est, Philippe Chatel fait partie de ces chanteurs \u00e0 guitare acoustique ; folk et classique. Comme Maxime Le forestier avant lui, Yves Duteil ou Herv\u00e9 Cristiani de la m\u00eame g\u00e9n\u00e9ration, c\u2019est un adepte de Georges Brassens et de ses textes fleuris. [&hellip;]<\/p>\n","protected":false},"author":3,"featured_media":17587,"comment_status":"open","ping_status":"open","sticky":false,"template":"","format":"image","meta":{"jetpack_post_was_ever_published":false,"tdm_status":"","tdm_grid_status":"","_jetpack_newsletter_access":"","_jetpack_dont_email_post_to_subs":false,"_jetpack_newsletter_tier_id":0,"_jetpack_memberships_contains_paywalled_content":false,"_jetpack_memberships_contains_paid_content":false,"footnotes":""},"categories":[17,14344],"tags":[40,12104],"class_list":{"0":"post-17586","1":"post","2":"type-post","3":"status-publish","4":"format-image","5":"has-post-thumbnail","7":"category-carotte-rock-cultures","8":"category-chanson-francaise","9":"tag-chanson-francaise","10":"tag-hommage","11":"post_format-post-format-image"},"yoast_head":"<!-- This site is optimized with the Yoast SEO plugin v27.5 - https:\/\/yoast.com\/product\/yoast-seo-wordpress\/ -->\n<title>Philippe CHATEL - Hyde, une lyc\u00e9enne et Emilie - Culturesco<\/title>\n<meta name=\"description\" content=\"CulturesCo | Philippe Chatel repr\u00e9sente la chanson fran\u00e7aise acoustique, les textes joliment \u00e9crits, les m\u00e9lodies : Mr Hyde, Lili, Emilie\" \/>\n<meta name=\"robots\" content=\"index, follow, max-snippet:-1, max-image-preview:large, max-video-preview:-1\" \/>\n<link rel=\"canonical\" href=\"https:\/\/culturesco.com\/index.php\/2022\/08\/26\/philippe-chatel-hyde-une-lyceenne-et-emilie\/\" \/>\n<meta property=\"og:locale\" content=\"fr_FR\" \/>\n<meta property=\"og:type\" content=\"article\" \/>\n<meta property=\"og:title\" content=\"Philippe CHATEL - Hyde, une lyc\u00e9enne et Emilie - Culturesco\" \/>\n<meta property=\"og:description\" content=\"CulturesCo | Philippe Chatel repr\u00e9sente la chanson fran\u00e7aise acoustique, les textes joliment \u00e9crits, les m\u00e9lodies : Mr Hyde, Lili, Emilie\" \/>\n<meta property=\"og:url\" content=\"https:\/\/culturesco.com\/index.php\/2022\/08\/26\/philippe-chatel-hyde-une-lyceenne-et-emilie\/\" \/>\n<meta property=\"og:site_name\" content=\"Culturesco\" \/>\n<meta property=\"article:publisher\" content=\"https:\/\/www.facebook.com\/radioculturesco\" \/>\n<meta property=\"article:published_time\" content=\"2022-08-26T19:42:55+00:00\" \/>\n<meta property=\"og:image\" content=\"https:\/\/culturesco.com\/wp-content\/uploads\/2022\/08\/Philippe-CHATEL-Front.jpg\" \/>\n\t<meta property=\"og:image:width\" content=\"600\" \/>\n\t<meta property=\"og:image:height\" content=\"310\" \/>\n\t<meta property=\"og:image:type\" content=\"image\/jpeg\" \/>\n<meta name=\"author\" content=\"Thierry Dauge\" \/>\n<meta name=\"twitter:card\" content=\"summary_large_image\" \/>\n<meta name=\"twitter:creator\" content=\"@AugusteMarshal\" \/>\n<meta name=\"twitter:site\" content=\"@AugusteMarshal\" \/>\n<meta name=\"twitter:label1\" content=\"\u00c9crit par\" \/>\n\t<meta name=\"twitter:data1\" content=\"Thierry Dauge\" \/>\n\t<meta name=\"twitter:label2\" content=\"Dur\u00e9e de lecture estim\u00e9e\" \/>\n\t<meta name=\"twitter:data2\" content=\"4 minutes\" \/>\n<script type=\"application\/ld+json\" class=\"yoast-schema-graph\">{\"@context\":\"https:\\\/\\\/schema.org\",\"@graph\":[{\"@type\":\"Article\",\"@id\":\"https:\\\/\\\/culturesco.com\\\/index.php\\\/2022\\\/08\\\/26\\\/philippe-chatel-hyde-une-lyceenne-et-emilie\\\/#article\",\"isPartOf\":{\"@id\":\"https:\\\/\\\/culturesco.com\\\/index.php\\\/2022\\\/08\\\/26\\\/philippe-chatel-hyde-une-lyceenne-et-emilie\\\/\"},\"author\":{\"name\":\"Thierry Dauge\",\"@id\":\"https:\\\/\\\/culturesco.com\\\/#\\\/schema\\\/person\\\/19f04cf232d246197f6e7d62abe6cb0e\"},\"headline\":\"Philippe CHATEL &#8211; Hyde, une lyc\u00e9enne et Emilie\",\"datePublished\":\"2022-08-26T19:42:55+00:00\",\"mainEntityOfPage\":{\"@id\":\"https:\\\/\\\/culturesco.com\\\/index.php\\\/2022\\\/08\\\/26\\\/philippe-chatel-hyde-une-lyceenne-et-emilie\\\/\"},\"wordCount\":851,\"commentCount\":0,\"publisher\":{\"@id\":\"https:\\\/\\\/culturesco.com\\\/#organization\"},\"image\":{\"@id\":\"https:\\\/\\\/culturesco.com\\\/index.php\\\/2022\\\/08\\\/26\\\/philippe-chatel-hyde-une-lyceenne-et-emilie\\\/#primaryimage\"},\"thumbnailUrl\":\"https:\\\/\\\/i0.wp.com\\\/culturesco.com\\\/wp-content\\\/uploads\\\/2022\\\/08\\\/Philippe-CHATEL-Front.jpg?fit=600%2C310&ssl=1\",\"keywords\":[\"chanson fran\u00e7aise\",\"Hommage\"],\"articleSection\":[\"Carotte Rock Cultures\",\"Chanson fran\u00e7aise\"],\"inLanguage\":\"fr-FR\",\"potentialAction\":[{\"@type\":\"CommentAction\",\"name\":\"Comment\",\"target\":[\"https:\\\/\\\/culturesco.com\\\/index.php\\\/2022\\\/08\\\/26\\\/philippe-chatel-hyde-une-lyceenne-et-emilie\\\/#respond\"]}]},{\"@type\":\"WebPage\",\"@id\":\"https:\\\/\\\/culturesco.com\\\/index.php\\\/2022\\\/08\\\/26\\\/philippe-chatel-hyde-une-lyceenne-et-emilie\\\/\",\"url\":\"https:\\\/\\\/culturesco.com\\\/index.php\\\/2022\\\/08\\\/26\\\/philippe-chatel-hyde-une-lyceenne-et-emilie\\\/\",\"name\":\"Philippe CHATEL - Hyde, une lyc\u00e9enne et Emilie - Culturesco\",\"isPartOf\":{\"@id\":\"https:\\\/\\\/culturesco.com\\\/#website\"},\"primaryImageOfPage\":{\"@id\":\"https:\\\/\\\/culturesco.com\\\/index.php\\\/2022\\\/08\\\/26\\\/philippe-chatel-hyde-une-lyceenne-et-emilie\\\/#primaryimage\"},\"image\":{\"@id\":\"https:\\\/\\\/culturesco.com\\\/index.php\\\/2022\\\/08\\\/26\\\/philippe-chatel-hyde-une-lyceenne-et-emilie\\\/#primaryimage\"},\"thumbnailUrl\":\"https:\\\/\\\/i0.wp.com\\\/culturesco.com\\\/wp-content\\\/uploads\\\/2022\\\/08\\\/Philippe-CHATEL-Front.jpg?fit=600%2C310&ssl=1\",\"datePublished\":\"2022-08-26T19:42:55+00:00\",\"description\":\"CulturesCo | Philippe Chatel repr\u00e9sente la chanson fran\u00e7aise acoustique, les textes joliment \u00e9crits, les m\u00e9lodies : Mr Hyde, Lili, Emilie\",\"breadcrumb\":{\"@id\":\"https:\\\/\\\/culturesco.com\\\/index.php\\\/2022\\\/08\\\/26\\\/philippe-chatel-hyde-une-lyceenne-et-emilie\\\/#breadcrumb\"},\"inLanguage\":\"fr-FR\",\"potentialAction\":[{\"@type\":\"ReadAction\",\"target\":[\"https:\\\/\\\/culturesco.com\\\/index.php\\\/2022\\\/08\\\/26\\\/philippe-chatel-hyde-une-lyceenne-et-emilie\\\/\"]}]},{\"@type\":\"ImageObject\",\"inLanguage\":\"fr-FR\",\"@id\":\"https:\\\/\\\/culturesco.com\\\/index.php\\\/2022\\\/08\\\/26\\\/philippe-chatel-hyde-une-lyceenne-et-emilie\\\/#primaryimage\",\"url\":\"https:\\\/\\\/i0.wp.com\\\/culturesco.com\\\/wp-content\\\/uploads\\\/2022\\\/08\\\/Philippe-CHATEL-Front.jpg?fit=600%2C310&ssl=1\",\"contentUrl\":\"https:\\\/\\\/i0.wp.com\\\/culturesco.com\\\/wp-content\\\/uploads\\\/2022\\\/08\\\/Philippe-CHATEL-Front.jpg?fit=600%2C310&ssl=1\",\"width\":600,\"height\":310,\"caption\":\"Philippe Chatel\"},{\"@type\":\"BreadcrumbList\",\"@id\":\"https:\\\/\\\/culturesco.com\\\/index.php\\\/2022\\\/08\\\/26\\\/philippe-chatel-hyde-une-lyceenne-et-emilie\\\/#breadcrumb\",\"itemListElement\":[{\"@type\":\"ListItem\",\"position\":1,\"name\":\"Accueil\",\"item\":\"https:\\\/\\\/culturesco.com\\\/\"},{\"@type\":\"ListItem\",\"position\":2,\"name\":\"Philippe CHATEL &#8211; Hyde, une lyc\u00e9enne et Emilie\"}]},{\"@type\":\"WebSite\",\"@id\":\"https:\\\/\\\/culturesco.com\\\/#website\",\"url\":\"https:\\\/\\\/culturesco.com\\\/\",\"name\":\"Culturesco\",\"description\":\"Culturesco | Un bon coup de pied dans ta Culture\",\"publisher\":{\"@id\":\"https:\\\/\\\/culturesco.com\\\/#organization\"},\"potentialAction\":[{\"@type\":\"SearchAction\",\"target\":{\"@type\":\"EntryPoint\",\"urlTemplate\":\"https:\\\/\\\/culturesco.com\\\/?s={search_term_string}\"},\"query-input\":{\"@type\":\"PropertyValueSpecification\",\"valueRequired\":true,\"valueName\":\"search_term_string\"}}],\"inLanguage\":\"fr-FR\"},{\"@type\":\"Organization\",\"@id\":\"https:\\\/\\\/culturesco.com\\\/#organization\",\"name\":\"CULTURESCO\",\"url\":\"https:\\\/\\\/culturesco.com\\\/\",\"logo\":{\"@type\":\"ImageObject\",\"inLanguage\":\"fr-FR\",\"@id\":\"https:\\\/\\\/culturesco.com\\\/#\\\/schema\\\/logo\\\/image\\\/\",\"url\":\"https:\\\/\\\/i0.wp.com\\\/culturesco.com\\\/wp-content\\\/uploads\\\/2022\\\/04\\\/culturesco-logo-blanc250p.png?fit=250%2C250&ssl=1\",\"contentUrl\":\"https:\\\/\\\/i0.wp.com\\\/culturesco.com\\\/wp-content\\\/uploads\\\/2022\\\/04\\\/culturesco-logo-blanc250p.png?fit=250%2C250&ssl=1\",\"width\":250,\"height\":250,\"caption\":\"CULTURESCO\"},\"image\":{\"@id\":\"https:\\\/\\\/culturesco.com\\\/#\\\/schema\\\/logo\\\/image\\\/\"},\"sameAs\":[\"https:\\\/\\\/www.facebook.com\\\/radioculturesco\",\"https:\\\/\\\/x.com\\\/AugusteMarshal\",\"https:\\\/\\\/www.instagram.com\\\/carotte_rock_culture\\\/\",\"https:\\\/\\\/www.pinterest.fr\\\/augustemarshal\\\/\",\"https:\\\/\\\/www.youtube.com\\\/channel\\\/UCiWLGffqWSXlNnfzp6YwwyQ\"]},{\"@type\":\"Person\",\"@id\":\"https:\\\/\\\/culturesco.com\\\/#\\\/schema\\\/person\\\/19f04cf232d246197f6e7d62abe6cb0e\",\"name\":\"Thierry Dauge\",\"image\":{\"@type\":\"ImageObject\",\"inLanguage\":\"fr-FR\",\"@id\":\"https:\\\/\\\/i0.wp.com\\\/culturesco.com\\\/wp-content\\\/uploads\\\/2018\\\/12\\\/Black-Beauty-and-me.jpg?fit=96%2C96&ssl=1\",\"url\":\"https:\\\/\\\/i0.wp.com\\\/culturesco.com\\\/wp-content\\\/uploads\\\/2018\\\/12\\\/Black-Beauty-and-me.jpg?fit=96%2C96&ssl=1\",\"contentUrl\":\"https:\\\/\\\/i0.wp.com\\\/culturesco.com\\\/wp-content\\\/uploads\\\/2018\\\/12\\\/Black-Beauty-and-me.jpg?fit=96%2C96&ssl=1\",\"caption\":\"Thierry Dauge\"},\"description\":\"Amoureux des 70\u2019s et du hard rock en particulier, Thierry Dauge est chroniqueur sur Culturesco par amour de l\u2019\u00e9criture musicale. Co-auteur du livre\\\"Pop rock - Les instruments de l'ombre\\\" aux \u00e9ditions du Camion Blanc, collaborateur de Vivi pour \\\"Mes Ann\u00e9es Trust\\\", auteur de \\\"Sparks\\\" aux \u00e9ditions du Layeur, parce que le rock est loin d'\u00eatre mort ...\",\"url\":\"https:\\\/\\\/culturesco.com\\\/index.php\\\/author\\\/thierry-dauge888\\\/\"}]}<\/script>\n<!-- \/ Yoast SEO plugin. -->","yoast_head_json":{"title":"Philippe CHATEL - Hyde, une lyc\u00e9enne et Emilie - Culturesco","description":"CulturesCo | Philippe Chatel repr\u00e9sente la chanson fran\u00e7aise acoustique, les textes joliment \u00e9crits, les m\u00e9lodies : Mr Hyde, Lili, Emilie","robots":{"index":"index","follow":"follow","max-snippet":"max-snippet:-1","max-image-preview":"max-image-preview:large","max-video-preview":"max-video-preview:-1"},"canonical":"https:\/\/culturesco.com\/index.php\/2022\/08\/26\/philippe-chatel-hyde-une-lyceenne-et-emilie\/","og_locale":"fr_FR","og_type":"article","og_title":"Philippe CHATEL - Hyde, une lyc\u00e9enne et Emilie - Culturesco","og_description":"CulturesCo | Philippe Chatel repr\u00e9sente la chanson fran\u00e7aise acoustique, les textes joliment \u00e9crits, les m\u00e9lodies : Mr Hyde, Lili, Emilie","og_url":"https:\/\/culturesco.com\/index.php\/2022\/08\/26\/philippe-chatel-hyde-une-lyceenne-et-emilie\/","og_site_name":"Culturesco","article_publisher":"https:\/\/www.facebook.com\/radioculturesco","article_published_time":"2022-08-26T19:42:55+00:00","og_image":[{"width":600,"height":310,"url":"https:\/\/culturesco.com\/wp-content\/uploads\/2022\/08\/Philippe-CHATEL-Front.jpg","type":"image\/jpeg"}],"author":"Thierry Dauge","twitter_card":"summary_large_image","twitter_creator":"@AugusteMarshal","twitter_site":"@AugusteMarshal","twitter_misc":{"\u00c9crit par":"Thierry Dauge","Dur\u00e9e de lecture estim\u00e9e":"4 minutes"},"schema":{"@context":"https:\/\/schema.org","@graph":[{"@type":"Article","@id":"https:\/\/culturesco.com\/index.php\/2022\/08\/26\/philippe-chatel-hyde-une-lyceenne-et-emilie\/#article","isPartOf":{"@id":"https:\/\/culturesco.com\/index.php\/2022\/08\/26\/philippe-chatel-hyde-une-lyceenne-et-emilie\/"},"author":{"name":"Thierry Dauge","@id":"https:\/\/culturesco.com\/#\/schema\/person\/19f04cf232d246197f6e7d62abe6cb0e"},"headline":"Philippe CHATEL &#8211; Hyde, une lyc\u00e9enne et Emilie","datePublished":"2022-08-26T19:42:55+00:00","mainEntityOfPage":{"@id":"https:\/\/culturesco.com\/index.php\/2022\/08\/26\/philippe-chatel-hyde-une-lyceenne-et-emilie\/"},"wordCount":851,"commentCount":0,"publisher":{"@id":"https:\/\/culturesco.com\/#organization"},"image":{"@id":"https:\/\/culturesco.com\/index.php\/2022\/08\/26\/philippe-chatel-hyde-une-lyceenne-et-emilie\/#primaryimage"},"thumbnailUrl":"https:\/\/i0.wp.com\/culturesco.com\/wp-content\/uploads\/2022\/08\/Philippe-CHATEL-Front.jpg?fit=600%2C310&ssl=1","keywords":["chanson fran\u00e7aise","Hommage"],"articleSection":["Carotte Rock Cultures","Chanson fran\u00e7aise"],"inLanguage":"fr-FR","potentialAction":[{"@type":"CommentAction","name":"Comment","target":["https:\/\/culturesco.com\/index.php\/2022\/08\/26\/philippe-chatel-hyde-une-lyceenne-et-emilie\/#respond"]}]},{"@type":"WebPage","@id":"https:\/\/culturesco.com\/index.php\/2022\/08\/26\/philippe-chatel-hyde-une-lyceenne-et-emilie\/","url":"https:\/\/culturesco.com\/index.php\/2022\/08\/26\/philippe-chatel-hyde-une-lyceenne-et-emilie\/","name":"Philippe CHATEL - Hyde, une lyc\u00e9enne et Emilie - Culturesco","isPartOf":{"@id":"https:\/\/culturesco.com\/#website"},"primaryImageOfPage":{"@id":"https:\/\/culturesco.com\/index.php\/2022\/08\/26\/philippe-chatel-hyde-une-lyceenne-et-emilie\/#primaryimage"},"image":{"@id":"https:\/\/culturesco.com\/index.php\/2022\/08\/26\/philippe-chatel-hyde-une-lyceenne-et-emilie\/#primaryimage"},"thumbnailUrl":"https:\/\/i0.wp.com\/culturesco.com\/wp-content\/uploads\/2022\/08\/Philippe-CHATEL-Front.jpg?fit=600%2C310&ssl=1","datePublished":"2022-08-26T19:42:55+00:00","description":"CulturesCo | Philippe Chatel repr\u00e9sente la chanson fran\u00e7aise acoustique, les textes joliment \u00e9crits, les m\u00e9lodies : Mr Hyde, Lili, Emilie","breadcrumb":{"@id":"https:\/\/culturesco.com\/index.php\/2022\/08\/26\/philippe-chatel-hyde-une-lyceenne-et-emilie\/#breadcrumb"},"inLanguage":"fr-FR","potentialAction":[{"@type":"ReadAction","target":["https:\/\/culturesco.com\/index.php\/2022\/08\/26\/philippe-chatel-hyde-une-lyceenne-et-emilie\/"]}]},{"@type":"ImageObject","inLanguage":"fr-FR","@id":"https:\/\/culturesco.com\/index.php\/2022\/08\/26\/philippe-chatel-hyde-une-lyceenne-et-emilie\/#primaryimage","url":"https:\/\/i0.wp.com\/culturesco.com\/wp-content\/uploads\/2022\/08\/Philippe-CHATEL-Front.jpg?fit=600%2C310&ssl=1","contentUrl":"https:\/\/i0.wp.com\/culturesco.com\/wp-content\/uploads\/2022\/08\/Philippe-CHATEL-Front.jpg?fit=600%2C310&ssl=1","width":600,"height":310,"caption":"Philippe Chatel"},{"@type":"BreadcrumbList","@id":"https:\/\/culturesco.com\/index.php\/2022\/08\/26\/philippe-chatel-hyde-une-lyceenne-et-emilie\/#breadcrumb","itemListElement":[{"@type":"ListItem","position":1,"name":"Accueil","item":"https:\/\/culturesco.com\/"},{"@type":"ListItem","position":2,"name":"Philippe CHATEL &#8211; Hyde, une lyc\u00e9enne et Emilie"}]},{"@type":"WebSite","@id":"https:\/\/culturesco.com\/#website","url":"https:\/\/culturesco.com\/","name":"Culturesco","description":"Culturesco | Un bon coup de pied dans ta Culture","publisher":{"@id":"https:\/\/culturesco.com\/#organization"},"potentialAction":[{"@type":"SearchAction","target":{"@type":"EntryPoint","urlTemplate":"https:\/\/culturesco.com\/?s={search_term_string}"},"query-input":{"@type":"PropertyValueSpecification","valueRequired":true,"valueName":"search_term_string"}}],"inLanguage":"fr-FR"},{"@type":"Organization","@id":"https:\/\/culturesco.com\/#organization","name":"CULTURESCO","url":"https:\/\/culturesco.com\/","logo":{"@type":"ImageObject","inLanguage":"fr-FR","@id":"https:\/\/culturesco.com\/#\/schema\/logo\/image\/","url":"https:\/\/i0.wp.com\/culturesco.com\/wp-content\/uploads\/2022\/04\/culturesco-logo-blanc250p.png?fit=250%2C250&ssl=1","contentUrl":"https:\/\/i0.wp.com\/culturesco.com\/wp-content\/uploads\/2022\/04\/culturesco-logo-blanc250p.png?fit=250%2C250&ssl=1","width":250,"height":250,"caption":"CULTURESCO"},"image":{"@id":"https:\/\/culturesco.com\/#\/schema\/logo\/image\/"},"sameAs":["https:\/\/www.facebook.com\/radioculturesco","https:\/\/x.com\/AugusteMarshal","https:\/\/www.instagram.com\/carotte_rock_culture\/","https:\/\/www.pinterest.fr\/augustemarshal\/","https:\/\/www.youtube.com\/channel\/UCiWLGffqWSXlNnfzp6YwwyQ"]},{"@type":"Person","@id":"https:\/\/culturesco.com\/#\/schema\/person\/19f04cf232d246197f6e7d62abe6cb0e","name":"Thierry Dauge","image":{"@type":"ImageObject","inLanguage":"fr-FR","@id":"https:\/\/i0.wp.com\/culturesco.com\/wp-content\/uploads\/2018\/12\/Black-Beauty-and-me.jpg?fit=96%2C96&ssl=1","url":"https:\/\/i0.wp.com\/culturesco.com\/wp-content\/uploads\/2018\/12\/Black-Beauty-and-me.jpg?fit=96%2C96&ssl=1","contentUrl":"https:\/\/i0.wp.com\/culturesco.com\/wp-content\/uploads\/2018\/12\/Black-Beauty-and-me.jpg?fit=96%2C96&ssl=1","caption":"Thierry Dauge"},"description":"Amoureux des 70\u2019s et du hard rock en particulier, Thierry Dauge est chroniqueur sur Culturesco par amour de l\u2019\u00e9criture musicale. Co-auteur du livre\"Pop rock - Les instruments de l'ombre\" aux \u00e9ditions du Camion Blanc, collaborateur de Vivi pour \"Mes Ann\u00e9es Trust\", auteur de \"Sparks\" aux \u00e9ditions du Layeur, parce que le rock est loin d'\u00eatre mort ...","url":"https:\/\/culturesco.com\/index.php\/author\/thierry-dauge888\/"}]}},"jetpack_featured_media_url":"https:\/\/i0.wp.com\/culturesco.com\/wp-content\/uploads\/2022\/08\/Philippe-CHATEL-Front.jpg?fit=600%2C310&ssl=1","jetpack_likes_enabled":true,"jetpack_sharing_enabled":true,"jetpack_shortlink":"https:\/\/wp.me\/paz89I-4zE","_links":{"self":[{"href":"https:\/\/culturesco.com\/index.php\/wp-json\/wp\/v2\/posts\/17586","targetHints":{"allow":["GET"]}}],"collection":[{"href":"https:\/\/culturesco.com\/index.php\/wp-json\/wp\/v2\/posts"}],"about":[{"href":"https:\/\/culturesco.com\/index.php\/wp-json\/wp\/v2\/types\/post"}],"author":[{"embeddable":true,"href":"https:\/\/culturesco.com\/index.php\/wp-json\/wp\/v2\/users\/3"}],"replies":[{"embeddable":true,"href":"https:\/\/culturesco.com\/index.php\/wp-json\/wp\/v2\/comments?post=17586"}],"version-history":[{"count":0,"href":"https:\/\/culturesco.com\/index.php\/wp-json\/wp\/v2\/posts\/17586\/revisions"}],"wp:featuredmedia":[{"embeddable":true,"href":"https:\/\/culturesco.com\/index.php\/wp-json\/wp\/v2\/media\/17587"}],"wp:attachment":[{"href":"https:\/\/culturesco.com\/index.php\/wp-json\/wp\/v2\/media?parent=17586"}],"wp:term":[{"taxonomy":"category","embeddable":true,"href":"https:\/\/culturesco.com\/index.php\/wp-json\/wp\/v2\/categories?post=17586"},{"taxonomy":"post_tag","embeddable":true,"href":"https:\/\/culturesco.com\/index.php\/wp-json\/wp\/v2\/tags?post=17586"}],"curies":[{"name":"wp","href":"https:\/\/api.w.org\/{rel}","templated":true}]}}