{"id":17566,"date":"2022-08-25T02:39:43","date_gmt":"2022-08-25T00:39:43","guid":{"rendered":"https:\/\/culturesco.com\/?p=17566"},"modified":"2022-08-25T14:59:38","modified_gmt":"2022-08-25T12:59:38","slug":"jerome-miniere-la-melodie-le-fleuve-et-la-nuit","status":"publish","type":"post","link":"https:\/\/culturesco.com\/index.php\/2022\/08\/25\/jerome-miniere-la-melodie-le-fleuve-et-la-nuit\/","title":{"rendered":"J\u00e9r\u00f4me Mini\u00e8re &#8211; La M\u00e9lodie, Le Fleuve et La Nuit"},"content":{"rendered":"<h2 style=\"text-align: justify;\">Une Pop Lin\u00e9aire Int\u00e9rieure<\/h2>\n<figure id=\"attachment_17567\" aria-describedby=\"caption-attachment-17567\" style=\"width: 297px\" class=\"wp-caption aligncenter\"><img data-recalc-dims=\"1\" loading=\"lazy\" decoding=\"async\" class=\"size-medium wp-image-17567\" src=\"https:\/\/i0.wp.com\/culturesco.com\/wp-content\/uploads\/2022\/08\/Jerome-Miniere.jpeg?resize=297%2C300&#038;ssl=1\" alt=\"J\u00e9r\u00f4me Mini\u00e8re - La M\u00e9lodie, Le Fleuve &amp; La Nuit\" width=\"297\" height=\"300\" srcset=\"https:\/\/i0.wp.com\/culturesco.com\/wp-content\/uploads\/2022\/08\/Jerome-Miniere.jpeg?resize=297%2C300&amp;ssl=1 297w, https:\/\/i0.wp.com\/culturesco.com\/wp-content\/uploads\/2022\/08\/Jerome-Miniere.jpeg?resize=621%2C627&amp;ssl=1 621w, https:\/\/i0.wp.com\/culturesco.com\/wp-content\/uploads\/2022\/08\/Jerome-Miniere.jpeg?resize=768%2C775&amp;ssl=1 768w, https:\/\/i0.wp.com\/culturesco.com\/wp-content\/uploads\/2022\/08\/Jerome-Miniere.jpeg?resize=696%2C702&amp;ssl=1 696w, https:\/\/i0.wp.com\/culturesco.com\/wp-content\/uploads\/2022\/08\/Jerome-Miniere.jpeg?resize=1068%2C1078&amp;ssl=1 1068w, https:\/\/i0.wp.com\/culturesco.com\/wp-content\/uploads\/2022\/08\/Jerome-Miniere.jpeg?resize=416%2C420&amp;ssl=1 416w, https:\/\/i0.wp.com\/culturesco.com\/wp-content\/uploads\/2022\/08\/Jerome-Miniere.jpeg?resize=600%2C605&amp;ssl=1 600w, https:\/\/i0.wp.com\/culturesco.com\/wp-content\/uploads\/2022\/08\/Jerome-Miniere.jpeg?resize=100%2C100&amp;ssl=1 100w, https:\/\/i0.wp.com\/culturesco.com\/wp-content\/uploads\/2022\/08\/Jerome-Miniere.jpeg?resize=50%2C50&amp;ssl=1 50w, https:\/\/i0.wp.com\/culturesco.com\/wp-content\/uploads\/2022\/08\/Jerome-Miniere.jpeg?resize=59%2C60&amp;ssl=1 59w, https:\/\/i0.wp.com\/culturesco.com\/wp-content\/uploads\/2022\/08\/Jerome-Miniere.jpeg?resize=89%2C90&amp;ssl=1 89w, https:\/\/i0.wp.com\/culturesco.com\/wp-content\/uploads\/2022\/08\/Jerome-Miniere.jpeg?w=595&amp;ssl=1 595w\" sizes=\"auto, (max-width: 297px) 100vw, 297px\" \/><figcaption id=\"caption-attachment-17567\" class=\"wp-caption-text\">J\u00e9r\u00f4me Mini\u00e8re &#8211; La M\u00e9lodie, Le Fleuve &amp; La Nuit<\/figcaption><\/figure>\n<h3 style=\"text-align: justify;\">Nostalgie Aigre Douce<\/h3>\n<p style=\"text-align: justify;\">Un bien joli titre que ce douzi\u00e8me album de <strong>J\u00e9r\u00f4me Mini\u00e8re<\/strong>. Ce c\u00f4t\u00e9 po\u00e9tique qui caract\u00e9rise certains auteurs de la chanson fran\u00e7aise r\u00e9cente. <em><strong>La M\u00e9lodie, Le Fleuve &amp; La Nuit<\/strong><\/em> est extrait de <em><strong>D\u00e9tour<\/strong><\/em>, deuxi\u00e8me morceau qui met l&rsquo;ambiance d&rsquo;une pop lin\u00e9aire int\u00e9rieure du <strong>franco-qu\u00e9b\u00e9cois<\/strong>.<\/p>\n<h3><em>J\u00e9r\u00f4me Mini\u00e8re &#8211; Le Son Du Temps Qui Nous D\u00e9passe (clip officiel)<\/em><\/h3>\n<div class=\"youtube-embed\" data-video_id=\"AteRi9GZXDc\"><iframe loading=\"lazy\" title=\"J\u00e9r\u00f4me Mini\u00e8re - Le son du temps qui nous d\u00e9passe - clip officiel\" width=\"696\" height=\"392\" src=\"https:\/\/www.youtube.com\/embed\/AteRi9GZXDc\" frameborder=\"0\" allow=\"accelerometer; autoplay; clipboard-write; encrypted-media; gyroscope; picture-in-picture; web-share\" referrerpolicy=\"strict-origin-when-cross-origin\" allowfullscreen><\/iframe><\/div>\n<p style=\"text-align: justify;\">D&rsquo;habitude, il aime \u00eatre seul pour mieux se recentrer. Ici, il parvient \u00e0 s&rsquo;entourer de quelques musiciens tr\u00e8s int\u00e9ressants. <strong>Guido Del Fabbro<\/strong> aux cordes, un habitu\u00e9, <strong>Joseph Marchand Mihalcean<\/strong> \u00e0 la guitare \u00e9lectrique et <strong>Jos\u00e9 Major<\/strong>, le batteur, formant l&rsquo;ossature du groupe. Mais il a des rempla\u00e7ants de luxe, si on peut dire, comme <strong>Pierre Girard<\/strong> au son et surtout <strong>Albin De La Simone<\/strong> aux claviers.<\/p>\n<h3><em>J\u00e9r\u00f4me Mini\u00e8re &#8211; Nuit Am\u00e9ricaine (clip officiel)<\/em><\/h3>\n<div class=\"youtube-embed\" data-video_id=\"mxX8zh7yDAw\"><iframe loading=\"lazy\" title=\"J\u00e9r\u00f4me Mini\u00e8re - Nuit Am\u00e9ricaine (avec NGABO) - clip officiel\" width=\"696\" height=\"392\" src=\"https:\/\/www.youtube.com\/embed\/mxX8zh7yDAw\" frameborder=\"0\" allow=\"accelerometer; autoplay; clipboard-write; encrypted-media; gyroscope; picture-in-picture; web-share\" referrerpolicy=\"strict-origin-when-cross-origin\" allowfullscreen><\/iframe><\/div>\n<p style=\"text-align: justify;\">A partir de l\u00e0 <strong>J\u00e9r\u00f4me<\/strong> peut d\u00e9rouler ses <strong>chansons aigres douces<\/strong> o\u00f9 l<strong>a nostalgie<\/strong> reste souvent pr\u00e9sente. Des titres comme, <em><strong>Le Son Du Temps Qui Nous D\u00e9passe<\/strong><\/em> fait r\u00e9f\u00e9rence \u00e0 la musique,\u00a0<em><strong>Nuit Am\u00e9ricaine<\/strong><\/em>\u00a0\u00e9gr\u00e8ne ses films pr\u00e9f\u00e9r\u00e9s dont on partage volontiers certains. <em><strong>Simple Comme Bonjour<\/strong><\/em>, en forme d&rsquo;\u00e9lectro-folk, \u00e9voque son adolescence et <em><strong>Le Singe Musicien<\/strong> <\/em>refait surface apr\u00e8s avoir \u00e9tait d\u00e9laiss\u00e9 sur son premier opus, tout en changeant la m\u00e9lodie.<\/p>\n<p style=\"text-align: justify;\"><strong>Au final, il offre une panoplie l\u00e9g\u00e8re, d\u00e9licate et p\u00e9trie de belles intentions.<\/strong><\/p>\n<p style=\"text-align: justify;\"><strong>J\u00e9r\u00f4me Mini\u00e8re &#8211; La M\u00e9lodie, Le Fleuve &amp; La Nuit<\/strong><\/p>\n<p style=\"text-align: justify;\">Objet Disque \/ Kuroneko<\/p>\n<p style=\"text-align: justify;\"><em>sortie le 26 ao\u00fbt 2022<\/em><\/p>\n<p style=\"text-align: justify;\"><strong>Patrick B\u00e9nard<\/strong><\/p>\n","protected":false},"excerpt":{"rendered":"<p>Une Pop Lin\u00e9aire Int\u00e9rieure Nostalgie Aigre Douce Un bien joli titre que ce douzi\u00e8me album de J\u00e9r\u00f4me Mini\u00e8re. Ce c\u00f4t\u00e9 po\u00e9tique qui caract\u00e9rise certains auteurs de la chanson fran\u00e7aise r\u00e9cente. La M\u00e9lodie, Le Fleuve &amp; La Nuit est extrait de D\u00e9tour, deuxi\u00e8me morceau qui met l&rsquo;ambiance d&rsquo;une pop lin\u00e9aire int\u00e9rieure du franco-qu\u00e9b\u00e9cois. J\u00e9r\u00f4me Mini\u00e8re &#8211; [&hellip;]<\/p>\n","protected":false},"author":4,"featured_media":17567,"comment_status":"open","ping_status":"open","sticky":false,"template":"","format":"image","meta":{"jetpack_post_was_ever_published":false,"tdm_status":"","tdm_grid_status":"","_jetpack_newsletter_access":"","_jetpack_dont_email_post_to_subs":false,"_jetpack_newsletter_tier_id":0,"_jetpack_memberships_contains_paywalled_content":false,"_jetpack_memberships_contains_paid_content":false,"footnotes":""},"categories":[17],"tags":[72,4171,12296],"class_list":{"0":"post-17566","1":"post","2":"type-post","3":"status-publish","4":"format-image","5":"has-post-thumbnail","7":"category-carotte-rock-cultures","8":"tag-artiste-folk","9":"tag-pop-culture","10":"tag-pop-rock","11":"post_format-post-format-image"},"yoast_head":"<!-- This site is optimized with the Yoast SEO plugin v27.5 - https:\/\/yoast.com\/product\/yoast-seo-wordpress\/ -->\n<title>J\u00e9r\u00f4me Mini\u00e8re - La M\u00e9lodie, Le Fleuve et La Nuit - Culturesco<\/title>\n<meta name=\"description\" content=\"CulturesCo | J\u00e9r\u00f4me Mini\u00e8re - La M\u00e9lodie, Le Fleuve et La Nuit, titre extrait de D\u00e9tour, l&#039;ambiance d&#039;une pop lin\u00e9aire int\u00e9rieure\" \/>\n<meta name=\"robots\" content=\"index, follow, max-snippet:-1, max-image-preview:large, max-video-preview:-1\" \/>\n<link rel=\"canonical\" href=\"https:\/\/culturesco.com\/index.php\/2022\/08\/25\/jerome-miniere-la-melodie-le-fleuve-et-la-nuit\/\" \/>\n<meta property=\"og:locale\" content=\"fr_FR\" \/>\n<meta property=\"og:type\" content=\"article\" \/>\n<meta property=\"og:title\" content=\"J\u00e9r\u00f4me Mini\u00e8re - La M\u00e9lodie, Le Fleuve et La Nuit - Culturesco\" \/>\n<meta property=\"og:description\" content=\"CulturesCo | J\u00e9r\u00f4me Mini\u00e8re - La M\u00e9lodie, Le Fleuve et La Nuit, titre extrait de D\u00e9tour, l&#039;ambiance d&#039;une pop lin\u00e9aire int\u00e9rieure\" \/>\n<meta property=\"og:url\" content=\"https:\/\/culturesco.com\/index.php\/2022\/08\/25\/jerome-miniere-la-melodie-le-fleuve-et-la-nuit\/\" \/>\n<meta property=\"og:site_name\" content=\"Culturesco\" \/>\n<meta property=\"article:publisher\" content=\"https:\/\/www.facebook.com\/radioculturesco\" \/>\n<meta property=\"article:published_time\" content=\"2022-08-25T00:39:43+00:00\" \/>\n<meta property=\"article:modified_time\" content=\"2022-08-25T12:59:38+00:00\" \/>\n<meta property=\"og:image\" content=\"https:\/\/culturesco.com\/wp-content\/uploads\/2022\/08\/Jerome-Miniere.jpeg\" \/>\n\t<meta property=\"og:image:width\" content=\"595\" \/>\n\t<meta property=\"og:image:height\" content=\"600\" \/>\n\t<meta property=\"og:image:type\" content=\"image\/jpeg\" \/>\n<meta name=\"author\" content=\"Patrick Benard\" \/>\n<meta name=\"twitter:card\" content=\"summary_large_image\" \/>\n<meta name=\"twitter:creator\" content=\"@AugusteMarshal\" \/>\n<meta name=\"twitter:site\" content=\"@AugusteMarshal\" \/>\n<meta name=\"twitter:label1\" content=\"\u00c9crit par\" \/>\n\t<meta name=\"twitter:data1\" content=\"Patrick Benard\" \/>\n\t<meta name=\"twitter:label2\" content=\"Dur\u00e9e de lecture estim\u00e9e\" \/>\n\t<meta name=\"twitter:data2\" content=\"2 minutes\" \/>\n<script type=\"application\/ld+json\" class=\"yoast-schema-graph\">{\"@context\":\"https:\\\/\\\/schema.org\",\"@graph\":[{\"@type\":\"Article\",\"@id\":\"https:\\\/\\\/culturesco.com\\\/index.php\\\/2022\\\/08\\\/25\\\/jerome-miniere-la-melodie-le-fleuve-et-la-nuit\\\/#article\",\"isPartOf\":{\"@id\":\"https:\\\/\\\/culturesco.com\\\/index.php\\\/2022\\\/08\\\/25\\\/jerome-miniere-la-melodie-le-fleuve-et-la-nuit\\\/\"},\"author\":{\"name\":\"Patrick Benard\",\"@id\":\"https:\\\/\\\/culturesco.com\\\/#\\\/schema\\\/person\\\/c2ddd6724863f3bbd20a8278df0891f3\"},\"headline\":\"J\u00e9r\u00f4me Mini\u00e8re &#8211; La M\u00e9lodie, Le Fleuve et La Nuit\",\"datePublished\":\"2022-08-25T00:39:43+00:00\",\"dateModified\":\"2022-08-25T12:59:38+00:00\",\"mainEntityOfPage\":{\"@id\":\"https:\\\/\\\/culturesco.com\\\/index.php\\\/2022\\\/08\\\/25\\\/jerome-miniere-la-melodie-le-fleuve-et-la-nuit\\\/\"},\"wordCount\":348,\"commentCount\":0,\"publisher\":{\"@id\":\"https:\\\/\\\/culturesco.com\\\/#organization\"},\"image\":{\"@id\":\"https:\\\/\\\/culturesco.com\\\/index.php\\\/2022\\\/08\\\/25\\\/jerome-miniere-la-melodie-le-fleuve-et-la-nuit\\\/#primaryimage\"},\"thumbnailUrl\":\"https:\\\/\\\/i0.wp.com\\\/culturesco.com\\\/wp-content\\\/uploads\\\/2022\\\/08\\\/Jerome-Miniere.jpeg?fit=595%2C600&ssl=1\",\"keywords\":[\"Artiste Folk\",\"Pop culture\",\"pop rock\"],\"articleSection\":[\"Carotte Rock Cultures\"],\"inLanguage\":\"fr-FR\",\"potentialAction\":[{\"@type\":\"CommentAction\",\"name\":\"Comment\",\"target\":[\"https:\\\/\\\/culturesco.com\\\/index.php\\\/2022\\\/08\\\/25\\\/jerome-miniere-la-melodie-le-fleuve-et-la-nuit\\\/#respond\"]}]},{\"@type\":\"WebPage\",\"@id\":\"https:\\\/\\\/culturesco.com\\\/index.php\\\/2022\\\/08\\\/25\\\/jerome-miniere-la-melodie-le-fleuve-et-la-nuit\\\/\",\"url\":\"https:\\\/\\\/culturesco.com\\\/index.php\\\/2022\\\/08\\\/25\\\/jerome-miniere-la-melodie-le-fleuve-et-la-nuit\\\/\",\"name\":\"J\u00e9r\u00f4me Mini\u00e8re - La M\u00e9lodie, Le Fleuve et La Nuit - Culturesco\",\"isPartOf\":{\"@id\":\"https:\\\/\\\/culturesco.com\\\/#website\"},\"primaryImageOfPage\":{\"@id\":\"https:\\\/\\\/culturesco.com\\\/index.php\\\/2022\\\/08\\\/25\\\/jerome-miniere-la-melodie-le-fleuve-et-la-nuit\\\/#primaryimage\"},\"image\":{\"@id\":\"https:\\\/\\\/culturesco.com\\\/index.php\\\/2022\\\/08\\\/25\\\/jerome-miniere-la-melodie-le-fleuve-et-la-nuit\\\/#primaryimage\"},\"thumbnailUrl\":\"https:\\\/\\\/i0.wp.com\\\/culturesco.com\\\/wp-content\\\/uploads\\\/2022\\\/08\\\/Jerome-Miniere.jpeg?fit=595%2C600&ssl=1\",\"datePublished\":\"2022-08-25T00:39:43+00:00\",\"dateModified\":\"2022-08-25T12:59:38+00:00\",\"description\":\"CulturesCo | J\u00e9r\u00f4me Mini\u00e8re - La M\u00e9lodie, Le Fleuve et La Nuit, titre extrait de D\u00e9tour, l'ambiance d'une pop lin\u00e9aire int\u00e9rieure\",\"breadcrumb\":{\"@id\":\"https:\\\/\\\/culturesco.com\\\/index.php\\\/2022\\\/08\\\/25\\\/jerome-miniere-la-melodie-le-fleuve-et-la-nuit\\\/#breadcrumb\"},\"inLanguage\":\"fr-FR\",\"potentialAction\":[{\"@type\":\"ReadAction\",\"target\":[\"https:\\\/\\\/culturesco.com\\\/index.php\\\/2022\\\/08\\\/25\\\/jerome-miniere-la-melodie-le-fleuve-et-la-nuit\\\/\"]}]},{\"@type\":\"ImageObject\",\"inLanguage\":\"fr-FR\",\"@id\":\"https:\\\/\\\/culturesco.com\\\/index.php\\\/2022\\\/08\\\/25\\\/jerome-miniere-la-melodie-le-fleuve-et-la-nuit\\\/#primaryimage\",\"url\":\"https:\\\/\\\/i0.wp.com\\\/culturesco.com\\\/wp-content\\\/uploads\\\/2022\\\/08\\\/Jerome-Miniere.jpeg?fit=595%2C600&ssl=1\",\"contentUrl\":\"https:\\\/\\\/i0.wp.com\\\/culturesco.com\\\/wp-content\\\/uploads\\\/2022\\\/08\\\/Jerome-Miniere.jpeg?fit=595%2C600&ssl=1\",\"width\":595,\"height\":600,\"caption\":\"J\u00e9r\u00f4me Mini\u00e8re - La M\u00e9lodie, Le Fleuve &amp; La Nuit\"},{\"@type\":\"BreadcrumbList\",\"@id\":\"https:\\\/\\\/culturesco.com\\\/index.php\\\/2022\\\/08\\\/25\\\/jerome-miniere-la-melodie-le-fleuve-et-la-nuit\\\/#breadcrumb\",\"itemListElement\":[{\"@type\":\"ListItem\",\"position\":1,\"name\":\"Accueil\",\"item\":\"https:\\\/\\\/culturesco.com\\\/\"},{\"@type\":\"ListItem\",\"position\":2,\"name\":\"J\u00e9r\u00f4me Mini\u00e8re &#8211; La M\u00e9lodie, Le Fleuve et La Nuit\"}]},{\"@type\":\"WebSite\",\"@id\":\"https:\\\/\\\/culturesco.com\\\/#website\",\"url\":\"https:\\\/\\\/culturesco.com\\\/\",\"name\":\"Culturesco\",\"description\":\"Culturesco | Un bon coup de pied dans ta Culture\",\"publisher\":{\"@id\":\"https:\\\/\\\/culturesco.com\\\/#organization\"},\"potentialAction\":[{\"@type\":\"SearchAction\",\"target\":{\"@type\":\"EntryPoint\",\"urlTemplate\":\"https:\\\/\\\/culturesco.com\\\/?s={search_term_string}\"},\"query-input\":{\"@type\":\"PropertyValueSpecification\",\"valueRequired\":true,\"valueName\":\"search_term_string\"}}],\"inLanguage\":\"fr-FR\"},{\"@type\":\"Organization\",\"@id\":\"https:\\\/\\\/culturesco.com\\\/#organization\",\"name\":\"CULTURESCO\",\"url\":\"https:\\\/\\\/culturesco.com\\\/\",\"logo\":{\"@type\":\"ImageObject\",\"inLanguage\":\"fr-FR\",\"@id\":\"https:\\\/\\\/culturesco.com\\\/#\\\/schema\\\/logo\\\/image\\\/\",\"url\":\"https:\\\/\\\/i0.wp.com\\\/culturesco.com\\\/wp-content\\\/uploads\\\/2022\\\/04\\\/culturesco-logo-blanc250p.png?fit=250%2C250&ssl=1\",\"contentUrl\":\"https:\\\/\\\/i0.wp.com\\\/culturesco.com\\\/wp-content\\\/uploads\\\/2022\\\/04\\\/culturesco-logo-blanc250p.png?fit=250%2C250&ssl=1\",\"width\":250,\"height\":250,\"caption\":\"CULTURESCO\"},\"image\":{\"@id\":\"https:\\\/\\\/culturesco.com\\\/#\\\/schema\\\/logo\\\/image\\\/\"},\"sameAs\":[\"https:\\\/\\\/www.facebook.com\\\/radioculturesco\",\"https:\\\/\\\/x.com\\\/AugusteMarshal\",\"https:\\\/\\\/www.instagram.com\\\/carotte_rock_culture\\\/\",\"https:\\\/\\\/www.pinterest.fr\\\/augustemarshal\\\/\",\"https:\\\/\\\/www.youtube.com\\\/channel\\\/UCiWLGffqWSXlNnfzp6YwwyQ\"]},{\"@type\":\"Person\",\"@id\":\"https:\\\/\\\/culturesco.com\\\/#\\\/schema\\\/person\\\/c2ddd6724863f3bbd20a8278df0891f3\",\"name\":\"Patrick Benard\",\"image\":{\"@type\":\"ImageObject\",\"inLanguage\":\"fr-FR\",\"@id\":\"https:\\\/\\\/i0.wp.com\\\/culturesco.com\\\/wp-content\\\/uploads\\\/2019\\\/02\\\/patrick-benard-2.jpg?fit=90%2C96&ssl=1\",\"url\":\"https:\\\/\\\/i0.wp.com\\\/culturesco.com\\\/wp-content\\\/uploads\\\/2019\\\/02\\\/patrick-benard-2.jpg?fit=90%2C96&ssl=1\",\"contentUrl\":\"https:\\\/\\\/i0.wp.com\\\/culturesco.com\\\/wp-content\\\/uploads\\\/2019\\\/02\\\/patrick-benard-2.jpg?fit=90%2C96&ssl=1\",\"caption\":\"Patrick Benard\"},\"description\":\"Ecrivain, chroniqueur, animateur radio, cr\u00e9ateur de la revue \u00ab Cin\u00e9manie \u00bb, autour du cin\u00e9ma dit d\u2019art et d\u2019essai, sp\u00e9cialiste du groupe The Cure, archiviste... 2020 : \\\"Le Post Rock\\\" essai sur le post rock de Mogwa\u00ef \u00e0 Godspeed You Black Emperor - Camion Blanc 2014 : \u00ab On the rocks \u2013le rock de 2007 \u00e0 2014 \u00bb chroniques livres et cd rocks, interviews \u2013Editions Vaillant 2010 : \u00ab Dans la T\u00eate de Robert Smith \u00bb, roman fiction autour de l\u2019histoire des Cure et de Robert Smith \u2013 Edilivres 2007 : \u00ab Chroniques Fr\u00e9n\u00e9tiques, une histoire intime du rock \u00bb, roman, prix Technikart. 2001 : \u00ab Les Iles du D\u00e9sert \u00bb, polar autour du rock \u2013 Editions Nykta\",\"url\":\"https:\\\/\\\/culturesco.com\\\/index.php\\\/author\\\/patrick-benard89\\\/\"}]}<\/script>\n<!-- \/ Yoast SEO plugin. -->","yoast_head_json":{"title":"J\u00e9r\u00f4me Mini\u00e8re - La M\u00e9lodie, Le Fleuve et La Nuit - Culturesco","description":"CulturesCo | J\u00e9r\u00f4me Mini\u00e8re - La M\u00e9lodie, Le Fleuve et La Nuit, titre extrait de D\u00e9tour, l'ambiance d'une pop lin\u00e9aire int\u00e9rieure","robots":{"index":"index","follow":"follow","max-snippet":"max-snippet:-1","max-image-preview":"max-image-preview:large","max-video-preview":"max-video-preview:-1"},"canonical":"https:\/\/culturesco.com\/index.php\/2022\/08\/25\/jerome-miniere-la-melodie-le-fleuve-et-la-nuit\/","og_locale":"fr_FR","og_type":"article","og_title":"J\u00e9r\u00f4me Mini\u00e8re - La M\u00e9lodie, Le Fleuve et La Nuit - Culturesco","og_description":"CulturesCo | J\u00e9r\u00f4me Mini\u00e8re - La M\u00e9lodie, Le Fleuve et La Nuit, titre extrait de D\u00e9tour, l'ambiance d'une pop lin\u00e9aire int\u00e9rieure","og_url":"https:\/\/culturesco.com\/index.php\/2022\/08\/25\/jerome-miniere-la-melodie-le-fleuve-et-la-nuit\/","og_site_name":"Culturesco","article_publisher":"https:\/\/www.facebook.com\/radioculturesco","article_published_time":"2022-08-25T00:39:43+00:00","article_modified_time":"2022-08-25T12:59:38+00:00","og_image":[{"width":595,"height":600,"url":"https:\/\/culturesco.com\/wp-content\/uploads\/2022\/08\/Jerome-Miniere.jpeg","type":"image\/jpeg"}],"author":"Patrick Benard","twitter_card":"summary_large_image","twitter_creator":"@AugusteMarshal","twitter_site":"@AugusteMarshal","twitter_misc":{"\u00c9crit par":"Patrick Benard","Dur\u00e9e de lecture estim\u00e9e":"2 minutes"},"schema":{"@context":"https:\/\/schema.org","@graph":[{"@type":"Article","@id":"https:\/\/culturesco.com\/index.php\/2022\/08\/25\/jerome-miniere-la-melodie-le-fleuve-et-la-nuit\/#article","isPartOf":{"@id":"https:\/\/culturesco.com\/index.php\/2022\/08\/25\/jerome-miniere-la-melodie-le-fleuve-et-la-nuit\/"},"author":{"name":"Patrick Benard","@id":"https:\/\/culturesco.com\/#\/schema\/person\/c2ddd6724863f3bbd20a8278df0891f3"},"headline":"J\u00e9r\u00f4me Mini\u00e8re &#8211; La M\u00e9lodie, Le Fleuve et La Nuit","datePublished":"2022-08-25T00:39:43+00:00","dateModified":"2022-08-25T12:59:38+00:00","mainEntityOfPage":{"@id":"https:\/\/culturesco.com\/index.php\/2022\/08\/25\/jerome-miniere-la-melodie-le-fleuve-et-la-nuit\/"},"wordCount":348,"commentCount":0,"publisher":{"@id":"https:\/\/culturesco.com\/#organization"},"image":{"@id":"https:\/\/culturesco.com\/index.php\/2022\/08\/25\/jerome-miniere-la-melodie-le-fleuve-et-la-nuit\/#primaryimage"},"thumbnailUrl":"https:\/\/i0.wp.com\/culturesco.com\/wp-content\/uploads\/2022\/08\/Jerome-Miniere.jpeg?fit=595%2C600&ssl=1","keywords":["Artiste Folk","Pop culture","pop rock"],"articleSection":["Carotte Rock Cultures"],"inLanguage":"fr-FR","potentialAction":[{"@type":"CommentAction","name":"Comment","target":["https:\/\/culturesco.com\/index.php\/2022\/08\/25\/jerome-miniere-la-melodie-le-fleuve-et-la-nuit\/#respond"]}]},{"@type":"WebPage","@id":"https:\/\/culturesco.com\/index.php\/2022\/08\/25\/jerome-miniere-la-melodie-le-fleuve-et-la-nuit\/","url":"https:\/\/culturesco.com\/index.php\/2022\/08\/25\/jerome-miniere-la-melodie-le-fleuve-et-la-nuit\/","name":"J\u00e9r\u00f4me Mini\u00e8re - La M\u00e9lodie, Le Fleuve et La Nuit - Culturesco","isPartOf":{"@id":"https:\/\/culturesco.com\/#website"},"primaryImageOfPage":{"@id":"https:\/\/culturesco.com\/index.php\/2022\/08\/25\/jerome-miniere-la-melodie-le-fleuve-et-la-nuit\/#primaryimage"},"image":{"@id":"https:\/\/culturesco.com\/index.php\/2022\/08\/25\/jerome-miniere-la-melodie-le-fleuve-et-la-nuit\/#primaryimage"},"thumbnailUrl":"https:\/\/i0.wp.com\/culturesco.com\/wp-content\/uploads\/2022\/08\/Jerome-Miniere.jpeg?fit=595%2C600&ssl=1","datePublished":"2022-08-25T00:39:43+00:00","dateModified":"2022-08-25T12:59:38+00:00","description":"CulturesCo | J\u00e9r\u00f4me Mini\u00e8re - La M\u00e9lodie, Le Fleuve et La Nuit, titre extrait de D\u00e9tour, l'ambiance d'une pop lin\u00e9aire int\u00e9rieure","breadcrumb":{"@id":"https:\/\/culturesco.com\/index.php\/2022\/08\/25\/jerome-miniere-la-melodie-le-fleuve-et-la-nuit\/#breadcrumb"},"inLanguage":"fr-FR","potentialAction":[{"@type":"ReadAction","target":["https:\/\/culturesco.com\/index.php\/2022\/08\/25\/jerome-miniere-la-melodie-le-fleuve-et-la-nuit\/"]}]},{"@type":"ImageObject","inLanguage":"fr-FR","@id":"https:\/\/culturesco.com\/index.php\/2022\/08\/25\/jerome-miniere-la-melodie-le-fleuve-et-la-nuit\/#primaryimage","url":"https:\/\/i0.wp.com\/culturesco.com\/wp-content\/uploads\/2022\/08\/Jerome-Miniere.jpeg?fit=595%2C600&ssl=1","contentUrl":"https:\/\/i0.wp.com\/culturesco.com\/wp-content\/uploads\/2022\/08\/Jerome-Miniere.jpeg?fit=595%2C600&ssl=1","width":595,"height":600,"caption":"J\u00e9r\u00f4me Mini\u00e8re - La M\u00e9lodie, Le Fleuve &amp; La Nuit"},{"@type":"BreadcrumbList","@id":"https:\/\/culturesco.com\/index.php\/2022\/08\/25\/jerome-miniere-la-melodie-le-fleuve-et-la-nuit\/#breadcrumb","itemListElement":[{"@type":"ListItem","position":1,"name":"Accueil","item":"https:\/\/culturesco.com\/"},{"@type":"ListItem","position":2,"name":"J\u00e9r\u00f4me Mini\u00e8re &#8211; La M\u00e9lodie, Le Fleuve et La Nuit"}]},{"@type":"WebSite","@id":"https:\/\/culturesco.com\/#website","url":"https:\/\/culturesco.com\/","name":"Culturesco","description":"Culturesco | Un bon coup de pied dans ta Culture","publisher":{"@id":"https:\/\/culturesco.com\/#organization"},"potentialAction":[{"@type":"SearchAction","target":{"@type":"EntryPoint","urlTemplate":"https:\/\/culturesco.com\/?s={search_term_string}"},"query-input":{"@type":"PropertyValueSpecification","valueRequired":true,"valueName":"search_term_string"}}],"inLanguage":"fr-FR"},{"@type":"Organization","@id":"https:\/\/culturesco.com\/#organization","name":"CULTURESCO","url":"https:\/\/culturesco.com\/","logo":{"@type":"ImageObject","inLanguage":"fr-FR","@id":"https:\/\/culturesco.com\/#\/schema\/logo\/image\/","url":"https:\/\/i0.wp.com\/culturesco.com\/wp-content\/uploads\/2022\/04\/culturesco-logo-blanc250p.png?fit=250%2C250&ssl=1","contentUrl":"https:\/\/i0.wp.com\/culturesco.com\/wp-content\/uploads\/2022\/04\/culturesco-logo-blanc250p.png?fit=250%2C250&ssl=1","width":250,"height":250,"caption":"CULTURESCO"},"image":{"@id":"https:\/\/culturesco.com\/#\/schema\/logo\/image\/"},"sameAs":["https:\/\/www.facebook.com\/radioculturesco","https:\/\/x.com\/AugusteMarshal","https:\/\/www.instagram.com\/carotte_rock_culture\/","https:\/\/www.pinterest.fr\/augustemarshal\/","https:\/\/www.youtube.com\/channel\/UCiWLGffqWSXlNnfzp6YwwyQ"]},{"@type":"Person","@id":"https:\/\/culturesco.com\/#\/schema\/person\/c2ddd6724863f3bbd20a8278df0891f3","name":"Patrick Benard","image":{"@type":"ImageObject","inLanguage":"fr-FR","@id":"https:\/\/i0.wp.com\/culturesco.com\/wp-content\/uploads\/2019\/02\/patrick-benard-2.jpg?fit=90%2C96&ssl=1","url":"https:\/\/i0.wp.com\/culturesco.com\/wp-content\/uploads\/2019\/02\/patrick-benard-2.jpg?fit=90%2C96&ssl=1","contentUrl":"https:\/\/i0.wp.com\/culturesco.com\/wp-content\/uploads\/2019\/02\/patrick-benard-2.jpg?fit=90%2C96&ssl=1","caption":"Patrick Benard"},"description":"Ecrivain, chroniqueur, animateur radio, cr\u00e9ateur de la revue \u00ab Cin\u00e9manie \u00bb, autour du cin\u00e9ma dit d\u2019art et d\u2019essai, sp\u00e9cialiste du groupe The Cure, archiviste... 2020 : \"Le Post Rock\" essai sur le post rock de Mogwa\u00ef \u00e0 Godspeed You Black Emperor - Camion Blanc 2014 : \u00ab On the rocks \u2013le rock de 2007 \u00e0 2014 \u00bb chroniques livres et cd rocks, interviews \u2013Editions Vaillant 2010 : \u00ab Dans la T\u00eate de Robert Smith \u00bb, roman fiction autour de l\u2019histoire des Cure et de Robert Smith \u2013 Edilivres 2007 : \u00ab Chroniques Fr\u00e9n\u00e9tiques, une histoire intime du rock \u00bb, roman, prix Technikart. 2001 : \u00ab Les Iles du D\u00e9sert \u00bb, polar autour du rock \u2013 Editions Nykta","url":"https:\/\/culturesco.com\/index.php\/author\/patrick-benard89\/"}]}},"jetpack_featured_media_url":"https:\/\/i0.wp.com\/culturesco.com\/wp-content\/uploads\/2022\/08\/Jerome-Miniere.jpeg?fit=595%2C600&ssl=1","jetpack_likes_enabled":true,"jetpack_sharing_enabled":true,"jetpack_shortlink":"https:\/\/wp.me\/paz89I-4zk","_links":{"self":[{"href":"https:\/\/culturesco.com\/index.php\/wp-json\/wp\/v2\/posts\/17566","targetHints":{"allow":["GET"]}}],"collection":[{"href":"https:\/\/culturesco.com\/index.php\/wp-json\/wp\/v2\/posts"}],"about":[{"href":"https:\/\/culturesco.com\/index.php\/wp-json\/wp\/v2\/types\/post"}],"author":[{"embeddable":true,"href":"https:\/\/culturesco.com\/index.php\/wp-json\/wp\/v2\/users\/4"}],"replies":[{"embeddable":true,"href":"https:\/\/culturesco.com\/index.php\/wp-json\/wp\/v2\/comments?post=17566"}],"version-history":[{"count":0,"href":"https:\/\/culturesco.com\/index.php\/wp-json\/wp\/v2\/posts\/17566\/revisions"}],"wp:featuredmedia":[{"embeddable":true,"href":"https:\/\/culturesco.com\/index.php\/wp-json\/wp\/v2\/media\/17567"}],"wp:attachment":[{"href":"https:\/\/culturesco.com\/index.php\/wp-json\/wp\/v2\/media?parent=17566"}],"wp:term":[{"taxonomy":"category","embeddable":true,"href":"https:\/\/culturesco.com\/index.php\/wp-json\/wp\/v2\/categories?post=17566"},{"taxonomy":"post_tag","embeddable":true,"href":"https:\/\/culturesco.com\/index.php\/wp-json\/wp\/v2\/tags?post=17566"}],"curies":[{"name":"wp","href":"https:\/\/api.w.org\/{rel}","templated":true}]}}