{"id":17505,"date":"2022-08-19T02:28:00","date_gmt":"2022-08-19T00:28:00","guid":{"rendered":"https:\/\/culturesco.com\/?p=17505"},"modified":"2022-08-20T01:20:26","modified_gmt":"2022-08-19T23:20:26","slug":"yann-tiersen-avant-la-chute-ep","status":"publish","type":"post","link":"https:\/\/culturesco.com\/index.php\/2022\/08\/19\/yann-tiersen-avant-la-chute-ep\/","title":{"rendered":"Yann Tiersen \u2013 Avant la Chute (EP)"},"content":{"rendered":"<h2 style=\"text-align: justify\">25 ans d&rsquo;Ici et D&rsquo;Ailleurs<\/h2>\n<figure id=\"attachment_17506\" aria-describedby=\"caption-attachment-17506\" style=\"width: 300px\" class=\"wp-caption aligncenter\"><img data-recalc-dims=\"1\" loading=\"lazy\" decoding=\"async\" class=\"size-medium wp-image-17506\" src=\"https:\/\/i0.wp.com\/culturesco.com\/wp-content\/uploads\/2022\/08\/Yann-Tiersen-EP-300x300.jpeg?resize=300%2C300&#038;ssl=1\" alt=\"Yann Tiersen EP\" width=\"300\" height=\"300\" srcset=\"https:\/\/i0.wp.com\/culturesco.com\/wp-content\/uploads\/2022\/08\/Yann-Tiersen-EP.jpeg?resize=300%2C300&amp;ssl=1 300w, https:\/\/i0.wp.com\/culturesco.com\/wp-content\/uploads\/2022\/08\/Yann-Tiersen-EP.jpeg?resize=627%2C627&amp;ssl=1 627w, https:\/\/i0.wp.com\/culturesco.com\/wp-content\/uploads\/2022\/08\/Yann-Tiersen-EP.jpeg?resize=150%2C150&amp;ssl=1 150w, https:\/\/i0.wp.com\/culturesco.com\/wp-content\/uploads\/2022\/08\/Yann-Tiersen-EP.jpeg?resize=768%2C768&amp;ssl=1 768w, https:\/\/i0.wp.com\/culturesco.com\/wp-content\/uploads\/2022\/08\/Yann-Tiersen-EP.jpeg?resize=1536%2C1536&amp;ssl=1 1536w, https:\/\/i0.wp.com\/culturesco.com\/wp-content\/uploads\/2022\/08\/Yann-Tiersen-EP.jpeg?resize=2048%2C2048&amp;ssl=1 2048w, https:\/\/i0.wp.com\/culturesco.com\/wp-content\/uploads\/2022\/08\/Yann-Tiersen-EP.jpeg?resize=696%2C696&amp;ssl=1 696w, https:\/\/i0.wp.com\/culturesco.com\/wp-content\/uploads\/2022\/08\/Yann-Tiersen-EP.jpeg?resize=1068%2C1068&amp;ssl=1 1068w, https:\/\/i0.wp.com\/culturesco.com\/wp-content\/uploads\/2022\/08\/Yann-Tiersen-EP.jpeg?resize=420%2C420&amp;ssl=1 420w, https:\/\/i0.wp.com\/culturesco.com\/wp-content\/uploads\/2022\/08\/Yann-Tiersen-EP.jpeg?w=600&amp;ssl=1 600w, https:\/\/i0.wp.com\/culturesco.com\/wp-content\/uploads\/2022\/08\/Yann-Tiersen-EP.jpeg?resize=100%2C100&amp;ssl=1 100w, https:\/\/i0.wp.com\/culturesco.com\/wp-content\/uploads\/2022\/08\/Yann-Tiersen-EP.jpeg?resize=50%2C50&amp;ssl=1 50w, https:\/\/i0.wp.com\/culturesco.com\/wp-content\/uploads\/2022\/08\/Yann-Tiersen-EP.jpeg?resize=60%2C60&amp;ssl=1 60w, https:\/\/i0.wp.com\/culturesco.com\/wp-content\/uploads\/2022\/08\/Yann-Tiersen-EP.jpeg?resize=90%2C90&amp;ssl=1 90w\" sizes=\"auto, (max-width: 300px) 100vw, 300px\" \/><figcaption id=\"caption-attachment-17506\" class=\"wp-caption-text\">Yann Tiersen EP<\/figcaption><\/figure>\n<h3 style=\"text-align: justify\">En Version Rare<\/h3>\n<p style=\"text-align: justify\">Faisons court mais bref. Afin de f\u00eater <strong>le quart de\u00a0si\u00e8cle\u00a0du label<em> Ici D&rsquo;Ailleurs<\/em><\/strong>, <strong>Yann Tiersen<\/strong> qui fut la premi\u00e8re signature propose six titres dont trois raret\u00e9s. Ca vaut bien quelques lignes rien que pour cela.<\/p>\n<h3><em>Yann Tiersen &#8211; Le Quartier<\/em><\/h3>\n<div class=\"youtube-embed\" data-video_id=\"TXs1dXipbKE\"><iframe loading=\"lazy\" title=\"Yann Tiersen-La Quartier\" width=\"696\" height=\"392\" src=\"https:\/\/www.youtube.com\/embed\/TXs1dXipbKE\" frameborder=\"0\" allow=\"accelerometer; autoplay; clipboard-write; encrypted-media; gyroscope; picture-in-picture; web-share\" referrerpolicy=\"strict-origin-when-cross-origin\" allowfullscreen><\/iframe><\/div>\n<p style=\"text-align: justify\">Outre <span style=\"font-size: 12pt;font-family: verdana, geneva, sans-serif\"><strong><em><span style=\"color: #202020\">Soir de F\u00eate<\/span><\/em><\/strong><span style=\"color: #202020\">,\u00a0<\/span><strong><em><span style=\"color: #202020\">Le Quartier<\/span><\/em><\/strong><span style=\"color: #202020\">\u00a0<\/span><span style=\"color: #202020\">et\u00a0<\/span><strong><em><span style=\"color: #202020\">La Rupture <\/span><\/em><\/strong><span style=\"color: #202020\">sortis sur ses deux premiers albums, il offre <\/span><strong><span style=\"color: #202020\">Avant qu&rsquo;ils n&rsquo;arrivent <\/span><\/strong><span style=\"color: #202020\">(issu d&rsquo;un 45 tours en bonus avec le 2\u00e8me album)<\/span><em><span style=\"color: #202020\">,\u00a0<\/span><\/em><strong><em><span style=\"color: #202020\"><i>La vie r\u00eav\u00e9e<\/i><\/span><\/em><em><span style=\"color: #202020\">\u00a0<\/span><\/em><\/strong><span style=\"color: #202020\">compos\u00e9 pour la BO de\u00a0<\/span><em><span style=\"color: #202020\">La vie r\u00eav\u00e9e des anges\u00a0<\/span><\/em><span style=\"color: #202020\">mais absent du film,<\/span><em><span style=\"color: #202020\"> et\u00a0<\/span><\/em><strong><span style=\"color: #202020\">Avant la chute\u00a0<\/span><\/strong><span style=\"color: #202020\">pr\u00e9sent uniquement sur une compilation hors commerce datant de 1997&#8230;<\/span><\/span><\/p>\n<h3><em>Yann Tiersen &#8211; Avant La Chute (1997)<\/em><\/h3>\n<div class=\"youtube-embed\" data-video_id=\"L3fBQYhLnPA\"><iframe loading=\"lazy\" title=\"Yann Tiersen - Avant La Chute (Version Studio)\" width=\"696\" height=\"392\" src=\"https:\/\/www.youtube.com\/embed\/L3fBQYhLnPA\" frameborder=\"0\" allow=\"accelerometer; autoplay; clipboard-write; encrypted-media; gyroscope; picture-in-picture; web-share\" referrerpolicy=\"strict-origin-when-cross-origin\" allowfullscreen><\/iframe><\/div>\n<p style=\"text-align: justify\"><span style=\"font-family: verdana, geneva, sans-serif;font-size: 12pt\"><span style=\"color: #202020\">Rappelons que le label est toujours en bonne place sur notre site gr\u00e2ce \u00e0 la qualit\u00e9 des artistes qu&rsquo;il propose. Au hasard\u00a0: <strong>Matt Elliott<\/strong>, <strong>Chapelier Fou<\/strong>, <strong>Mendelson<\/strong>, <strong>Gontard<\/strong>, <strong>Stranded Horse<\/strong>, <strong>Mi\u00ebt<\/strong>, etc. <\/span><\/span><\/p>\n<p style=\"text-align: justify\"><span style=\"font-family: verdana, geneva, sans-serif;font-size: 12pt\"><span style=\"color: #202020\">Avoir vingt ans \u00e7a se f\u00eate dignement. Voil\u00e0 qui est fait. A signaler que <strong>ce cadeau n&rsquo;est disponible qu&rsquo;en num\u00e9rique et en vinyle.<\/strong><\/span><\/span><\/p>\n<p style=\"text-align: justify\"><strong>Yann Tiersen \u2013 Avant la Chute (EP)<\/strong><\/p>\n<p style=\"text-align: justify\">Ici D&rsquo;Ailleurs \/ L&rsquo;Autre Distribution<\/p>\n<p style=\"text-align: justify\"><strong>Patrick B\u00e9nard<\/strong><\/p>\n","protected":false},"excerpt":{"rendered":"<p>25 ans d&rsquo;Ici et D&rsquo;Ailleurs En Version Rare Faisons court mais bref. Afin de f\u00eater le quart de\u00a0si\u00e8cle\u00a0du label Ici D&rsquo;Ailleurs, Yann Tiersen qui fut la premi\u00e8re signature propose six titres dont trois raret\u00e9s. Ca vaut bien quelques lignes rien que pour cela. Yann Tiersen &#8211; Le Quartier Outre Soir de F\u00eate,\u00a0Le Quartier\u00a0et\u00a0La Rupture sortis [&hellip;]<\/p>\n","protected":false},"author":4,"featured_media":17506,"comment_status":"open","ping_status":"open","sticky":false,"template":"","format":"image","meta":{"jetpack_post_was_ever_published":false,"tdm_status":"","tdm_grid_status":"","_jetpack_newsletter_access":"","_jetpack_dont_email_post_to_subs":false,"_jetpack_newsletter_tier_id":0,"_jetpack_memberships_contains_paywalled_content":false,"_jetpack_memberships_contains_paid_content":false,"footnotes":""},"categories":[17,14344],"tags":[40,14349,51],"class_list":{"0":"post-17505","1":"post","2":"type-post","3":"status-publish","4":"format-image","5":"has-post-thumbnail","7":"category-carotte-rock-cultures","8":"category-chanson-francaise","9":"tag-chanson-francaise","10":"tag-personnalite-chanson-francaise","11":"tag-rock-francais","12":"post_format-post-format-image"},"yoast_head":"<!-- This site is optimized with the Yoast SEO plugin v27.5 - https:\/\/yoast.com\/product\/yoast-seo-wordpress\/ -->\n<title>Yann Tiersen \u2013 Avant la Chute (EP) - Culturesco<\/title>\n<meta name=\"description\" content=\"CulturesCo | Un bon coup de pied dans ta Culture | Chroniques et histoire du Rock, chanson fran\u00e7aise, litt\u00e9rature, cin\u00e9ma et bande dessin\u00e9e.\" \/>\n<meta name=\"robots\" content=\"index, follow, max-snippet:-1, max-image-preview:large, max-video-preview:-1\" \/>\n<link rel=\"canonical\" href=\"https:\/\/culturesco.com\/index.php\/2022\/08\/19\/yann-tiersen-avant-la-chute-ep\/\" \/>\n<meta property=\"og:locale\" content=\"fr_FR\" \/>\n<meta property=\"og:type\" content=\"article\" \/>\n<meta property=\"og:title\" content=\"Yann Tiersen \u2013 Avant la Chute (EP) - Culturesco\" \/>\n<meta property=\"og:description\" content=\"CulturesCo | Un bon coup de pied dans ta Culture | Chroniques et histoire du Rock, chanson fran\u00e7aise, litt\u00e9rature, cin\u00e9ma et bande dessin\u00e9e.\" \/>\n<meta property=\"og:url\" content=\"https:\/\/culturesco.com\/index.php\/2022\/08\/19\/yann-tiersen-avant-la-chute-ep\/\" \/>\n<meta property=\"og:site_name\" content=\"Culturesco\" \/>\n<meta property=\"article:publisher\" content=\"https:\/\/www.facebook.com\/radioculturesco\" \/>\n<meta property=\"article:published_time\" content=\"2022-08-19T00:28:00+00:00\" \/>\n<meta property=\"article:modified_time\" content=\"2022-08-19T23:20:26+00:00\" \/>\n<meta property=\"og:image\" content=\"https:\/\/culturesco.com\/wp-content\/uploads\/2022\/08\/Yann-Tiersen-EP.jpeg\" \/>\n\t<meta property=\"og:image:width\" content=\"600\" \/>\n\t<meta property=\"og:image:height\" content=\"600\" \/>\n\t<meta property=\"og:image:type\" content=\"image\/jpeg\" \/>\n<meta name=\"author\" content=\"Patrick Benard\" \/>\n<meta name=\"twitter:card\" content=\"summary_large_image\" \/>\n<meta name=\"twitter:creator\" content=\"@AugusteMarshal\" \/>\n<meta name=\"twitter:site\" content=\"@AugusteMarshal\" \/>\n<meta name=\"twitter:label1\" content=\"\u00c9crit par\" \/>\n\t<meta name=\"twitter:data1\" content=\"Patrick Benard\" \/>\n\t<meta name=\"twitter:label2\" content=\"Dur\u00e9e de lecture estim\u00e9e\" \/>\n\t<meta name=\"twitter:data2\" content=\"2 minutes\" \/>\n<script type=\"application\/ld+json\" class=\"yoast-schema-graph\">{\"@context\":\"https:\\\/\\\/schema.org\",\"@graph\":[{\"@type\":\"Article\",\"@id\":\"https:\\\/\\\/culturesco.com\\\/index.php\\\/2022\\\/08\\\/19\\\/yann-tiersen-avant-la-chute-ep\\\/#article\",\"isPartOf\":{\"@id\":\"https:\\\/\\\/culturesco.com\\\/index.php\\\/2022\\\/08\\\/19\\\/yann-tiersen-avant-la-chute-ep\\\/\"},\"author\":{\"name\":\"Patrick Benard\",\"@id\":\"https:\\\/\\\/culturesco.com\\\/#\\\/schema\\\/person\\\/c2ddd6724863f3bbd20a8278df0891f3\"},\"headline\":\"Yann Tiersen \u2013 Avant la Chute (EP)\",\"datePublished\":\"2022-08-19T00:28:00+00:00\",\"dateModified\":\"2022-08-19T23:20:26+00:00\",\"mainEntityOfPage\":{\"@id\":\"https:\\\/\\\/culturesco.com\\\/index.php\\\/2022\\\/08\\\/19\\\/yann-tiersen-avant-la-chute-ep\\\/\"},\"wordCount\":238,\"commentCount\":0,\"publisher\":{\"@id\":\"https:\\\/\\\/culturesco.com\\\/#organization\"},\"image\":{\"@id\":\"https:\\\/\\\/culturesco.com\\\/index.php\\\/2022\\\/08\\\/19\\\/yann-tiersen-avant-la-chute-ep\\\/#primaryimage\"},\"thumbnailUrl\":\"https:\\\/\\\/i0.wp.com\\\/culturesco.com\\\/wp-content\\\/uploads\\\/2022\\\/08\\\/Yann-Tiersen-EP.jpeg?fit=600%2C600&ssl=1\",\"keywords\":[\"chanson fran\u00e7aise\",\"personnalit\u00e9 chanson fran\u00e7aise\",\"Rock fran\u00e7ais\"],\"articleSection\":[\"Carotte Rock Cultures\",\"Chanson fran\u00e7aise\"],\"inLanguage\":\"fr-FR\",\"potentialAction\":[{\"@type\":\"CommentAction\",\"name\":\"Comment\",\"target\":[\"https:\\\/\\\/culturesco.com\\\/index.php\\\/2022\\\/08\\\/19\\\/yann-tiersen-avant-la-chute-ep\\\/#respond\"]}]},{\"@type\":\"WebPage\",\"@id\":\"https:\\\/\\\/culturesco.com\\\/index.php\\\/2022\\\/08\\\/19\\\/yann-tiersen-avant-la-chute-ep\\\/\",\"url\":\"https:\\\/\\\/culturesco.com\\\/index.php\\\/2022\\\/08\\\/19\\\/yann-tiersen-avant-la-chute-ep\\\/\",\"name\":\"Yann Tiersen \u2013 Avant la Chute (EP) - Culturesco\",\"isPartOf\":{\"@id\":\"https:\\\/\\\/culturesco.com\\\/#website\"},\"primaryImageOfPage\":{\"@id\":\"https:\\\/\\\/culturesco.com\\\/index.php\\\/2022\\\/08\\\/19\\\/yann-tiersen-avant-la-chute-ep\\\/#primaryimage\"},\"image\":{\"@id\":\"https:\\\/\\\/culturesco.com\\\/index.php\\\/2022\\\/08\\\/19\\\/yann-tiersen-avant-la-chute-ep\\\/#primaryimage\"},\"thumbnailUrl\":\"https:\\\/\\\/i0.wp.com\\\/culturesco.com\\\/wp-content\\\/uploads\\\/2022\\\/08\\\/Yann-Tiersen-EP.jpeg?fit=600%2C600&ssl=1\",\"datePublished\":\"2022-08-19T00:28:00+00:00\",\"dateModified\":\"2022-08-19T23:20:26+00:00\",\"description\":\"CulturesCo | Un bon coup de pied dans ta Culture | Chroniques et histoire du Rock, chanson fran\u00e7aise, litt\u00e9rature, cin\u00e9ma et bande dessin\u00e9e.\",\"breadcrumb\":{\"@id\":\"https:\\\/\\\/culturesco.com\\\/index.php\\\/2022\\\/08\\\/19\\\/yann-tiersen-avant-la-chute-ep\\\/#breadcrumb\"},\"inLanguage\":\"fr-FR\",\"potentialAction\":[{\"@type\":\"ReadAction\",\"target\":[\"https:\\\/\\\/culturesco.com\\\/index.php\\\/2022\\\/08\\\/19\\\/yann-tiersen-avant-la-chute-ep\\\/\"]}]},{\"@type\":\"ImageObject\",\"inLanguage\":\"fr-FR\",\"@id\":\"https:\\\/\\\/culturesco.com\\\/index.php\\\/2022\\\/08\\\/19\\\/yann-tiersen-avant-la-chute-ep\\\/#primaryimage\",\"url\":\"https:\\\/\\\/i0.wp.com\\\/culturesco.com\\\/wp-content\\\/uploads\\\/2022\\\/08\\\/Yann-Tiersen-EP.jpeg?fit=600%2C600&ssl=1\",\"contentUrl\":\"https:\\\/\\\/i0.wp.com\\\/culturesco.com\\\/wp-content\\\/uploads\\\/2022\\\/08\\\/Yann-Tiersen-EP.jpeg?fit=600%2C600&ssl=1\",\"width\":600,\"height\":600,\"caption\":\"Yann Tiersen EP\"},{\"@type\":\"BreadcrumbList\",\"@id\":\"https:\\\/\\\/culturesco.com\\\/index.php\\\/2022\\\/08\\\/19\\\/yann-tiersen-avant-la-chute-ep\\\/#breadcrumb\",\"itemListElement\":[{\"@type\":\"ListItem\",\"position\":1,\"name\":\"Accueil\",\"item\":\"https:\\\/\\\/culturesco.com\\\/\"},{\"@type\":\"ListItem\",\"position\":2,\"name\":\"Yann Tiersen \u2013 Avant la Chute (EP)\"}]},{\"@type\":\"WebSite\",\"@id\":\"https:\\\/\\\/culturesco.com\\\/#website\",\"url\":\"https:\\\/\\\/culturesco.com\\\/\",\"name\":\"Culturesco\",\"description\":\"Culturesco | Un bon coup de pied dans ta Culture\",\"publisher\":{\"@id\":\"https:\\\/\\\/culturesco.com\\\/#organization\"},\"potentialAction\":[{\"@type\":\"SearchAction\",\"target\":{\"@type\":\"EntryPoint\",\"urlTemplate\":\"https:\\\/\\\/culturesco.com\\\/?s={search_term_string}\"},\"query-input\":{\"@type\":\"PropertyValueSpecification\",\"valueRequired\":true,\"valueName\":\"search_term_string\"}}],\"inLanguage\":\"fr-FR\"},{\"@type\":\"Organization\",\"@id\":\"https:\\\/\\\/culturesco.com\\\/#organization\",\"name\":\"CULTURESCO\",\"url\":\"https:\\\/\\\/culturesco.com\\\/\",\"logo\":{\"@type\":\"ImageObject\",\"inLanguage\":\"fr-FR\",\"@id\":\"https:\\\/\\\/culturesco.com\\\/#\\\/schema\\\/logo\\\/image\\\/\",\"url\":\"https:\\\/\\\/i0.wp.com\\\/culturesco.com\\\/wp-content\\\/uploads\\\/2022\\\/04\\\/culturesco-logo-blanc250p.png?fit=250%2C250&ssl=1\",\"contentUrl\":\"https:\\\/\\\/i0.wp.com\\\/culturesco.com\\\/wp-content\\\/uploads\\\/2022\\\/04\\\/culturesco-logo-blanc250p.png?fit=250%2C250&ssl=1\",\"width\":250,\"height\":250,\"caption\":\"CULTURESCO\"},\"image\":{\"@id\":\"https:\\\/\\\/culturesco.com\\\/#\\\/schema\\\/logo\\\/image\\\/\"},\"sameAs\":[\"https:\\\/\\\/www.facebook.com\\\/radioculturesco\",\"https:\\\/\\\/x.com\\\/AugusteMarshal\",\"https:\\\/\\\/www.instagram.com\\\/carotte_rock_culture\\\/\",\"https:\\\/\\\/www.pinterest.fr\\\/augustemarshal\\\/\",\"https:\\\/\\\/www.youtube.com\\\/channel\\\/UCiWLGffqWSXlNnfzp6YwwyQ\"]},{\"@type\":\"Person\",\"@id\":\"https:\\\/\\\/culturesco.com\\\/#\\\/schema\\\/person\\\/c2ddd6724863f3bbd20a8278df0891f3\",\"name\":\"Patrick Benard\",\"image\":{\"@type\":\"ImageObject\",\"inLanguage\":\"fr-FR\",\"@id\":\"https:\\\/\\\/i0.wp.com\\\/culturesco.com\\\/wp-content\\\/uploads\\\/2019\\\/02\\\/patrick-benard-2.jpg?fit=90%2C96&ssl=1\",\"url\":\"https:\\\/\\\/i0.wp.com\\\/culturesco.com\\\/wp-content\\\/uploads\\\/2019\\\/02\\\/patrick-benard-2.jpg?fit=90%2C96&ssl=1\",\"contentUrl\":\"https:\\\/\\\/i0.wp.com\\\/culturesco.com\\\/wp-content\\\/uploads\\\/2019\\\/02\\\/patrick-benard-2.jpg?fit=90%2C96&ssl=1\",\"caption\":\"Patrick Benard\"},\"description\":\"Ecrivain, chroniqueur, animateur radio, cr\u00e9ateur de la revue \u00ab Cin\u00e9manie \u00bb, autour du cin\u00e9ma dit d\u2019art et d\u2019essai, sp\u00e9cialiste du groupe The Cure, archiviste... 2020 : \\\"Le Post Rock\\\" essai sur le post rock de Mogwa\u00ef \u00e0 Godspeed You Black Emperor - Camion Blanc 2014 : \u00ab On the rocks \u2013le rock de 2007 \u00e0 2014 \u00bb chroniques livres et cd rocks, interviews \u2013Editions Vaillant 2010 : \u00ab Dans la T\u00eate de Robert Smith \u00bb, roman fiction autour de l\u2019histoire des Cure et de Robert Smith \u2013 Edilivres 2007 : \u00ab Chroniques Fr\u00e9n\u00e9tiques, une histoire intime du rock \u00bb, roman, prix Technikart. 2001 : \u00ab Les Iles du D\u00e9sert \u00bb, polar autour du rock \u2013 Editions Nykta\",\"url\":\"https:\\\/\\\/culturesco.com\\\/index.php\\\/author\\\/patrick-benard89\\\/\"}]}<\/script>\n<!-- \/ Yoast SEO plugin. -->","yoast_head_json":{"title":"Yann Tiersen \u2013 Avant la Chute (EP) - Culturesco","description":"CulturesCo | Un bon coup de pied dans ta Culture | Chroniques et histoire du Rock, chanson fran\u00e7aise, litt\u00e9rature, cin\u00e9ma et bande dessin\u00e9e.","robots":{"index":"index","follow":"follow","max-snippet":"max-snippet:-1","max-image-preview":"max-image-preview:large","max-video-preview":"max-video-preview:-1"},"canonical":"https:\/\/culturesco.com\/index.php\/2022\/08\/19\/yann-tiersen-avant-la-chute-ep\/","og_locale":"fr_FR","og_type":"article","og_title":"Yann Tiersen \u2013 Avant la Chute (EP) - Culturesco","og_description":"CulturesCo | Un bon coup de pied dans ta Culture | Chroniques et histoire du Rock, chanson fran\u00e7aise, litt\u00e9rature, cin\u00e9ma et bande dessin\u00e9e.","og_url":"https:\/\/culturesco.com\/index.php\/2022\/08\/19\/yann-tiersen-avant-la-chute-ep\/","og_site_name":"Culturesco","article_publisher":"https:\/\/www.facebook.com\/radioculturesco","article_published_time":"2022-08-19T00:28:00+00:00","article_modified_time":"2022-08-19T23:20:26+00:00","og_image":[{"width":600,"height":600,"url":"https:\/\/culturesco.com\/wp-content\/uploads\/2022\/08\/Yann-Tiersen-EP.jpeg","type":"image\/jpeg"}],"author":"Patrick Benard","twitter_card":"summary_large_image","twitter_creator":"@AugusteMarshal","twitter_site":"@AugusteMarshal","twitter_misc":{"\u00c9crit par":"Patrick Benard","Dur\u00e9e de lecture estim\u00e9e":"2 minutes"},"schema":{"@context":"https:\/\/schema.org","@graph":[{"@type":"Article","@id":"https:\/\/culturesco.com\/index.php\/2022\/08\/19\/yann-tiersen-avant-la-chute-ep\/#article","isPartOf":{"@id":"https:\/\/culturesco.com\/index.php\/2022\/08\/19\/yann-tiersen-avant-la-chute-ep\/"},"author":{"name":"Patrick Benard","@id":"https:\/\/culturesco.com\/#\/schema\/person\/c2ddd6724863f3bbd20a8278df0891f3"},"headline":"Yann Tiersen \u2013 Avant la Chute (EP)","datePublished":"2022-08-19T00:28:00+00:00","dateModified":"2022-08-19T23:20:26+00:00","mainEntityOfPage":{"@id":"https:\/\/culturesco.com\/index.php\/2022\/08\/19\/yann-tiersen-avant-la-chute-ep\/"},"wordCount":238,"commentCount":0,"publisher":{"@id":"https:\/\/culturesco.com\/#organization"},"image":{"@id":"https:\/\/culturesco.com\/index.php\/2022\/08\/19\/yann-tiersen-avant-la-chute-ep\/#primaryimage"},"thumbnailUrl":"https:\/\/i0.wp.com\/culturesco.com\/wp-content\/uploads\/2022\/08\/Yann-Tiersen-EP.jpeg?fit=600%2C600&ssl=1","keywords":["chanson fran\u00e7aise","personnalit\u00e9 chanson fran\u00e7aise","Rock fran\u00e7ais"],"articleSection":["Carotte Rock Cultures","Chanson fran\u00e7aise"],"inLanguage":"fr-FR","potentialAction":[{"@type":"CommentAction","name":"Comment","target":["https:\/\/culturesco.com\/index.php\/2022\/08\/19\/yann-tiersen-avant-la-chute-ep\/#respond"]}]},{"@type":"WebPage","@id":"https:\/\/culturesco.com\/index.php\/2022\/08\/19\/yann-tiersen-avant-la-chute-ep\/","url":"https:\/\/culturesco.com\/index.php\/2022\/08\/19\/yann-tiersen-avant-la-chute-ep\/","name":"Yann Tiersen \u2013 Avant la Chute (EP) - Culturesco","isPartOf":{"@id":"https:\/\/culturesco.com\/#website"},"primaryImageOfPage":{"@id":"https:\/\/culturesco.com\/index.php\/2022\/08\/19\/yann-tiersen-avant-la-chute-ep\/#primaryimage"},"image":{"@id":"https:\/\/culturesco.com\/index.php\/2022\/08\/19\/yann-tiersen-avant-la-chute-ep\/#primaryimage"},"thumbnailUrl":"https:\/\/i0.wp.com\/culturesco.com\/wp-content\/uploads\/2022\/08\/Yann-Tiersen-EP.jpeg?fit=600%2C600&ssl=1","datePublished":"2022-08-19T00:28:00+00:00","dateModified":"2022-08-19T23:20:26+00:00","description":"CulturesCo | Un bon coup de pied dans ta Culture | Chroniques et histoire du Rock, chanson fran\u00e7aise, litt\u00e9rature, cin\u00e9ma et bande dessin\u00e9e.","breadcrumb":{"@id":"https:\/\/culturesco.com\/index.php\/2022\/08\/19\/yann-tiersen-avant-la-chute-ep\/#breadcrumb"},"inLanguage":"fr-FR","potentialAction":[{"@type":"ReadAction","target":["https:\/\/culturesco.com\/index.php\/2022\/08\/19\/yann-tiersen-avant-la-chute-ep\/"]}]},{"@type":"ImageObject","inLanguage":"fr-FR","@id":"https:\/\/culturesco.com\/index.php\/2022\/08\/19\/yann-tiersen-avant-la-chute-ep\/#primaryimage","url":"https:\/\/i0.wp.com\/culturesco.com\/wp-content\/uploads\/2022\/08\/Yann-Tiersen-EP.jpeg?fit=600%2C600&ssl=1","contentUrl":"https:\/\/i0.wp.com\/culturesco.com\/wp-content\/uploads\/2022\/08\/Yann-Tiersen-EP.jpeg?fit=600%2C600&ssl=1","width":600,"height":600,"caption":"Yann Tiersen EP"},{"@type":"BreadcrumbList","@id":"https:\/\/culturesco.com\/index.php\/2022\/08\/19\/yann-tiersen-avant-la-chute-ep\/#breadcrumb","itemListElement":[{"@type":"ListItem","position":1,"name":"Accueil","item":"https:\/\/culturesco.com\/"},{"@type":"ListItem","position":2,"name":"Yann Tiersen \u2013 Avant la Chute (EP)"}]},{"@type":"WebSite","@id":"https:\/\/culturesco.com\/#website","url":"https:\/\/culturesco.com\/","name":"Culturesco","description":"Culturesco | Un bon coup de pied dans ta Culture","publisher":{"@id":"https:\/\/culturesco.com\/#organization"},"potentialAction":[{"@type":"SearchAction","target":{"@type":"EntryPoint","urlTemplate":"https:\/\/culturesco.com\/?s={search_term_string}"},"query-input":{"@type":"PropertyValueSpecification","valueRequired":true,"valueName":"search_term_string"}}],"inLanguage":"fr-FR"},{"@type":"Organization","@id":"https:\/\/culturesco.com\/#organization","name":"CULTURESCO","url":"https:\/\/culturesco.com\/","logo":{"@type":"ImageObject","inLanguage":"fr-FR","@id":"https:\/\/culturesco.com\/#\/schema\/logo\/image\/","url":"https:\/\/i0.wp.com\/culturesco.com\/wp-content\/uploads\/2022\/04\/culturesco-logo-blanc250p.png?fit=250%2C250&ssl=1","contentUrl":"https:\/\/i0.wp.com\/culturesco.com\/wp-content\/uploads\/2022\/04\/culturesco-logo-blanc250p.png?fit=250%2C250&ssl=1","width":250,"height":250,"caption":"CULTURESCO"},"image":{"@id":"https:\/\/culturesco.com\/#\/schema\/logo\/image\/"},"sameAs":["https:\/\/www.facebook.com\/radioculturesco","https:\/\/x.com\/AugusteMarshal","https:\/\/www.instagram.com\/carotte_rock_culture\/","https:\/\/www.pinterest.fr\/augustemarshal\/","https:\/\/www.youtube.com\/channel\/UCiWLGffqWSXlNnfzp6YwwyQ"]},{"@type":"Person","@id":"https:\/\/culturesco.com\/#\/schema\/person\/c2ddd6724863f3bbd20a8278df0891f3","name":"Patrick Benard","image":{"@type":"ImageObject","inLanguage":"fr-FR","@id":"https:\/\/i0.wp.com\/culturesco.com\/wp-content\/uploads\/2019\/02\/patrick-benard-2.jpg?fit=90%2C96&ssl=1","url":"https:\/\/i0.wp.com\/culturesco.com\/wp-content\/uploads\/2019\/02\/patrick-benard-2.jpg?fit=90%2C96&ssl=1","contentUrl":"https:\/\/i0.wp.com\/culturesco.com\/wp-content\/uploads\/2019\/02\/patrick-benard-2.jpg?fit=90%2C96&ssl=1","caption":"Patrick Benard"},"description":"Ecrivain, chroniqueur, animateur radio, cr\u00e9ateur de la revue \u00ab Cin\u00e9manie \u00bb, autour du cin\u00e9ma dit d\u2019art et d\u2019essai, sp\u00e9cialiste du groupe The Cure, archiviste... 2020 : \"Le Post Rock\" essai sur le post rock de Mogwa\u00ef \u00e0 Godspeed You Black Emperor - Camion Blanc 2014 : \u00ab On the rocks \u2013le rock de 2007 \u00e0 2014 \u00bb chroniques livres et cd rocks, interviews \u2013Editions Vaillant 2010 : \u00ab Dans la T\u00eate de Robert Smith \u00bb, roman fiction autour de l\u2019histoire des Cure et de Robert Smith \u2013 Edilivres 2007 : \u00ab Chroniques Fr\u00e9n\u00e9tiques, une histoire intime du rock \u00bb, roman, prix Technikart. 2001 : \u00ab Les Iles du D\u00e9sert \u00bb, polar autour du rock \u2013 Editions Nykta","url":"https:\/\/culturesco.com\/index.php\/author\/patrick-benard89\/"}]}},"jetpack_featured_media_url":"https:\/\/i0.wp.com\/culturesco.com\/wp-content\/uploads\/2022\/08\/Yann-Tiersen-EP.jpeg?fit=600%2C600&ssl=1","jetpack_likes_enabled":true,"jetpack_sharing_enabled":true,"jetpack_shortlink":"https:\/\/wp.me\/paz89I-4yl","_links":{"self":[{"href":"https:\/\/culturesco.com\/index.php\/wp-json\/wp\/v2\/posts\/17505","targetHints":{"allow":["GET"]}}],"collection":[{"href":"https:\/\/culturesco.com\/index.php\/wp-json\/wp\/v2\/posts"}],"about":[{"href":"https:\/\/culturesco.com\/index.php\/wp-json\/wp\/v2\/types\/post"}],"author":[{"embeddable":true,"href":"https:\/\/culturesco.com\/index.php\/wp-json\/wp\/v2\/users\/4"}],"replies":[{"embeddable":true,"href":"https:\/\/culturesco.com\/index.php\/wp-json\/wp\/v2\/comments?post=17505"}],"version-history":[{"count":0,"href":"https:\/\/culturesco.com\/index.php\/wp-json\/wp\/v2\/posts\/17505\/revisions"}],"wp:featuredmedia":[{"embeddable":true,"href":"https:\/\/culturesco.com\/index.php\/wp-json\/wp\/v2\/media\/17506"}],"wp:attachment":[{"href":"https:\/\/culturesco.com\/index.php\/wp-json\/wp\/v2\/media?parent=17505"}],"wp:term":[{"taxonomy":"category","embeddable":true,"href":"https:\/\/culturesco.com\/index.php\/wp-json\/wp\/v2\/categories?post=17505"},{"taxonomy":"post_tag","embeddable":true,"href":"https:\/\/culturesco.com\/index.php\/wp-json\/wp\/v2\/tags?post=17505"}],"curies":[{"name":"wp","href":"https:\/\/api.w.org\/{rel}","templated":true}]}}