{"id":17417,"date":"2022-07-22T13:42:14","date_gmt":"2022-07-22T11:42:14","guid":{"rendered":"https:\/\/culturesco.com\/?p=17417"},"modified":"2024-09-09T20:52:13","modified_gmt":"2024-09-09T18:52:13","slug":"l-affaire-louis-trio-mobilis-in-mobile","status":"publish","type":"post","link":"https:\/\/culturesco.com\/index.php\/2022\/07\/22\/l-affaire-louis-trio-mobilis-in-mobile\/","title":{"rendered":"L&rsquo;AFFAIRE LOUIS&rsquo; TRIO &#8211; Mobilis in Mobile"},"content":{"rendered":"<h2>L&rsquo;AFFAIRE LOUIS&rsquo; TRIO &#8211; Mobilis in Mobile<\/h2>\n<p><img data-recalc-dims=\"1\" loading=\"lazy\" decoding=\"async\" class=\" wp-image-17418 aligncenter\" src=\"https:\/\/i0.wp.com\/culturesco.com\/wp-content\/uploads\/2022\/07\/LAffaire-Louis-Trio-Front.jpg?resize=625%2C317&#038;ssl=1\" alt=\"L'Affaire Louis Trio\" width=\"625\" height=\"317\" srcset=\"https:\/\/i0.wp.com\/culturesco.com\/wp-content\/uploads\/2022\/07\/LAffaire-Louis-Trio-Front.jpg?resize=300%2C152&amp;ssl=1 300w, https:\/\/i0.wp.com\/culturesco.com\/wp-content\/uploads\/2022\/07\/LAffaire-Louis-Trio-Front.jpg?resize=768%2C390&amp;ssl=1 768w, https:\/\/i0.wp.com\/culturesco.com\/wp-content\/uploads\/2022\/07\/LAffaire-Louis-Trio-Front.jpg?resize=696%2C353&amp;ssl=1 696w, https:\/\/i0.wp.com\/culturesco.com\/wp-content\/uploads\/2022\/07\/LAffaire-Louis-Trio-Front.jpg?resize=1068%2C542&amp;ssl=1 1068w, https:\/\/i0.wp.com\/culturesco.com\/wp-content\/uploads\/2022\/07\/LAffaire-Louis-Trio-Front.jpg?resize=827%2C420&amp;ssl=1 827w, https:\/\/i0.wp.com\/culturesco.com\/wp-content\/uploads\/2022\/07\/LAffaire-Louis-Trio-Front.jpg?w=600&amp;ssl=1 600w, https:\/\/i0.wp.com\/culturesco.com\/wp-content\/uploads\/2022\/07\/LAffaire-Louis-Trio-Front.jpg?resize=118%2C60&amp;ssl=1 118w, https:\/\/i0.wp.com\/culturesco.com\/wp-content\/uploads\/2022\/07\/LAffaire-Louis-Trio-Front.jpg?resize=177%2C90&amp;ssl=1 177w\" sizes=\"auto, (max-width: 625px) 100vw, 625px\" \/><\/p>\n<h3 style=\"text-align: justify;\">\u00ab<em> Non, non, tout mais pas \u00e7a, tais-toi, tais-toi, non ne raconte pas \u00e7a. Oh non, non, non, non, non, non, oh non, non. Non non, tout mais pas \u00e7a, tais-toi, tais-toi, non ne raconte pas \u00e7a. Non non, tout mais pas \u00e7a, tais-toi, tais-toi, non ne raconte pas \u00e7a. Oh non, non, non. Non non, tout mais pas \u00e7a, tais-toi, tais-toi, non ne raconte pas \u00e7a. Oh non, non, non, non, non, non, oh non, non, oh, oh<\/em> \u00bb<\/h3>\n<p style=\"text-align: justify;\">C\u2019est sous cette forme que l\u2019on croise <strong>l\u2019Affaire Louis\u2019 Trio<\/strong> pour la premi\u00e8re fois, et \u00e7a fait un <strong>\u00ab carton \u00bb tant t\u00e9l\u00e9visuel que radiophonique<\/strong> ! On les voit et on les entend partout ! La chanson ? \u00ab <strong>Tout Mais Pas \u00c7a<\/strong> \u00bb (1987), extrait de l\u2019album <strong><em>Chic Plan\u00e8te<\/em><\/strong>. En mati\u00e8re de texte,<strong> l\u2019asc\u00e9tisme humoristique<\/strong> <strong>prime parfois sur l\u2019introspection d\u00e9pressive<\/strong> ou la prise de t\u00eate existentielle.<\/p>\n<h3>L&rsquo;AFFAIRE LOUIS&rsquo; TRIO &#8211; Tout Mais Pas \u00e7a<\/h3>\n<div class=\"youtube-embed\" data-video_id=\"C2zrZ50zc5U\"><iframe loading=\"lazy\" title=\"L&#039;Affaire Louis&#039; Trio - Tout mais pas \u00e7a (1987)\" width=\"696\" height=\"522\" src=\"https:\/\/www.youtube.com\/embed\/C2zrZ50zc5U\" frameborder=\"0\" allow=\"accelerometer; autoplay; clipboard-write; encrypted-media; gyroscope; picture-in-picture; web-share\" referrerpolicy=\"strict-origin-when-cross-origin\" allowfullscreen><\/iframe><\/div>\n<p style=\"text-align: justify;\"><strong>L\u2019ambiance est d\u00e9tendue, \u00ab rigolote \u00bb<\/strong>, la musique \u00e9voque un<strong> cha-cha-cha<\/strong>, un <strong>calypso<\/strong>, des <strong>rythmes exotiques<\/strong> pour danser et <strong>s\u2019amuser.<\/strong> Au clavier, <strong>Fran\u00e7ois Lebleu<\/strong> s\u2019agite tel un joueur de ska, on pense \u00e0 <a href=\"https:\/\/www.youtube.com\/watch?v=KwIe_sjKeAY\" target=\"_blank\" rel=\"noopener\">Madness,<\/a> et, centre sc\u00e8ne, <strong>Hubert Mounier<\/strong> nantis d\u2019une splendide banane ras\u00e9 \/ d\u00e9gag\u00e9 sur les oreilles l\u2019accompagne en toute d\u00e9contraction. Seul <strong>Vincent Mounier<\/strong>, le fr\u00e8re guitariste, conserve un port altier et une amimie assez semblable \u00e0 celle de Ron Mael, le clavi\u00e9riste de <a href=\"https:\/\/www.youtube.com\/watch?v=QAzESJ62irI\" target=\"_blank\" rel=\"noopener\">Sparks<\/a>, une s\u00e9riosit\u00e9 \u00ab forc\u00e9e \u00bb.<\/p>\n<p style=\"text-align: justify;\">Tout de suite derri\u00e8re, le groupe envoie un<strong> autre titre percussif endiabl\u00e9<\/strong>, l\u2019\u00e9ponyme \u00ab <strong>Chic Plan\u00e8te<\/strong> \u00bb. Une <strong>m\u00e9lodie carib\u00e9enne<\/strong>, un d\u00e9hanch\u00e9 saccad\u00e9 depuis un costume ann\u00e9e 50 et le<a href=\"https:\/\/www.youtube.com\/watch?v=mRO9aBAQ8wc\" target=\"_blank\" rel=\"noopener\"> Kid Cr\u00e9ole<\/a> francophone allume les night-clubs \u2026 sans les Coconuts.<\/p>\n<h3>Chic Plan\u00e8te<\/h3>\n<div class=\"youtube-embed\" data-video_id=\"gxMAP911VnY\"><iframe loading=\"lazy\" title=\"L&#039;Affaire Louis Trio &quot;Chic Plan\u00e8te&quot; | Archive INA\" width=\"696\" height=\"522\" src=\"https:\/\/www.youtube.com\/embed\/gxMAP911VnY\" frameborder=\"0\" allow=\"accelerometer; autoplay; clipboard-write; encrypted-media; gyroscope; picture-in-picture; web-share\" referrerpolicy=\"strict-origin-when-cross-origin\" allowfullscreen><\/iframe><\/div>\n<h3 style=\"text-align: justify;\">\u00ab <em>Amis Terriens, Amies Terriennes, Han han, regardez la boule qui roule sous nos pieds. Comment elle tient, quoiqu&rsquo;il advienne, Han han, parce qu&rsquo;on y tient et qu&rsquo;on est tous dessus. Chic plan\u00e8te, dansons dessus, oh oh oh ! Chic plan\u00e8te, dansons dessus, oooooooh !<\/em> \u00bb<\/h3>\n<p style=\"text-align: justify;\">Encore une fois, <strong>s\u2019adresser au cerveau reptilien<\/strong> du public obtient <strong>davantage de reconnaissance<\/strong> que de mouliner les affres d\u2019un monde en d\u00e9cr\u00e9pitude.<\/p>\n<p style=\"text-align: justify;\">Au fait de sa gloire naissante, le trio fourbit <strong>deux autres opus<\/strong> qui, s\u2019ils ne manquent pas de croquant, <strong>laissent plut\u00f4t indiff\u00e9rent.<\/strong><\/p>\n<h3>L&rsquo;AFFAIRE LOUIS&rsquo; TRIO &#8211; Bois Ton Caf\u00e9<\/h3>\n<div class=\"youtube-embed\" data-video_id=\"sqx00weUM9Y\"><iframe loading=\"lazy\" title=\"Bois ton caf\u00e9 - L&#039;affaire louis trio\" width=\"696\" height=\"522\" src=\"https:\/\/www.youtube.com\/embed\/sqx00weUM9Y\" frameborder=\"0\" allow=\"accelerometer; autoplay; clipboard-write; encrypted-media; gyroscope; picture-in-picture; web-share\" referrerpolicy=\"strict-origin-when-cross-origin\" allowfullscreen><\/iframe><\/div>\n<p style=\"text-align: justify;\"><strong>Un trop \u00ab r\u00e9p\u00e9titif \u00bb ?<\/strong> Fort probablement.<\/p>\n<p style=\"text-align: justify;\">Apr\u00e8s une <strong>pose de trois ans<\/strong>, le groupe revient avec <strong>une toute autre proposition, du \u00ab s\u00e9rieux \u00bb<\/strong>. Les <strong>orchestrations <\/strong>sont<strong> l\u00e9ch\u00e9es<\/strong>, les <strong>m\u00e9lodies soign\u00e9es<\/strong> et l\u2019aspect bout en train sensiblement gomm\u00e9. <strong><em>Mobilis In Mobile<\/em><\/strong> (1993), album plus ou moins conceptuel, reprend le personnage du Capitaine Nemo, le sombre h\u00e9ro de Jules Verne parcourant <em>Vingt Mille Lieues Sous Les Mers<\/em> (1870). Toutes les chansons s\u2019assoient sur <strong>un lit de piano<\/strong>. Elles sont <strong>travers\u00e9es par des fulgurances \u00e9lectriques<\/strong> n\u00e9es d\u2019une guitare satur\u00e9e. La proposition fait <strong>jeu \u00e9gal avec une pop anglophone<\/strong>, un rock US qualifi\u00e9 AOR ; on pense \u00e0 <a href=\"https:\/\/www.youtube.com\/watch?v=VAtGOESO7W8\" target=\"_blank\" rel=\"noopener\">Tears For Fears<\/a>, <a href=\"https:\/\/www.youtube.com\/watch?v=htgr3pvBr-I\" target=\"_blank\" rel=\"noopener\">Toto.<\/a><\/p>\n<h3>Le Soleil Est L\u00e0<\/h3>\n<div class=\"youtube-embed\" data-video_id=\"4d8KAg9r-CI\"><iframe loading=\"lazy\" title=\"Le Soleil Est L\u00e0\" width=\"696\" height=\"522\" src=\"https:\/\/www.youtube.com\/embed\/4d8KAg9r-CI\" frameborder=\"0\" allow=\"accelerometer; autoplay; clipboard-write; encrypted-media; gyroscope; picture-in-picture; web-share\" referrerpolicy=\"strict-origin-when-cross-origin\" allowfullscreen><\/iframe><\/div>\n<p style=\"text-align: justify;\">Au grand bonheur de ses membres, <strong>le succ\u00e8s sacre \u00e0 nouveau L\u2019Affaire Louis\u2019 Trio<\/strong>. Mais l\u2019embellie est de <strong>courte dur\u00e9e<\/strong>. Les albums suivant ne tournent pas dans le sens du vent. En r\u00e9sultante, <strong>1998 signe la dissolution du trio.<\/strong><\/p>\n<p style=\"text-align: justify;\">Dans la musique, lassitude et inimiti\u00e9 dig\u00e9r\u00e9es, on vit souvent des r\u00e9surgences, de <strong>reformations \u00e0 distance<\/strong>. Pour les Louis\u2019,<strong> ce ne sera pas le cas<\/strong>. En 2008, Fran\u00e7ois Lebleu d\u00e9c\u00e8de suivi, en 2016, par Hubert Mounier. <strong>Fin de l\u2019Affaire ?<\/strong><\/p>\n<p style=\"text-align: justify;\"><strong>Juillet 2018<\/strong>. A l\u2019occasion des<strong><em> Nuits de Fourvi\u00e8re,<\/em><\/strong> Benjamin Biolay entour\u00e9 de \u00ab cadors \u00bb, Vincent Mounier, bien s\u00fbr, mais aussi Obispo, Kent \u2026 <strong>Reprend sur sc\u00e8ne l\u2019int\u00e9gralit\u00e9 des 17 titres de l\u2019album.<\/strong> Juillet 2022. Il semble tout \u00e0 fait l\u00e9gitime de <strong>remettre ce formidable groupe et album \u00e0 l\u2019honneur<\/strong>. Le talent est <strong>immortel.<\/strong><\/p>\n<h3>L&rsquo;AFFAIRE LOUIS&rsquo; TRIO &#8211; Mobilis in Mobile<\/h3>\n<div class=\"youtube-embed\" data-video_id=\"GPPNMsxfAzA\"><iframe loading=\"lazy\" title=\"L Affaire Louis Trio -  Mobilis In Mobile\" width=\"696\" height=\"522\" src=\"https:\/\/www.youtube.com\/embed\/GPPNMsxfAzA\" frameborder=\"0\" allow=\"accelerometer; autoplay; clipboard-write; encrypted-media; gyroscope; picture-in-picture; web-share\" referrerpolicy=\"strict-origin-when-cross-origin\" allowfullscreen><\/iframe><\/div>\n<h3 style=\"text-align: justify;\">\u00ab <em>J&rsquo;irai voir, t\u00f4t ou tard si les sir\u00e8nes existent. Sur le dos des baleines, je suivrai leur piste. Car nul ne r\u00e9siste \u2026 au charme doux \u2026 de leur chant d&rsquo;amour<\/em> \u00bb<\/h3>\n<p>Thierry Dauge<\/p>\n","protected":false},"excerpt":{"rendered":"<p>L&rsquo;AFFAIRE LOUIS&rsquo; TRIO &#8211; Mobilis in Mobile \u00ab Non, non, tout mais pas \u00e7a, tais-toi, tais-toi, non ne raconte pas \u00e7a. Oh non, non, non, non, non, non, oh non, non. Non non, tout mais pas \u00e7a, tais-toi, tais-toi, non ne raconte pas \u00e7a. Non non, tout mais pas \u00e7a, tais-toi, tais-toi, non ne raconte [&hellip;]<\/p>\n","protected":false},"author":3,"featured_media":17418,"comment_status":"open","ping_status":"open","sticky":false,"template":"","format":"image","meta":{"jetpack_post_was_ever_published":false,"tdm_status":"","tdm_grid_status":"","_jetpack_newsletter_access":"","_jetpack_dont_email_post_to_subs":false,"_jetpack_newsletter_tier_id":0,"_jetpack_memberships_contains_paywalled_content":false,"_jetpack_memberships_contains_paid_content":false,"footnotes":""},"categories":[30,17],"tags":[37,40,51],"class_list":{"0":"post-17417","1":"post","2":"type-post","3":"status-publish","4":"format-image","5":"has-post-thumbnail","7":"category-albums-rock","8":"category-carotte-rock-cultures","9":"tag-album-rock","10":"tag-chanson-francaise","11":"tag-rock-francais","12":"post_format-post-format-image"},"yoast_head":"<!-- This site is optimized with the Yoast SEO plugin v27.5 - https:\/\/yoast.com\/product\/yoast-seo-wordpress\/ -->\n<title>L&#039;AFFAIRE LOUIS&#039; TRIO - Mobilis in Mobile - Culturesco<\/title>\n<meta name=\"description\" content=\"CulturesCo | &quot;Mobilis in Mobile&quot;, de l&#039;Affaire Louis&#039; Trio, c&#039;est un chef d&#039;oeuvre de pop fran\u00e7aise, de rock orchestr\u00e9 m\u00e9lodique.\" \/>\n<meta name=\"robots\" content=\"index, follow, max-snippet:-1, max-image-preview:large, max-video-preview:-1\" \/>\n<link rel=\"canonical\" href=\"https:\/\/culturesco.com\/index.php\/2022\/07\/22\/l-affaire-louis-trio-mobilis-in-mobile\/\" \/>\n<meta property=\"og:locale\" content=\"fr_FR\" \/>\n<meta property=\"og:type\" content=\"article\" \/>\n<meta property=\"og:title\" content=\"L&#039;AFFAIRE LOUIS&#039; TRIO - Mobilis in Mobile - Culturesco\" \/>\n<meta property=\"og:description\" content=\"CulturesCo | &quot;Mobilis in Mobile&quot;, de l&#039;Affaire Louis&#039; Trio, c&#039;est un chef d&#039;oeuvre de pop fran\u00e7aise, de rock orchestr\u00e9 m\u00e9lodique.\" \/>\n<meta property=\"og:url\" content=\"https:\/\/culturesco.com\/index.php\/2022\/07\/22\/l-affaire-louis-trio-mobilis-in-mobile\/\" \/>\n<meta property=\"og:site_name\" content=\"Culturesco\" \/>\n<meta property=\"article:publisher\" content=\"https:\/\/www.facebook.com\/radioculturesco\" \/>\n<meta property=\"article:published_time\" content=\"2022-07-22T11:42:14+00:00\" \/>\n<meta property=\"article:modified_time\" content=\"2024-09-09T18:52:13+00:00\" \/>\n<meta property=\"og:image\" content=\"https:\/\/culturesco.com\/wp-content\/uploads\/2022\/07\/LAffaire-Louis-Trio-Front.jpg\" \/>\n\t<meta property=\"og:image:width\" content=\"600\" \/>\n\t<meta property=\"og:image:height\" content=\"305\" \/>\n\t<meta property=\"og:image:type\" content=\"image\/jpeg\" \/>\n<meta name=\"author\" content=\"Thierry Dauge\" \/>\n<meta name=\"twitter:card\" content=\"summary_large_image\" \/>\n<meta name=\"twitter:creator\" content=\"@AugusteMarshal\" \/>\n<meta name=\"twitter:site\" content=\"@AugusteMarshal\" \/>\n<meta name=\"twitter:label1\" content=\"\u00c9crit par\" \/>\n\t<meta name=\"twitter:data1\" content=\"Thierry Dauge\" \/>\n\t<meta name=\"twitter:label2\" content=\"Dur\u00e9e de lecture estim\u00e9e\" \/>\n\t<meta name=\"twitter:data2\" content=\"4 minutes\" \/>\n<script type=\"application\/ld+json\" class=\"yoast-schema-graph\">{\"@context\":\"https:\\\/\\\/schema.org\",\"@graph\":[{\"@type\":\"Article\",\"@id\":\"https:\\\/\\\/culturesco.com\\\/index.php\\\/2022\\\/07\\\/22\\\/l-affaire-louis-trio-mobilis-in-mobile\\\/#article\",\"isPartOf\":{\"@id\":\"https:\\\/\\\/culturesco.com\\\/index.php\\\/2022\\\/07\\\/22\\\/l-affaire-louis-trio-mobilis-in-mobile\\\/\"},\"author\":{\"name\":\"Thierry Dauge\",\"@id\":\"https:\\\/\\\/culturesco.com\\\/#\\\/schema\\\/person\\\/19f04cf232d246197f6e7d62abe6cb0e\"},\"headline\":\"L&rsquo;AFFAIRE LOUIS&rsquo; TRIO &#8211; Mobilis in Mobile\",\"datePublished\":\"2022-07-22T11:42:14+00:00\",\"dateModified\":\"2024-09-09T18:52:13+00:00\",\"mainEntityOfPage\":{\"@id\":\"https:\\\/\\\/culturesco.com\\\/index.php\\\/2022\\\/07\\\/22\\\/l-affaire-louis-trio-mobilis-in-mobile\\\/\"},\"wordCount\":766,\"commentCount\":0,\"publisher\":{\"@id\":\"https:\\\/\\\/culturesco.com\\\/#organization\"},\"image\":{\"@id\":\"https:\\\/\\\/culturesco.com\\\/index.php\\\/2022\\\/07\\\/22\\\/l-affaire-louis-trio-mobilis-in-mobile\\\/#primaryimage\"},\"thumbnailUrl\":\"https:\\\/\\\/i0.wp.com\\\/culturesco.com\\\/wp-content\\\/uploads\\\/2022\\\/07\\\/LAffaire-Louis-Trio-Front.jpg?fit=600%2C305&ssl=1\",\"keywords\":[\"album rock\",\"chanson fran\u00e7aise\",\"Rock fran\u00e7ais\"],\"articleSection\":[\"Albums rock\",\"Carotte Rock Cultures\"],\"inLanguage\":\"fr-FR\",\"potentialAction\":[{\"@type\":\"CommentAction\",\"name\":\"Comment\",\"target\":[\"https:\\\/\\\/culturesco.com\\\/index.php\\\/2022\\\/07\\\/22\\\/l-affaire-louis-trio-mobilis-in-mobile\\\/#respond\"]}]},{\"@type\":\"WebPage\",\"@id\":\"https:\\\/\\\/culturesco.com\\\/index.php\\\/2022\\\/07\\\/22\\\/l-affaire-louis-trio-mobilis-in-mobile\\\/\",\"url\":\"https:\\\/\\\/culturesco.com\\\/index.php\\\/2022\\\/07\\\/22\\\/l-affaire-louis-trio-mobilis-in-mobile\\\/\",\"name\":\"L'AFFAIRE LOUIS' TRIO - Mobilis in Mobile - Culturesco\",\"isPartOf\":{\"@id\":\"https:\\\/\\\/culturesco.com\\\/#website\"},\"primaryImageOfPage\":{\"@id\":\"https:\\\/\\\/culturesco.com\\\/index.php\\\/2022\\\/07\\\/22\\\/l-affaire-louis-trio-mobilis-in-mobile\\\/#primaryimage\"},\"image\":{\"@id\":\"https:\\\/\\\/culturesco.com\\\/index.php\\\/2022\\\/07\\\/22\\\/l-affaire-louis-trio-mobilis-in-mobile\\\/#primaryimage\"},\"thumbnailUrl\":\"https:\\\/\\\/i0.wp.com\\\/culturesco.com\\\/wp-content\\\/uploads\\\/2022\\\/07\\\/LAffaire-Louis-Trio-Front.jpg?fit=600%2C305&ssl=1\",\"datePublished\":\"2022-07-22T11:42:14+00:00\",\"dateModified\":\"2024-09-09T18:52:13+00:00\",\"description\":\"CulturesCo | \\\"Mobilis in Mobile\\\", de l'Affaire Louis' Trio, c'est un chef d'oeuvre de pop fran\u00e7aise, de rock orchestr\u00e9 m\u00e9lodique.\",\"breadcrumb\":{\"@id\":\"https:\\\/\\\/culturesco.com\\\/index.php\\\/2022\\\/07\\\/22\\\/l-affaire-louis-trio-mobilis-in-mobile\\\/#breadcrumb\"},\"inLanguage\":\"fr-FR\",\"potentialAction\":[{\"@type\":\"ReadAction\",\"target\":[\"https:\\\/\\\/culturesco.com\\\/index.php\\\/2022\\\/07\\\/22\\\/l-affaire-louis-trio-mobilis-in-mobile\\\/\"]}]},{\"@type\":\"ImageObject\",\"inLanguage\":\"fr-FR\",\"@id\":\"https:\\\/\\\/culturesco.com\\\/index.php\\\/2022\\\/07\\\/22\\\/l-affaire-louis-trio-mobilis-in-mobile\\\/#primaryimage\",\"url\":\"https:\\\/\\\/i0.wp.com\\\/culturesco.com\\\/wp-content\\\/uploads\\\/2022\\\/07\\\/LAffaire-Louis-Trio-Front.jpg?fit=600%2C305&ssl=1\",\"contentUrl\":\"https:\\\/\\\/i0.wp.com\\\/culturesco.com\\\/wp-content\\\/uploads\\\/2022\\\/07\\\/LAffaire-Louis-Trio-Front.jpg?fit=600%2C305&ssl=1\",\"width\":600,\"height\":305,\"caption\":\"L'Affaire Louis Trio\"},{\"@type\":\"BreadcrumbList\",\"@id\":\"https:\\\/\\\/culturesco.com\\\/index.php\\\/2022\\\/07\\\/22\\\/l-affaire-louis-trio-mobilis-in-mobile\\\/#breadcrumb\",\"itemListElement\":[{\"@type\":\"ListItem\",\"position\":1,\"name\":\"Accueil\",\"item\":\"https:\\\/\\\/culturesco.com\\\/\"},{\"@type\":\"ListItem\",\"position\":2,\"name\":\"L&#8217;AFFAIRE LOUIS&#8217; TRIO &#8211; Mobilis in Mobile\"}]},{\"@type\":\"WebSite\",\"@id\":\"https:\\\/\\\/culturesco.com\\\/#website\",\"url\":\"https:\\\/\\\/culturesco.com\\\/\",\"name\":\"Culturesco\",\"description\":\"Culturesco | Un bon coup de pied dans ta Culture\",\"publisher\":{\"@id\":\"https:\\\/\\\/culturesco.com\\\/#organization\"},\"potentialAction\":[{\"@type\":\"SearchAction\",\"target\":{\"@type\":\"EntryPoint\",\"urlTemplate\":\"https:\\\/\\\/culturesco.com\\\/?s={search_term_string}\"},\"query-input\":{\"@type\":\"PropertyValueSpecification\",\"valueRequired\":true,\"valueName\":\"search_term_string\"}}],\"inLanguage\":\"fr-FR\"},{\"@type\":\"Organization\",\"@id\":\"https:\\\/\\\/culturesco.com\\\/#organization\",\"name\":\"CULTURESCO\",\"url\":\"https:\\\/\\\/culturesco.com\\\/\",\"logo\":{\"@type\":\"ImageObject\",\"inLanguage\":\"fr-FR\",\"@id\":\"https:\\\/\\\/culturesco.com\\\/#\\\/schema\\\/logo\\\/image\\\/\",\"url\":\"https:\\\/\\\/i0.wp.com\\\/culturesco.com\\\/wp-content\\\/uploads\\\/2022\\\/04\\\/culturesco-logo-blanc250p.png?fit=250%2C250&ssl=1\",\"contentUrl\":\"https:\\\/\\\/i0.wp.com\\\/culturesco.com\\\/wp-content\\\/uploads\\\/2022\\\/04\\\/culturesco-logo-blanc250p.png?fit=250%2C250&ssl=1\",\"width\":250,\"height\":250,\"caption\":\"CULTURESCO\"},\"image\":{\"@id\":\"https:\\\/\\\/culturesco.com\\\/#\\\/schema\\\/logo\\\/image\\\/\"},\"sameAs\":[\"https:\\\/\\\/www.facebook.com\\\/radioculturesco\",\"https:\\\/\\\/x.com\\\/AugusteMarshal\",\"https:\\\/\\\/www.instagram.com\\\/carotte_rock_culture\\\/\",\"https:\\\/\\\/www.pinterest.fr\\\/augustemarshal\\\/\",\"https:\\\/\\\/www.youtube.com\\\/channel\\\/UCiWLGffqWSXlNnfzp6YwwyQ\"]},{\"@type\":\"Person\",\"@id\":\"https:\\\/\\\/culturesco.com\\\/#\\\/schema\\\/person\\\/19f04cf232d246197f6e7d62abe6cb0e\",\"name\":\"Thierry Dauge\",\"image\":{\"@type\":\"ImageObject\",\"inLanguage\":\"fr-FR\",\"@id\":\"https:\\\/\\\/i0.wp.com\\\/culturesco.com\\\/wp-content\\\/uploads\\\/2018\\\/12\\\/Black-Beauty-and-me.jpg?fit=96%2C96&ssl=1\",\"url\":\"https:\\\/\\\/i0.wp.com\\\/culturesco.com\\\/wp-content\\\/uploads\\\/2018\\\/12\\\/Black-Beauty-and-me.jpg?fit=96%2C96&ssl=1\",\"contentUrl\":\"https:\\\/\\\/i0.wp.com\\\/culturesco.com\\\/wp-content\\\/uploads\\\/2018\\\/12\\\/Black-Beauty-and-me.jpg?fit=96%2C96&ssl=1\",\"caption\":\"Thierry Dauge\"},\"description\":\"Amoureux des 70\u2019s et du hard rock en particulier, Thierry Dauge est chroniqueur sur Culturesco par amour de l\u2019\u00e9criture musicale. Co-auteur du livre\\\"Pop rock - Les instruments de l'ombre\\\" aux \u00e9ditions du Camion Blanc, collaborateur de Vivi pour \\\"Mes Ann\u00e9es Trust\\\", auteur de \\\"Sparks\\\" aux \u00e9ditions du Layeur, parce que le rock est loin d'\u00eatre mort ...\",\"url\":\"https:\\\/\\\/culturesco.com\\\/index.php\\\/author\\\/thierry-dauge888\\\/\"}]}<\/script>\n<!-- \/ Yoast SEO plugin. -->","yoast_head_json":{"title":"L'AFFAIRE LOUIS' TRIO - Mobilis in Mobile - Culturesco","description":"CulturesCo | \"Mobilis in Mobile\", de l'Affaire Louis' Trio, c'est un chef d'oeuvre de pop fran\u00e7aise, de rock orchestr\u00e9 m\u00e9lodique.","robots":{"index":"index","follow":"follow","max-snippet":"max-snippet:-1","max-image-preview":"max-image-preview:large","max-video-preview":"max-video-preview:-1"},"canonical":"https:\/\/culturesco.com\/index.php\/2022\/07\/22\/l-affaire-louis-trio-mobilis-in-mobile\/","og_locale":"fr_FR","og_type":"article","og_title":"L'AFFAIRE LOUIS' TRIO - Mobilis in Mobile - Culturesco","og_description":"CulturesCo | \"Mobilis in Mobile\", de l'Affaire Louis' Trio, c'est un chef d'oeuvre de pop fran\u00e7aise, de rock orchestr\u00e9 m\u00e9lodique.","og_url":"https:\/\/culturesco.com\/index.php\/2022\/07\/22\/l-affaire-louis-trio-mobilis-in-mobile\/","og_site_name":"Culturesco","article_publisher":"https:\/\/www.facebook.com\/radioculturesco","article_published_time":"2022-07-22T11:42:14+00:00","article_modified_time":"2024-09-09T18:52:13+00:00","og_image":[{"width":600,"height":305,"url":"https:\/\/culturesco.com\/wp-content\/uploads\/2022\/07\/LAffaire-Louis-Trio-Front.jpg","type":"image\/jpeg"}],"author":"Thierry Dauge","twitter_card":"summary_large_image","twitter_creator":"@AugusteMarshal","twitter_site":"@AugusteMarshal","twitter_misc":{"\u00c9crit par":"Thierry Dauge","Dur\u00e9e de lecture estim\u00e9e":"4 minutes"},"schema":{"@context":"https:\/\/schema.org","@graph":[{"@type":"Article","@id":"https:\/\/culturesco.com\/index.php\/2022\/07\/22\/l-affaire-louis-trio-mobilis-in-mobile\/#article","isPartOf":{"@id":"https:\/\/culturesco.com\/index.php\/2022\/07\/22\/l-affaire-louis-trio-mobilis-in-mobile\/"},"author":{"name":"Thierry Dauge","@id":"https:\/\/culturesco.com\/#\/schema\/person\/19f04cf232d246197f6e7d62abe6cb0e"},"headline":"L&rsquo;AFFAIRE LOUIS&rsquo; TRIO &#8211; Mobilis in Mobile","datePublished":"2022-07-22T11:42:14+00:00","dateModified":"2024-09-09T18:52:13+00:00","mainEntityOfPage":{"@id":"https:\/\/culturesco.com\/index.php\/2022\/07\/22\/l-affaire-louis-trio-mobilis-in-mobile\/"},"wordCount":766,"commentCount":0,"publisher":{"@id":"https:\/\/culturesco.com\/#organization"},"image":{"@id":"https:\/\/culturesco.com\/index.php\/2022\/07\/22\/l-affaire-louis-trio-mobilis-in-mobile\/#primaryimage"},"thumbnailUrl":"https:\/\/i0.wp.com\/culturesco.com\/wp-content\/uploads\/2022\/07\/LAffaire-Louis-Trio-Front.jpg?fit=600%2C305&ssl=1","keywords":["album rock","chanson fran\u00e7aise","Rock fran\u00e7ais"],"articleSection":["Albums rock","Carotte Rock Cultures"],"inLanguage":"fr-FR","potentialAction":[{"@type":"CommentAction","name":"Comment","target":["https:\/\/culturesco.com\/index.php\/2022\/07\/22\/l-affaire-louis-trio-mobilis-in-mobile\/#respond"]}]},{"@type":"WebPage","@id":"https:\/\/culturesco.com\/index.php\/2022\/07\/22\/l-affaire-louis-trio-mobilis-in-mobile\/","url":"https:\/\/culturesco.com\/index.php\/2022\/07\/22\/l-affaire-louis-trio-mobilis-in-mobile\/","name":"L'AFFAIRE LOUIS' TRIO - Mobilis in Mobile - Culturesco","isPartOf":{"@id":"https:\/\/culturesco.com\/#website"},"primaryImageOfPage":{"@id":"https:\/\/culturesco.com\/index.php\/2022\/07\/22\/l-affaire-louis-trio-mobilis-in-mobile\/#primaryimage"},"image":{"@id":"https:\/\/culturesco.com\/index.php\/2022\/07\/22\/l-affaire-louis-trio-mobilis-in-mobile\/#primaryimage"},"thumbnailUrl":"https:\/\/i0.wp.com\/culturesco.com\/wp-content\/uploads\/2022\/07\/LAffaire-Louis-Trio-Front.jpg?fit=600%2C305&ssl=1","datePublished":"2022-07-22T11:42:14+00:00","dateModified":"2024-09-09T18:52:13+00:00","description":"CulturesCo | \"Mobilis in Mobile\", de l'Affaire Louis' Trio, c'est un chef d'oeuvre de pop fran\u00e7aise, de rock orchestr\u00e9 m\u00e9lodique.","breadcrumb":{"@id":"https:\/\/culturesco.com\/index.php\/2022\/07\/22\/l-affaire-louis-trio-mobilis-in-mobile\/#breadcrumb"},"inLanguage":"fr-FR","potentialAction":[{"@type":"ReadAction","target":["https:\/\/culturesco.com\/index.php\/2022\/07\/22\/l-affaire-louis-trio-mobilis-in-mobile\/"]}]},{"@type":"ImageObject","inLanguage":"fr-FR","@id":"https:\/\/culturesco.com\/index.php\/2022\/07\/22\/l-affaire-louis-trio-mobilis-in-mobile\/#primaryimage","url":"https:\/\/i0.wp.com\/culturesco.com\/wp-content\/uploads\/2022\/07\/LAffaire-Louis-Trio-Front.jpg?fit=600%2C305&ssl=1","contentUrl":"https:\/\/i0.wp.com\/culturesco.com\/wp-content\/uploads\/2022\/07\/LAffaire-Louis-Trio-Front.jpg?fit=600%2C305&ssl=1","width":600,"height":305,"caption":"L'Affaire Louis Trio"},{"@type":"BreadcrumbList","@id":"https:\/\/culturesco.com\/index.php\/2022\/07\/22\/l-affaire-louis-trio-mobilis-in-mobile\/#breadcrumb","itemListElement":[{"@type":"ListItem","position":1,"name":"Accueil","item":"https:\/\/culturesco.com\/"},{"@type":"ListItem","position":2,"name":"L&#8217;AFFAIRE LOUIS&#8217; TRIO &#8211; Mobilis in Mobile"}]},{"@type":"WebSite","@id":"https:\/\/culturesco.com\/#website","url":"https:\/\/culturesco.com\/","name":"Culturesco","description":"Culturesco | Un bon coup de pied dans ta Culture","publisher":{"@id":"https:\/\/culturesco.com\/#organization"},"potentialAction":[{"@type":"SearchAction","target":{"@type":"EntryPoint","urlTemplate":"https:\/\/culturesco.com\/?s={search_term_string}"},"query-input":{"@type":"PropertyValueSpecification","valueRequired":true,"valueName":"search_term_string"}}],"inLanguage":"fr-FR"},{"@type":"Organization","@id":"https:\/\/culturesco.com\/#organization","name":"CULTURESCO","url":"https:\/\/culturesco.com\/","logo":{"@type":"ImageObject","inLanguage":"fr-FR","@id":"https:\/\/culturesco.com\/#\/schema\/logo\/image\/","url":"https:\/\/i0.wp.com\/culturesco.com\/wp-content\/uploads\/2022\/04\/culturesco-logo-blanc250p.png?fit=250%2C250&ssl=1","contentUrl":"https:\/\/i0.wp.com\/culturesco.com\/wp-content\/uploads\/2022\/04\/culturesco-logo-blanc250p.png?fit=250%2C250&ssl=1","width":250,"height":250,"caption":"CULTURESCO"},"image":{"@id":"https:\/\/culturesco.com\/#\/schema\/logo\/image\/"},"sameAs":["https:\/\/www.facebook.com\/radioculturesco","https:\/\/x.com\/AugusteMarshal","https:\/\/www.instagram.com\/carotte_rock_culture\/","https:\/\/www.pinterest.fr\/augustemarshal\/","https:\/\/www.youtube.com\/channel\/UCiWLGffqWSXlNnfzp6YwwyQ"]},{"@type":"Person","@id":"https:\/\/culturesco.com\/#\/schema\/person\/19f04cf232d246197f6e7d62abe6cb0e","name":"Thierry Dauge","image":{"@type":"ImageObject","inLanguage":"fr-FR","@id":"https:\/\/i0.wp.com\/culturesco.com\/wp-content\/uploads\/2018\/12\/Black-Beauty-and-me.jpg?fit=96%2C96&ssl=1","url":"https:\/\/i0.wp.com\/culturesco.com\/wp-content\/uploads\/2018\/12\/Black-Beauty-and-me.jpg?fit=96%2C96&ssl=1","contentUrl":"https:\/\/i0.wp.com\/culturesco.com\/wp-content\/uploads\/2018\/12\/Black-Beauty-and-me.jpg?fit=96%2C96&ssl=1","caption":"Thierry Dauge"},"description":"Amoureux des 70\u2019s et du hard rock en particulier, Thierry Dauge est chroniqueur sur Culturesco par amour de l\u2019\u00e9criture musicale. Co-auteur du livre\"Pop rock - Les instruments de l'ombre\" aux \u00e9ditions du Camion Blanc, collaborateur de Vivi pour \"Mes Ann\u00e9es Trust\", auteur de \"Sparks\" aux \u00e9ditions du Layeur, parce que le rock est loin d'\u00eatre mort ...","url":"https:\/\/culturesco.com\/index.php\/author\/thierry-dauge888\/"}]}},"jetpack_featured_media_url":"https:\/\/i0.wp.com\/culturesco.com\/wp-content\/uploads\/2022\/07\/LAffaire-Louis-Trio-Front.jpg?fit=600%2C305&ssl=1","jetpack_likes_enabled":true,"jetpack_sharing_enabled":true,"jetpack_shortlink":"https:\/\/wp.me\/paz89I-4wV","_links":{"self":[{"href":"https:\/\/culturesco.com\/index.php\/wp-json\/wp\/v2\/posts\/17417","targetHints":{"allow":["GET"]}}],"collection":[{"href":"https:\/\/culturesco.com\/index.php\/wp-json\/wp\/v2\/posts"}],"about":[{"href":"https:\/\/culturesco.com\/index.php\/wp-json\/wp\/v2\/types\/post"}],"author":[{"embeddable":true,"href":"https:\/\/culturesco.com\/index.php\/wp-json\/wp\/v2\/users\/3"}],"replies":[{"embeddable":true,"href":"https:\/\/culturesco.com\/index.php\/wp-json\/wp\/v2\/comments?post=17417"}],"version-history":[{"count":0,"href":"https:\/\/culturesco.com\/index.php\/wp-json\/wp\/v2\/posts\/17417\/revisions"}],"wp:featuredmedia":[{"embeddable":true,"href":"https:\/\/culturesco.com\/index.php\/wp-json\/wp\/v2\/media\/17418"}],"wp:attachment":[{"href":"https:\/\/culturesco.com\/index.php\/wp-json\/wp\/v2\/media?parent=17417"}],"wp:term":[{"taxonomy":"category","embeddable":true,"href":"https:\/\/culturesco.com\/index.php\/wp-json\/wp\/v2\/categories?post=17417"},{"taxonomy":"post_tag","embeddable":true,"href":"https:\/\/culturesco.com\/index.php\/wp-json\/wp\/v2\/tags?post=17417"}],"curies":[{"name":"wp","href":"https:\/\/api.w.org\/{rel}","templated":true}]}}