{"id":17401,"date":"2022-07-20T19:07:44","date_gmt":"2022-07-20T17:07:44","guid":{"rendered":"https:\/\/culturesco.com\/?p=17401"},"modified":"2022-07-20T19:07:44","modified_gmt":"2022-07-20T17:07:44","slug":"les-innocents-un-monde-parfait","status":"publish","type":"post","link":"https:\/\/culturesco.com\/index.php\/2022\/07\/20\/les-innocents-un-monde-parfait\/","title":{"rendered":"LES INNOCENTS &#8211; Un Monde Parfait"},"content":{"rendered":"<h2>LES INNOCENTS &#8211; Un Monde Parfait<\/h2>\n<p><img data-recalc-dims=\"1\" loading=\"lazy\" decoding=\"async\" class=\" wp-image-17402 aligncenter\" src=\"https:\/\/i0.wp.com\/culturesco.com\/wp-content\/uploads\/2022\/07\/Les-Innocents-Front.jpg?resize=601%2C316&#038;ssl=1\" alt=\"Les Innocents\" width=\"601\" height=\"316\" srcset=\"https:\/\/i0.wp.com\/culturesco.com\/wp-content\/uploads\/2022\/07\/Les-Innocents-Front.jpg?resize=300%2C158&amp;ssl=1 300w, https:\/\/i0.wp.com\/culturesco.com\/wp-content\/uploads\/2022\/07\/Les-Innocents-Front.jpg?resize=768%2C403&amp;ssl=1 768w, https:\/\/i0.wp.com\/culturesco.com\/wp-content\/uploads\/2022\/07\/Les-Innocents-Front.jpg?resize=696%2C366&amp;ssl=1 696w, https:\/\/i0.wp.com\/culturesco.com\/wp-content\/uploads\/2022\/07\/Les-Innocents-Front.jpg?resize=1068%2C563&amp;ssl=1 1068w, https:\/\/i0.wp.com\/culturesco.com\/wp-content\/uploads\/2022\/07\/Les-Innocents-Front.jpg?resize=800%2C420&amp;ssl=1 800w, https:\/\/i0.wp.com\/culturesco.com\/wp-content\/uploads\/2022\/07\/Les-Innocents-Front.jpg?w=600&amp;ssl=1 600w, https:\/\/i0.wp.com\/culturesco.com\/wp-content\/uploads\/2022\/07\/Les-Innocents-Front.jpg?resize=114%2C60&amp;ssl=1 114w, https:\/\/i0.wp.com\/culturesco.com\/wp-content\/uploads\/2022\/07\/Les-Innocents-Front.jpg?resize=171%2C90&amp;ssl=1 171w\" sizes=\"auto, (max-width: 601px) 100vw, 601px\" \/><\/p>\n<p style=\"text-align: justify;\">De \u00ab <strong>L\u2019autre Finist\u00e8re<\/strong> \u00bb (1992) \u00e0 \u00ab <strong>Un Monde Parfait<\/strong> \u00bb (1995), <strong>Les Innocents<\/strong> se retrouvent avec <strong>les mains pleines<\/strong>. Mais \u00e7a n\u2019est pas tout, parce qu\u2019\u00ab <strong>Un Homme Extraordinaire<\/strong> \u00bb \u2026<\/p>\n<h3>LES INNOCENTS &#8211; Un Homme Extraordinaire<\/h3>\n<div class=\"youtube-embed\" data-video_id=\"MCXd_9wsT5w\"><iframe loading=\"lazy\" title=\"Les Innocents - Un homme extraordinaire (Clip officiel)\" width=\"696\" height=\"522\" src=\"https:\/\/www.youtube.com\/embed\/MCXd_9wsT5w\" frameborder=\"0\" allow=\"accelerometer; autoplay; clipboard-write; encrypted-media; gyroscope; picture-in-picture; web-share\" referrerpolicy=\"strict-origin-when-cross-origin\" allowfullscreen><\/iframe><\/div>\n<p style=\"text-align: justify;\">\u2026 et \u00ab <a href=\"https:\/\/www.youtube.com\/watch?v=lIO2aD5vUbo\" target=\"_blank\" rel=\"noopener\"><strong>Fous \u00e0 Lier<\/strong><\/a> \u00bb (1992) \u00ab <strong>Colore<\/strong> \u00bb (1995) l\u2019\u00ab <strong>Apache<\/strong> \u00bb (2018) \u00ab <strong>Quand La Nuit Tombe<\/strong> \u00bb (2019) ! Si, d\u00e8s 1987, \u00ab <a href=\"https:\/\/www.youtube.com\/watch?v=3Cls5W5RogA\" target=\"_blank\" rel=\"noopener\"><strong>Jodie<\/strong><\/a> \u00bb s\u2019\u00e9tait dout\u00e9e de cela, peut-\u00eatre aurait-elle \u00e9t\u00e9 moins \u00ab <em>\u2026 fatigu\u00e9e d\u2019entendre, de belles phrases qu\u2019elle ne sait pas comprendre \u2026<\/em> \u00bb, allez savoir ?!<\/p>\n<p style=\"text-align: justify;\">Avec cette revue de \u00ab d\u00e9tails \u00bb, on comprend pourquoi <strong>le groupe parisien s\u2019est inscrit durablement dans le monde de la pop \/ rock po\u00e9tique fran\u00e7aise<\/strong> ; 1992 et 1995 en point d\u2019orgue. Un groupe fran\u00e7ais capable de <strong>coloriser le quotidien \u2026<\/strong><\/p>\n<h3>Colore<\/h3>\n<div class=\"youtube-embed\" data-video_id=\"KJ9ekaUzD5w\"><iframe loading=\"lazy\" title=\"Les Innocents - Colore (Clip officiel)\" width=\"696\" height=\"522\" src=\"https:\/\/www.youtube.com\/embed\/KJ9ekaUzD5w\" frameborder=\"0\" allow=\"accelerometer; autoplay; clipboard-write; encrypted-media; gyroscope; picture-in-picture; web-share\" referrerpolicy=\"strict-origin-when-cross-origin\" allowfullscreen><\/iframe><\/div>\n<p style=\"text-align: justify;\">Est-ce un hasard si au c\u0153ur des deux albums <strong><em>Fous \u00e0 Lier<\/em><\/strong> (1992) et <strong><em>Post Partum<\/em><\/strong> (1995) on retrouve <a href=\"https:\/\/fr.wikipedia.org\/wiki\/Dominique_Blanc-Francard\" target=\"_blank\" rel=\"noopener\"><strong>Dominique Blanc-Francard<\/strong><\/a> au mixage de l\u2019un et \u00e0 la r\u00e9alisation de l\u2019autre ? <strong>Magicien de studio<\/strong>, ex op\u00e9rateur au mythique Ch\u00e2teau d\u2019H\u00e9rouville, l\u2019ing\u00e9nieur du son n\u2019a pas son pareil pour <strong>comprendre et \u00ab fleurir \u00bb la d\u00e9marche artistique des musiciens<\/strong> fran\u00e7ais. Et lorsque<strong> les compositions<\/strong> sur lesquelles il se penche <strong>atteignent ce niveau de perfection<\/strong>, l\u2019osmose est parfaite.<\/p>\n<p><img data-recalc-dims=\"1\" loading=\"lazy\" decoding=\"async\" class=\" wp-image-17403 aligncenter\" src=\"https:\/\/i0.wp.com\/culturesco.com\/wp-content\/uploads\/2022\/07\/Les-Innocents-Inner.jpg?resize=568%2C284&#038;ssl=1\" alt=\"Les Innocents\" width=\"568\" height=\"284\" srcset=\"https:\/\/i0.wp.com\/culturesco.com\/wp-content\/uploads\/2022\/07\/Les-Innocents-Inner.jpg?resize=300%2C150&amp;ssl=1 300w, https:\/\/i0.wp.com\/culturesco.com\/wp-content\/uploads\/2022\/07\/Les-Innocents-Inner.jpg?resize=768%2C383&amp;ssl=1 768w, https:\/\/i0.wp.com\/culturesco.com\/wp-content\/uploads\/2022\/07\/Les-Innocents-Inner.jpg?resize=696%2C347&amp;ssl=1 696w, https:\/\/i0.wp.com\/culturesco.com\/wp-content\/uploads\/2022\/07\/Les-Innocents-Inner.jpg?resize=842%2C420&amp;ssl=1 842w, https:\/\/i0.wp.com\/culturesco.com\/wp-content\/uploads\/2022\/07\/Les-Innocents-Inner.jpg?w=600&amp;ssl=1 600w, https:\/\/i0.wp.com\/culturesco.com\/wp-content\/uploads\/2022\/07\/Les-Innocents-Inner.jpg?resize=120%2C60&amp;ssl=1 120w, https:\/\/i0.wp.com\/culturesco.com\/wp-content\/uploads\/2022\/07\/Les-Innocents-Inner.jpg?resize=180%2C90&amp;ssl=1 180w\" sizes=\"auto, (max-width: 568px) 100vw, 568px\" \/><\/p>\n<p style=\"text-align: justify;\">Musiques et m\u00e9lodies faisant \u00ab mouche \u00bb \u00e0 elles seules, <strong>que dire des textes ?<\/strong><\/p>\n<h3 style=\"text-align: justify;\">\u00ab <em>Et puis on s\u00b4imagine des choses et des choses, que nos liens c\u00b4est l\u00b4argile des promesses faciles, sans voir que sous la patine du temps, il y a des roses, des jardins fertiles<\/em> \u00bb<\/h3>\n<p style=\"text-align: justify;\">\u2026 L\u2019autre Finist\u00e8re.<\/p>\n<h3>LES INNOCENTS &#8211; L&rsquo;Autre Finist\u00e8re<\/h3>\n<div class=\"youtube-embed\" data-video_id=\"ul33IBtf-vc\"><iframe loading=\"lazy\" title=\"Les Innocents - L&#039;Autre Finist\u00e8re (Clip officiel)\" width=\"696\" height=\"522\" src=\"https:\/\/www.youtube.com\/embed\/ul33IBtf-vc\" frameborder=\"0\" allow=\"accelerometer; autoplay; clipboard-write; encrypted-media; gyroscope; picture-in-picture; web-share\" referrerpolicy=\"strict-origin-when-cross-origin\" allowfullscreen><\/iframe><\/div>\n<p style=\"text-align: justify;\">Malgr\u00e9 le succ\u00e8s, ou \u00e0 cause de celui-ci, <strong>Les Innocents finissent par innocemment se s\u00e9parer.<\/strong> L\u2019av\u00e8nement du nouveau mill\u00e9naire signe donc la fin du quatuor.<\/p>\n<p style=\"text-align: justify;\">Quinze ans plus tard, en <strong>2015<\/strong>, <strong>Jean-Philippe Nataf et Jean-Christophe Urbain<\/strong>, les deux principaux auteurs \/ compositeurs du groupe, <strong>r\u00e9unissent \u00e0 nouveau leurs particularismes.<\/strong> <strong>Les Innocents<\/strong> existeront donc \u00e0 pr\u00e9sent sous la forme d\u2019<strong>un duo<\/strong>, les concerts laissant place \u00e0 un octroi de musiciens additionnels. Sort un disque, <a href=\"https:\/\/www.youtube.com\/watch?v=t8NaESwHAh0\" target=\"_blank\" rel=\"noopener\"><strong><em>Mandarine<\/em><\/strong><\/a>, qui, s\u2019il satisfait les fans de base, <strong>laisse le grand public indiff\u00e9rent.<\/strong><\/p>\n<p style=\"text-align: justify;\">En <strong>2019<\/strong>, pour la parution de <strong><em>6 1\/2<\/em><\/strong>, un<strong> regain d\u2019int\u00e9r\u00eat<\/strong> des radios se fait jour. Exit le signe indien ? Toujours est-il qu\u2019un single des Innocents parcoure \u00e0 nouveau les grands espaces de la bande FM, \u00ab <strong>Apache<\/strong> \u00bb.<\/p>\n<h3>Apache<\/h3>\n<div class=\"youtube-embed\" data-video_id=\"bllc0KxPbYA\"><iframe loading=\"lazy\" title=\"Les Innocents - Apache (Clip officiel)\" width=\"696\" height=\"392\" src=\"https:\/\/www.youtube.com\/embed\/bllc0KxPbYA\" frameborder=\"0\" allow=\"accelerometer; autoplay; clipboard-write; encrypted-media; gyroscope; picture-in-picture; web-share\" referrerpolicy=\"strict-origin-when-cross-origin\" allowfullscreen><\/iframe><\/div>\n<p style=\"text-align: justify;\">S\u2019il s\u2019agit du seul morceau extrait du long format, il c\u00f4toie d\u2019autres p\u00e9pites,<strong> des ritournelles addictives<\/strong> apparent\u00e9es \u00e0 ce que le groupe proposait dans les 90\u2019s. Manque d\u2019exposition m\u00e9diatique ? Le bin\u00f4me Nataf \/ Urbain semblant <strong>pr\u00e9f\u00e9rer les r\u00e9unions intimistes aux grands raouts<\/strong>, c\u2019est sans fracas qu\u2019ils servent \u00e0 pr\u00e9sent <strong>leurs bouquets de chansons pop.<\/strong><\/p>\n<h3>LES INNOCENTS &#8211; Quand La Nuit Tombe<\/h3>\n<div class=\"youtube-embed\" data-video_id=\"_VOa9iFkpMA\"><iframe loading=\"lazy\" title=\"Les Innocents - Quand la nuit tombe (Clip officiel)\" width=\"696\" height=\"392\" src=\"https:\/\/www.youtube.com\/embed\/_VOa9iFkpMA\" frameborder=\"0\" allow=\"accelerometer; autoplay; clipboard-write; encrypted-media; gyroscope; picture-in-picture; web-share\" referrerpolicy=\"strict-origin-when-cross-origin\" allowfullscreen><\/iframe><\/div>\n<p style=\"text-align: justify;\">Outre la musique, tournant des vid\u00e9os \u00e0 la mesure de leur talent, <strong>nos po\u00e8tes ont toujours cultiv\u00e9 l\u2019art de l\u2019image<\/strong>. M\u00e9lodies, textes, discr\u00e8te apparence, ils nous mettent en pr\u00e9sence d\u2019une sorte <strong>d\u2019id\u00e9al musical<\/strong>. Si tant est que, dans ce milieu, \u00e7a puisse exister, <strong>les fondements d\u2019un monde parfait<\/strong>.<\/p>\n<h3>Un Monde Parfait<\/h3>\n<div class=\"youtube-embed\" data-video_id=\"b8HlcGIqyUs\"><iframe loading=\"lazy\" title=\"Les Innocents - Un monde parfait (Clip officiel)\" width=\"696\" height=\"522\" src=\"https:\/\/www.youtube.com\/embed\/b8HlcGIqyUs\" frameborder=\"0\" allow=\"accelerometer; autoplay; clipboard-write; encrypted-media; gyroscope; picture-in-picture; web-share\" referrerpolicy=\"strict-origin-when-cross-origin\" allowfullscreen><\/iframe><\/div>\n<p>Thierry Dauge<\/p>\n","protected":false},"excerpt":{"rendered":"<p>LES INNOCENTS &#8211; Un Monde Parfait De \u00ab L\u2019autre Finist\u00e8re \u00bb (1992) \u00e0 \u00ab Un Monde Parfait \u00bb (1995), Les Innocents se retrouvent avec les mains pleines. Mais \u00e7a n\u2019est pas tout, parce qu\u2019\u00ab Un Homme Extraordinaire \u00bb \u2026 LES INNOCENTS &#8211; Un Homme Extraordinaire \u2026 et \u00ab Fous \u00e0 Lier \u00bb (1992) \u00ab Colore [&hellip;]<\/p>\n","protected":false},"author":3,"featured_media":17402,"comment_status":"open","ping_status":"open","sticky":false,"template":"","format":"image","meta":{"jetpack_post_was_ever_published":false,"tdm_status":"","tdm_grid_status":"","_jetpack_newsletter_access":"","_jetpack_dont_email_post_to_subs":false,"_jetpack_newsletter_tier_id":0,"_jetpack_memberships_contains_paywalled_content":false,"_jetpack_memberships_contains_paid_content":false,"footnotes":""},"categories":[30,17,14344,36,33],"tags":[37,40,52,51],"class_list":{"0":"post-17401","1":"post","2":"type-post","3":"status-publish","4":"format-image","5":"has-post-thumbnail","7":"category-albums-rock","8":"category-carotte-rock-cultures","9":"category-chanson-francaise","10":"category-groupes-rock-daujourdhui","11":"category-histoire-du-rock","12":"tag-album-rock","13":"tag-chanson-francaise","14":"tag-groupe-rock-actuel","15":"tag-rock-francais","16":"post_format-post-format-image"},"yoast_head":"<!-- This site is optimized with the Yoast SEO plugin v27.5 - https:\/\/yoast.com\/product\/yoast-seo-wordpress\/ -->\n<title>LES INNOCENTS - Un Monde Parfait - Culturesco rock fran\u00e7ais<\/title>\n<meta name=\"description\" content=\"CulturesCo | Les Innocents sont les repr\u00e9sentants d&#039;une pop rock en fran\u00e7ais tant puissante m\u00e9lodiquement que porteuse de textes\" \/>\n<meta name=\"robots\" content=\"index, follow, max-snippet:-1, max-image-preview:large, max-video-preview:-1\" \/>\n<link rel=\"canonical\" href=\"https:\/\/culturesco.com\/index.php\/2022\/07\/20\/les-innocents-un-monde-parfait\/\" \/>\n<meta property=\"og:locale\" content=\"fr_FR\" \/>\n<meta property=\"og:type\" content=\"article\" \/>\n<meta property=\"og:title\" content=\"LES INNOCENTS - Un Monde Parfait - Culturesco rock fran\u00e7ais\" \/>\n<meta property=\"og:description\" content=\"CulturesCo | Les Innocents sont les repr\u00e9sentants d&#039;une pop rock en fran\u00e7ais tant puissante m\u00e9lodiquement que porteuse de textes\" \/>\n<meta property=\"og:url\" content=\"https:\/\/culturesco.com\/index.php\/2022\/07\/20\/les-innocents-un-monde-parfait\/\" \/>\n<meta property=\"og:site_name\" content=\"Culturesco\" \/>\n<meta property=\"article:publisher\" content=\"https:\/\/www.facebook.com\/radioculturesco\" \/>\n<meta property=\"article:published_time\" content=\"2022-07-20T17:07:44+00:00\" \/>\n<meta property=\"og:image\" content=\"https:\/\/culturesco.com\/wp-content\/uploads\/2022\/07\/Les-Innocents-Front.jpg\" \/>\n\t<meta property=\"og:image:width\" content=\"600\" \/>\n\t<meta property=\"og:image:height\" content=\"315\" \/>\n\t<meta property=\"og:image:type\" content=\"image\/jpeg\" \/>\n<meta name=\"author\" content=\"Thierry Dauge\" \/>\n<meta name=\"twitter:card\" content=\"summary_large_image\" \/>\n<meta name=\"twitter:creator\" content=\"@AugusteMarshal\" \/>\n<meta name=\"twitter:site\" content=\"@AugusteMarshal\" \/>\n<meta name=\"twitter:label1\" content=\"\u00c9crit par\" \/>\n\t<meta name=\"twitter:data1\" content=\"Thierry Dauge\" \/>\n\t<meta name=\"twitter:label2\" content=\"Dur\u00e9e de lecture estim\u00e9e\" \/>\n\t<meta name=\"twitter:data2\" content=\"3 minutes\" \/>\n<script type=\"application\/ld+json\" class=\"yoast-schema-graph\">{\"@context\":\"https:\\\/\\\/schema.org\",\"@graph\":[{\"@type\":\"Article\",\"@id\":\"https:\\\/\\\/culturesco.com\\\/index.php\\\/2022\\\/07\\\/20\\\/les-innocents-un-monde-parfait\\\/#article\",\"isPartOf\":{\"@id\":\"https:\\\/\\\/culturesco.com\\\/index.php\\\/2022\\\/07\\\/20\\\/les-innocents-un-monde-parfait\\\/\"},\"author\":{\"name\":\"Thierry Dauge\",\"@id\":\"https:\\\/\\\/culturesco.com\\\/#\\\/schema\\\/person\\\/19f04cf232d246197f6e7d62abe6cb0e\"},\"headline\":\"LES INNOCENTS &#8211; Un Monde Parfait\",\"datePublished\":\"2022-07-20T17:07:44+00:00\",\"mainEntityOfPage\":{\"@id\":\"https:\\\/\\\/culturesco.com\\\/index.php\\\/2022\\\/07\\\/20\\\/les-innocents-un-monde-parfait\\\/\"},\"wordCount\":584,\"commentCount\":0,\"publisher\":{\"@id\":\"https:\\\/\\\/culturesco.com\\\/#organization\"},\"image\":{\"@id\":\"https:\\\/\\\/culturesco.com\\\/index.php\\\/2022\\\/07\\\/20\\\/les-innocents-un-monde-parfait\\\/#primaryimage\"},\"thumbnailUrl\":\"https:\\\/\\\/i0.wp.com\\\/culturesco.com\\\/wp-content\\\/uploads\\\/2022\\\/07\\\/Les-Innocents-Front.jpg?fit=600%2C315&ssl=1\",\"keywords\":[\"album rock\",\"chanson fran\u00e7aise\",\"groupe rock actuel\",\"Rock fran\u00e7ais\"],\"articleSection\":[\"Albums rock\",\"Carotte Rock Cultures\",\"Chanson fran\u00e7aise\",\"Groupes rock d'aujourd'hui\",\"Histoire du rock\"],\"inLanguage\":\"fr-FR\",\"potentialAction\":[{\"@type\":\"CommentAction\",\"name\":\"Comment\",\"target\":[\"https:\\\/\\\/culturesco.com\\\/index.php\\\/2022\\\/07\\\/20\\\/les-innocents-un-monde-parfait\\\/#respond\"]}]},{\"@type\":\"WebPage\",\"@id\":\"https:\\\/\\\/culturesco.com\\\/index.php\\\/2022\\\/07\\\/20\\\/les-innocents-un-monde-parfait\\\/\",\"url\":\"https:\\\/\\\/culturesco.com\\\/index.php\\\/2022\\\/07\\\/20\\\/les-innocents-un-monde-parfait\\\/\",\"name\":\"LES INNOCENTS - Un Monde Parfait - Culturesco rock fran\u00e7ais\",\"isPartOf\":{\"@id\":\"https:\\\/\\\/culturesco.com\\\/#website\"},\"primaryImageOfPage\":{\"@id\":\"https:\\\/\\\/culturesco.com\\\/index.php\\\/2022\\\/07\\\/20\\\/les-innocents-un-monde-parfait\\\/#primaryimage\"},\"image\":{\"@id\":\"https:\\\/\\\/culturesco.com\\\/index.php\\\/2022\\\/07\\\/20\\\/les-innocents-un-monde-parfait\\\/#primaryimage\"},\"thumbnailUrl\":\"https:\\\/\\\/i0.wp.com\\\/culturesco.com\\\/wp-content\\\/uploads\\\/2022\\\/07\\\/Les-Innocents-Front.jpg?fit=600%2C315&ssl=1\",\"datePublished\":\"2022-07-20T17:07:44+00:00\",\"description\":\"CulturesCo | Les Innocents sont les repr\u00e9sentants d'une pop rock en fran\u00e7ais tant puissante m\u00e9lodiquement que porteuse de textes\",\"breadcrumb\":{\"@id\":\"https:\\\/\\\/culturesco.com\\\/index.php\\\/2022\\\/07\\\/20\\\/les-innocents-un-monde-parfait\\\/#breadcrumb\"},\"inLanguage\":\"fr-FR\",\"potentialAction\":[{\"@type\":\"ReadAction\",\"target\":[\"https:\\\/\\\/culturesco.com\\\/index.php\\\/2022\\\/07\\\/20\\\/les-innocents-un-monde-parfait\\\/\"]}]},{\"@type\":\"ImageObject\",\"inLanguage\":\"fr-FR\",\"@id\":\"https:\\\/\\\/culturesco.com\\\/index.php\\\/2022\\\/07\\\/20\\\/les-innocents-un-monde-parfait\\\/#primaryimage\",\"url\":\"https:\\\/\\\/i0.wp.com\\\/culturesco.com\\\/wp-content\\\/uploads\\\/2022\\\/07\\\/Les-Innocents-Front.jpg?fit=600%2C315&ssl=1\",\"contentUrl\":\"https:\\\/\\\/i0.wp.com\\\/culturesco.com\\\/wp-content\\\/uploads\\\/2022\\\/07\\\/Les-Innocents-Front.jpg?fit=600%2C315&ssl=1\",\"width\":600,\"height\":315,\"caption\":\"Les Innocents\"},{\"@type\":\"BreadcrumbList\",\"@id\":\"https:\\\/\\\/culturesco.com\\\/index.php\\\/2022\\\/07\\\/20\\\/les-innocents-un-monde-parfait\\\/#breadcrumb\",\"itemListElement\":[{\"@type\":\"ListItem\",\"position\":1,\"name\":\"Accueil\",\"item\":\"https:\\\/\\\/culturesco.com\\\/\"},{\"@type\":\"ListItem\",\"position\":2,\"name\":\"LES INNOCENTS &#8211; Un Monde Parfait\"}]},{\"@type\":\"WebSite\",\"@id\":\"https:\\\/\\\/culturesco.com\\\/#website\",\"url\":\"https:\\\/\\\/culturesco.com\\\/\",\"name\":\"Culturesco\",\"description\":\"Culturesco | Un bon coup de pied dans ta Culture\",\"publisher\":{\"@id\":\"https:\\\/\\\/culturesco.com\\\/#organization\"},\"potentialAction\":[{\"@type\":\"SearchAction\",\"target\":{\"@type\":\"EntryPoint\",\"urlTemplate\":\"https:\\\/\\\/culturesco.com\\\/?s={search_term_string}\"},\"query-input\":{\"@type\":\"PropertyValueSpecification\",\"valueRequired\":true,\"valueName\":\"search_term_string\"}}],\"inLanguage\":\"fr-FR\"},{\"@type\":\"Organization\",\"@id\":\"https:\\\/\\\/culturesco.com\\\/#organization\",\"name\":\"CULTURESCO\",\"url\":\"https:\\\/\\\/culturesco.com\\\/\",\"logo\":{\"@type\":\"ImageObject\",\"inLanguage\":\"fr-FR\",\"@id\":\"https:\\\/\\\/culturesco.com\\\/#\\\/schema\\\/logo\\\/image\\\/\",\"url\":\"https:\\\/\\\/i0.wp.com\\\/culturesco.com\\\/wp-content\\\/uploads\\\/2022\\\/04\\\/culturesco-logo-blanc250p.png?fit=250%2C250&ssl=1\",\"contentUrl\":\"https:\\\/\\\/i0.wp.com\\\/culturesco.com\\\/wp-content\\\/uploads\\\/2022\\\/04\\\/culturesco-logo-blanc250p.png?fit=250%2C250&ssl=1\",\"width\":250,\"height\":250,\"caption\":\"CULTURESCO\"},\"image\":{\"@id\":\"https:\\\/\\\/culturesco.com\\\/#\\\/schema\\\/logo\\\/image\\\/\"},\"sameAs\":[\"https:\\\/\\\/www.facebook.com\\\/radioculturesco\",\"https:\\\/\\\/x.com\\\/AugusteMarshal\",\"https:\\\/\\\/www.instagram.com\\\/carotte_rock_culture\\\/\",\"https:\\\/\\\/www.pinterest.fr\\\/augustemarshal\\\/\",\"https:\\\/\\\/www.youtube.com\\\/channel\\\/UCiWLGffqWSXlNnfzp6YwwyQ\"]},{\"@type\":\"Person\",\"@id\":\"https:\\\/\\\/culturesco.com\\\/#\\\/schema\\\/person\\\/19f04cf232d246197f6e7d62abe6cb0e\",\"name\":\"Thierry Dauge\",\"image\":{\"@type\":\"ImageObject\",\"inLanguage\":\"fr-FR\",\"@id\":\"https:\\\/\\\/i0.wp.com\\\/culturesco.com\\\/wp-content\\\/uploads\\\/2018\\\/12\\\/Black-Beauty-and-me.jpg?fit=96%2C96&ssl=1\",\"url\":\"https:\\\/\\\/i0.wp.com\\\/culturesco.com\\\/wp-content\\\/uploads\\\/2018\\\/12\\\/Black-Beauty-and-me.jpg?fit=96%2C96&ssl=1\",\"contentUrl\":\"https:\\\/\\\/i0.wp.com\\\/culturesco.com\\\/wp-content\\\/uploads\\\/2018\\\/12\\\/Black-Beauty-and-me.jpg?fit=96%2C96&ssl=1\",\"caption\":\"Thierry Dauge\"},\"description\":\"Amoureux des 70\u2019s et du hard rock en particulier, Thierry Dauge est chroniqueur sur Culturesco par amour de l\u2019\u00e9criture musicale. Co-auteur du livre\\\"Pop rock - Les instruments de l'ombre\\\" aux \u00e9ditions du Camion Blanc, collaborateur de Vivi pour \\\"Mes Ann\u00e9es Trust\\\", auteur de \\\"Sparks\\\" aux \u00e9ditions du Layeur, parce que le rock est loin d'\u00eatre mort ...\",\"url\":\"https:\\\/\\\/culturesco.com\\\/index.php\\\/author\\\/thierry-dauge888\\\/\"}]}<\/script>\n<!-- \/ Yoast SEO plugin. -->","yoast_head_json":{"title":"LES INNOCENTS - Un Monde Parfait - Culturesco rock fran\u00e7ais","description":"CulturesCo | Les Innocents sont les repr\u00e9sentants d'une pop rock en fran\u00e7ais tant puissante m\u00e9lodiquement que porteuse de textes","robots":{"index":"index","follow":"follow","max-snippet":"max-snippet:-1","max-image-preview":"max-image-preview:large","max-video-preview":"max-video-preview:-1"},"canonical":"https:\/\/culturesco.com\/index.php\/2022\/07\/20\/les-innocents-un-monde-parfait\/","og_locale":"fr_FR","og_type":"article","og_title":"LES INNOCENTS - Un Monde Parfait - Culturesco rock fran\u00e7ais","og_description":"CulturesCo | Les Innocents sont les repr\u00e9sentants d'une pop rock en fran\u00e7ais tant puissante m\u00e9lodiquement que porteuse de textes","og_url":"https:\/\/culturesco.com\/index.php\/2022\/07\/20\/les-innocents-un-monde-parfait\/","og_site_name":"Culturesco","article_publisher":"https:\/\/www.facebook.com\/radioculturesco","article_published_time":"2022-07-20T17:07:44+00:00","og_image":[{"width":600,"height":315,"url":"https:\/\/culturesco.com\/wp-content\/uploads\/2022\/07\/Les-Innocents-Front.jpg","type":"image\/jpeg"}],"author":"Thierry Dauge","twitter_card":"summary_large_image","twitter_creator":"@AugusteMarshal","twitter_site":"@AugusteMarshal","twitter_misc":{"\u00c9crit par":"Thierry Dauge","Dur\u00e9e de lecture estim\u00e9e":"3 minutes"},"schema":{"@context":"https:\/\/schema.org","@graph":[{"@type":"Article","@id":"https:\/\/culturesco.com\/index.php\/2022\/07\/20\/les-innocents-un-monde-parfait\/#article","isPartOf":{"@id":"https:\/\/culturesco.com\/index.php\/2022\/07\/20\/les-innocents-un-monde-parfait\/"},"author":{"name":"Thierry Dauge","@id":"https:\/\/culturesco.com\/#\/schema\/person\/19f04cf232d246197f6e7d62abe6cb0e"},"headline":"LES INNOCENTS &#8211; Un Monde Parfait","datePublished":"2022-07-20T17:07:44+00:00","mainEntityOfPage":{"@id":"https:\/\/culturesco.com\/index.php\/2022\/07\/20\/les-innocents-un-monde-parfait\/"},"wordCount":584,"commentCount":0,"publisher":{"@id":"https:\/\/culturesco.com\/#organization"},"image":{"@id":"https:\/\/culturesco.com\/index.php\/2022\/07\/20\/les-innocents-un-monde-parfait\/#primaryimage"},"thumbnailUrl":"https:\/\/i0.wp.com\/culturesco.com\/wp-content\/uploads\/2022\/07\/Les-Innocents-Front.jpg?fit=600%2C315&ssl=1","keywords":["album rock","chanson fran\u00e7aise","groupe rock actuel","Rock fran\u00e7ais"],"articleSection":["Albums rock","Carotte Rock Cultures","Chanson fran\u00e7aise","Groupes rock d'aujourd'hui","Histoire du rock"],"inLanguage":"fr-FR","potentialAction":[{"@type":"CommentAction","name":"Comment","target":["https:\/\/culturesco.com\/index.php\/2022\/07\/20\/les-innocents-un-monde-parfait\/#respond"]}]},{"@type":"WebPage","@id":"https:\/\/culturesco.com\/index.php\/2022\/07\/20\/les-innocents-un-monde-parfait\/","url":"https:\/\/culturesco.com\/index.php\/2022\/07\/20\/les-innocents-un-monde-parfait\/","name":"LES INNOCENTS - Un Monde Parfait - Culturesco rock fran\u00e7ais","isPartOf":{"@id":"https:\/\/culturesco.com\/#website"},"primaryImageOfPage":{"@id":"https:\/\/culturesco.com\/index.php\/2022\/07\/20\/les-innocents-un-monde-parfait\/#primaryimage"},"image":{"@id":"https:\/\/culturesco.com\/index.php\/2022\/07\/20\/les-innocents-un-monde-parfait\/#primaryimage"},"thumbnailUrl":"https:\/\/i0.wp.com\/culturesco.com\/wp-content\/uploads\/2022\/07\/Les-Innocents-Front.jpg?fit=600%2C315&ssl=1","datePublished":"2022-07-20T17:07:44+00:00","description":"CulturesCo | Les Innocents sont les repr\u00e9sentants d'une pop rock en fran\u00e7ais tant puissante m\u00e9lodiquement que porteuse de textes","breadcrumb":{"@id":"https:\/\/culturesco.com\/index.php\/2022\/07\/20\/les-innocents-un-monde-parfait\/#breadcrumb"},"inLanguage":"fr-FR","potentialAction":[{"@type":"ReadAction","target":["https:\/\/culturesco.com\/index.php\/2022\/07\/20\/les-innocents-un-monde-parfait\/"]}]},{"@type":"ImageObject","inLanguage":"fr-FR","@id":"https:\/\/culturesco.com\/index.php\/2022\/07\/20\/les-innocents-un-monde-parfait\/#primaryimage","url":"https:\/\/i0.wp.com\/culturesco.com\/wp-content\/uploads\/2022\/07\/Les-Innocents-Front.jpg?fit=600%2C315&ssl=1","contentUrl":"https:\/\/i0.wp.com\/culturesco.com\/wp-content\/uploads\/2022\/07\/Les-Innocents-Front.jpg?fit=600%2C315&ssl=1","width":600,"height":315,"caption":"Les Innocents"},{"@type":"BreadcrumbList","@id":"https:\/\/culturesco.com\/index.php\/2022\/07\/20\/les-innocents-un-monde-parfait\/#breadcrumb","itemListElement":[{"@type":"ListItem","position":1,"name":"Accueil","item":"https:\/\/culturesco.com\/"},{"@type":"ListItem","position":2,"name":"LES INNOCENTS &#8211; Un Monde Parfait"}]},{"@type":"WebSite","@id":"https:\/\/culturesco.com\/#website","url":"https:\/\/culturesco.com\/","name":"Culturesco","description":"Culturesco | Un bon coup de pied dans ta Culture","publisher":{"@id":"https:\/\/culturesco.com\/#organization"},"potentialAction":[{"@type":"SearchAction","target":{"@type":"EntryPoint","urlTemplate":"https:\/\/culturesco.com\/?s={search_term_string}"},"query-input":{"@type":"PropertyValueSpecification","valueRequired":true,"valueName":"search_term_string"}}],"inLanguage":"fr-FR"},{"@type":"Organization","@id":"https:\/\/culturesco.com\/#organization","name":"CULTURESCO","url":"https:\/\/culturesco.com\/","logo":{"@type":"ImageObject","inLanguage":"fr-FR","@id":"https:\/\/culturesco.com\/#\/schema\/logo\/image\/","url":"https:\/\/i0.wp.com\/culturesco.com\/wp-content\/uploads\/2022\/04\/culturesco-logo-blanc250p.png?fit=250%2C250&ssl=1","contentUrl":"https:\/\/i0.wp.com\/culturesco.com\/wp-content\/uploads\/2022\/04\/culturesco-logo-blanc250p.png?fit=250%2C250&ssl=1","width":250,"height":250,"caption":"CULTURESCO"},"image":{"@id":"https:\/\/culturesco.com\/#\/schema\/logo\/image\/"},"sameAs":["https:\/\/www.facebook.com\/radioculturesco","https:\/\/x.com\/AugusteMarshal","https:\/\/www.instagram.com\/carotte_rock_culture\/","https:\/\/www.pinterest.fr\/augustemarshal\/","https:\/\/www.youtube.com\/channel\/UCiWLGffqWSXlNnfzp6YwwyQ"]},{"@type":"Person","@id":"https:\/\/culturesco.com\/#\/schema\/person\/19f04cf232d246197f6e7d62abe6cb0e","name":"Thierry Dauge","image":{"@type":"ImageObject","inLanguage":"fr-FR","@id":"https:\/\/i0.wp.com\/culturesco.com\/wp-content\/uploads\/2018\/12\/Black-Beauty-and-me.jpg?fit=96%2C96&ssl=1","url":"https:\/\/i0.wp.com\/culturesco.com\/wp-content\/uploads\/2018\/12\/Black-Beauty-and-me.jpg?fit=96%2C96&ssl=1","contentUrl":"https:\/\/i0.wp.com\/culturesco.com\/wp-content\/uploads\/2018\/12\/Black-Beauty-and-me.jpg?fit=96%2C96&ssl=1","caption":"Thierry Dauge"},"description":"Amoureux des 70\u2019s et du hard rock en particulier, Thierry Dauge est chroniqueur sur Culturesco par amour de l\u2019\u00e9criture musicale. Co-auteur du livre\"Pop rock - Les instruments de l'ombre\" aux \u00e9ditions du Camion Blanc, collaborateur de Vivi pour \"Mes Ann\u00e9es Trust\", auteur de \"Sparks\" aux \u00e9ditions du Layeur, parce que le rock est loin d'\u00eatre mort ...","url":"https:\/\/culturesco.com\/index.php\/author\/thierry-dauge888\/"}]}},"jetpack_featured_media_url":"https:\/\/i0.wp.com\/culturesco.com\/wp-content\/uploads\/2022\/07\/Les-Innocents-Front.jpg?fit=600%2C315&ssl=1","jetpack_likes_enabled":true,"jetpack_sharing_enabled":true,"jetpack_shortlink":"https:\/\/wp.me\/paz89I-4wF","_links":{"self":[{"href":"https:\/\/culturesco.com\/index.php\/wp-json\/wp\/v2\/posts\/17401","targetHints":{"allow":["GET"]}}],"collection":[{"href":"https:\/\/culturesco.com\/index.php\/wp-json\/wp\/v2\/posts"}],"about":[{"href":"https:\/\/culturesco.com\/index.php\/wp-json\/wp\/v2\/types\/post"}],"author":[{"embeddable":true,"href":"https:\/\/culturesco.com\/index.php\/wp-json\/wp\/v2\/users\/3"}],"replies":[{"embeddable":true,"href":"https:\/\/culturesco.com\/index.php\/wp-json\/wp\/v2\/comments?post=17401"}],"version-history":[{"count":0,"href":"https:\/\/culturesco.com\/index.php\/wp-json\/wp\/v2\/posts\/17401\/revisions"}],"wp:featuredmedia":[{"embeddable":true,"href":"https:\/\/culturesco.com\/index.php\/wp-json\/wp\/v2\/media\/17402"}],"wp:attachment":[{"href":"https:\/\/culturesco.com\/index.php\/wp-json\/wp\/v2\/media?parent=17401"}],"wp:term":[{"taxonomy":"category","embeddable":true,"href":"https:\/\/culturesco.com\/index.php\/wp-json\/wp\/v2\/categories?post=17401"},{"taxonomy":"post_tag","embeddable":true,"href":"https:\/\/culturesco.com\/index.php\/wp-json\/wp\/v2\/tags?post=17401"}],"curies":[{"name":"wp","href":"https:\/\/api.w.org\/{rel}","templated":true}]}}