{"id":17354,"date":"2022-07-14T19:59:20","date_gmt":"2022-07-14T17:59:20","guid":{"rendered":"https:\/\/culturesco.com\/?p=17354"},"modified":"2022-07-15T09:30:11","modified_gmt":"2022-07-15T07:30:11","slug":"alain-chamfort-l-ennemi-dans-la-glace","status":"publish","type":"post","link":"https:\/\/culturesco.com\/index.php\/2022\/07\/14\/alain-chamfort-l-ennemi-dans-la-glace\/","title":{"rendered":"Alain CHAMFORT &#8211; L&rsquo;Ennemi dans la Glace"},"content":{"rendered":"<h2>Alain CHAMFORT &#8211; L&rsquo;Ennemi dans la Glace<\/h2>\n<p><img data-recalc-dims=\"1\" loading=\"lazy\" decoding=\"async\" class=\" wp-image-17355 aligncenter\" src=\"https:\/\/i0.wp.com\/culturesco.com\/wp-content\/uploads\/2022\/07\/Alain-Chamfort-Front.jpg?resize=604%2C332&#038;ssl=1\" alt=\"Alain Chamfort\" width=\"604\" height=\"332\" srcset=\"https:\/\/i0.wp.com\/culturesco.com\/wp-content\/uploads\/2022\/07\/Alain-Chamfort-Front.jpg?resize=300%2C165&amp;ssl=1 300w, https:\/\/i0.wp.com\/culturesco.com\/wp-content\/uploads\/2022\/07\/Alain-Chamfort-Front.jpg?resize=768%2C421&amp;ssl=1 768w, https:\/\/i0.wp.com\/culturesco.com\/wp-content\/uploads\/2022\/07\/Alain-Chamfort-Front.jpg?resize=696%2C382&amp;ssl=1 696w, https:\/\/i0.wp.com\/culturesco.com\/wp-content\/uploads\/2022\/07\/Alain-Chamfort-Front.jpg?resize=1068%2C586&amp;ssl=1 1068w, https:\/\/i0.wp.com\/culturesco.com\/wp-content\/uploads\/2022\/07\/Alain-Chamfort-Front.jpg?resize=766%2C420&amp;ssl=1 766w, https:\/\/i0.wp.com\/culturesco.com\/wp-content\/uploads\/2022\/07\/Alain-Chamfort-Front.jpg?w=600&amp;ssl=1 600w, https:\/\/i0.wp.com\/culturesco.com\/wp-content\/uploads\/2022\/07\/Alain-Chamfort-Front.jpg?resize=109%2C60&amp;ssl=1 109w, https:\/\/i0.wp.com\/culturesco.com\/wp-content\/uploads\/2022\/07\/Alain-Chamfort-Front.jpg?resize=164%2C90&amp;ssl=1 164w\" sizes=\"auto, (max-width: 604px) 100vw, 604px\" \/><\/p>\n<p style=\"text-align: justify;\">Avec \u00ab <strong>L\u2019Ennemi dans la Glace<\/strong> \u00bb (1993), <strong>Alain Chamfort<\/strong> explore son <strong>pass\u00e9 au pr\u00e9sent<\/strong>. Ici, la \u00ab glace \u00bb est synonyme de \u00ab <strong>miroir<\/strong> \u00bb. M\u00e9taphoriquement, assimiler la \u00ab glace \u00bb \u00e0 de l\u2019eau congel\u00e9e peut s\u2019entendre, auquel cas la chanson pourrait conter l\u2019histoire d\u2019un \u00eatre humain \u00ab cryog\u00e9nis\u00e9 \u00bb, type <a href=\"https:\/\/www.youtube.com\/watch?v=QEF8mEauVaw\" target=\"_blank\" rel=\"noopener\"><em>Hibernatus<\/em><\/a> (1969) ou Captain Marvel. Mais lorsqu\u2019on \u00e9coute le texte, ou que l\u2019on visionne le <strong>clip film\u00e9 par Mondino<\/strong>, on d\u00e9couvre un morphing o\u00f9 <strong>Alain Chamfort change de visage<\/strong>, passant d\u2019un faci\u00e8s jeune eff\u00e9min\u00e9 au sien contemporain. M\u00eame si l\u2019auteur <strong>manie ouvertement les jeux de mots<\/strong> dans la plupart de ses chansons, c\u2019est bien d\u2019<strong>un \u00ab reflet \u00bb dont il s\u2019agit<\/strong>, et donc, quelque part, d\u2019Orph\u00e9e traversant sa psych\u00e9. \u00ab L\u2019ennemi \u00bb ? Ce serait lui-m\u00eame sur le mode : \u00ab <strong>Nous sommes notre propre ennemi<\/strong> \u00bb.<\/p>\n<h3>Alain CHAMFORT &#8211; L&rsquo;Ennemi dans la Glace<\/h3>\n<div class=\"youtube-embed\" data-video_id=\"Y0lofNLiZZw\"><iframe loading=\"lazy\" title=\"L&#039;ennemi dans la glace\" width=\"696\" height=\"522\" src=\"https:\/\/www.youtube.com\/embed\/Y0lofNLiZZw\" frameborder=\"0\" allow=\"accelerometer; autoplay; clipboard-write; encrypted-media; gyroscope; picture-in-picture; web-share\" referrerpolicy=\"strict-origin-when-cross-origin\" allowfullscreen><\/iframe><\/div>\n<p style=\"text-align: justify;\">Avant qu\u2019il ne parvienne \u00e0 une telle introspection, <strong>Alain Chamfort a eu plusieurs autres vies artistiques<\/strong>, notamment sur les <strong>disques <em>Fl\u00e8che<\/em><\/strong>, propri\u00e9t\u00e9 de <a href=\"https:\/\/www.youtube.com\/watch?v=OYivvFU1qRQ\" target=\"_blank\" rel=\"noopener\"><strong>Claude Fran\u00e7ois<\/strong><\/a> \u2026 Oui, mais avant ?! <strong>Alain Le Govic<\/strong> ? Il est <strong>pianiste<\/strong> au sein des <strong>Murators<\/strong>.<\/p>\n<p style=\"text-align: justify;\">Parenth\u00e8se : la formation au line-up variable a accueilli dans ses rangs un <strong>guitariste<\/strong> du nom de <strong>Pierre Chevalier<\/strong>. Plus tard <strong>disquaire \u00e0 Bezons<\/strong>, dans sa caverne \u00e0 collectionneurs baptis\u00e9e <strong><em>Music 2000<\/em><\/strong>, Pierre \u00e9pingle sur les murs quelques photos historiques ;<strong> les 60\u2019s au Golf Drouot<\/strong>. C\u2019est dans ce lieu et ce contexte que, courant 1973, je d\u00e9couvre \u00ab <a href=\"https:\/\/www.youtube.com\/watch?v=h_eSq56zXEU\" target=\"_blank\" rel=\"noopener\">Highway Star<\/a> \u00bb en ouverture du <em>Made In Japan<\/em> de Deep Purple (1972). Un univers s\u2019ouvre \u2026 mais c\u2019est une autre histoire.<\/p>\n<p><img data-recalc-dims=\"1\" loading=\"lazy\" decoding=\"async\" class=\" wp-image-17356 aligncenter\" src=\"https:\/\/i0.wp.com\/culturesco.com\/wp-content\/uploads\/2022\/07\/Alain-Chamfort-Murators.jpg?resize=397%2C377&#038;ssl=1\" alt=\"Alain Chamfort\" width=\"397\" height=\"377\" srcset=\"https:\/\/i0.wp.com\/culturesco.com\/wp-content\/uploads\/2022\/07\/Alain-Chamfort-Murators.jpg?resize=300%2C285&amp;ssl=1 300w, https:\/\/i0.wp.com\/culturesco.com\/wp-content\/uploads\/2022\/07\/Alain-Chamfort-Murators.jpg?resize=441%2C420&amp;ssl=1 441w, https:\/\/i0.wp.com\/culturesco.com\/wp-content\/uploads\/2022\/07\/Alain-Chamfort-Murators.jpg?resize=63%2C60&amp;ssl=1 63w, https:\/\/i0.wp.com\/culturesco.com\/wp-content\/uploads\/2022\/07\/Alain-Chamfort-Murators.jpg?resize=95%2C90&amp;ssl=1 95w, https:\/\/i0.wp.com\/culturesco.com\/wp-content\/uploads\/2022\/07\/Alain-Chamfort-Murators.jpg?w=536&amp;ssl=1 536w\" sizes=\"auto, (max-width: 397px) 100vw, 397px\" \/><\/p>\n<p style=\"text-align: justify;\"><em>Fl\u00e8che<\/em>, donc, et <strong>des chansons \u00e0 \u00ab midinettes \u00bb<\/strong> du type \u00ab <strong>L\u2019amour en France<\/strong> \u00bb (1973).<\/p>\n<h3>L&rsquo;Amour en France<\/h3>\n<div class=\"youtube-embed\" data-video_id=\"GiRzdLH6Luc\"><iframe loading=\"lazy\" title=\"Alain Chamfort - L&#039;amour en France - ClubMusic80s\" width=\"696\" height=\"392\" src=\"https:\/\/www.youtube.com\/embed\/GiRzdLH6Luc\" frameborder=\"0\" allow=\"accelerometer; autoplay; clipboard-write; encrypted-media; gyroscope; picture-in-picture; web-share\" referrerpolicy=\"strict-origin-when-cross-origin\" allowfullscreen><\/iframe><\/div>\n<p style=\"text-align: justify;\">Tr\u00e8s vite, il sort de de la bande \u00e0 Cloclo et <strong>signe chez <em>CBS<\/em><\/strong>. Concomitamment, <strong>il gagne en cr\u00e9dibilit\u00e9<\/strong> ce qu\u2019il perd en popularit\u00e9. Cette derni\u00e8re, frivole, revient toquer \u00e0 sa porte lorsqu\u2019<strong>il s\u2019acoquine avec<\/strong> le plus \u00ab coquin \u00bb de tous, <strong>Serge Gainsbourg<\/strong>. Sortent alors <strong>deux singles<\/strong> qui n\u2019ont toujours<strong> pas quitt\u00e9 l\u2019axe orbital des platines<\/strong>, \u00ab <a href=\"https:\/\/www.youtube.com\/watch?v=8uFQMcqJpxU\" target=\"_blank\" rel=\"noopener\">G\u00e9ant<\/a> \u00bb et, surtout \u00bb, \u00ab <strong>Manureva<\/strong> \u00bb (1979). Cette scie circulaire raconte l\u2019aventure du <strong>bateau d\u2019Alain Colas<\/strong>, g\u00e9ant des mers qui \u00ab<strong><em> jamais n\u2019arriva<\/em><\/strong> \u00bb, disparu de concert avec son concepteur \u2026 \u00ab <strong><em>L\u00e0-bas<\/em><\/strong> \u00bb.<\/p>\n<h3>Alain CHAMFORT &#8211; Manureva<\/h3>\n<div class=\"youtube-embed\" data-video_id=\"XXuXoU0hEuk\"><iframe loading=\"lazy\" title=\"Alain Chamfort ~ Manureva\" width=\"696\" height=\"392\" src=\"https:\/\/www.youtube.com\/embed\/XXuXoU0hEuk\" frameborder=\"0\" allow=\"accelerometer; autoplay; clipboard-write; encrypted-media; gyroscope; picture-in-picture; web-share\" referrerpolicy=\"strict-origin-when-cross-origin\" allowfullscreen><\/iframe><\/div>\n<p style=\"text-align: justify;\">On ne change pas une \u00e9quipe qui gagne. Serge en profite pour proposer \u00e0 Alain de c\u00e9l\u00e9brer celle qui l\u2019ensorcelle, d\u2019exposer suavement <strong>les merveilleux sortil\u00e8ges de \u00ab <a href=\"https:\/\/www.youtube.com\/watch?v=JpJ3gEB6sJ4\" target=\"_blank\" rel=\"noopener\">Bambou<\/a> \u00bb<\/strong> (1981).<strong> Charme exotique, m\u00e9lodie sucr\u00e9e \/ poivr\u00e9e<\/strong>, nouveau succ\u00e8s. Pourtant, noces consomm\u00e9es, les deux songwriters rendent leurs alliances. <strong>Chamfort adopte de nouveaux paroliers<\/strong> : Jacques Duvall, Didier Golemanas, Boris Bergman. Sans surprise, les textes continuent d\u2019emprunter des voies \u00e0 double, voire \u00e0 triple sens, un fa\u00e7onnage, <strong>une sculpture des mots sans copeaux<\/strong>. De cette collaboration sortent \u00ab <a href=\"https:\/\/www.youtube.com\/watch?v=KzNnVbIbd7E\" target=\"_blank\" rel=\"noopener\"><strong>Traces de Toi<\/strong><\/a> \u00bb et \u00ab <strong>La Fi\u00e8vre Dans le Sang<\/strong> \u00bb (1986).<\/p>\n<h3>La Fi\u00e8vre Dans le Sang<\/h3>\n<div class=\"youtube-embed\" data-video_id=\"xnuujiOBErc\"><iframe loading=\"lazy\" title=\"ALAIN CHAMFORT  La fi\u00e8vre dans le sang\" width=\"696\" height=\"522\" src=\"https:\/\/www.youtube.com\/embed\/xnuujiOBErc\" frameborder=\"0\" allow=\"accelerometer; autoplay; clipboard-write; encrypted-media; gyroscope; picture-in-picture; web-share\" referrerpolicy=\"strict-origin-when-cross-origin\" allowfullscreen><\/iframe><\/div>\n<p style=\"text-align: justify;\"><strong>La pop est l\u00e9g\u00e8re, ind\u00e9niablement \u00e9l\u00e9gante, in\u00e9vitablement dance<\/strong> en ce milieu des 80\u2019s. Et puis les <strong>90\u2019s<\/strong> surviennent, le grunge et les <strong>avis de mise en demeure<\/strong>. <em>CBS<\/em> se s\u00e9pare du chanteur, <em>Epic Records<\/em> le r\u00e9cup\u00e8re pour un temps avant d\u2019expurger son catalogue : <strong>tu ne vends pas assez ? Tire la chevillette et Alain Chamfort cherra.<\/strong> M\u00e9lodiste inusable, <strong>il reprendra son ouvrage<\/strong> sans se d\u00e9faire d\u2019un <strong>nuage de sourire<\/strong> sur un <strong>calme olympien<\/strong>.<\/p>\n<p><img data-recalc-dims=\"1\" loading=\"lazy\" decoding=\"async\" class=\" wp-image-17357 aligncenter\" src=\"https:\/\/i0.wp.com\/culturesco.com\/wp-content\/uploads\/2022\/07\/Alain-Chamfort-Inner.jpg?resize=507%2C338&#038;ssl=1\" alt=\"Alain Chamfort\" width=\"507\" height=\"338\" srcset=\"https:\/\/i0.wp.com\/culturesco.com\/wp-content\/uploads\/2022\/07\/Alain-Chamfort-Inner.jpg?resize=300%2C200&amp;ssl=1 300w, https:\/\/i0.wp.com\/culturesco.com\/wp-content\/uploads\/2022\/07\/Alain-Chamfort-Inner.jpg?resize=941%2C627&amp;ssl=1 941w, https:\/\/i0.wp.com\/culturesco.com\/wp-content\/uploads\/2022\/07\/Alain-Chamfort-Inner.jpg?resize=768%2C512&amp;ssl=1 768w, https:\/\/i0.wp.com\/culturesco.com\/wp-content\/uploads\/2022\/07\/Alain-Chamfort-Inner.jpg?resize=696%2C464&amp;ssl=1 696w, https:\/\/i0.wp.com\/culturesco.com\/wp-content\/uploads\/2022\/07\/Alain-Chamfort-Inner.jpg?resize=630%2C420&amp;ssl=1 630w, https:\/\/i0.wp.com\/culturesco.com\/wp-content\/uploads\/2022\/07\/Alain-Chamfort-Inner.jpg?w=600&amp;ssl=1 600w, https:\/\/i0.wp.com\/culturesco.com\/wp-content\/uploads\/2022\/07\/Alain-Chamfort-Inner.jpg?resize=90%2C60&amp;ssl=1 90w, https:\/\/i0.wp.com\/culturesco.com\/wp-content\/uploads\/2022\/07\/Alain-Chamfort-Inner.jpg?resize=135%2C90&amp;ssl=1 135w\" sizes=\"auto, (max-width: 507px) 100vw, 507px\" \/><\/p>\n<p style=\"text-align: justify;\">Tour d\u2019horizon aidant,<strong> \u00e0 la lumi\u00e8re de ces brillances radiophoniques<\/strong>, le sens accord\u00e9 \u00e0 \u00ab <strong>L\u2019ennemi Dans la Glace<\/strong> \u00bb <strong>prend un nouveau jour.<\/strong> Et si<strong> l\u2019ennemi<\/strong> n\u2019\u00e9tait pas celui auquel on pense ? S\u2019il ne s\u2019agissait pas du pass\u00e9 mais bien du <strong>pr\u00e9sent dans la vis\u00e9e<\/strong>, ce <strong>visage parchemin\u00e9 \u2026<\/strong><\/p>\n<h3>Alain CHAMFORT &#8211; Le Temps qui Court<\/h3>\n<div class=\"youtube-embed\" data-video_id=\"N1YrTl0Fgpc\"><iframe loading=\"lazy\" title=\"Alain Chamfort - Le Temps Qui Court HQ\" width=\"696\" height=\"522\" src=\"https:\/\/www.youtube.com\/embed\/N1YrTl0Fgpc\" frameborder=\"0\" allow=\"accelerometer; autoplay; clipboard-write; encrypted-media; gyroscope; picture-in-picture; web-share\" referrerpolicy=\"strict-origin-when-cross-origin\" allowfullscreen><\/iframe><\/div>\n<h3 style=\"text-align: justify;\">\u00ab <em>Parce que le temps qui court, court, change les plaisirs, et que le manque d&rsquo;amour, nous fait vieillir<\/em> \u00bb.<\/h3>\n<p style=\"text-align: justify;\">Thierry Dauge<\/p>\n","protected":false},"excerpt":{"rendered":"<p>Alain CHAMFORT &#8211; L&rsquo;Ennemi dans la Glace Avec \u00ab L\u2019Ennemi dans la Glace \u00bb (1993), Alain Chamfort explore son pass\u00e9 au pr\u00e9sent. Ici, la \u00ab glace \u00bb est synonyme de \u00ab miroir \u00bb. M\u00e9taphoriquement, assimiler la \u00ab glace \u00bb \u00e0 de l\u2019eau congel\u00e9e peut s\u2019entendre, auquel cas la chanson pourrait conter l\u2019histoire d\u2019un \u00eatre humain [&hellip;]<\/p>\n","protected":false},"author":3,"featured_media":17355,"comment_status":"open","ping_status":"open","sticky":false,"template":"","format":"image","meta":{"jetpack_post_was_ever_published":false,"tdm_status":"","tdm_grid_status":"","_jetpack_newsletter_access":"","_jetpack_dont_email_post_to_subs":false,"_jetpack_newsletter_tier_id":0,"_jetpack_memberships_contains_paywalled_content":false,"_jetpack_memberships_contains_paid_content":false,"footnotes":""},"categories":[30,17,26,63],"tags":[40,4166],"class_list":{"0":"post-17354","1":"post","2":"type-post","3":"status-publish","4":"format-image","5":"has-post-thumbnail","7":"category-albums-rock","8":"category-carotte-rock-cultures","9":"category-radio","10":"category-television","11":"tag-chanson-francaise","12":"tag-radio","13":"post_format-post-format-image"},"yoast_head":"<!-- This site is optimized with the Yoast SEO plugin v27.4 - https:\/\/yoast.com\/product\/yoast-seo-wordpress\/ -->\n<title>Alain CHAMFORT - L&#039;Ennemi dans la Glace - Culturesco chant fran\u00e7ais<\/title>\n<meta name=\"description\" content=\"CulturesCo | Alain Chamfort, \u00e9ternel esth\u00e8te, mod\u00e8le de d\u00e9licatesse musicale, mire l&#039;ennemi dans la glace. Sa jeunesse ? Sa vieillesse ...\" \/>\n<meta name=\"robots\" content=\"index, follow, max-snippet:-1, max-image-preview:large, max-video-preview:-1\" \/>\n<link rel=\"canonical\" href=\"https:\/\/culturesco.com\/index.php\/2022\/07\/14\/alain-chamfort-l-ennemi-dans-la-glace\/\" \/>\n<meta property=\"og:locale\" content=\"fr_FR\" \/>\n<meta property=\"og:type\" content=\"article\" \/>\n<meta property=\"og:title\" content=\"Alain CHAMFORT - L&#039;Ennemi dans la Glace - Culturesco chant fran\u00e7ais\" \/>\n<meta property=\"og:description\" content=\"CulturesCo | Alain Chamfort, \u00e9ternel esth\u00e8te, mod\u00e8le de d\u00e9licatesse musicale, mire l&#039;ennemi dans la glace. Sa jeunesse ? Sa vieillesse ...\" \/>\n<meta property=\"og:url\" content=\"https:\/\/culturesco.com\/index.php\/2022\/07\/14\/alain-chamfort-l-ennemi-dans-la-glace\/\" \/>\n<meta property=\"og:site_name\" content=\"Culturesco\" \/>\n<meta property=\"article:publisher\" content=\"https:\/\/www.facebook.com\/radioculturesco\" \/>\n<meta property=\"article:published_time\" content=\"2022-07-14T17:59:20+00:00\" \/>\n<meta property=\"article:modified_time\" content=\"2022-07-15T07:30:11+00:00\" \/>\n<meta property=\"og:image\" content=\"https:\/\/culturesco.com\/wp-content\/uploads\/2022\/07\/Alain-Chamfort-Front.jpg\" \/>\n\t<meta property=\"og:image:width\" content=\"600\" \/>\n\t<meta property=\"og:image:height\" content=\"329\" \/>\n\t<meta property=\"og:image:type\" content=\"image\/jpeg\" \/>\n<meta name=\"author\" content=\"Thierry Dauge\" \/>\n<meta name=\"twitter:card\" content=\"summary_large_image\" \/>\n<meta name=\"twitter:creator\" content=\"@AugusteMarshal\" \/>\n<meta name=\"twitter:site\" content=\"@AugusteMarshal\" \/>\n<meta name=\"twitter:label1\" content=\"\u00c9crit par\" \/>\n\t<meta name=\"twitter:data1\" content=\"Thierry Dauge\" \/>\n\t<meta name=\"twitter:label2\" content=\"Dur\u00e9e de lecture estim\u00e9e\" \/>\n\t<meta name=\"twitter:data2\" content=\"4 minutes\" \/>\n<script type=\"application\/ld+json\" class=\"yoast-schema-graph\">{\"@context\":\"https:\\\/\\\/schema.org\",\"@graph\":[{\"@type\":\"Article\",\"@id\":\"https:\\\/\\\/culturesco.com\\\/index.php\\\/2022\\\/07\\\/14\\\/alain-chamfort-l-ennemi-dans-la-glace\\\/#article\",\"isPartOf\":{\"@id\":\"https:\\\/\\\/culturesco.com\\\/index.php\\\/2022\\\/07\\\/14\\\/alain-chamfort-l-ennemi-dans-la-glace\\\/\"},\"author\":{\"name\":\"Thierry Dauge\",\"@id\":\"https:\\\/\\\/culturesco.com\\\/#\\\/schema\\\/person\\\/19f04cf232d246197f6e7d62abe6cb0e\"},\"headline\":\"Alain CHAMFORT &#8211; L&rsquo;Ennemi dans la Glace\",\"datePublished\":\"2022-07-14T17:59:20+00:00\",\"dateModified\":\"2022-07-15T07:30:11+00:00\",\"mainEntityOfPage\":{\"@id\":\"https:\\\/\\\/culturesco.com\\\/index.php\\\/2022\\\/07\\\/14\\\/alain-chamfort-l-ennemi-dans-la-glace\\\/\"},\"wordCount\":709,\"commentCount\":0,\"publisher\":{\"@id\":\"https:\\\/\\\/culturesco.com\\\/#organization\"},\"image\":{\"@id\":\"https:\\\/\\\/culturesco.com\\\/index.php\\\/2022\\\/07\\\/14\\\/alain-chamfort-l-ennemi-dans-la-glace\\\/#primaryimage\"},\"thumbnailUrl\":\"https:\\\/\\\/i0.wp.com\\\/culturesco.com\\\/wp-content\\\/uploads\\\/2022\\\/07\\\/Alain-Chamfort-Front.jpg?fit=600%2C329&ssl=1\",\"keywords\":[\"chanson fran\u00e7aise\",\"radio\"],\"articleSection\":[\"Albums rock\",\"Carotte Rock Cultures\",\"Radio\",\"Television\"],\"inLanguage\":\"fr-FR\",\"potentialAction\":[{\"@type\":\"CommentAction\",\"name\":\"Comment\",\"target\":[\"https:\\\/\\\/culturesco.com\\\/index.php\\\/2022\\\/07\\\/14\\\/alain-chamfort-l-ennemi-dans-la-glace\\\/#respond\"]}]},{\"@type\":\"WebPage\",\"@id\":\"https:\\\/\\\/culturesco.com\\\/index.php\\\/2022\\\/07\\\/14\\\/alain-chamfort-l-ennemi-dans-la-glace\\\/\",\"url\":\"https:\\\/\\\/culturesco.com\\\/index.php\\\/2022\\\/07\\\/14\\\/alain-chamfort-l-ennemi-dans-la-glace\\\/\",\"name\":\"Alain CHAMFORT - L'Ennemi dans la Glace - Culturesco chant fran\u00e7ais\",\"isPartOf\":{\"@id\":\"https:\\\/\\\/culturesco.com\\\/#website\"},\"primaryImageOfPage\":{\"@id\":\"https:\\\/\\\/culturesco.com\\\/index.php\\\/2022\\\/07\\\/14\\\/alain-chamfort-l-ennemi-dans-la-glace\\\/#primaryimage\"},\"image\":{\"@id\":\"https:\\\/\\\/culturesco.com\\\/index.php\\\/2022\\\/07\\\/14\\\/alain-chamfort-l-ennemi-dans-la-glace\\\/#primaryimage\"},\"thumbnailUrl\":\"https:\\\/\\\/i0.wp.com\\\/culturesco.com\\\/wp-content\\\/uploads\\\/2022\\\/07\\\/Alain-Chamfort-Front.jpg?fit=600%2C329&ssl=1\",\"datePublished\":\"2022-07-14T17:59:20+00:00\",\"dateModified\":\"2022-07-15T07:30:11+00:00\",\"description\":\"CulturesCo | Alain Chamfort, \u00e9ternel esth\u00e8te, mod\u00e8le de d\u00e9licatesse musicale, mire l'ennemi dans la glace. Sa jeunesse ? Sa vieillesse ...\",\"breadcrumb\":{\"@id\":\"https:\\\/\\\/culturesco.com\\\/index.php\\\/2022\\\/07\\\/14\\\/alain-chamfort-l-ennemi-dans-la-glace\\\/#breadcrumb\"},\"inLanguage\":\"fr-FR\",\"potentialAction\":[{\"@type\":\"ReadAction\",\"target\":[\"https:\\\/\\\/culturesco.com\\\/index.php\\\/2022\\\/07\\\/14\\\/alain-chamfort-l-ennemi-dans-la-glace\\\/\"]}]},{\"@type\":\"ImageObject\",\"inLanguage\":\"fr-FR\",\"@id\":\"https:\\\/\\\/culturesco.com\\\/index.php\\\/2022\\\/07\\\/14\\\/alain-chamfort-l-ennemi-dans-la-glace\\\/#primaryimage\",\"url\":\"https:\\\/\\\/i0.wp.com\\\/culturesco.com\\\/wp-content\\\/uploads\\\/2022\\\/07\\\/Alain-Chamfort-Front.jpg?fit=600%2C329&ssl=1\",\"contentUrl\":\"https:\\\/\\\/i0.wp.com\\\/culturesco.com\\\/wp-content\\\/uploads\\\/2022\\\/07\\\/Alain-Chamfort-Front.jpg?fit=600%2C329&ssl=1\",\"width\":600,\"height\":329,\"caption\":\"Alain Chamfort\"},{\"@type\":\"BreadcrumbList\",\"@id\":\"https:\\\/\\\/culturesco.com\\\/index.php\\\/2022\\\/07\\\/14\\\/alain-chamfort-l-ennemi-dans-la-glace\\\/#breadcrumb\",\"itemListElement\":[{\"@type\":\"ListItem\",\"position\":1,\"name\":\"Accueil\",\"item\":\"https:\\\/\\\/culturesco.com\\\/\"},{\"@type\":\"ListItem\",\"position\":2,\"name\":\"Alain CHAMFORT &#8211; L&#8217;Ennemi dans la Glace\"}]},{\"@type\":\"WebSite\",\"@id\":\"https:\\\/\\\/culturesco.com\\\/#website\",\"url\":\"https:\\\/\\\/culturesco.com\\\/\",\"name\":\"Culturesco\",\"description\":\"Culturesco | Un bon coup de pied dans ta Culture\",\"publisher\":{\"@id\":\"https:\\\/\\\/culturesco.com\\\/#organization\"},\"potentialAction\":[{\"@type\":\"SearchAction\",\"target\":{\"@type\":\"EntryPoint\",\"urlTemplate\":\"https:\\\/\\\/culturesco.com\\\/?s={search_term_string}\"},\"query-input\":{\"@type\":\"PropertyValueSpecification\",\"valueRequired\":true,\"valueName\":\"search_term_string\"}}],\"inLanguage\":\"fr-FR\"},{\"@type\":\"Organization\",\"@id\":\"https:\\\/\\\/culturesco.com\\\/#organization\",\"name\":\"CULTURESCO\",\"url\":\"https:\\\/\\\/culturesco.com\\\/\",\"logo\":{\"@type\":\"ImageObject\",\"inLanguage\":\"fr-FR\",\"@id\":\"https:\\\/\\\/culturesco.com\\\/#\\\/schema\\\/logo\\\/image\\\/\",\"url\":\"https:\\\/\\\/i0.wp.com\\\/culturesco.com\\\/wp-content\\\/uploads\\\/2022\\\/04\\\/culturesco-logo-blanc250p.png?fit=250%2C250&ssl=1\",\"contentUrl\":\"https:\\\/\\\/i0.wp.com\\\/culturesco.com\\\/wp-content\\\/uploads\\\/2022\\\/04\\\/culturesco-logo-blanc250p.png?fit=250%2C250&ssl=1\",\"width\":250,\"height\":250,\"caption\":\"CULTURESCO\"},\"image\":{\"@id\":\"https:\\\/\\\/culturesco.com\\\/#\\\/schema\\\/logo\\\/image\\\/\"},\"sameAs\":[\"https:\\\/\\\/www.facebook.com\\\/radioculturesco\",\"https:\\\/\\\/x.com\\\/AugusteMarshal\",\"https:\\\/\\\/www.instagram.com\\\/carotte_rock_culture\\\/\",\"https:\\\/\\\/www.pinterest.fr\\\/augustemarshal\\\/\",\"https:\\\/\\\/www.youtube.com\\\/channel\\\/UCiWLGffqWSXlNnfzp6YwwyQ\"]},{\"@type\":\"Person\",\"@id\":\"https:\\\/\\\/culturesco.com\\\/#\\\/schema\\\/person\\\/19f04cf232d246197f6e7d62abe6cb0e\",\"name\":\"Thierry Dauge\",\"image\":{\"@type\":\"ImageObject\",\"inLanguage\":\"fr-FR\",\"@id\":\"https:\\\/\\\/i0.wp.com\\\/culturesco.com\\\/wp-content\\\/uploads\\\/2018\\\/12\\\/Black-Beauty-and-me.jpg?fit=96%2C96&ssl=1\",\"url\":\"https:\\\/\\\/i0.wp.com\\\/culturesco.com\\\/wp-content\\\/uploads\\\/2018\\\/12\\\/Black-Beauty-and-me.jpg?fit=96%2C96&ssl=1\",\"contentUrl\":\"https:\\\/\\\/i0.wp.com\\\/culturesco.com\\\/wp-content\\\/uploads\\\/2018\\\/12\\\/Black-Beauty-and-me.jpg?fit=96%2C96&ssl=1\",\"caption\":\"Thierry Dauge\"},\"description\":\"Amoureux des 70\u2019s et du hard rock en particulier, Thierry Dauge est chroniqueur sur Culturesco par amour de l\u2019\u00e9criture musicale. Co-auteur du livre\\\"Pop rock - Les instruments de l'ombre\\\" aux \u00e9ditions du Camion Blanc, collaborateur de Vivi pour \\\"Mes Ann\u00e9es Trust\\\", auteur de \\\"Sparks\\\" aux \u00e9ditions du Layeur, parce que le rock est loin d'\u00eatre mort ...\",\"url\":\"https:\\\/\\\/culturesco.com\\\/index.php\\\/author\\\/thierry-dauge888\\\/\"}]}<\/script>\n<!-- \/ Yoast SEO plugin. -->","yoast_head_json":{"title":"Alain CHAMFORT - L'Ennemi dans la Glace - Culturesco chant fran\u00e7ais","description":"CulturesCo | Alain Chamfort, \u00e9ternel esth\u00e8te, mod\u00e8le de d\u00e9licatesse musicale, mire l'ennemi dans la glace. Sa jeunesse ? Sa vieillesse ...","robots":{"index":"index","follow":"follow","max-snippet":"max-snippet:-1","max-image-preview":"max-image-preview:large","max-video-preview":"max-video-preview:-1"},"canonical":"https:\/\/culturesco.com\/index.php\/2022\/07\/14\/alain-chamfort-l-ennemi-dans-la-glace\/","og_locale":"fr_FR","og_type":"article","og_title":"Alain CHAMFORT - L'Ennemi dans la Glace - Culturesco chant fran\u00e7ais","og_description":"CulturesCo | Alain Chamfort, \u00e9ternel esth\u00e8te, mod\u00e8le de d\u00e9licatesse musicale, mire l'ennemi dans la glace. Sa jeunesse ? Sa vieillesse ...","og_url":"https:\/\/culturesco.com\/index.php\/2022\/07\/14\/alain-chamfort-l-ennemi-dans-la-glace\/","og_site_name":"Culturesco","article_publisher":"https:\/\/www.facebook.com\/radioculturesco","article_published_time":"2022-07-14T17:59:20+00:00","article_modified_time":"2022-07-15T07:30:11+00:00","og_image":[{"width":600,"height":329,"url":"https:\/\/culturesco.com\/wp-content\/uploads\/2022\/07\/Alain-Chamfort-Front.jpg","type":"image\/jpeg"}],"author":"Thierry Dauge","twitter_card":"summary_large_image","twitter_creator":"@AugusteMarshal","twitter_site":"@AugusteMarshal","twitter_misc":{"\u00c9crit par":"Thierry Dauge","Dur\u00e9e de lecture estim\u00e9e":"4 minutes"},"schema":{"@context":"https:\/\/schema.org","@graph":[{"@type":"Article","@id":"https:\/\/culturesco.com\/index.php\/2022\/07\/14\/alain-chamfort-l-ennemi-dans-la-glace\/#article","isPartOf":{"@id":"https:\/\/culturesco.com\/index.php\/2022\/07\/14\/alain-chamfort-l-ennemi-dans-la-glace\/"},"author":{"name":"Thierry Dauge","@id":"https:\/\/culturesco.com\/#\/schema\/person\/19f04cf232d246197f6e7d62abe6cb0e"},"headline":"Alain CHAMFORT &#8211; L&rsquo;Ennemi dans la Glace","datePublished":"2022-07-14T17:59:20+00:00","dateModified":"2022-07-15T07:30:11+00:00","mainEntityOfPage":{"@id":"https:\/\/culturesco.com\/index.php\/2022\/07\/14\/alain-chamfort-l-ennemi-dans-la-glace\/"},"wordCount":709,"commentCount":0,"publisher":{"@id":"https:\/\/culturesco.com\/#organization"},"image":{"@id":"https:\/\/culturesco.com\/index.php\/2022\/07\/14\/alain-chamfort-l-ennemi-dans-la-glace\/#primaryimage"},"thumbnailUrl":"https:\/\/i0.wp.com\/culturesco.com\/wp-content\/uploads\/2022\/07\/Alain-Chamfort-Front.jpg?fit=600%2C329&ssl=1","keywords":["chanson fran\u00e7aise","radio"],"articleSection":["Albums rock","Carotte Rock Cultures","Radio","Television"],"inLanguage":"fr-FR","potentialAction":[{"@type":"CommentAction","name":"Comment","target":["https:\/\/culturesco.com\/index.php\/2022\/07\/14\/alain-chamfort-l-ennemi-dans-la-glace\/#respond"]}]},{"@type":"WebPage","@id":"https:\/\/culturesco.com\/index.php\/2022\/07\/14\/alain-chamfort-l-ennemi-dans-la-glace\/","url":"https:\/\/culturesco.com\/index.php\/2022\/07\/14\/alain-chamfort-l-ennemi-dans-la-glace\/","name":"Alain CHAMFORT - L'Ennemi dans la Glace - Culturesco chant fran\u00e7ais","isPartOf":{"@id":"https:\/\/culturesco.com\/#website"},"primaryImageOfPage":{"@id":"https:\/\/culturesco.com\/index.php\/2022\/07\/14\/alain-chamfort-l-ennemi-dans-la-glace\/#primaryimage"},"image":{"@id":"https:\/\/culturesco.com\/index.php\/2022\/07\/14\/alain-chamfort-l-ennemi-dans-la-glace\/#primaryimage"},"thumbnailUrl":"https:\/\/i0.wp.com\/culturesco.com\/wp-content\/uploads\/2022\/07\/Alain-Chamfort-Front.jpg?fit=600%2C329&ssl=1","datePublished":"2022-07-14T17:59:20+00:00","dateModified":"2022-07-15T07:30:11+00:00","description":"CulturesCo | Alain Chamfort, \u00e9ternel esth\u00e8te, mod\u00e8le de d\u00e9licatesse musicale, mire l'ennemi dans la glace. Sa jeunesse ? Sa vieillesse ...","breadcrumb":{"@id":"https:\/\/culturesco.com\/index.php\/2022\/07\/14\/alain-chamfort-l-ennemi-dans-la-glace\/#breadcrumb"},"inLanguage":"fr-FR","potentialAction":[{"@type":"ReadAction","target":["https:\/\/culturesco.com\/index.php\/2022\/07\/14\/alain-chamfort-l-ennemi-dans-la-glace\/"]}]},{"@type":"ImageObject","inLanguage":"fr-FR","@id":"https:\/\/culturesco.com\/index.php\/2022\/07\/14\/alain-chamfort-l-ennemi-dans-la-glace\/#primaryimage","url":"https:\/\/i0.wp.com\/culturesco.com\/wp-content\/uploads\/2022\/07\/Alain-Chamfort-Front.jpg?fit=600%2C329&ssl=1","contentUrl":"https:\/\/i0.wp.com\/culturesco.com\/wp-content\/uploads\/2022\/07\/Alain-Chamfort-Front.jpg?fit=600%2C329&ssl=1","width":600,"height":329,"caption":"Alain Chamfort"},{"@type":"BreadcrumbList","@id":"https:\/\/culturesco.com\/index.php\/2022\/07\/14\/alain-chamfort-l-ennemi-dans-la-glace\/#breadcrumb","itemListElement":[{"@type":"ListItem","position":1,"name":"Accueil","item":"https:\/\/culturesco.com\/"},{"@type":"ListItem","position":2,"name":"Alain CHAMFORT &#8211; L&#8217;Ennemi dans la Glace"}]},{"@type":"WebSite","@id":"https:\/\/culturesco.com\/#website","url":"https:\/\/culturesco.com\/","name":"Culturesco","description":"Culturesco | Un bon coup de pied dans ta Culture","publisher":{"@id":"https:\/\/culturesco.com\/#organization"},"potentialAction":[{"@type":"SearchAction","target":{"@type":"EntryPoint","urlTemplate":"https:\/\/culturesco.com\/?s={search_term_string}"},"query-input":{"@type":"PropertyValueSpecification","valueRequired":true,"valueName":"search_term_string"}}],"inLanguage":"fr-FR"},{"@type":"Organization","@id":"https:\/\/culturesco.com\/#organization","name":"CULTURESCO","url":"https:\/\/culturesco.com\/","logo":{"@type":"ImageObject","inLanguage":"fr-FR","@id":"https:\/\/culturesco.com\/#\/schema\/logo\/image\/","url":"https:\/\/i0.wp.com\/culturesco.com\/wp-content\/uploads\/2022\/04\/culturesco-logo-blanc250p.png?fit=250%2C250&ssl=1","contentUrl":"https:\/\/i0.wp.com\/culturesco.com\/wp-content\/uploads\/2022\/04\/culturesco-logo-blanc250p.png?fit=250%2C250&ssl=1","width":250,"height":250,"caption":"CULTURESCO"},"image":{"@id":"https:\/\/culturesco.com\/#\/schema\/logo\/image\/"},"sameAs":["https:\/\/www.facebook.com\/radioculturesco","https:\/\/x.com\/AugusteMarshal","https:\/\/www.instagram.com\/carotte_rock_culture\/","https:\/\/www.pinterest.fr\/augustemarshal\/","https:\/\/www.youtube.com\/channel\/UCiWLGffqWSXlNnfzp6YwwyQ"]},{"@type":"Person","@id":"https:\/\/culturesco.com\/#\/schema\/person\/19f04cf232d246197f6e7d62abe6cb0e","name":"Thierry Dauge","image":{"@type":"ImageObject","inLanguage":"fr-FR","@id":"https:\/\/i0.wp.com\/culturesco.com\/wp-content\/uploads\/2018\/12\/Black-Beauty-and-me.jpg?fit=96%2C96&ssl=1","url":"https:\/\/i0.wp.com\/culturesco.com\/wp-content\/uploads\/2018\/12\/Black-Beauty-and-me.jpg?fit=96%2C96&ssl=1","contentUrl":"https:\/\/i0.wp.com\/culturesco.com\/wp-content\/uploads\/2018\/12\/Black-Beauty-and-me.jpg?fit=96%2C96&ssl=1","caption":"Thierry Dauge"},"description":"Amoureux des 70\u2019s et du hard rock en particulier, Thierry Dauge est chroniqueur sur Culturesco par amour de l\u2019\u00e9criture musicale. Co-auteur du livre\"Pop rock - Les instruments de l'ombre\" aux \u00e9ditions du Camion Blanc, collaborateur de Vivi pour \"Mes Ann\u00e9es Trust\", auteur de \"Sparks\" aux \u00e9ditions du Layeur, parce que le rock est loin d'\u00eatre mort ...","url":"https:\/\/culturesco.com\/index.php\/author\/thierry-dauge888\/"}]}},"jetpack_featured_media_url":"https:\/\/i0.wp.com\/culturesco.com\/wp-content\/uploads\/2022\/07\/Alain-Chamfort-Front.jpg?fit=600%2C329&ssl=1","jetpack_likes_enabled":true,"jetpack_sharing_enabled":true,"jetpack_shortlink":"https:\/\/wp.me\/paz89I-4vU","_links":{"self":[{"href":"https:\/\/culturesco.com\/index.php\/wp-json\/wp\/v2\/posts\/17354","targetHints":{"allow":["GET"]}}],"collection":[{"href":"https:\/\/culturesco.com\/index.php\/wp-json\/wp\/v2\/posts"}],"about":[{"href":"https:\/\/culturesco.com\/index.php\/wp-json\/wp\/v2\/types\/post"}],"author":[{"embeddable":true,"href":"https:\/\/culturesco.com\/index.php\/wp-json\/wp\/v2\/users\/3"}],"replies":[{"embeddable":true,"href":"https:\/\/culturesco.com\/index.php\/wp-json\/wp\/v2\/comments?post=17354"}],"version-history":[{"count":0,"href":"https:\/\/culturesco.com\/index.php\/wp-json\/wp\/v2\/posts\/17354\/revisions"}],"wp:featuredmedia":[{"embeddable":true,"href":"https:\/\/culturesco.com\/index.php\/wp-json\/wp\/v2\/media\/17355"}],"wp:attachment":[{"href":"https:\/\/culturesco.com\/index.php\/wp-json\/wp\/v2\/media?parent=17354"}],"wp:term":[{"taxonomy":"category","embeddable":true,"href":"https:\/\/culturesco.com\/index.php\/wp-json\/wp\/v2\/categories?post=17354"},{"taxonomy":"post_tag","embeddable":true,"href":"https:\/\/culturesco.com\/index.php\/wp-json\/wp\/v2\/tags?post=17354"}],"curies":[{"name":"wp","href":"https:\/\/api.w.org\/{rel}","templated":true}]}}