{"id":17176,"date":"2022-06-07T21:36:32","date_gmt":"2022-06-07T19:36:32","guid":{"rendered":"https:\/\/culturesco.com\/?p=17176"},"modified":"2022-06-07T21:36:32","modified_gmt":"2022-06-07T19:36:32","slug":"daran-et-les-chaises-dormir-dehors","status":"publish","type":"post","link":"https:\/\/culturesco.com\/index.php\/2022\/06\/07\/daran-et-les-chaises-dormir-dehors\/","title":{"rendered":"DARAN Et Les Chaises &#8211; Dormir Dehors"},"content":{"rendered":"<h2>DARAN Et Les Chaises &#8211; Dormir Dehors<\/h2>\n<p><img data-recalc-dims=\"1\" loading=\"lazy\" decoding=\"async\" class=\" wp-image-17177 aligncenter\" src=\"https:\/\/i0.wp.com\/culturesco.com\/wp-content\/uploads\/2022\/06\/Daran-Dormir-dehors.jpg?resize=607%2C295&#038;ssl=1\" alt=\"Daran et les chaises\" width=\"607\" height=\"295\" srcset=\"https:\/\/i0.wp.com\/culturesco.com\/wp-content\/uploads\/2022\/06\/Daran-Dormir-dehors.jpg?resize=300%2C146&amp;ssl=1 300w, https:\/\/i0.wp.com\/culturesco.com\/wp-content\/uploads\/2022\/06\/Daran-Dormir-dehors.jpg?resize=768%2C374&amp;ssl=1 768w, https:\/\/i0.wp.com\/culturesco.com\/wp-content\/uploads\/2022\/06\/Daran-Dormir-dehors.jpg?resize=696%2C339&amp;ssl=1 696w, https:\/\/i0.wp.com\/culturesco.com\/wp-content\/uploads\/2022\/06\/Daran-Dormir-dehors.jpg?resize=1068%2C520&amp;ssl=1 1068w, https:\/\/i0.wp.com\/culturesco.com\/wp-content\/uploads\/2022\/06\/Daran-Dormir-dehors.jpg?resize=862%2C420&amp;ssl=1 862w, https:\/\/i0.wp.com\/culturesco.com\/wp-content\/uploads\/2022\/06\/Daran-Dormir-dehors.jpg?w=600&amp;ssl=1 600w\" sizes=\"auto, (max-width: 607px) 100vw, 607px\" \/><\/p>\n<p style=\"text-align: justify;\">\u00ab <em><strong>Je n&rsquo;veux pas m&rsquo;endormir, faire semblant d&rsquo;ob\u00e9ir, au mensonge millionnaire,<\/strong> cuisine \u00e9quip\u00e9e<\/em> \u00bb. Ne pas croire \u00e0 l\u2019utopie lib\u00e9rale, rester \u00e9veiller, ce pourrait \u00eatre le cr\u00e9do de la chanson \u00ab <strong>Dormir Dehors<\/strong> \u00bb. Seulement <strong>Daran Et Les Chaises<\/strong> \u00e9pinglent \u00e9galement les relations amoureuses : toi et moi dans le bel int\u00e9rieur d\u2019une maison avec jardin et \u2026 cuisine \u00e9quip\u00e9e. \u00ab <strong><em>Sauve-toi l\u2019oiseau \u2026<\/em><\/strong> \u00bb, l\u2019amour n\u2019existe que s\u2019il <strong>reste libre<\/strong>, ne pas l\u2019enfermer. Voil\u00e0 pourquoi, plut\u00f4t que se soumettre \u00e0 ces dictats, peut-\u00eatre vaut-il mieux adopter une locution m\u00e9taphorique du type <strong>\u00ab dormir dehors \u00bb synonyme de singularit\u00e9<\/strong>.<\/p>\n<h3>DARAN Et Les Chaises &#8211; Dormir Dehors<\/h3>\n<div class=\"youtube-embed\" data-video_id=\"XQsZ5OkS_0g\"><iframe loading=\"lazy\" title=\"Daran et les chaises - Dormir dehors (Clip officiel)\" width=\"696\" height=\"522\" src=\"https:\/\/www.youtube.com\/embed\/XQsZ5OkS_0g\" frameborder=\"0\" allow=\"accelerometer; autoplay; clipboard-write; encrypted-media; gyroscope; picture-in-picture; web-share\" referrerpolicy=\"strict-origin-when-cross-origin\" allowfullscreen><\/iframe><\/div>\n<p style=\"text-align: justify;\">Ce <strong>single sorti en 1994<\/strong> sur l\u2019album <a href=\"https:\/\/www.youtube.com\/watch?v=wXWp5Cbmea0\" target=\"_blank\" rel=\"noopener\"><em>Huit Barr\u00e9<\/em><\/a> devient <strong>un incontournable des radios FM<\/strong> en 1995. Concomitamment, Miossec envoie<a href=\"https:\/\/www.youtube.com\/watch?v=51ytS2PVWF4\" target=\"_blank\" rel=\"noopener\"><em> Boire<\/em><\/a>, Arno <a href=\"https:\/\/www.youtube.com\/watch?v=CH_rmqlxCbU\" target=\"_blank\" rel=\"noopener\"><em>A La Fran\u00e7aise<\/em><\/a> et Zebda <em><a href=\"https:\/\/www.youtube.com\/watch?v=rbXUIkYOvl8\" target=\"_blank\" rel=\"noopener\">Le bruit et l\u2019Odeur<\/a>,<\/em> un certain <strong>renouveau dans le bande son francophone<\/strong> avec des <strong>textes plus proche du quotidien<\/strong> versus : \u00ab <strong>Tout ne va pas si bien<\/strong> \u00bb.<\/p>\n<p style=\"text-align: justify;\">D\u2019un point de vue strictement musical, <strong>le propos est plut\u00f4t acoustique<\/strong> accompagn\u00e9 de <strong>greffes \u00e9lectriques<\/strong>. Sur l\u2019album, <strong>certains titres <\/strong>sont<strong> plus baraqu\u00e9s<\/strong>, justifiant l\u2019appellation \u00ab <strong>rock<\/strong> \u00bb attribu\u00e9e au groupe. Hormis cela, <strong>les chansons suivent les m\u00e9andres d\u2019une rivi\u00e8re assagie<\/strong> parsem\u00e9e, il est vrai, de <strong>quelques rapides.<\/strong><\/p>\n<h3>35 Ans \u00e0 Moscou<\/h3>\n<div class=\"youtube-embed\" data-video_id=\"I7pk5o8JyNU\"><iframe loading=\"lazy\" title=\"35 ans \u00e0 Moscou\" width=\"696\" height=\"522\" src=\"https:\/\/www.youtube.com\/embed\/I7pk5o8JyNU\" frameborder=\"0\" allow=\"accelerometer; autoplay; clipboard-write; encrypted-media; gyroscope; picture-in-picture; web-share\" referrerpolicy=\"strict-origin-when-cross-origin\" allowfullscreen><\/iframe><\/div>\n<p style=\"text-align: justify;\"><strong>En live<\/strong> le combo termine g\u00e9n\u00e9ralement \u00ab <strong>Dormir Dehors<\/strong> \u00bb en <strong>explosant son format, tant en puissance qu\u2019en dur\u00e9e<\/strong>. A cette occasion, il fait preuve d\u2019une <strong>unit\u00e9 sans faille.<\/strong> Pourtant, tr\u00e8s vite, <strong>Daran va s\u2019autonomiser<\/strong>, s\u2019individualiser, jouer aux \u00ab chaises \u00bb musicales ? Peut-\u00eatre aurait-il mieux valu appeler le groupe DARAN &amp; \u00ab des \u00bb Chaises, sur le principe : \u00ab <strong>Je pr\u00e9f\u00e8re rester debout<\/strong> \u00bb.<\/p>\n<p style=\"text-align: justify;\">Quoiqu\u2019il en soit, <strong>le morceau \u00ab claque \u00bb<\/strong> et p\u00e9n\u00e8tre imm\u00e9diatement la <strong>zone du plaisir<\/strong> sise dans l\u2019hypothalamus <strong>de l\u2019auditeur.<\/strong><\/p>\n<h3>DARAN Et Les Chaises &#8211; Dormir Dehors (live)<\/h3>\n<div class=\"youtube-embed\" data-video_id=\"jCtfKJ5jNyk\"><iframe loading=\"lazy\" title=\"DARAN - 04 Dormir Dehors - Francofolies de La Rochelle\" width=\"696\" height=\"522\" src=\"https:\/\/www.youtube.com\/embed\/jCtfKJ5jNyk\" frameborder=\"0\" allow=\"accelerometer; autoplay; clipboard-write; encrypted-media; gyroscope; picture-in-picture; web-share\" referrerpolicy=\"strict-origin-when-cross-origin\" allowfullscreen><\/iframe><\/div>\n<p style=\"text-align: justify;\">Que devient <strong>Daran apr\u00e8s ce one hit wonder ?<\/strong> M\u00eame si, l\u00e0-bas, l\u2019hiver est peu propice aux nuits pass\u00e9es \u00e0 la belle \u00e9toile, il<strong> choisit de s\u2019installer au Qu\u00e9bec<\/strong>. En outre, il <strong>\u00e9labore moult compositions<\/strong> pour des <strong>\u00ab cadors \u00bb de la chanson fran\u00e7aise<\/strong> : Hallyday, Pagny, Sardou \u2026 jusqu\u2019\u00e0 r\u00e9aliser une <strong>Bande originales de film<\/strong> (Monsieur Papa \u2013 2011). <strong>Lorsqu\u2019on a du talent, la musique se r\u00e9v\u00e8le sans fronti\u00e8re \u2026<\/strong><\/p>\n<p>Thierry Dauge<\/p>\n","protected":false},"excerpt":{"rendered":"<p>DARAN Et Les Chaises &#8211; Dormir Dehors \u00ab Je n&rsquo;veux pas m&rsquo;endormir, faire semblant d&rsquo;ob\u00e9ir, au mensonge millionnaire, cuisine \u00e9quip\u00e9e \u00bb. Ne pas croire \u00e0 l\u2019utopie lib\u00e9rale, rester \u00e9veiller, ce pourrait \u00eatre le cr\u00e9do de la chanson \u00ab Dormir Dehors \u00bb. Seulement Daran Et Les Chaises \u00e9pinglent \u00e9galement les relations amoureuses : toi et moi [&hellip;]<\/p>\n","protected":false},"author":3,"featured_media":17177,"comment_status":"open","ping_status":"open","sticky":false,"template":"","format":"image","meta":{"jetpack_post_was_ever_published":false,"tdm_status":"","tdm_grid_status":"","_jetpack_newsletter_access":"","_jetpack_dont_email_post_to_subs":false,"_jetpack_newsletter_tier_id":0,"_jetpack_memberships_contains_paywalled_content":false,"_jetpack_memberships_contains_paid_content":false,"footnotes":""},"categories":[30,17,36],"tags":[37,52,51],"class_list":{"0":"post-17176","1":"post","2":"type-post","3":"status-publish","4":"format-image","5":"has-post-thumbnail","7":"category-albums-rock","8":"category-carotte-rock-cultures","9":"category-groupes-rock-daujourdhui","10":"tag-album-rock","11":"tag-groupe-rock-actuel","12":"tag-rock-francais","13":"post_format-post-format-image"},"yoast_head":"<!-- This site is optimized with the Yoast SEO plugin v27.5 - https:\/\/yoast.com\/product\/yoast-seo-wordpress\/ -->\n<title>DARAN Et Les Chaises - Dormir Dehors - Culturesco rock fran\u00e7ais<\/title>\n<meta name=\"description\" content=\"CulturesCo | Avec &quot;Dormir Dehors&quot;, Daran Et Les Chaises percent les charts francophones de la m\u00e9tropole au Qu\u00e9bec. Rock folk fran\u00e7ais.\" \/>\n<meta name=\"robots\" content=\"index, follow, max-snippet:-1, max-image-preview:large, max-video-preview:-1\" \/>\n<link rel=\"canonical\" href=\"https:\/\/culturesco.com\/index.php\/2022\/06\/07\/daran-et-les-chaises-dormir-dehors\/\" \/>\n<meta property=\"og:locale\" content=\"fr_FR\" \/>\n<meta property=\"og:type\" content=\"article\" \/>\n<meta property=\"og:title\" content=\"DARAN Et Les Chaises - Dormir Dehors - Culturesco rock fran\u00e7ais\" \/>\n<meta property=\"og:description\" content=\"CulturesCo | Avec &quot;Dormir Dehors&quot;, Daran Et Les Chaises percent les charts francophones de la m\u00e9tropole au Qu\u00e9bec. Rock folk fran\u00e7ais.\" \/>\n<meta property=\"og:url\" content=\"https:\/\/culturesco.com\/index.php\/2022\/06\/07\/daran-et-les-chaises-dormir-dehors\/\" \/>\n<meta property=\"og:site_name\" content=\"Culturesco\" \/>\n<meta property=\"article:publisher\" content=\"https:\/\/www.facebook.com\/radioculturesco\" \/>\n<meta property=\"article:published_time\" content=\"2022-06-07T19:36:32+00:00\" \/>\n<meta property=\"og:image\" content=\"https:\/\/culturesco.com\/wp-content\/uploads\/2022\/06\/Daran-Dormir-dehors.jpg\" \/>\n\t<meta property=\"og:image:width\" content=\"600\" \/>\n\t<meta property=\"og:image:height\" content=\"292\" \/>\n\t<meta property=\"og:image:type\" content=\"image\/jpeg\" \/>\n<meta name=\"author\" content=\"Thierry Dauge\" \/>\n<meta name=\"twitter:card\" content=\"summary_large_image\" \/>\n<meta name=\"twitter:creator\" content=\"@AugusteMarshal\" \/>\n<meta name=\"twitter:site\" content=\"@AugusteMarshal\" \/>\n<meta name=\"twitter:label1\" content=\"\u00c9crit par\" \/>\n\t<meta name=\"twitter:data1\" content=\"Thierry Dauge\" \/>\n\t<meta name=\"twitter:label2\" content=\"Dur\u00e9e de lecture estim\u00e9e\" \/>\n\t<meta name=\"twitter:data2\" content=\"3 minutes\" \/>\n<script type=\"application\/ld+json\" class=\"yoast-schema-graph\">{\"@context\":\"https:\\\/\\\/schema.org\",\"@graph\":[{\"@type\":\"Article\",\"@id\":\"https:\\\/\\\/culturesco.com\\\/index.php\\\/2022\\\/06\\\/07\\\/daran-et-les-chaises-dormir-dehors\\\/#article\",\"isPartOf\":{\"@id\":\"https:\\\/\\\/culturesco.com\\\/index.php\\\/2022\\\/06\\\/07\\\/daran-et-les-chaises-dormir-dehors\\\/\"},\"author\":{\"name\":\"Thierry Dauge\",\"@id\":\"https:\\\/\\\/culturesco.com\\\/#\\\/schema\\\/person\\\/19f04cf232d246197f6e7d62abe6cb0e\"},\"headline\":\"DARAN Et Les Chaises &#8211; Dormir Dehors\",\"datePublished\":\"2022-06-07T19:36:32+00:00\",\"mainEntityOfPage\":{\"@id\":\"https:\\\/\\\/culturesco.com\\\/index.php\\\/2022\\\/06\\\/07\\\/daran-et-les-chaises-dormir-dehors\\\/\"},\"wordCount\":440,\"commentCount\":0,\"publisher\":{\"@id\":\"https:\\\/\\\/culturesco.com\\\/#organization\"},\"image\":{\"@id\":\"https:\\\/\\\/culturesco.com\\\/index.php\\\/2022\\\/06\\\/07\\\/daran-et-les-chaises-dormir-dehors\\\/#primaryimage\"},\"thumbnailUrl\":\"https:\\\/\\\/i0.wp.com\\\/culturesco.com\\\/wp-content\\\/uploads\\\/2022\\\/06\\\/Daran-Dormir-dehors.jpg?fit=600%2C292&ssl=1\",\"keywords\":[\"album rock\",\"groupe rock actuel\",\"Rock fran\u00e7ais\"],\"articleSection\":[\"Albums rock\",\"Carotte Rock Cultures\",\"Groupes rock d'aujourd'hui\"],\"inLanguage\":\"fr-FR\",\"potentialAction\":[{\"@type\":\"CommentAction\",\"name\":\"Comment\",\"target\":[\"https:\\\/\\\/culturesco.com\\\/index.php\\\/2022\\\/06\\\/07\\\/daran-et-les-chaises-dormir-dehors\\\/#respond\"]}]},{\"@type\":\"WebPage\",\"@id\":\"https:\\\/\\\/culturesco.com\\\/index.php\\\/2022\\\/06\\\/07\\\/daran-et-les-chaises-dormir-dehors\\\/\",\"url\":\"https:\\\/\\\/culturesco.com\\\/index.php\\\/2022\\\/06\\\/07\\\/daran-et-les-chaises-dormir-dehors\\\/\",\"name\":\"DARAN Et Les Chaises - Dormir Dehors - Culturesco rock fran\u00e7ais\",\"isPartOf\":{\"@id\":\"https:\\\/\\\/culturesco.com\\\/#website\"},\"primaryImageOfPage\":{\"@id\":\"https:\\\/\\\/culturesco.com\\\/index.php\\\/2022\\\/06\\\/07\\\/daran-et-les-chaises-dormir-dehors\\\/#primaryimage\"},\"image\":{\"@id\":\"https:\\\/\\\/culturesco.com\\\/index.php\\\/2022\\\/06\\\/07\\\/daran-et-les-chaises-dormir-dehors\\\/#primaryimage\"},\"thumbnailUrl\":\"https:\\\/\\\/i0.wp.com\\\/culturesco.com\\\/wp-content\\\/uploads\\\/2022\\\/06\\\/Daran-Dormir-dehors.jpg?fit=600%2C292&ssl=1\",\"datePublished\":\"2022-06-07T19:36:32+00:00\",\"description\":\"CulturesCo | Avec \\\"Dormir Dehors\\\", Daran Et Les Chaises percent les charts francophones de la m\u00e9tropole au Qu\u00e9bec. Rock folk fran\u00e7ais.\",\"breadcrumb\":{\"@id\":\"https:\\\/\\\/culturesco.com\\\/index.php\\\/2022\\\/06\\\/07\\\/daran-et-les-chaises-dormir-dehors\\\/#breadcrumb\"},\"inLanguage\":\"fr-FR\",\"potentialAction\":[{\"@type\":\"ReadAction\",\"target\":[\"https:\\\/\\\/culturesco.com\\\/index.php\\\/2022\\\/06\\\/07\\\/daran-et-les-chaises-dormir-dehors\\\/\"]}]},{\"@type\":\"ImageObject\",\"inLanguage\":\"fr-FR\",\"@id\":\"https:\\\/\\\/culturesco.com\\\/index.php\\\/2022\\\/06\\\/07\\\/daran-et-les-chaises-dormir-dehors\\\/#primaryimage\",\"url\":\"https:\\\/\\\/i0.wp.com\\\/culturesco.com\\\/wp-content\\\/uploads\\\/2022\\\/06\\\/Daran-Dormir-dehors.jpg?fit=600%2C292&ssl=1\",\"contentUrl\":\"https:\\\/\\\/i0.wp.com\\\/culturesco.com\\\/wp-content\\\/uploads\\\/2022\\\/06\\\/Daran-Dormir-dehors.jpg?fit=600%2C292&ssl=1\",\"width\":600,\"height\":292,\"caption\":\"Daran et les chaises\"},{\"@type\":\"BreadcrumbList\",\"@id\":\"https:\\\/\\\/culturesco.com\\\/index.php\\\/2022\\\/06\\\/07\\\/daran-et-les-chaises-dormir-dehors\\\/#breadcrumb\",\"itemListElement\":[{\"@type\":\"ListItem\",\"position\":1,\"name\":\"Accueil\",\"item\":\"https:\\\/\\\/culturesco.com\\\/\"},{\"@type\":\"ListItem\",\"position\":2,\"name\":\"DARAN Et Les Chaises &#8211; Dormir Dehors\"}]},{\"@type\":\"WebSite\",\"@id\":\"https:\\\/\\\/culturesco.com\\\/#website\",\"url\":\"https:\\\/\\\/culturesco.com\\\/\",\"name\":\"Culturesco\",\"description\":\"Culturesco | Un bon coup de pied dans ta Culture\",\"publisher\":{\"@id\":\"https:\\\/\\\/culturesco.com\\\/#organization\"},\"potentialAction\":[{\"@type\":\"SearchAction\",\"target\":{\"@type\":\"EntryPoint\",\"urlTemplate\":\"https:\\\/\\\/culturesco.com\\\/?s={search_term_string}\"},\"query-input\":{\"@type\":\"PropertyValueSpecification\",\"valueRequired\":true,\"valueName\":\"search_term_string\"}}],\"inLanguage\":\"fr-FR\"},{\"@type\":\"Organization\",\"@id\":\"https:\\\/\\\/culturesco.com\\\/#organization\",\"name\":\"CULTURESCO\",\"url\":\"https:\\\/\\\/culturesco.com\\\/\",\"logo\":{\"@type\":\"ImageObject\",\"inLanguage\":\"fr-FR\",\"@id\":\"https:\\\/\\\/culturesco.com\\\/#\\\/schema\\\/logo\\\/image\\\/\",\"url\":\"https:\\\/\\\/i0.wp.com\\\/culturesco.com\\\/wp-content\\\/uploads\\\/2022\\\/04\\\/culturesco-logo-blanc250p.png?fit=250%2C250&ssl=1\",\"contentUrl\":\"https:\\\/\\\/i0.wp.com\\\/culturesco.com\\\/wp-content\\\/uploads\\\/2022\\\/04\\\/culturesco-logo-blanc250p.png?fit=250%2C250&ssl=1\",\"width\":250,\"height\":250,\"caption\":\"CULTURESCO\"},\"image\":{\"@id\":\"https:\\\/\\\/culturesco.com\\\/#\\\/schema\\\/logo\\\/image\\\/\"},\"sameAs\":[\"https:\\\/\\\/www.facebook.com\\\/radioculturesco\",\"https:\\\/\\\/x.com\\\/AugusteMarshal\",\"https:\\\/\\\/www.instagram.com\\\/carotte_rock_culture\\\/\",\"https:\\\/\\\/www.pinterest.fr\\\/augustemarshal\\\/\",\"https:\\\/\\\/www.youtube.com\\\/channel\\\/UCiWLGffqWSXlNnfzp6YwwyQ\"]},{\"@type\":\"Person\",\"@id\":\"https:\\\/\\\/culturesco.com\\\/#\\\/schema\\\/person\\\/19f04cf232d246197f6e7d62abe6cb0e\",\"name\":\"Thierry Dauge\",\"image\":{\"@type\":\"ImageObject\",\"inLanguage\":\"fr-FR\",\"@id\":\"https:\\\/\\\/i0.wp.com\\\/culturesco.com\\\/wp-content\\\/uploads\\\/2018\\\/12\\\/Black-Beauty-and-me.jpg?fit=96%2C96&ssl=1\",\"url\":\"https:\\\/\\\/i0.wp.com\\\/culturesco.com\\\/wp-content\\\/uploads\\\/2018\\\/12\\\/Black-Beauty-and-me.jpg?fit=96%2C96&ssl=1\",\"contentUrl\":\"https:\\\/\\\/i0.wp.com\\\/culturesco.com\\\/wp-content\\\/uploads\\\/2018\\\/12\\\/Black-Beauty-and-me.jpg?fit=96%2C96&ssl=1\",\"caption\":\"Thierry Dauge\"},\"description\":\"Amoureux des 70\u2019s et du hard rock en particulier, Thierry Dauge est chroniqueur sur Culturesco par amour de l\u2019\u00e9criture musicale. Co-auteur du livre\\\"Pop rock - Les instruments de l'ombre\\\" aux \u00e9ditions du Camion Blanc, collaborateur de Vivi pour \\\"Mes Ann\u00e9es Trust\\\", auteur de \\\"Sparks\\\" aux \u00e9ditions du Layeur, parce que le rock est loin d'\u00eatre mort ...\",\"url\":\"https:\\\/\\\/culturesco.com\\\/index.php\\\/author\\\/thierry-dauge888\\\/\"}]}<\/script>\n<!-- \/ Yoast SEO plugin. -->","yoast_head_json":{"title":"DARAN Et Les Chaises - Dormir Dehors - Culturesco rock fran\u00e7ais","description":"CulturesCo | Avec \"Dormir Dehors\", Daran Et Les Chaises percent les charts francophones de la m\u00e9tropole au Qu\u00e9bec. Rock folk fran\u00e7ais.","robots":{"index":"index","follow":"follow","max-snippet":"max-snippet:-1","max-image-preview":"max-image-preview:large","max-video-preview":"max-video-preview:-1"},"canonical":"https:\/\/culturesco.com\/index.php\/2022\/06\/07\/daran-et-les-chaises-dormir-dehors\/","og_locale":"fr_FR","og_type":"article","og_title":"DARAN Et Les Chaises - Dormir Dehors - Culturesco rock fran\u00e7ais","og_description":"CulturesCo | Avec \"Dormir Dehors\", Daran Et Les Chaises percent les charts francophones de la m\u00e9tropole au Qu\u00e9bec. Rock folk fran\u00e7ais.","og_url":"https:\/\/culturesco.com\/index.php\/2022\/06\/07\/daran-et-les-chaises-dormir-dehors\/","og_site_name":"Culturesco","article_publisher":"https:\/\/www.facebook.com\/radioculturesco","article_published_time":"2022-06-07T19:36:32+00:00","og_image":[{"width":600,"height":292,"url":"https:\/\/culturesco.com\/wp-content\/uploads\/2022\/06\/Daran-Dormir-dehors.jpg","type":"image\/jpeg"}],"author":"Thierry Dauge","twitter_card":"summary_large_image","twitter_creator":"@AugusteMarshal","twitter_site":"@AugusteMarshal","twitter_misc":{"\u00c9crit par":"Thierry Dauge","Dur\u00e9e de lecture estim\u00e9e":"3 minutes"},"schema":{"@context":"https:\/\/schema.org","@graph":[{"@type":"Article","@id":"https:\/\/culturesco.com\/index.php\/2022\/06\/07\/daran-et-les-chaises-dormir-dehors\/#article","isPartOf":{"@id":"https:\/\/culturesco.com\/index.php\/2022\/06\/07\/daran-et-les-chaises-dormir-dehors\/"},"author":{"name":"Thierry Dauge","@id":"https:\/\/culturesco.com\/#\/schema\/person\/19f04cf232d246197f6e7d62abe6cb0e"},"headline":"DARAN Et Les Chaises &#8211; Dormir Dehors","datePublished":"2022-06-07T19:36:32+00:00","mainEntityOfPage":{"@id":"https:\/\/culturesco.com\/index.php\/2022\/06\/07\/daran-et-les-chaises-dormir-dehors\/"},"wordCount":440,"commentCount":0,"publisher":{"@id":"https:\/\/culturesco.com\/#organization"},"image":{"@id":"https:\/\/culturesco.com\/index.php\/2022\/06\/07\/daran-et-les-chaises-dormir-dehors\/#primaryimage"},"thumbnailUrl":"https:\/\/i0.wp.com\/culturesco.com\/wp-content\/uploads\/2022\/06\/Daran-Dormir-dehors.jpg?fit=600%2C292&ssl=1","keywords":["album rock","groupe rock actuel","Rock fran\u00e7ais"],"articleSection":["Albums rock","Carotte Rock Cultures","Groupes rock d'aujourd'hui"],"inLanguage":"fr-FR","potentialAction":[{"@type":"CommentAction","name":"Comment","target":["https:\/\/culturesco.com\/index.php\/2022\/06\/07\/daran-et-les-chaises-dormir-dehors\/#respond"]}]},{"@type":"WebPage","@id":"https:\/\/culturesco.com\/index.php\/2022\/06\/07\/daran-et-les-chaises-dormir-dehors\/","url":"https:\/\/culturesco.com\/index.php\/2022\/06\/07\/daran-et-les-chaises-dormir-dehors\/","name":"DARAN Et Les Chaises - Dormir Dehors - Culturesco rock fran\u00e7ais","isPartOf":{"@id":"https:\/\/culturesco.com\/#website"},"primaryImageOfPage":{"@id":"https:\/\/culturesco.com\/index.php\/2022\/06\/07\/daran-et-les-chaises-dormir-dehors\/#primaryimage"},"image":{"@id":"https:\/\/culturesco.com\/index.php\/2022\/06\/07\/daran-et-les-chaises-dormir-dehors\/#primaryimage"},"thumbnailUrl":"https:\/\/i0.wp.com\/culturesco.com\/wp-content\/uploads\/2022\/06\/Daran-Dormir-dehors.jpg?fit=600%2C292&ssl=1","datePublished":"2022-06-07T19:36:32+00:00","description":"CulturesCo | Avec \"Dormir Dehors\", Daran Et Les Chaises percent les charts francophones de la m\u00e9tropole au Qu\u00e9bec. Rock folk fran\u00e7ais.","breadcrumb":{"@id":"https:\/\/culturesco.com\/index.php\/2022\/06\/07\/daran-et-les-chaises-dormir-dehors\/#breadcrumb"},"inLanguage":"fr-FR","potentialAction":[{"@type":"ReadAction","target":["https:\/\/culturesco.com\/index.php\/2022\/06\/07\/daran-et-les-chaises-dormir-dehors\/"]}]},{"@type":"ImageObject","inLanguage":"fr-FR","@id":"https:\/\/culturesco.com\/index.php\/2022\/06\/07\/daran-et-les-chaises-dormir-dehors\/#primaryimage","url":"https:\/\/i0.wp.com\/culturesco.com\/wp-content\/uploads\/2022\/06\/Daran-Dormir-dehors.jpg?fit=600%2C292&ssl=1","contentUrl":"https:\/\/i0.wp.com\/culturesco.com\/wp-content\/uploads\/2022\/06\/Daran-Dormir-dehors.jpg?fit=600%2C292&ssl=1","width":600,"height":292,"caption":"Daran et les chaises"},{"@type":"BreadcrumbList","@id":"https:\/\/culturesco.com\/index.php\/2022\/06\/07\/daran-et-les-chaises-dormir-dehors\/#breadcrumb","itemListElement":[{"@type":"ListItem","position":1,"name":"Accueil","item":"https:\/\/culturesco.com\/"},{"@type":"ListItem","position":2,"name":"DARAN Et Les Chaises &#8211; Dormir Dehors"}]},{"@type":"WebSite","@id":"https:\/\/culturesco.com\/#website","url":"https:\/\/culturesco.com\/","name":"Culturesco","description":"Culturesco | Un bon coup de pied dans ta Culture","publisher":{"@id":"https:\/\/culturesco.com\/#organization"},"potentialAction":[{"@type":"SearchAction","target":{"@type":"EntryPoint","urlTemplate":"https:\/\/culturesco.com\/?s={search_term_string}"},"query-input":{"@type":"PropertyValueSpecification","valueRequired":true,"valueName":"search_term_string"}}],"inLanguage":"fr-FR"},{"@type":"Organization","@id":"https:\/\/culturesco.com\/#organization","name":"CULTURESCO","url":"https:\/\/culturesco.com\/","logo":{"@type":"ImageObject","inLanguage":"fr-FR","@id":"https:\/\/culturesco.com\/#\/schema\/logo\/image\/","url":"https:\/\/i0.wp.com\/culturesco.com\/wp-content\/uploads\/2022\/04\/culturesco-logo-blanc250p.png?fit=250%2C250&ssl=1","contentUrl":"https:\/\/i0.wp.com\/culturesco.com\/wp-content\/uploads\/2022\/04\/culturesco-logo-blanc250p.png?fit=250%2C250&ssl=1","width":250,"height":250,"caption":"CULTURESCO"},"image":{"@id":"https:\/\/culturesco.com\/#\/schema\/logo\/image\/"},"sameAs":["https:\/\/www.facebook.com\/radioculturesco","https:\/\/x.com\/AugusteMarshal","https:\/\/www.instagram.com\/carotte_rock_culture\/","https:\/\/www.pinterest.fr\/augustemarshal\/","https:\/\/www.youtube.com\/channel\/UCiWLGffqWSXlNnfzp6YwwyQ"]},{"@type":"Person","@id":"https:\/\/culturesco.com\/#\/schema\/person\/19f04cf232d246197f6e7d62abe6cb0e","name":"Thierry Dauge","image":{"@type":"ImageObject","inLanguage":"fr-FR","@id":"https:\/\/i0.wp.com\/culturesco.com\/wp-content\/uploads\/2018\/12\/Black-Beauty-and-me.jpg?fit=96%2C96&ssl=1","url":"https:\/\/i0.wp.com\/culturesco.com\/wp-content\/uploads\/2018\/12\/Black-Beauty-and-me.jpg?fit=96%2C96&ssl=1","contentUrl":"https:\/\/i0.wp.com\/culturesco.com\/wp-content\/uploads\/2018\/12\/Black-Beauty-and-me.jpg?fit=96%2C96&ssl=1","caption":"Thierry Dauge"},"description":"Amoureux des 70\u2019s et du hard rock en particulier, Thierry Dauge est chroniqueur sur Culturesco par amour de l\u2019\u00e9criture musicale. Co-auteur du livre\"Pop rock - Les instruments de l'ombre\" aux \u00e9ditions du Camion Blanc, collaborateur de Vivi pour \"Mes Ann\u00e9es Trust\", auteur de \"Sparks\" aux \u00e9ditions du Layeur, parce que le rock est loin d'\u00eatre mort ...","url":"https:\/\/culturesco.com\/index.php\/author\/thierry-dauge888\/"}]}},"jetpack_featured_media_url":"https:\/\/i0.wp.com\/culturesco.com\/wp-content\/uploads\/2022\/06\/Daran-Dormir-dehors.jpg?fit=600%2C292&ssl=1","jetpack_likes_enabled":true,"jetpack_sharing_enabled":true,"jetpack_shortlink":"https:\/\/wp.me\/paz89I-4t2","_links":{"self":[{"href":"https:\/\/culturesco.com\/index.php\/wp-json\/wp\/v2\/posts\/17176","targetHints":{"allow":["GET"]}}],"collection":[{"href":"https:\/\/culturesco.com\/index.php\/wp-json\/wp\/v2\/posts"}],"about":[{"href":"https:\/\/culturesco.com\/index.php\/wp-json\/wp\/v2\/types\/post"}],"author":[{"embeddable":true,"href":"https:\/\/culturesco.com\/index.php\/wp-json\/wp\/v2\/users\/3"}],"replies":[{"embeddable":true,"href":"https:\/\/culturesco.com\/index.php\/wp-json\/wp\/v2\/comments?post=17176"}],"version-history":[{"count":0,"href":"https:\/\/culturesco.com\/index.php\/wp-json\/wp\/v2\/posts\/17176\/revisions"}],"wp:featuredmedia":[{"embeddable":true,"href":"https:\/\/culturesco.com\/index.php\/wp-json\/wp\/v2\/media\/17177"}],"wp:attachment":[{"href":"https:\/\/culturesco.com\/index.php\/wp-json\/wp\/v2\/media?parent=17176"}],"wp:term":[{"taxonomy":"category","embeddable":true,"href":"https:\/\/culturesco.com\/index.php\/wp-json\/wp\/v2\/categories?post=17176"},{"taxonomy":"post_tag","embeddable":true,"href":"https:\/\/culturesco.com\/index.php\/wp-json\/wp\/v2\/tags?post=17176"}],"curies":[{"name":"wp","href":"https:\/\/api.w.org\/{rel}","templated":true}]}}