{"id":16755,"date":"2022-04-25T12:47:06","date_gmt":"2022-04-25T10:47:06","guid":{"rendered":"https:\/\/culturesco.com\/?p=16755"},"modified":"2026-01-17T10:28:07","modified_gmt":"2026-01-17T09:28:07","slug":"david-freel-hommage-au-chanteur-secret-de-swell","status":"publish","type":"post","link":"https:\/\/culturesco.com\/index.php\/2022\/04\/25\/david-freel-hommage-au-chanteur-secret-de-swell\/","title":{"rendered":"DAVID FREEL : Hommage au chanteur secret de SWELL"},"content":{"rendered":"<h2>Il y a des chroniques qu\u2019on ne pensait pas \u00e9crire&#8230; Comme cette \u00e9vocation mortuaire de David Freel, le mentor de Swell, d\u00e9c\u00e9d\u00e9 le 12 Avril 2022.<\/h2>\n<figure id=\"attachment_16756\" aria-describedby=\"caption-attachment-16756\" style=\"width: 596px\" class=\"wp-caption aligncenter\"><img data-recalc-dims=\"1\" loading=\"lazy\" decoding=\"async\" class=\"size-full wp-image-16756\" src=\"https:\/\/i0.wp.com\/culturesco.com\/wp-content\/uploads\/2022\/04\/swell05.0-2.jpg?resize=596%2C333&#038;ssl=1\" alt=\"Le groupe Swell\" width=\"596\" height=\"333\" srcset=\"https:\/\/i0.wp.com\/culturesco.com\/wp-content\/uploads\/2022\/04\/swell05.0-2.jpg?w=596&amp;ssl=1 596w, https:\/\/i0.wp.com\/culturesco.com\/wp-content\/uploads\/2022\/04\/swell05.0-2.jpg?resize=300%2C168&amp;ssl=1 300w\" sizes=\"auto, (max-width: 596px) 100vw, 596px\" \/><figcaption id=\"caption-attachment-16756\" class=\"wp-caption-text\">Swell : Monte Vallier, David Freel, Sean Kirkpatrick<\/figcaption><\/figure>\n<h3>GET HIGH (1989&#8230;)<\/h3>\n<p style=\"text-align: justify;\"><strong>Swell<\/strong>, c\u2019est d\u2019abord la rencontre entre un batteur iconoclaste, <a href=\"https:\/\/culturesco.com\/index.php\/2022\/12\/09\/the-world-is-haunted-fly-now-2022\/\"><strong>Sean Kirkpatrick<\/strong><\/a>, et un chanteur-guitariste un peu effac\u00e9 <strong>David Freel<\/strong>. Le lieu, San Francisco, la date, en 1989. Rejoints un temps par le bassiste <strong>Tim<\/strong> <strong>Adams<\/strong>, les gars publient en autoproduction un premier album en 1990, sobrement intitul\u00e9 <strong>Swell<\/strong> sur le label de <strong>Freel<\/strong>, <strong>pSycho-sPecificMusic<\/strong>.<br \/>\nAvec sa pochette de joyeux bambins dans les nuages, en noir, blanc et or, ce premier opus contient d\u00e9j\u00e0 les arch\u00e9types sonores de <strong>Swell<\/strong>.<\/p>\n<h3 style=\"text-align: justify;\">Swell &#8211; Love You All &#8211; Swell (1990)<\/h3>\n<div class=\"youtube-embed\" data-video_id=\"gm00-Bu7pyc\"><iframe loading=\"lazy\" title=\"Love You All\" width=\"696\" height=\"522\" src=\"https:\/\/www.youtube.com\/embed\/gm00-Bu7pyc\" frameborder=\"0\" allow=\"accelerometer; autoplay; clipboard-write; encrypted-media; gyroscope; picture-in-picture; web-share\" referrerpolicy=\"strict-origin-when-cross-origin\" allowfullscreen><\/iframe><\/div>\n<p style=\"text-align: justify;\">D\u2019abord, l\u2019omnipr\u00e9sence de la guitare acoustique de <strong>Freel<\/strong>, une vieille <strong>Takamine<\/strong> des ann\u00e9es 70, doubl\u00e9e par des stridences de 6 cordes \u00e9lectriques en accords pointill\u00e9s ou en slide. Puis, la batterie singuli\u00e8re de <strong>Kirkpatrick<\/strong>, une partie originale pour chaque titre, le gars \u00e9crit ses lignes rythmiques m\u00eame avant la base m\u00e9lodique et dialogue avec l\u2019acoustique. La basse, elle, se d\u00e9roule de mani\u00e8re hypnotique et harmonique, parfois tr\u00e8s pr\u00e9sente. Enfin, le chant de <strong>Freel<\/strong> d\u00e9tach\u00e9 mais aussi sensible passe du murmure \u00e0 l\u2019exclamation, du parler au chanter comme un <strong>Lou Reed<\/strong> de la c\u00f4te Ouest. Quant \u00e0 ses textes, ils balancent entre accroches imm\u00e9diates et formules \u00e9nigmatiques.<\/p>\n<h3>Swell &#8211; Get High &#8211; Swell (1990)<\/h3>\n<div class=\"youtube-embed\" data-video_id=\"tJN6M_29SJc\"><iframe loading=\"lazy\" title=\"Swell - Get High\" width=\"696\" height=\"522\" src=\"https:\/\/www.youtube.com\/embed\/tJN6M_29SJc\" frameborder=\"0\" allow=\"accelerometer; autoplay; clipboard-write; encrypted-media; gyroscope; picture-in-picture; web-share\" referrerpolicy=\"strict-origin-when-cross-origin\" allowfullscreen><\/iframe><\/div>\n<p style=\"text-align: justify;\">Il y aussi ce travail sur le silence, le groupe oscillant entre la note jou\u00e9e et non jou\u00e9e, le dit et le non dit, cr\u00e9ant quasiment des chansons elliptiques.<\/p>\n<p style=\"text-align: justify;\">Enfin, <strong>Freel<\/strong> int\u00e8gre aux morceaux des s\u00e9quences de bruits, de sons du quotidien, rappelant les obsessions de <a href=\"https:\/\/culturesco.com\/index.php\/2020\/05\/27\/the-dark-side-of-the-moon-lastre-eternel-de-pink-floyd-money-time-brain-damage\/\"><strong>Pink Floyd<\/strong> <\/a>pour cette mati\u00e8re organique.<br \/>\nDe l\u2019ensemble du disque se d\u00e9gage d\u00e9j\u00e0 une forte personnalit\u00e9 difficilement r\u00e9sumable \u00e0 quelques \u00e9tiquettes\u00a0: Post-punk, noise, folk, Lo-fi, psych\u00e9&#8230;<\/p>\n<p>&nbsp;<\/p>\n<h3>AT LONG LAST (1991 &#8211; 1992)<\/h3>\n<p style=\"text-align: justify;\">L\u2019arriv\u00e9e de l\u2019excellent bassiste <strong>Monte Vallier<\/strong> et d\u2019un second guitariste, <strong>John Dettman<\/strong>, va permettre \u00e0 <strong>Freel<\/strong> d\u2019aller plus loin encore dans son \u00e9criture pour leur deuxi\u00e8me LP baptis\u00e9 finement <strong>&#8230;Well ? <\/strong>(1991)<br \/>\nConsid\u00e9r\u00e9 par certains comme l\u2019un des albums marquants des ann\u00e9es 90, cet opus mieux produit pr\u00e9sente des th\u00e8mes incontournables du r\u00e9pertoire du gang. Les constantes stylistiques musicales, avec ce fameux son de batterie, et visuelles (Photo en noir et blanc, ajouts en or&#8230;) demeurent voire s\u2019affirment alors que la qualit\u00e9 du songwriting s\u2019am\u00e9liore.<\/p>\n<h3 style=\"text-align: justify;\">Swell &#8211; At Long Last &#8211; &#8230; Well ? (1991)<\/h3>\n<div class=\"youtube-embed\" data-video_id=\"fhEd6qzFcmk\"><iframe loading=\"lazy\" title=\"Swell - At Long Last HD\" width=\"696\" height=\"392\" src=\"https:\/\/www.youtube.com\/embed\/fhEd6qzFcmk\" frameborder=\"0\" allow=\"accelerometer; autoplay; clipboard-write; encrypted-media; gyroscope; picture-in-picture; web-share\" referrerpolicy=\"strict-origin-when-cross-origin\" allowfullscreen><\/iframe><\/div>\n<p style=\"text-align: justify;\">Des titres de <strong>&#8230; Well ?<\/strong> vont devenir des moments phares en concert, tel le leitmotiv ironique de <strong>It&rsquo;s OK<\/strong>&#8230;<\/p>\n<p style=\"text-align: justify;\">Au d\u00e9part en autoprod, ce volume est repris par <strong>Def American<\/strong> et en France par le label culte lillois <a href=\"https:\/\/fr.wikipedia.org\/wiki\/Danceteria_%28label%29\"><strong>Danceteria<\/strong><\/a>, signe que \u00e7a bouge autour de<strong> Swell<\/strong>. Rajoutons que le quatuor est particuli\u00e8rement bon en live m\u00eame si <strong>Freel<\/strong> ne supporte pas le Rock\u2019n\u2019roll Circus.<\/p>\n<p style=\"text-align: justify;\"><em>\u00ab\u00a0Il ne voulait ni \u00eatre sur sc\u00e8ne ni \u00eatre photographi\u00e9, ni m\u00eame \u00eatre interview\u00e9. Il trouvait cet aspect de la vie de groupe douloureux. Il voulait juste \u00e9crire des chansons et les enregistrer : cr\u00e9er une atmosph\u00e8re et susciter des humeurs.\u00a0\u00bb<br \/>\n<\/em><\/p>\n<p style=\"text-align: justify;\">(Extrait de l\u2019<strong>Hommage \u00e0 David Wendell Freel par Monte Vallier<\/strong> <strong>et<\/strong> <strong>Sean<\/strong> <strong>Kirkpatrick<\/strong>.)<\/p>\n<p>&nbsp;<\/p>\n<h3>IS THAT IMPORTANT ? (1993-1994)<\/h3>\n<p style=\"text-align: justify;\">Lorsqu&rsquo;arrive le troisi\u00e8me LP <a href=\"https:\/\/culturesco.com\/index.php\/2024\/05\/27\/swell-lalbum-41-30th-anniversary-edition-1994-2024\/\"><strong>41<\/strong> <\/a>en 1994, il para\u00eet \u00e9vident qu\u2019on tient l\u00e0 le meilleur album des Ricains. A nouveau enregistr\u00e9 dans leur rep\u00e8re, au <strong>41 Turk Street \u00e0 San Francisco<\/strong>, d\u2019o\u00f9 son titre, cette collection d\u00e9voile dix titres magistraux, envo\u00fbtants, sensibles et m\u00e9lancoliques avec un style et une \u00e9criture au sommet. Toujours sans concessions, <strong>Freel<\/strong> ajoute en intro et en outro, trois s\u00e9quences ambiantes. D\u2019abord, l\u2019arriv\u00e9e dans le local des gars en montant l\u2019escalier, celui de la pochette, puis en final, le d\u00e9part et bizarrement un r\u00e9citatif avec les paroles du disque. Intrigant non ?<br \/>\nLe titre <strong>Forget About Jesus<\/strong>, s\u2019affiche embl\u00e9matique du LP, ouverture en guitare acoustique \/ tambourin, suivie d\u2019un rythme syncop\u00e9 et g\u00e9om\u00e9trique de la batterie accompagn\u00e9 de nappes de synth\u00e9, guitare slide et enfin la voix distanci\u00e9e du chanteur sur une m\u00e9lodie imparable.<\/p>\n<h3>Swell &#8211; Forget About Jesus &#8211; 41 (1994)<\/h3>\n<div class=\"youtube-embed\" data-video_id=\"dws9meiWen8\"><iframe loading=\"lazy\" title=\"Swell - Forget About Jesus HD\" width=\"696\" height=\"392\" src=\"https:\/\/www.youtube.com\/embed\/dws9meiWen8\" frameborder=\"0\" allow=\"accelerometer; autoplay; clipboard-write; encrypted-media; gyroscope; picture-in-picture; web-share\" referrerpolicy=\"strict-origin-when-cross-origin\" allowfullscreen><\/iframe><\/div>\n<p style=\"text-align: justify;\">Les trouvailles continuent lorsque <strong>Monte Vallier<\/strong> joue en slide sur sa basse pour certains morceaux.<\/p>\n<h3 style=\"text-align: justify;\">Swell &#8211; [It&rsquo;s Time To] Move On &#8211; 41 (1994)<\/h3>\n<div class=\"youtube-embed\" data-video_id=\"3i-_H8HIWQ0\"><iframe loading=\"lazy\" title=\"[It&#039;s Time to] Move On (2024 Remaster)\" width=\"696\" height=\"522\" src=\"https:\/\/www.youtube.com\/embed\/3i-_H8HIWQ0\" frameborder=\"0\" allow=\"accelerometer; autoplay; clipboard-write; encrypted-media; gyroscope; picture-in-picture; web-share\" referrerpolicy=\"strict-origin-when-cross-origin\" allowfullscreen><\/iframe><\/div>\n<p style=\"text-align: justify;\">Notons que cette fois c\u2019est <strong>Tom Hays<\/strong> qui assure la seconde guitare. Il sera ensuite remplac\u00e9 pour la tourn\u00e9e par <strong>Niko Venner<\/strong>.<br \/>\nL\u2019album sort chez <strong>American Recordings<\/strong> tandis qu\u2019en France il est ardemment d\u00e9fendu par les Radios Ind\u00e9s comme <strong>Radio Campus Lille<\/strong>, les journaux <strong>Lib\u00e9ration<\/strong>,<strong> les Inrockuptibles<\/strong>, ou <strong>Lenoir<\/strong> sur<strong> France Inter<\/strong> qui d\u2019ailleurs proposera \u00e0 <strong>Swell<\/strong> une <strong>Black Session<\/strong> mythique. Le quatuor est alors \u00e0 son z\u00e9nith, les concerts fascinent de par leur perfection.<\/p>\n<h3>Swell &#8211; \u00c9mission MEGAMIX &#8211; (1994)<\/h3>\n<div class=\"youtube-embed\" data-video_id=\"9u96WTTyrrc\"><iframe loading=\"lazy\" title=\"Swell feature on french television (1994?)\" width=\"696\" height=\"522\" src=\"https:\/\/www.youtube.com\/embed\/9u96WTTyrrc\" frameborder=\"0\" allow=\"accelerometer; autoplay; clipboard-write; encrypted-media; gyroscope; picture-in-picture; web-share\" referrerpolicy=\"strict-origin-when-cross-origin\" allowfullscreen><\/iframe><\/div>\n<h3><\/h3>\n<h3>WHAT I ALWAYS WANTED (1995 &#8211; 1997)<\/h3>\n<p style=\"text-align: justify;\">La suite s\u2019av\u00e8re plus confuse. <strong>American Recordings<\/strong> investit dans le projet du prochain LP mais le groupe s\u2019\u00e9gare en quittant sa base de San Franciscoo, tout en essayant plusieurs producteurs, m\u00eame <strong>Frank Black<\/strong> des <a href=\"https:\/\/culturesco.com\/index.php\/2019\/04\/05\/where-is-my-mind-the-pixies-l-histoire-d-un-etat-modifie-de-conscience-par-frank-black\/\"><strong>Pixies<\/strong><\/a>. Le label de <strong>Rubin<\/strong>, en difficult\u00e9s financi\u00e8res, pique carr\u00e9ment les bandes. Surtout, le batteur<strong> Sean Kirkpatrick<\/strong> jette l\u2019\u00e9ponge apr\u00e8s les sessions, disloquant ainsi le noyau du gang. Finalement, apr\u00e8s d\u2019\u00e2pres n\u00e9gociations de boutiques, ce 4e volume <strong>Too Many Days Without Thinking <\/strong>se d\u00e9voile enfin en 1997 sur <strong>Beggars Banquet<\/strong>. C\u2019est malgr\u00e9 tout un tr\u00e8s bon cru \u00e0 l\u2019instar de ce morceau&#8230;<\/p>\n<h3>Swell &#8211; (I Know) The Trip &#8211; Too Many Days Without Thinking (1997)<\/h3>\n<div class=\"youtube-embed\" data-video_id=\"ZJXojHIUk5Y\"><iframe loading=\"lazy\" title=\"Swell - (I Know) The Trip HD\" width=\"696\" height=\"392\" src=\"https:\/\/www.youtube.com\/embed\/ZJXojHIUk5Y\" frameborder=\"0\" allow=\"accelerometer; autoplay; clipboard-write; encrypted-media; gyroscope; picture-in-picture; web-share\" referrerpolicy=\"strict-origin-when-cross-origin\" allowfullscreen><\/iframe><\/div>\n<p style=\"text-align: justify;\">Ou du superbe <strong>What I Always Wanted<\/strong>, l\u2019un des titres pr\u00e9f\u00e9r\u00e9s de<strong> Freel<\/strong> et des gars&#8230;<\/p>\n<h3>Swell &#8211; What I Always Wanted &#8211; Too Many Days Without Thinking (1997)<\/h3>\n<div class=\"youtube-embed\" data-video_id=\"CI2t21DQ_ao\"><iframe loading=\"lazy\" title=\"What I Always Wanted\" width=\"696\" height=\"522\" src=\"https:\/\/www.youtube.com\/embed\/CI2t21DQ_ao\" frameborder=\"0\" allow=\"accelerometer; autoplay; clipboard-write; encrypted-media; gyroscope; picture-in-picture; web-share\" referrerpolicy=\"strict-origin-when-cross-origin\" allowfullscreen><\/iframe><\/div>\n<p style=\"text-align: justify;\">La couverture pour une fois dans d\u2019autres tons reprend un tableau du batteur.<br \/>\nM\u00eame si l\u2019impact m\u00e9diatique reste pr\u00e9sent, <strong>Lib\u00e9ration<\/strong> honorant <strong>Swell<\/strong> de l\u2019appellation du <em>\u00ab\u00a0meilleur groupe du monde\u00a0\u00bb<\/em>, le succ\u00e8s public tra\u00eene. Un malaise renforc\u00e9 par des concerts chaotiques, avec un <strong>David Freel<\/strong> qui a de plus en plus de mal \u00e0 affronter ses dissonances. Quelque chose cloche dans la math\u00e9matique du quartet.<\/p>\n<p style=\"text-align: justify;\"><em>\u00ab\u00a0Il semble parfois que Swell servait \u00e0 canaliser l\u2019anxi\u00e9t\u00e9 et les angoisses existentielles de David ; de fa\u00e7on ironique, le simple fait d\u2019\u00eatre le centre de l\u2019attention du groupe accentuait cette peur et ces angoisses. Cela a pris du temps, mais il a appris \u00e0 g\u00e9rer cette pression en restant toujours cr\u00e9atif. Il a \u00e9crit des chansons fondamentalement originales et intemporelles, qui nous survivront.\u00a0\u00bb<\/em><\/p>\n<p>(Idem)<\/p>\n<p>&nbsp;<\/p>\n<h3>NEXT TO NOTHING (1998 &#8211; 2014)<\/h3>\n<p style=\"text-align: justify;\">Apr\u00e8s <strong>For All The Beautiful People<\/strong> en 1998, un album plus \u00e9lectronique mais aussi sombre et somnambule en compagnie de <a href=\"https:\/\/culturesco.com\/index.php\/2020\/03\/22\/guillaume-belhomme-pj-harvey-dry\/\"><strong>Rob Ellis<\/strong> <\/a>\u00e0 la batterie, le bassiste historique <strong>Monte Vallier<\/strong> quitte \u00e0 son tour le projet.<\/p>\n<h3>Swell &#8211; Don&rsquo;t You Know They Love You ? &#8211; For All The Beautiful People (1998)<\/h3>\n<div class=\"youtube-embed\" data-video_id=\"jYrOlOkc3DI\"><iframe loading=\"lazy\" title=\"Don&#039;t You Know They Love You?\" width=\"696\" height=\"522\" src=\"https:\/\/www.youtube.com\/embed\/jYrOlOkc3DI\" frameborder=\"0\" allow=\"accelerometer; autoplay; clipboard-write; encrypted-media; gyroscope; picture-in-picture; web-share\" referrerpolicy=\"strict-origin-when-cross-origin\" allowfullscreen><\/iframe><\/div>\n<p style=\"text-align: justify;\">Pour les deux volumes suivants, <strong>Feed<\/strong> (2000) et <strong>Everybody Wants To Know<\/strong> (2001), <strong>Swell<\/strong> ressemble \u00e0 un singleton se r\u00e9sumant \u00e0 <strong>Freel<\/strong> plus ou moins accompagn\u00e9.<\/p>\n<h3 style=\"text-align: justify;\">Swell &#8211; This Story &#8211; Everybody Wants To Know (2001)<\/h3>\n<div class=\"youtube-embed\" data-video_id=\"P3BVXEonevE\"><iframe loading=\"lazy\" title=\"This Story\" width=\"696\" height=\"522\" src=\"https:\/\/www.youtube.com\/embed\/P3BVXEonevE\" frameborder=\"0\" allow=\"accelerometer; autoplay; clipboard-write; encrypted-media; gyroscope; picture-in-picture; web-share\" referrerpolicy=\"strict-origin-when-cross-origin\" allowfullscreen><\/iframe><\/div>\n<p style=\"text-align: justify;\">Pourtant, l\u2019ami <strong>Sean Kirkpatrick<\/strong> le retrouve en 2003 pour l\u2019inventif <strong>Whenever You\u2019re Ready<\/strong>. Ce retour inesp\u00e9r\u00e9 permet d\u2019appr\u00e9cier \u00e0 nouveau l\u2019ind\u00e9niable complicit\u00e9 des deux potes, les structures percussives du<strong> Sean<\/strong> s\u2019entrem\u00ealant aux arp\u00e8ges et accords de la <strong>Takamine<\/strong> de<strong> David<\/strong>, comme \u00e0 leur grande \u00e9poque. Le disque dense et riche de nouvelles sonorit\u00e9s peut \u00eatre consid\u00e9r\u00e9 comme l&rsquo;un des plus aboutis de <strong>Swell<\/strong>.<\/p>\n<h3 style=\"text-align: justify;\">Swell &#8211; In The Morning &#8211; Whenever You&rsquo;re Ready (2003)<\/h3>\n<div class=\"youtube-embed\" data-video_id=\"-XwoKUyVbnA\"><iframe loading=\"lazy\" title=\"In the Morning\" width=\"696\" height=\"522\" src=\"https:\/\/www.youtube.com\/embed\/-XwoKUyVbnA\" frameborder=\"0\" allow=\"accelerometer; autoplay; clipboard-write; encrypted-media; gyroscope; picture-in-picture; web-share\" referrerpolicy=\"strict-origin-when-cross-origin\" allowfullscreen><\/iframe><\/div>\n<p style=\"text-align: justify;\">Un dernier album du groupe, <strong>South Of The Rain And Snow, <\/strong>avec le batteur <strong>Nick Lucero<\/strong>, para\u00eetra sur son label et chez les Fran\u00e7ais de <strong>Talitres<\/strong> en 2007. <strong>David Freel<\/strong> cr\u00e9era encore deux LP solo autoproduits sous le pseudo de <strong>Be My Weapon <\/strong>en 2009 puis 2014 : <strong>March 2009<\/strong> et<strong> Greasy !!<\/strong><\/p>\n<h3>Be My Weapon &#8211; Love Is Just So Overrated &#8211; March \/ 2009 (2009)<\/h3>\n<div class=\"youtube-embed\" data-video_id=\"gYWPVL7FzQI\"><iframe loading=\"lazy\" title=\"Be My Weapon - Love is Just so Overrated\" width=\"696\" height=\"522\" src=\"https:\/\/www.youtube.com\/embed\/gYWPVL7FzQI\" frameborder=\"0\" allow=\"accelerometer; autoplay; clipboard-write; encrypted-media; gyroscope; picture-in-picture; web-share\" referrerpolicy=\"strict-origin-when-cross-origin\" allowfullscreen><\/iframe><\/div>\n<p style=\"text-align: justify;\">Il s\u2019\u00e9tait install\u00e9 derni\u00e8rement dans l\u2019Oregon, pressant des disques vinyles \u00e0 la demande&#8230;<\/p>\n<p style=\"text-align: justify;\"><em>\u00ab\u00a0Ses d\u00e9mons n\u2019ont pas eu le dessus. C\u2019est la fragilit\u00e9 de son c\u0153ur d\u2019humain qui a eu raison de lui. David \u00e9tait sur le point de devenir l\u2019homme qu\u2019il a toujours voulu \u00eatre. Il avait des projets pour le futur, y compris de nouvelles aventures musicales. Il laisse derri\u00e8re lui une famille d\u2019amis, une fianc\u00e9e et une pl\u00e9thore de gens qu\u2019il n\u2019a jamais connus mais qui l\u2019aimaient.<\/em><br \/>\n<em>Repose en paix, David.\u00a0\u00bb<\/em><\/p>\n<p><img data-recalc-dims=\"1\" loading=\"lazy\" decoding=\"async\" class=\"size-full wp-image-16762 aligncenter\" src=\"https:\/\/i0.wp.com\/culturesco.com\/wp-content\/uploads\/2022\/04\/78207-2.jpg?resize=405%2C413&#038;ssl=1\" alt=\"Le chanteur David Freel\" width=\"405\" height=\"413\" srcset=\"https:\/\/i0.wp.com\/culturesco.com\/wp-content\/uploads\/2022\/04\/78207-2.jpg?w=405&amp;ssl=1 405w, https:\/\/i0.wp.com\/culturesco.com\/wp-content\/uploads\/2022\/04\/78207-2.jpg?resize=294%2C300&amp;ssl=1 294w, https:\/\/i0.wp.com\/culturesco.com\/wp-content\/uploads\/2022\/04\/78207-2.jpg?resize=356%2C364&amp;ssl=1 356w, https:\/\/i0.wp.com\/culturesco.com\/wp-content\/uploads\/2022\/04\/78207-2.jpg?resize=50%2C50&amp;ssl=1 50w\" sizes=\"auto, (max-width: 405px) 100vw, 405px\" \/><strong>David Wendell Freel, 31 Janvier 1958 \u2013 12 Avril 2022.<\/strong><\/p>\n<h3><\/h3>\n<h3>Swell &#8211; Is That Important ? &#8211; 41 (1994)<\/h3>\n<div class=\"youtube-embed\" data-video_id=\"le_MNzU3egs\"><iframe loading=\"lazy\" title=\"Swell - Is That Important? (2024 Remaster) [OFFICIAL AUDIO]\" width=\"696\" height=\"392\" src=\"https:\/\/www.youtube.com\/embed\/le_MNzU3egs\" frameborder=\"0\" allow=\"accelerometer; autoplay; clipboard-write; encrypted-media; gyroscope; picture-in-picture; web-share\" referrerpolicy=\"strict-origin-when-cross-origin\" allowfullscreen><\/iframe><\/div>\n<p><strong>Bruno Polaro\u00efd<\/strong><\/p>\n","protected":false},"excerpt":{"rendered":"<p>Il y a des chroniques qu\u2019on ne pensait pas \u00e9crire&#8230; Comme cette \u00e9vocation mortuaire de David Freel, le mentor de Swell, d\u00e9c\u00e9d\u00e9 le 12 Avril 2022. GET HIGH (1989&#8230;) Swell, c\u2019est d\u2019abord la rencontre entre un batteur iconoclaste, Sean Kirkpatrick, et un chanteur-guitariste un peu effac\u00e9 David Freel. Le lieu, San Francisco, la date, en [&hellip;]<\/p>\n","protected":false},"author":20,"featured_media":16756,"comment_status":"open","ping_status":"open","sticky":false,"template":"","format":"image","meta":{"jetpack_post_was_ever_published":false,"tdm_status":"","tdm_grid_status":"","_jetpack_newsletter_access":"","_jetpack_dont_email_post_to_subs":false,"_jetpack_newsletter_tier_id":0,"_jetpack_memberships_contains_paywalled_content":false,"_jetpack_memberships_contains_paid_content":false,"footnotes":""},"categories":[30,17,36,33],"tags":[37,52,12104,14459],"class_list":{"0":"post-16755","1":"post","2":"type-post","3":"status-publish","4":"format-image","5":"has-post-thumbnail","7":"category-albums-rock","8":"category-carotte-rock-cultures","9":"category-groupes-rock-daujourdhui","10":"category-histoire-du-rock","11":"tag-album-rock","12":"tag-groupe-rock-actuel","13":"tag-hommage","14":"tag-rock-inde","15":"post_format-post-format-image"},"yoast_head":"<!-- This site is optimized with the Yoast SEO plugin v27.5 - https:\/\/yoast.com\/product\/yoast-seo-wordpress\/ -->\n<title>DAVID FREEL : Hommage au chanteur secret de SWELL - Culturesco<\/title>\n<meta name=\"description\" content=\"CulturesCo | Un bon coup de pied dans ta Culture | Chroniques et histoire du Rock. DAVID FREEL : Hommage au chanteur secret de SWELL\" \/>\n<meta name=\"robots\" content=\"index, follow, max-snippet:-1, max-image-preview:large, max-video-preview:-1\" \/>\n<link rel=\"canonical\" href=\"https:\/\/culturesco.com\/index.php\/2022\/04\/25\/david-freel-hommage-au-chanteur-secret-de-swell\/\" \/>\n<meta property=\"og:locale\" content=\"fr_FR\" \/>\n<meta property=\"og:type\" content=\"article\" \/>\n<meta property=\"og:title\" content=\"DAVID FREEL : Hommage au chanteur secret de SWELL - Culturesco\" \/>\n<meta property=\"og:description\" content=\"CulturesCo | Un bon coup de pied dans ta Culture | Chroniques et histoire du Rock. DAVID FREEL : Hommage au chanteur secret de SWELL\" \/>\n<meta property=\"og:url\" content=\"https:\/\/culturesco.com\/index.php\/2022\/04\/25\/david-freel-hommage-au-chanteur-secret-de-swell\/\" \/>\n<meta property=\"og:site_name\" content=\"Culturesco\" \/>\n<meta property=\"article:publisher\" content=\"https:\/\/www.facebook.com\/radioculturesco\" \/>\n<meta property=\"article:published_time\" content=\"2022-04-25T10:47:06+00:00\" \/>\n<meta property=\"article:modified_time\" content=\"2026-01-17T09:28:07+00:00\" \/>\n<meta property=\"og:image\" content=\"https:\/\/culturesco.com\/wp-content\/uploads\/2022\/04\/swell05.0-2.jpg\" \/>\n\t<meta property=\"og:image:width\" content=\"596\" \/>\n\t<meta property=\"og:image:height\" content=\"333\" \/>\n\t<meta property=\"og:image:type\" content=\"image\/jpeg\" \/>\n<meta name=\"author\" content=\"Bruno Polaroid\" \/>\n<meta name=\"twitter:card\" content=\"summary_large_image\" \/>\n<meta name=\"twitter:creator\" content=\"@AugusteMarshal\" \/>\n<meta name=\"twitter:site\" content=\"@AugusteMarshal\" \/>\n<meta name=\"twitter:label1\" content=\"\u00c9crit par\" \/>\n\t<meta name=\"twitter:data1\" content=\"Bruno Polaroid\" \/>\n\t<meta name=\"twitter:label2\" content=\"Dur\u00e9e de lecture estim\u00e9e\" \/>\n\t<meta name=\"twitter:data2\" content=\"8 minutes\" \/>\n<script type=\"application\/ld+json\" class=\"yoast-schema-graph\">{\"@context\":\"https:\\\/\\\/schema.org\",\"@graph\":[{\"@type\":\"Article\",\"@id\":\"https:\\\/\\\/culturesco.com\\\/index.php\\\/2022\\\/04\\\/25\\\/david-freel-hommage-au-chanteur-secret-de-swell\\\/#article\",\"isPartOf\":{\"@id\":\"https:\\\/\\\/culturesco.com\\\/index.php\\\/2022\\\/04\\\/25\\\/david-freel-hommage-au-chanteur-secret-de-swell\\\/\"},\"author\":{\"name\":\"Bruno Polaroid\",\"@id\":\"https:\\\/\\\/culturesco.com\\\/#\\\/schema\\\/person\\\/81834f4613bae18e9afa0dfb9b4f5457\"},\"headline\":\"DAVID FREEL : Hommage au chanteur secret de SWELL\",\"datePublished\":\"2022-04-25T10:47:06+00:00\",\"dateModified\":\"2026-01-17T09:28:07+00:00\",\"mainEntityOfPage\":{\"@id\":\"https:\\\/\\\/culturesco.com\\\/index.php\\\/2022\\\/04\\\/25\\\/david-freel-hommage-au-chanteur-secret-de-swell\\\/\"},\"wordCount\":1636,\"commentCount\":0,\"publisher\":{\"@id\":\"https:\\\/\\\/culturesco.com\\\/#organization\"},\"image\":{\"@id\":\"https:\\\/\\\/culturesco.com\\\/index.php\\\/2022\\\/04\\\/25\\\/david-freel-hommage-au-chanteur-secret-de-swell\\\/#primaryimage\"},\"thumbnailUrl\":\"https:\\\/\\\/i0.wp.com\\\/culturesco.com\\\/wp-content\\\/uploads\\\/2022\\\/04\\\/swell05.0-2.jpg?fit=596%2C333&ssl=1\",\"keywords\":[\"album rock\",\"groupe rock actuel\",\"Hommage\",\"Rock Ind\u00e9\"],\"articleSection\":[\"Albums rock\",\"Carotte Rock Cultures\",\"Groupes rock d'aujourd'hui\",\"Histoire du rock\"],\"inLanguage\":\"fr-FR\",\"potentialAction\":[{\"@type\":\"CommentAction\",\"name\":\"Comment\",\"target\":[\"https:\\\/\\\/culturesco.com\\\/index.php\\\/2022\\\/04\\\/25\\\/david-freel-hommage-au-chanteur-secret-de-swell\\\/#respond\"]}]},{\"@type\":\"WebPage\",\"@id\":\"https:\\\/\\\/culturesco.com\\\/index.php\\\/2022\\\/04\\\/25\\\/david-freel-hommage-au-chanteur-secret-de-swell\\\/\",\"url\":\"https:\\\/\\\/culturesco.com\\\/index.php\\\/2022\\\/04\\\/25\\\/david-freel-hommage-au-chanteur-secret-de-swell\\\/\",\"name\":\"DAVID FREEL : Hommage au chanteur secret de SWELL - Culturesco\",\"isPartOf\":{\"@id\":\"https:\\\/\\\/culturesco.com\\\/#website\"},\"primaryImageOfPage\":{\"@id\":\"https:\\\/\\\/culturesco.com\\\/index.php\\\/2022\\\/04\\\/25\\\/david-freel-hommage-au-chanteur-secret-de-swell\\\/#primaryimage\"},\"image\":{\"@id\":\"https:\\\/\\\/culturesco.com\\\/index.php\\\/2022\\\/04\\\/25\\\/david-freel-hommage-au-chanteur-secret-de-swell\\\/#primaryimage\"},\"thumbnailUrl\":\"https:\\\/\\\/i0.wp.com\\\/culturesco.com\\\/wp-content\\\/uploads\\\/2022\\\/04\\\/swell05.0-2.jpg?fit=596%2C333&ssl=1\",\"datePublished\":\"2022-04-25T10:47:06+00:00\",\"dateModified\":\"2026-01-17T09:28:07+00:00\",\"description\":\"CulturesCo | Un bon coup de pied dans ta Culture | Chroniques et histoire du Rock. DAVID FREEL : Hommage au chanteur secret de SWELL\",\"breadcrumb\":{\"@id\":\"https:\\\/\\\/culturesco.com\\\/index.php\\\/2022\\\/04\\\/25\\\/david-freel-hommage-au-chanteur-secret-de-swell\\\/#breadcrumb\"},\"inLanguage\":\"fr-FR\",\"potentialAction\":[{\"@type\":\"ReadAction\",\"target\":[\"https:\\\/\\\/culturesco.com\\\/index.php\\\/2022\\\/04\\\/25\\\/david-freel-hommage-au-chanteur-secret-de-swell\\\/\"]}]},{\"@type\":\"ImageObject\",\"inLanguage\":\"fr-FR\",\"@id\":\"https:\\\/\\\/culturesco.com\\\/index.php\\\/2022\\\/04\\\/25\\\/david-freel-hommage-au-chanteur-secret-de-swell\\\/#primaryimage\",\"url\":\"https:\\\/\\\/i0.wp.com\\\/culturesco.com\\\/wp-content\\\/uploads\\\/2022\\\/04\\\/swell05.0-2.jpg?fit=596%2C333&ssl=1\",\"contentUrl\":\"https:\\\/\\\/i0.wp.com\\\/culturesco.com\\\/wp-content\\\/uploads\\\/2022\\\/04\\\/swell05.0-2.jpg?fit=596%2C333&ssl=1\",\"width\":596,\"height\":333,\"caption\":\"Swell : Monte Vallier, David Freel, Sean Kirkpatrick\"},{\"@type\":\"BreadcrumbList\",\"@id\":\"https:\\\/\\\/culturesco.com\\\/index.php\\\/2022\\\/04\\\/25\\\/david-freel-hommage-au-chanteur-secret-de-swell\\\/#breadcrumb\",\"itemListElement\":[{\"@type\":\"ListItem\",\"position\":1,\"name\":\"Accueil\",\"item\":\"https:\\\/\\\/culturesco.com\\\/\"},{\"@type\":\"ListItem\",\"position\":2,\"name\":\"DAVID FREEL : Hommage au chanteur secret de SWELL\"}]},{\"@type\":\"WebSite\",\"@id\":\"https:\\\/\\\/culturesco.com\\\/#website\",\"url\":\"https:\\\/\\\/culturesco.com\\\/\",\"name\":\"Culturesco\",\"description\":\"Culturesco | Un bon coup de pied dans ta Culture\",\"publisher\":{\"@id\":\"https:\\\/\\\/culturesco.com\\\/#organization\"},\"potentialAction\":[{\"@type\":\"SearchAction\",\"target\":{\"@type\":\"EntryPoint\",\"urlTemplate\":\"https:\\\/\\\/culturesco.com\\\/?s={search_term_string}\"},\"query-input\":{\"@type\":\"PropertyValueSpecification\",\"valueRequired\":true,\"valueName\":\"search_term_string\"}}],\"inLanguage\":\"fr-FR\"},{\"@type\":\"Organization\",\"@id\":\"https:\\\/\\\/culturesco.com\\\/#organization\",\"name\":\"CULTURESCO\",\"url\":\"https:\\\/\\\/culturesco.com\\\/\",\"logo\":{\"@type\":\"ImageObject\",\"inLanguage\":\"fr-FR\",\"@id\":\"https:\\\/\\\/culturesco.com\\\/#\\\/schema\\\/logo\\\/image\\\/\",\"url\":\"https:\\\/\\\/i0.wp.com\\\/culturesco.com\\\/wp-content\\\/uploads\\\/2022\\\/04\\\/culturesco-logo-blanc250p.png?fit=250%2C250&ssl=1\",\"contentUrl\":\"https:\\\/\\\/i0.wp.com\\\/culturesco.com\\\/wp-content\\\/uploads\\\/2022\\\/04\\\/culturesco-logo-blanc250p.png?fit=250%2C250&ssl=1\",\"width\":250,\"height\":250,\"caption\":\"CULTURESCO\"},\"image\":{\"@id\":\"https:\\\/\\\/culturesco.com\\\/#\\\/schema\\\/logo\\\/image\\\/\"},\"sameAs\":[\"https:\\\/\\\/www.facebook.com\\\/radioculturesco\",\"https:\\\/\\\/x.com\\\/AugusteMarshal\",\"https:\\\/\\\/www.instagram.com\\\/carotte_rock_culture\\\/\",\"https:\\\/\\\/www.pinterest.fr\\\/augustemarshal\\\/\",\"https:\\\/\\\/www.youtube.com\\\/channel\\\/UCiWLGffqWSXlNnfzp6YwwyQ\"]},{\"@type\":\"Person\",\"@id\":\"https:\\\/\\\/culturesco.com\\\/#\\\/schema\\\/person\\\/81834f4613bae18e9afa0dfb9b4f5457\",\"name\":\"Bruno Polaroid\",\"image\":{\"@type\":\"ImageObject\",\"inLanguage\":\"fr-FR\",\"@id\":\"https:\\\/\\\/i0.wp.com\\\/culturesco.com\\\/wp-content\\\/uploads\\\/2021\\\/12\\\/1798853_1375590169374746_992490721_n.jpg?fit=94%2C96&ssl=1\",\"url\":\"https:\\\/\\\/i0.wp.com\\\/culturesco.com\\\/wp-content\\\/uploads\\\/2021\\\/12\\\/1798853_1375590169374746_992490721_n.jpg?fit=94%2C96&ssl=1\",\"contentUrl\":\"https:\\\/\\\/i0.wp.com\\\/culturesco.com\\\/wp-content\\\/uploads\\\/2021\\\/12\\\/1798853_1375590169374746_992490721_n.jpg?fit=94%2C96&ssl=1\",\"caption\":\"Bruno Polaroid\"},\"description\":\"Bruno Ledez alias Bruno Polaro\u00efd : Chroniqueur \u00e0 Cultures Co, Attach\u00e9 de Presse, ex Animateur \u00e0 Radio-Campus Lille \\\/ \u00c9mission La Folie (1986 - 2009), ex Chroniqueur \u00e9pisodique des fanzines Walking The Dog et Musiques, Images &amp; Passions Modernes.\",\"url\":\"https:\\\/\\\/culturesco.com\\\/index.php\\\/author\\\/bruno-polaroid\\\/\"}]}<\/script>\n<!-- \/ Yoast SEO plugin. -->","yoast_head_json":{"title":"DAVID FREEL : Hommage au chanteur secret de SWELL - Culturesco","description":"CulturesCo | Un bon coup de pied dans ta Culture | Chroniques et histoire du Rock. DAVID FREEL : Hommage au chanteur secret de SWELL","robots":{"index":"index","follow":"follow","max-snippet":"max-snippet:-1","max-image-preview":"max-image-preview:large","max-video-preview":"max-video-preview:-1"},"canonical":"https:\/\/culturesco.com\/index.php\/2022\/04\/25\/david-freel-hommage-au-chanteur-secret-de-swell\/","og_locale":"fr_FR","og_type":"article","og_title":"DAVID FREEL : Hommage au chanteur secret de SWELL - Culturesco","og_description":"CulturesCo | Un bon coup de pied dans ta Culture | Chroniques et histoire du Rock. DAVID FREEL : Hommage au chanteur secret de SWELL","og_url":"https:\/\/culturesco.com\/index.php\/2022\/04\/25\/david-freel-hommage-au-chanteur-secret-de-swell\/","og_site_name":"Culturesco","article_publisher":"https:\/\/www.facebook.com\/radioculturesco","article_published_time":"2022-04-25T10:47:06+00:00","article_modified_time":"2026-01-17T09:28:07+00:00","og_image":[{"width":596,"height":333,"url":"https:\/\/culturesco.com\/wp-content\/uploads\/2022\/04\/swell05.0-2.jpg","type":"image\/jpeg"}],"author":"Bruno Polaroid","twitter_card":"summary_large_image","twitter_creator":"@AugusteMarshal","twitter_site":"@AugusteMarshal","twitter_misc":{"\u00c9crit par":"Bruno Polaroid","Dur\u00e9e de lecture estim\u00e9e":"8 minutes"},"schema":{"@context":"https:\/\/schema.org","@graph":[{"@type":"Article","@id":"https:\/\/culturesco.com\/index.php\/2022\/04\/25\/david-freel-hommage-au-chanteur-secret-de-swell\/#article","isPartOf":{"@id":"https:\/\/culturesco.com\/index.php\/2022\/04\/25\/david-freel-hommage-au-chanteur-secret-de-swell\/"},"author":{"name":"Bruno Polaroid","@id":"https:\/\/culturesco.com\/#\/schema\/person\/81834f4613bae18e9afa0dfb9b4f5457"},"headline":"DAVID FREEL : Hommage au chanteur secret de SWELL","datePublished":"2022-04-25T10:47:06+00:00","dateModified":"2026-01-17T09:28:07+00:00","mainEntityOfPage":{"@id":"https:\/\/culturesco.com\/index.php\/2022\/04\/25\/david-freel-hommage-au-chanteur-secret-de-swell\/"},"wordCount":1636,"commentCount":0,"publisher":{"@id":"https:\/\/culturesco.com\/#organization"},"image":{"@id":"https:\/\/culturesco.com\/index.php\/2022\/04\/25\/david-freel-hommage-au-chanteur-secret-de-swell\/#primaryimage"},"thumbnailUrl":"https:\/\/i0.wp.com\/culturesco.com\/wp-content\/uploads\/2022\/04\/swell05.0-2.jpg?fit=596%2C333&ssl=1","keywords":["album rock","groupe rock actuel","Hommage","Rock Ind\u00e9"],"articleSection":["Albums rock","Carotte Rock Cultures","Groupes rock d'aujourd'hui","Histoire du rock"],"inLanguage":"fr-FR","potentialAction":[{"@type":"CommentAction","name":"Comment","target":["https:\/\/culturesco.com\/index.php\/2022\/04\/25\/david-freel-hommage-au-chanteur-secret-de-swell\/#respond"]}]},{"@type":"WebPage","@id":"https:\/\/culturesco.com\/index.php\/2022\/04\/25\/david-freel-hommage-au-chanteur-secret-de-swell\/","url":"https:\/\/culturesco.com\/index.php\/2022\/04\/25\/david-freel-hommage-au-chanteur-secret-de-swell\/","name":"DAVID FREEL : Hommage au chanteur secret de SWELL - Culturesco","isPartOf":{"@id":"https:\/\/culturesco.com\/#website"},"primaryImageOfPage":{"@id":"https:\/\/culturesco.com\/index.php\/2022\/04\/25\/david-freel-hommage-au-chanteur-secret-de-swell\/#primaryimage"},"image":{"@id":"https:\/\/culturesco.com\/index.php\/2022\/04\/25\/david-freel-hommage-au-chanteur-secret-de-swell\/#primaryimage"},"thumbnailUrl":"https:\/\/i0.wp.com\/culturesco.com\/wp-content\/uploads\/2022\/04\/swell05.0-2.jpg?fit=596%2C333&ssl=1","datePublished":"2022-04-25T10:47:06+00:00","dateModified":"2026-01-17T09:28:07+00:00","description":"CulturesCo | Un bon coup de pied dans ta Culture | Chroniques et histoire du Rock. DAVID FREEL : Hommage au chanteur secret de SWELL","breadcrumb":{"@id":"https:\/\/culturesco.com\/index.php\/2022\/04\/25\/david-freel-hommage-au-chanteur-secret-de-swell\/#breadcrumb"},"inLanguage":"fr-FR","potentialAction":[{"@type":"ReadAction","target":["https:\/\/culturesco.com\/index.php\/2022\/04\/25\/david-freel-hommage-au-chanteur-secret-de-swell\/"]}]},{"@type":"ImageObject","inLanguage":"fr-FR","@id":"https:\/\/culturesco.com\/index.php\/2022\/04\/25\/david-freel-hommage-au-chanteur-secret-de-swell\/#primaryimage","url":"https:\/\/i0.wp.com\/culturesco.com\/wp-content\/uploads\/2022\/04\/swell05.0-2.jpg?fit=596%2C333&ssl=1","contentUrl":"https:\/\/i0.wp.com\/culturesco.com\/wp-content\/uploads\/2022\/04\/swell05.0-2.jpg?fit=596%2C333&ssl=1","width":596,"height":333,"caption":"Swell : Monte Vallier, David Freel, Sean Kirkpatrick"},{"@type":"BreadcrumbList","@id":"https:\/\/culturesco.com\/index.php\/2022\/04\/25\/david-freel-hommage-au-chanteur-secret-de-swell\/#breadcrumb","itemListElement":[{"@type":"ListItem","position":1,"name":"Accueil","item":"https:\/\/culturesco.com\/"},{"@type":"ListItem","position":2,"name":"DAVID FREEL : Hommage au chanteur secret de SWELL"}]},{"@type":"WebSite","@id":"https:\/\/culturesco.com\/#website","url":"https:\/\/culturesco.com\/","name":"Culturesco","description":"Culturesco | Un bon coup de pied dans ta Culture","publisher":{"@id":"https:\/\/culturesco.com\/#organization"},"potentialAction":[{"@type":"SearchAction","target":{"@type":"EntryPoint","urlTemplate":"https:\/\/culturesco.com\/?s={search_term_string}"},"query-input":{"@type":"PropertyValueSpecification","valueRequired":true,"valueName":"search_term_string"}}],"inLanguage":"fr-FR"},{"@type":"Organization","@id":"https:\/\/culturesco.com\/#organization","name":"CULTURESCO","url":"https:\/\/culturesco.com\/","logo":{"@type":"ImageObject","inLanguage":"fr-FR","@id":"https:\/\/culturesco.com\/#\/schema\/logo\/image\/","url":"https:\/\/i0.wp.com\/culturesco.com\/wp-content\/uploads\/2022\/04\/culturesco-logo-blanc250p.png?fit=250%2C250&ssl=1","contentUrl":"https:\/\/i0.wp.com\/culturesco.com\/wp-content\/uploads\/2022\/04\/culturesco-logo-blanc250p.png?fit=250%2C250&ssl=1","width":250,"height":250,"caption":"CULTURESCO"},"image":{"@id":"https:\/\/culturesco.com\/#\/schema\/logo\/image\/"},"sameAs":["https:\/\/www.facebook.com\/radioculturesco","https:\/\/x.com\/AugusteMarshal","https:\/\/www.instagram.com\/carotte_rock_culture\/","https:\/\/www.pinterest.fr\/augustemarshal\/","https:\/\/www.youtube.com\/channel\/UCiWLGffqWSXlNnfzp6YwwyQ"]},{"@type":"Person","@id":"https:\/\/culturesco.com\/#\/schema\/person\/81834f4613bae18e9afa0dfb9b4f5457","name":"Bruno Polaroid","image":{"@type":"ImageObject","inLanguage":"fr-FR","@id":"https:\/\/i0.wp.com\/culturesco.com\/wp-content\/uploads\/2021\/12\/1798853_1375590169374746_992490721_n.jpg?fit=94%2C96&ssl=1","url":"https:\/\/i0.wp.com\/culturesco.com\/wp-content\/uploads\/2021\/12\/1798853_1375590169374746_992490721_n.jpg?fit=94%2C96&ssl=1","contentUrl":"https:\/\/i0.wp.com\/culturesco.com\/wp-content\/uploads\/2021\/12\/1798853_1375590169374746_992490721_n.jpg?fit=94%2C96&ssl=1","caption":"Bruno Polaroid"},"description":"Bruno Ledez alias Bruno Polaro\u00efd : Chroniqueur \u00e0 Cultures Co, Attach\u00e9 de Presse, ex Animateur \u00e0 Radio-Campus Lille \/ \u00c9mission La Folie (1986 - 2009), ex Chroniqueur \u00e9pisodique des fanzines Walking The Dog et Musiques, Images &amp; Passions Modernes.","url":"https:\/\/culturesco.com\/index.php\/author\/bruno-polaroid\/"}]}},"jetpack_featured_media_url":"https:\/\/i0.wp.com\/culturesco.com\/wp-content\/uploads\/2022\/04\/swell05.0-2.jpg?fit=596%2C333&ssl=1","jetpack_likes_enabled":true,"jetpack_sharing_enabled":true,"jetpack_shortlink":"https:\/\/wp.me\/paz89I-4mf","_links":{"self":[{"href":"https:\/\/culturesco.com\/index.php\/wp-json\/wp\/v2\/posts\/16755","targetHints":{"allow":["GET"]}}],"collection":[{"href":"https:\/\/culturesco.com\/index.php\/wp-json\/wp\/v2\/posts"}],"about":[{"href":"https:\/\/culturesco.com\/index.php\/wp-json\/wp\/v2\/types\/post"}],"author":[{"embeddable":true,"href":"https:\/\/culturesco.com\/index.php\/wp-json\/wp\/v2\/users\/20"}],"replies":[{"embeddable":true,"href":"https:\/\/culturesco.com\/index.php\/wp-json\/wp\/v2\/comments?post=16755"}],"version-history":[{"count":0,"href":"https:\/\/culturesco.com\/index.php\/wp-json\/wp\/v2\/posts\/16755\/revisions"}],"wp:featuredmedia":[{"embeddable":true,"href":"https:\/\/culturesco.com\/index.php\/wp-json\/wp\/v2\/media\/16756"}],"wp:attachment":[{"href":"https:\/\/culturesco.com\/index.php\/wp-json\/wp\/v2\/media?parent=16755"}],"wp:term":[{"taxonomy":"category","embeddable":true,"href":"https:\/\/culturesco.com\/index.php\/wp-json\/wp\/v2\/categories?post=16755"},{"taxonomy":"post_tag","embeddable":true,"href":"https:\/\/culturesco.com\/index.php\/wp-json\/wp\/v2\/tags?post=16755"}],"curies":[{"name":"wp","href":"https:\/\/api.w.org\/{rel}","templated":true}]}}