{"id":16189,"date":"2022-02-20T01:05:28","date_gmt":"2022-02-20T00:05:28","guid":{"rendered":"https:\/\/culturesco.com\/?p=16189"},"modified":"2022-02-20T15:10:18","modified_gmt":"2022-02-20T14:10:18","slug":"thierry-binoche-an-xx-charogne","status":"publish","type":"post","link":"https:\/\/culturesco.com\/index.php\/2022\/02\/20\/thierry-binoche-an-xx-charogne\/","title":{"rendered":"Thierry Binoche\u00a0 &#8211; AN XX\u00a0: CHAROGNE\u00a0!"},"content":{"rendered":"<h2 style=\"text-align: justify;\">Le Rock Du Retrait\u00e9<\/h2>\n<figure id=\"attachment_16190\" aria-describedby=\"caption-attachment-16190\" style=\"width: 300px\" class=\"wp-caption alignnone\"><img data-recalc-dims=\"1\" loading=\"lazy\" decoding=\"async\" class=\"size-medium wp-image-16190\" src=\"https:\/\/i0.wp.com\/culturesco.com\/wp-content\/uploads\/2022\/02\/Thierry-Binoche.jpeg?resize=300%2C277&#038;ssl=1\" alt=\"Thierry Binoche - AN XX, charogne !\" width=\"300\" height=\"277\" srcset=\"https:\/\/i0.wp.com\/culturesco.com\/wp-content\/uploads\/2022\/02\/Thierry-Binoche.jpeg?resize=300%2C277&amp;ssl=1 300w, https:\/\/i0.wp.com\/culturesco.com\/wp-content\/uploads\/2022\/02\/Thierry-Binoche.jpeg?resize=680%2C627&amp;ssl=1 680w, https:\/\/i0.wp.com\/culturesco.com\/wp-content\/uploads\/2022\/02\/Thierry-Binoche.jpeg?resize=768%2C708&amp;ssl=1 768w, https:\/\/i0.wp.com\/culturesco.com\/wp-content\/uploads\/2022\/02\/Thierry-Binoche.jpeg?resize=1536%2C1417&amp;ssl=1 1536w, https:\/\/i0.wp.com\/culturesco.com\/wp-content\/uploads\/2022\/02\/Thierry-Binoche.jpeg?resize=696%2C642&amp;ssl=1 696w, https:\/\/i0.wp.com\/culturesco.com\/wp-content\/uploads\/2022\/02\/Thierry-Binoche.jpeg?resize=1068%2C985&amp;ssl=1 1068w, https:\/\/i0.wp.com\/culturesco.com\/wp-content\/uploads\/2022\/02\/Thierry-Binoche.jpeg?resize=455%2C420&amp;ssl=1 455w, https:\/\/i0.wp.com\/culturesco.com\/wp-content\/uploads\/2022\/02\/Thierry-Binoche.jpeg?w=600&amp;ssl=1 600w\" sizes=\"auto, (max-width: 300px) 100vw, 300px\" \/><figcaption id=\"caption-attachment-16190\" class=\"wp-caption-text\">Thierry Binoche &#8211; AN XX : Charogne !<\/figcaption><\/figure>\n<h3 style=\"text-align: justify;\">A D\u00e9guster Tr\u00e8s Fort<\/h3>\n<p style=\"text-align: justify;\">Rien \u00e0 cacher\u00a0: <strong>Thierry Binoche<\/strong> est un ami d&rsquo;au moins trente ans. Ce n&rsquo;est pas rien, m\u00eame en ne se voyant que trop peu, chacun sait ce que l&rsquo;autre a apport\u00e9.<\/p>\n<p style=\"text-align: justify;\"><strong>Binoche<\/strong>, parce qu&rsquo;on le conna\u00eet plus ainsi dans toute la <strong>Bourgogne<\/strong> et plus particuli\u00e8rement \u00e0 <strong>Dijon<\/strong>, a beau \u00eatre venu du <strong>Havre<\/strong> (un coucou amical \u00e0 <a href=\"https:\/\/culturesco.com\/index.php\/2019\/02\/08\/little-bob-petit-par-la-taille-grand-par-le-talent\/\" target=\"_blank\" rel=\"noopener\"><strong>Little Bob<\/strong><\/a> en passant), c&rsquo;est au sein des vignobles, des radios, des groupes de rock, des troupes de th\u00e9\u00e2tre, des organisations de concert chez Pyrprod (<strong>Thiefaine<\/strong> pour ne citer que lui) qu&rsquo;il a construit sa vie m\u00e9diatique. Laissons-lui sa vie intime, elle lui appartient.<\/p>\n<figure id=\"attachment_16213\" aria-describedby=\"caption-attachment-16213\" style=\"width: 300px\" class=\"wp-caption alignnone\"><img data-recalc-dims=\"1\" loading=\"lazy\" decoding=\"async\" class=\"size-medium wp-image-16213\" src=\"https:\/\/i0.wp.com\/culturesco.com\/wp-content\/uploads\/2022\/02\/massoud-1.jpg?resize=300%2C200&#038;ssl=1\" alt=\"T. Binoche - Le Sang de Massoud\" width=\"300\" height=\"200\" srcset=\"https:\/\/i0.wp.com\/culturesco.com\/wp-content\/uploads\/2022\/02\/massoud-1.jpg?resize=300%2C200&amp;ssl=1 300w, https:\/\/i0.wp.com\/culturesco.com\/wp-content\/uploads\/2022\/02\/massoud-1.jpg?resize=942%2C627&amp;ssl=1 942w, https:\/\/i0.wp.com\/culturesco.com\/wp-content\/uploads\/2022\/02\/massoud-1.jpg?resize=768%2C511&amp;ssl=1 768w, https:\/\/i0.wp.com\/culturesco.com\/wp-content\/uploads\/2022\/02\/massoud-1.jpg?resize=1536%2C1022&amp;ssl=1 1536w, https:\/\/i0.wp.com\/culturesco.com\/wp-content\/uploads\/2022\/02\/massoud-1.jpg?resize=2048%2C1363&amp;ssl=1 2048w, https:\/\/i0.wp.com\/culturesco.com\/wp-content\/uploads\/2022\/02\/massoud-1.jpg?resize=696%2C463&amp;ssl=1 696w, https:\/\/i0.wp.com\/culturesco.com\/wp-content\/uploads\/2022\/02\/massoud-1.jpg?resize=1068%2C711&amp;ssl=1 1068w, https:\/\/i0.wp.com\/culturesco.com\/wp-content\/uploads\/2022\/02\/massoud-1.jpg?resize=631%2C420&amp;ssl=1 631w, https:\/\/i0.wp.com\/culturesco.com\/wp-content\/uploads\/2022\/02\/massoud-1.jpg?w=600&amp;ssl=1 600w\" sizes=\"auto, (max-width: 300px) 100vw, 300px\" \/><figcaption id=\"caption-attachment-16213\" class=\"wp-caption-text\">T. Binoche &#8211; Le Sang de Massoud<\/figcaption><\/figure>\n<p style=\"text-align: justify;\">Il l&rsquo;avoue sans vergogne,<strong> les 67 ans ont frapp\u00e9 \u00e0 sa porte et c&rsquo;est en retrait\u00e9 qu&rsquo;il sort cet album solo apr\u00e8s deux ans de tergiversations et surtout l&rsquo;aide inesp\u00e9r\u00e9 d&rsquo;un certain Covid<\/strong>. Musicalement il a tout fait tout seul comme un grand (faut dire que depuis <strong>Binoche&rsquo;nko<\/strong>, brut de d\u00e9coffrage dans les ann\u00e9es 80, il a eu le temps de se peaufiner).<\/p>\n<h3>Thierry Binoche : Le sang de Massoud<\/h3>\n<p><iframe style=\"border: 0; width: 100%; height: 120px;\" src=\"https:\/\/bandcamp.com\/EmbeddedPlayer\/album=235415257\/size=large\/bgcol=ffffff\/linkcol=0687f5\/tracklist=false\/artwork=small\/track=2716889343\/transparent=true\/\" seamless=\"\"><a href=\"https:\/\/thierrybinoche.bandcamp.com\/album\/an-xx-charogne\">AN XX:CHAROGNE ! by THIERRY BINOCHE<\/a><\/iframe><\/p>\n<p style=\"text-align: justify;\">Il s&rsquo;est quand m\u00eame accompagn\u00e9 d&rsquo;un trio redoutable. D&rsquo;abord <strong>Jean-Paul Germonville<\/strong> pour l&rsquo;essentiel des paroles et puis, ce n&rsquo;est pas rien, de <strong>Marie Vindy<\/strong>, auteure de polars franchement noirs et glauques, bigrement bien \u00e9crits \u00e0 qui on doit le titre <em><strong>\u00ab\u00a0Charogne\u00a0\u00bb<\/strong><\/em> traduisant bien l&rsquo;esprit des deux comp\u00e8res. Il retrouve aussi son vieux pote <a href=\"http:\/\/www.michelbuzon.fr\/\" target=\"_blank\" rel=\"noopener\"><strong>Michel Buzon<\/strong><\/a>, le genre d&rsquo;ACI (Auteur, Chanteur, Compositeur, pour les novices), comme on dit, discret et indispensable, repartis en duo pour une nouvelle et belle aventure.<\/p>\n<figure id=\"attachment_16215\" aria-describedby=\"caption-attachment-16215\" style=\"width: 696px\" class=\"wp-caption alignnone\"><img data-recalc-dims=\"1\" loading=\"lazy\" decoding=\"async\" class=\"wp-image-16215 size-large\" src=\"https:\/\/i0.wp.com\/culturesco.com\/wp-content\/uploads\/2022\/02\/marie-vindy-et-moi.jpg?resize=696%2C338&#038;ssl=1\" alt=\"Marie Vindy et Thierry Binoche\" width=\"696\" height=\"338\" srcset=\"https:\/\/i0.wp.com\/culturesco.com\/wp-content\/uploads\/2022\/02\/marie-vindy-et-moi.jpg?resize=1200%2C583&amp;ssl=1 1200w, https:\/\/i0.wp.com\/culturesco.com\/wp-content\/uploads\/2022\/02\/marie-vindy-et-moi.jpg?resize=300%2C146&amp;ssl=1 300w, https:\/\/i0.wp.com\/culturesco.com\/wp-content\/uploads\/2022\/02\/marie-vindy-et-moi.jpg?resize=768%2C373&amp;ssl=1 768w, https:\/\/i0.wp.com\/culturesco.com\/wp-content\/uploads\/2022\/02\/marie-vindy-et-moi.jpg?resize=1536%2C746&amp;ssl=1 1536w, https:\/\/i0.wp.com\/culturesco.com\/wp-content\/uploads\/2022\/02\/marie-vindy-et-moi.jpg?resize=696%2C338&amp;ssl=1 696w, https:\/\/i0.wp.com\/culturesco.com\/wp-content\/uploads\/2022\/02\/marie-vindy-et-moi.jpg?resize=1068%2C519&amp;ssl=1 1068w, https:\/\/i0.wp.com\/culturesco.com\/wp-content\/uploads\/2022\/02\/marie-vindy-et-moi.jpg?resize=864%2C420&amp;ssl=1 864w, https:\/\/i0.wp.com\/culturesco.com\/wp-content\/uploads\/2022\/02\/marie-vindy-et-moi.jpg?w=600&amp;ssl=1 600w\" sizes=\"auto, (max-width: 696px) 100vw, 696px\" \/><figcaption id=\"caption-attachment-16215\" class=\"wp-caption-text\">Marie Vindy et Thierry Binoche<\/figcaption><\/figure>\n<p style=\"text-align: justify;\">Parce qu&rsquo;il faut \u00eatre convaincu que <strong>Thierry Binoche<\/strong>, avec cet album au titre tr\u00e8s fin, <em><strong>An XX\u00a0: Charogne\u00a0!<\/strong><\/em>, (\u00e0 vous de trouver le jeu de mots), a d\u00e9pos\u00e9 ses tripes et ses convictions sur les treize compos (avec une vieille reprise d&rsquo;<a href=\"https:\/\/culturesco.com\/index.php\/2021\/10\/12\/jacques-higelin-chanteur-ou-poete-chanson-francaise-parc-montsouris\/\" target=\"_blank\" rel=\"noopener\"><strong>Higelin<\/strong><\/a>, aboutie, c&rsquo;est pas rien), au bout de deux ans de batailles acharn\u00e9es probablement pour parvenir \u00e0 cet album rempli d&rsquo;un rock convaincant et convaincu qu&rsquo;il distille et fait \u00e9couter depuis tellement d&rsquo;ann\u00e9es que c&rsquo;est bien \u00e0 son tour de se mettre en lumi\u00e8re.<\/p>\n<p><iframe style=\"border: 0; width: 100%; height: 120px;\" src=\"https:\/\/bandcamp.com\/EmbeddedPlayer\/album=235415257\/size=large\/bgcol=ffffff\/linkcol=0687f5\/tracklist=false\/artwork=small\/track=1102358126\/transparent=true\/\" seamless=\"\"><a href=\"https:\/\/thierrybinoche.bandcamp.com\/album\/an-xx-charogne\">AN XX:CHAROGNE ! by THIERRY BINOCHE<\/a><\/iframe><\/p>\n<p style=\"text-align: justify;\">Il a en prime l&rsquo;humilit\u00e9 de l&rsquo;<strong>auto\u00e9diter<\/strong>, ce n&rsquo;est pas rien de nos jours, alors qu&rsquo;un bon label ne demanderait que cela. Si ce n&rsquo;est pas le cas, qu&rsquo;ils aillent se faire pendre dans la cuisine d&rsquo;Mpokora ou, pire, de Ma\u00eetre Gims. Bref, <strong>Thierry Binoche<\/strong> ne demande qu&rsquo;\u00e0 \u00eatre \u00e9cout\u00e9 et appr\u00e9ci\u00e9. Ne vous g\u00eanez pas. En prime, voici un beau titre de 2019 qui ne figure pas sur l&rsquo;album et c&rsquo;est dommage.<\/p>\n<h3><em>Thierry Binoche &#8211; La Baie<\/em><\/h3>\n<div class=\"youtube-embed\" data-video_id=\"vVggdWLVPWY\"><iframe loading=\"lazy\" title=\"la baie\" width=\"696\" height=\"392\" src=\"https:\/\/www.youtube.com\/embed\/vVggdWLVPWY\" frameborder=\"0\" allow=\"accelerometer; autoplay; clipboard-write; encrypted-media; gyroscope; picture-in-picture; web-share\" referrerpolicy=\"strict-origin-when-cross-origin\" allowfullscreen><\/iframe><\/div>\n<p style=\"text-align: justify;\"><strong>Thierry Binoche &#8211;\u00a0<em>AN XX\u00a0: CHAROGNE\u00a0!<\/em><\/strong><\/p>\n<p style=\"text-align: justify;\">Autoproduction<\/p>\n<p style=\"text-align: justify;\"><a>thierry.binoche@gmail.com<\/a><\/p>\n<p style=\"text-align: justify;\"><strong>Patrick B\u00e9nard<\/strong><\/p>\n","protected":false},"excerpt":{"rendered":"<p>Le Rock Du Retrait\u00e9 A D\u00e9guster Tr\u00e8s Fort Rien \u00e0 cacher\u00a0: Thierry Binoche est un ami d&rsquo;au moins trente ans. Ce n&rsquo;est pas rien, m\u00eame en ne se voyant que trop peu, chacun sait ce que l&rsquo;autre a apport\u00e9. Binoche, parce qu&rsquo;on le conna\u00eet plus ainsi dans toute la Bourgogne et plus particuli\u00e8rement \u00e0 Dijon, [&hellip;]<\/p>\n","protected":false},"author":4,"featured_media":16215,"comment_status":"open","ping_status":"open","sticky":false,"template":"","format":"image","meta":{"jetpack_post_was_ever_published":false,"tdm_status":"","tdm_grid_status":"","_jetpack_newsletter_access":"","_jetpack_dont_email_post_to_subs":false,"_jetpack_newsletter_tier_id":0,"_jetpack_memberships_contains_paywalled_content":false,"_jetpack_memberships_contains_paid_content":false,"footnotes":""},"categories":[30,17,36,33,26],"tags":[37,40,52,48,12296,7103,51],"class_list":{"0":"post-16189","1":"post","2":"type-post","3":"status-publish","4":"format-image","5":"has-post-thumbnail","7":"category-albums-rock","8":"category-carotte-rock-cultures","9":"category-groupes-rock-daujourdhui","10":"category-histoire-du-rock","11":"category-radio","12":"tag-album-rock","13":"tag-chanson-francaise","14":"tag-groupe-rock-actuel","15":"tag-personnalite-rock","16":"tag-pop-rock","17":"tag-rock","18":"tag-rock-francais","19":"post_format-post-format-image"},"yoast_head":"<!-- This site is optimized with the Yoast SEO plugin v27.5 - https:\/\/yoast.com\/product\/yoast-seo-wordpress\/ -->\n<title>Thierry Binoche\u00a0 - AN XX\u00a0: CHAROGNE\u00a0! - Culturesco<\/title>\n<meta name=\"description\" content=\"CulturesCo | 2022 : le dijonnais Thierry Binoche sort un nouvel album An XX : Charogne ! L&#039;album solo d&#039;un retrait\u00e9 Rock depuis toujours !\" \/>\n<meta name=\"robots\" content=\"index, follow, max-snippet:-1, max-image-preview:large, max-video-preview:-1\" \/>\n<link rel=\"canonical\" href=\"https:\/\/culturesco.com\/index.php\/2022\/02\/20\/thierry-binoche-an-xx-charogne\/\" \/>\n<meta property=\"og:locale\" content=\"fr_FR\" \/>\n<meta property=\"og:type\" content=\"article\" \/>\n<meta property=\"og:title\" content=\"Thierry Binoche\u00a0 - AN XX\u00a0: CHAROGNE\u00a0! - Culturesco\" \/>\n<meta property=\"og:description\" content=\"CulturesCo | 2022 : le dijonnais Thierry Binoche sort un nouvel album An XX : Charogne ! L&#039;album solo d&#039;un retrait\u00e9 Rock depuis toujours !\" \/>\n<meta property=\"og:url\" content=\"https:\/\/culturesco.com\/index.php\/2022\/02\/20\/thierry-binoche-an-xx-charogne\/\" \/>\n<meta property=\"og:site_name\" content=\"Culturesco\" \/>\n<meta property=\"article:publisher\" content=\"https:\/\/www.facebook.com\/radioculturesco\" \/>\n<meta property=\"article:published_time\" content=\"2022-02-20T00:05:28+00:00\" \/>\n<meta property=\"article:modified_time\" content=\"2022-02-20T14:10:18+00:00\" \/>\n<meta property=\"og:image\" content=\"https:\/\/culturesco.com\/wp-content\/uploads\/2022\/02\/marie-vindy-et-moi.jpg\" \/>\n\t<meta property=\"og:image:width\" content=\"600\" \/>\n\t<meta property=\"og:image:height\" content=\"292\" \/>\n\t<meta property=\"og:image:type\" content=\"image\/jpeg\" \/>\n<meta name=\"author\" content=\"Patrick Benard\" \/>\n<meta name=\"twitter:card\" content=\"summary_large_image\" \/>\n<meta name=\"twitter:creator\" content=\"@AugusteMarshal\" \/>\n<meta name=\"twitter:site\" content=\"@AugusteMarshal\" \/>\n<meta name=\"twitter:label1\" content=\"\u00c9crit par\" \/>\n\t<meta name=\"twitter:data1\" content=\"Patrick Benard\" \/>\n\t<meta name=\"twitter:label2\" content=\"Dur\u00e9e de lecture estim\u00e9e\" \/>\n\t<meta name=\"twitter:data2\" content=\"4 minutes\" \/>\n<script type=\"application\/ld+json\" class=\"yoast-schema-graph\">{\"@context\":\"https:\\\/\\\/schema.org\",\"@graph\":[{\"@type\":\"Article\",\"@id\":\"https:\\\/\\\/culturesco.com\\\/index.php\\\/2022\\\/02\\\/20\\\/thierry-binoche-an-xx-charogne\\\/#article\",\"isPartOf\":{\"@id\":\"https:\\\/\\\/culturesco.com\\\/index.php\\\/2022\\\/02\\\/20\\\/thierry-binoche-an-xx-charogne\\\/\"},\"author\":{\"name\":\"Patrick Benard\",\"@id\":\"https:\\\/\\\/culturesco.com\\\/#\\\/schema\\\/person\\\/c2ddd6724863f3bbd20a8278df0891f3\"},\"headline\":\"Thierry Binoche\u00a0 &#8211; AN XX\u00a0: CHAROGNE\u00a0!\",\"datePublished\":\"2022-02-20T00:05:28+00:00\",\"dateModified\":\"2022-02-20T14:10:18+00:00\",\"mainEntityOfPage\":{\"@id\":\"https:\\\/\\\/culturesco.com\\\/index.php\\\/2022\\\/02\\\/20\\\/thierry-binoche-an-xx-charogne\\\/\"},\"wordCount\":544,\"commentCount\":0,\"publisher\":{\"@id\":\"https:\\\/\\\/culturesco.com\\\/#organization\"},\"image\":{\"@id\":\"https:\\\/\\\/culturesco.com\\\/index.php\\\/2022\\\/02\\\/20\\\/thierry-binoche-an-xx-charogne\\\/#primaryimage\"},\"thumbnailUrl\":\"https:\\\/\\\/i0.wp.com\\\/culturesco.com\\\/wp-content\\\/uploads\\\/2022\\\/02\\\/marie-vindy-et-moi.jpg?fit=600%2C292&ssl=1\",\"keywords\":[\"album rock\",\"chanson fran\u00e7aise\",\"groupe rock actuel\",\"Personnalit\u00e9 Rock\",\"pop rock\",\"rock\",\"Rock fran\u00e7ais\"],\"articleSection\":[\"Albums rock\",\"Carotte Rock Cultures\",\"Groupes rock d'aujourd'hui\",\"Histoire du rock\",\"Radio\"],\"inLanguage\":\"fr-FR\",\"potentialAction\":[{\"@type\":\"CommentAction\",\"name\":\"Comment\",\"target\":[\"https:\\\/\\\/culturesco.com\\\/index.php\\\/2022\\\/02\\\/20\\\/thierry-binoche-an-xx-charogne\\\/#respond\"]}]},{\"@type\":\"WebPage\",\"@id\":\"https:\\\/\\\/culturesco.com\\\/index.php\\\/2022\\\/02\\\/20\\\/thierry-binoche-an-xx-charogne\\\/\",\"url\":\"https:\\\/\\\/culturesco.com\\\/index.php\\\/2022\\\/02\\\/20\\\/thierry-binoche-an-xx-charogne\\\/\",\"name\":\"Thierry Binoche\u00a0 - AN XX\u00a0: CHAROGNE\u00a0! - Culturesco\",\"isPartOf\":{\"@id\":\"https:\\\/\\\/culturesco.com\\\/#website\"},\"primaryImageOfPage\":{\"@id\":\"https:\\\/\\\/culturesco.com\\\/index.php\\\/2022\\\/02\\\/20\\\/thierry-binoche-an-xx-charogne\\\/#primaryimage\"},\"image\":{\"@id\":\"https:\\\/\\\/culturesco.com\\\/index.php\\\/2022\\\/02\\\/20\\\/thierry-binoche-an-xx-charogne\\\/#primaryimage\"},\"thumbnailUrl\":\"https:\\\/\\\/i0.wp.com\\\/culturesco.com\\\/wp-content\\\/uploads\\\/2022\\\/02\\\/marie-vindy-et-moi.jpg?fit=600%2C292&ssl=1\",\"datePublished\":\"2022-02-20T00:05:28+00:00\",\"dateModified\":\"2022-02-20T14:10:18+00:00\",\"description\":\"CulturesCo | 2022 : le dijonnais Thierry Binoche sort un nouvel album An XX : Charogne ! L'album solo d'un retrait\u00e9 Rock depuis toujours !\",\"breadcrumb\":{\"@id\":\"https:\\\/\\\/culturesco.com\\\/index.php\\\/2022\\\/02\\\/20\\\/thierry-binoche-an-xx-charogne\\\/#breadcrumb\"},\"inLanguage\":\"fr-FR\",\"potentialAction\":[{\"@type\":\"ReadAction\",\"target\":[\"https:\\\/\\\/culturesco.com\\\/index.php\\\/2022\\\/02\\\/20\\\/thierry-binoche-an-xx-charogne\\\/\"]}]},{\"@type\":\"ImageObject\",\"inLanguage\":\"fr-FR\",\"@id\":\"https:\\\/\\\/culturesco.com\\\/index.php\\\/2022\\\/02\\\/20\\\/thierry-binoche-an-xx-charogne\\\/#primaryimage\",\"url\":\"https:\\\/\\\/i0.wp.com\\\/culturesco.com\\\/wp-content\\\/uploads\\\/2022\\\/02\\\/marie-vindy-et-moi.jpg?fit=600%2C292&ssl=1\",\"contentUrl\":\"https:\\\/\\\/i0.wp.com\\\/culturesco.com\\\/wp-content\\\/uploads\\\/2022\\\/02\\\/marie-vindy-et-moi.jpg?fit=600%2C292&ssl=1\",\"width\":600,\"height\":292,\"caption\":\"Marie Vindy et Thierry Binoche\"},{\"@type\":\"BreadcrumbList\",\"@id\":\"https:\\\/\\\/culturesco.com\\\/index.php\\\/2022\\\/02\\\/20\\\/thierry-binoche-an-xx-charogne\\\/#breadcrumb\",\"itemListElement\":[{\"@type\":\"ListItem\",\"position\":1,\"name\":\"Accueil\",\"item\":\"https:\\\/\\\/culturesco.com\\\/\"},{\"@type\":\"ListItem\",\"position\":2,\"name\":\"Thierry Binoche\u00a0 &#8211; AN XX\u00a0: CHAROGNE\u00a0!\"}]},{\"@type\":\"WebSite\",\"@id\":\"https:\\\/\\\/culturesco.com\\\/#website\",\"url\":\"https:\\\/\\\/culturesco.com\\\/\",\"name\":\"Culturesco\",\"description\":\"Culturesco | Un bon coup de pied dans ta Culture\",\"publisher\":{\"@id\":\"https:\\\/\\\/culturesco.com\\\/#organization\"},\"potentialAction\":[{\"@type\":\"SearchAction\",\"target\":{\"@type\":\"EntryPoint\",\"urlTemplate\":\"https:\\\/\\\/culturesco.com\\\/?s={search_term_string}\"},\"query-input\":{\"@type\":\"PropertyValueSpecification\",\"valueRequired\":true,\"valueName\":\"search_term_string\"}}],\"inLanguage\":\"fr-FR\"},{\"@type\":\"Organization\",\"@id\":\"https:\\\/\\\/culturesco.com\\\/#organization\",\"name\":\"CULTURESCO\",\"url\":\"https:\\\/\\\/culturesco.com\\\/\",\"logo\":{\"@type\":\"ImageObject\",\"inLanguage\":\"fr-FR\",\"@id\":\"https:\\\/\\\/culturesco.com\\\/#\\\/schema\\\/logo\\\/image\\\/\",\"url\":\"https:\\\/\\\/i0.wp.com\\\/culturesco.com\\\/wp-content\\\/uploads\\\/2022\\\/04\\\/culturesco-logo-blanc250p.png?fit=250%2C250&ssl=1\",\"contentUrl\":\"https:\\\/\\\/i0.wp.com\\\/culturesco.com\\\/wp-content\\\/uploads\\\/2022\\\/04\\\/culturesco-logo-blanc250p.png?fit=250%2C250&ssl=1\",\"width\":250,\"height\":250,\"caption\":\"CULTURESCO\"},\"image\":{\"@id\":\"https:\\\/\\\/culturesco.com\\\/#\\\/schema\\\/logo\\\/image\\\/\"},\"sameAs\":[\"https:\\\/\\\/www.facebook.com\\\/radioculturesco\",\"https:\\\/\\\/x.com\\\/AugusteMarshal\",\"https:\\\/\\\/www.instagram.com\\\/carotte_rock_culture\\\/\",\"https:\\\/\\\/www.pinterest.fr\\\/augustemarshal\\\/\",\"https:\\\/\\\/www.youtube.com\\\/channel\\\/UCiWLGffqWSXlNnfzp6YwwyQ\"]},{\"@type\":\"Person\",\"@id\":\"https:\\\/\\\/culturesco.com\\\/#\\\/schema\\\/person\\\/c2ddd6724863f3bbd20a8278df0891f3\",\"name\":\"Patrick Benard\",\"image\":{\"@type\":\"ImageObject\",\"inLanguage\":\"fr-FR\",\"@id\":\"https:\\\/\\\/i0.wp.com\\\/culturesco.com\\\/wp-content\\\/uploads\\\/2019\\\/02\\\/patrick-benard-2.jpg?fit=90%2C96&ssl=1\",\"url\":\"https:\\\/\\\/i0.wp.com\\\/culturesco.com\\\/wp-content\\\/uploads\\\/2019\\\/02\\\/patrick-benard-2.jpg?fit=90%2C96&ssl=1\",\"contentUrl\":\"https:\\\/\\\/i0.wp.com\\\/culturesco.com\\\/wp-content\\\/uploads\\\/2019\\\/02\\\/patrick-benard-2.jpg?fit=90%2C96&ssl=1\",\"caption\":\"Patrick Benard\"},\"description\":\"Ecrivain, chroniqueur, animateur radio, cr\u00e9ateur de la revue \u00ab Cin\u00e9manie \u00bb, autour du cin\u00e9ma dit d\u2019art et d\u2019essai, sp\u00e9cialiste du groupe The Cure, archiviste... 2020 : \\\"Le Post Rock\\\" essai sur le post rock de Mogwa\u00ef \u00e0 Godspeed You Black Emperor - Camion Blanc 2014 : \u00ab On the rocks \u2013le rock de 2007 \u00e0 2014 \u00bb chroniques livres et cd rocks, interviews \u2013Editions Vaillant 2010 : \u00ab Dans la T\u00eate de Robert Smith \u00bb, roman fiction autour de l\u2019histoire des Cure et de Robert Smith \u2013 Edilivres 2007 : \u00ab Chroniques Fr\u00e9n\u00e9tiques, une histoire intime du rock \u00bb, roman, prix Technikart. 2001 : \u00ab Les Iles du D\u00e9sert \u00bb, polar autour du rock \u2013 Editions Nykta\",\"url\":\"https:\\\/\\\/culturesco.com\\\/index.php\\\/author\\\/patrick-benard89\\\/\"}]}<\/script>\n<!-- \/ Yoast SEO plugin. -->","yoast_head_json":{"title":"Thierry Binoche\u00a0 - AN XX\u00a0: CHAROGNE\u00a0! - Culturesco","description":"CulturesCo | 2022 : le dijonnais Thierry Binoche sort un nouvel album An XX : Charogne ! L'album solo d'un retrait\u00e9 Rock depuis toujours !","robots":{"index":"index","follow":"follow","max-snippet":"max-snippet:-1","max-image-preview":"max-image-preview:large","max-video-preview":"max-video-preview:-1"},"canonical":"https:\/\/culturesco.com\/index.php\/2022\/02\/20\/thierry-binoche-an-xx-charogne\/","og_locale":"fr_FR","og_type":"article","og_title":"Thierry Binoche\u00a0 - AN XX\u00a0: CHAROGNE\u00a0! - Culturesco","og_description":"CulturesCo | 2022 : le dijonnais Thierry Binoche sort un nouvel album An XX : Charogne ! L'album solo d'un retrait\u00e9 Rock depuis toujours !","og_url":"https:\/\/culturesco.com\/index.php\/2022\/02\/20\/thierry-binoche-an-xx-charogne\/","og_site_name":"Culturesco","article_publisher":"https:\/\/www.facebook.com\/radioculturesco","article_published_time":"2022-02-20T00:05:28+00:00","article_modified_time":"2022-02-20T14:10:18+00:00","og_image":[{"width":600,"height":292,"url":"https:\/\/culturesco.com\/wp-content\/uploads\/2022\/02\/marie-vindy-et-moi.jpg","type":"image\/jpeg"}],"author":"Patrick Benard","twitter_card":"summary_large_image","twitter_creator":"@AugusteMarshal","twitter_site":"@AugusteMarshal","twitter_misc":{"\u00c9crit par":"Patrick Benard","Dur\u00e9e de lecture estim\u00e9e":"4 minutes"},"schema":{"@context":"https:\/\/schema.org","@graph":[{"@type":"Article","@id":"https:\/\/culturesco.com\/index.php\/2022\/02\/20\/thierry-binoche-an-xx-charogne\/#article","isPartOf":{"@id":"https:\/\/culturesco.com\/index.php\/2022\/02\/20\/thierry-binoche-an-xx-charogne\/"},"author":{"name":"Patrick Benard","@id":"https:\/\/culturesco.com\/#\/schema\/person\/c2ddd6724863f3bbd20a8278df0891f3"},"headline":"Thierry Binoche\u00a0 &#8211; AN XX\u00a0: CHAROGNE\u00a0!","datePublished":"2022-02-20T00:05:28+00:00","dateModified":"2022-02-20T14:10:18+00:00","mainEntityOfPage":{"@id":"https:\/\/culturesco.com\/index.php\/2022\/02\/20\/thierry-binoche-an-xx-charogne\/"},"wordCount":544,"commentCount":0,"publisher":{"@id":"https:\/\/culturesco.com\/#organization"},"image":{"@id":"https:\/\/culturesco.com\/index.php\/2022\/02\/20\/thierry-binoche-an-xx-charogne\/#primaryimage"},"thumbnailUrl":"https:\/\/i0.wp.com\/culturesco.com\/wp-content\/uploads\/2022\/02\/marie-vindy-et-moi.jpg?fit=600%2C292&ssl=1","keywords":["album rock","chanson fran\u00e7aise","groupe rock actuel","Personnalit\u00e9 Rock","pop rock","rock","Rock fran\u00e7ais"],"articleSection":["Albums rock","Carotte Rock Cultures","Groupes rock d'aujourd'hui","Histoire du rock","Radio"],"inLanguage":"fr-FR","potentialAction":[{"@type":"CommentAction","name":"Comment","target":["https:\/\/culturesco.com\/index.php\/2022\/02\/20\/thierry-binoche-an-xx-charogne\/#respond"]}]},{"@type":"WebPage","@id":"https:\/\/culturesco.com\/index.php\/2022\/02\/20\/thierry-binoche-an-xx-charogne\/","url":"https:\/\/culturesco.com\/index.php\/2022\/02\/20\/thierry-binoche-an-xx-charogne\/","name":"Thierry Binoche\u00a0 - AN XX\u00a0: CHAROGNE\u00a0! - Culturesco","isPartOf":{"@id":"https:\/\/culturesco.com\/#website"},"primaryImageOfPage":{"@id":"https:\/\/culturesco.com\/index.php\/2022\/02\/20\/thierry-binoche-an-xx-charogne\/#primaryimage"},"image":{"@id":"https:\/\/culturesco.com\/index.php\/2022\/02\/20\/thierry-binoche-an-xx-charogne\/#primaryimage"},"thumbnailUrl":"https:\/\/i0.wp.com\/culturesco.com\/wp-content\/uploads\/2022\/02\/marie-vindy-et-moi.jpg?fit=600%2C292&ssl=1","datePublished":"2022-02-20T00:05:28+00:00","dateModified":"2022-02-20T14:10:18+00:00","description":"CulturesCo | 2022 : le dijonnais Thierry Binoche sort un nouvel album An XX : Charogne ! L'album solo d'un retrait\u00e9 Rock depuis toujours !","breadcrumb":{"@id":"https:\/\/culturesco.com\/index.php\/2022\/02\/20\/thierry-binoche-an-xx-charogne\/#breadcrumb"},"inLanguage":"fr-FR","potentialAction":[{"@type":"ReadAction","target":["https:\/\/culturesco.com\/index.php\/2022\/02\/20\/thierry-binoche-an-xx-charogne\/"]}]},{"@type":"ImageObject","inLanguage":"fr-FR","@id":"https:\/\/culturesco.com\/index.php\/2022\/02\/20\/thierry-binoche-an-xx-charogne\/#primaryimage","url":"https:\/\/i0.wp.com\/culturesco.com\/wp-content\/uploads\/2022\/02\/marie-vindy-et-moi.jpg?fit=600%2C292&ssl=1","contentUrl":"https:\/\/i0.wp.com\/culturesco.com\/wp-content\/uploads\/2022\/02\/marie-vindy-et-moi.jpg?fit=600%2C292&ssl=1","width":600,"height":292,"caption":"Marie Vindy et Thierry Binoche"},{"@type":"BreadcrumbList","@id":"https:\/\/culturesco.com\/index.php\/2022\/02\/20\/thierry-binoche-an-xx-charogne\/#breadcrumb","itemListElement":[{"@type":"ListItem","position":1,"name":"Accueil","item":"https:\/\/culturesco.com\/"},{"@type":"ListItem","position":2,"name":"Thierry Binoche\u00a0 &#8211; AN XX\u00a0: CHAROGNE\u00a0!"}]},{"@type":"WebSite","@id":"https:\/\/culturesco.com\/#website","url":"https:\/\/culturesco.com\/","name":"Culturesco","description":"Culturesco | Un bon coup de pied dans ta Culture","publisher":{"@id":"https:\/\/culturesco.com\/#organization"},"potentialAction":[{"@type":"SearchAction","target":{"@type":"EntryPoint","urlTemplate":"https:\/\/culturesco.com\/?s={search_term_string}"},"query-input":{"@type":"PropertyValueSpecification","valueRequired":true,"valueName":"search_term_string"}}],"inLanguage":"fr-FR"},{"@type":"Organization","@id":"https:\/\/culturesco.com\/#organization","name":"CULTURESCO","url":"https:\/\/culturesco.com\/","logo":{"@type":"ImageObject","inLanguage":"fr-FR","@id":"https:\/\/culturesco.com\/#\/schema\/logo\/image\/","url":"https:\/\/i0.wp.com\/culturesco.com\/wp-content\/uploads\/2022\/04\/culturesco-logo-blanc250p.png?fit=250%2C250&ssl=1","contentUrl":"https:\/\/i0.wp.com\/culturesco.com\/wp-content\/uploads\/2022\/04\/culturesco-logo-blanc250p.png?fit=250%2C250&ssl=1","width":250,"height":250,"caption":"CULTURESCO"},"image":{"@id":"https:\/\/culturesco.com\/#\/schema\/logo\/image\/"},"sameAs":["https:\/\/www.facebook.com\/radioculturesco","https:\/\/x.com\/AugusteMarshal","https:\/\/www.instagram.com\/carotte_rock_culture\/","https:\/\/www.pinterest.fr\/augustemarshal\/","https:\/\/www.youtube.com\/channel\/UCiWLGffqWSXlNnfzp6YwwyQ"]},{"@type":"Person","@id":"https:\/\/culturesco.com\/#\/schema\/person\/c2ddd6724863f3bbd20a8278df0891f3","name":"Patrick Benard","image":{"@type":"ImageObject","inLanguage":"fr-FR","@id":"https:\/\/i0.wp.com\/culturesco.com\/wp-content\/uploads\/2019\/02\/patrick-benard-2.jpg?fit=90%2C96&ssl=1","url":"https:\/\/i0.wp.com\/culturesco.com\/wp-content\/uploads\/2019\/02\/patrick-benard-2.jpg?fit=90%2C96&ssl=1","contentUrl":"https:\/\/i0.wp.com\/culturesco.com\/wp-content\/uploads\/2019\/02\/patrick-benard-2.jpg?fit=90%2C96&ssl=1","caption":"Patrick Benard"},"description":"Ecrivain, chroniqueur, animateur radio, cr\u00e9ateur de la revue \u00ab Cin\u00e9manie \u00bb, autour du cin\u00e9ma dit d\u2019art et d\u2019essai, sp\u00e9cialiste du groupe The Cure, archiviste... 2020 : \"Le Post Rock\" essai sur le post rock de Mogwa\u00ef \u00e0 Godspeed You Black Emperor - Camion Blanc 2014 : \u00ab On the rocks \u2013le rock de 2007 \u00e0 2014 \u00bb chroniques livres et cd rocks, interviews \u2013Editions Vaillant 2010 : \u00ab Dans la T\u00eate de Robert Smith \u00bb, roman fiction autour de l\u2019histoire des Cure et de Robert Smith \u2013 Edilivres 2007 : \u00ab Chroniques Fr\u00e9n\u00e9tiques, une histoire intime du rock \u00bb, roman, prix Technikart. 2001 : \u00ab Les Iles du D\u00e9sert \u00bb, polar autour du rock \u2013 Editions Nykta","url":"https:\/\/culturesco.com\/index.php\/author\/patrick-benard89\/"}]}},"jetpack_featured_media_url":"https:\/\/i0.wp.com\/culturesco.com\/wp-content\/uploads\/2022\/02\/marie-vindy-et-moi.jpg?fit=600%2C292&ssl=1","jetpack_likes_enabled":true,"jetpack_sharing_enabled":true,"jetpack_shortlink":"https:\/\/wp.me\/paz89I-4d7","_links":{"self":[{"href":"https:\/\/culturesco.com\/index.php\/wp-json\/wp\/v2\/posts\/16189","targetHints":{"allow":["GET"]}}],"collection":[{"href":"https:\/\/culturesco.com\/index.php\/wp-json\/wp\/v2\/posts"}],"about":[{"href":"https:\/\/culturesco.com\/index.php\/wp-json\/wp\/v2\/types\/post"}],"author":[{"embeddable":true,"href":"https:\/\/culturesco.com\/index.php\/wp-json\/wp\/v2\/users\/4"}],"replies":[{"embeddable":true,"href":"https:\/\/culturesco.com\/index.php\/wp-json\/wp\/v2\/comments?post=16189"}],"version-history":[{"count":0,"href":"https:\/\/culturesco.com\/index.php\/wp-json\/wp\/v2\/posts\/16189\/revisions"}],"wp:featuredmedia":[{"embeddable":true,"href":"https:\/\/culturesco.com\/index.php\/wp-json\/wp\/v2\/media\/16215"}],"wp:attachment":[{"href":"https:\/\/culturesco.com\/index.php\/wp-json\/wp\/v2\/media?parent=16189"}],"wp:term":[{"taxonomy":"category","embeddable":true,"href":"https:\/\/culturesco.com\/index.php\/wp-json\/wp\/v2\/categories?post=16189"},{"taxonomy":"post_tag","embeddable":true,"href":"https:\/\/culturesco.com\/index.php\/wp-json\/wp\/v2\/tags?post=16189"}],"curies":[{"name":"wp","href":"https:\/\/api.w.org\/{rel}","templated":true}]}}