{"id":16007,"date":"2022-01-27T02:45:16","date_gmt":"2022-01-27T01:45:16","guid":{"rendered":"https:\/\/culturesco.com\/?p=16007"},"modified":"2022-01-27T15:20:34","modified_gmt":"2022-01-27T14:20:34","slug":"passeur-un-livre-de-jean-daniel-beauvallet","status":"publish","type":"post","link":"https:\/\/culturesco.com\/index.php\/2022\/01\/27\/passeur-un-livre-de-jean-daniel-beauvallet\/","title":{"rendered":"Passeur, un livre de Jean\u2013Daniel Beauvallet"},"content":{"rendered":"<h2 style=\"text-align: justify;\">Itin\u00e9raire d\u2019un journaliste rock<\/h2>\n<p><img data-recalc-dims=\"1\" loading=\"lazy\" decoding=\"async\" class=\"alignnone wp-image-16016 size-large\" src=\"https:\/\/i0.wp.com\/culturesco.com\/wp-content\/uploads\/2022\/01\/passeur-jean-daniel-beauvallet.jpg?resize=696%2C348&#038;ssl=1\" alt=\"passeur jean daniel beauvallet\" width=\"696\" height=\"348\" srcset=\"https:\/\/i0.wp.com\/culturesco.com\/wp-content\/uploads\/2022\/01\/passeur-jean-daniel-beauvallet.jpg?resize=1200%2C600&amp;ssl=1 1200w, https:\/\/i0.wp.com\/culturesco.com\/wp-content\/uploads\/2022\/01\/passeur-jean-daniel-beauvallet.jpg?resize=300%2C150&amp;ssl=1 300w, https:\/\/i0.wp.com\/culturesco.com\/wp-content\/uploads\/2022\/01\/passeur-jean-daniel-beauvallet.jpg?resize=768%2C384&amp;ssl=1 768w, https:\/\/i0.wp.com\/culturesco.com\/wp-content\/uploads\/2022\/01\/passeur-jean-daniel-beauvallet.jpg?resize=696%2C348&amp;ssl=1 696w, https:\/\/i0.wp.com\/culturesco.com\/wp-content\/uploads\/2022\/01\/passeur-jean-daniel-beauvallet.jpg?resize=1068%2C534&amp;ssl=1 1068w, https:\/\/i0.wp.com\/culturesco.com\/wp-content\/uploads\/2022\/01\/passeur-jean-daniel-beauvallet.jpg?resize=840%2C420&amp;ssl=1 840w, https:\/\/i0.wp.com\/culturesco.com\/wp-content\/uploads\/2022\/01\/passeur-jean-daniel-beauvallet.jpg?w=600&amp;ssl=1 600w\" sizes=\"auto, (max-width: 696px) 100vw, 696px\" \/><\/p>\n<h3 style=\"text-align: justify;\">Le Gourou des Inrocks<\/h3>\n<p style=\"text-align: justify;\">Il est toujours difficile de parler des grands quand on est tout petit, niveau boulot. Surtout quand celui-ci relate sa vie, ses anecdotes dr\u00f4les et d\u00e9licates autour d\u2019un livre qu\u2019il d\u00e9finit comme un <strong><i>Passeur<\/i><\/strong>, \u00e0 l\u2019instar du titre de son livre accompagn\u00e9 pour les veinards d\u2019un <strong>vinyle maxi 45 tours<\/strong> avec d&rsquo;un c\u00f4t\u00e9 <strong>Etienne Daho<\/strong> et de l&rsquo;autre <span style=\"text-decoration: underline;\"><strong>Miossec<\/strong><\/span>, le tout en version in\u00e9dite.<\/p>\n<h3 style=\"text-align: justify;\"><em>Etienne Daho &#8211; Il Ne Dira pas<\/em><\/h3>\n<div class=\"youtube-embed\" data-video_id=\"LvKeFW2k4qw\"><iframe loading=\"lazy\" title=\"Il ne dira pas (Single Edit)\" width=\"696\" height=\"522\" src=\"https:\/\/www.youtube.com\/embed\/LvKeFW2k4qw\" frameborder=\"0\" allow=\"accelerometer; autoplay; clipboard-write; encrypted-media; gyroscope; picture-in-picture; web-share\" referrerpolicy=\"strict-origin-when-cross-origin\" allowfullscreen><\/iframe><\/div>\n<p style=\"text-align: justify;\">Beaucoup d\u2019autres le pr\u00e9tendent comme au cin\u00e9ma avec feu <strong>Serge Daney<\/strong>, passeur du septi\u00e8me art aupr\u00e8s du grand public, d\u00e9c\u00e9d\u00e9 il y a trente ans mais qui a eu le m\u00e9rite de faire d\u00e9couvrir des films probablement pass\u00e9s \u00e0 la poubelle du visuel sans ses \u00e9crits dynamiques.<\/p>\n<p style=\"text-align: justify;\"><strong>Jean-Daniel Beauvallet<\/strong> poss\u00e8de deux cordes majeures \u00e0 son arc et non des moindres. D\u2019abord celui d\u2019avoir v\u00e9cu, d\u00e8s son plus jeune \u00e2ge, en <strong>Angleterre<\/strong> et plus particuli\u00e8rement \u00e0 <strong>Manchester<\/strong>, l\u00e0 o\u00f9 la Britpop a d\u00e9but\u00e9 avec <strong>Oasis<\/strong> et <strong>Blur<\/strong> mais surtout avec les d\u00e9buts des <strong>Smiths<\/strong>, <strong>New Order<\/strong>, entre autres, sans oublier ce qui l\u2019a pouss\u00e9 \u00e0 cela, venu des States : le <strong>Velvet Underground.<\/strong> Et comme tous ces groupes de cette p\u00e9riode des ann\u00e9es 80 se revendiquaient d\u2019eux, la liaison s\u2019est faite automatiquement.<span class=\"Apple-converted-space\">\u00a0<\/span><\/p>\n<h3 style=\"text-align: justify;\"><em>The Smiths &#8211; This Charming Man (Offcial Video)<\/em><\/h3>\n<div class=\"youtube-embed\" data-video_id=\"cJRP3LRcUFg\"><iframe loading=\"lazy\" title=\"The Smiths - This Charming Man (Official Music Video)\" width=\"696\" height=\"392\" src=\"https:\/\/www.youtube.com\/embed\/cJRP3LRcUFg\" frameborder=\"0\" allow=\"accelerometer; autoplay; clipboard-write; encrypted-media; gyroscope; picture-in-picture; web-share\" referrerpolicy=\"strict-origin-when-cross-origin\" allowfullscreen><\/iframe><\/div>\n<p style=\"text-align: justify;\">Ensuite il devint <strong>l\u2019un des gourous<\/strong> du renouvellement de la presse rock en France quand il cr\u00e9a avec <strong>Daniel Fevret<\/strong> et <strong>Guillaume Monfourny<\/strong> \u00e0 la photo, le bimestriel <strong><i>Les Inrockuptibles<\/i><\/strong>, <strong><i>Les Inrocks <\/i><\/strong>pour les plus branch\u00e9s au d\u00e9but puis devenu commun. Nous sommes en 1986 et une v\u00e9ritable r\u00e9volution musicale s\u2019op\u00e8re dans l\u2019hexagone avec l\u2019apparition de ce fanzine devenu tr\u00e8s vite magazine in\u00e9vitable par son changement de ton et de lien avec les mastodontes <strong><i>Rock &amp; Folk<\/i> <\/strong>et <strong><i>Best<\/i><\/strong>. D\u2019autres tenteront de s\u2019y m\u00ealer mais c\u2019est une autre histoire.<span class=\"Apple-converted-space\">\u00a0<\/span><\/p>\n<div class=\"youtube-embed\" data-video_id=\"FYH8DsU2WCk\"><iframe loading=\"lazy\" title=\"New Order - Blue Monday\" width=\"696\" height=\"522\" src=\"https:\/\/www.youtube.com\/embed\/FYH8DsU2WCk\" frameborder=\"0\" allow=\"accelerometer; autoplay; clipboard-write; encrypted-media; gyroscope; picture-in-picture; web-share\" referrerpolicy=\"strict-origin-when-cross-origin\" allowfullscreen><\/iframe><\/div>\n<p style=\"text-align: justify;\"><strong><i>Les Inrocks<\/i><\/strong> vont bient\u00f4t devenir incontournables dans le milieu, passant <strong>mensuel<\/strong> puis, avec un virage \u00e0 180\u00b0, <strong>hebdomadaire<\/strong>. C\u2019est l\u00e0 que les choses vont se corser car de journal musical il va passer en <strong>journal de soci\u00e9t\u00e9 o\u00f9 la musique ne devient qu\u2019une petite partie parmi le reste<\/strong>.<span class=\"Apple-converted-space\">\u00a0<\/span><\/p>\n<p style=\"text-align: justify;\">Certains le regretteront, d\u2019autres y verront une ouverture. Ce fut un choix.<\/p>\n<p style=\"text-align: justify;\">Mais le livre de <strong>JD<\/strong> (oui, on devient intime pudiquement en \u00e9crivant ces lignes) demeure avant tout<strong> une belle histoire d\u2019amour entre un v\u00e9cu musical hors-pair et un journaliste<\/strong>, critique de son temps qui relie la musique \u00e0 son v\u00e9cu. Magnifique et recommand\u00e9.<span class=\"Apple-converted-space\">\u00a0 \u00a0<\/span><\/p>\n<p style=\"text-align: justify;\"><strong>Jean\u2013Daniel Beauvallet \u2013 <i>Passeur<\/i><\/strong><\/p>\n<p style=\"text-align: justify;\">Editions Braquage \u2013 280 pages \u2013 22\u20ac<\/p>\n<p style=\"text-align: justify;\"><strong>Patrick B\u00e9nard<\/strong><\/p>\n","protected":false},"excerpt":{"rendered":"<p>Itin\u00e9raire d\u2019un journaliste rock Le Gourou des Inrocks Il est toujours difficile de parler des grands quand on est tout petit, niveau boulot. Surtout quand celui-ci relate sa vie, ses anecdotes dr\u00f4les et d\u00e9licates autour d\u2019un livre qu\u2019il d\u00e9finit comme un Passeur, \u00e0 l\u2019instar du titre de son livre accompagn\u00e9 pour les veinards d\u2019un vinyle [&hellip;]<\/p>\n","protected":false},"author":4,"featured_media":16016,"comment_status":"open","ping_status":"open","sticky":false,"template":"","format":"image","meta":{"jetpack_post_was_ever_published":false,"tdm_status":"","tdm_grid_status":"","_jetpack_newsletter_access":"","_jetpack_dont_email_post_to_subs":false,"_jetpack_newsletter_tier_id":0,"_jetpack_memberships_contains_paywalled_content":false,"_jetpack_memberships_contains_paid_content":false,"footnotes":""},"categories":[23,22,27,11066],"tags":[20,12188,48,4171,12296,7103,64],"class_list":{"0":"post-16007","1":"post","2":"type-post","3":"status-publish","4":"format-image","5":"has-post-thumbnail","7":"category-chroniques-litteraires","8":"category-citations","9":"category-litterature","10":"category-short-stories","11":"tag-livre-rock","12":"tag-new-wave","13":"tag-personnalite-rock","14":"tag-pop-culture","15":"tag-pop-rock","16":"tag-rock","17":"tag-societe","18":"post_format-post-format-image"},"yoast_head":"<!-- This site is optimized with the Yoast SEO plugin v27.5 - https:\/\/yoast.com\/product\/yoast-seo-wordpress\/ -->\n<title>Passeur, un livre de Jean\u2013Daniel Beauvallet - Culturesco<\/title>\n<meta name=\"description\" content=\"CulturesCo | Passeur, le nouveau livre de Jean-Daniel Beauvallet | Chroniques et histoire du Rock, chanson fran\u00e7aise, litt\u00e9rature, cin\u00e9ma...\" \/>\n<meta name=\"robots\" content=\"index, follow, max-snippet:-1, max-image-preview:large, max-video-preview:-1\" \/>\n<link rel=\"canonical\" href=\"https:\/\/culturesco.com\/index.php\/2022\/01\/27\/passeur-un-livre-de-jean-daniel-beauvallet\/\" \/>\n<meta property=\"og:locale\" content=\"fr_FR\" \/>\n<meta property=\"og:type\" content=\"article\" \/>\n<meta property=\"og:title\" content=\"Passeur, un livre de Jean\u2013Daniel Beauvallet - Culturesco\" \/>\n<meta property=\"og:description\" content=\"CulturesCo | Passeur, le nouveau livre de Jean-Daniel Beauvallet | Chroniques et histoire du Rock, chanson fran\u00e7aise, litt\u00e9rature, cin\u00e9ma...\" \/>\n<meta property=\"og:url\" content=\"https:\/\/culturesco.com\/index.php\/2022\/01\/27\/passeur-un-livre-de-jean-daniel-beauvallet\/\" \/>\n<meta property=\"og:site_name\" content=\"Culturesco\" \/>\n<meta property=\"article:publisher\" content=\"https:\/\/www.facebook.com\/radioculturesco\" \/>\n<meta property=\"article:published_time\" content=\"2022-01-27T01:45:16+00:00\" \/>\n<meta property=\"article:modified_time\" content=\"2022-01-27T14:20:34+00:00\" \/>\n<meta property=\"og:image\" content=\"https:\/\/culturesco.com\/wp-content\/uploads\/2022\/01\/passeur-jean-daniel-beauvallet.jpg\" \/>\n\t<meta property=\"og:image:width\" content=\"600\" \/>\n\t<meta property=\"og:image:height\" content=\"300\" \/>\n\t<meta property=\"og:image:type\" content=\"image\/jpeg\" \/>\n<meta name=\"author\" content=\"Patrick Benard\" \/>\n<meta name=\"twitter:card\" content=\"summary_large_image\" \/>\n<meta name=\"twitter:creator\" content=\"@AugusteMarshal\" \/>\n<meta name=\"twitter:site\" content=\"@AugusteMarshal\" \/>\n<meta name=\"twitter:label1\" content=\"\u00c9crit par\" \/>\n\t<meta name=\"twitter:data1\" content=\"Patrick Benard\" \/>\n\t<meta name=\"twitter:label2\" content=\"Dur\u00e9e de lecture estim\u00e9e\" \/>\n\t<meta name=\"twitter:data2\" content=\"3 minutes\" \/>\n<script type=\"application\/ld+json\" class=\"yoast-schema-graph\">{\"@context\":\"https:\\\/\\\/schema.org\",\"@graph\":[{\"@type\":\"Article\",\"@id\":\"https:\\\/\\\/culturesco.com\\\/index.php\\\/2022\\\/01\\\/27\\\/passeur-un-livre-de-jean-daniel-beauvallet\\\/#article\",\"isPartOf\":{\"@id\":\"https:\\\/\\\/culturesco.com\\\/index.php\\\/2022\\\/01\\\/27\\\/passeur-un-livre-de-jean-daniel-beauvallet\\\/\"},\"author\":{\"name\":\"Patrick Benard\",\"@id\":\"https:\\\/\\\/culturesco.com\\\/#\\\/schema\\\/person\\\/c2ddd6724863f3bbd20a8278df0891f3\"},\"headline\":\"Passeur, un livre de Jean\u2013Daniel Beauvallet\",\"datePublished\":\"2022-01-27T01:45:16+00:00\",\"dateModified\":\"2022-01-27T14:20:34+00:00\",\"mainEntityOfPage\":{\"@id\":\"https:\\\/\\\/culturesco.com\\\/index.php\\\/2022\\\/01\\\/27\\\/passeur-un-livre-de-jean-daniel-beauvallet\\\/\"},\"wordCount\":500,\"commentCount\":0,\"publisher\":{\"@id\":\"https:\\\/\\\/culturesco.com\\\/#organization\"},\"image\":{\"@id\":\"https:\\\/\\\/culturesco.com\\\/index.php\\\/2022\\\/01\\\/27\\\/passeur-un-livre-de-jean-daniel-beauvallet\\\/#primaryimage\"},\"thumbnailUrl\":\"https:\\\/\\\/i0.wp.com\\\/culturesco.com\\\/wp-content\\\/uploads\\\/2022\\\/01\\\/passeur-jean-daniel-beauvallet.jpg?fit=600%2C300&ssl=1\",\"keywords\":[\"Livre Rock\",\"New Wave\",\"Personnalit\u00e9 Rock\",\"Pop culture\",\"pop rock\",\"rock\",\"Soci\u00e9t\u00e9\"],\"articleSection\":[\"Chroniques litt\u00e9raires\",\"Citations\",\"Litt\u00e9rature\",\"Short Stories\"],\"inLanguage\":\"fr-FR\",\"potentialAction\":[{\"@type\":\"CommentAction\",\"name\":\"Comment\",\"target\":[\"https:\\\/\\\/culturesco.com\\\/index.php\\\/2022\\\/01\\\/27\\\/passeur-un-livre-de-jean-daniel-beauvallet\\\/#respond\"]}]},{\"@type\":\"WebPage\",\"@id\":\"https:\\\/\\\/culturesco.com\\\/index.php\\\/2022\\\/01\\\/27\\\/passeur-un-livre-de-jean-daniel-beauvallet\\\/\",\"url\":\"https:\\\/\\\/culturesco.com\\\/index.php\\\/2022\\\/01\\\/27\\\/passeur-un-livre-de-jean-daniel-beauvallet\\\/\",\"name\":\"Passeur, un livre de Jean\u2013Daniel Beauvallet - Culturesco\",\"isPartOf\":{\"@id\":\"https:\\\/\\\/culturesco.com\\\/#website\"},\"primaryImageOfPage\":{\"@id\":\"https:\\\/\\\/culturesco.com\\\/index.php\\\/2022\\\/01\\\/27\\\/passeur-un-livre-de-jean-daniel-beauvallet\\\/#primaryimage\"},\"image\":{\"@id\":\"https:\\\/\\\/culturesco.com\\\/index.php\\\/2022\\\/01\\\/27\\\/passeur-un-livre-de-jean-daniel-beauvallet\\\/#primaryimage\"},\"thumbnailUrl\":\"https:\\\/\\\/i0.wp.com\\\/culturesco.com\\\/wp-content\\\/uploads\\\/2022\\\/01\\\/passeur-jean-daniel-beauvallet.jpg?fit=600%2C300&ssl=1\",\"datePublished\":\"2022-01-27T01:45:16+00:00\",\"dateModified\":\"2022-01-27T14:20:34+00:00\",\"description\":\"CulturesCo | Passeur, le nouveau livre de Jean-Daniel Beauvallet | Chroniques et histoire du Rock, chanson fran\u00e7aise, litt\u00e9rature, cin\u00e9ma...\",\"breadcrumb\":{\"@id\":\"https:\\\/\\\/culturesco.com\\\/index.php\\\/2022\\\/01\\\/27\\\/passeur-un-livre-de-jean-daniel-beauvallet\\\/#breadcrumb\"},\"inLanguage\":\"fr-FR\",\"potentialAction\":[{\"@type\":\"ReadAction\",\"target\":[\"https:\\\/\\\/culturesco.com\\\/index.php\\\/2022\\\/01\\\/27\\\/passeur-un-livre-de-jean-daniel-beauvallet\\\/\"]}]},{\"@type\":\"ImageObject\",\"inLanguage\":\"fr-FR\",\"@id\":\"https:\\\/\\\/culturesco.com\\\/index.php\\\/2022\\\/01\\\/27\\\/passeur-un-livre-de-jean-daniel-beauvallet\\\/#primaryimage\",\"url\":\"https:\\\/\\\/i0.wp.com\\\/culturesco.com\\\/wp-content\\\/uploads\\\/2022\\\/01\\\/passeur-jean-daniel-beauvallet.jpg?fit=600%2C300&ssl=1\",\"contentUrl\":\"https:\\\/\\\/i0.wp.com\\\/culturesco.com\\\/wp-content\\\/uploads\\\/2022\\\/01\\\/passeur-jean-daniel-beauvallet.jpg?fit=600%2C300&ssl=1\",\"width\":600,\"height\":300,\"caption\":\"passeur jean daniel beauvallet\"},{\"@type\":\"BreadcrumbList\",\"@id\":\"https:\\\/\\\/culturesco.com\\\/index.php\\\/2022\\\/01\\\/27\\\/passeur-un-livre-de-jean-daniel-beauvallet\\\/#breadcrumb\",\"itemListElement\":[{\"@type\":\"ListItem\",\"position\":1,\"name\":\"Accueil\",\"item\":\"https:\\\/\\\/culturesco.com\\\/\"},{\"@type\":\"ListItem\",\"position\":2,\"name\":\"Passeur, un livre de Jean\u2013Daniel Beauvallet\"}]},{\"@type\":\"WebSite\",\"@id\":\"https:\\\/\\\/culturesco.com\\\/#website\",\"url\":\"https:\\\/\\\/culturesco.com\\\/\",\"name\":\"Culturesco\",\"description\":\"Culturesco | Un bon coup de pied dans ta Culture\",\"publisher\":{\"@id\":\"https:\\\/\\\/culturesco.com\\\/#organization\"},\"potentialAction\":[{\"@type\":\"SearchAction\",\"target\":{\"@type\":\"EntryPoint\",\"urlTemplate\":\"https:\\\/\\\/culturesco.com\\\/?s={search_term_string}\"},\"query-input\":{\"@type\":\"PropertyValueSpecification\",\"valueRequired\":true,\"valueName\":\"search_term_string\"}}],\"inLanguage\":\"fr-FR\"},{\"@type\":\"Organization\",\"@id\":\"https:\\\/\\\/culturesco.com\\\/#organization\",\"name\":\"CULTURESCO\",\"url\":\"https:\\\/\\\/culturesco.com\\\/\",\"logo\":{\"@type\":\"ImageObject\",\"inLanguage\":\"fr-FR\",\"@id\":\"https:\\\/\\\/culturesco.com\\\/#\\\/schema\\\/logo\\\/image\\\/\",\"url\":\"https:\\\/\\\/i0.wp.com\\\/culturesco.com\\\/wp-content\\\/uploads\\\/2022\\\/04\\\/culturesco-logo-blanc250p.png?fit=250%2C250&ssl=1\",\"contentUrl\":\"https:\\\/\\\/i0.wp.com\\\/culturesco.com\\\/wp-content\\\/uploads\\\/2022\\\/04\\\/culturesco-logo-blanc250p.png?fit=250%2C250&ssl=1\",\"width\":250,\"height\":250,\"caption\":\"CULTURESCO\"},\"image\":{\"@id\":\"https:\\\/\\\/culturesco.com\\\/#\\\/schema\\\/logo\\\/image\\\/\"},\"sameAs\":[\"https:\\\/\\\/www.facebook.com\\\/radioculturesco\",\"https:\\\/\\\/x.com\\\/AugusteMarshal\",\"https:\\\/\\\/www.instagram.com\\\/carotte_rock_culture\\\/\",\"https:\\\/\\\/www.pinterest.fr\\\/augustemarshal\\\/\",\"https:\\\/\\\/www.youtube.com\\\/channel\\\/UCiWLGffqWSXlNnfzp6YwwyQ\"]},{\"@type\":\"Person\",\"@id\":\"https:\\\/\\\/culturesco.com\\\/#\\\/schema\\\/person\\\/c2ddd6724863f3bbd20a8278df0891f3\",\"name\":\"Patrick Benard\",\"image\":{\"@type\":\"ImageObject\",\"inLanguage\":\"fr-FR\",\"@id\":\"https:\\\/\\\/i0.wp.com\\\/culturesco.com\\\/wp-content\\\/uploads\\\/2019\\\/02\\\/patrick-benard-2.jpg?fit=90%2C96&ssl=1\",\"url\":\"https:\\\/\\\/i0.wp.com\\\/culturesco.com\\\/wp-content\\\/uploads\\\/2019\\\/02\\\/patrick-benard-2.jpg?fit=90%2C96&ssl=1\",\"contentUrl\":\"https:\\\/\\\/i0.wp.com\\\/culturesco.com\\\/wp-content\\\/uploads\\\/2019\\\/02\\\/patrick-benard-2.jpg?fit=90%2C96&ssl=1\",\"caption\":\"Patrick Benard\"},\"description\":\"Ecrivain, chroniqueur, animateur radio, cr\u00e9ateur de la revue \u00ab Cin\u00e9manie \u00bb, autour du cin\u00e9ma dit d\u2019art et d\u2019essai, sp\u00e9cialiste du groupe The Cure, archiviste... 2020 : \\\"Le Post Rock\\\" essai sur le post rock de Mogwa\u00ef \u00e0 Godspeed You Black Emperor - Camion Blanc 2014 : \u00ab On the rocks \u2013le rock de 2007 \u00e0 2014 \u00bb chroniques livres et cd rocks, interviews \u2013Editions Vaillant 2010 : \u00ab Dans la T\u00eate de Robert Smith \u00bb, roman fiction autour de l\u2019histoire des Cure et de Robert Smith \u2013 Edilivres 2007 : \u00ab Chroniques Fr\u00e9n\u00e9tiques, une histoire intime du rock \u00bb, roman, prix Technikart. 2001 : \u00ab Les Iles du D\u00e9sert \u00bb, polar autour du rock \u2013 Editions Nykta\",\"url\":\"https:\\\/\\\/culturesco.com\\\/index.php\\\/author\\\/patrick-benard89\\\/\"}]}<\/script>\n<!-- \/ Yoast SEO plugin. -->","yoast_head_json":{"title":"Passeur, un livre de Jean\u2013Daniel Beauvallet - Culturesco","description":"CulturesCo | Passeur, le nouveau livre de Jean-Daniel Beauvallet | Chroniques et histoire du Rock, chanson fran\u00e7aise, litt\u00e9rature, cin\u00e9ma...","robots":{"index":"index","follow":"follow","max-snippet":"max-snippet:-1","max-image-preview":"max-image-preview:large","max-video-preview":"max-video-preview:-1"},"canonical":"https:\/\/culturesco.com\/index.php\/2022\/01\/27\/passeur-un-livre-de-jean-daniel-beauvallet\/","og_locale":"fr_FR","og_type":"article","og_title":"Passeur, un livre de Jean\u2013Daniel Beauvallet - Culturesco","og_description":"CulturesCo | Passeur, le nouveau livre de Jean-Daniel Beauvallet | Chroniques et histoire du Rock, chanson fran\u00e7aise, litt\u00e9rature, cin\u00e9ma...","og_url":"https:\/\/culturesco.com\/index.php\/2022\/01\/27\/passeur-un-livre-de-jean-daniel-beauvallet\/","og_site_name":"Culturesco","article_publisher":"https:\/\/www.facebook.com\/radioculturesco","article_published_time":"2022-01-27T01:45:16+00:00","article_modified_time":"2022-01-27T14:20:34+00:00","og_image":[{"width":600,"height":300,"url":"https:\/\/culturesco.com\/wp-content\/uploads\/2022\/01\/passeur-jean-daniel-beauvallet.jpg","type":"image\/jpeg"}],"author":"Patrick Benard","twitter_card":"summary_large_image","twitter_creator":"@AugusteMarshal","twitter_site":"@AugusteMarshal","twitter_misc":{"\u00c9crit par":"Patrick Benard","Dur\u00e9e de lecture estim\u00e9e":"3 minutes"},"schema":{"@context":"https:\/\/schema.org","@graph":[{"@type":"Article","@id":"https:\/\/culturesco.com\/index.php\/2022\/01\/27\/passeur-un-livre-de-jean-daniel-beauvallet\/#article","isPartOf":{"@id":"https:\/\/culturesco.com\/index.php\/2022\/01\/27\/passeur-un-livre-de-jean-daniel-beauvallet\/"},"author":{"name":"Patrick Benard","@id":"https:\/\/culturesco.com\/#\/schema\/person\/c2ddd6724863f3bbd20a8278df0891f3"},"headline":"Passeur, un livre de Jean\u2013Daniel Beauvallet","datePublished":"2022-01-27T01:45:16+00:00","dateModified":"2022-01-27T14:20:34+00:00","mainEntityOfPage":{"@id":"https:\/\/culturesco.com\/index.php\/2022\/01\/27\/passeur-un-livre-de-jean-daniel-beauvallet\/"},"wordCount":500,"commentCount":0,"publisher":{"@id":"https:\/\/culturesco.com\/#organization"},"image":{"@id":"https:\/\/culturesco.com\/index.php\/2022\/01\/27\/passeur-un-livre-de-jean-daniel-beauvallet\/#primaryimage"},"thumbnailUrl":"https:\/\/i0.wp.com\/culturesco.com\/wp-content\/uploads\/2022\/01\/passeur-jean-daniel-beauvallet.jpg?fit=600%2C300&ssl=1","keywords":["Livre Rock","New Wave","Personnalit\u00e9 Rock","Pop culture","pop rock","rock","Soci\u00e9t\u00e9"],"articleSection":["Chroniques litt\u00e9raires","Citations","Litt\u00e9rature","Short Stories"],"inLanguage":"fr-FR","potentialAction":[{"@type":"CommentAction","name":"Comment","target":["https:\/\/culturesco.com\/index.php\/2022\/01\/27\/passeur-un-livre-de-jean-daniel-beauvallet\/#respond"]}]},{"@type":"WebPage","@id":"https:\/\/culturesco.com\/index.php\/2022\/01\/27\/passeur-un-livre-de-jean-daniel-beauvallet\/","url":"https:\/\/culturesco.com\/index.php\/2022\/01\/27\/passeur-un-livre-de-jean-daniel-beauvallet\/","name":"Passeur, un livre de Jean\u2013Daniel Beauvallet - Culturesco","isPartOf":{"@id":"https:\/\/culturesco.com\/#website"},"primaryImageOfPage":{"@id":"https:\/\/culturesco.com\/index.php\/2022\/01\/27\/passeur-un-livre-de-jean-daniel-beauvallet\/#primaryimage"},"image":{"@id":"https:\/\/culturesco.com\/index.php\/2022\/01\/27\/passeur-un-livre-de-jean-daniel-beauvallet\/#primaryimage"},"thumbnailUrl":"https:\/\/i0.wp.com\/culturesco.com\/wp-content\/uploads\/2022\/01\/passeur-jean-daniel-beauvallet.jpg?fit=600%2C300&ssl=1","datePublished":"2022-01-27T01:45:16+00:00","dateModified":"2022-01-27T14:20:34+00:00","description":"CulturesCo | Passeur, le nouveau livre de Jean-Daniel Beauvallet | Chroniques et histoire du Rock, chanson fran\u00e7aise, litt\u00e9rature, cin\u00e9ma...","breadcrumb":{"@id":"https:\/\/culturesco.com\/index.php\/2022\/01\/27\/passeur-un-livre-de-jean-daniel-beauvallet\/#breadcrumb"},"inLanguage":"fr-FR","potentialAction":[{"@type":"ReadAction","target":["https:\/\/culturesco.com\/index.php\/2022\/01\/27\/passeur-un-livre-de-jean-daniel-beauvallet\/"]}]},{"@type":"ImageObject","inLanguage":"fr-FR","@id":"https:\/\/culturesco.com\/index.php\/2022\/01\/27\/passeur-un-livre-de-jean-daniel-beauvallet\/#primaryimage","url":"https:\/\/i0.wp.com\/culturesco.com\/wp-content\/uploads\/2022\/01\/passeur-jean-daniel-beauvallet.jpg?fit=600%2C300&ssl=1","contentUrl":"https:\/\/i0.wp.com\/culturesco.com\/wp-content\/uploads\/2022\/01\/passeur-jean-daniel-beauvallet.jpg?fit=600%2C300&ssl=1","width":600,"height":300,"caption":"passeur jean daniel beauvallet"},{"@type":"BreadcrumbList","@id":"https:\/\/culturesco.com\/index.php\/2022\/01\/27\/passeur-un-livre-de-jean-daniel-beauvallet\/#breadcrumb","itemListElement":[{"@type":"ListItem","position":1,"name":"Accueil","item":"https:\/\/culturesco.com\/"},{"@type":"ListItem","position":2,"name":"Passeur, un livre de Jean\u2013Daniel Beauvallet"}]},{"@type":"WebSite","@id":"https:\/\/culturesco.com\/#website","url":"https:\/\/culturesco.com\/","name":"Culturesco","description":"Culturesco | Un bon coup de pied dans ta Culture","publisher":{"@id":"https:\/\/culturesco.com\/#organization"},"potentialAction":[{"@type":"SearchAction","target":{"@type":"EntryPoint","urlTemplate":"https:\/\/culturesco.com\/?s={search_term_string}"},"query-input":{"@type":"PropertyValueSpecification","valueRequired":true,"valueName":"search_term_string"}}],"inLanguage":"fr-FR"},{"@type":"Organization","@id":"https:\/\/culturesco.com\/#organization","name":"CULTURESCO","url":"https:\/\/culturesco.com\/","logo":{"@type":"ImageObject","inLanguage":"fr-FR","@id":"https:\/\/culturesco.com\/#\/schema\/logo\/image\/","url":"https:\/\/i0.wp.com\/culturesco.com\/wp-content\/uploads\/2022\/04\/culturesco-logo-blanc250p.png?fit=250%2C250&ssl=1","contentUrl":"https:\/\/i0.wp.com\/culturesco.com\/wp-content\/uploads\/2022\/04\/culturesco-logo-blanc250p.png?fit=250%2C250&ssl=1","width":250,"height":250,"caption":"CULTURESCO"},"image":{"@id":"https:\/\/culturesco.com\/#\/schema\/logo\/image\/"},"sameAs":["https:\/\/www.facebook.com\/radioculturesco","https:\/\/x.com\/AugusteMarshal","https:\/\/www.instagram.com\/carotte_rock_culture\/","https:\/\/www.pinterest.fr\/augustemarshal\/","https:\/\/www.youtube.com\/channel\/UCiWLGffqWSXlNnfzp6YwwyQ"]},{"@type":"Person","@id":"https:\/\/culturesco.com\/#\/schema\/person\/c2ddd6724863f3bbd20a8278df0891f3","name":"Patrick Benard","image":{"@type":"ImageObject","inLanguage":"fr-FR","@id":"https:\/\/i0.wp.com\/culturesco.com\/wp-content\/uploads\/2019\/02\/patrick-benard-2.jpg?fit=90%2C96&ssl=1","url":"https:\/\/i0.wp.com\/culturesco.com\/wp-content\/uploads\/2019\/02\/patrick-benard-2.jpg?fit=90%2C96&ssl=1","contentUrl":"https:\/\/i0.wp.com\/culturesco.com\/wp-content\/uploads\/2019\/02\/patrick-benard-2.jpg?fit=90%2C96&ssl=1","caption":"Patrick Benard"},"description":"Ecrivain, chroniqueur, animateur radio, cr\u00e9ateur de la revue \u00ab Cin\u00e9manie \u00bb, autour du cin\u00e9ma dit d\u2019art et d\u2019essai, sp\u00e9cialiste du groupe The Cure, archiviste... 2020 : \"Le Post Rock\" essai sur le post rock de Mogwa\u00ef \u00e0 Godspeed You Black Emperor - Camion Blanc 2014 : \u00ab On the rocks \u2013le rock de 2007 \u00e0 2014 \u00bb chroniques livres et cd rocks, interviews \u2013Editions Vaillant 2010 : \u00ab Dans la T\u00eate de Robert Smith \u00bb, roman fiction autour de l\u2019histoire des Cure et de Robert Smith \u2013 Edilivres 2007 : \u00ab Chroniques Fr\u00e9n\u00e9tiques, une histoire intime du rock \u00bb, roman, prix Technikart. 2001 : \u00ab Les Iles du D\u00e9sert \u00bb, polar autour du rock \u2013 Editions Nykta","url":"https:\/\/culturesco.com\/index.php\/author\/patrick-benard89\/"}]}},"jetpack_featured_media_url":"https:\/\/i0.wp.com\/culturesco.com\/wp-content\/uploads\/2022\/01\/passeur-jean-daniel-beauvallet.jpg?fit=600%2C300&ssl=1","jetpack_likes_enabled":true,"jetpack_sharing_enabled":true,"jetpack_shortlink":"https:\/\/wp.me\/paz89I-4ab","_links":{"self":[{"href":"https:\/\/culturesco.com\/index.php\/wp-json\/wp\/v2\/posts\/16007","targetHints":{"allow":["GET"]}}],"collection":[{"href":"https:\/\/culturesco.com\/index.php\/wp-json\/wp\/v2\/posts"}],"about":[{"href":"https:\/\/culturesco.com\/index.php\/wp-json\/wp\/v2\/types\/post"}],"author":[{"embeddable":true,"href":"https:\/\/culturesco.com\/index.php\/wp-json\/wp\/v2\/users\/4"}],"replies":[{"embeddable":true,"href":"https:\/\/culturesco.com\/index.php\/wp-json\/wp\/v2\/comments?post=16007"}],"version-history":[{"count":0,"href":"https:\/\/culturesco.com\/index.php\/wp-json\/wp\/v2\/posts\/16007\/revisions"}],"wp:featuredmedia":[{"embeddable":true,"href":"https:\/\/culturesco.com\/index.php\/wp-json\/wp\/v2\/media\/16016"}],"wp:attachment":[{"href":"https:\/\/culturesco.com\/index.php\/wp-json\/wp\/v2\/media?parent=16007"}],"wp:term":[{"taxonomy":"category","embeddable":true,"href":"https:\/\/culturesco.com\/index.php\/wp-json\/wp\/v2\/categories?post=16007"},{"taxonomy":"post_tag","embeddable":true,"href":"https:\/\/culturesco.com\/index.php\/wp-json\/wp\/v2\/tags?post=16007"}],"curies":[{"name":"wp","href":"https:\/\/api.w.org\/{rel}","templated":true}]}}