{"id":15977,"date":"2022-01-25T20:19:49","date_gmt":"2022-01-25T19:19:49","guid":{"rendered":"https:\/\/culturesco.com\/?p=15977"},"modified":"2023-03-17T21:06:33","modified_gmt":"2023-03-17T20:06:33","slug":"axel-bauer-du-cargo-a-la-lumiere","status":"publish","type":"post","link":"https:\/\/culturesco.com\/index.php\/2022\/01\/25\/axel-bauer-du-cargo-a-la-lumiere\/","title":{"rendered":"Axel Bauer : du Cargo \u00e0 la lumi\u00e8re"},"content":{"rendered":"<h2>Voir les WHO en Live \u00e0 13 ans !<\/h2>\n<p><img data-recalc-dims=\"1\" loading=\"lazy\" decoding=\"async\" class=\"alignnone wp-image-15994 size-full\" src=\"https:\/\/i0.wp.com\/culturesco.com\/wp-content\/uploads\/2022\/01\/axel-bauer.jpg?resize=600%2C324&#038;ssl=1\" alt=\"axel-bauer\" width=\"600\" height=\"324\" srcset=\"https:\/\/i0.wp.com\/culturesco.com\/wp-content\/uploads\/2022\/01\/axel-bauer.jpg?w=600&amp;ssl=1 600w, https:\/\/i0.wp.com\/culturesco.com\/wp-content\/uploads\/2022\/01\/axel-bauer.jpg?resize=300%2C162&amp;ssl=1 300w\" sizes=\"auto, (max-width: 600px) 100vw, 600px\" \/><\/p>\n<p style=\"text-align: justify;\"><strong>Paris 1974. <\/strong><span style=\"text-align: justify;\">Franck Bauer d\u00e9pose son fils Axel, 13 ans, devant l&rsquo;entr\u00e9e du parc des expositions, o\u00f9 doivent se produire <\/span><a style=\"text-align: justify;\" href=\"https:\/\/culturesco.com\/index.php\/2020\/05\/28\/the-who-genesis-queen-et-le-traingle\/\" target=\"_blank\" rel=\"noopener\">The Who<\/a><span style=\"text-align: justify;\">. Le jeune gar\u00e7on, tr\u00e8s impressionn\u00e9 mais anim\u00e9 par une force invisible et positive, parvient \u00e0 se frayer un passage jusqu&rsquo;\u00e0 la sc\u00e8ne. Les Who entrent en sc\u00e8ne et attaquent leur set avec <\/span><strong style=\"text-align: justify;\">I can&rsquo;t explain<\/strong><span style=\"text-align: justify;\">. <\/span><\/p>\n<p style=\"text-align: justify;\"><strong style=\"text-align: justify;\">Pete Townshend<\/strong><span style=\"text-align: justify;\"> plaque les accords avec la rage qui le caract\u00e9rise, <\/span><strong style=\"text-align: justify;\">Keith Moon<\/strong><span style=\"text-align: justify;\"> matraque ses f\u00fbts qui semblent se briser sous lui, <\/span><strong style=\"text-align: justify;\">Roger Daltrey<\/strong><span style=\"text-align: justify;\"> entonne les premiers couplets sous les yeux de <\/span><a style=\"text-align: justify;\" href=\"https:\/\/fr.wikipedia.org\/wiki\/John_Entwistle\" target=\"_blank\" rel=\"noopener\">John Entwistle<\/a><span style=\"text-align: justify;\">, impassible bassiste d\u00e9roulant des lignes improbables sans oublier une seule note&#8230;<\/span><\/p>\n<p style=\"text-align: justify;\">Axel est aux anges. C&rsquo;est pour lui une r\u00e9v\u00e9lation : il sera guitariste&#8230; comme <strong>Pete<\/strong>. Quelle sera sa stup\u00e9faction, lorsqu\u2019apr\u00e8s avoir rencontr\u00e9 son idole <strong>Roger Daltrey<\/strong> sur un plateau t\u00e9l\u00e9, ce dernier enregistrera sur son album de 1987 <strong>Can&rsquo;t wait to see the movie<\/strong> la reprise de<strong> Cargo de nuit<\/strong> (<strong>Take me home<\/strong>) !<\/p>\n<div class=\"youtube-embed\" data-video_id=\"FtWCceuwYMo\"><iframe loading=\"lazy\" title=\"Roger Daltrey - Take Me Home (Cargo De Nuit)\" width=\"696\" height=\"522\" src=\"https:\/\/www.youtube.com\/embed\/FtWCceuwYMo?start=65\" frameborder=\"0\" allow=\"accelerometer; autoplay; clipboard-write; encrypted-media; gyroscope; picture-in-picture; web-share\" referrerpolicy=\"strict-origin-when-cross-origin\" allowfullscreen><\/iframe><\/div>\n<h3>Les D\u00e9buts<\/h3>\n<p style=\"text-align: justify;\">Axel Bauer na\u00eet le 7 avril 1961 \u00e0 Paris. Son p\u00e8re, ancien batteur de <a href=\"https:\/\/fr.wikipedia.org\/wiki\/Django_Reinhardt\" target=\"_blank\" rel=\"noopener\">Django Reinhardt<\/a>, a fr\u00e9quent\u00e9 la sc\u00e8ne jazz de l&rsquo;\u00e9poque. A ses c\u00f4t\u00e9s, Axel se forge tr\u00e8s jeune une solide culture musicale \u00e0 dominante anglo-saxonne.<\/p>\n<p style=\"text-align: justify;\">Il s&rsquo;essaie bri\u00e8vement au piano mais sa passion pour la guitare est la plus forte. Adolescent, il fr\u00e9quente les bo\u00eetes Rock de la capitale et monte son groupe : les <strong>Nightsbirds<\/strong>. Inscrit aux beaux-arts pour y d\u00e9velopper sa seconde passion, le dessin, il abr\u00e8ge cette exp\u00e9rience et fait l&rsquo;acquisition de sa premi\u00e8re guitare, qu&rsquo;il \u00e9changera ensuite contre une superbe Stratocaster. A cette \u00e9poque, il loge dans une chambre de bonne qu&rsquo;il finance gr\u00e2ce \u00e0 de petits boulots de Roadie ou de machiniste. Il prend des cours de musique et travaille son instrument jour et nuit. Ecriture et composition viennent \u00e0 lui naturellement&#8230;<\/p>\n<h3>CARGO DE NUIT<\/h3>\n<p style=\"text-align: justify;\">Au d\u00e9but des ann\u00e9es 1980, le musicien rencontre <strong>Michel Eli<\/strong>, un parolier du label <strong>Mondiomusic Vogue<\/strong>. De leur collaboration va na\u00eetre la chanson <strong>Cargo de nuit<\/strong>. En 1983, <strong>Axel Bauer<\/strong> d\u00e9boule sur les \u00e9crans fran\u00e7ais, casquette, polo sexy et bretelles, dans un clip en noir et blanc sign\u00e9 <strong>Jean-Baptiste Mondino<\/strong>. La mise en sc\u00e8ne soign\u00e9e, conjugu\u00e9e au charisme du jeune homme font mouche. <strong>Cargo de nuit<\/strong> marque les esprits du grand public. C&rsquo;est un \u00e9norme succ\u00e8s commercial.<\/p>\n<div class=\"youtube-embed\" data-video_id=\"8b4-FZY64bg\"><iframe loading=\"lazy\" title=\"Axel Bauer - Cargo de nuit | Live \u00e0 Ferber | #1\" width=\"696\" height=\"392\" src=\"https:\/\/www.youtube.com\/embed\/8b4-FZY64bg\" frameborder=\"0\" allow=\"accelerometer; autoplay; clipboard-write; encrypted-media; gyroscope; picture-in-picture; web-share\" referrerpolicy=\"strict-origin-when-cross-origin\" allowfullscreen><\/iframe><\/div>\n<h3>Succ\u00e8s et d\u00e9sillusion<\/h3>\n<p style=\"text-align: justify;\"><span style=\"text-align: justify;\">Plus d&rsquo;un million 500 mille copies se seraient \u00e9coul\u00e9es rien qu&rsquo;en France, mais c&rsquo;est aussi le premier clip de chanson fran\u00e7aise \u00e0 passer sur <\/span><strong style=\"text-align: justify;\">MTV<\/strong><span style=\"text-align: justify;\">. Le jeune chanteur, sans exp\u00e9rience, s&rsquo;engouffre alors les bras ouverts dans une c\u00e9l\u00e9brit\u00e9 aussi inattendue que brutale, tr\u00e8s difficile \u00e0 g\u00e9rer. R\u00e9duit \u00e0 un produit marketing alors qu&rsquo;il s&rsquo;affirme authentique auteur-compositeur, Axel et son look atypique sont souvent moqu\u00e9s. Lors de son passage \u00e0 l&rsquo;\u00e9mission Champs \u00c9lys\u00e9e, sur le play back de <\/span><strong style=\"text-align: justify;\">Cargo<\/strong><span style=\"text-align: justify;\">, il brise avec difficult\u00e9 sa guitare qui rebondit sur le plexiglas du plateau, sous l&rsquo;\u0153il un brin goguenard de Michel Drucker. Sa prestation est pourtant remarqu\u00e9e et tandis que la presse people en fait pour un temps un personnage d\u00e9cadent \u00e0 la sexualit\u00e9 d\u00e9brid\u00e9e, Axel se concentre sur un deuxi\u00e8me single, esp\u00e9rant reproduire \u00e0 nouveau la performance.<\/span><\/p>\n<p style=\"text-align: justify;\">Non seulement<strong> Phantasmes <\/strong>sera un \u00e9chec cuisant, mais pour couronner le tout, Vogue, sa maison de disques fait faillite. D\u00e9sempar\u00e9, Axel Bauer trouve son salue dans la fuite&#8230; le territoire British semblant lui offrir de nouveaux horizons.<\/p>\n<div class=\"youtube-embed\" data-video_id=\"3TgS26uvo34\"><iframe loading=\"lazy\" title=\"Axel Bauer chez Thierry Ardisson, le best of | INA Arditube\" width=\"696\" height=\"392\" src=\"https:\/\/www.youtube.com\/embed\/3TgS26uvo34\" frameborder=\"0\" allow=\"accelerometer; autoplay; clipboard-write; encrypted-media; gyroscope; picture-in-picture; web-share\" referrerpolicy=\"strict-origin-when-cross-origin\" allowfullscreen><\/iframe><\/div>\n<h3>EXIL<\/h3>\n<p style=\"text-align: justify;\">1987, Axel s&rsquo;installe en Angleterre, patrie des <a href=\"https:\/\/culturesco.com\/index.php\/2021\/11\/06\/the-beatles-the-beatles-ou-lalbum-blanc-de-palem-candillier\/\" target=\"_blank\" rel=\"noopener\">Beatles<\/a>, des <a href=\"https:\/\/culturesco.com\/index.php\/2021\/11\/29\/rolling-stones-complexe-inferiorite\/\" target=\"_blank\" rel=\"noopener\">Stones<\/a>, des <a href=\"https:\/\/culturesco.com\/index.php\/2021\/11\/18\/the-clash-en-1981-sandinista-the-impossible-mission-tour\/\" target=\"_blank\" rel=\"noopener\">Clash<\/a> et des <a href=\"https:\/\/culturesco.com\/index.php\/2021\/04\/13\/punk-sex-pistols-clash-damned-co-wire-stranglers\/\" target=\"_blank\" rel=\"noopener\">Sex Pistols<\/a>&#8230; \u00c0 Londres, il r\u00e9ussit \u00e0 s\u00e9duire le prestigieux label EMI qui lui offre une signature exceptionnelle, ce qu&rsquo;aucun artiste fran\u00e7ais n&rsquo;\u00e9tait parvenu \u00e0 r\u00e9aliser outre manche. Au pays de la perfide Albion, les \u00a0\u00bb frenchies\u00a0\u00bb intriguent et fascinent autant qu&rsquo;ils agacent, \u00e9ternels \u00ab\u00a0Froggies\u00a0\u00bb malfaisants&#8230; Certes il y a eu des exemples de r\u00e9ussite, <a href=\"https:\/\/culturesco.com\/index.php\/2021\/03\/02\/the-stranglers-black-and-white-un-livre-de-anthony-boile\/\" target=\"_blank\" rel=\"noopener\">J. J. Burnel<\/a> redoutable bassiste des <a href=\"https:\/\/culturesco.com\/index.php\/2019\/02\/05\/the-stranglers-la-mauvaise-reputation-nice-and-sleazy-concert-nu-drogue-prison-sequestration-de-philippe-manoeuvre-par-jean-jacques-burnel\/\" target=\"_blank\" rel=\"noopener\">Stranglers<\/a>, Anglais de naissance mais plus Normand que jamais puis <a href=\"https:\/\/culturesco.com\/index.php\/2020\/01\/11\/les-debuts-du-groupe-the-police-avec-le-guitariste-francais-henry-padovani-juste-avant-outlandos-d-amour\/\" target=\"_blank\" rel=\"noopener\">Henri Padovani<\/a>, guitariste Aixois d&rsquo;origine Corse, Co- fondateur de <a href=\"https:\/\/culturesco.com\/index.php\/2019\/02\/11\/the-police-en-studio-et-en-concert\/\" target=\"_blank\" rel=\"noopener\">The Police<\/a> qu&rsquo;il finit par plaquer, remplac\u00e9 par le \u00ab\u00a0So British\u00a0\u00bb <strong>Andy Summers<\/strong>.<\/p>\n<p style=\"text-align: justify;\">L\u2019album <strong>Les Nouveaux Seigneurs<\/strong>\u00a0para\u00eet mais s&rsquo;av\u00e8re d\u00e9cevant nonobstant de bonnes critiques. Bauer s&rsquo;en retourne \u00e0 Paris pour signer avec le label <strong>Mercury \/ Universal<\/strong>.<br \/>\n1990, voit la sortie de l&rsquo;album <strong>Sentinelles<\/strong>, un disque Rock o\u00f9 figure enfin un succ\u00e8s m\u00e9rit\u00e9. Le titre <strong>\u00c9teins la lumi\u00e8re<\/strong> ira se classer 18e au Top 50 en 1992. Ce morceau au Riff puissant et d\u00e9vastateur est enregistr\u00e9 live avec Axel \u00e0 la guitare, le bassiste Britannique <strong>Phil Spalding<\/strong> et l&rsquo;Am\u00e9ricain<strong> Chuck Sabo<\/strong> aux f\u00fbts. Enfin du rock sur RTL 2&#8230;!! Dans la foul\u00e9e, le guitariste entame une tourn\u00e9e et se produit en premi\u00e8re partie de <strong>Bryan Adams<\/strong> \u00e0 Bercy puis de <strong>Joe Cocker<\/strong> aux ar\u00e8nes de Vienne.<\/p>\n<h3>Axel Bauer : Eteins la lumi\u00e8re<\/h3>\n<div class=\"youtube-embed\" data-video_id=\"KEjJG6sWDtU\"><iframe loading=\"lazy\" title=\"Axel Bauer - Eteins la lumi\u00e8re | Live \u00e0 Ferber | #3\" width=\"696\" height=\"392\" src=\"https:\/\/www.youtube.com\/embed\/KEjJG6sWDtU\" frameborder=\"0\" allow=\"accelerometer; autoplay; clipboard-write; encrypted-media; gyroscope; picture-in-picture; web-share\" referrerpolicy=\"strict-origin-when-cross-origin\" allowfullscreen><\/iframe><\/div>\n<p style=\"text-align: justify;\">Apr\u00e8s le semi \u00e9chec de l&rsquo;album <strong>Simple mortel <\/strong>en 1998, Axel Bauer compose et r\u00e9alise en 2001 la chanson <strong>J&rsquo;ai r\u00eav\u00e9 de nous<\/strong> pour l&rsquo;album <strong>\u00c0 la vie, \u00e0 la mort<\/strong>\u00a0de <a href=\"https:\/\/culturesco.com\/index.php\/2019\/02\/16\/johnny-hallyday-noir-cest-noir-1966\/\" target=\"_blank\" rel=\"noopener\">Johnny Hallyday<\/a>, qui deviendra disque de diamant avec plus d&rsquo;un million d&rsquo;exemplaires vendus.<br \/>\nLa m\u00eame ann\u00e9e, sort l&rsquo;album <strong>Achille<\/strong> rapidement rebaptis\u00e9 <strong>Personne n&rsquo;est parfait<\/strong> o\u00f9 figure le single <strong>\u00c0 ma place<\/strong> en duo avec la chanteuse <strong>Zazie<\/strong>.<\/p>\n<div class=\"youtube-embed\" data-video_id=\"vOznRtE4fOg\"><iframe loading=\"lazy\" title=\"Axel Bauer, Zazie - A Ma Place\" width=\"696\" height=\"392\" src=\"https:\/\/www.youtube.com\/embed\/vOznRtE4fOg\" frameborder=\"0\" allow=\"accelerometer; autoplay; clipboard-write; encrypted-media; gyroscope; picture-in-picture; web-share\" referrerpolicy=\"strict-origin-when-cross-origin\" allowfullscreen><\/iframe><\/div>\n<p style=\"text-align: justify;\">Depuis 2003, le chanteur a m\u00fbri, collaborant avec moult artistes et mettant en valeur ses talents de compositeur. En France, pays o\u00f9 le Rock n&rsquo;est pas vraiment roi, on lui reconna\u00eet volontiers le m\u00e9rite d&rsquo;avoir su construire sa carri\u00e8re sans se d\u00e9tourner un seul instant de sa passion pour son instrument de pr\u00e9dilection: la guitare. Acoustique ou \u00e9lectrique, elle demeure omnipr\u00e9sente et \u00e0 l&rsquo;honneur sur l&rsquo;ensemble de ses albums. Ses textes quant \u00e0 eux, r\u00e9sonnent avec profondeur, \u00e9quilibrant avec adresse et coh\u00e9rence la langue de Moli\u00e8re \u00e0 l&rsquo;\u00e9nergie du Rock&rsquo;n&rsquo;Roll.<\/p>\n<p style=\"text-align: justify;\">Tout au long de ces ann\u00e9es, Axel Bauer a su rester fid\u00e8le \u00e0 l&rsquo;inspiration des d\u00e9buts. Mais il doit \u00e0 nouveau prolonger son combat, cette fois contre la maladie, th\u00e8me principal de sa chanson <strong>C&rsquo;est malin<\/strong>.<\/p>\n<h3>Axel Bauer : c&rsquo;est malin<\/h3>\n<div class=\"youtube-embed\" data-video_id=\"fwJkGDeLK-A\"><iframe loading=\"lazy\" title=\"Axel Bauer - C&#039;est Malin (clip officiel)\" width=\"696\" height=\"392\" src=\"https:\/\/www.youtube.com\/embed\/fwJkGDeLK-A\" frameborder=\"0\" allow=\"accelerometer; autoplay; clipboard-write; encrypted-media; gyroscope; picture-in-picture; web-share\" referrerpolicy=\"strict-origin-when-cross-origin\" allowfullscreen><\/iframe><\/div>\n<p style=\"text-align: justify;\">Comme il le pr\u00e9cise lors d&rsquo;une interview :<\/p>\n<blockquote>\n<h4 style=\"text-align: justify;\"><em>\u00ab\u00a0Il y a un caract\u00e8re autobiographique, mais je n&rsquo;ai pas eu \u00e0 subir de traitement. Ce qui m&rsquo;int\u00e9resse, c&rsquo;est de raconter le moment o\u00f9 ta vie bascule, quand tu re\u00e7ois une nouvelle aussi perturbante qui te montre que tu n&rsquo;es pas invincible, qui te place face \u00e0 un vrai choix de survie, de r\u00e9sistance l\u00e0 aussi\u00a0\u00bb<\/em><\/h4>\n<\/blockquote>\n<p>Artiste sinc\u00e8re et authentique, guitariste \u00e9m\u00e9rite&#8230; Longue vie \u00e0 toi Axel Bauer.<\/p>\n<p>Louis. Giardina<\/p>\n","protected":false},"excerpt":{"rendered":"<p>Voir les WHO en Live \u00e0 13 ans ! Paris 1974. Franck Bauer d\u00e9pose son fils Axel, 13 ans, devant l&rsquo;entr\u00e9e du parc des expositions, o\u00f9 doivent se produire The Who. Le jeune gar\u00e7on, tr\u00e8s impressionn\u00e9 mais anim\u00e9 par une force invisible et positive, parvient \u00e0 se frayer un passage jusqu&rsquo;\u00e0 la sc\u00e8ne. Les Who [&hellip;]<\/p>\n","protected":false},"author":18,"featured_media":15994,"comment_status":"open","ping_status":"open","sticky":false,"template":"","format":"image","meta":{"jetpack_post_was_ever_published":false,"tdm_status":"","tdm_grid_status":"","_jetpack_newsletter_access":"","_jetpack_dont_email_post_to_subs":false,"_jetpack_newsletter_tier_id":0,"_jetpack_memberships_contains_paywalled_content":false,"_jetpack_memberships_contains_paid_content":false,"footnotes":""},"categories":[17,33],"tags":[52,48],"class_list":{"0":"post-15977","1":"post","2":"type-post","3":"status-publish","4":"format-image","5":"has-post-thumbnail","7":"category-carotte-rock-cultures","8":"category-histoire-du-rock","9":"tag-groupe-rock-actuel","10":"tag-personnalite-rock","11":"post_format-post-format-image"},"yoast_head":"<!-- This site is optimized with the Yoast SEO plugin v27.5 - https:\/\/yoast.com\/product\/yoast-seo-wordpress\/ -->\n<title>Axel Bauer : du Cargo \u00e0 la lumi\u00e8re - Culturesco<\/title>\n<meta name=\"description\" content=\"CulturesCo | Axel Bauer, de Cargo de nuit \u00e0 Eteins la lumi\u00e8re. Frapp\u00e9 par la gr\u00e2ce \u00e0 13 ans, lors d&#039;un concert des WHO... un enfant du Rock\" \/>\n<meta name=\"robots\" content=\"index, follow, max-snippet:-1, max-image-preview:large, max-video-preview:-1\" \/>\n<link rel=\"canonical\" href=\"https:\/\/culturesco.com\/index.php\/2022\/01\/25\/axel-bauer-du-cargo-a-la-lumiere\/\" \/>\n<meta property=\"og:locale\" content=\"fr_FR\" \/>\n<meta property=\"og:type\" content=\"article\" \/>\n<meta property=\"og:title\" content=\"Axel Bauer : du Cargo \u00e0 la lumi\u00e8re - Culturesco\" \/>\n<meta property=\"og:description\" content=\"CulturesCo | Axel Bauer, de Cargo de nuit \u00e0 Eteins la lumi\u00e8re. Frapp\u00e9 par la gr\u00e2ce \u00e0 13 ans, lors d&#039;un concert des WHO... un enfant du Rock\" \/>\n<meta property=\"og:url\" content=\"https:\/\/culturesco.com\/index.php\/2022\/01\/25\/axel-bauer-du-cargo-a-la-lumiere\/\" \/>\n<meta property=\"og:site_name\" content=\"Culturesco\" \/>\n<meta property=\"article:publisher\" content=\"https:\/\/www.facebook.com\/radioculturesco\" \/>\n<meta property=\"article:published_time\" content=\"2022-01-25T19:19:49+00:00\" \/>\n<meta property=\"article:modified_time\" content=\"2023-03-17T20:06:33+00:00\" \/>\n<meta property=\"og:image\" content=\"https:\/\/culturesco.com\/wp-content\/uploads\/2022\/01\/axel-bauer.jpg\" \/>\n\t<meta property=\"og:image:width\" content=\"600\" \/>\n\t<meta property=\"og:image:height\" content=\"324\" \/>\n\t<meta property=\"og:image:type\" content=\"image\/jpeg\" \/>\n<meta name=\"author\" content=\"Louis Giardina\" \/>\n<meta name=\"twitter:card\" content=\"summary_large_image\" \/>\n<meta name=\"twitter:creator\" content=\"@AugusteMarshal\" \/>\n<meta name=\"twitter:site\" content=\"@AugusteMarshal\" \/>\n<meta name=\"twitter:label1\" content=\"\u00c9crit par\" \/>\n\t<meta name=\"twitter:data1\" content=\"Louis Giardina\" \/>\n\t<meta name=\"twitter:label2\" content=\"Dur\u00e9e de lecture estim\u00e9e\" \/>\n\t<meta name=\"twitter:data2\" content=\"6 minutes\" \/>\n<script type=\"application\/ld+json\" class=\"yoast-schema-graph\">{\"@context\":\"https:\\\/\\\/schema.org\",\"@graph\":[{\"@type\":\"Article\",\"@id\":\"https:\\\/\\\/culturesco.com\\\/index.php\\\/2022\\\/01\\\/25\\\/axel-bauer-du-cargo-a-la-lumiere\\\/#article\",\"isPartOf\":{\"@id\":\"https:\\\/\\\/culturesco.com\\\/index.php\\\/2022\\\/01\\\/25\\\/axel-bauer-du-cargo-a-la-lumiere\\\/\"},\"author\":{\"name\":\"Louis Giardina\",\"@id\":\"https:\\\/\\\/culturesco.com\\\/#\\\/schema\\\/person\\\/bb62fdb1ef268b730db8c444da0a5f99\"},\"headline\":\"Axel Bauer : du Cargo \u00e0 la lumi\u00e8re\",\"datePublished\":\"2022-01-25T19:19:49+00:00\",\"dateModified\":\"2023-03-17T20:06:33+00:00\",\"mainEntityOfPage\":{\"@id\":\"https:\\\/\\\/culturesco.com\\\/index.php\\\/2022\\\/01\\\/25\\\/axel-bauer-du-cargo-a-la-lumiere\\\/\"},\"wordCount\":1225,\"commentCount\":0,\"publisher\":{\"@id\":\"https:\\\/\\\/culturesco.com\\\/#organization\"},\"image\":{\"@id\":\"https:\\\/\\\/culturesco.com\\\/index.php\\\/2022\\\/01\\\/25\\\/axel-bauer-du-cargo-a-la-lumiere\\\/#primaryimage\"},\"thumbnailUrl\":\"https:\\\/\\\/i0.wp.com\\\/culturesco.com\\\/wp-content\\\/uploads\\\/2022\\\/01\\\/axel-bauer.jpg?fit=600%2C324&ssl=1\",\"keywords\":[\"groupe rock actuel\",\"Personnalit\u00e9 Rock\"],\"articleSection\":[\"Carotte Rock Cultures\",\"Histoire du rock\"],\"inLanguage\":\"fr-FR\",\"potentialAction\":[{\"@type\":\"CommentAction\",\"name\":\"Comment\",\"target\":[\"https:\\\/\\\/culturesco.com\\\/index.php\\\/2022\\\/01\\\/25\\\/axel-bauer-du-cargo-a-la-lumiere\\\/#respond\"]}]},{\"@type\":\"WebPage\",\"@id\":\"https:\\\/\\\/culturesco.com\\\/index.php\\\/2022\\\/01\\\/25\\\/axel-bauer-du-cargo-a-la-lumiere\\\/\",\"url\":\"https:\\\/\\\/culturesco.com\\\/index.php\\\/2022\\\/01\\\/25\\\/axel-bauer-du-cargo-a-la-lumiere\\\/\",\"name\":\"Axel Bauer : du Cargo \u00e0 la lumi\u00e8re - Culturesco\",\"isPartOf\":{\"@id\":\"https:\\\/\\\/culturesco.com\\\/#website\"},\"primaryImageOfPage\":{\"@id\":\"https:\\\/\\\/culturesco.com\\\/index.php\\\/2022\\\/01\\\/25\\\/axel-bauer-du-cargo-a-la-lumiere\\\/#primaryimage\"},\"image\":{\"@id\":\"https:\\\/\\\/culturesco.com\\\/index.php\\\/2022\\\/01\\\/25\\\/axel-bauer-du-cargo-a-la-lumiere\\\/#primaryimage\"},\"thumbnailUrl\":\"https:\\\/\\\/i0.wp.com\\\/culturesco.com\\\/wp-content\\\/uploads\\\/2022\\\/01\\\/axel-bauer.jpg?fit=600%2C324&ssl=1\",\"datePublished\":\"2022-01-25T19:19:49+00:00\",\"dateModified\":\"2023-03-17T20:06:33+00:00\",\"description\":\"CulturesCo | Axel Bauer, de Cargo de nuit \u00e0 Eteins la lumi\u00e8re. Frapp\u00e9 par la gr\u00e2ce \u00e0 13 ans, lors d'un concert des WHO... un enfant du Rock\",\"breadcrumb\":{\"@id\":\"https:\\\/\\\/culturesco.com\\\/index.php\\\/2022\\\/01\\\/25\\\/axel-bauer-du-cargo-a-la-lumiere\\\/#breadcrumb\"},\"inLanguage\":\"fr-FR\",\"potentialAction\":[{\"@type\":\"ReadAction\",\"target\":[\"https:\\\/\\\/culturesco.com\\\/index.php\\\/2022\\\/01\\\/25\\\/axel-bauer-du-cargo-a-la-lumiere\\\/\"]}]},{\"@type\":\"ImageObject\",\"inLanguage\":\"fr-FR\",\"@id\":\"https:\\\/\\\/culturesco.com\\\/index.php\\\/2022\\\/01\\\/25\\\/axel-bauer-du-cargo-a-la-lumiere\\\/#primaryimage\",\"url\":\"https:\\\/\\\/i0.wp.com\\\/culturesco.com\\\/wp-content\\\/uploads\\\/2022\\\/01\\\/axel-bauer.jpg?fit=600%2C324&ssl=1\",\"contentUrl\":\"https:\\\/\\\/i0.wp.com\\\/culturesco.com\\\/wp-content\\\/uploads\\\/2022\\\/01\\\/axel-bauer.jpg?fit=600%2C324&ssl=1\",\"width\":600,\"height\":324,\"caption\":\"axel-bauer\"},{\"@type\":\"BreadcrumbList\",\"@id\":\"https:\\\/\\\/culturesco.com\\\/index.php\\\/2022\\\/01\\\/25\\\/axel-bauer-du-cargo-a-la-lumiere\\\/#breadcrumb\",\"itemListElement\":[{\"@type\":\"ListItem\",\"position\":1,\"name\":\"Accueil\",\"item\":\"https:\\\/\\\/culturesco.com\\\/\"},{\"@type\":\"ListItem\",\"position\":2,\"name\":\"Axel Bauer : du Cargo \u00e0 la lumi\u00e8re\"}]},{\"@type\":\"WebSite\",\"@id\":\"https:\\\/\\\/culturesco.com\\\/#website\",\"url\":\"https:\\\/\\\/culturesco.com\\\/\",\"name\":\"Culturesco\",\"description\":\"Culturesco | Un bon coup de pied dans ta Culture\",\"publisher\":{\"@id\":\"https:\\\/\\\/culturesco.com\\\/#organization\"},\"potentialAction\":[{\"@type\":\"SearchAction\",\"target\":{\"@type\":\"EntryPoint\",\"urlTemplate\":\"https:\\\/\\\/culturesco.com\\\/?s={search_term_string}\"},\"query-input\":{\"@type\":\"PropertyValueSpecification\",\"valueRequired\":true,\"valueName\":\"search_term_string\"}}],\"inLanguage\":\"fr-FR\"},{\"@type\":\"Organization\",\"@id\":\"https:\\\/\\\/culturesco.com\\\/#organization\",\"name\":\"CULTURESCO\",\"url\":\"https:\\\/\\\/culturesco.com\\\/\",\"logo\":{\"@type\":\"ImageObject\",\"inLanguage\":\"fr-FR\",\"@id\":\"https:\\\/\\\/culturesco.com\\\/#\\\/schema\\\/logo\\\/image\\\/\",\"url\":\"https:\\\/\\\/i0.wp.com\\\/culturesco.com\\\/wp-content\\\/uploads\\\/2022\\\/04\\\/culturesco-logo-blanc250p.png?fit=250%2C250&ssl=1\",\"contentUrl\":\"https:\\\/\\\/i0.wp.com\\\/culturesco.com\\\/wp-content\\\/uploads\\\/2022\\\/04\\\/culturesco-logo-blanc250p.png?fit=250%2C250&ssl=1\",\"width\":250,\"height\":250,\"caption\":\"CULTURESCO\"},\"image\":{\"@id\":\"https:\\\/\\\/culturesco.com\\\/#\\\/schema\\\/logo\\\/image\\\/\"},\"sameAs\":[\"https:\\\/\\\/www.facebook.com\\\/radioculturesco\",\"https:\\\/\\\/x.com\\\/AugusteMarshal\",\"https:\\\/\\\/www.instagram.com\\\/carotte_rock_culture\\\/\",\"https:\\\/\\\/www.pinterest.fr\\\/augustemarshal\\\/\",\"https:\\\/\\\/www.youtube.com\\\/channel\\\/UCiWLGffqWSXlNnfzp6YwwyQ\"]},{\"@type\":\"Person\",\"@id\":\"https:\\\/\\\/culturesco.com\\\/#\\\/schema\\\/person\\\/bb62fdb1ef268b730db8c444da0a5f99\",\"name\":\"Louis Giardina\",\"image\":{\"@type\":\"ImageObject\",\"inLanguage\":\"fr-FR\",\"@id\":\"https:\\\/\\\/i0.wp.com\\\/culturesco.com\\\/wp-content\\\/uploads\\\/2022\\\/10\\\/3588.jpg?fit=55%2C96&ssl=1\",\"url\":\"https:\\\/\\\/i0.wp.com\\\/culturesco.com\\\/wp-content\\\/uploads\\\/2022\\\/10\\\/3588.jpg?fit=55%2C96&ssl=1\",\"contentUrl\":\"https:\\\/\\\/i0.wp.com\\\/culturesco.com\\\/wp-content\\\/uploads\\\/2022\\\/10\\\/3588.jpg?fit=55%2C96&ssl=1\",\"caption\":\"Louis Giardina\"},\"description\":\"60 ans, natif de Marseille, Musicien amateur et passionn\u00e9 par l'histoire du Rock\",\"url\":\"https:\\\/\\\/culturesco.com\\\/index.php\\\/author\\\/louis-giardina\\\/\"}]}<\/script>\n<!-- \/ Yoast SEO plugin. -->","yoast_head_json":{"title":"Axel Bauer : du Cargo \u00e0 la lumi\u00e8re - Culturesco","description":"CulturesCo | Axel Bauer, de Cargo de nuit \u00e0 Eteins la lumi\u00e8re. Frapp\u00e9 par la gr\u00e2ce \u00e0 13 ans, lors d'un concert des WHO... un enfant du Rock","robots":{"index":"index","follow":"follow","max-snippet":"max-snippet:-1","max-image-preview":"max-image-preview:large","max-video-preview":"max-video-preview:-1"},"canonical":"https:\/\/culturesco.com\/index.php\/2022\/01\/25\/axel-bauer-du-cargo-a-la-lumiere\/","og_locale":"fr_FR","og_type":"article","og_title":"Axel Bauer : du Cargo \u00e0 la lumi\u00e8re - Culturesco","og_description":"CulturesCo | Axel Bauer, de Cargo de nuit \u00e0 Eteins la lumi\u00e8re. Frapp\u00e9 par la gr\u00e2ce \u00e0 13 ans, lors d'un concert des WHO... un enfant du Rock","og_url":"https:\/\/culturesco.com\/index.php\/2022\/01\/25\/axel-bauer-du-cargo-a-la-lumiere\/","og_site_name":"Culturesco","article_publisher":"https:\/\/www.facebook.com\/radioculturesco","article_published_time":"2022-01-25T19:19:49+00:00","article_modified_time":"2023-03-17T20:06:33+00:00","og_image":[{"width":600,"height":324,"url":"https:\/\/culturesco.com\/wp-content\/uploads\/2022\/01\/axel-bauer.jpg","type":"image\/jpeg"}],"author":"Louis Giardina","twitter_card":"summary_large_image","twitter_creator":"@AugusteMarshal","twitter_site":"@AugusteMarshal","twitter_misc":{"\u00c9crit par":"Louis Giardina","Dur\u00e9e de lecture estim\u00e9e":"6 minutes"},"schema":{"@context":"https:\/\/schema.org","@graph":[{"@type":"Article","@id":"https:\/\/culturesco.com\/index.php\/2022\/01\/25\/axel-bauer-du-cargo-a-la-lumiere\/#article","isPartOf":{"@id":"https:\/\/culturesco.com\/index.php\/2022\/01\/25\/axel-bauer-du-cargo-a-la-lumiere\/"},"author":{"name":"Louis Giardina","@id":"https:\/\/culturesco.com\/#\/schema\/person\/bb62fdb1ef268b730db8c444da0a5f99"},"headline":"Axel Bauer : du Cargo \u00e0 la lumi\u00e8re","datePublished":"2022-01-25T19:19:49+00:00","dateModified":"2023-03-17T20:06:33+00:00","mainEntityOfPage":{"@id":"https:\/\/culturesco.com\/index.php\/2022\/01\/25\/axel-bauer-du-cargo-a-la-lumiere\/"},"wordCount":1225,"commentCount":0,"publisher":{"@id":"https:\/\/culturesco.com\/#organization"},"image":{"@id":"https:\/\/culturesco.com\/index.php\/2022\/01\/25\/axel-bauer-du-cargo-a-la-lumiere\/#primaryimage"},"thumbnailUrl":"https:\/\/i0.wp.com\/culturesco.com\/wp-content\/uploads\/2022\/01\/axel-bauer.jpg?fit=600%2C324&ssl=1","keywords":["groupe rock actuel","Personnalit\u00e9 Rock"],"articleSection":["Carotte Rock Cultures","Histoire du rock"],"inLanguage":"fr-FR","potentialAction":[{"@type":"CommentAction","name":"Comment","target":["https:\/\/culturesco.com\/index.php\/2022\/01\/25\/axel-bauer-du-cargo-a-la-lumiere\/#respond"]}]},{"@type":"WebPage","@id":"https:\/\/culturesco.com\/index.php\/2022\/01\/25\/axel-bauer-du-cargo-a-la-lumiere\/","url":"https:\/\/culturesco.com\/index.php\/2022\/01\/25\/axel-bauer-du-cargo-a-la-lumiere\/","name":"Axel Bauer : du Cargo \u00e0 la lumi\u00e8re - Culturesco","isPartOf":{"@id":"https:\/\/culturesco.com\/#website"},"primaryImageOfPage":{"@id":"https:\/\/culturesco.com\/index.php\/2022\/01\/25\/axel-bauer-du-cargo-a-la-lumiere\/#primaryimage"},"image":{"@id":"https:\/\/culturesco.com\/index.php\/2022\/01\/25\/axel-bauer-du-cargo-a-la-lumiere\/#primaryimage"},"thumbnailUrl":"https:\/\/i0.wp.com\/culturesco.com\/wp-content\/uploads\/2022\/01\/axel-bauer.jpg?fit=600%2C324&ssl=1","datePublished":"2022-01-25T19:19:49+00:00","dateModified":"2023-03-17T20:06:33+00:00","description":"CulturesCo | Axel Bauer, de Cargo de nuit \u00e0 Eteins la lumi\u00e8re. Frapp\u00e9 par la gr\u00e2ce \u00e0 13 ans, lors d'un concert des WHO... un enfant du Rock","breadcrumb":{"@id":"https:\/\/culturesco.com\/index.php\/2022\/01\/25\/axel-bauer-du-cargo-a-la-lumiere\/#breadcrumb"},"inLanguage":"fr-FR","potentialAction":[{"@type":"ReadAction","target":["https:\/\/culturesco.com\/index.php\/2022\/01\/25\/axel-bauer-du-cargo-a-la-lumiere\/"]}]},{"@type":"ImageObject","inLanguage":"fr-FR","@id":"https:\/\/culturesco.com\/index.php\/2022\/01\/25\/axel-bauer-du-cargo-a-la-lumiere\/#primaryimage","url":"https:\/\/i0.wp.com\/culturesco.com\/wp-content\/uploads\/2022\/01\/axel-bauer.jpg?fit=600%2C324&ssl=1","contentUrl":"https:\/\/i0.wp.com\/culturesco.com\/wp-content\/uploads\/2022\/01\/axel-bauer.jpg?fit=600%2C324&ssl=1","width":600,"height":324,"caption":"axel-bauer"},{"@type":"BreadcrumbList","@id":"https:\/\/culturesco.com\/index.php\/2022\/01\/25\/axel-bauer-du-cargo-a-la-lumiere\/#breadcrumb","itemListElement":[{"@type":"ListItem","position":1,"name":"Accueil","item":"https:\/\/culturesco.com\/"},{"@type":"ListItem","position":2,"name":"Axel Bauer : du Cargo \u00e0 la lumi\u00e8re"}]},{"@type":"WebSite","@id":"https:\/\/culturesco.com\/#website","url":"https:\/\/culturesco.com\/","name":"Culturesco","description":"Culturesco | Un bon coup de pied dans ta Culture","publisher":{"@id":"https:\/\/culturesco.com\/#organization"},"potentialAction":[{"@type":"SearchAction","target":{"@type":"EntryPoint","urlTemplate":"https:\/\/culturesco.com\/?s={search_term_string}"},"query-input":{"@type":"PropertyValueSpecification","valueRequired":true,"valueName":"search_term_string"}}],"inLanguage":"fr-FR"},{"@type":"Organization","@id":"https:\/\/culturesco.com\/#organization","name":"CULTURESCO","url":"https:\/\/culturesco.com\/","logo":{"@type":"ImageObject","inLanguage":"fr-FR","@id":"https:\/\/culturesco.com\/#\/schema\/logo\/image\/","url":"https:\/\/i0.wp.com\/culturesco.com\/wp-content\/uploads\/2022\/04\/culturesco-logo-blanc250p.png?fit=250%2C250&ssl=1","contentUrl":"https:\/\/i0.wp.com\/culturesco.com\/wp-content\/uploads\/2022\/04\/culturesco-logo-blanc250p.png?fit=250%2C250&ssl=1","width":250,"height":250,"caption":"CULTURESCO"},"image":{"@id":"https:\/\/culturesco.com\/#\/schema\/logo\/image\/"},"sameAs":["https:\/\/www.facebook.com\/radioculturesco","https:\/\/x.com\/AugusteMarshal","https:\/\/www.instagram.com\/carotte_rock_culture\/","https:\/\/www.pinterest.fr\/augustemarshal\/","https:\/\/www.youtube.com\/channel\/UCiWLGffqWSXlNnfzp6YwwyQ"]},{"@type":"Person","@id":"https:\/\/culturesco.com\/#\/schema\/person\/bb62fdb1ef268b730db8c444da0a5f99","name":"Louis Giardina","image":{"@type":"ImageObject","inLanguage":"fr-FR","@id":"https:\/\/i0.wp.com\/culturesco.com\/wp-content\/uploads\/2022\/10\/3588.jpg?fit=55%2C96&ssl=1","url":"https:\/\/i0.wp.com\/culturesco.com\/wp-content\/uploads\/2022\/10\/3588.jpg?fit=55%2C96&ssl=1","contentUrl":"https:\/\/i0.wp.com\/culturesco.com\/wp-content\/uploads\/2022\/10\/3588.jpg?fit=55%2C96&ssl=1","caption":"Louis Giardina"},"description":"60 ans, natif de Marseille, Musicien amateur et passionn\u00e9 par l'histoire du Rock","url":"https:\/\/culturesco.com\/index.php\/author\/louis-giardina\/"}]}},"jetpack_featured_media_url":"https:\/\/i0.wp.com\/culturesco.com\/wp-content\/uploads\/2022\/01\/axel-bauer.jpg?fit=600%2C324&ssl=1","jetpack_likes_enabled":true,"jetpack_sharing_enabled":true,"jetpack_shortlink":"https:\/\/wp.me\/paz89I-49H","_links":{"self":[{"href":"https:\/\/culturesco.com\/index.php\/wp-json\/wp\/v2\/posts\/15977","targetHints":{"allow":["GET"]}}],"collection":[{"href":"https:\/\/culturesco.com\/index.php\/wp-json\/wp\/v2\/posts"}],"about":[{"href":"https:\/\/culturesco.com\/index.php\/wp-json\/wp\/v2\/types\/post"}],"author":[{"embeddable":true,"href":"https:\/\/culturesco.com\/index.php\/wp-json\/wp\/v2\/users\/18"}],"replies":[{"embeddable":true,"href":"https:\/\/culturesco.com\/index.php\/wp-json\/wp\/v2\/comments?post=15977"}],"version-history":[{"count":0,"href":"https:\/\/culturesco.com\/index.php\/wp-json\/wp\/v2\/posts\/15977\/revisions"}],"wp:featuredmedia":[{"embeddable":true,"href":"https:\/\/culturesco.com\/index.php\/wp-json\/wp\/v2\/media\/15994"}],"wp:attachment":[{"href":"https:\/\/culturesco.com\/index.php\/wp-json\/wp\/v2\/media?parent=15977"}],"wp:term":[{"taxonomy":"category","embeddable":true,"href":"https:\/\/culturesco.com\/index.php\/wp-json\/wp\/v2\/categories?post=15977"},{"taxonomy":"post_tag","embeddable":true,"href":"https:\/\/culturesco.com\/index.php\/wp-json\/wp\/v2\/tags?post=15977"}],"curies":[{"name":"wp","href":"https:\/\/api.w.org\/{rel}","templated":true}]}}