{"id":1594,"date":"2018-12-16T07:55:22","date_gmt":"2018-12-16T06:55:22","guid":{"rendered":"https:\/\/culturesco.com\/?p=1594"},"modified":"2018-12-18T16:03:00","modified_gmt":"2018-12-18T15:03:00","slug":"les-films-de-noel","status":"publish","type":"post","link":"https:\/\/culturesco.com\/index.php\/2018\/12\/16\/les-films-de-noel\/","title":{"rendered":"Les films de No\u00ebl"},"content":{"rendered":"<h2 align=\"JUSTIFY\"><strong>Films de No\u00ebl&#8230; \u00e0 voir ou \u00e0 revoir en famille<\/strong><\/h2>\n<h3 class=\"western\" align=\"JUSTIFY\"><span style=\"font-family: Verdana, sans-serif;\"><span style=\"font-size: x-large;\">Du r\u00eave pour aller jusqu&rsquo;au Jour de l&rsquo;An<\/span><\/span><\/h3>\n<p style=\"text-align: justify;\">D&rsquo;hier \u00e0 aujourd&rsquo;hui&#8230; ou plus pr\u00e9cis\u00e9ment de 1928 \u00e0 1982, voici une petite s\u00e9lection, certes tr\u00e8s personnelle, mais qui devrait s\u00e9duire simultan\u00e9ment petits et grands.<br \/>\n<strong>1928\u00a0: La petite marchande d&rsquo;allumette<\/strong>. Un fabuleux Renoir. Muet&#8230; mais si parlant\u00a0! Etant tomb\u00e9 dans le domaine public, vous pouvez le t\u00e9l\u00e9charger <a href=\"https:\/\/archive.org\/details\/theLittleMatchGirllaPetiteMarchandeDallumettes1928\">https:\/\/archive.org\/details\/theLittleMatchGirllaPetiteMarchandeDallumettes1928<\/a><\/p>\n<p>&nbsp;<\/p>\n<figure id=\"attachment_1596\" aria-describedby=\"caption-attachment-1596\" style=\"width: 194px\" class=\"wp-caption aligncenter\"><img data-recalc-dims=\"1\" loading=\"lazy\" decoding=\"async\" class=\"wp-image-1596 size-full\" title=\"La petite marchande d'allumettes\" src=\"https:\/\/i0.wp.com\/culturesco.com\/wp-content\/uploads\/2018\/12\/sans-tite.png?resize=194%2C259&#038;ssl=1\" alt=\"La petite marchande d'allumettes\" width=\"194\" height=\"259\" \/><figcaption id=\"caption-attachment-1596\" class=\"wp-caption-text\">La petite marchande d&rsquo;allumettes<\/figcaption><\/figure>\n<p style=\"text-align: justify;\"><strong>1934\u00a0: Laurel et Hardy \u00e0 Joujouville<\/strong> (moins connu sous le titre <em>Un jour une berg\u00e8re<\/em>). Il s&rsquo;agit de la version en fran\u00e7ais de<strong> Babes in Toyland<\/strong>&#8230; Le pays des jouets, le r\u00eave des enfants\u00a0! Disponible en DVD sous le titre <strong>La marche des soldats de bois.<\/strong><\/p>\n<figure id=\"attachment_1631\" aria-describedby=\"caption-attachment-1631\" style=\"width: 214px\" class=\"wp-caption aligncenter\"><img data-recalc-dims=\"1\" loading=\"lazy\" decoding=\"async\" class=\"wp-image-1631 size-medium\" title=\"La marche des soldats de bois\" src=\"https:\/\/i0.wp.com\/culturesco.com\/wp-content\/uploads\/2018\/12\/thumbnail.jpg?resize=214%2C300&#038;ssl=1\" alt=\"La marche des soldats de bois\" width=\"214\" height=\"300\" srcset=\"https:\/\/i0.wp.com\/culturesco.com\/wp-content\/uploads\/2018\/12\/thumbnail.jpg?resize=214%2C300&amp;ssl=1 214w, https:\/\/i0.wp.com\/culturesco.com\/wp-content\/uploads\/2018\/12\/thumbnail.jpg?resize=300%2C420&amp;ssl=1 300w, https:\/\/i0.wp.com\/culturesco.com\/wp-content\/uploads\/2018\/12\/thumbnail.jpg?w=359&amp;ssl=1 359w\" sizes=\"auto, (max-width: 214px) 100vw, 214px\" \/><figcaption id=\"caption-attachment-1631\" class=\"wp-caption-text\">La marche des soldats de bois<\/figcaption><\/figure>\n<h3>Laurel &amp; Hardy<\/h3>\n<p><iframe loading=\"lazy\" src=\"https:\/\/www.youtube.com\/embed\/9IdIoORhID8\" width=\"560\" height=\"315\" frameborder=\"0\" allowfullscreen=\"allowfullscreen\"><\/iframe><\/p>\n<p style=\"text-align: justify;\"><strong>1938\u00a0: A Christmas Carol<\/strong>&#8230; Ce titre ne vous dit rien&#8230; et pourtant vous le connaissez, c&rsquo;est l&rsquo;histoire, tir\u00e9e d&rsquo;un conte de Dickens, de ce rapiat de Scrooge, le grigou, le vieil avare qui fait amende honorable \u2013 et le bonheur autour de lui &#8211; au soir de No\u00ebl. Peut-\u00eatre pr\u00e9f\u00e9rerez-vous la version Disney en dessin anim\u00e9 sorti en 1983\u00a0: Le No\u00ebl de Mickey&#8230; ou Le Dr\u00f4le de No\u00ebl de Scrooge avec Jim Carrey (1993).<\/p>\n<p style=\"text-align: justify;\"><strong>1939\u00a0: Le magicien d&rsquo;Oz<\/strong>&#8230; En 2009, <em>Le Magicien d&rsquo;Oz<\/em> fut consid\u00e9r\u00e9 comme le film qui a \u00e9t\u00e9 le plus vu dans le monde. Alors c&rsquo;est l&rsquo;occasion r\u00eav\u00e9e de le (re)voir.<\/p>\n<figure id=\"attachment_1599\" aria-describedby=\"caption-attachment-1599\" style=\"width: 200px\" class=\"wp-caption aligncenter\"><img data-recalc-dims=\"1\" loading=\"lazy\" decoding=\"async\" class=\"wp-image-1599 size-medium\" title=\"Le magicien d'Oz\" src=\"https:\/\/i0.wp.com\/culturesco.com\/wp-content\/uploads\/2018\/12\/oz.jpg?resize=200%2C300&#038;ssl=1\" alt=\"Le magicien d'Oz\" width=\"200\" height=\"300\" \/><figcaption id=\"caption-attachment-1599\" class=\"wp-caption-text\">Le magicien d&rsquo;Oz<\/figcaption><\/figure>\n<p style=\"text-align: justify;\"><strong>1941\u00a0:\u00a0<span style=\"font-size: small;\">\u00a0L&rsquo;Assassinat du P\u00e8re No\u00ebl \u2026 <\/span><\/strong><span style=\"font-size: small;\">Rien que la pr\u00e9sence d&rsquo;Harry BAUR et de Robert LE VIGAN justifie l&rsquo;achat du DVD !<\/span><\/p>\n<p style=\"text-align: justify;\"><strong> 1941 : L&rsquo;Homme de la rue<\/strong> (<strong>Meet John Doe<\/strong>). Un Capra avec Gary Cooper. Rien qu&rsquo;avec ces deux noms, on pourrait se dispenser de vous raconter l&rsquo;histoire, on sait d&rsquo;avance que ce sera g\u00e9nial\u00a0! \u00c0 la suite du rachat de son journal par un riche homme d&rsquo;affaires, Ann (Barbara Stanwyck) voit sa rubrique supprim\u00e9e car le r\u00e9dacteur en chef et le nouveau propri\u00e9taire la consid\u00e8rent comme trop romantique et pas assez sensationnelle. Pour se venger de son licenciement, Ann \u00e9crit un ultime article dans lequel elle pr\u00e9tend avoir re\u00e7u une lettre d&rsquo;un certain John Doe qui indique vouloir se suicider le soir de No\u00ebl depuis le toit de l&rsquo;H\u00f4tel de Ville car il est au ch\u00f4mage depuis quatre ans.<\/p>\n<p><img data-recalc-dims=\"1\" loading=\"lazy\" decoding=\"async\" class=\"aligncenter wp-image-1601 size-full\" src=\"https:\/\/i0.wp.com\/culturesco.com\/wp-content\/uploads\/2018\/12\/1.jpg?resize=290%2C227&#038;ssl=1\" alt=\"Meet John Doe\" width=\"290\" height=\"227\" \/><\/p>\n<h3>CAPRA &#8211; L&rsquo;homme De La Rue<\/h3>\n<p><iframe loading=\"lazy\" src=\"https:\/\/www.youtube.com\/embed\/UQ944AOMES0\" width=\"560\" height=\"315\" frameborder=\"0\" allowfullscreen=\"allowfullscreen\"><\/iframe><\/p>\n<p style=\"text-align: justify;\"><strong>1947\u00a0: miracle sur la 34e rue\u00a0<\/strong>: \u00c0 New York, Doris Walker, employ\u00e9e de la cha\u00eene de magasins Macy&rsquo;s, cherche d\u00e9sesp\u00e9r\u00e9ment quelqu\u2019un pour jouer le r\u00f4le du p\u00e8re No\u00ebl afin d\u2019animer sa boutique pendant les f\u00eates. Elle embauche finalement Kris Kringle, un vieil homme sympathique qui pr\u00e9tend \u00eatre le vrai p\u00e8re No\u00ebl. Devant le scepticisme de son employeur, mais aussi de la fille de celui-ci, Susan, Kris d\u00e9cide d\u2019aller au tribunal pour apporter publiquement la preuve de son identit\u00e9.<\/p>\n<p style=\"text-align: justify;\"><span style=\"font-size: small;\"><strong>1952 : Son dernier No\u00ebl<\/strong> , un film surprenant, tr\u00e8s bien \u00e9crit avec Tino Rossi (mais ce n&rsquo;est pas dans ce film qu&rsquo;il chante Petit papa No\u00ebl , c&rsquo;est\u00a0six anne\u00e9s avant)<\/span><br \/>\n<strong>1969\u00a0: L&rsquo;arbre de No\u00ebl<\/strong>, avec Bourvil. Un riche homme d&rsquo;affaires est heureux de pr\u00e9senter sa nouvelle compagne \u00e0 son jeune fils, Pascal, dix ans, dont la maman est morte accidentellement. Au bord de la mer, son p\u00e8re et lui voient exploser un avion militaire dont le pilote a pu larguer en parachute le pr\u00e9cieux chargement\u00a0: une bombe atomique. Irradi\u00e9, Pascal est atteint de leuc\u00e9mie et n&rsquo;a plus que six mois \u00e0 vivre.<\/p>\n<h3>La bonne ann\u00e9e (1973) &#8211; Peut \u00eatre vous pr\u00e9f\u00e9rez l&rsquo;accord\u00e9on ?<\/h3>\n<p><iframe loading=\"lazy\" src=\"https:\/\/www.youtube.com\/embed\/f42T25rUN88\" width=\"560\" height=\"315\" frameborder=\"0\" allowfullscreen=\"allowfullscreen\"><\/iframe><\/p>\n<p style=\"text-align: justify;\"><strong>1973\u00a0: La bonne ann\u00e9e<\/strong>. Le gangster (Lino Ventura) pr\u00e9pare ce qu&rsquo;il qualifie de \u00ab\u00a0premier hold-up psychologique de l&rsquo;histoire du banditisme\u00a0\u00bb. Juste \u00e0 c\u00f4t\u00e9 de la bijouterie Van Cleef &amp; Arpels, sur la Croisette, \u00e0 Cannes, se trouve la boutique d&rsquo;une belle antiquaire (Fran\u00e7oise Fabian), qui attire le regard du malfrat.<br \/>\n<strong>1982\u00a0: Le p\u00e8re No\u00ebl est une ordure<\/strong>&#8230; Euh&#8230; sans commentaire\u00a0!<\/p>\n<p>Daniel Lesueur &#8211; <strong>Culture Co<\/strong><\/p>\n","protected":false},"excerpt":{"rendered":"<p>Films de No\u00ebl&#8230; \u00e0 voir ou \u00e0 revoir en famille Du r\u00eave pour aller jusqu&rsquo;au Jour de l&rsquo;An D&rsquo;hier \u00e0 aujourd&rsquo;hui&#8230; ou plus pr\u00e9cis\u00e9ment de 1928 \u00e0 1982, voici une petite s\u00e9lection, certes tr\u00e8s personnelle, mais qui devrait s\u00e9duire simultan\u00e9ment petits et grands. 1928\u00a0: La petite marchande d&rsquo;allumette. Un fabuleux Renoir. Muet&#8230; mais si parlant\u00a0! [&hellip;]<\/p>\n","protected":false},"author":2,"featured_media":1666,"comment_status":"open","ping_status":"open","sticky":false,"template":"","format":"image","meta":{"jetpack_post_was_ever_published":false,"tdm_status":"","tdm_grid_status":"","_jetpack_newsletter_access":"","_jetpack_dont_email_post_to_subs":false,"_jetpack_newsletter_tier_id":0,"_jetpack_memberships_contains_paywalled_content":false,"_jetpack_memberships_contains_paid_content":false,"footnotes":""},"categories":[24],"tags":[54],"class_list":{"0":"post-1594","1":"post","2":"type-post","3":"status-publish","4":"format-image","5":"has-post-thumbnail","7":"category-cinema","8":"tag-cinema","9":"post_format-post-format-image"},"yoast_head":"<!-- This site is optimized with the Yoast SEO plugin v27.5 - https:\/\/yoast.com\/product\/yoast-seo-wordpress\/ -->\n<title>Les films de No\u00ebl - Culturesco<\/title>\n<meta name=\"description\" content=\"CulturesCo | Un bon coup de pied dans ta Culture | Chroniques et histoire du Rock, chanson fran\u00e7aise, litt\u00e9rature, cin\u00e9ma et bande dessin\u00e9e.\" \/>\n<meta name=\"robots\" content=\"index, follow, max-snippet:-1, max-image-preview:large, max-video-preview:-1\" \/>\n<link rel=\"canonical\" href=\"https:\/\/culturesco.com\/index.php\/2018\/12\/16\/les-films-de-noel\/\" \/>\n<meta property=\"og:locale\" content=\"fr_FR\" \/>\n<meta property=\"og:type\" content=\"article\" \/>\n<meta property=\"og:title\" content=\"Les films de No\u00ebl - Culturesco\" \/>\n<meta property=\"og:description\" content=\"CulturesCo | Un bon coup de pied dans ta Culture | Chroniques et histoire du Rock, chanson fran\u00e7aise, litt\u00e9rature, cin\u00e9ma et bande dessin\u00e9e.\" \/>\n<meta property=\"og:url\" content=\"https:\/\/culturesco.com\/index.php\/2018\/12\/16\/les-films-de-noel\/\" \/>\n<meta property=\"og:site_name\" content=\"Culturesco\" \/>\n<meta property=\"article:publisher\" content=\"https:\/\/www.facebook.com\/radioculturesco\" \/>\n<meta property=\"article:published_time\" content=\"2018-12-16T06:55:22+00:00\" \/>\n<meta property=\"article:modified_time\" content=\"2018-12-18T15:03:00+00:00\" \/>\n<meta property=\"og:image\" content=\"https:\/\/i0.wp.com\/culturesco.com\/wp-content\/uploads\/2018\/12\/films-noel-e1555103019809.jpg?fit=600%2C314&ssl=1\" \/>\n\t<meta property=\"og:image:width\" content=\"600\" \/>\n\t<meta property=\"og:image:height\" content=\"314\" \/>\n\t<meta property=\"og:image:type\" content=\"image\/jpeg\" \/>\n<meta name=\"author\" content=\"Daniel Lesueur\" \/>\n<meta name=\"twitter:card\" content=\"summary_large_image\" \/>\n<meta name=\"twitter:creator\" content=\"@AugusteMarshal\" \/>\n<meta name=\"twitter:site\" content=\"@AugusteMarshal\" \/>\n<meta name=\"twitter:label1\" content=\"\u00c9crit par\" \/>\n\t<meta name=\"twitter:data1\" content=\"Daniel Lesueur\" \/>\n\t<meta name=\"twitter:label2\" content=\"Dur\u00e9e de lecture estim\u00e9e\" \/>\n\t<meta name=\"twitter:data2\" content=\"4 minutes\" \/>\n<script type=\"application\/ld+json\" class=\"yoast-schema-graph\">{\"@context\":\"https:\\\/\\\/schema.org\",\"@graph\":[{\"@type\":\"Article\",\"@id\":\"https:\\\/\\\/culturesco.com\\\/index.php\\\/2018\\\/12\\\/16\\\/les-films-de-noel\\\/#article\",\"isPartOf\":{\"@id\":\"https:\\\/\\\/culturesco.com\\\/index.php\\\/2018\\\/12\\\/16\\\/les-films-de-noel\\\/\"},\"author\":{\"name\":\"Daniel Lesueur\",\"@id\":\"https:\\\/\\\/culturesco.com\\\/#\\\/schema\\\/person\\\/716087cb1b01edf85084af2d12096a8f\"},\"headline\":\"Les films de No\u00ebl\",\"datePublished\":\"2018-12-16T06:55:22+00:00\",\"dateModified\":\"2018-12-18T15:03:00+00:00\",\"mainEntityOfPage\":{\"@id\":\"https:\\\/\\\/culturesco.com\\\/index.php\\\/2018\\\/12\\\/16\\\/les-films-de-noel\\\/\"},\"wordCount\":742,\"commentCount\":0,\"publisher\":{\"@id\":\"https:\\\/\\\/culturesco.com\\\/#organization\"},\"image\":{\"@id\":\"https:\\\/\\\/culturesco.com\\\/index.php\\\/2018\\\/12\\\/16\\\/les-films-de-noel\\\/#primaryimage\"},\"thumbnailUrl\":\"https:\\\/\\\/i0.wp.com\\\/culturesco.com\\\/wp-content\\\/uploads\\\/2018\\\/12\\\/films-noel-e1555103019809.jpg?fit=600%2C314&ssl=1\",\"keywords\":[\"cin\u00e9ma\"],\"articleSection\":[\"Cin\u00e9ma\"],\"inLanguage\":\"fr-FR\",\"potentialAction\":[{\"@type\":\"CommentAction\",\"name\":\"Comment\",\"target\":[\"https:\\\/\\\/culturesco.com\\\/index.php\\\/2018\\\/12\\\/16\\\/les-films-de-noel\\\/#respond\"]}]},{\"@type\":\"WebPage\",\"@id\":\"https:\\\/\\\/culturesco.com\\\/index.php\\\/2018\\\/12\\\/16\\\/les-films-de-noel\\\/\",\"url\":\"https:\\\/\\\/culturesco.com\\\/index.php\\\/2018\\\/12\\\/16\\\/les-films-de-noel\\\/\",\"name\":\"Les films de No\u00ebl - Culturesco\",\"isPartOf\":{\"@id\":\"https:\\\/\\\/culturesco.com\\\/#website\"},\"primaryImageOfPage\":{\"@id\":\"https:\\\/\\\/culturesco.com\\\/index.php\\\/2018\\\/12\\\/16\\\/les-films-de-noel\\\/#primaryimage\"},\"image\":{\"@id\":\"https:\\\/\\\/culturesco.com\\\/index.php\\\/2018\\\/12\\\/16\\\/les-films-de-noel\\\/#primaryimage\"},\"thumbnailUrl\":\"https:\\\/\\\/i0.wp.com\\\/culturesco.com\\\/wp-content\\\/uploads\\\/2018\\\/12\\\/films-noel-e1555103019809.jpg?fit=600%2C314&ssl=1\",\"datePublished\":\"2018-12-16T06:55:22+00:00\",\"dateModified\":\"2018-12-18T15:03:00+00:00\",\"description\":\"CulturesCo | Un bon coup de pied dans ta Culture | Chroniques et histoire du Rock, chanson fran\u00e7aise, litt\u00e9rature, cin\u00e9ma et bande dessin\u00e9e.\",\"breadcrumb\":{\"@id\":\"https:\\\/\\\/culturesco.com\\\/index.php\\\/2018\\\/12\\\/16\\\/les-films-de-noel\\\/#breadcrumb\"},\"inLanguage\":\"fr-FR\",\"potentialAction\":[{\"@type\":\"ReadAction\",\"target\":[\"https:\\\/\\\/culturesco.com\\\/index.php\\\/2018\\\/12\\\/16\\\/les-films-de-noel\\\/\"]}]},{\"@type\":\"ImageObject\",\"inLanguage\":\"fr-FR\",\"@id\":\"https:\\\/\\\/culturesco.com\\\/index.php\\\/2018\\\/12\\\/16\\\/les-films-de-noel\\\/#primaryimage\",\"url\":\"https:\\\/\\\/i0.wp.com\\\/culturesco.com\\\/wp-content\\\/uploads\\\/2018\\\/12\\\/films-noel-e1555103019809.jpg?fit=600%2C314&ssl=1\",\"contentUrl\":\"https:\\\/\\\/i0.wp.com\\\/culturesco.com\\\/wp-content\\\/uploads\\\/2018\\\/12\\\/films-noel-e1555103019809.jpg?fit=600%2C314&ssl=1\",\"width\":600,\"height\":314,\"caption\":\"Films pour Noel\"},{\"@type\":\"BreadcrumbList\",\"@id\":\"https:\\\/\\\/culturesco.com\\\/index.php\\\/2018\\\/12\\\/16\\\/les-films-de-noel\\\/#breadcrumb\",\"itemListElement\":[{\"@type\":\"ListItem\",\"position\":1,\"name\":\"Accueil\",\"item\":\"https:\\\/\\\/culturesco.com\\\/\"},{\"@type\":\"ListItem\",\"position\":2,\"name\":\"Les films de No\u00ebl\"}]},{\"@type\":\"WebSite\",\"@id\":\"https:\\\/\\\/culturesco.com\\\/#website\",\"url\":\"https:\\\/\\\/culturesco.com\\\/\",\"name\":\"Culturesco\",\"description\":\"Culturesco | Un bon coup de pied dans ta Culture\",\"publisher\":{\"@id\":\"https:\\\/\\\/culturesco.com\\\/#organization\"},\"potentialAction\":[{\"@type\":\"SearchAction\",\"target\":{\"@type\":\"EntryPoint\",\"urlTemplate\":\"https:\\\/\\\/culturesco.com\\\/?s={search_term_string}\"},\"query-input\":{\"@type\":\"PropertyValueSpecification\",\"valueRequired\":true,\"valueName\":\"search_term_string\"}}],\"inLanguage\":\"fr-FR\"},{\"@type\":\"Organization\",\"@id\":\"https:\\\/\\\/culturesco.com\\\/#organization\",\"name\":\"CULTURESCO\",\"url\":\"https:\\\/\\\/culturesco.com\\\/\",\"logo\":{\"@type\":\"ImageObject\",\"inLanguage\":\"fr-FR\",\"@id\":\"https:\\\/\\\/culturesco.com\\\/#\\\/schema\\\/logo\\\/image\\\/\",\"url\":\"https:\\\/\\\/i0.wp.com\\\/culturesco.com\\\/wp-content\\\/uploads\\\/2022\\\/04\\\/culturesco-logo-blanc250p.png?fit=250%2C250&ssl=1\",\"contentUrl\":\"https:\\\/\\\/i0.wp.com\\\/culturesco.com\\\/wp-content\\\/uploads\\\/2022\\\/04\\\/culturesco-logo-blanc250p.png?fit=250%2C250&ssl=1\",\"width\":250,\"height\":250,\"caption\":\"CULTURESCO\"},\"image\":{\"@id\":\"https:\\\/\\\/culturesco.com\\\/#\\\/schema\\\/logo\\\/image\\\/\"},\"sameAs\":[\"https:\\\/\\\/www.facebook.com\\\/radioculturesco\",\"https:\\\/\\\/x.com\\\/AugusteMarshal\",\"https:\\\/\\\/www.instagram.com\\\/carotte_rock_culture\\\/\",\"https:\\\/\\\/www.pinterest.fr\\\/augustemarshal\\\/\",\"https:\\\/\\\/www.youtube.com\\\/channel\\\/UCiWLGffqWSXlNnfzp6YwwyQ\"]},{\"@type\":\"Person\",\"@id\":\"https:\\\/\\\/culturesco.com\\\/#\\\/schema\\\/person\\\/716087cb1b01edf85084af2d12096a8f\",\"name\":\"Daniel Lesueur\",\"image\":{\"@type\":\"ImageObject\",\"inLanguage\":\"fr-FR\",\"@id\":\"https:\\\/\\\/i0.wp.com\\\/culturesco.com\\\/wp-content\\\/uploads\\\/2018\\\/12\\\/lesueur.jpg?fit=96%2C89&ssl=1\",\"url\":\"https:\\\/\\\/i0.wp.com\\\/culturesco.com\\\/wp-content\\\/uploads\\\/2018\\\/12\\\/lesueur.jpg?fit=96%2C89&ssl=1\",\"contentUrl\":\"https:\\\/\\\/i0.wp.com\\\/culturesco.com\\\/wp-content\\\/uploads\\\/2018\\\/12\\\/lesueur.jpg?fit=96%2C89&ssl=1\",\"caption\":\"Daniel Lesueur\"},\"description\":\"\u00c9crivain - Directeur de collection chez Camion Blanc\",\"url\":\"https:\\\/\\\/culturesco.com\\\/index.php\\\/author\\\/daniel-lesueur\\\/\"}]}<\/script>\n<!-- \/ Yoast SEO plugin. -->","yoast_head_json":{"title":"Les films de No\u00ebl - Culturesco","description":"CulturesCo | Un bon coup de pied dans ta Culture | Chroniques et histoire du Rock, chanson fran\u00e7aise, litt\u00e9rature, cin\u00e9ma et bande dessin\u00e9e.","robots":{"index":"index","follow":"follow","max-snippet":"max-snippet:-1","max-image-preview":"max-image-preview:large","max-video-preview":"max-video-preview:-1"},"canonical":"https:\/\/culturesco.com\/index.php\/2018\/12\/16\/les-films-de-noel\/","og_locale":"fr_FR","og_type":"article","og_title":"Les films de No\u00ebl - Culturesco","og_description":"CulturesCo | Un bon coup de pied dans ta Culture | Chroniques et histoire du Rock, chanson fran\u00e7aise, litt\u00e9rature, cin\u00e9ma et bande dessin\u00e9e.","og_url":"https:\/\/culturesco.com\/index.php\/2018\/12\/16\/les-films-de-noel\/","og_site_name":"Culturesco","article_publisher":"https:\/\/www.facebook.com\/radioculturesco","article_published_time":"2018-12-16T06:55:22+00:00","article_modified_time":"2018-12-18T15:03:00+00:00","og_image":[{"width":600,"height":314,"url":"https:\/\/i0.wp.com\/culturesco.com\/wp-content\/uploads\/2018\/12\/films-noel-e1555103019809.jpg?fit=600%2C314&ssl=1","type":"image\/jpeg"}],"author":"Daniel Lesueur","twitter_card":"summary_large_image","twitter_creator":"@AugusteMarshal","twitter_site":"@AugusteMarshal","twitter_misc":{"\u00c9crit par":"Daniel Lesueur","Dur\u00e9e de lecture estim\u00e9e":"4 minutes"},"schema":{"@context":"https:\/\/schema.org","@graph":[{"@type":"Article","@id":"https:\/\/culturesco.com\/index.php\/2018\/12\/16\/les-films-de-noel\/#article","isPartOf":{"@id":"https:\/\/culturesco.com\/index.php\/2018\/12\/16\/les-films-de-noel\/"},"author":{"name":"Daniel Lesueur","@id":"https:\/\/culturesco.com\/#\/schema\/person\/716087cb1b01edf85084af2d12096a8f"},"headline":"Les films de No\u00ebl","datePublished":"2018-12-16T06:55:22+00:00","dateModified":"2018-12-18T15:03:00+00:00","mainEntityOfPage":{"@id":"https:\/\/culturesco.com\/index.php\/2018\/12\/16\/les-films-de-noel\/"},"wordCount":742,"commentCount":0,"publisher":{"@id":"https:\/\/culturesco.com\/#organization"},"image":{"@id":"https:\/\/culturesco.com\/index.php\/2018\/12\/16\/les-films-de-noel\/#primaryimage"},"thumbnailUrl":"https:\/\/i0.wp.com\/culturesco.com\/wp-content\/uploads\/2018\/12\/films-noel-e1555103019809.jpg?fit=600%2C314&ssl=1","keywords":["cin\u00e9ma"],"articleSection":["Cin\u00e9ma"],"inLanguage":"fr-FR","potentialAction":[{"@type":"CommentAction","name":"Comment","target":["https:\/\/culturesco.com\/index.php\/2018\/12\/16\/les-films-de-noel\/#respond"]}]},{"@type":"WebPage","@id":"https:\/\/culturesco.com\/index.php\/2018\/12\/16\/les-films-de-noel\/","url":"https:\/\/culturesco.com\/index.php\/2018\/12\/16\/les-films-de-noel\/","name":"Les films de No\u00ebl - Culturesco","isPartOf":{"@id":"https:\/\/culturesco.com\/#website"},"primaryImageOfPage":{"@id":"https:\/\/culturesco.com\/index.php\/2018\/12\/16\/les-films-de-noel\/#primaryimage"},"image":{"@id":"https:\/\/culturesco.com\/index.php\/2018\/12\/16\/les-films-de-noel\/#primaryimage"},"thumbnailUrl":"https:\/\/i0.wp.com\/culturesco.com\/wp-content\/uploads\/2018\/12\/films-noel-e1555103019809.jpg?fit=600%2C314&ssl=1","datePublished":"2018-12-16T06:55:22+00:00","dateModified":"2018-12-18T15:03:00+00:00","description":"CulturesCo | Un bon coup de pied dans ta Culture | Chroniques et histoire du Rock, chanson fran\u00e7aise, litt\u00e9rature, cin\u00e9ma et bande dessin\u00e9e.","breadcrumb":{"@id":"https:\/\/culturesco.com\/index.php\/2018\/12\/16\/les-films-de-noel\/#breadcrumb"},"inLanguage":"fr-FR","potentialAction":[{"@type":"ReadAction","target":["https:\/\/culturesco.com\/index.php\/2018\/12\/16\/les-films-de-noel\/"]}]},{"@type":"ImageObject","inLanguage":"fr-FR","@id":"https:\/\/culturesco.com\/index.php\/2018\/12\/16\/les-films-de-noel\/#primaryimage","url":"https:\/\/i0.wp.com\/culturesco.com\/wp-content\/uploads\/2018\/12\/films-noel-e1555103019809.jpg?fit=600%2C314&ssl=1","contentUrl":"https:\/\/i0.wp.com\/culturesco.com\/wp-content\/uploads\/2018\/12\/films-noel-e1555103019809.jpg?fit=600%2C314&ssl=1","width":600,"height":314,"caption":"Films pour Noel"},{"@type":"BreadcrumbList","@id":"https:\/\/culturesco.com\/index.php\/2018\/12\/16\/les-films-de-noel\/#breadcrumb","itemListElement":[{"@type":"ListItem","position":1,"name":"Accueil","item":"https:\/\/culturesco.com\/"},{"@type":"ListItem","position":2,"name":"Les films de No\u00ebl"}]},{"@type":"WebSite","@id":"https:\/\/culturesco.com\/#website","url":"https:\/\/culturesco.com\/","name":"Culturesco","description":"Culturesco | Un bon coup de pied dans ta Culture","publisher":{"@id":"https:\/\/culturesco.com\/#organization"},"potentialAction":[{"@type":"SearchAction","target":{"@type":"EntryPoint","urlTemplate":"https:\/\/culturesco.com\/?s={search_term_string}"},"query-input":{"@type":"PropertyValueSpecification","valueRequired":true,"valueName":"search_term_string"}}],"inLanguage":"fr-FR"},{"@type":"Organization","@id":"https:\/\/culturesco.com\/#organization","name":"CULTURESCO","url":"https:\/\/culturesco.com\/","logo":{"@type":"ImageObject","inLanguage":"fr-FR","@id":"https:\/\/culturesco.com\/#\/schema\/logo\/image\/","url":"https:\/\/i0.wp.com\/culturesco.com\/wp-content\/uploads\/2022\/04\/culturesco-logo-blanc250p.png?fit=250%2C250&ssl=1","contentUrl":"https:\/\/i0.wp.com\/culturesco.com\/wp-content\/uploads\/2022\/04\/culturesco-logo-blanc250p.png?fit=250%2C250&ssl=1","width":250,"height":250,"caption":"CULTURESCO"},"image":{"@id":"https:\/\/culturesco.com\/#\/schema\/logo\/image\/"},"sameAs":["https:\/\/www.facebook.com\/radioculturesco","https:\/\/x.com\/AugusteMarshal","https:\/\/www.instagram.com\/carotte_rock_culture\/","https:\/\/www.pinterest.fr\/augustemarshal\/","https:\/\/www.youtube.com\/channel\/UCiWLGffqWSXlNnfzp6YwwyQ"]},{"@type":"Person","@id":"https:\/\/culturesco.com\/#\/schema\/person\/716087cb1b01edf85084af2d12096a8f","name":"Daniel Lesueur","image":{"@type":"ImageObject","inLanguage":"fr-FR","@id":"https:\/\/i0.wp.com\/culturesco.com\/wp-content\/uploads\/2018\/12\/lesueur.jpg?fit=96%2C89&ssl=1","url":"https:\/\/i0.wp.com\/culturesco.com\/wp-content\/uploads\/2018\/12\/lesueur.jpg?fit=96%2C89&ssl=1","contentUrl":"https:\/\/i0.wp.com\/culturesco.com\/wp-content\/uploads\/2018\/12\/lesueur.jpg?fit=96%2C89&ssl=1","caption":"Daniel Lesueur"},"description":"\u00c9crivain - Directeur de collection chez Camion Blanc","url":"https:\/\/culturesco.com\/index.php\/author\/daniel-lesueur\/"}]}},"jetpack_featured_media_url":"https:\/\/i0.wp.com\/culturesco.com\/wp-content\/uploads\/2018\/12\/films-noel-e1555103019809.jpg?fit=600%2C314&ssl=1","jetpack_likes_enabled":true,"jetpack_sharing_enabled":true,"jetpack_shortlink":"https:\/\/wp.me\/paz89I-pI","_links":{"self":[{"href":"https:\/\/culturesco.com\/index.php\/wp-json\/wp\/v2\/posts\/1594","targetHints":{"allow":["GET"]}}],"collection":[{"href":"https:\/\/culturesco.com\/index.php\/wp-json\/wp\/v2\/posts"}],"about":[{"href":"https:\/\/culturesco.com\/index.php\/wp-json\/wp\/v2\/types\/post"}],"author":[{"embeddable":true,"href":"https:\/\/culturesco.com\/index.php\/wp-json\/wp\/v2\/users\/2"}],"replies":[{"embeddable":true,"href":"https:\/\/culturesco.com\/index.php\/wp-json\/wp\/v2\/comments?post=1594"}],"version-history":[{"count":0,"href":"https:\/\/culturesco.com\/index.php\/wp-json\/wp\/v2\/posts\/1594\/revisions"}],"wp:featuredmedia":[{"embeddable":true,"href":"https:\/\/culturesco.com\/index.php\/wp-json\/wp\/v2\/media\/1666"}],"wp:attachment":[{"href":"https:\/\/culturesco.com\/index.php\/wp-json\/wp\/v2\/media?parent=1594"}],"wp:term":[{"taxonomy":"category","embeddable":true,"href":"https:\/\/culturesco.com\/index.php\/wp-json\/wp\/v2\/categories?post=1594"},{"taxonomy":"post_tag","embeddable":true,"href":"https:\/\/culturesco.com\/index.php\/wp-json\/wp\/v2\/tags?post=1594"}],"curies":[{"name":"wp","href":"https:\/\/api.w.org\/{rel}","templated":true}]}}