{"id":15901,"date":"2022-01-16T15:36:26","date_gmt":"2022-01-16T14:36:26","guid":{"rendered":"https:\/\/culturesco.com\/?p=15901"},"modified":"2022-01-16T15:36:26","modified_gmt":"2022-01-16T14:36:26","slug":"lautner-audiard-ne-nous-fachons-pas-cinema","status":"publish","type":"post","link":"https:\/\/culturesco.com\/index.php\/2022\/01\/16\/lautner-audiard-ne-nous-fachons-pas-cinema\/","title":{"rendered":"LAUTNER \/ AUDIARD &#8211; Ne Nous F\u00e2chons Pas"},"content":{"rendered":"<h2>LAUTNER \/ AUDIARD &#8211; Ne Nous F\u00e2chons Pas<\/h2>\n<p><img data-recalc-dims=\"1\" loading=\"lazy\" decoding=\"async\" class=\" wp-image-15902 aligncenter\" src=\"https:\/\/i0.wp.com\/culturesco.com\/wp-content\/uploads\/2022\/01\/Ne-nous-fachons-pas-Front.jpg?resize=613%2C296&#038;ssl=1\" alt=\"Lautner Audiard\" width=\"613\" height=\"296\" srcset=\"https:\/\/i0.wp.com\/culturesco.com\/wp-content\/uploads\/2022\/01\/Ne-nous-fachons-pas-Front.jpg?resize=300%2C145&amp;ssl=1 300w, https:\/\/i0.wp.com\/culturesco.com\/wp-content\/uploads\/2022\/01\/Ne-nous-fachons-pas-Front.jpg?resize=768%2C371&amp;ssl=1 768w, https:\/\/i0.wp.com\/culturesco.com\/wp-content\/uploads\/2022\/01\/Ne-nous-fachons-pas-Front.jpg?resize=696%2C336&amp;ssl=1 696w, https:\/\/i0.wp.com\/culturesco.com\/wp-content\/uploads\/2022\/01\/Ne-nous-fachons-pas-Front.jpg?resize=1068%2C516&amp;ssl=1 1068w, https:\/\/i0.wp.com\/culturesco.com\/wp-content\/uploads\/2022\/01\/Ne-nous-fachons-pas-Front.jpg?resize=870%2C420&amp;ssl=1 870w, https:\/\/i0.wp.com\/culturesco.com\/wp-content\/uploads\/2022\/01\/Ne-nous-fachons-pas-Front.jpg?w=600&amp;ssl=1 600w\" sizes=\"auto, (max-width: 613px) 100vw, 613px\" \/><\/p>\n<p style=\"text-align: justify;\">Apr\u00e8s <a href=\"https:\/\/www.youtube.com\/watch?v=-ea7r_UOpWs\" target=\"_blank\" rel=\"noopener\"><em>Les Tontons Flingueurs<\/em><\/a> (1963), une \u00ab pellicule \u00bb de <strong>Georges Lautner<\/strong> et Albert Simonin, suivi des <a href=\"https:\/\/www.youtube.com\/watch?v=2lClTFHfNL4\" target=\"_blank\" rel=\"noopener\"><em>Barbouzes<\/em><\/a> (1964), qui associe <strong>Michel Audiard<\/strong> au duo initial, et avant <a href=\"https:\/\/www.youtube.com\/watch?v=aOR_gcJcppc\" target=\"_blank\" rel=\"noopener\"><em>Laisse Aller \u2026 C\u2019est Une Valse<\/em><\/a> (1971), o\u00f9 Lautner s\u2019associe \u00e0 Bertrand Blier, voici <strong>Ne Nous F\u00e2chons Pas<\/strong> (1966), <strong>chef d\u2019\u0153uvre intemporel<\/strong> sign\u00e9<strong>\u00a0Lautner \/ Audiard<\/strong>. Du <strong>cin\u00e9ma bon enfant<\/strong>, des <strong>r\u00e9pliques truculentes,<\/strong> Georges \u00e0 la r\u00e9alisation, Michel au sc\u00e9nario et aux dialogues,<strong> dans les films \u00ab \u00e0 papa \u00bb, la p\u00e9loche jacte comac !<\/strong><\/p>\n<p style=\"text-align: justify;\">Le film commence par une sc\u00e8ne r\u00e9v\u00e9latrice. <strong>Sur la C\u00f4te d\u2019Azur<\/strong>, Int\u00e9rieur pharmacie, trois hommes couverts de pansements, <strong>un policier<\/strong> qui interroge et <strong>Lino Ventura<\/strong> qui r\u00e9plique : \u00ab <strong><em>Mais ils m\u2019ont trait\u00e9 de brute Monsieur le commissaire !<\/em><\/strong> \u00bb. Le ton est donn\u00e9, et que roulent <strong>les truands \u00e0 la fran\u00e7aise<\/strong>, des hommes endurcis mais <strong>au grand c\u0153ur !<\/strong><\/p>\n<h3>NE NOUS F\u00c2CHONS PAS &#8211; Dans la pharmacie<\/h3>\n<div class=\"youtube-embed\" data-video_id=\"YRxPRwmn6IM\"><iframe loading=\"lazy\" title=\"Ne nous f\u00e2chons pas - Ils m&#039;ont trait\u00e9 de brute - morceau choisi\" width=\"696\" height=\"392\" src=\"https:\/\/www.youtube.com\/embed\/YRxPRwmn6IM\" frameborder=\"0\" allow=\"accelerometer; autoplay; clipboard-write; encrypted-media; gyroscope; picture-in-picture; web-share\" referrerpolicy=\"strict-origin-when-cross-origin\" allowfullscreen><\/iframe><\/div>\n<p style=\"text-align: justify;\">Les sc\u00e8nes suivantes pr\u00e9sentent le sc\u00e9nario mieux qu\u2019on ne saurait le d\u00e9crire. <strong>Andr\u00e9 Pousse<\/strong> (Quinquin, un m\u00e9chant, dans Le Pacha en 1968, avec Jean Gabin) et son acolyte arrivent chez <strong>Antoine Beretto<\/strong> (Lino Ventura), n\u00e9gociant en bateaux. Ils sollicitent son aide. Extrait choisis : \u00ab<a href=\"https:\/\/www.youtube.com\/watch?v=JIj6ZFuunbE\" target=\"_blank\" rel=\"noopener\"> <strong><em>On a les poulets dans les reins, Tonio<\/em><\/strong><\/a> \u00bb. Beretto consent en rechignant \u00e0 leur <strong>pr\u00eater de quoi naviguer<\/strong> jusqu\u2019en Italie. Il rajoute une grosse liasse de billets, pour les frais. <strong>Remerciement<\/strong> : \u00ab<strong><em> On a une cr\u00e9ance \u00e0 Cagnes, <\/em><\/strong><em>un certain Michalon<\/em><strong><em>, un p\u2019tit repasseur, un malfaisant, il nous a r\u2019passer de quatre briques<\/em><\/strong> \u00bb. \u00ab <em>Comment il s\u2019appelle votre fl\u00e9au ?<\/em> \u00bb. \u00ab Michalon, <strong>L\u00e9onard Michalon<\/strong> \u00bb, ou comment introniser <strong>Jean Lefebvre<\/strong>.<\/p>\n<p style=\"text-align: justify;\">Sur la route menant \u00e0 Michalon, <strong>Antoine s\u2019arr\u00eate chez son pote Jeff,<\/strong> <strong>Michel Constantin<\/strong>, un \u00ab initi\u00e9 \u00bb restaurateur. Il se renseigne : \u00ab <strong><em>C\u2019est le Belph\u00e9gor des hippodromes le L\u00e9onard<\/em> <\/strong>\u00bb. Il le trouve finalement dans une <strong>chambre d\u2019h\u00f4tel<\/strong>, int\u00e9rieur <strong>nuit.<\/strong> Alors qu\u2019il s\u2019appr\u00eate \u00e0 le r\u00e9veiller, <strong>un \u00ab angliche \u00bb rentre par la fen\u00eatre<\/strong> pour \u00ab dessouder le malfaisant \u00bb \u2026 c\u2019est lui qui<strong> finit dans le coffre du v\u00e9hicule de Beretto<\/strong>. Et quand on apprend que <strong>l\u2019individu fait partie d\u2019une bande<\/strong> dirig\u00e9e par <strong>le Colonel<\/strong> \u2026 les protagonistes sont identifi\u00e9s. Evidemment, <strong>ils ne tardent pas \u00e0 se retrouver dans une \u00ab b\u00e9chamel infernale \u00bb !<\/strong><\/p>\n<h3>Dans le restaurant<\/h3>\n<div class=\"youtube-embed\" data-video_id=\"JHaSfJUR-Hw\"><iframe loading=\"lazy\" title=\"Ne nous fa\u0302chons pas (extrait) :  \u00ab M. Beretto est un noctambule ! \u00bb\" width=\"696\" height=\"392\" src=\"https:\/\/www.youtube.com\/embed\/JHaSfJUR-Hw\" frameborder=\"0\" allow=\"accelerometer; autoplay; clipboard-write; encrypted-media; gyroscope; picture-in-picture; web-share\" referrerpolicy=\"strict-origin-when-cross-origin\" allowfullscreen><\/iframe><\/div>\n<p style=\"text-align: justify;\"><strong>1966<\/strong>. <strong>La musique<\/strong> du film <strong>colle merveilleusement au contexte<\/strong> et \u00ab presque \u00bb \u00e0 cette ann\u00e9e-l\u00e0. Bien que refl\u00e9tant davantage la premi\u00e8re moiti\u00e9 des 60\u2019s, elle est <strong>si jubilatoire qu\u2019on y revient avec bonheur<\/strong>. <strong>Bernard G\u00e9rard<\/strong> en a \u00e9crit la partition. Qui ?! M. G\u00e9rard est un compositeur qui a d\u00e9j\u00e0 <strong>collabor\u00e9 avec Fran\u00e7ois de Roubaix<\/strong>, un grand de la BO (<a href=\"https:\/\/www.youtube.com\/watch?v=XkIAue604EU\" target=\"_blank\" rel=\"noopener\"><em>La Scoumoune<\/em><\/a> 1972, avec B\u00e9bel et Constantin, ou <a href=\"https:\/\/www.youtube.com\/watch?v=rMurmLCVvUY\" target=\"_blank\" rel=\"noopener\"><em>Le Vieux Fusil<\/em> <\/a>1975, avec Philippe Noiret et Romy Schneider), et <strong>musicalis\u00e9 les disques de Pierre Perret<\/strong> des 70\u2019s au 80\u2019s ; que nous le voulions ou pas : <strong>nos racines.<\/strong><\/p>\n<h3>NE NOUS F\u00c2CHONS PAS &#8211; Les Rosbifs<\/h3>\n<div class=\"youtube-embed\" data-video_id=\"6-jnffu_J_k\"><iframe loading=\"lazy\" title=\"NE NOUS FACHONS PAS - MUSIQUE ORIGINALE - ROSBIF ATTACK - YouTube.flv\" width=\"696\" height=\"392\" src=\"https:\/\/www.youtube.com\/embed\/6-jnffu_J_k\" frameborder=\"0\" allow=\"accelerometer; autoplay; clipboard-write; encrypted-media; gyroscope; picture-in-picture; web-share\" referrerpolicy=\"strict-origin-when-cross-origin\" allowfullscreen><\/iframe><\/div>\n<p style=\"text-align: justify;\">Notre trio picaresques,<strong> Antoine, Jeff et L\u00e9onard,<\/strong> est <strong>pourchass\u00e9 par le Colonel et ses Boys,<\/strong> ces jeunes gens aux cheveux longs v\u00eatus comme des \u00e9coliers anglais : <strong>so British !<\/strong>, qui veulent <strong>leur faire la peau<\/strong>. De <strong>tribulations explosives<\/strong> en <strong>rencontre attendrissante<\/strong>, <strong>\u00c9glantine<\/strong>, <strong>Mireille Darc,<\/strong> l\u2019ex-femme de Michalon, <strong>les Hommes finissent par sa f\u00e2cher.<\/strong><\/p>\n<p style=\"text-align: justify;\">Premier tableau, <strong>se d\u00e9barrasser du corps du Boys<\/strong> \u00ab repass\u00e9 \u00bb dans la chambre d\u2019h\u00f4tel. Jeff connait un expert dans le domaine, <strong>Robert Dalban<\/strong> : \u00ab <strong><em>Je vous proposerais bien le puzzle congolais, 32 morceaux plus la t\u00eate, ou alors le Cupidon de Vulcain, quinze cent degr\u00e9s et vot\u2019 petit jeune-homme se retrouve en plaques d\u2019\u00e9gout ou en grilles de square<\/em><\/strong> \u00bb.<\/p>\n<p style=\"text-align: justify;\">En ce qui concerne le Colonel : \u00ab <strong><em>Sans aller jusqu\u2019\u00e0 l\u2019butter, on pourrait quand m\u00eame lui filer le traczir au Colonel<\/em> <\/strong>\u00bb. Et alors qu\u2019ils s\u2019interrogent sur la situation en minimisant les faits, Antoine et Jeff, coinc\u00e9s <strong>dans une R8 Gordini<\/strong> bleue \u00e0 bandes blanches <strong>trop \u00e9troite pour leurs carrures,<\/strong> \u00e9mettent une \u00e9vidence : \u00ab <strong><em>Il y aurait quand m\u00eame de la relance sur la gel\u00e9e d\u2019coing <\/em>\u00bb.<\/strong><\/p>\n<p style=\"text-align: justify;\">Tout au long des p\u00e9r\u00e9grinations, comme un leitmotiv, un fil rouge, <strong>L\u00e9onard agace ses compagnons.<\/strong> Dans ces cas-l\u00e0, <strong>la r\u00e9plique<\/strong> est invariablement la m\u00eame\u2026<\/p>\n<h3>Dans l&rsquo;appartement de Jeff<\/h3>\n<div class=\"youtube-embed\" data-video_id=\"6As9gjOCRB4\"><iframe loading=\"lazy\" title=\"Ne nous f\u00e2chons pas (1966)  - Tu crois que c&#039;est gentil \u00e7a\" width=\"696\" height=\"392\" src=\"https:\/\/www.youtube.com\/embed\/6As9gjOCRB4\" frameborder=\"0\" allow=\"accelerometer; autoplay; clipboard-write; encrypted-media; gyroscope; picture-in-picture; web-share\" referrerpolicy=\"strict-origin-when-cross-origin\" allowfullscreen><\/iframe><\/div>\n<p style=\"text-align: justify;\">Evidemment, la \u00ab marine \u00bb fran\u00e7aise ne pouvant plier face \u00e0 l\u2019armada anglaise, <strong>nos durs de durs finissent par se d\u00e9faire du probl\u00e8me.<\/strong> Alors que <strong>le colonel vient de partir en fum\u00e9e,<\/strong> un soup\u00e7on de reproche est \u00e9mis par Antoine \u00e0 l\u2019encontre de son comparse : \u00ab <strong><em>Je critique pas le c\u00f4t\u00e9 farce mais, pour le fairplay, y\u2019aurait quand m\u00eame \u00e0 dire<\/em><\/strong> \u00bb.<\/p>\n<p style=\"text-align: justify;\">Puis tout le monde se retrouve <strong>dans la boite de nuit<\/strong> que vient d\u2019ouvrir Jeff. Antoine et \u00c9glantine, s\u2019appr\u00eatant \u00e0 partir en voyage, viennent saluer leur ami. La musique envahit la conversation : \u00ab <a href=\"https:\/\/www.youtube.com\/watch?v=34ZKxt2p6tM\" target=\"_blank\" rel=\"noopener\"><strong>Gloria<\/strong><\/a> \u00bb, des <strong>Them<\/strong>, qui propulse <strong>les jeunes gens<\/strong> venus tout expr\u00e8s <strong>se d\u00e9fouler psych\u00e9d\u00e9liquement en danse-hurlant<\/strong>.<\/p>\n<p style=\"text-align: justify;\">Soudain, <strong>on demande Antoine au t\u00e9l\u00e9phone.<\/strong> Au bout du fil, un <strong>L\u00e9onard<\/strong> dans tous ses \u00e9tats <strong>appelle \u00e0 l\u2019aide<\/strong>. Ne pouvant se r\u00e9signer \u00e0 le laisser dans l\u2019embarras, <strong>Antoine part lui<\/strong> <strong>pr\u00eater main forte<\/strong>. Lorsqu\u2019il le rejoint, <strong>deux individus patibulaires<\/strong> se dirigent vers lui. Antoine les interpelle : \u00ab <strong><em>Messieurs, messieurs, ne nous f\u00e2chons pas<\/em><\/strong> \u00bb. <strong>De retour<\/strong> avec L\u00e9onard <strong>au night-club<\/strong>, il l\u00e2che, g\u00e9n\u00e9 : \u00ab <strong><em>Y\u2019a deux mecs dans l\u2019coffre<\/em><\/strong> \u00bb.<\/p>\n<h3>NE NOUS F\u00c2CHONS PAS &#8211; Dans la R 8<\/h3>\n<div class=\"youtube-embed\" data-video_id=\"XKUKU_lcFM4\"><iframe loading=\"lazy\" title=\"Ne nous f\u00e2chons pas (1966) - Quand je conduis pas, j&#039;ai peur\" width=\"696\" height=\"392\" src=\"https:\/\/www.youtube.com\/embed\/XKUKU_lcFM4\" frameborder=\"0\" allow=\"accelerometer; autoplay; clipboard-write; encrypted-media; gyroscope; picture-in-picture; web-share\" referrerpolicy=\"strict-origin-when-cross-origin\" allowfullscreen><\/iframe><\/div>\n<p style=\"text-align: justify;\">Des films comme \u00e7a, plus personne n\u2019en fait, on n\u2019en voit plus. Associant le <strong>r\u00e9alisme<\/strong> <strong>fantasm\u00e9 de Georges Lautner<\/strong> aux <strong>dialogues fleuris de Michel Audiard<\/strong>, ils font partie du <strong>patrimoine cin\u00e9matographique<\/strong>. Et puis, <strong>Lino Ventura dans toute la force de son<\/strong> <strong>personnage<\/strong> \u2026 \u00e0 moins que \u2026 <strong>Le nez \u00e9cras\u00e9 en h\u00e9ritage<\/strong>, ayant d\u00e9j\u00e0 fait du comique, CF <a href=\"https:\/\/www.youtube.com\/watch?v=a9EHVHubO6Q\" target=\"_blank\" rel=\"noopener\"><em>Spy<\/em><\/a> en 2015, la<strong> filiation entre lui et Jason Statham<\/strong> \u2026 ? Visionnez les sc\u00e8nes et <strong>remplacer Lino par Jason. Alors ?<\/strong> Bon, peu importe. L\u2019essentiel est sur la pellicule, <strong>un<\/strong> <strong>film rare dont on ne se lasse pas.<\/strong><\/p>\n<p style=\"text-align: justify;\">Remarque : \u00ab <strong><em>Des quidams pour ramener leurs fraises, <\/em><\/strong><em>critiquer l\u2019\u0153uvre,<\/em><strong><em> chier dans la colle du chroniqueur ? <\/em><\/strong><em>Allons, allons,<\/em><strong><em> Ne Nous F\u00e2chons Pas !<\/em><\/strong> \u00bb.<\/p>\n<p>Thierry Dauge<\/p>\n","protected":false},"excerpt":{"rendered":"<p>LAUTNER \/ AUDIARD &#8211; Ne Nous F\u00e2chons Pas Apr\u00e8s Les Tontons Flingueurs (1963), une \u00ab pellicule \u00bb de Georges Lautner et Albert Simonin, suivi des Barbouzes (1964), qui associe Michel Audiard au duo initial, et avant Laisse Aller \u2026 C\u2019est Une Valse (1971), o\u00f9 Lautner s\u2019associe \u00e0 Bertrand Blier, voici Ne Nous F\u00e2chons Pas (1966), [&hellip;]<\/p>\n","protected":false},"author":3,"featured_media":15902,"comment_status":"open","ping_status":"open","sticky":false,"template":"","format":"image","meta":{"jetpack_post_was_ever_published":false,"tdm_status":"","tdm_grid_status":"","_jetpack_newsletter_access":"","_jetpack_dont_email_post_to_subs":false,"_jetpack_newsletter_tier_id":0,"_jetpack_memberships_contains_paywalled_content":false,"_jetpack_memberships_contains_paid_content":false,"footnotes":""},"categories":[17,24,1007],"tags":[54,78,12104],"class_list":{"0":"post-15901","1":"post","2":"type-post","3":"status-publish","4":"format-image","5":"has-post-thumbnail","7":"category-carotte-rock-cultures","8":"category-cinema","9":"category-culture-societe","10":"tag-cinema","11":"tag-histoire-du-20e-siecle","12":"tag-hommage","13":"post_format-post-format-image"},"yoast_head":"<!-- This site is optimized with the Yoast SEO plugin v27.5 - https:\/\/yoast.com\/product\/yoast-seo-wordpress\/ -->\n<title>LAUTNER \/ AUDIARD - Ne Nous F\u00e2chons Pas - Culturesco<\/title>\n<meta name=\"description\" content=\"CulturesCo | Georges Lautner, Michel Audiard, Lino Ventura, Michel Constantin, Jean Lefebvre : Ne nous f\u00e2chons pas, film populaire\" \/>\n<meta name=\"robots\" content=\"index, follow, max-snippet:-1, max-image-preview:large, max-video-preview:-1\" \/>\n<link rel=\"canonical\" href=\"https:\/\/culturesco.com\/index.php\/2022\/01\/16\/lautner-audiard-ne-nous-fachons-pas-cinema\/\" \/>\n<meta property=\"og:locale\" content=\"fr_FR\" \/>\n<meta property=\"og:type\" content=\"article\" \/>\n<meta property=\"og:title\" content=\"LAUTNER \/ AUDIARD - Ne Nous F\u00e2chons Pas - Culturesco\" \/>\n<meta property=\"og:description\" content=\"CulturesCo | Georges Lautner, Michel Audiard, Lino Ventura, Michel Constantin, Jean Lefebvre : Ne nous f\u00e2chons pas, film populaire\" \/>\n<meta property=\"og:url\" content=\"https:\/\/culturesco.com\/index.php\/2022\/01\/16\/lautner-audiard-ne-nous-fachons-pas-cinema\/\" \/>\n<meta property=\"og:site_name\" content=\"Culturesco\" \/>\n<meta property=\"article:publisher\" content=\"https:\/\/www.facebook.com\/radioculturesco\" \/>\n<meta property=\"article:published_time\" content=\"2022-01-16T14:36:26+00:00\" \/>\n<meta property=\"og:image\" content=\"https:\/\/culturesco.com\/wp-content\/uploads\/2022\/01\/Ne-nous-fachons-pas-Front.jpg\" \/>\n\t<meta property=\"og:image:width\" content=\"600\" \/>\n\t<meta property=\"og:image:height\" content=\"290\" \/>\n\t<meta property=\"og:image:type\" content=\"image\/jpeg\" \/>\n<meta name=\"author\" content=\"Thierry Dauge\" \/>\n<meta name=\"twitter:card\" content=\"summary_large_image\" \/>\n<meta name=\"twitter:creator\" content=\"@AugusteMarshal\" \/>\n<meta name=\"twitter:site\" content=\"@AugusteMarshal\" \/>\n<meta name=\"twitter:label1\" content=\"\u00c9crit par\" \/>\n\t<meta name=\"twitter:data1\" content=\"Thierry Dauge\" \/>\n\t<meta name=\"twitter:label2\" content=\"Dur\u00e9e de lecture estim\u00e9e\" \/>\n\t<meta name=\"twitter:data2\" content=\"6 minutes\" \/>\n<script type=\"application\/ld+json\" class=\"yoast-schema-graph\">{\"@context\":\"https:\\\/\\\/schema.org\",\"@graph\":[{\"@type\":\"Article\",\"@id\":\"https:\\\/\\\/culturesco.com\\\/index.php\\\/2022\\\/01\\\/16\\\/lautner-audiard-ne-nous-fachons-pas-cinema\\\/#article\",\"isPartOf\":{\"@id\":\"https:\\\/\\\/culturesco.com\\\/index.php\\\/2022\\\/01\\\/16\\\/lautner-audiard-ne-nous-fachons-pas-cinema\\\/\"},\"author\":{\"name\":\"Thierry Dauge\",\"@id\":\"https:\\\/\\\/culturesco.com\\\/#\\\/schema\\\/person\\\/19f04cf232d246197f6e7d62abe6cb0e\"},\"headline\":\"LAUTNER \\\/ AUDIARD &#8211; Ne Nous F\u00e2chons Pas\",\"datePublished\":\"2022-01-16T14:36:26+00:00\",\"mainEntityOfPage\":{\"@id\":\"https:\\\/\\\/culturesco.com\\\/index.php\\\/2022\\\/01\\\/16\\\/lautner-audiard-ne-nous-fachons-pas-cinema\\\/\"},\"wordCount\":1112,\"commentCount\":0,\"publisher\":{\"@id\":\"https:\\\/\\\/culturesco.com\\\/#organization\"},\"image\":{\"@id\":\"https:\\\/\\\/culturesco.com\\\/index.php\\\/2022\\\/01\\\/16\\\/lautner-audiard-ne-nous-fachons-pas-cinema\\\/#primaryimage\"},\"thumbnailUrl\":\"https:\\\/\\\/i0.wp.com\\\/culturesco.com\\\/wp-content\\\/uploads\\\/2022\\\/01\\\/Ne-nous-fachons-pas-Front.jpg?fit=600%2C290&ssl=1\",\"keywords\":[\"cin\u00e9ma\",\"histoire du 20\u00e8 si\u00e8cle\",\"Hommage\"],\"articleSection\":[\"Carotte Rock Cultures\",\"Cin\u00e9ma\",\"Culture Soci\u00e9t\u00e9\"],\"inLanguage\":\"fr-FR\",\"potentialAction\":[{\"@type\":\"CommentAction\",\"name\":\"Comment\",\"target\":[\"https:\\\/\\\/culturesco.com\\\/index.php\\\/2022\\\/01\\\/16\\\/lautner-audiard-ne-nous-fachons-pas-cinema\\\/#respond\"]}]},{\"@type\":\"WebPage\",\"@id\":\"https:\\\/\\\/culturesco.com\\\/index.php\\\/2022\\\/01\\\/16\\\/lautner-audiard-ne-nous-fachons-pas-cinema\\\/\",\"url\":\"https:\\\/\\\/culturesco.com\\\/index.php\\\/2022\\\/01\\\/16\\\/lautner-audiard-ne-nous-fachons-pas-cinema\\\/\",\"name\":\"LAUTNER \\\/ AUDIARD - Ne Nous F\u00e2chons Pas - Culturesco\",\"isPartOf\":{\"@id\":\"https:\\\/\\\/culturesco.com\\\/#website\"},\"primaryImageOfPage\":{\"@id\":\"https:\\\/\\\/culturesco.com\\\/index.php\\\/2022\\\/01\\\/16\\\/lautner-audiard-ne-nous-fachons-pas-cinema\\\/#primaryimage\"},\"image\":{\"@id\":\"https:\\\/\\\/culturesco.com\\\/index.php\\\/2022\\\/01\\\/16\\\/lautner-audiard-ne-nous-fachons-pas-cinema\\\/#primaryimage\"},\"thumbnailUrl\":\"https:\\\/\\\/i0.wp.com\\\/culturesco.com\\\/wp-content\\\/uploads\\\/2022\\\/01\\\/Ne-nous-fachons-pas-Front.jpg?fit=600%2C290&ssl=1\",\"datePublished\":\"2022-01-16T14:36:26+00:00\",\"description\":\"CulturesCo | Georges Lautner, Michel Audiard, Lino Ventura, Michel Constantin, Jean Lefebvre : Ne nous f\u00e2chons pas, film populaire\",\"breadcrumb\":{\"@id\":\"https:\\\/\\\/culturesco.com\\\/index.php\\\/2022\\\/01\\\/16\\\/lautner-audiard-ne-nous-fachons-pas-cinema\\\/#breadcrumb\"},\"inLanguage\":\"fr-FR\",\"potentialAction\":[{\"@type\":\"ReadAction\",\"target\":[\"https:\\\/\\\/culturesco.com\\\/index.php\\\/2022\\\/01\\\/16\\\/lautner-audiard-ne-nous-fachons-pas-cinema\\\/\"]}]},{\"@type\":\"ImageObject\",\"inLanguage\":\"fr-FR\",\"@id\":\"https:\\\/\\\/culturesco.com\\\/index.php\\\/2022\\\/01\\\/16\\\/lautner-audiard-ne-nous-fachons-pas-cinema\\\/#primaryimage\",\"url\":\"https:\\\/\\\/i0.wp.com\\\/culturesco.com\\\/wp-content\\\/uploads\\\/2022\\\/01\\\/Ne-nous-fachons-pas-Front.jpg?fit=600%2C290&ssl=1\",\"contentUrl\":\"https:\\\/\\\/i0.wp.com\\\/culturesco.com\\\/wp-content\\\/uploads\\\/2022\\\/01\\\/Ne-nous-fachons-pas-Front.jpg?fit=600%2C290&ssl=1\",\"width\":600,\"height\":290,\"caption\":\"Lautner Audiard\"},{\"@type\":\"BreadcrumbList\",\"@id\":\"https:\\\/\\\/culturesco.com\\\/index.php\\\/2022\\\/01\\\/16\\\/lautner-audiard-ne-nous-fachons-pas-cinema\\\/#breadcrumb\",\"itemListElement\":[{\"@type\":\"ListItem\",\"position\":1,\"name\":\"Accueil\",\"item\":\"https:\\\/\\\/culturesco.com\\\/\"},{\"@type\":\"ListItem\",\"position\":2,\"name\":\"LAUTNER \\\/ AUDIARD &#8211; Ne Nous F\u00e2chons Pas\"}]},{\"@type\":\"WebSite\",\"@id\":\"https:\\\/\\\/culturesco.com\\\/#website\",\"url\":\"https:\\\/\\\/culturesco.com\\\/\",\"name\":\"Culturesco\",\"description\":\"Culturesco | Un bon coup de pied dans ta Culture\",\"publisher\":{\"@id\":\"https:\\\/\\\/culturesco.com\\\/#organization\"},\"potentialAction\":[{\"@type\":\"SearchAction\",\"target\":{\"@type\":\"EntryPoint\",\"urlTemplate\":\"https:\\\/\\\/culturesco.com\\\/?s={search_term_string}\"},\"query-input\":{\"@type\":\"PropertyValueSpecification\",\"valueRequired\":true,\"valueName\":\"search_term_string\"}}],\"inLanguage\":\"fr-FR\"},{\"@type\":\"Organization\",\"@id\":\"https:\\\/\\\/culturesco.com\\\/#organization\",\"name\":\"CULTURESCO\",\"url\":\"https:\\\/\\\/culturesco.com\\\/\",\"logo\":{\"@type\":\"ImageObject\",\"inLanguage\":\"fr-FR\",\"@id\":\"https:\\\/\\\/culturesco.com\\\/#\\\/schema\\\/logo\\\/image\\\/\",\"url\":\"https:\\\/\\\/i0.wp.com\\\/culturesco.com\\\/wp-content\\\/uploads\\\/2022\\\/04\\\/culturesco-logo-blanc250p.png?fit=250%2C250&ssl=1\",\"contentUrl\":\"https:\\\/\\\/i0.wp.com\\\/culturesco.com\\\/wp-content\\\/uploads\\\/2022\\\/04\\\/culturesco-logo-blanc250p.png?fit=250%2C250&ssl=1\",\"width\":250,\"height\":250,\"caption\":\"CULTURESCO\"},\"image\":{\"@id\":\"https:\\\/\\\/culturesco.com\\\/#\\\/schema\\\/logo\\\/image\\\/\"},\"sameAs\":[\"https:\\\/\\\/www.facebook.com\\\/radioculturesco\",\"https:\\\/\\\/x.com\\\/AugusteMarshal\",\"https:\\\/\\\/www.instagram.com\\\/carotte_rock_culture\\\/\",\"https:\\\/\\\/www.pinterest.fr\\\/augustemarshal\\\/\",\"https:\\\/\\\/www.youtube.com\\\/channel\\\/UCiWLGffqWSXlNnfzp6YwwyQ\"]},{\"@type\":\"Person\",\"@id\":\"https:\\\/\\\/culturesco.com\\\/#\\\/schema\\\/person\\\/19f04cf232d246197f6e7d62abe6cb0e\",\"name\":\"Thierry Dauge\",\"image\":{\"@type\":\"ImageObject\",\"inLanguage\":\"fr-FR\",\"@id\":\"https:\\\/\\\/i0.wp.com\\\/culturesco.com\\\/wp-content\\\/uploads\\\/2018\\\/12\\\/Black-Beauty-and-me.jpg?fit=96%2C96&ssl=1\",\"url\":\"https:\\\/\\\/i0.wp.com\\\/culturesco.com\\\/wp-content\\\/uploads\\\/2018\\\/12\\\/Black-Beauty-and-me.jpg?fit=96%2C96&ssl=1\",\"contentUrl\":\"https:\\\/\\\/i0.wp.com\\\/culturesco.com\\\/wp-content\\\/uploads\\\/2018\\\/12\\\/Black-Beauty-and-me.jpg?fit=96%2C96&ssl=1\",\"caption\":\"Thierry Dauge\"},\"description\":\"Amoureux des 70\u2019s et du hard rock en particulier, Thierry Dauge est chroniqueur sur Culturesco par amour de l\u2019\u00e9criture musicale. Co-auteur du livre\\\"Pop rock - Les instruments de l'ombre\\\" aux \u00e9ditions du Camion Blanc, collaborateur de Vivi pour \\\"Mes Ann\u00e9es Trust\\\", auteur de \\\"Sparks\\\" aux \u00e9ditions du Layeur, parce que le rock est loin d'\u00eatre mort ...\",\"url\":\"https:\\\/\\\/culturesco.com\\\/index.php\\\/author\\\/thierry-dauge888\\\/\"}]}<\/script>\n<!-- \/ Yoast SEO plugin. -->","yoast_head_json":{"title":"LAUTNER \/ AUDIARD - Ne Nous F\u00e2chons Pas - Culturesco","description":"CulturesCo | Georges Lautner, Michel Audiard, Lino Ventura, Michel Constantin, Jean Lefebvre : Ne nous f\u00e2chons pas, film populaire","robots":{"index":"index","follow":"follow","max-snippet":"max-snippet:-1","max-image-preview":"max-image-preview:large","max-video-preview":"max-video-preview:-1"},"canonical":"https:\/\/culturesco.com\/index.php\/2022\/01\/16\/lautner-audiard-ne-nous-fachons-pas-cinema\/","og_locale":"fr_FR","og_type":"article","og_title":"LAUTNER \/ AUDIARD - Ne Nous F\u00e2chons Pas - Culturesco","og_description":"CulturesCo | Georges Lautner, Michel Audiard, Lino Ventura, Michel Constantin, Jean Lefebvre : Ne nous f\u00e2chons pas, film populaire","og_url":"https:\/\/culturesco.com\/index.php\/2022\/01\/16\/lautner-audiard-ne-nous-fachons-pas-cinema\/","og_site_name":"Culturesco","article_publisher":"https:\/\/www.facebook.com\/radioculturesco","article_published_time":"2022-01-16T14:36:26+00:00","og_image":[{"width":600,"height":290,"url":"https:\/\/culturesco.com\/wp-content\/uploads\/2022\/01\/Ne-nous-fachons-pas-Front.jpg","type":"image\/jpeg"}],"author":"Thierry Dauge","twitter_card":"summary_large_image","twitter_creator":"@AugusteMarshal","twitter_site":"@AugusteMarshal","twitter_misc":{"\u00c9crit par":"Thierry Dauge","Dur\u00e9e de lecture estim\u00e9e":"6 minutes"},"schema":{"@context":"https:\/\/schema.org","@graph":[{"@type":"Article","@id":"https:\/\/culturesco.com\/index.php\/2022\/01\/16\/lautner-audiard-ne-nous-fachons-pas-cinema\/#article","isPartOf":{"@id":"https:\/\/culturesco.com\/index.php\/2022\/01\/16\/lautner-audiard-ne-nous-fachons-pas-cinema\/"},"author":{"name":"Thierry Dauge","@id":"https:\/\/culturesco.com\/#\/schema\/person\/19f04cf232d246197f6e7d62abe6cb0e"},"headline":"LAUTNER \/ AUDIARD &#8211; Ne Nous F\u00e2chons Pas","datePublished":"2022-01-16T14:36:26+00:00","mainEntityOfPage":{"@id":"https:\/\/culturesco.com\/index.php\/2022\/01\/16\/lautner-audiard-ne-nous-fachons-pas-cinema\/"},"wordCount":1112,"commentCount":0,"publisher":{"@id":"https:\/\/culturesco.com\/#organization"},"image":{"@id":"https:\/\/culturesco.com\/index.php\/2022\/01\/16\/lautner-audiard-ne-nous-fachons-pas-cinema\/#primaryimage"},"thumbnailUrl":"https:\/\/i0.wp.com\/culturesco.com\/wp-content\/uploads\/2022\/01\/Ne-nous-fachons-pas-Front.jpg?fit=600%2C290&ssl=1","keywords":["cin\u00e9ma","histoire du 20\u00e8 si\u00e8cle","Hommage"],"articleSection":["Carotte Rock Cultures","Cin\u00e9ma","Culture Soci\u00e9t\u00e9"],"inLanguage":"fr-FR","potentialAction":[{"@type":"CommentAction","name":"Comment","target":["https:\/\/culturesco.com\/index.php\/2022\/01\/16\/lautner-audiard-ne-nous-fachons-pas-cinema\/#respond"]}]},{"@type":"WebPage","@id":"https:\/\/culturesco.com\/index.php\/2022\/01\/16\/lautner-audiard-ne-nous-fachons-pas-cinema\/","url":"https:\/\/culturesco.com\/index.php\/2022\/01\/16\/lautner-audiard-ne-nous-fachons-pas-cinema\/","name":"LAUTNER \/ AUDIARD - Ne Nous F\u00e2chons Pas - Culturesco","isPartOf":{"@id":"https:\/\/culturesco.com\/#website"},"primaryImageOfPage":{"@id":"https:\/\/culturesco.com\/index.php\/2022\/01\/16\/lautner-audiard-ne-nous-fachons-pas-cinema\/#primaryimage"},"image":{"@id":"https:\/\/culturesco.com\/index.php\/2022\/01\/16\/lautner-audiard-ne-nous-fachons-pas-cinema\/#primaryimage"},"thumbnailUrl":"https:\/\/i0.wp.com\/culturesco.com\/wp-content\/uploads\/2022\/01\/Ne-nous-fachons-pas-Front.jpg?fit=600%2C290&ssl=1","datePublished":"2022-01-16T14:36:26+00:00","description":"CulturesCo | Georges Lautner, Michel Audiard, Lino Ventura, Michel Constantin, Jean Lefebvre : Ne nous f\u00e2chons pas, film populaire","breadcrumb":{"@id":"https:\/\/culturesco.com\/index.php\/2022\/01\/16\/lautner-audiard-ne-nous-fachons-pas-cinema\/#breadcrumb"},"inLanguage":"fr-FR","potentialAction":[{"@type":"ReadAction","target":["https:\/\/culturesco.com\/index.php\/2022\/01\/16\/lautner-audiard-ne-nous-fachons-pas-cinema\/"]}]},{"@type":"ImageObject","inLanguage":"fr-FR","@id":"https:\/\/culturesco.com\/index.php\/2022\/01\/16\/lautner-audiard-ne-nous-fachons-pas-cinema\/#primaryimage","url":"https:\/\/i0.wp.com\/culturesco.com\/wp-content\/uploads\/2022\/01\/Ne-nous-fachons-pas-Front.jpg?fit=600%2C290&ssl=1","contentUrl":"https:\/\/i0.wp.com\/culturesco.com\/wp-content\/uploads\/2022\/01\/Ne-nous-fachons-pas-Front.jpg?fit=600%2C290&ssl=1","width":600,"height":290,"caption":"Lautner Audiard"},{"@type":"BreadcrumbList","@id":"https:\/\/culturesco.com\/index.php\/2022\/01\/16\/lautner-audiard-ne-nous-fachons-pas-cinema\/#breadcrumb","itemListElement":[{"@type":"ListItem","position":1,"name":"Accueil","item":"https:\/\/culturesco.com\/"},{"@type":"ListItem","position":2,"name":"LAUTNER \/ AUDIARD &#8211; Ne Nous F\u00e2chons Pas"}]},{"@type":"WebSite","@id":"https:\/\/culturesco.com\/#website","url":"https:\/\/culturesco.com\/","name":"Culturesco","description":"Culturesco | Un bon coup de pied dans ta Culture","publisher":{"@id":"https:\/\/culturesco.com\/#organization"},"potentialAction":[{"@type":"SearchAction","target":{"@type":"EntryPoint","urlTemplate":"https:\/\/culturesco.com\/?s={search_term_string}"},"query-input":{"@type":"PropertyValueSpecification","valueRequired":true,"valueName":"search_term_string"}}],"inLanguage":"fr-FR"},{"@type":"Organization","@id":"https:\/\/culturesco.com\/#organization","name":"CULTURESCO","url":"https:\/\/culturesco.com\/","logo":{"@type":"ImageObject","inLanguage":"fr-FR","@id":"https:\/\/culturesco.com\/#\/schema\/logo\/image\/","url":"https:\/\/i0.wp.com\/culturesco.com\/wp-content\/uploads\/2022\/04\/culturesco-logo-blanc250p.png?fit=250%2C250&ssl=1","contentUrl":"https:\/\/i0.wp.com\/culturesco.com\/wp-content\/uploads\/2022\/04\/culturesco-logo-blanc250p.png?fit=250%2C250&ssl=1","width":250,"height":250,"caption":"CULTURESCO"},"image":{"@id":"https:\/\/culturesco.com\/#\/schema\/logo\/image\/"},"sameAs":["https:\/\/www.facebook.com\/radioculturesco","https:\/\/x.com\/AugusteMarshal","https:\/\/www.instagram.com\/carotte_rock_culture\/","https:\/\/www.pinterest.fr\/augustemarshal\/","https:\/\/www.youtube.com\/channel\/UCiWLGffqWSXlNnfzp6YwwyQ"]},{"@type":"Person","@id":"https:\/\/culturesco.com\/#\/schema\/person\/19f04cf232d246197f6e7d62abe6cb0e","name":"Thierry Dauge","image":{"@type":"ImageObject","inLanguage":"fr-FR","@id":"https:\/\/i0.wp.com\/culturesco.com\/wp-content\/uploads\/2018\/12\/Black-Beauty-and-me.jpg?fit=96%2C96&ssl=1","url":"https:\/\/i0.wp.com\/culturesco.com\/wp-content\/uploads\/2018\/12\/Black-Beauty-and-me.jpg?fit=96%2C96&ssl=1","contentUrl":"https:\/\/i0.wp.com\/culturesco.com\/wp-content\/uploads\/2018\/12\/Black-Beauty-and-me.jpg?fit=96%2C96&ssl=1","caption":"Thierry Dauge"},"description":"Amoureux des 70\u2019s et du hard rock en particulier, Thierry Dauge est chroniqueur sur Culturesco par amour de l\u2019\u00e9criture musicale. Co-auteur du livre\"Pop rock - Les instruments de l'ombre\" aux \u00e9ditions du Camion Blanc, collaborateur de Vivi pour \"Mes Ann\u00e9es Trust\", auteur de \"Sparks\" aux \u00e9ditions du Layeur, parce que le rock est loin d'\u00eatre mort ...","url":"https:\/\/culturesco.com\/index.php\/author\/thierry-dauge888\/"}]}},"jetpack_featured_media_url":"https:\/\/i0.wp.com\/culturesco.com\/wp-content\/uploads\/2022\/01\/Ne-nous-fachons-pas-Front.jpg?fit=600%2C290&ssl=1","jetpack_likes_enabled":true,"jetpack_sharing_enabled":true,"jetpack_shortlink":"https:\/\/wp.me\/paz89I-48t","_links":{"self":[{"href":"https:\/\/culturesco.com\/index.php\/wp-json\/wp\/v2\/posts\/15901","targetHints":{"allow":["GET"]}}],"collection":[{"href":"https:\/\/culturesco.com\/index.php\/wp-json\/wp\/v2\/posts"}],"about":[{"href":"https:\/\/culturesco.com\/index.php\/wp-json\/wp\/v2\/types\/post"}],"author":[{"embeddable":true,"href":"https:\/\/culturesco.com\/index.php\/wp-json\/wp\/v2\/users\/3"}],"replies":[{"embeddable":true,"href":"https:\/\/culturesco.com\/index.php\/wp-json\/wp\/v2\/comments?post=15901"}],"version-history":[{"count":0,"href":"https:\/\/culturesco.com\/index.php\/wp-json\/wp\/v2\/posts\/15901\/revisions"}],"wp:featuredmedia":[{"embeddable":true,"href":"https:\/\/culturesco.com\/index.php\/wp-json\/wp\/v2\/media\/15902"}],"wp:attachment":[{"href":"https:\/\/culturesco.com\/index.php\/wp-json\/wp\/v2\/media?parent=15901"}],"wp:term":[{"taxonomy":"category","embeddable":true,"href":"https:\/\/culturesco.com\/index.php\/wp-json\/wp\/v2\/categories?post=15901"},{"taxonomy":"post_tag","embeddable":true,"href":"https:\/\/culturesco.com\/index.php\/wp-json\/wp\/v2\/tags?post=15901"}],"curies":[{"name":"wp","href":"https:\/\/api.w.org\/{rel}","templated":true}]}}