{"id":15895,"date":"2022-01-12T21:00:20","date_gmt":"2022-01-12T20:00:20","guid":{"rendered":"https:\/\/culturesco.com\/?p=15895"},"modified":"2022-01-12T21:00:20","modified_gmt":"2022-01-12T20:00:20","slug":"michel-fugain-le-big-bazar-chanson-francaise","status":"publish","type":"post","link":"https:\/\/culturesco.com\/index.php\/2022\/01\/12\/michel-fugain-le-big-bazar-chanson-francaise\/","title":{"rendered":"Michel FUGAIN &#8211; Le Big Bazar !"},"content":{"rendered":"<h2>Michel FUGAIN &#8211; Le Big Bazar<\/h2>\n<p><img data-recalc-dims=\"1\" loading=\"lazy\" decoding=\"async\" class=\" wp-image-15896 aligncenter\" src=\"https:\/\/i0.wp.com\/culturesco.com\/wp-content\/uploads\/2022\/01\/Fugain-Big-Bazar-Front.jpg?resize=540%2C304&#038;ssl=1\" alt=\"Michel Fugain\" width=\"540\" height=\"304\" srcset=\"https:\/\/i0.wp.com\/culturesco.com\/wp-content\/uploads\/2022\/01\/Fugain-Big-Bazar-Front.jpg?resize=300%2C169&amp;ssl=1 300w, https:\/\/i0.wp.com\/culturesco.com\/wp-content\/uploads\/2022\/01\/Fugain-Big-Bazar-Front.jpg?resize=768%2C433&amp;ssl=1 768w, https:\/\/i0.wp.com\/culturesco.com\/wp-content\/uploads\/2022\/01\/Fugain-Big-Bazar-Front.jpg?resize=696%2C392&amp;ssl=1 696w, https:\/\/i0.wp.com\/culturesco.com\/wp-content\/uploads\/2022\/01\/Fugain-Big-Bazar-Front.jpg?resize=1068%2C602&amp;ssl=1 1068w, https:\/\/i0.wp.com\/culturesco.com\/wp-content\/uploads\/2022\/01\/Fugain-Big-Bazar-Front.jpg?resize=745%2C420&amp;ssl=1 745w, https:\/\/i0.wp.com\/culturesco.com\/wp-content\/uploads\/2022\/01\/Fugain-Big-Bazar-Front.jpg?w=600&amp;ssl=1 600w\" sizes=\"auto, (max-width: 540px) 100vw, 540px\" \/><\/p>\n<p style=\"text-align: justify;\">En <strong>1972<\/strong>, <strong>Michel Fugain<\/strong> ressent des envies San Franciscaines, une app\u00e9tence pour le <em>Summer of Love<\/em> et <strong>la vie en communaut\u00e9<\/strong>. Les auditions d\u00e9marrent et, assez vite, accouchent du <strong>Big Bazar.<\/strong> Entre douze et quinze<strong> chanteurs, com\u00e9diens et danseurs<\/strong> en fa\u00e7ade, une trentaine d\u2019autres en coulisse <strong>et vogue le bateau<\/strong>.<\/p>\n<p style=\"text-align: justify;\">Loin d\u2019une gal\u00e8re, c\u2019est une large pirogue, un sampan, un galion toutes voiles d\u00e9ploy\u00e9es qui <strong>prend le large et promeut l\u2019abordage de masses<\/strong>. S\u00e9duit, <strong>le grand public fait un pont dor\u00e9 \u00e0 la troupe bigarr\u00e9e.<\/strong> N\u2019ayant rien \u00e0 cacher, les artistes nous pr\u00e9viennent : \u00ab <em>Attention, Mesdames et Messieurs dans un instant,<strong> \u00e7a va commencer !<\/strong><\/em> \u00bb.<\/p>\n<h3>Michel Fugain &amp; Le Big Bazar &#8211; Attention Mesdames et Messieurs<\/h3>\n<div class=\"youtube-embed\" data-video_id=\"M_iMFQTchv8\"><iframe loading=\"lazy\" title=\"Michel Fugain et le Big Bazar &quot;Attention Mesdames et Messieurs&quot; | Archive INA\" width=\"696\" height=\"392\" src=\"https:\/\/www.youtube.com\/embed\/M_iMFQTchv8\" frameborder=\"0\" allow=\"accelerometer; autoplay; clipboard-write; encrypted-media; gyroscope; picture-in-picture; web-share\" referrerpolicy=\"strict-origin-when-cross-origin\" allowfullscreen><\/iframe><\/div>\n<p style=\"text-align: justify;\">Jusqu\u2019en 1977, <strong>Michel Fugain et son Big Bazar<\/strong> d\u00e9veloppent des<strong> th\u00e8mes \u00e9colos<\/strong> dans des <strong>chansons fleuries<\/strong>. On y pl\u00e9biscite un <strong>Monde de paix<\/strong> ensemenc\u00e9 des <strong>plaisirs de la nature<\/strong>. De la <strong>campagne<\/strong> \u00e0 la <strong>montagne<\/strong> via l\u2019<strong>oc\u00e9an<\/strong>, tous les horizons re\u00e7oivent des <strong>sourires parfum\u00e9s<\/strong> \u00e0 l\u2019oppos\u00e9 <strong>des villes<\/strong> et leur fourmillement m\u00e9canique qui <strong>r\u00e9coltent l\u2019opprobre<\/strong> : \u00ab <em>Merde que ma ville est belle sans ces putains de camions\u2026<\/em> \u00bb. Mod\u00e8le de vie <strong>en plein air \u2026 du temps<\/strong>, la troupe est <strong>g\u00e9r\u00e9e en coop\u00e9rative<\/strong> et tous <strong>les gains sont partag\u00e9s \u00e0 parts \u00e9gales.<\/strong><\/p>\n<p style=\"text-align: justify;\">C\u00f4t\u00e9 <strong>partitions,<\/strong> l\u2019ensemble des instruments susceptibles de constituer u<strong>n grand orchestre<\/strong> sont convoqu\u00e9s, <strong>des cuivres aux cordes<\/strong>, de l\u2019<strong>acoustique <\/strong>\u00e0 l\u2019<strong>\u00e9lectricit\u00e9<\/strong>. Ils interagissent harmonieusement tel <a href=\"https:\/\/www.youtube.com\/watch?v=dF0I-yxOzNA\" target=\"_blank\" rel=\"noopener\">un vol d\u2019oies sauvages par-dessus l\u2019\u00e9tang<\/a>.<\/p>\n<h3>Fais Comme l&rsquo;Oiseau (1972)<\/h3>\n<div class=\"youtube-embed\" data-video_id=\"UuJugKTkRu4\"><iframe loading=\"lazy\" title=\"Michel Fugain &amp; le Big Bazar : Fais comme l&#039;oiseau - 1972\" width=\"696\" height=\"522\" src=\"https:\/\/www.youtube.com\/embed\/UuJugKTkRu4\" frameborder=\"0\" allow=\"accelerometer; autoplay; clipboard-write; encrypted-media; gyroscope; picture-in-picture; web-share\" referrerpolicy=\"strict-origin-when-cross-origin\" allowfullscreen><\/iframe><\/div>\n<p style=\"text-align: justify;\"><strong>Une s\u00e9rie de 45-Tours<\/strong> parcourent alors les ondes radios, du<em> Stop ou Encore<\/em> d\u2019RTL au <em>Podium<\/em> d\u2019Europe 1,<strong> trustant<\/strong> au passage <strong>la t\u00eate des hit-parades.<\/strong><\/p>\n<p><img data-recalc-dims=\"1\" loading=\"lazy\" decoding=\"async\" class=\" wp-image-15897 aligncenter\" src=\"https:\/\/i0.wp.com\/culturesco.com\/wp-content\/uploads\/2022\/01\/Fugain-Big-bazar-Inner.jpg?resize=523%2C353&#038;ssl=1\" alt=\"Michel Fugain\" width=\"523\" height=\"353\" srcset=\"https:\/\/i0.wp.com\/culturesco.com\/wp-content\/uploads\/2022\/01\/Fugain-Big-bazar-Inner.jpg?resize=300%2C202&amp;ssl=1 300w, https:\/\/i0.wp.com\/culturesco.com\/wp-content\/uploads\/2022\/01\/Fugain-Big-bazar-Inner.jpg?resize=931%2C627&amp;ssl=1 931w, https:\/\/i0.wp.com\/culturesco.com\/wp-content\/uploads\/2022\/01\/Fugain-Big-bazar-Inner.jpg?resize=768%2C517&amp;ssl=1 768w, https:\/\/i0.wp.com\/culturesco.com\/wp-content\/uploads\/2022\/01\/Fugain-Big-bazar-Inner.jpg?resize=696%2C469&amp;ssl=1 696w, https:\/\/i0.wp.com\/culturesco.com\/wp-content\/uploads\/2022\/01\/Fugain-Big-bazar-Inner.jpg?resize=624%2C420&amp;ssl=1 624w, https:\/\/i0.wp.com\/culturesco.com\/wp-content\/uploads\/2022\/01\/Fugain-Big-bazar-Inner.jpg?w=600&amp;ssl=1 600w\" sizes=\"auto, (max-width: 523px) 100vw, 523px\" \/><\/p>\n<p style=\"text-align: justify;\">Dans les classes et <a href=\"https:\/\/www.youtube.com\/watch?v=9AkXfk4M0pw\" target=\"_blank\" rel=\"noopener\">les bals populaires<\/a> c\u2019est alors la joie, la gaiet\u00e9, une \u00e9poque sans SIDA ou Covid 19 :<strong> c\u2019est la f\u00eate !<\/strong><\/p>\n<h3>Michel Fugain &amp; Le Big Bazar &#8211; La F\u00eate (1973)<\/h3>\n<p>https:\/\/www.youtube.com\/watch?v=sxejmXQeKjw<\/p>\n<p style=\"text-align: justify;\">Pour le collectif, <strong>la vie chante.<\/strong><\/p>\n<h3>Chante &#8230; Comme Si Tu Devais Mourir Demain (1973)<\/h3>\n<div class=\"youtube-embed\" data-video_id=\"508UYWk-y6A\"><iframe loading=\"lazy\" title=\"Michel Fugain .....Chante la vie\" width=\"696\" height=\"522\" src=\"https:\/\/www.youtube.com\/embed\/508UYWk-y6A\" frameborder=\"0\" allow=\"accelerometer; autoplay; clipboard-write; encrypted-media; gyroscope; picture-in-picture; web-share\" referrerpolicy=\"strict-origin-when-cross-origin\" allowfullscreen><\/iframe><\/div>\n<p style=\"text-align: justify;\">Pourtant, <strong>en termes d\u2019organisation et de gestion<\/strong>, car m\u00eame une coop\u00e9rative n\u00e9cessite de tenir une comptabilit\u00e9, <strong>la t\u00e2che est rude pour l\u2019initiateur<\/strong>. Outre manger et b\u00e9n\u00e9ficier d\u2019un toit sur sa t\u00eate, d\u00e9placer une pl\u00e9iade pareille de sa terre d\u2019\u00e9lection aux plateaux t\u00e9l\u00e9vis\u00e9s parisiens, ceux de Maritie et Gilbert Carpentier ou de Guy Lux, n\u2019est pas une mince affaire. Nonobstant, <strong>l\u2019ambiance festive perdure qui transpire dans les chansons<\/strong>.<\/p>\n<h3>Michel Fugain &amp; Le Big Bazar &#8211; Les Acadiens (1975)<\/h3>\n<div class=\"youtube-embed\" data-video_id=\"fYxKWA25fPQ\"><iframe loading=\"lazy\" title=\"Michel Fugain - Les acadiens\" width=\"696\" height=\"522\" src=\"https:\/\/www.youtube.com\/embed\/fYxKWA25fPQ\" frameborder=\"0\" allow=\"accelerometer; autoplay; clipboard-write; encrypted-media; gyroscope; picture-in-picture; web-share\" referrerpolicy=\"strict-origin-when-cross-origin\" allowfullscreen><\/iframe><\/div>\n<p style=\"text-align: justify;\"><strong>Des l\u00e9zardes internes fissurent l\u2019union sacr\u00e9e<\/strong>. Les trav\u00e9es ne tournent pas encore aux tranch\u00e9es mais <strong>la lassitude couve<\/strong>, et puis des envies d\u2019ailleurs \u2026<\/p>\n<p style=\"text-align: justify;\">L\u2019ann\u00e9e de la canicule, en 1976, c\u2019est<strong> le chant du cygne<\/strong>. Quoi de mieux que <strong>c\u00e9l\u00e9brer la saison<\/strong> o\u00f9 la nature revient \u00e0 la vie, o\u00f9 <strong>les nouvelles amours<\/strong> bourgeonnent, pour <strong>refermer le livre d\u2019une \u00e9poque<\/strong> et enfourcher sa monture ? <strong>Avoir fait chanter et danser la France pendant cinq ans<\/strong> m\u00e9ritait bien un flashback.<\/p>\n<h3>Le Printemps (1976)<\/h3>\n<p>https:\/\/www.youtube.com\/watch?v=HClfgTGiHDs<\/p>\n<p style=\"text-align: justify;\">Au-del\u00e0 de ce qu\u2019on peut en \u00e9crire, <strong>il suffit d\u2019\u00e9couter.<\/strong> Inscrites dans l\u2019inconscient collectif d\u2019un pays continuellement dress\u00e9 sur ses ergots d\u00e8s qu\u2019on \u00e9voque musicalement la \u00ab vari\u00e9t\u00e9 \u00bb, <strong>ces chansons<\/strong> ont suffisamment \u00ab tourn\u00e9es \u00bb, et <strong>tournent encore<\/strong> (CF <em>Chante France <\/em>ou <em>Radio Nostalgie<\/em>), <strong>pour d\u00e9montrer leur qualit\u00e9<\/strong>. Et si \u00e7a n\u2019\u00e9tait que pour <strong>g\u00e9n\u00e9rer un sourire<\/strong> sur un visage, <strong>ce serait d\u00e9j\u00e0 gagn\u00e9<\/strong>.<\/p>\n<h3 style=\"text-align: left;\">\u00ab <em>J\u2019en ai marre \u2026 d\u2019\u00e9couter se lamenter ma gueule dans la glace dit \u2026<\/em> \u00bb<\/h3>\n<p>Une belle histoire &#8230;<\/p>\n<h3>Michel Fugain &amp; Le Big Bazar &#8211; Une Belle Histoire<\/h3>\n<div class=\"youtube-embed\" data-video_id=\"AErazxVXkHw\"><iframe loading=\"lazy\" title=\"Michel Fugain - Une Belle Histoire Lyrics (HD)\" width=\"696\" height=\"392\" src=\"https:\/\/www.youtube.com\/embed\/AErazxVXkHw\" frameborder=\"0\" allow=\"accelerometer; autoplay; clipboard-write; encrypted-media; gyroscope; picture-in-picture; web-share\" referrerpolicy=\"strict-origin-when-cross-origin\" allowfullscreen><\/iframe><\/div>\n<p style=\"text-align: left;\">Thierry Dauge<\/p>\n","protected":false},"excerpt":{"rendered":"<p>Michel FUGAIN &#8211; Le Big Bazar En 1972, Michel Fugain ressent des envies San Franciscaines, une app\u00e9tence pour le Summer of Love et la vie en communaut\u00e9. Les auditions d\u00e9marrent et, assez vite, accouchent du Big Bazar. Entre douze et quinze chanteurs, com\u00e9diens et danseurs en fa\u00e7ade, une trentaine d\u2019autres en coulisse et vogue le [&hellip;]<\/p>\n","protected":false},"author":3,"featured_media":15896,"comment_status":"open","ping_status":"open","sticky":false,"template":"","format":"image","meta":{"jetpack_post_was_ever_published":false,"tdm_status":"","tdm_grid_status":"","_jetpack_newsletter_access":"","_jetpack_dont_email_post_to_subs":false,"_jetpack_newsletter_tier_id":0,"_jetpack_memberships_contains_paywalled_content":false,"_jetpack_memberships_contains_paid_content":false,"footnotes":""},"categories":[17],"tags":[40,78,12104],"class_list":{"0":"post-15895","1":"post","2":"type-post","3":"status-publish","4":"format-image","5":"has-post-thumbnail","7":"category-carotte-rock-cultures","8":"tag-chanson-francaise","9":"tag-histoire-du-20e-siecle","10":"tag-hommage","11":"post_format-post-format-image"},"yoast_head":"<!-- This site is optimized with the Yoast SEO plugin v27.5 - https:\/\/yoast.com\/product\/yoast-seo-wordpress\/ -->\n<title>Michel FUGAIN - Le Big Bazar ! - Culturesco Chanson Fran\u00e7aise<\/title>\n<meta name=\"description\" content=\"CulturesCo | Entre 1972 et 1977, Michel Fugain et Le Big Bazar ont anim\u00e9 les hit-parades fran\u00e7ais. Dans l&#039;inconscient collectif du pays.\" \/>\n<meta name=\"robots\" content=\"index, follow, max-snippet:-1, max-image-preview:large, max-video-preview:-1\" \/>\n<link rel=\"canonical\" href=\"https:\/\/culturesco.com\/index.php\/2022\/01\/12\/michel-fugain-le-big-bazar-chanson-francaise\/\" \/>\n<meta property=\"og:locale\" content=\"fr_FR\" \/>\n<meta property=\"og:type\" content=\"article\" \/>\n<meta property=\"og:title\" content=\"Michel FUGAIN - Le Big Bazar ! - Culturesco Chanson Fran\u00e7aise\" \/>\n<meta property=\"og:description\" content=\"CulturesCo | Entre 1972 et 1977, Michel Fugain et Le Big Bazar ont anim\u00e9 les hit-parades fran\u00e7ais. Dans l&#039;inconscient collectif du pays.\" \/>\n<meta property=\"og:url\" content=\"https:\/\/culturesco.com\/index.php\/2022\/01\/12\/michel-fugain-le-big-bazar-chanson-francaise\/\" \/>\n<meta property=\"og:site_name\" content=\"Culturesco\" \/>\n<meta property=\"article:publisher\" content=\"https:\/\/www.facebook.com\/radioculturesco\" \/>\n<meta property=\"article:published_time\" content=\"2022-01-12T20:00:20+00:00\" \/>\n<meta property=\"og:image\" content=\"https:\/\/culturesco.com\/wp-content\/uploads\/2022\/01\/Fugain-Big-Bazar-Front.jpg\" \/>\n\t<meta property=\"og:image:width\" content=\"600\" \/>\n\t<meta property=\"og:image:height\" content=\"338\" \/>\n\t<meta property=\"og:image:type\" content=\"image\/jpeg\" \/>\n<meta name=\"author\" content=\"Thierry Dauge\" \/>\n<meta name=\"twitter:card\" content=\"summary_large_image\" \/>\n<meta name=\"twitter:creator\" content=\"@AugusteMarshal\" \/>\n<meta name=\"twitter:site\" content=\"@AugusteMarshal\" \/>\n<meta name=\"twitter:label1\" content=\"\u00c9crit par\" \/>\n\t<meta name=\"twitter:data1\" content=\"Thierry Dauge\" \/>\n\t<meta name=\"twitter:label2\" content=\"Dur\u00e9e de lecture estim\u00e9e\" \/>\n\t<meta name=\"twitter:data2\" content=\"4 minutes\" \/>\n<script type=\"application\/ld+json\" class=\"yoast-schema-graph\">{\"@context\":\"https:\\\/\\\/schema.org\",\"@graph\":[{\"@type\":\"Article\",\"@id\":\"https:\\\/\\\/culturesco.com\\\/index.php\\\/2022\\\/01\\\/12\\\/michel-fugain-le-big-bazar-chanson-francaise\\\/#article\",\"isPartOf\":{\"@id\":\"https:\\\/\\\/culturesco.com\\\/index.php\\\/2022\\\/01\\\/12\\\/michel-fugain-le-big-bazar-chanson-francaise\\\/\"},\"author\":{\"name\":\"Thierry Dauge\",\"@id\":\"https:\\\/\\\/culturesco.com\\\/#\\\/schema\\\/person\\\/19f04cf232d246197f6e7d62abe6cb0e\"},\"headline\":\"Michel FUGAIN &#8211; Le Big Bazar !\",\"datePublished\":\"2022-01-12T20:00:20+00:00\",\"mainEntityOfPage\":{\"@id\":\"https:\\\/\\\/culturesco.com\\\/index.php\\\/2022\\\/01\\\/12\\\/michel-fugain-le-big-bazar-chanson-francaise\\\/\"},\"wordCount\":696,\"commentCount\":0,\"publisher\":{\"@id\":\"https:\\\/\\\/culturesco.com\\\/#organization\"},\"image\":{\"@id\":\"https:\\\/\\\/culturesco.com\\\/index.php\\\/2022\\\/01\\\/12\\\/michel-fugain-le-big-bazar-chanson-francaise\\\/#primaryimage\"},\"thumbnailUrl\":\"https:\\\/\\\/i0.wp.com\\\/culturesco.com\\\/wp-content\\\/uploads\\\/2022\\\/01\\\/Fugain-Big-Bazar-Front.jpg?fit=600%2C338&ssl=1\",\"keywords\":[\"chanson fran\u00e7aise\",\"histoire du 20\u00e8 si\u00e8cle\",\"Hommage\"],\"articleSection\":[\"Carotte Rock Cultures\"],\"inLanguage\":\"fr-FR\",\"potentialAction\":[{\"@type\":\"CommentAction\",\"name\":\"Comment\",\"target\":[\"https:\\\/\\\/culturesco.com\\\/index.php\\\/2022\\\/01\\\/12\\\/michel-fugain-le-big-bazar-chanson-francaise\\\/#respond\"]}]},{\"@type\":\"WebPage\",\"@id\":\"https:\\\/\\\/culturesco.com\\\/index.php\\\/2022\\\/01\\\/12\\\/michel-fugain-le-big-bazar-chanson-francaise\\\/\",\"url\":\"https:\\\/\\\/culturesco.com\\\/index.php\\\/2022\\\/01\\\/12\\\/michel-fugain-le-big-bazar-chanson-francaise\\\/\",\"name\":\"Michel FUGAIN - Le Big Bazar ! - Culturesco Chanson Fran\u00e7aise\",\"isPartOf\":{\"@id\":\"https:\\\/\\\/culturesco.com\\\/#website\"},\"primaryImageOfPage\":{\"@id\":\"https:\\\/\\\/culturesco.com\\\/index.php\\\/2022\\\/01\\\/12\\\/michel-fugain-le-big-bazar-chanson-francaise\\\/#primaryimage\"},\"image\":{\"@id\":\"https:\\\/\\\/culturesco.com\\\/index.php\\\/2022\\\/01\\\/12\\\/michel-fugain-le-big-bazar-chanson-francaise\\\/#primaryimage\"},\"thumbnailUrl\":\"https:\\\/\\\/i0.wp.com\\\/culturesco.com\\\/wp-content\\\/uploads\\\/2022\\\/01\\\/Fugain-Big-Bazar-Front.jpg?fit=600%2C338&ssl=1\",\"datePublished\":\"2022-01-12T20:00:20+00:00\",\"description\":\"CulturesCo | Entre 1972 et 1977, Michel Fugain et Le Big Bazar ont anim\u00e9 les hit-parades fran\u00e7ais. Dans l'inconscient collectif du pays.\",\"breadcrumb\":{\"@id\":\"https:\\\/\\\/culturesco.com\\\/index.php\\\/2022\\\/01\\\/12\\\/michel-fugain-le-big-bazar-chanson-francaise\\\/#breadcrumb\"},\"inLanguage\":\"fr-FR\",\"potentialAction\":[{\"@type\":\"ReadAction\",\"target\":[\"https:\\\/\\\/culturesco.com\\\/index.php\\\/2022\\\/01\\\/12\\\/michel-fugain-le-big-bazar-chanson-francaise\\\/\"]}]},{\"@type\":\"ImageObject\",\"inLanguage\":\"fr-FR\",\"@id\":\"https:\\\/\\\/culturesco.com\\\/index.php\\\/2022\\\/01\\\/12\\\/michel-fugain-le-big-bazar-chanson-francaise\\\/#primaryimage\",\"url\":\"https:\\\/\\\/i0.wp.com\\\/culturesco.com\\\/wp-content\\\/uploads\\\/2022\\\/01\\\/Fugain-Big-Bazar-Front.jpg?fit=600%2C338&ssl=1\",\"contentUrl\":\"https:\\\/\\\/i0.wp.com\\\/culturesco.com\\\/wp-content\\\/uploads\\\/2022\\\/01\\\/Fugain-Big-Bazar-Front.jpg?fit=600%2C338&ssl=1\",\"width\":600,\"height\":338,\"caption\":\"Michel Fugain\"},{\"@type\":\"BreadcrumbList\",\"@id\":\"https:\\\/\\\/culturesco.com\\\/index.php\\\/2022\\\/01\\\/12\\\/michel-fugain-le-big-bazar-chanson-francaise\\\/#breadcrumb\",\"itemListElement\":[{\"@type\":\"ListItem\",\"position\":1,\"name\":\"Accueil\",\"item\":\"https:\\\/\\\/culturesco.com\\\/\"},{\"@type\":\"ListItem\",\"position\":2,\"name\":\"Michel FUGAIN &#8211; Le Big Bazar !\"}]},{\"@type\":\"WebSite\",\"@id\":\"https:\\\/\\\/culturesco.com\\\/#website\",\"url\":\"https:\\\/\\\/culturesco.com\\\/\",\"name\":\"Culturesco\",\"description\":\"Culturesco | Un bon coup de pied dans ta Culture\",\"publisher\":{\"@id\":\"https:\\\/\\\/culturesco.com\\\/#organization\"},\"potentialAction\":[{\"@type\":\"SearchAction\",\"target\":{\"@type\":\"EntryPoint\",\"urlTemplate\":\"https:\\\/\\\/culturesco.com\\\/?s={search_term_string}\"},\"query-input\":{\"@type\":\"PropertyValueSpecification\",\"valueRequired\":true,\"valueName\":\"search_term_string\"}}],\"inLanguage\":\"fr-FR\"},{\"@type\":\"Organization\",\"@id\":\"https:\\\/\\\/culturesco.com\\\/#organization\",\"name\":\"CULTURESCO\",\"url\":\"https:\\\/\\\/culturesco.com\\\/\",\"logo\":{\"@type\":\"ImageObject\",\"inLanguage\":\"fr-FR\",\"@id\":\"https:\\\/\\\/culturesco.com\\\/#\\\/schema\\\/logo\\\/image\\\/\",\"url\":\"https:\\\/\\\/i0.wp.com\\\/culturesco.com\\\/wp-content\\\/uploads\\\/2022\\\/04\\\/culturesco-logo-blanc250p.png?fit=250%2C250&ssl=1\",\"contentUrl\":\"https:\\\/\\\/i0.wp.com\\\/culturesco.com\\\/wp-content\\\/uploads\\\/2022\\\/04\\\/culturesco-logo-blanc250p.png?fit=250%2C250&ssl=1\",\"width\":250,\"height\":250,\"caption\":\"CULTURESCO\"},\"image\":{\"@id\":\"https:\\\/\\\/culturesco.com\\\/#\\\/schema\\\/logo\\\/image\\\/\"},\"sameAs\":[\"https:\\\/\\\/www.facebook.com\\\/radioculturesco\",\"https:\\\/\\\/x.com\\\/AugusteMarshal\",\"https:\\\/\\\/www.instagram.com\\\/carotte_rock_culture\\\/\",\"https:\\\/\\\/www.pinterest.fr\\\/augustemarshal\\\/\",\"https:\\\/\\\/www.youtube.com\\\/channel\\\/UCiWLGffqWSXlNnfzp6YwwyQ\"]},{\"@type\":\"Person\",\"@id\":\"https:\\\/\\\/culturesco.com\\\/#\\\/schema\\\/person\\\/19f04cf232d246197f6e7d62abe6cb0e\",\"name\":\"Thierry Dauge\",\"image\":{\"@type\":\"ImageObject\",\"inLanguage\":\"fr-FR\",\"@id\":\"https:\\\/\\\/i0.wp.com\\\/culturesco.com\\\/wp-content\\\/uploads\\\/2018\\\/12\\\/Black-Beauty-and-me.jpg?fit=96%2C96&ssl=1\",\"url\":\"https:\\\/\\\/i0.wp.com\\\/culturesco.com\\\/wp-content\\\/uploads\\\/2018\\\/12\\\/Black-Beauty-and-me.jpg?fit=96%2C96&ssl=1\",\"contentUrl\":\"https:\\\/\\\/i0.wp.com\\\/culturesco.com\\\/wp-content\\\/uploads\\\/2018\\\/12\\\/Black-Beauty-and-me.jpg?fit=96%2C96&ssl=1\",\"caption\":\"Thierry Dauge\"},\"description\":\"Amoureux des 70\u2019s et du hard rock en particulier, Thierry Dauge est chroniqueur sur Culturesco par amour de l\u2019\u00e9criture musicale. Co-auteur du livre\\\"Pop rock - Les instruments de l'ombre\\\" aux \u00e9ditions du Camion Blanc, collaborateur de Vivi pour \\\"Mes Ann\u00e9es Trust\\\", auteur de \\\"Sparks\\\" aux \u00e9ditions du Layeur, parce que le rock est loin d'\u00eatre mort ...\",\"url\":\"https:\\\/\\\/culturesco.com\\\/index.php\\\/author\\\/thierry-dauge888\\\/\"}]}<\/script>\n<!-- \/ Yoast SEO plugin. -->","yoast_head_json":{"title":"Michel FUGAIN - Le Big Bazar ! - Culturesco Chanson Fran\u00e7aise","description":"CulturesCo | Entre 1972 et 1977, Michel Fugain et Le Big Bazar ont anim\u00e9 les hit-parades fran\u00e7ais. Dans l'inconscient collectif du pays.","robots":{"index":"index","follow":"follow","max-snippet":"max-snippet:-1","max-image-preview":"max-image-preview:large","max-video-preview":"max-video-preview:-1"},"canonical":"https:\/\/culturesco.com\/index.php\/2022\/01\/12\/michel-fugain-le-big-bazar-chanson-francaise\/","og_locale":"fr_FR","og_type":"article","og_title":"Michel FUGAIN - Le Big Bazar ! - Culturesco Chanson Fran\u00e7aise","og_description":"CulturesCo | Entre 1972 et 1977, Michel Fugain et Le Big Bazar ont anim\u00e9 les hit-parades fran\u00e7ais. Dans l'inconscient collectif du pays.","og_url":"https:\/\/culturesco.com\/index.php\/2022\/01\/12\/michel-fugain-le-big-bazar-chanson-francaise\/","og_site_name":"Culturesco","article_publisher":"https:\/\/www.facebook.com\/radioculturesco","article_published_time":"2022-01-12T20:00:20+00:00","og_image":[{"width":600,"height":338,"url":"https:\/\/culturesco.com\/wp-content\/uploads\/2022\/01\/Fugain-Big-Bazar-Front.jpg","type":"image\/jpeg"}],"author":"Thierry Dauge","twitter_card":"summary_large_image","twitter_creator":"@AugusteMarshal","twitter_site":"@AugusteMarshal","twitter_misc":{"\u00c9crit par":"Thierry Dauge","Dur\u00e9e de lecture estim\u00e9e":"4 minutes"},"schema":{"@context":"https:\/\/schema.org","@graph":[{"@type":"Article","@id":"https:\/\/culturesco.com\/index.php\/2022\/01\/12\/michel-fugain-le-big-bazar-chanson-francaise\/#article","isPartOf":{"@id":"https:\/\/culturesco.com\/index.php\/2022\/01\/12\/michel-fugain-le-big-bazar-chanson-francaise\/"},"author":{"name":"Thierry Dauge","@id":"https:\/\/culturesco.com\/#\/schema\/person\/19f04cf232d246197f6e7d62abe6cb0e"},"headline":"Michel FUGAIN &#8211; Le Big Bazar !","datePublished":"2022-01-12T20:00:20+00:00","mainEntityOfPage":{"@id":"https:\/\/culturesco.com\/index.php\/2022\/01\/12\/michel-fugain-le-big-bazar-chanson-francaise\/"},"wordCount":696,"commentCount":0,"publisher":{"@id":"https:\/\/culturesco.com\/#organization"},"image":{"@id":"https:\/\/culturesco.com\/index.php\/2022\/01\/12\/michel-fugain-le-big-bazar-chanson-francaise\/#primaryimage"},"thumbnailUrl":"https:\/\/i0.wp.com\/culturesco.com\/wp-content\/uploads\/2022\/01\/Fugain-Big-Bazar-Front.jpg?fit=600%2C338&ssl=1","keywords":["chanson fran\u00e7aise","histoire du 20\u00e8 si\u00e8cle","Hommage"],"articleSection":["Carotte Rock Cultures"],"inLanguage":"fr-FR","potentialAction":[{"@type":"CommentAction","name":"Comment","target":["https:\/\/culturesco.com\/index.php\/2022\/01\/12\/michel-fugain-le-big-bazar-chanson-francaise\/#respond"]}]},{"@type":"WebPage","@id":"https:\/\/culturesco.com\/index.php\/2022\/01\/12\/michel-fugain-le-big-bazar-chanson-francaise\/","url":"https:\/\/culturesco.com\/index.php\/2022\/01\/12\/michel-fugain-le-big-bazar-chanson-francaise\/","name":"Michel FUGAIN - Le Big Bazar ! - Culturesco Chanson Fran\u00e7aise","isPartOf":{"@id":"https:\/\/culturesco.com\/#website"},"primaryImageOfPage":{"@id":"https:\/\/culturesco.com\/index.php\/2022\/01\/12\/michel-fugain-le-big-bazar-chanson-francaise\/#primaryimage"},"image":{"@id":"https:\/\/culturesco.com\/index.php\/2022\/01\/12\/michel-fugain-le-big-bazar-chanson-francaise\/#primaryimage"},"thumbnailUrl":"https:\/\/i0.wp.com\/culturesco.com\/wp-content\/uploads\/2022\/01\/Fugain-Big-Bazar-Front.jpg?fit=600%2C338&ssl=1","datePublished":"2022-01-12T20:00:20+00:00","description":"CulturesCo | Entre 1972 et 1977, Michel Fugain et Le Big Bazar ont anim\u00e9 les hit-parades fran\u00e7ais. Dans l'inconscient collectif du pays.","breadcrumb":{"@id":"https:\/\/culturesco.com\/index.php\/2022\/01\/12\/michel-fugain-le-big-bazar-chanson-francaise\/#breadcrumb"},"inLanguage":"fr-FR","potentialAction":[{"@type":"ReadAction","target":["https:\/\/culturesco.com\/index.php\/2022\/01\/12\/michel-fugain-le-big-bazar-chanson-francaise\/"]}]},{"@type":"ImageObject","inLanguage":"fr-FR","@id":"https:\/\/culturesco.com\/index.php\/2022\/01\/12\/michel-fugain-le-big-bazar-chanson-francaise\/#primaryimage","url":"https:\/\/i0.wp.com\/culturesco.com\/wp-content\/uploads\/2022\/01\/Fugain-Big-Bazar-Front.jpg?fit=600%2C338&ssl=1","contentUrl":"https:\/\/i0.wp.com\/culturesco.com\/wp-content\/uploads\/2022\/01\/Fugain-Big-Bazar-Front.jpg?fit=600%2C338&ssl=1","width":600,"height":338,"caption":"Michel Fugain"},{"@type":"BreadcrumbList","@id":"https:\/\/culturesco.com\/index.php\/2022\/01\/12\/michel-fugain-le-big-bazar-chanson-francaise\/#breadcrumb","itemListElement":[{"@type":"ListItem","position":1,"name":"Accueil","item":"https:\/\/culturesco.com\/"},{"@type":"ListItem","position":2,"name":"Michel FUGAIN &#8211; Le Big Bazar !"}]},{"@type":"WebSite","@id":"https:\/\/culturesco.com\/#website","url":"https:\/\/culturesco.com\/","name":"Culturesco","description":"Culturesco | Un bon coup de pied dans ta Culture","publisher":{"@id":"https:\/\/culturesco.com\/#organization"},"potentialAction":[{"@type":"SearchAction","target":{"@type":"EntryPoint","urlTemplate":"https:\/\/culturesco.com\/?s={search_term_string}"},"query-input":{"@type":"PropertyValueSpecification","valueRequired":true,"valueName":"search_term_string"}}],"inLanguage":"fr-FR"},{"@type":"Organization","@id":"https:\/\/culturesco.com\/#organization","name":"CULTURESCO","url":"https:\/\/culturesco.com\/","logo":{"@type":"ImageObject","inLanguage":"fr-FR","@id":"https:\/\/culturesco.com\/#\/schema\/logo\/image\/","url":"https:\/\/i0.wp.com\/culturesco.com\/wp-content\/uploads\/2022\/04\/culturesco-logo-blanc250p.png?fit=250%2C250&ssl=1","contentUrl":"https:\/\/i0.wp.com\/culturesco.com\/wp-content\/uploads\/2022\/04\/culturesco-logo-blanc250p.png?fit=250%2C250&ssl=1","width":250,"height":250,"caption":"CULTURESCO"},"image":{"@id":"https:\/\/culturesco.com\/#\/schema\/logo\/image\/"},"sameAs":["https:\/\/www.facebook.com\/radioculturesco","https:\/\/x.com\/AugusteMarshal","https:\/\/www.instagram.com\/carotte_rock_culture\/","https:\/\/www.pinterest.fr\/augustemarshal\/","https:\/\/www.youtube.com\/channel\/UCiWLGffqWSXlNnfzp6YwwyQ"]},{"@type":"Person","@id":"https:\/\/culturesco.com\/#\/schema\/person\/19f04cf232d246197f6e7d62abe6cb0e","name":"Thierry Dauge","image":{"@type":"ImageObject","inLanguage":"fr-FR","@id":"https:\/\/i0.wp.com\/culturesco.com\/wp-content\/uploads\/2018\/12\/Black-Beauty-and-me.jpg?fit=96%2C96&ssl=1","url":"https:\/\/i0.wp.com\/culturesco.com\/wp-content\/uploads\/2018\/12\/Black-Beauty-and-me.jpg?fit=96%2C96&ssl=1","contentUrl":"https:\/\/i0.wp.com\/culturesco.com\/wp-content\/uploads\/2018\/12\/Black-Beauty-and-me.jpg?fit=96%2C96&ssl=1","caption":"Thierry Dauge"},"description":"Amoureux des 70\u2019s et du hard rock en particulier, Thierry Dauge est chroniqueur sur Culturesco par amour de l\u2019\u00e9criture musicale. Co-auteur du livre\"Pop rock - Les instruments de l'ombre\" aux \u00e9ditions du Camion Blanc, collaborateur de Vivi pour \"Mes Ann\u00e9es Trust\", auteur de \"Sparks\" aux \u00e9ditions du Layeur, parce que le rock est loin d'\u00eatre mort ...","url":"https:\/\/culturesco.com\/index.php\/author\/thierry-dauge888\/"}]}},"jetpack_featured_media_url":"https:\/\/i0.wp.com\/culturesco.com\/wp-content\/uploads\/2022\/01\/Fugain-Big-Bazar-Front.jpg?fit=600%2C338&ssl=1","jetpack_likes_enabled":true,"jetpack_sharing_enabled":true,"jetpack_shortlink":"https:\/\/wp.me\/paz89I-48n","_links":{"self":[{"href":"https:\/\/culturesco.com\/index.php\/wp-json\/wp\/v2\/posts\/15895","targetHints":{"allow":["GET"]}}],"collection":[{"href":"https:\/\/culturesco.com\/index.php\/wp-json\/wp\/v2\/posts"}],"about":[{"href":"https:\/\/culturesco.com\/index.php\/wp-json\/wp\/v2\/types\/post"}],"author":[{"embeddable":true,"href":"https:\/\/culturesco.com\/index.php\/wp-json\/wp\/v2\/users\/3"}],"replies":[{"embeddable":true,"href":"https:\/\/culturesco.com\/index.php\/wp-json\/wp\/v2\/comments?post=15895"}],"version-history":[{"count":0,"href":"https:\/\/culturesco.com\/index.php\/wp-json\/wp\/v2\/posts\/15895\/revisions"}],"wp:featuredmedia":[{"embeddable":true,"href":"https:\/\/culturesco.com\/index.php\/wp-json\/wp\/v2\/media\/15896"}],"wp:attachment":[{"href":"https:\/\/culturesco.com\/index.php\/wp-json\/wp\/v2\/media?parent=15895"}],"wp:term":[{"taxonomy":"category","embeddable":true,"href":"https:\/\/culturesco.com\/index.php\/wp-json\/wp\/v2\/categories?post=15895"},{"taxonomy":"post_tag","embeddable":true,"href":"https:\/\/culturesco.com\/index.php\/wp-json\/wp\/v2\/tags?post=15895"}],"curies":[{"name":"wp","href":"https:\/\/api.w.org\/{rel}","templated":true}]}}