{"id":1588,"date":"2018-12-16T17:50:07","date_gmt":"2018-12-16T16:50:07","guid":{"rendered":"https:\/\/culturesco.com\/?p=1588"},"modified":"2020-02-03T18:52:00","modified_gmt":"2020-02-03T17:52:00","slug":"paul-simonon-the-clash-au-palladium-de-new-york-1979","status":"publish","type":"post","link":"https:\/\/culturesco.com\/index.php\/2018\/12\/16\/paul-simonon-the-clash-au-palladium-de-new-york-1979\/","title":{"rendered":"Paul Simonon de The Clash casse sa basse en plein concert"},"content":{"rendered":"<h2>Paul Simonon et sa Basse fender Precision &#8211; 1979<\/h2>\n<p><a href=\"https:\/\/i0.wp.com\/culturesco.com\/wp-content\/uploads\/2018\/12\/bass-simonon-the-clash-e1554710975511.jpg?ssl=1\"><img data-recalc-dims=\"1\" loading=\"lazy\" decoding=\"async\" class=\"aligncenter wp-image-1591 size-medium\" title=\"Basse Paul Simonon The Clash\" src=\"https:\/\/i0.wp.com\/culturesco.com\/wp-content\/uploads\/2018\/12\/bass-simonon-the-clash.jpg?resize=300%2C157&#038;ssl=1\" alt=\"Basse Paul Simonon The Clash\" width=\"300\" height=\"157\" \/><\/a><\/p>\n<p style=\"text-align: justify;\">Paul Simonon: N\u00e9 un 15 d\u00e9cembre 1955. Bassiste de <strong>The Clash<\/strong> mais \u00e9galement artiste peintre, on lui doit notamment la chanson <strong>Guns of Brixton<\/strong>\u00a0sur le c\u00e9l\u00e8bre double London Calling! Un clin d\u2019\u0153il avec en corollaire le souvenir d&rsquo;un concert qui laissera quelques traces dans l&rsquo;histoire du groupe. C&rsquo;est en effet lors d&rsquo;un concert au <a href=\"https:\/\/fr.wikipedia.org\/wiki\/Palladium_(New_York)\" target=\"_blank\" rel=\"noopener noreferrer\">Palladium de New-York<\/a>, le <strong>20 septembre 1979<\/strong> que Paul Simonon dans la furie \u00e9lectrique de l&rsquo;instant d\u00e9truit sa <strong>Basse Fender Precision<\/strong> sur sc\u00e8ne. Il d\u00e9clarera par la suite qu&rsquo;il aurait mieux fait de d\u00e9truire sa basse de rechange, bien moins \u00e0 son go\u00fbt&#8230;<\/p>\n<div class=\"youtube-embed\" data-video_id=\"QARxQsSJo58\"><iframe loading=\"lazy\" title=\"London Calling Bass Smash Photo\" width=\"696\" height=\"392\" src=\"https:\/\/www.youtube.com\/embed\/QARxQsSJo58\" frameborder=\"0\" allow=\"accelerometer; autoplay; clipboard-write; encrypted-media; gyroscope; picture-in-picture; web-share\" referrerpolicy=\"strict-origin-when-cross-origin\" allowfullscreen><\/iframe><\/div>\n<h3>L&rsquo;oeil de Pennie Smith<\/h3>\n<p style=\"text-align: justify;\">La c\u00e9l\u00e8bre photographe <strong>Pennie Smith<\/strong>, connue pour ses instantan\u00e9s dans le milieu Rock, immortalise l&rsquo;instant.\u00a0(Elle a photographi\u00e9 les <a href=\"https:\/\/culturesco.com\/index.php\/2019\/06\/13\/rolling-stones-sticky-fingers-histoire-de-l-album-une-braguette-signee-warhol-et-un-label-stones-langue-rouge\/\" target=\"_blank\" rel=\"noopener noreferrer\">Stones<\/a>, <a href=\"https:\/\/culturesco.com\/index.php\/2019\/01\/29\/led-zeppelin-au-japon-en-1971\/\" target=\"_blank\" rel=\"noopener noreferrer\">Led Zep&rsquo;<\/a>, <a href=\"https:\/\/culturesco.com\/index.php\/2019\/04\/19\/les-who-fete-de-lhuma-9-septembre-1972\/\" target=\"_blank\" rel=\"noopener noreferrer\">les Who<\/a>, <a href=\"https:\/\/culturesco.com\/index.php\/2019\/05\/09\/u2-histoire-des-veritables-debuts-du-groupe-avant-la-sortie-de-l-album-boy\/\" target=\"_blank\" rel=\"noopener noreferrer\">U2<\/a>, les <a href=\"https:\/\/culturesco.com\/index.php\/2019\/05\/24\/les-3-formations-de-paul-weller-the-jam-the-style-council-et-en-solo-de-in-the-city-a-wild-wood\/\" target=\"_blank\" rel=\"noopener noreferrer\">Jam<\/a> entre autres&#8230;).<\/p>\n<p>La production utilisera cette photo, malgr\u00e9 l&rsquo;avis de Paul Simonon,\u00a0pour la pochette de l&rsquo;un des monuments discographique du Clash: <strong>London Calling<\/strong> -1979.<\/p>\n<p>A lire \u00e9galement : <a href=\"https:\/\/culturesco.com\/index.php\/2019\/12\/13\/london-calling-a-40-ans-une-revolution-rock-pour-the-clash\/\" target=\"_blank\" rel=\"noopener noreferrer\">London Calling a 40 ans !\u00a0<\/a><\/p>\n<h3>L&rsquo;objet en question &#8211; Fender Precision de Paul Simonon<\/h3>\n<p><a href=\"https:\/\/i0.wp.com\/culturesco.com\/wp-content\/uploads\/2018\/12\/bass-simonon-clash-e1554711147549.jpg?ssl=1\"><img data-recalc-dims=\"1\" loading=\"lazy\" decoding=\"async\" class=\"aligncenter wp-image-1590 size-medium\" src=\"https:\/\/i0.wp.com\/culturesco.com\/wp-content\/uploads\/2018\/12\/bass-simonon-clash.jpg?resize=300%2C225&#038;ssl=1\" alt=\"Basse de Paul Simonon\" width=\"300\" height=\"225\" \/><\/a><\/p>\n<p style=\"text-align: justify;\">La Basse de Paul expos\u00e9e au <strong>Rock and Roll Hall of Fame<\/strong> \u00e0 Cleveland (Ohio).<\/p>\n<h3>London Calling<\/h3>\n<p><iframe loading=\"lazy\" src=\"https:\/\/www.youtube.com\/embed\/Eo7fhlf6wW8\" width=\"560\" height=\"315\" frameborder=\"0\" allowfullscreen=\"allowfullscreen\"><\/iframe><\/p>\n<p style=\"text-align: justify;\">La plus part des compos du Clash sont sign\u00e9es de <a href=\"https:\/\/culturesco.com\/index.php\/2019\/01\/22\/joe-strummer-de-the-clash-aux-mescaleros-en-studio-et-en-concert\/\" target=\"_blank\" rel=\"noopener noreferrer\"><strong>Strummer<\/strong><\/a> ou <strong>Jones<\/strong>. Pourtant les lignes fluides, quasi reggae de Paul Simonon, ont certainement fourni le ciment n\u00e9cessaire aux fondations incroyablement percutantes et novatrices de London Calling.<br \/>\nRespect et consid\u00e9ration pour l\u2019\u0153uvre musicale de cet autodidacte \u00e9clair\u00e9: Mr Simonon.<\/p>\n<p><strong>Auguste Marshal<\/strong><\/p>\n<h3>Citations Paul Simonon<\/h3>\n<blockquote>\n<h4 style=\"text-align: justify;\"><span style=\"color: #339966;\"><em>A l\u2019\u00e9poque mes penchants esth\u00e9tiques s\u2019exprimaient \u00e0 travers les fringues. Cela a contribu\u00e9 \u00e0 rendre le groupe accessible &#8211; 2002<\/em>.<\/span><\/h4>\n<h4 style=\"text-align: justify;\"><span style=\"color: #339966;\"><em>Je voulais \u00eatre <a style=\"color: #339966;\" href=\"https:\/\/culturesco.com\/index.php\/2019\/04\/13\/whos-next-album-de-legende\/\" target=\"_blank\" rel=\"noopener noreferrer\">Pete Townshend<\/a>, le mec qui lance ses bras dans tous les sens et qui saute en l\u2019air.<\/em><\/span><\/h4>\n<h4 style=\"text-align: justify;\"><span style=\"color: #339966;\"><em>Les ann\u00e9es 80 me sont rest\u00e9es en travers de la gorge, je crois qu\u2019elles ne laisseront aucune trace. C\u2019\u00e9tait une d\u00e9cennie affligeante plac\u00e9e sous le signe du mat\u00e9rialisme. Les eighties sont pour moi comme un long tunnel sans vie, un mauvais r\u00eave dont je n\u2019aurais pas le moindre souvenir \u00e0 mon r\u00e9veil.<\/em><\/span><\/h4>\n<\/blockquote>\n<p>A lire \u00e9galement :<\/p>\n<ul>\n<li><a href=\"https:\/\/culturesco.com\/index.php\/2018\/09\/27\/annee-1976-au-commencement-etait-the-clash\/\" target=\"_blank\" rel=\"noopener noreferrer\">Au commencement \u00e9tait The Clash \u2013 Les d\u00e9buts 1976<\/a><\/li>\n<li><a href=\"https:\/\/culturesco.com\/index.php\/2019\/01\/25\/joe-strummer-the-clash-citation-on-est-venu-on-a-dit-ce-qu-on-avait-a-dire\/\" target=\"_blank\" rel=\"noopener noreferrer\">C\u2019est quoi une attitude punk? R\u00e9ponse de Joe Strummer<\/a><\/li>\n<li><a href=\"https:\/\/culturesco.com\/index.php\/2019\/01\/25\/joe-strummer-the-clash-citation-on-est-venu-on-a-dit-ce-qu-on-avait-a-dire\/\" target=\"_blank\" rel=\"noopener noreferrer\">Joe Strummer Citation \u2013 On a dit ce qu\u2019on avait \u00e0 dire\u2026<\/a><\/li>\n<li><a href=\"https:\/\/culturesco.com\/index.php\/2019\/05\/24\/album-sandinista-de-the-clash-une-revolution-rock-racontee-dans-le-livre-de-vincent-bruner\/\" target=\"_blank\" rel=\"noopener noreferrer\">SANDINASTA THE CLASH : un livre de Vincent Brunner<\/a><\/li>\n<li><a href=\"https:\/\/culturesco.com\/index.php\/2019\/01\/22\/joe-strummer-de-the-clash-aux-mescaleros-en-studio-et-en-concert\/\" target=\"_blank\" rel=\"noopener noreferrer\">Joe STRUMMER : en studio et en concert<\/a><\/li>\n<\/ul>\n","protected":false},"excerpt":{"rendered":"<p>Paul Simonon et sa Basse fender Precision &#8211; 1979 Paul Simonon: N\u00e9 un 15 d\u00e9cembre 1955. Bassiste de The Clash mais \u00e9galement artiste peintre, on lui doit notamment la chanson Guns of Brixton\u00a0sur le c\u00e9l\u00e8bre double London Calling! Un clin d\u2019\u0153il avec en corollaire le souvenir d&rsquo;un concert qui laissera quelques traces dans l&rsquo;histoire du [&hellip;]<\/p>\n","protected":false},"author":1,"featured_media":1591,"comment_status":"open","ping_status":"open","sticky":false,"template":"","format":"standard","meta":{"jetpack_post_was_ever_published":false,"tdm_status":"","tdm_grid_status":"","_jetpack_newsletter_access":"","_jetpack_dont_email_post_to_subs":false,"_jetpack_newsletter_tier_id":0,"_jetpack_memberships_contains_paywalled_content":false,"_jetpack_memberships_contains_paid_content":false,"footnotes":""},"categories":[30,34,17,33],"tags":[67,58,48,46],"class_list":{"0":"post-1588","1":"post","2":"type-post","3":"status-publish","4":"format-standard","5":"has-post-thumbnail","7":"category-albums-rock","8":"category-anecdotes-rock","9":"category-carotte-rock-cultures","10":"category-histoire-du-rock","11":"tag-anecdotes-rock","12":"tag-histoire-du-rock","13":"tag-personnalite-rock","14":"tag-punk"},"yoast_head":"<!-- This site is optimized with the Yoast SEO plugin v27.5 - https:\/\/yoast.com\/product\/yoast-seo-wordpress\/ -->\n<title>Paul Simonon de The Clash casse sa basse en plein concert - Culturesco<\/title>\n<meta name=\"description\" content=\"CulturesCo | Pourquoi la basse cass\u00e9e en concert par Paul Simonon de The Clash en 1979 se retrouve sur la pochette de l&#039;album London Calling\" \/>\n<meta name=\"robots\" content=\"index, follow, max-snippet:-1, max-image-preview:large, max-video-preview:-1\" \/>\n<link rel=\"canonical\" href=\"https:\/\/culturesco.com\/index.php\/2018\/12\/16\/paul-simonon-the-clash-au-palladium-de-new-york-1979\/\" \/>\n<meta property=\"og:locale\" content=\"fr_FR\" \/>\n<meta property=\"og:type\" content=\"article\" \/>\n<meta property=\"og:title\" content=\"Paul Simonon, bassiste de The CLASH !\" \/>\n<meta property=\"og:description\" content=\"CulturesCo | Pourquoi la basse cass\u00e9e en concert par Paul Simonon de The Clash en 1979 se retrouve sur la pochette de l&#039;album London Calling\" \/>\n<meta property=\"og:url\" content=\"https:\/\/culturesco.com\/index.php\/2018\/12\/16\/paul-simonon-the-clash-au-palladium-de-new-york-1979\/\" \/>\n<meta property=\"og:site_name\" content=\"Culturesco\" \/>\n<meta property=\"article:publisher\" content=\"https:\/\/www.facebook.com\/radioculturesco\" \/>\n<meta property=\"article:author\" content=\"https:\/\/www.facebook.com\/radioculturesco\" \/>\n<meta property=\"article:published_time\" content=\"2018-12-16T16:50:07+00:00\" \/>\n<meta property=\"article:modified_time\" content=\"2020-02-03T17:52:00+00:00\" \/>\n<meta property=\"og:image\" content=\"https:\/\/i1.wp.com\/culturesco.com\/wp-content\/uploads\/2018\/12\/paul-simonon-the-clash.jpg?fit=600%2C314&ssl=1\" \/>\n\t<meta property=\"og:image:width\" content=\"600\" \/>\n\t<meta property=\"og:image:height\" content=\"314\" \/>\n\t<meta property=\"og:image:type\" content=\"image\/jpeg\" \/>\n<meta name=\"author\" content=\"Auguste Marshal\" \/>\n<meta name=\"twitter:card\" content=\"summary_large_image\" \/>\n<meta name=\"twitter:creator\" content=\"@https:\/\/twitter.com\/AugusteMarshal\" \/>\n<meta name=\"twitter:site\" content=\"@AugusteMarshal\" \/>\n<meta name=\"twitter:label1\" content=\"\u00c9crit par\" \/>\n\t<meta name=\"twitter:data1\" content=\"Auguste Marshal\" \/>\n\t<meta name=\"twitter:label2\" content=\"Dur\u00e9e de lecture estim\u00e9e\" \/>\n\t<meta name=\"twitter:data2\" content=\"2 minutes\" \/>\n<script type=\"application\/ld+json\" class=\"yoast-schema-graph\">{\"@context\":\"https:\\\/\\\/schema.org\",\"@graph\":[{\"@type\":\"Article\",\"@id\":\"https:\\\/\\\/culturesco.com\\\/index.php\\\/2018\\\/12\\\/16\\\/paul-simonon-the-clash-au-palladium-de-new-york-1979\\\/#article\",\"isPartOf\":{\"@id\":\"https:\\\/\\\/culturesco.com\\\/index.php\\\/2018\\\/12\\\/16\\\/paul-simonon-the-clash-au-palladium-de-new-york-1979\\\/\"},\"author\":{\"name\":\"Auguste Marshal\",\"@id\":\"https:\\\/\\\/culturesco.com\\\/#\\\/schema\\\/person\\\/9a265b03a60b0fa349532a231f7d1d0e\"},\"headline\":\"Paul Simonon de The Clash casse sa basse en plein concert\",\"datePublished\":\"2018-12-16T16:50:07+00:00\",\"dateModified\":\"2020-02-03T17:52:00+00:00\",\"mainEntityOfPage\":{\"@id\":\"https:\\\/\\\/culturesco.com\\\/index.php\\\/2018\\\/12\\\/16\\\/paul-simonon-the-clash-au-palladium-de-new-york-1979\\\/\"},\"wordCount\":438,\"commentCount\":1,\"publisher\":{\"@id\":\"https:\\\/\\\/culturesco.com\\\/#organization\"},\"image\":{\"@id\":\"https:\\\/\\\/culturesco.com\\\/index.php\\\/2018\\\/12\\\/16\\\/paul-simonon-the-clash-au-palladium-de-new-york-1979\\\/#primaryimage\"},\"thumbnailUrl\":\"https:\\\/\\\/i0.wp.com\\\/culturesco.com\\\/wp-content\\\/uploads\\\/2018\\\/12\\\/bass-simonon-the-clash-e1554710975511.jpg?fit=600%2C314&ssl=1\",\"keywords\":[\"Anecdotes Rock\",\"histoire du rock\",\"Personnalit\u00e9 Rock\",\"punk\"],\"articleSection\":[\"Albums rock\",\"Anecdotes rock\",\"Carotte Rock Cultures\",\"Histoire du rock\"],\"inLanguage\":\"fr-FR\",\"potentialAction\":[{\"@type\":\"CommentAction\",\"name\":\"Comment\",\"target\":[\"https:\\\/\\\/culturesco.com\\\/index.php\\\/2018\\\/12\\\/16\\\/paul-simonon-the-clash-au-palladium-de-new-york-1979\\\/#respond\"]}]},{\"@type\":\"WebPage\",\"@id\":\"https:\\\/\\\/culturesco.com\\\/index.php\\\/2018\\\/12\\\/16\\\/paul-simonon-the-clash-au-palladium-de-new-york-1979\\\/\",\"url\":\"https:\\\/\\\/culturesco.com\\\/index.php\\\/2018\\\/12\\\/16\\\/paul-simonon-the-clash-au-palladium-de-new-york-1979\\\/\",\"name\":\"Paul Simonon de The Clash casse sa basse en plein concert - Culturesco\",\"isPartOf\":{\"@id\":\"https:\\\/\\\/culturesco.com\\\/#website\"},\"primaryImageOfPage\":{\"@id\":\"https:\\\/\\\/culturesco.com\\\/index.php\\\/2018\\\/12\\\/16\\\/paul-simonon-the-clash-au-palladium-de-new-york-1979\\\/#primaryimage\"},\"image\":{\"@id\":\"https:\\\/\\\/culturesco.com\\\/index.php\\\/2018\\\/12\\\/16\\\/paul-simonon-the-clash-au-palladium-de-new-york-1979\\\/#primaryimage\"},\"thumbnailUrl\":\"https:\\\/\\\/i0.wp.com\\\/culturesco.com\\\/wp-content\\\/uploads\\\/2018\\\/12\\\/bass-simonon-the-clash-e1554710975511.jpg?fit=600%2C314&ssl=1\",\"datePublished\":\"2018-12-16T16:50:07+00:00\",\"dateModified\":\"2020-02-03T17:52:00+00:00\",\"description\":\"CulturesCo | Pourquoi la basse cass\u00e9e en concert par Paul Simonon de The Clash en 1979 se retrouve sur la pochette de l'album London Calling\",\"breadcrumb\":{\"@id\":\"https:\\\/\\\/culturesco.com\\\/index.php\\\/2018\\\/12\\\/16\\\/paul-simonon-the-clash-au-palladium-de-new-york-1979\\\/#breadcrumb\"},\"inLanguage\":\"fr-FR\",\"potentialAction\":[{\"@type\":\"ReadAction\",\"target\":[\"https:\\\/\\\/culturesco.com\\\/index.php\\\/2018\\\/12\\\/16\\\/paul-simonon-the-clash-au-palladium-de-new-york-1979\\\/\"]}]},{\"@type\":\"ImageObject\",\"inLanguage\":\"fr-FR\",\"@id\":\"https:\\\/\\\/culturesco.com\\\/index.php\\\/2018\\\/12\\\/16\\\/paul-simonon-the-clash-au-palladium-de-new-york-1979\\\/#primaryimage\",\"url\":\"https:\\\/\\\/i0.wp.com\\\/culturesco.com\\\/wp-content\\\/uploads\\\/2018\\\/12\\\/bass-simonon-the-clash-e1554710975511.jpg?fit=600%2C314&ssl=1\",\"contentUrl\":\"https:\\\/\\\/i0.wp.com\\\/culturesco.com\\\/wp-content\\\/uploads\\\/2018\\\/12\\\/bass-simonon-the-clash-e1554710975511.jpg?fit=600%2C314&ssl=1\",\"width\":600,\"height\":314,\"caption\":\"Basse Paul Simonon The Clash\"},{\"@type\":\"BreadcrumbList\",\"@id\":\"https:\\\/\\\/culturesco.com\\\/index.php\\\/2018\\\/12\\\/16\\\/paul-simonon-the-clash-au-palladium-de-new-york-1979\\\/#breadcrumb\",\"itemListElement\":[{\"@type\":\"ListItem\",\"position\":1,\"name\":\"Accueil\",\"item\":\"https:\\\/\\\/culturesco.com\\\/\"},{\"@type\":\"ListItem\",\"position\":2,\"name\":\"Paul Simonon de The Clash casse sa basse en plein concert\"}]},{\"@type\":\"WebSite\",\"@id\":\"https:\\\/\\\/culturesco.com\\\/#website\",\"url\":\"https:\\\/\\\/culturesco.com\\\/\",\"name\":\"Culturesco\",\"description\":\"Culturesco | Un bon coup de pied dans ta Culture\",\"publisher\":{\"@id\":\"https:\\\/\\\/culturesco.com\\\/#organization\"},\"potentialAction\":[{\"@type\":\"SearchAction\",\"target\":{\"@type\":\"EntryPoint\",\"urlTemplate\":\"https:\\\/\\\/culturesco.com\\\/?s={search_term_string}\"},\"query-input\":{\"@type\":\"PropertyValueSpecification\",\"valueRequired\":true,\"valueName\":\"search_term_string\"}}],\"inLanguage\":\"fr-FR\"},{\"@type\":\"Organization\",\"@id\":\"https:\\\/\\\/culturesco.com\\\/#organization\",\"name\":\"CULTURESCO\",\"url\":\"https:\\\/\\\/culturesco.com\\\/\",\"logo\":{\"@type\":\"ImageObject\",\"inLanguage\":\"fr-FR\",\"@id\":\"https:\\\/\\\/culturesco.com\\\/#\\\/schema\\\/logo\\\/image\\\/\",\"url\":\"https:\\\/\\\/i0.wp.com\\\/culturesco.com\\\/wp-content\\\/uploads\\\/2022\\\/04\\\/culturesco-logo-blanc250p.png?fit=250%2C250&ssl=1\",\"contentUrl\":\"https:\\\/\\\/i0.wp.com\\\/culturesco.com\\\/wp-content\\\/uploads\\\/2022\\\/04\\\/culturesco-logo-blanc250p.png?fit=250%2C250&ssl=1\",\"width\":250,\"height\":250,\"caption\":\"CULTURESCO\"},\"image\":{\"@id\":\"https:\\\/\\\/culturesco.com\\\/#\\\/schema\\\/logo\\\/image\\\/\"},\"sameAs\":[\"https:\\\/\\\/www.facebook.com\\\/radioculturesco\",\"https:\\\/\\\/x.com\\\/AugusteMarshal\",\"https:\\\/\\\/www.instagram.com\\\/carotte_rock_culture\\\/\",\"https:\\\/\\\/www.pinterest.fr\\\/augustemarshal\\\/\",\"https:\\\/\\\/www.youtube.com\\\/channel\\\/UCiWLGffqWSXlNnfzp6YwwyQ\"]},{\"@type\":\"Person\",\"@id\":\"https:\\\/\\\/culturesco.com\\\/#\\\/schema\\\/person\\\/9a265b03a60b0fa349532a231f7d1d0e\",\"name\":\"Auguste Marshal\",\"image\":{\"@type\":\"ImageObject\",\"inLanguage\":\"fr-FR\",\"@id\":\"https:\\\/\\\/i0.wp.com\\\/culturesco.com\\\/wp-content\\\/uploads\\\/2019\\\/03\\\/auguste.jpg?fit=96%2C74&ssl=1\",\"url\":\"https:\\\/\\\/i0.wp.com\\\/culturesco.com\\\/wp-content\\\/uploads\\\/2019\\\/03\\\/auguste.jpg?fit=96%2C74&ssl=1\",\"contentUrl\":\"https:\\\/\\\/i0.wp.com\\\/culturesco.com\\\/wp-content\\\/uploads\\\/2019\\\/03\\\/auguste.jpg?fit=96%2C74&ssl=1\",\"caption\":\"Auguste Marshal\"},\"description\":\"Animateur Radio - Producteur animateur de l'\u00e9mission Culturesco sur Pop Culture Radio - Community Manager - Cr\u00e9ateur du blog Culturesco.com et pr\u00e9c\u00e9demment du Blog Rock Auguste Marshal - Administrateur des pages Facebook et Instagram Carotte Rock Cultures et Radio CulturesCo - Administrateur de groupes Facebook\",\"sameAs\":[\"https:\\\/\\\/culturesco.com\",\"https:\\\/\\\/www.facebook.com\\\/radioculturesco\",\"https:\\\/\\\/www.instagram.com\\\/carotte_rock_culture\\\/\",\"https:\\\/\\\/www.linkedin.com\\\/in\\\/auguste-marshal-7125b1151\\\/\",\"https:\\\/\\\/x.com\\\/https:\\\/\\\/twitter.com\\\/AugusteMarshal\",\"https:\\\/\\\/www.youtube.com\\\/channel\\\/UCiWLGffqWSXlNnfzp6YwwyQ\"],\"url\":\"https:\\\/\\\/culturesco.com\\\/index.php\\\/author\\\/admin8255\\\/\"}]}<\/script>\n<!-- \/ Yoast SEO plugin. -->","yoast_head_json":{"title":"Paul Simonon de The Clash casse sa basse en plein concert - Culturesco","description":"CulturesCo | Pourquoi la basse cass\u00e9e en concert par Paul Simonon de The Clash en 1979 se retrouve sur la pochette de l'album London Calling","robots":{"index":"index","follow":"follow","max-snippet":"max-snippet:-1","max-image-preview":"max-image-preview:large","max-video-preview":"max-video-preview:-1"},"canonical":"https:\/\/culturesco.com\/index.php\/2018\/12\/16\/paul-simonon-the-clash-au-palladium-de-new-york-1979\/","og_locale":"fr_FR","og_type":"article","og_title":"Paul Simonon, bassiste de The CLASH !","og_description":"CulturesCo | Pourquoi la basse cass\u00e9e en concert par Paul Simonon de The Clash en 1979 se retrouve sur la pochette de l'album London Calling","og_url":"https:\/\/culturesco.com\/index.php\/2018\/12\/16\/paul-simonon-the-clash-au-palladium-de-new-york-1979\/","og_site_name":"Culturesco","article_publisher":"https:\/\/www.facebook.com\/radioculturesco","article_author":"https:\/\/www.facebook.com\/radioculturesco","article_published_time":"2018-12-16T16:50:07+00:00","article_modified_time":"2020-02-03T17:52:00+00:00","og_image":[{"width":600,"height":314,"url":"https:\/\/i1.wp.com\/culturesco.com\/wp-content\/uploads\/2018\/12\/paul-simonon-the-clash.jpg?fit=600%2C314&ssl=1","type":"image\/jpeg"}],"author":"Auguste Marshal","twitter_card":"summary_large_image","twitter_creator":"@https:\/\/twitter.com\/AugusteMarshal","twitter_site":"@AugusteMarshal","twitter_misc":{"\u00c9crit par":"Auguste Marshal","Dur\u00e9e de lecture estim\u00e9e":"2 minutes"},"schema":{"@context":"https:\/\/schema.org","@graph":[{"@type":"Article","@id":"https:\/\/culturesco.com\/index.php\/2018\/12\/16\/paul-simonon-the-clash-au-palladium-de-new-york-1979\/#article","isPartOf":{"@id":"https:\/\/culturesco.com\/index.php\/2018\/12\/16\/paul-simonon-the-clash-au-palladium-de-new-york-1979\/"},"author":{"name":"Auguste Marshal","@id":"https:\/\/culturesco.com\/#\/schema\/person\/9a265b03a60b0fa349532a231f7d1d0e"},"headline":"Paul Simonon de The Clash casse sa basse en plein concert","datePublished":"2018-12-16T16:50:07+00:00","dateModified":"2020-02-03T17:52:00+00:00","mainEntityOfPage":{"@id":"https:\/\/culturesco.com\/index.php\/2018\/12\/16\/paul-simonon-the-clash-au-palladium-de-new-york-1979\/"},"wordCount":438,"commentCount":1,"publisher":{"@id":"https:\/\/culturesco.com\/#organization"},"image":{"@id":"https:\/\/culturesco.com\/index.php\/2018\/12\/16\/paul-simonon-the-clash-au-palladium-de-new-york-1979\/#primaryimage"},"thumbnailUrl":"https:\/\/i0.wp.com\/culturesco.com\/wp-content\/uploads\/2018\/12\/bass-simonon-the-clash-e1554710975511.jpg?fit=600%2C314&ssl=1","keywords":["Anecdotes Rock","histoire du rock","Personnalit\u00e9 Rock","punk"],"articleSection":["Albums rock","Anecdotes rock","Carotte Rock Cultures","Histoire du rock"],"inLanguage":"fr-FR","potentialAction":[{"@type":"CommentAction","name":"Comment","target":["https:\/\/culturesco.com\/index.php\/2018\/12\/16\/paul-simonon-the-clash-au-palladium-de-new-york-1979\/#respond"]}]},{"@type":"WebPage","@id":"https:\/\/culturesco.com\/index.php\/2018\/12\/16\/paul-simonon-the-clash-au-palladium-de-new-york-1979\/","url":"https:\/\/culturesco.com\/index.php\/2018\/12\/16\/paul-simonon-the-clash-au-palladium-de-new-york-1979\/","name":"Paul Simonon de The Clash casse sa basse en plein concert - Culturesco","isPartOf":{"@id":"https:\/\/culturesco.com\/#website"},"primaryImageOfPage":{"@id":"https:\/\/culturesco.com\/index.php\/2018\/12\/16\/paul-simonon-the-clash-au-palladium-de-new-york-1979\/#primaryimage"},"image":{"@id":"https:\/\/culturesco.com\/index.php\/2018\/12\/16\/paul-simonon-the-clash-au-palladium-de-new-york-1979\/#primaryimage"},"thumbnailUrl":"https:\/\/i0.wp.com\/culturesco.com\/wp-content\/uploads\/2018\/12\/bass-simonon-the-clash-e1554710975511.jpg?fit=600%2C314&ssl=1","datePublished":"2018-12-16T16:50:07+00:00","dateModified":"2020-02-03T17:52:00+00:00","description":"CulturesCo | Pourquoi la basse cass\u00e9e en concert par Paul Simonon de The Clash en 1979 se retrouve sur la pochette de l'album London Calling","breadcrumb":{"@id":"https:\/\/culturesco.com\/index.php\/2018\/12\/16\/paul-simonon-the-clash-au-palladium-de-new-york-1979\/#breadcrumb"},"inLanguage":"fr-FR","potentialAction":[{"@type":"ReadAction","target":["https:\/\/culturesco.com\/index.php\/2018\/12\/16\/paul-simonon-the-clash-au-palladium-de-new-york-1979\/"]}]},{"@type":"ImageObject","inLanguage":"fr-FR","@id":"https:\/\/culturesco.com\/index.php\/2018\/12\/16\/paul-simonon-the-clash-au-palladium-de-new-york-1979\/#primaryimage","url":"https:\/\/i0.wp.com\/culturesco.com\/wp-content\/uploads\/2018\/12\/bass-simonon-the-clash-e1554710975511.jpg?fit=600%2C314&ssl=1","contentUrl":"https:\/\/i0.wp.com\/culturesco.com\/wp-content\/uploads\/2018\/12\/bass-simonon-the-clash-e1554710975511.jpg?fit=600%2C314&ssl=1","width":600,"height":314,"caption":"Basse Paul Simonon The Clash"},{"@type":"BreadcrumbList","@id":"https:\/\/culturesco.com\/index.php\/2018\/12\/16\/paul-simonon-the-clash-au-palladium-de-new-york-1979\/#breadcrumb","itemListElement":[{"@type":"ListItem","position":1,"name":"Accueil","item":"https:\/\/culturesco.com\/"},{"@type":"ListItem","position":2,"name":"Paul Simonon de The Clash casse sa basse en plein concert"}]},{"@type":"WebSite","@id":"https:\/\/culturesco.com\/#website","url":"https:\/\/culturesco.com\/","name":"Culturesco","description":"Culturesco | Un bon coup de pied dans ta Culture","publisher":{"@id":"https:\/\/culturesco.com\/#organization"},"potentialAction":[{"@type":"SearchAction","target":{"@type":"EntryPoint","urlTemplate":"https:\/\/culturesco.com\/?s={search_term_string}"},"query-input":{"@type":"PropertyValueSpecification","valueRequired":true,"valueName":"search_term_string"}}],"inLanguage":"fr-FR"},{"@type":"Organization","@id":"https:\/\/culturesco.com\/#organization","name":"CULTURESCO","url":"https:\/\/culturesco.com\/","logo":{"@type":"ImageObject","inLanguage":"fr-FR","@id":"https:\/\/culturesco.com\/#\/schema\/logo\/image\/","url":"https:\/\/i0.wp.com\/culturesco.com\/wp-content\/uploads\/2022\/04\/culturesco-logo-blanc250p.png?fit=250%2C250&ssl=1","contentUrl":"https:\/\/i0.wp.com\/culturesco.com\/wp-content\/uploads\/2022\/04\/culturesco-logo-blanc250p.png?fit=250%2C250&ssl=1","width":250,"height":250,"caption":"CULTURESCO"},"image":{"@id":"https:\/\/culturesco.com\/#\/schema\/logo\/image\/"},"sameAs":["https:\/\/www.facebook.com\/radioculturesco","https:\/\/x.com\/AugusteMarshal","https:\/\/www.instagram.com\/carotte_rock_culture\/","https:\/\/www.pinterest.fr\/augustemarshal\/","https:\/\/www.youtube.com\/channel\/UCiWLGffqWSXlNnfzp6YwwyQ"]},{"@type":"Person","@id":"https:\/\/culturesco.com\/#\/schema\/person\/9a265b03a60b0fa349532a231f7d1d0e","name":"Auguste Marshal","image":{"@type":"ImageObject","inLanguage":"fr-FR","@id":"https:\/\/i0.wp.com\/culturesco.com\/wp-content\/uploads\/2019\/03\/auguste.jpg?fit=96%2C74&ssl=1","url":"https:\/\/i0.wp.com\/culturesco.com\/wp-content\/uploads\/2019\/03\/auguste.jpg?fit=96%2C74&ssl=1","contentUrl":"https:\/\/i0.wp.com\/culturesco.com\/wp-content\/uploads\/2019\/03\/auguste.jpg?fit=96%2C74&ssl=1","caption":"Auguste Marshal"},"description":"Animateur Radio - Producteur animateur de l'\u00e9mission Culturesco sur Pop Culture Radio - Community Manager - Cr\u00e9ateur du blog Culturesco.com et pr\u00e9c\u00e9demment du Blog Rock Auguste Marshal - Administrateur des pages Facebook et Instagram Carotte Rock Cultures et Radio CulturesCo - Administrateur de groupes Facebook","sameAs":["https:\/\/culturesco.com","https:\/\/www.facebook.com\/radioculturesco","https:\/\/www.instagram.com\/carotte_rock_culture\/","https:\/\/www.linkedin.com\/in\/auguste-marshal-7125b1151\/","https:\/\/x.com\/https:\/\/twitter.com\/AugusteMarshal","https:\/\/www.youtube.com\/channel\/UCiWLGffqWSXlNnfzp6YwwyQ"],"url":"https:\/\/culturesco.com\/index.php\/author\/admin8255\/"}]}},"jetpack_featured_media_url":"https:\/\/i0.wp.com\/culturesco.com\/wp-content\/uploads\/2018\/12\/bass-simonon-the-clash-e1554710975511.jpg?fit=600%2C314&ssl=1","jetpack_likes_enabled":true,"jetpack_sharing_enabled":true,"jetpack_shortlink":"https:\/\/wp.me\/paz89I-pC","_links":{"self":[{"href":"https:\/\/culturesco.com\/index.php\/wp-json\/wp\/v2\/posts\/1588","targetHints":{"allow":["GET"]}}],"collection":[{"href":"https:\/\/culturesco.com\/index.php\/wp-json\/wp\/v2\/posts"}],"about":[{"href":"https:\/\/culturesco.com\/index.php\/wp-json\/wp\/v2\/types\/post"}],"author":[{"embeddable":true,"href":"https:\/\/culturesco.com\/index.php\/wp-json\/wp\/v2\/users\/1"}],"replies":[{"embeddable":true,"href":"https:\/\/culturesco.com\/index.php\/wp-json\/wp\/v2\/comments?post=1588"}],"version-history":[{"count":0,"href":"https:\/\/culturesco.com\/index.php\/wp-json\/wp\/v2\/posts\/1588\/revisions"}],"wp:featuredmedia":[{"embeddable":true,"href":"https:\/\/culturesco.com\/index.php\/wp-json\/wp\/v2\/media\/1591"}],"wp:attachment":[{"href":"https:\/\/culturesco.com\/index.php\/wp-json\/wp\/v2\/media?parent=1588"}],"wp:term":[{"taxonomy":"category","embeddable":true,"href":"https:\/\/culturesco.com\/index.php\/wp-json\/wp\/v2\/categories?post=1588"},{"taxonomy":"post_tag","embeddable":true,"href":"https:\/\/culturesco.com\/index.php\/wp-json\/wp\/v2\/tags?post=1588"}],"curies":[{"name":"wp","href":"https:\/\/api.w.org\/{rel}","templated":true}]}}