{"id":15850,"date":"2022-01-12T18:34:33","date_gmt":"2022-01-12T17:34:33","guid":{"rendered":"https:\/\/culturesco.com\/?p=15850"},"modified":"2022-01-12T19:49:28","modified_gmt":"2022-01-12T18:49:28","slug":"yvard-force-vive-du-bastion-rock-de-louest-o-marianne","status":"publish","type":"post","link":"https:\/\/culturesco.com\/index.php\/2022\/01\/12\/yvard-force-vive-du-bastion-rock-de-louest-o-marianne\/","title":{"rendered":"YVARD, force vive du bastion rock de l\u2019ouest"},"content":{"rendered":"<h2 style=\"text-align: justify\">L\u2019histoire d\u2019un groupe \u201cEnracin\u00e9\u201d dans le rock fran\u00e7ais<\/h2>\n<p><img data-recalc-dims=\"1\" loading=\"lazy\" decoding=\"async\" class=\"alignnone wp-image-15888 size-large\" src=\"https:\/\/i0.wp.com\/culturesco.com\/wp-content\/uploads\/2022\/01\/Couverture.jpg?resize=696%2C331&#038;ssl=1\" alt=\"Yvard\" width=\"696\" height=\"331\" srcset=\"https:\/\/i0.wp.com\/culturesco.com\/wp-content\/uploads\/2022\/01\/Couverture.jpg?resize=1200%2C570&amp;ssl=1 1200w, https:\/\/i0.wp.com\/culturesco.com\/wp-content\/uploads\/2022\/01\/Couverture.jpg?resize=300%2C142&amp;ssl=1 300w, https:\/\/i0.wp.com\/culturesco.com\/wp-content\/uploads\/2022\/01\/Couverture.jpg?resize=768%2C365&amp;ssl=1 768w, https:\/\/i0.wp.com\/culturesco.com\/wp-content\/uploads\/2022\/01\/Couverture.jpg?resize=1536%2C729&amp;ssl=1 1536w, https:\/\/i0.wp.com\/culturesco.com\/wp-content\/uploads\/2022\/01\/Couverture.jpg?resize=2048%2C972&amp;ssl=1 2048w, https:\/\/i0.wp.com\/culturesco.com\/wp-content\/uploads\/2022\/01\/Couverture.jpg?resize=696%2C330&amp;ssl=1 696w, https:\/\/i0.wp.com\/culturesco.com\/wp-content\/uploads\/2022\/01\/Couverture.jpg?resize=1068%2C507&amp;ssl=1 1068w, https:\/\/i0.wp.com\/culturesco.com\/wp-content\/uploads\/2022\/01\/Couverture.jpg?resize=885%2C420&amp;ssl=1 885w, https:\/\/i0.wp.com\/culturesco.com\/wp-content\/uploads\/2022\/01\/Couverture.jpg?w=600&amp;ssl=1 600w\" sizes=\"auto, (max-width: 696px) 100vw, 696px\" \/><\/p>\n<p style=\"text-align: justify\">Au c\u0153ur du sud-ouest, sur une sc\u00e8ne rock toujours plus active, Yvard cultive un m\u00e9tal frenchy, totalement assum\u00e9 sur son nouvel EP <strong>\u00ab\u00a0<em>Enracin\u00e9\u00a0\u00bb<\/em><\/strong><em>.<\/em>\u00a0On conna\u00eet tous le syndrome du rock fran\u00e7ais. Le <em>complexe du corn-flakes<\/em>, comme dirait <a href=\"https:\/\/fr.wikipedia.org\/wiki\/Matthieu_Chedid\" target=\"_blank\" rel=\"noopener\">Matthieu Chedid<\/a>, a tu\u00e9 dans l&rsquo;\u0153uf bien des vocations. Soyons honn\u00eates, rares sont les groupes trouvant gr\u00e2ce \u00e0 nos oreilles parmi ceux pratiquant la religion du <a href=\"https:\/\/culturesco.com\/index.php\/2022\/01\/08\/comeback-special-de-1968-le-retour-du-roi-presley-baby-what-you-want-me-to-do\/\" target=\"_blank\" rel=\"noopener\">King<\/a> dans la langue de Moli\u00e8re. Shakespeare r\u00e8gne sur le rock comme il a r\u00e9gn\u00e9 sur le th\u00e9\u00e2tre moderne. Il faut donc du courage et beaucoup de conviction pour persister \u00e0 couvrir un riff de guitare \u00e9lectrique avec une prose fran\u00e7aise. <strong>Yvard<\/strong>, groupe de Bordeaux, s\u2019en est fait une sp\u00e9cialit\u00e9, qu\u2019ils revendiquent sans vergogne.<\/p>\n<p><img data-recalc-dims=\"1\" loading=\"lazy\" decoding=\"async\" class=\"size-medium wp-image-15889 aligncenter\" src=\"https:\/\/i0.wp.com\/culturesco.com\/wp-content\/uploads\/2022\/01\/Logo-YVARD-2400x2400-1.jpg?resize=300%2C300&#038;ssl=1\" alt=\"Yvard\" width=\"300\" height=\"300\" srcset=\"https:\/\/i0.wp.com\/culturesco.com\/wp-content\/uploads\/2022\/01\/Logo-YVARD-2400x2400-1.jpg?resize=300%2C300&amp;ssl=1 300w, https:\/\/i0.wp.com\/culturesco.com\/wp-content\/uploads\/2022\/01\/Logo-YVARD-2400x2400-1.jpg?resize=627%2C627&amp;ssl=1 627w, https:\/\/i0.wp.com\/culturesco.com\/wp-content\/uploads\/2022\/01\/Logo-YVARD-2400x2400-1.jpg?resize=150%2C150&amp;ssl=1 150w, https:\/\/i0.wp.com\/culturesco.com\/wp-content\/uploads\/2022\/01\/Logo-YVARD-2400x2400-1.jpg?resize=768%2C768&amp;ssl=1 768w, https:\/\/i0.wp.com\/culturesco.com\/wp-content\/uploads\/2022\/01\/Logo-YVARD-2400x2400-1.jpg?resize=1536%2C1536&amp;ssl=1 1536w, https:\/\/i0.wp.com\/culturesco.com\/wp-content\/uploads\/2022\/01\/Logo-YVARD-2400x2400-1.jpg?resize=2048%2C2048&amp;ssl=1 2048w, https:\/\/i0.wp.com\/culturesco.com\/wp-content\/uploads\/2022\/01\/Logo-YVARD-2400x2400-1.jpg?resize=696%2C696&amp;ssl=1 696w, https:\/\/i0.wp.com\/culturesco.com\/wp-content\/uploads\/2022\/01\/Logo-YVARD-2400x2400-1.jpg?resize=1068%2C1068&amp;ssl=1 1068w, https:\/\/i0.wp.com\/culturesco.com\/wp-content\/uploads\/2022\/01\/Logo-YVARD-2400x2400-1.jpg?resize=420%2C420&amp;ssl=1 420w, https:\/\/i0.wp.com\/culturesco.com\/wp-content\/uploads\/2022\/01\/Logo-YVARD-2400x2400-1.jpg?w=600&amp;ssl=1 600w, https:\/\/i0.wp.com\/culturesco.com\/wp-content\/uploads\/2022\/01\/Logo-YVARD-2400x2400-1.jpg?resize=100%2C100&amp;ssl=1 100w, https:\/\/i0.wp.com\/culturesco.com\/wp-content\/uploads\/2022\/01\/Logo-YVARD-2400x2400-1.jpg?resize=50%2C50&amp;ssl=1 50w\" sizes=\"auto, (max-width: 300px) 100vw, 300px\" \/><\/p>\n<p style=\"text-align: justify\">Car au fond, on le sait bien. La langue d\u00e9livr\u00e9e par le rock importe peu, tant qu\u2019elle atteint son but, et qu\u2019elle vient des tripes\u2026<\/p>\n<h3 style=\"text-align: justify\">Yvard &#8211; O Marianne<\/h3>\n<div class=\"youtube-embed\" data-video_id=\"FWzRSDFgPsI\"><iframe loading=\"lazy\" title=\"YVARD - O MARIANNE - [CLIP OFFICIEL] - VERSION ROCK ALTERNATIF\" width=\"696\" height=\"392\" src=\"https:\/\/www.youtube.com\/embed\/FWzRSDFgPsI\" frameborder=\"0\" allow=\"accelerometer; autoplay; clipboard-write; encrypted-media; gyroscope; picture-in-picture; web-share\" referrerpolicy=\"strict-origin-when-cross-origin\" allowfullscreen><\/iframe><\/div>\n<p style=\"text-align: justify\">Si l\u2019\u00e9cho de <a href=\"https:\/\/culturesco.com\/index.php\/2021\/09\/19\/mes-annees-trust-du-vecu-par-vivi-antisocial-marche-ou-creve-ideal\/\" target=\"_blank\" rel=\"noopener\">Trust<\/a> et <a href=\"https:\/\/culturesco.com\/index.php\/2021\/09\/11\/des-visages-des-figures-le-final-hypnotique-de-noir-desir-le-vent-nous-portera-lost\/\" target=\"_blank\" rel=\"noopener\">Noir D\u00e9sir<\/a> se fait entendre, c\u2019est par le biais du m\u00e9tal soci\u00e9tal pour le premier, et celui d\u2019un h\u00e9ritage l\u00e9gitime du rock de la c\u00f4te ouest pour le second. Les sonorit\u00e9s \u00e9lectro viennent donner \u00e0 <strong>Yvard<\/strong>, une richesse sonore tr\u00e8s personnelle.\u00a0Apr\u00e8s un premier EP (<em>Vue d\u2019ici<\/em>), publi\u00e9 sous une mouture \u00e9largie en 2016, le groupe d\u00e9livre une seconde galette en 2020, intitul\u00e9e <strong>\u00ab\u00a0<em>Enracin\u00e9\u00a0\u00bb<\/em><\/strong>. Ancr\u00e9 dans le troisi\u00e8me mill\u00e9naire, <strong>Yvard<\/strong> est d\u00e9sormais un combo \u00e0 deux t\u00eates.<\/p>\n<figure id=\"attachment_15851\" aria-describedby=\"caption-attachment-15851\" style=\"width: 264px\" class=\"wp-caption aligncenter\"><img data-recalc-dims=\"1\" loading=\"lazy\" decoding=\"async\" class=\"wp-image-15851 size-medium\" src=\"https:\/\/i0.wp.com\/culturesco.com\/wp-content\/uploads\/2022\/01\/David-fum.webp?resize=264%2C300&#038;ssl=1\" alt=\"Yvard\" width=\"264\" height=\"300\" srcset=\"https:\/\/i0.wp.com\/culturesco.com\/wp-content\/uploads\/2022\/01\/David-fum.webp?resize=264%2C300&amp;ssl=1 264w, https:\/\/i0.wp.com\/culturesco.com\/wp-content\/uploads\/2022\/01\/David-fum.webp?w=350&amp;ssl=1 350w\" sizes=\"auto, (max-width: 264px) 100vw, 264px\" \/><figcaption id=\"caption-attachment-15851\" class=\"wp-caption-text\">David M. Thurisaz<\/figcaption><\/figure>\n<p><strong style=\"text-align: justify\">David M.Thurisaz<\/strong><span style=\"text-align: justify\"> (chant et guitare), et <\/span><strong style=\"text-align: justify\">Kris Yera<\/strong><span style=\"text-align: justify\"> (basse, samples), deux amis d\u2019enfance ayant parcouru le monde, apr\u00e8s avoir baign\u00e9 dans le courant alternatif de <\/span><a style=\"text-align: justify\" href=\"https:\/\/culturesco.com\/index.php\/2020\/10\/06\/requiem-pour-un-keupon-de-remi-pepin\/\" target=\"_blank\" rel=\"noopener\">B\u00e9rurier Noir<\/a><span style=\"text-align: justify\"> et des <\/span><a style=\"text-align: justify\" href=\"https:\/\/culturesco.com\/index.php\/2019\/02\/01\/pigalle-et-francois-hadji-lazaro-dans-la-salle-du-bar-tabac-de-la-rue-des-martyrs\/\" target=\"_blank\" rel=\"noopener\">Gar\u00e7ons Bouchers<\/a><span style=\"text-align: justify\">. Ils se retrouvent \u00e0 point nomm\u00e9, au carrefour de leurs p\u00e9r\u00e9grinations respectives.<\/span><\/p>\n<figure id=\"attachment_15852\" aria-describedby=\"caption-attachment-15852\" style=\"width: 256px\" class=\"wp-caption aligncenter\"><a href=\"https:\/\/i0.wp.com\/culturesco.com\/wp-content\/uploads\/2022\/01\/Kriss-fum.webp?ssl=1\"><img data-recalc-dims=\"1\" loading=\"lazy\" decoding=\"async\" class=\"wp-image-15852 size-medium\" src=\"https:\/\/i0.wp.com\/culturesco.com\/wp-content\/uploads\/2022\/01\/Kriss-fum.webp?resize=256%2C300&#038;ssl=1\" alt=\"\" width=\"256\" height=\"300\" srcset=\"https:\/\/i0.wp.com\/culturesco.com\/wp-content\/uploads\/2022\/01\/Kriss-fum.webp?resize=256%2C300&amp;ssl=1 256w, https:\/\/i0.wp.com\/culturesco.com\/wp-content\/uploads\/2022\/01\/Kriss-fum.webp?w=350&amp;ssl=1 350w\" sizes=\"auto, (max-width: 256px) 100vw, 256px\" \/><\/a><figcaption id=\"caption-attachment-15852\" class=\"wp-caption-text\">Kris Yera<\/figcaption><\/figure>\n<p>Le second dessine des paysages sonores, parfois apocalyptiques, \u00e9pousant les riffs ac\u00e9r\u00e9s du premier, et illustrant parfaitement son verbe acerbe et d\u00e9senchant\u00e9.<\/p>\n<h3 style=\"text-align: justify\">Yvard &#8211; Jana<\/h3>\n<div class=\"youtube-embed\" data-video_id=\"Rug6t8paMPg\"><iframe loading=\"lazy\" title=\"Jana\" width=\"696\" height=\"522\" src=\"https:\/\/www.youtube.com\/embed\/Rug6t8paMPg\" frameborder=\"0\" allow=\"accelerometer; autoplay; clipboard-write; encrypted-media; gyroscope; picture-in-picture; web-share\" referrerpolicy=\"strict-origin-when-cross-origin\" allowfullscreen><\/iframe><\/div>\n<p style=\"text-align: justify\"><strong>Yvard<\/strong> pratique un rock g\u00e9n\u00e9reux. Le message limpide de <strong>David Thurisaz<\/strong> n\u2019est pas nombriliste, ni moralisateur. Avec une empathie \u00e9vidente, il se fait la voix du d\u00e9sespoir et de la souffrance d\u2019un peuple ayant perdu ses illusions. Il pr\u00f4ne l\u2019enracinement culturel comme un mode d\u2019introspection. Dans le but d\u2019adoucir les plaies des d\u00e9munis, victimes de la guerre, des conflits d&rsquo;int\u00e9r\u00eat, de l\u2019injustice, de l\u2019exil. Mais aussi de troubler le sommeil paisible des puissants\u2026<\/p>\n<h3 style=\"text-align: justify\">Yvard &#8211; Le roi s\u2019endort<\/h3>\n<div class=\"youtube-embed\" data-video_id=\"DWQO1sYs55o\"><iframe loading=\"lazy\" title=\"Le roi s&#039;endort\" width=\"696\" height=\"522\" src=\"https:\/\/www.youtube.com\/embed\/DWQO1sYs55o\" frameborder=\"0\" allow=\"accelerometer; autoplay; clipboard-write; encrypted-media; gyroscope; picture-in-picture; web-share\" referrerpolicy=\"strict-origin-when-cross-origin\" allowfullscreen><\/iframe><\/div>\n<p style=\"text-align: justify\">Sur des instrumentaux sombres, all\u00e9g\u00e9s par des percussions \u00e9lectroniques, la po\u00e9sie viscerale et r\u00e9aliste du chanteur d\u00e9roule un tapis noir, carte postale grisonnante aux reflets m\u00e9talliques de notre \u00e9poque. C\u2019est le c\u0153ur meurtri de plusieurs g\u00e9n\u00e9rations qui bat dans ce second EP.<\/p>\n<p style=\"text-align: justify\">L\u2019overdose \u00ab\u00a0<em>guerre, Covid, stress et pognon<\/em>\u00ab\u00a0, donnant naissance \u00e0 un nouveau genre de rock hexagonal, chrom\u00e9, habit\u00e9 et expiatoire, <strong>\u00ab\u00a0<em>Enracin\u00e9\u00a0\u00bb<\/em><\/strong> se place \u00e0 l\u2019avant-garde de ce courant. Et <strong>Yvard<\/strong>, en amont.<\/p>\n<p>Serge Debono<\/p>\n<p style=\"text-align: justify\">Si vous souhaitez faire l&rsquo;acquisition de leur EP 5 titres <em><a href=\"https:\/\/chez-simone.fr\/produit\/yvard-ep-numerique-ebook-enracine-2021\/?fbclid=IwAR3p97sgQG9DC9--MRAAI9a44BtVMTccPPP7xJ1O-uHRI-UJ9zIh\" target=\"_blank\" rel=\"noopener\"><strong>\u00ab\u00a0Enracin\u00e9\u00a0\u00bb<\/strong><\/a><\/em>, c&rsquo;est par <a href=\"https:\/\/chez-simone.fr\/produit\/yvard-ep-numerique-ebook-enracine-2021\/?fbclid=IwAR3p97sgQG9DC9--MRAAI9a44BtVMTccPPP7xJ1O-uHRI-UJ9zIh\" target=\"_blank\" rel=\"noopener\">ici.<\/a><\/p>\n<p><img data-recalc-dims=\"1\" loading=\"lazy\" decoding=\"async\" class=\"size-full wp-image-15855 aligncenter\" src=\"https:\/\/i0.wp.com\/culturesco.com\/wp-content\/uploads\/2022\/01\/YVARD-ENRACINE.webp?resize=220%2C220&#038;ssl=1\" alt=\"Enracin\u00e9\" width=\"220\" height=\"220\" srcset=\"https:\/\/i0.wp.com\/culturesco.com\/wp-content\/uploads\/2022\/01\/YVARD-ENRACINE.webp?w=220&amp;ssl=1 220w, https:\/\/i0.wp.com\/culturesco.com\/wp-content\/uploads\/2022\/01\/YVARD-ENRACINE.webp?resize=150%2C150&amp;ssl=1 150w, https:\/\/i0.wp.com\/culturesco.com\/wp-content\/uploads\/2022\/01\/YVARD-ENRACINE.webp?resize=100%2C100&amp;ssl=1 100w, https:\/\/i0.wp.com\/culturesco.com\/wp-content\/uploads\/2022\/01\/YVARD-ENRACINE.webp?resize=50%2C50&amp;ssl=1 50w\" sizes=\"auto, (max-width: 220px) 100vw, 220px\" \/><\/p>\n","protected":false},"excerpt":{"rendered":"<p>L\u2019histoire d\u2019un groupe \u201cEnracin\u00e9\u201d dans le rock fran\u00e7ais Au c\u0153ur du sud-ouest, sur une sc\u00e8ne rock toujours plus active, Yvard cultive un m\u00e9tal frenchy, totalement assum\u00e9 sur son nouvel EP \u00ab\u00a0Enracin\u00e9\u00a0\u00bb.\u00a0On conna\u00eet tous le syndrome du rock fran\u00e7ais. Le complexe du corn-flakes, comme dirait Matthieu Chedid, a tu\u00e9 dans l&rsquo;\u0153uf bien des vocations. Soyons honn\u00eates, [&hellip;]<\/p>\n","protected":false},"author":15,"featured_media":15856,"comment_status":"open","ping_status":"open","sticky":false,"template":"","format":"image","meta":{"jetpack_post_was_ever_published":false,"tdm_status":"","tdm_grid_status":"","_jetpack_newsletter_access":"","_jetpack_dont_email_post_to_subs":false,"_jetpack_newsletter_tier_id":0,"_jetpack_memberships_contains_paywalled_content":false,"_jetpack_memberships_contains_paid_content":false,"footnotes":""},"categories":[30,36],"tags":[37,40,7625,52,50,8730,46,51],"class_list":{"0":"post-15850","1":"post","2":"type-post","3":"status-publish","4":"format-image","5":"has-post-thumbnail","7":"category-albums-rock","8":"category-groupes-rock-daujourdhui","9":"tag-album-rock","10":"tag-chanson-francaise","11":"tag-electro-rock","12":"tag-groupe-rock-actuel","13":"tag-hard-rock","14":"tag-metal","15":"tag-punk","16":"tag-rock-francais","17":"post_format-post-format-image"},"yoast_head":"<!-- This site is optimized with the Yoast SEO plugin v27.4 - https:\/\/yoast.com\/product\/yoast-seo-wordpress\/ -->\n<title>YVARD, force vive du bastion rock de l\u2019ouest - Culturesco<\/title>\n<meta name=\"description\" content=\"CulturesCo | Nouvelle force vive de la c\u00f4te ouest fran\u00e7aise, Yvard revendique un rock fran\u00e7ais r\u00e9aliste et visc\u00e9ral, en accord avec son temps\" \/>\n<meta name=\"robots\" content=\"index, follow, max-snippet:-1, max-image-preview:large, max-video-preview:-1\" \/>\n<link rel=\"canonical\" href=\"https:\/\/culturesco.com\/index.php\/2022\/01\/12\/yvard-force-vive-du-bastion-rock-de-louest-o-marianne\/\" \/>\n<meta property=\"og:locale\" content=\"fr_FR\" \/>\n<meta property=\"og:type\" content=\"article\" \/>\n<meta property=\"og:title\" content=\"YVARD, force vive du bastion rock de l\u2019ouest - Culturesco\" \/>\n<meta property=\"og:description\" content=\"CulturesCo | Nouvelle force vive de la c\u00f4te ouest fran\u00e7aise, Yvard revendique un rock fran\u00e7ais r\u00e9aliste et visc\u00e9ral, en accord avec son temps\" \/>\n<meta property=\"og:url\" content=\"https:\/\/culturesco.com\/index.php\/2022\/01\/12\/yvard-force-vive-du-bastion-rock-de-louest-o-marianne\/\" \/>\n<meta property=\"og:site_name\" content=\"Culturesco\" \/>\n<meta property=\"article:publisher\" content=\"https:\/\/www.facebook.com\/radioculturesco\" \/>\n<meta property=\"article:published_time\" content=\"2022-01-12T17:34:33+00:00\" \/>\n<meta property=\"article:modified_time\" content=\"2022-01-12T18:49:28+00:00\" \/>\n<meta property=\"og:image\" content=\"https:\/\/culturesco.com\/wp-content\/uploads\/2022\/01\/safe_image.jpeg\" \/>\n\t<meta property=\"og:image:width\" content=\"600\" \/>\n\t<meta property=\"og:image:height\" content=\"338\" \/>\n\t<meta property=\"og:image:type\" content=\"image\/jpeg\" \/>\n<meta name=\"author\" content=\"Serge Debono\" \/>\n<meta name=\"twitter:card\" content=\"summary_large_image\" \/>\n<meta name=\"twitter:creator\" content=\"@AugusteMarshal\" \/>\n<meta name=\"twitter:site\" content=\"@AugusteMarshal\" \/>\n<meta name=\"twitter:label1\" content=\"\u00c9crit par\" \/>\n\t<meta name=\"twitter:data1\" content=\"Serge Debono\" \/>\n\t<meta name=\"twitter:label2\" content=\"Dur\u00e9e de lecture estim\u00e9e\" \/>\n\t<meta name=\"twitter:data2\" content=\"4 minutes\" \/>\n<script type=\"application\/ld+json\" class=\"yoast-schema-graph\">{\"@context\":\"https:\\\/\\\/schema.org\",\"@graph\":[{\"@type\":\"Article\",\"@id\":\"https:\\\/\\\/culturesco.com\\\/index.php\\\/2022\\\/01\\\/12\\\/yvard-force-vive-du-bastion-rock-de-louest-o-marianne\\\/#article\",\"isPartOf\":{\"@id\":\"https:\\\/\\\/culturesco.com\\\/index.php\\\/2022\\\/01\\\/12\\\/yvard-force-vive-du-bastion-rock-de-louest-o-marianne\\\/\"},\"author\":{\"name\":\"Serge Debono\",\"@id\":\"https:\\\/\\\/culturesco.com\\\/#\\\/schema\\\/person\\\/3bb0040ed615ad5553a08cf2d68ec38e\"},\"headline\":\"YVARD, force vive du bastion rock de l\u2019ouest\",\"datePublished\":\"2022-01-12T17:34:33+00:00\",\"dateModified\":\"2022-01-12T18:49:28+00:00\",\"mainEntityOfPage\":{\"@id\":\"https:\\\/\\\/culturesco.com\\\/index.php\\\/2022\\\/01\\\/12\\\/yvard-force-vive-du-bastion-rock-de-louest-o-marianne\\\/\"},\"wordCount\":596,\"commentCount\":0,\"publisher\":{\"@id\":\"https:\\\/\\\/culturesco.com\\\/#organization\"},\"image\":{\"@id\":\"https:\\\/\\\/culturesco.com\\\/index.php\\\/2022\\\/01\\\/12\\\/yvard-force-vive-du-bastion-rock-de-louest-o-marianne\\\/#primaryimage\"},\"thumbnailUrl\":\"https:\\\/\\\/i0.wp.com\\\/culturesco.com\\\/wp-content\\\/uploads\\\/2022\\\/01\\\/safe_image.jpeg?fit=600%2C338&ssl=1\",\"keywords\":[\"album rock\",\"chanson fran\u00e7aise\",\"Electro rock\",\"groupe rock actuel\",\"hard rock\",\"m\u00e9tal\",\"punk\",\"Rock fran\u00e7ais\"],\"articleSection\":[\"Albums rock\",\"Groupes rock d'aujourd'hui\"],\"inLanguage\":\"fr-FR\",\"potentialAction\":[{\"@type\":\"CommentAction\",\"name\":\"Comment\",\"target\":[\"https:\\\/\\\/culturesco.com\\\/index.php\\\/2022\\\/01\\\/12\\\/yvard-force-vive-du-bastion-rock-de-louest-o-marianne\\\/#respond\"]}]},{\"@type\":\"WebPage\",\"@id\":\"https:\\\/\\\/culturesco.com\\\/index.php\\\/2022\\\/01\\\/12\\\/yvard-force-vive-du-bastion-rock-de-louest-o-marianne\\\/\",\"url\":\"https:\\\/\\\/culturesco.com\\\/index.php\\\/2022\\\/01\\\/12\\\/yvard-force-vive-du-bastion-rock-de-louest-o-marianne\\\/\",\"name\":\"YVARD, force vive du bastion rock de l\u2019ouest - Culturesco\",\"isPartOf\":{\"@id\":\"https:\\\/\\\/culturesco.com\\\/#website\"},\"primaryImageOfPage\":{\"@id\":\"https:\\\/\\\/culturesco.com\\\/index.php\\\/2022\\\/01\\\/12\\\/yvard-force-vive-du-bastion-rock-de-louest-o-marianne\\\/#primaryimage\"},\"image\":{\"@id\":\"https:\\\/\\\/culturesco.com\\\/index.php\\\/2022\\\/01\\\/12\\\/yvard-force-vive-du-bastion-rock-de-louest-o-marianne\\\/#primaryimage\"},\"thumbnailUrl\":\"https:\\\/\\\/i0.wp.com\\\/culturesco.com\\\/wp-content\\\/uploads\\\/2022\\\/01\\\/safe_image.jpeg?fit=600%2C338&ssl=1\",\"datePublished\":\"2022-01-12T17:34:33+00:00\",\"dateModified\":\"2022-01-12T18:49:28+00:00\",\"description\":\"CulturesCo | Nouvelle force vive de la c\u00f4te ouest fran\u00e7aise, Yvard revendique un rock fran\u00e7ais r\u00e9aliste et visc\u00e9ral, en accord avec son temps\",\"breadcrumb\":{\"@id\":\"https:\\\/\\\/culturesco.com\\\/index.php\\\/2022\\\/01\\\/12\\\/yvard-force-vive-du-bastion-rock-de-louest-o-marianne\\\/#breadcrumb\"},\"inLanguage\":\"fr-FR\",\"potentialAction\":[{\"@type\":\"ReadAction\",\"target\":[\"https:\\\/\\\/culturesco.com\\\/index.php\\\/2022\\\/01\\\/12\\\/yvard-force-vive-du-bastion-rock-de-louest-o-marianne\\\/\"]}]},{\"@type\":\"ImageObject\",\"inLanguage\":\"fr-FR\",\"@id\":\"https:\\\/\\\/culturesco.com\\\/index.php\\\/2022\\\/01\\\/12\\\/yvard-force-vive-du-bastion-rock-de-louest-o-marianne\\\/#primaryimage\",\"url\":\"https:\\\/\\\/i0.wp.com\\\/culturesco.com\\\/wp-content\\\/uploads\\\/2022\\\/01\\\/safe_image.jpeg?fit=600%2C338&ssl=1\",\"contentUrl\":\"https:\\\/\\\/i0.wp.com\\\/culturesco.com\\\/wp-content\\\/uploads\\\/2022\\\/01\\\/safe_image.jpeg?fit=600%2C338&ssl=1\",\"width\":600,\"height\":338},{\"@type\":\"BreadcrumbList\",\"@id\":\"https:\\\/\\\/culturesco.com\\\/index.php\\\/2022\\\/01\\\/12\\\/yvard-force-vive-du-bastion-rock-de-louest-o-marianne\\\/#breadcrumb\",\"itemListElement\":[{\"@type\":\"ListItem\",\"position\":1,\"name\":\"Accueil\",\"item\":\"https:\\\/\\\/culturesco.com\\\/\"},{\"@type\":\"ListItem\",\"position\":2,\"name\":\"YVARD, force vive du bastion rock de l\u2019ouest\"}]},{\"@type\":\"WebSite\",\"@id\":\"https:\\\/\\\/culturesco.com\\\/#website\",\"url\":\"https:\\\/\\\/culturesco.com\\\/\",\"name\":\"Culturesco\",\"description\":\"Culturesco | Un bon coup de pied dans ta Culture\",\"publisher\":{\"@id\":\"https:\\\/\\\/culturesco.com\\\/#organization\"},\"potentialAction\":[{\"@type\":\"SearchAction\",\"target\":{\"@type\":\"EntryPoint\",\"urlTemplate\":\"https:\\\/\\\/culturesco.com\\\/?s={search_term_string}\"},\"query-input\":{\"@type\":\"PropertyValueSpecification\",\"valueRequired\":true,\"valueName\":\"search_term_string\"}}],\"inLanguage\":\"fr-FR\"},{\"@type\":\"Organization\",\"@id\":\"https:\\\/\\\/culturesco.com\\\/#organization\",\"name\":\"CULTURESCO\",\"url\":\"https:\\\/\\\/culturesco.com\\\/\",\"logo\":{\"@type\":\"ImageObject\",\"inLanguage\":\"fr-FR\",\"@id\":\"https:\\\/\\\/culturesco.com\\\/#\\\/schema\\\/logo\\\/image\\\/\",\"url\":\"https:\\\/\\\/i0.wp.com\\\/culturesco.com\\\/wp-content\\\/uploads\\\/2022\\\/04\\\/culturesco-logo-blanc250p.png?fit=250%2C250&ssl=1\",\"contentUrl\":\"https:\\\/\\\/i0.wp.com\\\/culturesco.com\\\/wp-content\\\/uploads\\\/2022\\\/04\\\/culturesco-logo-blanc250p.png?fit=250%2C250&ssl=1\",\"width\":250,\"height\":250,\"caption\":\"CULTURESCO\"},\"image\":{\"@id\":\"https:\\\/\\\/culturesco.com\\\/#\\\/schema\\\/logo\\\/image\\\/\"},\"sameAs\":[\"https:\\\/\\\/www.facebook.com\\\/radioculturesco\",\"https:\\\/\\\/x.com\\\/AugusteMarshal\",\"https:\\\/\\\/www.instagram.com\\\/carotte_rock_culture\\\/\",\"https:\\\/\\\/www.pinterest.fr\\\/augustemarshal\\\/\",\"https:\\\/\\\/www.youtube.com\\\/channel\\\/UCiWLGffqWSXlNnfzp6YwwyQ\"]},{\"@type\":\"Person\",\"@id\":\"https:\\\/\\\/culturesco.com\\\/#\\\/schema\\\/person\\\/3bb0040ed615ad5553a08cf2d68ec38e\",\"name\":\"Serge Debono\",\"image\":{\"@type\":\"ImageObject\",\"inLanguage\":\"fr-FR\",\"@id\":\"https:\\\/\\\/i0.wp.com\\\/culturesco.com\\\/wp-content\\\/uploads\\\/2022\\\/05\\\/60002991_386930685257671_7441165878386753536_n.jpg?fit=96%2C96&ssl=1\",\"url\":\"https:\\\/\\\/i0.wp.com\\\/culturesco.com\\\/wp-content\\\/uploads\\\/2022\\\/05\\\/60002991_386930685257671_7441165878386753536_n.jpg?fit=96%2C96&ssl=1\",\"contentUrl\":\"https:\\\/\\\/i0.wp.com\\\/culturesco.com\\\/wp-content\\\/uploads\\\/2022\\\/05\\\/60002991_386930685257671_7441165878386753536_n.jpg?fit=96%2C96&ssl=1\",\"caption\":\"Serge Debono\"},\"description\":\"Passionn\u00e9 de musique 60's et 70's, Serge Debono est l'auteur de \\\"Crossroads, dans l'ombre de Jimi Hendrix\\\", un livre \u00e0 mi-chemin entre le roman initiatique et le conte rock, ainsi que d'une analyse du premier opus des Doors, tous deux publi\u00e9s aux Editions Andr\u00e9 Odemard. Il est \u00e9galement chroniqueur et auteur de fictions sur le site Cultures Co, la page FB Carottes Rock Culture, ainsi que animateur sur la radio web Pop Culture.\",\"url\":\"https:\\\/\\\/culturesco.com\\\/index.php\\\/author\\\/serge-debono\\\/\"}]}<\/script>\n<!-- \/ Yoast SEO plugin. -->","yoast_head_json":{"title":"YVARD, force vive du bastion rock de l\u2019ouest - Culturesco","description":"CulturesCo | Nouvelle force vive de la c\u00f4te ouest fran\u00e7aise, Yvard revendique un rock fran\u00e7ais r\u00e9aliste et visc\u00e9ral, en accord avec son temps","robots":{"index":"index","follow":"follow","max-snippet":"max-snippet:-1","max-image-preview":"max-image-preview:large","max-video-preview":"max-video-preview:-1"},"canonical":"https:\/\/culturesco.com\/index.php\/2022\/01\/12\/yvard-force-vive-du-bastion-rock-de-louest-o-marianne\/","og_locale":"fr_FR","og_type":"article","og_title":"YVARD, force vive du bastion rock de l\u2019ouest - Culturesco","og_description":"CulturesCo | Nouvelle force vive de la c\u00f4te ouest fran\u00e7aise, Yvard revendique un rock fran\u00e7ais r\u00e9aliste et visc\u00e9ral, en accord avec son temps","og_url":"https:\/\/culturesco.com\/index.php\/2022\/01\/12\/yvard-force-vive-du-bastion-rock-de-louest-o-marianne\/","og_site_name":"Culturesco","article_publisher":"https:\/\/www.facebook.com\/radioculturesco","article_published_time":"2022-01-12T17:34:33+00:00","article_modified_time":"2022-01-12T18:49:28+00:00","og_image":[{"width":600,"height":338,"url":"https:\/\/culturesco.com\/wp-content\/uploads\/2022\/01\/safe_image.jpeg","type":"image\/jpeg"}],"author":"Serge Debono","twitter_card":"summary_large_image","twitter_creator":"@AugusteMarshal","twitter_site":"@AugusteMarshal","twitter_misc":{"\u00c9crit par":"Serge Debono","Dur\u00e9e de lecture estim\u00e9e":"4 minutes"},"schema":{"@context":"https:\/\/schema.org","@graph":[{"@type":"Article","@id":"https:\/\/culturesco.com\/index.php\/2022\/01\/12\/yvard-force-vive-du-bastion-rock-de-louest-o-marianne\/#article","isPartOf":{"@id":"https:\/\/culturesco.com\/index.php\/2022\/01\/12\/yvard-force-vive-du-bastion-rock-de-louest-o-marianne\/"},"author":{"name":"Serge Debono","@id":"https:\/\/culturesco.com\/#\/schema\/person\/3bb0040ed615ad5553a08cf2d68ec38e"},"headline":"YVARD, force vive du bastion rock de l\u2019ouest","datePublished":"2022-01-12T17:34:33+00:00","dateModified":"2022-01-12T18:49:28+00:00","mainEntityOfPage":{"@id":"https:\/\/culturesco.com\/index.php\/2022\/01\/12\/yvard-force-vive-du-bastion-rock-de-louest-o-marianne\/"},"wordCount":596,"commentCount":0,"publisher":{"@id":"https:\/\/culturesco.com\/#organization"},"image":{"@id":"https:\/\/culturesco.com\/index.php\/2022\/01\/12\/yvard-force-vive-du-bastion-rock-de-louest-o-marianne\/#primaryimage"},"thumbnailUrl":"https:\/\/i0.wp.com\/culturesco.com\/wp-content\/uploads\/2022\/01\/safe_image.jpeg?fit=600%2C338&ssl=1","keywords":["album rock","chanson fran\u00e7aise","Electro rock","groupe rock actuel","hard rock","m\u00e9tal","punk","Rock fran\u00e7ais"],"articleSection":["Albums rock","Groupes rock d'aujourd'hui"],"inLanguage":"fr-FR","potentialAction":[{"@type":"CommentAction","name":"Comment","target":["https:\/\/culturesco.com\/index.php\/2022\/01\/12\/yvard-force-vive-du-bastion-rock-de-louest-o-marianne\/#respond"]}]},{"@type":"WebPage","@id":"https:\/\/culturesco.com\/index.php\/2022\/01\/12\/yvard-force-vive-du-bastion-rock-de-louest-o-marianne\/","url":"https:\/\/culturesco.com\/index.php\/2022\/01\/12\/yvard-force-vive-du-bastion-rock-de-louest-o-marianne\/","name":"YVARD, force vive du bastion rock de l\u2019ouest - Culturesco","isPartOf":{"@id":"https:\/\/culturesco.com\/#website"},"primaryImageOfPage":{"@id":"https:\/\/culturesco.com\/index.php\/2022\/01\/12\/yvard-force-vive-du-bastion-rock-de-louest-o-marianne\/#primaryimage"},"image":{"@id":"https:\/\/culturesco.com\/index.php\/2022\/01\/12\/yvard-force-vive-du-bastion-rock-de-louest-o-marianne\/#primaryimage"},"thumbnailUrl":"https:\/\/i0.wp.com\/culturesco.com\/wp-content\/uploads\/2022\/01\/safe_image.jpeg?fit=600%2C338&ssl=1","datePublished":"2022-01-12T17:34:33+00:00","dateModified":"2022-01-12T18:49:28+00:00","description":"CulturesCo | Nouvelle force vive de la c\u00f4te ouest fran\u00e7aise, Yvard revendique un rock fran\u00e7ais r\u00e9aliste et visc\u00e9ral, en accord avec son temps","breadcrumb":{"@id":"https:\/\/culturesco.com\/index.php\/2022\/01\/12\/yvard-force-vive-du-bastion-rock-de-louest-o-marianne\/#breadcrumb"},"inLanguage":"fr-FR","potentialAction":[{"@type":"ReadAction","target":["https:\/\/culturesco.com\/index.php\/2022\/01\/12\/yvard-force-vive-du-bastion-rock-de-louest-o-marianne\/"]}]},{"@type":"ImageObject","inLanguage":"fr-FR","@id":"https:\/\/culturesco.com\/index.php\/2022\/01\/12\/yvard-force-vive-du-bastion-rock-de-louest-o-marianne\/#primaryimage","url":"https:\/\/i0.wp.com\/culturesco.com\/wp-content\/uploads\/2022\/01\/safe_image.jpeg?fit=600%2C338&ssl=1","contentUrl":"https:\/\/i0.wp.com\/culturesco.com\/wp-content\/uploads\/2022\/01\/safe_image.jpeg?fit=600%2C338&ssl=1","width":600,"height":338},{"@type":"BreadcrumbList","@id":"https:\/\/culturesco.com\/index.php\/2022\/01\/12\/yvard-force-vive-du-bastion-rock-de-louest-o-marianne\/#breadcrumb","itemListElement":[{"@type":"ListItem","position":1,"name":"Accueil","item":"https:\/\/culturesco.com\/"},{"@type":"ListItem","position":2,"name":"YVARD, force vive du bastion rock de l\u2019ouest"}]},{"@type":"WebSite","@id":"https:\/\/culturesco.com\/#website","url":"https:\/\/culturesco.com\/","name":"Culturesco","description":"Culturesco | Un bon coup de pied dans ta Culture","publisher":{"@id":"https:\/\/culturesco.com\/#organization"},"potentialAction":[{"@type":"SearchAction","target":{"@type":"EntryPoint","urlTemplate":"https:\/\/culturesco.com\/?s={search_term_string}"},"query-input":{"@type":"PropertyValueSpecification","valueRequired":true,"valueName":"search_term_string"}}],"inLanguage":"fr-FR"},{"@type":"Organization","@id":"https:\/\/culturesco.com\/#organization","name":"CULTURESCO","url":"https:\/\/culturesco.com\/","logo":{"@type":"ImageObject","inLanguage":"fr-FR","@id":"https:\/\/culturesco.com\/#\/schema\/logo\/image\/","url":"https:\/\/i0.wp.com\/culturesco.com\/wp-content\/uploads\/2022\/04\/culturesco-logo-blanc250p.png?fit=250%2C250&ssl=1","contentUrl":"https:\/\/i0.wp.com\/culturesco.com\/wp-content\/uploads\/2022\/04\/culturesco-logo-blanc250p.png?fit=250%2C250&ssl=1","width":250,"height":250,"caption":"CULTURESCO"},"image":{"@id":"https:\/\/culturesco.com\/#\/schema\/logo\/image\/"},"sameAs":["https:\/\/www.facebook.com\/radioculturesco","https:\/\/x.com\/AugusteMarshal","https:\/\/www.instagram.com\/carotte_rock_culture\/","https:\/\/www.pinterest.fr\/augustemarshal\/","https:\/\/www.youtube.com\/channel\/UCiWLGffqWSXlNnfzp6YwwyQ"]},{"@type":"Person","@id":"https:\/\/culturesco.com\/#\/schema\/person\/3bb0040ed615ad5553a08cf2d68ec38e","name":"Serge Debono","image":{"@type":"ImageObject","inLanguage":"fr-FR","@id":"https:\/\/i0.wp.com\/culturesco.com\/wp-content\/uploads\/2022\/05\/60002991_386930685257671_7441165878386753536_n.jpg?fit=96%2C96&ssl=1","url":"https:\/\/i0.wp.com\/culturesco.com\/wp-content\/uploads\/2022\/05\/60002991_386930685257671_7441165878386753536_n.jpg?fit=96%2C96&ssl=1","contentUrl":"https:\/\/i0.wp.com\/culturesco.com\/wp-content\/uploads\/2022\/05\/60002991_386930685257671_7441165878386753536_n.jpg?fit=96%2C96&ssl=1","caption":"Serge Debono"},"description":"Passionn\u00e9 de musique 60's et 70's, Serge Debono est l'auteur de \"Crossroads, dans l'ombre de Jimi Hendrix\", un livre \u00e0 mi-chemin entre le roman initiatique et le conte rock, ainsi que d'une analyse du premier opus des Doors, tous deux publi\u00e9s aux Editions Andr\u00e9 Odemard. Il est \u00e9galement chroniqueur et auteur de fictions sur le site Cultures Co, la page FB Carottes Rock Culture, ainsi que animateur sur la radio web Pop Culture.","url":"https:\/\/culturesco.com\/index.php\/author\/serge-debono\/"}]}},"jetpack_featured_media_url":"https:\/\/i0.wp.com\/culturesco.com\/wp-content\/uploads\/2022\/01\/safe_image.jpeg?fit=600%2C338&ssl=1","jetpack_likes_enabled":true,"jetpack_sharing_enabled":true,"jetpack_shortlink":"https:\/\/wp.me\/paz89I-47E","_links":{"self":[{"href":"https:\/\/culturesco.com\/index.php\/wp-json\/wp\/v2\/posts\/15850","targetHints":{"allow":["GET"]}}],"collection":[{"href":"https:\/\/culturesco.com\/index.php\/wp-json\/wp\/v2\/posts"}],"about":[{"href":"https:\/\/culturesco.com\/index.php\/wp-json\/wp\/v2\/types\/post"}],"author":[{"embeddable":true,"href":"https:\/\/culturesco.com\/index.php\/wp-json\/wp\/v2\/users\/15"}],"replies":[{"embeddable":true,"href":"https:\/\/culturesco.com\/index.php\/wp-json\/wp\/v2\/comments?post=15850"}],"version-history":[{"count":0,"href":"https:\/\/culturesco.com\/index.php\/wp-json\/wp\/v2\/posts\/15850\/revisions"}],"wp:featuredmedia":[{"embeddable":true,"href":"https:\/\/culturesco.com\/index.php\/wp-json\/wp\/v2\/media\/15856"}],"wp:attachment":[{"href":"https:\/\/culturesco.com\/index.php\/wp-json\/wp\/v2\/media?parent=15850"}],"wp:term":[{"taxonomy":"category","embeddable":true,"href":"https:\/\/culturesco.com\/index.php\/wp-json\/wp\/v2\/categories?post=15850"},{"taxonomy":"post_tag","embeddable":true,"href":"https:\/\/culturesco.com\/index.php\/wp-json\/wp\/v2\/tags?post=15850"}],"curies":[{"name":"wp","href":"https:\/\/api.w.org\/{rel}","templated":true}]}}