{"id":15773,"date":"2022-01-03T23:49:06","date_gmt":"2022-01-03T22:49:06","guid":{"rendered":"https:\/\/culturesco.com\/?p=15773"},"modified":"2022-01-03T23:49:06","modified_gmt":"2022-01-03T22:49:06","slug":"albert-camus-inaugure-la-label-kazoku-avec-son-roman-la-peste","status":"publish","type":"post","link":"https:\/\/culturesco.com\/index.php\/2022\/01\/03\/albert-camus-inaugure-la-label-kazoku-avec-son-roman-la-peste\/","title":{"rendered":"La Peste d&rsquo;Albert Camus et le label manga Kazoku"},"content":{"rendered":"<h2>Camus inaugure le label manga Kazoku chez Michel Lafon.<\/h2>\n<p><img data-recalc-dims=\"1\" loading=\"lazy\" decoding=\"async\" class=\"alignnone wp-image-15778 size-full\" src=\"https:\/\/i0.wp.com\/culturesco.com\/wp-content\/uploads\/2022\/01\/AAAA-Bande-dessinee-Camus-001-e1641232239698.jpg?resize=600%2C338&#038;ssl=1\" alt=\"La Peste\" width=\"600\" height=\"338\" \/><\/p>\n<p style=\"text-align: justify\">La Peste, le roman d\u2019<a href=\"https:\/\/culturesco.com\/index.php\/2021\/05\/09\/albert-camus-entre-revolte-et-humanisme-la-peste-l-etranger-prix-nobel-rencontre-avec-maria-casares-biographie\/\" target=\"_blank\" rel=\"noopener\">Albert Camus<\/a> est remis au-devant de la sc\u00e8ne en 2020 avec la pand\u00e9mie. <strong>Aujourd\u2019hui, le chef-d\u2019\u0153uvre de l\u2019\u00e9crivain inaugure le label manga Kazoku<\/strong> des \u00c9ditions <a href=\"https:\/\/fr.wikipedia.org\/wiki\/%C3%89ditions_Michel_Lafon\" target=\"_blank\" rel=\"noopener\">Michel Lafon<\/a>. L\u2019\u00e9diteur nous propose, pour la premi\u00e8re fois, ce classique de la litt\u00e9rature adapt\u00e9 par Ryota Kurumado, dipl\u00f4m\u00e9 de la prestigieuse facult\u00e9 de manga de l\u2019universit\u00e9 Kyoto Seika.<\/p>\n<p style=\"text-align: justify\">Il est d\u00e9j\u00e0 l\u2019auteur de deux s\u00e9ries, dont \u00ab\u00a0Freude\u00a0\u00bb qui \u00e9voque la rencontre de grands noms de la musique classique. Une histoire qui nous transporte dans un endroit merveilleux o\u00f9 <a href=\"https:\/\/fr.wikipedia.org\/wiki\/Ludwig_van_Beethoven\" target=\"_blank\" rel=\"noopener\">Beethoven<\/a> convoque d\u2019autres musiciens comme Mozart, Bach, Liszt, Ravel\u2026.<\/p>\n<p style=\"text-align: justify\">Mineo Miyazaki assure la traduction du roman de Camus; connu pour avoir introduit de nombreux textes fran\u00e7ais au Japon, tels que <a href=\"https:\/\/fr.wikipedia.org\/wiki\/Honor%C3%A9_de_Balzac\" target=\"_blank\" rel=\"noopener\">Honor\u00e9 de Balzac<\/a>, <a href=\"https:\/\/fr.wikipedia.org\/wiki\/George_Sand\" target=\"_blank\" rel=\"noopener\">George Sand<\/a> et d\u00e9j\u00e0 Albert Camus.<\/p>\n<p style=\"text-align: justify\">Francis Buon, install\u00e9 \u00e0 Tokyo devient l\u2019\u00e9diteur du label manga Kazoku. La France tient une place importante dans le march\u00e9 des mangas.<\/p>\n<blockquote>\n<h4 style=\"text-align: justify\">\u00ab\u2009<em>Aujourd\u2019hui, des liens forts existent entre les \u00e9diteurs nippons et les \u00e9diteurs fran\u00e7ais et le march\u00e9 fran\u00e7ais \u00e9tant encore tr\u00e8s attrayant, le Japon est ouvert aux nouveaux venus comme nous avec notre nouvelle collection manga Kazoku.<\/em><em>\u2009<\/em>\u00bb<\/h4>\n<\/blockquote>\n<p>Francis Buon pr\u00e9cise :<\/p>\n<blockquote>\n<h4 style=\"text-align: justify\"><em>\u00ab Notons qu\u2019Albert Camus est un auteur tr\u00e8s appr\u00e9ci\u00e9 au Japon et que l\u2019\u00e9dition nippone de <\/em>La Peste<em> a d\u00e9pass\u00e9 les 1,6 million d\u2019exemplaires vendus. La pand\u00e9mie actuelle a bien s\u00fbr remis ce classique au-devant de la sc\u00e8ne.\u00bb<\/em><\/h4>\n<\/blockquote>\n<p style=\"text-align: justify\">La famille Camus (Catherine et sa fille \u00c9lisabeth) apporte son soutien \u00e0 cette aventure.<\/p>\n<h3>D\u00e9couverte des premi\u00e8res pages de \u00ab\u00a0La Peste\u00a0\u00bb en manga.<\/h3>\n<p>Catherine et sa fille nous livrent leurs impressions\u00a0:<\/p>\n<h4>\u00ab\u2009<em>C\u2019est le dessin, qui nous a imm\u00e9diatement conquises. Ma m\u00e8re trouve le docteur Rieux tr\u00e8s beau<\/em>\u2009\u00bb s\u2019amuse \u00c9lisabeth Maisondieu-Camus.<\/h4>\n<blockquote>\n<h4 style=\"text-align: justify\">\u00ab\u2009Ces s\u00e9quences o\u00f9 l\u2019on se positionne dans l\u2019esprit du personnage m\u2019ont \u00e9tonn\u00e9e. Les blancs expriment beaucoup accol\u00e9s \u00e0 des phrases concises, qui au final pr\u00e9servent l\u2019essentiel du texte. Comme un condens\u00e9, mais avec toutes les id\u00e9es d\u00e9velopp\u00e9es dans l\u2019\u0153uvre originaire. Je trouve l\u2019adaptation du texte par Ryota Kurumado particuli\u00e8rement r\u00e9ussie, et ce n\u2019\u00e9tait pas simple\u2009!\u2009\u00bb<\/h4>\n<\/blockquote>\n<h3 style=\"text-align: justify\">La s\u00e9rie se d\u00e9cline en quatre tomes.<\/h3>\n<p style=\"text-align: justify\">Les volumes un et deux \u00e9dit\u00e9s le 16 septembre 2021. Le tome trois para\u00eetra en janvier 2022, le dernier volume sortira en avril 2022.<\/p>\n<p style=\"text-align: justify\">Le roman de camus \u00ab\u00a0<strong>La Peste<\/strong>\u00a0\u00bb publi\u00e9 en 1947 r\u00e9sonne d\u2019une fa\u00e7on particuli\u00e8re aujourd\u2019hui, en cette p\u00e9riode de pand\u00e9mie. A lire ou \u00e0 relire !<\/p>\n<blockquote>\n<h4 style=\"text-align: justify\">\u00ab &#8230; ce monde sans amour \u00e9tait comme un monde mort et qu&rsquo;il vient toujours une heure o\u00f9 l\u2019on se lasse des prisons, du travail et du courage pour r\u00e9clamer le visage d&rsquo;un \u00eatre et le c\u0153ur \u00e9merveill\u00e9 de la tendresse.\u00bb Albert camus<\/h4>\n<\/blockquote>\n<p>Source : Nicolas Gary<\/p>\n<p>Nic Blanchard-Thibault<\/p>\n<p><a href=\"https:\/\/culturesco.com\/index.php\/2021\/05\/09\/albert-camus-entre-revolte-et-humanisme-la-peste-l-etranger-prix-nobel-rencontre-avec-maria-casares-biographie\/\" target=\"_blank\" rel=\"noopener\">Albert Camus, entre r\u00e9volte et humanisme<\/a><\/p>\n","protected":false},"excerpt":{"rendered":"<p>Camus inaugure le label manga Kazoku chez Michel Lafon. La Peste, le roman d\u2019Albert Camus est remis au-devant de la sc\u00e8ne en 2020 avec la pand\u00e9mie. Aujourd\u2019hui, le chef-d\u2019\u0153uvre de l\u2019\u00e9crivain inaugure le label manga Kazoku des \u00c9ditions Michel Lafon. L\u2019\u00e9diteur nous propose, pour la premi\u00e8re fois, ce classique de la litt\u00e9rature adapt\u00e9 par Ryota [&hellip;]<\/p>\n","protected":false},"author":6,"featured_media":15778,"comment_status":"open","ping_status":"open","sticky":false,"template":"","format":"image","meta":{"jetpack_post_was_ever_published":false,"tdm_status":"","tdm_grid_status":"","_jetpack_newsletter_access":"","_jetpack_dont_email_post_to_subs":false,"_jetpack_newsletter_tier_id":0,"_jetpack_memberships_contains_paywalled_content":false,"_jetpack_memberships_contains_paid_content":false,"footnotes":""},"categories":[21,23,27],"tags":[42],"class_list":{"0":"post-15773","1":"post","2":"type-post","3":"status-publish","4":"format-image","5":"has-post-thumbnail","7":"category-bande-dessinee","8":"category-chroniques-litteraires","9":"category-litterature","10":"tag-litterature","11":"post_format-post-format-image"},"yoast_head":"<!-- This site is optimized with the Yoast SEO plugin v27.5 - https:\/\/yoast.com\/product\/yoast-seo-wordpress\/ -->\n<title>La Peste d&#039;Albert Camus et le label manga Kazoku - Culturesco<\/title>\n<meta name=\"description\" content=\"CulturesCo | Albert Camus | La Peste en Manga | Label Kazoku aux \u00e9ditions Michel Lafon |Ryota Kurumado | Francis Buon|\" \/>\n<meta name=\"robots\" content=\"index, follow, max-snippet:-1, max-image-preview:large, max-video-preview:-1\" \/>\n<link rel=\"canonical\" href=\"https:\/\/culturesco.com\/index.php\/2022\/01\/03\/albert-camus-inaugure-la-label-kazoku-avec-son-roman-la-peste\/\" \/>\n<meta property=\"og:locale\" content=\"fr_FR\" \/>\n<meta property=\"og:type\" content=\"article\" \/>\n<meta property=\"og:title\" content=\"La Peste d&#039;Albert Camus et le label manga Kazoku - Culturesco\" \/>\n<meta property=\"og:description\" content=\"CulturesCo | Albert Camus | La Peste en Manga | Label Kazoku aux \u00e9ditions Michel Lafon |Ryota Kurumado | Francis Buon|\" \/>\n<meta property=\"og:url\" content=\"https:\/\/culturesco.com\/index.php\/2022\/01\/03\/albert-camus-inaugure-la-label-kazoku-avec-son-roman-la-peste\/\" \/>\n<meta property=\"og:site_name\" content=\"Culturesco\" \/>\n<meta property=\"article:publisher\" content=\"https:\/\/www.facebook.com\/radioculturesco\" \/>\n<meta property=\"article:published_time\" content=\"2022-01-03T22:49:06+00:00\" \/>\n<meta property=\"og:image\" content=\"https:\/\/culturesco.com\/wp-content\/uploads\/2022\/01\/AAAA-Bande-dessinee-Camus-001-e1641232239698.jpg\" \/>\n\t<meta property=\"og:image:width\" content=\"600\" \/>\n\t<meta property=\"og:image:height\" content=\"338\" \/>\n\t<meta property=\"og:image:type\" content=\"image\/jpeg\" \/>\n<meta name=\"author\" content=\"Nic Blanchard-Thibault\" \/>\n<meta name=\"twitter:card\" content=\"summary_large_image\" \/>\n<meta name=\"twitter:creator\" content=\"@AugusteMarshal\" \/>\n<meta name=\"twitter:site\" content=\"@AugusteMarshal\" \/>\n<meta name=\"twitter:label1\" content=\"\u00c9crit par\" \/>\n\t<meta name=\"twitter:data1\" content=\"Nic Blanchard-Thibault\" \/>\n\t<meta name=\"twitter:label2\" content=\"Dur\u00e9e de lecture estim\u00e9e\" \/>\n\t<meta name=\"twitter:data2\" content=\"3 minutes\" \/>\n<script type=\"application\/ld+json\" class=\"yoast-schema-graph\">{\"@context\":\"https:\\\/\\\/schema.org\",\"@graph\":[{\"@type\":\"Article\",\"@id\":\"https:\\\/\\\/culturesco.com\\\/index.php\\\/2022\\\/01\\\/03\\\/albert-camus-inaugure-la-label-kazoku-avec-son-roman-la-peste\\\/#article\",\"isPartOf\":{\"@id\":\"https:\\\/\\\/culturesco.com\\\/index.php\\\/2022\\\/01\\\/03\\\/albert-camus-inaugure-la-label-kazoku-avec-son-roman-la-peste\\\/\"},\"author\":{\"name\":\"Nic Blanchard-Thibault\",\"@id\":\"https:\\\/\\\/culturesco.com\\\/#\\\/schema\\\/person\\\/92b4537ac6a2a09eb2304e8bdd0f5919\"},\"headline\":\"La Peste d&rsquo;Albert Camus et le label manga Kazoku\",\"datePublished\":\"2022-01-03T22:49:06+00:00\",\"mainEntityOfPage\":{\"@id\":\"https:\\\/\\\/culturesco.com\\\/index.php\\\/2022\\\/01\\\/03\\\/albert-camus-inaugure-la-label-kazoku-avec-son-roman-la-peste\\\/\"},\"wordCount\":517,\"commentCount\":0,\"publisher\":{\"@id\":\"https:\\\/\\\/culturesco.com\\\/#organization\"},\"image\":{\"@id\":\"https:\\\/\\\/culturesco.com\\\/index.php\\\/2022\\\/01\\\/03\\\/albert-camus-inaugure-la-label-kazoku-avec-son-roman-la-peste\\\/#primaryimage\"},\"thumbnailUrl\":\"https:\\\/\\\/i0.wp.com\\\/culturesco.com\\\/wp-content\\\/uploads\\\/2022\\\/01\\\/AAAA-Bande-dessinee-Camus-001-e1641232239698.jpg?fit=600%2C338&ssl=1\",\"keywords\":[\"litt\u00e9rature\"],\"articleSection\":[\"Bande dessin\u00e9e\",\"Chroniques litt\u00e9raires\",\"Litt\u00e9rature\"],\"inLanguage\":\"fr-FR\",\"potentialAction\":[{\"@type\":\"CommentAction\",\"name\":\"Comment\",\"target\":[\"https:\\\/\\\/culturesco.com\\\/index.php\\\/2022\\\/01\\\/03\\\/albert-camus-inaugure-la-label-kazoku-avec-son-roman-la-peste\\\/#respond\"]}]},{\"@type\":\"WebPage\",\"@id\":\"https:\\\/\\\/culturesco.com\\\/index.php\\\/2022\\\/01\\\/03\\\/albert-camus-inaugure-la-label-kazoku-avec-son-roman-la-peste\\\/\",\"url\":\"https:\\\/\\\/culturesco.com\\\/index.php\\\/2022\\\/01\\\/03\\\/albert-camus-inaugure-la-label-kazoku-avec-son-roman-la-peste\\\/\",\"name\":\"La Peste d'Albert Camus et le label manga Kazoku - Culturesco\",\"isPartOf\":{\"@id\":\"https:\\\/\\\/culturesco.com\\\/#website\"},\"primaryImageOfPage\":{\"@id\":\"https:\\\/\\\/culturesco.com\\\/index.php\\\/2022\\\/01\\\/03\\\/albert-camus-inaugure-la-label-kazoku-avec-son-roman-la-peste\\\/#primaryimage\"},\"image\":{\"@id\":\"https:\\\/\\\/culturesco.com\\\/index.php\\\/2022\\\/01\\\/03\\\/albert-camus-inaugure-la-label-kazoku-avec-son-roman-la-peste\\\/#primaryimage\"},\"thumbnailUrl\":\"https:\\\/\\\/i0.wp.com\\\/culturesco.com\\\/wp-content\\\/uploads\\\/2022\\\/01\\\/AAAA-Bande-dessinee-Camus-001-e1641232239698.jpg?fit=600%2C338&ssl=1\",\"datePublished\":\"2022-01-03T22:49:06+00:00\",\"description\":\"CulturesCo | Albert Camus | La Peste en Manga | Label Kazoku aux \u00e9ditions Michel Lafon |Ryota Kurumado | Francis Buon|\",\"breadcrumb\":{\"@id\":\"https:\\\/\\\/culturesco.com\\\/index.php\\\/2022\\\/01\\\/03\\\/albert-camus-inaugure-la-label-kazoku-avec-son-roman-la-peste\\\/#breadcrumb\"},\"inLanguage\":\"fr-FR\",\"potentialAction\":[{\"@type\":\"ReadAction\",\"target\":[\"https:\\\/\\\/culturesco.com\\\/index.php\\\/2022\\\/01\\\/03\\\/albert-camus-inaugure-la-label-kazoku-avec-son-roman-la-peste\\\/\"]}]},{\"@type\":\"ImageObject\",\"inLanguage\":\"fr-FR\",\"@id\":\"https:\\\/\\\/culturesco.com\\\/index.php\\\/2022\\\/01\\\/03\\\/albert-camus-inaugure-la-label-kazoku-avec-son-roman-la-peste\\\/#primaryimage\",\"url\":\"https:\\\/\\\/i0.wp.com\\\/culturesco.com\\\/wp-content\\\/uploads\\\/2022\\\/01\\\/AAAA-Bande-dessinee-Camus-001-e1641232239698.jpg?fit=600%2C338&ssl=1\",\"contentUrl\":\"https:\\\/\\\/i0.wp.com\\\/culturesco.com\\\/wp-content\\\/uploads\\\/2022\\\/01\\\/AAAA-Bande-dessinee-Camus-001-e1641232239698.jpg?fit=600%2C338&ssl=1\",\"width\":600,\"height\":338,\"caption\":\"La Peste\"},{\"@type\":\"BreadcrumbList\",\"@id\":\"https:\\\/\\\/culturesco.com\\\/index.php\\\/2022\\\/01\\\/03\\\/albert-camus-inaugure-la-label-kazoku-avec-son-roman-la-peste\\\/#breadcrumb\",\"itemListElement\":[{\"@type\":\"ListItem\",\"position\":1,\"name\":\"Accueil\",\"item\":\"https:\\\/\\\/culturesco.com\\\/\"},{\"@type\":\"ListItem\",\"position\":2,\"name\":\"La Peste d&#8217;Albert Camus et le label manga Kazoku\"}]},{\"@type\":\"WebSite\",\"@id\":\"https:\\\/\\\/culturesco.com\\\/#website\",\"url\":\"https:\\\/\\\/culturesco.com\\\/\",\"name\":\"Culturesco\",\"description\":\"Culturesco | Un bon coup de pied dans ta Culture\",\"publisher\":{\"@id\":\"https:\\\/\\\/culturesco.com\\\/#organization\"},\"potentialAction\":[{\"@type\":\"SearchAction\",\"target\":{\"@type\":\"EntryPoint\",\"urlTemplate\":\"https:\\\/\\\/culturesco.com\\\/?s={search_term_string}\"},\"query-input\":{\"@type\":\"PropertyValueSpecification\",\"valueRequired\":true,\"valueName\":\"search_term_string\"}}],\"inLanguage\":\"fr-FR\"},{\"@type\":\"Organization\",\"@id\":\"https:\\\/\\\/culturesco.com\\\/#organization\",\"name\":\"CULTURESCO\",\"url\":\"https:\\\/\\\/culturesco.com\\\/\",\"logo\":{\"@type\":\"ImageObject\",\"inLanguage\":\"fr-FR\",\"@id\":\"https:\\\/\\\/culturesco.com\\\/#\\\/schema\\\/logo\\\/image\\\/\",\"url\":\"https:\\\/\\\/i0.wp.com\\\/culturesco.com\\\/wp-content\\\/uploads\\\/2022\\\/04\\\/culturesco-logo-blanc250p.png?fit=250%2C250&ssl=1\",\"contentUrl\":\"https:\\\/\\\/i0.wp.com\\\/culturesco.com\\\/wp-content\\\/uploads\\\/2022\\\/04\\\/culturesco-logo-blanc250p.png?fit=250%2C250&ssl=1\",\"width\":250,\"height\":250,\"caption\":\"CULTURESCO\"},\"image\":{\"@id\":\"https:\\\/\\\/culturesco.com\\\/#\\\/schema\\\/logo\\\/image\\\/\"},\"sameAs\":[\"https:\\\/\\\/www.facebook.com\\\/radioculturesco\",\"https:\\\/\\\/x.com\\\/AugusteMarshal\",\"https:\\\/\\\/www.instagram.com\\\/carotte_rock_culture\\\/\",\"https:\\\/\\\/www.pinterest.fr\\\/augustemarshal\\\/\",\"https:\\\/\\\/www.youtube.com\\\/channel\\\/UCiWLGffqWSXlNnfzp6YwwyQ\"]},{\"@type\":\"Person\",\"@id\":\"https:\\\/\\\/culturesco.com\\\/#\\\/schema\\\/person\\\/92b4537ac6a2a09eb2304e8bdd0f5919\",\"name\":\"Nic Blanchard-Thibault\",\"image\":{\"@type\":\"ImageObject\",\"inLanguage\":\"fr-FR\",\"@id\":\"https:\\\/\\\/i0.wp.com\\\/culturesco.com\\\/wp-content\\\/uploads\\\/2019\\\/01\\\/nic-blanchard-Thibault.jpg?fit=96%2C79&ssl=1\",\"url\":\"https:\\\/\\\/i0.wp.com\\\/culturesco.com\\\/wp-content\\\/uploads\\\/2019\\\/01\\\/nic-blanchard-Thibault.jpg?fit=96%2C79&ssl=1\",\"contentUrl\":\"https:\\\/\\\/i0.wp.com\\\/culturesco.com\\\/wp-content\\\/uploads\\\/2019\\\/01\\\/nic-blanchard-Thibault.jpg?fit=96%2C79&ssl=1\",\"caption\":\"Nic Blanchard-Thibault\"},\"description\":\"Auteur sur le Blog CulturesCo - Administratrice de la page Facebook Radio Culturesco et du groupe Facebook Radio Cultures and Co - Sp\u00e9cialit\u00e9s : Peinture - Litt\u00e9rature\",\"url\":\"https:\\\/\\\/culturesco.com\\\/index.php\\\/author\\\/nic-blanchard-thibault\\\/\"}]}<\/script>\n<!-- \/ Yoast SEO plugin. -->","yoast_head_json":{"title":"La Peste d'Albert Camus et le label manga Kazoku - Culturesco","description":"CulturesCo | Albert Camus | La Peste en Manga | Label Kazoku aux \u00e9ditions Michel Lafon |Ryota Kurumado | Francis Buon|","robots":{"index":"index","follow":"follow","max-snippet":"max-snippet:-1","max-image-preview":"max-image-preview:large","max-video-preview":"max-video-preview:-1"},"canonical":"https:\/\/culturesco.com\/index.php\/2022\/01\/03\/albert-camus-inaugure-la-label-kazoku-avec-son-roman-la-peste\/","og_locale":"fr_FR","og_type":"article","og_title":"La Peste d'Albert Camus et le label manga Kazoku - Culturesco","og_description":"CulturesCo | Albert Camus | La Peste en Manga | Label Kazoku aux \u00e9ditions Michel Lafon |Ryota Kurumado | Francis Buon|","og_url":"https:\/\/culturesco.com\/index.php\/2022\/01\/03\/albert-camus-inaugure-la-label-kazoku-avec-son-roman-la-peste\/","og_site_name":"Culturesco","article_publisher":"https:\/\/www.facebook.com\/radioculturesco","article_published_time":"2022-01-03T22:49:06+00:00","og_image":[{"width":600,"height":338,"url":"https:\/\/culturesco.com\/wp-content\/uploads\/2022\/01\/AAAA-Bande-dessinee-Camus-001-e1641232239698.jpg","type":"image\/jpeg"}],"author":"Nic Blanchard-Thibault","twitter_card":"summary_large_image","twitter_creator":"@AugusteMarshal","twitter_site":"@AugusteMarshal","twitter_misc":{"\u00c9crit par":"Nic Blanchard-Thibault","Dur\u00e9e de lecture estim\u00e9e":"3 minutes"},"schema":{"@context":"https:\/\/schema.org","@graph":[{"@type":"Article","@id":"https:\/\/culturesco.com\/index.php\/2022\/01\/03\/albert-camus-inaugure-la-label-kazoku-avec-son-roman-la-peste\/#article","isPartOf":{"@id":"https:\/\/culturesco.com\/index.php\/2022\/01\/03\/albert-camus-inaugure-la-label-kazoku-avec-son-roman-la-peste\/"},"author":{"name":"Nic Blanchard-Thibault","@id":"https:\/\/culturesco.com\/#\/schema\/person\/92b4537ac6a2a09eb2304e8bdd0f5919"},"headline":"La Peste d&rsquo;Albert Camus et le label manga Kazoku","datePublished":"2022-01-03T22:49:06+00:00","mainEntityOfPage":{"@id":"https:\/\/culturesco.com\/index.php\/2022\/01\/03\/albert-camus-inaugure-la-label-kazoku-avec-son-roman-la-peste\/"},"wordCount":517,"commentCount":0,"publisher":{"@id":"https:\/\/culturesco.com\/#organization"},"image":{"@id":"https:\/\/culturesco.com\/index.php\/2022\/01\/03\/albert-camus-inaugure-la-label-kazoku-avec-son-roman-la-peste\/#primaryimage"},"thumbnailUrl":"https:\/\/i0.wp.com\/culturesco.com\/wp-content\/uploads\/2022\/01\/AAAA-Bande-dessinee-Camus-001-e1641232239698.jpg?fit=600%2C338&ssl=1","keywords":["litt\u00e9rature"],"articleSection":["Bande dessin\u00e9e","Chroniques litt\u00e9raires","Litt\u00e9rature"],"inLanguage":"fr-FR","potentialAction":[{"@type":"CommentAction","name":"Comment","target":["https:\/\/culturesco.com\/index.php\/2022\/01\/03\/albert-camus-inaugure-la-label-kazoku-avec-son-roman-la-peste\/#respond"]}]},{"@type":"WebPage","@id":"https:\/\/culturesco.com\/index.php\/2022\/01\/03\/albert-camus-inaugure-la-label-kazoku-avec-son-roman-la-peste\/","url":"https:\/\/culturesco.com\/index.php\/2022\/01\/03\/albert-camus-inaugure-la-label-kazoku-avec-son-roman-la-peste\/","name":"La Peste d'Albert Camus et le label manga Kazoku - Culturesco","isPartOf":{"@id":"https:\/\/culturesco.com\/#website"},"primaryImageOfPage":{"@id":"https:\/\/culturesco.com\/index.php\/2022\/01\/03\/albert-camus-inaugure-la-label-kazoku-avec-son-roman-la-peste\/#primaryimage"},"image":{"@id":"https:\/\/culturesco.com\/index.php\/2022\/01\/03\/albert-camus-inaugure-la-label-kazoku-avec-son-roman-la-peste\/#primaryimage"},"thumbnailUrl":"https:\/\/i0.wp.com\/culturesco.com\/wp-content\/uploads\/2022\/01\/AAAA-Bande-dessinee-Camus-001-e1641232239698.jpg?fit=600%2C338&ssl=1","datePublished":"2022-01-03T22:49:06+00:00","description":"CulturesCo | Albert Camus | La Peste en Manga | Label Kazoku aux \u00e9ditions Michel Lafon |Ryota Kurumado | Francis Buon|","breadcrumb":{"@id":"https:\/\/culturesco.com\/index.php\/2022\/01\/03\/albert-camus-inaugure-la-label-kazoku-avec-son-roman-la-peste\/#breadcrumb"},"inLanguage":"fr-FR","potentialAction":[{"@type":"ReadAction","target":["https:\/\/culturesco.com\/index.php\/2022\/01\/03\/albert-camus-inaugure-la-label-kazoku-avec-son-roman-la-peste\/"]}]},{"@type":"ImageObject","inLanguage":"fr-FR","@id":"https:\/\/culturesco.com\/index.php\/2022\/01\/03\/albert-camus-inaugure-la-label-kazoku-avec-son-roman-la-peste\/#primaryimage","url":"https:\/\/i0.wp.com\/culturesco.com\/wp-content\/uploads\/2022\/01\/AAAA-Bande-dessinee-Camus-001-e1641232239698.jpg?fit=600%2C338&ssl=1","contentUrl":"https:\/\/i0.wp.com\/culturesco.com\/wp-content\/uploads\/2022\/01\/AAAA-Bande-dessinee-Camus-001-e1641232239698.jpg?fit=600%2C338&ssl=1","width":600,"height":338,"caption":"La Peste"},{"@type":"BreadcrumbList","@id":"https:\/\/culturesco.com\/index.php\/2022\/01\/03\/albert-camus-inaugure-la-label-kazoku-avec-son-roman-la-peste\/#breadcrumb","itemListElement":[{"@type":"ListItem","position":1,"name":"Accueil","item":"https:\/\/culturesco.com\/"},{"@type":"ListItem","position":2,"name":"La Peste d&#8217;Albert Camus et le label manga Kazoku"}]},{"@type":"WebSite","@id":"https:\/\/culturesco.com\/#website","url":"https:\/\/culturesco.com\/","name":"Culturesco","description":"Culturesco | Un bon coup de pied dans ta Culture","publisher":{"@id":"https:\/\/culturesco.com\/#organization"},"potentialAction":[{"@type":"SearchAction","target":{"@type":"EntryPoint","urlTemplate":"https:\/\/culturesco.com\/?s={search_term_string}"},"query-input":{"@type":"PropertyValueSpecification","valueRequired":true,"valueName":"search_term_string"}}],"inLanguage":"fr-FR"},{"@type":"Organization","@id":"https:\/\/culturesco.com\/#organization","name":"CULTURESCO","url":"https:\/\/culturesco.com\/","logo":{"@type":"ImageObject","inLanguage":"fr-FR","@id":"https:\/\/culturesco.com\/#\/schema\/logo\/image\/","url":"https:\/\/i0.wp.com\/culturesco.com\/wp-content\/uploads\/2022\/04\/culturesco-logo-blanc250p.png?fit=250%2C250&ssl=1","contentUrl":"https:\/\/i0.wp.com\/culturesco.com\/wp-content\/uploads\/2022\/04\/culturesco-logo-blanc250p.png?fit=250%2C250&ssl=1","width":250,"height":250,"caption":"CULTURESCO"},"image":{"@id":"https:\/\/culturesco.com\/#\/schema\/logo\/image\/"},"sameAs":["https:\/\/www.facebook.com\/radioculturesco","https:\/\/x.com\/AugusteMarshal","https:\/\/www.instagram.com\/carotte_rock_culture\/","https:\/\/www.pinterest.fr\/augustemarshal\/","https:\/\/www.youtube.com\/channel\/UCiWLGffqWSXlNnfzp6YwwyQ"]},{"@type":"Person","@id":"https:\/\/culturesco.com\/#\/schema\/person\/92b4537ac6a2a09eb2304e8bdd0f5919","name":"Nic Blanchard-Thibault","image":{"@type":"ImageObject","inLanguage":"fr-FR","@id":"https:\/\/i0.wp.com\/culturesco.com\/wp-content\/uploads\/2019\/01\/nic-blanchard-Thibault.jpg?fit=96%2C79&ssl=1","url":"https:\/\/i0.wp.com\/culturesco.com\/wp-content\/uploads\/2019\/01\/nic-blanchard-Thibault.jpg?fit=96%2C79&ssl=1","contentUrl":"https:\/\/i0.wp.com\/culturesco.com\/wp-content\/uploads\/2019\/01\/nic-blanchard-Thibault.jpg?fit=96%2C79&ssl=1","caption":"Nic Blanchard-Thibault"},"description":"Auteur sur le Blog CulturesCo - Administratrice de la page Facebook Radio Culturesco et du groupe Facebook Radio Cultures and Co - Sp\u00e9cialit\u00e9s : Peinture - Litt\u00e9rature","url":"https:\/\/culturesco.com\/index.php\/author\/nic-blanchard-thibault\/"}]}},"jetpack_featured_media_url":"https:\/\/i0.wp.com\/culturesco.com\/wp-content\/uploads\/2022\/01\/AAAA-Bande-dessinee-Camus-001-e1641232239698.jpg?fit=600%2C338&ssl=1","jetpack_likes_enabled":true,"jetpack_sharing_enabled":true,"jetpack_shortlink":"https:\/\/wp.me\/paz89I-46p","_links":{"self":[{"href":"https:\/\/culturesco.com\/index.php\/wp-json\/wp\/v2\/posts\/15773","targetHints":{"allow":["GET"]}}],"collection":[{"href":"https:\/\/culturesco.com\/index.php\/wp-json\/wp\/v2\/posts"}],"about":[{"href":"https:\/\/culturesco.com\/index.php\/wp-json\/wp\/v2\/types\/post"}],"author":[{"embeddable":true,"href":"https:\/\/culturesco.com\/index.php\/wp-json\/wp\/v2\/users\/6"}],"replies":[{"embeddable":true,"href":"https:\/\/culturesco.com\/index.php\/wp-json\/wp\/v2\/comments?post=15773"}],"version-history":[{"count":0,"href":"https:\/\/culturesco.com\/index.php\/wp-json\/wp\/v2\/posts\/15773\/revisions"}],"wp:featuredmedia":[{"embeddable":true,"href":"https:\/\/culturesco.com\/index.php\/wp-json\/wp\/v2\/media\/15778"}],"wp:attachment":[{"href":"https:\/\/culturesco.com\/index.php\/wp-json\/wp\/v2\/media?parent=15773"}],"wp:term":[{"taxonomy":"category","embeddable":true,"href":"https:\/\/culturesco.com\/index.php\/wp-json\/wp\/v2\/categories?post=15773"},{"taxonomy":"post_tag","embeddable":true,"href":"https:\/\/culturesco.com\/index.php\/wp-json\/wp\/v2\/tags?post=15773"}],"curies":[{"name":"wp","href":"https:\/\/api.w.org\/{rel}","templated":true}]}}