{"id":1569,"date":"2018-12-19T15:51:00","date_gmt":"2018-12-19T14:51:00","guid":{"rendered":"https:\/\/culturesco.com\/?p=1569"},"modified":"2025-09-10T20:27:02","modified_gmt":"2025-09-10T18:27:02","slug":"lou-reed-je-suis-un-berlinois","status":"publish","type":"post","link":"https:\/\/culturesco.com\/index.php\/2018\/12\/19\/lou-reed-je-suis-un-berlinois\/","title":{"rendered":"Berlin Lou Reed &#8211; Album culte ou disque maudit ?"},"content":{"rendered":"<h2>Lou REED\u00a0: \u00ab\u00a0Ich bin auch ein Berliner\u00a0\u00bb<\/h2>\n<p style=\"text-align: justify;\">\u00ab Ich bin ein Berliner \/ Je suis un Berlinois \u00bb, fait r\u00e9f\u00e9rence au discours public de <strong>JF. Kennedy<\/strong> \u00e0 Berlin Ouest en 1963. Dix ans plus tard, <strong>Lou Reed<\/strong> reprend l\u2019id\u00e9e au vol, se r\u00e9clamant \u00ab\u00e9galement\u00bb de la capitale allemande en intitulant son dernier n\u00e9: <a href=\"https:\/\/amzn.to\/2XIwRvo\" target=\"_blank\" rel=\"noopener noreferrer\">Berlin\u00a0(1973)<\/a>. Autant Kennedy charmait la foule, autant Reed la plombe. Histoire d\u00e9sesp\u00e9r\u00e9e d\u2019une femme drogu\u00e9e jusqu\u2019aux ongles qui d\u00e9laisse ses enfants au profit de son addiction : \u00ab Jolie petite histoire \u00bb (L. Bertignac \u2013 \u00ab Cendrillon \u2013 1982). Lou sort d\u2019un franc succ\u00e8s avec \u00ab Transformer \u00bb (1972), album produit par le duo Bowie\/Ronson et pl\u00e9biscit\u00e9 par la critique ; devenu un \u00ab Incontournable \u00bb. \u00ab Berlin \u00bb engage-t-il au m\u00eame satisf\u00e9cit ?<\/p>\n<h3>Lou Reed &#8211; The Kids<\/h3>\n<p><iframe loading=\"lazy\" src=\"https:\/\/www.youtube.com\/embed\/OVtkx5yu6ZU\" width=\"560\" height=\"315\" frameborder=\"0\" allowfullscreen=\"allowfullscreen\"><\/iframe><\/p>\n<p style=\"text-align: justify;\">\u00abConglom\u00e9rat de primates \u00e0 petits p\u00e9nis, vous qui, en guise de caviar, n\u2019appr\u00e9ciez que les \u0153ufs de lump, trouvez en ce qui suit de quoi nourrir votre c\u00e9rumen\u00bb. Une sortie rancuni\u00e8re du genre aurait pu glisser d\u2019entre les l\u00e8vres pinc\u00e9es du Sombre pour r\u00e9pondre aux critiques qui fissurent le disque \u00e0 sa sortie. C\u2019est donc habit\u00e9 d\u2019une col\u00e8re noire que Lou Reed sort \u00ab Metal machine music \u00bb (1975), quatre faces de larsen de guitare. Incroyable ! RCA accepte de sortir le disque. Foutage de gueule ou v\u00e9ritable \u00ab performance \u00bb, \u0153uvre d\u2019art ou d\u00e9jection (?), le fait est l\u00e0, sous la forme de ce double 33.<\/p>\n<h3>Berlin\u00a0 aujourd&rsquo;hui !<\/h3>\n<p style=\"text-align: justify;\">D\u00e9couvrir \u00ab Berlin \u00bb\u00a0 \u00e0 notre \u00e9poque diff\u00e8re totalement d\u2019un abord en 1973, le contexte n\u2019est plus le m\u00eame. De tous les qualificatifs dont on fait preuve \u00e0 son \u00e9gard, celui de \u00ab chef d\u2019\u0153uvre \u00bb semble r\u00e9current, toute subjectivit\u00e9 avou\u00e9e. Par \u00e9vidence, \u00e9mettre un avis dans un syst\u00e8me de r\u00e9f\u00e9rence index\u00e9 sur le \u00ab go\u00fbt \u00bb ouvre \u00e0 tous les possibles. Hypoth\u00e8se v\u00e9rifi\u00e9e : ce disque encens\u00e9 est tout autant d\u00e9test\u00e9 par celles et ceux qui ne jurent que par \u00ab Transformer \u00bb, comme s\u2019il ne pouvait en exister qu\u2019un, made in \u00ab Highlander \u00bb (film de Russell Mulcahy \u2013 1986, avec Sean Connery et Christophe Lambert).<\/p>\n<h3>Lou Reed &#8211; Berlin<\/h3>\n<p><iframe loading=\"lazy\" src=\"https:\/\/www.youtube.com\/embed\/Wo9nZEalABQ\" width=\"560\" height=\"315\" frameborder=\"0\" allowfullscreen=\"allowfullscreen\"><\/iframe><\/p>\n<h3 style=\"text-align: justify;\">Berlin , un chef d\u2019\u0153uvre?<\/h3>\n<p style=\"text-align: justify;\">Pour l\u2019affirmer, appuyons nous sur trois crit\u00e8res: la qualit\u00e9 des morceaux, la qualit\u00e9 de l\u2019interpr\u00e9tation, la qualit\u00e9 de la production. Dans toutes les chansons, la d\u00e9licatesse \u00e0 l\u2019\u0153uvre rel\u00e8ve d\u2019un effort d\u2019\u00e9criture remarquable. Sur les deux faces, des titres \u00ab sinistreux \u00bb mais brillants s\u2019encha\u00eenent harmonieusement, formant un indissociable tout que la moindre modification \u00ab saloperait \u00bb. Des professionnels aguerris pilotent la musique, dont la paire <strong>Wagner<\/strong> (RIP)\/<strong>Hunter<\/strong> aux guitares, futur bin\u00f4me gagnant d\u2019<strong>Alice Cooper<\/strong>, rutilants dragsters des albums live de Mr Reed : \u00ab<a href=\"https:\/\/fr.wikipedia.org\/wiki\/Rock_%27n%27_Roll_Animal\" target=\"_blank\" rel=\"noopener noreferrer\">Rock\u2019n\u2019roll animal<\/a>\u00bb 1974 et \u00abLou reed live\u00bb 1975, deux Lps sortis \u00e0 un an d\u2019intervalle retra\u00e7ant un m\u00eame concert.<\/p>\n<p style=\"text-align: justify;\">A la production, l\u2019orchestration, les arrangements et autres bricolages, si\u00e8ge un iconoclaste, l\u2019incomparable Bob Ezrin. Pour \u00ab Berlin \u00bb, il cis\u00e8le un \u00e9crin, illumine le spectacle qu\u2019il met en sillon . Au final, on compte dix chansons, dix p\u00e9pites au climat moite et moir\u00e9, des entit\u00e9s possessives. Au-del\u00e0 de ce minutieux travail de production, quelle est la part de l\u2019artiste \u00e0 la magnificence du propos, son \u00ab moi \u00bb secret y transparait-il ?<\/p>\n<h3>Lou Reed &#8211; Sweet Jane<\/h3>\n<p><iframe loading=\"lazy\" src=\"https:\/\/www.youtube.com\/embed\/7FdWPeHFAMk\" width=\"560\" height=\"315\" frameborder=\"0\" allowfullscreen=\"allowfullscreen\"><\/iframe><\/p>\n<p style=\"text-align: justify;\">En 1975, l\u2019anc\u00eatre des \u00ab critic\u2019rocks \u00bb, celui qui d\u00e9complexa la \u00ab profession \u00bb, l\u2019in\u00e9narrable Lester Bang, chasse Lou Reed pour lui \u00ab proser \u00bb tout le bien qu\u2019il pense de \u00ab Metal machine music \u00bb et tout le mal que lui inspire \u00ab Berlin \u00bb. Au d\u00e9cours d\u2019une interview, il d\u00e9crit son \u00ab gibier \u00bb comme maladif, ict\u00e9rique, cynique et d\u00e9daigneux, accompagn\u00e9 d\u2019une \u00ab cr\u00e9ature \u00bb androgyne diaphane et silencieuse, projection de son corps astral, mat\u00e9rialisation de ses obsessions.<\/p>\n<p style=\"text-align: justify;\">L\u2019expert en pharmacop\u00e9e drap\u00e9 des effets d\u2019un cocktail toxique : pupilles en myosis\/opiac\u00e9s, narines poudr\u00e9es jusqu\u2019aux sinus, muqueuses labiales imbib\u00e9es d\u2019alcool, athymie cultiv\u00e9e aux anxiolytiques \u2026 r\u00e9pond \u00e9nigmatiquement aux questions insidieuses du journaliste, ne sortant de sa pseudo l\u00e9thargie que pour ricaner. En cela, \u00ab Berlin \u00bb copie\/colle l\u2019indiff\u00e9rence affective de son interpr\u00e8te : creuset de no futur climatis\u00e9 d\u00e9pressif. Pouss\u00e9 \u00e0 son paroxysme, la d\u00e9sint\u00e9gration \u00e9motionnelle invite la magnificence \u00e0 son chevet : l\u2019art du d\u00e9sespoir !<\/p>\n<h3>Lou Reed &#8211; Oh Jim<\/h3>\n<p><iframe loading=\"lazy\" src=\"https:\/\/www.youtube.com\/embed\/EeXNt4VaVEw\" width=\"560\" height=\"315\" frameborder=\"0\" allowfullscreen=\"allowfullscreen\"><\/iframe><\/p>\n<p style=\"text-align: justify;\">Entre 1973, naissance de \u00ab Berlin \u00bb, et 2008, l\u2019Artiste a visit\u00e9 15 fois la France, notamment au Casino de Paris. Dans les 70\u2019s, ses musiciens rutilent alors qu\u2019il pr\u00f4ne l\u2019inamovibilit\u00e9, satur\u00e9 de substances prohib\u00e9es. Par la suite, voir Lou Reed en concert n\u2019a jamais \u00e9t\u00e9 une sin\u00e9cure. Tourn\u00e9es hom\u00e9opathiques, billets vendus dans la seconde pour se glorifier d\u2019un: \u00abJ\u2019y \u00e9tais!\u00bb.<\/p>\n<p style=\"text-align: justify;\">En 1989 sort \u00ab New York \u00bb, un excellent 14 titres sur une p\u00e9riode o\u00f9 le chanteur est clean. Il faut donc \u00eatre \u00e0 l\u2019Olympia le 23 juin de cette ann\u00e9e-l\u00e0 pour appr\u00e9cier le Lunatique \u00e0 son sommet. Rat\u00e9. Plus proche de nous, en 2007, \u00e0 l\u2019occasion de cette tourn\u00e9e o\u00f9 il joue \u00abBerlin\u00bb dans son int\u00e9gralit\u00e9, le prix prohibitif des places devient le probl\u00e8me. Comment faire?! Le 28\/10\/2013, le casse-t\u00eate est r\u00e9solu : \u00ab Lou y es-tu ? Lou y es-tu? M\u2019entends-tu? M\u2019entends-tu? \u2026 \u00bb <a href=\"https:\/\/culturesco.com\/index.php\/2019\/02\/22\/songs-for-drella-reconciliation-des-freres-ennemis-lou-reed-et-john-cale-pour-rendre-hommage-a-andy-warhol\/\" target=\"_blank\" rel=\"noopener noreferrer\">Lou n\u2019y est plus<\/a>. Persistent les regrets\u2026<\/p>\n<p>Thierry Dauge<\/p>\n<p><a href=\"https:\/\/amzn.to\/2XIwRvo\">Lou Reed &#8211; Album : BERLIN<\/a><\/p>\n","protected":false},"excerpt":{"rendered":"<p>Lou REED\u00a0: \u00ab\u00a0Ich bin auch ein Berliner\u00a0\u00bb \u00ab Ich bin ein Berliner \/ Je suis un Berlinois \u00bb, fait r\u00e9f\u00e9rence au discours public de JF. Kennedy \u00e0 Berlin Ouest en 1963. Dix ans plus tard, Lou Reed reprend l\u2019id\u00e9e au vol, se r\u00e9clamant \u00ab\u00e9galement\u00bb de la capitale allemande en intitulant son dernier n\u00e9: Berlin\u00a0(1973). Autant [&hellip;]<\/p>\n","protected":false},"author":3,"featured_media":6870,"comment_status":"open","ping_status":"open","sticky":false,"template":"","format":"standard","meta":{"jetpack_post_was_ever_published":false,"tdm_status":"","tdm_grid_status":"","_jetpack_newsletter_access":"","_jetpack_dont_email_post_to_subs":false,"_jetpack_newsletter_tier_id":0,"_jetpack_memberships_contains_paywalled_content":false,"_jetpack_memberships_contains_paid_content":false,"footnotes":""},"categories":[30,17],"tags":[37,48],"class_list":{"0":"post-1569","1":"post","2":"type-post","3":"status-publish","4":"format-standard","5":"has-post-thumbnail","7":"category-albums-rock","8":"category-carotte-rock-cultures","9":"tag-album-rock","10":"tag-personnalite-rock"},"yoast_head":"<!-- This site is optimized with the Yoast SEO plugin v27.5 - https:\/\/yoast.com\/product\/yoast-seo-wordpress\/ -->\n<title>Berlin Lou Reed - Album culte ou disque maudit ? - Culturesco<\/title>\n<meta name=\"description\" content=\"CulturesCo | Berlin est le troisi\u00e8me album solo de Lou Reed sorti en 1973 | Berlin : album culte ou disque maudit ? Sweet Jane\" \/>\n<meta name=\"robots\" content=\"index, follow, max-snippet:-1, max-image-preview:large, max-video-preview:-1\" \/>\n<link rel=\"canonical\" href=\"https:\/\/culturesco.com\/index.php\/2018\/12\/19\/lou-reed-je-suis-un-berlinois\/\" \/>\n<meta property=\"og:locale\" content=\"fr_FR\" \/>\n<meta property=\"og:type\" content=\"article\" \/>\n<meta property=\"og:title\" content=\"Berlin Lou Reed - Album culte ou disque maudit ? - Culturesco\" \/>\n<meta property=\"og:description\" content=\"CulturesCo | Berlin est le troisi\u00e8me album solo de Lou Reed sorti en 1973 | Berlin : album culte ou disque maudit ? Sweet Jane\" \/>\n<meta property=\"og:url\" content=\"https:\/\/culturesco.com\/index.php\/2018\/12\/19\/lou-reed-je-suis-un-berlinois\/\" \/>\n<meta property=\"og:site_name\" content=\"Culturesco\" \/>\n<meta property=\"article:publisher\" content=\"https:\/\/www.facebook.com\/radioculturesco\" \/>\n<meta property=\"article:published_time\" content=\"2018-12-19T14:51:00+00:00\" \/>\n<meta property=\"article:modified_time\" content=\"2025-09-10T18:27:02+00:00\" \/>\n<meta property=\"og:image\" content=\"https:\/\/culturesco.com\/wp-content\/uploads\/2018\/12\/lou-reed-1.jpg\" \/>\n\t<meta property=\"og:image:width\" content=\"600\" \/>\n\t<meta property=\"og:image:height\" content=\"314\" \/>\n\t<meta property=\"og:image:type\" content=\"image\/jpeg\" \/>\n<meta name=\"author\" content=\"Thierry Dauge\" \/>\n<meta name=\"twitter:card\" content=\"summary_large_image\" \/>\n<meta name=\"twitter:creator\" content=\"@AugusteMarshal\" \/>\n<meta name=\"twitter:site\" content=\"@AugusteMarshal\" \/>\n<meta name=\"twitter:label1\" content=\"\u00c9crit par\" \/>\n\t<meta name=\"twitter:data1\" content=\"Thierry Dauge\" \/>\n\t<meta name=\"twitter:label2\" content=\"Dur\u00e9e de lecture estim\u00e9e\" \/>\n\t<meta name=\"twitter:data2\" content=\"5 minutes\" \/>\n<script type=\"application\/ld+json\" class=\"yoast-schema-graph\">{\"@context\":\"https:\\\/\\\/schema.org\",\"@graph\":[{\"@type\":\"Article\",\"@id\":\"https:\\\/\\\/culturesco.com\\\/index.php\\\/2018\\\/12\\\/19\\\/lou-reed-je-suis-un-berlinois\\\/#article\",\"isPartOf\":{\"@id\":\"https:\\\/\\\/culturesco.com\\\/index.php\\\/2018\\\/12\\\/19\\\/lou-reed-je-suis-un-berlinois\\\/\"},\"author\":{\"name\":\"Thierry Dauge\",\"@id\":\"https:\\\/\\\/culturesco.com\\\/#\\\/schema\\\/person\\\/19f04cf232d246197f6e7d62abe6cb0e\"},\"headline\":\"Berlin Lou Reed &#8211; Album culte ou disque maudit ?\",\"datePublished\":\"2018-12-19T14:51:00+00:00\",\"dateModified\":\"2025-09-10T18:27:02+00:00\",\"mainEntityOfPage\":{\"@id\":\"https:\\\/\\\/culturesco.com\\\/index.php\\\/2018\\\/12\\\/19\\\/lou-reed-je-suis-un-berlinois\\\/\"},\"wordCount\":904,\"commentCount\":2,\"publisher\":{\"@id\":\"https:\\\/\\\/culturesco.com\\\/#organization\"},\"image\":{\"@id\":\"https:\\\/\\\/culturesco.com\\\/index.php\\\/2018\\\/12\\\/19\\\/lou-reed-je-suis-un-berlinois\\\/#primaryimage\"},\"thumbnailUrl\":\"https:\\\/\\\/i0.wp.com\\\/culturesco.com\\\/wp-content\\\/uploads\\\/2018\\\/12\\\/lou-reed-1.jpg?fit=600%2C314&ssl=1\",\"keywords\":[\"album rock\",\"Personnalit\u00e9 Rock\"],\"articleSection\":[\"Albums rock\",\"Carotte Rock Cultures\"],\"inLanguage\":\"fr-FR\",\"potentialAction\":[{\"@type\":\"CommentAction\",\"name\":\"Comment\",\"target\":[\"https:\\\/\\\/culturesco.com\\\/index.php\\\/2018\\\/12\\\/19\\\/lou-reed-je-suis-un-berlinois\\\/#respond\"]}]},{\"@type\":\"WebPage\",\"@id\":\"https:\\\/\\\/culturesco.com\\\/index.php\\\/2018\\\/12\\\/19\\\/lou-reed-je-suis-un-berlinois\\\/\",\"url\":\"https:\\\/\\\/culturesco.com\\\/index.php\\\/2018\\\/12\\\/19\\\/lou-reed-je-suis-un-berlinois\\\/\",\"name\":\"Berlin Lou Reed - Album culte ou disque maudit ? - Culturesco\",\"isPartOf\":{\"@id\":\"https:\\\/\\\/culturesco.com\\\/#website\"},\"primaryImageOfPage\":{\"@id\":\"https:\\\/\\\/culturesco.com\\\/index.php\\\/2018\\\/12\\\/19\\\/lou-reed-je-suis-un-berlinois\\\/#primaryimage\"},\"image\":{\"@id\":\"https:\\\/\\\/culturesco.com\\\/index.php\\\/2018\\\/12\\\/19\\\/lou-reed-je-suis-un-berlinois\\\/#primaryimage\"},\"thumbnailUrl\":\"https:\\\/\\\/i0.wp.com\\\/culturesco.com\\\/wp-content\\\/uploads\\\/2018\\\/12\\\/lou-reed-1.jpg?fit=600%2C314&ssl=1\",\"datePublished\":\"2018-12-19T14:51:00+00:00\",\"dateModified\":\"2025-09-10T18:27:02+00:00\",\"description\":\"CulturesCo | Berlin est le troisi\u00e8me album solo de Lou Reed sorti en 1973 | Berlin : album culte ou disque maudit ? Sweet Jane\",\"breadcrumb\":{\"@id\":\"https:\\\/\\\/culturesco.com\\\/index.php\\\/2018\\\/12\\\/19\\\/lou-reed-je-suis-un-berlinois\\\/#breadcrumb\"},\"inLanguage\":\"fr-FR\",\"potentialAction\":[{\"@type\":\"ReadAction\",\"target\":[\"https:\\\/\\\/culturesco.com\\\/index.php\\\/2018\\\/12\\\/19\\\/lou-reed-je-suis-un-berlinois\\\/\"]}]},{\"@type\":\"ImageObject\",\"inLanguage\":\"fr-FR\",\"@id\":\"https:\\\/\\\/culturesco.com\\\/index.php\\\/2018\\\/12\\\/19\\\/lou-reed-je-suis-un-berlinois\\\/#primaryimage\",\"url\":\"https:\\\/\\\/i0.wp.com\\\/culturesco.com\\\/wp-content\\\/uploads\\\/2018\\\/12\\\/lou-reed-1.jpg?fit=600%2C314&ssl=1\",\"contentUrl\":\"https:\\\/\\\/i0.wp.com\\\/culturesco.com\\\/wp-content\\\/uploads\\\/2018\\\/12\\\/lou-reed-1.jpg?fit=600%2C314&ssl=1\",\"width\":600,\"height\":314,\"caption\":\"lou reed\"},{\"@type\":\"BreadcrumbList\",\"@id\":\"https:\\\/\\\/culturesco.com\\\/index.php\\\/2018\\\/12\\\/19\\\/lou-reed-je-suis-un-berlinois\\\/#breadcrumb\",\"itemListElement\":[{\"@type\":\"ListItem\",\"position\":1,\"name\":\"Accueil\",\"item\":\"https:\\\/\\\/culturesco.com\\\/\"},{\"@type\":\"ListItem\",\"position\":2,\"name\":\"Berlin Lou Reed &#8211; Album culte ou disque maudit ?\"}]},{\"@type\":\"WebSite\",\"@id\":\"https:\\\/\\\/culturesco.com\\\/#website\",\"url\":\"https:\\\/\\\/culturesco.com\\\/\",\"name\":\"Culturesco\",\"description\":\"Culturesco | Un bon coup de pied dans ta Culture\",\"publisher\":{\"@id\":\"https:\\\/\\\/culturesco.com\\\/#organization\"},\"potentialAction\":[{\"@type\":\"SearchAction\",\"target\":{\"@type\":\"EntryPoint\",\"urlTemplate\":\"https:\\\/\\\/culturesco.com\\\/?s={search_term_string}\"},\"query-input\":{\"@type\":\"PropertyValueSpecification\",\"valueRequired\":true,\"valueName\":\"search_term_string\"}}],\"inLanguage\":\"fr-FR\"},{\"@type\":\"Organization\",\"@id\":\"https:\\\/\\\/culturesco.com\\\/#organization\",\"name\":\"CULTURESCO\",\"url\":\"https:\\\/\\\/culturesco.com\\\/\",\"logo\":{\"@type\":\"ImageObject\",\"inLanguage\":\"fr-FR\",\"@id\":\"https:\\\/\\\/culturesco.com\\\/#\\\/schema\\\/logo\\\/image\\\/\",\"url\":\"https:\\\/\\\/i0.wp.com\\\/culturesco.com\\\/wp-content\\\/uploads\\\/2022\\\/04\\\/culturesco-logo-blanc250p.png?fit=250%2C250&ssl=1\",\"contentUrl\":\"https:\\\/\\\/i0.wp.com\\\/culturesco.com\\\/wp-content\\\/uploads\\\/2022\\\/04\\\/culturesco-logo-blanc250p.png?fit=250%2C250&ssl=1\",\"width\":250,\"height\":250,\"caption\":\"CULTURESCO\"},\"image\":{\"@id\":\"https:\\\/\\\/culturesco.com\\\/#\\\/schema\\\/logo\\\/image\\\/\"},\"sameAs\":[\"https:\\\/\\\/www.facebook.com\\\/radioculturesco\",\"https:\\\/\\\/x.com\\\/AugusteMarshal\",\"https:\\\/\\\/www.instagram.com\\\/carotte_rock_culture\\\/\",\"https:\\\/\\\/www.pinterest.fr\\\/augustemarshal\\\/\",\"https:\\\/\\\/www.youtube.com\\\/channel\\\/UCiWLGffqWSXlNnfzp6YwwyQ\"]},{\"@type\":\"Person\",\"@id\":\"https:\\\/\\\/culturesco.com\\\/#\\\/schema\\\/person\\\/19f04cf232d246197f6e7d62abe6cb0e\",\"name\":\"Thierry Dauge\",\"image\":{\"@type\":\"ImageObject\",\"inLanguage\":\"fr-FR\",\"@id\":\"https:\\\/\\\/i0.wp.com\\\/culturesco.com\\\/wp-content\\\/uploads\\\/2018\\\/12\\\/Black-Beauty-and-me.jpg?fit=96%2C96&ssl=1\",\"url\":\"https:\\\/\\\/i0.wp.com\\\/culturesco.com\\\/wp-content\\\/uploads\\\/2018\\\/12\\\/Black-Beauty-and-me.jpg?fit=96%2C96&ssl=1\",\"contentUrl\":\"https:\\\/\\\/i0.wp.com\\\/culturesco.com\\\/wp-content\\\/uploads\\\/2018\\\/12\\\/Black-Beauty-and-me.jpg?fit=96%2C96&ssl=1\",\"caption\":\"Thierry Dauge\"},\"description\":\"Amoureux des 70\u2019s et du hard rock en particulier, Thierry Dauge est chroniqueur sur Culturesco par amour de l\u2019\u00e9criture musicale. Co-auteur du livre\\\"Pop rock - Les instruments de l'ombre\\\" aux \u00e9ditions du Camion Blanc, collaborateur de Vivi pour \\\"Mes Ann\u00e9es Trust\\\", auteur de \\\"Sparks\\\" aux \u00e9ditions du Layeur, parce que le rock est loin d'\u00eatre mort ...\",\"url\":\"https:\\\/\\\/culturesco.com\\\/index.php\\\/author\\\/thierry-dauge888\\\/\"}]}<\/script>\n<!-- \/ Yoast SEO plugin. -->","yoast_head_json":{"title":"Berlin Lou Reed - Album culte ou disque maudit ? - Culturesco","description":"CulturesCo | Berlin est le troisi\u00e8me album solo de Lou Reed sorti en 1973 | Berlin : album culte ou disque maudit ? Sweet Jane","robots":{"index":"index","follow":"follow","max-snippet":"max-snippet:-1","max-image-preview":"max-image-preview:large","max-video-preview":"max-video-preview:-1"},"canonical":"https:\/\/culturesco.com\/index.php\/2018\/12\/19\/lou-reed-je-suis-un-berlinois\/","og_locale":"fr_FR","og_type":"article","og_title":"Berlin Lou Reed - Album culte ou disque maudit ? - Culturesco","og_description":"CulturesCo | Berlin est le troisi\u00e8me album solo de Lou Reed sorti en 1973 | Berlin : album culte ou disque maudit ? Sweet Jane","og_url":"https:\/\/culturesco.com\/index.php\/2018\/12\/19\/lou-reed-je-suis-un-berlinois\/","og_site_name":"Culturesco","article_publisher":"https:\/\/www.facebook.com\/radioculturesco","article_published_time":"2018-12-19T14:51:00+00:00","article_modified_time":"2025-09-10T18:27:02+00:00","og_image":[{"width":600,"height":314,"url":"https:\/\/culturesco.com\/wp-content\/uploads\/2018\/12\/lou-reed-1.jpg","type":"image\/jpeg"}],"author":"Thierry Dauge","twitter_card":"summary_large_image","twitter_creator":"@AugusteMarshal","twitter_site":"@AugusteMarshal","twitter_misc":{"\u00c9crit par":"Thierry Dauge","Dur\u00e9e de lecture estim\u00e9e":"5 minutes"},"schema":{"@context":"https:\/\/schema.org","@graph":[{"@type":"Article","@id":"https:\/\/culturesco.com\/index.php\/2018\/12\/19\/lou-reed-je-suis-un-berlinois\/#article","isPartOf":{"@id":"https:\/\/culturesco.com\/index.php\/2018\/12\/19\/lou-reed-je-suis-un-berlinois\/"},"author":{"name":"Thierry Dauge","@id":"https:\/\/culturesco.com\/#\/schema\/person\/19f04cf232d246197f6e7d62abe6cb0e"},"headline":"Berlin Lou Reed &#8211; Album culte ou disque maudit ?","datePublished":"2018-12-19T14:51:00+00:00","dateModified":"2025-09-10T18:27:02+00:00","mainEntityOfPage":{"@id":"https:\/\/culturesco.com\/index.php\/2018\/12\/19\/lou-reed-je-suis-un-berlinois\/"},"wordCount":904,"commentCount":2,"publisher":{"@id":"https:\/\/culturesco.com\/#organization"},"image":{"@id":"https:\/\/culturesco.com\/index.php\/2018\/12\/19\/lou-reed-je-suis-un-berlinois\/#primaryimage"},"thumbnailUrl":"https:\/\/i0.wp.com\/culturesco.com\/wp-content\/uploads\/2018\/12\/lou-reed-1.jpg?fit=600%2C314&ssl=1","keywords":["album rock","Personnalit\u00e9 Rock"],"articleSection":["Albums rock","Carotte Rock Cultures"],"inLanguage":"fr-FR","potentialAction":[{"@type":"CommentAction","name":"Comment","target":["https:\/\/culturesco.com\/index.php\/2018\/12\/19\/lou-reed-je-suis-un-berlinois\/#respond"]}]},{"@type":"WebPage","@id":"https:\/\/culturesco.com\/index.php\/2018\/12\/19\/lou-reed-je-suis-un-berlinois\/","url":"https:\/\/culturesco.com\/index.php\/2018\/12\/19\/lou-reed-je-suis-un-berlinois\/","name":"Berlin Lou Reed - Album culte ou disque maudit ? - Culturesco","isPartOf":{"@id":"https:\/\/culturesco.com\/#website"},"primaryImageOfPage":{"@id":"https:\/\/culturesco.com\/index.php\/2018\/12\/19\/lou-reed-je-suis-un-berlinois\/#primaryimage"},"image":{"@id":"https:\/\/culturesco.com\/index.php\/2018\/12\/19\/lou-reed-je-suis-un-berlinois\/#primaryimage"},"thumbnailUrl":"https:\/\/i0.wp.com\/culturesco.com\/wp-content\/uploads\/2018\/12\/lou-reed-1.jpg?fit=600%2C314&ssl=1","datePublished":"2018-12-19T14:51:00+00:00","dateModified":"2025-09-10T18:27:02+00:00","description":"CulturesCo | Berlin est le troisi\u00e8me album solo de Lou Reed sorti en 1973 | Berlin : album culte ou disque maudit ? Sweet Jane","breadcrumb":{"@id":"https:\/\/culturesco.com\/index.php\/2018\/12\/19\/lou-reed-je-suis-un-berlinois\/#breadcrumb"},"inLanguage":"fr-FR","potentialAction":[{"@type":"ReadAction","target":["https:\/\/culturesco.com\/index.php\/2018\/12\/19\/lou-reed-je-suis-un-berlinois\/"]}]},{"@type":"ImageObject","inLanguage":"fr-FR","@id":"https:\/\/culturesco.com\/index.php\/2018\/12\/19\/lou-reed-je-suis-un-berlinois\/#primaryimage","url":"https:\/\/i0.wp.com\/culturesco.com\/wp-content\/uploads\/2018\/12\/lou-reed-1.jpg?fit=600%2C314&ssl=1","contentUrl":"https:\/\/i0.wp.com\/culturesco.com\/wp-content\/uploads\/2018\/12\/lou-reed-1.jpg?fit=600%2C314&ssl=1","width":600,"height":314,"caption":"lou reed"},{"@type":"BreadcrumbList","@id":"https:\/\/culturesco.com\/index.php\/2018\/12\/19\/lou-reed-je-suis-un-berlinois\/#breadcrumb","itemListElement":[{"@type":"ListItem","position":1,"name":"Accueil","item":"https:\/\/culturesco.com\/"},{"@type":"ListItem","position":2,"name":"Berlin Lou Reed &#8211; Album culte ou disque maudit ?"}]},{"@type":"WebSite","@id":"https:\/\/culturesco.com\/#website","url":"https:\/\/culturesco.com\/","name":"Culturesco","description":"Culturesco | Un bon coup de pied dans ta Culture","publisher":{"@id":"https:\/\/culturesco.com\/#organization"},"potentialAction":[{"@type":"SearchAction","target":{"@type":"EntryPoint","urlTemplate":"https:\/\/culturesco.com\/?s={search_term_string}"},"query-input":{"@type":"PropertyValueSpecification","valueRequired":true,"valueName":"search_term_string"}}],"inLanguage":"fr-FR"},{"@type":"Organization","@id":"https:\/\/culturesco.com\/#organization","name":"CULTURESCO","url":"https:\/\/culturesco.com\/","logo":{"@type":"ImageObject","inLanguage":"fr-FR","@id":"https:\/\/culturesco.com\/#\/schema\/logo\/image\/","url":"https:\/\/i0.wp.com\/culturesco.com\/wp-content\/uploads\/2022\/04\/culturesco-logo-blanc250p.png?fit=250%2C250&ssl=1","contentUrl":"https:\/\/i0.wp.com\/culturesco.com\/wp-content\/uploads\/2022\/04\/culturesco-logo-blanc250p.png?fit=250%2C250&ssl=1","width":250,"height":250,"caption":"CULTURESCO"},"image":{"@id":"https:\/\/culturesco.com\/#\/schema\/logo\/image\/"},"sameAs":["https:\/\/www.facebook.com\/radioculturesco","https:\/\/x.com\/AugusteMarshal","https:\/\/www.instagram.com\/carotte_rock_culture\/","https:\/\/www.pinterest.fr\/augustemarshal\/","https:\/\/www.youtube.com\/channel\/UCiWLGffqWSXlNnfzp6YwwyQ"]},{"@type":"Person","@id":"https:\/\/culturesco.com\/#\/schema\/person\/19f04cf232d246197f6e7d62abe6cb0e","name":"Thierry Dauge","image":{"@type":"ImageObject","inLanguage":"fr-FR","@id":"https:\/\/i0.wp.com\/culturesco.com\/wp-content\/uploads\/2018\/12\/Black-Beauty-and-me.jpg?fit=96%2C96&ssl=1","url":"https:\/\/i0.wp.com\/culturesco.com\/wp-content\/uploads\/2018\/12\/Black-Beauty-and-me.jpg?fit=96%2C96&ssl=1","contentUrl":"https:\/\/i0.wp.com\/culturesco.com\/wp-content\/uploads\/2018\/12\/Black-Beauty-and-me.jpg?fit=96%2C96&ssl=1","caption":"Thierry Dauge"},"description":"Amoureux des 70\u2019s et du hard rock en particulier, Thierry Dauge est chroniqueur sur Culturesco par amour de l\u2019\u00e9criture musicale. Co-auteur du livre\"Pop rock - Les instruments de l'ombre\" aux \u00e9ditions du Camion Blanc, collaborateur de Vivi pour \"Mes Ann\u00e9es Trust\", auteur de \"Sparks\" aux \u00e9ditions du Layeur, parce que le rock est loin d'\u00eatre mort ...","url":"https:\/\/culturesco.com\/index.php\/author\/thierry-dauge888\/"}]}},"jetpack_featured_media_url":"https:\/\/i0.wp.com\/culturesco.com\/wp-content\/uploads\/2018\/12\/lou-reed-1.jpg?fit=600%2C314&ssl=1","jetpack_likes_enabled":true,"jetpack_sharing_enabled":true,"jetpack_shortlink":"https:\/\/wp.me\/paz89I-pj","_links":{"self":[{"href":"https:\/\/culturesco.com\/index.php\/wp-json\/wp\/v2\/posts\/1569","targetHints":{"allow":["GET"]}}],"collection":[{"href":"https:\/\/culturesco.com\/index.php\/wp-json\/wp\/v2\/posts"}],"about":[{"href":"https:\/\/culturesco.com\/index.php\/wp-json\/wp\/v2\/types\/post"}],"author":[{"embeddable":true,"href":"https:\/\/culturesco.com\/index.php\/wp-json\/wp\/v2\/users\/3"}],"replies":[{"embeddable":true,"href":"https:\/\/culturesco.com\/index.php\/wp-json\/wp\/v2\/comments?post=1569"}],"version-history":[{"count":0,"href":"https:\/\/culturesco.com\/index.php\/wp-json\/wp\/v2\/posts\/1569\/revisions"}],"wp:featuredmedia":[{"embeddable":true,"href":"https:\/\/culturesco.com\/index.php\/wp-json\/wp\/v2\/media\/6870"}],"wp:attachment":[{"href":"https:\/\/culturesco.com\/index.php\/wp-json\/wp\/v2\/media?parent=1569"}],"wp:term":[{"taxonomy":"category","embeddable":true,"href":"https:\/\/culturesco.com\/index.php\/wp-json\/wp\/v2\/categories?post=1569"},{"taxonomy":"post_tag","embeddable":true,"href":"https:\/\/culturesco.com\/index.php\/wp-json\/wp\/v2\/tags?post=1569"}],"curies":[{"name":"wp","href":"https:\/\/api.w.org\/{rel}","templated":true}]}}