{"id":15591,"date":"2021-12-11T01:44:21","date_gmt":"2021-12-11T00:44:21","guid":{"rendered":"https:\/\/culturesco.com\/?p=15591"},"modified":"2021-12-11T01:44:21","modified_gmt":"2021-12-11T00:44:21","slug":"the-cure-le-retour","status":"publish","type":"post","link":"https:\/\/culturesco.com\/index.php\/2021\/12\/11\/the-cure-le-retour\/","title":{"rendered":"The Cure, Le Retour"},"content":{"rendered":"<h2 style=\"text-align: justify\">Huit Dates En France ou Presque<\/h2>\n<figure id=\"attachment_15592\" aria-describedby=\"caption-attachment-15592\" style=\"width: 300px\" class=\"wp-caption alignnone\"><a href=\"https:\/\/i0.wp.com\/culturesco.com\/wp-content\/uploads\/2021\/12\/the-cure_tour2022_visunews1221.jpg?ssl=1\"><img data-recalc-dims=\"1\" loading=\"lazy\" decoding=\"async\" class=\"size-medium wp-image-15592\" src=\"https:\/\/i0.wp.com\/culturesco.com\/wp-content\/uploads\/2021\/12\/the-cure_tour2022_visunews1221.jpg?resize=300%2C220&#038;ssl=1\" alt=\"the cure tour 2022\" width=\"300\" height=\"220\" srcset=\"https:\/\/i0.wp.com\/culturesco.com\/wp-content\/uploads\/2021\/12\/the-cure_tour2022_visunews1221.jpg?resize=300%2C220&amp;ssl=1 300w, https:\/\/i0.wp.com\/culturesco.com\/wp-content\/uploads\/2021\/12\/the-cure_tour2022_visunews1221.jpg?resize=768%2C563&amp;ssl=1 768w, https:\/\/i0.wp.com\/culturesco.com\/wp-content\/uploads\/2021\/12\/the-cure_tour2022_visunews1221.jpg?resize=696%2C510&amp;ssl=1 696w, https:\/\/i0.wp.com\/culturesco.com\/wp-content\/uploads\/2021\/12\/the-cure_tour2022_visunews1221.jpg?resize=573%2C420&amp;ssl=1 573w, https:\/\/i0.wp.com\/culturesco.com\/wp-content\/uploads\/2021\/12\/the-cure_tour2022_visunews1221.jpg?resize=80%2C60&amp;ssl=1 80w, https:\/\/i0.wp.com\/culturesco.com\/wp-content\/uploads\/2021\/12\/the-cure_tour2022_visunews1221.jpg?w=600&amp;ssl=1 600w\" sizes=\"auto, (max-width: 300px) 100vw, 300px\" \/><\/a><figcaption id=\"caption-attachment-15592\" class=\"wp-caption-text\">the cure tour 2022<\/figcaption><\/figure>\n<p style=\"text-align: justify\"><span style=\"font-size: 18pt\">Un ou deux albums \u00e0 sortir d&rsquo;ici l\u00e0 ? Le r\u00eave\u00a0<\/span><\/p>\n<p style=\"text-align: justify\">On avait laiss\u00e9 tranquillement le groupe de <strong>Robert Smith<\/strong>, f\u00eater ses <strong>quarante ans d&rsquo;existence<\/strong> avec deux concerts dantesques londoniens disponibles aujourd&rsquo;hui en DVD. 1979 \u2013 2019, \u00e7a parle quand m\u00eame\u00a0!&#8230;<\/p>\n<h3 style=\"text-align: justify\"><em>The Cure &#8211; Please Come Home (in\u00e9dit)<\/em><\/h3>\n<div class=\"youtube-embed\" data-video_id=\"N0QtClpnjc8\"><iframe loading=\"lazy\" title=\"The Cure - Please Come Home - (BEH)\" width=\"696\" height=\"392\" src=\"https:\/\/www.youtube.com\/embed\/N0QtClpnjc8\" frameborder=\"0\" allow=\"accelerometer; autoplay; clipboard-write; encrypted-media; gyroscope; picture-in-picture; web-share\" referrerpolicy=\"strict-origin-when-cross-origin\" allowfullscreen><\/iframe><\/div>\n<p style=\"text-align: justify\">et voil\u00e0 qu&rsquo;en cette fin d&rsquo;ann\u00e9e 2021, <strong>The Cure<\/strong> propose dans un an, ni plus ni moins,<strong> leur plus grosse tourn\u00e9e europ\u00e9enne jamais entreprise depuis leur cr\u00e9ation<\/strong>. En prime, le m\u00eame line-up qui s\u00e9vit depuis une dizaine d&rsquo;ann\u00e9es sans avoir enregistr\u00e9 officiellement le moindre titre.<\/p>\n<p style=\"text-align: justify\">Ainsi pas moins de<strong> huit dates fran\u00e7aises<\/strong> sont propos\u00e9es, ce qui n&rsquo;est sans doute jamais arriv\u00e9 depuis la cr\u00e9ation du groupe. En voici la liste\u00a0:<\/p>\n<p style=\"text-align: justify\"><strong>7 novembre, Lyon, Halle Tony Garnier<\/strong><\/p>\n<p style=\"text-align: justify\"><strong>8 novembre, Montpellier, Arena Sud<\/strong><\/p>\n<p style=\"text-align: justify\"><strong>13 novembre, Toulouse, Z\u00e9nith<\/strong><\/p>\n<p style=\"text-align: justify\"><strong>14 novembre, Bordeaux, Arkena Arena<\/strong><\/p>\n<p style=\"text-align: justify\"><strong>15 novembre, Nantes, Z\u00e9nith<\/strong><\/p>\n<p style=\"text-align: justify\"><strong>18 novembre, Stasbourg, Z\u00e9nith<\/strong><\/p>\n<p style=\"text-align: justify\"><strong>27 novembre, Li\u00e9vin (Belgique), Stade couvert<\/strong><\/p>\n<p style=\"text-align: justify\"><strong>28 novembre, Paris, Accor Ar\u00e9na (ex-Bercy)<\/strong><\/p>\n<p style=\"text-align: justify\">En tout ce seront <strong>44 dates \u00e0 travers l&rsquo;Europe<\/strong> que le groupe va proposer r\u00e9parties sur deux mois.<\/p>\n<h3 style=\"text-align: justify\"><em>The Cure &#8211; A Boy I Never Knew (in\u00e9dit)<\/em><\/h3>\n<div class=\"youtube-embed\" data-video_id=\"GMoFItXRJsE\"><iframe loading=\"lazy\" title=\"The Cure - A Boy I Never Knew (Live : T-Mobile Arena in Prague, CZ, February 21st 2008)\" width=\"696\" height=\"522\" src=\"https:\/\/www.youtube.com\/embed\/GMoFItXRJsE\" frameborder=\"0\" allow=\"accelerometer; autoplay; clipboard-write; encrypted-media; gyroscope; picture-in-picture; web-share\" referrerpolicy=\"strict-origin-when-cross-origin\" allowfullscreen><\/iframe><\/div>\n<p style=\"text-align: justify\"><strong>En prime, des in\u00e9dits seront propos\u00e9s<\/strong>. Reste \u00e0 savoir si un nouvel album va sortir avant ou apr\u00e8s la s\u00e9rie de concerts. On murmure m\u00eame qu&rsquo;il y en aurait deux. Un plut\u00f4t pop, l&rsquo;autre plut\u00f4t tr\u00e8s sombre, \u00e0 l&rsquo;ancienne.<\/p>\n<p style=\"text-align: justify\"><strong>2022 s&rsquo;annonce d\u00e9j\u00e0 comme un retour inesp\u00e9r\u00e9 d&rsquo;un groupe \u00e0 part et qui va blinder toutes les salles o\u00f9 ils passeront.<\/strong><\/p>\n<h3 style=\"text-align: justify\"><em>The Cure &#8211; It Can Never Be The Same (in\u00e9dit)<\/em><\/h3>\n<div class=\"youtube-embed\" data-video_id=\"Eo4MTLPVYO8\"><iframe loading=\"lazy\" title=\"THE CURE It Can Never Be The Same @ Meltdown Festival, London 6\/24\/18\" width=\"696\" height=\"392\" src=\"https:\/\/www.youtube.com\/embed\/Eo4MTLPVYO8\" frameborder=\"0\" allow=\"accelerometer; autoplay; clipboard-write; encrypted-media; gyroscope; picture-in-picture; web-share\" referrerpolicy=\"strict-origin-when-cross-origin\" allowfullscreen><\/iframe><\/div>\n<p style=\"text-align: justify\">Un an pour se pr\u00e9parer, ce n&rsquo;est pas de trop. En fin limier que je pr\u00e9tends \u00eatre, j&rsquo;ai d\u00e9j\u00e0 ma place \u00e0 <strong>Paris en carr\u00e9 or.<\/strong> Ah ben on a le droit de se faire plaisir, m\u00eame si les places ne sont pas donn\u00e9es !<\/p>\n<p style=\"text-align: justify\"><strong>Patrick B\u00e9nard<\/strong><\/p>\n","protected":false},"excerpt":{"rendered":"<p>Huit Dates En France ou Presque Un ou deux albums \u00e0 sortir d&rsquo;ici l\u00e0 ? Le r\u00eave\u00a0 On avait laiss\u00e9 tranquillement le groupe de Robert Smith, f\u00eater ses quarante ans d&rsquo;existence avec deux concerts dantesques londoniens disponibles aujourd&rsquo;hui en DVD. 1979 \u2013 2019, \u00e7a parle quand m\u00eame\u00a0!&#8230; The Cure &#8211; Please Come Home (in\u00e9dit) et [&hellip;]<\/p>\n","protected":false},"author":4,"featured_media":15592,"comment_status":"open","ping_status":"open","sticky":false,"template":"","format":"image","meta":{"jetpack_post_was_ever_published":false,"tdm_status":"","tdm_grid_status":"","_jetpack_newsletter_access":"","_jetpack_dont_email_post_to_subs":false,"_jetpack_newsletter_tier_id":0,"_jetpack_memberships_contains_paywalled_content":false,"_jetpack_memberships_contains_paid_content":false,"footnotes":""},"categories":[30,17,36,33,26],"tags":[14159,52,58,12188,82],"class_list":{"0":"post-15591","1":"post","2":"type-post","3":"status-publish","4":"format-image","5":"has-post-thumbnail","7":"category-albums-rock","8":"category-carotte-rock-cultures","9":"category-groupes-rock-daujourdhui","10":"category-histoire-du-rock","11":"category-radio","12":"tag-concerts","13":"tag-groupe-rock-actuel","14":"tag-histoire-du-rock","15":"tag-new-wave","16":"tag-the-cure","17":"post_format-post-format-image"},"yoast_head":"<!-- This site is optimized with the Yoast SEO plugin v27.4 - https:\/\/yoast.com\/product\/yoast-seo-wordpress\/ -->\n<title>The Cure, Le Retour - Culturesco<\/title>\n<meta name=\"description\" content=\"CulturesCo | Un bon coup de pied dans ta Culture | Chroniques et histoire du Rock, chanson fran\u00e7aise, litt\u00e9rature, cin\u00e9ma et bande dessin\u00e9e.\" \/>\n<meta name=\"robots\" content=\"index, follow, max-snippet:-1, max-image-preview:large, max-video-preview:-1\" \/>\n<link rel=\"canonical\" href=\"https:\/\/culturesco.com\/index.php\/2021\/12\/11\/the-cure-le-retour\/\" \/>\n<meta property=\"og:locale\" content=\"fr_FR\" \/>\n<meta property=\"og:type\" content=\"article\" \/>\n<meta property=\"og:title\" content=\"The Cure, Le Retour - Culturesco\" \/>\n<meta property=\"og:description\" content=\"CulturesCo | Un bon coup de pied dans ta Culture | Chroniques et histoire du Rock, chanson fran\u00e7aise, litt\u00e9rature, cin\u00e9ma et bande dessin\u00e9e.\" \/>\n<meta property=\"og:url\" content=\"https:\/\/culturesco.com\/index.php\/2021\/12\/11\/the-cure-le-retour\/\" \/>\n<meta property=\"og:site_name\" content=\"Culturesco\" \/>\n<meta property=\"article:publisher\" content=\"https:\/\/www.facebook.com\/radioculturesco\" \/>\n<meta property=\"article:published_time\" content=\"2021-12-11T00:44:21+00:00\" \/>\n<meta property=\"og:image\" content=\"https:\/\/culturesco.com\/wp-content\/uploads\/2021\/12\/the-cure_tour2022_visunews1221.jpg\" \/>\n\t<meta property=\"og:image:width\" content=\"600\" \/>\n\t<meta property=\"og:image:height\" content=\"440\" \/>\n\t<meta property=\"og:image:type\" content=\"image\/jpeg\" \/>\n<meta name=\"author\" content=\"Patrick Benard\" \/>\n<meta name=\"twitter:card\" content=\"summary_large_image\" \/>\n<meta name=\"twitter:creator\" content=\"@AugusteMarshal\" \/>\n<meta name=\"twitter:site\" content=\"@AugusteMarshal\" \/>\n<meta name=\"twitter:label1\" content=\"\u00c9crit par\" \/>\n\t<meta name=\"twitter:data1\" content=\"Patrick Benard\" \/>\n\t<meta name=\"twitter:label2\" content=\"Dur\u00e9e de lecture estim\u00e9e\" \/>\n\t<meta name=\"twitter:data2\" content=\"2 minutes\" \/>\n<script type=\"application\/ld+json\" class=\"yoast-schema-graph\">{\"@context\":\"https:\\\/\\\/schema.org\",\"@graph\":[{\"@type\":\"Article\",\"@id\":\"https:\\\/\\\/culturesco.com\\\/index.php\\\/2021\\\/12\\\/11\\\/the-cure-le-retour\\\/#article\",\"isPartOf\":{\"@id\":\"https:\\\/\\\/culturesco.com\\\/index.php\\\/2021\\\/12\\\/11\\\/the-cure-le-retour\\\/\"},\"author\":{\"name\":\"Patrick Benard\",\"@id\":\"https:\\\/\\\/culturesco.com\\\/#\\\/schema\\\/person\\\/c2ddd6724863f3bbd20a8278df0891f3\"},\"headline\":\"The Cure, Le Retour\",\"datePublished\":\"2021-12-11T00:44:21+00:00\",\"mainEntityOfPage\":{\"@id\":\"https:\\\/\\\/culturesco.com\\\/index.php\\\/2021\\\/12\\\/11\\\/the-cure-le-retour\\\/\"},\"wordCount\":376,\"commentCount\":0,\"publisher\":{\"@id\":\"https:\\\/\\\/culturesco.com\\\/#organization\"},\"image\":{\"@id\":\"https:\\\/\\\/culturesco.com\\\/index.php\\\/2021\\\/12\\\/11\\\/the-cure-le-retour\\\/#primaryimage\"},\"thumbnailUrl\":\"https:\\\/\\\/i0.wp.com\\\/culturesco.com\\\/wp-content\\\/uploads\\\/2021\\\/12\\\/the-cure_tour2022_visunews1221.jpg?fit=600%2C440&ssl=1\",\"keywords\":[\"concerts\",\"groupe rock actuel\",\"histoire du rock\",\"New Wave\",\"The Cure\"],\"articleSection\":[\"Albums rock\",\"Carotte Rock Cultures\",\"Groupes rock d'aujourd'hui\",\"Histoire du rock\",\"Radio\"],\"inLanguage\":\"fr-FR\",\"potentialAction\":[{\"@type\":\"CommentAction\",\"name\":\"Comment\",\"target\":[\"https:\\\/\\\/culturesco.com\\\/index.php\\\/2021\\\/12\\\/11\\\/the-cure-le-retour\\\/#respond\"]}]},{\"@type\":\"WebPage\",\"@id\":\"https:\\\/\\\/culturesco.com\\\/index.php\\\/2021\\\/12\\\/11\\\/the-cure-le-retour\\\/\",\"url\":\"https:\\\/\\\/culturesco.com\\\/index.php\\\/2021\\\/12\\\/11\\\/the-cure-le-retour\\\/\",\"name\":\"The Cure, Le Retour - Culturesco\",\"isPartOf\":{\"@id\":\"https:\\\/\\\/culturesco.com\\\/#website\"},\"primaryImageOfPage\":{\"@id\":\"https:\\\/\\\/culturesco.com\\\/index.php\\\/2021\\\/12\\\/11\\\/the-cure-le-retour\\\/#primaryimage\"},\"image\":{\"@id\":\"https:\\\/\\\/culturesco.com\\\/index.php\\\/2021\\\/12\\\/11\\\/the-cure-le-retour\\\/#primaryimage\"},\"thumbnailUrl\":\"https:\\\/\\\/i0.wp.com\\\/culturesco.com\\\/wp-content\\\/uploads\\\/2021\\\/12\\\/the-cure_tour2022_visunews1221.jpg?fit=600%2C440&ssl=1\",\"datePublished\":\"2021-12-11T00:44:21+00:00\",\"description\":\"CulturesCo | Un bon coup de pied dans ta Culture | Chroniques et histoire du Rock, chanson fran\u00e7aise, litt\u00e9rature, cin\u00e9ma et bande dessin\u00e9e.\",\"breadcrumb\":{\"@id\":\"https:\\\/\\\/culturesco.com\\\/index.php\\\/2021\\\/12\\\/11\\\/the-cure-le-retour\\\/#breadcrumb\"},\"inLanguage\":\"fr-FR\",\"potentialAction\":[{\"@type\":\"ReadAction\",\"target\":[\"https:\\\/\\\/culturesco.com\\\/index.php\\\/2021\\\/12\\\/11\\\/the-cure-le-retour\\\/\"]}]},{\"@type\":\"ImageObject\",\"inLanguage\":\"fr-FR\",\"@id\":\"https:\\\/\\\/culturesco.com\\\/index.php\\\/2021\\\/12\\\/11\\\/the-cure-le-retour\\\/#primaryimage\",\"url\":\"https:\\\/\\\/i0.wp.com\\\/culturesco.com\\\/wp-content\\\/uploads\\\/2021\\\/12\\\/the-cure_tour2022_visunews1221.jpg?fit=600%2C440&ssl=1\",\"contentUrl\":\"https:\\\/\\\/i0.wp.com\\\/culturesco.com\\\/wp-content\\\/uploads\\\/2021\\\/12\\\/the-cure_tour2022_visunews1221.jpg?fit=600%2C440&ssl=1\",\"width\":600,\"height\":440,\"caption\":\"the cure tour 2022\"},{\"@type\":\"BreadcrumbList\",\"@id\":\"https:\\\/\\\/culturesco.com\\\/index.php\\\/2021\\\/12\\\/11\\\/the-cure-le-retour\\\/#breadcrumb\",\"itemListElement\":[{\"@type\":\"ListItem\",\"position\":1,\"name\":\"Accueil\",\"item\":\"https:\\\/\\\/culturesco.com\\\/\"},{\"@type\":\"ListItem\",\"position\":2,\"name\":\"The Cure, Le Retour\"}]},{\"@type\":\"WebSite\",\"@id\":\"https:\\\/\\\/culturesco.com\\\/#website\",\"url\":\"https:\\\/\\\/culturesco.com\\\/\",\"name\":\"Culturesco\",\"description\":\"Culturesco | Un bon coup de pied dans ta Culture\",\"publisher\":{\"@id\":\"https:\\\/\\\/culturesco.com\\\/#organization\"},\"potentialAction\":[{\"@type\":\"SearchAction\",\"target\":{\"@type\":\"EntryPoint\",\"urlTemplate\":\"https:\\\/\\\/culturesco.com\\\/?s={search_term_string}\"},\"query-input\":{\"@type\":\"PropertyValueSpecification\",\"valueRequired\":true,\"valueName\":\"search_term_string\"}}],\"inLanguage\":\"fr-FR\"},{\"@type\":\"Organization\",\"@id\":\"https:\\\/\\\/culturesco.com\\\/#organization\",\"name\":\"CULTURESCO\",\"url\":\"https:\\\/\\\/culturesco.com\\\/\",\"logo\":{\"@type\":\"ImageObject\",\"inLanguage\":\"fr-FR\",\"@id\":\"https:\\\/\\\/culturesco.com\\\/#\\\/schema\\\/logo\\\/image\\\/\",\"url\":\"https:\\\/\\\/i0.wp.com\\\/culturesco.com\\\/wp-content\\\/uploads\\\/2022\\\/04\\\/culturesco-logo-blanc250p.png?fit=250%2C250&ssl=1\",\"contentUrl\":\"https:\\\/\\\/i0.wp.com\\\/culturesco.com\\\/wp-content\\\/uploads\\\/2022\\\/04\\\/culturesco-logo-blanc250p.png?fit=250%2C250&ssl=1\",\"width\":250,\"height\":250,\"caption\":\"CULTURESCO\"},\"image\":{\"@id\":\"https:\\\/\\\/culturesco.com\\\/#\\\/schema\\\/logo\\\/image\\\/\"},\"sameAs\":[\"https:\\\/\\\/www.facebook.com\\\/radioculturesco\",\"https:\\\/\\\/x.com\\\/AugusteMarshal\",\"https:\\\/\\\/www.instagram.com\\\/carotte_rock_culture\\\/\",\"https:\\\/\\\/www.pinterest.fr\\\/augustemarshal\\\/\",\"https:\\\/\\\/www.youtube.com\\\/channel\\\/UCiWLGffqWSXlNnfzp6YwwyQ\"]},{\"@type\":\"Person\",\"@id\":\"https:\\\/\\\/culturesco.com\\\/#\\\/schema\\\/person\\\/c2ddd6724863f3bbd20a8278df0891f3\",\"name\":\"Patrick Benard\",\"image\":{\"@type\":\"ImageObject\",\"inLanguage\":\"fr-FR\",\"@id\":\"https:\\\/\\\/i0.wp.com\\\/culturesco.com\\\/wp-content\\\/uploads\\\/2019\\\/02\\\/patrick-benard-2.jpg?fit=90%2C96&ssl=1\",\"url\":\"https:\\\/\\\/i0.wp.com\\\/culturesco.com\\\/wp-content\\\/uploads\\\/2019\\\/02\\\/patrick-benard-2.jpg?fit=90%2C96&ssl=1\",\"contentUrl\":\"https:\\\/\\\/i0.wp.com\\\/culturesco.com\\\/wp-content\\\/uploads\\\/2019\\\/02\\\/patrick-benard-2.jpg?fit=90%2C96&ssl=1\",\"caption\":\"Patrick Benard\"},\"description\":\"Ecrivain, chroniqueur, animateur radio, cr\u00e9ateur de la revue \u00ab Cin\u00e9manie \u00bb, autour du cin\u00e9ma dit d\u2019art et d\u2019essai, sp\u00e9cialiste du groupe The Cure, archiviste... 2020 : \\\"Le Post Rock\\\" essai sur le post rock de Mogwa\u00ef \u00e0 Godspeed You Black Emperor - Camion Blanc 2014 : \u00ab On the rocks \u2013le rock de 2007 \u00e0 2014 \u00bb chroniques livres et cd rocks, interviews \u2013Editions Vaillant 2010 : \u00ab Dans la T\u00eate de Robert Smith \u00bb, roman fiction autour de l\u2019histoire des Cure et de Robert Smith \u2013 Edilivres 2007 : \u00ab Chroniques Fr\u00e9n\u00e9tiques, une histoire intime du rock \u00bb, roman, prix Technikart. 2001 : \u00ab Les Iles du D\u00e9sert \u00bb, polar autour du rock \u2013 Editions Nykta\",\"url\":\"https:\\\/\\\/culturesco.com\\\/index.php\\\/author\\\/patrick-benard89\\\/\"}]}<\/script>\n<!-- \/ Yoast SEO plugin. -->","yoast_head_json":{"title":"The Cure, Le Retour - Culturesco","description":"CulturesCo | Un bon coup de pied dans ta Culture | Chroniques et histoire du Rock, chanson fran\u00e7aise, litt\u00e9rature, cin\u00e9ma et bande dessin\u00e9e.","robots":{"index":"index","follow":"follow","max-snippet":"max-snippet:-1","max-image-preview":"max-image-preview:large","max-video-preview":"max-video-preview:-1"},"canonical":"https:\/\/culturesco.com\/index.php\/2021\/12\/11\/the-cure-le-retour\/","og_locale":"fr_FR","og_type":"article","og_title":"The Cure, Le Retour - Culturesco","og_description":"CulturesCo | Un bon coup de pied dans ta Culture | Chroniques et histoire du Rock, chanson fran\u00e7aise, litt\u00e9rature, cin\u00e9ma et bande dessin\u00e9e.","og_url":"https:\/\/culturesco.com\/index.php\/2021\/12\/11\/the-cure-le-retour\/","og_site_name":"Culturesco","article_publisher":"https:\/\/www.facebook.com\/radioculturesco","article_published_time":"2021-12-11T00:44:21+00:00","og_image":[{"width":600,"height":440,"url":"https:\/\/culturesco.com\/wp-content\/uploads\/2021\/12\/the-cure_tour2022_visunews1221.jpg","type":"image\/jpeg"}],"author":"Patrick Benard","twitter_card":"summary_large_image","twitter_creator":"@AugusteMarshal","twitter_site":"@AugusteMarshal","twitter_misc":{"\u00c9crit par":"Patrick Benard","Dur\u00e9e de lecture estim\u00e9e":"2 minutes"},"schema":{"@context":"https:\/\/schema.org","@graph":[{"@type":"Article","@id":"https:\/\/culturesco.com\/index.php\/2021\/12\/11\/the-cure-le-retour\/#article","isPartOf":{"@id":"https:\/\/culturesco.com\/index.php\/2021\/12\/11\/the-cure-le-retour\/"},"author":{"name":"Patrick Benard","@id":"https:\/\/culturesco.com\/#\/schema\/person\/c2ddd6724863f3bbd20a8278df0891f3"},"headline":"The Cure, Le Retour","datePublished":"2021-12-11T00:44:21+00:00","mainEntityOfPage":{"@id":"https:\/\/culturesco.com\/index.php\/2021\/12\/11\/the-cure-le-retour\/"},"wordCount":376,"commentCount":0,"publisher":{"@id":"https:\/\/culturesco.com\/#organization"},"image":{"@id":"https:\/\/culturesco.com\/index.php\/2021\/12\/11\/the-cure-le-retour\/#primaryimage"},"thumbnailUrl":"https:\/\/i0.wp.com\/culturesco.com\/wp-content\/uploads\/2021\/12\/the-cure_tour2022_visunews1221.jpg?fit=600%2C440&ssl=1","keywords":["concerts","groupe rock actuel","histoire du rock","New Wave","The Cure"],"articleSection":["Albums rock","Carotte Rock Cultures","Groupes rock d'aujourd'hui","Histoire du rock","Radio"],"inLanguage":"fr-FR","potentialAction":[{"@type":"CommentAction","name":"Comment","target":["https:\/\/culturesco.com\/index.php\/2021\/12\/11\/the-cure-le-retour\/#respond"]}]},{"@type":"WebPage","@id":"https:\/\/culturesco.com\/index.php\/2021\/12\/11\/the-cure-le-retour\/","url":"https:\/\/culturesco.com\/index.php\/2021\/12\/11\/the-cure-le-retour\/","name":"The Cure, Le Retour - Culturesco","isPartOf":{"@id":"https:\/\/culturesco.com\/#website"},"primaryImageOfPage":{"@id":"https:\/\/culturesco.com\/index.php\/2021\/12\/11\/the-cure-le-retour\/#primaryimage"},"image":{"@id":"https:\/\/culturesco.com\/index.php\/2021\/12\/11\/the-cure-le-retour\/#primaryimage"},"thumbnailUrl":"https:\/\/i0.wp.com\/culturesco.com\/wp-content\/uploads\/2021\/12\/the-cure_tour2022_visunews1221.jpg?fit=600%2C440&ssl=1","datePublished":"2021-12-11T00:44:21+00:00","description":"CulturesCo | Un bon coup de pied dans ta Culture | Chroniques et histoire du Rock, chanson fran\u00e7aise, litt\u00e9rature, cin\u00e9ma et bande dessin\u00e9e.","breadcrumb":{"@id":"https:\/\/culturesco.com\/index.php\/2021\/12\/11\/the-cure-le-retour\/#breadcrumb"},"inLanguage":"fr-FR","potentialAction":[{"@type":"ReadAction","target":["https:\/\/culturesco.com\/index.php\/2021\/12\/11\/the-cure-le-retour\/"]}]},{"@type":"ImageObject","inLanguage":"fr-FR","@id":"https:\/\/culturesco.com\/index.php\/2021\/12\/11\/the-cure-le-retour\/#primaryimage","url":"https:\/\/i0.wp.com\/culturesco.com\/wp-content\/uploads\/2021\/12\/the-cure_tour2022_visunews1221.jpg?fit=600%2C440&ssl=1","contentUrl":"https:\/\/i0.wp.com\/culturesco.com\/wp-content\/uploads\/2021\/12\/the-cure_tour2022_visunews1221.jpg?fit=600%2C440&ssl=1","width":600,"height":440,"caption":"the cure tour 2022"},{"@type":"BreadcrumbList","@id":"https:\/\/culturesco.com\/index.php\/2021\/12\/11\/the-cure-le-retour\/#breadcrumb","itemListElement":[{"@type":"ListItem","position":1,"name":"Accueil","item":"https:\/\/culturesco.com\/"},{"@type":"ListItem","position":2,"name":"The Cure, Le Retour"}]},{"@type":"WebSite","@id":"https:\/\/culturesco.com\/#website","url":"https:\/\/culturesco.com\/","name":"Culturesco","description":"Culturesco | Un bon coup de pied dans ta Culture","publisher":{"@id":"https:\/\/culturesco.com\/#organization"},"potentialAction":[{"@type":"SearchAction","target":{"@type":"EntryPoint","urlTemplate":"https:\/\/culturesco.com\/?s={search_term_string}"},"query-input":{"@type":"PropertyValueSpecification","valueRequired":true,"valueName":"search_term_string"}}],"inLanguage":"fr-FR"},{"@type":"Organization","@id":"https:\/\/culturesco.com\/#organization","name":"CULTURESCO","url":"https:\/\/culturesco.com\/","logo":{"@type":"ImageObject","inLanguage":"fr-FR","@id":"https:\/\/culturesco.com\/#\/schema\/logo\/image\/","url":"https:\/\/i0.wp.com\/culturesco.com\/wp-content\/uploads\/2022\/04\/culturesco-logo-blanc250p.png?fit=250%2C250&ssl=1","contentUrl":"https:\/\/i0.wp.com\/culturesco.com\/wp-content\/uploads\/2022\/04\/culturesco-logo-blanc250p.png?fit=250%2C250&ssl=1","width":250,"height":250,"caption":"CULTURESCO"},"image":{"@id":"https:\/\/culturesco.com\/#\/schema\/logo\/image\/"},"sameAs":["https:\/\/www.facebook.com\/radioculturesco","https:\/\/x.com\/AugusteMarshal","https:\/\/www.instagram.com\/carotte_rock_culture\/","https:\/\/www.pinterest.fr\/augustemarshal\/","https:\/\/www.youtube.com\/channel\/UCiWLGffqWSXlNnfzp6YwwyQ"]},{"@type":"Person","@id":"https:\/\/culturesco.com\/#\/schema\/person\/c2ddd6724863f3bbd20a8278df0891f3","name":"Patrick Benard","image":{"@type":"ImageObject","inLanguage":"fr-FR","@id":"https:\/\/i0.wp.com\/culturesco.com\/wp-content\/uploads\/2019\/02\/patrick-benard-2.jpg?fit=90%2C96&ssl=1","url":"https:\/\/i0.wp.com\/culturesco.com\/wp-content\/uploads\/2019\/02\/patrick-benard-2.jpg?fit=90%2C96&ssl=1","contentUrl":"https:\/\/i0.wp.com\/culturesco.com\/wp-content\/uploads\/2019\/02\/patrick-benard-2.jpg?fit=90%2C96&ssl=1","caption":"Patrick Benard"},"description":"Ecrivain, chroniqueur, animateur radio, cr\u00e9ateur de la revue \u00ab Cin\u00e9manie \u00bb, autour du cin\u00e9ma dit d\u2019art et d\u2019essai, sp\u00e9cialiste du groupe The Cure, archiviste... 2020 : \"Le Post Rock\" essai sur le post rock de Mogwa\u00ef \u00e0 Godspeed You Black Emperor - Camion Blanc 2014 : \u00ab On the rocks \u2013le rock de 2007 \u00e0 2014 \u00bb chroniques livres et cd rocks, interviews \u2013Editions Vaillant 2010 : \u00ab Dans la T\u00eate de Robert Smith \u00bb, roman fiction autour de l\u2019histoire des Cure et de Robert Smith \u2013 Edilivres 2007 : \u00ab Chroniques Fr\u00e9n\u00e9tiques, une histoire intime du rock \u00bb, roman, prix Technikart. 2001 : \u00ab Les Iles du D\u00e9sert \u00bb, polar autour du rock \u2013 Editions Nykta","url":"https:\/\/culturesco.com\/index.php\/author\/patrick-benard89\/"}]}},"jetpack_featured_media_url":"https:\/\/i0.wp.com\/culturesco.com\/wp-content\/uploads\/2021\/12\/the-cure_tour2022_visunews1221.jpg?fit=600%2C440&ssl=1","jetpack_likes_enabled":true,"jetpack_sharing_enabled":true,"jetpack_shortlink":"https:\/\/wp.me\/paz89I-43t","_links":{"self":[{"href":"https:\/\/culturesco.com\/index.php\/wp-json\/wp\/v2\/posts\/15591","targetHints":{"allow":["GET"]}}],"collection":[{"href":"https:\/\/culturesco.com\/index.php\/wp-json\/wp\/v2\/posts"}],"about":[{"href":"https:\/\/culturesco.com\/index.php\/wp-json\/wp\/v2\/types\/post"}],"author":[{"embeddable":true,"href":"https:\/\/culturesco.com\/index.php\/wp-json\/wp\/v2\/users\/4"}],"replies":[{"embeddable":true,"href":"https:\/\/culturesco.com\/index.php\/wp-json\/wp\/v2\/comments?post=15591"}],"version-history":[{"count":0,"href":"https:\/\/culturesco.com\/index.php\/wp-json\/wp\/v2\/posts\/15591\/revisions"}],"wp:featuredmedia":[{"embeddable":true,"href":"https:\/\/culturesco.com\/index.php\/wp-json\/wp\/v2\/media\/15592"}],"wp:attachment":[{"href":"https:\/\/culturesco.com\/index.php\/wp-json\/wp\/v2\/media?parent=15591"}],"wp:term":[{"taxonomy":"category","embeddable":true,"href":"https:\/\/culturesco.com\/index.php\/wp-json\/wp\/v2\/categories?post=15591"},{"taxonomy":"post_tag","embeddable":true,"href":"https:\/\/culturesco.com\/index.php\/wp-json\/wp\/v2\/tags?post=15591"}],"curies":[{"name":"wp","href":"https:\/\/api.w.org\/{rel}","templated":true}]}}