{"id":15397,"date":"2021-11-28T18:15:44","date_gmt":"2021-11-28T17:15:44","guid":{"rendered":"https:\/\/culturesco.com\/?p=15397"},"modified":"2025-09-11T09:26:08","modified_gmt":"2025-09-11T07:26:08","slug":"la-belgitude-rock-deus-1re-partie","status":"publish","type":"post","link":"https:\/\/culturesco.com\/index.php\/2021\/11\/28\/la-belgitude-rock-deus-1re-partie\/","title":{"rendered":"La Belgitude Rock : dEUS &#8211; 1re partie"},"content":{"rendered":"<h2 style=\"text-align: justify;\">HAPPENING<\/h2>\n<figure id=\"attachment_15417\" aria-describedby=\"caption-attachment-15417\" style=\"width: 600px\" class=\"wp-caption alignnone\"><img data-recalc-dims=\"1\" loading=\"lazy\" decoding=\"async\" class=\"size-full wp-image-15417\" src=\"https:\/\/i0.wp.com\/culturesco.com\/wp-content\/uploads\/2021\/11\/R-3.jpg?resize=600%2C423&#038;ssl=1\" alt=\"Photo de dEUS en 1994 \/ 1995\" width=\"600\" height=\"423\" srcset=\"https:\/\/i0.wp.com\/culturesco.com\/wp-content\/uploads\/2021\/11\/R-3.jpg?w=600&amp;ssl=1 600w, https:\/\/i0.wp.com\/culturesco.com\/wp-content\/uploads\/2021\/11\/R-3.jpg?resize=300%2C211&amp;ssl=1 300w, https:\/\/i0.wp.com\/culturesco.com\/wp-content\/uploads\/2021\/11\/R-3.jpg?resize=696%2C490&amp;ssl=1 696w, https:\/\/i0.wp.com\/culturesco.com\/wp-content\/uploads\/2021\/11\/R-3.jpg?resize=596%2C420&amp;ssl=1 596w, https:\/\/i0.wp.com\/culturesco.com\/wp-content\/uploads\/2021\/11\/R-3.jpg?resize=100%2C70&amp;ssl=1 100w\" sizes=\"auto, (max-width: 600px) 100vw, 600px\" \/><figcaption id=\"caption-attachment-15417\" class=\"wp-caption-text\">dEUS en 1994 \/ 1995<\/figcaption><\/figure>\n<p style=\"text-align: justify;\">Un soir de <strong>1994<\/strong>, <strong>Lille<\/strong>. A l\u2019<strong>A\u00e9ronef<\/strong>, l\u2019une des meilleures salles de concert de France \u00e0 l\u2019\u00e9poque. Des copains de Roubaix, le groupe<strong> Soleil Flexible<\/strong>, jouent en 1re partie d\u2019un nouveau combo belge. Concert de promo gratuit. Bonne prestation des potes. Voyons les p\u2019tits Belges, des gars d\u2019<strong>Anvers<\/strong>. Ils arrivent, ils sont tr\u00e8s jeunes, sauf peut-\u00eatre le batteur. Look vaguement arty mais pas poseurs. Tiens, y\u2019a un violoniste&#8230; Et l\u00e0, vlam ! Le choc !<\/p>\n<p style=\"text-align: justify;\">Le quintet balance un m\u00e9lange improbable de r\u00e9f\u00e9rences : <a href=\"https:\/\/fr.wikipedia.org\/wiki\/Captain_Beefheart\"><strong>Captain Beefheart<\/strong><\/a>, le <a href=\"https:\/\/culturesco.com\/index.php\/2021\/03\/12\/velvet-underground-nico-le-culte-de-la-banane-sunday-morning-venus-in-furs-im-waiting-for-the-man\/\"><strong>Velvet Underground<\/strong><\/a>, <a href=\"https:\/\/fr.wikipedia.org\/wiki\/Sonic_Youth\"><strong>Sonic Youth<\/strong><\/a>, m\u00eame du <strong>flamenco<\/strong>&#8230; Le tout avec une incroyable aisance instrumentale, une coh\u00e9sion impressionnante. Et quel travail sur les voix : en solo, en ch\u0153urs, en r\u00e9ponses, chuchot\u00e9es, hurl\u00e9es, trafiqu\u00e9es. Par moment, \u00e7a frise le happening, avec de l\u2019improvisation. Des fortes personnalit\u00e9s ! Leur nom ? <strong>dEUS<\/strong> !<\/p>\n<h3>dEUS &#8211; SUDS &amp; SODAS LIVE (1995)<\/h3>\n<div class=\"youtube-embed\" data-video_id=\"oXt2_jLQv04\"><iframe loading=\"lazy\" title=\"dEUS - Suds &amp; sodas - LIVE\" width=\"696\" height=\"522\" src=\"https:\/\/www.youtube.com\/embed\/oXt2_jLQv04\" frameborder=\"0\" allow=\"accelerometer; autoplay; clipboard-write; encrypted-media; gyroscope; picture-in-picture; web-share\" referrerpolicy=\"strict-origin-when-cross-origin\" allowfullscreen><\/iframe><\/div>\n<h3 style=\"text-align: justify;\">WORST CASE SCENARIO (1994)<\/h3>\n<p style=\"text-align: justify;\">Form\u00e9 donc en 1991 \u00e0 Anvers autour de <strong>Tom Barman<\/strong>, <strong>dEUS<\/strong> version 94 est constitu\u00e9 de <strong>Tom <\/strong>(Chant, guitare), <strong>Stef Kamil Carlens<\/strong> (Basse, chant), <strong>Rudy Trouv\u00e9<\/strong> (Guitare, chant, cr\u00e9ation des pochettes), <strong>Klaas<\/strong> <strong>Janzoons<\/strong> (Violon, claviers, chant) et <strong>Jules De Borgher<\/strong> (Batterie). Leur nom, immodeste, serait une allusion au m\u00eame titre des<a href=\"https:\/\/fr.wikipedia.org\/wiki\/The_Sugarcubes\"><strong> Sugarcubes<\/strong><\/a>, le groupe originel de <strong>Bj\u00f6rk<\/strong>.<\/p>\n<figure id=\"attachment_15410\" aria-describedby=\"caption-attachment-15410\" style=\"width: 300px\" class=\"wp-caption alignright\"><img data-recalc-dims=\"1\" loading=\"lazy\" decoding=\"async\" class=\"size-medium wp-image-15410\" src=\"https:\/\/i0.wp.com\/culturesco.com\/wp-content\/uploads\/2021\/11\/R-901101-1170886242.jpeg.jpg?resize=300%2C298&#038;ssl=1\" alt=\"Pochette de l'album Worst Case Scenario\" width=\"300\" height=\"298\" srcset=\"https:\/\/i0.wp.com\/culturesco.com\/wp-content\/uploads\/2021\/11\/R-901101-1170886242.jpeg.jpg?resize=300%2C298&amp;ssl=1 300w, https:\/\/i0.wp.com\/culturesco.com\/wp-content\/uploads\/2021\/11\/R-901101-1170886242.jpeg.jpg?resize=150%2C150&amp;ssl=1 150w, https:\/\/i0.wp.com\/culturesco.com\/wp-content\/uploads\/2021\/11\/R-901101-1170886242.jpeg.jpg?resize=423%2C420&amp;ssl=1 423w, https:\/\/i0.wp.com\/culturesco.com\/wp-content\/uploads\/2021\/11\/R-901101-1170886242.jpeg.jpg?resize=100%2C100&amp;ssl=1 100w, https:\/\/i0.wp.com\/culturesco.com\/wp-content\/uploads\/2021\/11\/R-901101-1170886242.jpeg.jpg?resize=50%2C50&amp;ssl=1 50w, https:\/\/i0.wp.com\/culturesco.com\/wp-content\/uploads\/2021\/11\/R-901101-1170886242.jpeg.jpg?w=600&amp;ssl=1 600w\" sizes=\"auto, (max-width: 300px) 100vw, 300px\" \/><figcaption id=\"caption-attachment-15410\" class=\"wp-caption-text\">Worst Case Scenario<\/figcaption><\/figure>\n<p style=\"text-align: justify;\">Cette formation enregistre le premier LP <strong>Worst Case Scenario<\/strong>, qui para\u00eet en Septembre 1994. Un album de tous les possibles. La pochette tout d\u2019abord, une cr\u00e9ation picturale de <strong>Rudy Trouv\u00e9<\/strong>. A l\u2019\u00e9coute ensuite, on comprend vite que les gars n\u2019ont pas de limites. C\u2019est inventif, d\u00e9concertant, riche de styles et d\u2019influences, m\u00e9lodique et dissonant.<\/p>\n<p style=\"text-align: justify;\">Les cing sont en effet capables de la plus grande douceur m\u00e9lancolique comme de la dinguerie int\u00e9grale. Une \u00e9cole de l\u2019antinomie qui sera toujours la marque des Anversois, ainsi le titre <strong>Suds &amp; Sodas<\/strong> &#8211; qui deviendra l\u2019hymne du groupe et un air embl\u00e9matique des 90\u2019s -, ou<strong> Hotellounge (Be<\/strong> <strong>The Death Of Me).<\/strong><\/p>\n<h3>dEUS &#8211; HOTELLOUNGE (BE THE DEATH OF ME)<\/h3>\n<div class=\"youtube-embed\" data-video_id=\"AoKB-v_GgEQ\"><iframe loading=\"lazy\" title=\"dEUS - Hotellounge (be the death of me) (from Worst Case Scenario)\" width=\"696\" height=\"522\" src=\"https:\/\/www.youtube.com\/embed\/AoKB-v_GgEQ\" frameborder=\"0\" allow=\"accelerometer; autoplay; clipboard-write; encrypted-media; gyroscope; picture-in-picture; web-share\" referrerpolicy=\"strict-origin-when-cross-origin\" allowfullscreen><\/iframe><\/div>\n<p style=\"text-align: justify;\">De ce patchwork sonore se d\u00e9tachent deux figures : <strong>Tom Barman<\/strong>, la voix \u00e9raill\u00e9e \u00e0 la fois puissante et fragile, qui n\u2019est pas sans rappeler <a href=\"https:\/\/fr.wikipedia.org\/wiki\/J.J._Cale\"><strong>J.J Cale<\/strong><\/a> \u2013 qu&rsquo;il v\u00e9n\u00e8re &#8211; et <strong>Stef Kamil Carlens<\/strong>, bassiste \u00e0 fleur de peau, dont la voix plus aig\u00fce compl\u00e8te et r\u00e9pond \u00e0 celle de Tom, comme deux faux fr\u00e8res.<\/p>\n<p style=\"text-align: justify;\">Ce premier opus est un v\u00e9ritable succ\u00e8s critique et public, du moins en Belgique.<\/p>\n<p style=\"text-align: justify;\">Mais apr\u00e8s la tourn\u00e9e et un EP quasi exp\u00e9rimental, <strong>My Sister = My Clock<\/strong>, le guitariste <strong>Rudy Trouv\u00e9<\/strong> part fonder d\u2019autres projets, le plus connus \u00e9tant <a href=\"https:\/\/en.wikipedia.org\/wiki\/Dead_Man_Ray\"><strong>Dead Man Ray<\/strong><\/a>. L\u2019\u00e9cossais <strong>Craig Ward<\/strong> le remplace. Son jeu de guitare moins marqu\u00e9 par les explosions de fuzz et son travail sur les voix vont commencer \u00e0 impr\u00e9gner le son de <strong>dEUS<\/strong> pour la cr\u00e9ation des LP suivants.<\/p>\n<h3 style=\"text-align: justify;\">IN A BAR, UNDER THE SEA (1996)<\/h3>\n<figure id=\"attachment_15411\" aria-describedby=\"caption-attachment-15411\" style=\"width: 300px\" class=\"wp-caption aligncenter\"><img data-recalc-dims=\"1\" loading=\"lazy\" decoding=\"async\" class=\"size-medium wp-image-15411\" src=\"https:\/\/i0.wp.com\/culturesco.com\/wp-content\/uploads\/2021\/11\/791be680e139dec368d54c9c57038753.jpg?resize=300%2C300&#038;ssl=1\" alt=\"Pochette de l'album In A Bar, Under The Sea\" width=\"300\" height=\"300\" srcset=\"https:\/\/i0.wp.com\/culturesco.com\/wp-content\/uploads\/2021\/11\/791be680e139dec368d54c9c57038753.jpg?resize=300%2C300&amp;ssl=1 300w, https:\/\/i0.wp.com\/culturesco.com\/wp-content\/uploads\/2021\/11\/791be680e139dec368d54c9c57038753.jpg?resize=150%2C150&amp;ssl=1 150w, https:\/\/i0.wp.com\/culturesco.com\/wp-content\/uploads\/2021\/11\/791be680e139dec368d54c9c57038753.jpg?resize=100%2C100&amp;ssl=1 100w, https:\/\/i0.wp.com\/culturesco.com\/wp-content\/uploads\/2021\/11\/791be680e139dec368d54c9c57038753.jpg?resize=50%2C50&amp;ssl=1 50w, https:\/\/i0.wp.com\/culturesco.com\/wp-content\/uploads\/2021\/11\/791be680e139dec368d54c9c57038753.jpg?w=400&amp;ssl=1 400w\" sizes=\"auto, (max-width: 300px) 100vw, 300px\" \/><figcaption id=\"caption-attachment-15411\" class=\"wp-caption-text\">In A Bar, Under The Sea<\/figcaption><\/figure>\n<p style=\"text-align: justify;\">Intitul\u00e9 <strong>In A Bar, Under The Sea<\/strong> ( Septembre 1996), encore illustr\u00e9 par <strong>Rudy<\/strong>, ce 2e volume des Anversois s\u2019affiche tout aussi aventureux mais moins rugueux car mieux produit et plus m\u00e9lodique. Par contre, toujours impr\u00e9visible. Avec <strong>dEUS<\/strong>, on ne sait jamais comment va \u00e9voluer un titre, dans son \u00e9criture, ou un album dans sa progression. Ainsi, le disque s\u2019ouvre sur un d\u00e9lire Disco-Hard Rock que l&rsquo;on pouvait \u00e0 peine imaginer.<\/p>\n<h3>dEUS &#8211; FELL OFF THE FLOOR, MAN (1996)<\/h3>\n<div class=\"youtube-embed\" data-video_id=\"iiPP341E2rQ\"><iframe loading=\"lazy\" title=\"dEUS - Fell Off The Floor, Man (In A Bar, Under The Sea)\" width=\"696\" height=\"522\" src=\"https:\/\/www.youtube.com\/embed\/iiPP341E2rQ\" frameborder=\"0\" allow=\"accelerometer; autoplay; clipboard-write; encrypted-media; gyroscope; picture-in-picture; web-share\" referrerpolicy=\"strict-origin-when-cross-origin\" allowfullscreen><\/iframe><\/div>\n<p style=\"text-align: justify;\">Plus loin, un sample de<a href=\"https:\/\/fr.wikipedia.org\/wiki\/Charles_Mingus\"><strong> Charlie Mingus<\/strong><\/a> (<strong>Far Wells, Mill Valley<\/strong>) sert d\u2019ossature \u00e0 une narration bizarro\u00efde sur lit de guitares \u00e0 la <strong>James Bond<\/strong>, accompagn\u00e9e de mont\u00e9es de cuivres et de percussions. Le tout permettra \u00e0 <strong>Tom Barman<\/strong> de r\u00e9aliser une vid\u00e9o hommage \u00e0 <a href=\"https:\/\/fr.wikipedia.org\/wiki\/John_Cassavetes\"><strong>John<\/strong> <strong>Cassavetes<\/strong><\/a>, film\u00e9e \u00e0 Paris, avec <a href=\"https:\/\/en.wikipedia.org\/wiki\/Seymour_Cassel\"><strong>Seymour Cassel<\/strong> <\/a>&#8211; acteur f\u00e9tiche du <a href=\"https:\/\/fr.wikipedia.org\/wiki\/Johnny_Staccato\">Johnny<\/a> &#8211; accompagn\u00e9 par l\u2019un des amis danseurs de l\u2019\u00e9quipe&#8230;<\/p>\n<h3>dEUS &#8211; THEME FROM TURNPIKE (1996)<\/h3>\n<div class=\"youtube-embed\" data-video_id=\"0ctOyryYhaI\"><iframe loading=\"lazy\" title=\"dEUS - Theme From Turnpike (from In A Bar, Under The Sea)\" width=\"696\" height=\"522\" src=\"https:\/\/www.youtube.com\/embed\/0ctOyryYhaI\" frameborder=\"0\" allow=\"accelerometer; autoplay; clipboard-write; encrypted-media; gyroscope; picture-in-picture; web-share\" referrerpolicy=\"strict-origin-when-cross-origin\" allowfullscreen><\/iframe><\/div>\n<p style=\"text-align: justify;\">Vers la fin du disque, le titre<strong> For The Roses,<\/strong> avec sa boucle obsessionnelle de violon, de basse, et de guitares satur\u00e9es, deviendra l\u2019arch\u00e9type des morceaux les plus \u00e9piques de <strong>dEUS<\/strong>.<\/p>\n<h3>dEUS &#8211; FOR THE ROSES (1996)<\/h3>\n<div class=\"youtube-embed\" data-video_id=\"8Gj2MCf2G80\"><iframe loading=\"lazy\" title=\"dEUS - Roses (from In A Bar, Under The Sea)\" width=\"696\" height=\"522\" src=\"https:\/\/www.youtube.com\/embed\/8Gj2MCf2G80?start=1\" frameborder=\"0\" allow=\"accelerometer; autoplay; clipboard-write; encrypted-media; gyroscope; picture-in-picture; web-share\" referrerpolicy=\"strict-origin-when-cross-origin\" allowfullscreen><\/iframe><\/div>\n<p style=\"text-align: justify;\">On pourrait aussi citer la folie douce de <a href=\"https:\/\/www.youtube.com\/watch?v=VPsvlDMwbVg\"><strong>Little Arithmetics<\/strong><\/a> ou la langueur jazzy de <strong>Wake Me Before I Sleep<\/strong> etc&#8230; Ce 2e opus est une vraie merveille.<\/p>\n<p style=\"text-align: justify;\">Les concerts de la tourn\u00e9e sont incandescents, tout baigne ? Non. A nouveau, la bougeotte gagne l\u2019un des fondateurs de la bande, le bassiste et second chanteur, <strong>Stef Kamil Carlens<\/strong>. Ces gars-l\u00e0 n\u2019arr\u00eatent pas de jouer, il a d\u00e9j\u00e0 un autre projet parall\u00e8le, <strong>Moondog Jr, <\/strong>vite rebaptis\u00e9 <a href=\"https:\/\/fr.wikipedia.org\/wiki\/Zita_Swoon\">\u00a0<strong>Zita Swoon<\/strong><\/a>. Il finit par quitter <strong>dEUS<\/strong>, suppl\u00e9\u00e9 par un copain, <strong>Danny Mommens<\/strong>&#8230;<\/p>\n<h3>THE IDEAL CRASH (1999)<\/h3>\n<p style=\"text-align: justify;\">Troisi\u00e8me chapitre, Mars 1999. Du changement, photo en une &#8211; de <strong>Maarten Vanden Abeele &#8211;<\/strong>, pas d\u2019\u0153uvre de <strong>Rudy<\/strong> <strong>Trouv\u00e9<\/strong>. Un probable accident, le crash du titre ? Au verso, un autre clich\u00e9 avec le groupe sur sc\u00e8ne, vu des coulisses, au milieu de danseurs et de cracheurs de feu : happening&#8230;<\/p>\n<figure id=\"attachment_15412\" aria-describedby=\"caption-attachment-15412\" style=\"width: 300px\" class=\"wp-caption alignright\"><img data-recalc-dims=\"1\" loading=\"lazy\" decoding=\"async\" class=\"size-medium wp-image-15412\" src=\"https:\/\/i0.wp.com\/culturesco.com\/wp-content\/uploads\/2021\/11\/R.jpg?resize=300%2C298&#038;ssl=1\" alt=\"Pochette de l'album The Ideal Crash\" width=\"300\" height=\"298\" srcset=\"https:\/\/i0.wp.com\/culturesco.com\/wp-content\/uploads\/2021\/11\/R.jpg?resize=300%2C298&amp;ssl=1 300w, https:\/\/i0.wp.com\/culturesco.com\/wp-content\/uploads\/2021\/11\/R.jpg?resize=150%2C150&amp;ssl=1 150w, https:\/\/i0.wp.com\/culturesco.com\/wp-content\/uploads\/2021\/11\/R.jpg?resize=423%2C420&amp;ssl=1 423w, https:\/\/i0.wp.com\/culturesco.com\/wp-content\/uploads\/2021\/11\/R.jpg?resize=100%2C100&amp;ssl=1 100w, https:\/\/i0.wp.com\/culturesco.com\/wp-content\/uploads\/2021\/11\/R.jpg?resize=50%2C50&amp;ssl=1 50w, https:\/\/i0.wp.com\/culturesco.com\/wp-content\/uploads\/2021\/11\/R.jpg?w=600&amp;ssl=1 600w\" sizes=\"auto, (max-width: 300px) 100vw, 300px\" \/><figcaption id=\"caption-attachment-15412\" class=\"wp-caption-text\">The Ideal Crash<\/figcaption><\/figure>\n<p style=\"text-align: justify;\">D\u00e8s l\u2019ouverture, on a compris : on \u00e9coute sans doute le meilleur album de <strong>dEUS<\/strong>. La production d\u2019abord, superbe, puissante et fine. Tout est magnifi\u00e9, les instruments, notamment guitares et basse, les voix bien s\u00fbr, et tous ces sons arrivant par surprise : larsens, cuivres, bidouillages de synth\u00e9s, mellotron&#8230; Ensuite, beau travail d\u2019\u00e9criture, les m\u00e9lodies sont \u00e0 tomber \u2013 <a href=\"https:\/\/www.youtube.com\/watch?v=l6SwB_ZQsq4\"><strong>Sister Dew<\/strong><\/a>, <strong>The Magic Hour<\/strong>, <strong>Magdalena<\/strong>&#8230;-, de m\u00eame que les arrangements.<\/p>\n<p style=\"text-align: justify;\">On fr\u00f4le la perfection maniaque mais sans quitter l\u2019originalit\u00e9 et l\u2019inventivit\u00e9. Comme pour <strong>Instant Street<\/strong>. Au d\u00e9but, une ballade avec une ritournelle au banjo, rythme sud-am\u00e9ricain, des \u00e9changes de voix <strong>Barman<\/strong> <strong>\u2013 Craig<\/strong>, une superbe chanson digne de <a href=\"https:\/\/culturesco.com\/index.php\/2021\/08\/05\/revolver-les-beatles-ouvrent-la-voie-psychedelique-eleanor-rigby-yellow-submarine\/\"><strong>McCartney<\/strong><\/a>, puis alors que semble se d\u00e9velopper un solo, arrive un brutal changement de ton, guitares d\u00e9cha\u00een\u00e9es et boucle hypnotique en crescendo, ce qui donnera au gang l\u2019un de ses meilleurs moments sc\u00e9niques.<\/p>\n<p style=\"text-align: justify;\">Le clip du morceau en version courte, tourn\u00e9 \u00e0 Anvers avec\u00a0 chor\u00e9graphie du quintet et d\u2019amis danseurs \/ danseuses tournera dans le monde entier, leur assurant une reconnaissance internationale, une premi\u00e8re pour un groupe belge.<\/p>\n<h3 style=\"text-align: justify;\">dEUS &#8211; INSTANT STREET (1999)<\/h3>\n<div class=\"youtube-embed\" data-video_id=\"uyA01nH72NI\"><iframe loading=\"lazy\" title=\"dEUS - Instant Street (from The Ideal Crash)\" width=\"696\" height=\"522\" src=\"https:\/\/www.youtube.com\/embed\/uyA01nH72NI\" frameborder=\"0\" allow=\"accelerometer; autoplay; clipboard-write; encrypted-media; gyroscope; picture-in-picture; web-share\" referrerpolicy=\"strict-origin-when-cross-origin\" allowfullscreen><\/iframe><\/div>\n<p style=\"text-align: justify;\">De m\u00eame, l\u2019\u00e9ponyme <strong>The Ideal Crash<\/strong>, et sa ligne de batterie d\u00e9mente, le genre de titre qui vous emporte dans son \u00e9nergie et son d\u00e9ferlement de bonnes ondes.<\/p>\n<h3>dEUS &#8211; THE IDEAL CRASH (1999)<\/h3>\n<div class=\"youtube-embed\" data-video_id=\"QaAvShKyRj8\"><iframe loading=\"lazy\" title=\"dEUS - The Ideal Crash (from The Ideal Crash)\" width=\"696\" height=\"522\" src=\"https:\/\/www.youtube.com\/embed\/QaAvShKyRj8\" frameborder=\"0\" allow=\"accelerometer; autoplay; clipboard-write; encrypted-media; gyroscope; picture-in-picture; web-share\" referrerpolicy=\"strict-origin-when-cross-origin\" allowfullscreen><\/iframe><\/div>\n<p style=\"text-align: justify;\">Le montage du LP s\u2019av\u00e8re \u00e9galement exemplaire, de par une alternance et une progression des compos remarquables.<\/p>\n<p style=\"text-align: justify;\">Cette fois, compliments des critiques et accueil du public sont \u00e0 l\u2019unisson, \u00e0 tel point que pour beaucoup, c\u2019est <strong>l\u2019Album Rock<\/strong> <strong>Ind\u00e9<\/strong> de cette derni\u00e8re ann\u00e9e du XXe si\u00e8cle, et pour d\u2019autres,<strong> le disque le<\/strong> <strong>plus important de l\u2019Histoire du Rock belge<\/strong>.<\/p>\n<h3>dEUS &#8211; INSTANT STREET LIVE (2012)<\/h3>\n<div class=\"youtube-embed\" data-video_id=\"9yel4INWfWA\"><iframe loading=\"lazy\" title=\"dEUS - Instant Street [Live 2012]\" width=\"696\" height=\"392\" src=\"https:\/\/www.youtube.com\/embed\/9yel4INWfWA\" frameborder=\"0\" allow=\"accelerometer; autoplay; clipboard-write; encrypted-media; gyroscope; picture-in-picture; web-share\" referrerpolicy=\"strict-origin-when-cross-origin\" allowfullscreen><\/iframe><\/div>\n<p>A suivre, <a href=\"https:\/\/culturesco.com\/index.php\/2021\/12\/06\/la-belgitude-rock-deus-2e-partie\/\"><strong>La Belgitude Rock : dEUS &#8211; 2e partie<\/strong><\/a><\/p>\n<p><strong>Bruno Polaro\u00efd<\/strong><\/p>\n","protected":false},"excerpt":{"rendered":"<p>HAPPENING Un soir de 1994, Lille. A l\u2019A\u00e9ronef, l\u2019une des meilleures salles de concert de France \u00e0 l\u2019\u00e9poque. Des copains de Roubaix, le groupe Soleil Flexible, jouent en 1re partie d\u2019un nouveau combo belge. Concert de promo gratuit. Bonne prestation des potes. Voyons les p\u2019tits Belges, des gars d\u2019Anvers. Ils arrivent, ils sont tr\u00e8s jeunes, [&hellip;]<\/p>\n","protected":false},"author":20,"featured_media":15414,"comment_status":"open","ping_status":"open","sticky":false,"template":"","format":"image","meta":{"jetpack_post_was_ever_published":false,"tdm_status":"","tdm_grid_status":"","_jetpack_newsletter_access":"","_jetpack_dont_email_post_to_subs":false,"_jetpack_newsletter_tier_id":0,"_jetpack_memberships_contains_paywalled_content":false,"_jetpack_memberships_contains_paid_content":false,"footnotes":""},"categories":[30,17,36,33],"tags":[37,52,58],"class_list":{"0":"post-15397","1":"post","2":"type-post","3":"status-publish","4":"format-image","5":"has-post-thumbnail","7":"category-albums-rock","8":"category-carotte-rock-cultures","9":"category-groupes-rock-daujourdhui","10":"category-histoire-du-rock","11":"tag-album-rock","12":"tag-groupe-rock-actuel","13":"tag-histoire-du-rock","14":"post_format-post-format-image"},"yoast_head":"<!-- This site is optimized with the Yoast SEO plugin v27.5 - https:\/\/yoast.com\/product\/yoast-seo-wordpress\/ -->\n<title>La Belgitude Rock : dEUS - 1re partie - Culturesco<\/title>\n<meta name=\"description\" content=\"CulturesCo | La Belgitude Rock : le groupe dEUS. Les 3 premiers albums dont le disque le plus important de l&#039;Histoire du Rock&#039;n&#039;Roll belge\" \/>\n<meta name=\"robots\" content=\"index, follow, max-snippet:-1, max-image-preview:large, max-video-preview:-1\" \/>\n<link rel=\"canonical\" href=\"https:\/\/culturesco.com\/index.php\/2021\/11\/28\/la-belgitude-rock-deus-1re-partie\/\" \/>\n<meta property=\"og:locale\" content=\"fr_FR\" \/>\n<meta property=\"og:type\" content=\"article\" \/>\n<meta property=\"og:title\" content=\"La Belgitude Rock : dEUS - 1re partie - Culturesco\" \/>\n<meta property=\"og:description\" content=\"CulturesCo | La Belgitude Rock : le groupe dEUS. Les 3 premiers albums dont le disque le plus important de l&#039;Histoire du Rock&#039;n&#039;Roll belge\" \/>\n<meta property=\"og:url\" content=\"https:\/\/culturesco.com\/index.php\/2021\/11\/28\/la-belgitude-rock-deus-1re-partie\/\" \/>\n<meta property=\"og:site_name\" content=\"Culturesco\" \/>\n<meta property=\"article:publisher\" content=\"https:\/\/www.facebook.com\/radioculturesco\" \/>\n<meta property=\"article:published_time\" content=\"2021-11-28T17:15:44+00:00\" \/>\n<meta property=\"article:modified_time\" content=\"2025-09-11T07:26:08+00:00\" \/>\n<meta property=\"og:image\" content=\"https:\/\/culturesco.com\/wp-content\/uploads\/2021\/11\/R-1.jpg\" \/>\n\t<meta property=\"og:image:width\" content=\"600\" \/>\n\t<meta property=\"og:image:height\" content=\"310\" \/>\n\t<meta property=\"og:image:type\" content=\"image\/jpeg\" \/>\n<meta name=\"author\" content=\"Bruno Polaroid\" \/>\n<meta name=\"twitter:card\" content=\"summary_large_image\" \/>\n<meta name=\"twitter:creator\" content=\"@AugusteMarshal\" \/>\n<meta name=\"twitter:site\" content=\"@AugusteMarshal\" \/>\n<meta name=\"twitter:label1\" content=\"\u00c9crit par\" \/>\n\t<meta name=\"twitter:data1\" content=\"Bruno Polaroid\" \/>\n\t<meta name=\"twitter:label2\" content=\"Dur\u00e9e de lecture estim\u00e9e\" \/>\n\t<meta name=\"twitter:data2\" content=\"7 minutes\" \/>\n<script type=\"application\/ld+json\" class=\"yoast-schema-graph\">{\"@context\":\"https:\\\/\\\/schema.org\",\"@graph\":[{\"@type\":\"Article\",\"@id\":\"https:\\\/\\\/culturesco.com\\\/index.php\\\/2021\\\/11\\\/28\\\/la-belgitude-rock-deus-1re-partie\\\/#article\",\"isPartOf\":{\"@id\":\"https:\\\/\\\/culturesco.com\\\/index.php\\\/2021\\\/11\\\/28\\\/la-belgitude-rock-deus-1re-partie\\\/\"},\"author\":{\"name\":\"Bruno Polaroid\",\"@id\":\"https:\\\/\\\/culturesco.com\\\/#\\\/schema\\\/person\\\/81834f4613bae18e9afa0dfb9b4f5457\"},\"headline\":\"La Belgitude Rock : dEUS &#8211; 1re partie\",\"datePublished\":\"2021-11-28T17:15:44+00:00\",\"dateModified\":\"2025-09-11T07:26:08+00:00\",\"mainEntityOfPage\":{\"@id\":\"https:\\\/\\\/culturesco.com\\\/index.php\\\/2021\\\/11\\\/28\\\/la-belgitude-rock-deus-1re-partie\\\/\"},\"wordCount\":1280,\"commentCount\":0,\"publisher\":{\"@id\":\"https:\\\/\\\/culturesco.com\\\/#organization\"},\"image\":{\"@id\":\"https:\\\/\\\/culturesco.com\\\/index.php\\\/2021\\\/11\\\/28\\\/la-belgitude-rock-deus-1re-partie\\\/#primaryimage\"},\"thumbnailUrl\":\"https:\\\/\\\/i0.wp.com\\\/culturesco.com\\\/wp-content\\\/uploads\\\/2021\\\/11\\\/R-1.jpg?fit=600%2C310&ssl=1\",\"keywords\":[\"album rock\",\"groupe rock actuel\",\"histoire du rock\"],\"articleSection\":[\"Albums rock\",\"Carotte Rock Cultures\",\"Groupes rock d'aujourd'hui\",\"Histoire du rock\"],\"inLanguage\":\"fr-FR\",\"potentialAction\":[{\"@type\":\"CommentAction\",\"name\":\"Comment\",\"target\":[\"https:\\\/\\\/culturesco.com\\\/index.php\\\/2021\\\/11\\\/28\\\/la-belgitude-rock-deus-1re-partie\\\/#respond\"]}]},{\"@type\":\"WebPage\",\"@id\":\"https:\\\/\\\/culturesco.com\\\/index.php\\\/2021\\\/11\\\/28\\\/la-belgitude-rock-deus-1re-partie\\\/\",\"url\":\"https:\\\/\\\/culturesco.com\\\/index.php\\\/2021\\\/11\\\/28\\\/la-belgitude-rock-deus-1re-partie\\\/\",\"name\":\"La Belgitude Rock : dEUS - 1re partie - Culturesco\",\"isPartOf\":{\"@id\":\"https:\\\/\\\/culturesco.com\\\/#website\"},\"primaryImageOfPage\":{\"@id\":\"https:\\\/\\\/culturesco.com\\\/index.php\\\/2021\\\/11\\\/28\\\/la-belgitude-rock-deus-1re-partie\\\/#primaryimage\"},\"image\":{\"@id\":\"https:\\\/\\\/culturesco.com\\\/index.php\\\/2021\\\/11\\\/28\\\/la-belgitude-rock-deus-1re-partie\\\/#primaryimage\"},\"thumbnailUrl\":\"https:\\\/\\\/i0.wp.com\\\/culturesco.com\\\/wp-content\\\/uploads\\\/2021\\\/11\\\/R-1.jpg?fit=600%2C310&ssl=1\",\"datePublished\":\"2021-11-28T17:15:44+00:00\",\"dateModified\":\"2025-09-11T07:26:08+00:00\",\"description\":\"CulturesCo | La Belgitude Rock : le groupe dEUS. Les 3 premiers albums dont le disque le plus important de l'Histoire du Rock'n'Roll belge\",\"breadcrumb\":{\"@id\":\"https:\\\/\\\/culturesco.com\\\/index.php\\\/2021\\\/11\\\/28\\\/la-belgitude-rock-deus-1re-partie\\\/#breadcrumb\"},\"inLanguage\":\"fr-FR\",\"potentialAction\":[{\"@type\":\"ReadAction\",\"target\":[\"https:\\\/\\\/culturesco.com\\\/index.php\\\/2021\\\/11\\\/28\\\/la-belgitude-rock-deus-1re-partie\\\/\"]}]},{\"@type\":\"ImageObject\",\"inLanguage\":\"fr-FR\",\"@id\":\"https:\\\/\\\/culturesco.com\\\/index.php\\\/2021\\\/11\\\/28\\\/la-belgitude-rock-deus-1re-partie\\\/#primaryimage\",\"url\":\"https:\\\/\\\/i0.wp.com\\\/culturesco.com\\\/wp-content\\\/uploads\\\/2021\\\/11\\\/R-1.jpg?fit=600%2C310&ssl=1\",\"contentUrl\":\"https:\\\/\\\/i0.wp.com\\\/culturesco.com\\\/wp-content\\\/uploads\\\/2021\\\/11\\\/R-1.jpg?fit=600%2C310&ssl=1\",\"width\":600,\"height\":310,\"caption\":\"dEUS en 1996\"},{\"@type\":\"BreadcrumbList\",\"@id\":\"https:\\\/\\\/culturesco.com\\\/index.php\\\/2021\\\/11\\\/28\\\/la-belgitude-rock-deus-1re-partie\\\/#breadcrumb\",\"itemListElement\":[{\"@type\":\"ListItem\",\"position\":1,\"name\":\"Accueil\",\"item\":\"https:\\\/\\\/culturesco.com\\\/\"},{\"@type\":\"ListItem\",\"position\":2,\"name\":\"La Belgitude Rock : dEUS &#8211; 1re partie\"}]},{\"@type\":\"WebSite\",\"@id\":\"https:\\\/\\\/culturesco.com\\\/#website\",\"url\":\"https:\\\/\\\/culturesco.com\\\/\",\"name\":\"Culturesco\",\"description\":\"Culturesco | Un bon coup de pied dans ta Culture\",\"publisher\":{\"@id\":\"https:\\\/\\\/culturesco.com\\\/#organization\"},\"potentialAction\":[{\"@type\":\"SearchAction\",\"target\":{\"@type\":\"EntryPoint\",\"urlTemplate\":\"https:\\\/\\\/culturesco.com\\\/?s={search_term_string}\"},\"query-input\":{\"@type\":\"PropertyValueSpecification\",\"valueRequired\":true,\"valueName\":\"search_term_string\"}}],\"inLanguage\":\"fr-FR\"},{\"@type\":\"Organization\",\"@id\":\"https:\\\/\\\/culturesco.com\\\/#organization\",\"name\":\"CULTURESCO\",\"url\":\"https:\\\/\\\/culturesco.com\\\/\",\"logo\":{\"@type\":\"ImageObject\",\"inLanguage\":\"fr-FR\",\"@id\":\"https:\\\/\\\/culturesco.com\\\/#\\\/schema\\\/logo\\\/image\\\/\",\"url\":\"https:\\\/\\\/i0.wp.com\\\/culturesco.com\\\/wp-content\\\/uploads\\\/2022\\\/04\\\/culturesco-logo-blanc250p.png?fit=250%2C250&ssl=1\",\"contentUrl\":\"https:\\\/\\\/i0.wp.com\\\/culturesco.com\\\/wp-content\\\/uploads\\\/2022\\\/04\\\/culturesco-logo-blanc250p.png?fit=250%2C250&ssl=1\",\"width\":250,\"height\":250,\"caption\":\"CULTURESCO\"},\"image\":{\"@id\":\"https:\\\/\\\/culturesco.com\\\/#\\\/schema\\\/logo\\\/image\\\/\"},\"sameAs\":[\"https:\\\/\\\/www.facebook.com\\\/radioculturesco\",\"https:\\\/\\\/x.com\\\/AugusteMarshal\",\"https:\\\/\\\/www.instagram.com\\\/carotte_rock_culture\\\/\",\"https:\\\/\\\/www.pinterest.fr\\\/augustemarshal\\\/\",\"https:\\\/\\\/www.youtube.com\\\/channel\\\/UCiWLGffqWSXlNnfzp6YwwyQ\"]},{\"@type\":\"Person\",\"@id\":\"https:\\\/\\\/culturesco.com\\\/#\\\/schema\\\/person\\\/81834f4613bae18e9afa0dfb9b4f5457\",\"name\":\"Bruno Polaroid\",\"image\":{\"@type\":\"ImageObject\",\"inLanguage\":\"fr-FR\",\"@id\":\"https:\\\/\\\/i0.wp.com\\\/culturesco.com\\\/wp-content\\\/uploads\\\/2021\\\/12\\\/1798853_1375590169374746_992490721_n.jpg?fit=94%2C96&ssl=1\",\"url\":\"https:\\\/\\\/i0.wp.com\\\/culturesco.com\\\/wp-content\\\/uploads\\\/2021\\\/12\\\/1798853_1375590169374746_992490721_n.jpg?fit=94%2C96&ssl=1\",\"contentUrl\":\"https:\\\/\\\/i0.wp.com\\\/culturesco.com\\\/wp-content\\\/uploads\\\/2021\\\/12\\\/1798853_1375590169374746_992490721_n.jpg?fit=94%2C96&ssl=1\",\"caption\":\"Bruno Polaroid\"},\"description\":\"Bruno Ledez alias Bruno Polaro\u00efd : Chroniqueur \u00e0 Cultures Co, Attach\u00e9 de Presse, ex Animateur \u00e0 Radio-Campus Lille \\\/ \u00c9mission La Folie (1986 - 2009), ex Chroniqueur \u00e9pisodique des fanzines Walking The Dog et Musiques, Images &amp; Passions Modernes.\",\"url\":\"https:\\\/\\\/culturesco.com\\\/index.php\\\/author\\\/bruno-polaroid\\\/\"}]}<\/script>\n<!-- \/ Yoast SEO plugin. -->","yoast_head_json":{"title":"La Belgitude Rock : dEUS - 1re partie - Culturesco","description":"CulturesCo | La Belgitude Rock : le groupe dEUS. Les 3 premiers albums dont le disque le plus important de l'Histoire du Rock'n'Roll belge","robots":{"index":"index","follow":"follow","max-snippet":"max-snippet:-1","max-image-preview":"max-image-preview:large","max-video-preview":"max-video-preview:-1"},"canonical":"https:\/\/culturesco.com\/index.php\/2021\/11\/28\/la-belgitude-rock-deus-1re-partie\/","og_locale":"fr_FR","og_type":"article","og_title":"La Belgitude Rock : dEUS - 1re partie - Culturesco","og_description":"CulturesCo | La Belgitude Rock : le groupe dEUS. Les 3 premiers albums dont le disque le plus important de l'Histoire du Rock'n'Roll belge","og_url":"https:\/\/culturesco.com\/index.php\/2021\/11\/28\/la-belgitude-rock-deus-1re-partie\/","og_site_name":"Culturesco","article_publisher":"https:\/\/www.facebook.com\/radioculturesco","article_published_time":"2021-11-28T17:15:44+00:00","article_modified_time":"2025-09-11T07:26:08+00:00","og_image":[{"width":600,"height":310,"url":"https:\/\/culturesco.com\/wp-content\/uploads\/2021\/11\/R-1.jpg","type":"image\/jpeg"}],"author":"Bruno Polaroid","twitter_card":"summary_large_image","twitter_creator":"@AugusteMarshal","twitter_site":"@AugusteMarshal","twitter_misc":{"\u00c9crit par":"Bruno Polaroid","Dur\u00e9e de lecture estim\u00e9e":"7 minutes"},"schema":{"@context":"https:\/\/schema.org","@graph":[{"@type":"Article","@id":"https:\/\/culturesco.com\/index.php\/2021\/11\/28\/la-belgitude-rock-deus-1re-partie\/#article","isPartOf":{"@id":"https:\/\/culturesco.com\/index.php\/2021\/11\/28\/la-belgitude-rock-deus-1re-partie\/"},"author":{"name":"Bruno Polaroid","@id":"https:\/\/culturesco.com\/#\/schema\/person\/81834f4613bae18e9afa0dfb9b4f5457"},"headline":"La Belgitude Rock : dEUS &#8211; 1re partie","datePublished":"2021-11-28T17:15:44+00:00","dateModified":"2025-09-11T07:26:08+00:00","mainEntityOfPage":{"@id":"https:\/\/culturesco.com\/index.php\/2021\/11\/28\/la-belgitude-rock-deus-1re-partie\/"},"wordCount":1280,"commentCount":0,"publisher":{"@id":"https:\/\/culturesco.com\/#organization"},"image":{"@id":"https:\/\/culturesco.com\/index.php\/2021\/11\/28\/la-belgitude-rock-deus-1re-partie\/#primaryimage"},"thumbnailUrl":"https:\/\/i0.wp.com\/culturesco.com\/wp-content\/uploads\/2021\/11\/R-1.jpg?fit=600%2C310&ssl=1","keywords":["album rock","groupe rock actuel","histoire du rock"],"articleSection":["Albums rock","Carotte Rock Cultures","Groupes rock d'aujourd'hui","Histoire du rock"],"inLanguage":"fr-FR","potentialAction":[{"@type":"CommentAction","name":"Comment","target":["https:\/\/culturesco.com\/index.php\/2021\/11\/28\/la-belgitude-rock-deus-1re-partie\/#respond"]}]},{"@type":"WebPage","@id":"https:\/\/culturesco.com\/index.php\/2021\/11\/28\/la-belgitude-rock-deus-1re-partie\/","url":"https:\/\/culturesco.com\/index.php\/2021\/11\/28\/la-belgitude-rock-deus-1re-partie\/","name":"La Belgitude Rock : dEUS - 1re partie - Culturesco","isPartOf":{"@id":"https:\/\/culturesco.com\/#website"},"primaryImageOfPage":{"@id":"https:\/\/culturesco.com\/index.php\/2021\/11\/28\/la-belgitude-rock-deus-1re-partie\/#primaryimage"},"image":{"@id":"https:\/\/culturesco.com\/index.php\/2021\/11\/28\/la-belgitude-rock-deus-1re-partie\/#primaryimage"},"thumbnailUrl":"https:\/\/i0.wp.com\/culturesco.com\/wp-content\/uploads\/2021\/11\/R-1.jpg?fit=600%2C310&ssl=1","datePublished":"2021-11-28T17:15:44+00:00","dateModified":"2025-09-11T07:26:08+00:00","description":"CulturesCo | La Belgitude Rock : le groupe dEUS. Les 3 premiers albums dont le disque le plus important de l'Histoire du Rock'n'Roll belge","breadcrumb":{"@id":"https:\/\/culturesco.com\/index.php\/2021\/11\/28\/la-belgitude-rock-deus-1re-partie\/#breadcrumb"},"inLanguage":"fr-FR","potentialAction":[{"@type":"ReadAction","target":["https:\/\/culturesco.com\/index.php\/2021\/11\/28\/la-belgitude-rock-deus-1re-partie\/"]}]},{"@type":"ImageObject","inLanguage":"fr-FR","@id":"https:\/\/culturesco.com\/index.php\/2021\/11\/28\/la-belgitude-rock-deus-1re-partie\/#primaryimage","url":"https:\/\/i0.wp.com\/culturesco.com\/wp-content\/uploads\/2021\/11\/R-1.jpg?fit=600%2C310&ssl=1","contentUrl":"https:\/\/i0.wp.com\/culturesco.com\/wp-content\/uploads\/2021\/11\/R-1.jpg?fit=600%2C310&ssl=1","width":600,"height":310,"caption":"dEUS en 1996"},{"@type":"BreadcrumbList","@id":"https:\/\/culturesco.com\/index.php\/2021\/11\/28\/la-belgitude-rock-deus-1re-partie\/#breadcrumb","itemListElement":[{"@type":"ListItem","position":1,"name":"Accueil","item":"https:\/\/culturesco.com\/"},{"@type":"ListItem","position":2,"name":"La Belgitude Rock : dEUS &#8211; 1re partie"}]},{"@type":"WebSite","@id":"https:\/\/culturesco.com\/#website","url":"https:\/\/culturesco.com\/","name":"Culturesco","description":"Culturesco | Un bon coup de pied dans ta Culture","publisher":{"@id":"https:\/\/culturesco.com\/#organization"},"potentialAction":[{"@type":"SearchAction","target":{"@type":"EntryPoint","urlTemplate":"https:\/\/culturesco.com\/?s={search_term_string}"},"query-input":{"@type":"PropertyValueSpecification","valueRequired":true,"valueName":"search_term_string"}}],"inLanguage":"fr-FR"},{"@type":"Organization","@id":"https:\/\/culturesco.com\/#organization","name":"CULTURESCO","url":"https:\/\/culturesco.com\/","logo":{"@type":"ImageObject","inLanguage":"fr-FR","@id":"https:\/\/culturesco.com\/#\/schema\/logo\/image\/","url":"https:\/\/i0.wp.com\/culturesco.com\/wp-content\/uploads\/2022\/04\/culturesco-logo-blanc250p.png?fit=250%2C250&ssl=1","contentUrl":"https:\/\/i0.wp.com\/culturesco.com\/wp-content\/uploads\/2022\/04\/culturesco-logo-blanc250p.png?fit=250%2C250&ssl=1","width":250,"height":250,"caption":"CULTURESCO"},"image":{"@id":"https:\/\/culturesco.com\/#\/schema\/logo\/image\/"},"sameAs":["https:\/\/www.facebook.com\/radioculturesco","https:\/\/x.com\/AugusteMarshal","https:\/\/www.instagram.com\/carotte_rock_culture\/","https:\/\/www.pinterest.fr\/augustemarshal\/","https:\/\/www.youtube.com\/channel\/UCiWLGffqWSXlNnfzp6YwwyQ"]},{"@type":"Person","@id":"https:\/\/culturesco.com\/#\/schema\/person\/81834f4613bae18e9afa0dfb9b4f5457","name":"Bruno Polaroid","image":{"@type":"ImageObject","inLanguage":"fr-FR","@id":"https:\/\/i0.wp.com\/culturesco.com\/wp-content\/uploads\/2021\/12\/1798853_1375590169374746_992490721_n.jpg?fit=94%2C96&ssl=1","url":"https:\/\/i0.wp.com\/culturesco.com\/wp-content\/uploads\/2021\/12\/1798853_1375590169374746_992490721_n.jpg?fit=94%2C96&ssl=1","contentUrl":"https:\/\/i0.wp.com\/culturesco.com\/wp-content\/uploads\/2021\/12\/1798853_1375590169374746_992490721_n.jpg?fit=94%2C96&ssl=1","caption":"Bruno Polaroid"},"description":"Bruno Ledez alias Bruno Polaro\u00efd : Chroniqueur \u00e0 Cultures Co, Attach\u00e9 de Presse, ex Animateur \u00e0 Radio-Campus Lille \/ \u00c9mission La Folie (1986 - 2009), ex Chroniqueur \u00e9pisodique des fanzines Walking The Dog et Musiques, Images &amp; Passions Modernes.","url":"https:\/\/culturesco.com\/index.php\/author\/bruno-polaroid\/"}]}},"jetpack_featured_media_url":"https:\/\/i0.wp.com\/culturesco.com\/wp-content\/uploads\/2021\/11\/R-1.jpg?fit=600%2C310&ssl=1","jetpack_likes_enabled":true,"jetpack_sharing_enabled":true,"jetpack_shortlink":"https:\/\/wp.me\/paz89I-40l","_links":{"self":[{"href":"https:\/\/culturesco.com\/index.php\/wp-json\/wp\/v2\/posts\/15397","targetHints":{"allow":["GET"]}}],"collection":[{"href":"https:\/\/culturesco.com\/index.php\/wp-json\/wp\/v2\/posts"}],"about":[{"href":"https:\/\/culturesco.com\/index.php\/wp-json\/wp\/v2\/types\/post"}],"author":[{"embeddable":true,"href":"https:\/\/culturesco.com\/index.php\/wp-json\/wp\/v2\/users\/20"}],"replies":[{"embeddable":true,"href":"https:\/\/culturesco.com\/index.php\/wp-json\/wp\/v2\/comments?post=15397"}],"version-history":[{"count":0,"href":"https:\/\/culturesco.com\/index.php\/wp-json\/wp\/v2\/posts\/15397\/revisions"}],"wp:featuredmedia":[{"embeddable":true,"href":"https:\/\/culturesco.com\/index.php\/wp-json\/wp\/v2\/media\/15414"}],"wp:attachment":[{"href":"https:\/\/culturesco.com\/index.php\/wp-json\/wp\/v2\/media?parent=15397"}],"wp:term":[{"taxonomy":"category","embeddable":true,"href":"https:\/\/culturesco.com\/index.php\/wp-json\/wp\/v2\/categories?post=15397"},{"taxonomy":"post_tag","embeddable":true,"href":"https:\/\/culturesco.com\/index.php\/wp-json\/wp\/v2\/tags?post=15397"}],"curies":[{"name":"wp","href":"https:\/\/api.w.org\/{rel}","templated":true}]}}