{"id":15293,"date":"2021-11-11T03:39:47","date_gmt":"2021-11-11T02:39:47","guid":{"rendered":"https:\/\/culturesco.com\/?p=15293"},"modified":"2021-11-12T00:04:56","modified_gmt":"2021-11-11T23:04:56","slug":"julien-bouchard-excuse-my-french","status":"publish","type":"post","link":"https:\/\/culturesco.com\/index.php\/2021\/11\/11\/julien-bouchard-excuse-my-french\/","title":{"rendered":"Julien Bouchard &#8211; Excuse My French"},"content":{"rendered":"<h2 style=\"text-align: justify\">Un Bon Rock R\u00e2peux<\/h2>\n<figure id=\"attachment_15294\" aria-describedby=\"caption-attachment-15294\" style=\"width: 300px\" class=\"wp-caption aligncenter\"><a href=\"https:\/\/i0.wp.com\/culturesco.com\/wp-content\/uploads\/2021\/11\/Julien-Bouchard.jpeg?ssl=1\"><img data-recalc-dims=\"1\" loading=\"lazy\" decoding=\"async\" class=\"size-medium wp-image-15294\" src=\"https:\/\/i0.wp.com\/culturesco.com\/wp-content\/uploads\/2021\/11\/Julien-Bouchard.jpeg?resize=300%2C269&#038;ssl=1\" alt=\"Julien Bouchard - Excuse My french\" width=\"300\" height=\"269\" srcset=\"https:\/\/i0.wp.com\/culturesco.com\/wp-content\/uploads\/2021\/11\/Julien-Bouchard.jpeg?resize=300%2C269&amp;ssl=1 300w, https:\/\/i0.wp.com\/culturesco.com\/wp-content\/uploads\/2021\/11\/Julien-Bouchard.jpeg?resize=700%2C627&amp;ssl=1 700w, https:\/\/i0.wp.com\/culturesco.com\/wp-content\/uploads\/2021\/11\/Julien-Bouchard.jpeg?resize=768%2C688&amp;ssl=1 768w, https:\/\/i0.wp.com\/culturesco.com\/wp-content\/uploads\/2021\/11\/Julien-Bouchard.jpeg?resize=1536%2C1376&amp;ssl=1 1536w, https:\/\/i0.wp.com\/culturesco.com\/wp-content\/uploads\/2021\/11\/Julien-Bouchard.jpeg?resize=696%2C623&amp;ssl=1 696w, https:\/\/i0.wp.com\/culturesco.com\/wp-content\/uploads\/2021\/11\/Julien-Bouchard.jpeg?resize=1068%2C957&amp;ssl=1 1068w, https:\/\/i0.wp.com\/culturesco.com\/wp-content\/uploads\/2021\/11\/Julien-Bouchard.jpeg?resize=469%2C420&amp;ssl=1 469w, https:\/\/i0.wp.com\/culturesco.com\/wp-content\/uploads\/2021\/11\/Julien-Bouchard.jpeg?w=600&amp;ssl=1 600w\" sizes=\"auto, (max-width: 300px) 100vw, 300px\" \/><\/a><figcaption id=\"caption-attachment-15294\" class=\"wp-caption-text\">Julien Bouchard &#8211; Excuse My french<\/figcaption><\/figure>\n<h3 style=\"text-align: justify\">Le c\u00f4t\u00e9 \u00ab\u00a0Fais-le toi-m\u00eame\u00a0\u00bb<\/h3>\n<p style=\"text-align: justify\">Il existe parfois de bonnes id\u00e9es comme celles de faire un tour dans l\u2019<strong>Est de la France<\/strong>, dans les <strong>Vosges<\/strong> particuli\u00e8rement et \u00e0 <strong>Epinal<\/strong> pour \u00eatre pr\u00e9cis.<\/p>\n<p style=\"text-align: justify\">L\u00e0, on est certain d\u2019y rencontr\u00e9 <strong>Julien Bouchard<\/strong>, homme de l\u2019ombre qui appr\u00e9cie le c\u00f4t\u00e9 <strong>DIY<\/strong> (Do It Yourself), en gros \u00ab\u00a0fais-le toi-m\u00eame\u00a0\u00bb. Alors il s\u2019enferme dans son home studio <strong><em>Sous Les Sapins<\/em><\/strong> et, accompagn\u00e9 uniquement d\u2019un acolyte, <strong>Alexandre Boulec<\/strong> <strong>Bertrand,<\/strong> pr\u00e9sent sur les neuf dixi\u00e8me des titres et quelques invit\u00e9s ponctuels, il balance une pop rock bien fournie, lib\u00e9r\u00e9e, qui se rapproche plus du rock que de la pop d\u2019ailleurs.<\/p>\n<h3><em>Julien Bouchard &#8211; Tu M&rsquo;Entra\u00eenes <\/em><\/h3>\n<div class=\"youtube-embed\" data-video_id=\"t5gRBtmhZRQ\"><iframe loading=\"lazy\" title=\"Julien Bouchard - Tu m&#039;entra\u00eenes\" width=\"696\" height=\"392\" src=\"https:\/\/www.youtube.com\/embed\/t5gRBtmhZRQ\" frameborder=\"0\" allow=\"accelerometer; autoplay; clipboard-write; encrypted-media; gyroscope; picture-in-picture; web-share\" referrerpolicy=\"strict-origin-when-cross-origin\" allowfullscreen><\/iframe><\/div>\n<p>&nbsp;<\/p>\n<p style=\"text-align: justify\">Et puis, comme le dit le titre de l\u2019album, <strong><em>Excuse My French<\/em><\/strong>, il s\u2019excuse ironiquement d\u2019un mauvais anglais car tout est chant\u00e9 et assum\u00e9 en fran\u00e7ais.<\/p>\n<p style=\"text-align: justify\">En revanche les titres sonnent franchement comme <strong>un bon rock r\u00e2peux mais aiguis\u00e9 tout de m\u00eame, m\u00eal\u00e9e d\u2019une fausse voix douce<\/strong>, qui asticotent bien les oreilles \u00e0 l\u2019instar du dos de l\u2019int\u00e9rieur de la pochette o\u00f9 pend un tee-shirt de <strong>Sonic Youth<\/strong> entrain de s\u00e9cher.<\/p>\n<h3><em>Julien Bouchard &#8211; 100 Regrets (album pr\u00e9c\u00e9dent)<\/em><\/h3>\n<div class=\"youtube-embed\" data-video_id=\"olrk1CwAF9I\"><iframe loading=\"lazy\" title=\"Julien Bouchard - 100 Regrets\" width=\"696\" height=\"392\" src=\"https:\/\/www.youtube.com\/embed\/olrk1CwAF9I\" frameborder=\"0\" allow=\"accelerometer; autoplay; clipboard-write; encrypted-media; gyroscope; picture-in-picture; web-share\" referrerpolicy=\"strict-origin-when-cross-origin\" allowfullscreen><\/iframe><\/div>\n<p>&nbsp;<\/p>\n<p style=\"text-align: justify\"><strong>Julien Bouchard<\/strong>, c\u2019est cela, un peu d\u2019humour, de nostalgie et de tendresse. On en redemande.<\/p>\n<p style=\"text-align: justify\"><strong>Julien Bouchard &#8211; Excuse My French<\/strong><\/p>\n<p style=\"text-align: justify\">Hot Puma Records \/ Martingale<\/p>\n<p style=\"text-align: justify\"><em>Sortie le 12 novembre 2021<\/em><\/p>\n<p style=\"text-align: justify\"><strong>Patrick B\u00e9nard<\/strong><\/p>\n","protected":false},"excerpt":{"rendered":"<p>Un Bon Rock R\u00e2peux Le c\u00f4t\u00e9 \u00ab\u00a0Fais-le toi-m\u00eame\u00a0\u00bb Il existe parfois de bonnes id\u00e9es comme celles de faire un tour dans l\u2019Est de la France, dans les Vosges particuli\u00e8rement et \u00e0 Epinal pour \u00eatre pr\u00e9cis. L\u00e0, on est certain d\u2019y rencontr\u00e9 Julien Bouchard, homme de l\u2019ombre qui appr\u00e9cie le c\u00f4t\u00e9 DIY (Do It Yourself), en [&hellip;]<\/p>\n","protected":false},"author":4,"featured_media":15294,"comment_status":"open","ping_status":"open","sticky":false,"template":"","format":"image","meta":{"jetpack_post_was_ever_published":false,"tdm_status":"","tdm_grid_status":"","_jetpack_newsletter_access":"","_jetpack_dont_email_post_to_subs":false,"_jetpack_newsletter_tier_id":0,"_jetpack_memberships_contains_paywalled_content":false,"_jetpack_memberships_contains_paid_content":false,"footnotes":""},"categories":[30,17,36,26],"tags":[37,40,52,12296],"class_list":{"0":"post-15293","1":"post","2":"type-post","3":"status-publish","4":"format-image","5":"has-post-thumbnail","7":"category-albums-rock","8":"category-carotte-rock-cultures","9":"category-groupes-rock-daujourdhui","10":"category-radio","11":"tag-album-rock","12":"tag-chanson-francaise","13":"tag-groupe-rock-actuel","14":"tag-pop-rock","15":"post_format-post-format-image"},"yoast_head":"<!-- This site is optimized with the Yoast SEO plugin v27.5 - https:\/\/yoast.com\/product\/yoast-seo-wordpress\/ -->\n<title>Julien Bouchard - Excuse My French - Culturesco<\/title>\n<meta name=\"description\" content=\"CulturesCo | Un bon coup de pied dans ta Culture | Chroniques et histoire du Rock, chanson fran\u00e7aise, litt\u00e9rature, cin\u00e9ma et bande dessin\u00e9e.\" \/>\n<meta name=\"robots\" content=\"index, follow, max-snippet:-1, max-image-preview:large, max-video-preview:-1\" \/>\n<link rel=\"canonical\" href=\"https:\/\/culturesco.com\/index.php\/2021\/11\/11\/julien-bouchard-excuse-my-french\/\" \/>\n<meta property=\"og:locale\" content=\"fr_FR\" \/>\n<meta property=\"og:type\" content=\"article\" \/>\n<meta property=\"og:title\" content=\"Julien Bouchard - Excuse My French - Culturesco\" \/>\n<meta property=\"og:description\" content=\"CulturesCo | Un bon coup de pied dans ta Culture | Chroniques et histoire du Rock, chanson fran\u00e7aise, litt\u00e9rature, cin\u00e9ma et bande dessin\u00e9e.\" \/>\n<meta property=\"og:url\" content=\"https:\/\/culturesco.com\/index.php\/2021\/11\/11\/julien-bouchard-excuse-my-french\/\" \/>\n<meta property=\"og:site_name\" content=\"Culturesco\" \/>\n<meta property=\"article:publisher\" content=\"https:\/\/www.facebook.com\/radioculturesco\" \/>\n<meta property=\"article:published_time\" content=\"2021-11-11T02:39:47+00:00\" \/>\n<meta property=\"article:modified_time\" content=\"2021-11-11T23:04:56+00:00\" \/>\n<meta property=\"og:image\" content=\"https:\/\/i1.wp.com\/culturesco.com\/wp-content\/uploads\/2021\/11\/Julien-Bouchard.jpeg?fit=600%2C537&ssl=1\" \/>\n\t<meta property=\"og:image:width\" content=\"600\" \/>\n\t<meta property=\"og:image:height\" content=\"537\" \/>\n\t<meta property=\"og:image:type\" content=\"image\/jpeg\" \/>\n<meta name=\"author\" content=\"Patrick Benard\" \/>\n<meta name=\"twitter:card\" content=\"summary_large_image\" \/>\n<meta name=\"twitter:creator\" content=\"@AugusteMarshal\" \/>\n<meta name=\"twitter:site\" content=\"@AugusteMarshal\" \/>\n<meta name=\"twitter:label1\" content=\"\u00c9crit par\" \/>\n\t<meta name=\"twitter:data1\" content=\"Patrick Benard\" \/>\n\t<meta name=\"twitter:label2\" content=\"Dur\u00e9e de lecture estim\u00e9e\" \/>\n\t<meta name=\"twitter:data2\" content=\"2 minutes\" \/>\n<script type=\"application\/ld+json\" class=\"yoast-schema-graph\">{\"@context\":\"https:\\\/\\\/schema.org\",\"@graph\":[{\"@type\":\"Article\",\"@id\":\"https:\\\/\\\/culturesco.com\\\/index.php\\\/2021\\\/11\\\/11\\\/julien-bouchard-excuse-my-french\\\/#article\",\"isPartOf\":{\"@id\":\"https:\\\/\\\/culturesco.com\\\/index.php\\\/2021\\\/11\\\/11\\\/julien-bouchard-excuse-my-french\\\/\"},\"author\":{\"name\":\"Patrick Benard\",\"@id\":\"https:\\\/\\\/culturesco.com\\\/#\\\/schema\\\/person\\\/c2ddd6724863f3bbd20a8278df0891f3\"},\"headline\":\"Julien Bouchard &#8211; Excuse My French\",\"datePublished\":\"2021-11-11T02:39:47+00:00\",\"dateModified\":\"2021-11-11T23:04:56+00:00\",\"mainEntityOfPage\":{\"@id\":\"https:\\\/\\\/culturesco.com\\\/index.php\\\/2021\\\/11\\\/11\\\/julien-bouchard-excuse-my-french\\\/\"},\"wordCount\":294,\"commentCount\":0,\"publisher\":{\"@id\":\"https:\\\/\\\/culturesco.com\\\/#organization\"},\"image\":{\"@id\":\"https:\\\/\\\/culturesco.com\\\/index.php\\\/2021\\\/11\\\/11\\\/julien-bouchard-excuse-my-french\\\/#primaryimage\"},\"thumbnailUrl\":\"https:\\\/\\\/i0.wp.com\\\/culturesco.com\\\/wp-content\\\/uploads\\\/2021\\\/11\\\/Julien-Bouchard.jpeg?fit=600%2C537&ssl=1\",\"keywords\":[\"album rock\",\"chanson fran\u00e7aise\",\"groupe rock actuel\",\"pop rock\"],\"articleSection\":[\"Albums rock\",\"Carotte Rock Cultures\",\"Groupes rock d'aujourd'hui\",\"Radio\"],\"inLanguage\":\"fr-FR\",\"potentialAction\":[{\"@type\":\"CommentAction\",\"name\":\"Comment\",\"target\":[\"https:\\\/\\\/culturesco.com\\\/index.php\\\/2021\\\/11\\\/11\\\/julien-bouchard-excuse-my-french\\\/#respond\"]}]},{\"@type\":\"WebPage\",\"@id\":\"https:\\\/\\\/culturesco.com\\\/index.php\\\/2021\\\/11\\\/11\\\/julien-bouchard-excuse-my-french\\\/\",\"url\":\"https:\\\/\\\/culturesco.com\\\/index.php\\\/2021\\\/11\\\/11\\\/julien-bouchard-excuse-my-french\\\/\",\"name\":\"Julien Bouchard - Excuse My French - Culturesco\",\"isPartOf\":{\"@id\":\"https:\\\/\\\/culturesco.com\\\/#website\"},\"primaryImageOfPage\":{\"@id\":\"https:\\\/\\\/culturesco.com\\\/index.php\\\/2021\\\/11\\\/11\\\/julien-bouchard-excuse-my-french\\\/#primaryimage\"},\"image\":{\"@id\":\"https:\\\/\\\/culturesco.com\\\/index.php\\\/2021\\\/11\\\/11\\\/julien-bouchard-excuse-my-french\\\/#primaryimage\"},\"thumbnailUrl\":\"https:\\\/\\\/i0.wp.com\\\/culturesco.com\\\/wp-content\\\/uploads\\\/2021\\\/11\\\/Julien-Bouchard.jpeg?fit=600%2C537&ssl=1\",\"datePublished\":\"2021-11-11T02:39:47+00:00\",\"dateModified\":\"2021-11-11T23:04:56+00:00\",\"description\":\"CulturesCo | Un bon coup de pied dans ta Culture | Chroniques et histoire du Rock, chanson fran\u00e7aise, litt\u00e9rature, cin\u00e9ma et bande dessin\u00e9e.\",\"breadcrumb\":{\"@id\":\"https:\\\/\\\/culturesco.com\\\/index.php\\\/2021\\\/11\\\/11\\\/julien-bouchard-excuse-my-french\\\/#breadcrumb\"},\"inLanguage\":\"fr-FR\",\"potentialAction\":[{\"@type\":\"ReadAction\",\"target\":[\"https:\\\/\\\/culturesco.com\\\/index.php\\\/2021\\\/11\\\/11\\\/julien-bouchard-excuse-my-french\\\/\"]}]},{\"@type\":\"ImageObject\",\"inLanguage\":\"fr-FR\",\"@id\":\"https:\\\/\\\/culturesco.com\\\/index.php\\\/2021\\\/11\\\/11\\\/julien-bouchard-excuse-my-french\\\/#primaryimage\",\"url\":\"https:\\\/\\\/i0.wp.com\\\/culturesco.com\\\/wp-content\\\/uploads\\\/2021\\\/11\\\/Julien-Bouchard.jpeg?fit=600%2C537&ssl=1\",\"contentUrl\":\"https:\\\/\\\/i0.wp.com\\\/culturesco.com\\\/wp-content\\\/uploads\\\/2021\\\/11\\\/Julien-Bouchard.jpeg?fit=600%2C537&ssl=1\",\"width\":600,\"height\":537,\"caption\":\"Julien Bouchard - Excuse My french\"},{\"@type\":\"BreadcrumbList\",\"@id\":\"https:\\\/\\\/culturesco.com\\\/index.php\\\/2021\\\/11\\\/11\\\/julien-bouchard-excuse-my-french\\\/#breadcrumb\",\"itemListElement\":[{\"@type\":\"ListItem\",\"position\":1,\"name\":\"Accueil\",\"item\":\"https:\\\/\\\/culturesco.com\\\/\"},{\"@type\":\"ListItem\",\"position\":2,\"name\":\"Julien Bouchard &#8211; Excuse My French\"}]},{\"@type\":\"WebSite\",\"@id\":\"https:\\\/\\\/culturesco.com\\\/#website\",\"url\":\"https:\\\/\\\/culturesco.com\\\/\",\"name\":\"Culturesco\",\"description\":\"Culturesco | Un bon coup de pied dans ta Culture\",\"publisher\":{\"@id\":\"https:\\\/\\\/culturesco.com\\\/#organization\"},\"potentialAction\":[{\"@type\":\"SearchAction\",\"target\":{\"@type\":\"EntryPoint\",\"urlTemplate\":\"https:\\\/\\\/culturesco.com\\\/?s={search_term_string}\"},\"query-input\":{\"@type\":\"PropertyValueSpecification\",\"valueRequired\":true,\"valueName\":\"search_term_string\"}}],\"inLanguage\":\"fr-FR\"},{\"@type\":\"Organization\",\"@id\":\"https:\\\/\\\/culturesco.com\\\/#organization\",\"name\":\"CULTURESCO\",\"url\":\"https:\\\/\\\/culturesco.com\\\/\",\"logo\":{\"@type\":\"ImageObject\",\"inLanguage\":\"fr-FR\",\"@id\":\"https:\\\/\\\/culturesco.com\\\/#\\\/schema\\\/logo\\\/image\\\/\",\"url\":\"https:\\\/\\\/i0.wp.com\\\/culturesco.com\\\/wp-content\\\/uploads\\\/2022\\\/04\\\/culturesco-logo-blanc250p.png?fit=250%2C250&ssl=1\",\"contentUrl\":\"https:\\\/\\\/i0.wp.com\\\/culturesco.com\\\/wp-content\\\/uploads\\\/2022\\\/04\\\/culturesco-logo-blanc250p.png?fit=250%2C250&ssl=1\",\"width\":250,\"height\":250,\"caption\":\"CULTURESCO\"},\"image\":{\"@id\":\"https:\\\/\\\/culturesco.com\\\/#\\\/schema\\\/logo\\\/image\\\/\"},\"sameAs\":[\"https:\\\/\\\/www.facebook.com\\\/radioculturesco\",\"https:\\\/\\\/x.com\\\/AugusteMarshal\",\"https:\\\/\\\/www.instagram.com\\\/carotte_rock_culture\\\/\",\"https:\\\/\\\/www.pinterest.fr\\\/augustemarshal\\\/\",\"https:\\\/\\\/www.youtube.com\\\/channel\\\/UCiWLGffqWSXlNnfzp6YwwyQ\"]},{\"@type\":\"Person\",\"@id\":\"https:\\\/\\\/culturesco.com\\\/#\\\/schema\\\/person\\\/c2ddd6724863f3bbd20a8278df0891f3\",\"name\":\"Patrick Benard\",\"image\":{\"@type\":\"ImageObject\",\"inLanguage\":\"fr-FR\",\"@id\":\"https:\\\/\\\/i0.wp.com\\\/culturesco.com\\\/wp-content\\\/uploads\\\/2019\\\/02\\\/patrick-benard-2.jpg?fit=90%2C96&ssl=1\",\"url\":\"https:\\\/\\\/i0.wp.com\\\/culturesco.com\\\/wp-content\\\/uploads\\\/2019\\\/02\\\/patrick-benard-2.jpg?fit=90%2C96&ssl=1\",\"contentUrl\":\"https:\\\/\\\/i0.wp.com\\\/culturesco.com\\\/wp-content\\\/uploads\\\/2019\\\/02\\\/patrick-benard-2.jpg?fit=90%2C96&ssl=1\",\"caption\":\"Patrick Benard\"},\"description\":\"Ecrivain, chroniqueur, animateur radio, cr\u00e9ateur de la revue \u00ab Cin\u00e9manie \u00bb, autour du cin\u00e9ma dit d\u2019art et d\u2019essai, sp\u00e9cialiste du groupe The Cure, archiviste... 2020 : \\\"Le Post Rock\\\" essai sur le post rock de Mogwa\u00ef \u00e0 Godspeed You Black Emperor - Camion Blanc 2014 : \u00ab On the rocks \u2013le rock de 2007 \u00e0 2014 \u00bb chroniques livres et cd rocks, interviews \u2013Editions Vaillant 2010 : \u00ab Dans la T\u00eate de Robert Smith \u00bb, roman fiction autour de l\u2019histoire des Cure et de Robert Smith \u2013 Edilivres 2007 : \u00ab Chroniques Fr\u00e9n\u00e9tiques, une histoire intime du rock \u00bb, roman, prix Technikart. 2001 : \u00ab Les Iles du D\u00e9sert \u00bb, polar autour du rock \u2013 Editions Nykta\",\"url\":\"https:\\\/\\\/culturesco.com\\\/index.php\\\/author\\\/patrick-benard89\\\/\"}]}<\/script>\n<!-- \/ Yoast SEO plugin. -->","yoast_head_json":{"title":"Julien Bouchard - Excuse My French - Culturesco","description":"CulturesCo | Un bon coup de pied dans ta Culture | Chroniques et histoire du Rock, chanson fran\u00e7aise, litt\u00e9rature, cin\u00e9ma et bande dessin\u00e9e.","robots":{"index":"index","follow":"follow","max-snippet":"max-snippet:-1","max-image-preview":"max-image-preview:large","max-video-preview":"max-video-preview:-1"},"canonical":"https:\/\/culturesco.com\/index.php\/2021\/11\/11\/julien-bouchard-excuse-my-french\/","og_locale":"fr_FR","og_type":"article","og_title":"Julien Bouchard - Excuse My French - Culturesco","og_description":"CulturesCo | Un bon coup de pied dans ta Culture | Chroniques et histoire du Rock, chanson fran\u00e7aise, litt\u00e9rature, cin\u00e9ma et bande dessin\u00e9e.","og_url":"https:\/\/culturesco.com\/index.php\/2021\/11\/11\/julien-bouchard-excuse-my-french\/","og_site_name":"Culturesco","article_publisher":"https:\/\/www.facebook.com\/radioculturesco","article_published_time":"2021-11-11T02:39:47+00:00","article_modified_time":"2021-11-11T23:04:56+00:00","og_image":[{"width":600,"height":537,"url":"https:\/\/i1.wp.com\/culturesco.com\/wp-content\/uploads\/2021\/11\/Julien-Bouchard.jpeg?fit=600%2C537&ssl=1","type":"image\/jpeg"}],"author":"Patrick Benard","twitter_card":"summary_large_image","twitter_creator":"@AugusteMarshal","twitter_site":"@AugusteMarshal","twitter_misc":{"\u00c9crit par":"Patrick Benard","Dur\u00e9e de lecture estim\u00e9e":"2 minutes"},"schema":{"@context":"https:\/\/schema.org","@graph":[{"@type":"Article","@id":"https:\/\/culturesco.com\/index.php\/2021\/11\/11\/julien-bouchard-excuse-my-french\/#article","isPartOf":{"@id":"https:\/\/culturesco.com\/index.php\/2021\/11\/11\/julien-bouchard-excuse-my-french\/"},"author":{"name":"Patrick Benard","@id":"https:\/\/culturesco.com\/#\/schema\/person\/c2ddd6724863f3bbd20a8278df0891f3"},"headline":"Julien Bouchard &#8211; Excuse My French","datePublished":"2021-11-11T02:39:47+00:00","dateModified":"2021-11-11T23:04:56+00:00","mainEntityOfPage":{"@id":"https:\/\/culturesco.com\/index.php\/2021\/11\/11\/julien-bouchard-excuse-my-french\/"},"wordCount":294,"commentCount":0,"publisher":{"@id":"https:\/\/culturesco.com\/#organization"},"image":{"@id":"https:\/\/culturesco.com\/index.php\/2021\/11\/11\/julien-bouchard-excuse-my-french\/#primaryimage"},"thumbnailUrl":"https:\/\/i0.wp.com\/culturesco.com\/wp-content\/uploads\/2021\/11\/Julien-Bouchard.jpeg?fit=600%2C537&ssl=1","keywords":["album rock","chanson fran\u00e7aise","groupe rock actuel","pop rock"],"articleSection":["Albums rock","Carotte Rock Cultures","Groupes rock d'aujourd'hui","Radio"],"inLanguage":"fr-FR","potentialAction":[{"@type":"CommentAction","name":"Comment","target":["https:\/\/culturesco.com\/index.php\/2021\/11\/11\/julien-bouchard-excuse-my-french\/#respond"]}]},{"@type":"WebPage","@id":"https:\/\/culturesco.com\/index.php\/2021\/11\/11\/julien-bouchard-excuse-my-french\/","url":"https:\/\/culturesco.com\/index.php\/2021\/11\/11\/julien-bouchard-excuse-my-french\/","name":"Julien Bouchard - Excuse My French - Culturesco","isPartOf":{"@id":"https:\/\/culturesco.com\/#website"},"primaryImageOfPage":{"@id":"https:\/\/culturesco.com\/index.php\/2021\/11\/11\/julien-bouchard-excuse-my-french\/#primaryimage"},"image":{"@id":"https:\/\/culturesco.com\/index.php\/2021\/11\/11\/julien-bouchard-excuse-my-french\/#primaryimage"},"thumbnailUrl":"https:\/\/i0.wp.com\/culturesco.com\/wp-content\/uploads\/2021\/11\/Julien-Bouchard.jpeg?fit=600%2C537&ssl=1","datePublished":"2021-11-11T02:39:47+00:00","dateModified":"2021-11-11T23:04:56+00:00","description":"CulturesCo | Un bon coup de pied dans ta Culture | Chroniques et histoire du Rock, chanson fran\u00e7aise, litt\u00e9rature, cin\u00e9ma et bande dessin\u00e9e.","breadcrumb":{"@id":"https:\/\/culturesco.com\/index.php\/2021\/11\/11\/julien-bouchard-excuse-my-french\/#breadcrumb"},"inLanguage":"fr-FR","potentialAction":[{"@type":"ReadAction","target":["https:\/\/culturesco.com\/index.php\/2021\/11\/11\/julien-bouchard-excuse-my-french\/"]}]},{"@type":"ImageObject","inLanguage":"fr-FR","@id":"https:\/\/culturesco.com\/index.php\/2021\/11\/11\/julien-bouchard-excuse-my-french\/#primaryimage","url":"https:\/\/i0.wp.com\/culturesco.com\/wp-content\/uploads\/2021\/11\/Julien-Bouchard.jpeg?fit=600%2C537&ssl=1","contentUrl":"https:\/\/i0.wp.com\/culturesco.com\/wp-content\/uploads\/2021\/11\/Julien-Bouchard.jpeg?fit=600%2C537&ssl=1","width":600,"height":537,"caption":"Julien Bouchard - Excuse My french"},{"@type":"BreadcrumbList","@id":"https:\/\/culturesco.com\/index.php\/2021\/11\/11\/julien-bouchard-excuse-my-french\/#breadcrumb","itemListElement":[{"@type":"ListItem","position":1,"name":"Accueil","item":"https:\/\/culturesco.com\/"},{"@type":"ListItem","position":2,"name":"Julien Bouchard &#8211; Excuse My French"}]},{"@type":"WebSite","@id":"https:\/\/culturesco.com\/#website","url":"https:\/\/culturesco.com\/","name":"Culturesco","description":"Culturesco | Un bon coup de pied dans ta Culture","publisher":{"@id":"https:\/\/culturesco.com\/#organization"},"potentialAction":[{"@type":"SearchAction","target":{"@type":"EntryPoint","urlTemplate":"https:\/\/culturesco.com\/?s={search_term_string}"},"query-input":{"@type":"PropertyValueSpecification","valueRequired":true,"valueName":"search_term_string"}}],"inLanguage":"fr-FR"},{"@type":"Organization","@id":"https:\/\/culturesco.com\/#organization","name":"CULTURESCO","url":"https:\/\/culturesco.com\/","logo":{"@type":"ImageObject","inLanguage":"fr-FR","@id":"https:\/\/culturesco.com\/#\/schema\/logo\/image\/","url":"https:\/\/i0.wp.com\/culturesco.com\/wp-content\/uploads\/2022\/04\/culturesco-logo-blanc250p.png?fit=250%2C250&ssl=1","contentUrl":"https:\/\/i0.wp.com\/culturesco.com\/wp-content\/uploads\/2022\/04\/culturesco-logo-blanc250p.png?fit=250%2C250&ssl=1","width":250,"height":250,"caption":"CULTURESCO"},"image":{"@id":"https:\/\/culturesco.com\/#\/schema\/logo\/image\/"},"sameAs":["https:\/\/www.facebook.com\/radioculturesco","https:\/\/x.com\/AugusteMarshal","https:\/\/www.instagram.com\/carotte_rock_culture\/","https:\/\/www.pinterest.fr\/augustemarshal\/","https:\/\/www.youtube.com\/channel\/UCiWLGffqWSXlNnfzp6YwwyQ"]},{"@type":"Person","@id":"https:\/\/culturesco.com\/#\/schema\/person\/c2ddd6724863f3bbd20a8278df0891f3","name":"Patrick Benard","image":{"@type":"ImageObject","inLanguage":"fr-FR","@id":"https:\/\/i0.wp.com\/culturesco.com\/wp-content\/uploads\/2019\/02\/patrick-benard-2.jpg?fit=90%2C96&ssl=1","url":"https:\/\/i0.wp.com\/culturesco.com\/wp-content\/uploads\/2019\/02\/patrick-benard-2.jpg?fit=90%2C96&ssl=1","contentUrl":"https:\/\/i0.wp.com\/culturesco.com\/wp-content\/uploads\/2019\/02\/patrick-benard-2.jpg?fit=90%2C96&ssl=1","caption":"Patrick Benard"},"description":"Ecrivain, chroniqueur, animateur radio, cr\u00e9ateur de la revue \u00ab Cin\u00e9manie \u00bb, autour du cin\u00e9ma dit d\u2019art et d\u2019essai, sp\u00e9cialiste du groupe The Cure, archiviste... 2020 : \"Le Post Rock\" essai sur le post rock de Mogwa\u00ef \u00e0 Godspeed You Black Emperor - Camion Blanc 2014 : \u00ab On the rocks \u2013le rock de 2007 \u00e0 2014 \u00bb chroniques livres et cd rocks, interviews \u2013Editions Vaillant 2010 : \u00ab Dans la T\u00eate de Robert Smith \u00bb, roman fiction autour de l\u2019histoire des Cure et de Robert Smith \u2013 Edilivres 2007 : \u00ab Chroniques Fr\u00e9n\u00e9tiques, une histoire intime du rock \u00bb, roman, prix Technikart. 2001 : \u00ab Les Iles du D\u00e9sert \u00bb, polar autour du rock \u2013 Editions Nykta","url":"https:\/\/culturesco.com\/index.php\/author\/patrick-benard89\/"}]}},"jetpack_featured_media_url":"https:\/\/i0.wp.com\/culturesco.com\/wp-content\/uploads\/2021\/11\/Julien-Bouchard.jpeg?fit=600%2C537&ssl=1","jetpack_likes_enabled":true,"jetpack_sharing_enabled":true,"jetpack_shortlink":"https:\/\/wp.me\/paz89I-3YF","_links":{"self":[{"href":"https:\/\/culturesco.com\/index.php\/wp-json\/wp\/v2\/posts\/15293","targetHints":{"allow":["GET"]}}],"collection":[{"href":"https:\/\/culturesco.com\/index.php\/wp-json\/wp\/v2\/posts"}],"about":[{"href":"https:\/\/culturesco.com\/index.php\/wp-json\/wp\/v2\/types\/post"}],"author":[{"embeddable":true,"href":"https:\/\/culturesco.com\/index.php\/wp-json\/wp\/v2\/users\/4"}],"replies":[{"embeddable":true,"href":"https:\/\/culturesco.com\/index.php\/wp-json\/wp\/v2\/comments?post=15293"}],"version-history":[{"count":0,"href":"https:\/\/culturesco.com\/index.php\/wp-json\/wp\/v2\/posts\/15293\/revisions"}],"wp:featuredmedia":[{"embeddable":true,"href":"https:\/\/culturesco.com\/index.php\/wp-json\/wp\/v2\/media\/15294"}],"wp:attachment":[{"href":"https:\/\/culturesco.com\/index.php\/wp-json\/wp\/v2\/media?parent=15293"}],"wp:term":[{"taxonomy":"category","embeddable":true,"href":"https:\/\/culturesco.com\/index.php\/wp-json\/wp\/v2\/categories?post=15293"},{"taxonomy":"post_tag","embeddable":true,"href":"https:\/\/culturesco.com\/index.php\/wp-json\/wp\/v2\/tags?post=15293"}],"curies":[{"name":"wp","href":"https:\/\/api.w.org\/{rel}","templated":true}]}}