{"id":15247,"date":"2021-11-11T18:52:08","date_gmt":"2021-11-11T17:52:08","guid":{"rendered":"https:\/\/culturesco.com\/?p=15247"},"modified":"2023-02-03T11:48:16","modified_gmt":"2023-02-03T10:48:16","slug":"alvarortega-les-recreations-d-un-artiste-pop","status":"publish","type":"post","link":"https:\/\/culturesco.com\/index.php\/2021\/11\/11\/alvarortega-les-recreations-d-un-artiste-pop\/","title":{"rendered":"ALVARORTEGA, LES (RE)CR\u00c9ATIONS D\u2019UN ARTISTE POP"},"content":{"rendered":"<h2>ALVARORTEGA : ALL YOU NEED IS POP !<\/h2>\n<figure id=\"attachment_15278\" aria-describedby=\"caption-attachment-15278\" style=\"width: 464px\" class=\"wp-caption aligncenter\"><a href=\"https:\/\/i0.wp.com\/culturesco.com\/wp-content\/uploads\/2021\/11\/alvarortega.jpg?ssl=1\"><img data-recalc-dims=\"1\" loading=\"lazy\" decoding=\"async\" class=\"wp-image-15278 size-full\" src=\"https:\/\/i0.wp.com\/culturesco.com\/wp-content\/uploads\/2021\/11\/alvarortega.jpg?resize=464%2C446&#038;ssl=1\" alt=\"ALVARORTEGA\" width=\"464\" height=\"446\" srcset=\"https:\/\/i0.wp.com\/culturesco.com\/wp-content\/uploads\/2021\/11\/alvarortega.jpg?w=464&amp;ssl=1 464w, https:\/\/i0.wp.com\/culturesco.com\/wp-content\/uploads\/2021\/11\/alvarortega.jpg?resize=300%2C288&amp;ssl=1 300w, https:\/\/i0.wp.com\/culturesco.com\/wp-content\/uploads\/2021\/11\/alvarortega.jpg?resize=437%2C420&amp;ssl=1 437w\" sizes=\"auto, (max-width: 464px) 100vw, 464px\" \/><\/a><figcaption id=\"caption-attachment-15278\" class=\"wp-caption-text\">ALVARORTEGA<\/figcaption><\/figure>\n<p style=\"text-align: justify\">Combien sont tomb\u00e9s dans la marmite des magiciens de Liverpool quand ils \u00e9taient petits au point de transformer leur vie ? De toute \u00e9vidence, l\u2019artiste<strong> Alvarortega <\/strong>est de ceux-l\u00e0 !<\/p>\n<h3>60\/70<\/h3>\n<p style=\"text-align: justify\"><strong>Alvaro<\/strong> <strong>Ortega<\/strong>, de son nom d\u2019artiste <strong>Alvarortega <\/strong>est un graphiste-illustrateur et musicien espagnol, originaire de Madrid. Ce multiactiviste touche \u00e0 l\u2019illustration, la publicit\u00e9, la bande dessin\u00e9e, la cr\u00e9ation de pochettes de disques, de tableaux ou d\u2019affiches et enfin \u00e0 l\u2019animation. Son art \u00e9voque la <strong>Pop Culture<\/strong> des ann\u00e9es 60\/70.<\/p>\n<p><img data-recalc-dims=\"1\" loading=\"lazy\" decoding=\"async\" class=\"size-full wp-image-15279 aligncenter\" src=\"https:\/\/i0.wp.com\/culturesco.com\/wp-content\/uploads\/2021\/11\/alvarortega-the-who.jpg?resize=308%2C337&#038;ssl=1\" alt=\"alvarortega the who\" width=\"308\" height=\"337\" srcset=\"https:\/\/i0.wp.com\/culturesco.com\/wp-content\/uploads\/2021\/11\/alvarortega-the-who.jpg?w=308&amp;ssl=1 308w, https:\/\/i0.wp.com\/culturesco.com\/wp-content\/uploads\/2021\/11\/alvarortega-the-who.jpg?resize=274%2C300&amp;ssl=1 274w\" sizes=\"auto, (max-width: 308px) 100vw, 308px\" \/><\/p>\n<h3>VID\u00c9OS ET (RE)CR\u00c9ATIONS<\/h3>\n<p style=\"text-align: justify\">A partir de 2006,<strong> Alvarortega<\/strong> commence \u00e0 produire des clips d\u2019animation qui illustrent les titres de ses groupes f\u00e9tiches venant du<strong> Rock anglais <\/strong>: <a href=\"https:\/\/culturesco.com\/index.php\/2019\/04\/13\/whos-next-histoire-dune-pochette\/\" target=\"_blank\" rel=\"noopener\">Who<\/a>, <a href=\"https:\/\/culturesco.com\/index.php\/2019\/01\/28\/you-really-got-me-des-kinks-veritable-histoire-anecdotes-son-de-fuzz-et-freres-ennemis-ray-et-dave-davies\/\" target=\"_blank\" rel=\"noopener\">Kinks<\/a>, <a href=\"https:\/\/culturesco.com\/index.php\/2020\/11\/09\/the-rolling-stones-laffaire-de-bruxelles-live-1973\/\" target=\"_blank\" rel=\"noopener\">Rolling Stones<\/a>&#8230; Et bien s\u00fbr les <a href=\"https:\/\/culturesco.com\/index.php\/2021\/11\/06\/the-beatles-the-beatles-ou-lalbum-blanc-de-palem-candillier\/\" target=\"_blank\" rel=\"noopener\">Beatles.<\/a> Ce travail d\u00e9bouche aussi sur des collaborations avec des musiciens actuels.<\/p>\n<p style=\"text-align: justify\">A noter que sans doute pour des raisons de droits d\u2019auteurs, les avocats d\u2019<strong>Apple and co <\/strong>veillant sur l\u2019h\u00e9ritage, <strong>Alvarortega<\/strong> utilise parfois les versions originales mais aussi des interpr\u00e9tations par des groupes tribute, voire lui-m\u00eame.<\/p>\n<p style=\"text-align: justify\">L\u00e0 o\u00f9 il fait mouche \u00e0 chaque fois, c\u2019est qu\u2019il d\u00e9montre une parfaite connaissance du Rock &#8211; m\u00eame s\u2019il s\u2019en d\u00e9fend &#8211; et de l\u2019iconographie de l\u2019\u00e9poque, le tout saupoudr\u00e9 d\u2019un humour so british \u00e0 la <a href=\"https:\/\/fr.wikipedia.org\/wiki\/Monty_Python\">Monty Python<\/a>, et d\u2019une petite note de po\u00e9sie. Comme cette version in\u00e9dite de <strong>Get Back<\/strong>, l\u2019une de ses premi\u00e8res (re)cr\u00e9ations&#8230;<\/p>\n<h3>ALVARORTEGA \u2013 Get Back (2009)<\/h3>\n<div class=\"youtube-embed\" data-video_id=\"JmBFXMHNk60\"><iframe loading=\"lazy\" title=\"Get Back - (@alvar0rtega)\" width=\"696\" height=\"392\" src=\"https:\/\/www.youtube.com\/embed\/JmBFXMHNk60\" frameborder=\"0\" allow=\"accelerometer; autoplay; clipboard-write; encrypted-media; gyroscope; picture-in-picture; web-share\" referrerpolicy=\"strict-origin-when-cross-origin\" allowfullscreen><\/iframe><\/div>\n<p style=\"text-align: justify\">Autre exemple plus r\u00e9cent pour le titre <strong>Magneto And Titanium Man<\/strong> de <a href=\"https:\/\/culturesco.com\/index.php\/2021\/08\/05\/revolver-les-beatles-ouvrent-la-voie-psychedelique-eleanor-rigby-yellow-submarine\/\" target=\"_blank\" rel=\"noopener\">Paul McCartney<\/a><strong> And Wings<\/strong>, belle occasion de rendre un double hommage, d\u2019abord \u00e0 la BD \u2013 les Comics de <strong>Marvel<\/strong> entre autres &#8211; puis \u00e0 l\u2019imagerie des albums de <strong>Wings<\/strong>, <a href=\"https:\/\/en.wikipedia.org\/wiki\/Venus_and_Mars_%28Wings_album%29\">Venus And Mars<\/a> (1975) et <strong>Wings Over America<\/strong> (1976). Le r\u00e9sultat, plus ambitieux et ma\u00eetris\u00e9, s\u2019av\u00e8re superbe !<\/p>\n<h3>ALVARORTEGA &amp; ELEKTRA COMIC\u2013 Magneto And Titanium Man \u2013 WINGS (2017)<\/h3>\n<div class=\"youtube-embed\" data-video_id=\"34PVJPSC5Wc\"><iframe loading=\"lazy\" title=\"MAGNETO AND TITANIUM MAN - WINGS cover - Elektra Comic (alvar0rtega)\" width=\"696\" height=\"392\" src=\"https:\/\/www.youtube.com\/embed\/34PVJPSC5Wc\" frameborder=\"0\" allow=\"accelerometer; autoplay; clipboard-write; encrypted-media; gyroscope; picture-in-picture; web-share\" referrerpolicy=\"strict-origin-when-cross-origin\" allowfullscreen><\/iframe><\/div>\n<p style=\"text-align: justify\">Quelques r\u00e9f\u00e9rences originelles avec la version Live de<strong> Wings<\/strong> en 1976\u2026<\/p>\n<h3>PAUL MCCARTNEY AND WINGS &#8211; Magneto And Titanium Man Live (1976)<\/h3>\n<div class=\"youtube-embed\" data-video_id=\"GY8wrdCQ_P8\"><iframe loading=\"lazy\" title=\"Magneto and Titanium Man\" width=\"696\" height=\"392\" src=\"https:\/\/www.youtube.com\/embed\/GY8wrdCQ_P8\" frameborder=\"0\" allow=\"accelerometer; autoplay; clipboard-write; encrypted-media; gyroscope; picture-in-picture; web-share\" referrerpolicy=\"strict-origin-when-cross-origin\" allowfullscreen><\/iframe><\/div>\n<h3>POP ART<\/h3>\n<p style=\"text-align: justify\">On retrouve des constantes dans le travail d\u2019animation d<strong>\u2019Alvarortega <\/strong>: les attitudes fig\u00e9es et le balancement des personnages, qui rappellent d\u2019ailleurs certaines s\u00e9quences du dessin anim\u00e9 <strong>Yellow Submarine <\/strong>(1968), les citations graphiques de la culture Rock, les auto-r\u00e9f\u00e9rences, le principe de reproduction en s\u00e9ries, la multiplication, l\u2019utilisation sans limites des couleurs, les mouvements dans les plans\u2026 Tout cela aboutit \u00e0 de parfaites vignettes de <strong>Pop Art<\/strong>.<\/p>\n<p style=\"text-align: justify\">Ainsi le <strong>What Is Life<\/strong> de <strong>George Harrison<\/strong>, qu\u2019Olivia et Dhani devraient partager pour les 50 ans du monument <strong>All Things Must Pass<\/strong> (1970)\u2026<\/p>\n<h3>ALVARORTEGA &#8211; What Is Life \u2013 George Harrison (2015)<\/h3>\n<div class=\"youtube-embed\" data-video_id=\"YYYNjSDsStk\"><iframe loading=\"lazy\" title=\"What Is Life - George Harrison - (@alvar0rtega)\" width=\"696\" height=\"392\" src=\"https:\/\/www.youtube.com\/embed\/YYYNjSDsStk\" frameborder=\"0\" allow=\"accelerometer; autoplay; clipboard-write; encrypted-media; gyroscope; picture-in-picture; web-share\" referrerpolicy=\"strict-origin-when-cross-origin\" allowfullscreen><\/iframe><\/div>\n<p style=\"text-align: justify\">Derni\u00e8rement,<strong> Alvarortega<\/strong> a travaill\u00e9 pour d\u2019autres fans des Fab Four, le groupe anglais <strong>XTC,<\/strong> en imageant selon les m\u00eames principes leur chanson<strong> The Loving<\/strong>, un extrait du double album <strong>Oranges And Lemons <\/strong>sorti en 1989, opus lui-m\u00eame sous influences, comme les \u0153uvres de leurs cousins <a href=\"https:\/\/culturesco.com\/index.php\/2022\/03\/01\/the-dukes-of-stratosphear-farces-et-attrapes\/\">The Dukes Of Stratosphear.<\/a> La boucle est boucl\u00e9e.<\/p>\n<h3>ALVARORTEGA \u2013 The Loving \u2013 XTC (2021)<\/h3>\n<div class=\"youtube-embed\" data-video_id=\"LegcItF6zk4\"><iframe loading=\"lazy\" title=\"THE LOVING - XTC (Andy Partridge)\" width=\"696\" height=\"392\" src=\"https:\/\/www.youtube.com\/embed\/LegcItF6zk4\" frameborder=\"0\" allow=\"accelerometer; autoplay; clipboard-write; encrypted-media; gyroscope; picture-in-picture; web-share\" referrerpolicy=\"strict-origin-when-cross-origin\" allowfullscreen><\/iframe><\/div>\n<h3>LE PLUS GRAND GROUPE !<\/h3>\n<p style=\"text-align: justify\">Enfin, en parall\u00e8le de ses (re)cr\u00e9ations,<strong> Alvarortega<\/strong> a lanc\u00e9 une s\u00e9rie de cartoons inspir\u00e9e par la biographie anthologique du plus grand groupe de rock du monde: <strong>THE BEATOONS <\/strong>! Voici pour conclure quelques aper\u00e7us de la l\u00e9gende : <strong>A<\/strong> <strong>Splendid Time Is Guaranteed For All !<\/strong><\/p>\n<h3 style=\"text-align: justify\">ALVARORTEGA &#8211; The Beatoons &#8211; The Studio Gags (2018)<\/h3>\n<div class=\"youtube-embed\" data-video_id=\"LPU_WtmpMfA\"><iframe loading=\"lazy\" title=\"The Studio Gags -The Beatoons - Full Serie (@alvar0rtega)\" width=\"696\" height=\"392\" src=\"https:\/\/www.youtube.com\/embed\/LPU_WtmpMfA\" frameborder=\"0\" allow=\"accelerometer; autoplay; clipboard-write; encrypted-media; gyroscope; picture-in-picture; web-share\" referrerpolicy=\"strict-origin-when-cross-origin\" allowfullscreen><\/iframe><\/div>\n<p><strong>Alvarortega <\/strong>:\u00a0<a href=\"https:\/\/www.alvarortega.com\/\" target=\"_blank\" rel=\"noopener\">website<\/a><\/p>\n<p><strong>Bruno Polaro\u00efd<\/strong><\/p>\n","protected":false},"excerpt":{"rendered":"<p>ALVARORTEGA : ALL YOU NEED IS POP ! Combien sont tomb\u00e9s dans la marmite des magiciens de Liverpool quand ils \u00e9taient petits au point de transformer leur vie ? De toute \u00e9vidence, l\u2019artiste Alvarortega est de ceux-l\u00e0 ! 60\/70 Alvaro Ortega, de son nom d\u2019artiste Alvarortega est un graphiste-illustrateur et musicien espagnol, originaire de Madrid. [&hellip;]<\/p>\n","protected":false},"author":20,"featured_media":15282,"comment_status":"open","ping_status":"open","sticky":false,"template":"","format":"image","meta":{"jetpack_post_was_ever_published":false,"tdm_status":"","tdm_grid_status":"","_jetpack_newsletter_access":"","_jetpack_dont_email_post_to_subs":false,"_jetpack_newsletter_tier_id":0,"_jetpack_memberships_contains_paywalled_content":false,"_jetpack_memberships_contains_paid_content":false,"footnotes":""},"categories":[30,17,36],"tags":[37,52,48,4171],"class_list":{"0":"post-15247","1":"post","2":"type-post","3":"status-publish","4":"format-image","5":"has-post-thumbnail","7":"category-albums-rock","8":"category-carotte-rock-cultures","9":"category-groupes-rock-daujourdhui","10":"tag-album-rock","11":"tag-groupe-rock-actuel","12":"tag-personnalite-rock","13":"tag-pop-culture","14":"post_format-post-format-image"},"yoast_head":"<!-- This site is optimized with the Yoast SEO plugin v27.5 - https:\/\/yoast.com\/product\/yoast-seo-wordpress\/ -->\n<title>ALVARORTEGA, LES (RE)CR\u00c9ATIONS D\u2019UN ARTISTE POP - Culturesco<\/title>\n<meta name=\"description\" content=\"CulturesCo | Alvarortega : les r\u00e9cr\u00e9ations d&#039;un artiste POP. Alvaro Ortega, est un graphiste-illustrateur et musicien espagnol\" \/>\n<meta name=\"robots\" content=\"index, follow, max-snippet:-1, max-image-preview:large, max-video-preview:-1\" \/>\n<link rel=\"canonical\" href=\"https:\/\/culturesco.com\/index.php\/2021\/11\/11\/alvarortega-les-recreations-d-un-artiste-pop\/\" \/>\n<meta property=\"og:locale\" content=\"fr_FR\" \/>\n<meta property=\"og:type\" content=\"article\" \/>\n<meta property=\"og:title\" content=\"ALVARORTEGA, LES (RE)CR\u00c9ATIONS D\u2019UN ARTISTE POP - Culturesco\" \/>\n<meta property=\"og:description\" content=\"CulturesCo | Alvarortega : les r\u00e9cr\u00e9ations d&#039;un artiste POP. Alvaro Ortega, est un graphiste-illustrateur et musicien espagnol\" \/>\n<meta property=\"og:url\" content=\"https:\/\/culturesco.com\/index.php\/2021\/11\/11\/alvarortega-les-recreations-d-un-artiste-pop\/\" \/>\n<meta property=\"og:site_name\" content=\"Culturesco\" \/>\n<meta property=\"article:publisher\" content=\"https:\/\/www.facebook.com\/radioculturesco\" \/>\n<meta property=\"article:published_time\" content=\"2021-11-11T17:52:08+00:00\" \/>\n<meta property=\"article:modified_time\" content=\"2023-02-03T10:48:16+00:00\" \/>\n<meta property=\"og:image\" content=\"https:\/\/culturesco.com\/wp-content\/uploads\/2021\/11\/alvarortega-1.jpg\" \/>\n\t<meta property=\"og:image:width\" content=\"600\" \/>\n\t<meta property=\"og:image:height\" content=\"324\" \/>\n\t<meta property=\"og:image:type\" content=\"image\/jpeg\" \/>\n<meta name=\"author\" content=\"Bruno Polaroid\" \/>\n<meta name=\"twitter:card\" content=\"summary_large_image\" \/>\n<meta name=\"twitter:creator\" content=\"@AugusteMarshal\" \/>\n<meta name=\"twitter:site\" content=\"@AugusteMarshal\" \/>\n<meta name=\"twitter:label1\" content=\"\u00c9crit par\" \/>\n\t<meta name=\"twitter:data1\" content=\"Bruno Polaroid\" \/>\n\t<meta name=\"twitter:label2\" content=\"Dur\u00e9e de lecture estim\u00e9e\" \/>\n\t<meta name=\"twitter:data2\" content=\"4 minutes\" \/>\n<script type=\"application\/ld+json\" class=\"yoast-schema-graph\">{\"@context\":\"https:\\\/\\\/schema.org\",\"@graph\":[{\"@type\":\"Article\",\"@id\":\"https:\\\/\\\/culturesco.com\\\/index.php\\\/2021\\\/11\\\/11\\\/alvarortega-les-recreations-d-un-artiste-pop\\\/#article\",\"isPartOf\":{\"@id\":\"https:\\\/\\\/culturesco.com\\\/index.php\\\/2021\\\/11\\\/11\\\/alvarortega-les-recreations-d-un-artiste-pop\\\/\"},\"author\":{\"name\":\"Bruno Polaroid\",\"@id\":\"https:\\\/\\\/culturesco.com\\\/#\\\/schema\\\/person\\\/81834f4613bae18e9afa0dfb9b4f5457\"},\"headline\":\"ALVARORTEGA, LES (RE)CR\u00c9ATIONS D\u2019UN ARTISTE POP\",\"datePublished\":\"2021-11-11T17:52:08+00:00\",\"dateModified\":\"2023-02-03T10:48:16+00:00\",\"mainEntityOfPage\":{\"@id\":\"https:\\\/\\\/culturesco.com\\\/index.php\\\/2021\\\/11\\\/11\\\/alvarortega-les-recreations-d-un-artiste-pop\\\/\"},\"wordCount\":643,\"commentCount\":0,\"publisher\":{\"@id\":\"https:\\\/\\\/culturesco.com\\\/#organization\"},\"image\":{\"@id\":\"https:\\\/\\\/culturesco.com\\\/index.php\\\/2021\\\/11\\\/11\\\/alvarortega-les-recreations-d-un-artiste-pop\\\/#primaryimage\"},\"thumbnailUrl\":\"https:\\\/\\\/i0.wp.com\\\/culturesco.com\\\/wp-content\\\/uploads\\\/2021\\\/11\\\/alvarortega-1.jpg?fit=600%2C324&ssl=1\",\"keywords\":[\"album rock\",\"groupe rock actuel\",\"Personnalit\u00e9 Rock\",\"Pop culture\"],\"articleSection\":[\"Albums rock\",\"Carotte Rock Cultures\",\"Groupes rock d'aujourd'hui\"],\"inLanguage\":\"fr-FR\",\"potentialAction\":[{\"@type\":\"CommentAction\",\"name\":\"Comment\",\"target\":[\"https:\\\/\\\/culturesco.com\\\/index.php\\\/2021\\\/11\\\/11\\\/alvarortega-les-recreations-d-un-artiste-pop\\\/#respond\"]}]},{\"@type\":\"WebPage\",\"@id\":\"https:\\\/\\\/culturesco.com\\\/index.php\\\/2021\\\/11\\\/11\\\/alvarortega-les-recreations-d-un-artiste-pop\\\/\",\"url\":\"https:\\\/\\\/culturesco.com\\\/index.php\\\/2021\\\/11\\\/11\\\/alvarortega-les-recreations-d-un-artiste-pop\\\/\",\"name\":\"ALVARORTEGA, LES (RE)CR\u00c9ATIONS D\u2019UN ARTISTE POP - Culturesco\",\"isPartOf\":{\"@id\":\"https:\\\/\\\/culturesco.com\\\/#website\"},\"primaryImageOfPage\":{\"@id\":\"https:\\\/\\\/culturesco.com\\\/index.php\\\/2021\\\/11\\\/11\\\/alvarortega-les-recreations-d-un-artiste-pop\\\/#primaryimage\"},\"image\":{\"@id\":\"https:\\\/\\\/culturesco.com\\\/index.php\\\/2021\\\/11\\\/11\\\/alvarortega-les-recreations-d-un-artiste-pop\\\/#primaryimage\"},\"thumbnailUrl\":\"https:\\\/\\\/i0.wp.com\\\/culturesco.com\\\/wp-content\\\/uploads\\\/2021\\\/11\\\/alvarortega-1.jpg?fit=600%2C324&ssl=1\",\"datePublished\":\"2021-11-11T17:52:08+00:00\",\"dateModified\":\"2023-02-03T10:48:16+00:00\",\"description\":\"CulturesCo | Alvarortega : les r\u00e9cr\u00e9ations d'un artiste POP. Alvaro Ortega, est un graphiste-illustrateur et musicien espagnol\",\"breadcrumb\":{\"@id\":\"https:\\\/\\\/culturesco.com\\\/index.php\\\/2021\\\/11\\\/11\\\/alvarortega-les-recreations-d-un-artiste-pop\\\/#breadcrumb\"},\"inLanguage\":\"fr-FR\",\"potentialAction\":[{\"@type\":\"ReadAction\",\"target\":[\"https:\\\/\\\/culturesco.com\\\/index.php\\\/2021\\\/11\\\/11\\\/alvarortega-les-recreations-d-un-artiste-pop\\\/\"]}]},{\"@type\":\"ImageObject\",\"inLanguage\":\"fr-FR\",\"@id\":\"https:\\\/\\\/culturesco.com\\\/index.php\\\/2021\\\/11\\\/11\\\/alvarortega-les-recreations-d-un-artiste-pop\\\/#primaryimage\",\"url\":\"https:\\\/\\\/i0.wp.com\\\/culturesco.com\\\/wp-content\\\/uploads\\\/2021\\\/11\\\/alvarortega-1.jpg?fit=600%2C324&ssl=1\",\"contentUrl\":\"https:\\\/\\\/i0.wp.com\\\/culturesco.com\\\/wp-content\\\/uploads\\\/2021\\\/11\\\/alvarortega-1.jpg?fit=600%2C324&ssl=1\",\"width\":600,\"height\":324,\"caption\":\"alvarortega\"},{\"@type\":\"BreadcrumbList\",\"@id\":\"https:\\\/\\\/culturesco.com\\\/index.php\\\/2021\\\/11\\\/11\\\/alvarortega-les-recreations-d-un-artiste-pop\\\/#breadcrumb\",\"itemListElement\":[{\"@type\":\"ListItem\",\"position\":1,\"name\":\"Accueil\",\"item\":\"https:\\\/\\\/culturesco.com\\\/\"},{\"@type\":\"ListItem\",\"position\":2,\"name\":\"ALVARORTEGA, LES (RE)CR\u00c9ATIONS D\u2019UN ARTISTE POP\"}]},{\"@type\":\"WebSite\",\"@id\":\"https:\\\/\\\/culturesco.com\\\/#website\",\"url\":\"https:\\\/\\\/culturesco.com\\\/\",\"name\":\"Culturesco\",\"description\":\"Culturesco | Un bon coup de pied dans ta Culture\",\"publisher\":{\"@id\":\"https:\\\/\\\/culturesco.com\\\/#organization\"},\"potentialAction\":[{\"@type\":\"SearchAction\",\"target\":{\"@type\":\"EntryPoint\",\"urlTemplate\":\"https:\\\/\\\/culturesco.com\\\/?s={search_term_string}\"},\"query-input\":{\"@type\":\"PropertyValueSpecification\",\"valueRequired\":true,\"valueName\":\"search_term_string\"}}],\"inLanguage\":\"fr-FR\"},{\"@type\":\"Organization\",\"@id\":\"https:\\\/\\\/culturesco.com\\\/#organization\",\"name\":\"CULTURESCO\",\"url\":\"https:\\\/\\\/culturesco.com\\\/\",\"logo\":{\"@type\":\"ImageObject\",\"inLanguage\":\"fr-FR\",\"@id\":\"https:\\\/\\\/culturesco.com\\\/#\\\/schema\\\/logo\\\/image\\\/\",\"url\":\"https:\\\/\\\/i0.wp.com\\\/culturesco.com\\\/wp-content\\\/uploads\\\/2022\\\/04\\\/culturesco-logo-blanc250p.png?fit=250%2C250&ssl=1\",\"contentUrl\":\"https:\\\/\\\/i0.wp.com\\\/culturesco.com\\\/wp-content\\\/uploads\\\/2022\\\/04\\\/culturesco-logo-blanc250p.png?fit=250%2C250&ssl=1\",\"width\":250,\"height\":250,\"caption\":\"CULTURESCO\"},\"image\":{\"@id\":\"https:\\\/\\\/culturesco.com\\\/#\\\/schema\\\/logo\\\/image\\\/\"},\"sameAs\":[\"https:\\\/\\\/www.facebook.com\\\/radioculturesco\",\"https:\\\/\\\/x.com\\\/AugusteMarshal\",\"https:\\\/\\\/www.instagram.com\\\/carotte_rock_culture\\\/\",\"https:\\\/\\\/www.pinterest.fr\\\/augustemarshal\\\/\",\"https:\\\/\\\/www.youtube.com\\\/channel\\\/UCiWLGffqWSXlNnfzp6YwwyQ\"]},{\"@type\":\"Person\",\"@id\":\"https:\\\/\\\/culturesco.com\\\/#\\\/schema\\\/person\\\/81834f4613bae18e9afa0dfb9b4f5457\",\"name\":\"Bruno Polaroid\",\"image\":{\"@type\":\"ImageObject\",\"inLanguage\":\"fr-FR\",\"@id\":\"https:\\\/\\\/i0.wp.com\\\/culturesco.com\\\/wp-content\\\/uploads\\\/2021\\\/12\\\/1798853_1375590169374746_992490721_n.jpg?fit=94%2C96&ssl=1\",\"url\":\"https:\\\/\\\/i0.wp.com\\\/culturesco.com\\\/wp-content\\\/uploads\\\/2021\\\/12\\\/1798853_1375590169374746_992490721_n.jpg?fit=94%2C96&ssl=1\",\"contentUrl\":\"https:\\\/\\\/i0.wp.com\\\/culturesco.com\\\/wp-content\\\/uploads\\\/2021\\\/12\\\/1798853_1375590169374746_992490721_n.jpg?fit=94%2C96&ssl=1\",\"caption\":\"Bruno Polaroid\"},\"description\":\"Bruno Ledez alias Bruno Polaro\u00efd : Chroniqueur \u00e0 Cultures Co, Attach\u00e9 de Presse, ex Animateur \u00e0 Radio-Campus Lille \\\/ \u00c9mission La Folie (1986 - 2009), ex Chroniqueur \u00e9pisodique des fanzines Walking The Dog et Musiques, Images &amp; Passions Modernes.\",\"url\":\"https:\\\/\\\/culturesco.com\\\/index.php\\\/author\\\/bruno-polaroid\\\/\"}]}<\/script>\n<!-- \/ Yoast SEO plugin. -->","yoast_head_json":{"title":"ALVARORTEGA, LES (RE)CR\u00c9ATIONS D\u2019UN ARTISTE POP - Culturesco","description":"CulturesCo | Alvarortega : les r\u00e9cr\u00e9ations d'un artiste POP. Alvaro Ortega, est un graphiste-illustrateur et musicien espagnol","robots":{"index":"index","follow":"follow","max-snippet":"max-snippet:-1","max-image-preview":"max-image-preview:large","max-video-preview":"max-video-preview:-1"},"canonical":"https:\/\/culturesco.com\/index.php\/2021\/11\/11\/alvarortega-les-recreations-d-un-artiste-pop\/","og_locale":"fr_FR","og_type":"article","og_title":"ALVARORTEGA, LES (RE)CR\u00c9ATIONS D\u2019UN ARTISTE POP - Culturesco","og_description":"CulturesCo | Alvarortega : les r\u00e9cr\u00e9ations d'un artiste POP. Alvaro Ortega, est un graphiste-illustrateur et musicien espagnol","og_url":"https:\/\/culturesco.com\/index.php\/2021\/11\/11\/alvarortega-les-recreations-d-un-artiste-pop\/","og_site_name":"Culturesco","article_publisher":"https:\/\/www.facebook.com\/radioculturesco","article_published_time":"2021-11-11T17:52:08+00:00","article_modified_time":"2023-02-03T10:48:16+00:00","og_image":[{"width":600,"height":324,"url":"https:\/\/culturesco.com\/wp-content\/uploads\/2021\/11\/alvarortega-1.jpg","type":"image\/jpeg"}],"author":"Bruno Polaroid","twitter_card":"summary_large_image","twitter_creator":"@AugusteMarshal","twitter_site":"@AugusteMarshal","twitter_misc":{"\u00c9crit par":"Bruno Polaroid","Dur\u00e9e de lecture estim\u00e9e":"4 minutes"},"schema":{"@context":"https:\/\/schema.org","@graph":[{"@type":"Article","@id":"https:\/\/culturesco.com\/index.php\/2021\/11\/11\/alvarortega-les-recreations-d-un-artiste-pop\/#article","isPartOf":{"@id":"https:\/\/culturesco.com\/index.php\/2021\/11\/11\/alvarortega-les-recreations-d-un-artiste-pop\/"},"author":{"name":"Bruno Polaroid","@id":"https:\/\/culturesco.com\/#\/schema\/person\/81834f4613bae18e9afa0dfb9b4f5457"},"headline":"ALVARORTEGA, LES (RE)CR\u00c9ATIONS D\u2019UN ARTISTE POP","datePublished":"2021-11-11T17:52:08+00:00","dateModified":"2023-02-03T10:48:16+00:00","mainEntityOfPage":{"@id":"https:\/\/culturesco.com\/index.php\/2021\/11\/11\/alvarortega-les-recreations-d-un-artiste-pop\/"},"wordCount":643,"commentCount":0,"publisher":{"@id":"https:\/\/culturesco.com\/#organization"},"image":{"@id":"https:\/\/culturesco.com\/index.php\/2021\/11\/11\/alvarortega-les-recreations-d-un-artiste-pop\/#primaryimage"},"thumbnailUrl":"https:\/\/i0.wp.com\/culturesco.com\/wp-content\/uploads\/2021\/11\/alvarortega-1.jpg?fit=600%2C324&ssl=1","keywords":["album rock","groupe rock actuel","Personnalit\u00e9 Rock","Pop culture"],"articleSection":["Albums rock","Carotte Rock Cultures","Groupes rock d'aujourd'hui"],"inLanguage":"fr-FR","potentialAction":[{"@type":"CommentAction","name":"Comment","target":["https:\/\/culturesco.com\/index.php\/2021\/11\/11\/alvarortega-les-recreations-d-un-artiste-pop\/#respond"]}]},{"@type":"WebPage","@id":"https:\/\/culturesco.com\/index.php\/2021\/11\/11\/alvarortega-les-recreations-d-un-artiste-pop\/","url":"https:\/\/culturesco.com\/index.php\/2021\/11\/11\/alvarortega-les-recreations-d-un-artiste-pop\/","name":"ALVARORTEGA, LES (RE)CR\u00c9ATIONS D\u2019UN ARTISTE POP - Culturesco","isPartOf":{"@id":"https:\/\/culturesco.com\/#website"},"primaryImageOfPage":{"@id":"https:\/\/culturesco.com\/index.php\/2021\/11\/11\/alvarortega-les-recreations-d-un-artiste-pop\/#primaryimage"},"image":{"@id":"https:\/\/culturesco.com\/index.php\/2021\/11\/11\/alvarortega-les-recreations-d-un-artiste-pop\/#primaryimage"},"thumbnailUrl":"https:\/\/i0.wp.com\/culturesco.com\/wp-content\/uploads\/2021\/11\/alvarortega-1.jpg?fit=600%2C324&ssl=1","datePublished":"2021-11-11T17:52:08+00:00","dateModified":"2023-02-03T10:48:16+00:00","description":"CulturesCo | Alvarortega : les r\u00e9cr\u00e9ations d'un artiste POP. Alvaro Ortega, est un graphiste-illustrateur et musicien espagnol","breadcrumb":{"@id":"https:\/\/culturesco.com\/index.php\/2021\/11\/11\/alvarortega-les-recreations-d-un-artiste-pop\/#breadcrumb"},"inLanguage":"fr-FR","potentialAction":[{"@type":"ReadAction","target":["https:\/\/culturesco.com\/index.php\/2021\/11\/11\/alvarortega-les-recreations-d-un-artiste-pop\/"]}]},{"@type":"ImageObject","inLanguage":"fr-FR","@id":"https:\/\/culturesco.com\/index.php\/2021\/11\/11\/alvarortega-les-recreations-d-un-artiste-pop\/#primaryimage","url":"https:\/\/i0.wp.com\/culturesco.com\/wp-content\/uploads\/2021\/11\/alvarortega-1.jpg?fit=600%2C324&ssl=1","contentUrl":"https:\/\/i0.wp.com\/culturesco.com\/wp-content\/uploads\/2021\/11\/alvarortega-1.jpg?fit=600%2C324&ssl=1","width":600,"height":324,"caption":"alvarortega"},{"@type":"BreadcrumbList","@id":"https:\/\/culturesco.com\/index.php\/2021\/11\/11\/alvarortega-les-recreations-d-un-artiste-pop\/#breadcrumb","itemListElement":[{"@type":"ListItem","position":1,"name":"Accueil","item":"https:\/\/culturesco.com\/"},{"@type":"ListItem","position":2,"name":"ALVARORTEGA, LES (RE)CR\u00c9ATIONS D\u2019UN ARTISTE POP"}]},{"@type":"WebSite","@id":"https:\/\/culturesco.com\/#website","url":"https:\/\/culturesco.com\/","name":"Culturesco","description":"Culturesco | Un bon coup de pied dans ta Culture","publisher":{"@id":"https:\/\/culturesco.com\/#organization"},"potentialAction":[{"@type":"SearchAction","target":{"@type":"EntryPoint","urlTemplate":"https:\/\/culturesco.com\/?s={search_term_string}"},"query-input":{"@type":"PropertyValueSpecification","valueRequired":true,"valueName":"search_term_string"}}],"inLanguage":"fr-FR"},{"@type":"Organization","@id":"https:\/\/culturesco.com\/#organization","name":"CULTURESCO","url":"https:\/\/culturesco.com\/","logo":{"@type":"ImageObject","inLanguage":"fr-FR","@id":"https:\/\/culturesco.com\/#\/schema\/logo\/image\/","url":"https:\/\/i0.wp.com\/culturesco.com\/wp-content\/uploads\/2022\/04\/culturesco-logo-blanc250p.png?fit=250%2C250&ssl=1","contentUrl":"https:\/\/i0.wp.com\/culturesco.com\/wp-content\/uploads\/2022\/04\/culturesco-logo-blanc250p.png?fit=250%2C250&ssl=1","width":250,"height":250,"caption":"CULTURESCO"},"image":{"@id":"https:\/\/culturesco.com\/#\/schema\/logo\/image\/"},"sameAs":["https:\/\/www.facebook.com\/radioculturesco","https:\/\/x.com\/AugusteMarshal","https:\/\/www.instagram.com\/carotte_rock_culture\/","https:\/\/www.pinterest.fr\/augustemarshal\/","https:\/\/www.youtube.com\/channel\/UCiWLGffqWSXlNnfzp6YwwyQ"]},{"@type":"Person","@id":"https:\/\/culturesco.com\/#\/schema\/person\/81834f4613bae18e9afa0dfb9b4f5457","name":"Bruno Polaroid","image":{"@type":"ImageObject","inLanguage":"fr-FR","@id":"https:\/\/i0.wp.com\/culturesco.com\/wp-content\/uploads\/2021\/12\/1798853_1375590169374746_992490721_n.jpg?fit=94%2C96&ssl=1","url":"https:\/\/i0.wp.com\/culturesco.com\/wp-content\/uploads\/2021\/12\/1798853_1375590169374746_992490721_n.jpg?fit=94%2C96&ssl=1","contentUrl":"https:\/\/i0.wp.com\/culturesco.com\/wp-content\/uploads\/2021\/12\/1798853_1375590169374746_992490721_n.jpg?fit=94%2C96&ssl=1","caption":"Bruno Polaroid"},"description":"Bruno Ledez alias Bruno Polaro\u00efd : Chroniqueur \u00e0 Cultures Co, Attach\u00e9 de Presse, ex Animateur \u00e0 Radio-Campus Lille \/ \u00c9mission La Folie (1986 - 2009), ex Chroniqueur \u00e9pisodique des fanzines Walking The Dog et Musiques, Images &amp; Passions Modernes.","url":"https:\/\/culturesco.com\/index.php\/author\/bruno-polaroid\/"}]}},"jetpack_featured_media_url":"https:\/\/i0.wp.com\/culturesco.com\/wp-content\/uploads\/2021\/11\/alvarortega-1.jpg?fit=600%2C324&ssl=1","jetpack_likes_enabled":true,"jetpack_sharing_enabled":true,"jetpack_shortlink":"https:\/\/wp.me\/paz89I-3XV","_links":{"self":[{"href":"https:\/\/culturesco.com\/index.php\/wp-json\/wp\/v2\/posts\/15247","targetHints":{"allow":["GET"]}}],"collection":[{"href":"https:\/\/culturesco.com\/index.php\/wp-json\/wp\/v2\/posts"}],"about":[{"href":"https:\/\/culturesco.com\/index.php\/wp-json\/wp\/v2\/types\/post"}],"author":[{"embeddable":true,"href":"https:\/\/culturesco.com\/index.php\/wp-json\/wp\/v2\/users\/20"}],"replies":[{"embeddable":true,"href":"https:\/\/culturesco.com\/index.php\/wp-json\/wp\/v2\/comments?post=15247"}],"version-history":[{"count":0,"href":"https:\/\/culturesco.com\/index.php\/wp-json\/wp\/v2\/posts\/15247\/revisions"}],"wp:featuredmedia":[{"embeddable":true,"href":"https:\/\/culturesco.com\/index.php\/wp-json\/wp\/v2\/media\/15282"}],"wp:attachment":[{"href":"https:\/\/culturesco.com\/index.php\/wp-json\/wp\/v2\/media?parent=15247"}],"wp:term":[{"taxonomy":"category","embeddable":true,"href":"https:\/\/culturesco.com\/index.php\/wp-json\/wp\/v2\/categories?post=15247"},{"taxonomy":"post_tag","embeddable":true,"href":"https:\/\/culturesco.com\/index.php\/wp-json\/wp\/v2\/tags?post=15247"}],"curies":[{"name":"wp","href":"https:\/\/api.w.org\/{rel}","templated":true}]}}