{"id":15056,"date":"2021-10-15T03:11:49","date_gmt":"2021-10-15T01:11:49","guid":{"rendered":"https:\/\/culturesco.com\/?p=15056"},"modified":"2021-10-18T02:15:28","modified_gmt":"2021-10-18T00:15:28","slug":"mendelson-le-dernier-album","status":"publish","type":"post","link":"https:\/\/culturesco.com\/index.php\/2021\/10\/15\/mendelson-le-dernier-album\/","title":{"rendered":"Mendelson &#8211; Le Dernier Album"},"content":{"rendered":"<h2 style=\"text-align: justify\">Voil\u00e0, C\u2019est Fini\u00a0!<\/h2>\n<figure id=\"attachment_15057\" aria-describedby=\"caption-attachment-15057\" style=\"width: 296px\" class=\"wp-caption aligncenter\"><a href=\"https:\/\/i0.wp.com\/culturesco.com\/wp-content\/uploads\/2021\/10\/Mendelson.jpeg?ssl=1\"><img data-recalc-dims=\"1\" loading=\"lazy\" decoding=\"async\" class=\"size-medium wp-image-15057\" src=\"https:\/\/i0.wp.com\/culturesco.com\/wp-content\/uploads\/2021\/10\/Mendelson.jpeg?resize=296%2C300&#038;ssl=1\" alt=\"Mendelson - Le Dernier Album\" width=\"296\" height=\"300\" srcset=\"https:\/\/i0.wp.com\/culturesco.com\/wp-content\/uploads\/2021\/10\/Mendelson.jpeg?resize=296%2C300&amp;ssl=1 296w, https:\/\/i0.wp.com\/culturesco.com\/wp-content\/uploads\/2021\/10\/Mendelson.jpeg?resize=618%2C627&amp;ssl=1 618w, https:\/\/i0.wp.com\/culturesco.com\/wp-content\/uploads\/2021\/10\/Mendelson.jpeg?resize=768%2C779&amp;ssl=1 768w, https:\/\/i0.wp.com\/culturesco.com\/wp-content\/uploads\/2021\/10\/Mendelson.jpeg?resize=696%2C706&amp;ssl=1 696w, https:\/\/i0.wp.com\/culturesco.com\/wp-content\/uploads\/2021\/10\/Mendelson.jpeg?resize=1068%2C1083&amp;ssl=1 1068w, https:\/\/i0.wp.com\/culturesco.com\/wp-content\/uploads\/2021\/10\/Mendelson.jpeg?resize=414%2C420&amp;ssl=1 414w, https:\/\/i0.wp.com\/culturesco.com\/wp-content\/uploads\/2021\/10\/Mendelson.jpeg?resize=600%2C609&amp;ssl=1 600w, https:\/\/i0.wp.com\/culturesco.com\/wp-content\/uploads\/2021\/10\/Mendelson.jpeg?resize=100%2C100&amp;ssl=1 100w, https:\/\/i0.wp.com\/culturesco.com\/wp-content\/uploads\/2021\/10\/Mendelson.jpeg?resize=50%2C50&amp;ssl=1 50w, https:\/\/i0.wp.com\/culturesco.com\/wp-content\/uploads\/2021\/10\/Mendelson.jpeg?w=591&amp;ssl=1 591w\" sizes=\"auto, (max-width: 296px) 100vw, 296px\" \/><\/a><figcaption id=\"caption-attachment-15057\" class=\"wp-caption-text\">Mendelson &#8211; Le Dernier Album<\/figcaption><\/figure>\n<h3 style=\"text-align: justify\">La Fin d\u2019Un Groupe A Part<\/h3>\n<p style=\"text-align: justify\"><em>Voil\u00e0, c\u2019est fini<\/em>\u00a0!&#8230; comme le chantait un certain <strong>Jean-Louis Aubert<\/strong> alors que <strong>Mendelson<\/strong> n\u2019existait pas encore. Inutile de les comparer, cela ne servirait \u00e0 rien et chacun vit dans des univers diff\u00e9rents.<\/p>\n<p style=\"text-align: justify\">Ici il s\u2019agit de parler du nouvel et dernier album de <strong>Mendelson<\/strong>. Sur une tombe, on pourrait indiquer\u00a0: <strong>Mendelson<\/strong>, <strong>1997 \u2013 2021<\/strong> avec en \u00e9pitaphe, <em><strong>\u00ab\u00a0un groupe culte\u2026 mon cul\u00a0\u00bb<\/strong><\/em>. C\u2019est ainsi que se voit <strong>Pascal Bouaziz<\/strong>, ma\u00eetre \u00e0 tout faire du groupe (auteur, compositeur, guitariste) depuis sa cr\u00e9ation et durant sept albums.<\/p>\n<h3 style=\"text-align: justify\"><em>Mendelson &#8211; Live \u00e0 France Inter en 2013<\/em><\/h3>\n<div class=\"youtube-embed\" data-video_id=\"SYkmdSqxLx8\"><iframe loading=\"lazy\" title=\"Mendelson Live - Le Soul\u00e8vement + Des Loisirs - Le Nouveau Rendez-Vous - France Inter -\" width=\"696\" height=\"392\" src=\"https:\/\/www.youtube.com\/embed\/SYkmdSqxLx8\" frameborder=\"0\" allow=\"accelerometer; autoplay; clipboard-write; encrypted-media; gyroscope; picture-in-picture; web-share\" referrerpolicy=\"strict-origin-when-cross-origin\" allowfullscreen><\/iframe><\/div>\n<p style=\"text-align: justify\">Si peu d\u2019albums au cours de pr\u00e8s d\u2019un quart de si\u00e8cle, cela para\u00eet l\u00e9ger. Mais il faut tenir compte d\u2019un long passage \u00e0 vide avant de reprendre avec\u2026 un triple opus magistral.<\/p>\n<p style=\"text-align: justify\"><strong>Pascal<\/strong> s\u00e9vit en ce moment avec <strong>Michel Cloup Duo <\/strong>(ex<strong> Diabologum <\/strong>et<strong> Exp\u00e9rience<\/strong>). On peut donc supposer que la rel\u00e8ve est assur\u00e9e, dans l\u2019esprit, le c\u00f4t\u00e9 vindicatif, intimiste, adepte du parl\u00e9-chant\u00e9, capable de faire des titres courts rentre-dedans et de longues envol\u00e9es allant parfois jusqu\u2019\u00e0\u2026 plus de cinquante minutes.<\/p>\n<p style=\"text-align: justify\">Ce <em><strong>\u00ab\u00a0Dernier Album\u00a0\u00bb<\/strong><\/em>, donc, comporte cinq morceaux qui illustrent parfaitement l\u2019ultime conviction et l\u2019enjeu\u00a0: <em><strong>\u00ab\u00a0Le Dernier Disque\u00a0\u00bb<\/strong><\/em>, <em><strong>\u00ab\u00a0Alg\u00e9rie\u00a0\u00bb<\/strong><\/em>, une anthologie de pr\u00e8s de vingt minutes, <em><strong>\u00ab\u00a0Les Chanteurs\u00a0\u00bb<\/strong><\/em>, <em><strong>\u00ab H\u00e9ritage \u00bb<\/strong><\/em>, le titre rock et indispensable, et <em><strong>\u00ab La Derni\u00e8re Chanson\u00a0\u00bb<\/strong><\/em> o\u00f9 il rend hommage \u00e0 tous ceux qui ont pu aider \u00e0 l\u2019existence du groupe \u00e0 travers un <strong>Olivier<\/strong>, ami des premiers jours.<\/p>\n<p style=\"text-align: justify\">Il termine par ces mots\u00a0: <strong>\u00ab\u00a0Ce n\u2019est pas d\u00e9sagr\u00e9able de mourir un peu\u00a0\u00bb<\/strong>.<\/p>\n<h3 style=\"text-align: justify\"><em>Mendelson &#8211; H\u00e9ritage (clip officiel)<\/em><\/h3>\n<div class=\"youtube-embed\" data-video_id=\"N3vyB4YnKCc\"><iframe loading=\"lazy\" title=\"MENDELSON - H\u00e9ritage\" width=\"696\" height=\"392\" src=\"https:\/\/www.youtube.com\/embed\/N3vyB4YnKCc\" frameborder=\"0\" allow=\"accelerometer; autoplay; clipboard-write; encrypted-media; gyroscope; picture-in-picture; web-share\" referrerpolicy=\"strict-origin-when-cross-origin\" allowfullscreen><\/iframe><\/div>\n<p style=\"text-align: justify\">Tout est beau \u00e0 pleurer et \u00e0 regretter que <strong>Mendelson<\/strong> n\u2019ait pas su trouver son public. Trop en avance, trop dur, trop triste, impossible de savoir.<\/p>\n<p style=\"text-align: justify\">A titre personnel j\u2019ai eu l\u2019honneur de les voir une fois sur sc\u00e8ne, au d\u00e9but ou presque de l&rsquo;aventure, dans une petite salle \u00e0 l&rsquo;Espace Kiron. Le groupe jouait en premi\u00e8re partie de <strong>A Certain General<\/strong>, groupe culte \u00e9galement. Nous \u00e9tions \u00e0 peine une trentaine de personnes. Mais je m\u2019en souviens comme si c\u2019\u00e9tait hier.<\/p>\n<p style=\"text-align: justify\">Et puisque c\u2019est le dernier album, ce ne sera pas la derni\u00e8re \u00e9coute. Et puis <strong>Mendelson va tourner<\/strong>, enfin, une derni\u00e8re fois, avant de dispara\u00eetre. <strong>A ne surtout pas rater<\/strong>.<\/p>\n<p style=\"text-align: justify\"><em>Les dates<\/em> : 23\/10\/21, <strong>POITIERS<\/strong> (Confort Moderne) &#8211; 05\/11\/21, <strong>TOURCOING<\/strong> (Grand Mix) &#8211; 11\/11\/21, <strong>PARIS<\/strong> (Le Petit Bain) &#8211; 29\/12\/21, <strong>RENNES<\/strong> (Tomb\u00e9es de la Nuit) &#8211; 27\/01\/22, <strong>ROUEN<\/strong> (Le 106) &#8211; 24\/02\/2022, <strong>NANCY<\/strong> (L&rsquo;Autre Canal)<\/p>\n<p style=\"text-align: justify\"><strong>Mendelson &#8211; Le Dernier Album<\/strong><\/p>\n<p style=\"text-align: justify\">Ici, d\u2019Ailleurs<\/p>\n<p style=\"text-align: justify\"><em>Sortie le 15 octobre<\/em><\/p>\n<p style=\"text-align: justify\"><strong>Patrick B\u00e9nard<br \/>\n<\/strong><\/p>\n","protected":false},"excerpt":{"rendered":"<p>Voil\u00e0, C\u2019est Fini\u00a0! La Fin d\u2019Un Groupe A Part Voil\u00e0, c\u2019est fini\u00a0!&#8230; comme le chantait un certain Jean-Louis Aubert alors que Mendelson n\u2019existait pas encore. Inutile de les comparer, cela ne servirait \u00e0 rien et chacun vit dans des univers diff\u00e9rents. Ici il s\u2019agit de parler du nouvel et dernier album de Mendelson. Sur une [&hellip;]<\/p>\n","protected":false},"author":4,"featured_media":15057,"comment_status":"open","ping_status":"open","sticky":false,"template":"","format":"image","meta":{"jetpack_post_was_ever_published":false,"tdm_status":"","tdm_grid_status":"","_jetpack_newsletter_access":"","_jetpack_dont_email_post_to_subs":false,"_jetpack_newsletter_tier_id":0,"_jetpack_memberships_contains_paywalled_content":false,"_jetpack_memberships_contains_paid_content":false,"footnotes":""},"categories":[30,17,36,26],"tags":[37,12189,40,52,48],"class_list":{"0":"post-15056","1":"post","2":"type-post","3":"status-publish","4":"format-image","5":"has-post-thumbnail","7":"category-albums-rock","8":"category-carotte-rock-cultures","9":"category-groupes-rock-daujourdhui","10":"category-radio","11":"tag-album-rock","12":"tag-albums-essentiels","13":"tag-chanson-francaise","14":"tag-groupe-rock-actuel","15":"tag-personnalite-rock","16":"post_format-post-format-image"},"yoast_head":"<!-- This site is optimized with the Yoast SEO plugin v27.5 - https:\/\/yoast.com\/product\/yoast-seo-wordpress\/ -->\n<title>Mendelson - Le Dernier Album - Culturesco<\/title>\n<meta name=\"description\" content=\"CulturesCo | Un bon coup de pied dans ta Culture | Chroniques et histoire du Rock, chanson fran\u00e7aise, litt\u00e9rature, cin\u00e9ma et bande dessin\u00e9e.\" \/>\n<meta name=\"robots\" content=\"index, follow, max-snippet:-1, max-image-preview:large, max-video-preview:-1\" \/>\n<link rel=\"canonical\" href=\"https:\/\/culturesco.com\/index.php\/2021\/10\/15\/mendelson-le-dernier-album\/\" \/>\n<meta property=\"og:locale\" content=\"fr_FR\" \/>\n<meta property=\"og:type\" content=\"article\" \/>\n<meta property=\"og:title\" content=\"Mendelson - Le Dernier Album - Culturesco\" \/>\n<meta property=\"og:description\" content=\"CulturesCo | Un bon coup de pied dans ta Culture | Chroniques et histoire du Rock, chanson fran\u00e7aise, litt\u00e9rature, cin\u00e9ma et bande dessin\u00e9e.\" \/>\n<meta property=\"og:url\" content=\"https:\/\/culturesco.com\/index.php\/2021\/10\/15\/mendelson-le-dernier-album\/\" \/>\n<meta property=\"og:site_name\" content=\"Culturesco\" \/>\n<meta property=\"article:publisher\" content=\"https:\/\/www.facebook.com\/radioculturesco\" \/>\n<meta property=\"article:published_time\" content=\"2021-10-15T01:11:49+00:00\" \/>\n<meta property=\"article:modified_time\" content=\"2021-10-18T00:15:28+00:00\" \/>\n<meta property=\"og:image\" content=\"https:\/\/i2.wp.com\/culturesco.com\/wp-content\/uploads\/2021\/10\/Mendelson.jpeg?fit=591%2C600&ssl=1\" \/>\n\t<meta property=\"og:image:width\" content=\"591\" \/>\n\t<meta property=\"og:image:height\" content=\"600\" \/>\n\t<meta property=\"og:image:type\" content=\"image\/jpeg\" \/>\n<meta name=\"author\" content=\"Patrick Benard\" \/>\n<meta name=\"twitter:card\" content=\"summary_large_image\" \/>\n<meta name=\"twitter:creator\" content=\"@AugusteMarshal\" \/>\n<meta name=\"twitter:site\" content=\"@AugusteMarshal\" \/>\n<meta name=\"twitter:label1\" content=\"\u00c9crit par\" \/>\n\t<meta name=\"twitter:data1\" content=\"Patrick Benard\" \/>\n\t<meta name=\"twitter:label2\" content=\"Dur\u00e9e de lecture estim\u00e9e\" \/>\n\t<meta name=\"twitter:data2\" content=\"3 minutes\" \/>\n<script type=\"application\/ld+json\" class=\"yoast-schema-graph\">{\"@context\":\"https:\\\/\\\/schema.org\",\"@graph\":[{\"@type\":\"Article\",\"@id\":\"https:\\\/\\\/culturesco.com\\\/index.php\\\/2021\\\/10\\\/15\\\/mendelson-le-dernier-album\\\/#article\",\"isPartOf\":{\"@id\":\"https:\\\/\\\/culturesco.com\\\/index.php\\\/2021\\\/10\\\/15\\\/mendelson-le-dernier-album\\\/\"},\"author\":{\"name\":\"Patrick Benard\",\"@id\":\"https:\\\/\\\/culturesco.com\\\/#\\\/schema\\\/person\\\/c2ddd6724863f3bbd20a8278df0891f3\"},\"headline\":\"Mendelson &#8211; Le Dernier Album\",\"datePublished\":\"2021-10-15T01:11:49+00:00\",\"dateModified\":\"2021-10-18T00:15:28+00:00\",\"mainEntityOfPage\":{\"@id\":\"https:\\\/\\\/culturesco.com\\\/index.php\\\/2021\\\/10\\\/15\\\/mendelson-le-dernier-album\\\/\"},\"wordCount\":482,\"commentCount\":0,\"publisher\":{\"@id\":\"https:\\\/\\\/culturesco.com\\\/#organization\"},\"image\":{\"@id\":\"https:\\\/\\\/culturesco.com\\\/index.php\\\/2021\\\/10\\\/15\\\/mendelson-le-dernier-album\\\/#primaryimage\"},\"thumbnailUrl\":\"https:\\\/\\\/i0.wp.com\\\/culturesco.com\\\/wp-content\\\/uploads\\\/2021\\\/10\\\/Mendelson.jpeg?fit=591%2C600&ssl=1\",\"keywords\":[\"album rock\",\"Albums essentiels\",\"chanson fran\u00e7aise\",\"groupe rock actuel\",\"Personnalit\u00e9 Rock\"],\"articleSection\":[\"Albums rock\",\"Carotte Rock Cultures\",\"Groupes rock d'aujourd'hui\",\"Radio\"],\"inLanguage\":\"fr-FR\",\"potentialAction\":[{\"@type\":\"CommentAction\",\"name\":\"Comment\",\"target\":[\"https:\\\/\\\/culturesco.com\\\/index.php\\\/2021\\\/10\\\/15\\\/mendelson-le-dernier-album\\\/#respond\"]}]},{\"@type\":\"WebPage\",\"@id\":\"https:\\\/\\\/culturesco.com\\\/index.php\\\/2021\\\/10\\\/15\\\/mendelson-le-dernier-album\\\/\",\"url\":\"https:\\\/\\\/culturesco.com\\\/index.php\\\/2021\\\/10\\\/15\\\/mendelson-le-dernier-album\\\/\",\"name\":\"Mendelson - Le Dernier Album - Culturesco\",\"isPartOf\":{\"@id\":\"https:\\\/\\\/culturesco.com\\\/#website\"},\"primaryImageOfPage\":{\"@id\":\"https:\\\/\\\/culturesco.com\\\/index.php\\\/2021\\\/10\\\/15\\\/mendelson-le-dernier-album\\\/#primaryimage\"},\"image\":{\"@id\":\"https:\\\/\\\/culturesco.com\\\/index.php\\\/2021\\\/10\\\/15\\\/mendelson-le-dernier-album\\\/#primaryimage\"},\"thumbnailUrl\":\"https:\\\/\\\/i0.wp.com\\\/culturesco.com\\\/wp-content\\\/uploads\\\/2021\\\/10\\\/Mendelson.jpeg?fit=591%2C600&ssl=1\",\"datePublished\":\"2021-10-15T01:11:49+00:00\",\"dateModified\":\"2021-10-18T00:15:28+00:00\",\"description\":\"CulturesCo | Un bon coup de pied dans ta Culture | Chroniques et histoire du Rock, chanson fran\u00e7aise, litt\u00e9rature, cin\u00e9ma et bande dessin\u00e9e.\",\"breadcrumb\":{\"@id\":\"https:\\\/\\\/culturesco.com\\\/index.php\\\/2021\\\/10\\\/15\\\/mendelson-le-dernier-album\\\/#breadcrumb\"},\"inLanguage\":\"fr-FR\",\"potentialAction\":[{\"@type\":\"ReadAction\",\"target\":[\"https:\\\/\\\/culturesco.com\\\/index.php\\\/2021\\\/10\\\/15\\\/mendelson-le-dernier-album\\\/\"]}]},{\"@type\":\"ImageObject\",\"inLanguage\":\"fr-FR\",\"@id\":\"https:\\\/\\\/culturesco.com\\\/index.php\\\/2021\\\/10\\\/15\\\/mendelson-le-dernier-album\\\/#primaryimage\",\"url\":\"https:\\\/\\\/i0.wp.com\\\/culturesco.com\\\/wp-content\\\/uploads\\\/2021\\\/10\\\/Mendelson.jpeg?fit=591%2C600&ssl=1\",\"contentUrl\":\"https:\\\/\\\/i0.wp.com\\\/culturesco.com\\\/wp-content\\\/uploads\\\/2021\\\/10\\\/Mendelson.jpeg?fit=591%2C600&ssl=1\",\"width\":591,\"height\":600,\"caption\":\"Mendelson - Le Dernier Album\"},{\"@type\":\"BreadcrumbList\",\"@id\":\"https:\\\/\\\/culturesco.com\\\/index.php\\\/2021\\\/10\\\/15\\\/mendelson-le-dernier-album\\\/#breadcrumb\",\"itemListElement\":[{\"@type\":\"ListItem\",\"position\":1,\"name\":\"Accueil\",\"item\":\"https:\\\/\\\/culturesco.com\\\/\"},{\"@type\":\"ListItem\",\"position\":2,\"name\":\"Mendelson &#8211; Le Dernier Album\"}]},{\"@type\":\"WebSite\",\"@id\":\"https:\\\/\\\/culturesco.com\\\/#website\",\"url\":\"https:\\\/\\\/culturesco.com\\\/\",\"name\":\"Culturesco\",\"description\":\"Culturesco | Un bon coup de pied dans ta Culture\",\"publisher\":{\"@id\":\"https:\\\/\\\/culturesco.com\\\/#organization\"},\"potentialAction\":[{\"@type\":\"SearchAction\",\"target\":{\"@type\":\"EntryPoint\",\"urlTemplate\":\"https:\\\/\\\/culturesco.com\\\/?s={search_term_string}\"},\"query-input\":{\"@type\":\"PropertyValueSpecification\",\"valueRequired\":true,\"valueName\":\"search_term_string\"}}],\"inLanguage\":\"fr-FR\"},{\"@type\":\"Organization\",\"@id\":\"https:\\\/\\\/culturesco.com\\\/#organization\",\"name\":\"CULTURESCO\",\"url\":\"https:\\\/\\\/culturesco.com\\\/\",\"logo\":{\"@type\":\"ImageObject\",\"inLanguage\":\"fr-FR\",\"@id\":\"https:\\\/\\\/culturesco.com\\\/#\\\/schema\\\/logo\\\/image\\\/\",\"url\":\"https:\\\/\\\/i0.wp.com\\\/culturesco.com\\\/wp-content\\\/uploads\\\/2022\\\/04\\\/culturesco-logo-blanc250p.png?fit=250%2C250&ssl=1\",\"contentUrl\":\"https:\\\/\\\/i0.wp.com\\\/culturesco.com\\\/wp-content\\\/uploads\\\/2022\\\/04\\\/culturesco-logo-blanc250p.png?fit=250%2C250&ssl=1\",\"width\":250,\"height\":250,\"caption\":\"CULTURESCO\"},\"image\":{\"@id\":\"https:\\\/\\\/culturesco.com\\\/#\\\/schema\\\/logo\\\/image\\\/\"},\"sameAs\":[\"https:\\\/\\\/www.facebook.com\\\/radioculturesco\",\"https:\\\/\\\/x.com\\\/AugusteMarshal\",\"https:\\\/\\\/www.instagram.com\\\/carotte_rock_culture\\\/\",\"https:\\\/\\\/www.pinterest.fr\\\/augustemarshal\\\/\",\"https:\\\/\\\/www.youtube.com\\\/channel\\\/UCiWLGffqWSXlNnfzp6YwwyQ\"]},{\"@type\":\"Person\",\"@id\":\"https:\\\/\\\/culturesco.com\\\/#\\\/schema\\\/person\\\/c2ddd6724863f3bbd20a8278df0891f3\",\"name\":\"Patrick Benard\",\"image\":{\"@type\":\"ImageObject\",\"inLanguage\":\"fr-FR\",\"@id\":\"https:\\\/\\\/i0.wp.com\\\/culturesco.com\\\/wp-content\\\/uploads\\\/2019\\\/02\\\/patrick-benard-2.jpg?fit=90%2C96&ssl=1\",\"url\":\"https:\\\/\\\/i0.wp.com\\\/culturesco.com\\\/wp-content\\\/uploads\\\/2019\\\/02\\\/patrick-benard-2.jpg?fit=90%2C96&ssl=1\",\"contentUrl\":\"https:\\\/\\\/i0.wp.com\\\/culturesco.com\\\/wp-content\\\/uploads\\\/2019\\\/02\\\/patrick-benard-2.jpg?fit=90%2C96&ssl=1\",\"caption\":\"Patrick Benard\"},\"description\":\"Ecrivain, chroniqueur, animateur radio, cr\u00e9ateur de la revue \u00ab Cin\u00e9manie \u00bb, autour du cin\u00e9ma dit d\u2019art et d\u2019essai, sp\u00e9cialiste du groupe The Cure, archiviste... 2020 : \\\"Le Post Rock\\\" essai sur le post rock de Mogwa\u00ef \u00e0 Godspeed You Black Emperor - Camion Blanc 2014 : \u00ab On the rocks \u2013le rock de 2007 \u00e0 2014 \u00bb chroniques livres et cd rocks, interviews \u2013Editions Vaillant 2010 : \u00ab Dans la T\u00eate de Robert Smith \u00bb, roman fiction autour de l\u2019histoire des Cure et de Robert Smith \u2013 Edilivres 2007 : \u00ab Chroniques Fr\u00e9n\u00e9tiques, une histoire intime du rock \u00bb, roman, prix Technikart. 2001 : \u00ab Les Iles du D\u00e9sert \u00bb, polar autour du rock \u2013 Editions Nykta\",\"url\":\"https:\\\/\\\/culturesco.com\\\/index.php\\\/author\\\/patrick-benard89\\\/\"}]}<\/script>\n<!-- \/ Yoast SEO plugin. -->","yoast_head_json":{"title":"Mendelson - Le Dernier Album - Culturesco","description":"CulturesCo | Un bon coup de pied dans ta Culture | Chroniques et histoire du Rock, chanson fran\u00e7aise, litt\u00e9rature, cin\u00e9ma et bande dessin\u00e9e.","robots":{"index":"index","follow":"follow","max-snippet":"max-snippet:-1","max-image-preview":"max-image-preview:large","max-video-preview":"max-video-preview:-1"},"canonical":"https:\/\/culturesco.com\/index.php\/2021\/10\/15\/mendelson-le-dernier-album\/","og_locale":"fr_FR","og_type":"article","og_title":"Mendelson - Le Dernier Album - Culturesco","og_description":"CulturesCo | Un bon coup de pied dans ta Culture | Chroniques et histoire du Rock, chanson fran\u00e7aise, litt\u00e9rature, cin\u00e9ma et bande dessin\u00e9e.","og_url":"https:\/\/culturesco.com\/index.php\/2021\/10\/15\/mendelson-le-dernier-album\/","og_site_name":"Culturesco","article_publisher":"https:\/\/www.facebook.com\/radioculturesco","article_published_time":"2021-10-15T01:11:49+00:00","article_modified_time":"2021-10-18T00:15:28+00:00","og_image":[{"width":591,"height":600,"url":"https:\/\/i2.wp.com\/culturesco.com\/wp-content\/uploads\/2021\/10\/Mendelson.jpeg?fit=591%2C600&ssl=1","type":"image\/jpeg"}],"author":"Patrick Benard","twitter_card":"summary_large_image","twitter_creator":"@AugusteMarshal","twitter_site":"@AugusteMarshal","twitter_misc":{"\u00c9crit par":"Patrick Benard","Dur\u00e9e de lecture estim\u00e9e":"3 minutes"},"schema":{"@context":"https:\/\/schema.org","@graph":[{"@type":"Article","@id":"https:\/\/culturesco.com\/index.php\/2021\/10\/15\/mendelson-le-dernier-album\/#article","isPartOf":{"@id":"https:\/\/culturesco.com\/index.php\/2021\/10\/15\/mendelson-le-dernier-album\/"},"author":{"name":"Patrick Benard","@id":"https:\/\/culturesco.com\/#\/schema\/person\/c2ddd6724863f3bbd20a8278df0891f3"},"headline":"Mendelson &#8211; Le Dernier Album","datePublished":"2021-10-15T01:11:49+00:00","dateModified":"2021-10-18T00:15:28+00:00","mainEntityOfPage":{"@id":"https:\/\/culturesco.com\/index.php\/2021\/10\/15\/mendelson-le-dernier-album\/"},"wordCount":482,"commentCount":0,"publisher":{"@id":"https:\/\/culturesco.com\/#organization"},"image":{"@id":"https:\/\/culturesco.com\/index.php\/2021\/10\/15\/mendelson-le-dernier-album\/#primaryimage"},"thumbnailUrl":"https:\/\/i0.wp.com\/culturesco.com\/wp-content\/uploads\/2021\/10\/Mendelson.jpeg?fit=591%2C600&ssl=1","keywords":["album rock","Albums essentiels","chanson fran\u00e7aise","groupe rock actuel","Personnalit\u00e9 Rock"],"articleSection":["Albums rock","Carotte Rock Cultures","Groupes rock d'aujourd'hui","Radio"],"inLanguage":"fr-FR","potentialAction":[{"@type":"CommentAction","name":"Comment","target":["https:\/\/culturesco.com\/index.php\/2021\/10\/15\/mendelson-le-dernier-album\/#respond"]}]},{"@type":"WebPage","@id":"https:\/\/culturesco.com\/index.php\/2021\/10\/15\/mendelson-le-dernier-album\/","url":"https:\/\/culturesco.com\/index.php\/2021\/10\/15\/mendelson-le-dernier-album\/","name":"Mendelson - Le Dernier Album - Culturesco","isPartOf":{"@id":"https:\/\/culturesco.com\/#website"},"primaryImageOfPage":{"@id":"https:\/\/culturesco.com\/index.php\/2021\/10\/15\/mendelson-le-dernier-album\/#primaryimage"},"image":{"@id":"https:\/\/culturesco.com\/index.php\/2021\/10\/15\/mendelson-le-dernier-album\/#primaryimage"},"thumbnailUrl":"https:\/\/i0.wp.com\/culturesco.com\/wp-content\/uploads\/2021\/10\/Mendelson.jpeg?fit=591%2C600&ssl=1","datePublished":"2021-10-15T01:11:49+00:00","dateModified":"2021-10-18T00:15:28+00:00","description":"CulturesCo | Un bon coup de pied dans ta Culture | Chroniques et histoire du Rock, chanson fran\u00e7aise, litt\u00e9rature, cin\u00e9ma et bande dessin\u00e9e.","breadcrumb":{"@id":"https:\/\/culturesco.com\/index.php\/2021\/10\/15\/mendelson-le-dernier-album\/#breadcrumb"},"inLanguage":"fr-FR","potentialAction":[{"@type":"ReadAction","target":["https:\/\/culturesco.com\/index.php\/2021\/10\/15\/mendelson-le-dernier-album\/"]}]},{"@type":"ImageObject","inLanguage":"fr-FR","@id":"https:\/\/culturesco.com\/index.php\/2021\/10\/15\/mendelson-le-dernier-album\/#primaryimage","url":"https:\/\/i0.wp.com\/culturesco.com\/wp-content\/uploads\/2021\/10\/Mendelson.jpeg?fit=591%2C600&ssl=1","contentUrl":"https:\/\/i0.wp.com\/culturesco.com\/wp-content\/uploads\/2021\/10\/Mendelson.jpeg?fit=591%2C600&ssl=1","width":591,"height":600,"caption":"Mendelson - Le Dernier Album"},{"@type":"BreadcrumbList","@id":"https:\/\/culturesco.com\/index.php\/2021\/10\/15\/mendelson-le-dernier-album\/#breadcrumb","itemListElement":[{"@type":"ListItem","position":1,"name":"Accueil","item":"https:\/\/culturesco.com\/"},{"@type":"ListItem","position":2,"name":"Mendelson &#8211; Le Dernier Album"}]},{"@type":"WebSite","@id":"https:\/\/culturesco.com\/#website","url":"https:\/\/culturesco.com\/","name":"Culturesco","description":"Culturesco | Un bon coup de pied dans ta Culture","publisher":{"@id":"https:\/\/culturesco.com\/#organization"},"potentialAction":[{"@type":"SearchAction","target":{"@type":"EntryPoint","urlTemplate":"https:\/\/culturesco.com\/?s={search_term_string}"},"query-input":{"@type":"PropertyValueSpecification","valueRequired":true,"valueName":"search_term_string"}}],"inLanguage":"fr-FR"},{"@type":"Organization","@id":"https:\/\/culturesco.com\/#organization","name":"CULTURESCO","url":"https:\/\/culturesco.com\/","logo":{"@type":"ImageObject","inLanguage":"fr-FR","@id":"https:\/\/culturesco.com\/#\/schema\/logo\/image\/","url":"https:\/\/i0.wp.com\/culturesco.com\/wp-content\/uploads\/2022\/04\/culturesco-logo-blanc250p.png?fit=250%2C250&ssl=1","contentUrl":"https:\/\/i0.wp.com\/culturesco.com\/wp-content\/uploads\/2022\/04\/culturesco-logo-blanc250p.png?fit=250%2C250&ssl=1","width":250,"height":250,"caption":"CULTURESCO"},"image":{"@id":"https:\/\/culturesco.com\/#\/schema\/logo\/image\/"},"sameAs":["https:\/\/www.facebook.com\/radioculturesco","https:\/\/x.com\/AugusteMarshal","https:\/\/www.instagram.com\/carotte_rock_culture\/","https:\/\/www.pinterest.fr\/augustemarshal\/","https:\/\/www.youtube.com\/channel\/UCiWLGffqWSXlNnfzp6YwwyQ"]},{"@type":"Person","@id":"https:\/\/culturesco.com\/#\/schema\/person\/c2ddd6724863f3bbd20a8278df0891f3","name":"Patrick Benard","image":{"@type":"ImageObject","inLanguage":"fr-FR","@id":"https:\/\/i0.wp.com\/culturesco.com\/wp-content\/uploads\/2019\/02\/patrick-benard-2.jpg?fit=90%2C96&ssl=1","url":"https:\/\/i0.wp.com\/culturesco.com\/wp-content\/uploads\/2019\/02\/patrick-benard-2.jpg?fit=90%2C96&ssl=1","contentUrl":"https:\/\/i0.wp.com\/culturesco.com\/wp-content\/uploads\/2019\/02\/patrick-benard-2.jpg?fit=90%2C96&ssl=1","caption":"Patrick Benard"},"description":"Ecrivain, chroniqueur, animateur radio, cr\u00e9ateur de la revue \u00ab Cin\u00e9manie \u00bb, autour du cin\u00e9ma dit d\u2019art et d\u2019essai, sp\u00e9cialiste du groupe The Cure, archiviste... 2020 : \"Le Post Rock\" essai sur le post rock de Mogwa\u00ef \u00e0 Godspeed You Black Emperor - Camion Blanc 2014 : \u00ab On the rocks \u2013le rock de 2007 \u00e0 2014 \u00bb chroniques livres et cd rocks, interviews \u2013Editions Vaillant 2010 : \u00ab Dans la T\u00eate de Robert Smith \u00bb, roman fiction autour de l\u2019histoire des Cure et de Robert Smith \u2013 Edilivres 2007 : \u00ab Chroniques Fr\u00e9n\u00e9tiques, une histoire intime du rock \u00bb, roman, prix Technikart. 2001 : \u00ab Les Iles du D\u00e9sert \u00bb, polar autour du rock \u2013 Editions Nykta","url":"https:\/\/culturesco.com\/index.php\/author\/patrick-benard89\/"}]}},"jetpack_featured_media_url":"https:\/\/i0.wp.com\/culturesco.com\/wp-content\/uploads\/2021\/10\/Mendelson.jpeg?fit=591%2C600&ssl=1","jetpack_likes_enabled":true,"jetpack_sharing_enabled":true,"jetpack_shortlink":"https:\/\/wp.me\/paz89I-3UQ","_links":{"self":[{"href":"https:\/\/culturesco.com\/index.php\/wp-json\/wp\/v2\/posts\/15056","targetHints":{"allow":["GET"]}}],"collection":[{"href":"https:\/\/culturesco.com\/index.php\/wp-json\/wp\/v2\/posts"}],"about":[{"href":"https:\/\/culturesco.com\/index.php\/wp-json\/wp\/v2\/types\/post"}],"author":[{"embeddable":true,"href":"https:\/\/culturesco.com\/index.php\/wp-json\/wp\/v2\/users\/4"}],"replies":[{"embeddable":true,"href":"https:\/\/culturesco.com\/index.php\/wp-json\/wp\/v2\/comments?post=15056"}],"version-history":[{"count":0,"href":"https:\/\/culturesco.com\/index.php\/wp-json\/wp\/v2\/posts\/15056\/revisions"}],"wp:featuredmedia":[{"embeddable":true,"href":"https:\/\/culturesco.com\/index.php\/wp-json\/wp\/v2\/media\/15057"}],"wp:attachment":[{"href":"https:\/\/culturesco.com\/index.php\/wp-json\/wp\/v2\/media?parent=15056"}],"wp:term":[{"taxonomy":"category","embeddable":true,"href":"https:\/\/culturesco.com\/index.php\/wp-json\/wp\/v2\/categories?post=15056"},{"taxonomy":"post_tag","embeddable":true,"href":"https:\/\/culturesco.com\/index.php\/wp-json\/wp\/v2\/tags?post=15056"}],"curies":[{"name":"wp","href":"https:\/\/api.w.org\/{rel}","templated":true}]}}