{"id":15022,"date":"2021-10-13T01:37:25","date_gmt":"2021-10-12T23:37:25","guid":{"rendered":"https:\/\/culturesco.com\/?p=15022"},"modified":"2021-10-13T08:41:25","modified_gmt":"2021-10-13T06:41:25","slug":"la-france-est-toujours-rock-vol-3-de-pascal-pacaly","status":"publish","type":"post","link":"https:\/\/culturesco.com\/index.php\/2021\/10\/13\/la-france-est-toujours-rock-vol-3-de-pascal-pacaly\/","title":{"rendered":"La France est (toujours) Rock !! (vol. 3) de Pascal Pacaly"},"content":{"rendered":"<h2 style=\"text-align: justify;\">Le Rock Fran\u00e7ais Avant Tout<\/h2>\n<figure id=\"attachment_15026\" aria-describedby=\"caption-attachment-15026\" style=\"width: 292px\" class=\"wp-caption aligncenter\"><img data-recalc-dims=\"1\" loading=\"lazy\" decoding=\"async\" class=\" wp-image-15026\" src=\"https:\/\/i0.wp.com\/culturesco.com\/wp-content\/uploads\/2021\/10\/Pascal-Pacaly-1.jpeg?resize=292%2C425&#038;ssl=1\" alt=\"La France est (toujours) rock\" width=\"292\" height=\"425\" srcset=\"https:\/\/i0.wp.com\/culturesco.com\/wp-content\/uploads\/2021\/10\/Pascal-Pacaly-1.jpeg?resize=206%2C300&amp;ssl=1 206w, https:\/\/i0.wp.com\/culturesco.com\/wp-content\/uploads\/2021\/10\/Pascal-Pacaly-1.jpeg?resize=431%2C627&amp;ssl=1 431w, https:\/\/i0.wp.com\/culturesco.com\/wp-content\/uploads\/2021\/10\/Pascal-Pacaly-1.jpeg?resize=768%2C1116&amp;ssl=1 768w, https:\/\/i0.wp.com\/culturesco.com\/wp-content\/uploads\/2021\/10\/Pascal-Pacaly-1.jpeg?resize=1057%2C1536&amp;ssl=1 1057w, https:\/\/i0.wp.com\/culturesco.com\/wp-content\/uploads\/2021\/10\/Pascal-Pacaly-1.jpeg?resize=1409%2C2048&amp;ssl=1 1409w, https:\/\/i0.wp.com\/culturesco.com\/wp-content\/uploads\/2021\/10\/Pascal-Pacaly-1.jpeg?resize=696%2C1012&amp;ssl=1 696w, https:\/\/i0.wp.com\/culturesco.com\/wp-content\/uploads\/2021\/10\/Pascal-Pacaly-1.jpeg?resize=1068%2C1552&amp;ssl=1 1068w, https:\/\/i0.wp.com\/culturesco.com\/wp-content\/uploads\/2021\/10\/Pascal-Pacaly-1.jpeg?resize=289%2C420&amp;ssl=1 289w, https:\/\/i0.wp.com\/culturesco.com\/wp-content\/uploads\/2021\/10\/Pascal-Pacaly-1.jpeg?resize=600%2C872&amp;ssl=1 600w, https:\/\/i0.wp.com\/culturesco.com\/wp-content\/uploads\/2021\/10\/Pascal-Pacaly-1.jpeg?w=413&amp;ssl=1 413w\" sizes=\"auto, (max-width: 292px) 100vw, 292px\" \/><figcaption id=\"caption-attachment-15026\" class=\"wp-caption-text\">La France est (toujours) rock de Pascal Pacaly<\/figcaption><\/figure>\n<h3 style=\"text-align: justify;\">Une Fa\u00e7on De Vivre Le Rock<\/h3>\n<p style=\"text-align: justify;\">Pour commencer il faut dire un grand merci et un grand respect pour ce que <strong>Pascal Pacaly<\/strong> apporte au rock fran\u00e7ais, dans l&rsquo;ombre mais pas tout-\u00e0-fait lentement mais s\u00fbrement. Et, bon sang, c\u2019est pas une mince affaire.<\/p>\n<h3 style=\"text-align: justify;\"><em>Bob&rsquo;s Not Dead &#8211; D\u00e9lit De Sale Gueule (Clip)<\/em><\/h3>\n<div class=\"youtube-embed\" data-video_id=\"2RecKtZZ-S8\"><iframe loading=\"lazy\" title=\"D\u00e9lit de sale gueule - Album &quot;j&#039;y pense&quot; (2016)\" width=\"696\" height=\"392\" src=\"https:\/\/www.youtube.com\/embed\/2RecKtZZ-S8\" frameborder=\"0\" allow=\"accelerometer; autoplay; clipboard-write; encrypted-media; gyroscope; picture-in-picture; web-share\" referrerpolicy=\"strict-origin-when-cross-origin\" allowfullscreen><\/iframe><\/div>\n<p style=\"text-align: justify;\"><strong>Ce n\u2019est pas le genre \u00e0 chercher les groupes qui montent, appuy\u00e9s d\u2019office par des majors, mais plut\u00f4t \u00e0 s\u2019encanailler du c\u00f4t\u00e9 des groupes qui, \u00e0 d\u00e9faut de gal\u00e9rer, ont du mal \u00e0 se faire conna\u00eetre, tout en \u00e9tant adopt\u00e9 par le public rock<\/strong>. Celui qui se lance pour d\u00e9couvrir, qui devient adepte d\u2019un style, de vie ou d\u2019envie.<\/p>\n<p style=\"text-align: justify;\"><strong>Avec son troisi\u00e8me volume, paru en avril<\/strong>, oui, d\u00e9sol\u00e9, le retard est pris, la faute \u00e0 qui\u00a0?&#8230; (On va mettre \u00e7a sur le dos du Covid, \u00e7a aide), <strong>Pascal<\/strong> continue ses rencontres au plus pr\u00e8s avec des groupes \u00e0 d\u00e9couvrir pour la plupart. Quelques exemples en toute impartialit\u00e9\u00a0: <strong>Bob\u2019s Not Dead<\/strong>, <a href=\"https:\/\/www.youtube.com\/watch?v=EHobbFP9gn8\" target=\"_blank\" rel=\"noopener\"><strong>Los Tres Puntos<\/strong><\/a>, <a href=\"https:\/\/www.youtube.com\/watch?v=6SKBU3pA3SM\" target=\"_blank\" rel=\"noopener\"><strong>Opium du Peuple<\/strong><\/a>. En \u00e9quilibre, on trouve aussi\u00a0: <strong>22 Longs Riffs<\/strong>, <a href=\"https:\/\/www.youtube.com\/watch?v=cwx-OGgNLEk\" target=\"_blank\" rel=\"noopener\"><strong>Debout Sur Le Zinc<\/strong><\/a>, <strong>Magma<\/strong>, <strong>Tagada Jones<\/strong>,<a href=\"https:\/\/www.youtube.com\/watch?v=np03rT39aas\" target=\"_blank\" rel=\"noopener\"><strong> Washington Dead Cats<\/strong>.<\/a><\/p>\n<p style=\"text-align: justify;\">Ok, on n\u2019est pas chez <strong>RTL2<\/strong>, ni m\u00eame chez <strong>Radio Perfecto<\/strong>. Et c\u2019est \u00e7a qui est bon et touchant.<\/p>\n<h3 style=\"text-align: justify;\"><em>22 Longs Riffs &#8211; D\u00e9sob\u00e9issance (Live 2017)<\/em><\/h3>\n<div class=\"youtube-embed\" data-video_id=\"Fk7M7KB0HVY\"><iframe loading=\"lazy\" title=\"22 Longs Riffs - D\u00e9sob\u00e9issance\" width=\"696\" height=\"392\" src=\"https:\/\/www.youtube.com\/embed\/Fk7M7KB0HVY\" frameborder=\"0\" allow=\"accelerometer; autoplay; clipboard-write; encrypted-media; gyroscope; picture-in-picture; web-share\" referrerpolicy=\"strict-origin-when-cross-origin\" allowfullscreen><\/iframe><\/div>\n<p style=\"text-align: justify;\"><strong>Pascal Pacaly<\/strong> a acquis, en prime, <strong>une \u00e9criture rock<\/strong>. Il n\u2019h\u00e9site pas \u00e0 tutoyer le lecteur et l\u2019emm\u00e8ne dans l\u2019univers du groupe dont il parle et qui est sans doute sien aussi parce qu\u2019il se sent proche de toutes ces aventures. Il les vit \u00e0 sa fa\u00e7on, en <strong>cr\u00e9ant sa propre maison d\u2019\u00e9ditions<\/strong>, se baladant au gr\u00e9 des festivals (bonjour la frustration depuis la pand\u00e9mie de merde) parce qu\u2019il faut gagner sa vie aussi. <strong>C\u2019est \u00e7a fa\u00e7on \u00e0 lui de vivre le rock et elle est parfaitement respectable<\/strong>.<\/p>\n<h3 style=\"text-align: justify;\"><em>Tagada Jones &#8211; Mort Aux Cons (Live at Hellfest 2017)<\/em><\/h3>\n<div class=\"youtube-embed\" data-video_id=\"1g8xLoH2dpw\"><iframe loading=\"lazy\" title=\"Tagada Jones &quot;Mort aux cons&quot; Live At Hellfest\" width=\"696\" height=\"392\" src=\"https:\/\/www.youtube.com\/embed\/1g8xLoH2dpw\" frameborder=\"0\" allow=\"accelerometer; autoplay; clipboard-write; encrypted-media; gyroscope; picture-in-picture; web-share\" referrerpolicy=\"strict-origin-when-cross-origin\" allowfullscreen><\/iframe><\/div>\n<p style=\"text-align: justify;\"><strong>Pascal Pacaly &#8211; <\/strong><strong>La France est (toujours) Rock\u00a0!! (vol. 3)<\/strong><\/p>\n<p style=\"text-align: justify;\">Les Editions du Joyeux Pendu \u2013 282 pages \u2013 19\u20ac<\/p>\n<p style=\"text-align: justify;\"><strong>Patrick B\u00e9nard<\/strong><\/p>\n","protected":false},"excerpt":{"rendered":"<p>Le Rock Fran\u00e7ais Avant Tout Une Fa\u00e7on De Vivre Le Rock Pour commencer il faut dire un grand merci et un grand respect pour ce que Pascal Pacaly apporte au rock fran\u00e7ais, dans l&rsquo;ombre mais pas tout-\u00e0-fait lentement mais s\u00fbrement. Et, bon sang, c\u2019est pas une mince affaire. Bob&rsquo;s Not Dead &#8211; D\u00e9lit De Sale [&hellip;]<\/p>\n","protected":false},"author":4,"featured_media":15031,"comment_status":"open","ping_status":"open","sticky":false,"template":"","format":"image","meta":{"jetpack_post_was_ever_published":false,"tdm_status":"","tdm_grid_status":"","_jetpack_newsletter_access":"","_jetpack_dont_email_post_to_subs":false,"_jetpack_newsletter_tier_id":0,"_jetpack_memberships_contains_paywalled_content":false,"_jetpack_memberships_contains_paid_content":false,"footnotes":""},"categories":[27,66,11066],"tags":[58,14134,20,51],"class_list":{"0":"post-15022","1":"post","2":"type-post","3":"status-publish","4":"format-image","5":"has-post-thumbnail","7":"category-litterature","8":"category-livre-rock","9":"category-short-stories","10":"tag-histoire-du-rock","11":"tag-indispensable","12":"tag-livre-rock","13":"tag-rock-francais","14":"post_format-post-format-image"},"yoast_head":"<!-- This site is optimized with the Yoast SEO plugin v27.5 - https:\/\/yoast.com\/product\/yoast-seo-wordpress\/ -->\n<title>La France est (toujours) Rock !! (vol. 3) de Pascal Pacaly - Culturesco<\/title>\n<meta name=\"description\" content=\"CulturesCo | La France est (toujours) Rock, Vol 3, de Pascal Pacadis, permet une nouvelle fois de d\u00e9couvrir le rock alternatif fran\u00e7ais\" \/>\n<meta name=\"robots\" content=\"index, follow, max-snippet:-1, max-image-preview:large, max-video-preview:-1\" \/>\n<link rel=\"canonical\" href=\"https:\/\/culturesco.com\/index.php\/2021\/10\/13\/la-france-est-toujours-rock-vol-3-de-pascal-pacaly\/\" \/>\n<meta property=\"og:locale\" content=\"fr_FR\" \/>\n<meta property=\"og:type\" content=\"article\" \/>\n<meta property=\"og:title\" content=\"La France est (toujours) Rock !! (vol. 3) de Pascal Pacaly - Culturesco\" \/>\n<meta property=\"og:description\" content=\"CulturesCo | La France est (toujours) Rock, Vol 3, de Pascal Pacadis, permet une nouvelle fois de d\u00e9couvrir le rock alternatif fran\u00e7ais\" \/>\n<meta property=\"og:url\" content=\"https:\/\/culturesco.com\/index.php\/2021\/10\/13\/la-france-est-toujours-rock-vol-3-de-pascal-pacaly\/\" \/>\n<meta property=\"og:site_name\" content=\"Culturesco\" \/>\n<meta property=\"article:publisher\" content=\"https:\/\/www.facebook.com\/radioculturesco\" \/>\n<meta property=\"article:published_time\" content=\"2021-10-12T23:37:25+00:00\" \/>\n<meta property=\"article:modified_time\" content=\"2021-10-13T06:41:25+00:00\" \/>\n<meta property=\"og:image\" content=\"https:\/\/i0.wp.com\/culturesco.com\/wp-content\/uploads\/2021\/10\/1200x680_pas_2.jpg?fit=600%2C340&ssl=1\" \/>\n\t<meta property=\"og:image:width\" content=\"600\" \/>\n\t<meta property=\"og:image:height\" content=\"340\" \/>\n\t<meta property=\"og:image:type\" content=\"image\/jpeg\" \/>\n<meta name=\"author\" content=\"Patrick Benard\" \/>\n<meta name=\"twitter:card\" content=\"summary_large_image\" \/>\n<meta name=\"twitter:creator\" content=\"@AugusteMarshal\" \/>\n<meta name=\"twitter:site\" content=\"@AugusteMarshal\" \/>\n<meta name=\"twitter:label1\" content=\"\u00c9crit par\" \/>\n\t<meta name=\"twitter:data1\" content=\"Patrick Benard\" \/>\n\t<meta name=\"twitter:label2\" content=\"Dur\u00e9e de lecture estim\u00e9e\" \/>\n\t<meta name=\"twitter:data2\" content=\"2 minutes\" \/>\n<script type=\"application\/ld+json\" class=\"yoast-schema-graph\">{\"@context\":\"https:\\\/\\\/schema.org\",\"@graph\":[{\"@type\":\"Article\",\"@id\":\"https:\\\/\\\/culturesco.com\\\/index.php\\\/2021\\\/10\\\/13\\\/la-france-est-toujours-rock-vol-3-de-pascal-pacaly\\\/#article\",\"isPartOf\":{\"@id\":\"https:\\\/\\\/culturesco.com\\\/index.php\\\/2021\\\/10\\\/13\\\/la-france-est-toujours-rock-vol-3-de-pascal-pacaly\\\/\"},\"author\":{\"name\":\"Patrick Benard\",\"@id\":\"https:\\\/\\\/culturesco.com\\\/#\\\/schema\\\/person\\\/c2ddd6724863f3bbd20a8278df0891f3\"},\"headline\":\"La France est (toujours) Rock !! (vol. 3) de Pascal Pacaly\",\"datePublished\":\"2021-10-12T23:37:25+00:00\",\"dateModified\":\"2021-10-13T06:41:25+00:00\",\"mainEntityOfPage\":{\"@id\":\"https:\\\/\\\/culturesco.com\\\/index.php\\\/2021\\\/10\\\/13\\\/la-france-est-toujours-rock-vol-3-de-pascal-pacaly\\\/\"},\"wordCount\":414,\"commentCount\":0,\"publisher\":{\"@id\":\"https:\\\/\\\/culturesco.com\\\/#organization\"},\"image\":{\"@id\":\"https:\\\/\\\/culturesco.com\\\/index.php\\\/2021\\\/10\\\/13\\\/la-france-est-toujours-rock-vol-3-de-pascal-pacaly\\\/#primaryimage\"},\"thumbnailUrl\":\"https:\\\/\\\/i0.wp.com\\\/culturesco.com\\\/wp-content\\\/uploads\\\/2021\\\/10\\\/1200x680_pas_2.jpg?fit=600%2C340&ssl=1\",\"keywords\":[\"histoire du rock\",\"indispensable\",\"Livre Rock\",\"Rock fran\u00e7ais\"],\"articleSection\":[\"Litt\u00e9rature\",\"Livre Rock\",\"Short Stories\"],\"inLanguage\":\"fr-FR\",\"potentialAction\":[{\"@type\":\"CommentAction\",\"name\":\"Comment\",\"target\":[\"https:\\\/\\\/culturesco.com\\\/index.php\\\/2021\\\/10\\\/13\\\/la-france-est-toujours-rock-vol-3-de-pascal-pacaly\\\/#respond\"]}]},{\"@type\":\"WebPage\",\"@id\":\"https:\\\/\\\/culturesco.com\\\/index.php\\\/2021\\\/10\\\/13\\\/la-france-est-toujours-rock-vol-3-de-pascal-pacaly\\\/\",\"url\":\"https:\\\/\\\/culturesco.com\\\/index.php\\\/2021\\\/10\\\/13\\\/la-france-est-toujours-rock-vol-3-de-pascal-pacaly\\\/\",\"name\":\"La France est (toujours) Rock !! (vol. 3) de Pascal Pacaly - Culturesco\",\"isPartOf\":{\"@id\":\"https:\\\/\\\/culturesco.com\\\/#website\"},\"primaryImageOfPage\":{\"@id\":\"https:\\\/\\\/culturesco.com\\\/index.php\\\/2021\\\/10\\\/13\\\/la-france-est-toujours-rock-vol-3-de-pascal-pacaly\\\/#primaryimage\"},\"image\":{\"@id\":\"https:\\\/\\\/culturesco.com\\\/index.php\\\/2021\\\/10\\\/13\\\/la-france-est-toujours-rock-vol-3-de-pascal-pacaly\\\/#primaryimage\"},\"thumbnailUrl\":\"https:\\\/\\\/i0.wp.com\\\/culturesco.com\\\/wp-content\\\/uploads\\\/2021\\\/10\\\/1200x680_pas_2.jpg?fit=600%2C340&ssl=1\",\"datePublished\":\"2021-10-12T23:37:25+00:00\",\"dateModified\":\"2021-10-13T06:41:25+00:00\",\"description\":\"CulturesCo | La France est (toujours) Rock, Vol 3, de Pascal Pacadis, permet une nouvelle fois de d\u00e9couvrir le rock alternatif fran\u00e7ais\",\"breadcrumb\":{\"@id\":\"https:\\\/\\\/culturesco.com\\\/index.php\\\/2021\\\/10\\\/13\\\/la-france-est-toujours-rock-vol-3-de-pascal-pacaly\\\/#breadcrumb\"},\"inLanguage\":\"fr-FR\",\"potentialAction\":[{\"@type\":\"ReadAction\",\"target\":[\"https:\\\/\\\/culturesco.com\\\/index.php\\\/2021\\\/10\\\/13\\\/la-france-est-toujours-rock-vol-3-de-pascal-pacaly\\\/\"]}]},{\"@type\":\"ImageObject\",\"inLanguage\":\"fr-FR\",\"@id\":\"https:\\\/\\\/culturesco.com\\\/index.php\\\/2021\\\/10\\\/13\\\/la-france-est-toujours-rock-vol-3-de-pascal-pacaly\\\/#primaryimage\",\"url\":\"https:\\\/\\\/i0.wp.com\\\/culturesco.com\\\/wp-content\\\/uploads\\\/2021\\\/10\\\/1200x680_pas_2.jpg?fit=600%2C340&ssl=1\",\"contentUrl\":\"https:\\\/\\\/i0.wp.com\\\/culturesco.com\\\/wp-content\\\/uploads\\\/2021\\\/10\\\/1200x680_pas_2.jpg?fit=600%2C340&ssl=1\",\"width\":600,\"height\":340,\"caption\":\"Pascal Pacadis\"},{\"@type\":\"BreadcrumbList\",\"@id\":\"https:\\\/\\\/culturesco.com\\\/index.php\\\/2021\\\/10\\\/13\\\/la-france-est-toujours-rock-vol-3-de-pascal-pacaly\\\/#breadcrumb\",\"itemListElement\":[{\"@type\":\"ListItem\",\"position\":1,\"name\":\"Accueil\",\"item\":\"https:\\\/\\\/culturesco.com\\\/\"},{\"@type\":\"ListItem\",\"position\":2,\"name\":\"La France est (toujours) Rock !! (vol. 3) de Pascal Pacaly\"}]},{\"@type\":\"WebSite\",\"@id\":\"https:\\\/\\\/culturesco.com\\\/#website\",\"url\":\"https:\\\/\\\/culturesco.com\\\/\",\"name\":\"Culturesco\",\"description\":\"Culturesco | Un bon coup de pied dans ta Culture\",\"publisher\":{\"@id\":\"https:\\\/\\\/culturesco.com\\\/#organization\"},\"potentialAction\":[{\"@type\":\"SearchAction\",\"target\":{\"@type\":\"EntryPoint\",\"urlTemplate\":\"https:\\\/\\\/culturesco.com\\\/?s={search_term_string}\"},\"query-input\":{\"@type\":\"PropertyValueSpecification\",\"valueRequired\":true,\"valueName\":\"search_term_string\"}}],\"inLanguage\":\"fr-FR\"},{\"@type\":\"Organization\",\"@id\":\"https:\\\/\\\/culturesco.com\\\/#organization\",\"name\":\"CULTURESCO\",\"url\":\"https:\\\/\\\/culturesco.com\\\/\",\"logo\":{\"@type\":\"ImageObject\",\"inLanguage\":\"fr-FR\",\"@id\":\"https:\\\/\\\/culturesco.com\\\/#\\\/schema\\\/logo\\\/image\\\/\",\"url\":\"https:\\\/\\\/i0.wp.com\\\/culturesco.com\\\/wp-content\\\/uploads\\\/2022\\\/04\\\/culturesco-logo-blanc250p.png?fit=250%2C250&ssl=1\",\"contentUrl\":\"https:\\\/\\\/i0.wp.com\\\/culturesco.com\\\/wp-content\\\/uploads\\\/2022\\\/04\\\/culturesco-logo-blanc250p.png?fit=250%2C250&ssl=1\",\"width\":250,\"height\":250,\"caption\":\"CULTURESCO\"},\"image\":{\"@id\":\"https:\\\/\\\/culturesco.com\\\/#\\\/schema\\\/logo\\\/image\\\/\"},\"sameAs\":[\"https:\\\/\\\/www.facebook.com\\\/radioculturesco\",\"https:\\\/\\\/x.com\\\/AugusteMarshal\",\"https:\\\/\\\/www.instagram.com\\\/carotte_rock_culture\\\/\",\"https:\\\/\\\/www.pinterest.fr\\\/augustemarshal\\\/\",\"https:\\\/\\\/www.youtube.com\\\/channel\\\/UCiWLGffqWSXlNnfzp6YwwyQ\"]},{\"@type\":\"Person\",\"@id\":\"https:\\\/\\\/culturesco.com\\\/#\\\/schema\\\/person\\\/c2ddd6724863f3bbd20a8278df0891f3\",\"name\":\"Patrick Benard\",\"image\":{\"@type\":\"ImageObject\",\"inLanguage\":\"fr-FR\",\"@id\":\"https:\\\/\\\/i0.wp.com\\\/culturesco.com\\\/wp-content\\\/uploads\\\/2019\\\/02\\\/patrick-benard-2.jpg?fit=90%2C96&ssl=1\",\"url\":\"https:\\\/\\\/i0.wp.com\\\/culturesco.com\\\/wp-content\\\/uploads\\\/2019\\\/02\\\/patrick-benard-2.jpg?fit=90%2C96&ssl=1\",\"contentUrl\":\"https:\\\/\\\/i0.wp.com\\\/culturesco.com\\\/wp-content\\\/uploads\\\/2019\\\/02\\\/patrick-benard-2.jpg?fit=90%2C96&ssl=1\",\"caption\":\"Patrick Benard\"},\"description\":\"Ecrivain, chroniqueur, animateur radio, cr\u00e9ateur de la revue \u00ab Cin\u00e9manie \u00bb, autour du cin\u00e9ma dit d\u2019art et d\u2019essai, sp\u00e9cialiste du groupe The Cure, archiviste... 2020 : \\\"Le Post Rock\\\" essai sur le post rock de Mogwa\u00ef \u00e0 Godspeed You Black Emperor - Camion Blanc 2014 : \u00ab On the rocks \u2013le rock de 2007 \u00e0 2014 \u00bb chroniques livres et cd rocks, interviews \u2013Editions Vaillant 2010 : \u00ab Dans la T\u00eate de Robert Smith \u00bb, roman fiction autour de l\u2019histoire des Cure et de Robert Smith \u2013 Edilivres 2007 : \u00ab Chroniques Fr\u00e9n\u00e9tiques, une histoire intime du rock \u00bb, roman, prix Technikart. 2001 : \u00ab Les Iles du D\u00e9sert \u00bb, polar autour du rock \u2013 Editions Nykta\",\"url\":\"https:\\\/\\\/culturesco.com\\\/index.php\\\/author\\\/patrick-benard89\\\/\"}]}<\/script>\n<!-- \/ Yoast SEO plugin. -->","yoast_head_json":{"title":"La France est (toujours) Rock !! (vol. 3) de Pascal Pacaly - Culturesco","description":"CulturesCo | La France est (toujours) Rock, Vol 3, de Pascal Pacadis, permet une nouvelle fois de d\u00e9couvrir le rock alternatif fran\u00e7ais","robots":{"index":"index","follow":"follow","max-snippet":"max-snippet:-1","max-image-preview":"max-image-preview:large","max-video-preview":"max-video-preview:-1"},"canonical":"https:\/\/culturesco.com\/index.php\/2021\/10\/13\/la-france-est-toujours-rock-vol-3-de-pascal-pacaly\/","og_locale":"fr_FR","og_type":"article","og_title":"La France est (toujours) Rock !! (vol. 3) de Pascal Pacaly - Culturesco","og_description":"CulturesCo | La France est (toujours) Rock, Vol 3, de Pascal Pacadis, permet une nouvelle fois de d\u00e9couvrir le rock alternatif fran\u00e7ais","og_url":"https:\/\/culturesco.com\/index.php\/2021\/10\/13\/la-france-est-toujours-rock-vol-3-de-pascal-pacaly\/","og_site_name":"Culturesco","article_publisher":"https:\/\/www.facebook.com\/radioculturesco","article_published_time":"2021-10-12T23:37:25+00:00","article_modified_time":"2021-10-13T06:41:25+00:00","og_image":[{"width":600,"height":340,"url":"https:\/\/i0.wp.com\/culturesco.com\/wp-content\/uploads\/2021\/10\/1200x680_pas_2.jpg?fit=600%2C340&ssl=1","type":"image\/jpeg"}],"author":"Patrick Benard","twitter_card":"summary_large_image","twitter_creator":"@AugusteMarshal","twitter_site":"@AugusteMarshal","twitter_misc":{"\u00c9crit par":"Patrick Benard","Dur\u00e9e de lecture estim\u00e9e":"2 minutes"},"schema":{"@context":"https:\/\/schema.org","@graph":[{"@type":"Article","@id":"https:\/\/culturesco.com\/index.php\/2021\/10\/13\/la-france-est-toujours-rock-vol-3-de-pascal-pacaly\/#article","isPartOf":{"@id":"https:\/\/culturesco.com\/index.php\/2021\/10\/13\/la-france-est-toujours-rock-vol-3-de-pascal-pacaly\/"},"author":{"name":"Patrick Benard","@id":"https:\/\/culturesco.com\/#\/schema\/person\/c2ddd6724863f3bbd20a8278df0891f3"},"headline":"La France est (toujours) Rock !! (vol. 3) de Pascal Pacaly","datePublished":"2021-10-12T23:37:25+00:00","dateModified":"2021-10-13T06:41:25+00:00","mainEntityOfPage":{"@id":"https:\/\/culturesco.com\/index.php\/2021\/10\/13\/la-france-est-toujours-rock-vol-3-de-pascal-pacaly\/"},"wordCount":414,"commentCount":0,"publisher":{"@id":"https:\/\/culturesco.com\/#organization"},"image":{"@id":"https:\/\/culturesco.com\/index.php\/2021\/10\/13\/la-france-est-toujours-rock-vol-3-de-pascal-pacaly\/#primaryimage"},"thumbnailUrl":"https:\/\/i0.wp.com\/culturesco.com\/wp-content\/uploads\/2021\/10\/1200x680_pas_2.jpg?fit=600%2C340&ssl=1","keywords":["histoire du rock","indispensable","Livre Rock","Rock fran\u00e7ais"],"articleSection":["Litt\u00e9rature","Livre Rock","Short Stories"],"inLanguage":"fr-FR","potentialAction":[{"@type":"CommentAction","name":"Comment","target":["https:\/\/culturesco.com\/index.php\/2021\/10\/13\/la-france-est-toujours-rock-vol-3-de-pascal-pacaly\/#respond"]}]},{"@type":"WebPage","@id":"https:\/\/culturesco.com\/index.php\/2021\/10\/13\/la-france-est-toujours-rock-vol-3-de-pascal-pacaly\/","url":"https:\/\/culturesco.com\/index.php\/2021\/10\/13\/la-france-est-toujours-rock-vol-3-de-pascal-pacaly\/","name":"La France est (toujours) Rock !! (vol. 3) de Pascal Pacaly - Culturesco","isPartOf":{"@id":"https:\/\/culturesco.com\/#website"},"primaryImageOfPage":{"@id":"https:\/\/culturesco.com\/index.php\/2021\/10\/13\/la-france-est-toujours-rock-vol-3-de-pascal-pacaly\/#primaryimage"},"image":{"@id":"https:\/\/culturesco.com\/index.php\/2021\/10\/13\/la-france-est-toujours-rock-vol-3-de-pascal-pacaly\/#primaryimage"},"thumbnailUrl":"https:\/\/i0.wp.com\/culturesco.com\/wp-content\/uploads\/2021\/10\/1200x680_pas_2.jpg?fit=600%2C340&ssl=1","datePublished":"2021-10-12T23:37:25+00:00","dateModified":"2021-10-13T06:41:25+00:00","description":"CulturesCo | La France est (toujours) Rock, Vol 3, de Pascal Pacadis, permet une nouvelle fois de d\u00e9couvrir le rock alternatif fran\u00e7ais","breadcrumb":{"@id":"https:\/\/culturesco.com\/index.php\/2021\/10\/13\/la-france-est-toujours-rock-vol-3-de-pascal-pacaly\/#breadcrumb"},"inLanguage":"fr-FR","potentialAction":[{"@type":"ReadAction","target":["https:\/\/culturesco.com\/index.php\/2021\/10\/13\/la-france-est-toujours-rock-vol-3-de-pascal-pacaly\/"]}]},{"@type":"ImageObject","inLanguage":"fr-FR","@id":"https:\/\/culturesco.com\/index.php\/2021\/10\/13\/la-france-est-toujours-rock-vol-3-de-pascal-pacaly\/#primaryimage","url":"https:\/\/i0.wp.com\/culturesco.com\/wp-content\/uploads\/2021\/10\/1200x680_pas_2.jpg?fit=600%2C340&ssl=1","contentUrl":"https:\/\/i0.wp.com\/culturesco.com\/wp-content\/uploads\/2021\/10\/1200x680_pas_2.jpg?fit=600%2C340&ssl=1","width":600,"height":340,"caption":"Pascal Pacadis"},{"@type":"BreadcrumbList","@id":"https:\/\/culturesco.com\/index.php\/2021\/10\/13\/la-france-est-toujours-rock-vol-3-de-pascal-pacaly\/#breadcrumb","itemListElement":[{"@type":"ListItem","position":1,"name":"Accueil","item":"https:\/\/culturesco.com\/"},{"@type":"ListItem","position":2,"name":"La France est (toujours) Rock !! (vol. 3) de Pascal Pacaly"}]},{"@type":"WebSite","@id":"https:\/\/culturesco.com\/#website","url":"https:\/\/culturesco.com\/","name":"Culturesco","description":"Culturesco | Un bon coup de pied dans ta Culture","publisher":{"@id":"https:\/\/culturesco.com\/#organization"},"potentialAction":[{"@type":"SearchAction","target":{"@type":"EntryPoint","urlTemplate":"https:\/\/culturesco.com\/?s={search_term_string}"},"query-input":{"@type":"PropertyValueSpecification","valueRequired":true,"valueName":"search_term_string"}}],"inLanguage":"fr-FR"},{"@type":"Organization","@id":"https:\/\/culturesco.com\/#organization","name":"CULTURESCO","url":"https:\/\/culturesco.com\/","logo":{"@type":"ImageObject","inLanguage":"fr-FR","@id":"https:\/\/culturesco.com\/#\/schema\/logo\/image\/","url":"https:\/\/i0.wp.com\/culturesco.com\/wp-content\/uploads\/2022\/04\/culturesco-logo-blanc250p.png?fit=250%2C250&ssl=1","contentUrl":"https:\/\/i0.wp.com\/culturesco.com\/wp-content\/uploads\/2022\/04\/culturesco-logo-blanc250p.png?fit=250%2C250&ssl=1","width":250,"height":250,"caption":"CULTURESCO"},"image":{"@id":"https:\/\/culturesco.com\/#\/schema\/logo\/image\/"},"sameAs":["https:\/\/www.facebook.com\/radioculturesco","https:\/\/x.com\/AugusteMarshal","https:\/\/www.instagram.com\/carotte_rock_culture\/","https:\/\/www.pinterest.fr\/augustemarshal\/","https:\/\/www.youtube.com\/channel\/UCiWLGffqWSXlNnfzp6YwwyQ"]},{"@type":"Person","@id":"https:\/\/culturesco.com\/#\/schema\/person\/c2ddd6724863f3bbd20a8278df0891f3","name":"Patrick Benard","image":{"@type":"ImageObject","inLanguage":"fr-FR","@id":"https:\/\/i0.wp.com\/culturesco.com\/wp-content\/uploads\/2019\/02\/patrick-benard-2.jpg?fit=90%2C96&ssl=1","url":"https:\/\/i0.wp.com\/culturesco.com\/wp-content\/uploads\/2019\/02\/patrick-benard-2.jpg?fit=90%2C96&ssl=1","contentUrl":"https:\/\/i0.wp.com\/culturesco.com\/wp-content\/uploads\/2019\/02\/patrick-benard-2.jpg?fit=90%2C96&ssl=1","caption":"Patrick Benard"},"description":"Ecrivain, chroniqueur, animateur radio, cr\u00e9ateur de la revue \u00ab Cin\u00e9manie \u00bb, autour du cin\u00e9ma dit d\u2019art et d\u2019essai, sp\u00e9cialiste du groupe The Cure, archiviste... 2020 : \"Le Post Rock\" essai sur le post rock de Mogwa\u00ef \u00e0 Godspeed You Black Emperor - Camion Blanc 2014 : \u00ab On the rocks \u2013le rock de 2007 \u00e0 2014 \u00bb chroniques livres et cd rocks, interviews \u2013Editions Vaillant 2010 : \u00ab Dans la T\u00eate de Robert Smith \u00bb, roman fiction autour de l\u2019histoire des Cure et de Robert Smith \u2013 Edilivres 2007 : \u00ab Chroniques Fr\u00e9n\u00e9tiques, une histoire intime du rock \u00bb, roman, prix Technikart. 2001 : \u00ab Les Iles du D\u00e9sert \u00bb, polar autour du rock \u2013 Editions Nykta","url":"https:\/\/culturesco.com\/index.php\/author\/patrick-benard89\/"}]}},"jetpack_featured_media_url":"https:\/\/i0.wp.com\/culturesco.com\/wp-content\/uploads\/2021\/10\/1200x680_pas_2.jpg?fit=600%2C340&ssl=1","jetpack_likes_enabled":true,"jetpack_sharing_enabled":true,"jetpack_shortlink":"https:\/\/wp.me\/paz89I-3Ui","_links":{"self":[{"href":"https:\/\/culturesco.com\/index.php\/wp-json\/wp\/v2\/posts\/15022","targetHints":{"allow":["GET"]}}],"collection":[{"href":"https:\/\/culturesco.com\/index.php\/wp-json\/wp\/v2\/posts"}],"about":[{"href":"https:\/\/culturesco.com\/index.php\/wp-json\/wp\/v2\/types\/post"}],"author":[{"embeddable":true,"href":"https:\/\/culturesco.com\/index.php\/wp-json\/wp\/v2\/users\/4"}],"replies":[{"embeddable":true,"href":"https:\/\/culturesco.com\/index.php\/wp-json\/wp\/v2\/comments?post=15022"}],"version-history":[{"count":0,"href":"https:\/\/culturesco.com\/index.php\/wp-json\/wp\/v2\/posts\/15022\/revisions"}],"wp:featuredmedia":[{"embeddable":true,"href":"https:\/\/culturesco.com\/index.php\/wp-json\/wp\/v2\/media\/15031"}],"wp:attachment":[{"href":"https:\/\/culturesco.com\/index.php\/wp-json\/wp\/v2\/media?parent=15022"}],"wp:term":[{"taxonomy":"category","embeddable":true,"href":"https:\/\/culturesco.com\/index.php\/wp-json\/wp\/v2\/categories?post=15022"},{"taxonomy":"post_tag","embeddable":true,"href":"https:\/\/culturesco.com\/index.php\/wp-json\/wp\/v2\/tags?post=15022"}],"curies":[{"name":"wp","href":"https:\/\/api.w.org\/{rel}","templated":true}]}}