{"id":14889,"date":"2021-09-19T21:45:06","date_gmt":"2021-09-19T19:45:06","guid":{"rendered":"https:\/\/culturesco.com\/?p=14889"},"modified":"2021-09-22T20:39:57","modified_gmt":"2021-09-22T18:39:57","slug":"mes-annees-trust-du-vecu-par-vivi-antisocial-marche-ou-creve-ideal","status":"publish","type":"post","link":"https:\/\/culturesco.com\/index.php\/2021\/09\/19\/mes-annees-trust-du-vecu-par-vivi-antisocial-marche-ou-creve-ideal\/","title":{"rendered":"\u00ab Mes Ann\u00e9es Trust \u00bb &#8211; Du v\u00e9cu par Vivi"},"content":{"rendered":"<h2>\u00ab\u00a0Mes Ann\u00e9es Trust \u00bb &#8211; Du v\u00e9cu par Vivi<\/h2>\n<p><a href=\"https:\/\/i0.wp.com\/culturesco.com\/wp-content\/uploads\/2021\/09\/Vivi-Mes-annees-Trust-Front.jpg?ssl=1\"><img data-recalc-dims=\"1\" loading=\"lazy\" decoding=\"async\" class=\"aligncenter wp-image-14890\" src=\"https:\/\/i0.wp.com\/culturesco.com\/wp-content\/uploads\/2021\/09\/Vivi-Mes-annees-Trust-Front.jpg?resize=585%2C331&#038;ssl=1\" alt=\"Mes ann\u00e9es Trust\" width=\"585\" height=\"331\" srcset=\"https:\/\/i0.wp.com\/culturesco.com\/wp-content\/uploads\/2021\/09\/Vivi-Mes-annees-Trust-Front.jpg?resize=300%2C170&amp;ssl=1 300w, https:\/\/i0.wp.com\/culturesco.com\/wp-content\/uploads\/2021\/09\/Vivi-Mes-annees-Trust-Front.jpg?resize=768%2C435&amp;ssl=1 768w, https:\/\/i0.wp.com\/culturesco.com\/wp-content\/uploads\/2021\/09\/Vivi-Mes-annees-Trust-Front.jpg?resize=696%2C394&amp;ssl=1 696w, https:\/\/i0.wp.com\/culturesco.com\/wp-content\/uploads\/2021\/09\/Vivi-Mes-annees-Trust-Front.jpg?resize=742%2C420&amp;ssl=1 742w, https:\/\/i0.wp.com\/culturesco.com\/wp-content\/uploads\/2021\/09\/Vivi-Mes-annees-Trust-Front.jpg?w=600&amp;ssl=1 600w\" sizes=\"auto, (max-width: 585px) 100vw, 585px\" \/><\/a><\/p>\n<p style=\"text-align: justify;\"><strong><em>Mes Ann\u00e9es Trust<\/em><\/strong>, c\u2019est <strong>l\u2019histoire de Vivi<\/strong>, Yves Brusco pour l\u2019\u00e9tat civil, une tranche de vie d\u00e9coup\u00e9e <strong>entre 1979 et 1989<\/strong>, entre <strong><em>R\u00e9pression<\/em><\/strong> et <strong><em>Paris by Night<\/em>,<\/strong> le live. Temporellement, le livre va <strong>jusqu\u2019en 2007<\/strong> et l\u2019Olympia, mais c\u2019est bien en 1989 que Vivi situe la fin de son <strong>\u00e9pop\u00e9e avec Trust<\/strong>.<\/p>\n<p style=\"text-align: justify;\">Si <strong><em>Mes Ann\u00e9es Trust<\/em><\/strong> d\u00e9marre alors qu\u2019Yves commence \u00e0 former et jouer dans diverses formations de rock muscl\u00e9, <strong>c\u2019est lorsqu\u2019il int\u00e8gre Trust que tout d\u00e9colle<\/strong>. Alors, <strong><em>R\u00e9pression<\/em><\/strong> envahit les bacs des disquaires et le saut dans les airs devient <strong>une mise en orbite<\/strong>. La cause principale ? \u00ab <strong>Antisocial<\/strong> \u00bb.<\/p>\n<h3>TRUST &#8211; Antisocial<\/h3>\n<div class=\"youtube-embed\" data-video_id=\"_-s6951-hT0\"><iframe loading=\"lazy\" title=\"Trust - Antisocial\" width=\"696\" height=\"522\" src=\"https:\/\/www.youtube.com\/embed\/_-s6951-hT0\" frameborder=\"0\" allow=\"accelerometer; autoplay; clipboard-write; encrypted-media; gyroscope; picture-in-picture; web-share\" referrerpolicy=\"strict-origin-when-cross-origin\" allowfullscreen><\/iframe><\/div>\n<p style=\"text-align: justify;\">Pour celles et ceux qui ont lu <a href=\"http:\/\/trust.connection.free.fr\/legroupe\/biblio\/mimi.html\" target=\"_blank\" rel=\"noopener\"><strong><em>Trust<\/em><\/strong><\/a>, l\u2019ouvrage de <strong>Mych\u00e8le Abraham<\/strong> (sorti en 1984 aux \u00e9ditions Rock &amp; Folk \/ Albin Michel, un introuvable \u2026), <strong><em>Mes Ann\u00e9es Trust<\/em><\/strong> <strong>figure une suite<\/strong> <strong>logique<\/strong>. Le livre de Mych\u00e8le retrace l\u2019enfance de Bernie, Nono et Vivi. <strong>Le livre de Vivi raconte leur ascension en tant qu\u2019hommes et musiciens, \u00ab sa \u00bb vie en Trust.<\/strong><\/p>\n<p><a href=\"https:\/\/i0.wp.com\/culturesco.com\/wp-content\/uploads\/2021\/09\/Vivi-en-Pub.jpg?ssl=1\"><img data-recalc-dims=\"1\" loading=\"lazy\" decoding=\"async\" class=\"aligncenter wp-image-14891\" src=\"https:\/\/i0.wp.com\/culturesco.com\/wp-content\/uploads\/2021\/09\/Vivi-en-Pub.jpg?resize=301%2C332&#038;ssl=1\" alt=\"Mes ann\u00e9es Trust\" width=\"301\" height=\"332\" srcset=\"https:\/\/i0.wp.com\/culturesco.com\/wp-content\/uploads\/2021\/09\/Vivi-en-Pub.jpg?resize=272%2C300&amp;ssl=1 272w, https:\/\/i0.wp.com\/culturesco.com\/wp-content\/uploads\/2021\/09\/Vivi-en-Pub.jpg?resize=381%2C420&amp;ssl=1 381w, https:\/\/i0.wp.com\/culturesco.com\/wp-content\/uploads\/2021\/09\/Vivi-en-Pub.jpg?w=402&amp;ssl=1 402w\" sizes=\"auto, (max-width: 301px) 100vw, 301px\" \/><\/a><\/p>\n<p style=\"text-align: justify;\">La lecture nous fait voyager sur une route o\u00f9 les arr\u00eats marquent <strong>les grandes \u00e9tapes du groupe<\/strong> : <strong><em>R\u00e9pression<\/em><\/strong> (1980), le concert au <em><strong>Pavillon de Paris<\/strong><\/em> (12\/01\/1980), <strong><em>Marche ou cr\u00e8ve<\/em><\/strong> (1981), <em><strong>Id\u00e9al<\/strong><\/em> ou <strong><em>IV<\/em><\/strong> (1983), <a href=\"https:\/\/www.youtube.com\/watch?v=RJ0RnxqTmYA\" target=\"_blank\" rel=\"noopener\"><strong><em>Rock\u2019n\u2019Roll<\/em><\/strong><\/a> (1984) et <strong><em>Paris By Night<\/em><\/strong> (live de 1988). Entre ces sommets, <strong>les r\u00e9p\u00e9titions, les d\u00e9rapages, la vie de \u00ab patachon \u00bb<\/strong> rythment les pages. <strong>Une constante<\/strong> sous la plume du bassiste, <strong>la bienveillance<\/strong>. On n\u2019est pas la pour d\u00e9zinguer, pour sortir les blousons trou\u00e9s du placard, <strong>uniquement pour raconter, la musique li\u00e9e au corps et au c\u0153ur<\/strong>. Au fil de ces dix ann\u00e9es, <strong>Trust \u00e9tait une famille<\/strong>, <strong>des mecs soud\u00e9s<\/strong> les uns aux autres <strong>par le rock<\/strong>, ce vieil adolescent plein d\u2019insouciance, <strong>cette fa\u00e7on d\u2019exister<\/strong>.<\/p>\n<h3>R\u00e9pression<\/h3>\n<div class=\"youtube-embed\" data-video_id=\"gqF7GPnkVfo\"><iframe loading=\"lazy\" title=\"R\u00e9pression\" width=\"696\" height=\"522\" src=\"https:\/\/www.youtube.com\/embed\/gqF7GPnkVfo\" frameborder=\"0\" allow=\"accelerometer; autoplay; clipboard-write; encrypted-media; gyroscope; picture-in-picture; web-share\" referrerpolicy=\"strict-origin-when-cross-origin\" allowfullscreen><\/iframe><\/div>\n<p style=\"text-align: justify;\"><strong>Des personnages et des lieux incontournables<\/strong> du rock croisent le r\u00e9cit. C\u2019est que <strong>Trust les a c\u00f4toy\u00e9s<\/strong>. Sans id\u00e9e de classement : Le <a href=\"https:\/\/reverb.com\/fr\/news\/le-chateau-dherouville-un-studio-mythique\" target=\"_blank\" rel=\"noopener\">ch\u00e2teau d\u2019H\u00e9rouville<\/a>, le Scorpio Sound Studio de Londres, le <strong>Festival de Reading<\/strong>, le Marquee Club, <strong>Bon Scott<\/strong>, Andy Jones, <a href=\"https:\/\/www.youtube.com\/watch?v=WxnN05vOuSM\" target=\"_blank\" rel=\"noopener\">Iron Maiden<\/a>,<a href=\"https:\/\/www.youtube.com\/watch?v=DWKcJwuZnzE\" target=\"_blank\" rel=\"noopener\"><strong> AC\/DC<\/strong><\/a> \u2026 le bottin des endroits et des musiciens \u00e0 fr\u00e9quenter. Pas une faute, uniquement des quintes flush, <strong>des billets gagnants<\/strong>.<\/p>\n<p><a href=\"https:\/\/i0.wp.com\/culturesco.com\/wp-content\/uploads\/2021\/09\/Vivi-live.jpg?ssl=1\"><img data-recalc-dims=\"1\" loading=\"lazy\" decoding=\"async\" class=\"aligncenter wp-image-14892\" src=\"https:\/\/i0.wp.com\/culturesco.com\/wp-content\/uploads\/2021\/09\/Vivi-live.jpg?resize=394%2C255&#038;ssl=1\" alt=\"Mes ann\u00e9es Trust\" width=\"394\" height=\"255\" srcset=\"https:\/\/i0.wp.com\/culturesco.com\/wp-content\/uploads\/2021\/09\/Vivi-live.jpg?resize=300%2C194&amp;ssl=1 300w, https:\/\/i0.wp.com\/culturesco.com\/wp-content\/uploads\/2021\/09\/Vivi-live.jpg?resize=768%2C496&amp;ssl=1 768w, https:\/\/i0.wp.com\/culturesco.com\/wp-content\/uploads\/2021\/09\/Vivi-live.jpg?resize=696%2C450&amp;ssl=1 696w, https:\/\/i0.wp.com\/culturesco.com\/wp-content\/uploads\/2021\/09\/Vivi-live.jpg?resize=650%2C420&amp;ssl=1 650w, https:\/\/i0.wp.com\/culturesco.com\/wp-content\/uploads\/2021\/09\/Vivi-live.jpg?w=600&amp;ssl=1 600w\" sizes=\"auto, (max-width: 394px) 100vw, 394px\" \/><\/a><\/p>\n<p style=\"text-align: justify;\">Trust, Trust, Trust !!! <strong><em>Mes Ann\u00e9es Trust<\/em><\/strong>, c\u2019est l\u2019effort litt\u00e9raire d\u2019<strong>Yves \u00ab Vivi \u00bb Brusco<\/strong>, pas celui du groupe ! Oui, mais <strong>l\u2019auteur unifie<\/strong> ce qu\u2019il \u00e9tait, ceux qu\u2019ils \u00e9taient et l\u2019\u00e2me du groupe. <strong>\u00ab <em>Un pour tous, tous pour un<\/em> \u00bb : TRUST.<\/strong><\/p>\n<h3>TRUST &#8211; Varsovie<\/h3>\n<div class=\"youtube-embed\" data-video_id=\"4lkrafPEHpU\"><iframe loading=\"lazy\" title=\"Trust- Varsovie (Id\u00e9al 1983)\" width=\"696\" height=\"522\" src=\"https:\/\/www.youtube.com\/embed\/4lkrafPEHpU\" frameborder=\"0\" allow=\"accelerometer; autoplay; clipboard-write; encrypted-media; gyroscope; picture-in-picture; web-share\" referrerpolicy=\"strict-origin-when-cross-origin\" allowfullscreen><\/iframe><\/div>\n<p style=\"text-align: justify;\">Mais je vous vois venir : \u00ab <em>Culott\u00e9 le mec de pondre une chronique sur le bouquin ! Il a \u2018aid\u00e9\u2019 ! Evidemment qu\u2019il ne va descendre ni l\u2019homme, ni l\u2019encre sur le papier !<\/em> \u00bb.<\/p>\n<p style=\"text-align: justify;\"><strong>Notre rencontre virtuelle rel\u00e8ve du hasard<\/strong>, des errances sur le Web. Des \u00e9changes, du travail, deux param\u00e8tres qui <strong>m\u2019emm\u00e8nent si pr\u00e8s de l\u2019histoire de Vivi<\/strong> que, plong\u00e9 dans ce monde parall\u00e8le,<strong> je vois les images<\/strong>, je suis <strong>\u00e0 deux doigts de les vivre<\/strong>. Une \u00ab dr\u00f4le \u00bb d\u2019exp\u00e9rience o\u00f9 <strong>Vivi prend possession de mon espri<\/strong>t, o\u00f9 <strong>je p\u00e9n\u00e8tre le sien<\/strong>. S\u2019il fallait le refaire, je ne changerai rien. Alors, la critique \u2026<\/p>\n<h3>L&rsquo;Elite (live &#8211; Paris By Night)<\/h3>\n<div class=\"youtube-embed\" data-video_id=\"Vnp1wtJZt50\"><iframe loading=\"lazy\" title=\"Trust - L&#039;Elite (Live - Paris By Night)\" width=\"696\" height=\"392\" src=\"https:\/\/www.youtube.com\/embed\/Vnp1wtJZt50\" frameborder=\"0\" allow=\"accelerometer; autoplay; clipboard-write; encrypted-media; gyroscope; picture-in-picture; web-share\" referrerpolicy=\"strict-origin-when-cross-origin\" allowfullscreen><\/iframe><\/div>\n<p style=\"text-align: justify;\"><em><strong>Mes Ann\u00e9es Trust<\/strong><\/em> <strong>se lit d\u2019une traite<\/strong>. Tu le commences, tu le finis. Seul regret, <strong>il est trop court<\/strong>. Une fois la derni\u00e8re page lue, le livret de photos parcouru, lorsque la quatri\u00e8me de couverture se referme, tu cherches d\u2019autres rep\u00e8res. <strong>\u00c7a ne peut pas finir ainsi ?!<\/strong><\/p>\n<p><a href=\"https:\/\/i0.wp.com\/culturesco.com\/wp-content\/uploads\/2021\/09\/Yves_Brusco.jpg?ssl=1\"><img data-recalc-dims=\"1\" loading=\"lazy\" decoding=\"async\" class=\"aligncenter size-medium wp-image-14893\" src=\"https:\/\/i0.wp.com\/culturesco.com\/wp-content\/uploads\/2021\/09\/Yves_Brusco.jpg?resize=250%2C300&#038;ssl=1\" alt=\"Mes ann\u00e9es Trust\" width=\"250\" height=\"300\" srcset=\"https:\/\/i0.wp.com\/culturesco.com\/wp-content\/uploads\/2021\/09\/Yves_Brusco.jpg?resize=250%2C300&amp;ssl=1 250w, https:\/\/i0.wp.com\/culturesco.com\/wp-content\/uploads\/2021\/09\/Yves_Brusco.jpg?w=335&amp;ssl=1 335w\" sizes=\"auto, (max-width: 250px) 100vw, 250px\" \/><\/a><\/p>\n<h3 style=\"text-align: justify;\">\u00ab <em>J\u2019esp\u00e8re simplement que vous avez pris du plaisir \u00e0 lire mon r\u00e9cit, autant de plaisir que j\u2019en ai pris \u00e0 le vivre. Et s\u2019il ne comporte pas le mot \u2019fin\u2019, c\u2019est qu\u2019il faut laisser sa place au destin \u2026<\/em> \u00bb. Vivi.<\/h3>\n<p>Thierry Dauge<\/p>\n<p style=\"text-align: justify;\"><strong>Mes Ann\u00e9es Trust<\/strong> &#8211; <strong>Yves \u00ab Vivi \u00bb Brusco<\/strong> &#8211; 149 pages avec Livret Photos &#8211; 17\u20ac50<\/p>\n<p style=\"text-align: justify;\">Editions <a href=\"https:\/\/www.lavalleeheureuse.com\/product-page\/mes-ann%C3%A9es-trust\" target=\"_blank\" rel=\"noopener\">La Vall\u00e9e Heureuse\u00a0<\/a><\/p>\n","protected":false},"excerpt":{"rendered":"<p>\u00ab\u00a0Mes Ann\u00e9es Trust \u00bb &#8211; Du v\u00e9cu par Vivi Mes Ann\u00e9es Trust, c\u2019est l\u2019histoire de Vivi, Yves Brusco pour l\u2019\u00e9tat civil, une tranche de vie d\u00e9coup\u00e9e entre 1979 et 1989, entre R\u00e9pression et Paris by Night, le live. Temporellement, le livre va jusqu\u2019en 2007 et l\u2019Olympia, mais c\u2019est bien en 1989 que Vivi situe la [&hellip;]<\/p>\n","protected":false},"author":3,"featured_media":14890,"comment_status":"open","ping_status":"open","sticky":false,"template":"","format":"image","meta":{"jetpack_post_was_ever_published":false,"tdm_status":"","tdm_grid_status":"","_jetpack_newsletter_access":"","_jetpack_dont_email_post_to_subs":false,"_jetpack_newsletter_tier_id":0,"_jetpack_memberships_contains_paywalled_content":false,"_jetpack_memberships_contains_paid_content":false,"footnotes":""},"categories":[17,27,66],"tags":[50,20,48],"class_list":{"0":"post-14889","1":"post","2":"type-post","3":"status-publish","4":"format-image","5":"has-post-thumbnail","7":"category-carotte-rock-cultures","8":"category-litterature","9":"category-livre-rock","10":"tag-hard-rock","11":"tag-livre-rock","12":"tag-personnalite-rock","13":"post_format-post-format-image"},"yoast_head":"<!-- This site is optimized with the Yoast SEO plugin v27.5 - https:\/\/yoast.com\/product\/yoast-seo-wordpress\/ -->\n<title>\u00ab Mes Ann\u00e9es Trust \u00bb - Du v\u00e9cu par Vivi - Culturesco<\/title>\n<meta name=\"description\" content=\"CulturesCo | Mes Ann\u00e9es Trust, de Yves &quot;Vivi&quot; Brusco, raconte Trust v\u00e9cu de l&#039;int\u00e9rieur entre 1979 et 1989. Antisocial, R\u00e9pression, du b\u00e9ton.\" \/>\n<meta name=\"robots\" content=\"index, follow, max-snippet:-1, max-image-preview:large, max-video-preview:-1\" \/>\n<link rel=\"canonical\" href=\"https:\/\/culturesco.com\/index.php\/2021\/09\/19\/mes-annees-trust-du-vecu-par-vivi-antisocial-marche-ou-creve-ideal\/\" \/>\n<meta property=\"og:locale\" content=\"fr_FR\" \/>\n<meta property=\"og:type\" content=\"article\" \/>\n<meta property=\"og:title\" content=\"\u00ab Mes Ann\u00e9es Trust \u00bb - Du v\u00e9cu par Vivi - Culturesco\" \/>\n<meta property=\"og:description\" content=\"CulturesCo | Mes Ann\u00e9es Trust, de Yves &quot;Vivi&quot; Brusco, raconte Trust v\u00e9cu de l&#039;int\u00e9rieur entre 1979 et 1989. Antisocial, R\u00e9pression, du b\u00e9ton.\" \/>\n<meta property=\"og:url\" content=\"https:\/\/culturesco.com\/index.php\/2021\/09\/19\/mes-annees-trust-du-vecu-par-vivi-antisocial-marche-ou-creve-ideal\/\" \/>\n<meta property=\"og:site_name\" content=\"Culturesco\" \/>\n<meta property=\"article:publisher\" content=\"https:\/\/www.facebook.com\/radioculturesco\" \/>\n<meta property=\"article:published_time\" content=\"2021-09-19T19:45:06+00:00\" \/>\n<meta property=\"article:modified_time\" content=\"2021-09-22T18:39:57+00:00\" \/>\n<meta property=\"og:image\" content=\"https:\/\/i2.wp.com\/culturesco.com\/wp-content\/uploads\/2021\/09\/Vivi-Mes-annees-Trust-Front.jpg?fit=600%2C340&ssl=1\" \/>\n\t<meta property=\"og:image:width\" content=\"600\" \/>\n\t<meta property=\"og:image:height\" content=\"340\" \/>\n\t<meta property=\"og:image:type\" content=\"image\/jpeg\" \/>\n<meta name=\"author\" content=\"Thierry Dauge\" \/>\n<meta name=\"twitter:card\" content=\"summary_large_image\" \/>\n<meta name=\"twitter:creator\" content=\"@AugusteMarshal\" \/>\n<meta name=\"twitter:site\" content=\"@AugusteMarshal\" \/>\n<meta name=\"twitter:label1\" content=\"\u00c9crit par\" \/>\n\t<meta name=\"twitter:data1\" content=\"Thierry Dauge\" \/>\n\t<meta name=\"twitter:label2\" content=\"Dur\u00e9e de lecture estim\u00e9e\" \/>\n\t<meta name=\"twitter:data2\" content=\"4 minutes\" \/>\n<script type=\"application\/ld+json\" class=\"yoast-schema-graph\">{\"@context\":\"https:\\\/\\\/schema.org\",\"@graph\":[{\"@type\":\"Article\",\"@id\":\"https:\\\/\\\/culturesco.com\\\/index.php\\\/2021\\\/09\\\/19\\\/mes-annees-trust-du-vecu-par-vivi-antisocial-marche-ou-creve-ideal\\\/#article\",\"isPartOf\":{\"@id\":\"https:\\\/\\\/culturesco.com\\\/index.php\\\/2021\\\/09\\\/19\\\/mes-annees-trust-du-vecu-par-vivi-antisocial-marche-ou-creve-ideal\\\/\"},\"author\":{\"name\":\"Thierry Dauge\",\"@id\":\"https:\\\/\\\/culturesco.com\\\/#\\\/schema\\\/person\\\/19f04cf232d246197f6e7d62abe6cb0e\"},\"headline\":\"\u00ab Mes Ann\u00e9es Trust \u00bb &#8211; Du v\u00e9cu par Vivi\",\"datePublished\":\"2021-09-19T19:45:06+00:00\",\"dateModified\":\"2021-09-22T18:39:57+00:00\",\"mainEntityOfPage\":{\"@id\":\"https:\\\/\\\/culturesco.com\\\/index.php\\\/2021\\\/09\\\/19\\\/mes-annees-trust-du-vecu-par-vivi-antisocial-marche-ou-creve-ideal\\\/\"},\"wordCount\":723,\"commentCount\":0,\"publisher\":{\"@id\":\"https:\\\/\\\/culturesco.com\\\/#organization\"},\"image\":{\"@id\":\"https:\\\/\\\/culturesco.com\\\/index.php\\\/2021\\\/09\\\/19\\\/mes-annees-trust-du-vecu-par-vivi-antisocial-marche-ou-creve-ideal\\\/#primaryimage\"},\"thumbnailUrl\":\"https:\\\/\\\/i0.wp.com\\\/culturesco.com\\\/wp-content\\\/uploads\\\/2021\\\/09\\\/Vivi-Mes-annees-Trust-Front.jpg?fit=600%2C340&ssl=1\",\"keywords\":[\"hard rock\",\"Livre Rock\",\"Personnalit\u00e9 Rock\"],\"articleSection\":[\"Carotte Rock Cultures\",\"Litt\u00e9rature\",\"Livre Rock\"],\"inLanguage\":\"fr-FR\",\"potentialAction\":[{\"@type\":\"CommentAction\",\"name\":\"Comment\",\"target\":[\"https:\\\/\\\/culturesco.com\\\/index.php\\\/2021\\\/09\\\/19\\\/mes-annees-trust-du-vecu-par-vivi-antisocial-marche-ou-creve-ideal\\\/#respond\"]}]},{\"@type\":\"WebPage\",\"@id\":\"https:\\\/\\\/culturesco.com\\\/index.php\\\/2021\\\/09\\\/19\\\/mes-annees-trust-du-vecu-par-vivi-antisocial-marche-ou-creve-ideal\\\/\",\"url\":\"https:\\\/\\\/culturesco.com\\\/index.php\\\/2021\\\/09\\\/19\\\/mes-annees-trust-du-vecu-par-vivi-antisocial-marche-ou-creve-ideal\\\/\",\"name\":\"\u00ab Mes Ann\u00e9es Trust \u00bb - Du v\u00e9cu par Vivi - Culturesco\",\"isPartOf\":{\"@id\":\"https:\\\/\\\/culturesco.com\\\/#website\"},\"primaryImageOfPage\":{\"@id\":\"https:\\\/\\\/culturesco.com\\\/index.php\\\/2021\\\/09\\\/19\\\/mes-annees-trust-du-vecu-par-vivi-antisocial-marche-ou-creve-ideal\\\/#primaryimage\"},\"image\":{\"@id\":\"https:\\\/\\\/culturesco.com\\\/index.php\\\/2021\\\/09\\\/19\\\/mes-annees-trust-du-vecu-par-vivi-antisocial-marche-ou-creve-ideal\\\/#primaryimage\"},\"thumbnailUrl\":\"https:\\\/\\\/i0.wp.com\\\/culturesco.com\\\/wp-content\\\/uploads\\\/2021\\\/09\\\/Vivi-Mes-annees-Trust-Front.jpg?fit=600%2C340&ssl=1\",\"datePublished\":\"2021-09-19T19:45:06+00:00\",\"dateModified\":\"2021-09-22T18:39:57+00:00\",\"description\":\"CulturesCo | Mes Ann\u00e9es Trust, de Yves \\\"Vivi\\\" Brusco, raconte Trust v\u00e9cu de l'int\u00e9rieur entre 1979 et 1989. Antisocial, R\u00e9pression, du b\u00e9ton.\",\"breadcrumb\":{\"@id\":\"https:\\\/\\\/culturesco.com\\\/index.php\\\/2021\\\/09\\\/19\\\/mes-annees-trust-du-vecu-par-vivi-antisocial-marche-ou-creve-ideal\\\/#breadcrumb\"},\"inLanguage\":\"fr-FR\",\"potentialAction\":[{\"@type\":\"ReadAction\",\"target\":[\"https:\\\/\\\/culturesco.com\\\/index.php\\\/2021\\\/09\\\/19\\\/mes-annees-trust-du-vecu-par-vivi-antisocial-marche-ou-creve-ideal\\\/\"]}]},{\"@type\":\"ImageObject\",\"inLanguage\":\"fr-FR\",\"@id\":\"https:\\\/\\\/culturesco.com\\\/index.php\\\/2021\\\/09\\\/19\\\/mes-annees-trust-du-vecu-par-vivi-antisocial-marche-ou-creve-ideal\\\/#primaryimage\",\"url\":\"https:\\\/\\\/i0.wp.com\\\/culturesco.com\\\/wp-content\\\/uploads\\\/2021\\\/09\\\/Vivi-Mes-annees-Trust-Front.jpg?fit=600%2C340&ssl=1\",\"contentUrl\":\"https:\\\/\\\/i0.wp.com\\\/culturesco.com\\\/wp-content\\\/uploads\\\/2021\\\/09\\\/Vivi-Mes-annees-Trust-Front.jpg?fit=600%2C340&ssl=1\",\"width\":600,\"height\":340,\"caption\":\"Mes ann\u00e9es Trust\"},{\"@type\":\"BreadcrumbList\",\"@id\":\"https:\\\/\\\/culturesco.com\\\/index.php\\\/2021\\\/09\\\/19\\\/mes-annees-trust-du-vecu-par-vivi-antisocial-marche-ou-creve-ideal\\\/#breadcrumb\",\"itemListElement\":[{\"@type\":\"ListItem\",\"position\":1,\"name\":\"Accueil\",\"item\":\"https:\\\/\\\/culturesco.com\\\/\"},{\"@type\":\"ListItem\",\"position\":2,\"name\":\"\u00ab Mes Ann\u00e9es Trust \u00bb &#8211; Du v\u00e9cu par Vivi\"}]},{\"@type\":\"WebSite\",\"@id\":\"https:\\\/\\\/culturesco.com\\\/#website\",\"url\":\"https:\\\/\\\/culturesco.com\\\/\",\"name\":\"Culturesco\",\"description\":\"Culturesco | Un bon coup de pied dans ta Culture\",\"publisher\":{\"@id\":\"https:\\\/\\\/culturesco.com\\\/#organization\"},\"potentialAction\":[{\"@type\":\"SearchAction\",\"target\":{\"@type\":\"EntryPoint\",\"urlTemplate\":\"https:\\\/\\\/culturesco.com\\\/?s={search_term_string}\"},\"query-input\":{\"@type\":\"PropertyValueSpecification\",\"valueRequired\":true,\"valueName\":\"search_term_string\"}}],\"inLanguage\":\"fr-FR\"},{\"@type\":\"Organization\",\"@id\":\"https:\\\/\\\/culturesco.com\\\/#organization\",\"name\":\"CULTURESCO\",\"url\":\"https:\\\/\\\/culturesco.com\\\/\",\"logo\":{\"@type\":\"ImageObject\",\"inLanguage\":\"fr-FR\",\"@id\":\"https:\\\/\\\/culturesco.com\\\/#\\\/schema\\\/logo\\\/image\\\/\",\"url\":\"https:\\\/\\\/i0.wp.com\\\/culturesco.com\\\/wp-content\\\/uploads\\\/2022\\\/04\\\/culturesco-logo-blanc250p.png?fit=250%2C250&ssl=1\",\"contentUrl\":\"https:\\\/\\\/i0.wp.com\\\/culturesco.com\\\/wp-content\\\/uploads\\\/2022\\\/04\\\/culturesco-logo-blanc250p.png?fit=250%2C250&ssl=1\",\"width\":250,\"height\":250,\"caption\":\"CULTURESCO\"},\"image\":{\"@id\":\"https:\\\/\\\/culturesco.com\\\/#\\\/schema\\\/logo\\\/image\\\/\"},\"sameAs\":[\"https:\\\/\\\/www.facebook.com\\\/radioculturesco\",\"https:\\\/\\\/x.com\\\/AugusteMarshal\",\"https:\\\/\\\/www.instagram.com\\\/carotte_rock_culture\\\/\",\"https:\\\/\\\/www.pinterest.fr\\\/augustemarshal\\\/\",\"https:\\\/\\\/www.youtube.com\\\/channel\\\/UCiWLGffqWSXlNnfzp6YwwyQ\"]},{\"@type\":\"Person\",\"@id\":\"https:\\\/\\\/culturesco.com\\\/#\\\/schema\\\/person\\\/19f04cf232d246197f6e7d62abe6cb0e\",\"name\":\"Thierry Dauge\",\"image\":{\"@type\":\"ImageObject\",\"inLanguage\":\"fr-FR\",\"@id\":\"https:\\\/\\\/i0.wp.com\\\/culturesco.com\\\/wp-content\\\/uploads\\\/2018\\\/12\\\/Black-Beauty-and-me.jpg?fit=96%2C96&ssl=1\",\"url\":\"https:\\\/\\\/i0.wp.com\\\/culturesco.com\\\/wp-content\\\/uploads\\\/2018\\\/12\\\/Black-Beauty-and-me.jpg?fit=96%2C96&ssl=1\",\"contentUrl\":\"https:\\\/\\\/i0.wp.com\\\/culturesco.com\\\/wp-content\\\/uploads\\\/2018\\\/12\\\/Black-Beauty-and-me.jpg?fit=96%2C96&ssl=1\",\"caption\":\"Thierry Dauge\"},\"description\":\"Amoureux des 70\u2019s et du hard rock en particulier, Thierry Dauge est chroniqueur sur Culturesco par amour de l\u2019\u00e9criture musicale. Co-auteur du livre\\\"Pop rock - Les instruments de l'ombre\\\" aux \u00e9ditions du Camion Blanc, collaborateur de Vivi pour \\\"Mes Ann\u00e9es Trust\\\", auteur de \\\"Sparks\\\" aux \u00e9ditions du Layeur, parce que le rock est loin d'\u00eatre mort ...\",\"url\":\"https:\\\/\\\/culturesco.com\\\/index.php\\\/author\\\/thierry-dauge888\\\/\"}]}<\/script>\n<!-- \/ Yoast SEO plugin. -->","yoast_head_json":{"title":"\u00ab Mes Ann\u00e9es Trust \u00bb - Du v\u00e9cu par Vivi - Culturesco","description":"CulturesCo | Mes Ann\u00e9es Trust, de Yves \"Vivi\" Brusco, raconte Trust v\u00e9cu de l'int\u00e9rieur entre 1979 et 1989. Antisocial, R\u00e9pression, du b\u00e9ton.","robots":{"index":"index","follow":"follow","max-snippet":"max-snippet:-1","max-image-preview":"max-image-preview:large","max-video-preview":"max-video-preview:-1"},"canonical":"https:\/\/culturesco.com\/index.php\/2021\/09\/19\/mes-annees-trust-du-vecu-par-vivi-antisocial-marche-ou-creve-ideal\/","og_locale":"fr_FR","og_type":"article","og_title":"\u00ab Mes Ann\u00e9es Trust \u00bb - Du v\u00e9cu par Vivi - Culturesco","og_description":"CulturesCo | Mes Ann\u00e9es Trust, de Yves \"Vivi\" Brusco, raconte Trust v\u00e9cu de l'int\u00e9rieur entre 1979 et 1989. Antisocial, R\u00e9pression, du b\u00e9ton.","og_url":"https:\/\/culturesco.com\/index.php\/2021\/09\/19\/mes-annees-trust-du-vecu-par-vivi-antisocial-marche-ou-creve-ideal\/","og_site_name":"Culturesco","article_publisher":"https:\/\/www.facebook.com\/radioculturesco","article_published_time":"2021-09-19T19:45:06+00:00","article_modified_time":"2021-09-22T18:39:57+00:00","og_image":[{"width":600,"height":340,"url":"https:\/\/i2.wp.com\/culturesco.com\/wp-content\/uploads\/2021\/09\/Vivi-Mes-annees-Trust-Front.jpg?fit=600%2C340&ssl=1","type":"image\/jpeg"}],"author":"Thierry Dauge","twitter_card":"summary_large_image","twitter_creator":"@AugusteMarshal","twitter_site":"@AugusteMarshal","twitter_misc":{"\u00c9crit par":"Thierry Dauge","Dur\u00e9e de lecture estim\u00e9e":"4 minutes"},"schema":{"@context":"https:\/\/schema.org","@graph":[{"@type":"Article","@id":"https:\/\/culturesco.com\/index.php\/2021\/09\/19\/mes-annees-trust-du-vecu-par-vivi-antisocial-marche-ou-creve-ideal\/#article","isPartOf":{"@id":"https:\/\/culturesco.com\/index.php\/2021\/09\/19\/mes-annees-trust-du-vecu-par-vivi-antisocial-marche-ou-creve-ideal\/"},"author":{"name":"Thierry Dauge","@id":"https:\/\/culturesco.com\/#\/schema\/person\/19f04cf232d246197f6e7d62abe6cb0e"},"headline":"\u00ab Mes Ann\u00e9es Trust \u00bb &#8211; Du v\u00e9cu par Vivi","datePublished":"2021-09-19T19:45:06+00:00","dateModified":"2021-09-22T18:39:57+00:00","mainEntityOfPage":{"@id":"https:\/\/culturesco.com\/index.php\/2021\/09\/19\/mes-annees-trust-du-vecu-par-vivi-antisocial-marche-ou-creve-ideal\/"},"wordCount":723,"commentCount":0,"publisher":{"@id":"https:\/\/culturesco.com\/#organization"},"image":{"@id":"https:\/\/culturesco.com\/index.php\/2021\/09\/19\/mes-annees-trust-du-vecu-par-vivi-antisocial-marche-ou-creve-ideal\/#primaryimage"},"thumbnailUrl":"https:\/\/i0.wp.com\/culturesco.com\/wp-content\/uploads\/2021\/09\/Vivi-Mes-annees-Trust-Front.jpg?fit=600%2C340&ssl=1","keywords":["hard rock","Livre Rock","Personnalit\u00e9 Rock"],"articleSection":["Carotte Rock Cultures","Litt\u00e9rature","Livre Rock"],"inLanguage":"fr-FR","potentialAction":[{"@type":"CommentAction","name":"Comment","target":["https:\/\/culturesco.com\/index.php\/2021\/09\/19\/mes-annees-trust-du-vecu-par-vivi-antisocial-marche-ou-creve-ideal\/#respond"]}]},{"@type":"WebPage","@id":"https:\/\/culturesco.com\/index.php\/2021\/09\/19\/mes-annees-trust-du-vecu-par-vivi-antisocial-marche-ou-creve-ideal\/","url":"https:\/\/culturesco.com\/index.php\/2021\/09\/19\/mes-annees-trust-du-vecu-par-vivi-antisocial-marche-ou-creve-ideal\/","name":"\u00ab Mes Ann\u00e9es Trust \u00bb - Du v\u00e9cu par Vivi - Culturesco","isPartOf":{"@id":"https:\/\/culturesco.com\/#website"},"primaryImageOfPage":{"@id":"https:\/\/culturesco.com\/index.php\/2021\/09\/19\/mes-annees-trust-du-vecu-par-vivi-antisocial-marche-ou-creve-ideal\/#primaryimage"},"image":{"@id":"https:\/\/culturesco.com\/index.php\/2021\/09\/19\/mes-annees-trust-du-vecu-par-vivi-antisocial-marche-ou-creve-ideal\/#primaryimage"},"thumbnailUrl":"https:\/\/i0.wp.com\/culturesco.com\/wp-content\/uploads\/2021\/09\/Vivi-Mes-annees-Trust-Front.jpg?fit=600%2C340&ssl=1","datePublished":"2021-09-19T19:45:06+00:00","dateModified":"2021-09-22T18:39:57+00:00","description":"CulturesCo | Mes Ann\u00e9es Trust, de Yves \"Vivi\" Brusco, raconte Trust v\u00e9cu de l'int\u00e9rieur entre 1979 et 1989. Antisocial, R\u00e9pression, du b\u00e9ton.","breadcrumb":{"@id":"https:\/\/culturesco.com\/index.php\/2021\/09\/19\/mes-annees-trust-du-vecu-par-vivi-antisocial-marche-ou-creve-ideal\/#breadcrumb"},"inLanguage":"fr-FR","potentialAction":[{"@type":"ReadAction","target":["https:\/\/culturesco.com\/index.php\/2021\/09\/19\/mes-annees-trust-du-vecu-par-vivi-antisocial-marche-ou-creve-ideal\/"]}]},{"@type":"ImageObject","inLanguage":"fr-FR","@id":"https:\/\/culturesco.com\/index.php\/2021\/09\/19\/mes-annees-trust-du-vecu-par-vivi-antisocial-marche-ou-creve-ideal\/#primaryimage","url":"https:\/\/i0.wp.com\/culturesco.com\/wp-content\/uploads\/2021\/09\/Vivi-Mes-annees-Trust-Front.jpg?fit=600%2C340&ssl=1","contentUrl":"https:\/\/i0.wp.com\/culturesco.com\/wp-content\/uploads\/2021\/09\/Vivi-Mes-annees-Trust-Front.jpg?fit=600%2C340&ssl=1","width":600,"height":340,"caption":"Mes ann\u00e9es Trust"},{"@type":"BreadcrumbList","@id":"https:\/\/culturesco.com\/index.php\/2021\/09\/19\/mes-annees-trust-du-vecu-par-vivi-antisocial-marche-ou-creve-ideal\/#breadcrumb","itemListElement":[{"@type":"ListItem","position":1,"name":"Accueil","item":"https:\/\/culturesco.com\/"},{"@type":"ListItem","position":2,"name":"\u00ab Mes Ann\u00e9es Trust \u00bb &#8211; Du v\u00e9cu par Vivi"}]},{"@type":"WebSite","@id":"https:\/\/culturesco.com\/#website","url":"https:\/\/culturesco.com\/","name":"Culturesco","description":"Culturesco | Un bon coup de pied dans ta Culture","publisher":{"@id":"https:\/\/culturesco.com\/#organization"},"potentialAction":[{"@type":"SearchAction","target":{"@type":"EntryPoint","urlTemplate":"https:\/\/culturesco.com\/?s={search_term_string}"},"query-input":{"@type":"PropertyValueSpecification","valueRequired":true,"valueName":"search_term_string"}}],"inLanguage":"fr-FR"},{"@type":"Organization","@id":"https:\/\/culturesco.com\/#organization","name":"CULTURESCO","url":"https:\/\/culturesco.com\/","logo":{"@type":"ImageObject","inLanguage":"fr-FR","@id":"https:\/\/culturesco.com\/#\/schema\/logo\/image\/","url":"https:\/\/i0.wp.com\/culturesco.com\/wp-content\/uploads\/2022\/04\/culturesco-logo-blanc250p.png?fit=250%2C250&ssl=1","contentUrl":"https:\/\/i0.wp.com\/culturesco.com\/wp-content\/uploads\/2022\/04\/culturesco-logo-blanc250p.png?fit=250%2C250&ssl=1","width":250,"height":250,"caption":"CULTURESCO"},"image":{"@id":"https:\/\/culturesco.com\/#\/schema\/logo\/image\/"},"sameAs":["https:\/\/www.facebook.com\/radioculturesco","https:\/\/x.com\/AugusteMarshal","https:\/\/www.instagram.com\/carotte_rock_culture\/","https:\/\/www.pinterest.fr\/augustemarshal\/","https:\/\/www.youtube.com\/channel\/UCiWLGffqWSXlNnfzp6YwwyQ"]},{"@type":"Person","@id":"https:\/\/culturesco.com\/#\/schema\/person\/19f04cf232d246197f6e7d62abe6cb0e","name":"Thierry Dauge","image":{"@type":"ImageObject","inLanguage":"fr-FR","@id":"https:\/\/i0.wp.com\/culturesco.com\/wp-content\/uploads\/2018\/12\/Black-Beauty-and-me.jpg?fit=96%2C96&ssl=1","url":"https:\/\/i0.wp.com\/culturesco.com\/wp-content\/uploads\/2018\/12\/Black-Beauty-and-me.jpg?fit=96%2C96&ssl=1","contentUrl":"https:\/\/i0.wp.com\/culturesco.com\/wp-content\/uploads\/2018\/12\/Black-Beauty-and-me.jpg?fit=96%2C96&ssl=1","caption":"Thierry Dauge"},"description":"Amoureux des 70\u2019s et du hard rock en particulier, Thierry Dauge est chroniqueur sur Culturesco par amour de l\u2019\u00e9criture musicale. Co-auteur du livre\"Pop rock - Les instruments de l'ombre\" aux \u00e9ditions du Camion Blanc, collaborateur de Vivi pour \"Mes Ann\u00e9es Trust\", auteur de \"Sparks\" aux \u00e9ditions du Layeur, parce que le rock est loin d'\u00eatre mort ...","url":"https:\/\/culturesco.com\/index.php\/author\/thierry-dauge888\/"}]}},"jetpack_featured_media_url":"https:\/\/i0.wp.com\/culturesco.com\/wp-content\/uploads\/2021\/09\/Vivi-Mes-annees-Trust-Front.jpg?fit=600%2C340&ssl=1","jetpack_likes_enabled":true,"jetpack_sharing_enabled":true,"jetpack_shortlink":"https:\/\/wp.me\/paz89I-3S9","_links":{"self":[{"href":"https:\/\/culturesco.com\/index.php\/wp-json\/wp\/v2\/posts\/14889","targetHints":{"allow":["GET"]}}],"collection":[{"href":"https:\/\/culturesco.com\/index.php\/wp-json\/wp\/v2\/posts"}],"about":[{"href":"https:\/\/culturesco.com\/index.php\/wp-json\/wp\/v2\/types\/post"}],"author":[{"embeddable":true,"href":"https:\/\/culturesco.com\/index.php\/wp-json\/wp\/v2\/users\/3"}],"replies":[{"embeddable":true,"href":"https:\/\/culturesco.com\/index.php\/wp-json\/wp\/v2\/comments?post=14889"}],"version-history":[{"count":0,"href":"https:\/\/culturesco.com\/index.php\/wp-json\/wp\/v2\/posts\/14889\/revisions"}],"wp:featuredmedia":[{"embeddable":true,"href":"https:\/\/culturesco.com\/index.php\/wp-json\/wp\/v2\/media\/14890"}],"wp:attachment":[{"href":"https:\/\/culturesco.com\/index.php\/wp-json\/wp\/v2\/media?parent=14889"}],"wp:term":[{"taxonomy":"category","embeddable":true,"href":"https:\/\/culturesco.com\/index.php\/wp-json\/wp\/v2\/categories?post=14889"},{"taxonomy":"post_tag","embeddable":true,"href":"https:\/\/culturesco.com\/index.php\/wp-json\/wp\/v2\/tags?post=14889"}],"curies":[{"name":"wp","href":"https:\/\/api.w.org\/{rel}","templated":true}]}}