{"id":14811,"date":"2021-09-11T00:30:00","date_gmt":"2021-09-10T22:30:00","guid":{"rendered":"https:\/\/culturesco.com\/?p=14811"},"modified":"2022-09-12T19:50:44","modified_gmt":"2022-09-12T17:50:44","slug":"des-visages-des-figures-le-final-hypnotique-de-noir-desir-le-vent-nous-portera-lost","status":"publish","type":"post","link":"https:\/\/culturesco.com\/index.php\/2021\/09\/11\/des-visages-des-figures-le-final-hypnotique-de-noir-desir-le-vent-nous-portera-lost\/","title":{"rendered":"Des Visages des Figures, le final hypnotique de Noir D\u00e9sir"},"content":{"rendered":"<h2>L\u2019album singulier d\u2019un mastodonte du rock<\/h2>\n<p><img data-recalc-dims=\"1\" loading=\"lazy\" decoding=\"async\" class=\"aligncenter wp-image-14819 size-full\" src=\"https:\/\/i0.wp.com\/culturesco.com\/wp-content\/uploads\/2021\/09\/noir-decc81sir.jpg?resize=553%2C340&#038;ssl=1\" alt=\"Noir D\u00e9sir - Des Visages, des Figures\" width=\"553\" height=\"340\" srcset=\"https:\/\/i0.wp.com\/culturesco.com\/wp-content\/uploads\/2021\/09\/noir-decc81sir.jpg?w=553&amp;ssl=1 553w, https:\/\/i0.wp.com\/culturesco.com\/wp-content\/uploads\/2021\/09\/noir-decc81sir.jpg?resize=300%2C184&amp;ssl=1 300w, https:\/\/i0.wp.com\/culturesco.com\/wp-content\/uploads\/2021\/09\/noir-decc81sir.jpg?resize=356%2C220&amp;ssl=1 356w\" sizes=\"auto, (max-width: 553px) 100vw, 553px\" \/><\/p>\n<p style=\"text-align: justify\">A l\u2019approche de la quarantaine, les membres de <strong>Noir D\u00e9sir<\/strong> refusent tout compromis. Sans pour autant renoncer \u00e0 leur engagement, ils s\u2019efforcent de conserver l\u2019int\u00e9grit\u00e9 de leur muse, en suivant leurs envies, et en prenant le temps de les faire na\u00eetre.<\/p>\n<p style=\"text-align: justify\">Au d\u00e9but du troisi\u00e8me mill\u00e9naire, tandis qu\u2019outre-manche, la jeunesse exhume le cadavre du rock\u2019n\u2019roll, <a href=\"https:\/\/culturesco.com\/index.php\/2019\/12\/06\/noir-desir-tostaky-sorti-le-7-decembre-1992-album-culte-du-groupe-de-bertrand-cantat\/\" target=\"_blank\" rel=\"noopener\"><em>la fine fleur du rock fran\u00e7ais<\/em><\/a> d\u00e9cide de colorer ses paysages sonores.<\/p>\n<h3 style=\"text-align: justify\">Une oeuvre visuelle et universelle<\/h3>\n<p><img data-recalc-dims=\"1\" loading=\"lazy\" decoding=\"async\" class=\"size-medium wp-image-14821 aligncenter\" src=\"https:\/\/i0.wp.com\/culturesco.com\/wp-content\/uploads\/2021\/09\/91xqpowVC5L._SL1500_-1.jpg?resize=300%2C270&#038;ssl=1\" alt=\"Des Visages, des Figures\" width=\"300\" height=\"270\" srcset=\"https:\/\/i0.wp.com\/culturesco.com\/wp-content\/uploads\/2021\/09\/91xqpowVC5L._SL1500_-1.jpg?resize=300%2C270&amp;ssl=1 300w, https:\/\/i0.wp.com\/culturesco.com\/wp-content\/uploads\/2021\/09\/91xqpowVC5L._SL1500_-1.jpg?resize=698%2C627&amp;ssl=1 698w, https:\/\/i0.wp.com\/culturesco.com\/wp-content\/uploads\/2021\/09\/91xqpowVC5L._SL1500_-1.jpg?resize=768%2C690&amp;ssl=1 768w, https:\/\/i0.wp.com\/culturesco.com\/wp-content\/uploads\/2021\/09\/91xqpowVC5L._SL1500_-1.jpg?resize=696%2C625&amp;ssl=1 696w, https:\/\/i0.wp.com\/culturesco.com\/wp-content\/uploads\/2021\/09\/91xqpowVC5L._SL1500_-1.jpg?resize=1068%2C960&amp;ssl=1 1068w, https:\/\/i0.wp.com\/culturesco.com\/wp-content\/uploads\/2021\/09\/91xqpowVC5L._SL1500_-1.jpg?resize=467%2C420&amp;ssl=1 467w, https:\/\/i0.wp.com\/culturesco.com\/wp-content\/uploads\/2021\/09\/91xqpowVC5L._SL1500_-1.jpg?w=600&amp;ssl=1 600w\" sizes=\"auto, (max-width: 300px) 100vw, 300px\" \/><\/p>\n<p style=\"text-align: justify\">Pour cela, ils changent leurs habitudes et s\u2019\u00e9loignent de Bordeaux. Durant pr\u00e8s de deux ans, Noir D\u00e9sir vogue entre Marrakech, New York et Paris, enregistrant de courtes s\u00e9ances pour leur nouvel album, <strong><em>Des Visages des Figures<\/em><\/strong><em>.<\/em><\/p>\n<blockquote>\n<h4 style=\"text-align: justify\"><em>\u201cMusicalement, il y avait l&rsquo;envie commune de r\u00e9apprendre nos instruments, d&rsquo;en faire sortir une autre \u00e9motion et d&rsquo;en apprendre d&rsquo;autres. [&#8230;] Multiplier les lieux, les conditions de jeux, d&rsquo;\u00e9criture, c&rsquo;est aussi multiplier les sentiments et les expressions.\u201d<\/em><br \/>\n<em>Serge Teyssot-Gay<\/em><\/h4>\n<\/blockquote>\n<p style=\"text-align: justify\">Apr\u00e8s trois opus somptueux au rock enrag\u00e9 et au verbe haut, une forme de maturit\u00e9 s\u2019insinue sur <strong><em>Des Visages, des Figures<\/em><\/strong> pour donner \u00e0 leurs compositions des allures de musique impressionniste.<\/p>\n<p style=\"text-align: justify\">A l&rsquo;image de la guitare de <strong>Teyssot-Gay<\/strong> dans le titre introductif. Sur un tapis acoustique il agr\u00e9mente par petites touches un instrumental hypnotique. Les sonorit\u00e9s d\u00e9laissent la puissance des pr\u00e9c\u00e9dents albums, pour ouvrir un nouvel univers, voisin du psych\u00e9.<\/p>\n<h3 style=\"text-align: justify\">Noir D\u00e9sir &#8211; L\u2019enfant Roi<\/h3>\n<div class=\"youtube-embed\" data-video_id=\"9jC7tCpnrYM\"><iframe loading=\"lazy\" title=\"L&#039;enfant roi\" width=\"696\" height=\"522\" src=\"https:\/\/www.youtube.com\/embed\/9jC7tCpnrYM\" frameborder=\"0\" allow=\"accelerometer; autoplay; clipboard-write; encrypted-media; gyroscope; picture-in-picture; web-share\" referrerpolicy=\"strict-origin-when-cross-origin\" allowfullscreen><\/iframe><\/div>\n<p style=\"text-align: justify\">Cantat lib\u00e8re les chiens sur <em>Le Grand Incendie<\/em> dans un slam venimeux. L\u2019album ayant \u00e9t\u00e9 publi\u00e9 le <strong>11 septembre 2001<\/strong>, jour des <a href=\"https:\/\/fr.wikipedia.org\/wiki\/Attentats_du_11_septembre_2001\" target=\"_blank\" rel=\"noopener\">attentats du World Trade Center<\/a>, certains verront dans les vers du po\u00e8te des paroles visionnaires.<\/p>\n<p style=\"text-align: justify\">Noir D\u00e9sir annonce ses nouvelles couleurs, deux semaines avant la sortie de l\u2019album <strong><em>Des Visages des Figures<\/em><\/strong>, avec la parution du single <em>Le Vent Nous Portera<\/em>. S\u2019il n\u2019est pas tout \u00e0 fait repr\u00e9sentatif de l\u2019album, car moins d\u00e9pouill\u00e9, ce titre poss\u00e8de une verve po\u00e9tique et une musique hypnotique semblable aux autres pistes. <a href=\"https:\/\/culturesco.com\/index.php\/2019\/06\/06\/mano-negra-puta-s-fever-pourquoi-ce-titre-histoire-du-groupe-de-mala-vida-a-pas-assez-de-toi\/\" target=\"_blank\" rel=\"noopener\">Manu Chao<\/a>, pr\u00e9sent dans le studio voisin au moment de l\u2019enregistrement, vient poser sa rythmique. Quant au solo de clarinette, il est l&rsquo;\u0153uvre du hongrois <a href=\"https:\/\/fr.wikipedia.org\/wiki\/Akosh_Szelev%C3%A9nyi\" target=\"_blank\" rel=\"noopener\">Akosh Szelev\u00e9nyi<\/a>.<\/p>\n<h3 style=\"text-align: justify\">Noir D\u00e9sir &#8211; Le Vent Nous Portera<\/h3>\n<div class=\"youtube-embed\" data-video_id=\"NrgcRvBJYBE\"><iframe loading=\"lazy\" title=\"Noir D\u00e9sir - Le Vent Nous Portera (Clip Officiel)\" width=\"696\" height=\"392\" src=\"https:\/\/www.youtube.com\/embed\/NrgcRvBJYBE\" frameborder=\"0\" allow=\"accelerometer; autoplay; clipboard-write; encrypted-media; gyroscope; picture-in-picture; web-share\" referrerpolicy=\"strict-origin-when-cross-origin\" allowfullscreen><\/iframe><\/div>\n<p style=\"text-align: justify\">Si le groupe revendiquait d\u00e9j\u00e0 l\u2019influence des <a href=\"https:\/\/culturesco.com\/index.php\/2019\/11\/13\/strange-days-lalbum-conceptuel-des-doors-sortie-en-septembre-1967\/\" target=\"_blank\" rel=\"noopener\">Doors<\/a>, jamais sa musique n\u2019avait sonn\u00e9 si proche du <em>quatuor de Venice<\/em>. La po\u00e9sie morrisonienne n\u2019est pas une nouveaut\u00e9 chez <strong>Noir D\u00e9sir<\/strong>. En revanche, on d\u00e9couvre avec surprise des passages hallucin\u00e9s, des influences ethniques et \u00e9lectro.<\/p>\n<p style=\"text-align: justify\">A la diff\u00e9rence de leurs cousins californiens, qu&rsquo;il s&rsquo;agisse de <strong>Jean-Paul Roy<\/strong> (basse), <strong>Denis Barthe<\/strong> (batterie), <strong>Serge Teyssot-Gay<\/strong> (guitare) ou <strong>Bertrand Cantat<\/strong> (chant), chacun n&rsquo;utilise pas moins de sept instruments. Cette polyvalence a pour but de donner corps \u00e0 une \u0153uvre nouvelle et gourmande. Les riffs de l\u2019enfer ont laiss\u00e9 place \u00e0 une musique atmosph\u00e9rique, et servant le texte.<\/p>\n<p style=\"text-align: justify\">Le paysage sonore du groupe vient de muter pour offrir un d\u00e9cor sombre et rougeoyant, en parfaite ad\u00e9quation avec la po\u00e9sie cynico-romantique de Cantat. Car le feu br\u00fble encore dans le verbe. Dans cette \u0153uvre visuelle, quasi conceptuelle, tandis que le rythme se fait plus lent et lancinant, le message perdure.<\/p>\n<h3 style=\"text-align: justify\">Noir D\u00e9sir &#8211; A l\u2019envers \u00e0 l\u2019endroit<\/h3>\n<div class=\"youtube-embed\" data-video_id=\"evUCBwzFg4c\"><iframe loading=\"lazy\" title=\"noir desir \/ a l&#039;envers \u00e0 l&#039;endroit ( des visages des figures )\" width=\"696\" height=\"522\" src=\"https:\/\/www.youtube.com\/embed\/evUCBwzFg4c\" frameborder=\"0\" allow=\"accelerometer; autoplay; clipboard-write; encrypted-media; gyroscope; picture-in-picture; web-share\" referrerpolicy=\"strict-origin-when-cross-origin\" allowfullscreen><\/iframe><\/div>\n<p style=\"text-align: justify\">En pleine confiance, et dans un contexte international tendu, le chanteur adresse un vibrant hommage \u00e0 son idole <strong>L\u00e9o Ferr\u00e9<\/strong>, en adaptant un de ses titres encore in\u00e9dit.<\/p>\n<p style=\"text-align: justify\"><em>\u201cDes armes au secret des jours<\/em><br \/>\n<em>Sous l&rsquo;herbe, dans le ciel et puis dans l&rsquo;\u00e9criture<\/em><br \/>\n<em>Des qui vous font r\u00eaver tr\u00e8s tard dans les lectures<\/em><br \/>\n<em>Et qui mettent la po\u00e9sie dans les discours\u201d<\/em><\/p>\n<h3 style=\"text-align: justify\">Noir D\u00e9sir &#8211; Des Armes<\/h3>\n<div class=\"youtube-embed\" data-video_id=\"Wl9OIja-EmM\"><iframe loading=\"lazy\" title=\"noir desir \/ des armes ( l\u00e9o ferr\u00e9 ) ( des visages des figures )\" width=\"696\" height=\"522\" src=\"https:\/\/www.youtube.com\/embed\/Wl9OIja-EmM\" frameborder=\"0\" allow=\"accelerometer; autoplay; clipboard-write; encrypted-media; gyroscope; picture-in-picture; web-share\" referrerpolicy=\"strict-origin-when-cross-origin\" allowfullscreen><\/iframe><\/div>\n<p style=\"text-align: justify\">Avec le titre <em>Son Style 1<\/em>, <strong><em>Lost<\/em><\/strong> est la seule trace restante d\u2019un <strong><em>Noir D\u00e9sir<\/em><\/strong> r\u00e9volu. L\u2019\u00e9nergie brute d\u2019un rock m\u00e9tallique et souffreteux venant rappeler l\u2019appartenance du groupe \u00e0 une tradition visc\u00e9rale. Ses membres d\u00e9laissent alors les instruments insolites pour revenir aux fondamentaux : guitare, basse ,batterie.<\/p>\n<p style=\"text-align: justify\">Il n\u2019en reste pas moins que la structure du morceau, scind\u00e9e en deux, oscillant entre une ballade rock fa\u00e7on \u00ab\u00a0<em>Red Hot\u00a0\u00bb<\/em> po\u00e9tis\u00e9e, et un trash-rap \u00e0 la <a href=\"https:\/\/culturesco.com\/index.php\/2020\/01\/25\/rage-against-the-machine-et-la-prophetie-de-donald-trump-sur-le-clip-sleep-now-in-the-fire-ratm\/\" target=\"_blank\" rel=\"noopener\">Rage Against The Machine<\/a>, laissait entrevoir une \u00e9volution vers l\u2019\u00e9clatement des genres.<\/p>\n<p style=\"text-align: justify\">Dans tous les cas, l\u2019osmose est de mise. Noir D\u00e9sir renvoie l\u2019image d\u2019un groupe libre et accompli. Leur parcours et leurs influences se m\u00e9langent dans une ma\u00eetrise totale. Servis par une production soign\u00e9e et minutieuse, ils r\u00e9gurgitent cinquante ans de culture rock. Tant pis pour les orthodoxes de cette derni\u00e8re, qui n\u2019y verront que les effluves d\u2019un prog-rock m\u00e9pris\u00e9. Apr\u00e8s tout, l\u2019excellence ne fait jamais l\u2019unanimit\u00e9.<\/p>\n<p style=\"text-align: justify\"><em>\u201cDans la parano\u00efa (I&rsquo;m lost)<\/em><br \/>\n<em>Dans la schizophr\u00e9nia (I&rsquo;m lost)<\/em><br \/>\n<em>Un maniac-op\u00e9ra, I&rsquo;m lost<\/em><br \/>\n<em>Pharmaco p\u00e9rave<\/em><br \/>\n<em>I&rsquo;m lost but I&rsquo;m not stranded yet\u201d<\/em><\/p>\n<h3 style=\"text-align: justify\">Noir D\u00e9sir &#8211; Lost<\/h3>\n<div class=\"youtube-embed\" data-video_id=\"eN9NFeOUoZg\"><iframe loading=\"lazy\" title=\"noir desir \/ lost ( des visages des figures )\" width=\"696\" height=\"522\" src=\"https:\/\/www.youtube.com\/embed\/eN9NFeOUoZg\" frameborder=\"0\" allow=\"accelerometer; autoplay; clipboard-write; encrypted-media; gyroscope; picture-in-picture; web-share\" referrerpolicy=\"strict-origin-when-cross-origin\" allowfullscreen><\/iframe><\/div>\n<p style=\"text-align: justify\">Comment mettre les superlatifs de c\u00f4t\u00e9 lorsqu\u2019on est en pr\u00e9sence d\u2019un tel ph\u00e9nom\u00e8ne ! L\u2019\u00e9ternel complexe (du Corn Flakes ?) d\u2019un rock hexagonal d\u00e9nigr\u00e9, devrait pourtant s\u2019\u00e9vanouir \u00e0 l\u2019\u00e9coute de leur discographie. Leur rock brillant et sans pr\u00e9tention, l\u2019intransigeance de leurs choix, tout s\u00e9duit chez Noir D\u00e9sir.<\/p>\n<p style=\"text-align: justify\">Quant \u00e0 la qualit\u00e9 des textes, elle se baigne dans les eaux sacr\u00e9es de <a href=\"https:\/\/culturesco.com\/index.php\/2021\/05\/24\/bob-dylan-newport-et-lalbum-blonde-on-blonde-i-want-you-rainy-day-women-just-like-a-woman\/\" target=\"_blank\" rel=\"noopener\">Bob Dylan<\/a>, <a href=\"https:\/\/culturesco.com\/index.php\/2020\/07\/03\/noon-quand-jim-morrison-rencontre-la-musique-short-story-moonlight-drive\/\" target=\"_blank\" rel=\"noopener\">Jim Morrison<\/a> et <a href=\"https:\/\/culturesco.com\/index.php\/2021\/02\/04\/lou-reed-live-rock-n-roll-animal-transformer-berlin-sally-cant-dance\/\" target=\"_blank\" rel=\"noopener\">Lou Reed<\/a>. Jusqu\u2019ici, seuls les paroliers Thi\u00e9faine, <a href=\"https:\/\/culturesco.com\/index.php\/2019\/01\/18\/bernard-lavilliers-si-o-gringo-metait-conte\/\" target=\"_blank\" rel=\"noopener\">Lavilliers<\/a> ou <a href=\"https:\/\/culturesco.com\/index.php\/2019\/08\/07\/alain-bashung-fantaisie-militaire-conception-et-genese-de-l-album-de-la-nuit-je-mens-a-samuel-hall\/\" target=\"_blank\" rel=\"noopener\">Bashung<\/a> avaient po\u00e9tis\u00e9 le french-rock de la sorte.<\/p>\n<p><img data-recalc-dims=\"1\" loading=\"lazy\" decoding=\"async\" class=\"aligncenter wp-image-14820\" src=\"https:\/\/i0.wp.com\/culturesco.com\/wp-content\/uploads\/2021\/09\/noir-desir-visages-figures-2001-barclay-L-1.jpeg?resize=400%2C219&#038;ssl=1\" alt=\"\" width=\"400\" height=\"219\" srcset=\"https:\/\/i0.wp.com\/culturesco.com\/wp-content\/uploads\/2021\/09\/noir-desir-visages-figures-2001-barclay-L-1.jpeg?w=550&amp;ssl=1 550w, https:\/\/i0.wp.com\/culturesco.com\/wp-content\/uploads\/2021\/09\/noir-desir-visages-figures-2001-barclay-L-1.jpeg?resize=300%2C164&amp;ssl=1 300w\" sizes=\"auto, (max-width: 400px) 100vw, 400px\" \/><\/p>\n<p style=\"text-align: justify\">Avant de conclure cet opus hors-normes par vingt minutes de po\u00e9sie surr\u00e9aliste et un texte anti-mondialisation d\u00e9clam\u00e9 par la singuli\u00e8re <strong>Brigitte Fontaine<\/strong>, le po\u00e8te-rock livre l\u2019une de ses plus grandes \u0153uvres.<\/p>\n<p style=\"text-align: justify\">Au fil des ann\u00e9es, la po\u00e9sie surr\u00e9aliste et la facult\u00e9 d\u2019interpr\u00e9tation de <strong>Bertrand Cantat<\/strong> n\u2019ont fait que gagner en puissance \u00e9vocatrice. Le titre <em>L\u2019appartement<\/em> le confirme. Quant \u00e0 <strong><em>Bouquet de Nerfs<\/em><\/strong>, confession au lyrisme abstrait, il jouit d\u2019une plume inspir\u00e9e, et d\u2019un style affirm\u00e9. Le crescendo final et ses violons qui d\u00e9raillent, cl\u00f4turent une \u0153uvre tout simplement \u00e9blouissante.<\/p>\n<p style=\"text-align: justify\"><em>\u201cAgenda, donnez-moi<\/em><br \/>\n<em>De vos dates \u00e0 damner<\/em><br \/>\n<em>Tous les bouddhas du monde<\/em><br \/>\n<em>Et la Guadaloupe<\/em><\/p>\n<p style=\"text-align: justify\"><em>S&rsquo;il arrive qu&rsquo;un anglais<\/em><br \/>\n<em>Vienne me visiter dans la m\u00e9tempsychose<\/em><br \/>\n<em>Je saurai le recevoir<\/em><br \/>\n<em>Je peux lui en faire voir<\/em><br \/>\n<em>De la s\u00e9r\u00e9nit\u00e9<\/em><br \/>\n<em>Et m\u00eame lui laisser un certain go\u00fbt de fer<\/em><br \/>\n<em>Et ce bouquet de nerfs\u201d<\/em><\/p>\n<h3 style=\"text-align: justify\">Noir D\u00e9sir &#8211; Bouquet de nerfs<\/h3>\n<div class=\"youtube-embed\" data-video_id=\"d_d2BPaSF90\"><iframe loading=\"lazy\" title=\"noir desir \/ bouquet de nerfs ( des visages des figures )\" width=\"696\" height=\"522\" src=\"https:\/\/www.youtube.com\/embed\/d_d2BPaSF90\" frameborder=\"0\" allow=\"accelerometer; autoplay; clipboard-write; encrypted-media; gyroscope; picture-in-picture; web-share\" referrerpolicy=\"strict-origin-when-cross-origin\" allowfullscreen><\/iframe><\/div>\n<p style=\"text-align: justify\">Bien qu\u2019\u00e9clips\u00e9 par l\u2019impact des images terrifiantes du World Trade Center en flammes,<strong><em> Des Visages, des Figures<\/em><\/strong> , dernier opus du groupe, se vend \u00e0 plus d\u2019un million d\u2019exemplaires en l\u2019espace de trois mois !<\/p>\n<p style=\"text-align: justify\">De 1996, date de parution de l\u2019album <em>666.667<\/em>, au 11 septembre 2001, ces cinq ann\u00e9es \u00e9taient sans doute n\u00e9cessaires, pour que la France du rock s\u2019unifie derri\u00e8re son fleuron. Au point de le suivre hors des sentiers battus. Pour beaucoup, malgr\u00e9 la trag\u00e9die de Vilnius et le split du groupe, <strong>Noir D\u00e9sir<\/strong> conserve l\u2019image d\u2019un grand groupe, bien au del\u00e0 des genres.<\/p>\n<p>Serge Debono<\/p>\n","protected":false},"excerpt":{"rendered":"<p>L\u2019album singulier d\u2019un mastodonte du rock A l\u2019approche de la quarantaine, les membres de Noir D\u00e9sir refusent tout compromis. Sans pour autant renoncer \u00e0 leur engagement, ils s\u2019efforcent de conserver l\u2019int\u00e9grit\u00e9 de leur muse, en suivant leurs envies, et en prenant le temps de les faire na\u00eetre. Au d\u00e9but du troisi\u00e8me mill\u00e9naire, tandis qu\u2019outre-manche, la [&hellip;]<\/p>\n","protected":false},"author":15,"featured_media":14822,"comment_status":"open","ping_status":"open","sticky":false,"template":"","format":"image","meta":{"jetpack_post_was_ever_published":false,"tdm_status":"","tdm_grid_status":"","_jetpack_newsletter_access":"","_jetpack_dont_email_post_to_subs":false,"_jetpack_newsletter_tier_id":0,"_jetpack_memberships_contains_paywalled_content":false,"_jetpack_memberships_contains_paid_content":false,"footnotes":""},"categories":[30,17,22],"tags":[37,12189,58,11916,46,7103,51,13837],"class_list":{"0":"post-14811","1":"post","2":"type-post","3":"status-publish","4":"format-image","5":"has-post-thumbnail","7":"category-albums-rock","8":"category-carotte-rock-cultures","9":"category-citations","10":"tag-album-rock","11":"tag-albums-essentiels","12":"tag-histoire-du-rock","13":"tag-prog-rock","14":"tag-punk","15":"tag-rock","16":"tag-rock-francais","17":"tag-rock-psyche","18":"post_format-post-format-image"},"yoast_head":"<!-- This site is optimized with the Yoast SEO plugin v27.5 - https:\/\/yoast.com\/product\/yoast-seo-wordpress\/ -->\n<title>Des Visages des Figures, le final hypnotique de Noir D\u00e9sir - Culturesco<\/title>\n<meta name=\"description\" content=\"CulturesCo | 11 septembre 2001, le groupe Noir D\u00e9sir publie son dernier album. Des Visages des Figures, reste leur oeuvre la plus singuli\u00e8re.\" \/>\n<meta name=\"robots\" content=\"index, follow, max-snippet:-1, max-image-preview:large, max-video-preview:-1\" \/>\n<link rel=\"canonical\" href=\"https:\/\/culturesco.com\/index.php\/2021\/09\/11\/des-visages-des-figures-le-final-hypnotique-de-noir-desir-le-vent-nous-portera-lost\/\" \/>\n<meta property=\"og:locale\" content=\"fr_FR\" \/>\n<meta property=\"og:type\" content=\"article\" \/>\n<meta property=\"og:title\" content=\"Des Visages des Figures, le final hypnotique de Noir D\u00e9sir - Culturesco\" \/>\n<meta property=\"og:description\" content=\"CulturesCo | 11 septembre 2001, le groupe Noir D\u00e9sir publie son dernier album. Des Visages des Figures, reste leur oeuvre la plus singuli\u00e8re.\" \/>\n<meta property=\"og:url\" content=\"https:\/\/culturesco.com\/index.php\/2021\/09\/11\/des-visages-des-figures-le-final-hypnotique-de-noir-desir-le-vent-nous-portera-lost\/\" \/>\n<meta property=\"og:site_name\" content=\"Culturesco\" \/>\n<meta property=\"article:publisher\" content=\"https:\/\/www.facebook.com\/radioculturesco\" \/>\n<meta property=\"article:published_time\" content=\"2021-09-10T22:30:00+00:00\" \/>\n<meta property=\"article:modified_time\" content=\"2022-09-12T17:50:44+00:00\" \/>\n<meta property=\"og:image\" content=\"https:\/\/culturesco.com\/wp-content\/uploads\/2021\/09\/91xqpowVC5L._SL1500_.jpg\" \/>\n\t<meta property=\"og:image:width\" content=\"600\" \/>\n\t<meta property=\"og:image:height\" content=\"338\" \/>\n\t<meta property=\"og:image:type\" content=\"image\/jpeg\" \/>\n<meta name=\"author\" content=\"Serge Debono\" \/>\n<meta name=\"twitter:card\" content=\"summary_large_image\" \/>\n<meta name=\"twitter:creator\" content=\"@AugusteMarshal\" \/>\n<meta name=\"twitter:site\" content=\"@AugusteMarshal\" \/>\n<meta name=\"twitter:label1\" content=\"\u00c9crit par\" \/>\n\t<meta name=\"twitter:data1\" content=\"Serge Debono\" \/>\n\t<meta name=\"twitter:label2\" content=\"Dur\u00e9e de lecture estim\u00e9e\" \/>\n\t<meta name=\"twitter:data2\" content=\"7 minutes\" \/>\n<script type=\"application\/ld+json\" class=\"yoast-schema-graph\">{\"@context\":\"https:\\\/\\\/schema.org\",\"@graph\":[{\"@type\":\"Article\",\"@id\":\"https:\\\/\\\/culturesco.com\\\/index.php\\\/2021\\\/09\\\/11\\\/des-visages-des-figures-le-final-hypnotique-de-noir-desir-le-vent-nous-portera-lost\\\/#article\",\"isPartOf\":{\"@id\":\"https:\\\/\\\/culturesco.com\\\/index.php\\\/2021\\\/09\\\/11\\\/des-visages-des-figures-le-final-hypnotique-de-noir-desir-le-vent-nous-portera-lost\\\/\"},\"author\":{\"name\":\"Serge Debono\",\"@id\":\"https:\\\/\\\/culturesco.com\\\/#\\\/schema\\\/person\\\/3bb0040ed615ad5553a08cf2d68ec38e\"},\"headline\":\"Des Visages des Figures, le final hypnotique de Noir D\u00e9sir\",\"datePublished\":\"2021-09-10T22:30:00+00:00\",\"dateModified\":\"2022-09-12T17:50:44+00:00\",\"mainEntityOfPage\":{\"@id\":\"https:\\\/\\\/culturesco.com\\\/index.php\\\/2021\\\/09\\\/11\\\/des-visages-des-figures-le-final-hypnotique-de-noir-desir-le-vent-nous-portera-lost\\\/\"},\"wordCount\":1299,\"commentCount\":0,\"publisher\":{\"@id\":\"https:\\\/\\\/culturesco.com\\\/#organization\"},\"image\":{\"@id\":\"https:\\\/\\\/culturesco.com\\\/index.php\\\/2021\\\/09\\\/11\\\/des-visages-des-figures-le-final-hypnotique-de-noir-desir-le-vent-nous-portera-lost\\\/#primaryimage\"},\"thumbnailUrl\":\"https:\\\/\\\/i0.wp.com\\\/culturesco.com\\\/wp-content\\\/uploads\\\/2021\\\/09\\\/91xqpowVC5L._SL1500_.jpg?fit=600%2C338&ssl=1\",\"keywords\":[\"album rock\",\"Albums essentiels\",\"histoire du rock\",\"Prog-rock\",\"punk\",\"rock\",\"Rock fran\u00e7ais\",\"rock-psych\u00e9\"],\"articleSection\":[\"Albums rock\",\"Carotte Rock Cultures\",\"Citations\"],\"inLanguage\":\"fr-FR\",\"potentialAction\":[{\"@type\":\"CommentAction\",\"name\":\"Comment\",\"target\":[\"https:\\\/\\\/culturesco.com\\\/index.php\\\/2021\\\/09\\\/11\\\/des-visages-des-figures-le-final-hypnotique-de-noir-desir-le-vent-nous-portera-lost\\\/#respond\"]}]},{\"@type\":\"WebPage\",\"@id\":\"https:\\\/\\\/culturesco.com\\\/index.php\\\/2021\\\/09\\\/11\\\/des-visages-des-figures-le-final-hypnotique-de-noir-desir-le-vent-nous-portera-lost\\\/\",\"url\":\"https:\\\/\\\/culturesco.com\\\/index.php\\\/2021\\\/09\\\/11\\\/des-visages-des-figures-le-final-hypnotique-de-noir-desir-le-vent-nous-portera-lost\\\/\",\"name\":\"Des Visages des Figures, le final hypnotique de Noir D\u00e9sir - Culturesco\",\"isPartOf\":{\"@id\":\"https:\\\/\\\/culturesco.com\\\/#website\"},\"primaryImageOfPage\":{\"@id\":\"https:\\\/\\\/culturesco.com\\\/index.php\\\/2021\\\/09\\\/11\\\/des-visages-des-figures-le-final-hypnotique-de-noir-desir-le-vent-nous-portera-lost\\\/#primaryimage\"},\"image\":{\"@id\":\"https:\\\/\\\/culturesco.com\\\/index.php\\\/2021\\\/09\\\/11\\\/des-visages-des-figures-le-final-hypnotique-de-noir-desir-le-vent-nous-portera-lost\\\/#primaryimage\"},\"thumbnailUrl\":\"https:\\\/\\\/i0.wp.com\\\/culturesco.com\\\/wp-content\\\/uploads\\\/2021\\\/09\\\/91xqpowVC5L._SL1500_.jpg?fit=600%2C338&ssl=1\",\"datePublished\":\"2021-09-10T22:30:00+00:00\",\"dateModified\":\"2022-09-12T17:50:44+00:00\",\"description\":\"CulturesCo | 11 septembre 2001, le groupe Noir D\u00e9sir publie son dernier album. Des Visages des Figures, reste leur oeuvre la plus singuli\u00e8re.\",\"breadcrumb\":{\"@id\":\"https:\\\/\\\/culturesco.com\\\/index.php\\\/2021\\\/09\\\/11\\\/des-visages-des-figures-le-final-hypnotique-de-noir-desir-le-vent-nous-portera-lost\\\/#breadcrumb\"},\"inLanguage\":\"fr-FR\",\"potentialAction\":[{\"@type\":\"ReadAction\",\"target\":[\"https:\\\/\\\/culturesco.com\\\/index.php\\\/2021\\\/09\\\/11\\\/des-visages-des-figures-le-final-hypnotique-de-noir-desir-le-vent-nous-portera-lost\\\/\"]}]},{\"@type\":\"ImageObject\",\"inLanguage\":\"fr-FR\",\"@id\":\"https:\\\/\\\/culturesco.com\\\/index.php\\\/2021\\\/09\\\/11\\\/des-visages-des-figures-le-final-hypnotique-de-noir-desir-le-vent-nous-portera-lost\\\/#primaryimage\",\"url\":\"https:\\\/\\\/i0.wp.com\\\/culturesco.com\\\/wp-content\\\/uploads\\\/2021\\\/09\\\/91xqpowVC5L._SL1500_.jpg?fit=600%2C338&ssl=1\",\"contentUrl\":\"https:\\\/\\\/i0.wp.com\\\/culturesco.com\\\/wp-content\\\/uploads\\\/2021\\\/09\\\/91xqpowVC5L._SL1500_.jpg?fit=600%2C338&ssl=1\",\"width\":600,\"height\":338,\"caption\":\"Des Visages des Figures\"},{\"@type\":\"BreadcrumbList\",\"@id\":\"https:\\\/\\\/culturesco.com\\\/index.php\\\/2021\\\/09\\\/11\\\/des-visages-des-figures-le-final-hypnotique-de-noir-desir-le-vent-nous-portera-lost\\\/#breadcrumb\",\"itemListElement\":[{\"@type\":\"ListItem\",\"position\":1,\"name\":\"Accueil\",\"item\":\"https:\\\/\\\/culturesco.com\\\/\"},{\"@type\":\"ListItem\",\"position\":2,\"name\":\"Des Visages des Figures, le final hypnotique de Noir D\u00e9sir\"}]},{\"@type\":\"WebSite\",\"@id\":\"https:\\\/\\\/culturesco.com\\\/#website\",\"url\":\"https:\\\/\\\/culturesco.com\\\/\",\"name\":\"Culturesco\",\"description\":\"Culturesco | Un bon coup de pied dans ta Culture\",\"publisher\":{\"@id\":\"https:\\\/\\\/culturesco.com\\\/#organization\"},\"potentialAction\":[{\"@type\":\"SearchAction\",\"target\":{\"@type\":\"EntryPoint\",\"urlTemplate\":\"https:\\\/\\\/culturesco.com\\\/?s={search_term_string}\"},\"query-input\":{\"@type\":\"PropertyValueSpecification\",\"valueRequired\":true,\"valueName\":\"search_term_string\"}}],\"inLanguage\":\"fr-FR\"},{\"@type\":\"Organization\",\"@id\":\"https:\\\/\\\/culturesco.com\\\/#organization\",\"name\":\"CULTURESCO\",\"url\":\"https:\\\/\\\/culturesco.com\\\/\",\"logo\":{\"@type\":\"ImageObject\",\"inLanguage\":\"fr-FR\",\"@id\":\"https:\\\/\\\/culturesco.com\\\/#\\\/schema\\\/logo\\\/image\\\/\",\"url\":\"https:\\\/\\\/i0.wp.com\\\/culturesco.com\\\/wp-content\\\/uploads\\\/2022\\\/04\\\/culturesco-logo-blanc250p.png?fit=250%2C250&ssl=1\",\"contentUrl\":\"https:\\\/\\\/i0.wp.com\\\/culturesco.com\\\/wp-content\\\/uploads\\\/2022\\\/04\\\/culturesco-logo-blanc250p.png?fit=250%2C250&ssl=1\",\"width\":250,\"height\":250,\"caption\":\"CULTURESCO\"},\"image\":{\"@id\":\"https:\\\/\\\/culturesco.com\\\/#\\\/schema\\\/logo\\\/image\\\/\"},\"sameAs\":[\"https:\\\/\\\/www.facebook.com\\\/radioculturesco\",\"https:\\\/\\\/x.com\\\/AugusteMarshal\",\"https:\\\/\\\/www.instagram.com\\\/carotte_rock_culture\\\/\",\"https:\\\/\\\/www.pinterest.fr\\\/augustemarshal\\\/\",\"https:\\\/\\\/www.youtube.com\\\/channel\\\/UCiWLGffqWSXlNnfzp6YwwyQ\"]},{\"@type\":\"Person\",\"@id\":\"https:\\\/\\\/culturesco.com\\\/#\\\/schema\\\/person\\\/3bb0040ed615ad5553a08cf2d68ec38e\",\"name\":\"Serge Debono\",\"image\":{\"@type\":\"ImageObject\",\"inLanguage\":\"fr-FR\",\"@id\":\"https:\\\/\\\/i0.wp.com\\\/culturesco.com\\\/wp-content\\\/uploads\\\/2022\\\/05\\\/60002991_386930685257671_7441165878386753536_n.jpg?fit=96%2C96&ssl=1\",\"url\":\"https:\\\/\\\/i0.wp.com\\\/culturesco.com\\\/wp-content\\\/uploads\\\/2022\\\/05\\\/60002991_386930685257671_7441165878386753536_n.jpg?fit=96%2C96&ssl=1\",\"contentUrl\":\"https:\\\/\\\/i0.wp.com\\\/culturesco.com\\\/wp-content\\\/uploads\\\/2022\\\/05\\\/60002991_386930685257671_7441165878386753536_n.jpg?fit=96%2C96&ssl=1\",\"caption\":\"Serge Debono\"},\"description\":\"Passionn\u00e9 de musique 60's et 70's, Serge Debono est l'auteur de \\\"Crossroads, dans l'ombre de Jimi Hendrix\\\", un livre \u00e0 mi-chemin entre le roman initiatique et le conte rock, ainsi que d'une analyse du premier opus des Doors, tous deux publi\u00e9s aux Editions Andr\u00e9 Odemard. Il est \u00e9galement chroniqueur et auteur de fictions sur le site Cultures Co, la page FB Carottes Rock Culture, ainsi que animateur sur la radio web Pop Culture.\",\"url\":\"https:\\\/\\\/culturesco.com\\\/index.php\\\/author\\\/serge-debono\\\/\"}]}<\/script>\n<!-- \/ Yoast SEO plugin. -->","yoast_head_json":{"title":"Des Visages des Figures, le final hypnotique de Noir D\u00e9sir - Culturesco","description":"CulturesCo | 11 septembre 2001, le groupe Noir D\u00e9sir publie son dernier album. Des Visages des Figures, reste leur oeuvre la plus singuli\u00e8re.","robots":{"index":"index","follow":"follow","max-snippet":"max-snippet:-1","max-image-preview":"max-image-preview:large","max-video-preview":"max-video-preview:-1"},"canonical":"https:\/\/culturesco.com\/index.php\/2021\/09\/11\/des-visages-des-figures-le-final-hypnotique-de-noir-desir-le-vent-nous-portera-lost\/","og_locale":"fr_FR","og_type":"article","og_title":"Des Visages des Figures, le final hypnotique de Noir D\u00e9sir - Culturesco","og_description":"CulturesCo | 11 septembre 2001, le groupe Noir D\u00e9sir publie son dernier album. Des Visages des Figures, reste leur oeuvre la plus singuli\u00e8re.","og_url":"https:\/\/culturesco.com\/index.php\/2021\/09\/11\/des-visages-des-figures-le-final-hypnotique-de-noir-desir-le-vent-nous-portera-lost\/","og_site_name":"Culturesco","article_publisher":"https:\/\/www.facebook.com\/radioculturesco","article_published_time":"2021-09-10T22:30:00+00:00","article_modified_time":"2022-09-12T17:50:44+00:00","og_image":[{"width":600,"height":338,"url":"https:\/\/culturesco.com\/wp-content\/uploads\/2021\/09\/91xqpowVC5L._SL1500_.jpg","type":"image\/jpeg"}],"author":"Serge Debono","twitter_card":"summary_large_image","twitter_creator":"@AugusteMarshal","twitter_site":"@AugusteMarshal","twitter_misc":{"\u00c9crit par":"Serge Debono","Dur\u00e9e de lecture estim\u00e9e":"7 minutes"},"schema":{"@context":"https:\/\/schema.org","@graph":[{"@type":"Article","@id":"https:\/\/culturesco.com\/index.php\/2021\/09\/11\/des-visages-des-figures-le-final-hypnotique-de-noir-desir-le-vent-nous-portera-lost\/#article","isPartOf":{"@id":"https:\/\/culturesco.com\/index.php\/2021\/09\/11\/des-visages-des-figures-le-final-hypnotique-de-noir-desir-le-vent-nous-portera-lost\/"},"author":{"name":"Serge Debono","@id":"https:\/\/culturesco.com\/#\/schema\/person\/3bb0040ed615ad5553a08cf2d68ec38e"},"headline":"Des Visages des Figures, le final hypnotique de Noir D\u00e9sir","datePublished":"2021-09-10T22:30:00+00:00","dateModified":"2022-09-12T17:50:44+00:00","mainEntityOfPage":{"@id":"https:\/\/culturesco.com\/index.php\/2021\/09\/11\/des-visages-des-figures-le-final-hypnotique-de-noir-desir-le-vent-nous-portera-lost\/"},"wordCount":1299,"commentCount":0,"publisher":{"@id":"https:\/\/culturesco.com\/#organization"},"image":{"@id":"https:\/\/culturesco.com\/index.php\/2021\/09\/11\/des-visages-des-figures-le-final-hypnotique-de-noir-desir-le-vent-nous-portera-lost\/#primaryimage"},"thumbnailUrl":"https:\/\/i0.wp.com\/culturesco.com\/wp-content\/uploads\/2021\/09\/91xqpowVC5L._SL1500_.jpg?fit=600%2C338&ssl=1","keywords":["album rock","Albums essentiels","histoire du rock","Prog-rock","punk","rock","Rock fran\u00e7ais","rock-psych\u00e9"],"articleSection":["Albums rock","Carotte Rock Cultures","Citations"],"inLanguage":"fr-FR","potentialAction":[{"@type":"CommentAction","name":"Comment","target":["https:\/\/culturesco.com\/index.php\/2021\/09\/11\/des-visages-des-figures-le-final-hypnotique-de-noir-desir-le-vent-nous-portera-lost\/#respond"]}]},{"@type":"WebPage","@id":"https:\/\/culturesco.com\/index.php\/2021\/09\/11\/des-visages-des-figures-le-final-hypnotique-de-noir-desir-le-vent-nous-portera-lost\/","url":"https:\/\/culturesco.com\/index.php\/2021\/09\/11\/des-visages-des-figures-le-final-hypnotique-de-noir-desir-le-vent-nous-portera-lost\/","name":"Des Visages des Figures, le final hypnotique de Noir D\u00e9sir - Culturesco","isPartOf":{"@id":"https:\/\/culturesco.com\/#website"},"primaryImageOfPage":{"@id":"https:\/\/culturesco.com\/index.php\/2021\/09\/11\/des-visages-des-figures-le-final-hypnotique-de-noir-desir-le-vent-nous-portera-lost\/#primaryimage"},"image":{"@id":"https:\/\/culturesco.com\/index.php\/2021\/09\/11\/des-visages-des-figures-le-final-hypnotique-de-noir-desir-le-vent-nous-portera-lost\/#primaryimage"},"thumbnailUrl":"https:\/\/i0.wp.com\/culturesco.com\/wp-content\/uploads\/2021\/09\/91xqpowVC5L._SL1500_.jpg?fit=600%2C338&ssl=1","datePublished":"2021-09-10T22:30:00+00:00","dateModified":"2022-09-12T17:50:44+00:00","description":"CulturesCo | 11 septembre 2001, le groupe Noir D\u00e9sir publie son dernier album. Des Visages des Figures, reste leur oeuvre la plus singuli\u00e8re.","breadcrumb":{"@id":"https:\/\/culturesco.com\/index.php\/2021\/09\/11\/des-visages-des-figures-le-final-hypnotique-de-noir-desir-le-vent-nous-portera-lost\/#breadcrumb"},"inLanguage":"fr-FR","potentialAction":[{"@type":"ReadAction","target":["https:\/\/culturesco.com\/index.php\/2021\/09\/11\/des-visages-des-figures-le-final-hypnotique-de-noir-desir-le-vent-nous-portera-lost\/"]}]},{"@type":"ImageObject","inLanguage":"fr-FR","@id":"https:\/\/culturesco.com\/index.php\/2021\/09\/11\/des-visages-des-figures-le-final-hypnotique-de-noir-desir-le-vent-nous-portera-lost\/#primaryimage","url":"https:\/\/i0.wp.com\/culturesco.com\/wp-content\/uploads\/2021\/09\/91xqpowVC5L._SL1500_.jpg?fit=600%2C338&ssl=1","contentUrl":"https:\/\/i0.wp.com\/culturesco.com\/wp-content\/uploads\/2021\/09\/91xqpowVC5L._SL1500_.jpg?fit=600%2C338&ssl=1","width":600,"height":338,"caption":"Des Visages des Figures"},{"@type":"BreadcrumbList","@id":"https:\/\/culturesco.com\/index.php\/2021\/09\/11\/des-visages-des-figures-le-final-hypnotique-de-noir-desir-le-vent-nous-portera-lost\/#breadcrumb","itemListElement":[{"@type":"ListItem","position":1,"name":"Accueil","item":"https:\/\/culturesco.com\/"},{"@type":"ListItem","position":2,"name":"Des Visages des Figures, le final hypnotique de Noir D\u00e9sir"}]},{"@type":"WebSite","@id":"https:\/\/culturesco.com\/#website","url":"https:\/\/culturesco.com\/","name":"Culturesco","description":"Culturesco | Un bon coup de pied dans ta Culture","publisher":{"@id":"https:\/\/culturesco.com\/#organization"},"potentialAction":[{"@type":"SearchAction","target":{"@type":"EntryPoint","urlTemplate":"https:\/\/culturesco.com\/?s={search_term_string}"},"query-input":{"@type":"PropertyValueSpecification","valueRequired":true,"valueName":"search_term_string"}}],"inLanguage":"fr-FR"},{"@type":"Organization","@id":"https:\/\/culturesco.com\/#organization","name":"CULTURESCO","url":"https:\/\/culturesco.com\/","logo":{"@type":"ImageObject","inLanguage":"fr-FR","@id":"https:\/\/culturesco.com\/#\/schema\/logo\/image\/","url":"https:\/\/i0.wp.com\/culturesco.com\/wp-content\/uploads\/2022\/04\/culturesco-logo-blanc250p.png?fit=250%2C250&ssl=1","contentUrl":"https:\/\/i0.wp.com\/culturesco.com\/wp-content\/uploads\/2022\/04\/culturesco-logo-blanc250p.png?fit=250%2C250&ssl=1","width":250,"height":250,"caption":"CULTURESCO"},"image":{"@id":"https:\/\/culturesco.com\/#\/schema\/logo\/image\/"},"sameAs":["https:\/\/www.facebook.com\/radioculturesco","https:\/\/x.com\/AugusteMarshal","https:\/\/www.instagram.com\/carotte_rock_culture\/","https:\/\/www.pinterest.fr\/augustemarshal\/","https:\/\/www.youtube.com\/channel\/UCiWLGffqWSXlNnfzp6YwwyQ"]},{"@type":"Person","@id":"https:\/\/culturesco.com\/#\/schema\/person\/3bb0040ed615ad5553a08cf2d68ec38e","name":"Serge Debono","image":{"@type":"ImageObject","inLanguage":"fr-FR","@id":"https:\/\/i0.wp.com\/culturesco.com\/wp-content\/uploads\/2022\/05\/60002991_386930685257671_7441165878386753536_n.jpg?fit=96%2C96&ssl=1","url":"https:\/\/i0.wp.com\/culturesco.com\/wp-content\/uploads\/2022\/05\/60002991_386930685257671_7441165878386753536_n.jpg?fit=96%2C96&ssl=1","contentUrl":"https:\/\/i0.wp.com\/culturesco.com\/wp-content\/uploads\/2022\/05\/60002991_386930685257671_7441165878386753536_n.jpg?fit=96%2C96&ssl=1","caption":"Serge Debono"},"description":"Passionn\u00e9 de musique 60's et 70's, Serge Debono est l'auteur de \"Crossroads, dans l'ombre de Jimi Hendrix\", un livre \u00e0 mi-chemin entre le roman initiatique et le conte rock, ainsi que d'une analyse du premier opus des Doors, tous deux publi\u00e9s aux Editions Andr\u00e9 Odemard. Il est \u00e9galement chroniqueur et auteur de fictions sur le site Cultures Co, la page FB Carottes Rock Culture, ainsi que animateur sur la radio web Pop Culture.","url":"https:\/\/culturesco.com\/index.php\/author\/serge-debono\/"}]}},"jetpack_featured_media_url":"https:\/\/i0.wp.com\/culturesco.com\/wp-content\/uploads\/2021\/09\/91xqpowVC5L._SL1500_.jpg?fit=600%2C338&ssl=1","jetpack_likes_enabled":true,"jetpack_sharing_enabled":true,"jetpack_shortlink":"https:\/\/wp.me\/paz89I-3QT","_links":{"self":[{"href":"https:\/\/culturesco.com\/index.php\/wp-json\/wp\/v2\/posts\/14811","targetHints":{"allow":["GET"]}}],"collection":[{"href":"https:\/\/culturesco.com\/index.php\/wp-json\/wp\/v2\/posts"}],"about":[{"href":"https:\/\/culturesco.com\/index.php\/wp-json\/wp\/v2\/types\/post"}],"author":[{"embeddable":true,"href":"https:\/\/culturesco.com\/index.php\/wp-json\/wp\/v2\/users\/15"}],"replies":[{"embeddable":true,"href":"https:\/\/culturesco.com\/index.php\/wp-json\/wp\/v2\/comments?post=14811"}],"version-history":[{"count":0,"href":"https:\/\/culturesco.com\/index.php\/wp-json\/wp\/v2\/posts\/14811\/revisions"}],"wp:featuredmedia":[{"embeddable":true,"href":"https:\/\/culturesco.com\/index.php\/wp-json\/wp\/v2\/media\/14822"}],"wp:attachment":[{"href":"https:\/\/culturesco.com\/index.php\/wp-json\/wp\/v2\/media?parent=14811"}],"wp:term":[{"taxonomy":"category","embeddable":true,"href":"https:\/\/culturesco.com\/index.php\/wp-json\/wp\/v2\/categories?post=14811"},{"taxonomy":"post_tag","embeddable":true,"href":"https:\/\/culturesco.com\/index.php\/wp-json\/wp\/v2\/tags?post=14811"}],"curies":[{"name":"wp","href":"https:\/\/api.w.org\/{rel}","templated":true}]}}