{"id":14795,"date":"2021-08-31T21:27:31","date_gmt":"2021-08-31T19:27:31","guid":{"rendered":"https:\/\/culturesco.com\/?p=14795"},"modified":"2021-11-13T21:04:17","modified_gmt":"2021-11-13T20:04:17","slug":"mylene-farmer-une-voix-dans-la-nuit-libertine-instant-x-desenchantee-livre","status":"publish","type":"post","link":"https:\/\/culturesco.com\/index.php\/2021\/08\/31\/mylene-farmer-une-voix-dans-la-nuit-libertine-instant-x-desenchantee-livre\/","title":{"rendered":"Myl\u00e8ne FARMER &#8211; Une Voix Dans La Nuit"},"content":{"rendered":"<h2>Myl\u00e8ne FARMER &#8211; Une Voix Dans La Nuit<\/h2>\n<p><img data-recalc-dims=\"1\" loading=\"lazy\" decoding=\"async\" class=\"aligncenter wp-image-14796 size-full\" src=\"https:\/\/i0.wp.com\/culturesco.com\/wp-content\/uploads\/2021\/08\/Mylene-Farmer-Front.jpg?resize=600%2C361&#038;ssl=1\" alt=\"Myl\u00e8ne Farmer\" width=\"600\" height=\"361\" srcset=\"https:\/\/i0.wp.com\/culturesco.com\/wp-content\/uploads\/2021\/08\/Mylene-Farmer-Front.jpg?w=600&amp;ssl=1 600w, https:\/\/i0.wp.com\/culturesco.com\/wp-content\/uploads\/2021\/08\/Mylene-Farmer-Front.jpg?resize=300%2C181&amp;ssl=1 300w, https:\/\/i0.wp.com\/culturesco.com\/wp-content\/uploads\/2021\/08\/Mylene-Farmer-Front.jpg?resize=1041%2C627&amp;ssl=1 1041w, https:\/\/i0.wp.com\/culturesco.com\/wp-content\/uploads\/2021\/08\/Mylene-Farmer-Front.jpg?resize=768%2C463&amp;ssl=1 768w, https:\/\/i0.wp.com\/culturesco.com\/wp-content\/uploads\/2021\/08\/Mylene-Farmer-Front.jpg?resize=696%2C419&amp;ssl=1 696w, https:\/\/i0.wp.com\/culturesco.com\/wp-content\/uploads\/2021\/08\/Mylene-Farmer-Front.jpg?resize=697%2C420&amp;ssl=1 697w\" sizes=\"auto, (max-width: 600px) 100vw, 600px\" \/><\/p>\n<p style=\"text-align: justify;\"><strong><em>Une voix dans la nuit<\/em><\/strong>, d\u2019<strong>Olivier HOURIEZ,<\/strong> est une <strong>biographie<\/strong> qui retrace<strong> l\u2019int\u00e9gralit\u00e9 du parcours musical et sc\u00e9nique<\/strong> de <strong>Myl\u00e8ne Farmer<\/strong> entre <strong>1984<\/strong> et le documentaire intitul\u00e9 : <em>Myl\u00e8ne Farmer &#8211; l\u2019Ultime Cr\u00e9ation<\/em>, sorti en <strong>2020<\/strong>. Il s\u2019agit d\u2019une s\u00e9rie de trois films \/ vid\u00e9os (plus de 40 minutes chacun !) qui retracent les pr\u00e9paratifs des concerts qu\u2019elle donna \u00e0 <em>Paris La D\u00e9fense Ar\u00e9na<\/em> en juin 2019.<\/p>\n<h3>Myl\u00e8ne FARMER &#8211; L&rsquo;Ultime Cr\u00e9ation (teaser)<\/h3>\n<div class=\"youtube-embed\" data-video_id=\"oNfkhKOpBOg\"><iframe loading=\"lazy\" title=\"[BANDE-ANNONCE] \u00ab Myl\u00e8ne Farmer, l\u2019Ultime Cr\u00e9ation \u00bb\" width=\"696\" height=\"392\" src=\"https:\/\/www.youtube.com\/embed\/oNfkhKOpBOg\" frameborder=\"0\" allow=\"accelerometer; autoplay; clipboard-write; encrypted-media; gyroscope; picture-in-picture; web-share\" referrerpolicy=\"strict-origin-when-cross-origin\" allowfullscreen><\/iframe><\/div>\n<p style=\"text-align: justify;\"><strong>Les rencontres<\/strong> musicales, l\u2019histoire de <strong>tous ses albums<\/strong> ainsi que <strong>tous les titres<\/strong> de sa discographie sont <strong>analys\u00e9s dans l\u2019ouvrage<\/strong>. Les <strong>critiques de la presse<\/strong> couvrant cette p\u00e9riode, tant positives que n\u00e9gatives, y sont diss\u00e9qu\u00e9es. L\u2019encrage progressif de la chanteuse dans le <strong>panorama musical fran\u00e7ais et international<\/strong>, son immense popularit\u00e9,<strong> les ressorts de son succ\u00e8s<\/strong> font \u00e9galement l\u2019objet d\u2019une lecture serr\u00e9e. Vous l\u2019aurez compris, <strong>Olivier est un fan acharn\u00e9 et m\u00e9ticuleux<\/strong> qui a pass\u00e9 au crible tout ce qui a pu se dire ou se faire autour de Miss Farmer. Non content d\u2019exposer la vision des \u00ab autres \u00bb, il livre la sienne sur <strong>l\u2019ensemble du travail r\u00e9alis\u00e9 par la Belle<\/strong>.<\/p>\n<h3>L&rsquo;Instant X (live au Stade de France)<\/h3>\n<div class=\"youtube-embed\" data-video_id=\"nFxs2AQC5gA\"><iframe loading=\"lazy\" title=\"Myl\u00e8ne Farmer - L&#039;instant X (Stade de France Live)\" width=\"696\" height=\"392\" src=\"https:\/\/www.youtube.com\/embed\/nFxs2AQC5gA\" frameborder=\"0\" allow=\"accelerometer; autoplay; clipboard-write; encrypted-media; gyroscope; picture-in-picture; web-share\" referrerpolicy=\"strict-origin-when-cross-origin\" allowfullscreen><\/iframe><\/div>\n<p style=\"text-align: justify;\">Discourir de MF sans rendre hommage \u00e0 <strong>Laurent Boutonnat<\/strong>, son alter ego, serait faillir. A la fois <strong>producteur, compositeur et r\u00e9alisateur des clips<\/strong>, il est responsable \u00e0 cinquante pour cent de cette pl\u00e9thorique carri\u00e8re \u00ab des enchant\u00e9s \u00bb.<\/p>\n<p style=\"text-align: justify;\">D\u00e9sir d\u2019exhaustivit\u00e9 aidant, <strong>chaque vid\u00e9o-clip est racont\u00e9 puis analys\u00e9<\/strong> via l\u2019\u0153il et les sensations \u00e9prouv\u00e9es par l\u2019auteur. <strong>Ph\u00e9nom\u00e8ne \u00e0 l\u2019international<\/strong>, le travail de sa rousse \u00e9g\u00e9rie est historiquement, socialement et musicalement contextualis\u00e9, toutes \u00e9poques confondues. C\u2019est ainsi, par exemple, que l\u2019album <a href=\"https:\/\/www.youtube.com\/watch?v=pH2_6_jTrvQ\" target=\"_blank\" rel=\"noopener\"><em>Anamorphos\u00e9e<\/em><\/a> (1995) est confront\u00e9 \u00e0 l\u2019explosion du ph\u00e9nom\u00e8ne <a href=\"https:\/\/www.youtube.com\/watch?v=MS91knuzoOA\" target=\"_blank\" rel=\"noopener\">grunge<\/a>.<\/p>\n<p><a href=\"https:\/\/i0.wp.com\/culturesco.com\/wp-content\/uploads\/2021\/08\/Provoc-MF.jpg?ssl=1\"><img data-recalc-dims=\"1\" loading=\"lazy\" decoding=\"async\" class=\"aligncenter wp-image-14797\" src=\"https:\/\/i0.wp.com\/culturesco.com\/wp-content\/uploads\/2021\/08\/Provoc-MF.jpg?resize=310%2C429&#038;ssl=1\" alt=\"Myl\u00e8ne Farmer\" width=\"310\" height=\"429\" srcset=\"https:\/\/i0.wp.com\/culturesco.com\/wp-content\/uploads\/2021\/08\/Provoc-MF.jpg?resize=217%2C300&amp;ssl=1 217w, https:\/\/i0.wp.com\/culturesco.com\/wp-content\/uploads\/2021\/08\/Provoc-MF.jpg?resize=304%2C420&amp;ssl=1 304w, https:\/\/i0.wp.com\/culturesco.com\/wp-content\/uploads\/2021\/08\/Provoc-MF.jpg?w=328&amp;ssl=1 328w\" sizes=\"auto, (max-width: 310px) 100vw, 310px\" \/><\/a><\/p>\n<p style=\"text-align: justify;\">Des <strong>musiciens issus de formations \u00ab m\u00e9talliques \u00bb<\/strong> ayant int\u00e9gr\u00e9 l\u2019univers de Farmer \u00e0 leur travail, ou qui appr\u00e9cient son approche quasi gothique, <strong>apportent leurs t\u00e9moignages<\/strong>. Sans id\u00e9es de \u00ab genre \u00bb ou de \u00ab niche \u00bb, des <strong>repr\u00e9sentants de la \u00ab French Touch \u00bb<\/strong> livre \u00e9galement<strong> leurs impressions sur l\u2019ic\u00f4ne pop<\/strong>.<\/p>\n<h3>Myl\u00e8ne FARMER &#8211; XXL<\/h3>\n<div class=\"youtube-embed\" data-video_id=\"kYRZxaC6psk\"><iframe loading=\"lazy\" title=\"Myl\u00e8ne Farmer - XXL (Clip officiel)\" width=\"696\" height=\"522\" src=\"https:\/\/www.youtube.com\/embed\/kYRZxaC6psk\" frameborder=\"0\" allow=\"accelerometer; autoplay; clipboard-write; encrypted-media; gyroscope; picture-in-picture; web-share\" referrerpolicy=\"strict-origin-when-cross-origin\" allowfullscreen><\/iframe><\/div>\n<p style=\"text-align: justify;\"><strong>Les concerts de Myl\u00e8ne Farmer<\/strong> sont des moments tr\u00e8s importants dans l\u2019histoire qui <strong>l\u2019unit \u00e0 son public<\/strong>. Les r\u00e9cits retra\u00e7ant <strong>toutes ses tourn\u00e9es<\/strong> sont donc <strong>pr\u00e9sent\u00e9s<\/strong> et r\u00e9\u00e9valu\u00e9s. De la m\u00eame mani\u00e8re, les <strong>articles de presse<\/strong> \u00e9logieux ou beaucoup moins sympathiques sont int\u00e9gr\u00e9s.<\/p>\n<p style=\"text-align: justify;\">Tout au long de l\u2019ouvrage, le travail d\u2019analyse d\u2019<strong>Olivier Houriez<\/strong>, s\u2019il est bienveillant, <strong>tend<\/strong> surtout <strong>\u00e0 l\u2019objectiv\u00e9<\/strong>. Le livre s\u2019ach\u00e8ve sur des <strong>t\u00e9moignages de fans \u00e9trangers<\/strong> : ukrainiens, italiens, am\u00e9ricains, mexicains, argentins \u2026, via l\u2019anamn\u00e8se qui les ont amen\u00e9s \u00e0 devenir fans.<\/p>\n<h3>Libertine (live au Stade de France)<\/h3>\n<div class=\"youtube-embed\" data-video_id=\"-CUTJyBqBxE\"><iframe loading=\"lazy\" title=\"Myl\u00e8ne Farmer - Libertine (Stade de France Live)\" width=\"696\" height=\"392\" src=\"https:\/\/www.youtube.com\/embed\/-CUTJyBqBxE\" frameborder=\"0\" allow=\"accelerometer; autoplay; clipboard-write; encrypted-media; gyroscope; picture-in-picture; web-share\" referrerpolicy=\"strict-origin-when-cross-origin\" allowfullscreen><\/iframe><\/div>\n<p style=\"text-align: justify;\">Le dernier chapitre est consacr\u00e9 \u00e0 <strong><em>l\u2019Ultime Cr\u00e9ation<\/em><\/strong> et les in\u00e9vitables questions autour de <strong>l\u2019avenir de la Star<\/strong>, des interrogations forc\u00e9ment <strong>ouvertes \u00e0 tous les possibles.<\/strong><\/p>\n<p>Thierry Dauge<\/p>\n","protected":false},"excerpt":{"rendered":"<p>Myl\u00e8ne FARMER &#8211; Une Voix Dans La Nuit Une voix dans la nuit, d\u2019Olivier HOURIEZ, est une biographie qui retrace l\u2019int\u00e9gralit\u00e9 du parcours musical et sc\u00e9nique de Myl\u00e8ne Farmer entre 1984 et le documentaire intitul\u00e9 : Myl\u00e8ne Farmer &#8211; l\u2019Ultime Cr\u00e9ation, sorti en 2020. Il s\u2019agit d\u2019une s\u00e9rie de trois films \/ vid\u00e9os (plus de [&hellip;]<\/p>\n","protected":false},"author":3,"featured_media":15320,"comment_status":"open","ping_status":"open","sticky":false,"template":"","format":"image","meta":{"jetpack_post_was_ever_published":false,"tdm_status":"","tdm_grid_status":"","_jetpack_newsletter_access":"","_jetpack_dont_email_post_to_subs":false,"_jetpack_newsletter_tier_id":0,"_jetpack_memberships_contains_paywalled_content":false,"_jetpack_memberships_contains_paid_content":false,"footnotes":""},"categories":[17,23,27],"tags":[40,12020,42,20],"class_list":{"0":"post-14795","1":"post","2":"type-post","3":"status-publish","4":"format-image","5":"has-post-thumbnail","7":"category-carotte-rock-cultures","8":"category-chroniques-litteraires","9":"category-litterature","10":"tag-chanson-francaise","11":"tag-chanteuse","12":"tag-litterature","13":"tag-livre-rock","14":"post_format-post-format-image"},"yoast_head":"<!-- This site is optimized with the Yoast SEO plugin v27.5 - https:\/\/yoast.com\/product\/yoast-seo-wordpress\/ -->\n<title>Myl\u00e8ne FARMER - Une Voix Dans La Nuit - Culturesco Pop star fran\u00e7aise<\/title>\n<meta name=\"description\" content=\"CulturesCo | Une Voix Dans La nuit, livre exhaustif sur l&#039;ensemble de la carri\u00e8re de Myl\u00e8ne Farmer \u00e9crit par Olivier Houriez\" \/>\n<meta name=\"robots\" content=\"index, follow, max-snippet:-1, max-image-preview:large, max-video-preview:-1\" \/>\n<link rel=\"canonical\" href=\"https:\/\/culturesco.com\/index.php\/2021\/08\/31\/mylene-farmer-une-voix-dans-la-nuit-libertine-instant-x-desenchantee-livre\/\" \/>\n<meta property=\"og:locale\" content=\"fr_FR\" \/>\n<meta property=\"og:type\" content=\"article\" \/>\n<meta property=\"og:title\" content=\"Myl\u00e8ne FARMER - Une Voix Dans La Nuit - Culturesco Pop star fran\u00e7aise\" \/>\n<meta property=\"og:description\" content=\"CulturesCo | Une Voix Dans La nuit, livre exhaustif sur l&#039;ensemble de la carri\u00e8re de Myl\u00e8ne Farmer \u00e9crit par Olivier Houriez\" \/>\n<meta property=\"og:url\" content=\"https:\/\/culturesco.com\/index.php\/2021\/08\/31\/mylene-farmer-une-voix-dans-la-nuit-libertine-instant-x-desenchantee-livre\/\" \/>\n<meta property=\"og:site_name\" content=\"Culturesco\" \/>\n<meta property=\"article:publisher\" content=\"https:\/\/www.facebook.com\/radioculturesco\" \/>\n<meta property=\"article:published_time\" content=\"2021-08-31T19:27:31+00:00\" \/>\n<meta property=\"article:modified_time\" content=\"2021-11-13T20:04:17+00:00\" \/>\n<meta property=\"og:image\" content=\"https:\/\/i1.wp.com\/culturesco.com\/wp-content\/uploads\/2021\/08\/mylene-farmer.jpg?fit=600%2C338&ssl=1\" \/>\n\t<meta property=\"og:image:width\" content=\"600\" \/>\n\t<meta property=\"og:image:height\" content=\"338\" \/>\n\t<meta property=\"og:image:type\" content=\"image\/jpeg\" \/>\n<meta name=\"author\" content=\"Thierry Dauge\" \/>\n<meta name=\"twitter:card\" content=\"summary_large_image\" \/>\n<meta name=\"twitter:creator\" content=\"@AugusteMarshal\" \/>\n<meta name=\"twitter:site\" content=\"@AugusteMarshal\" \/>\n<meta name=\"twitter:label1\" content=\"\u00c9crit par\" \/>\n\t<meta name=\"twitter:data1\" content=\"Thierry Dauge\" \/>\n\t<meta name=\"twitter:label2\" content=\"Dur\u00e9e de lecture estim\u00e9e\" \/>\n\t<meta name=\"twitter:data2\" content=\"3 minutes\" \/>\n<script type=\"application\/ld+json\" class=\"yoast-schema-graph\">{\"@context\":\"https:\\\/\\\/schema.org\",\"@graph\":[{\"@type\":\"Article\",\"@id\":\"https:\\\/\\\/culturesco.com\\\/index.php\\\/2021\\\/08\\\/31\\\/mylene-farmer-une-voix-dans-la-nuit-libertine-instant-x-desenchantee-livre\\\/#article\",\"isPartOf\":{\"@id\":\"https:\\\/\\\/culturesco.com\\\/index.php\\\/2021\\\/08\\\/31\\\/mylene-farmer-une-voix-dans-la-nuit-libertine-instant-x-desenchantee-livre\\\/\"},\"author\":{\"name\":\"Thierry Dauge\",\"@id\":\"https:\\\/\\\/culturesco.com\\\/#\\\/schema\\\/person\\\/19f04cf232d246197f6e7d62abe6cb0e\"},\"headline\":\"Myl\u00e8ne FARMER &#8211; Une Voix Dans La Nuit\",\"datePublished\":\"2021-08-31T19:27:31+00:00\",\"dateModified\":\"2021-11-13T20:04:17+00:00\",\"mainEntityOfPage\":{\"@id\":\"https:\\\/\\\/culturesco.com\\\/index.php\\\/2021\\\/08\\\/31\\\/mylene-farmer-une-voix-dans-la-nuit-libertine-instant-x-desenchantee-livre\\\/\"},\"wordCount\":570,\"commentCount\":0,\"publisher\":{\"@id\":\"https:\\\/\\\/culturesco.com\\\/#organization\"},\"image\":{\"@id\":\"https:\\\/\\\/culturesco.com\\\/index.php\\\/2021\\\/08\\\/31\\\/mylene-farmer-une-voix-dans-la-nuit-libertine-instant-x-desenchantee-livre\\\/#primaryimage\"},\"thumbnailUrl\":\"https:\\\/\\\/i0.wp.com\\\/culturesco.com\\\/wp-content\\\/uploads\\\/2021\\\/08\\\/mylene-farmer.jpg?fit=600%2C338&ssl=1\",\"keywords\":[\"chanson fran\u00e7aise\",\"chanteuse\",\"litt\u00e9rature\",\"Livre Rock\"],\"articleSection\":[\"Carotte Rock Cultures\",\"Chroniques litt\u00e9raires\",\"Litt\u00e9rature\"],\"inLanguage\":\"fr-FR\",\"potentialAction\":[{\"@type\":\"CommentAction\",\"name\":\"Comment\",\"target\":[\"https:\\\/\\\/culturesco.com\\\/index.php\\\/2021\\\/08\\\/31\\\/mylene-farmer-une-voix-dans-la-nuit-libertine-instant-x-desenchantee-livre\\\/#respond\"]}]},{\"@type\":\"WebPage\",\"@id\":\"https:\\\/\\\/culturesco.com\\\/index.php\\\/2021\\\/08\\\/31\\\/mylene-farmer-une-voix-dans-la-nuit-libertine-instant-x-desenchantee-livre\\\/\",\"url\":\"https:\\\/\\\/culturesco.com\\\/index.php\\\/2021\\\/08\\\/31\\\/mylene-farmer-une-voix-dans-la-nuit-libertine-instant-x-desenchantee-livre\\\/\",\"name\":\"Myl\u00e8ne FARMER - Une Voix Dans La Nuit - Culturesco Pop star fran\u00e7aise\",\"isPartOf\":{\"@id\":\"https:\\\/\\\/culturesco.com\\\/#website\"},\"primaryImageOfPage\":{\"@id\":\"https:\\\/\\\/culturesco.com\\\/index.php\\\/2021\\\/08\\\/31\\\/mylene-farmer-une-voix-dans-la-nuit-libertine-instant-x-desenchantee-livre\\\/#primaryimage\"},\"image\":{\"@id\":\"https:\\\/\\\/culturesco.com\\\/index.php\\\/2021\\\/08\\\/31\\\/mylene-farmer-une-voix-dans-la-nuit-libertine-instant-x-desenchantee-livre\\\/#primaryimage\"},\"thumbnailUrl\":\"https:\\\/\\\/i0.wp.com\\\/culturesco.com\\\/wp-content\\\/uploads\\\/2021\\\/08\\\/mylene-farmer.jpg?fit=600%2C338&ssl=1\",\"datePublished\":\"2021-08-31T19:27:31+00:00\",\"dateModified\":\"2021-11-13T20:04:17+00:00\",\"description\":\"CulturesCo | Une Voix Dans La nuit, livre exhaustif sur l'ensemble de la carri\u00e8re de Myl\u00e8ne Farmer \u00e9crit par Olivier Houriez\",\"breadcrumb\":{\"@id\":\"https:\\\/\\\/culturesco.com\\\/index.php\\\/2021\\\/08\\\/31\\\/mylene-farmer-une-voix-dans-la-nuit-libertine-instant-x-desenchantee-livre\\\/#breadcrumb\"},\"inLanguage\":\"fr-FR\",\"potentialAction\":[{\"@type\":\"ReadAction\",\"target\":[\"https:\\\/\\\/culturesco.com\\\/index.php\\\/2021\\\/08\\\/31\\\/mylene-farmer-une-voix-dans-la-nuit-libertine-instant-x-desenchantee-livre\\\/\"]}]},{\"@type\":\"ImageObject\",\"inLanguage\":\"fr-FR\",\"@id\":\"https:\\\/\\\/culturesco.com\\\/index.php\\\/2021\\\/08\\\/31\\\/mylene-farmer-une-voix-dans-la-nuit-libertine-instant-x-desenchantee-livre\\\/#primaryimage\",\"url\":\"https:\\\/\\\/i0.wp.com\\\/culturesco.com\\\/wp-content\\\/uploads\\\/2021\\\/08\\\/mylene-farmer.jpg?fit=600%2C338&ssl=1\",\"contentUrl\":\"https:\\\/\\\/i0.wp.com\\\/culturesco.com\\\/wp-content\\\/uploads\\\/2021\\\/08\\\/mylene-farmer.jpg?fit=600%2C338&ssl=1\",\"width\":600,\"height\":338,\"caption\":\"mylene farmer\"},{\"@type\":\"BreadcrumbList\",\"@id\":\"https:\\\/\\\/culturesco.com\\\/index.php\\\/2021\\\/08\\\/31\\\/mylene-farmer-une-voix-dans-la-nuit-libertine-instant-x-desenchantee-livre\\\/#breadcrumb\",\"itemListElement\":[{\"@type\":\"ListItem\",\"position\":1,\"name\":\"Accueil\",\"item\":\"https:\\\/\\\/culturesco.com\\\/\"},{\"@type\":\"ListItem\",\"position\":2,\"name\":\"Myl\u00e8ne FARMER &#8211; Une Voix Dans La Nuit\"}]},{\"@type\":\"WebSite\",\"@id\":\"https:\\\/\\\/culturesco.com\\\/#website\",\"url\":\"https:\\\/\\\/culturesco.com\\\/\",\"name\":\"Culturesco\",\"description\":\"Culturesco | Un bon coup de pied dans ta Culture\",\"publisher\":{\"@id\":\"https:\\\/\\\/culturesco.com\\\/#organization\"},\"potentialAction\":[{\"@type\":\"SearchAction\",\"target\":{\"@type\":\"EntryPoint\",\"urlTemplate\":\"https:\\\/\\\/culturesco.com\\\/?s={search_term_string}\"},\"query-input\":{\"@type\":\"PropertyValueSpecification\",\"valueRequired\":true,\"valueName\":\"search_term_string\"}}],\"inLanguage\":\"fr-FR\"},{\"@type\":\"Organization\",\"@id\":\"https:\\\/\\\/culturesco.com\\\/#organization\",\"name\":\"CULTURESCO\",\"url\":\"https:\\\/\\\/culturesco.com\\\/\",\"logo\":{\"@type\":\"ImageObject\",\"inLanguage\":\"fr-FR\",\"@id\":\"https:\\\/\\\/culturesco.com\\\/#\\\/schema\\\/logo\\\/image\\\/\",\"url\":\"https:\\\/\\\/i0.wp.com\\\/culturesco.com\\\/wp-content\\\/uploads\\\/2022\\\/04\\\/culturesco-logo-blanc250p.png?fit=250%2C250&ssl=1\",\"contentUrl\":\"https:\\\/\\\/i0.wp.com\\\/culturesco.com\\\/wp-content\\\/uploads\\\/2022\\\/04\\\/culturesco-logo-blanc250p.png?fit=250%2C250&ssl=1\",\"width\":250,\"height\":250,\"caption\":\"CULTURESCO\"},\"image\":{\"@id\":\"https:\\\/\\\/culturesco.com\\\/#\\\/schema\\\/logo\\\/image\\\/\"},\"sameAs\":[\"https:\\\/\\\/www.facebook.com\\\/radioculturesco\",\"https:\\\/\\\/x.com\\\/AugusteMarshal\",\"https:\\\/\\\/www.instagram.com\\\/carotte_rock_culture\\\/\",\"https:\\\/\\\/www.pinterest.fr\\\/augustemarshal\\\/\",\"https:\\\/\\\/www.youtube.com\\\/channel\\\/UCiWLGffqWSXlNnfzp6YwwyQ\"]},{\"@type\":\"Person\",\"@id\":\"https:\\\/\\\/culturesco.com\\\/#\\\/schema\\\/person\\\/19f04cf232d246197f6e7d62abe6cb0e\",\"name\":\"Thierry Dauge\",\"image\":{\"@type\":\"ImageObject\",\"inLanguage\":\"fr-FR\",\"@id\":\"https:\\\/\\\/i0.wp.com\\\/culturesco.com\\\/wp-content\\\/uploads\\\/2018\\\/12\\\/Black-Beauty-and-me.jpg?fit=96%2C96&ssl=1\",\"url\":\"https:\\\/\\\/i0.wp.com\\\/culturesco.com\\\/wp-content\\\/uploads\\\/2018\\\/12\\\/Black-Beauty-and-me.jpg?fit=96%2C96&ssl=1\",\"contentUrl\":\"https:\\\/\\\/i0.wp.com\\\/culturesco.com\\\/wp-content\\\/uploads\\\/2018\\\/12\\\/Black-Beauty-and-me.jpg?fit=96%2C96&ssl=1\",\"caption\":\"Thierry Dauge\"},\"description\":\"Amoureux des 70\u2019s et du hard rock en particulier, Thierry Dauge est chroniqueur sur Culturesco par amour de l\u2019\u00e9criture musicale. Co-auteur du livre\\\"Pop rock - Les instruments de l'ombre\\\" aux \u00e9ditions du Camion Blanc, collaborateur de Vivi pour \\\"Mes Ann\u00e9es Trust\\\", auteur de \\\"Sparks\\\" aux \u00e9ditions du Layeur, parce que le rock est loin d'\u00eatre mort ...\",\"url\":\"https:\\\/\\\/culturesco.com\\\/index.php\\\/author\\\/thierry-dauge888\\\/\"}]}<\/script>\n<!-- \/ Yoast SEO plugin. -->","yoast_head_json":{"title":"Myl\u00e8ne FARMER - Une Voix Dans La Nuit - Culturesco Pop star fran\u00e7aise","description":"CulturesCo | Une Voix Dans La nuit, livre exhaustif sur l'ensemble de la carri\u00e8re de Myl\u00e8ne Farmer \u00e9crit par Olivier Houriez","robots":{"index":"index","follow":"follow","max-snippet":"max-snippet:-1","max-image-preview":"max-image-preview:large","max-video-preview":"max-video-preview:-1"},"canonical":"https:\/\/culturesco.com\/index.php\/2021\/08\/31\/mylene-farmer-une-voix-dans-la-nuit-libertine-instant-x-desenchantee-livre\/","og_locale":"fr_FR","og_type":"article","og_title":"Myl\u00e8ne FARMER - Une Voix Dans La Nuit - Culturesco Pop star fran\u00e7aise","og_description":"CulturesCo | Une Voix Dans La nuit, livre exhaustif sur l'ensemble de la carri\u00e8re de Myl\u00e8ne Farmer \u00e9crit par Olivier Houriez","og_url":"https:\/\/culturesco.com\/index.php\/2021\/08\/31\/mylene-farmer-une-voix-dans-la-nuit-libertine-instant-x-desenchantee-livre\/","og_site_name":"Culturesco","article_publisher":"https:\/\/www.facebook.com\/radioculturesco","article_published_time":"2021-08-31T19:27:31+00:00","article_modified_time":"2021-11-13T20:04:17+00:00","og_image":[{"width":600,"height":338,"url":"https:\/\/i1.wp.com\/culturesco.com\/wp-content\/uploads\/2021\/08\/mylene-farmer.jpg?fit=600%2C338&ssl=1","type":"image\/jpeg"}],"author":"Thierry Dauge","twitter_card":"summary_large_image","twitter_creator":"@AugusteMarshal","twitter_site":"@AugusteMarshal","twitter_misc":{"\u00c9crit par":"Thierry Dauge","Dur\u00e9e de lecture estim\u00e9e":"3 minutes"},"schema":{"@context":"https:\/\/schema.org","@graph":[{"@type":"Article","@id":"https:\/\/culturesco.com\/index.php\/2021\/08\/31\/mylene-farmer-une-voix-dans-la-nuit-libertine-instant-x-desenchantee-livre\/#article","isPartOf":{"@id":"https:\/\/culturesco.com\/index.php\/2021\/08\/31\/mylene-farmer-une-voix-dans-la-nuit-libertine-instant-x-desenchantee-livre\/"},"author":{"name":"Thierry Dauge","@id":"https:\/\/culturesco.com\/#\/schema\/person\/19f04cf232d246197f6e7d62abe6cb0e"},"headline":"Myl\u00e8ne FARMER &#8211; Une Voix Dans La Nuit","datePublished":"2021-08-31T19:27:31+00:00","dateModified":"2021-11-13T20:04:17+00:00","mainEntityOfPage":{"@id":"https:\/\/culturesco.com\/index.php\/2021\/08\/31\/mylene-farmer-une-voix-dans-la-nuit-libertine-instant-x-desenchantee-livre\/"},"wordCount":570,"commentCount":0,"publisher":{"@id":"https:\/\/culturesco.com\/#organization"},"image":{"@id":"https:\/\/culturesco.com\/index.php\/2021\/08\/31\/mylene-farmer-une-voix-dans-la-nuit-libertine-instant-x-desenchantee-livre\/#primaryimage"},"thumbnailUrl":"https:\/\/i0.wp.com\/culturesco.com\/wp-content\/uploads\/2021\/08\/mylene-farmer.jpg?fit=600%2C338&ssl=1","keywords":["chanson fran\u00e7aise","chanteuse","litt\u00e9rature","Livre Rock"],"articleSection":["Carotte Rock Cultures","Chroniques litt\u00e9raires","Litt\u00e9rature"],"inLanguage":"fr-FR","potentialAction":[{"@type":"CommentAction","name":"Comment","target":["https:\/\/culturesco.com\/index.php\/2021\/08\/31\/mylene-farmer-une-voix-dans-la-nuit-libertine-instant-x-desenchantee-livre\/#respond"]}]},{"@type":"WebPage","@id":"https:\/\/culturesco.com\/index.php\/2021\/08\/31\/mylene-farmer-une-voix-dans-la-nuit-libertine-instant-x-desenchantee-livre\/","url":"https:\/\/culturesco.com\/index.php\/2021\/08\/31\/mylene-farmer-une-voix-dans-la-nuit-libertine-instant-x-desenchantee-livre\/","name":"Myl\u00e8ne FARMER - Une Voix Dans La Nuit - Culturesco Pop star fran\u00e7aise","isPartOf":{"@id":"https:\/\/culturesco.com\/#website"},"primaryImageOfPage":{"@id":"https:\/\/culturesco.com\/index.php\/2021\/08\/31\/mylene-farmer-une-voix-dans-la-nuit-libertine-instant-x-desenchantee-livre\/#primaryimage"},"image":{"@id":"https:\/\/culturesco.com\/index.php\/2021\/08\/31\/mylene-farmer-une-voix-dans-la-nuit-libertine-instant-x-desenchantee-livre\/#primaryimage"},"thumbnailUrl":"https:\/\/i0.wp.com\/culturesco.com\/wp-content\/uploads\/2021\/08\/mylene-farmer.jpg?fit=600%2C338&ssl=1","datePublished":"2021-08-31T19:27:31+00:00","dateModified":"2021-11-13T20:04:17+00:00","description":"CulturesCo | Une Voix Dans La nuit, livre exhaustif sur l'ensemble de la carri\u00e8re de Myl\u00e8ne Farmer \u00e9crit par Olivier Houriez","breadcrumb":{"@id":"https:\/\/culturesco.com\/index.php\/2021\/08\/31\/mylene-farmer-une-voix-dans-la-nuit-libertine-instant-x-desenchantee-livre\/#breadcrumb"},"inLanguage":"fr-FR","potentialAction":[{"@type":"ReadAction","target":["https:\/\/culturesco.com\/index.php\/2021\/08\/31\/mylene-farmer-une-voix-dans-la-nuit-libertine-instant-x-desenchantee-livre\/"]}]},{"@type":"ImageObject","inLanguage":"fr-FR","@id":"https:\/\/culturesco.com\/index.php\/2021\/08\/31\/mylene-farmer-une-voix-dans-la-nuit-libertine-instant-x-desenchantee-livre\/#primaryimage","url":"https:\/\/i0.wp.com\/culturesco.com\/wp-content\/uploads\/2021\/08\/mylene-farmer.jpg?fit=600%2C338&ssl=1","contentUrl":"https:\/\/i0.wp.com\/culturesco.com\/wp-content\/uploads\/2021\/08\/mylene-farmer.jpg?fit=600%2C338&ssl=1","width":600,"height":338,"caption":"mylene farmer"},{"@type":"BreadcrumbList","@id":"https:\/\/culturesco.com\/index.php\/2021\/08\/31\/mylene-farmer-une-voix-dans-la-nuit-libertine-instant-x-desenchantee-livre\/#breadcrumb","itemListElement":[{"@type":"ListItem","position":1,"name":"Accueil","item":"https:\/\/culturesco.com\/"},{"@type":"ListItem","position":2,"name":"Myl\u00e8ne FARMER &#8211; Une Voix Dans La Nuit"}]},{"@type":"WebSite","@id":"https:\/\/culturesco.com\/#website","url":"https:\/\/culturesco.com\/","name":"Culturesco","description":"Culturesco | Un bon coup de pied dans ta Culture","publisher":{"@id":"https:\/\/culturesco.com\/#organization"},"potentialAction":[{"@type":"SearchAction","target":{"@type":"EntryPoint","urlTemplate":"https:\/\/culturesco.com\/?s={search_term_string}"},"query-input":{"@type":"PropertyValueSpecification","valueRequired":true,"valueName":"search_term_string"}}],"inLanguage":"fr-FR"},{"@type":"Organization","@id":"https:\/\/culturesco.com\/#organization","name":"CULTURESCO","url":"https:\/\/culturesco.com\/","logo":{"@type":"ImageObject","inLanguage":"fr-FR","@id":"https:\/\/culturesco.com\/#\/schema\/logo\/image\/","url":"https:\/\/i0.wp.com\/culturesco.com\/wp-content\/uploads\/2022\/04\/culturesco-logo-blanc250p.png?fit=250%2C250&ssl=1","contentUrl":"https:\/\/i0.wp.com\/culturesco.com\/wp-content\/uploads\/2022\/04\/culturesco-logo-blanc250p.png?fit=250%2C250&ssl=1","width":250,"height":250,"caption":"CULTURESCO"},"image":{"@id":"https:\/\/culturesco.com\/#\/schema\/logo\/image\/"},"sameAs":["https:\/\/www.facebook.com\/radioculturesco","https:\/\/x.com\/AugusteMarshal","https:\/\/www.instagram.com\/carotte_rock_culture\/","https:\/\/www.pinterest.fr\/augustemarshal\/","https:\/\/www.youtube.com\/channel\/UCiWLGffqWSXlNnfzp6YwwyQ"]},{"@type":"Person","@id":"https:\/\/culturesco.com\/#\/schema\/person\/19f04cf232d246197f6e7d62abe6cb0e","name":"Thierry Dauge","image":{"@type":"ImageObject","inLanguage":"fr-FR","@id":"https:\/\/i0.wp.com\/culturesco.com\/wp-content\/uploads\/2018\/12\/Black-Beauty-and-me.jpg?fit=96%2C96&ssl=1","url":"https:\/\/i0.wp.com\/culturesco.com\/wp-content\/uploads\/2018\/12\/Black-Beauty-and-me.jpg?fit=96%2C96&ssl=1","contentUrl":"https:\/\/i0.wp.com\/culturesco.com\/wp-content\/uploads\/2018\/12\/Black-Beauty-and-me.jpg?fit=96%2C96&ssl=1","caption":"Thierry Dauge"},"description":"Amoureux des 70\u2019s et du hard rock en particulier, Thierry Dauge est chroniqueur sur Culturesco par amour de l\u2019\u00e9criture musicale. Co-auteur du livre\"Pop rock - Les instruments de l'ombre\" aux \u00e9ditions du Camion Blanc, collaborateur de Vivi pour \"Mes Ann\u00e9es Trust\", auteur de \"Sparks\" aux \u00e9ditions du Layeur, parce que le rock est loin d'\u00eatre mort ...","url":"https:\/\/culturesco.com\/index.php\/author\/thierry-dauge888\/"}]}},"jetpack_featured_media_url":"https:\/\/i0.wp.com\/culturesco.com\/wp-content\/uploads\/2021\/08\/mylene-farmer.jpg?fit=600%2C338&ssl=1","jetpack_likes_enabled":true,"jetpack_sharing_enabled":true,"jetpack_shortlink":"https:\/\/wp.me\/paz89I-3QD","_links":{"self":[{"href":"https:\/\/culturesco.com\/index.php\/wp-json\/wp\/v2\/posts\/14795","targetHints":{"allow":["GET"]}}],"collection":[{"href":"https:\/\/culturesco.com\/index.php\/wp-json\/wp\/v2\/posts"}],"about":[{"href":"https:\/\/culturesco.com\/index.php\/wp-json\/wp\/v2\/types\/post"}],"author":[{"embeddable":true,"href":"https:\/\/culturesco.com\/index.php\/wp-json\/wp\/v2\/users\/3"}],"replies":[{"embeddable":true,"href":"https:\/\/culturesco.com\/index.php\/wp-json\/wp\/v2\/comments?post=14795"}],"version-history":[{"count":0,"href":"https:\/\/culturesco.com\/index.php\/wp-json\/wp\/v2\/posts\/14795\/revisions"}],"wp:featuredmedia":[{"embeddable":true,"href":"https:\/\/culturesco.com\/index.php\/wp-json\/wp\/v2\/media\/15320"}],"wp:attachment":[{"href":"https:\/\/culturesco.com\/index.php\/wp-json\/wp\/v2\/media?parent=14795"}],"wp:term":[{"taxonomy":"category","embeddable":true,"href":"https:\/\/culturesco.com\/index.php\/wp-json\/wp\/v2\/categories?post=14795"},{"taxonomy":"post_tag","embeddable":true,"href":"https:\/\/culturesco.com\/index.php\/wp-json\/wp\/v2\/tags?post=14795"}],"curies":[{"name":"wp","href":"https:\/\/api.w.org\/{rel}","templated":true}]}}