{"id":14609,"date":"2021-07-28T01:37:56","date_gmt":"2021-07-27T23:37:56","guid":{"rendered":"https:\/\/culturesco.com\/?p=14609"},"modified":"2021-08-31T11:23:38","modified_gmt":"2021-08-31T09:23:38","slug":"olivier-martinelli-lenfant-guerre","status":"publish","type":"post","link":"https:\/\/culturesco.com\/index.php\/2021\/07\/28\/olivier-martinelli-lenfant-guerre\/","title":{"rendered":"Olivier Martinelli &#8211; L\u2019Enfant Guerre"},"content":{"rendered":"<h2 style=\"text-align: justify;\">Le Livre Des Purs, Tome 2<\/h2>\n<figure id=\"attachment_14610\" aria-describedby=\"caption-attachment-14610\" style=\"width: 274px\" class=\"wp-caption aligncenter\"><img data-recalc-dims=\"1\" loading=\"lazy\" decoding=\"async\" class=\"wp-image-14610 size-full\" src=\"https:\/\/i0.wp.com\/culturesco.com\/wp-content\/uploads\/2021\/07\/Olivier-Martinelli-e1628980574905.jpeg?resize=274%2C400&#038;ssl=1\" alt=\"Olivier Martinelli - L'Enfant Guerre\" width=\"274\" height=\"400\" \/><figcaption id=\"caption-attachment-14610\" class=\"wp-caption-text\">Olivier Martinelli &#8211; L&rsquo;Enfant Guerre<\/figcaption><\/figure>\n<h3 style=\"text-align: justify;\">La Guerre comme Mode de Vie<\/h3>\n<p style=\"text-align: justify;\">Tout d\u2019abord il faut remonter au <strong>Tome 1<\/strong>, chroniqu\u00e9 il y a un an : <a href=\"https:\/\/culturesco.com\/index.php\/2020\/09\/16\/le-livre-des-purs-de-olivier-martinelli\/\">https:\/\/culturesco.com\/index.php\/2020\/09\/16\/le-livre-des-purs-de-olivier-martinelli\/<\/a>. Une fois que vous aurez de nouveau m\u00e9moris\u00e9 ce qu\u2019il s\u2019est pass\u00e9, il va falloir s\u2019attaquer \u00e0 l\u2019immense d\u00e9fi qui attend <strong>Daan Le Rouge<\/strong>, \u00e0 savoir envahir <strong>La Grande \u00cele<\/strong> o\u00f9 se trouvent r\u00e9fugi\u00e9es et prisonni\u00e8res les vierges enlev\u00e9es et viol\u00e9es afin de les d\u00e9livrer.<\/p>\n<p style=\"text-align: justify;\">Mais rien n\u2019est simple dans tout livre d\u2019<strong>Epic Fantasy<\/strong>. Les confrontations sont dures, impitoyables, horribles. Et <strong>notre \u00ab\u00a0h\u00e9ros\u00a0\u00bb va se retrouver dans une situation inattendue<\/strong>, coinc\u00e9 entre une for\u00eat o\u00f9 s\u00e9vissent des cannibales et une <strong>Muraille<\/strong> \u00e0 c\u00f4t\u00e9 de laquelle la <strong>Grande Muraille de Chine<\/strong> ressemble \u00e0 un simple muret. Parce que, oui, il ne peut m\u00eame plus rentrer chez lui, victime d\u2019une <strong>ignoble trahison du c\u00f4t\u00e9 Palock<\/strong>.<\/p>\n<h3 style=\"text-align: justify;\"><em>Sig\u00fcr Ros &#8211; Olsen Olsen<\/em><\/h3>\n<div class=\"youtube-embed\" data-video_id=\"r99HxSSgzsw\"><iframe loading=\"lazy\" title=\"Olsen olsen\" width=\"696\" height=\"522\" src=\"https:\/\/www.youtube.com\/embed\/r99HxSSgzsw\" frameborder=\"0\" allow=\"accelerometer; autoplay; clipboard-write; encrypted-media; gyroscope; picture-in-picture; web-share\" referrerpolicy=\"strict-origin-when-cross-origin\" allowfullscreen><\/iframe><\/div>\n<p style=\"text-align: justify;\">Alors tout en grandissant et devenu le <strong><em>number one<\/em><\/strong> de ses troupes du <strong>peuple Krol<\/strong>, il va affronter, aupr\u00e8s de sa famille et de ses amis les plus proches, avec pertes et fracas, un monde qu\u2019il ne conna\u00eet pas encore parfaitement mais o\u00f9 ses troupes le suivront jusqu\u2019\u00e0 la mort\u2026 enfin presque. Et on peut le dire, sans d\u00e9voiler la fin surprenante, <strong>cela ne va pas se faire sans d\u00e9g\u00e2ts autour de lui et des personnages qui lui sont chers<\/strong>, jusqu\u2019\u00e0 se poser des questions, \u00e0 son tour, pour convoiter le fameux <strong>Livre des Purs<\/strong>. Va-t-il atteindre la sagesse, cet<strong><em>\u00a0Enfant Guerre<\/em><\/strong>, comme il est surnomm\u00e9, ou bien la vengeance sera-t-elle son \u00e9ternelle mode de vie\u00a0?&#8230; A vous de d\u00e9couvrir la suite.<\/p>\n<h3 style=\"text-align: justify;\"><em>Spiritualized &#8211; Freedom<\/em><\/h3>\n<div class=\"youtube-embed\" data-video_id=\"3ohKeAwgF_o\"><iframe loading=\"lazy\" title=\"Spiritualized - Freedom\" width=\"696\" height=\"392\" src=\"https:\/\/www.youtube.com\/embed\/3ohKeAwgF_o\" frameborder=\"0\" allow=\"accelerometer; autoplay; clipboard-write; encrypted-media; gyroscope; picture-in-picture; web-share\" referrerpolicy=\"strict-origin-when-cross-origin\" allowfullscreen><\/iframe><\/div>\n<p style=\"text-align: justify;\">Sachez que tout cela se lit ais\u00e9ment, avec envie. Chaque page se tourne avec la gourmandise de savoir ce qui va se passer. Car les surprises, bonnes et mauvaises, sont bien pr\u00e9sentes, pour attirer le lecteur jusqu\u2019\u00e0 la derni\u00e8re page. Au point de se poser une derni\u00e8re \u00e9nigme\u00a0: n\u2019y aurait-il pas une sorte de <strong>Tome 3<\/strong> qui germerait dans l\u2019esprit de l\u2019auteur, <strong>Olivier Martinelli<\/strong>, qu\u2019on a connu avant tout comme <strong>romancier autour du rock<\/strong> ?<\/p>\n<p style=\"text-align: justify;\"><strong>Olivier Martinelli &#8211; L\u2019Enfant Guerre<\/strong><\/p>\n<p style=\"text-align: justify;\"><strong>Le Livre Des Purs, Tome 2<\/strong><\/p>\n<p style=\"text-align: justify;\">Editions Leha \u2013 300 pages \u2013 19 \u20ac<\/p>\n<p style=\"text-align: justify;\"><strong>Patrick B\u00e9nard<\/strong><\/p>\n<p style=\"text-align: justify;\"><em>P.S.\u00a0: les vid\u00e9os qui illustrent cette chronique ont \u00e9t\u00e9 choisies par l\u2019auteur lui-m\u00eame, apr\u00e8s l\u2019avoir contact\u00e9. <\/em><\/p>\n","protected":false},"excerpt":{"rendered":"<p>Le Livre Des Purs, Tome 2 La Guerre comme Mode de Vie Tout d\u2019abord il faut remonter au Tome 1, chroniqu\u00e9 il y a un an : https:\/\/culturesco.com\/index.php\/2020\/09\/16\/le-livre-des-purs-de-olivier-martinelli\/. Une fois que vous aurez de nouveau m\u00e9moris\u00e9 ce qu\u2019il s\u2019est pass\u00e9, il va falloir s\u2019attaquer \u00e0 l\u2019immense d\u00e9fi qui attend Daan Le Rouge, \u00e0 savoir envahir [&hellip;]<\/p>\n","protected":false},"author":4,"featured_media":14610,"comment_status":"open","ping_status":"open","sticky":false,"template":"","format":"image","meta":{"jetpack_post_was_ever_published":false,"tdm_status":"","tdm_grid_status":"","_jetpack_newsletter_access":"","_jetpack_dont_email_post_to_subs":false,"_jetpack_newsletter_tier_id":0,"_jetpack_memberships_contains_paywalled_content":false,"_jetpack_memberships_contains_paid_content":false,"footnotes":""},"categories":[23,27],"tags":[13998,42,7102],"class_list":{"0":"post-14609","1":"post","2":"type-post","3":"status-publish","4":"format-image","5":"has-post-thumbnail","7":"category-chroniques-litteraires","8":"category-litterature","9":"tag-epic-fantasy","10":"tag-litterature","11":"tag-roman","12":"post_format-post-format-image"},"yoast_head":"<!-- This site is optimized with the Yoast SEO plugin v27.5 - https:\/\/yoast.com\/product\/yoast-seo-wordpress\/ -->\n<title>Olivier Martinelli - L\u2019Enfant Guerre - Culturesco<\/title>\n<meta name=\"description\" content=\"CulturesCo | Un bon coup de pied dans ta Culture | Chroniques et histoire du Rock, chanson fran\u00e7aise, litt\u00e9rature, cin\u00e9ma et bande dessin\u00e9e.\" \/>\n<meta name=\"robots\" content=\"index, follow, max-snippet:-1, max-image-preview:large, max-video-preview:-1\" \/>\n<link rel=\"canonical\" href=\"https:\/\/culturesco.com\/index.php\/2021\/07\/28\/olivier-martinelli-lenfant-guerre\/\" \/>\n<meta property=\"og:locale\" content=\"fr_FR\" \/>\n<meta property=\"og:type\" content=\"article\" \/>\n<meta property=\"og:title\" content=\"Olivier Martinelli - L\u2019Enfant Guerre - Culturesco\" \/>\n<meta property=\"og:description\" content=\"CulturesCo | Un bon coup de pied dans ta Culture | Chroniques et histoire du Rock, chanson fran\u00e7aise, litt\u00e9rature, cin\u00e9ma et bande dessin\u00e9e.\" \/>\n<meta property=\"og:url\" content=\"https:\/\/culturesco.com\/index.php\/2021\/07\/28\/olivier-martinelli-lenfant-guerre\/\" \/>\n<meta property=\"og:site_name\" content=\"Culturesco\" \/>\n<meta property=\"article:publisher\" content=\"https:\/\/www.facebook.com\/radioculturesco\" \/>\n<meta property=\"article:published_time\" content=\"2021-07-27T23:37:56+00:00\" \/>\n<meta property=\"article:modified_time\" content=\"2021-08-31T09:23:38+00:00\" \/>\n<meta property=\"og:image\" content=\"https:\/\/i2.wp.com\/culturesco.com\/wp-content\/uploads\/2021\/07\/Olivier-Martinelli-e1628980574905.jpeg?fit=274%2C400&ssl=1\" \/>\n\t<meta property=\"og:image:width\" content=\"274\" \/>\n\t<meta property=\"og:image:height\" content=\"400\" \/>\n\t<meta property=\"og:image:type\" content=\"image\/jpeg\" \/>\n<meta name=\"author\" content=\"Patrick Benard\" \/>\n<meta name=\"twitter:card\" content=\"summary_large_image\" \/>\n<meta name=\"twitter:creator\" content=\"@AugusteMarshal\" \/>\n<meta name=\"twitter:site\" content=\"@AugusteMarshal\" \/>\n<meta name=\"twitter:label1\" content=\"\u00c9crit par\" \/>\n\t<meta name=\"twitter:data1\" content=\"Patrick Benard\" \/>\n\t<meta name=\"twitter:label2\" content=\"Dur\u00e9e de lecture estim\u00e9e\" \/>\n\t<meta name=\"twitter:data2\" content=\"2 minutes\" \/>\n<script type=\"application\/ld+json\" class=\"yoast-schema-graph\">{\"@context\":\"https:\\\/\\\/schema.org\",\"@graph\":[{\"@type\":\"Article\",\"@id\":\"https:\\\/\\\/culturesco.com\\\/index.php\\\/2021\\\/07\\\/28\\\/olivier-martinelli-lenfant-guerre\\\/#article\",\"isPartOf\":{\"@id\":\"https:\\\/\\\/culturesco.com\\\/index.php\\\/2021\\\/07\\\/28\\\/olivier-martinelli-lenfant-guerre\\\/\"},\"author\":{\"name\":\"Patrick Benard\",\"@id\":\"https:\\\/\\\/culturesco.com\\\/#\\\/schema\\\/person\\\/c2ddd6724863f3bbd20a8278df0891f3\"},\"headline\":\"Olivier Martinelli &#8211; L\u2019Enfant Guerre\",\"datePublished\":\"2021-07-27T23:37:56+00:00\",\"dateModified\":\"2021-08-31T09:23:38+00:00\",\"mainEntityOfPage\":{\"@id\":\"https:\\\/\\\/culturesco.com\\\/index.php\\\/2021\\\/07\\\/28\\\/olivier-martinelli-lenfant-guerre\\\/\"},\"wordCount\":453,\"commentCount\":0,\"publisher\":{\"@id\":\"https:\\\/\\\/culturesco.com\\\/#organization\"},\"image\":{\"@id\":\"https:\\\/\\\/culturesco.com\\\/index.php\\\/2021\\\/07\\\/28\\\/olivier-martinelli-lenfant-guerre\\\/#primaryimage\"},\"thumbnailUrl\":\"https:\\\/\\\/i0.wp.com\\\/culturesco.com\\\/wp-content\\\/uploads\\\/2021\\\/07\\\/Olivier-Martinelli-e1628980574905.jpeg?fit=274%2C400&ssl=1\",\"keywords\":[\"Epic Fantasy\",\"litt\u00e9rature\",\"roman\"],\"articleSection\":[\"Chroniques litt\u00e9raires\",\"Litt\u00e9rature\"],\"inLanguage\":\"fr-FR\",\"potentialAction\":[{\"@type\":\"CommentAction\",\"name\":\"Comment\",\"target\":[\"https:\\\/\\\/culturesco.com\\\/index.php\\\/2021\\\/07\\\/28\\\/olivier-martinelli-lenfant-guerre\\\/#respond\"]}]},{\"@type\":\"WebPage\",\"@id\":\"https:\\\/\\\/culturesco.com\\\/index.php\\\/2021\\\/07\\\/28\\\/olivier-martinelli-lenfant-guerre\\\/\",\"url\":\"https:\\\/\\\/culturesco.com\\\/index.php\\\/2021\\\/07\\\/28\\\/olivier-martinelli-lenfant-guerre\\\/\",\"name\":\"Olivier Martinelli - L\u2019Enfant Guerre - Culturesco\",\"isPartOf\":{\"@id\":\"https:\\\/\\\/culturesco.com\\\/#website\"},\"primaryImageOfPage\":{\"@id\":\"https:\\\/\\\/culturesco.com\\\/index.php\\\/2021\\\/07\\\/28\\\/olivier-martinelli-lenfant-guerre\\\/#primaryimage\"},\"image\":{\"@id\":\"https:\\\/\\\/culturesco.com\\\/index.php\\\/2021\\\/07\\\/28\\\/olivier-martinelli-lenfant-guerre\\\/#primaryimage\"},\"thumbnailUrl\":\"https:\\\/\\\/i0.wp.com\\\/culturesco.com\\\/wp-content\\\/uploads\\\/2021\\\/07\\\/Olivier-Martinelli-e1628980574905.jpeg?fit=274%2C400&ssl=1\",\"datePublished\":\"2021-07-27T23:37:56+00:00\",\"dateModified\":\"2021-08-31T09:23:38+00:00\",\"description\":\"CulturesCo | Un bon coup de pied dans ta Culture | Chroniques et histoire du Rock, chanson fran\u00e7aise, litt\u00e9rature, cin\u00e9ma et bande dessin\u00e9e.\",\"breadcrumb\":{\"@id\":\"https:\\\/\\\/culturesco.com\\\/index.php\\\/2021\\\/07\\\/28\\\/olivier-martinelli-lenfant-guerre\\\/#breadcrumb\"},\"inLanguage\":\"fr-FR\",\"potentialAction\":[{\"@type\":\"ReadAction\",\"target\":[\"https:\\\/\\\/culturesco.com\\\/index.php\\\/2021\\\/07\\\/28\\\/olivier-martinelli-lenfant-guerre\\\/\"]}]},{\"@type\":\"ImageObject\",\"inLanguage\":\"fr-FR\",\"@id\":\"https:\\\/\\\/culturesco.com\\\/index.php\\\/2021\\\/07\\\/28\\\/olivier-martinelli-lenfant-guerre\\\/#primaryimage\",\"url\":\"https:\\\/\\\/i0.wp.com\\\/culturesco.com\\\/wp-content\\\/uploads\\\/2021\\\/07\\\/Olivier-Martinelli-e1628980574905.jpeg?fit=274%2C400&ssl=1\",\"contentUrl\":\"https:\\\/\\\/i0.wp.com\\\/culturesco.com\\\/wp-content\\\/uploads\\\/2021\\\/07\\\/Olivier-Martinelli-e1628980574905.jpeg?fit=274%2C400&ssl=1\",\"width\":274,\"height\":400,\"caption\":\"Olivier Martinelli - L'Enfant Guerre\"},{\"@type\":\"BreadcrumbList\",\"@id\":\"https:\\\/\\\/culturesco.com\\\/index.php\\\/2021\\\/07\\\/28\\\/olivier-martinelli-lenfant-guerre\\\/#breadcrumb\",\"itemListElement\":[{\"@type\":\"ListItem\",\"position\":1,\"name\":\"Accueil\",\"item\":\"https:\\\/\\\/culturesco.com\\\/\"},{\"@type\":\"ListItem\",\"position\":2,\"name\":\"Olivier Martinelli &#8211; L\u2019Enfant Guerre\"}]},{\"@type\":\"WebSite\",\"@id\":\"https:\\\/\\\/culturesco.com\\\/#website\",\"url\":\"https:\\\/\\\/culturesco.com\\\/\",\"name\":\"Culturesco\",\"description\":\"Culturesco | Un bon coup de pied dans ta Culture\",\"publisher\":{\"@id\":\"https:\\\/\\\/culturesco.com\\\/#organization\"},\"potentialAction\":[{\"@type\":\"SearchAction\",\"target\":{\"@type\":\"EntryPoint\",\"urlTemplate\":\"https:\\\/\\\/culturesco.com\\\/?s={search_term_string}\"},\"query-input\":{\"@type\":\"PropertyValueSpecification\",\"valueRequired\":true,\"valueName\":\"search_term_string\"}}],\"inLanguage\":\"fr-FR\"},{\"@type\":\"Organization\",\"@id\":\"https:\\\/\\\/culturesco.com\\\/#organization\",\"name\":\"CULTURESCO\",\"url\":\"https:\\\/\\\/culturesco.com\\\/\",\"logo\":{\"@type\":\"ImageObject\",\"inLanguage\":\"fr-FR\",\"@id\":\"https:\\\/\\\/culturesco.com\\\/#\\\/schema\\\/logo\\\/image\\\/\",\"url\":\"https:\\\/\\\/i0.wp.com\\\/culturesco.com\\\/wp-content\\\/uploads\\\/2022\\\/04\\\/culturesco-logo-blanc250p.png?fit=250%2C250&ssl=1\",\"contentUrl\":\"https:\\\/\\\/i0.wp.com\\\/culturesco.com\\\/wp-content\\\/uploads\\\/2022\\\/04\\\/culturesco-logo-blanc250p.png?fit=250%2C250&ssl=1\",\"width\":250,\"height\":250,\"caption\":\"CULTURESCO\"},\"image\":{\"@id\":\"https:\\\/\\\/culturesco.com\\\/#\\\/schema\\\/logo\\\/image\\\/\"},\"sameAs\":[\"https:\\\/\\\/www.facebook.com\\\/radioculturesco\",\"https:\\\/\\\/x.com\\\/AugusteMarshal\",\"https:\\\/\\\/www.instagram.com\\\/carotte_rock_culture\\\/\",\"https:\\\/\\\/www.pinterest.fr\\\/augustemarshal\\\/\",\"https:\\\/\\\/www.youtube.com\\\/channel\\\/UCiWLGffqWSXlNnfzp6YwwyQ\"]},{\"@type\":\"Person\",\"@id\":\"https:\\\/\\\/culturesco.com\\\/#\\\/schema\\\/person\\\/c2ddd6724863f3bbd20a8278df0891f3\",\"name\":\"Patrick Benard\",\"image\":{\"@type\":\"ImageObject\",\"inLanguage\":\"fr-FR\",\"@id\":\"https:\\\/\\\/i0.wp.com\\\/culturesco.com\\\/wp-content\\\/uploads\\\/2019\\\/02\\\/patrick-benard-2.jpg?fit=90%2C96&ssl=1\",\"url\":\"https:\\\/\\\/i0.wp.com\\\/culturesco.com\\\/wp-content\\\/uploads\\\/2019\\\/02\\\/patrick-benard-2.jpg?fit=90%2C96&ssl=1\",\"contentUrl\":\"https:\\\/\\\/i0.wp.com\\\/culturesco.com\\\/wp-content\\\/uploads\\\/2019\\\/02\\\/patrick-benard-2.jpg?fit=90%2C96&ssl=1\",\"caption\":\"Patrick Benard\"},\"description\":\"Ecrivain, chroniqueur, animateur radio, cr\u00e9ateur de la revue \u00ab Cin\u00e9manie \u00bb, autour du cin\u00e9ma dit d\u2019art et d\u2019essai, sp\u00e9cialiste du groupe The Cure, archiviste... 2020 : \\\"Le Post Rock\\\" essai sur le post rock de Mogwa\u00ef \u00e0 Godspeed You Black Emperor - Camion Blanc 2014 : \u00ab On the rocks \u2013le rock de 2007 \u00e0 2014 \u00bb chroniques livres et cd rocks, interviews \u2013Editions Vaillant 2010 : \u00ab Dans la T\u00eate de Robert Smith \u00bb, roman fiction autour de l\u2019histoire des Cure et de Robert Smith \u2013 Edilivres 2007 : \u00ab Chroniques Fr\u00e9n\u00e9tiques, une histoire intime du rock \u00bb, roman, prix Technikart. 2001 : \u00ab Les Iles du D\u00e9sert \u00bb, polar autour du rock \u2013 Editions Nykta\",\"url\":\"https:\\\/\\\/culturesco.com\\\/index.php\\\/author\\\/patrick-benard89\\\/\"}]}<\/script>\n<!-- \/ Yoast SEO plugin. -->","yoast_head_json":{"title":"Olivier Martinelli - L\u2019Enfant Guerre - Culturesco","description":"CulturesCo | Un bon coup de pied dans ta Culture | Chroniques et histoire du Rock, chanson fran\u00e7aise, litt\u00e9rature, cin\u00e9ma et bande dessin\u00e9e.","robots":{"index":"index","follow":"follow","max-snippet":"max-snippet:-1","max-image-preview":"max-image-preview:large","max-video-preview":"max-video-preview:-1"},"canonical":"https:\/\/culturesco.com\/index.php\/2021\/07\/28\/olivier-martinelli-lenfant-guerre\/","og_locale":"fr_FR","og_type":"article","og_title":"Olivier Martinelli - L\u2019Enfant Guerre - Culturesco","og_description":"CulturesCo | Un bon coup de pied dans ta Culture | Chroniques et histoire du Rock, chanson fran\u00e7aise, litt\u00e9rature, cin\u00e9ma et bande dessin\u00e9e.","og_url":"https:\/\/culturesco.com\/index.php\/2021\/07\/28\/olivier-martinelli-lenfant-guerre\/","og_site_name":"Culturesco","article_publisher":"https:\/\/www.facebook.com\/radioculturesco","article_published_time":"2021-07-27T23:37:56+00:00","article_modified_time":"2021-08-31T09:23:38+00:00","og_image":[{"width":274,"height":400,"url":"https:\/\/i2.wp.com\/culturesco.com\/wp-content\/uploads\/2021\/07\/Olivier-Martinelli-e1628980574905.jpeg?fit=274%2C400&ssl=1","type":"image\/jpeg"}],"author":"Patrick Benard","twitter_card":"summary_large_image","twitter_creator":"@AugusteMarshal","twitter_site":"@AugusteMarshal","twitter_misc":{"\u00c9crit par":"Patrick Benard","Dur\u00e9e de lecture estim\u00e9e":"2 minutes"},"schema":{"@context":"https:\/\/schema.org","@graph":[{"@type":"Article","@id":"https:\/\/culturesco.com\/index.php\/2021\/07\/28\/olivier-martinelli-lenfant-guerre\/#article","isPartOf":{"@id":"https:\/\/culturesco.com\/index.php\/2021\/07\/28\/olivier-martinelli-lenfant-guerre\/"},"author":{"name":"Patrick Benard","@id":"https:\/\/culturesco.com\/#\/schema\/person\/c2ddd6724863f3bbd20a8278df0891f3"},"headline":"Olivier Martinelli &#8211; L\u2019Enfant Guerre","datePublished":"2021-07-27T23:37:56+00:00","dateModified":"2021-08-31T09:23:38+00:00","mainEntityOfPage":{"@id":"https:\/\/culturesco.com\/index.php\/2021\/07\/28\/olivier-martinelli-lenfant-guerre\/"},"wordCount":453,"commentCount":0,"publisher":{"@id":"https:\/\/culturesco.com\/#organization"},"image":{"@id":"https:\/\/culturesco.com\/index.php\/2021\/07\/28\/olivier-martinelli-lenfant-guerre\/#primaryimage"},"thumbnailUrl":"https:\/\/i0.wp.com\/culturesco.com\/wp-content\/uploads\/2021\/07\/Olivier-Martinelli-e1628980574905.jpeg?fit=274%2C400&ssl=1","keywords":["Epic Fantasy","litt\u00e9rature","roman"],"articleSection":["Chroniques litt\u00e9raires","Litt\u00e9rature"],"inLanguage":"fr-FR","potentialAction":[{"@type":"CommentAction","name":"Comment","target":["https:\/\/culturesco.com\/index.php\/2021\/07\/28\/olivier-martinelli-lenfant-guerre\/#respond"]}]},{"@type":"WebPage","@id":"https:\/\/culturesco.com\/index.php\/2021\/07\/28\/olivier-martinelli-lenfant-guerre\/","url":"https:\/\/culturesco.com\/index.php\/2021\/07\/28\/olivier-martinelli-lenfant-guerre\/","name":"Olivier Martinelli - L\u2019Enfant Guerre - Culturesco","isPartOf":{"@id":"https:\/\/culturesco.com\/#website"},"primaryImageOfPage":{"@id":"https:\/\/culturesco.com\/index.php\/2021\/07\/28\/olivier-martinelli-lenfant-guerre\/#primaryimage"},"image":{"@id":"https:\/\/culturesco.com\/index.php\/2021\/07\/28\/olivier-martinelli-lenfant-guerre\/#primaryimage"},"thumbnailUrl":"https:\/\/i0.wp.com\/culturesco.com\/wp-content\/uploads\/2021\/07\/Olivier-Martinelli-e1628980574905.jpeg?fit=274%2C400&ssl=1","datePublished":"2021-07-27T23:37:56+00:00","dateModified":"2021-08-31T09:23:38+00:00","description":"CulturesCo | Un bon coup de pied dans ta Culture | Chroniques et histoire du Rock, chanson fran\u00e7aise, litt\u00e9rature, cin\u00e9ma et bande dessin\u00e9e.","breadcrumb":{"@id":"https:\/\/culturesco.com\/index.php\/2021\/07\/28\/olivier-martinelli-lenfant-guerre\/#breadcrumb"},"inLanguage":"fr-FR","potentialAction":[{"@type":"ReadAction","target":["https:\/\/culturesco.com\/index.php\/2021\/07\/28\/olivier-martinelli-lenfant-guerre\/"]}]},{"@type":"ImageObject","inLanguage":"fr-FR","@id":"https:\/\/culturesco.com\/index.php\/2021\/07\/28\/olivier-martinelli-lenfant-guerre\/#primaryimage","url":"https:\/\/i0.wp.com\/culturesco.com\/wp-content\/uploads\/2021\/07\/Olivier-Martinelli-e1628980574905.jpeg?fit=274%2C400&ssl=1","contentUrl":"https:\/\/i0.wp.com\/culturesco.com\/wp-content\/uploads\/2021\/07\/Olivier-Martinelli-e1628980574905.jpeg?fit=274%2C400&ssl=1","width":274,"height":400,"caption":"Olivier Martinelli - L'Enfant Guerre"},{"@type":"BreadcrumbList","@id":"https:\/\/culturesco.com\/index.php\/2021\/07\/28\/olivier-martinelli-lenfant-guerre\/#breadcrumb","itemListElement":[{"@type":"ListItem","position":1,"name":"Accueil","item":"https:\/\/culturesco.com\/"},{"@type":"ListItem","position":2,"name":"Olivier Martinelli &#8211; L\u2019Enfant Guerre"}]},{"@type":"WebSite","@id":"https:\/\/culturesco.com\/#website","url":"https:\/\/culturesco.com\/","name":"Culturesco","description":"Culturesco | Un bon coup de pied dans ta Culture","publisher":{"@id":"https:\/\/culturesco.com\/#organization"},"potentialAction":[{"@type":"SearchAction","target":{"@type":"EntryPoint","urlTemplate":"https:\/\/culturesco.com\/?s={search_term_string}"},"query-input":{"@type":"PropertyValueSpecification","valueRequired":true,"valueName":"search_term_string"}}],"inLanguage":"fr-FR"},{"@type":"Organization","@id":"https:\/\/culturesco.com\/#organization","name":"CULTURESCO","url":"https:\/\/culturesco.com\/","logo":{"@type":"ImageObject","inLanguage":"fr-FR","@id":"https:\/\/culturesco.com\/#\/schema\/logo\/image\/","url":"https:\/\/i0.wp.com\/culturesco.com\/wp-content\/uploads\/2022\/04\/culturesco-logo-blanc250p.png?fit=250%2C250&ssl=1","contentUrl":"https:\/\/i0.wp.com\/culturesco.com\/wp-content\/uploads\/2022\/04\/culturesco-logo-blanc250p.png?fit=250%2C250&ssl=1","width":250,"height":250,"caption":"CULTURESCO"},"image":{"@id":"https:\/\/culturesco.com\/#\/schema\/logo\/image\/"},"sameAs":["https:\/\/www.facebook.com\/radioculturesco","https:\/\/x.com\/AugusteMarshal","https:\/\/www.instagram.com\/carotte_rock_culture\/","https:\/\/www.pinterest.fr\/augustemarshal\/","https:\/\/www.youtube.com\/channel\/UCiWLGffqWSXlNnfzp6YwwyQ"]},{"@type":"Person","@id":"https:\/\/culturesco.com\/#\/schema\/person\/c2ddd6724863f3bbd20a8278df0891f3","name":"Patrick Benard","image":{"@type":"ImageObject","inLanguage":"fr-FR","@id":"https:\/\/i0.wp.com\/culturesco.com\/wp-content\/uploads\/2019\/02\/patrick-benard-2.jpg?fit=90%2C96&ssl=1","url":"https:\/\/i0.wp.com\/culturesco.com\/wp-content\/uploads\/2019\/02\/patrick-benard-2.jpg?fit=90%2C96&ssl=1","contentUrl":"https:\/\/i0.wp.com\/culturesco.com\/wp-content\/uploads\/2019\/02\/patrick-benard-2.jpg?fit=90%2C96&ssl=1","caption":"Patrick Benard"},"description":"Ecrivain, chroniqueur, animateur radio, cr\u00e9ateur de la revue \u00ab Cin\u00e9manie \u00bb, autour du cin\u00e9ma dit d\u2019art et d\u2019essai, sp\u00e9cialiste du groupe The Cure, archiviste... 2020 : \"Le Post Rock\" essai sur le post rock de Mogwa\u00ef \u00e0 Godspeed You Black Emperor - Camion Blanc 2014 : \u00ab On the rocks \u2013le rock de 2007 \u00e0 2014 \u00bb chroniques livres et cd rocks, interviews \u2013Editions Vaillant 2010 : \u00ab Dans la T\u00eate de Robert Smith \u00bb, roman fiction autour de l\u2019histoire des Cure et de Robert Smith \u2013 Edilivres 2007 : \u00ab Chroniques Fr\u00e9n\u00e9tiques, une histoire intime du rock \u00bb, roman, prix Technikart. 2001 : \u00ab Les Iles du D\u00e9sert \u00bb, polar autour du rock \u2013 Editions Nykta","url":"https:\/\/culturesco.com\/index.php\/author\/patrick-benard89\/"}]}},"jetpack_featured_media_url":"https:\/\/i0.wp.com\/culturesco.com\/wp-content\/uploads\/2021\/07\/Olivier-Martinelli-e1628980574905.jpeg?fit=274%2C400&ssl=1","jetpack_likes_enabled":true,"jetpack_sharing_enabled":true,"jetpack_shortlink":"https:\/\/wp.me\/paz89I-3ND","_links":{"self":[{"href":"https:\/\/culturesco.com\/index.php\/wp-json\/wp\/v2\/posts\/14609","targetHints":{"allow":["GET"]}}],"collection":[{"href":"https:\/\/culturesco.com\/index.php\/wp-json\/wp\/v2\/posts"}],"about":[{"href":"https:\/\/culturesco.com\/index.php\/wp-json\/wp\/v2\/types\/post"}],"author":[{"embeddable":true,"href":"https:\/\/culturesco.com\/index.php\/wp-json\/wp\/v2\/users\/4"}],"replies":[{"embeddable":true,"href":"https:\/\/culturesco.com\/index.php\/wp-json\/wp\/v2\/comments?post=14609"}],"version-history":[{"count":0,"href":"https:\/\/culturesco.com\/index.php\/wp-json\/wp\/v2\/posts\/14609\/revisions"}],"wp:featuredmedia":[{"embeddable":true,"href":"https:\/\/culturesco.com\/index.php\/wp-json\/wp\/v2\/media\/14610"}],"wp:attachment":[{"href":"https:\/\/culturesco.com\/index.php\/wp-json\/wp\/v2\/media?parent=14609"}],"wp:term":[{"taxonomy":"category","embeddable":true,"href":"https:\/\/culturesco.com\/index.php\/wp-json\/wp\/v2\/categories?post=14609"},{"taxonomy":"post_tag","embeddable":true,"href":"https:\/\/culturesco.com\/index.php\/wp-json\/wp\/v2\/tags?post=14609"}],"curies":[{"name":"wp","href":"https:\/\/api.w.org\/{rel}","templated":true}]}}