{"id":14421,"date":"2021-06-23T02:31:42","date_gmt":"2021-06-23T00:31:42","guid":{"rendered":"https:\/\/culturesco.com\/?p=14421"},"modified":"2021-08-09T16:15:51","modified_gmt":"2021-08-09T14:15:51","slug":"versari-brule-ep","status":"publish","type":"post","link":"https:\/\/culturesco.com\/index.php\/2021\/06\/23\/versari-brule-ep\/","title":{"rendered":"Versari \u2013 Br\u00fble EP"},"content":{"rendered":"<h2 style=\"text-align: justify\">Un EP Emballant<\/h2>\n<figure id=\"attachment_14422\" aria-describedby=\"caption-attachment-14422\" style=\"width: 300px\" class=\"wp-caption aligncenter\"><a href=\"https:\/\/i0.wp.com\/culturesco.com\/wp-content\/uploads\/2021\/06\/Versari.jpeg?ssl=1\"><img data-recalc-dims=\"1\" loading=\"lazy\" decoding=\"async\" class=\"size-medium wp-image-14422\" src=\"https:\/\/i0.wp.com\/culturesco.com\/wp-content\/uploads\/2021\/06\/Versari.jpeg?resize=300%2C273&#038;ssl=1\" alt=\"Versari - Br\u00fble EP\" width=\"300\" height=\"273\" srcset=\"https:\/\/i0.wp.com\/culturesco.com\/wp-content\/uploads\/2021\/06\/Versari.jpeg?resize=300%2C273&amp;ssl=1 300w, https:\/\/i0.wp.com\/culturesco.com\/wp-content\/uploads\/2021\/06\/Versari.jpeg?w=403&amp;ssl=1 403w\" sizes=\"auto, (max-width: 300px) 100vw, 300px\" \/><\/a><figcaption id=\"caption-attachment-14422\" class=\"wp-caption-text\">Versari &#8211; Br\u00fble EP<\/figcaption><\/figure>\n<h3 style=\"text-align: justify\">Quatre titres dansant \u00e0 l\u2019ancienne<\/h3>\n<p style=\"text-align: justify\">Au printemps 2020 sort le troisi\u00e8me album de <strong>Versari<\/strong>. La critique est enthousiaste en France et aux USA, les auditeurs de m\u00eame. <strong><em>Sous la Peau <\/em><\/strong>diffuse une musique emprunte de cold wave\u00a0\/ post punk, pour faire court, dont certains r\u00eavaient depuis bien longtemps. Les titres sont majeurs, la production irr\u00e9prochable. Bref, <strong>on tient quasiment l\u2019album de l\u2019ann\u00e9e pour peu que le tout soit suivi d\u2019une belle tourn\u00e9e<\/strong>. Pour en savoir plus, consultez la chronique de cette \u00e9poque sur votre blog pr\u00e9f\u00e9r\u00e9, donc ici.<\/p>\n<h3><em>Versari &#8211; Plus de Tristesse<\/em><\/h3>\n<div class=\"youtube-embed\" data-video_id=\"EnCs_NE76q8\"><iframe loading=\"lazy\" title=\"Versari &quot;Plus de Tristesse&quot; (Vid\u00e9o Officielle)\" width=\"696\" height=\"392\" src=\"https:\/\/www.youtube.com\/embed\/EnCs_NE76q8\" frameborder=\"0\" allow=\"accelerometer; autoplay; clipboard-write; encrypted-media; gyroscope; picture-in-picture; web-share\" referrerpolicy=\"strict-origin-when-cross-origin\" allowfullscreen><\/iframe><\/div>\n<p style=\"text-align: justify\">Patatras, <strong>une merde d\u2019\u00e9pid\u00e9mie d\u00e9barque<\/strong> dans le monde qui met, pour le coup, le monde \u00e0 plat. Tout s\u2019arr\u00eate, la culture surtout et la musique qui va morfler salement pendant quinze mois sans pouvoir faire le moindre concert. <strong>Coup dur pour le trio qui ne peut assurer la belle promo promise<\/strong>.<\/p>\n<p style=\"text-align: justify\">Que faire alors\u00a0? <strong>Se laisser aller par exemple \u00e0 un EP quatre titres pas pr\u00e9vu au programme<\/strong> mais bien choisi dans le travail.<\/p>\n<p style=\"text-align: justify\"><strong>Versari<\/strong> extirpe d\u2019abord le titre qui semble embl\u00e9matique de l\u2019album, <strong>\u00ab\u00a0Br\u00fble\u00a0\u00bb<\/strong>. Peut-\u00eatre le voit-il comme un symbole de ce qui se passe, une sorte de fin du ou d\u2019un monde ? Rien n\u2019est moins s\u00fbr mais cela permet de d\u00e9gager une version classique, en <strong>version radio edit<\/strong>, ce qui signifie que les radios, grandes, petites, sur le web ou ailleurs ont int\u00e9r\u00eat \u00e0 se bouger le cul pour le passer \u00e0 l\u2019antenne. Ce n\u2019est plus un devoir, c\u2019est une obligation.<\/p>\n<h3><em>Versari &#8211; Br\u00fble<\/em><\/h3>\n<div class=\"youtube-embed\" data-video_id=\"qIoMmduPoBc\"><iframe loading=\"lazy\" title=\"Br\u00fble\" width=\"696\" height=\"522\" src=\"https:\/\/www.youtube.com\/embed\/qIoMmduPoBc\" frameborder=\"0\" allow=\"accelerometer; autoplay; clipboard-write; encrypted-media; gyroscope; picture-in-picture; web-share\" referrerpolicy=\"strict-origin-when-cross-origin\" allowfullscreen><\/iframe><\/div>\n<p style=\"text-align: justify\">Le reste voit d\u2019abord <strong>deux versions diff\u00e9rentes<\/strong> mais emballantes. La premi\u00e8re est remix\u00e9e par <strong>Gareth Jones<\/strong>, le genre de type qui bosse avec <strong>Depeche Mode<\/strong>, <strong>Einst\u00fcnzende Neubauten<\/strong> ou <strong>Nick Cave and the Bad Seeds<\/strong>, ce qui en impose avec un d\u00e9but un peu electro pour mieux s\u2019emballer dans rock nourri par la suite. La deuxi\u00e8me est confi\u00e9e \u00e0 <strong>Erica Nockalls<\/strong>, dont <strong>Jean-Charles Versari<\/strong> vient de produire son nouvel album qu\u2019on attend avec impatience. Elle sonne davantage electro mais emporte tout sur son passage. A signaler qu\u2019il s\u2019agit de sa premi\u00e8re exp\u00e9rience \u00e0 ce niveau, la confiance est bonne.<\/p>\n<h3><em>Versari &#8211; Des Images<\/em><\/h3>\n<div class=\"youtube-embed\" data-video_id=\"FvuKL6sIIfU\"><iframe loading=\"lazy\" title=\"Versari &quot;Des Images&quot; (Vid\u00e9o officielle)\" width=\"696\" height=\"392\" src=\"https:\/\/www.youtube.com\/embed\/FvuKL6sIIfU\" frameborder=\"0\" allow=\"accelerometer; autoplay; clipboard-write; encrypted-media; gyroscope; picture-in-picture; web-share\" referrerpolicy=\"strict-origin-when-cross-origin\" allowfullscreen><\/iframe><\/div>\n<p style=\"text-align: justify\">Entre deux on trouve <strong>\u00ab\u00a0Des Images\u00a0\u00bb<\/strong> en version acid Manchester vs post punk, revue et corrig\u00e9e par <strong>School Daze<\/strong>.<\/p>\n<p style=\"text-align: justify\"><em>\u00ab\u00a0S\u2019il ne doit plus rien rester<\/em><\/p>\n<p style=\"text-align: justify\"><em>Alors autant tout br\u00fbler<\/em><\/p>\n<p style=\"text-align: justify\"><em>Br\u00fbler les mots et les photos<\/em><\/p>\n<p style=\"text-align: justify\"><em>Br\u00fbler les jours qui sont pass\u00e9s\u2026\u00a0\u00bb<\/em><\/p>\n<p style=\"text-align: justify\"><strong>Jean-Charles Versari<\/strong>, <strong>Laureline Prodhomme<\/strong> et <strong>Cyril Bilbeaud<\/strong> devaient se d\u00e9fouler. C\u2019est remarquablement bien foutu en imaginant <strong>une des versions \u00e0 fond lorsque les bonnes bo\u00eetes de nuit ouvriront de nouveau leurs portes<\/strong>.<\/p>\n<p>En prime, une perle.<\/p>\n<ul>\n<li><em>Versari &#8211; La Nuit Je Mens (Bashung Cover)<\/em><\/li>\n<\/ul>\n<div class=\"youtube-embed\" data-video_id=\"8kjzD8Woy7A\"><iframe loading=\"lazy\" title=\"Versari - Bashung Cover - Session Acoustique O\u00dcI FM\" width=\"696\" height=\"392\" src=\"https:\/\/www.youtube.com\/embed\/8kjzD8Woy7A\" frameborder=\"0\" allow=\"accelerometer; autoplay; clipboard-write; encrypted-media; gyroscope; picture-in-picture; web-share\" referrerpolicy=\"strict-origin-when-cross-origin\" allowfullscreen><\/iframe><\/div>\n<p style=\"text-align: justify\"><strong>Versari &#8211; Br\u00fble<\/strong><\/p>\n<p style=\"text-align: justify\">EP 4 titres<\/p>\n<p style=\"text-align: justify\">T-Rec \/ Modulor<\/p>\n<p style=\"text-align: justify\"><em>Sortie le 24 juin<\/em><\/p>\n<p style=\"text-align: justify\"><strong>Patrick B\u00e9nard<\/strong><\/p>\n","protected":false},"excerpt":{"rendered":"<p>Un EP Emballant Quatre titres dansant \u00e0 l\u2019ancienne Au printemps 2020 sort le troisi\u00e8me album de Versari. La critique est enthousiaste en France et aux USA, les auditeurs de m\u00eame. Sous la Peau diffuse une musique emprunte de cold wave\u00a0\/ post punk, pour faire court, dont certains r\u00eavaient depuis bien longtemps. Les titres sont majeurs, [&hellip;]<\/p>\n","protected":false},"author":4,"featured_media":14422,"comment_status":"open","ping_status":"open","sticky":false,"template":"","format":"image","meta":{"jetpack_post_was_ever_published":false,"tdm_status":"","tdm_grid_status":"","_jetpack_newsletter_access":"","_jetpack_dont_email_post_to_subs":false,"_jetpack_newsletter_tier_id":0,"_jetpack_memberships_contains_paywalled_content":false,"_jetpack_memberships_contains_paid_content":false,"footnotes":""},"categories":[30,17,36,26],"tags":[37,52,12188,12296,51],"class_list":{"0":"post-14421","1":"post","2":"type-post","3":"status-publish","4":"format-image","5":"has-post-thumbnail","7":"category-albums-rock","8":"category-carotte-rock-cultures","9":"category-groupes-rock-daujourdhui","10":"category-radio","11":"tag-album-rock","12":"tag-groupe-rock-actuel","13":"tag-new-wave","14":"tag-pop-rock","15":"tag-rock-francais","16":"post_format-post-format-image"},"yoast_head":"<!-- This site is optimized with the Yoast SEO plugin v27.5 - https:\/\/yoast.com\/product\/yoast-seo-wordpress\/ -->\n<title>Versari \u2013 Br\u00fble EP - Culturesco<\/title>\n<meta name=\"description\" content=\"CulturesCo | Un bon coup de pied dans ta Culture | Chroniques et histoire du Rock, chanson fran\u00e7aise, litt\u00e9rature, cin\u00e9ma et bande dessin\u00e9e.\" \/>\n<meta name=\"robots\" content=\"index, follow, max-snippet:-1, max-image-preview:large, max-video-preview:-1\" \/>\n<link rel=\"canonical\" href=\"https:\/\/culturesco.com\/index.php\/2021\/06\/23\/versari-brule-ep\/\" \/>\n<meta property=\"og:locale\" content=\"fr_FR\" \/>\n<meta property=\"og:type\" content=\"article\" \/>\n<meta property=\"og:title\" content=\"Versari \u2013 Br\u00fble EP - Culturesco\" \/>\n<meta property=\"og:description\" content=\"CulturesCo | Un bon coup de pied dans ta Culture | Chroniques et histoire du Rock, chanson fran\u00e7aise, litt\u00e9rature, cin\u00e9ma et bande dessin\u00e9e.\" \/>\n<meta property=\"og:url\" content=\"https:\/\/culturesco.com\/index.php\/2021\/06\/23\/versari-brule-ep\/\" \/>\n<meta property=\"og:site_name\" content=\"Culturesco\" \/>\n<meta property=\"article:publisher\" content=\"https:\/\/www.facebook.com\/radioculturesco\" \/>\n<meta property=\"article:published_time\" content=\"2021-06-23T00:31:42+00:00\" \/>\n<meta property=\"article:modified_time\" content=\"2021-08-09T14:15:51+00:00\" \/>\n<meta property=\"og:image\" content=\"https:\/\/i1.wp.com\/culturesco.com\/wp-content\/uploads\/2021\/06\/Versari.jpeg?fit=403%2C367&ssl=1\" \/>\n\t<meta property=\"og:image:width\" content=\"403\" \/>\n\t<meta property=\"og:image:height\" content=\"367\" \/>\n\t<meta property=\"og:image:type\" content=\"image\/jpeg\" \/>\n<meta name=\"author\" content=\"Patrick Benard\" \/>\n<meta name=\"twitter:card\" content=\"summary_large_image\" \/>\n<meta name=\"twitter:creator\" content=\"@AugusteMarshal\" \/>\n<meta name=\"twitter:site\" content=\"@AugusteMarshal\" \/>\n<meta name=\"twitter:label1\" content=\"\u00c9crit par\" \/>\n\t<meta name=\"twitter:data1\" content=\"Patrick Benard\" \/>\n\t<meta name=\"twitter:label2\" content=\"Dur\u00e9e de lecture estim\u00e9e\" \/>\n\t<meta name=\"twitter:data2\" content=\"3 minutes\" \/>\n<script type=\"application\/ld+json\" class=\"yoast-schema-graph\">{\"@context\":\"https:\\\/\\\/schema.org\",\"@graph\":[{\"@type\":\"Article\",\"@id\":\"https:\\\/\\\/culturesco.com\\\/index.php\\\/2021\\\/06\\\/23\\\/versari-brule-ep\\\/#article\",\"isPartOf\":{\"@id\":\"https:\\\/\\\/culturesco.com\\\/index.php\\\/2021\\\/06\\\/23\\\/versari-brule-ep\\\/\"},\"author\":{\"name\":\"Patrick Benard\",\"@id\":\"https:\\\/\\\/culturesco.com\\\/#\\\/schema\\\/person\\\/c2ddd6724863f3bbd20a8278df0891f3\"},\"headline\":\"Versari \u2013 Br\u00fble EP\",\"datePublished\":\"2021-06-23T00:31:42+00:00\",\"dateModified\":\"2021-08-09T14:15:51+00:00\",\"mainEntityOfPage\":{\"@id\":\"https:\\\/\\\/culturesco.com\\\/index.php\\\/2021\\\/06\\\/23\\\/versari-brule-ep\\\/\"},\"wordCount\":549,\"commentCount\":0,\"publisher\":{\"@id\":\"https:\\\/\\\/culturesco.com\\\/#organization\"},\"image\":{\"@id\":\"https:\\\/\\\/culturesco.com\\\/index.php\\\/2021\\\/06\\\/23\\\/versari-brule-ep\\\/#primaryimage\"},\"thumbnailUrl\":\"https:\\\/\\\/i0.wp.com\\\/culturesco.com\\\/wp-content\\\/uploads\\\/2021\\\/06\\\/Versari.jpeg?fit=403%2C367&ssl=1\",\"keywords\":[\"album rock\",\"groupe rock actuel\",\"New Wave\",\"pop rock\",\"Rock fran\u00e7ais\"],\"articleSection\":[\"Albums rock\",\"Carotte Rock Cultures\",\"Groupes rock d'aujourd'hui\",\"Radio\"],\"inLanguage\":\"fr-FR\",\"potentialAction\":[{\"@type\":\"CommentAction\",\"name\":\"Comment\",\"target\":[\"https:\\\/\\\/culturesco.com\\\/index.php\\\/2021\\\/06\\\/23\\\/versari-brule-ep\\\/#respond\"]}]},{\"@type\":\"WebPage\",\"@id\":\"https:\\\/\\\/culturesco.com\\\/index.php\\\/2021\\\/06\\\/23\\\/versari-brule-ep\\\/\",\"url\":\"https:\\\/\\\/culturesco.com\\\/index.php\\\/2021\\\/06\\\/23\\\/versari-brule-ep\\\/\",\"name\":\"Versari \u2013 Br\u00fble EP - Culturesco\",\"isPartOf\":{\"@id\":\"https:\\\/\\\/culturesco.com\\\/#website\"},\"primaryImageOfPage\":{\"@id\":\"https:\\\/\\\/culturesco.com\\\/index.php\\\/2021\\\/06\\\/23\\\/versari-brule-ep\\\/#primaryimage\"},\"image\":{\"@id\":\"https:\\\/\\\/culturesco.com\\\/index.php\\\/2021\\\/06\\\/23\\\/versari-brule-ep\\\/#primaryimage\"},\"thumbnailUrl\":\"https:\\\/\\\/i0.wp.com\\\/culturesco.com\\\/wp-content\\\/uploads\\\/2021\\\/06\\\/Versari.jpeg?fit=403%2C367&ssl=1\",\"datePublished\":\"2021-06-23T00:31:42+00:00\",\"dateModified\":\"2021-08-09T14:15:51+00:00\",\"description\":\"CulturesCo | Un bon coup de pied dans ta Culture | Chroniques et histoire du Rock, chanson fran\u00e7aise, litt\u00e9rature, cin\u00e9ma et bande dessin\u00e9e.\",\"breadcrumb\":{\"@id\":\"https:\\\/\\\/culturesco.com\\\/index.php\\\/2021\\\/06\\\/23\\\/versari-brule-ep\\\/#breadcrumb\"},\"inLanguage\":\"fr-FR\",\"potentialAction\":[{\"@type\":\"ReadAction\",\"target\":[\"https:\\\/\\\/culturesco.com\\\/index.php\\\/2021\\\/06\\\/23\\\/versari-brule-ep\\\/\"]}]},{\"@type\":\"ImageObject\",\"inLanguage\":\"fr-FR\",\"@id\":\"https:\\\/\\\/culturesco.com\\\/index.php\\\/2021\\\/06\\\/23\\\/versari-brule-ep\\\/#primaryimage\",\"url\":\"https:\\\/\\\/i0.wp.com\\\/culturesco.com\\\/wp-content\\\/uploads\\\/2021\\\/06\\\/Versari.jpeg?fit=403%2C367&ssl=1\",\"contentUrl\":\"https:\\\/\\\/i0.wp.com\\\/culturesco.com\\\/wp-content\\\/uploads\\\/2021\\\/06\\\/Versari.jpeg?fit=403%2C367&ssl=1\",\"width\":403,\"height\":367,\"caption\":\"Versari - Br\u00fble EP\"},{\"@type\":\"BreadcrumbList\",\"@id\":\"https:\\\/\\\/culturesco.com\\\/index.php\\\/2021\\\/06\\\/23\\\/versari-brule-ep\\\/#breadcrumb\",\"itemListElement\":[{\"@type\":\"ListItem\",\"position\":1,\"name\":\"Accueil\",\"item\":\"https:\\\/\\\/culturesco.com\\\/\"},{\"@type\":\"ListItem\",\"position\":2,\"name\":\"Versari \u2013 Br\u00fble EP\"}]},{\"@type\":\"WebSite\",\"@id\":\"https:\\\/\\\/culturesco.com\\\/#website\",\"url\":\"https:\\\/\\\/culturesco.com\\\/\",\"name\":\"Culturesco\",\"description\":\"Culturesco | Un bon coup de pied dans ta Culture\",\"publisher\":{\"@id\":\"https:\\\/\\\/culturesco.com\\\/#organization\"},\"potentialAction\":[{\"@type\":\"SearchAction\",\"target\":{\"@type\":\"EntryPoint\",\"urlTemplate\":\"https:\\\/\\\/culturesco.com\\\/?s={search_term_string}\"},\"query-input\":{\"@type\":\"PropertyValueSpecification\",\"valueRequired\":true,\"valueName\":\"search_term_string\"}}],\"inLanguage\":\"fr-FR\"},{\"@type\":\"Organization\",\"@id\":\"https:\\\/\\\/culturesco.com\\\/#organization\",\"name\":\"CULTURESCO\",\"url\":\"https:\\\/\\\/culturesco.com\\\/\",\"logo\":{\"@type\":\"ImageObject\",\"inLanguage\":\"fr-FR\",\"@id\":\"https:\\\/\\\/culturesco.com\\\/#\\\/schema\\\/logo\\\/image\\\/\",\"url\":\"https:\\\/\\\/i0.wp.com\\\/culturesco.com\\\/wp-content\\\/uploads\\\/2022\\\/04\\\/culturesco-logo-blanc250p.png?fit=250%2C250&ssl=1\",\"contentUrl\":\"https:\\\/\\\/i0.wp.com\\\/culturesco.com\\\/wp-content\\\/uploads\\\/2022\\\/04\\\/culturesco-logo-blanc250p.png?fit=250%2C250&ssl=1\",\"width\":250,\"height\":250,\"caption\":\"CULTURESCO\"},\"image\":{\"@id\":\"https:\\\/\\\/culturesco.com\\\/#\\\/schema\\\/logo\\\/image\\\/\"},\"sameAs\":[\"https:\\\/\\\/www.facebook.com\\\/radioculturesco\",\"https:\\\/\\\/x.com\\\/AugusteMarshal\",\"https:\\\/\\\/www.instagram.com\\\/carotte_rock_culture\\\/\",\"https:\\\/\\\/www.pinterest.fr\\\/augustemarshal\\\/\",\"https:\\\/\\\/www.youtube.com\\\/channel\\\/UCiWLGffqWSXlNnfzp6YwwyQ\"]},{\"@type\":\"Person\",\"@id\":\"https:\\\/\\\/culturesco.com\\\/#\\\/schema\\\/person\\\/c2ddd6724863f3bbd20a8278df0891f3\",\"name\":\"Patrick Benard\",\"image\":{\"@type\":\"ImageObject\",\"inLanguage\":\"fr-FR\",\"@id\":\"https:\\\/\\\/i0.wp.com\\\/culturesco.com\\\/wp-content\\\/uploads\\\/2019\\\/02\\\/patrick-benard-2.jpg?fit=90%2C96&ssl=1\",\"url\":\"https:\\\/\\\/i0.wp.com\\\/culturesco.com\\\/wp-content\\\/uploads\\\/2019\\\/02\\\/patrick-benard-2.jpg?fit=90%2C96&ssl=1\",\"contentUrl\":\"https:\\\/\\\/i0.wp.com\\\/culturesco.com\\\/wp-content\\\/uploads\\\/2019\\\/02\\\/patrick-benard-2.jpg?fit=90%2C96&ssl=1\",\"caption\":\"Patrick Benard\"},\"description\":\"Ecrivain, chroniqueur, animateur radio, cr\u00e9ateur de la revue \u00ab Cin\u00e9manie \u00bb, autour du cin\u00e9ma dit d\u2019art et d\u2019essai, sp\u00e9cialiste du groupe The Cure, archiviste... 2020 : \\\"Le Post Rock\\\" essai sur le post rock de Mogwa\u00ef \u00e0 Godspeed You Black Emperor - Camion Blanc 2014 : \u00ab On the rocks \u2013le rock de 2007 \u00e0 2014 \u00bb chroniques livres et cd rocks, interviews \u2013Editions Vaillant 2010 : \u00ab Dans la T\u00eate de Robert Smith \u00bb, roman fiction autour de l\u2019histoire des Cure et de Robert Smith \u2013 Edilivres 2007 : \u00ab Chroniques Fr\u00e9n\u00e9tiques, une histoire intime du rock \u00bb, roman, prix Technikart. 2001 : \u00ab Les Iles du D\u00e9sert \u00bb, polar autour du rock \u2013 Editions Nykta\",\"url\":\"https:\\\/\\\/culturesco.com\\\/index.php\\\/author\\\/patrick-benard89\\\/\"}]}<\/script>\n<!-- \/ Yoast SEO plugin. -->","yoast_head_json":{"title":"Versari \u2013 Br\u00fble EP - Culturesco","description":"CulturesCo | Un bon coup de pied dans ta Culture | Chroniques et histoire du Rock, chanson fran\u00e7aise, litt\u00e9rature, cin\u00e9ma et bande dessin\u00e9e.","robots":{"index":"index","follow":"follow","max-snippet":"max-snippet:-1","max-image-preview":"max-image-preview:large","max-video-preview":"max-video-preview:-1"},"canonical":"https:\/\/culturesco.com\/index.php\/2021\/06\/23\/versari-brule-ep\/","og_locale":"fr_FR","og_type":"article","og_title":"Versari \u2013 Br\u00fble EP - Culturesco","og_description":"CulturesCo | Un bon coup de pied dans ta Culture | Chroniques et histoire du Rock, chanson fran\u00e7aise, litt\u00e9rature, cin\u00e9ma et bande dessin\u00e9e.","og_url":"https:\/\/culturesco.com\/index.php\/2021\/06\/23\/versari-brule-ep\/","og_site_name":"Culturesco","article_publisher":"https:\/\/www.facebook.com\/radioculturesco","article_published_time":"2021-06-23T00:31:42+00:00","article_modified_time":"2021-08-09T14:15:51+00:00","og_image":[{"width":403,"height":367,"url":"https:\/\/i1.wp.com\/culturesco.com\/wp-content\/uploads\/2021\/06\/Versari.jpeg?fit=403%2C367&ssl=1","type":"image\/jpeg"}],"author":"Patrick Benard","twitter_card":"summary_large_image","twitter_creator":"@AugusteMarshal","twitter_site":"@AugusteMarshal","twitter_misc":{"\u00c9crit par":"Patrick Benard","Dur\u00e9e de lecture estim\u00e9e":"3 minutes"},"schema":{"@context":"https:\/\/schema.org","@graph":[{"@type":"Article","@id":"https:\/\/culturesco.com\/index.php\/2021\/06\/23\/versari-brule-ep\/#article","isPartOf":{"@id":"https:\/\/culturesco.com\/index.php\/2021\/06\/23\/versari-brule-ep\/"},"author":{"name":"Patrick Benard","@id":"https:\/\/culturesco.com\/#\/schema\/person\/c2ddd6724863f3bbd20a8278df0891f3"},"headline":"Versari \u2013 Br\u00fble EP","datePublished":"2021-06-23T00:31:42+00:00","dateModified":"2021-08-09T14:15:51+00:00","mainEntityOfPage":{"@id":"https:\/\/culturesco.com\/index.php\/2021\/06\/23\/versari-brule-ep\/"},"wordCount":549,"commentCount":0,"publisher":{"@id":"https:\/\/culturesco.com\/#organization"},"image":{"@id":"https:\/\/culturesco.com\/index.php\/2021\/06\/23\/versari-brule-ep\/#primaryimage"},"thumbnailUrl":"https:\/\/i0.wp.com\/culturesco.com\/wp-content\/uploads\/2021\/06\/Versari.jpeg?fit=403%2C367&ssl=1","keywords":["album rock","groupe rock actuel","New Wave","pop rock","Rock fran\u00e7ais"],"articleSection":["Albums rock","Carotte Rock Cultures","Groupes rock d'aujourd'hui","Radio"],"inLanguage":"fr-FR","potentialAction":[{"@type":"CommentAction","name":"Comment","target":["https:\/\/culturesco.com\/index.php\/2021\/06\/23\/versari-brule-ep\/#respond"]}]},{"@type":"WebPage","@id":"https:\/\/culturesco.com\/index.php\/2021\/06\/23\/versari-brule-ep\/","url":"https:\/\/culturesco.com\/index.php\/2021\/06\/23\/versari-brule-ep\/","name":"Versari \u2013 Br\u00fble EP - Culturesco","isPartOf":{"@id":"https:\/\/culturesco.com\/#website"},"primaryImageOfPage":{"@id":"https:\/\/culturesco.com\/index.php\/2021\/06\/23\/versari-brule-ep\/#primaryimage"},"image":{"@id":"https:\/\/culturesco.com\/index.php\/2021\/06\/23\/versari-brule-ep\/#primaryimage"},"thumbnailUrl":"https:\/\/i0.wp.com\/culturesco.com\/wp-content\/uploads\/2021\/06\/Versari.jpeg?fit=403%2C367&ssl=1","datePublished":"2021-06-23T00:31:42+00:00","dateModified":"2021-08-09T14:15:51+00:00","description":"CulturesCo | Un bon coup de pied dans ta Culture | Chroniques et histoire du Rock, chanson fran\u00e7aise, litt\u00e9rature, cin\u00e9ma et bande dessin\u00e9e.","breadcrumb":{"@id":"https:\/\/culturesco.com\/index.php\/2021\/06\/23\/versari-brule-ep\/#breadcrumb"},"inLanguage":"fr-FR","potentialAction":[{"@type":"ReadAction","target":["https:\/\/culturesco.com\/index.php\/2021\/06\/23\/versari-brule-ep\/"]}]},{"@type":"ImageObject","inLanguage":"fr-FR","@id":"https:\/\/culturesco.com\/index.php\/2021\/06\/23\/versari-brule-ep\/#primaryimage","url":"https:\/\/i0.wp.com\/culturesco.com\/wp-content\/uploads\/2021\/06\/Versari.jpeg?fit=403%2C367&ssl=1","contentUrl":"https:\/\/i0.wp.com\/culturesco.com\/wp-content\/uploads\/2021\/06\/Versari.jpeg?fit=403%2C367&ssl=1","width":403,"height":367,"caption":"Versari - Br\u00fble EP"},{"@type":"BreadcrumbList","@id":"https:\/\/culturesco.com\/index.php\/2021\/06\/23\/versari-brule-ep\/#breadcrumb","itemListElement":[{"@type":"ListItem","position":1,"name":"Accueil","item":"https:\/\/culturesco.com\/"},{"@type":"ListItem","position":2,"name":"Versari \u2013 Br\u00fble EP"}]},{"@type":"WebSite","@id":"https:\/\/culturesco.com\/#website","url":"https:\/\/culturesco.com\/","name":"Culturesco","description":"Culturesco | Un bon coup de pied dans ta Culture","publisher":{"@id":"https:\/\/culturesco.com\/#organization"},"potentialAction":[{"@type":"SearchAction","target":{"@type":"EntryPoint","urlTemplate":"https:\/\/culturesco.com\/?s={search_term_string}"},"query-input":{"@type":"PropertyValueSpecification","valueRequired":true,"valueName":"search_term_string"}}],"inLanguage":"fr-FR"},{"@type":"Organization","@id":"https:\/\/culturesco.com\/#organization","name":"CULTURESCO","url":"https:\/\/culturesco.com\/","logo":{"@type":"ImageObject","inLanguage":"fr-FR","@id":"https:\/\/culturesco.com\/#\/schema\/logo\/image\/","url":"https:\/\/i0.wp.com\/culturesco.com\/wp-content\/uploads\/2022\/04\/culturesco-logo-blanc250p.png?fit=250%2C250&ssl=1","contentUrl":"https:\/\/i0.wp.com\/culturesco.com\/wp-content\/uploads\/2022\/04\/culturesco-logo-blanc250p.png?fit=250%2C250&ssl=1","width":250,"height":250,"caption":"CULTURESCO"},"image":{"@id":"https:\/\/culturesco.com\/#\/schema\/logo\/image\/"},"sameAs":["https:\/\/www.facebook.com\/radioculturesco","https:\/\/x.com\/AugusteMarshal","https:\/\/www.instagram.com\/carotte_rock_culture\/","https:\/\/www.pinterest.fr\/augustemarshal\/","https:\/\/www.youtube.com\/channel\/UCiWLGffqWSXlNnfzp6YwwyQ"]},{"@type":"Person","@id":"https:\/\/culturesco.com\/#\/schema\/person\/c2ddd6724863f3bbd20a8278df0891f3","name":"Patrick Benard","image":{"@type":"ImageObject","inLanguage":"fr-FR","@id":"https:\/\/i0.wp.com\/culturesco.com\/wp-content\/uploads\/2019\/02\/patrick-benard-2.jpg?fit=90%2C96&ssl=1","url":"https:\/\/i0.wp.com\/culturesco.com\/wp-content\/uploads\/2019\/02\/patrick-benard-2.jpg?fit=90%2C96&ssl=1","contentUrl":"https:\/\/i0.wp.com\/culturesco.com\/wp-content\/uploads\/2019\/02\/patrick-benard-2.jpg?fit=90%2C96&ssl=1","caption":"Patrick Benard"},"description":"Ecrivain, chroniqueur, animateur radio, cr\u00e9ateur de la revue \u00ab Cin\u00e9manie \u00bb, autour du cin\u00e9ma dit d\u2019art et d\u2019essai, sp\u00e9cialiste du groupe The Cure, archiviste... 2020 : \"Le Post Rock\" essai sur le post rock de Mogwa\u00ef \u00e0 Godspeed You Black Emperor - Camion Blanc 2014 : \u00ab On the rocks \u2013le rock de 2007 \u00e0 2014 \u00bb chroniques livres et cd rocks, interviews \u2013Editions Vaillant 2010 : \u00ab Dans la T\u00eate de Robert Smith \u00bb, roman fiction autour de l\u2019histoire des Cure et de Robert Smith \u2013 Edilivres 2007 : \u00ab Chroniques Fr\u00e9n\u00e9tiques, une histoire intime du rock \u00bb, roman, prix Technikart. 2001 : \u00ab Les Iles du D\u00e9sert \u00bb, polar autour du rock \u2013 Editions Nykta","url":"https:\/\/culturesco.com\/index.php\/author\/patrick-benard89\/"}]}},"jetpack_featured_media_url":"https:\/\/i0.wp.com\/culturesco.com\/wp-content\/uploads\/2021\/06\/Versari.jpeg?fit=403%2C367&ssl=1","jetpack_likes_enabled":true,"jetpack_sharing_enabled":true,"jetpack_shortlink":"https:\/\/wp.me\/paz89I-3KB","_links":{"self":[{"href":"https:\/\/culturesco.com\/index.php\/wp-json\/wp\/v2\/posts\/14421","targetHints":{"allow":["GET"]}}],"collection":[{"href":"https:\/\/culturesco.com\/index.php\/wp-json\/wp\/v2\/posts"}],"about":[{"href":"https:\/\/culturesco.com\/index.php\/wp-json\/wp\/v2\/types\/post"}],"author":[{"embeddable":true,"href":"https:\/\/culturesco.com\/index.php\/wp-json\/wp\/v2\/users\/4"}],"replies":[{"embeddable":true,"href":"https:\/\/culturesco.com\/index.php\/wp-json\/wp\/v2\/comments?post=14421"}],"version-history":[{"count":0,"href":"https:\/\/culturesco.com\/index.php\/wp-json\/wp\/v2\/posts\/14421\/revisions"}],"wp:featuredmedia":[{"embeddable":true,"href":"https:\/\/culturesco.com\/index.php\/wp-json\/wp\/v2\/media\/14422"}],"wp:attachment":[{"href":"https:\/\/culturesco.com\/index.php\/wp-json\/wp\/v2\/media?parent=14421"}],"wp:term":[{"taxonomy":"category","embeddable":true,"href":"https:\/\/culturesco.com\/index.php\/wp-json\/wp\/v2\/categories?post=14421"},{"taxonomy":"post_tag","embeddable":true,"href":"https:\/\/culturesco.com\/index.php\/wp-json\/wp\/v2\/tags?post=14421"}],"curies":[{"name":"wp","href":"https:\/\/api.w.org\/{rel}","templated":true}]}}