{"id":14412,"date":"2021-06-22T02:35:54","date_gmt":"2021-06-22T00:35:54","guid":{"rendered":"https:\/\/culturesco.com\/?p=14412"},"modified":"2021-06-22T02:35:54","modified_gmt":"2021-06-22T00:35:54","slug":"la-france-est-vraiment-rock-pascal-pacaly","status":"publish","type":"post","link":"https:\/\/culturesco.com\/index.php\/2021\/06\/22\/la-france-est-vraiment-rock-pascal-pacaly\/","title":{"rendered":"La France Est (Vraiment) Rock !! &#8211; Pascal Pacaly"},"content":{"rendered":"<h2 style=\"text-align: justify\">L\u2019Obnubil\u00e9 Du Rock<\/h2>\n<figure id=\"attachment_14413\" aria-describedby=\"caption-attachment-14413\" style=\"width: 210px\" class=\"wp-caption aligncenter\"><a href=\"https:\/\/i0.wp.com\/culturesco.com\/wp-content\/uploads\/2021\/06\/Pascal-Pacaly.jpeg?ssl=1\"><img data-recalc-dims=\"1\" loading=\"lazy\" decoding=\"async\" class=\"size-medium wp-image-14413\" src=\"https:\/\/i0.wp.com\/culturesco.com\/wp-content\/uploads\/2021\/06\/Pascal-Pacaly.jpeg?resize=210%2C300&#038;ssl=1\" alt=\"La France Est (Vraiment) Rock !! - Pascal Pacaly\" width=\"210\" height=\"300\" srcset=\"https:\/\/i0.wp.com\/culturesco.com\/wp-content\/uploads\/2021\/06\/Pascal-Pacaly.jpeg?resize=210%2C300&amp;ssl=1 210w, https:\/\/i0.wp.com\/culturesco.com\/wp-content\/uploads\/2021\/06\/Pascal-Pacaly.jpeg?resize=294%2C420&amp;ssl=1 294w, https:\/\/i0.wp.com\/culturesco.com\/wp-content\/uploads\/2021\/06\/Pascal-Pacaly.jpeg?w=420&amp;ssl=1 420w\" sizes=\"auto, (max-width: 210px) 100vw, 210px\" \/><\/a><figcaption id=\"caption-attachment-14413\" class=\"wp-caption-text\">La France Est (Vraiment) Rock !! &#8211; Pascal Pacaly<\/figcaption><\/figure>\n<h3 style=\"text-align: justify\">Les Anecdotes d\u2019Abord<\/h3>\n<p style=\"text-align: justify\">Bon, <strong>un livre vraiment rock mais qui date de 2019<\/strong>, \u00e7a d\u00e9range quelqu\u2019un\u00a0? J\u2019esp\u00e8re que non parce que va falloir y passer et dites-vous que c\u2019est pour votre bien.<\/p>\n<h3><em>Les Sheriff &#8211; Pas De doute (Live, 2014)<\/em><\/h3>\n<div class=\"youtube-embed\" data-video_id=\"0kWW8vzLkHY\"><iframe loading=\"lazy\" title=\"Les Sheriff - Pas de doute \/ Live at MOTOCULTOR FESTIVAL 2014 - Saint-Nolff (France)\" width=\"696\" height=\"392\" src=\"https:\/\/www.youtube.com\/embed\/0kWW8vzLkHY\" frameborder=\"0\" allow=\"accelerometer; autoplay; clipboard-write; encrypted-media; gyroscope; picture-in-picture; web-share\" referrerpolicy=\"strict-origin-when-cross-origin\" allowfullscreen><\/iframe><\/div>\n<p style=\"text-align: justify\">Faisons les pr\u00e9sentations pour commencer\u00a0: d\u2019un c\u00f4t\u00e9 un \u00e9crivain,<strong> Pascal Pacaly<\/strong>, obnubil\u00e9 par la po\u00e9sie et le rock, ou plus exactement les groupes de rock, au point d\u2019en concevoir une maison d\u2019\u00e9dition (<strong>Les Editions du Joyeux Pendu, bas\u00e9e Saint-Etienne<\/strong>) pour mieux en parler, de l\u2019autre des groupes qui l\u2019attendent (ou pas) de pied ferme. Il en fait des nouvelles, des chroniques. Il revient m\u00eame sur son pr\u00e9c\u00e9dent ouvrage sur le m\u00eame th\u00e8me, <strong><em>La France Est Rock\u00a0! <\/em><\/strong>c\u2019est son obsession. Et le bougre, il faut bien le constater n\u2019a vraiment pas tort pour ceux qui en douteraient, \u00e0 l\u2019instar de <strong>John Lennon<\/strong> qui pr\u00e9tendait que le rock en France ressemblait au vin en Angleterre (il avait au moins raison sur la deuxi\u00e8me partie, mouarf\u00a0!).<\/p>\n<h3><em>Ludwig Von 88 &#8211; Mon Coeur s&rsquo;Envole (Live)<\/em><\/h3>\n<div class=\"youtube-embed\" data-video_id=\"6KnhkYZB5mk\"><iframe loading=\"lazy\" title=\"Ludwig von 88 Mon coeur s&#039;envole\" width=\"696\" height=\"522\" src=\"https:\/\/www.youtube.com\/embed\/6KnhkYZB5mk\" frameborder=\"0\" allow=\"accelerometer; autoplay; clipboard-write; encrypted-media; gyroscope; picture-in-picture; web-share\" referrerpolicy=\"strict-origin-when-cross-origin\" allowfullscreen><\/iframe><\/div>\n<p style=\"text-align: justify\">Alors pour cette fois, avec <strong><em>La France Est (Vraiment) Rock\u00a0!!<\/em><\/strong> faisons court mais bref, comme disait l\u2019autre. On y d\u00e9couvre des t\u00eates connues, <strong>Matmatah<\/strong>, <strong>les Sheriff<\/strong>, <strong>Elmer Food Beat<\/strong>, <strong>Ludwig Von 88<\/strong>, <strong>Les Hurlements d\u2019L\u00e9o<\/strong>, <strong>OTH<\/strong>, <strong>Merzhin<\/strong>, <strong>Tryo<\/strong>, <strong>T\u00eates Raides<\/strong>, <strong>Didier Super<\/strong>. Du beau monde en somme pour raconter leur parcours, leur formation et, surtout, les anecdotes qui constituent l\u2019essence m\u00eame du rock\u00a0: les gal\u00e8res, le c\u00f4t\u00e9 cool, etc.<\/p>\n<p style=\"text-align: justify\">Mais, c\u2019est aussi le but de faire conna\u00eetre d\u2019autres combos plus underground, on va dire : <strong>Les Rats<\/strong>, <strong>Gauvain Sers<\/strong>, <strong>The Craftmen Club<\/strong> (encore que), <strong>Waykopp<\/strong>, <strong>P\u00ebrl<\/strong>, <strong>Les Gar\u00e7ons Trottoirs<\/strong>, <strong>Silence Of The Abyss<\/strong>.<\/p>\n<h3><em>The Craftmen Club &#8211; Click On The Box (Live, 2013)<\/em><\/h3>\n<div class=\"youtube-embed\" data-video_id=\"hX6EC6a814Y\"><iframe loading=\"lazy\" title=\"The Craftmen Club - Click On The Box\" width=\"696\" height=\"392\" src=\"https:\/\/www.youtube.com\/embed\/hX6EC6a814Y\" frameborder=\"0\" allow=\"accelerometer; autoplay; clipboard-write; encrypted-media; gyroscope; picture-in-picture; web-share\" referrerpolicy=\"strict-origin-when-cross-origin\" allowfullscreen><\/iframe><\/div>\n<p style=\"text-align: justify\">En fait, il y a \u00e0 boire et \u00e0 manger (hum, plus \u00e0 boire, peut-\u00eatre). Et surtout \u00e0 \u00e9couter. Allez faites tourner les vinyles, les pages, youtube, bandcamp. Et laissez vos oreilles en \u00e9veil. C\u2019est parti.<\/p>\n<p style=\"text-align: justify\">Ah, last but not least, <strong>un troisi\u00e8me tome est sorti<\/strong>. A lire prochainement et \u00e0 suivre.<\/p>\n<p style=\"text-align: justify\"><strong>Pascal Pacaly &#8211;\u00a0<\/strong><strong>La France Est (Vraiment) Rock\u00a0!!<\/strong><\/p>\n<p style=\"text-align: justify\">Les Editions du Joyeux Pendu \u2013 290 pages \u2013 19\u20ac<\/p>\n<p style=\"text-align: justify\"><strong>Patrick B\u00e9nard<\/strong><\/p>\n","protected":false},"excerpt":{"rendered":"<p>L\u2019Obnubil\u00e9 Du Rock Les Anecdotes d\u2019Abord Bon, un livre vraiment rock mais qui date de 2019, \u00e7a d\u00e9range quelqu\u2019un\u00a0? J\u2019esp\u00e8re que non parce que va falloir y passer et dites-vous que c\u2019est pour votre bien. Les Sheriff &#8211; Pas De doute (Live, 2014) Faisons les pr\u00e9sentations pour commencer\u00a0: d\u2019un c\u00f4t\u00e9 un \u00e9crivain, Pascal Pacaly, obnubil\u00e9 [&hellip;]<\/p>\n","protected":false},"author":4,"featured_media":14413,"comment_status":"open","ping_status":"open","sticky":false,"template":"","format":"image","meta":{"jetpack_post_was_ever_published":false,"tdm_status":"","tdm_grid_status":"","_jetpack_newsletter_access":"","_jetpack_dont_email_post_to_subs":false,"_jetpack_newsletter_tier_id":0,"_jetpack_memberships_contains_paywalled_content":false,"_jetpack_memberships_contains_paid_content":false,"footnotes":""},"categories":[27,66,11066],"tags":[67,42,20,12296,46,51],"class_list":{"0":"post-14412","1":"post","2":"type-post","3":"status-publish","4":"format-image","5":"has-post-thumbnail","7":"category-litterature","8":"category-livre-rock","9":"category-short-stories","10":"tag-anecdotes-rock","11":"tag-litterature","12":"tag-livre-rock","13":"tag-pop-rock","14":"tag-punk","15":"tag-rock-francais","16":"post_format-post-format-image"},"yoast_head":"<!-- This site is optimized with the Yoast SEO plugin v27.5 - https:\/\/yoast.com\/product\/yoast-seo-wordpress\/ -->\n<title>La France Est (Vraiment) Rock !! - Pascal Pacaly - Culturesco<\/title>\n<meta name=\"description\" content=\"CulturesCo | Un bon coup de pied dans ta Culture | Chroniques et histoire du Rock, chanson fran\u00e7aise, litt\u00e9rature, cin\u00e9ma et bande dessin\u00e9e.\" \/>\n<meta name=\"robots\" content=\"index, follow, max-snippet:-1, max-image-preview:large, max-video-preview:-1\" \/>\n<link rel=\"canonical\" href=\"https:\/\/culturesco.com\/index.php\/2021\/06\/22\/la-france-est-vraiment-rock-pascal-pacaly\/\" \/>\n<meta property=\"og:locale\" content=\"fr_FR\" \/>\n<meta property=\"og:type\" content=\"article\" \/>\n<meta property=\"og:title\" content=\"La France Est (Vraiment) Rock !! - Pascal Pacaly - Culturesco\" \/>\n<meta property=\"og:description\" content=\"CulturesCo | Un bon coup de pied dans ta Culture | Chroniques et histoire du Rock, chanson fran\u00e7aise, litt\u00e9rature, cin\u00e9ma et bande dessin\u00e9e.\" \/>\n<meta property=\"og:url\" content=\"https:\/\/culturesco.com\/index.php\/2021\/06\/22\/la-france-est-vraiment-rock-pascal-pacaly\/\" \/>\n<meta property=\"og:site_name\" content=\"Culturesco\" \/>\n<meta property=\"article:publisher\" content=\"https:\/\/www.facebook.com\/radioculturesco\" \/>\n<meta property=\"article:published_time\" content=\"2021-06-22T00:35:54+00:00\" \/>\n<meta property=\"og:image\" content=\"https:\/\/i2.wp.com\/culturesco.com\/wp-content\/uploads\/2021\/06\/Pascal-Pacaly.jpeg?fit=420%2C600&ssl=1\" \/>\n\t<meta property=\"og:image:width\" content=\"420\" \/>\n\t<meta property=\"og:image:height\" content=\"600\" \/>\n\t<meta property=\"og:image:type\" content=\"image\/jpeg\" \/>\n<meta name=\"author\" content=\"Patrick Benard\" \/>\n<meta name=\"twitter:card\" content=\"summary_large_image\" \/>\n<meta name=\"twitter:creator\" content=\"@AugusteMarshal\" \/>\n<meta name=\"twitter:site\" content=\"@AugusteMarshal\" \/>\n<meta name=\"twitter:label1\" content=\"\u00c9crit par\" \/>\n\t<meta name=\"twitter:data1\" content=\"Patrick Benard\" \/>\n\t<meta name=\"twitter:label2\" content=\"Dur\u00e9e de lecture estim\u00e9e\" \/>\n\t<meta name=\"twitter:data2\" content=\"2 minutes\" \/>\n<script type=\"application\/ld+json\" class=\"yoast-schema-graph\">{\"@context\":\"https:\\\/\\\/schema.org\",\"@graph\":[{\"@type\":\"Article\",\"@id\":\"https:\\\/\\\/culturesco.com\\\/index.php\\\/2021\\\/06\\\/22\\\/la-france-est-vraiment-rock-pascal-pacaly\\\/#article\",\"isPartOf\":{\"@id\":\"https:\\\/\\\/culturesco.com\\\/index.php\\\/2021\\\/06\\\/22\\\/la-france-est-vraiment-rock-pascal-pacaly\\\/\"},\"author\":{\"name\":\"Patrick Benard\",\"@id\":\"https:\\\/\\\/culturesco.com\\\/#\\\/schema\\\/person\\\/c2ddd6724863f3bbd20a8278df0891f3\"},\"headline\":\"La France Est (Vraiment) Rock !! &#8211; Pascal Pacaly\",\"datePublished\":\"2021-06-22T00:35:54+00:00\",\"mainEntityOfPage\":{\"@id\":\"https:\\\/\\\/culturesco.com\\\/index.php\\\/2021\\\/06\\\/22\\\/la-france-est-vraiment-rock-pascal-pacaly\\\/\"},\"wordCount\":438,\"commentCount\":0,\"publisher\":{\"@id\":\"https:\\\/\\\/culturesco.com\\\/#organization\"},\"image\":{\"@id\":\"https:\\\/\\\/culturesco.com\\\/index.php\\\/2021\\\/06\\\/22\\\/la-france-est-vraiment-rock-pascal-pacaly\\\/#primaryimage\"},\"thumbnailUrl\":\"https:\\\/\\\/i0.wp.com\\\/culturesco.com\\\/wp-content\\\/uploads\\\/2021\\\/06\\\/Pascal-Pacaly.jpeg?fit=420%2C600&ssl=1\",\"keywords\":[\"Anecdotes Rock\",\"litt\u00e9rature\",\"Livre Rock\",\"pop rock\",\"punk\",\"Rock fran\u00e7ais\"],\"articleSection\":[\"Litt\u00e9rature\",\"Livre Rock\",\"Short Stories\"],\"inLanguage\":\"fr-FR\",\"potentialAction\":[{\"@type\":\"CommentAction\",\"name\":\"Comment\",\"target\":[\"https:\\\/\\\/culturesco.com\\\/index.php\\\/2021\\\/06\\\/22\\\/la-france-est-vraiment-rock-pascal-pacaly\\\/#respond\"]}]},{\"@type\":\"WebPage\",\"@id\":\"https:\\\/\\\/culturesco.com\\\/index.php\\\/2021\\\/06\\\/22\\\/la-france-est-vraiment-rock-pascal-pacaly\\\/\",\"url\":\"https:\\\/\\\/culturesco.com\\\/index.php\\\/2021\\\/06\\\/22\\\/la-france-est-vraiment-rock-pascal-pacaly\\\/\",\"name\":\"La France Est (Vraiment) Rock !! - Pascal Pacaly - Culturesco\",\"isPartOf\":{\"@id\":\"https:\\\/\\\/culturesco.com\\\/#website\"},\"primaryImageOfPage\":{\"@id\":\"https:\\\/\\\/culturesco.com\\\/index.php\\\/2021\\\/06\\\/22\\\/la-france-est-vraiment-rock-pascal-pacaly\\\/#primaryimage\"},\"image\":{\"@id\":\"https:\\\/\\\/culturesco.com\\\/index.php\\\/2021\\\/06\\\/22\\\/la-france-est-vraiment-rock-pascal-pacaly\\\/#primaryimage\"},\"thumbnailUrl\":\"https:\\\/\\\/i0.wp.com\\\/culturesco.com\\\/wp-content\\\/uploads\\\/2021\\\/06\\\/Pascal-Pacaly.jpeg?fit=420%2C600&ssl=1\",\"datePublished\":\"2021-06-22T00:35:54+00:00\",\"description\":\"CulturesCo | Un bon coup de pied dans ta Culture | Chroniques et histoire du Rock, chanson fran\u00e7aise, litt\u00e9rature, cin\u00e9ma et bande dessin\u00e9e.\",\"breadcrumb\":{\"@id\":\"https:\\\/\\\/culturesco.com\\\/index.php\\\/2021\\\/06\\\/22\\\/la-france-est-vraiment-rock-pascal-pacaly\\\/#breadcrumb\"},\"inLanguage\":\"fr-FR\",\"potentialAction\":[{\"@type\":\"ReadAction\",\"target\":[\"https:\\\/\\\/culturesco.com\\\/index.php\\\/2021\\\/06\\\/22\\\/la-france-est-vraiment-rock-pascal-pacaly\\\/\"]}]},{\"@type\":\"ImageObject\",\"inLanguage\":\"fr-FR\",\"@id\":\"https:\\\/\\\/culturesco.com\\\/index.php\\\/2021\\\/06\\\/22\\\/la-france-est-vraiment-rock-pascal-pacaly\\\/#primaryimage\",\"url\":\"https:\\\/\\\/i0.wp.com\\\/culturesco.com\\\/wp-content\\\/uploads\\\/2021\\\/06\\\/Pascal-Pacaly.jpeg?fit=420%2C600&ssl=1\",\"contentUrl\":\"https:\\\/\\\/i0.wp.com\\\/culturesco.com\\\/wp-content\\\/uploads\\\/2021\\\/06\\\/Pascal-Pacaly.jpeg?fit=420%2C600&ssl=1\",\"width\":420,\"height\":600,\"caption\":\"La France Est (Vraiment) Rock !! - Pascal Pacaly\"},{\"@type\":\"BreadcrumbList\",\"@id\":\"https:\\\/\\\/culturesco.com\\\/index.php\\\/2021\\\/06\\\/22\\\/la-france-est-vraiment-rock-pascal-pacaly\\\/#breadcrumb\",\"itemListElement\":[{\"@type\":\"ListItem\",\"position\":1,\"name\":\"Accueil\",\"item\":\"https:\\\/\\\/culturesco.com\\\/\"},{\"@type\":\"ListItem\",\"position\":2,\"name\":\"La France Est (Vraiment) Rock !! &#8211; Pascal Pacaly\"}]},{\"@type\":\"WebSite\",\"@id\":\"https:\\\/\\\/culturesco.com\\\/#website\",\"url\":\"https:\\\/\\\/culturesco.com\\\/\",\"name\":\"Culturesco\",\"description\":\"Culturesco | Un bon coup de pied dans ta Culture\",\"publisher\":{\"@id\":\"https:\\\/\\\/culturesco.com\\\/#organization\"},\"potentialAction\":[{\"@type\":\"SearchAction\",\"target\":{\"@type\":\"EntryPoint\",\"urlTemplate\":\"https:\\\/\\\/culturesco.com\\\/?s={search_term_string}\"},\"query-input\":{\"@type\":\"PropertyValueSpecification\",\"valueRequired\":true,\"valueName\":\"search_term_string\"}}],\"inLanguage\":\"fr-FR\"},{\"@type\":\"Organization\",\"@id\":\"https:\\\/\\\/culturesco.com\\\/#organization\",\"name\":\"CULTURESCO\",\"url\":\"https:\\\/\\\/culturesco.com\\\/\",\"logo\":{\"@type\":\"ImageObject\",\"inLanguage\":\"fr-FR\",\"@id\":\"https:\\\/\\\/culturesco.com\\\/#\\\/schema\\\/logo\\\/image\\\/\",\"url\":\"https:\\\/\\\/i0.wp.com\\\/culturesco.com\\\/wp-content\\\/uploads\\\/2022\\\/04\\\/culturesco-logo-blanc250p.png?fit=250%2C250&ssl=1\",\"contentUrl\":\"https:\\\/\\\/i0.wp.com\\\/culturesco.com\\\/wp-content\\\/uploads\\\/2022\\\/04\\\/culturesco-logo-blanc250p.png?fit=250%2C250&ssl=1\",\"width\":250,\"height\":250,\"caption\":\"CULTURESCO\"},\"image\":{\"@id\":\"https:\\\/\\\/culturesco.com\\\/#\\\/schema\\\/logo\\\/image\\\/\"},\"sameAs\":[\"https:\\\/\\\/www.facebook.com\\\/radioculturesco\",\"https:\\\/\\\/x.com\\\/AugusteMarshal\",\"https:\\\/\\\/www.instagram.com\\\/carotte_rock_culture\\\/\",\"https:\\\/\\\/www.pinterest.fr\\\/augustemarshal\\\/\",\"https:\\\/\\\/www.youtube.com\\\/channel\\\/UCiWLGffqWSXlNnfzp6YwwyQ\"]},{\"@type\":\"Person\",\"@id\":\"https:\\\/\\\/culturesco.com\\\/#\\\/schema\\\/person\\\/c2ddd6724863f3bbd20a8278df0891f3\",\"name\":\"Patrick Benard\",\"image\":{\"@type\":\"ImageObject\",\"inLanguage\":\"fr-FR\",\"@id\":\"https:\\\/\\\/i0.wp.com\\\/culturesco.com\\\/wp-content\\\/uploads\\\/2019\\\/02\\\/patrick-benard-2.jpg?fit=90%2C96&ssl=1\",\"url\":\"https:\\\/\\\/i0.wp.com\\\/culturesco.com\\\/wp-content\\\/uploads\\\/2019\\\/02\\\/patrick-benard-2.jpg?fit=90%2C96&ssl=1\",\"contentUrl\":\"https:\\\/\\\/i0.wp.com\\\/culturesco.com\\\/wp-content\\\/uploads\\\/2019\\\/02\\\/patrick-benard-2.jpg?fit=90%2C96&ssl=1\",\"caption\":\"Patrick Benard\"},\"description\":\"Ecrivain, chroniqueur, animateur radio, cr\u00e9ateur de la revue \u00ab Cin\u00e9manie \u00bb, autour du cin\u00e9ma dit d\u2019art et d\u2019essai, sp\u00e9cialiste du groupe The Cure, archiviste... 2020 : \\\"Le Post Rock\\\" essai sur le post rock de Mogwa\u00ef \u00e0 Godspeed You Black Emperor - Camion Blanc 2014 : \u00ab On the rocks \u2013le rock de 2007 \u00e0 2014 \u00bb chroniques livres et cd rocks, interviews \u2013Editions Vaillant 2010 : \u00ab Dans la T\u00eate de Robert Smith \u00bb, roman fiction autour de l\u2019histoire des Cure et de Robert Smith \u2013 Edilivres 2007 : \u00ab Chroniques Fr\u00e9n\u00e9tiques, une histoire intime du rock \u00bb, roman, prix Technikart. 2001 : \u00ab Les Iles du D\u00e9sert \u00bb, polar autour du rock \u2013 Editions Nykta\",\"url\":\"https:\\\/\\\/culturesco.com\\\/index.php\\\/author\\\/patrick-benard89\\\/\"}]}<\/script>\n<!-- \/ Yoast SEO plugin. -->","yoast_head_json":{"title":"La France Est (Vraiment) Rock !! - Pascal Pacaly - Culturesco","description":"CulturesCo | Un bon coup de pied dans ta Culture | Chroniques et histoire du Rock, chanson fran\u00e7aise, litt\u00e9rature, cin\u00e9ma et bande dessin\u00e9e.","robots":{"index":"index","follow":"follow","max-snippet":"max-snippet:-1","max-image-preview":"max-image-preview:large","max-video-preview":"max-video-preview:-1"},"canonical":"https:\/\/culturesco.com\/index.php\/2021\/06\/22\/la-france-est-vraiment-rock-pascal-pacaly\/","og_locale":"fr_FR","og_type":"article","og_title":"La France Est (Vraiment) Rock !! - Pascal Pacaly - Culturesco","og_description":"CulturesCo | Un bon coup de pied dans ta Culture | Chroniques et histoire du Rock, chanson fran\u00e7aise, litt\u00e9rature, cin\u00e9ma et bande dessin\u00e9e.","og_url":"https:\/\/culturesco.com\/index.php\/2021\/06\/22\/la-france-est-vraiment-rock-pascal-pacaly\/","og_site_name":"Culturesco","article_publisher":"https:\/\/www.facebook.com\/radioculturesco","article_published_time":"2021-06-22T00:35:54+00:00","og_image":[{"width":420,"height":600,"url":"https:\/\/i2.wp.com\/culturesco.com\/wp-content\/uploads\/2021\/06\/Pascal-Pacaly.jpeg?fit=420%2C600&ssl=1","type":"image\/jpeg"}],"author":"Patrick Benard","twitter_card":"summary_large_image","twitter_creator":"@AugusteMarshal","twitter_site":"@AugusteMarshal","twitter_misc":{"\u00c9crit par":"Patrick Benard","Dur\u00e9e de lecture estim\u00e9e":"2 minutes"},"schema":{"@context":"https:\/\/schema.org","@graph":[{"@type":"Article","@id":"https:\/\/culturesco.com\/index.php\/2021\/06\/22\/la-france-est-vraiment-rock-pascal-pacaly\/#article","isPartOf":{"@id":"https:\/\/culturesco.com\/index.php\/2021\/06\/22\/la-france-est-vraiment-rock-pascal-pacaly\/"},"author":{"name":"Patrick Benard","@id":"https:\/\/culturesco.com\/#\/schema\/person\/c2ddd6724863f3bbd20a8278df0891f3"},"headline":"La France Est (Vraiment) Rock !! &#8211; Pascal Pacaly","datePublished":"2021-06-22T00:35:54+00:00","mainEntityOfPage":{"@id":"https:\/\/culturesco.com\/index.php\/2021\/06\/22\/la-france-est-vraiment-rock-pascal-pacaly\/"},"wordCount":438,"commentCount":0,"publisher":{"@id":"https:\/\/culturesco.com\/#organization"},"image":{"@id":"https:\/\/culturesco.com\/index.php\/2021\/06\/22\/la-france-est-vraiment-rock-pascal-pacaly\/#primaryimage"},"thumbnailUrl":"https:\/\/i0.wp.com\/culturesco.com\/wp-content\/uploads\/2021\/06\/Pascal-Pacaly.jpeg?fit=420%2C600&ssl=1","keywords":["Anecdotes Rock","litt\u00e9rature","Livre Rock","pop rock","punk","Rock fran\u00e7ais"],"articleSection":["Litt\u00e9rature","Livre Rock","Short Stories"],"inLanguage":"fr-FR","potentialAction":[{"@type":"CommentAction","name":"Comment","target":["https:\/\/culturesco.com\/index.php\/2021\/06\/22\/la-france-est-vraiment-rock-pascal-pacaly\/#respond"]}]},{"@type":"WebPage","@id":"https:\/\/culturesco.com\/index.php\/2021\/06\/22\/la-france-est-vraiment-rock-pascal-pacaly\/","url":"https:\/\/culturesco.com\/index.php\/2021\/06\/22\/la-france-est-vraiment-rock-pascal-pacaly\/","name":"La France Est (Vraiment) Rock !! - Pascal Pacaly - Culturesco","isPartOf":{"@id":"https:\/\/culturesco.com\/#website"},"primaryImageOfPage":{"@id":"https:\/\/culturesco.com\/index.php\/2021\/06\/22\/la-france-est-vraiment-rock-pascal-pacaly\/#primaryimage"},"image":{"@id":"https:\/\/culturesco.com\/index.php\/2021\/06\/22\/la-france-est-vraiment-rock-pascal-pacaly\/#primaryimage"},"thumbnailUrl":"https:\/\/i0.wp.com\/culturesco.com\/wp-content\/uploads\/2021\/06\/Pascal-Pacaly.jpeg?fit=420%2C600&ssl=1","datePublished":"2021-06-22T00:35:54+00:00","description":"CulturesCo | Un bon coup de pied dans ta Culture | Chroniques et histoire du Rock, chanson fran\u00e7aise, litt\u00e9rature, cin\u00e9ma et bande dessin\u00e9e.","breadcrumb":{"@id":"https:\/\/culturesco.com\/index.php\/2021\/06\/22\/la-france-est-vraiment-rock-pascal-pacaly\/#breadcrumb"},"inLanguage":"fr-FR","potentialAction":[{"@type":"ReadAction","target":["https:\/\/culturesco.com\/index.php\/2021\/06\/22\/la-france-est-vraiment-rock-pascal-pacaly\/"]}]},{"@type":"ImageObject","inLanguage":"fr-FR","@id":"https:\/\/culturesco.com\/index.php\/2021\/06\/22\/la-france-est-vraiment-rock-pascal-pacaly\/#primaryimage","url":"https:\/\/i0.wp.com\/culturesco.com\/wp-content\/uploads\/2021\/06\/Pascal-Pacaly.jpeg?fit=420%2C600&ssl=1","contentUrl":"https:\/\/i0.wp.com\/culturesco.com\/wp-content\/uploads\/2021\/06\/Pascal-Pacaly.jpeg?fit=420%2C600&ssl=1","width":420,"height":600,"caption":"La France Est (Vraiment) Rock !! - Pascal Pacaly"},{"@type":"BreadcrumbList","@id":"https:\/\/culturesco.com\/index.php\/2021\/06\/22\/la-france-est-vraiment-rock-pascal-pacaly\/#breadcrumb","itemListElement":[{"@type":"ListItem","position":1,"name":"Accueil","item":"https:\/\/culturesco.com\/"},{"@type":"ListItem","position":2,"name":"La France Est (Vraiment) Rock !! &#8211; Pascal Pacaly"}]},{"@type":"WebSite","@id":"https:\/\/culturesco.com\/#website","url":"https:\/\/culturesco.com\/","name":"Culturesco","description":"Culturesco | Un bon coup de pied dans ta Culture","publisher":{"@id":"https:\/\/culturesco.com\/#organization"},"potentialAction":[{"@type":"SearchAction","target":{"@type":"EntryPoint","urlTemplate":"https:\/\/culturesco.com\/?s={search_term_string}"},"query-input":{"@type":"PropertyValueSpecification","valueRequired":true,"valueName":"search_term_string"}}],"inLanguage":"fr-FR"},{"@type":"Organization","@id":"https:\/\/culturesco.com\/#organization","name":"CULTURESCO","url":"https:\/\/culturesco.com\/","logo":{"@type":"ImageObject","inLanguage":"fr-FR","@id":"https:\/\/culturesco.com\/#\/schema\/logo\/image\/","url":"https:\/\/i0.wp.com\/culturesco.com\/wp-content\/uploads\/2022\/04\/culturesco-logo-blanc250p.png?fit=250%2C250&ssl=1","contentUrl":"https:\/\/i0.wp.com\/culturesco.com\/wp-content\/uploads\/2022\/04\/culturesco-logo-blanc250p.png?fit=250%2C250&ssl=1","width":250,"height":250,"caption":"CULTURESCO"},"image":{"@id":"https:\/\/culturesco.com\/#\/schema\/logo\/image\/"},"sameAs":["https:\/\/www.facebook.com\/radioculturesco","https:\/\/x.com\/AugusteMarshal","https:\/\/www.instagram.com\/carotte_rock_culture\/","https:\/\/www.pinterest.fr\/augustemarshal\/","https:\/\/www.youtube.com\/channel\/UCiWLGffqWSXlNnfzp6YwwyQ"]},{"@type":"Person","@id":"https:\/\/culturesco.com\/#\/schema\/person\/c2ddd6724863f3bbd20a8278df0891f3","name":"Patrick Benard","image":{"@type":"ImageObject","inLanguage":"fr-FR","@id":"https:\/\/i0.wp.com\/culturesco.com\/wp-content\/uploads\/2019\/02\/patrick-benard-2.jpg?fit=90%2C96&ssl=1","url":"https:\/\/i0.wp.com\/culturesco.com\/wp-content\/uploads\/2019\/02\/patrick-benard-2.jpg?fit=90%2C96&ssl=1","contentUrl":"https:\/\/i0.wp.com\/culturesco.com\/wp-content\/uploads\/2019\/02\/patrick-benard-2.jpg?fit=90%2C96&ssl=1","caption":"Patrick Benard"},"description":"Ecrivain, chroniqueur, animateur radio, cr\u00e9ateur de la revue \u00ab Cin\u00e9manie \u00bb, autour du cin\u00e9ma dit d\u2019art et d\u2019essai, sp\u00e9cialiste du groupe The Cure, archiviste... 2020 : \"Le Post Rock\" essai sur le post rock de Mogwa\u00ef \u00e0 Godspeed You Black Emperor - Camion Blanc 2014 : \u00ab On the rocks \u2013le rock de 2007 \u00e0 2014 \u00bb chroniques livres et cd rocks, interviews \u2013Editions Vaillant 2010 : \u00ab Dans la T\u00eate de Robert Smith \u00bb, roman fiction autour de l\u2019histoire des Cure et de Robert Smith \u2013 Edilivres 2007 : \u00ab Chroniques Fr\u00e9n\u00e9tiques, une histoire intime du rock \u00bb, roman, prix Technikart. 2001 : \u00ab Les Iles du D\u00e9sert \u00bb, polar autour du rock \u2013 Editions Nykta","url":"https:\/\/culturesco.com\/index.php\/author\/patrick-benard89\/"}]}},"jetpack_featured_media_url":"https:\/\/i0.wp.com\/culturesco.com\/wp-content\/uploads\/2021\/06\/Pascal-Pacaly.jpeg?fit=420%2C600&ssl=1","jetpack_likes_enabled":true,"jetpack_sharing_enabled":true,"jetpack_shortlink":"https:\/\/wp.me\/paz89I-3Ks","_links":{"self":[{"href":"https:\/\/culturesco.com\/index.php\/wp-json\/wp\/v2\/posts\/14412","targetHints":{"allow":["GET"]}}],"collection":[{"href":"https:\/\/culturesco.com\/index.php\/wp-json\/wp\/v2\/posts"}],"about":[{"href":"https:\/\/culturesco.com\/index.php\/wp-json\/wp\/v2\/types\/post"}],"author":[{"embeddable":true,"href":"https:\/\/culturesco.com\/index.php\/wp-json\/wp\/v2\/users\/4"}],"replies":[{"embeddable":true,"href":"https:\/\/culturesco.com\/index.php\/wp-json\/wp\/v2\/comments?post=14412"}],"version-history":[{"count":0,"href":"https:\/\/culturesco.com\/index.php\/wp-json\/wp\/v2\/posts\/14412\/revisions"}],"wp:featuredmedia":[{"embeddable":true,"href":"https:\/\/culturesco.com\/index.php\/wp-json\/wp\/v2\/media\/14413"}],"wp:attachment":[{"href":"https:\/\/culturesco.com\/index.php\/wp-json\/wp\/v2\/media?parent=14412"}],"wp:term":[{"taxonomy":"category","embeddable":true,"href":"https:\/\/culturesco.com\/index.php\/wp-json\/wp\/v2\/categories?post=14412"},{"taxonomy":"post_tag","embeddable":true,"href":"https:\/\/culturesco.com\/index.php\/wp-json\/wp\/v2\/tags?post=14412"}],"curies":[{"name":"wp","href":"https:\/\/api.w.org\/{rel}","templated":true}]}}