{"id":1441,"date":"2018-12-10T15:51:46","date_gmt":"2018-12-10T14:51:46","guid":{"rendered":"https:\/\/culturesco.com\/?p=1441"},"modified":"2019-03-20T09:24:53","modified_gmt":"2019-03-20T08:24:53","slug":"tele-les-pervers-du-service-public","status":"publish","type":"post","link":"https:\/\/culturesco.com\/index.php\/2018\/12\/10\/tele-les-pervers-du-service-public\/","title":{"rendered":"T\u00e9l\u00e9 : les pervers du service public"},"content":{"rendered":"<h2>CSA, au secours !<\/h2>\n<p><img data-recalc-dims=\"1\" loading=\"lazy\" decoding=\"async\" class=\"aligncenter size-full wp-image-1470\" src=\"https:\/\/i0.wp.com\/culturesco.com\/wp-content\/uploads\/2018\/12\/replay2.jpg?resize=696%2C364&#038;ssl=1\" alt=\"replay France t\u00e9l\u00e9vision\" width=\"696\" height=\"364\" \/><\/p>\n<h3>Des pratiques malhonn\u00eates sur France 2 et France 3 ?<\/h3>\n<p style=\"text-align: justify;\">Avez-vous d\u00e9j\u00e0 test\u00e9 les REPLAY de France 2 et France 3\u00a0 ?<br \/>\nBon, d\u00e9j\u00e0, il faut avoir son pesant de calme et de patience car les sites ne sont pas d\u2019une clart\u00e9 \u00e9crasante.<\/p>\n<p style=\"text-align: justify;\">Vous souhaitez regarder un programme tr\u00e8s pr\u00e9cis d\u2019une cha\u00eene pr\u00e9cise ; disons France 2. Vous arrivez \u2013 quel bonheur ! \u2013 sur la page de France 2. Et l\u00e0, si vous d\u00e9cidez d\u2019affiner votre recherche, apr\u00e8s avoir cliqu\u00e9 sur \u00ab RECHERCHER \u00bb vous vous retrouvez, non pas \u00e0 votre point de d\u00e9part \u2013 ce serait trop beau ! \u2013 mais en arri\u00e8re : sur France T\u00e9l\u00e9visions, c\u2019est-\u00e0-dire non plus sur une seule cha\u00eene, celle que vous aviez choisie, mais sur <strong>TOUTES<\/strong> (y en a au moins six, de t\u00e9l\u00e9s, et autant de radios. Une douzaine au total. \u00ab\u00a0C\u2019est l\u2019bouquet\u00a0\u00bb , si je peux me permettre l\u2019expression).<\/p>\n<p style=\"text-align: justify;\">Bon, p\u00e9niblement, au bout d\u2019environ dix minutes, on arrive \u00e0 trouver ce qu\u2019on cherche. Et l\u00e0, les poches vides car on a pay\u00e9 la redevance, s\u2019affiche le message \u00abVotre vid\u00e9o commence dans soixante secondes\u00bb.<\/p>\n<p style=\"text-align: justify;\">Et c\u2019est \u00e0 cet instant pr\u00e9cis que les malins (enfin, ceux qui croient l\u2019\u00eatre, comme moi) se font court-circuiter par les pervers.<\/p>\n<h3 style=\"text-align: justify;\">Explication\u2026<\/h3>\n<p style=\"text-align: justify;\">N\u2019ayant vraiment pas envie de supporter pendant soixante secondes la publicit\u00e9 pour T\u00e9na Incontinence (j\u2019ai 66 ans mais je contr\u00f4le toujours pas mal mon organe, j&rsquo;ai pas l&rsquo;intention de \u00ab\u00a0cliquer pour recevoir un \u00e9chantillon gratuit\u00a0\u00bb), je d\u00e9cide de passer sur Youtube, fen\u00eatre ouverte simultan\u00e9ment.<\/p>\n<p style=\"text-align: justify;\">Je quitte France 2 qui m\u2019indique que ma publicit\u00e9 s\u2019ach\u00e8vera dans 56 secondes et d\u00e9cide de quitter Youtube dans 50 secondes pour ne pas louper le d\u00e9but de mon reportage. Et l\u00e0, mis\u00e8re et damnation (ou \u00ab GASP ! \u00bb comme on disait dans les bandes des ann\u00e9es cinquante), c\u2019est toujours mon bonze qui explique les bienfaits de T\u00e9na Incontinence, \u00ab\u00a0<strong>les fuites urinaires que personne ne remarquera<\/strong>\u00a0\u00bb\u00a0: si on quitte la fen\u00eatre de France 2, la publicit\u00e9 s\u2019immobilise durant toute la dur\u00e9e de votre absence. Ce qui fait qu\u2019il est IMPOSSIBLE de ne pas regarder la publicit\u00e9 en entier (on peut cependant, \u00e0 toutes fins utiles, <span style=\"color: black; font-family: 'Helvetica','sans-serif';\"><span style=\"font-size: medium;\">installer le logiciel <strong>Adblock<\/strong>, qui comme son nom l&rsquo;indique bloque les publicit\u00e9s, mais pas toutes, certaines se faufilent quand m\u00eame).<\/span><\/span><\/p>\n<p style=\"text-align: justify;\">Est-ce bien honn\u00eate, une telle<strong> fourberie commerciale<\/strong>, de la part d\u2019un service public qui pompe nos deniers ?<br \/>\nMalgr\u00e9 le ton humoristique du pr\u00e9sent article, il porte en lui beaucoup de col\u00e8re. Macron l&rsquo;avait bien dit : \u00ab\u00a0<strong>L&rsquo;audiovisuel public fran\u00e7ais est une honte<\/strong> !\u00a0\u00bb<\/p>\n<h3>UNE FORTE REVENDICATION : UN SERVICE PUBLIC\u2026 sans publicit\u00e9<\/h3>\n<p>Certains vont \u00e9voquer des probl\u00e8mes de budget : un service public \u00ab\u00a0pris \u00e0 la gorge\u00a0\u00bb s&rsquo;il est d\u00e9pourvu de publicit\u00e9. C&rsquo;est passer outre les \u00e9moluments monstrueux que touchent certains animateurs &#8211; souvent par un jeu de soci\u00e9t\u00e9s de production, qui surmultiplient les co\u00fbts. Except\u00e9 <strong>Laurent RUQUIER <\/strong>qui refuse cat\u00e9goriquement de communiquer ses salaires (on sait juste qu&rsquo;il prend 10 000 euros pour chaque num\u00e9ro de <em>On n&rsquo;est pas couch\u00e9s<\/em>), citons quelques exemples puis\u00e9s dans un num\u00e9ro r\u00e9cent du Dauphin\u00e9 lib\u00e9r\u00e9\u00a0:<\/p>\n<ul>\n<li>France t\u00e9l\u00e9vision commanderait chaque ann\u00e9e\u00a0pour 30 millions d&rsquo;euros \u00e0 Air productions, la soci\u00e9t\u00e9 de Nagui, qui lui m\u00eame, en tant qu&rsquo;animateur, toucherait sur cette somme 1 million \u00e0 titre de pr\u00e9sentateur<\/li>\n<li>Michel DRUCKER, via la soci\u00e9t\u00e9 de prod&rsquo; <em>Production DMD<\/em>, engrange 9 millions d&rsquo;euros par an pour \u00ab\u00a0Vivement dimanche\u00a0\u00bb<\/li>\n<li>Laurent DELAHOUSSE touche\u00a015 000 \u20ac par mois<\/li>\n<\/ul>\n<p>Daniel Lesueur &#8211; <strong>Culturesco<\/strong><\/p>\n","protected":false},"excerpt":{"rendered":"<p>CSA, au secours ! Des pratiques malhonn\u00eates sur France 2 et France 3 ? Avez-vous d\u00e9j\u00e0 test\u00e9 les REPLAY de France 2 et France 3\u00a0 ? Bon, d\u00e9j\u00e0, il faut avoir son pesant de calme et de patience car les sites ne sont pas d\u2019une clart\u00e9 \u00e9crasante. Vous souhaitez regarder un programme tr\u00e8s pr\u00e9cis d\u2019une [&hellip;]<\/p>\n","protected":false},"author":2,"featured_media":1470,"comment_status":"open","ping_status":"open","sticky":false,"template":"","format":"image","meta":{"jetpack_post_was_ever_published":false,"tdm_status":"","tdm_grid_status":"","_jetpack_newsletter_access":"","_jetpack_dont_email_post_to_subs":false,"_jetpack_newsletter_tier_id":0,"_jetpack_memberships_contains_paywalled_content":false,"_jetpack_memberships_contains_paid_content":false,"footnotes":""},"categories":[63],"tags":[59],"class_list":{"0":"post-1441","1":"post","2":"type-post","3":"status-publish","4":"format-image","5":"has-post-thumbnail","7":"category-television","8":"tag-television","9":"post_format-post-format-image"},"yoast_head":"<!-- This site is optimized with the Yoast SEO plugin v27.5 - https:\/\/yoast.com\/product\/yoast-seo-wordpress\/ -->\n<title>T\u00e9l\u00e9 : les pervers du service public - Culturesco<\/title>\n<meta name=\"description\" content=\"CulturesCo | Un bon coup de pied dans ta Culture | Chroniques et histoire du Rock, chanson fran\u00e7aise, litt\u00e9rature, cin\u00e9ma et bande dessin\u00e9e.\" \/>\n<meta name=\"robots\" content=\"index, follow, max-snippet:-1, max-image-preview:large, max-video-preview:-1\" \/>\n<link rel=\"canonical\" href=\"https:\/\/culturesco.com\/index.php\/2018\/12\/10\/tele-les-pervers-du-service-public\/\" \/>\n<meta property=\"og:locale\" content=\"fr_FR\" \/>\n<meta property=\"og:type\" content=\"article\" \/>\n<meta property=\"og:title\" content=\"T\u00e9l\u00e9 : les pervers du service public - Culturesco\" \/>\n<meta property=\"og:description\" content=\"CulturesCo | Un bon coup de pied dans ta Culture | Chroniques et histoire du Rock, chanson fran\u00e7aise, litt\u00e9rature, cin\u00e9ma et bande dessin\u00e9e.\" \/>\n<meta property=\"og:url\" content=\"https:\/\/culturesco.com\/index.php\/2018\/12\/10\/tele-les-pervers-du-service-public\/\" \/>\n<meta property=\"og:site_name\" content=\"Culturesco\" \/>\n<meta property=\"article:publisher\" content=\"https:\/\/www.facebook.com\/radioculturesco\" \/>\n<meta property=\"article:published_time\" content=\"2018-12-10T14:51:46+00:00\" \/>\n<meta property=\"article:modified_time\" content=\"2019-03-20T08:24:53+00:00\" \/>\n<meta property=\"og:image\" content=\"https:\/\/i2.wp.com\/culturesco.com\/wp-content\/uploads\/2018\/12\/replay2-e1555275371925.jpg?fit=600%2C314&ssl=1\" \/>\n\t<meta property=\"og:image:width\" content=\"600\" \/>\n\t<meta property=\"og:image:height\" content=\"314\" \/>\n\t<meta property=\"og:image:type\" content=\"image\/jpeg\" \/>\n<meta name=\"author\" content=\"Daniel Lesueur\" \/>\n<meta name=\"twitter:card\" content=\"summary_large_image\" \/>\n<meta name=\"twitter:creator\" content=\"@AugusteMarshal\" \/>\n<meta name=\"twitter:site\" content=\"@AugusteMarshal\" \/>\n<meta name=\"twitter:label1\" content=\"\u00c9crit par\" \/>\n\t<meta name=\"twitter:data1\" content=\"Daniel Lesueur\" \/>\n\t<meta name=\"twitter:label2\" content=\"Dur\u00e9e de lecture estim\u00e9e\" \/>\n\t<meta name=\"twitter:data2\" content=\"3 minutes\" \/>\n<script type=\"application\/ld+json\" class=\"yoast-schema-graph\">{\"@context\":\"https:\\\/\\\/schema.org\",\"@graph\":[{\"@type\":\"Article\",\"@id\":\"https:\\\/\\\/culturesco.com\\\/index.php\\\/2018\\\/12\\\/10\\\/tele-les-pervers-du-service-public\\\/#article\",\"isPartOf\":{\"@id\":\"https:\\\/\\\/culturesco.com\\\/index.php\\\/2018\\\/12\\\/10\\\/tele-les-pervers-du-service-public\\\/\"},\"author\":{\"name\":\"Daniel Lesueur\",\"@id\":\"https:\\\/\\\/culturesco.com\\\/#\\\/schema\\\/person\\\/716087cb1b01edf85084af2d12096a8f\"},\"headline\":\"T\u00e9l\u00e9 : les pervers du service public\",\"datePublished\":\"2018-12-10T14:51:46+00:00\",\"dateModified\":\"2019-03-20T08:24:53+00:00\",\"mainEntityOfPage\":{\"@id\":\"https:\\\/\\\/culturesco.com\\\/index.php\\\/2018\\\/12\\\/10\\\/tele-les-pervers-du-service-public\\\/\"},\"wordCount\":624,\"commentCount\":0,\"publisher\":{\"@id\":\"https:\\\/\\\/culturesco.com\\\/#organization\"},\"image\":{\"@id\":\"https:\\\/\\\/culturesco.com\\\/index.php\\\/2018\\\/12\\\/10\\\/tele-les-pervers-du-service-public\\\/#primaryimage\"},\"thumbnailUrl\":\"https:\\\/\\\/i0.wp.com\\\/culturesco.com\\\/wp-content\\\/uploads\\\/2018\\\/12\\\/replay2-e1555275371925.jpg?fit=600%2C314&ssl=1\",\"keywords\":[\"t\u00e9l\u00e9vision\"],\"articleSection\":[\"Television\"],\"inLanguage\":\"fr-FR\",\"potentialAction\":[{\"@type\":\"CommentAction\",\"name\":\"Comment\",\"target\":[\"https:\\\/\\\/culturesco.com\\\/index.php\\\/2018\\\/12\\\/10\\\/tele-les-pervers-du-service-public\\\/#respond\"]}]},{\"@type\":\"WebPage\",\"@id\":\"https:\\\/\\\/culturesco.com\\\/index.php\\\/2018\\\/12\\\/10\\\/tele-les-pervers-du-service-public\\\/\",\"url\":\"https:\\\/\\\/culturesco.com\\\/index.php\\\/2018\\\/12\\\/10\\\/tele-les-pervers-du-service-public\\\/\",\"name\":\"T\u00e9l\u00e9 : les pervers du service public - Culturesco\",\"isPartOf\":{\"@id\":\"https:\\\/\\\/culturesco.com\\\/#website\"},\"primaryImageOfPage\":{\"@id\":\"https:\\\/\\\/culturesco.com\\\/index.php\\\/2018\\\/12\\\/10\\\/tele-les-pervers-du-service-public\\\/#primaryimage\"},\"image\":{\"@id\":\"https:\\\/\\\/culturesco.com\\\/index.php\\\/2018\\\/12\\\/10\\\/tele-les-pervers-du-service-public\\\/#primaryimage\"},\"thumbnailUrl\":\"https:\\\/\\\/i0.wp.com\\\/culturesco.com\\\/wp-content\\\/uploads\\\/2018\\\/12\\\/replay2-e1555275371925.jpg?fit=600%2C314&ssl=1\",\"datePublished\":\"2018-12-10T14:51:46+00:00\",\"dateModified\":\"2019-03-20T08:24:53+00:00\",\"description\":\"CulturesCo | Un bon coup de pied dans ta Culture | Chroniques et histoire du Rock, chanson fran\u00e7aise, litt\u00e9rature, cin\u00e9ma et bande dessin\u00e9e.\",\"breadcrumb\":{\"@id\":\"https:\\\/\\\/culturesco.com\\\/index.php\\\/2018\\\/12\\\/10\\\/tele-les-pervers-du-service-public\\\/#breadcrumb\"},\"inLanguage\":\"fr-FR\",\"potentialAction\":[{\"@type\":\"ReadAction\",\"target\":[\"https:\\\/\\\/culturesco.com\\\/index.php\\\/2018\\\/12\\\/10\\\/tele-les-pervers-du-service-public\\\/\"]}]},{\"@type\":\"ImageObject\",\"inLanguage\":\"fr-FR\",\"@id\":\"https:\\\/\\\/culturesco.com\\\/index.php\\\/2018\\\/12\\\/10\\\/tele-les-pervers-du-service-public\\\/#primaryimage\",\"url\":\"https:\\\/\\\/i0.wp.com\\\/culturesco.com\\\/wp-content\\\/uploads\\\/2018\\\/12\\\/replay2-e1555275371925.jpg?fit=600%2C314&ssl=1\",\"contentUrl\":\"https:\\\/\\\/i0.wp.com\\\/culturesco.com\\\/wp-content\\\/uploads\\\/2018\\\/12\\\/replay2-e1555275371925.jpg?fit=600%2C314&ssl=1\",\"width\":600,\"height\":314,\"caption\":\"replay France t\u00e9l\u00e9vision\"},{\"@type\":\"BreadcrumbList\",\"@id\":\"https:\\\/\\\/culturesco.com\\\/index.php\\\/2018\\\/12\\\/10\\\/tele-les-pervers-du-service-public\\\/#breadcrumb\",\"itemListElement\":[{\"@type\":\"ListItem\",\"position\":1,\"name\":\"Accueil\",\"item\":\"https:\\\/\\\/culturesco.com\\\/\"},{\"@type\":\"ListItem\",\"position\":2,\"name\":\"T\u00e9l\u00e9 : les pervers du service public\"}]},{\"@type\":\"WebSite\",\"@id\":\"https:\\\/\\\/culturesco.com\\\/#website\",\"url\":\"https:\\\/\\\/culturesco.com\\\/\",\"name\":\"Culturesco\",\"description\":\"Culturesco | Un bon coup de pied dans ta Culture\",\"publisher\":{\"@id\":\"https:\\\/\\\/culturesco.com\\\/#organization\"},\"potentialAction\":[{\"@type\":\"SearchAction\",\"target\":{\"@type\":\"EntryPoint\",\"urlTemplate\":\"https:\\\/\\\/culturesco.com\\\/?s={search_term_string}\"},\"query-input\":{\"@type\":\"PropertyValueSpecification\",\"valueRequired\":true,\"valueName\":\"search_term_string\"}}],\"inLanguage\":\"fr-FR\"},{\"@type\":\"Organization\",\"@id\":\"https:\\\/\\\/culturesco.com\\\/#organization\",\"name\":\"CULTURESCO\",\"url\":\"https:\\\/\\\/culturesco.com\\\/\",\"logo\":{\"@type\":\"ImageObject\",\"inLanguage\":\"fr-FR\",\"@id\":\"https:\\\/\\\/culturesco.com\\\/#\\\/schema\\\/logo\\\/image\\\/\",\"url\":\"https:\\\/\\\/i0.wp.com\\\/culturesco.com\\\/wp-content\\\/uploads\\\/2022\\\/04\\\/culturesco-logo-blanc250p.png?fit=250%2C250&ssl=1\",\"contentUrl\":\"https:\\\/\\\/i0.wp.com\\\/culturesco.com\\\/wp-content\\\/uploads\\\/2022\\\/04\\\/culturesco-logo-blanc250p.png?fit=250%2C250&ssl=1\",\"width\":250,\"height\":250,\"caption\":\"CULTURESCO\"},\"image\":{\"@id\":\"https:\\\/\\\/culturesco.com\\\/#\\\/schema\\\/logo\\\/image\\\/\"},\"sameAs\":[\"https:\\\/\\\/www.facebook.com\\\/radioculturesco\",\"https:\\\/\\\/x.com\\\/AugusteMarshal\",\"https:\\\/\\\/www.instagram.com\\\/carotte_rock_culture\\\/\",\"https:\\\/\\\/www.pinterest.fr\\\/augustemarshal\\\/\",\"https:\\\/\\\/www.youtube.com\\\/channel\\\/UCiWLGffqWSXlNnfzp6YwwyQ\"]},{\"@type\":\"Person\",\"@id\":\"https:\\\/\\\/culturesco.com\\\/#\\\/schema\\\/person\\\/716087cb1b01edf85084af2d12096a8f\",\"name\":\"Daniel Lesueur\",\"image\":{\"@type\":\"ImageObject\",\"inLanguage\":\"fr-FR\",\"@id\":\"https:\\\/\\\/i0.wp.com\\\/culturesco.com\\\/wp-content\\\/uploads\\\/2018\\\/12\\\/lesueur.jpg?fit=96%2C89&ssl=1\",\"url\":\"https:\\\/\\\/i0.wp.com\\\/culturesco.com\\\/wp-content\\\/uploads\\\/2018\\\/12\\\/lesueur.jpg?fit=96%2C89&ssl=1\",\"contentUrl\":\"https:\\\/\\\/i0.wp.com\\\/culturesco.com\\\/wp-content\\\/uploads\\\/2018\\\/12\\\/lesueur.jpg?fit=96%2C89&ssl=1\",\"caption\":\"Daniel Lesueur\"},\"description\":\"\u00c9crivain - Directeur de collection chez Camion Blanc\",\"url\":\"https:\\\/\\\/culturesco.com\\\/index.php\\\/author\\\/daniel-lesueur\\\/\"}]}<\/script>\n<!-- \/ Yoast SEO plugin. -->","yoast_head_json":{"title":"T\u00e9l\u00e9 : les pervers du service public - Culturesco","description":"CulturesCo | Un bon coup de pied dans ta Culture | Chroniques et histoire du Rock, chanson fran\u00e7aise, litt\u00e9rature, cin\u00e9ma et bande dessin\u00e9e.","robots":{"index":"index","follow":"follow","max-snippet":"max-snippet:-1","max-image-preview":"max-image-preview:large","max-video-preview":"max-video-preview:-1"},"canonical":"https:\/\/culturesco.com\/index.php\/2018\/12\/10\/tele-les-pervers-du-service-public\/","og_locale":"fr_FR","og_type":"article","og_title":"T\u00e9l\u00e9 : les pervers du service public - Culturesco","og_description":"CulturesCo | Un bon coup de pied dans ta Culture | Chroniques et histoire du Rock, chanson fran\u00e7aise, litt\u00e9rature, cin\u00e9ma et bande dessin\u00e9e.","og_url":"https:\/\/culturesco.com\/index.php\/2018\/12\/10\/tele-les-pervers-du-service-public\/","og_site_name":"Culturesco","article_publisher":"https:\/\/www.facebook.com\/radioculturesco","article_published_time":"2018-12-10T14:51:46+00:00","article_modified_time":"2019-03-20T08:24:53+00:00","og_image":[{"width":600,"height":314,"url":"https:\/\/i2.wp.com\/culturesco.com\/wp-content\/uploads\/2018\/12\/replay2-e1555275371925.jpg?fit=600%2C314&ssl=1","type":"image\/jpeg"}],"author":"Daniel Lesueur","twitter_card":"summary_large_image","twitter_creator":"@AugusteMarshal","twitter_site":"@AugusteMarshal","twitter_misc":{"\u00c9crit par":"Daniel Lesueur","Dur\u00e9e de lecture estim\u00e9e":"3 minutes"},"schema":{"@context":"https:\/\/schema.org","@graph":[{"@type":"Article","@id":"https:\/\/culturesco.com\/index.php\/2018\/12\/10\/tele-les-pervers-du-service-public\/#article","isPartOf":{"@id":"https:\/\/culturesco.com\/index.php\/2018\/12\/10\/tele-les-pervers-du-service-public\/"},"author":{"name":"Daniel Lesueur","@id":"https:\/\/culturesco.com\/#\/schema\/person\/716087cb1b01edf85084af2d12096a8f"},"headline":"T\u00e9l\u00e9 : les pervers du service public","datePublished":"2018-12-10T14:51:46+00:00","dateModified":"2019-03-20T08:24:53+00:00","mainEntityOfPage":{"@id":"https:\/\/culturesco.com\/index.php\/2018\/12\/10\/tele-les-pervers-du-service-public\/"},"wordCount":624,"commentCount":0,"publisher":{"@id":"https:\/\/culturesco.com\/#organization"},"image":{"@id":"https:\/\/culturesco.com\/index.php\/2018\/12\/10\/tele-les-pervers-du-service-public\/#primaryimage"},"thumbnailUrl":"https:\/\/i0.wp.com\/culturesco.com\/wp-content\/uploads\/2018\/12\/replay2-e1555275371925.jpg?fit=600%2C314&ssl=1","keywords":["t\u00e9l\u00e9vision"],"articleSection":["Television"],"inLanguage":"fr-FR","potentialAction":[{"@type":"CommentAction","name":"Comment","target":["https:\/\/culturesco.com\/index.php\/2018\/12\/10\/tele-les-pervers-du-service-public\/#respond"]}]},{"@type":"WebPage","@id":"https:\/\/culturesco.com\/index.php\/2018\/12\/10\/tele-les-pervers-du-service-public\/","url":"https:\/\/culturesco.com\/index.php\/2018\/12\/10\/tele-les-pervers-du-service-public\/","name":"T\u00e9l\u00e9 : les pervers du service public - Culturesco","isPartOf":{"@id":"https:\/\/culturesco.com\/#website"},"primaryImageOfPage":{"@id":"https:\/\/culturesco.com\/index.php\/2018\/12\/10\/tele-les-pervers-du-service-public\/#primaryimage"},"image":{"@id":"https:\/\/culturesco.com\/index.php\/2018\/12\/10\/tele-les-pervers-du-service-public\/#primaryimage"},"thumbnailUrl":"https:\/\/i0.wp.com\/culturesco.com\/wp-content\/uploads\/2018\/12\/replay2-e1555275371925.jpg?fit=600%2C314&ssl=1","datePublished":"2018-12-10T14:51:46+00:00","dateModified":"2019-03-20T08:24:53+00:00","description":"CulturesCo | Un bon coup de pied dans ta Culture | Chroniques et histoire du Rock, chanson fran\u00e7aise, litt\u00e9rature, cin\u00e9ma et bande dessin\u00e9e.","breadcrumb":{"@id":"https:\/\/culturesco.com\/index.php\/2018\/12\/10\/tele-les-pervers-du-service-public\/#breadcrumb"},"inLanguage":"fr-FR","potentialAction":[{"@type":"ReadAction","target":["https:\/\/culturesco.com\/index.php\/2018\/12\/10\/tele-les-pervers-du-service-public\/"]}]},{"@type":"ImageObject","inLanguage":"fr-FR","@id":"https:\/\/culturesco.com\/index.php\/2018\/12\/10\/tele-les-pervers-du-service-public\/#primaryimage","url":"https:\/\/i0.wp.com\/culturesco.com\/wp-content\/uploads\/2018\/12\/replay2-e1555275371925.jpg?fit=600%2C314&ssl=1","contentUrl":"https:\/\/i0.wp.com\/culturesco.com\/wp-content\/uploads\/2018\/12\/replay2-e1555275371925.jpg?fit=600%2C314&ssl=1","width":600,"height":314,"caption":"replay France t\u00e9l\u00e9vision"},{"@type":"BreadcrumbList","@id":"https:\/\/culturesco.com\/index.php\/2018\/12\/10\/tele-les-pervers-du-service-public\/#breadcrumb","itemListElement":[{"@type":"ListItem","position":1,"name":"Accueil","item":"https:\/\/culturesco.com\/"},{"@type":"ListItem","position":2,"name":"T\u00e9l\u00e9 : les pervers du service public"}]},{"@type":"WebSite","@id":"https:\/\/culturesco.com\/#website","url":"https:\/\/culturesco.com\/","name":"Culturesco","description":"Culturesco | Un bon coup de pied dans ta Culture","publisher":{"@id":"https:\/\/culturesco.com\/#organization"},"potentialAction":[{"@type":"SearchAction","target":{"@type":"EntryPoint","urlTemplate":"https:\/\/culturesco.com\/?s={search_term_string}"},"query-input":{"@type":"PropertyValueSpecification","valueRequired":true,"valueName":"search_term_string"}}],"inLanguage":"fr-FR"},{"@type":"Organization","@id":"https:\/\/culturesco.com\/#organization","name":"CULTURESCO","url":"https:\/\/culturesco.com\/","logo":{"@type":"ImageObject","inLanguage":"fr-FR","@id":"https:\/\/culturesco.com\/#\/schema\/logo\/image\/","url":"https:\/\/i0.wp.com\/culturesco.com\/wp-content\/uploads\/2022\/04\/culturesco-logo-blanc250p.png?fit=250%2C250&ssl=1","contentUrl":"https:\/\/i0.wp.com\/culturesco.com\/wp-content\/uploads\/2022\/04\/culturesco-logo-blanc250p.png?fit=250%2C250&ssl=1","width":250,"height":250,"caption":"CULTURESCO"},"image":{"@id":"https:\/\/culturesco.com\/#\/schema\/logo\/image\/"},"sameAs":["https:\/\/www.facebook.com\/radioculturesco","https:\/\/x.com\/AugusteMarshal","https:\/\/www.instagram.com\/carotte_rock_culture\/","https:\/\/www.pinterest.fr\/augustemarshal\/","https:\/\/www.youtube.com\/channel\/UCiWLGffqWSXlNnfzp6YwwyQ"]},{"@type":"Person","@id":"https:\/\/culturesco.com\/#\/schema\/person\/716087cb1b01edf85084af2d12096a8f","name":"Daniel Lesueur","image":{"@type":"ImageObject","inLanguage":"fr-FR","@id":"https:\/\/i0.wp.com\/culturesco.com\/wp-content\/uploads\/2018\/12\/lesueur.jpg?fit=96%2C89&ssl=1","url":"https:\/\/i0.wp.com\/culturesco.com\/wp-content\/uploads\/2018\/12\/lesueur.jpg?fit=96%2C89&ssl=1","contentUrl":"https:\/\/i0.wp.com\/culturesco.com\/wp-content\/uploads\/2018\/12\/lesueur.jpg?fit=96%2C89&ssl=1","caption":"Daniel Lesueur"},"description":"\u00c9crivain - Directeur de collection chez Camion Blanc","url":"https:\/\/culturesco.com\/index.php\/author\/daniel-lesueur\/"}]}},"jetpack_featured_media_url":"https:\/\/i0.wp.com\/culturesco.com\/wp-content\/uploads\/2018\/12\/replay2-e1555275371925.jpg?fit=600%2C314&ssl=1","jetpack_likes_enabled":true,"jetpack_sharing_enabled":true,"jetpack_shortlink":"https:\/\/wp.me\/paz89I-nf","_links":{"self":[{"href":"https:\/\/culturesco.com\/index.php\/wp-json\/wp\/v2\/posts\/1441","targetHints":{"allow":["GET"]}}],"collection":[{"href":"https:\/\/culturesco.com\/index.php\/wp-json\/wp\/v2\/posts"}],"about":[{"href":"https:\/\/culturesco.com\/index.php\/wp-json\/wp\/v2\/types\/post"}],"author":[{"embeddable":true,"href":"https:\/\/culturesco.com\/index.php\/wp-json\/wp\/v2\/users\/2"}],"replies":[{"embeddable":true,"href":"https:\/\/culturesco.com\/index.php\/wp-json\/wp\/v2\/comments?post=1441"}],"version-history":[{"count":0,"href":"https:\/\/culturesco.com\/index.php\/wp-json\/wp\/v2\/posts\/1441\/revisions"}],"wp:featuredmedia":[{"embeddable":true,"href":"https:\/\/culturesco.com\/index.php\/wp-json\/wp\/v2\/media\/1470"}],"wp:attachment":[{"href":"https:\/\/culturesco.com\/index.php\/wp-json\/wp\/v2\/media?parent=1441"}],"wp:term":[{"taxonomy":"category","embeddable":true,"href":"https:\/\/culturesco.com\/index.php\/wp-json\/wp\/v2\/categories?post=1441"},{"taxonomy":"post_tag","embeddable":true,"href":"https:\/\/culturesco.com\/index.php\/wp-json\/wp\/v2\/tags?post=1441"}],"curies":[{"name":"wp","href":"https:\/\/api.w.org\/{rel}","templated":true}]}}