{"id":14371,"date":"2021-06-12T01:54:33","date_gmt":"2021-06-11T23:54:33","guid":{"rendered":"https:\/\/culturesco.com\/?p=14371"},"modified":"2021-06-12T01:54:33","modified_gmt":"2021-06-11T23:54:33","slug":"the-reed-conservation-society-ep3","status":"publish","type":"post","link":"https:\/\/culturesco.com\/index.php\/2021\/06\/12\/the-reed-conservation-society-ep3\/","title":{"rendered":"The Reed Conservation Society &#8211; EP3"},"content":{"rendered":"<h2 style=\"text-align: justify\">Une Pop Folk D\u00e9brid\u00e9e, Parfois Tendue<\/h2>\n<h2 style=\"text-align: justify\"><\/h2>\n<figure id=\"attachment_14372\" aria-describedby=\"caption-attachment-14372\" style=\"width: 293px\" class=\"wp-caption aligncenter\"><a href=\"https:\/\/i0.wp.com\/culturesco.com\/wp-content\/uploads\/2021\/06\/The-Reed-Conservation-Society.jpeg?ssl=1\"><img data-recalc-dims=\"1\" loading=\"lazy\" decoding=\"async\" class=\"size-medium wp-image-14372\" src=\"https:\/\/i0.wp.com\/culturesco.com\/wp-content\/uploads\/2021\/06\/The-Reed-Conservation-Society.jpeg?resize=293%2C300&#038;ssl=1\" alt=\"The Reed Conservation Society - EP3\" width=\"293\" height=\"300\" srcset=\"https:\/\/i0.wp.com\/culturesco.com\/wp-content\/uploads\/2021\/06\/The-Reed-Conservation-Society.jpeg?resize=293%2C300&amp;ssl=1 293w, https:\/\/i0.wp.com\/culturesco.com\/wp-content\/uploads\/2021\/06\/The-Reed-Conservation-Society.jpeg?resize=613%2C627&amp;ssl=1 613w, https:\/\/i0.wp.com\/culturesco.com\/wp-content\/uploads\/2021\/06\/The-Reed-Conservation-Society.jpeg?resize=768%2C785&amp;ssl=1 768w, https:\/\/i0.wp.com\/culturesco.com\/wp-content\/uploads\/2021\/06\/The-Reed-Conservation-Society.jpeg?resize=1503%2C1536&amp;ssl=1 1503w, https:\/\/i0.wp.com\/culturesco.com\/wp-content\/uploads\/2021\/06\/The-Reed-Conservation-Society.jpeg?resize=696%2C711&amp;ssl=1 696w, https:\/\/i0.wp.com\/culturesco.com\/wp-content\/uploads\/2021\/06\/The-Reed-Conservation-Society.jpeg?resize=1068%2C1092&amp;ssl=1 1068w, https:\/\/i0.wp.com\/culturesco.com\/wp-content\/uploads\/2021\/06\/The-Reed-Conservation-Society.jpeg?resize=411%2C420&amp;ssl=1 411w, https:\/\/i0.wp.com\/culturesco.com\/wp-content\/uploads\/2021\/06\/The-Reed-Conservation-Society.jpeg?resize=356%2C364&amp;ssl=1 356w, https:\/\/i0.wp.com\/culturesco.com\/wp-content\/uploads\/2021\/06\/The-Reed-Conservation-Society.jpeg?resize=600%2C613&amp;ssl=1 600w, https:\/\/i0.wp.com\/culturesco.com\/wp-content\/uploads\/2021\/06\/The-Reed-Conservation-Society.jpeg?resize=50%2C50&amp;ssl=1 50w, https:\/\/i0.wp.com\/culturesco.com\/wp-content\/uploads\/2021\/06\/The-Reed-Conservation-Society.jpeg?w=587&amp;ssl=1 587w\" sizes=\"auto, (max-width: 293px) 100vw, 293px\" \/><\/a><figcaption id=\"caption-attachment-14372\" class=\"wp-caption-text\">The Reed Conservation Society &#8211; EP3<\/figcaption><\/figure>\n<h3 style=\"text-align: justify\">La Fin D\u2019Une Belle Trilogie<\/h3>\n<p style=\"text-align: justify\">Voici le <strong>troisi\u00e8me et dernier \u00e9pisode<\/strong> de cette attirante d\u00e9couverte que constitue le duo <strong>St\u00e9phane Auzenet<\/strong> qui continue d\u2019assurer la composition de tous les titres accompagn\u00e9 de son fid\u00e8le <strong>Mathieu Blanc<\/strong> qui assure toutes les parties regorg\u00e9es d\u2019instruments \u00e0 cordes (violon, alto, contrebasse and so on) ou de cuivres (fl\u00fbtes, trompettes, saxo, etc).<\/p>\n<h3><em>The Reed Conversation Society &#8211; Miss Kellerman<\/em><\/h3>\n<div class=\"youtube-embed\" data-video_id=\"zevVgsCoB0I\"><iframe loading=\"lazy\" title=\"Miss Kellerman\" width=\"696\" height=\"522\" src=\"https:\/\/www.youtube.com\/embed\/zevVgsCoB0I\" frameborder=\"0\" allow=\"accelerometer; autoplay; clipboard-write; encrypted-media; gyroscope; picture-in-picture; web-share\" referrerpolicy=\"strict-origin-when-cross-origin\" allowfullscreen><\/iframe><\/div>\n<p style=\"text-align: justify\"><strong>Sept titres sont regroup\u00e9s en l\u2019espace d\u2019\u00e0 peine trente minutes<\/strong>. Les morceaux semblent dispers\u00e9s \u00e0 la premi\u00e8re \u00e9coute mais se tiennent bien d\u00e8s la deuxi\u00e8me. Soit un ensemble qui s\u2019attache \u00e0 compl\u00e9ter, entre autres,\u00a0<strong>une galerie de portraits de femme d\u00e9j\u00e0 entam\u00e9e par les EP1 et les EP2<\/strong>. Ainsi <strong>Annette Kellerman<\/strong> qui tenta de traverser la Manche \u00e0 la nage ou <strong>Paulita Maxwell<\/strong>, compagne de <strong>Billy The Kid<\/strong>, pas moins. La palme revient \u00e0 <strong>Claire Oneglia<\/strong> qui a inclus le groupe pour donner sa douce voix \u00e0 des titres comme <em><strong>\u00ab\u00a0Horselover Fat\u00a0\u00bb<\/strong><\/em>, en r\u00e9f\u00e9rence \u00e0 l\u2019intouchable \u00e9crivain <strong>Philip K. Dick<\/strong>.<\/p>\n<h3><em>The Reed Conversation Society &#8211; Horselover Fat<\/em><\/h3>\n<div class=\"youtube-embed\" data-video_id=\"sRCZbVvCbVY\"><iframe loading=\"lazy\" title=\"Horselover Fat\" width=\"696\" height=\"522\" src=\"https:\/\/www.youtube.com\/embed\/sRCZbVvCbVY\" frameborder=\"0\" allow=\"accelerometer; autoplay; clipboard-write; encrypted-media; gyroscope; picture-in-picture; web-share\" referrerpolicy=\"strict-origin-when-cross-origin\" allowfullscreen><\/iframe><\/div>\n<p style=\"text-align: justify\">Le tout s\u2019attache \u00e0 d\u00e9couvrir <strong>une version agr\u00e9able d\u2019une pop folk d\u00e9brid\u00e9e, parfois tendue<\/strong>, comme sur <em><strong>\u00ab\u00a0Gold, Gun And God\u00a0\u00bb<\/strong><\/em> autour du suicide. L\u2019ensemble est calme, d\u00e9contract\u00e9 mais il ne faut pas s\u2019y tromper. Ce ne sont que des apparences, \u00e0 l\u2019image des trois superbes pochettes de <strong>Barbara Chwast<\/strong>.<\/p>\n<p style=\"text-align: justify\">Pour les mordus du groupe, nombreux forc\u00e9ment, <strong>un somptueux fourreau est propos\u00e9 pour accueillir ces trois EP<\/strong> et fournir de quoi d\u00e9couvrir un groupe qui va probablement donner des surprises.<\/p>\n<p style=\"text-align: justify\"><strong>The Reed Conservation Society &#8211;\u00a0EP3<\/strong><\/p>\n<p style=\"text-align: justify\">Microcultures \/ Kuroneko<\/p>\n<p style=\"text-align: justify\"><em>Sortie le 11 juin<\/em><\/p>\n<p style=\"text-align: justify\"><strong>Patrick B\u00e9nard<\/strong><\/p>\n","protected":false},"excerpt":{"rendered":"<p>Une Pop Folk D\u00e9brid\u00e9e, Parfois Tendue La Fin D\u2019Une Belle Trilogie Voici le troisi\u00e8me et dernier \u00e9pisode de cette attirante d\u00e9couverte que constitue le duo St\u00e9phane Auzenet qui continue d\u2019assurer la composition de tous les titres accompagn\u00e9 de son fid\u00e8le Mathieu Blanc qui assure toutes les parties regorg\u00e9es d\u2019instruments \u00e0 cordes (violon, alto, contrebasse and [&hellip;]<\/p>\n","protected":false},"author":4,"featured_media":14372,"comment_status":"open","ping_status":"open","sticky":false,"template":"","format":"image","meta":{"jetpack_post_was_ever_published":false,"tdm_status":"","tdm_grid_status":"","_jetpack_newsletter_access":"","_jetpack_dont_email_post_to_subs":false,"_jetpack_newsletter_tier_id":0,"_jetpack_memberships_contains_paywalled_content":false,"_jetpack_memberships_contains_paid_content":false,"footnotes":""},"categories":[26],"tags":[72,40,14105,4166,14106],"class_list":{"0":"post-14371","1":"post","2":"type-post","3":"status-publish","4":"format-image","5":"has-post-thumbnail","7":"category-radio","8":"tag-artiste-folk","9":"tag-chanson-francaise","10":"tag-pop-folk","11":"tag-radio","12":"tag-trilogie","13":"post_format-post-format-image"},"yoast_head":"<!-- This site is optimized with the Yoast SEO plugin v27.5 - https:\/\/yoast.com\/product\/yoast-seo-wordpress\/ -->\n<title>The Reed Conservation Society - EP3 - Culturesco<\/title>\n<meta name=\"description\" content=\"CulturesCo | Un bon coup de pied dans ta Culture | Chroniques et histoire du Rock, chanson fran\u00e7aise, litt\u00e9rature, cin\u00e9ma et bande dessin\u00e9e.\" \/>\n<meta name=\"robots\" content=\"index, follow, max-snippet:-1, max-image-preview:large, max-video-preview:-1\" \/>\n<link rel=\"canonical\" href=\"https:\/\/culturesco.com\/index.php\/2021\/06\/12\/the-reed-conservation-society-ep3\/\" \/>\n<meta property=\"og:locale\" content=\"fr_FR\" \/>\n<meta property=\"og:type\" content=\"article\" \/>\n<meta property=\"og:title\" content=\"The Reed Conservation Society - EP3 - Culturesco\" \/>\n<meta property=\"og:description\" content=\"CulturesCo | Un bon coup de pied dans ta Culture | Chroniques et histoire du Rock, chanson fran\u00e7aise, litt\u00e9rature, cin\u00e9ma et bande dessin\u00e9e.\" \/>\n<meta property=\"og:url\" content=\"https:\/\/culturesco.com\/index.php\/2021\/06\/12\/the-reed-conservation-society-ep3\/\" \/>\n<meta property=\"og:site_name\" content=\"Culturesco\" \/>\n<meta property=\"article:publisher\" content=\"https:\/\/www.facebook.com\/radioculturesco\" \/>\n<meta property=\"article:published_time\" content=\"2021-06-11T23:54:33+00:00\" \/>\n<meta property=\"og:image\" content=\"https:\/\/i1.wp.com\/culturesco.com\/wp-content\/uploads\/2021\/06\/The-Reed-Conservation-Society.jpeg?fit=587%2C600&ssl=1\" \/>\n\t<meta property=\"og:image:width\" content=\"587\" \/>\n\t<meta property=\"og:image:height\" content=\"600\" \/>\n\t<meta property=\"og:image:type\" content=\"image\/jpeg\" \/>\n<meta name=\"author\" content=\"Patrick Benard\" \/>\n<meta name=\"twitter:card\" content=\"summary_large_image\" \/>\n<meta name=\"twitter:creator\" content=\"@AugusteMarshal\" \/>\n<meta name=\"twitter:site\" content=\"@AugusteMarshal\" \/>\n<meta name=\"twitter:label1\" content=\"\u00c9crit par\" \/>\n\t<meta name=\"twitter:data1\" content=\"Patrick Benard\" \/>\n\t<meta name=\"twitter:label2\" content=\"Dur\u00e9e de lecture estim\u00e9e\" \/>\n\t<meta name=\"twitter:data2\" content=\"2 minutes\" \/>\n<script type=\"application\/ld+json\" class=\"yoast-schema-graph\">{\"@context\":\"https:\\\/\\\/schema.org\",\"@graph\":[{\"@type\":\"Article\",\"@id\":\"https:\\\/\\\/culturesco.com\\\/index.php\\\/2021\\\/06\\\/12\\\/the-reed-conservation-society-ep3\\\/#article\",\"isPartOf\":{\"@id\":\"https:\\\/\\\/culturesco.com\\\/index.php\\\/2021\\\/06\\\/12\\\/the-reed-conservation-society-ep3\\\/\"},\"author\":{\"name\":\"Patrick Benard\",\"@id\":\"https:\\\/\\\/culturesco.com\\\/#\\\/schema\\\/person\\\/c2ddd6724863f3bbd20a8278df0891f3\"},\"headline\":\"The Reed Conservation Society &#8211; EP3\",\"datePublished\":\"2021-06-11T23:54:33+00:00\",\"mainEntityOfPage\":{\"@id\":\"https:\\\/\\\/culturesco.com\\\/index.php\\\/2021\\\/06\\\/12\\\/the-reed-conservation-society-ep3\\\/\"},\"wordCount\":332,\"commentCount\":0,\"publisher\":{\"@id\":\"https:\\\/\\\/culturesco.com\\\/#organization\"},\"image\":{\"@id\":\"https:\\\/\\\/culturesco.com\\\/index.php\\\/2021\\\/06\\\/12\\\/the-reed-conservation-society-ep3\\\/#primaryimage\"},\"thumbnailUrl\":\"https:\\\/\\\/i0.wp.com\\\/culturesco.com\\\/wp-content\\\/uploads\\\/2021\\\/06\\\/The-Reed-Conservation-Society.jpeg?fit=587%2C600&ssl=1\",\"keywords\":[\"Artiste Folk\",\"chanson fran\u00e7aise\",\"pop folk\",\"radio\",\"trilogie\"],\"articleSection\":[\"Radio\"],\"inLanguage\":\"fr-FR\",\"potentialAction\":[{\"@type\":\"CommentAction\",\"name\":\"Comment\",\"target\":[\"https:\\\/\\\/culturesco.com\\\/index.php\\\/2021\\\/06\\\/12\\\/the-reed-conservation-society-ep3\\\/#respond\"]}]},{\"@type\":\"WebPage\",\"@id\":\"https:\\\/\\\/culturesco.com\\\/index.php\\\/2021\\\/06\\\/12\\\/the-reed-conservation-society-ep3\\\/\",\"url\":\"https:\\\/\\\/culturesco.com\\\/index.php\\\/2021\\\/06\\\/12\\\/the-reed-conservation-society-ep3\\\/\",\"name\":\"The Reed Conservation Society - EP3 - Culturesco\",\"isPartOf\":{\"@id\":\"https:\\\/\\\/culturesco.com\\\/#website\"},\"primaryImageOfPage\":{\"@id\":\"https:\\\/\\\/culturesco.com\\\/index.php\\\/2021\\\/06\\\/12\\\/the-reed-conservation-society-ep3\\\/#primaryimage\"},\"image\":{\"@id\":\"https:\\\/\\\/culturesco.com\\\/index.php\\\/2021\\\/06\\\/12\\\/the-reed-conservation-society-ep3\\\/#primaryimage\"},\"thumbnailUrl\":\"https:\\\/\\\/i0.wp.com\\\/culturesco.com\\\/wp-content\\\/uploads\\\/2021\\\/06\\\/The-Reed-Conservation-Society.jpeg?fit=587%2C600&ssl=1\",\"datePublished\":\"2021-06-11T23:54:33+00:00\",\"description\":\"CulturesCo | Un bon coup de pied dans ta Culture | Chroniques et histoire du Rock, chanson fran\u00e7aise, litt\u00e9rature, cin\u00e9ma et bande dessin\u00e9e.\",\"breadcrumb\":{\"@id\":\"https:\\\/\\\/culturesco.com\\\/index.php\\\/2021\\\/06\\\/12\\\/the-reed-conservation-society-ep3\\\/#breadcrumb\"},\"inLanguage\":\"fr-FR\",\"potentialAction\":[{\"@type\":\"ReadAction\",\"target\":[\"https:\\\/\\\/culturesco.com\\\/index.php\\\/2021\\\/06\\\/12\\\/the-reed-conservation-society-ep3\\\/\"]}]},{\"@type\":\"ImageObject\",\"inLanguage\":\"fr-FR\",\"@id\":\"https:\\\/\\\/culturesco.com\\\/index.php\\\/2021\\\/06\\\/12\\\/the-reed-conservation-society-ep3\\\/#primaryimage\",\"url\":\"https:\\\/\\\/i0.wp.com\\\/culturesco.com\\\/wp-content\\\/uploads\\\/2021\\\/06\\\/The-Reed-Conservation-Society.jpeg?fit=587%2C600&ssl=1\",\"contentUrl\":\"https:\\\/\\\/i0.wp.com\\\/culturesco.com\\\/wp-content\\\/uploads\\\/2021\\\/06\\\/The-Reed-Conservation-Society.jpeg?fit=587%2C600&ssl=1\",\"width\":587,\"height\":600,\"caption\":\"The Reed Conservation Society - EP3\"},{\"@type\":\"BreadcrumbList\",\"@id\":\"https:\\\/\\\/culturesco.com\\\/index.php\\\/2021\\\/06\\\/12\\\/the-reed-conservation-society-ep3\\\/#breadcrumb\",\"itemListElement\":[{\"@type\":\"ListItem\",\"position\":1,\"name\":\"Accueil\",\"item\":\"https:\\\/\\\/culturesco.com\\\/\"},{\"@type\":\"ListItem\",\"position\":2,\"name\":\"The Reed Conservation Society &#8211; EP3\"}]},{\"@type\":\"WebSite\",\"@id\":\"https:\\\/\\\/culturesco.com\\\/#website\",\"url\":\"https:\\\/\\\/culturesco.com\\\/\",\"name\":\"Culturesco\",\"description\":\"Culturesco | Un bon coup de pied dans ta Culture\",\"publisher\":{\"@id\":\"https:\\\/\\\/culturesco.com\\\/#organization\"},\"potentialAction\":[{\"@type\":\"SearchAction\",\"target\":{\"@type\":\"EntryPoint\",\"urlTemplate\":\"https:\\\/\\\/culturesco.com\\\/?s={search_term_string}\"},\"query-input\":{\"@type\":\"PropertyValueSpecification\",\"valueRequired\":true,\"valueName\":\"search_term_string\"}}],\"inLanguage\":\"fr-FR\"},{\"@type\":\"Organization\",\"@id\":\"https:\\\/\\\/culturesco.com\\\/#organization\",\"name\":\"CULTURESCO\",\"url\":\"https:\\\/\\\/culturesco.com\\\/\",\"logo\":{\"@type\":\"ImageObject\",\"inLanguage\":\"fr-FR\",\"@id\":\"https:\\\/\\\/culturesco.com\\\/#\\\/schema\\\/logo\\\/image\\\/\",\"url\":\"https:\\\/\\\/i0.wp.com\\\/culturesco.com\\\/wp-content\\\/uploads\\\/2022\\\/04\\\/culturesco-logo-blanc250p.png?fit=250%2C250&ssl=1\",\"contentUrl\":\"https:\\\/\\\/i0.wp.com\\\/culturesco.com\\\/wp-content\\\/uploads\\\/2022\\\/04\\\/culturesco-logo-blanc250p.png?fit=250%2C250&ssl=1\",\"width\":250,\"height\":250,\"caption\":\"CULTURESCO\"},\"image\":{\"@id\":\"https:\\\/\\\/culturesco.com\\\/#\\\/schema\\\/logo\\\/image\\\/\"},\"sameAs\":[\"https:\\\/\\\/www.facebook.com\\\/radioculturesco\",\"https:\\\/\\\/x.com\\\/AugusteMarshal\",\"https:\\\/\\\/www.instagram.com\\\/carotte_rock_culture\\\/\",\"https:\\\/\\\/www.pinterest.fr\\\/augustemarshal\\\/\",\"https:\\\/\\\/www.youtube.com\\\/channel\\\/UCiWLGffqWSXlNnfzp6YwwyQ\"]},{\"@type\":\"Person\",\"@id\":\"https:\\\/\\\/culturesco.com\\\/#\\\/schema\\\/person\\\/c2ddd6724863f3bbd20a8278df0891f3\",\"name\":\"Patrick Benard\",\"image\":{\"@type\":\"ImageObject\",\"inLanguage\":\"fr-FR\",\"@id\":\"https:\\\/\\\/i0.wp.com\\\/culturesco.com\\\/wp-content\\\/uploads\\\/2019\\\/02\\\/patrick-benard-2.jpg?fit=90%2C96&ssl=1\",\"url\":\"https:\\\/\\\/i0.wp.com\\\/culturesco.com\\\/wp-content\\\/uploads\\\/2019\\\/02\\\/patrick-benard-2.jpg?fit=90%2C96&ssl=1\",\"contentUrl\":\"https:\\\/\\\/i0.wp.com\\\/culturesco.com\\\/wp-content\\\/uploads\\\/2019\\\/02\\\/patrick-benard-2.jpg?fit=90%2C96&ssl=1\",\"caption\":\"Patrick Benard\"},\"description\":\"Ecrivain, chroniqueur, animateur radio, cr\u00e9ateur de la revue \u00ab Cin\u00e9manie \u00bb, autour du cin\u00e9ma dit d\u2019art et d\u2019essai, sp\u00e9cialiste du groupe The Cure, archiviste... 2020 : \\\"Le Post Rock\\\" essai sur le post rock de Mogwa\u00ef \u00e0 Godspeed You Black Emperor - Camion Blanc 2014 : \u00ab On the rocks \u2013le rock de 2007 \u00e0 2014 \u00bb chroniques livres et cd rocks, interviews \u2013Editions Vaillant 2010 : \u00ab Dans la T\u00eate de Robert Smith \u00bb, roman fiction autour de l\u2019histoire des Cure et de Robert Smith \u2013 Edilivres 2007 : \u00ab Chroniques Fr\u00e9n\u00e9tiques, une histoire intime du rock \u00bb, roman, prix Technikart. 2001 : \u00ab Les Iles du D\u00e9sert \u00bb, polar autour du rock \u2013 Editions Nykta\",\"url\":\"https:\\\/\\\/culturesco.com\\\/index.php\\\/author\\\/patrick-benard89\\\/\"}]}<\/script>\n<!-- \/ Yoast SEO plugin. -->","yoast_head_json":{"title":"The Reed Conservation Society - EP3 - Culturesco","description":"CulturesCo | Un bon coup de pied dans ta Culture | Chroniques et histoire du Rock, chanson fran\u00e7aise, litt\u00e9rature, cin\u00e9ma et bande dessin\u00e9e.","robots":{"index":"index","follow":"follow","max-snippet":"max-snippet:-1","max-image-preview":"max-image-preview:large","max-video-preview":"max-video-preview:-1"},"canonical":"https:\/\/culturesco.com\/index.php\/2021\/06\/12\/the-reed-conservation-society-ep3\/","og_locale":"fr_FR","og_type":"article","og_title":"The Reed Conservation Society - EP3 - Culturesco","og_description":"CulturesCo | Un bon coup de pied dans ta Culture | Chroniques et histoire du Rock, chanson fran\u00e7aise, litt\u00e9rature, cin\u00e9ma et bande dessin\u00e9e.","og_url":"https:\/\/culturesco.com\/index.php\/2021\/06\/12\/the-reed-conservation-society-ep3\/","og_site_name":"Culturesco","article_publisher":"https:\/\/www.facebook.com\/radioculturesco","article_published_time":"2021-06-11T23:54:33+00:00","og_image":[{"width":587,"height":600,"url":"https:\/\/i1.wp.com\/culturesco.com\/wp-content\/uploads\/2021\/06\/The-Reed-Conservation-Society.jpeg?fit=587%2C600&ssl=1","type":"image\/jpeg"}],"author":"Patrick Benard","twitter_card":"summary_large_image","twitter_creator":"@AugusteMarshal","twitter_site":"@AugusteMarshal","twitter_misc":{"\u00c9crit par":"Patrick Benard","Dur\u00e9e de lecture estim\u00e9e":"2 minutes"},"schema":{"@context":"https:\/\/schema.org","@graph":[{"@type":"Article","@id":"https:\/\/culturesco.com\/index.php\/2021\/06\/12\/the-reed-conservation-society-ep3\/#article","isPartOf":{"@id":"https:\/\/culturesco.com\/index.php\/2021\/06\/12\/the-reed-conservation-society-ep3\/"},"author":{"name":"Patrick Benard","@id":"https:\/\/culturesco.com\/#\/schema\/person\/c2ddd6724863f3bbd20a8278df0891f3"},"headline":"The Reed Conservation Society &#8211; EP3","datePublished":"2021-06-11T23:54:33+00:00","mainEntityOfPage":{"@id":"https:\/\/culturesco.com\/index.php\/2021\/06\/12\/the-reed-conservation-society-ep3\/"},"wordCount":332,"commentCount":0,"publisher":{"@id":"https:\/\/culturesco.com\/#organization"},"image":{"@id":"https:\/\/culturesco.com\/index.php\/2021\/06\/12\/the-reed-conservation-society-ep3\/#primaryimage"},"thumbnailUrl":"https:\/\/i0.wp.com\/culturesco.com\/wp-content\/uploads\/2021\/06\/The-Reed-Conservation-Society.jpeg?fit=587%2C600&ssl=1","keywords":["Artiste Folk","chanson fran\u00e7aise","pop folk","radio","trilogie"],"articleSection":["Radio"],"inLanguage":"fr-FR","potentialAction":[{"@type":"CommentAction","name":"Comment","target":["https:\/\/culturesco.com\/index.php\/2021\/06\/12\/the-reed-conservation-society-ep3\/#respond"]}]},{"@type":"WebPage","@id":"https:\/\/culturesco.com\/index.php\/2021\/06\/12\/the-reed-conservation-society-ep3\/","url":"https:\/\/culturesco.com\/index.php\/2021\/06\/12\/the-reed-conservation-society-ep3\/","name":"The Reed Conservation Society - EP3 - Culturesco","isPartOf":{"@id":"https:\/\/culturesco.com\/#website"},"primaryImageOfPage":{"@id":"https:\/\/culturesco.com\/index.php\/2021\/06\/12\/the-reed-conservation-society-ep3\/#primaryimage"},"image":{"@id":"https:\/\/culturesco.com\/index.php\/2021\/06\/12\/the-reed-conservation-society-ep3\/#primaryimage"},"thumbnailUrl":"https:\/\/i0.wp.com\/culturesco.com\/wp-content\/uploads\/2021\/06\/The-Reed-Conservation-Society.jpeg?fit=587%2C600&ssl=1","datePublished":"2021-06-11T23:54:33+00:00","description":"CulturesCo | Un bon coup de pied dans ta Culture | Chroniques et histoire du Rock, chanson fran\u00e7aise, litt\u00e9rature, cin\u00e9ma et bande dessin\u00e9e.","breadcrumb":{"@id":"https:\/\/culturesco.com\/index.php\/2021\/06\/12\/the-reed-conservation-society-ep3\/#breadcrumb"},"inLanguage":"fr-FR","potentialAction":[{"@type":"ReadAction","target":["https:\/\/culturesco.com\/index.php\/2021\/06\/12\/the-reed-conservation-society-ep3\/"]}]},{"@type":"ImageObject","inLanguage":"fr-FR","@id":"https:\/\/culturesco.com\/index.php\/2021\/06\/12\/the-reed-conservation-society-ep3\/#primaryimage","url":"https:\/\/i0.wp.com\/culturesco.com\/wp-content\/uploads\/2021\/06\/The-Reed-Conservation-Society.jpeg?fit=587%2C600&ssl=1","contentUrl":"https:\/\/i0.wp.com\/culturesco.com\/wp-content\/uploads\/2021\/06\/The-Reed-Conservation-Society.jpeg?fit=587%2C600&ssl=1","width":587,"height":600,"caption":"The Reed Conservation Society - EP3"},{"@type":"BreadcrumbList","@id":"https:\/\/culturesco.com\/index.php\/2021\/06\/12\/the-reed-conservation-society-ep3\/#breadcrumb","itemListElement":[{"@type":"ListItem","position":1,"name":"Accueil","item":"https:\/\/culturesco.com\/"},{"@type":"ListItem","position":2,"name":"The Reed Conservation Society &#8211; EP3"}]},{"@type":"WebSite","@id":"https:\/\/culturesco.com\/#website","url":"https:\/\/culturesco.com\/","name":"Culturesco","description":"Culturesco | Un bon coup de pied dans ta Culture","publisher":{"@id":"https:\/\/culturesco.com\/#organization"},"potentialAction":[{"@type":"SearchAction","target":{"@type":"EntryPoint","urlTemplate":"https:\/\/culturesco.com\/?s={search_term_string}"},"query-input":{"@type":"PropertyValueSpecification","valueRequired":true,"valueName":"search_term_string"}}],"inLanguage":"fr-FR"},{"@type":"Organization","@id":"https:\/\/culturesco.com\/#organization","name":"CULTURESCO","url":"https:\/\/culturesco.com\/","logo":{"@type":"ImageObject","inLanguage":"fr-FR","@id":"https:\/\/culturesco.com\/#\/schema\/logo\/image\/","url":"https:\/\/i0.wp.com\/culturesco.com\/wp-content\/uploads\/2022\/04\/culturesco-logo-blanc250p.png?fit=250%2C250&ssl=1","contentUrl":"https:\/\/i0.wp.com\/culturesco.com\/wp-content\/uploads\/2022\/04\/culturesco-logo-blanc250p.png?fit=250%2C250&ssl=1","width":250,"height":250,"caption":"CULTURESCO"},"image":{"@id":"https:\/\/culturesco.com\/#\/schema\/logo\/image\/"},"sameAs":["https:\/\/www.facebook.com\/radioculturesco","https:\/\/x.com\/AugusteMarshal","https:\/\/www.instagram.com\/carotte_rock_culture\/","https:\/\/www.pinterest.fr\/augustemarshal\/","https:\/\/www.youtube.com\/channel\/UCiWLGffqWSXlNnfzp6YwwyQ"]},{"@type":"Person","@id":"https:\/\/culturesco.com\/#\/schema\/person\/c2ddd6724863f3bbd20a8278df0891f3","name":"Patrick Benard","image":{"@type":"ImageObject","inLanguage":"fr-FR","@id":"https:\/\/i0.wp.com\/culturesco.com\/wp-content\/uploads\/2019\/02\/patrick-benard-2.jpg?fit=90%2C96&ssl=1","url":"https:\/\/i0.wp.com\/culturesco.com\/wp-content\/uploads\/2019\/02\/patrick-benard-2.jpg?fit=90%2C96&ssl=1","contentUrl":"https:\/\/i0.wp.com\/culturesco.com\/wp-content\/uploads\/2019\/02\/patrick-benard-2.jpg?fit=90%2C96&ssl=1","caption":"Patrick Benard"},"description":"Ecrivain, chroniqueur, animateur radio, cr\u00e9ateur de la revue \u00ab Cin\u00e9manie \u00bb, autour du cin\u00e9ma dit d\u2019art et d\u2019essai, sp\u00e9cialiste du groupe The Cure, archiviste... 2020 : \"Le Post Rock\" essai sur le post rock de Mogwa\u00ef \u00e0 Godspeed You Black Emperor - Camion Blanc 2014 : \u00ab On the rocks \u2013le rock de 2007 \u00e0 2014 \u00bb chroniques livres et cd rocks, interviews \u2013Editions Vaillant 2010 : \u00ab Dans la T\u00eate de Robert Smith \u00bb, roman fiction autour de l\u2019histoire des Cure et de Robert Smith \u2013 Edilivres 2007 : \u00ab Chroniques Fr\u00e9n\u00e9tiques, une histoire intime du rock \u00bb, roman, prix Technikart. 2001 : \u00ab Les Iles du D\u00e9sert \u00bb, polar autour du rock \u2013 Editions Nykta","url":"https:\/\/culturesco.com\/index.php\/author\/patrick-benard89\/"}]}},"jetpack_featured_media_url":"https:\/\/i0.wp.com\/culturesco.com\/wp-content\/uploads\/2021\/06\/The-Reed-Conservation-Society.jpeg?fit=587%2C600&ssl=1","jetpack_likes_enabled":true,"jetpack_sharing_enabled":true,"jetpack_shortlink":"https:\/\/wp.me\/paz89I-3JN","_links":{"self":[{"href":"https:\/\/culturesco.com\/index.php\/wp-json\/wp\/v2\/posts\/14371","targetHints":{"allow":["GET"]}}],"collection":[{"href":"https:\/\/culturesco.com\/index.php\/wp-json\/wp\/v2\/posts"}],"about":[{"href":"https:\/\/culturesco.com\/index.php\/wp-json\/wp\/v2\/types\/post"}],"author":[{"embeddable":true,"href":"https:\/\/culturesco.com\/index.php\/wp-json\/wp\/v2\/users\/4"}],"replies":[{"embeddable":true,"href":"https:\/\/culturesco.com\/index.php\/wp-json\/wp\/v2\/comments?post=14371"}],"version-history":[{"count":0,"href":"https:\/\/culturesco.com\/index.php\/wp-json\/wp\/v2\/posts\/14371\/revisions"}],"wp:featuredmedia":[{"embeddable":true,"href":"https:\/\/culturesco.com\/index.php\/wp-json\/wp\/v2\/media\/14372"}],"wp:attachment":[{"href":"https:\/\/culturesco.com\/index.php\/wp-json\/wp\/v2\/media?parent=14371"}],"wp:term":[{"taxonomy":"category","embeddable":true,"href":"https:\/\/culturesco.com\/index.php\/wp-json\/wp\/v2\/categories?post=14371"},{"taxonomy":"post_tag","embeddable":true,"href":"https:\/\/culturesco.com\/index.php\/wp-json\/wp\/v2\/tags?post=14371"}],"curies":[{"name":"wp","href":"https:\/\/api.w.org\/{rel}","templated":true}]}}