{"id":14332,"date":"2021-06-04T19:26:10","date_gmt":"2021-06-04T17:26:10","guid":{"rendered":"https:\/\/culturesco.com\/?p=14332"},"modified":"2021-06-05T10:12:32","modified_gmt":"2021-06-05T08:12:32","slug":"tout-ou-rien-une-vie-en-bande-dessinee-de-thierry-guitard","status":"publish","type":"post","link":"https:\/\/culturesco.com\/index.php\/2021\/06\/04\/tout-ou-rien-une-vie-en-bande-dessinee-de-thierry-guitard\/","title":{"rendered":"Tout Ou Rien ! &#8211; Une vie en bande dessin\u00e9e de Thierry GUITARD"},"content":{"rendered":"<h2><em>Tout Ou Rien !<\/em> &#8211; Une vie en bande dessin\u00e9e de Thierry GUITARD<\/h2>\n<p><a href=\"https:\/\/i0.wp.com\/culturesco.com\/wp-content\/uploads\/2021\/06\/Thierry-Guitard-Inner.jpg?ssl=1\"><img data-recalc-dims=\"1\" loading=\"lazy\" decoding=\"async\" class=\"aligncenter wp-image-14333\" src=\"https:\/\/i0.wp.com\/culturesco.com\/wp-content\/uploads\/2021\/06\/Thierry-Guitard-Inner.jpg?resize=495%2C368&#038;ssl=1\" alt=\"Tout ou rien !\" width=\"495\" height=\"368\" srcset=\"https:\/\/i0.wp.com\/culturesco.com\/wp-content\/uploads\/2021\/06\/Thierry-Guitard-Inner.jpg?resize=300%2C223&amp;ssl=1 300w, https:\/\/i0.wp.com\/culturesco.com\/wp-content\/uploads\/2021\/06\/Thierry-Guitard-Inner.jpg?resize=768%2C572&amp;ssl=1 768w, https:\/\/i0.wp.com\/culturesco.com\/wp-content\/uploads\/2021\/06\/Thierry-Guitard-Inner.jpg?resize=696%2C518&amp;ssl=1 696w, https:\/\/i0.wp.com\/culturesco.com\/wp-content\/uploads\/2021\/06\/Thierry-Guitard-Inner.jpg?resize=564%2C420&amp;ssl=1 564w, https:\/\/i0.wp.com\/culturesco.com\/wp-content\/uploads\/2021\/06\/Thierry-Guitard-Inner.jpg?resize=80%2C60&amp;ssl=1 80w, https:\/\/i0.wp.com\/culturesco.com\/wp-content\/uploads\/2021\/06\/Thierry-Guitard-Inner.jpg?resize=265%2C198&amp;ssl=1 265w, https:\/\/i0.wp.com\/culturesco.com\/wp-content\/uploads\/2021\/06\/Thierry-Guitard-Inner.jpg?w=600&amp;ssl=1 600w\" sizes=\"auto, (max-width: 495px) 100vw, 495px\" \/><\/a><\/p>\n<p style=\"text-align: justify;\">Et si <strong><em>Tout Ou Rien !<\/em><\/strong>, conte h\u00e9ro\u00efque mis en images et en texte, allait au-del\u00e0 de la fiction ? Et s\u2019il s\u2019agissait d\u2019une<strong> autobiographie de Thierry Guitard<\/strong> par Thierry Guitard ? Il serait faux de pr\u00eater la moindre omniscience \u00e0 cette hypoth\u00e8se, <strong>le \u00ab h\u00e9ro \u00bb<\/strong> de l\u2019histoire <strong>porte son nom<\/strong>. De plus, l\u2019aventure d\u00e9bute en 1966 \u00e0 la Rochelle, \u00e9trange <strong>co\u00efncidence<\/strong> en termes <strong>d\u2019ann\u00e9e et lieu de naissance \u2026<\/strong><\/p>\n<p style=\"text-align: justify;\">Avec une m\u00e8re dont le nom de jeune-fille \u00e9voque phon\u00e9tiquement une \u0153uvre de <a href=\"https:\/\/www.youtube.com\/watch?v=pfpAxYSQVdQ\" target=\"_blank\" rel=\"noopener\">Serge Gainsbourg,<\/a> Sokoloff pour <a href=\"https:\/\/www.babelio.com\/livres\/Gainsbourg-Evguenie-Sokolov\/13102\" target=\"_blank\" rel=\"noopener\">Sokolov<\/a>, un nom de bapt\u00eame taill\u00e9 pour le rock : Guitard, le \u00ab petit \u00bb <strong>Thierry ne pouvait \u00e9chapper au milieu artistique.<\/strong> Oui, sauf que la vie du gar\u00e7onnet <strong>commence davantage<\/strong> par un adage qu\u2019il adoptera musicalement plus tard : <strong>\u00ab No future \u00bb<\/strong>.<\/p>\n<h3>The SEX PISTOLS &#8211; God Save The Queen<\/h3>\n<div class=\"youtube-embed\" data-video_id=\"02D2T3wGCYg\"><iframe loading=\"lazy\" title=\"Sex Pistols - God Save The Queen\" width=\"696\" height=\"392\" src=\"https:\/\/www.youtube.com\/embed\/02D2T3wGCYg\" frameborder=\"0\" allow=\"accelerometer; autoplay; clipboard-write; encrypted-media; gyroscope; picture-in-picture; web-share\" referrerpolicy=\"strict-origin-when-cross-origin\" allowfullscreen><\/iframe><\/div>\n<p style=\"text-align: justify;\">De La Rochelle \u00e0 Saint Ouen l\u2019Aum\u00f4ne, il n\u2019y a que 511km et un oc\u00e9an perdu. <strong>Le fleuve de la vie prend alors son cours sur les berges de l\u2019Oise.<\/strong><\/p>\n<p style=\"text-align: justify;\">Pour celles et ceux qui, \u00e0 la fin des 70\u2019s \/ d\u00e9but des 80\u2019s, ont pratiqu\u00e9 <strong>l\u2019adolescence en banlieue parisienne,<\/strong> le fil du r\u00e9cit pourrait bien \u00e9pouser le leur. <strong>Rien n\u2019a chang\u00e9 en 2020 ?<\/strong><\/p>\n<p style=\"text-align: justify;\">Les <strong>cit\u00e9s<\/strong> ouvri\u00e8res, les<strong> potes<\/strong>, les <strong>coups tordus<\/strong> puis, \u00e0 mesure qu\u2019on \u00ab grandit \u00bb, la <strong>bibine<\/strong>, le <strong>shit<\/strong> \u2026 pour Thierry, en exutoire, <strong>une passion : le dessin.<\/strong> <strong>Le<\/strong> <strong>punk<\/strong> <strong>d\u00e9barque<\/strong> alors avec ses codes, vestimentaires et capillaires, et <strong>les conneries aussi.<\/strong> Les amours se font et se d\u00e9font au rythme o\u00f9 <strong>les familles<\/strong> perdent un membre puis <strong>se reconstituent<\/strong>. <strong>Des drames se vivent<\/strong>, de ceux qu\u2019on imaginait <strong>impossibles<\/strong>, de ceux dont on ne sort <strong>pas indemne<\/strong> ; les auteurs dramatiques n\u2019ont rien invent\u00e9s. Seul moyen d\u2019<strong>effacer ce quotidien<\/strong>, un <strong>crayon<\/strong>, du<strong> papier<\/strong> et de la <strong>musique plein les oreilles<\/strong>.<\/p>\n<h3>RAMONES &#8211; Now I Wanna Sniff Some Glue<\/h3>\n<div class=\"youtube-embed\" data-video_id=\"rf6Yv4lMhhs\"><iframe loading=\"lazy\" title=\"Ramones - &quot;Now I Wanna Sniff Some Glue&quot; - Ramones\" width=\"696\" height=\"392\" src=\"https:\/\/www.youtube.com\/embed\/rf6Yv4lMhhs\" frameborder=\"0\" allow=\"accelerometer; autoplay; clipboard-write; encrypted-media; gyroscope; picture-in-picture; web-share\" referrerpolicy=\"strict-origin-when-cross-origin\" allowfullscreen><\/iframe><\/div>\n<p style=\"text-align: justify;\">Lorsque tout va bien, ou presque, <em><strong>Tout Ou Rien !<\/strong><\/em> est <strong>plein de couleurs.<\/strong> Lorsque le \u00ab train \u00bb d\u00e9raille, on passe <strong>au gris.<\/strong> Le trait du dessin est <strong>marqu\u00e9 \u00e0 l\u2019encre noire<\/strong>. Lorsqu\u2019il prend de l\u2019ampleur, <strong>les ombres<\/strong> ainsi cr\u00e9\u00e9es <strong>d\u00e9finissent des formes et des contours<\/strong> ; toutes proportions gard\u00e9es, in <a href=\"https:\/\/actualitte.com\/article\/35551\/edition\/frank-miller-prepare-un-nouveau-sin-city\" target=\"_blank\" rel=\"noopener\"><em>Sin City<\/em><\/a> de Frank Miller. Seul regret, on a beau \u00e9craser notre nez sur la page, l\u2019odeur d\u2019imprimerie des BD du pass\u00e9 : <a href=\"https:\/\/www.bedetheque.com\/BD-Strange-Tome-1-Strange-1-12941.html\" target=\"_blank\" rel=\"noopener\"><em>Strange<\/em><\/a>, <a href=\"https:\/\/www.bedetheque.com\/serie-5155-BD-Zembla-Special.html\" target=\"_blank\" rel=\"noopener\"><em>Zembla<\/em><\/a>, <a href=\"https:\/\/www.bedetheque.com\/serie-18764-BD-Capt-ain-Swing-1re-serie.html\" target=\"_blank\" rel=\"noopener\"><em>Cap\u2019tain Swing!<\/em><\/a>, s\u2019\u00e9tiole au profit de celle moins pr\u00e9gnante de l\u2019imprimante.<\/p>\n<p style=\"text-align: justify;\">Sensation olfactive mise \u00e0 part, <strong>on d\u00e9vore l\u2019\u00e9pop\u00e9e.<\/strong> <strong>Thierry Guitard<\/strong> a v\u00e9cu <strong>plusieurs vies en une seule<\/strong> et, loin d\u2019en signer le terme, il se pourrait bien que ce <strong>nouvel ouvrage g\u00e9n\u00e8re d\u2019autres aiguillages<\/strong>. Une <strong>constante<\/strong> dans son existence, <strong>sa BO,<\/strong> comme un avertissement \u2026<\/p>\n<h3>OBERKAMPF &#8211; Fais Attention<\/h3>\n<div class=\"youtube-embed\" data-video_id=\"SdbgnlTo6t0\"><iframe loading=\"lazy\" title=\"Fais  Attention- Oberkampf 1983 French PUNK ROCK\" width=\"696\" height=\"522\" src=\"https:\/\/www.youtube.com\/embed\/SdbgnlTo6t0\" frameborder=\"0\" allow=\"accelerometer; autoplay; clipboard-write; encrypted-media; gyroscope; picture-in-picture; web-share\" referrerpolicy=\"strict-origin-when-cross-origin\" allowfullscreen><\/iframe><\/div>\n<p style=\"text-align: justify;\">Faut-il n\u00e9cessairement <strong>\u00eatre impudique<\/strong> pour se livrer, cru, aux yeux du plus grand nombre ? Les constituants de <strong>notre \u00e9tat regorgeant de mat\u00e9riaux inflammables, <em>Tout ou rien !<\/em> <\/strong>figure tel <strong>un d\u00e9crypteu<\/strong>r \u00e0 destination de ceux qui viennent, porteur d\u2019un <strong>simple message<\/strong> : au milieu des scories, \u00ab <strong><em>Ne renonces pas, ne l\u00e2ches rien<\/em> <\/strong>\u00bb. Hypoth\u00e9tique interpr\u00e9tation ?<\/p>\n<p style=\"text-align: justify;\">Vous voulez savoir, vous voulez lire ? <strong>Faites fi de toute ti\u00e9deur, \u00ab vivez \u00bb Thierry Guitard, optez pour <em>Tout ou rien !<\/em><\/strong><em>,<\/em> la musique sans oripeaux du quotidien.<\/p>\n<h3>STIFF LITTLE FINGERS &#8211; Suspect Device<\/h3>\n<div class=\"youtube-embed\" data-video_id=\"on6DxBgfsDY\"><iframe loading=\"lazy\" title=\"Suspect Device\" width=\"696\" height=\"522\" src=\"https:\/\/www.youtube.com\/embed\/on6DxBgfsDY\" frameborder=\"0\" allow=\"accelerometer; autoplay; clipboard-write; encrypted-media; gyroscope; picture-in-picture; web-share\" referrerpolicy=\"strict-origin-when-cross-origin\" allowfullscreen><\/iframe><\/div>\n<p>Thierry Dauge<\/p>\n<p><strong><em>TOUT OU RIEN<\/em> <\/strong>\u2013 Thierry GUITARD \u2013 <a href=\"https:\/\/www.nada-editions.fr\/produit\/tout-ou-rien\/\" target=\"_blank\" rel=\"noopener\">NADA Editions<\/a><br \/>\nSortie le 28 mai 2021 \u2013 24\u20ac<\/p>\n<p style=\"text-align: justify;\">\u00ab <em>C&rsquo;est <strong>l&rsquo;histoire d&rsquo;un gamin<\/strong> qui grandit avec pour seul horizon les tours d&rsquo;une cit\u00e9-dortoir et r\u00eave de <strong>devenir dessinateur.<\/strong> &#8230; Thierry Guitard livre un <strong>r\u00e9cit sans concessions<\/strong> ni clich\u00e9s, empli d&rsquo;une <strong>rage<\/strong> communicative et d&rsquo;un <strong>optimisme<\/strong> \u00e0 toute \u00e9preuve face \u00e0 l&rsquo;injustice sociale et la fatalit\u00e9<\/em> \u00bb.<\/p>\n","protected":false},"excerpt":{"rendered":"<p>Tout Ou Rien ! &#8211; Une vie en bande dessin\u00e9e de Thierry GUITARD Et si Tout Ou Rien !, conte h\u00e9ro\u00efque mis en images et en texte, allait au-del\u00e0 de la fiction ? Et s\u2019il s\u2019agissait d\u2019une autobiographie de Thierry Guitard par Thierry Guitard ? Il serait faux de pr\u00eater la moindre omniscience \u00e0 cette [&hellip;]<\/p>\n","protected":false},"author":3,"featured_media":14334,"comment_status":"open","ping_status":"open","sticky":false,"template":"","format":"image","meta":{"jetpack_post_was_ever_published":false,"tdm_status":"","tdm_grid_status":"","_jetpack_newsletter_access":"","_jetpack_dont_email_post_to_subs":false,"_jetpack_newsletter_tier_id":0,"_jetpack_memberships_contains_paywalled_content":false,"_jetpack_memberships_contains_paid_content":false,"footnotes":""},"categories":[21,17,66],"tags":[41,42],"class_list":{"0":"post-14332","1":"post","2":"type-post","3":"status-publish","4":"format-image","5":"has-post-thumbnail","7":"category-bande-dessinee","8":"category-carotte-rock-cultures","9":"category-livre-rock","10":"tag-bande-dessinee","11":"tag-litterature","12":"post_format-post-format-image"},"yoast_head":"<!-- This site is optimized with the Yoast SEO plugin v27.5 - https:\/\/yoast.com\/product\/yoast-seo-wordpress\/ -->\n<title>Tout Ou Rien ! - Une vie en bande dessin\u00e9e de Thierry GUITARD<\/title>\n<meta name=\"description\" content=\"CulturesCo | Tout ou Rien !, c&#039;est la vie de Thierry Guitard en bande dessin\u00e9e - Reflet du quotidien des banlieues berc\u00e9 de musique - BD Rock\" \/>\n<meta name=\"robots\" content=\"index, follow, max-snippet:-1, max-image-preview:large, max-video-preview:-1\" \/>\n<link rel=\"canonical\" href=\"https:\/\/culturesco.com\/index.php\/2021\/06\/04\/tout-ou-rien-une-vie-en-bande-dessinee-de-thierry-guitard\/\" \/>\n<meta property=\"og:locale\" content=\"fr_FR\" \/>\n<meta property=\"og:type\" content=\"article\" \/>\n<meta property=\"og:title\" content=\"Tout Ou Rien ! - Une vie en bande dessin\u00e9e de Thierry GUITARD\" \/>\n<meta property=\"og:description\" content=\"CulturesCo | Tout ou Rien !, c&#039;est la vie de Thierry Guitard en bande dessin\u00e9e - Reflet du quotidien des banlieues berc\u00e9 de musique - BD Rock\" \/>\n<meta property=\"og:url\" content=\"https:\/\/culturesco.com\/index.php\/2021\/06\/04\/tout-ou-rien-une-vie-en-bande-dessinee-de-thierry-guitard\/\" \/>\n<meta property=\"og:site_name\" content=\"Culturesco\" \/>\n<meta property=\"article:publisher\" content=\"https:\/\/www.facebook.com\/radioculturesco\" \/>\n<meta property=\"article:published_time\" content=\"2021-06-04T17:26:10+00:00\" \/>\n<meta property=\"article:modified_time\" content=\"2021-06-05T08:12:32+00:00\" \/>\n<meta property=\"og:image\" content=\"https:\/\/i1.wp.com\/culturesco.com\/wp-content\/uploads\/2021\/06\/Thierry-Guitard-Front.jpg?fit=600%2C364&ssl=1\" \/>\n\t<meta property=\"og:image:width\" content=\"600\" \/>\n\t<meta property=\"og:image:height\" content=\"364\" \/>\n\t<meta property=\"og:image:type\" content=\"image\/jpeg\" \/>\n<meta name=\"author\" content=\"Thierry Dauge\" \/>\n<meta name=\"twitter:card\" content=\"summary_large_image\" \/>\n<meta name=\"twitter:creator\" content=\"@AugusteMarshal\" \/>\n<meta name=\"twitter:site\" content=\"@AugusteMarshal\" \/>\n<meta name=\"twitter:label1\" content=\"\u00c9crit par\" \/>\n\t<meta name=\"twitter:data1\" content=\"Thierry Dauge\" \/>\n\t<meta name=\"twitter:label2\" content=\"Dur\u00e9e de lecture estim\u00e9e\" \/>\n\t<meta name=\"twitter:data2\" content=\"3 minutes\" \/>\n<script type=\"application\/ld+json\" class=\"yoast-schema-graph\">{\"@context\":\"https:\\\/\\\/schema.org\",\"@graph\":[{\"@type\":\"Article\",\"@id\":\"https:\\\/\\\/culturesco.com\\\/index.php\\\/2021\\\/06\\\/04\\\/tout-ou-rien-une-vie-en-bande-dessinee-de-thierry-guitard\\\/#article\",\"isPartOf\":{\"@id\":\"https:\\\/\\\/culturesco.com\\\/index.php\\\/2021\\\/06\\\/04\\\/tout-ou-rien-une-vie-en-bande-dessinee-de-thierry-guitard\\\/\"},\"author\":{\"name\":\"Thierry Dauge\",\"@id\":\"https:\\\/\\\/culturesco.com\\\/#\\\/schema\\\/person\\\/19f04cf232d246197f6e7d62abe6cb0e\"},\"headline\":\"Tout Ou Rien ! &#8211; Une vie en bande dessin\u00e9e de Thierry GUITARD\",\"datePublished\":\"2021-06-04T17:26:10+00:00\",\"dateModified\":\"2021-06-05T08:12:32+00:00\",\"mainEntityOfPage\":{\"@id\":\"https:\\\/\\\/culturesco.com\\\/index.php\\\/2021\\\/06\\\/04\\\/tout-ou-rien-une-vie-en-bande-dessinee-de-thierry-guitard\\\/\"},\"wordCount\":691,\"commentCount\":0,\"publisher\":{\"@id\":\"https:\\\/\\\/culturesco.com\\\/#organization\"},\"image\":{\"@id\":\"https:\\\/\\\/culturesco.com\\\/index.php\\\/2021\\\/06\\\/04\\\/tout-ou-rien-une-vie-en-bande-dessinee-de-thierry-guitard\\\/#primaryimage\"},\"thumbnailUrl\":\"https:\\\/\\\/i0.wp.com\\\/culturesco.com\\\/wp-content\\\/uploads\\\/2021\\\/06\\\/Thierry-Guitard-Front.jpg?fit=600%2C364&ssl=1\",\"keywords\":[\"bande dessin\u00e9e\",\"litt\u00e9rature\"],\"articleSection\":[\"Bande dessin\u00e9e\",\"Carotte Rock Cultures\",\"Livre Rock\"],\"inLanguage\":\"fr-FR\",\"potentialAction\":[{\"@type\":\"CommentAction\",\"name\":\"Comment\",\"target\":[\"https:\\\/\\\/culturesco.com\\\/index.php\\\/2021\\\/06\\\/04\\\/tout-ou-rien-une-vie-en-bande-dessinee-de-thierry-guitard\\\/#respond\"]}]},{\"@type\":\"WebPage\",\"@id\":\"https:\\\/\\\/culturesco.com\\\/index.php\\\/2021\\\/06\\\/04\\\/tout-ou-rien-une-vie-en-bande-dessinee-de-thierry-guitard\\\/\",\"url\":\"https:\\\/\\\/culturesco.com\\\/index.php\\\/2021\\\/06\\\/04\\\/tout-ou-rien-une-vie-en-bande-dessinee-de-thierry-guitard\\\/\",\"name\":\"Tout Ou Rien ! - Une vie en bande dessin\u00e9e de Thierry GUITARD\",\"isPartOf\":{\"@id\":\"https:\\\/\\\/culturesco.com\\\/#website\"},\"primaryImageOfPage\":{\"@id\":\"https:\\\/\\\/culturesco.com\\\/index.php\\\/2021\\\/06\\\/04\\\/tout-ou-rien-une-vie-en-bande-dessinee-de-thierry-guitard\\\/#primaryimage\"},\"image\":{\"@id\":\"https:\\\/\\\/culturesco.com\\\/index.php\\\/2021\\\/06\\\/04\\\/tout-ou-rien-une-vie-en-bande-dessinee-de-thierry-guitard\\\/#primaryimage\"},\"thumbnailUrl\":\"https:\\\/\\\/i0.wp.com\\\/culturesco.com\\\/wp-content\\\/uploads\\\/2021\\\/06\\\/Thierry-Guitard-Front.jpg?fit=600%2C364&ssl=1\",\"datePublished\":\"2021-06-04T17:26:10+00:00\",\"dateModified\":\"2021-06-05T08:12:32+00:00\",\"description\":\"CulturesCo | Tout ou Rien !, c'est la vie de Thierry Guitard en bande dessin\u00e9e - Reflet du quotidien des banlieues berc\u00e9 de musique - BD Rock\",\"breadcrumb\":{\"@id\":\"https:\\\/\\\/culturesco.com\\\/index.php\\\/2021\\\/06\\\/04\\\/tout-ou-rien-une-vie-en-bande-dessinee-de-thierry-guitard\\\/#breadcrumb\"},\"inLanguage\":\"fr-FR\",\"potentialAction\":[{\"@type\":\"ReadAction\",\"target\":[\"https:\\\/\\\/culturesco.com\\\/index.php\\\/2021\\\/06\\\/04\\\/tout-ou-rien-une-vie-en-bande-dessinee-de-thierry-guitard\\\/\"]}]},{\"@type\":\"ImageObject\",\"inLanguage\":\"fr-FR\",\"@id\":\"https:\\\/\\\/culturesco.com\\\/index.php\\\/2021\\\/06\\\/04\\\/tout-ou-rien-une-vie-en-bande-dessinee-de-thierry-guitard\\\/#primaryimage\",\"url\":\"https:\\\/\\\/i0.wp.com\\\/culturesco.com\\\/wp-content\\\/uploads\\\/2021\\\/06\\\/Thierry-Guitard-Front.jpg?fit=600%2C364&ssl=1\",\"contentUrl\":\"https:\\\/\\\/i0.wp.com\\\/culturesco.com\\\/wp-content\\\/uploads\\\/2021\\\/06\\\/Thierry-Guitard-Front.jpg?fit=600%2C364&ssl=1\",\"width\":600,\"height\":364},{\"@type\":\"BreadcrumbList\",\"@id\":\"https:\\\/\\\/culturesco.com\\\/index.php\\\/2021\\\/06\\\/04\\\/tout-ou-rien-une-vie-en-bande-dessinee-de-thierry-guitard\\\/#breadcrumb\",\"itemListElement\":[{\"@type\":\"ListItem\",\"position\":1,\"name\":\"Accueil\",\"item\":\"https:\\\/\\\/culturesco.com\\\/\"},{\"@type\":\"ListItem\",\"position\":2,\"name\":\"Tout Ou Rien ! &#8211; Une vie en bande dessin\u00e9e de Thierry GUITARD\"}]},{\"@type\":\"WebSite\",\"@id\":\"https:\\\/\\\/culturesco.com\\\/#website\",\"url\":\"https:\\\/\\\/culturesco.com\\\/\",\"name\":\"Culturesco\",\"description\":\"Culturesco | Un bon coup de pied dans ta Culture\",\"publisher\":{\"@id\":\"https:\\\/\\\/culturesco.com\\\/#organization\"},\"potentialAction\":[{\"@type\":\"SearchAction\",\"target\":{\"@type\":\"EntryPoint\",\"urlTemplate\":\"https:\\\/\\\/culturesco.com\\\/?s={search_term_string}\"},\"query-input\":{\"@type\":\"PropertyValueSpecification\",\"valueRequired\":true,\"valueName\":\"search_term_string\"}}],\"inLanguage\":\"fr-FR\"},{\"@type\":\"Organization\",\"@id\":\"https:\\\/\\\/culturesco.com\\\/#organization\",\"name\":\"CULTURESCO\",\"url\":\"https:\\\/\\\/culturesco.com\\\/\",\"logo\":{\"@type\":\"ImageObject\",\"inLanguage\":\"fr-FR\",\"@id\":\"https:\\\/\\\/culturesco.com\\\/#\\\/schema\\\/logo\\\/image\\\/\",\"url\":\"https:\\\/\\\/i0.wp.com\\\/culturesco.com\\\/wp-content\\\/uploads\\\/2022\\\/04\\\/culturesco-logo-blanc250p.png?fit=250%2C250&ssl=1\",\"contentUrl\":\"https:\\\/\\\/i0.wp.com\\\/culturesco.com\\\/wp-content\\\/uploads\\\/2022\\\/04\\\/culturesco-logo-blanc250p.png?fit=250%2C250&ssl=1\",\"width\":250,\"height\":250,\"caption\":\"CULTURESCO\"},\"image\":{\"@id\":\"https:\\\/\\\/culturesco.com\\\/#\\\/schema\\\/logo\\\/image\\\/\"},\"sameAs\":[\"https:\\\/\\\/www.facebook.com\\\/radioculturesco\",\"https:\\\/\\\/x.com\\\/AugusteMarshal\",\"https:\\\/\\\/www.instagram.com\\\/carotte_rock_culture\\\/\",\"https:\\\/\\\/www.pinterest.fr\\\/augustemarshal\\\/\",\"https:\\\/\\\/www.youtube.com\\\/channel\\\/UCiWLGffqWSXlNnfzp6YwwyQ\"]},{\"@type\":\"Person\",\"@id\":\"https:\\\/\\\/culturesco.com\\\/#\\\/schema\\\/person\\\/19f04cf232d246197f6e7d62abe6cb0e\",\"name\":\"Thierry Dauge\",\"image\":{\"@type\":\"ImageObject\",\"inLanguage\":\"fr-FR\",\"@id\":\"https:\\\/\\\/i0.wp.com\\\/culturesco.com\\\/wp-content\\\/uploads\\\/2018\\\/12\\\/Black-Beauty-and-me.jpg?fit=96%2C96&ssl=1\",\"url\":\"https:\\\/\\\/i0.wp.com\\\/culturesco.com\\\/wp-content\\\/uploads\\\/2018\\\/12\\\/Black-Beauty-and-me.jpg?fit=96%2C96&ssl=1\",\"contentUrl\":\"https:\\\/\\\/i0.wp.com\\\/culturesco.com\\\/wp-content\\\/uploads\\\/2018\\\/12\\\/Black-Beauty-and-me.jpg?fit=96%2C96&ssl=1\",\"caption\":\"Thierry Dauge\"},\"description\":\"Amoureux des 70\u2019s et du hard rock en particulier, Thierry Dauge est chroniqueur sur Culturesco par amour de l\u2019\u00e9criture musicale. Co-auteur du livre\\\"Pop rock - Les instruments de l'ombre\\\" aux \u00e9ditions du Camion Blanc, collaborateur de Vivi pour \\\"Mes Ann\u00e9es Trust\\\", auteur de \\\"Sparks\\\" aux \u00e9ditions du Layeur, parce que le rock est loin d'\u00eatre mort ...\",\"url\":\"https:\\\/\\\/culturesco.com\\\/index.php\\\/author\\\/thierry-dauge888\\\/\"}]}<\/script>\n<!-- \/ Yoast SEO plugin. -->","yoast_head_json":{"title":"Tout Ou Rien ! - Une vie en bande dessin\u00e9e de Thierry GUITARD","description":"CulturesCo | Tout ou Rien !, c'est la vie de Thierry Guitard en bande dessin\u00e9e - Reflet du quotidien des banlieues berc\u00e9 de musique - BD Rock","robots":{"index":"index","follow":"follow","max-snippet":"max-snippet:-1","max-image-preview":"max-image-preview:large","max-video-preview":"max-video-preview:-1"},"canonical":"https:\/\/culturesco.com\/index.php\/2021\/06\/04\/tout-ou-rien-une-vie-en-bande-dessinee-de-thierry-guitard\/","og_locale":"fr_FR","og_type":"article","og_title":"Tout Ou Rien ! - Une vie en bande dessin\u00e9e de Thierry GUITARD","og_description":"CulturesCo | Tout ou Rien !, c'est la vie de Thierry Guitard en bande dessin\u00e9e - Reflet du quotidien des banlieues berc\u00e9 de musique - BD Rock","og_url":"https:\/\/culturesco.com\/index.php\/2021\/06\/04\/tout-ou-rien-une-vie-en-bande-dessinee-de-thierry-guitard\/","og_site_name":"Culturesco","article_publisher":"https:\/\/www.facebook.com\/radioculturesco","article_published_time":"2021-06-04T17:26:10+00:00","article_modified_time":"2021-06-05T08:12:32+00:00","og_image":[{"width":600,"height":364,"url":"https:\/\/i1.wp.com\/culturesco.com\/wp-content\/uploads\/2021\/06\/Thierry-Guitard-Front.jpg?fit=600%2C364&ssl=1","type":"image\/jpeg"}],"author":"Thierry Dauge","twitter_card":"summary_large_image","twitter_creator":"@AugusteMarshal","twitter_site":"@AugusteMarshal","twitter_misc":{"\u00c9crit par":"Thierry Dauge","Dur\u00e9e de lecture estim\u00e9e":"3 minutes"},"schema":{"@context":"https:\/\/schema.org","@graph":[{"@type":"Article","@id":"https:\/\/culturesco.com\/index.php\/2021\/06\/04\/tout-ou-rien-une-vie-en-bande-dessinee-de-thierry-guitard\/#article","isPartOf":{"@id":"https:\/\/culturesco.com\/index.php\/2021\/06\/04\/tout-ou-rien-une-vie-en-bande-dessinee-de-thierry-guitard\/"},"author":{"name":"Thierry Dauge","@id":"https:\/\/culturesco.com\/#\/schema\/person\/19f04cf232d246197f6e7d62abe6cb0e"},"headline":"Tout Ou Rien ! &#8211; Une vie en bande dessin\u00e9e de Thierry GUITARD","datePublished":"2021-06-04T17:26:10+00:00","dateModified":"2021-06-05T08:12:32+00:00","mainEntityOfPage":{"@id":"https:\/\/culturesco.com\/index.php\/2021\/06\/04\/tout-ou-rien-une-vie-en-bande-dessinee-de-thierry-guitard\/"},"wordCount":691,"commentCount":0,"publisher":{"@id":"https:\/\/culturesco.com\/#organization"},"image":{"@id":"https:\/\/culturesco.com\/index.php\/2021\/06\/04\/tout-ou-rien-une-vie-en-bande-dessinee-de-thierry-guitard\/#primaryimage"},"thumbnailUrl":"https:\/\/i0.wp.com\/culturesco.com\/wp-content\/uploads\/2021\/06\/Thierry-Guitard-Front.jpg?fit=600%2C364&ssl=1","keywords":["bande dessin\u00e9e","litt\u00e9rature"],"articleSection":["Bande dessin\u00e9e","Carotte Rock Cultures","Livre Rock"],"inLanguage":"fr-FR","potentialAction":[{"@type":"CommentAction","name":"Comment","target":["https:\/\/culturesco.com\/index.php\/2021\/06\/04\/tout-ou-rien-une-vie-en-bande-dessinee-de-thierry-guitard\/#respond"]}]},{"@type":"WebPage","@id":"https:\/\/culturesco.com\/index.php\/2021\/06\/04\/tout-ou-rien-une-vie-en-bande-dessinee-de-thierry-guitard\/","url":"https:\/\/culturesco.com\/index.php\/2021\/06\/04\/tout-ou-rien-une-vie-en-bande-dessinee-de-thierry-guitard\/","name":"Tout Ou Rien ! - Une vie en bande dessin\u00e9e de Thierry GUITARD","isPartOf":{"@id":"https:\/\/culturesco.com\/#website"},"primaryImageOfPage":{"@id":"https:\/\/culturesco.com\/index.php\/2021\/06\/04\/tout-ou-rien-une-vie-en-bande-dessinee-de-thierry-guitard\/#primaryimage"},"image":{"@id":"https:\/\/culturesco.com\/index.php\/2021\/06\/04\/tout-ou-rien-une-vie-en-bande-dessinee-de-thierry-guitard\/#primaryimage"},"thumbnailUrl":"https:\/\/i0.wp.com\/culturesco.com\/wp-content\/uploads\/2021\/06\/Thierry-Guitard-Front.jpg?fit=600%2C364&ssl=1","datePublished":"2021-06-04T17:26:10+00:00","dateModified":"2021-06-05T08:12:32+00:00","description":"CulturesCo | Tout ou Rien !, c'est la vie de Thierry Guitard en bande dessin\u00e9e - Reflet du quotidien des banlieues berc\u00e9 de musique - BD Rock","breadcrumb":{"@id":"https:\/\/culturesco.com\/index.php\/2021\/06\/04\/tout-ou-rien-une-vie-en-bande-dessinee-de-thierry-guitard\/#breadcrumb"},"inLanguage":"fr-FR","potentialAction":[{"@type":"ReadAction","target":["https:\/\/culturesco.com\/index.php\/2021\/06\/04\/tout-ou-rien-une-vie-en-bande-dessinee-de-thierry-guitard\/"]}]},{"@type":"ImageObject","inLanguage":"fr-FR","@id":"https:\/\/culturesco.com\/index.php\/2021\/06\/04\/tout-ou-rien-une-vie-en-bande-dessinee-de-thierry-guitard\/#primaryimage","url":"https:\/\/i0.wp.com\/culturesco.com\/wp-content\/uploads\/2021\/06\/Thierry-Guitard-Front.jpg?fit=600%2C364&ssl=1","contentUrl":"https:\/\/i0.wp.com\/culturesco.com\/wp-content\/uploads\/2021\/06\/Thierry-Guitard-Front.jpg?fit=600%2C364&ssl=1","width":600,"height":364},{"@type":"BreadcrumbList","@id":"https:\/\/culturesco.com\/index.php\/2021\/06\/04\/tout-ou-rien-une-vie-en-bande-dessinee-de-thierry-guitard\/#breadcrumb","itemListElement":[{"@type":"ListItem","position":1,"name":"Accueil","item":"https:\/\/culturesco.com\/"},{"@type":"ListItem","position":2,"name":"Tout Ou Rien ! &#8211; Une vie en bande dessin\u00e9e de Thierry GUITARD"}]},{"@type":"WebSite","@id":"https:\/\/culturesco.com\/#website","url":"https:\/\/culturesco.com\/","name":"Culturesco","description":"Culturesco | Un bon coup de pied dans ta Culture","publisher":{"@id":"https:\/\/culturesco.com\/#organization"},"potentialAction":[{"@type":"SearchAction","target":{"@type":"EntryPoint","urlTemplate":"https:\/\/culturesco.com\/?s={search_term_string}"},"query-input":{"@type":"PropertyValueSpecification","valueRequired":true,"valueName":"search_term_string"}}],"inLanguage":"fr-FR"},{"@type":"Organization","@id":"https:\/\/culturesco.com\/#organization","name":"CULTURESCO","url":"https:\/\/culturesco.com\/","logo":{"@type":"ImageObject","inLanguage":"fr-FR","@id":"https:\/\/culturesco.com\/#\/schema\/logo\/image\/","url":"https:\/\/i0.wp.com\/culturesco.com\/wp-content\/uploads\/2022\/04\/culturesco-logo-blanc250p.png?fit=250%2C250&ssl=1","contentUrl":"https:\/\/i0.wp.com\/culturesco.com\/wp-content\/uploads\/2022\/04\/culturesco-logo-blanc250p.png?fit=250%2C250&ssl=1","width":250,"height":250,"caption":"CULTURESCO"},"image":{"@id":"https:\/\/culturesco.com\/#\/schema\/logo\/image\/"},"sameAs":["https:\/\/www.facebook.com\/radioculturesco","https:\/\/x.com\/AugusteMarshal","https:\/\/www.instagram.com\/carotte_rock_culture\/","https:\/\/www.pinterest.fr\/augustemarshal\/","https:\/\/www.youtube.com\/channel\/UCiWLGffqWSXlNnfzp6YwwyQ"]},{"@type":"Person","@id":"https:\/\/culturesco.com\/#\/schema\/person\/19f04cf232d246197f6e7d62abe6cb0e","name":"Thierry Dauge","image":{"@type":"ImageObject","inLanguage":"fr-FR","@id":"https:\/\/i0.wp.com\/culturesco.com\/wp-content\/uploads\/2018\/12\/Black-Beauty-and-me.jpg?fit=96%2C96&ssl=1","url":"https:\/\/i0.wp.com\/culturesco.com\/wp-content\/uploads\/2018\/12\/Black-Beauty-and-me.jpg?fit=96%2C96&ssl=1","contentUrl":"https:\/\/i0.wp.com\/culturesco.com\/wp-content\/uploads\/2018\/12\/Black-Beauty-and-me.jpg?fit=96%2C96&ssl=1","caption":"Thierry Dauge"},"description":"Amoureux des 70\u2019s et du hard rock en particulier, Thierry Dauge est chroniqueur sur Culturesco par amour de l\u2019\u00e9criture musicale. Co-auteur du livre\"Pop rock - Les instruments de l'ombre\" aux \u00e9ditions du Camion Blanc, collaborateur de Vivi pour \"Mes Ann\u00e9es Trust\", auteur de \"Sparks\" aux \u00e9ditions du Layeur, parce que le rock est loin d'\u00eatre mort ...","url":"https:\/\/culturesco.com\/index.php\/author\/thierry-dauge888\/"}]}},"jetpack_featured_media_url":"https:\/\/i0.wp.com\/culturesco.com\/wp-content\/uploads\/2021\/06\/Thierry-Guitard-Front.jpg?fit=600%2C364&ssl=1","jetpack_likes_enabled":true,"jetpack_sharing_enabled":true,"jetpack_shortlink":"https:\/\/wp.me\/paz89I-3Ja","_links":{"self":[{"href":"https:\/\/culturesco.com\/index.php\/wp-json\/wp\/v2\/posts\/14332","targetHints":{"allow":["GET"]}}],"collection":[{"href":"https:\/\/culturesco.com\/index.php\/wp-json\/wp\/v2\/posts"}],"about":[{"href":"https:\/\/culturesco.com\/index.php\/wp-json\/wp\/v2\/types\/post"}],"author":[{"embeddable":true,"href":"https:\/\/culturesco.com\/index.php\/wp-json\/wp\/v2\/users\/3"}],"replies":[{"embeddable":true,"href":"https:\/\/culturesco.com\/index.php\/wp-json\/wp\/v2\/comments?post=14332"}],"version-history":[{"count":0,"href":"https:\/\/culturesco.com\/index.php\/wp-json\/wp\/v2\/posts\/14332\/revisions"}],"wp:featuredmedia":[{"embeddable":true,"href":"https:\/\/culturesco.com\/index.php\/wp-json\/wp\/v2\/media\/14334"}],"wp:attachment":[{"href":"https:\/\/culturesco.com\/index.php\/wp-json\/wp\/v2\/media?parent=14332"}],"wp:term":[{"taxonomy":"category","embeddable":true,"href":"https:\/\/culturesco.com\/index.php\/wp-json\/wp\/v2\/categories?post=14332"},{"taxonomy":"post_tag","embeddable":true,"href":"https:\/\/culturesco.com\/index.php\/wp-json\/wp\/v2\/tags?post=14332"}],"curies":[{"name":"wp","href":"https:\/\/api.w.org\/{rel}","templated":true}]}}