{"id":14072,"date":"2021-05-09T00:53:13","date_gmt":"2021-05-08T22:53:13","guid":{"rendered":"https:\/\/culturesco.com\/?p=14072"},"modified":"2021-11-07T00:19:15","modified_gmt":"2021-11-06T23:19:15","slug":"albert-camus-entre-revolte-et-humanisme-la-peste-l-etranger-prix-nobel-rencontre-avec-maria-casares-biographie","status":"publish","type":"post","link":"https:\/\/culturesco.com\/index.php\/2021\/05\/09\/albert-camus-entre-revolte-et-humanisme-la-peste-l-etranger-prix-nobel-rencontre-avec-maria-casares-biographie\/","title":{"rendered":"Albert Camus, entre r\u00e9volte et humanisme"},"content":{"rendered":"<h2>Avec son roman \u00ab\u00a0La Peste\u00a0\u00bb Camus fait figure de visionnaire !<\/h2>\n<p><img data-recalc-dims=\"1\" loading=\"lazy\" decoding=\"async\" class=\"aligncenter wp-image-15238 size-full\" src=\"https:\/\/i0.wp.com\/culturesco.com\/wp-content\/uploads\/2021\/05\/Albert-Camus1.jpg?resize=600%2C539&#038;ssl=1\" alt=\"Albert Camus\" width=\"600\" height=\"539\" srcset=\"https:\/\/i0.wp.com\/culturesco.com\/wp-content\/uploads\/2021\/05\/Albert-Camus1.jpg?w=600&amp;ssl=1 600w, https:\/\/i0.wp.com\/culturesco.com\/wp-content\/uploads\/2021\/05\/Albert-Camus1.jpg?resize=300%2C270&amp;ssl=1 300w, https:\/\/i0.wp.com\/culturesco.com\/wp-content\/uploads\/2021\/05\/Albert-Camus1.jpg?resize=468%2C420&amp;ssl=1 468w\" sizes=\"auto, (max-width: 600px) 100vw, 600px\" \/><\/p>\n<p style=\"text-align: justify\">Cette \u0153uvre majeure d&rsquo;Albert Camus est un \u00e9cho bouleversant des crises du monde contemporain. Il y aborde l\u2019importance de la solidarit\u00e9, la lutte contre le mal. Ce que le monde vit actuellement incite \u00e0 la relecture de cette \u0153uvre.<\/p>\n<blockquote>\n<h3 style=\"text-align: justify\"><em>\u00ab\u00a0Je pense que papa \u00e9crit \u00e0 hauteur d&rsquo;homme et c&rsquo;est pour cela qu&rsquo;il traverse le temps. Il \u00e9crivait pour les \u00eatres humains. Il vous donne beaucoup de force\u2026 Papa, il aide toujours<\/em> \u00e0<em> vivre \u00bb<\/em><\/h3>\n<\/blockquote>\n<p style=\"text-align: justify\">D\u00e9clare Catherine Camus, devant la remise \u00e0 l\u2019honneur du roman de son p\u00e8re.<\/p>\n<p style=\"text-align: justify\"><strong>La publication de La peste, en 1947, est un succ\u00e8s unanime.<\/strong> D&rsquo;autant plus que l\u2019\u00e9crivain pense avoir totalement manqu\u00e9 son roman. Il obtient le Prix des Critiques et fera aussi l\u2019objet d\u2019une adaptation cin\u00e9matographique en 1992.<\/p>\n<h3>La Peste, un mal invisible<\/h3>\n<p style=\"text-align: justify\">La souffrance, la solitude, la r\u00e9sistance sont des th\u00e8mes abord\u00e9s dans <strong>La Peste.<\/strong> Mais Albert Camus y fait aussi \u00e9tat d\u2019un mal invisible qui touche toutes les cat\u00e9gories de la population. Pourtant, sur<strong> le fond, le roman devient le symbole d\u2019un autre fl\u00e9au, \u00ab\u00a0le sentiment d\u2019indiff\u00e9rence\u00a0\u00bb<\/strong> qui s\u2019installe peu \u00e0 peu dans la ville. (Douloureusement ressenti par le docteur Rieux.)<\/p>\n<blockquote>\n<h4 style=\"text-align: justify\"><em>\u00ab Nos concitoyens s&rsquo;\u00e9taient mis au pas, ils s&rsquo;\u00e9taient adapt\u00e9s, comme on dit, parce qu&rsquo;il n&rsquo;y avait pas moyen de faire autrement. Ils avaient encore, naturellement, l&rsquo;attitude du malheur et de la souffrance, mais ils n&rsquo;en ressentaient plus la pointe. Du reste, le docteur Rieux, par exemple, consid\u00e9rait que c&rsquo;\u00e9tait cela le malheur, justement, et que l&rsquo;habitude du d\u00e9sespoir est pire que le d\u00e9sespoir lui-m\u00eame\u2026 <\/em><em>la peste avait supprim\u00e9 les jugements de valeur. Et cela se voyait \u00e0 la fa\u00e7on dont personne ne s&rsquo;occupait plus de la qualit\u00e9 des v\u00eatements ou des aliments qu&rsquo;on achetait. On acceptait tout en bloc. \u00bb<\/em><\/h4>\n<\/blockquote>\n<p>Ce roman est aussi un r\u00e9cit sur l\u2019amour, o\u00f9 nous retrouvons le sentiment d\u2019humanit\u00e9 qui anime Albert Camus :<\/p>\n<p><img data-recalc-dims=\"1\" loading=\"lazy\" decoding=\"async\" class=\"aligncenter wp-image-14093 size-medium\" src=\"https:\/\/i0.wp.com\/culturesco.com\/wp-content\/uploads\/2021\/05\/cadres-pour-textes7-001.jpg?resize=300%2C220&#038;ssl=1\" alt=\"Citation\" width=\"300\" height=\"220\" srcset=\"https:\/\/i0.wp.com\/culturesco.com\/wp-content\/uploads\/2021\/05\/cadres-pour-textes7-001.jpg?resize=300%2C220&amp;ssl=1 300w, https:\/\/i0.wp.com\/culturesco.com\/wp-content\/uploads\/2021\/05\/cadres-pour-textes7-001.jpg?resize=574%2C420&amp;ssl=1 574w, https:\/\/i0.wp.com\/culturesco.com\/wp-content\/uploads\/2021\/05\/cadres-pour-textes7-001.jpg?resize=80%2C60&amp;ssl=1 80w, https:\/\/i0.wp.com\/culturesco.com\/wp-content\/uploads\/2021\/05\/cadres-pour-textes7-001.jpg?w=600&amp;ssl=1 600w\" sizes=\"auto, (max-width: 300px) 100vw, 300px\" \/><\/p>\n<h4><span style=\"font-size: 22px\">Son histoire<\/span><\/h4>\n<p style=\"text-align: justify\">Albert Camus grandit \u00e0 Alger. Il est le fils de Catherine Sintes, une servante d\u2019origine espagnole et de Lucien Camus, ouvrier agricole, qui meurt lors de la Bataille de la Marne.<\/p>\n<p style=\"text-align: justify\"><strong>Tr\u00e8s t\u00f4t, Camus r\u00e9v\u00e8le des pr\u00e9dispositions pour l\u2019\u00e9criture<\/strong>. Louis Germain, son instituteur l\u2019encourage et lui permet d\u2019acc\u00e9der \u00e0 une bourse d\u2019\u00e9tude. Suivront des cours de philosophie. Il rencontre <a href=\"https:\/\/fr.wikipedia.org\/wiki\/Jean_Grenier_(%C3%A9crivain)\" target=\"_blank\" rel=\"noopener\">Jean Grenier<\/a> qui lui fait d\u00e9couvrir <a href=\"https:\/\/fr.wikipedia.org\/wiki\/Friedrich_Nietzsche\" target=\"_blank\" rel=\"noopener\">Nietzsche<\/a>. Mais la tuberculose stoppe ses \u00e9tudes.<\/p>\n<p style=\"text-align: justify\">Lors de son passage au Parti communiste en 1935, il fonde la troupe de <strong>Th\u00e9\u00e2tre du travail<\/strong>. Il souhaite qu\u2019un public d\u00e9favoris\u00e9 puisse avoir acc\u00e8s aux \u0153uvres classiques et contemporaines.<\/p>\n<p style=\"text-align: justify\"><strong>Camus est aussi un journaliste engag\u00e9.<\/strong> Il joue un r\u00f4le important dans la r\u00e9sistance, jusqu\u2019en 1947, il est r\u00e9dacteur en chef du journal <a href=\"https:\/\/fr.wikipedia.org\/wiki\/Combat_(journal)\" target=\"_blank\" rel=\"noopener\">Combat<\/a>. Parall\u00e8lement, il poursuit son \u0153uvre litt\u00e9raire, notamment deux pi\u00e8ces de th\u00e9\u00e2tre <strong>Le Malentendu<\/strong> et <strong>Caligula.<\/strong><\/p>\n<p><img data-recalc-dims=\"1\" loading=\"lazy\" decoding=\"async\" class=\"aligncenter wp-image-14094 size-medium\" src=\"https:\/\/i0.wp.com\/culturesco.com\/wp-content\/uploads\/2021\/05\/cadres-pour-textes7-001-1.jpg?resize=300%2C220&#038;ssl=1\" alt=\"Citation\" width=\"300\" height=\"220\" srcset=\"https:\/\/i0.wp.com\/culturesco.com\/wp-content\/uploads\/2021\/05\/cadres-pour-textes7-001-1.jpg?resize=300%2C220&amp;ssl=1 300w, https:\/\/i0.wp.com\/culturesco.com\/wp-content\/uploads\/2021\/05\/cadres-pour-textes7-001-1.jpg?resize=574%2C420&amp;ssl=1 574w, https:\/\/i0.wp.com\/culturesco.com\/wp-content\/uploads\/2021\/05\/cadres-pour-textes7-001-1.jpg?resize=80%2C60&amp;ssl=1 80w, https:\/\/i0.wp.com\/culturesco.com\/wp-content\/uploads\/2021\/05\/cadres-pour-textes7-001-1.jpg?w=600&amp;ssl=1 600w\" sizes=\"auto, (max-width: 300px) 100vw, 300px\" \/><\/p>\n<h4>Un film nous raconte l&rsquo;histoire de cette ic\u00f4ne qu&rsquo;\u00e9tait Camus :<\/h4>\n<p>https:\/\/www.youtube.com\/watch?v=5CIBtVu17_U&#038;t=748s<\/p>\n<h3>La premi\u00e8re \u0153uvre d&rsquo;Albert Camus<\/h3>\n<p>En 1937, il publie son premier opus <strong>\u00ab\u00a0L\u2019envers et l\u2019endroit\u00a0\u00bb.<\/strong> Dans la pr\u00e9face, il \u00e9crit :<\/p>\n<blockquote>\n<h4 style=\"text-align: justify\"><em>\u00ab\u00a0Une \u0153uvre d &lsquo;Homme n &lsquo;est rien d &lsquo;autre que ce long cheminement pour retrouver par les d\u00e9tours de l &lsquo;art les deux ou trois images simples et grandes sur lesquelles le c\u0153ur une premi\u00e8re fois s &lsquo;est ouvert\u2026\u00a0\u00bb<\/em><\/h4>\n<\/blockquote>\n<p style=\"text-align: justify\">Il retrace la vie de sa m\u00e8re, son enfance, l\u2019univers de la lumi\u00e8re mais aussi de la pauvret\u00e9.<\/p>\n<blockquote>\n<h4>\u00ab\u00a0<em>Pour corriger une indiff\u00e9rence naturelle, je fus plac\u00e9 \u00e0 mi-distance de la mis\u00e8re et du soleil. La mis\u00e8re m &#8217;emp\u00eacha de croire que<\/em><em> tout est bien sous le soleil et dans l &lsquo;Histoire; le soleil m &lsquo;apprit que l &lsquo;Histoire n &lsquo;est pas tout.\u00bb<\/em><\/h4>\n<\/blockquote>\n<p style=\"text-align: justify\">Dans cet opus, qui regroupe cinq essais, <strong>nous retrouvons tous les th\u00e8mes majeurs de l\u2019\u0153uvre de Camus\u00a0: la vie et la mort, la pauvret\u00e9 et le soleil, la solitude\u2026<\/strong><\/p>\n<p style=\"text-align: justify\">A la fin de sa vie, Albert Camus voit dans cette \u0153uvre le fondement qui a nourri tout ce qu\u2019il a \u00e9crit par la suite.<\/p>\n<blockquote>\n<h4 style=\"text-align: justify\"><em>\u00abPour moi, je sais que ma source est dans L\u2019Envers et l\u2019endroit, dans ce monde de pauvret\u00e9 et de lumi\u00e8re o\u00f9 j\u2019ai longtemps v\u00e9cu et dont le souvenir me pr\u00e9serve encore des deux dangers contraires qui menacent tout artiste, le ressentiment et la satisfaction\u00bb.<\/em><\/h4>\n<\/blockquote>\n<h3>La philosophie d&rsquo; Albert Camus : entre l\u2019absurde et la r\u00e9volte.<\/h3>\n<blockquote>\n<h4 style=\"text-align: justify\"><span style=\"font-family: verdana, geneva, sans-serif\"><em>\u00ab<\/em><em>Ce monde en lui-m\u00eame n\u2019est<\/em> pas<em> raisonnable, c\u2019est tout ce qu\u2019on peut en dire. Mais ce qui est absurde, c\u2019est la confrontation de cet irrationnel et de ce d\u00e9sir \u00e9perdu de clart\u00e9 dont l\u2019appel r\u00e9sonne au plus profond de l\u2019homme\u00bb<\/em><\/span><\/h4>\n<\/blockquote>\n<p style=\"text-align: justify\">L\u2019absurde, ou le sentiment d\u2019inutilit\u00e9 de l\u2019existence dans un monde o\u00f9 tout ce qui est fait, sera d\u00e9fait\u2026 c\u2019est une \u00e9ternelle r\u00e9p\u00e9tition.<\/p>\n<p style=\"text-align: justify\">Sisyphe est la parfaite incarnation de l\u2019absurde, en poussant \u00e9ternellement son rocher au sommet de la montagne pour le voir ensuite redescendre. Avec cette condamnation, les dieux pensaient \u00e0 juste raison, <strong>\u00ab<em>qu\u2019il n\u2019est pas de punition plus terrible que le travail inutile et sans espoir<\/em>\u00bb<\/strong><\/p>\n<p style=\"text-align: justify\">Une question se pose : \u00ab\u00a0Est-ce que la vie vaut ou ne vaut pas la peine d\u2019\u00eatre v\u00e9cue, devant l\u2019absurdit\u00e9 ?\u00a0\u00bb<\/p>\n<blockquote>\n<h4 style=\"text-align: justify\"><em>\u00abDe toutes les \u00e9coles de la patience et de la lucidit\u00e9, la cr\u00e9ation est la plus efficace. Elle est aussi le bouleversant t\u00e9moignage de la seule dignit\u00e9 de l&rsquo;homme : la r\u00e9volte tenace contre sa condition, la pers\u00e9v\u00e9rance dans un effort tenu pour st\u00e9rile<\/em>\u2026 <em>Cr\u00e9er, c\u2019est aussi donner une forme \u00e0 son destin\u00bb<\/em><\/h4>\n<\/blockquote>\n<p>La cr\u00e9ation, c\u2019est oublier le temps, vaincre l\u2019absurde.<\/p>\n<p style=\"text-align: justify\">Dans <strong>l\u2019Etranger<\/strong>, le premier roman de la t\u00e9tralogie du \u00ab\u00a0Cycle de l\u2019absurde\u00a0\u00bb, Meursault est d\u00e9tach\u00e9 de tout. <strong>Ce n\u2019est pas un personnage du \u00ab\u00a0d\u00e9sespoir\u00a0\u00bb mais de \u00ab\u00a0l\u2019absence d\u2019espoir\u00a0\u00bb.<\/strong><\/p>\n<h4 style=\"text-align: justify\"><em>\u00ab<\/em><em>J&rsquo;ai souvent pens\u00e9 alors que si l&rsquo;on m&rsquo;avait fait vivre dans un tronc d&rsquo;arbre sec, sans autre occupation que de regarder la fleur du ciel au-dessus de ma t\u00eate, je m&rsquo;y serais peu \u00e0 peu habitu\u00e9.<\/em> <em>J&rsquo;aurais attendu des passages d&rsquo;oiseaux ou des rencontres de nuages\u2026<\/em>\u00bb d\u00e9pourvu d\u2019espoir, il per\u00e7oit l\u2019indiff\u00e9rence du monde.<\/h4>\n<h3>Albert Camus un homme r\u00e9volt\u00e9<\/h3>\n<p style=\"text-align: justify\">Face \u00e0 l\u2019absurdit\u00e9 de l\u2019existence l\u2019homme se r\u00e9volte, c\u2019est une n\u00e9cessit\u00e9 pour celui qui ambitionne d\u2019am\u00e9liorer la condition humaine. <strong>Pour Camus, la r\u00e9volte est la seule valeur m\u00e9diatrice, capable de contrer l\u2019absurde et pr\u00e9server la libert\u00e9 et la justice.<\/strong><\/p>\n<p><img data-recalc-dims=\"1\" loading=\"lazy\" decoding=\"async\" class=\"size-medium wp-image-14095 aligncenter\" src=\"https:\/\/i0.wp.com\/culturesco.com\/wp-content\/uploads\/2021\/05\/cadres-pour-textes75-001.jpg?resize=300%2C191&#038;ssl=1\" alt=\"Albert Camus\" width=\"300\" height=\"191\" srcset=\"https:\/\/i0.wp.com\/culturesco.com\/wp-content\/uploads\/2021\/05\/cadres-pour-textes75-001.jpg?resize=300%2C191&amp;ssl=1 300w, https:\/\/i0.wp.com\/culturesco.com\/wp-content\/uploads\/2021\/05\/cadres-pour-textes75-001.jpg?w=600&amp;ssl=1 600w\" sizes=\"auto, (max-width: 300px) 100vw, 300px\" \/><\/p>\n<h3>Ren\u00e9 Char<\/h3>\n<p style=\"text-align: justify\">Ren\u00e9 Char, le r\u00e9sistant, d\u00e9couvre Albert Camus avec son livre l\u2019Etranger. C\u2019est une incomparable histoire d\u2019amiti\u00e9, une <strong>\u00ab\u00a0fraternit\u00e9 profonde \u00bb<\/strong> disait Camus.<\/p>\n<blockquote>\n<h4 style=\"text-align: justify\"><em>\u00abJe crois que notre fraternit\u00e9 va encore plus loin que nous l&rsquo;envisageons et que nous l&rsquo;\u00e9prouvons. De plus en plus, nous allons g\u00eaner la frivolit\u00e9 des exploiteurs, des fins diseurs de tout bord de notre \u00e9poque. Tant mieux. Notre nouveau combat commence et notre raison d&rsquo;exister. Du moins, j\u2019en suis persuad\u00e9\u2026Je le devine et je le sens.\u00bb<\/em><\/h4>\n<\/blockquote>\n<p>\u00c9crit Ren\u00e9 Char le 3 novembre 1951.<\/p>\n<p><img data-recalc-dims=\"1\" loading=\"lazy\" decoding=\"async\" class=\"size-medium wp-image-14098 aligncenter\" src=\"https:\/\/i0.wp.com\/culturesco.com\/wp-content\/uploads\/2021\/05\/AAAA-Albert-Camus5.jpg?resize=271%2C300&#038;ssl=1\" alt=\"Ren\u00e9 Char et Camus\" width=\"271\" height=\"300\" srcset=\"https:\/\/i0.wp.com\/culturesco.com\/wp-content\/uploads\/2021\/05\/AAAA-Albert-Camus5.jpg?resize=271%2C300&amp;ssl=1 271w, https:\/\/i0.wp.com\/culturesco.com\/wp-content\/uploads\/2021\/05\/AAAA-Albert-Camus5.jpg?resize=379%2C420&amp;ssl=1 379w, https:\/\/i0.wp.com\/culturesco.com\/wp-content\/uploads\/2021\/05\/AAAA-Albert-Camus5.jpg?w=541&amp;ssl=1 541w\" sizes=\"auto, (max-width: 271px) 100vw, 271px\" \/><\/p>\n<p style=\"text-align: justify\">Quelques ann\u00e9es plus tard les deux hommes se rencontrent et entament une correspondance crois\u00e9e, qui subsistera jusqu\u2019\u00e0 la mort d\u2019Albert Camus.<\/p>\n<p style=\"text-align: justify\"><strong>Entre les deux \u00e9crivains s\u2019installe une amiti\u00e9 authentique et inconditionnelle nourrie par un m\u00eame esprit d\u2019humanit\u00e9.<\/strong><\/p>\n<p style=\"text-align: justify\">En septembre 1957, Camus, en vacances en Normandie \u00e9crit \u00e0 Ren\u00e9 Char pour lui annoncer son retour \u00e0 Lourmarin et sa joie de le revoir.<\/p>\n<blockquote>\n<h4 style=\"text-align: justify\"><em>\u00ab\u00a0<\/em><em>Plus je vieillis et plus je trouve qu\u2019on ne peut vivre qu\u2019avec les \u00eatres qui vous lib\u00e8rent, qui vous aiment d\u2019une affection aussi l\u00e9g\u00e8re \u00e0 porter que forte \u00e0 \u00e9prouver. La vie d\u2019aujourd\u2019hui est trop dure, trop am\u00e8re, trop an\u00e9miante, pour qu\u2019on subisse encore de nouvelles servitudes, venues de qui on aime. \u00c0 la fin, on mourrait de chagrin, litt\u00e9ralement. Et il faut que nous vivions, que nous trouvions les mots, l\u2019\u00e9lan, la r\u00e9flexion qui fondent une joie, la joie. Mais c\u2019est ainsi que je suis votre ami, j\u2019aime votre bonheur, votre libert\u00e9, votre aventure en un mot, et je voudrais \u00eatre pour vous le compagnon dont on est s\u00fbr, toujours\u2026Je rentre dans une semaine\u2026Je me r\u00e9jouis du fond du c\u0153ur, de vous revoir.\u00bb<\/em><\/h4>\n<\/blockquote>\n<p style=\"text-align: justify\">Lors de la temp\u00eate provoqu\u00e9e par la publication de \u00ab L\u2019homme r\u00e9volt\u00e9 \u00bb en 1951, Ren\u00e9 Char soutient sans r\u00e9serve Camus. Il attend Octobre 1957 pour \u00e9crire un texte remarquable, anim\u00e9 par l\u2019amiti\u00e9 qui lie les deux hommes.<\/p>\n<blockquote>\n<h4 style=\"text-align: justify\"><em>\u00abDepuis plus de dix ans que je suis li\u00e9 avec Camus, bien souvent \u00e0 son sujet la grande phrase de Nietzsche r\u00e9appara\u00eet dans ma m\u00e9moire : \u00ab J\u2019ai toujours mis dans mes \u00e9crits toute ma vie et toute ma personne. J&rsquo;ignore ce que peuvent \u00eatre des probl\u00e8mes purement intellectuels.\u00bb Voil\u00e0 la raison de la force d&rsquo;Albert Camus (intacte, reconstitu\u00e9e \u00e0 mesure) et de sa faiblesse continuellement agress\u00e9e\u2026 L&rsquo;amiti\u00e9 qui parvient \u00e0 s&rsquo;interdire les patrouilles malavis\u00e9es aupr\u00e8s d&rsquo;autrui, quand l&rsquo;\u00e2me d&rsquo;autrui a besoin d&rsquo;absence et de mouvement lointain, est la seule \u00e0 contenir un germe d&rsquo;immortalit\u00e9. C&rsquo;est elle qui admet sans mal\u00e9fices l&rsquo;inexplicable dans les relations humaines, en respecte le malaise passager\u2026 Dans la constance des c\u0153urs exp\u00e9riment\u00e9s, l&rsquo;amiti\u00e9 ne fait le guet ni n&rsquo;inquisitionne. \u00bb<\/em><\/h4>\n<\/blockquote>\n<h3>Le Prix Nobel lui est attribu\u00e9 le 17 octobre 1957<\/h3>\n<figure id=\"attachment_14096\" aria-describedby=\"caption-attachment-14096\" style=\"width: 462px\" class=\"wp-caption aligncenter\"><img data-recalc-dims=\"1\" loading=\"lazy\" decoding=\"async\" class=\"wp-image-14096\" src=\"https:\/\/i0.wp.com\/culturesco.com\/wp-content\/uploads\/2021\/05\/DQ4VVYLW4AAPerv.jpg?resize=462%2C600&#038;ssl=1\" alt=\"Albert Camus\" width=\"462\" height=\"600\" srcset=\"https:\/\/i0.wp.com\/culturesco.com\/wp-content\/uploads\/2021\/05\/DQ4VVYLW4AAPerv.jpg?w=462&amp;ssl=1 462w, https:\/\/i0.wp.com\/culturesco.com\/wp-content\/uploads\/2021\/05\/DQ4VVYLW4AAPerv.jpg?resize=231%2C300&amp;ssl=1 231w, https:\/\/i0.wp.com\/culturesco.com\/wp-content\/uploads\/2021\/05\/DQ4VVYLW4AAPerv.jpg?resize=483%2C627&amp;ssl=1 483w, https:\/\/i0.wp.com\/culturesco.com\/wp-content\/uploads\/2021\/05\/DQ4VVYLW4AAPerv.jpg?resize=324%2C420&amp;ssl=1 324w\" sizes=\"auto, (max-width: 462px) 100vw, 462px\" \/><figcaption id=\"caption-attachment-14096\" class=\"wp-caption-text\">Le Prix Nobel<\/figcaption><\/figure>\n<p><strong>Une \u00ab\u00a0sorte de panique\u00a0\u00bb envahit Albert Camus devant cette cons\u00e9cration<\/strong>. Il l\u2019\u00e9voque lors de son discours de r\u00e9ception \u00e0 l\u2019Acad\u00e9mie su\u00e9doise :<\/p>\n<blockquote>\n<h4 style=\"text-align: justify\"><em>\u00abComment un homme presque jeune, riche de ses seuls doutes et d\u2019une \u0153uvre encore en chantier, habitu\u00e9 \u00e0 vivre dans la solitude du travail ou dans les retraites de l\u2019amiti\u00e9, n\u2019aurait-il pas appris avec une sorte de panique un arr\u00eat qui le portait d\u2019un coup, seul et r\u00e9duit \u00e0 lui-m\u00eame, au centre d\u2019une lumi\u00e8re crue ?\u00bb <\/em><\/h4>\n<\/blockquote>\n<p>Il est avec Rudyard Kipling, le plus jeune laur\u00e9at \u00e0 recevoir cette distinction.<\/p>\n<p>Dans son discours il partage ses interrogations\u00a0:<\/p>\n<p style=\"text-align: justify\"><em>\u00ab \u2026de quel c\u0153ur recevoir cet honneur quand, en Europe, d\u2019autres \u00e9crivains, parmi les plus grands, sont r\u00e9duits au silence\u2026<\/em> \u00bb. Il poursuit :<\/p>\n<blockquote>\n<h4 style=\"text-align: justify\"><em>\u00abJe ne puis vivre personnellement sans mon art. Mais je n&rsquo;ai jamais plac\u00e9 cet art au-dessus de tout. S&rsquo;il m&rsquo;est n\u00e9cessaire au contraire, c&rsquo;est qu&rsquo;il ne se s\u00e9pare de personne et me permet de vivre, tel que je suis, au niveau de tous. L&rsquo;art n&rsquo;est pas \u00e0 mes yeux une r\u00e9jouissance solitaire. Il est un moyen d&rsquo;\u00e9mouvoir le plus grand nombre d&rsquo;hommes en leur offrant une image privil\u00e9gi\u00e9e des souffrances et des joies communes.<\/em><em>\u00bb<\/em><\/h4>\n<\/blockquote>\n<p>&nbsp;<\/p>\n<p style=\"text-align: justify\">Dans son discours il \u00e9voque la solitude de l\u2019\u00e9crivain, la noblesse du m\u00e9tier et insiste sur son engagement\u00a0: <em style=\"color: #222222;font-family: Verdana, BlinkMacSystemFont, -apple-system, 'Segoe UI', Roboto, Oxygen, Ubuntu, Cantarell, 'Open Sans', 'Helvetica Neue', sans-serif;font-size: 15px\">\u00ab\u00a0Il ne peut se mettre au service de ceux qui font l\u2019histoire, mais au service de ceux qui la subissent<\/em><span style=\"color: #222222;font-family: Verdana, BlinkMacSystemFont, -apple-system, 'Segoe UI', Roboto, Oxygen, Ubuntu, Cantarell, 'Open Sans', 'Helvetica Neue', sans-serif;font-size: 15px\"> \u00bb avant de rajouter\u00a0:<\/span><\/p>\n<blockquote>\n<h4 style=\"text-align: justify\">\u00ab\u00a0<em>Quelles que soient nos infirmit\u00e9s personnelles, la noblesse de notre m\u00e9tier s\u2019enracinera toujours dans deux engagements difficiles \u00e0 maintenir \u2014 le refus de mentir sur ce que l\u2019on sait et la r\u00e9sistance \u00e0 l\u2019oppression.\u00a0<\/em>\u00bb<\/h4>\n<\/blockquote>\n<p style=\"text-align: justify\"><strong>Mais pour Albert Camus cette mise en lumi\u00e8re est un fardeau. <\/strong>Elle attise l\u2019hostilit\u00e9 de ses d\u00e9tracteurs. L\u2019un d\u2019entre eux, Pascal Pia, est un ancien compagnon. L\u2019\u00e9crivain est bless\u00e9 par les critiques.<\/p>\n<h3>Albert Camus &amp; Maria Casar\u00e8s, deux \u00eatres d\u2019exception<\/h3>\n<figure id=\"attachment_14148\" aria-describedby=\"caption-attachment-14148\" style=\"width: 600px\" class=\"wp-caption aligncenter\"><img data-recalc-dims=\"1\" loading=\"lazy\" decoding=\"async\" class=\"size-full wp-image-14148\" src=\"https:\/\/i0.wp.com\/culturesco.com\/wp-content\/uploads\/2021\/05\/16297962.jpg?resize=600%2C291&#038;ssl=1\" alt=\"Maria Casar\u00e8s\" width=\"600\" height=\"291\" srcset=\"https:\/\/i0.wp.com\/culturesco.com\/wp-content\/uploads\/2021\/05\/16297962.jpg?w=600&amp;ssl=1 600w, https:\/\/i0.wp.com\/culturesco.com\/wp-content\/uploads\/2021\/05\/16297962.jpg?resize=300%2C146&amp;ssl=1 300w\" sizes=\"auto, (max-width: 600px) 100vw, 600px\" \/><figcaption id=\"caption-attachment-14148\" class=\"wp-caption-text\">Albert Camus et Maria Casar\u00e8s<\/figcaption><\/figure>\n<p style=\"text-align: justify\">La correspondance amoureuse d\u2019Albert Camus et de Maria Casar\u00e8s d\u00e9bute en juin 1948. Elle\u00a0 se poursuit jusqu\u2019\u00e0 la mort de l\u2019\u00e9crivain. <strong>C\u2019est un \u00e9change, de douze ans, anim\u00e9 par un amour passionnel empreint de complicit\u00e9 intellectuelle.<\/strong><\/p>\n<blockquote>\n<h4 style=\"text-align: justify\"><em>\u00ab<\/em><em>Nous nous sommes rencontr\u00e9s, nous nous sommes reconnus, nous nous sommes abandonn\u00e9s l\u2019un \u00e0 l\u2019autre, nous avons r\u00e9ussi un amour br\u00fblant de cristal pur, te rends-tu compte de notre bonheur et de ce qui nous a \u00e9t\u00e9 donn\u00e9<\/em><em>\u00bb <\/em>(Maria Casar\u00e8s, 4 juin 1950)<\/h4>\n<\/blockquote>\n<p>Leur amour est une \u00e9vidence irr\u00e9sistible.<\/p>\n<blockquote>\n<h4 style=\"text-align: justify\"><em>\u00ab<\/em><em>Comment ces deux \u00eatres ont-ils pu traverser tant d\u2019ann\u00e9es, dans la tension ext\u00e9nuante qu\u2019exige une vie libre temp\u00e9r\u00e9e par le respect des autres, dans laquelle il avait \u00ab\u00a0fallu apprendre \u00e0 avancer sur le fil tendu d\u2019un amour d\u00e9nu\u00e9 de tout orgueil\u00a0\u00bb, sans se quitter, sans jamais douter l\u2019un de l\u2019autre, avec la m\u00eame exigence de clart\u00e9 ? La r\u00e9ponse est dans cette correspondance.<br \/>\nMerci \u00e0 eux deux. <strong>Leurs lettres font que la terre est plus vaste, l\u2019espace plus lumineux, l\u2019air plus l\u00e9ger simplement parce qu\u2019ils ont exist\u00e9.<\/strong>\u00bb<\/em><\/h4>\n<\/blockquote>\n<p>Ecrit Catherine Camus dans sa pr\u00e9face.<\/p>\n<p style=\"text-align: justify\">Souvent les deux amants \u00e9crivent leur peur de la mort. Maria Casar\u00e8s exprime cette crainte avec une phrase magnifique le 15 septembre 1949\u00a0:<\/p>\n<blockquote>\n<h4 style=\"text-align: justify\"><em>\u00ab\u00a0La seule chose qui me s\u00e9pare de toi maintenant et qui me pousse \u00e0 la folie par instants, c&rsquo;est l&rsquo;id\u00e9e qu&rsquo;un jour la mort vienne nous obliger \u00e0 vivre l&rsquo;un sans l&rsquo;autre. Lorsque cette pens\u00e9e s&#8217;empare de moi avec assez d&rsquo;acuit\u00e9 pour me faire vivre, par exemple, un matin, avec l&rsquo;id\u00e9e que tu n&rsquo;es plus l\u00e0 et que tu ne seras plus jamais l\u00e0, toutes mes facult\u00e9s se brouillent dans un chaos total, je me sens une terrible envie de vomir, et des sons de folie se font entendre partout en moi\u00a0\u00bb<\/em><\/h4>\n<\/blockquote>\n<h3>La mort de Camus<\/h3>\n<p style=\"text-align: justify\"><strong>Le 4 janvier 1960, Albert Camus, trouve la mort<\/strong> dans la Facel Vega de son ami Michel Gallimard.<\/p>\n<p style=\"text-align: justify\"><strong><em>\u00ab\u00a0Il faut que notre pauvre chair se fasse \u00e0 l\u2019id\u00e9e de ne plus voir le meilleur des n\u00f4tres \u00bb<\/em><\/strong><\/p>\n<p style=\"text-align: justify\">Ecrit Maurice Clavel dans le journal \u00ab\u00a0Combat\u00a0\u00bb<\/p>\n<p style=\"text-align: justify\">Albert Camus reste un monument de la litt\u00e9rature mondiale. Il est l\u2019un des fran\u00e7ais les plus lus, et \u00e0 ce jour, son \u0153uvre n\u2019a pas une ride.<\/p>\n<blockquote>\n<h5 style=\"text-align: justify\">\u00ab Mais s\u00e9rieusement qui a dit qu\u2019Albert Camus est mort ?\u00bb *<\/h5>\n<\/blockquote>\n<h3>Post\u00e9rit\u00e9<\/h3>\n<p style=\"text-align: justify\">Les archives de Camus sont d\u00e9pos\u00e9es \u00e0 la biblioth\u00e8que M\u00e9janes (Aix-en-Provence). Catherine Camus a fait publier le roman inachev\u00e9 de son p\u00e8re <strong>\u00ab\u00a0Premier Homme<\/strong>\u00a0\u00bb en 1994 et en 2017, la correspondance intime entre Albert Camus et Maria Casar\u00e8s.<\/p>\n<p>Nic Blanchard-Thibault<\/p>\n<p>*Les derniers jours de la vie d\u2019Albert Camus de Jos\u00e9 Lenzini.<\/p>\n<p>A lire aussi sur Culturesco :<\/p>\n<p><a href=\"https:\/\/culturesco.com\/index.php\/2021\/03\/26\/romain-gary-histoire-biographie-d-un-ecrivain-de-la-promesse-de-l-aube-ami-de-jean-seberg\/\" target=\"_blank\" rel=\"noopener\">Romain Gary<\/a>, un \u00e9crivain \u00e0 la noblesse d&rsquo;\u00e2me.<\/p>\n","protected":false},"excerpt":{"rendered":"<p>Avec son roman \u00ab\u00a0La Peste\u00a0\u00bb Camus fait figure de visionnaire ! Cette \u0153uvre majeure d&rsquo;Albert Camus est un \u00e9cho bouleversant des crises du monde contemporain. Il y aborde l\u2019importance de la solidarit\u00e9, la lutte contre le mal. Ce que le monde vit actuellement incite \u00e0 la relecture de cette \u0153uvre. \u00ab\u00a0Je pense que papa \u00e9crit [&hellip;]<\/p>\n","protected":false},"author":6,"featured_media":14108,"comment_status":"open","ping_status":"open","sticky":false,"template":"","format":"image","meta":{"jetpack_post_was_ever_published":false,"tdm_status":"","tdm_grid_status":"","_jetpack_newsletter_access":"","_jetpack_dont_email_post_to_subs":false,"_jetpack_newsletter_tier_id":0,"_jetpack_memberships_contains_paywalled_content":false,"_jetpack_memberships_contains_paid_content":false,"footnotes":""},"categories":[23,22,27],"tags":[42],"class_list":{"0":"post-14072","1":"post","2":"type-post","3":"status-publish","4":"format-image","5":"has-post-thumbnail","7":"category-chroniques-litteraires","8":"category-citations","9":"category-litterature","10":"tag-litterature","11":"post_format-post-format-image"},"yoast_head":"<!-- This site is optimized with the Yoast SEO plugin v27.4 - https:\/\/yoast.com\/product\/yoast-seo-wordpress\/ -->\n<title>Albert Camus, entre r\u00e9volte et humanisme - Culturesco<\/title>\n<meta name=\"description\" content=\"CulturesCo | Albert Camus entre r\u00e9volte et humanisme | le philosophe de l&#039;absurde | L&#039;\u00e9tranger | La Peste | sa rencontre avec Maria Casar\u00e8s.\" \/>\n<meta name=\"robots\" content=\"index, follow, max-snippet:-1, max-image-preview:large, max-video-preview:-1\" \/>\n<link rel=\"canonical\" href=\"https:\/\/culturesco.com\/index.php\/2021\/05\/09\/albert-camus-entre-revolte-et-humanisme-la-peste-l-etranger-prix-nobel-rencontre-avec-maria-casares-biographie\/\" \/>\n<meta property=\"og:locale\" content=\"fr_FR\" \/>\n<meta property=\"og:type\" content=\"article\" \/>\n<meta property=\"og:title\" content=\"Albert Camus, entre r\u00e9volte et humanisme - Culturesco\" \/>\n<meta property=\"og:description\" content=\"CulturesCo | Albert Camus entre r\u00e9volte et humanisme | le philosophe de l&#039;absurde | L&#039;\u00e9tranger | La Peste | sa rencontre avec Maria Casar\u00e8s.\" \/>\n<meta property=\"og:url\" content=\"https:\/\/culturesco.com\/index.php\/2021\/05\/09\/albert-camus-entre-revolte-et-humanisme-la-peste-l-etranger-prix-nobel-rencontre-avec-maria-casares-biographie\/\" \/>\n<meta property=\"og:site_name\" content=\"Culturesco\" \/>\n<meta property=\"article:publisher\" content=\"https:\/\/www.facebook.com\/radioculturesco\" \/>\n<meta property=\"article:published_time\" content=\"2021-05-08T22:53:13+00:00\" \/>\n<meta property=\"article:modified_time\" content=\"2021-11-06T23:19:15+00:00\" \/>\n<meta property=\"og:image\" content=\"https:\/\/i1.wp.com\/culturesco.com\/wp-content\/uploads\/2021\/05\/AAAA-Albert-Camus4.jpg?fit=600%2C338&ssl=1\" \/>\n\t<meta property=\"og:image:width\" content=\"600\" \/>\n\t<meta property=\"og:image:height\" content=\"338\" \/>\n\t<meta property=\"og:image:type\" content=\"image\/jpeg\" \/>\n<meta name=\"author\" content=\"Nic Blanchard-Thibault\" \/>\n<meta name=\"twitter:card\" content=\"summary_large_image\" \/>\n<meta name=\"twitter:creator\" content=\"@AugusteMarshal\" \/>\n<meta name=\"twitter:site\" content=\"@AugusteMarshal\" \/>\n<meta name=\"twitter:label1\" content=\"\u00c9crit par\" \/>\n\t<meta name=\"twitter:data1\" content=\"Nic Blanchard-Thibault\" \/>\n\t<meta name=\"twitter:label2\" content=\"Dur\u00e9e de lecture estim\u00e9e\" \/>\n\t<meta name=\"twitter:data2\" content=\"12 minutes\" \/>\n<script type=\"application\/ld+json\" class=\"yoast-schema-graph\">{\"@context\":\"https:\\\/\\\/schema.org\",\"@graph\":[{\"@type\":\"Article\",\"@id\":\"https:\\\/\\\/culturesco.com\\\/index.php\\\/2021\\\/05\\\/09\\\/albert-camus-entre-revolte-et-humanisme-la-peste-l-etranger-prix-nobel-rencontre-avec-maria-casares-biographie\\\/#article\",\"isPartOf\":{\"@id\":\"https:\\\/\\\/culturesco.com\\\/index.php\\\/2021\\\/05\\\/09\\\/albert-camus-entre-revolte-et-humanisme-la-peste-l-etranger-prix-nobel-rencontre-avec-maria-casares-biographie\\\/\"},\"author\":{\"name\":\"Nic Blanchard-Thibault\",\"@id\":\"https:\\\/\\\/culturesco.com\\\/#\\\/schema\\\/person\\\/92b4537ac6a2a09eb2304e8bdd0f5919\"},\"headline\":\"Albert Camus, entre r\u00e9volte et humanisme\",\"datePublished\":\"2021-05-08T22:53:13+00:00\",\"dateModified\":\"2021-11-06T23:19:15+00:00\",\"mainEntityOfPage\":{\"@id\":\"https:\\\/\\\/culturesco.com\\\/index.php\\\/2021\\\/05\\\/09\\\/albert-camus-entre-revolte-et-humanisme-la-peste-l-etranger-prix-nobel-rencontre-avec-maria-casares-biographie\\\/\"},\"wordCount\":2524,\"commentCount\":0,\"publisher\":{\"@id\":\"https:\\\/\\\/culturesco.com\\\/#organization\"},\"image\":{\"@id\":\"https:\\\/\\\/culturesco.com\\\/index.php\\\/2021\\\/05\\\/09\\\/albert-camus-entre-revolte-et-humanisme-la-peste-l-etranger-prix-nobel-rencontre-avec-maria-casares-biographie\\\/#primaryimage\"},\"thumbnailUrl\":\"https:\\\/\\\/i0.wp.com\\\/culturesco.com\\\/wp-content\\\/uploads\\\/2021\\\/05\\\/AAAA-Albert-Camus4.jpg?fit=600%2C338&ssl=1\",\"keywords\":[\"litt\u00e9rature\"],\"articleSection\":[\"Chroniques litt\u00e9raires\",\"Citations\",\"Litt\u00e9rature\"],\"inLanguage\":\"fr-FR\",\"potentialAction\":[{\"@type\":\"CommentAction\",\"name\":\"Comment\",\"target\":[\"https:\\\/\\\/culturesco.com\\\/index.php\\\/2021\\\/05\\\/09\\\/albert-camus-entre-revolte-et-humanisme-la-peste-l-etranger-prix-nobel-rencontre-avec-maria-casares-biographie\\\/#respond\"]}]},{\"@type\":\"WebPage\",\"@id\":\"https:\\\/\\\/culturesco.com\\\/index.php\\\/2021\\\/05\\\/09\\\/albert-camus-entre-revolte-et-humanisme-la-peste-l-etranger-prix-nobel-rencontre-avec-maria-casares-biographie\\\/\",\"url\":\"https:\\\/\\\/culturesco.com\\\/index.php\\\/2021\\\/05\\\/09\\\/albert-camus-entre-revolte-et-humanisme-la-peste-l-etranger-prix-nobel-rencontre-avec-maria-casares-biographie\\\/\",\"name\":\"Albert Camus, entre r\u00e9volte et humanisme - Culturesco\",\"isPartOf\":{\"@id\":\"https:\\\/\\\/culturesco.com\\\/#website\"},\"primaryImageOfPage\":{\"@id\":\"https:\\\/\\\/culturesco.com\\\/index.php\\\/2021\\\/05\\\/09\\\/albert-camus-entre-revolte-et-humanisme-la-peste-l-etranger-prix-nobel-rencontre-avec-maria-casares-biographie\\\/#primaryimage\"},\"image\":{\"@id\":\"https:\\\/\\\/culturesco.com\\\/index.php\\\/2021\\\/05\\\/09\\\/albert-camus-entre-revolte-et-humanisme-la-peste-l-etranger-prix-nobel-rencontre-avec-maria-casares-biographie\\\/#primaryimage\"},\"thumbnailUrl\":\"https:\\\/\\\/i0.wp.com\\\/culturesco.com\\\/wp-content\\\/uploads\\\/2021\\\/05\\\/AAAA-Albert-Camus4.jpg?fit=600%2C338&ssl=1\",\"datePublished\":\"2021-05-08T22:53:13+00:00\",\"dateModified\":\"2021-11-06T23:19:15+00:00\",\"description\":\"CulturesCo | Albert Camus entre r\u00e9volte et humanisme | le philosophe de l'absurde | L'\u00e9tranger | La Peste | sa rencontre avec Maria Casar\u00e8s.\",\"breadcrumb\":{\"@id\":\"https:\\\/\\\/culturesco.com\\\/index.php\\\/2021\\\/05\\\/09\\\/albert-camus-entre-revolte-et-humanisme-la-peste-l-etranger-prix-nobel-rencontre-avec-maria-casares-biographie\\\/#breadcrumb\"},\"inLanguage\":\"fr-FR\",\"potentialAction\":[{\"@type\":\"ReadAction\",\"target\":[\"https:\\\/\\\/culturesco.com\\\/index.php\\\/2021\\\/05\\\/09\\\/albert-camus-entre-revolte-et-humanisme-la-peste-l-etranger-prix-nobel-rencontre-avec-maria-casares-biographie\\\/\"]}]},{\"@type\":\"ImageObject\",\"inLanguage\":\"fr-FR\",\"@id\":\"https:\\\/\\\/culturesco.com\\\/index.php\\\/2021\\\/05\\\/09\\\/albert-camus-entre-revolte-et-humanisme-la-peste-l-etranger-prix-nobel-rencontre-avec-maria-casares-biographie\\\/#primaryimage\",\"url\":\"https:\\\/\\\/i0.wp.com\\\/culturesco.com\\\/wp-content\\\/uploads\\\/2021\\\/05\\\/AAAA-Albert-Camus4.jpg?fit=600%2C338&ssl=1\",\"contentUrl\":\"https:\\\/\\\/i0.wp.com\\\/culturesco.com\\\/wp-content\\\/uploads\\\/2021\\\/05\\\/AAAA-Albert-Camus4.jpg?fit=600%2C338&ssl=1\",\"width\":600,\"height\":338,\"caption\":\"Albert Camus\"},{\"@type\":\"BreadcrumbList\",\"@id\":\"https:\\\/\\\/culturesco.com\\\/index.php\\\/2021\\\/05\\\/09\\\/albert-camus-entre-revolte-et-humanisme-la-peste-l-etranger-prix-nobel-rencontre-avec-maria-casares-biographie\\\/#breadcrumb\",\"itemListElement\":[{\"@type\":\"ListItem\",\"position\":1,\"name\":\"Accueil\",\"item\":\"https:\\\/\\\/culturesco.com\\\/\"},{\"@type\":\"ListItem\",\"position\":2,\"name\":\"Albert Camus, entre r\u00e9volte et humanisme\"}]},{\"@type\":\"WebSite\",\"@id\":\"https:\\\/\\\/culturesco.com\\\/#website\",\"url\":\"https:\\\/\\\/culturesco.com\\\/\",\"name\":\"Culturesco\",\"description\":\"Culturesco | Un bon coup de pied dans ta Culture\",\"publisher\":{\"@id\":\"https:\\\/\\\/culturesco.com\\\/#organization\"},\"potentialAction\":[{\"@type\":\"SearchAction\",\"target\":{\"@type\":\"EntryPoint\",\"urlTemplate\":\"https:\\\/\\\/culturesco.com\\\/?s={search_term_string}\"},\"query-input\":{\"@type\":\"PropertyValueSpecification\",\"valueRequired\":true,\"valueName\":\"search_term_string\"}}],\"inLanguage\":\"fr-FR\"},{\"@type\":\"Organization\",\"@id\":\"https:\\\/\\\/culturesco.com\\\/#organization\",\"name\":\"CULTURESCO\",\"url\":\"https:\\\/\\\/culturesco.com\\\/\",\"logo\":{\"@type\":\"ImageObject\",\"inLanguage\":\"fr-FR\",\"@id\":\"https:\\\/\\\/culturesco.com\\\/#\\\/schema\\\/logo\\\/image\\\/\",\"url\":\"https:\\\/\\\/i0.wp.com\\\/culturesco.com\\\/wp-content\\\/uploads\\\/2022\\\/04\\\/culturesco-logo-blanc250p.png?fit=250%2C250&ssl=1\",\"contentUrl\":\"https:\\\/\\\/i0.wp.com\\\/culturesco.com\\\/wp-content\\\/uploads\\\/2022\\\/04\\\/culturesco-logo-blanc250p.png?fit=250%2C250&ssl=1\",\"width\":250,\"height\":250,\"caption\":\"CULTURESCO\"},\"image\":{\"@id\":\"https:\\\/\\\/culturesco.com\\\/#\\\/schema\\\/logo\\\/image\\\/\"},\"sameAs\":[\"https:\\\/\\\/www.facebook.com\\\/radioculturesco\",\"https:\\\/\\\/x.com\\\/AugusteMarshal\",\"https:\\\/\\\/www.instagram.com\\\/carotte_rock_culture\\\/\",\"https:\\\/\\\/www.pinterest.fr\\\/augustemarshal\\\/\",\"https:\\\/\\\/www.youtube.com\\\/channel\\\/UCiWLGffqWSXlNnfzp6YwwyQ\"]},{\"@type\":\"Person\",\"@id\":\"https:\\\/\\\/culturesco.com\\\/#\\\/schema\\\/person\\\/92b4537ac6a2a09eb2304e8bdd0f5919\",\"name\":\"Nic Blanchard-Thibault\",\"image\":{\"@type\":\"ImageObject\",\"inLanguage\":\"fr-FR\",\"@id\":\"https:\\\/\\\/i0.wp.com\\\/culturesco.com\\\/wp-content\\\/uploads\\\/2019\\\/01\\\/nic-blanchard-Thibault.jpg?fit=96%2C79&ssl=1\",\"url\":\"https:\\\/\\\/i0.wp.com\\\/culturesco.com\\\/wp-content\\\/uploads\\\/2019\\\/01\\\/nic-blanchard-Thibault.jpg?fit=96%2C79&ssl=1\",\"contentUrl\":\"https:\\\/\\\/i0.wp.com\\\/culturesco.com\\\/wp-content\\\/uploads\\\/2019\\\/01\\\/nic-blanchard-Thibault.jpg?fit=96%2C79&ssl=1\",\"caption\":\"Nic Blanchard-Thibault\"},\"description\":\"Auteur sur le Blog CulturesCo - Administratrice de la page Facebook Radio Culturesco et du groupe Facebook Radio Cultures and Co - Sp\u00e9cialit\u00e9s : Peinture - Litt\u00e9rature\",\"url\":\"https:\\\/\\\/culturesco.com\\\/index.php\\\/author\\\/nic-blanchard-thibault\\\/\"}]}<\/script>\n<!-- \/ Yoast SEO plugin. -->","yoast_head_json":{"title":"Albert Camus, entre r\u00e9volte et humanisme - Culturesco","description":"CulturesCo | Albert Camus entre r\u00e9volte et humanisme | le philosophe de l'absurde | L'\u00e9tranger | La Peste | sa rencontre avec Maria Casar\u00e8s.","robots":{"index":"index","follow":"follow","max-snippet":"max-snippet:-1","max-image-preview":"max-image-preview:large","max-video-preview":"max-video-preview:-1"},"canonical":"https:\/\/culturesco.com\/index.php\/2021\/05\/09\/albert-camus-entre-revolte-et-humanisme-la-peste-l-etranger-prix-nobel-rencontre-avec-maria-casares-biographie\/","og_locale":"fr_FR","og_type":"article","og_title":"Albert Camus, entre r\u00e9volte et humanisme - Culturesco","og_description":"CulturesCo | Albert Camus entre r\u00e9volte et humanisme | le philosophe de l'absurde | L'\u00e9tranger | La Peste | sa rencontre avec Maria Casar\u00e8s.","og_url":"https:\/\/culturesco.com\/index.php\/2021\/05\/09\/albert-camus-entre-revolte-et-humanisme-la-peste-l-etranger-prix-nobel-rencontre-avec-maria-casares-biographie\/","og_site_name":"Culturesco","article_publisher":"https:\/\/www.facebook.com\/radioculturesco","article_published_time":"2021-05-08T22:53:13+00:00","article_modified_time":"2021-11-06T23:19:15+00:00","og_image":[{"width":600,"height":338,"url":"https:\/\/i1.wp.com\/culturesco.com\/wp-content\/uploads\/2021\/05\/AAAA-Albert-Camus4.jpg?fit=600%2C338&ssl=1","type":"image\/jpeg"}],"author":"Nic Blanchard-Thibault","twitter_card":"summary_large_image","twitter_creator":"@AugusteMarshal","twitter_site":"@AugusteMarshal","twitter_misc":{"\u00c9crit par":"Nic Blanchard-Thibault","Dur\u00e9e de lecture estim\u00e9e":"12 minutes"},"schema":{"@context":"https:\/\/schema.org","@graph":[{"@type":"Article","@id":"https:\/\/culturesco.com\/index.php\/2021\/05\/09\/albert-camus-entre-revolte-et-humanisme-la-peste-l-etranger-prix-nobel-rencontre-avec-maria-casares-biographie\/#article","isPartOf":{"@id":"https:\/\/culturesco.com\/index.php\/2021\/05\/09\/albert-camus-entre-revolte-et-humanisme-la-peste-l-etranger-prix-nobel-rencontre-avec-maria-casares-biographie\/"},"author":{"name":"Nic Blanchard-Thibault","@id":"https:\/\/culturesco.com\/#\/schema\/person\/92b4537ac6a2a09eb2304e8bdd0f5919"},"headline":"Albert Camus, entre r\u00e9volte et humanisme","datePublished":"2021-05-08T22:53:13+00:00","dateModified":"2021-11-06T23:19:15+00:00","mainEntityOfPage":{"@id":"https:\/\/culturesco.com\/index.php\/2021\/05\/09\/albert-camus-entre-revolte-et-humanisme-la-peste-l-etranger-prix-nobel-rencontre-avec-maria-casares-biographie\/"},"wordCount":2524,"commentCount":0,"publisher":{"@id":"https:\/\/culturesco.com\/#organization"},"image":{"@id":"https:\/\/culturesco.com\/index.php\/2021\/05\/09\/albert-camus-entre-revolte-et-humanisme-la-peste-l-etranger-prix-nobel-rencontre-avec-maria-casares-biographie\/#primaryimage"},"thumbnailUrl":"https:\/\/i0.wp.com\/culturesco.com\/wp-content\/uploads\/2021\/05\/AAAA-Albert-Camus4.jpg?fit=600%2C338&ssl=1","keywords":["litt\u00e9rature"],"articleSection":["Chroniques litt\u00e9raires","Citations","Litt\u00e9rature"],"inLanguage":"fr-FR","potentialAction":[{"@type":"CommentAction","name":"Comment","target":["https:\/\/culturesco.com\/index.php\/2021\/05\/09\/albert-camus-entre-revolte-et-humanisme-la-peste-l-etranger-prix-nobel-rencontre-avec-maria-casares-biographie\/#respond"]}]},{"@type":"WebPage","@id":"https:\/\/culturesco.com\/index.php\/2021\/05\/09\/albert-camus-entre-revolte-et-humanisme-la-peste-l-etranger-prix-nobel-rencontre-avec-maria-casares-biographie\/","url":"https:\/\/culturesco.com\/index.php\/2021\/05\/09\/albert-camus-entre-revolte-et-humanisme-la-peste-l-etranger-prix-nobel-rencontre-avec-maria-casares-biographie\/","name":"Albert Camus, entre r\u00e9volte et humanisme - Culturesco","isPartOf":{"@id":"https:\/\/culturesco.com\/#website"},"primaryImageOfPage":{"@id":"https:\/\/culturesco.com\/index.php\/2021\/05\/09\/albert-camus-entre-revolte-et-humanisme-la-peste-l-etranger-prix-nobel-rencontre-avec-maria-casares-biographie\/#primaryimage"},"image":{"@id":"https:\/\/culturesco.com\/index.php\/2021\/05\/09\/albert-camus-entre-revolte-et-humanisme-la-peste-l-etranger-prix-nobel-rencontre-avec-maria-casares-biographie\/#primaryimage"},"thumbnailUrl":"https:\/\/i0.wp.com\/culturesco.com\/wp-content\/uploads\/2021\/05\/AAAA-Albert-Camus4.jpg?fit=600%2C338&ssl=1","datePublished":"2021-05-08T22:53:13+00:00","dateModified":"2021-11-06T23:19:15+00:00","description":"CulturesCo | Albert Camus entre r\u00e9volte et humanisme | le philosophe de l'absurde | L'\u00e9tranger | La Peste | sa rencontre avec Maria Casar\u00e8s.","breadcrumb":{"@id":"https:\/\/culturesco.com\/index.php\/2021\/05\/09\/albert-camus-entre-revolte-et-humanisme-la-peste-l-etranger-prix-nobel-rencontre-avec-maria-casares-biographie\/#breadcrumb"},"inLanguage":"fr-FR","potentialAction":[{"@type":"ReadAction","target":["https:\/\/culturesco.com\/index.php\/2021\/05\/09\/albert-camus-entre-revolte-et-humanisme-la-peste-l-etranger-prix-nobel-rencontre-avec-maria-casares-biographie\/"]}]},{"@type":"ImageObject","inLanguage":"fr-FR","@id":"https:\/\/culturesco.com\/index.php\/2021\/05\/09\/albert-camus-entre-revolte-et-humanisme-la-peste-l-etranger-prix-nobel-rencontre-avec-maria-casares-biographie\/#primaryimage","url":"https:\/\/i0.wp.com\/culturesco.com\/wp-content\/uploads\/2021\/05\/AAAA-Albert-Camus4.jpg?fit=600%2C338&ssl=1","contentUrl":"https:\/\/i0.wp.com\/culturesco.com\/wp-content\/uploads\/2021\/05\/AAAA-Albert-Camus4.jpg?fit=600%2C338&ssl=1","width":600,"height":338,"caption":"Albert Camus"},{"@type":"BreadcrumbList","@id":"https:\/\/culturesco.com\/index.php\/2021\/05\/09\/albert-camus-entre-revolte-et-humanisme-la-peste-l-etranger-prix-nobel-rencontre-avec-maria-casares-biographie\/#breadcrumb","itemListElement":[{"@type":"ListItem","position":1,"name":"Accueil","item":"https:\/\/culturesco.com\/"},{"@type":"ListItem","position":2,"name":"Albert Camus, entre r\u00e9volte et humanisme"}]},{"@type":"WebSite","@id":"https:\/\/culturesco.com\/#website","url":"https:\/\/culturesco.com\/","name":"Culturesco","description":"Culturesco | Un bon coup de pied dans ta Culture","publisher":{"@id":"https:\/\/culturesco.com\/#organization"},"potentialAction":[{"@type":"SearchAction","target":{"@type":"EntryPoint","urlTemplate":"https:\/\/culturesco.com\/?s={search_term_string}"},"query-input":{"@type":"PropertyValueSpecification","valueRequired":true,"valueName":"search_term_string"}}],"inLanguage":"fr-FR"},{"@type":"Organization","@id":"https:\/\/culturesco.com\/#organization","name":"CULTURESCO","url":"https:\/\/culturesco.com\/","logo":{"@type":"ImageObject","inLanguage":"fr-FR","@id":"https:\/\/culturesco.com\/#\/schema\/logo\/image\/","url":"https:\/\/i0.wp.com\/culturesco.com\/wp-content\/uploads\/2022\/04\/culturesco-logo-blanc250p.png?fit=250%2C250&ssl=1","contentUrl":"https:\/\/i0.wp.com\/culturesco.com\/wp-content\/uploads\/2022\/04\/culturesco-logo-blanc250p.png?fit=250%2C250&ssl=1","width":250,"height":250,"caption":"CULTURESCO"},"image":{"@id":"https:\/\/culturesco.com\/#\/schema\/logo\/image\/"},"sameAs":["https:\/\/www.facebook.com\/radioculturesco","https:\/\/x.com\/AugusteMarshal","https:\/\/www.instagram.com\/carotte_rock_culture\/","https:\/\/www.pinterest.fr\/augustemarshal\/","https:\/\/www.youtube.com\/channel\/UCiWLGffqWSXlNnfzp6YwwyQ"]},{"@type":"Person","@id":"https:\/\/culturesco.com\/#\/schema\/person\/92b4537ac6a2a09eb2304e8bdd0f5919","name":"Nic Blanchard-Thibault","image":{"@type":"ImageObject","inLanguage":"fr-FR","@id":"https:\/\/i0.wp.com\/culturesco.com\/wp-content\/uploads\/2019\/01\/nic-blanchard-Thibault.jpg?fit=96%2C79&ssl=1","url":"https:\/\/i0.wp.com\/culturesco.com\/wp-content\/uploads\/2019\/01\/nic-blanchard-Thibault.jpg?fit=96%2C79&ssl=1","contentUrl":"https:\/\/i0.wp.com\/culturesco.com\/wp-content\/uploads\/2019\/01\/nic-blanchard-Thibault.jpg?fit=96%2C79&ssl=1","caption":"Nic Blanchard-Thibault"},"description":"Auteur sur le Blog CulturesCo - Administratrice de la page Facebook Radio Culturesco et du groupe Facebook Radio Cultures and Co - Sp\u00e9cialit\u00e9s : Peinture - Litt\u00e9rature","url":"https:\/\/culturesco.com\/index.php\/author\/nic-blanchard-thibault\/"}]}},"jetpack_featured_media_url":"https:\/\/i0.wp.com\/culturesco.com\/wp-content\/uploads\/2021\/05\/AAAA-Albert-Camus4.jpg?fit=600%2C338&ssl=1","jetpack_likes_enabled":true,"jetpack_sharing_enabled":true,"jetpack_shortlink":"https:\/\/wp.me\/paz89I-3EY","_links":{"self":[{"href":"https:\/\/culturesco.com\/index.php\/wp-json\/wp\/v2\/posts\/14072","targetHints":{"allow":["GET"]}}],"collection":[{"href":"https:\/\/culturesco.com\/index.php\/wp-json\/wp\/v2\/posts"}],"about":[{"href":"https:\/\/culturesco.com\/index.php\/wp-json\/wp\/v2\/types\/post"}],"author":[{"embeddable":true,"href":"https:\/\/culturesco.com\/index.php\/wp-json\/wp\/v2\/users\/6"}],"replies":[{"embeddable":true,"href":"https:\/\/culturesco.com\/index.php\/wp-json\/wp\/v2\/comments?post=14072"}],"version-history":[{"count":0,"href":"https:\/\/culturesco.com\/index.php\/wp-json\/wp\/v2\/posts\/14072\/revisions"}],"wp:featuredmedia":[{"embeddable":true,"href":"https:\/\/culturesco.com\/index.php\/wp-json\/wp\/v2\/media\/14108"}],"wp:attachment":[{"href":"https:\/\/culturesco.com\/index.php\/wp-json\/wp\/v2\/media?parent=14072"}],"wp:term":[{"taxonomy":"category","embeddable":true,"href":"https:\/\/culturesco.com\/index.php\/wp-json\/wp\/v2\/categories?post=14072"},{"taxonomy":"post_tag","embeddable":true,"href":"https:\/\/culturesco.com\/index.php\/wp-json\/wp\/v2\/tags?post=14072"}],"curies":[{"name":"wp","href":"https:\/\/api.w.org\/{rel}","templated":true}]}}