{"id":13984,"date":"2021-04-13T02:14:34","date_gmt":"2021-04-13T00:14:34","guid":{"rendered":"https:\/\/culturesco.com\/?p=13984"},"modified":"2021-04-13T02:14:34","modified_gmt":"2021-04-13T00:14:34","slug":"sven-lava-pohlammer-raconte-pas-ta-vie","status":"publish","type":"post","link":"https:\/\/culturesco.com\/index.php\/2021\/04\/13\/sven-lava-pohlammer-raconte-pas-ta-vie\/","title":{"rendered":"Sven \u00ab Lava \u00bb Pohlammer &#8211; Raconte Pas Ta Vie"},"content":{"rendered":"<h2 style=\"text-align: justify\">Des Souvenirs Surprenants En Vrac<\/h2>\n<figure id=\"attachment_13985\" aria-describedby=\"caption-attachment-13985\" style=\"width: 208px\" class=\"wp-caption aligncenter\"><a href=\"https:\/\/i0.wp.com\/culturesco.com\/wp-content\/uploads\/2021\/04\/les-editions-du-joyeux-pendu-sven-lava-pohlhammer-raconte-pas-ta-vie.jpg?ssl=1\"><img data-recalc-dims=\"1\" loading=\"lazy\" decoding=\"async\" class=\"size-medium wp-image-13985\" src=\"https:\/\/i0.wp.com\/culturesco.com\/wp-content\/uploads\/2021\/04\/les-editions-du-joyeux-pendu-sven-lava-pohlhammer-raconte-pas-ta-vie.jpg?resize=208%2C300&#038;ssl=1\" alt=\"Sven &quot;Lava&quot; Pohlammer - Raconte Pas Ta Vie\" width=\"208\" height=\"300\" srcset=\"https:\/\/i0.wp.com\/culturesco.com\/wp-content\/uploads\/2021\/04\/les-editions-du-joyeux-pendu-sven-lava-pohlhammer-raconte-pas-ta-vie.jpg?resize=208%2C300&amp;ssl=1 208w, https:\/\/i0.wp.com\/culturesco.com\/wp-content\/uploads\/2021\/04\/les-editions-du-joyeux-pendu-sven-lava-pohlhammer-raconte-pas-ta-vie.jpg?resize=435%2C627&amp;ssl=1 435w, https:\/\/i0.wp.com\/culturesco.com\/wp-content\/uploads\/2021\/04\/les-editions-du-joyeux-pendu-sven-lava-pohlhammer-raconte-pas-ta-vie.jpg?resize=768%2C1107&amp;ssl=1 768w, https:\/\/i0.wp.com\/culturesco.com\/wp-content\/uploads\/2021\/04\/les-editions-du-joyeux-pendu-sven-lava-pohlhammer-raconte-pas-ta-vie.jpg?resize=1066%2C1536&amp;ssl=1 1066w, https:\/\/i0.wp.com\/culturesco.com\/wp-content\/uploads\/2021\/04\/les-editions-du-joyeux-pendu-sven-lava-pohlhammer-raconte-pas-ta-vie.jpg?resize=1421%2C2048&amp;ssl=1 1421w, https:\/\/i0.wp.com\/culturesco.com\/wp-content\/uploads\/2021\/04\/les-editions-du-joyeux-pendu-sven-lava-pohlhammer-raconte-pas-ta-vie.jpg?resize=696%2C1003&amp;ssl=1 696w, https:\/\/i0.wp.com\/culturesco.com\/wp-content\/uploads\/2021\/04\/les-editions-du-joyeux-pendu-sven-lava-pohlhammer-raconte-pas-ta-vie.jpg?resize=1068%2C1539&amp;ssl=1 1068w, https:\/\/i0.wp.com\/culturesco.com\/wp-content\/uploads\/2021\/04\/les-editions-du-joyeux-pendu-sven-lava-pohlhammer-raconte-pas-ta-vie.jpg?resize=291%2C420&amp;ssl=1 291w, https:\/\/i0.wp.com\/culturesco.com\/wp-content\/uploads\/2021\/04\/les-editions-du-joyeux-pendu-sven-lava-pohlhammer-raconte-pas-ta-vie.jpg?resize=600%2C865&amp;ssl=1 600w, https:\/\/i0.wp.com\/culturesco.com\/wp-content\/uploads\/2021\/04\/les-editions-du-joyeux-pendu-sven-lava-pohlhammer-raconte-pas-ta-vie.jpg?w=416&amp;ssl=1 416w\" sizes=\"auto, (max-width: 208px) 100vw, 208px\" \/><\/a><figcaption id=\"caption-attachment-13985\" class=\"wp-caption-text\">Sven \u00ab\u00a0Lava\u00a0\u00bb Pohlammer &#8211; Raconte Pas Ta Vie<\/figcaption><\/figure>\n<h3 style=\"text-align: justify\">De La Sueur, Du Sang, Des Larmes, En Musique<\/h3>\n<p style=\"text-align: justify\"><strong>Il est n\u00e9 au Chili<\/strong> mais il fait partie de ces hommes du monde. Ceux qui n\u2019ont pas de fronti\u00e8res, \u00e0 peine coinc\u00e9 entre ce pays, la France, l\u2019Espagne et bien ailleurs.<\/p>\n<p style=\"text-align: justify\">Au moment o\u00f9 <strong>Sven \u00ab\u00a0Lava\u00a0\u00bb Pohlammer<\/strong> r\u00e9digeait l\u2019histoire de sa vie, celle-ci s\u2019est <strong>achev\u00e9e en 2017<\/strong>, alors qu\u2019il n\u2019en \u00e9tait qu\u2019\u00e0 peine \u00e0 la moiti\u00e9 de ce qu\u2019il a pu fournir depuis sa jeunesse.<\/p>\n<p style=\"text-align: justify\">Et dieu sait qu\u2019elle fut riche cette vie, v\u00e9cu \u00e0 fond la caisse, m\u00eame pendant sa tendre jeunesse. Juste un exemple\u00a0: <strong>il a assist\u00e9 au coup d\u2019\u00e9tat au Chili en 1971<\/strong>, \u00e0 peine adolescent, avec l\u2019av\u00e8nement de l\u2019ignoble dictateur (pl\u00e9onasme) Pinochet gr\u00e2ce aux Etats-Unis.<\/p>\n<h3><em>Parabellum &#8211; Cayenne (Mot aux Vaches)\u00a0<\/em><\/h3>\n<div class=\"youtube-embed\" data-video_id=\"stHRnMQt_fw\"><iframe loading=\"lazy\" title=\"Parabellum - Cayenne (Mort aux vaches) Officiel - avec paroles\" width=\"696\" height=\"522\" src=\"https:\/\/www.youtube.com\/embed\/stHRnMQt_fw?start=67\" frameborder=\"0\" allow=\"accelerometer; autoplay; clipboard-write; encrypted-media; gyroscope; picture-in-picture; web-share\" referrerpolicy=\"strict-origin-when-cross-origin\" allowfullscreen><\/iframe><\/div>\n<p>&nbsp;<\/p>\n<p style=\"text-align: justify\">Des anecdotes, il en avait des tonnes \u00e0 raconter. Il n\u2019en a pas eu le temps. Mais il y en a suffisamment pour \u00eatre plong\u00e9 dans son v\u00e9cu, tout au moins ce dont il se souvient et qu\u2019il a laiss\u00e9 comme souvenirs ind\u00e9l\u00e9biles. D\u2019ailleurs il n\u2019en parle pas comme si tout \u00e9tait fini puisqu\u2019il \u00e9tait encore en pleine possession de ses moyens quand il a commenc\u00e9 \u00e0 r\u00e9diger, au feeling, son histoire, ses rencontres, bonnes ou mauvaises mais jamais neutres.<\/p>\n<h3><em>Flor Del Fango &#8211; Luchar y Luchar<\/em><\/h3>\n<div class=\"youtube-embed\" data-video_id=\"k1xevE1CZ54\"><iframe loading=\"lazy\" title=\"Luchar y Luchar\" width=\"696\" height=\"522\" src=\"https:\/\/www.youtube.com\/embed\/k1xevE1CZ54?list=OLAK5uy_lINTq1-XK4PakhKBBKP9rooQjyPpLGVpY\" frameborder=\"0\" allow=\"accelerometer; autoplay; clipboard-write; encrypted-media; gyroscope; picture-in-picture; web-share\" referrerpolicy=\"strict-origin-when-cross-origin\" allowfullscreen><\/iframe><\/div>\n<p>&nbsp;<\/p>\n<p style=\"text-align: justify\"><strong>Sven<\/strong>, musicalement, on le retrouve dans des groupes discrets pour ne pas dire inconnus, mais il fut surtout incontournable avec <strong>Parabellum<\/strong>, <strong>Flor Del Fango<\/strong> et plus r\u00e9cemment <strong>Le Bal Des Enrag\u00e9s<\/strong>, ce combo d\u00e9mentiel qui fait encore tourner les t\u00eates (quand elles le pourront) des amateurs de punk et de pogo.<\/p>\n<h3><em>Le Bal Des Enrag\u00e9s &#8211; Vive Le Feu (Live)<\/em><\/h3>\n<div class=\"youtube-embed\" data-video_id=\"m_Cq6QViHZE\"><iframe loading=\"lazy\" title=\"Le Bal Des Enrag\u00e9s - Vive le feu\" width=\"696\" height=\"392\" src=\"https:\/\/www.youtube.com\/embed\/m_Cq6QViHZE\" frameborder=\"0\" allow=\"accelerometer; autoplay; clipboard-write; encrypted-media; gyroscope; picture-in-picture; web-share\" referrerpolicy=\"strict-origin-when-cross-origin\" allowfullscreen><\/iframe><\/div>\n<p>&nbsp;<\/p>\n<p style=\"text-align: justify\">Gr\u00e2ce \u00e0 sa femme, <strong>Marucha Castillo<\/strong>, ces 150 pages trop courtes, h\u00e9las, sont un tr\u00e9sor de rage, de rebellion, de douceur et d\u2019exaltation.<\/p>\n<p style=\"text-align: justify\"><strong>Sven \u00ab\u00a0Lava\u00a0\u00bb Pohlammer &#8211; Raconte Pas Ta Vie<\/strong><\/p>\n<p style=\"text-align: justify\">Les Editions du Joyeux Pendu \u2013 148 pages \u2013 18\u20ac<\/p>\n<p style=\"text-align: justify\"><strong>Patrick B\u00e9nard<\/strong><\/p>\n","protected":false},"excerpt":{"rendered":"<p>Des Souvenirs Surprenants En Vrac De La Sueur, Du Sang, Des Larmes, En Musique Il est n\u00e9 au Chili mais il fait partie de ces hommes du monde. Ceux qui n\u2019ont pas de fronti\u00e8res, \u00e0 peine coinc\u00e9 entre ce pays, la France, l\u2019Espagne et bien ailleurs. Au moment o\u00f9 Sven \u00ab\u00a0Lava\u00a0\u00bb Pohlammer r\u00e9digeait l\u2019histoire de [&hellip;]<\/p>\n","protected":false},"author":4,"featured_media":13985,"comment_status":"open","ping_status":"open","sticky":false,"template":"","format":"image","meta":{"jetpack_post_was_ever_published":false,"tdm_status":"","tdm_grid_status":"","_jetpack_newsletter_access":"","_jetpack_dont_email_post_to_subs":false,"_jetpack_newsletter_tier_id":0,"_jetpack_memberships_contains_paywalled_content":false,"_jetpack_memberships_contains_paid_content":false,"footnotes":""},"categories":[17,27,66],"tags":[],"class_list":{"0":"post-13984","1":"post","2":"type-post","3":"status-publish","4":"format-image","5":"has-post-thumbnail","7":"category-carotte-rock-cultures","8":"category-litterature","9":"category-livre-rock","10":"post_format-post-format-image"},"yoast_head":"<!-- This site is optimized with the Yoast SEO plugin v27.5 - https:\/\/yoast.com\/product\/yoast-seo-wordpress\/ -->\n<title>Sven \u00ab Lava \u00bb Pohlammer - Raconte Pas Ta Vie - Culturesco<\/title>\n<meta name=\"description\" content=\"CulturesCo | Un bon coup de pied dans ta Culture | Chroniques et histoire du Rock, chanson fran\u00e7aise, litt\u00e9rature, cin\u00e9ma et bande dessin\u00e9e.\" \/>\n<meta name=\"robots\" content=\"index, follow, max-snippet:-1, max-image-preview:large, max-video-preview:-1\" \/>\n<link rel=\"canonical\" href=\"https:\/\/culturesco.com\/index.php\/2021\/04\/13\/sven-lava-pohlammer-raconte-pas-ta-vie\/\" \/>\n<meta property=\"og:locale\" content=\"fr_FR\" \/>\n<meta property=\"og:type\" content=\"article\" \/>\n<meta property=\"og:title\" content=\"Sven \u00ab Lava \u00bb Pohlammer - Raconte Pas Ta Vie - Culturesco\" \/>\n<meta property=\"og:description\" content=\"CulturesCo | Un bon coup de pied dans ta Culture | Chroniques et histoire du Rock, chanson fran\u00e7aise, litt\u00e9rature, cin\u00e9ma et bande dessin\u00e9e.\" \/>\n<meta property=\"og:url\" content=\"https:\/\/culturesco.com\/index.php\/2021\/04\/13\/sven-lava-pohlammer-raconte-pas-ta-vie\/\" \/>\n<meta property=\"og:site_name\" content=\"Culturesco\" \/>\n<meta property=\"article:publisher\" content=\"https:\/\/www.facebook.com\/radioculturesco\" \/>\n<meta property=\"article:published_time\" content=\"2021-04-13T00:14:34+00:00\" \/>\n<meta property=\"og:image\" content=\"https:\/\/i2.wp.com\/culturesco.com\/wp-content\/uploads\/2021\/04\/les-editions-du-joyeux-pendu-sven-lava-pohlhammer-raconte-pas-ta-vie.jpg?fit=416%2C600&ssl=1\" \/>\n\t<meta property=\"og:image:width\" content=\"416\" \/>\n\t<meta property=\"og:image:height\" content=\"600\" \/>\n\t<meta property=\"og:image:type\" content=\"image\/jpeg\" \/>\n<meta name=\"author\" content=\"Patrick Benard\" \/>\n<meta name=\"twitter:card\" content=\"summary_large_image\" \/>\n<meta name=\"twitter:creator\" content=\"@AugusteMarshal\" \/>\n<meta name=\"twitter:site\" content=\"@AugusteMarshal\" \/>\n<meta name=\"twitter:label1\" content=\"\u00c9crit par\" \/>\n\t<meta name=\"twitter:data1\" content=\"Patrick Benard\" \/>\n\t<meta name=\"twitter:label2\" content=\"Dur\u00e9e de lecture estim\u00e9e\" \/>\n\t<meta name=\"twitter:data2\" content=\"2 minutes\" \/>\n<script type=\"application\/ld+json\" class=\"yoast-schema-graph\">{\"@context\":\"https:\\\/\\\/schema.org\",\"@graph\":[{\"@type\":\"Article\",\"@id\":\"https:\\\/\\\/culturesco.com\\\/index.php\\\/2021\\\/04\\\/13\\\/sven-lava-pohlammer-raconte-pas-ta-vie\\\/#article\",\"isPartOf\":{\"@id\":\"https:\\\/\\\/culturesco.com\\\/index.php\\\/2021\\\/04\\\/13\\\/sven-lava-pohlammer-raconte-pas-ta-vie\\\/\"},\"author\":{\"name\":\"Patrick Benard\",\"@id\":\"https:\\\/\\\/culturesco.com\\\/#\\\/schema\\\/person\\\/c2ddd6724863f3bbd20a8278df0891f3\"},\"headline\":\"Sven \u00ab Lava \u00bb Pohlammer &#8211; Raconte Pas Ta Vie\",\"datePublished\":\"2021-04-13T00:14:34+00:00\",\"mainEntityOfPage\":{\"@id\":\"https:\\\/\\\/culturesco.com\\\/index.php\\\/2021\\\/04\\\/13\\\/sven-lava-pohlammer-raconte-pas-ta-vie\\\/\"},\"wordCount\":410,\"commentCount\":0,\"publisher\":{\"@id\":\"https:\\\/\\\/culturesco.com\\\/#organization\"},\"image\":{\"@id\":\"https:\\\/\\\/culturesco.com\\\/index.php\\\/2021\\\/04\\\/13\\\/sven-lava-pohlammer-raconte-pas-ta-vie\\\/#primaryimage\"},\"thumbnailUrl\":\"https:\\\/\\\/i0.wp.com\\\/culturesco.com\\\/wp-content\\\/uploads\\\/2021\\\/04\\\/les-editions-du-joyeux-pendu-sven-lava-pohlhammer-raconte-pas-ta-vie.jpg?fit=416%2C600&ssl=1\",\"articleSection\":[\"Carotte Rock Cultures\",\"Litt\u00e9rature\",\"Livre Rock\"],\"inLanguage\":\"fr-FR\",\"potentialAction\":[{\"@type\":\"CommentAction\",\"name\":\"Comment\",\"target\":[\"https:\\\/\\\/culturesco.com\\\/index.php\\\/2021\\\/04\\\/13\\\/sven-lava-pohlammer-raconte-pas-ta-vie\\\/#respond\"]}]},{\"@type\":\"WebPage\",\"@id\":\"https:\\\/\\\/culturesco.com\\\/index.php\\\/2021\\\/04\\\/13\\\/sven-lava-pohlammer-raconte-pas-ta-vie\\\/\",\"url\":\"https:\\\/\\\/culturesco.com\\\/index.php\\\/2021\\\/04\\\/13\\\/sven-lava-pohlammer-raconte-pas-ta-vie\\\/\",\"name\":\"Sven \u00ab Lava \u00bb Pohlammer - Raconte Pas Ta Vie - Culturesco\",\"isPartOf\":{\"@id\":\"https:\\\/\\\/culturesco.com\\\/#website\"},\"primaryImageOfPage\":{\"@id\":\"https:\\\/\\\/culturesco.com\\\/index.php\\\/2021\\\/04\\\/13\\\/sven-lava-pohlammer-raconte-pas-ta-vie\\\/#primaryimage\"},\"image\":{\"@id\":\"https:\\\/\\\/culturesco.com\\\/index.php\\\/2021\\\/04\\\/13\\\/sven-lava-pohlammer-raconte-pas-ta-vie\\\/#primaryimage\"},\"thumbnailUrl\":\"https:\\\/\\\/i0.wp.com\\\/culturesco.com\\\/wp-content\\\/uploads\\\/2021\\\/04\\\/les-editions-du-joyeux-pendu-sven-lava-pohlhammer-raconte-pas-ta-vie.jpg?fit=416%2C600&ssl=1\",\"datePublished\":\"2021-04-13T00:14:34+00:00\",\"description\":\"CulturesCo | Un bon coup de pied dans ta Culture | Chroniques et histoire du Rock, chanson fran\u00e7aise, litt\u00e9rature, cin\u00e9ma et bande dessin\u00e9e.\",\"breadcrumb\":{\"@id\":\"https:\\\/\\\/culturesco.com\\\/index.php\\\/2021\\\/04\\\/13\\\/sven-lava-pohlammer-raconte-pas-ta-vie\\\/#breadcrumb\"},\"inLanguage\":\"fr-FR\",\"potentialAction\":[{\"@type\":\"ReadAction\",\"target\":[\"https:\\\/\\\/culturesco.com\\\/index.php\\\/2021\\\/04\\\/13\\\/sven-lava-pohlammer-raconte-pas-ta-vie\\\/\"]}]},{\"@type\":\"ImageObject\",\"inLanguage\":\"fr-FR\",\"@id\":\"https:\\\/\\\/culturesco.com\\\/index.php\\\/2021\\\/04\\\/13\\\/sven-lava-pohlammer-raconte-pas-ta-vie\\\/#primaryimage\",\"url\":\"https:\\\/\\\/i0.wp.com\\\/culturesco.com\\\/wp-content\\\/uploads\\\/2021\\\/04\\\/les-editions-du-joyeux-pendu-sven-lava-pohlhammer-raconte-pas-ta-vie.jpg?fit=416%2C600&ssl=1\",\"contentUrl\":\"https:\\\/\\\/i0.wp.com\\\/culturesco.com\\\/wp-content\\\/uploads\\\/2021\\\/04\\\/les-editions-du-joyeux-pendu-sven-lava-pohlhammer-raconte-pas-ta-vie.jpg?fit=416%2C600&ssl=1\",\"width\":416,\"height\":600,\"caption\":\"Sven \\\"Lava\\\" Pohlammer - Raconte Pas Ta Vie\"},{\"@type\":\"BreadcrumbList\",\"@id\":\"https:\\\/\\\/culturesco.com\\\/index.php\\\/2021\\\/04\\\/13\\\/sven-lava-pohlammer-raconte-pas-ta-vie\\\/#breadcrumb\",\"itemListElement\":[{\"@type\":\"ListItem\",\"position\":1,\"name\":\"Accueil\",\"item\":\"https:\\\/\\\/culturesco.com\\\/\"},{\"@type\":\"ListItem\",\"position\":2,\"name\":\"Sven \u00ab Lava \u00bb Pohlammer &#8211; Raconte Pas Ta Vie\"}]},{\"@type\":\"WebSite\",\"@id\":\"https:\\\/\\\/culturesco.com\\\/#website\",\"url\":\"https:\\\/\\\/culturesco.com\\\/\",\"name\":\"Culturesco\",\"description\":\"Culturesco | Un bon coup de pied dans ta Culture\",\"publisher\":{\"@id\":\"https:\\\/\\\/culturesco.com\\\/#organization\"},\"potentialAction\":[{\"@type\":\"SearchAction\",\"target\":{\"@type\":\"EntryPoint\",\"urlTemplate\":\"https:\\\/\\\/culturesco.com\\\/?s={search_term_string}\"},\"query-input\":{\"@type\":\"PropertyValueSpecification\",\"valueRequired\":true,\"valueName\":\"search_term_string\"}}],\"inLanguage\":\"fr-FR\"},{\"@type\":\"Organization\",\"@id\":\"https:\\\/\\\/culturesco.com\\\/#organization\",\"name\":\"CULTURESCO\",\"url\":\"https:\\\/\\\/culturesco.com\\\/\",\"logo\":{\"@type\":\"ImageObject\",\"inLanguage\":\"fr-FR\",\"@id\":\"https:\\\/\\\/culturesco.com\\\/#\\\/schema\\\/logo\\\/image\\\/\",\"url\":\"https:\\\/\\\/i0.wp.com\\\/culturesco.com\\\/wp-content\\\/uploads\\\/2022\\\/04\\\/culturesco-logo-blanc250p.png?fit=250%2C250&ssl=1\",\"contentUrl\":\"https:\\\/\\\/i0.wp.com\\\/culturesco.com\\\/wp-content\\\/uploads\\\/2022\\\/04\\\/culturesco-logo-blanc250p.png?fit=250%2C250&ssl=1\",\"width\":250,\"height\":250,\"caption\":\"CULTURESCO\"},\"image\":{\"@id\":\"https:\\\/\\\/culturesco.com\\\/#\\\/schema\\\/logo\\\/image\\\/\"},\"sameAs\":[\"https:\\\/\\\/www.facebook.com\\\/radioculturesco\",\"https:\\\/\\\/x.com\\\/AugusteMarshal\",\"https:\\\/\\\/www.instagram.com\\\/carotte_rock_culture\\\/\",\"https:\\\/\\\/www.pinterest.fr\\\/augustemarshal\\\/\",\"https:\\\/\\\/www.youtube.com\\\/channel\\\/UCiWLGffqWSXlNnfzp6YwwyQ\"]},{\"@type\":\"Person\",\"@id\":\"https:\\\/\\\/culturesco.com\\\/#\\\/schema\\\/person\\\/c2ddd6724863f3bbd20a8278df0891f3\",\"name\":\"Patrick Benard\",\"image\":{\"@type\":\"ImageObject\",\"inLanguage\":\"fr-FR\",\"@id\":\"https:\\\/\\\/i0.wp.com\\\/culturesco.com\\\/wp-content\\\/uploads\\\/2019\\\/02\\\/patrick-benard-2.jpg?fit=90%2C96&ssl=1\",\"url\":\"https:\\\/\\\/i0.wp.com\\\/culturesco.com\\\/wp-content\\\/uploads\\\/2019\\\/02\\\/patrick-benard-2.jpg?fit=90%2C96&ssl=1\",\"contentUrl\":\"https:\\\/\\\/i0.wp.com\\\/culturesco.com\\\/wp-content\\\/uploads\\\/2019\\\/02\\\/patrick-benard-2.jpg?fit=90%2C96&ssl=1\",\"caption\":\"Patrick Benard\"},\"description\":\"Ecrivain, chroniqueur, animateur radio, cr\u00e9ateur de la revue \u00ab Cin\u00e9manie \u00bb, autour du cin\u00e9ma dit d\u2019art et d\u2019essai, sp\u00e9cialiste du groupe The Cure, archiviste... 2020 : \\\"Le Post Rock\\\" essai sur le post rock de Mogwa\u00ef \u00e0 Godspeed You Black Emperor - Camion Blanc 2014 : \u00ab On the rocks \u2013le rock de 2007 \u00e0 2014 \u00bb chroniques livres et cd rocks, interviews \u2013Editions Vaillant 2010 : \u00ab Dans la T\u00eate de Robert Smith \u00bb, roman fiction autour de l\u2019histoire des Cure et de Robert Smith \u2013 Edilivres 2007 : \u00ab Chroniques Fr\u00e9n\u00e9tiques, une histoire intime du rock \u00bb, roman, prix Technikart. 2001 : \u00ab Les Iles du D\u00e9sert \u00bb, polar autour du rock \u2013 Editions Nykta\",\"url\":\"https:\\\/\\\/culturesco.com\\\/index.php\\\/author\\\/patrick-benard89\\\/\"}]}<\/script>\n<!-- \/ Yoast SEO plugin. -->","yoast_head_json":{"title":"Sven \u00ab Lava \u00bb Pohlammer - Raconte Pas Ta Vie - Culturesco","description":"CulturesCo | Un bon coup de pied dans ta Culture | Chroniques et histoire du Rock, chanson fran\u00e7aise, litt\u00e9rature, cin\u00e9ma et bande dessin\u00e9e.","robots":{"index":"index","follow":"follow","max-snippet":"max-snippet:-1","max-image-preview":"max-image-preview:large","max-video-preview":"max-video-preview:-1"},"canonical":"https:\/\/culturesco.com\/index.php\/2021\/04\/13\/sven-lava-pohlammer-raconte-pas-ta-vie\/","og_locale":"fr_FR","og_type":"article","og_title":"Sven \u00ab Lava \u00bb Pohlammer - Raconte Pas Ta Vie - Culturesco","og_description":"CulturesCo | Un bon coup de pied dans ta Culture | Chroniques et histoire du Rock, chanson fran\u00e7aise, litt\u00e9rature, cin\u00e9ma et bande dessin\u00e9e.","og_url":"https:\/\/culturesco.com\/index.php\/2021\/04\/13\/sven-lava-pohlammer-raconte-pas-ta-vie\/","og_site_name":"Culturesco","article_publisher":"https:\/\/www.facebook.com\/radioculturesco","article_published_time":"2021-04-13T00:14:34+00:00","og_image":[{"width":416,"height":600,"url":"https:\/\/i2.wp.com\/culturesco.com\/wp-content\/uploads\/2021\/04\/les-editions-du-joyeux-pendu-sven-lava-pohlhammer-raconte-pas-ta-vie.jpg?fit=416%2C600&ssl=1","type":"image\/jpeg"}],"author":"Patrick Benard","twitter_card":"summary_large_image","twitter_creator":"@AugusteMarshal","twitter_site":"@AugusteMarshal","twitter_misc":{"\u00c9crit par":"Patrick Benard","Dur\u00e9e de lecture estim\u00e9e":"2 minutes"},"schema":{"@context":"https:\/\/schema.org","@graph":[{"@type":"Article","@id":"https:\/\/culturesco.com\/index.php\/2021\/04\/13\/sven-lava-pohlammer-raconte-pas-ta-vie\/#article","isPartOf":{"@id":"https:\/\/culturesco.com\/index.php\/2021\/04\/13\/sven-lava-pohlammer-raconte-pas-ta-vie\/"},"author":{"name":"Patrick Benard","@id":"https:\/\/culturesco.com\/#\/schema\/person\/c2ddd6724863f3bbd20a8278df0891f3"},"headline":"Sven \u00ab Lava \u00bb Pohlammer &#8211; Raconte Pas Ta Vie","datePublished":"2021-04-13T00:14:34+00:00","mainEntityOfPage":{"@id":"https:\/\/culturesco.com\/index.php\/2021\/04\/13\/sven-lava-pohlammer-raconte-pas-ta-vie\/"},"wordCount":410,"commentCount":0,"publisher":{"@id":"https:\/\/culturesco.com\/#organization"},"image":{"@id":"https:\/\/culturesco.com\/index.php\/2021\/04\/13\/sven-lava-pohlammer-raconte-pas-ta-vie\/#primaryimage"},"thumbnailUrl":"https:\/\/i0.wp.com\/culturesco.com\/wp-content\/uploads\/2021\/04\/les-editions-du-joyeux-pendu-sven-lava-pohlhammer-raconte-pas-ta-vie.jpg?fit=416%2C600&ssl=1","articleSection":["Carotte Rock Cultures","Litt\u00e9rature","Livre Rock"],"inLanguage":"fr-FR","potentialAction":[{"@type":"CommentAction","name":"Comment","target":["https:\/\/culturesco.com\/index.php\/2021\/04\/13\/sven-lava-pohlammer-raconte-pas-ta-vie\/#respond"]}]},{"@type":"WebPage","@id":"https:\/\/culturesco.com\/index.php\/2021\/04\/13\/sven-lava-pohlammer-raconte-pas-ta-vie\/","url":"https:\/\/culturesco.com\/index.php\/2021\/04\/13\/sven-lava-pohlammer-raconte-pas-ta-vie\/","name":"Sven \u00ab Lava \u00bb Pohlammer - Raconte Pas Ta Vie - Culturesco","isPartOf":{"@id":"https:\/\/culturesco.com\/#website"},"primaryImageOfPage":{"@id":"https:\/\/culturesco.com\/index.php\/2021\/04\/13\/sven-lava-pohlammer-raconte-pas-ta-vie\/#primaryimage"},"image":{"@id":"https:\/\/culturesco.com\/index.php\/2021\/04\/13\/sven-lava-pohlammer-raconte-pas-ta-vie\/#primaryimage"},"thumbnailUrl":"https:\/\/i0.wp.com\/culturesco.com\/wp-content\/uploads\/2021\/04\/les-editions-du-joyeux-pendu-sven-lava-pohlhammer-raconte-pas-ta-vie.jpg?fit=416%2C600&ssl=1","datePublished":"2021-04-13T00:14:34+00:00","description":"CulturesCo | Un bon coup de pied dans ta Culture | Chroniques et histoire du Rock, chanson fran\u00e7aise, litt\u00e9rature, cin\u00e9ma et bande dessin\u00e9e.","breadcrumb":{"@id":"https:\/\/culturesco.com\/index.php\/2021\/04\/13\/sven-lava-pohlammer-raconte-pas-ta-vie\/#breadcrumb"},"inLanguage":"fr-FR","potentialAction":[{"@type":"ReadAction","target":["https:\/\/culturesco.com\/index.php\/2021\/04\/13\/sven-lava-pohlammer-raconte-pas-ta-vie\/"]}]},{"@type":"ImageObject","inLanguage":"fr-FR","@id":"https:\/\/culturesco.com\/index.php\/2021\/04\/13\/sven-lava-pohlammer-raconte-pas-ta-vie\/#primaryimage","url":"https:\/\/i0.wp.com\/culturesco.com\/wp-content\/uploads\/2021\/04\/les-editions-du-joyeux-pendu-sven-lava-pohlhammer-raconte-pas-ta-vie.jpg?fit=416%2C600&ssl=1","contentUrl":"https:\/\/i0.wp.com\/culturesco.com\/wp-content\/uploads\/2021\/04\/les-editions-du-joyeux-pendu-sven-lava-pohlhammer-raconte-pas-ta-vie.jpg?fit=416%2C600&ssl=1","width":416,"height":600,"caption":"Sven \"Lava\" Pohlammer - Raconte Pas Ta Vie"},{"@type":"BreadcrumbList","@id":"https:\/\/culturesco.com\/index.php\/2021\/04\/13\/sven-lava-pohlammer-raconte-pas-ta-vie\/#breadcrumb","itemListElement":[{"@type":"ListItem","position":1,"name":"Accueil","item":"https:\/\/culturesco.com\/"},{"@type":"ListItem","position":2,"name":"Sven \u00ab Lava \u00bb Pohlammer &#8211; Raconte Pas Ta Vie"}]},{"@type":"WebSite","@id":"https:\/\/culturesco.com\/#website","url":"https:\/\/culturesco.com\/","name":"Culturesco","description":"Culturesco | Un bon coup de pied dans ta Culture","publisher":{"@id":"https:\/\/culturesco.com\/#organization"},"potentialAction":[{"@type":"SearchAction","target":{"@type":"EntryPoint","urlTemplate":"https:\/\/culturesco.com\/?s={search_term_string}"},"query-input":{"@type":"PropertyValueSpecification","valueRequired":true,"valueName":"search_term_string"}}],"inLanguage":"fr-FR"},{"@type":"Organization","@id":"https:\/\/culturesco.com\/#organization","name":"CULTURESCO","url":"https:\/\/culturesco.com\/","logo":{"@type":"ImageObject","inLanguage":"fr-FR","@id":"https:\/\/culturesco.com\/#\/schema\/logo\/image\/","url":"https:\/\/i0.wp.com\/culturesco.com\/wp-content\/uploads\/2022\/04\/culturesco-logo-blanc250p.png?fit=250%2C250&ssl=1","contentUrl":"https:\/\/i0.wp.com\/culturesco.com\/wp-content\/uploads\/2022\/04\/culturesco-logo-blanc250p.png?fit=250%2C250&ssl=1","width":250,"height":250,"caption":"CULTURESCO"},"image":{"@id":"https:\/\/culturesco.com\/#\/schema\/logo\/image\/"},"sameAs":["https:\/\/www.facebook.com\/radioculturesco","https:\/\/x.com\/AugusteMarshal","https:\/\/www.instagram.com\/carotte_rock_culture\/","https:\/\/www.pinterest.fr\/augustemarshal\/","https:\/\/www.youtube.com\/channel\/UCiWLGffqWSXlNnfzp6YwwyQ"]},{"@type":"Person","@id":"https:\/\/culturesco.com\/#\/schema\/person\/c2ddd6724863f3bbd20a8278df0891f3","name":"Patrick Benard","image":{"@type":"ImageObject","inLanguage":"fr-FR","@id":"https:\/\/i0.wp.com\/culturesco.com\/wp-content\/uploads\/2019\/02\/patrick-benard-2.jpg?fit=90%2C96&ssl=1","url":"https:\/\/i0.wp.com\/culturesco.com\/wp-content\/uploads\/2019\/02\/patrick-benard-2.jpg?fit=90%2C96&ssl=1","contentUrl":"https:\/\/i0.wp.com\/culturesco.com\/wp-content\/uploads\/2019\/02\/patrick-benard-2.jpg?fit=90%2C96&ssl=1","caption":"Patrick Benard"},"description":"Ecrivain, chroniqueur, animateur radio, cr\u00e9ateur de la revue \u00ab Cin\u00e9manie \u00bb, autour du cin\u00e9ma dit d\u2019art et d\u2019essai, sp\u00e9cialiste du groupe The Cure, archiviste... 2020 : \"Le Post Rock\" essai sur le post rock de Mogwa\u00ef \u00e0 Godspeed You Black Emperor - Camion Blanc 2014 : \u00ab On the rocks \u2013le rock de 2007 \u00e0 2014 \u00bb chroniques livres et cd rocks, interviews \u2013Editions Vaillant 2010 : \u00ab Dans la T\u00eate de Robert Smith \u00bb, roman fiction autour de l\u2019histoire des Cure et de Robert Smith \u2013 Edilivres 2007 : \u00ab Chroniques Fr\u00e9n\u00e9tiques, une histoire intime du rock \u00bb, roman, prix Technikart. 2001 : \u00ab Les Iles du D\u00e9sert \u00bb, polar autour du rock \u2013 Editions Nykta","url":"https:\/\/culturesco.com\/index.php\/author\/patrick-benard89\/"}]}},"jetpack_featured_media_url":"https:\/\/i0.wp.com\/culturesco.com\/wp-content\/uploads\/2021\/04\/les-editions-du-joyeux-pendu-sven-lava-pohlhammer-raconte-pas-ta-vie.jpg?fit=416%2C600&ssl=1","jetpack_likes_enabled":true,"jetpack_sharing_enabled":true,"jetpack_shortlink":"https:\/\/wp.me\/paz89I-3Dy","_links":{"self":[{"href":"https:\/\/culturesco.com\/index.php\/wp-json\/wp\/v2\/posts\/13984","targetHints":{"allow":["GET"]}}],"collection":[{"href":"https:\/\/culturesco.com\/index.php\/wp-json\/wp\/v2\/posts"}],"about":[{"href":"https:\/\/culturesco.com\/index.php\/wp-json\/wp\/v2\/types\/post"}],"author":[{"embeddable":true,"href":"https:\/\/culturesco.com\/index.php\/wp-json\/wp\/v2\/users\/4"}],"replies":[{"embeddable":true,"href":"https:\/\/culturesco.com\/index.php\/wp-json\/wp\/v2\/comments?post=13984"}],"version-history":[{"count":0,"href":"https:\/\/culturesco.com\/index.php\/wp-json\/wp\/v2\/posts\/13984\/revisions"}],"wp:featuredmedia":[{"embeddable":true,"href":"https:\/\/culturesco.com\/index.php\/wp-json\/wp\/v2\/media\/13985"}],"wp:attachment":[{"href":"https:\/\/culturesco.com\/index.php\/wp-json\/wp\/v2\/media?parent=13984"}],"wp:term":[{"taxonomy":"category","embeddable":true,"href":"https:\/\/culturesco.com\/index.php\/wp-json\/wp\/v2\/categories?post=13984"},{"taxonomy":"post_tag","embeddable":true,"href":"https:\/\/culturesco.com\/index.php\/wp-json\/wp\/v2\/tags?post=13984"}],"curies":[{"name":"wp","href":"https:\/\/api.w.org\/{rel}","templated":true}]}}