{"id":1396,"date":"2018-12-08T07:20:42","date_gmt":"2018-12-08T06:20:42","guid":{"rendered":"https:\/\/culturesco.com\/?p=1396"},"modified":"2018-12-10T09:23:20","modified_gmt":"2018-12-10T08:23:20","slug":"un-trio-audacieux-le-groupe-lyonnais-ubikar","status":"publish","type":"post","link":"https:\/\/culturesco.com\/index.php\/2018\/12\/08\/un-trio-audacieux-le-groupe-lyonnais-ubikar\/","title":{"rendered":"Un trio audacieux &#8211; UBIKAR"},"content":{"rendered":"<h2 style=\"text-align: justify;\">UBIKAR &#8211; Des Lyonnais version post-rock<\/h2>\n<h3><\/h3>\n<p><img data-recalc-dims=\"1\" loading=\"lazy\" decoding=\"async\" class=\"aligncenter wp-image-1398 size-medium\" title=\"Ubikar\" src=\"https:\/\/i0.wp.com\/culturesco.com\/wp-content\/uploads\/2018\/12\/Ubikar.jpeg?resize=300%2C274&#038;ssl=1\" alt=\"Ubikar\" width=\"300\" height=\"274\" srcset=\"https:\/\/i0.wp.com\/culturesco.com\/wp-content\/uploads\/2018\/12\/Ubikar.jpeg?resize=300%2C274&amp;ssl=1 300w, https:\/\/i0.wp.com\/culturesco.com\/wp-content\/uploads\/2018\/12\/Ubikar.jpeg?w=391&amp;ssl=1 391w\" sizes=\"auto, (max-width: 300px) 100vw, 300px\" \/><\/p>\n<h3 style=\"text-align: justify;\">Un troisi\u00e8me album qui sent la poudre et les sens<\/h3>\n<p style=\"text-align: justify;\">Incontestablement, <strong>UBIKAR<\/strong> est un trio post-rock en puissance. Comme il est lyonnais, donc fran\u00e7ais, on s\u2019y attache d\u2019autant plus. Il ne s\u2019agit pas de cocorico mais d\u2019un style de musique touchant, rare, qui \u00e9volue tout en restant totalement incognito du c\u00f4t\u00e9 des radios, disons \u00ab de grande \u00e9coute \u00bb pour ne f\u00e2cher personne.<br \/>\nUbikar se situe \u00e0 tous les niveaux et n\u2019h\u00e9site pas \u00e0 franchir les limites avec les rappeurs Legions of Goon sur \u00ab Shake Out \u00bb ou avec Warrior Queen et Killa P sur \u00ab From \u00bb.<\/p>\n<div class=\"youtube-embed\" data-video_id=\"5j8wLv9JsnM\"><iframe loading=\"lazy\" title=\"Ubikar - Shake Out (clip officiel) - feat. Legion of Goon\" width=\"696\" height=\"392\" src=\"https:\/\/www.youtube.com\/embed\/5j8wLv9JsnM\" frameborder=\"0\" allow=\"accelerometer; autoplay; clipboard-write; encrypted-media; gyroscope; picture-in-picture; web-share\" referrerpolicy=\"strict-origin-when-cross-origin\" allowfullscreen><\/iframe><\/div>\n<p style=\"text-align: justify;\">Les paroles sont dans le move tandis que les d\u00e9cibels d\u00e9versent un apocalypse proche. Sous un aspect classique, joignant ce qu\u2019il faut d\u2019electro, les trois camarades s\u2019appuient sur des bandes-son imaginaires rudes, m\u00e9lodiques et d\u00e9termin\u00e9es o\u00f9 s\u2019affirme une volont\u00e9 de s\u2019extraire d\u2019un<br \/>\nmaelstr\u00f6m de groupes qui se contentent d\u2019\u00e9tudier pr\u00e9cieusement des chemins trop entendus.<br \/>\nAvec \u00ab Veld \u00bb, leur troisi\u00e8me opus, les voici parvenus dans une logique harmonique farouche qui atteint de plein fouet l\u2019auditeur. Il suffit d\u2019\u00e9couter le premier titre, \u00ab What we see \u00bb, pour comprendre que nous ne sommes pas dans une partie de plaisir. Ca d\u00e9bute tranquille, fa\u00e7on ambient canap\u00e9, et \u00e7a se termine en avalanche de neige caillouteuse hivernale. A \u00e9couter toute affaire cessante.<\/p>\n<h3>Ubikar &#8211; Album : Veld<\/h3>\n<p>Martingale \/ L\u2019autre Distribution<\/p>\n<p>Patrick B\u00e9nard &#8211; <strong>Culturesco<\/strong><\/p>\n","protected":false},"excerpt":{"rendered":"<p>UBIKAR &#8211; Des Lyonnais version post-rock Un troisi\u00e8me album qui sent la poudre et les sens Incontestablement, UBIKAR est un trio post-rock en puissance. Comme il est lyonnais, donc fran\u00e7ais, on s\u2019y attache d\u2019autant plus. Il ne s\u2019agit pas de cocorico mais d\u2019un style de musique touchant, rare, qui \u00e9volue tout en restant totalement incognito [&hellip;]<\/p>\n","protected":false},"author":4,"featured_media":1398,"comment_status":"open","ping_status":"open","sticky":false,"template":"","format":"image","meta":{"jetpack_post_was_ever_published":false,"tdm_status":"","tdm_grid_status":"","_jetpack_newsletter_access":"","_jetpack_dont_email_post_to_subs":false,"_jetpack_newsletter_tier_id":0,"_jetpack_memberships_contains_paywalled_content":false,"_jetpack_memberships_contains_paid_content":false,"footnotes":""},"categories":[30],"tags":[37],"class_list":{"0":"post-1396","1":"post","2":"type-post","3":"status-publish","4":"format-image","5":"has-post-thumbnail","7":"category-albums-rock","8":"tag-album-rock","9":"post_format-post-format-image"},"yoast_head":"<!-- This site is optimized with the Yoast SEO plugin v27.4 - https:\/\/yoast.com\/product\/yoast-seo-wordpress\/ -->\n<title>Un trio audacieux - UBIKAR - Culturesco<\/title>\n<meta name=\"description\" content=\"CulturesCo | Un bon coup de pied dans ta Culture | Chroniques et histoire du Rock, chanson fran\u00e7aise, litt\u00e9rature, cin\u00e9ma et bande dessin\u00e9e.\" \/>\n<meta name=\"robots\" content=\"index, follow, max-snippet:-1, max-image-preview:large, max-video-preview:-1\" \/>\n<link rel=\"canonical\" href=\"https:\/\/culturesco.com\/index.php\/2018\/12\/08\/un-trio-audacieux-le-groupe-lyonnais-ubikar\/\" \/>\n<meta property=\"og:locale\" content=\"fr_FR\" \/>\n<meta property=\"og:type\" content=\"article\" \/>\n<meta property=\"og:title\" content=\"Un trio audacieux - UBIKAR - Culturesco\" \/>\n<meta property=\"og:description\" content=\"CulturesCo | Un bon coup de pied dans ta Culture | Chroniques et histoire du Rock, chanson fran\u00e7aise, litt\u00e9rature, cin\u00e9ma et bande dessin\u00e9e.\" \/>\n<meta property=\"og:url\" content=\"https:\/\/culturesco.com\/index.php\/2018\/12\/08\/un-trio-audacieux-le-groupe-lyonnais-ubikar\/\" \/>\n<meta property=\"og:site_name\" content=\"Culturesco\" \/>\n<meta property=\"article:publisher\" content=\"https:\/\/www.facebook.com\/radioculturesco\" \/>\n<meta property=\"article:published_time\" content=\"2018-12-08T06:20:42+00:00\" \/>\n<meta property=\"article:modified_time\" content=\"2018-12-10T08:23:20+00:00\" \/>\n<meta property=\"og:image\" content=\"https:\/\/i0.wp.com\/culturesco.com\/wp-content\/uploads\/2018\/12\/Ubikar.jpeg?fit=391%2C357&ssl=1\" \/>\n\t<meta property=\"og:image:width\" content=\"391\" \/>\n\t<meta property=\"og:image:height\" content=\"357\" \/>\n\t<meta property=\"og:image:type\" content=\"image\/jpeg\" \/>\n<meta name=\"author\" content=\"Patrick Benard\" \/>\n<meta name=\"twitter:card\" content=\"summary_large_image\" \/>\n<meta name=\"twitter:creator\" content=\"@AugusteMarshal\" \/>\n<meta name=\"twitter:site\" content=\"@AugusteMarshal\" \/>\n<meta name=\"twitter:label1\" content=\"\u00c9crit par\" \/>\n\t<meta name=\"twitter:data1\" content=\"Patrick Benard\" \/>\n\t<meta name=\"twitter:label2\" content=\"Dur\u00e9e de lecture estim\u00e9e\" \/>\n\t<meta name=\"twitter:data2\" content=\"1 minute\" \/>\n<script type=\"application\/ld+json\" class=\"yoast-schema-graph\">{\"@context\":\"https:\\\/\\\/schema.org\",\"@graph\":[{\"@type\":\"Article\",\"@id\":\"https:\\\/\\\/culturesco.com\\\/index.php\\\/2018\\\/12\\\/08\\\/un-trio-audacieux-le-groupe-lyonnais-ubikar\\\/#article\",\"isPartOf\":{\"@id\":\"https:\\\/\\\/culturesco.com\\\/index.php\\\/2018\\\/12\\\/08\\\/un-trio-audacieux-le-groupe-lyonnais-ubikar\\\/\"},\"author\":{\"name\":\"Patrick Benard\",\"@id\":\"https:\\\/\\\/culturesco.com\\\/#\\\/schema\\\/person\\\/c2ddd6724863f3bbd20a8278df0891f3\"},\"headline\":\"Un trio audacieux &#8211; UBIKAR\",\"datePublished\":\"2018-12-08T06:20:42+00:00\",\"dateModified\":\"2018-12-10T08:23:20+00:00\",\"mainEntityOfPage\":{\"@id\":\"https:\\\/\\\/culturesco.com\\\/index.php\\\/2018\\\/12\\\/08\\\/un-trio-audacieux-le-groupe-lyonnais-ubikar\\\/\"},\"wordCount\":268,\"commentCount\":0,\"publisher\":{\"@id\":\"https:\\\/\\\/culturesco.com\\\/#organization\"},\"image\":{\"@id\":\"https:\\\/\\\/culturesco.com\\\/index.php\\\/2018\\\/12\\\/08\\\/un-trio-audacieux-le-groupe-lyonnais-ubikar\\\/#primaryimage\"},\"thumbnailUrl\":\"https:\\\/\\\/i0.wp.com\\\/culturesco.com\\\/wp-content\\\/uploads\\\/2018\\\/12\\\/Ubikar.jpeg?fit=391%2C357&ssl=1\",\"keywords\":[\"album rock\"],\"articleSection\":[\"Albums rock\"],\"inLanguage\":\"fr-FR\",\"potentialAction\":[{\"@type\":\"CommentAction\",\"name\":\"Comment\",\"target\":[\"https:\\\/\\\/culturesco.com\\\/index.php\\\/2018\\\/12\\\/08\\\/un-trio-audacieux-le-groupe-lyonnais-ubikar\\\/#respond\"]}]},{\"@type\":\"WebPage\",\"@id\":\"https:\\\/\\\/culturesco.com\\\/index.php\\\/2018\\\/12\\\/08\\\/un-trio-audacieux-le-groupe-lyonnais-ubikar\\\/\",\"url\":\"https:\\\/\\\/culturesco.com\\\/index.php\\\/2018\\\/12\\\/08\\\/un-trio-audacieux-le-groupe-lyonnais-ubikar\\\/\",\"name\":\"Un trio audacieux - UBIKAR - Culturesco\",\"isPartOf\":{\"@id\":\"https:\\\/\\\/culturesco.com\\\/#website\"},\"primaryImageOfPage\":{\"@id\":\"https:\\\/\\\/culturesco.com\\\/index.php\\\/2018\\\/12\\\/08\\\/un-trio-audacieux-le-groupe-lyonnais-ubikar\\\/#primaryimage\"},\"image\":{\"@id\":\"https:\\\/\\\/culturesco.com\\\/index.php\\\/2018\\\/12\\\/08\\\/un-trio-audacieux-le-groupe-lyonnais-ubikar\\\/#primaryimage\"},\"thumbnailUrl\":\"https:\\\/\\\/i0.wp.com\\\/culturesco.com\\\/wp-content\\\/uploads\\\/2018\\\/12\\\/Ubikar.jpeg?fit=391%2C357&ssl=1\",\"datePublished\":\"2018-12-08T06:20:42+00:00\",\"dateModified\":\"2018-12-10T08:23:20+00:00\",\"description\":\"CulturesCo | Un bon coup de pied dans ta Culture | Chroniques et histoire du Rock, chanson fran\u00e7aise, litt\u00e9rature, cin\u00e9ma et bande dessin\u00e9e.\",\"breadcrumb\":{\"@id\":\"https:\\\/\\\/culturesco.com\\\/index.php\\\/2018\\\/12\\\/08\\\/un-trio-audacieux-le-groupe-lyonnais-ubikar\\\/#breadcrumb\"},\"inLanguage\":\"fr-FR\",\"potentialAction\":[{\"@type\":\"ReadAction\",\"target\":[\"https:\\\/\\\/culturesco.com\\\/index.php\\\/2018\\\/12\\\/08\\\/un-trio-audacieux-le-groupe-lyonnais-ubikar\\\/\"]}]},{\"@type\":\"ImageObject\",\"inLanguage\":\"fr-FR\",\"@id\":\"https:\\\/\\\/culturesco.com\\\/index.php\\\/2018\\\/12\\\/08\\\/un-trio-audacieux-le-groupe-lyonnais-ubikar\\\/#primaryimage\",\"url\":\"https:\\\/\\\/i0.wp.com\\\/culturesco.com\\\/wp-content\\\/uploads\\\/2018\\\/12\\\/Ubikar.jpeg?fit=391%2C357&ssl=1\",\"contentUrl\":\"https:\\\/\\\/i0.wp.com\\\/culturesco.com\\\/wp-content\\\/uploads\\\/2018\\\/12\\\/Ubikar.jpeg?fit=391%2C357&ssl=1\",\"width\":391,\"height\":357,\"caption\":\"Ubikar\"},{\"@type\":\"BreadcrumbList\",\"@id\":\"https:\\\/\\\/culturesco.com\\\/index.php\\\/2018\\\/12\\\/08\\\/un-trio-audacieux-le-groupe-lyonnais-ubikar\\\/#breadcrumb\",\"itemListElement\":[{\"@type\":\"ListItem\",\"position\":1,\"name\":\"Accueil\",\"item\":\"https:\\\/\\\/culturesco.com\\\/\"},{\"@type\":\"ListItem\",\"position\":2,\"name\":\"Un trio audacieux &#8211; UBIKAR\"}]},{\"@type\":\"WebSite\",\"@id\":\"https:\\\/\\\/culturesco.com\\\/#website\",\"url\":\"https:\\\/\\\/culturesco.com\\\/\",\"name\":\"Culturesco\",\"description\":\"Culturesco | Un bon coup de pied dans ta Culture\",\"publisher\":{\"@id\":\"https:\\\/\\\/culturesco.com\\\/#organization\"},\"potentialAction\":[{\"@type\":\"SearchAction\",\"target\":{\"@type\":\"EntryPoint\",\"urlTemplate\":\"https:\\\/\\\/culturesco.com\\\/?s={search_term_string}\"},\"query-input\":{\"@type\":\"PropertyValueSpecification\",\"valueRequired\":true,\"valueName\":\"search_term_string\"}}],\"inLanguage\":\"fr-FR\"},{\"@type\":\"Organization\",\"@id\":\"https:\\\/\\\/culturesco.com\\\/#organization\",\"name\":\"CULTURESCO\",\"url\":\"https:\\\/\\\/culturesco.com\\\/\",\"logo\":{\"@type\":\"ImageObject\",\"inLanguage\":\"fr-FR\",\"@id\":\"https:\\\/\\\/culturesco.com\\\/#\\\/schema\\\/logo\\\/image\\\/\",\"url\":\"https:\\\/\\\/i0.wp.com\\\/culturesco.com\\\/wp-content\\\/uploads\\\/2022\\\/04\\\/culturesco-logo-blanc250p.png?fit=250%2C250&ssl=1\",\"contentUrl\":\"https:\\\/\\\/i0.wp.com\\\/culturesco.com\\\/wp-content\\\/uploads\\\/2022\\\/04\\\/culturesco-logo-blanc250p.png?fit=250%2C250&ssl=1\",\"width\":250,\"height\":250,\"caption\":\"CULTURESCO\"},\"image\":{\"@id\":\"https:\\\/\\\/culturesco.com\\\/#\\\/schema\\\/logo\\\/image\\\/\"},\"sameAs\":[\"https:\\\/\\\/www.facebook.com\\\/radioculturesco\",\"https:\\\/\\\/x.com\\\/AugusteMarshal\",\"https:\\\/\\\/www.instagram.com\\\/carotte_rock_culture\\\/\",\"https:\\\/\\\/www.pinterest.fr\\\/augustemarshal\\\/\",\"https:\\\/\\\/www.youtube.com\\\/channel\\\/UCiWLGffqWSXlNnfzp6YwwyQ\"]},{\"@type\":\"Person\",\"@id\":\"https:\\\/\\\/culturesco.com\\\/#\\\/schema\\\/person\\\/c2ddd6724863f3bbd20a8278df0891f3\",\"name\":\"Patrick Benard\",\"image\":{\"@type\":\"ImageObject\",\"inLanguage\":\"fr-FR\",\"@id\":\"https:\\\/\\\/i0.wp.com\\\/culturesco.com\\\/wp-content\\\/uploads\\\/2019\\\/02\\\/patrick-benard-2.jpg?fit=90%2C96&ssl=1\",\"url\":\"https:\\\/\\\/i0.wp.com\\\/culturesco.com\\\/wp-content\\\/uploads\\\/2019\\\/02\\\/patrick-benard-2.jpg?fit=90%2C96&ssl=1\",\"contentUrl\":\"https:\\\/\\\/i0.wp.com\\\/culturesco.com\\\/wp-content\\\/uploads\\\/2019\\\/02\\\/patrick-benard-2.jpg?fit=90%2C96&ssl=1\",\"caption\":\"Patrick Benard\"},\"description\":\"Ecrivain, chroniqueur, animateur radio, cr\u00e9ateur de la revue \u00ab Cin\u00e9manie \u00bb, autour du cin\u00e9ma dit d\u2019art et d\u2019essai, sp\u00e9cialiste du groupe The Cure, archiviste... 2020 : \\\"Le Post Rock\\\" essai sur le post rock de Mogwa\u00ef \u00e0 Godspeed You Black Emperor - Camion Blanc 2014 : \u00ab On the rocks \u2013le rock de 2007 \u00e0 2014 \u00bb chroniques livres et cd rocks, interviews \u2013Editions Vaillant 2010 : \u00ab Dans la T\u00eate de Robert Smith \u00bb, roman fiction autour de l\u2019histoire des Cure et de Robert Smith \u2013 Edilivres 2007 : \u00ab Chroniques Fr\u00e9n\u00e9tiques, une histoire intime du rock \u00bb, roman, prix Technikart. 2001 : \u00ab Les Iles du D\u00e9sert \u00bb, polar autour du rock \u2013 Editions Nykta\",\"url\":\"https:\\\/\\\/culturesco.com\\\/index.php\\\/author\\\/patrick-benard89\\\/\"}]}<\/script>\n<!-- \/ Yoast SEO plugin. -->","yoast_head_json":{"title":"Un trio audacieux - UBIKAR - Culturesco","description":"CulturesCo | Un bon coup de pied dans ta Culture | Chroniques et histoire du Rock, chanson fran\u00e7aise, litt\u00e9rature, cin\u00e9ma et bande dessin\u00e9e.","robots":{"index":"index","follow":"follow","max-snippet":"max-snippet:-1","max-image-preview":"max-image-preview:large","max-video-preview":"max-video-preview:-1"},"canonical":"https:\/\/culturesco.com\/index.php\/2018\/12\/08\/un-trio-audacieux-le-groupe-lyonnais-ubikar\/","og_locale":"fr_FR","og_type":"article","og_title":"Un trio audacieux - UBIKAR - Culturesco","og_description":"CulturesCo | Un bon coup de pied dans ta Culture | Chroniques et histoire du Rock, chanson fran\u00e7aise, litt\u00e9rature, cin\u00e9ma et bande dessin\u00e9e.","og_url":"https:\/\/culturesco.com\/index.php\/2018\/12\/08\/un-trio-audacieux-le-groupe-lyonnais-ubikar\/","og_site_name":"Culturesco","article_publisher":"https:\/\/www.facebook.com\/radioculturesco","article_published_time":"2018-12-08T06:20:42+00:00","article_modified_time":"2018-12-10T08:23:20+00:00","og_image":[{"width":391,"height":357,"url":"https:\/\/i0.wp.com\/culturesco.com\/wp-content\/uploads\/2018\/12\/Ubikar.jpeg?fit=391%2C357&ssl=1","type":"image\/jpeg"}],"author":"Patrick Benard","twitter_card":"summary_large_image","twitter_creator":"@AugusteMarshal","twitter_site":"@AugusteMarshal","twitter_misc":{"\u00c9crit par":"Patrick Benard","Dur\u00e9e de lecture estim\u00e9e":"1 minute"},"schema":{"@context":"https:\/\/schema.org","@graph":[{"@type":"Article","@id":"https:\/\/culturesco.com\/index.php\/2018\/12\/08\/un-trio-audacieux-le-groupe-lyonnais-ubikar\/#article","isPartOf":{"@id":"https:\/\/culturesco.com\/index.php\/2018\/12\/08\/un-trio-audacieux-le-groupe-lyonnais-ubikar\/"},"author":{"name":"Patrick Benard","@id":"https:\/\/culturesco.com\/#\/schema\/person\/c2ddd6724863f3bbd20a8278df0891f3"},"headline":"Un trio audacieux &#8211; UBIKAR","datePublished":"2018-12-08T06:20:42+00:00","dateModified":"2018-12-10T08:23:20+00:00","mainEntityOfPage":{"@id":"https:\/\/culturesco.com\/index.php\/2018\/12\/08\/un-trio-audacieux-le-groupe-lyonnais-ubikar\/"},"wordCount":268,"commentCount":0,"publisher":{"@id":"https:\/\/culturesco.com\/#organization"},"image":{"@id":"https:\/\/culturesco.com\/index.php\/2018\/12\/08\/un-trio-audacieux-le-groupe-lyonnais-ubikar\/#primaryimage"},"thumbnailUrl":"https:\/\/i0.wp.com\/culturesco.com\/wp-content\/uploads\/2018\/12\/Ubikar.jpeg?fit=391%2C357&ssl=1","keywords":["album rock"],"articleSection":["Albums rock"],"inLanguage":"fr-FR","potentialAction":[{"@type":"CommentAction","name":"Comment","target":["https:\/\/culturesco.com\/index.php\/2018\/12\/08\/un-trio-audacieux-le-groupe-lyonnais-ubikar\/#respond"]}]},{"@type":"WebPage","@id":"https:\/\/culturesco.com\/index.php\/2018\/12\/08\/un-trio-audacieux-le-groupe-lyonnais-ubikar\/","url":"https:\/\/culturesco.com\/index.php\/2018\/12\/08\/un-trio-audacieux-le-groupe-lyonnais-ubikar\/","name":"Un trio audacieux - UBIKAR - Culturesco","isPartOf":{"@id":"https:\/\/culturesco.com\/#website"},"primaryImageOfPage":{"@id":"https:\/\/culturesco.com\/index.php\/2018\/12\/08\/un-trio-audacieux-le-groupe-lyonnais-ubikar\/#primaryimage"},"image":{"@id":"https:\/\/culturesco.com\/index.php\/2018\/12\/08\/un-trio-audacieux-le-groupe-lyonnais-ubikar\/#primaryimage"},"thumbnailUrl":"https:\/\/i0.wp.com\/culturesco.com\/wp-content\/uploads\/2018\/12\/Ubikar.jpeg?fit=391%2C357&ssl=1","datePublished":"2018-12-08T06:20:42+00:00","dateModified":"2018-12-10T08:23:20+00:00","description":"CulturesCo | Un bon coup de pied dans ta Culture | Chroniques et histoire du Rock, chanson fran\u00e7aise, litt\u00e9rature, cin\u00e9ma et bande dessin\u00e9e.","breadcrumb":{"@id":"https:\/\/culturesco.com\/index.php\/2018\/12\/08\/un-trio-audacieux-le-groupe-lyonnais-ubikar\/#breadcrumb"},"inLanguage":"fr-FR","potentialAction":[{"@type":"ReadAction","target":["https:\/\/culturesco.com\/index.php\/2018\/12\/08\/un-trio-audacieux-le-groupe-lyonnais-ubikar\/"]}]},{"@type":"ImageObject","inLanguage":"fr-FR","@id":"https:\/\/culturesco.com\/index.php\/2018\/12\/08\/un-trio-audacieux-le-groupe-lyonnais-ubikar\/#primaryimage","url":"https:\/\/i0.wp.com\/culturesco.com\/wp-content\/uploads\/2018\/12\/Ubikar.jpeg?fit=391%2C357&ssl=1","contentUrl":"https:\/\/i0.wp.com\/culturesco.com\/wp-content\/uploads\/2018\/12\/Ubikar.jpeg?fit=391%2C357&ssl=1","width":391,"height":357,"caption":"Ubikar"},{"@type":"BreadcrumbList","@id":"https:\/\/culturesco.com\/index.php\/2018\/12\/08\/un-trio-audacieux-le-groupe-lyonnais-ubikar\/#breadcrumb","itemListElement":[{"@type":"ListItem","position":1,"name":"Accueil","item":"https:\/\/culturesco.com\/"},{"@type":"ListItem","position":2,"name":"Un trio audacieux &#8211; UBIKAR"}]},{"@type":"WebSite","@id":"https:\/\/culturesco.com\/#website","url":"https:\/\/culturesco.com\/","name":"Culturesco","description":"Culturesco | Un bon coup de pied dans ta Culture","publisher":{"@id":"https:\/\/culturesco.com\/#organization"},"potentialAction":[{"@type":"SearchAction","target":{"@type":"EntryPoint","urlTemplate":"https:\/\/culturesco.com\/?s={search_term_string}"},"query-input":{"@type":"PropertyValueSpecification","valueRequired":true,"valueName":"search_term_string"}}],"inLanguage":"fr-FR"},{"@type":"Organization","@id":"https:\/\/culturesco.com\/#organization","name":"CULTURESCO","url":"https:\/\/culturesco.com\/","logo":{"@type":"ImageObject","inLanguage":"fr-FR","@id":"https:\/\/culturesco.com\/#\/schema\/logo\/image\/","url":"https:\/\/i0.wp.com\/culturesco.com\/wp-content\/uploads\/2022\/04\/culturesco-logo-blanc250p.png?fit=250%2C250&ssl=1","contentUrl":"https:\/\/i0.wp.com\/culturesco.com\/wp-content\/uploads\/2022\/04\/culturesco-logo-blanc250p.png?fit=250%2C250&ssl=1","width":250,"height":250,"caption":"CULTURESCO"},"image":{"@id":"https:\/\/culturesco.com\/#\/schema\/logo\/image\/"},"sameAs":["https:\/\/www.facebook.com\/radioculturesco","https:\/\/x.com\/AugusteMarshal","https:\/\/www.instagram.com\/carotte_rock_culture\/","https:\/\/www.pinterest.fr\/augustemarshal\/","https:\/\/www.youtube.com\/channel\/UCiWLGffqWSXlNnfzp6YwwyQ"]},{"@type":"Person","@id":"https:\/\/culturesco.com\/#\/schema\/person\/c2ddd6724863f3bbd20a8278df0891f3","name":"Patrick Benard","image":{"@type":"ImageObject","inLanguage":"fr-FR","@id":"https:\/\/i0.wp.com\/culturesco.com\/wp-content\/uploads\/2019\/02\/patrick-benard-2.jpg?fit=90%2C96&ssl=1","url":"https:\/\/i0.wp.com\/culturesco.com\/wp-content\/uploads\/2019\/02\/patrick-benard-2.jpg?fit=90%2C96&ssl=1","contentUrl":"https:\/\/i0.wp.com\/culturesco.com\/wp-content\/uploads\/2019\/02\/patrick-benard-2.jpg?fit=90%2C96&ssl=1","caption":"Patrick Benard"},"description":"Ecrivain, chroniqueur, animateur radio, cr\u00e9ateur de la revue \u00ab Cin\u00e9manie \u00bb, autour du cin\u00e9ma dit d\u2019art et d\u2019essai, sp\u00e9cialiste du groupe The Cure, archiviste... 2020 : \"Le Post Rock\" essai sur le post rock de Mogwa\u00ef \u00e0 Godspeed You Black Emperor - Camion Blanc 2014 : \u00ab On the rocks \u2013le rock de 2007 \u00e0 2014 \u00bb chroniques livres et cd rocks, interviews \u2013Editions Vaillant 2010 : \u00ab Dans la T\u00eate de Robert Smith \u00bb, roman fiction autour de l\u2019histoire des Cure et de Robert Smith \u2013 Edilivres 2007 : \u00ab Chroniques Fr\u00e9n\u00e9tiques, une histoire intime du rock \u00bb, roman, prix Technikart. 2001 : \u00ab Les Iles du D\u00e9sert \u00bb, polar autour du rock \u2013 Editions Nykta","url":"https:\/\/culturesco.com\/index.php\/author\/patrick-benard89\/"}]}},"jetpack_featured_media_url":"https:\/\/i0.wp.com\/culturesco.com\/wp-content\/uploads\/2018\/12\/Ubikar.jpeg?fit=391%2C357&ssl=1","jetpack_likes_enabled":true,"jetpack_sharing_enabled":true,"jetpack_shortlink":"https:\/\/wp.me\/paz89I-mw","_links":{"self":[{"href":"https:\/\/culturesco.com\/index.php\/wp-json\/wp\/v2\/posts\/1396","targetHints":{"allow":["GET"]}}],"collection":[{"href":"https:\/\/culturesco.com\/index.php\/wp-json\/wp\/v2\/posts"}],"about":[{"href":"https:\/\/culturesco.com\/index.php\/wp-json\/wp\/v2\/types\/post"}],"author":[{"embeddable":true,"href":"https:\/\/culturesco.com\/index.php\/wp-json\/wp\/v2\/users\/4"}],"replies":[{"embeddable":true,"href":"https:\/\/culturesco.com\/index.php\/wp-json\/wp\/v2\/comments?post=1396"}],"version-history":[{"count":0,"href":"https:\/\/culturesco.com\/index.php\/wp-json\/wp\/v2\/posts\/1396\/revisions"}],"wp:featuredmedia":[{"embeddable":true,"href":"https:\/\/culturesco.com\/index.php\/wp-json\/wp\/v2\/media\/1398"}],"wp:attachment":[{"href":"https:\/\/culturesco.com\/index.php\/wp-json\/wp\/v2\/media?parent=1396"}],"wp:term":[{"taxonomy":"category","embeddable":true,"href":"https:\/\/culturesco.com\/index.php\/wp-json\/wp\/v2\/categories?post=1396"},{"taxonomy":"post_tag","embeddable":true,"href":"https:\/\/culturesco.com\/index.php\/wp-json\/wp\/v2\/tags?post=1396"}],"curies":[{"name":"wp","href":"https:\/\/api.w.org\/{rel}","templated":true}]}}