{"id":13957,"date":"2021-04-08T19:49:41","date_gmt":"2021-04-08T17:49:41","guid":{"rendered":"https:\/\/culturesco.com\/?p=13957"},"modified":"2021-04-11T23:17:31","modified_gmt":"2021-04-11T21:17:31","slug":"frederic-chopin-du-romantisme-aux-nocturnes-polonaises-valses-mazurka","status":"publish","type":"post","link":"https:\/\/culturesco.com\/index.php\/2021\/04\/08\/frederic-chopin-du-romantisme-aux-nocturnes-polonaises-valses-mazurka\/","title":{"rendered":"Fr\u00e9d\u00e9ric CHOPIN &#8211; Du Romantisme aux Nocturnes"},"content":{"rendered":"<h2>Fr\u00e9d\u00e9ric CHOPIN &#8211; Du Romantisme aux Nocturnes<\/h2>\n<p><a href=\"https:\/\/i0.wp.com\/culturesco.com\/wp-content\/uploads\/2021\/04\/Chopin-Front.jpg?ssl=1\"><img data-recalc-dims=\"1\" loading=\"lazy\" decoding=\"async\" class=\"aligncenter wp-image-13958\" src=\"https:\/\/i0.wp.com\/culturesco.com\/wp-content\/uploads\/2021\/04\/Chopin-Front.jpg?resize=496%2C271&#038;ssl=1\" alt=\"Fr\u00e9d\u00e9ric Chopin\" width=\"496\" height=\"271\" srcset=\"https:\/\/i0.wp.com\/culturesco.com\/wp-content\/uploads\/2021\/04\/Chopin-Front.jpg?resize=300%2C164&amp;ssl=1 300w, https:\/\/i0.wp.com\/culturesco.com\/wp-content\/uploads\/2021\/04\/Chopin-Front.jpg?resize=768%2C421&amp;ssl=1 768w, https:\/\/i0.wp.com\/culturesco.com\/wp-content\/uploads\/2021\/04\/Chopin-Front.jpg?resize=696%2C382&amp;ssl=1 696w, https:\/\/i0.wp.com\/culturesco.com\/wp-content\/uploads\/2021\/04\/Chopin-Front.jpg?resize=1068%2C585&amp;ssl=1 1068w, https:\/\/i0.wp.com\/culturesco.com\/wp-content\/uploads\/2021\/04\/Chopin-Front.jpg?resize=766%2C420&amp;ssl=1 766w, https:\/\/i0.wp.com\/culturesco.com\/wp-content\/uploads\/2021\/04\/Chopin-Front.jpg?w=600&amp;ssl=1 600w\" sizes=\"auto, (max-width: 496px) 100vw, 496px\" \/><\/a><\/p>\n<p style=\"text-align: justify;\"><strong>Fr\u00e9d\u00e9ric Chopin<\/strong>, n\u00e9 Fryderyk Franciszek Szopen d\u2019un p\u00e8re fran\u00e7ais et d\u2019une m\u00e8re polonaise, <strong>s\u2019installe <\/strong>d\u00e9finitivement<strong> en France en 1831<\/strong> \u00e0 l\u2019issu d\u2019un voyage transitoire de neuf mois en Autriche. Il commence alors l\u2019\u00e9laboration des<strong> Nocturnes<\/strong>, compositions qui s\u2019\u00e9talent sur plusieurs ann\u00e9es jusqu\u2019\u00e0 l\u2019obtention des <strong>vingt et une pi\u00e8ces<\/strong> dont nous disposons. Parall\u00e8lement, <strong>le pianiste engage une relation<\/strong> suivie <strong>avec<\/strong> l\u2019Auteure <strong>George Sand<\/strong>.<\/p>\n<p style=\"text-align: justify;\">A l\u2019\u00e9coute des Nocturnes, on ne peut juger si leur <strong>amour<\/strong> fut <strong>platonique et c\u00e9r\u00e9bral<\/strong> ou bien <strong>charnel et trivial<\/strong>. En effet, <strong>les Nocturnes se pr\u00eatent aux deux \u2026<\/strong><\/p>\n<h3>Fr\u00e9d\u00e9ric CHOPIN &#8211; Nocturne n\u00b03 (interpr\u00e9t\u00e9 par Arthur Rubinstein)<\/h3>\n<div class=\"youtube-embed\" data-video_id=\"sx31YcLXAug\"><iframe loading=\"lazy\" title=\"Arthur Rubinstein - Chopin Nocturne Op. 9, No. 3 in B\" width=\"696\" height=\"522\" src=\"https:\/\/www.youtube.com\/embed\/sx31YcLXAug\" frameborder=\"0\" allow=\"accelerometer; autoplay; clipboard-write; encrypted-media; gyroscope; picture-in-picture; web-share\" referrerpolicy=\"strict-origin-when-cross-origin\" allowfullscreen><\/iframe><\/div>\n<h3 style=\"text-align: center;\">\u00ab <em>Je vis avec lui comme une vierge \u2026<\/em> \u00bb &#8211; <a href=\"https:\/\/www.franceculture.fr\/personne-george-sand.html\" target=\"_blank\" rel=\"noopener\">G. Sand.<\/a><\/h3>\n<p style=\"text-align: justify;\">Elle <strong>aime les plaisirs du corps<\/strong>. Lui, malade, <strong>ne vit que pour son \u0153uvre<\/strong>. Tr\u00e8s vite, cet <strong>amour platonique<\/strong>, et \u00e0 <strong>sens unique<\/strong>, transforme l\u2019\u00e9crivaine en infirmi\u00e8re. <strong>Chopin<\/strong> <strong>meurt deux ans apr\u00e8s<\/strong> que leur hypoth\u00e9tique <strong>liaison<\/strong> asexu\u00e9e se soit <strong>achev\u00e9e<\/strong>. S\u2019ils se connurent physiquement, il semblerait que l\u2019homme, par nature enclin \u00e0 l\u2019accouplement, ne trouva pas dans cette activit\u00e9 l\u2019\u00e9quivalent des <strong>sensations ressenties via ses doigts parcourant le clavier.<\/strong><\/p>\n<p><a href=\"https:\/\/i0.wp.com\/culturesco.com\/wp-content\/uploads\/2021\/04\/George-Sansd-et-Chopin.jpg?ssl=1\"><img data-recalc-dims=\"1\" loading=\"lazy\" decoding=\"async\" class=\"aligncenter wp-image-13959\" src=\"https:\/\/i0.wp.com\/culturesco.com\/wp-content\/uploads\/2021\/04\/George-Sansd-et-Chopin.jpg?resize=446%2C314&#038;ssl=1\" alt=\"Fr\u00e9d\u00e9ric Chopin\" width=\"446\" height=\"314\" srcset=\"https:\/\/i0.wp.com\/culturesco.com\/wp-content\/uploads\/2021\/04\/George-Sansd-et-Chopin.jpg?resize=300%2C211&amp;ssl=1 300w, https:\/\/i0.wp.com\/culturesco.com\/wp-content\/uploads\/2021\/04\/George-Sansd-et-Chopin.jpg?resize=100%2C70&amp;ssl=1 100w, https:\/\/i0.wp.com\/culturesco.com\/wp-content\/uploads\/2021\/04\/George-Sansd-et-Chopin.jpg?w=320&amp;ssl=1 320w\" sizes=\"auto, (max-width: 446px) 100vw, 446px\" \/><\/a><\/p>\n<p style=\"text-align: justify;\"><strong>Adepte du Romantisme<\/strong>, courant englobant <strong>toutes<\/strong> les<strong> disciplines artistiques<\/strong>, de la musique \u00e0 l\u2019\u00e9criture, de la peinture et l\u2019architecture, <strong>Chopin vivait intens\u00e9ment<\/strong> l\u2019assemblage de <strong>notes sourdant de son piano<\/strong>. <strong>Pleyel<\/strong>, c\u00e9l\u00e8bre facteur parisien, <strong>le fournira en instruments<\/strong> durant tout son s\u00e9jour en France \u2026 <strong>jusqu\u2019\u00e0 sa mort.<\/strong><\/p>\n<h3 style=\"text-align: center;\">\u00ab <em>Quand je me sens en verve, et assez fort pour trouver mon propre son, il me faut un Pleyel<\/em> \u00bb &#8211; F. Chopin<\/h3>\n<h3>Fr\u00e9d\u00e9ric CHOPIN &#8211; Nocturne n\u00b02 (interpr\u00e9t\u00e9 par Arthur Rubinstein)<\/h3>\n<div class=\"youtube-embed\" data-video_id=\"Nu48Z45ibxQ\"><iframe loading=\"lazy\" title=\"Arthur Rubinstein - Chopin Nocturne Op. 9, No. 2 in E flat\" width=\"696\" height=\"522\" src=\"https:\/\/www.youtube.com\/embed\/Nu48Z45ibxQ\" frameborder=\"0\" allow=\"accelerometer; autoplay; clipboard-write; encrypted-media; gyroscope; picture-in-picture; web-share\" referrerpolicy=\"strict-origin-when-cross-origin\" allowfullscreen><\/iframe><\/div>\n<p style=\"text-align: justify;\">Une <strong>goutte d\u2019eau sal\u00e9e<\/strong> sinue sur le sein nu d\u2019une femme d\u00e9laiss\u00e9e, un <strong>drap<\/strong> rosit au souvenir des corps qui l\u2019ont <strong>froiss\u00e9,<\/strong> des fragrances de <strong>parfum<\/strong>, muguet fan\u00e9, alanguissent <strong>l\u2019amant dans l\u2019attente de son autre<\/strong>, deux c\u0153urs, ballott\u00e9s par d\u2019<strong>indescriptibles sentiments<\/strong>, s\u2019embrasent au levant. <strong>Les Nocturnes provoquent<\/strong> ces ressentis, <strong>ces \u00e9motions profondes<\/strong>. Assimilables au romantisme tel qu\u2019interpr\u00e9t\u00e9 par le plus grand nombre, ils <strong>symbolisent toutes les passions<\/strong> invitant \u00e0 perdre la raison. Oppos\u00e9 au rationalisme, <strong>le Romantisme nourrit les ondes communicantes<\/strong> \u00e9mises par les \u00eatres sans qu\u2019il leur soit n\u00e9cessaire d\u2019exprimer un seul son.<\/p>\n<h3>Fr\u00e9d\u00e9ric CHOPIN &#8211; Nocturne n\u00b019 (interpr\u00e9t\u00e9 par Arthur Rubinstein)<\/h3>\n<div class=\"youtube-embed\" data-video_id=\"aS1R1ZRXTrE\"><iframe loading=\"lazy\" title=\"Rubinstein, Chopin Nocturne No.19 in E minor, Op.72-1\" width=\"696\" height=\"392\" src=\"https:\/\/www.youtube.com\/embed\/aS1R1ZRXTrE\" frameborder=\"0\" allow=\"accelerometer; autoplay; clipboard-write; encrypted-media; gyroscope; picture-in-picture; web-share\" referrerpolicy=\"strict-origin-when-cross-origin\" allowfullscreen><\/iframe><\/div>\n<p style=\"text-align: justify;\">Pourquoi <strong>Arthur Rubinstein<\/strong> ? Celles et ceux qui pratiquent les \u0153uvres classiques affirment leurs <strong>pr\u00e9f\u00e9rences<\/strong> <strong>en mati\u00e8re d\u2019interpr\u00e8tes,<\/strong> d\u2019orchestres, de chefs qui les conduisent, voire de studios o\u00f9 on les capte et de Labels qui les produisent. S\u2019il en va ainsi, c\u2019est que <strong>les partitions font <\/strong>syst\u00e9matiquement <strong>l\u2019objet d\u2019une appropriation<\/strong> par qui les joue. Il n\u2019est qu\u2019\u00e0 constater la dur\u00e9e des \u0153uvres enregistr\u00e9es. Ces variations, tout sauf Goldberg (CF l\u2019\u0153uvre pour clavecin de JS. Bach \u00ab imagin\u00e9e \u00bb au piano par <a href=\"https:\/\/www.youtube.com\/watch?v=Ah392lnFHxM\" target=\"_blank\" rel=\"noopener\">Glenn Gould<\/a>), tiennent \u00e0 la <strong>vitesse d\u2019ex\u00e9cution des pages musicales.<\/strong><\/p>\n<p style=\"text-align: justify;\">Ce que l\u2019on <strong>pensait immuable<\/strong>, strictement encadr\u00e9 par le contenu des port\u00e9es,<strong> reste modulable<\/strong> au travers des interpr\u00e8tes et des ann\u00e9es.<\/p>\n<p style=\"text-align: justify;\">Au sortir du subconscient d\u2019<strong>Arthur Rubinstein<\/strong>, <strong>les Nocturnes de Chopin sont \u00ab vivants \u00bb.\u00a0<\/strong><\/p>\n<h3>Fr\u00e9d\u00e9ric CHOPIN &#8211; Nocturne n\u00b014 (interpr\u00e9t\u00e9 par Arthur Rubinstein)<\/h3>\n<div class=\"youtube-embed\" data-video_id=\"aSNMGwk6UFk\"><iframe loading=\"lazy\" title=\"Rubinstein, Chopin Nocturne No.14 in F sharp minor, Op.48-2\" width=\"696\" height=\"392\" src=\"https:\/\/www.youtube.com\/embed\/aSNMGwk6UFk\" frameborder=\"0\" allow=\"accelerometer; autoplay; clipboard-write; encrypted-media; gyroscope; picture-in-picture; web-share\" referrerpolicy=\"strict-origin-when-cross-origin\" allowfullscreen><\/iframe><\/div>\n<p style=\"text-align: justify;\"><strong>Un \u00ab Nocturne \u00bb, c\u2019est quoi<\/strong> ? Comme son nom l\u2019indique, \u00e0 l\u2019oppos\u00e9 de \u00ab diurne \u00bb, il s\u2019agit d\u2019<strong>exprimer musicalement la \u00ab nuit \u00bb<\/strong>. Initi\u00e9 vers 1815 par le compositeur irlandais John Field, le genre est <strong>popularis\u00e9 par Chopin.<\/strong> Jou\u00e9 au piano, un Nocturne pr\u00e9sente <strong>trois parties<\/strong> d\u00e9sign\u00e9es ABA. Chacune de <strong>dur\u00e9es assez courtes,<\/strong> l\u2019ensemble d\u00e9passe rarement la dizaine de minutes. Si le <strong>premier<\/strong> et le <strong>dernier mouvement<\/strong> sont <strong>lents<\/strong>, la <strong>partie centrale<\/strong> se veut <strong>plus \u00ab agit\u00e9es \u00bb<\/strong>, balai oc\u00e9anique du flot au jusant travers\u00e9 d\u2019un coup de vent. \u00ab <em>Invite au d\u00e9sespoir ? Lin\u00e9arit\u00e9 sans \u2026 marabout ? Bout de ficelle\u00a0? Cellophane ? \u2026<\/em> \u00bb. Les d\u00e9tracteurs ne manquent pas d\u2019arguments (?!), que ceux-ci soient l\u00e9gitimes ou d\u00e9pourvus de tous fondements.<\/p>\n<h3>Fr\u00e9d\u00e9ric CHOPIN &#8211; Nocturne n\u00b017 (interpr\u00e9t\u00e9 par Arthur Rubinstein)<\/h3>\n<div class=\"youtube-embed\" data-video_id=\"8KmfuT-b2rg\"><iframe loading=\"lazy\" title=\"Rubinstein, Chopin Nocturne No.17 in B major, Op.62-1\" width=\"696\" height=\"392\" src=\"https:\/\/www.youtube.com\/embed\/8KmfuT-b2rg\" frameborder=\"0\" allow=\"accelerometer; autoplay; clipboard-write; encrypted-media; gyroscope; picture-in-picture; web-share\" referrerpolicy=\"strict-origin-when-cross-origin\" allowfullscreen><\/iframe><\/div>\n<p style=\"text-align: justify;\">\u00ab <em>Accordez-nous un \u00e9l\u00e9ment pour en juger !<\/em> \u00bb. S\u2019en abreuver ? Les d\u00e9laisser ? <strong>Chacun \u00ab \u00e9coute \u00bb midi \u00e0 ses \u00ab tympans \u00bb<\/strong>. <strong>Personnellement<\/strong>, sous les auspices de <strong>Chopin<\/strong>, retranscrits par <strong>Rubinstein,<\/strong> cr\u00e9ateurs de talents, <strong>les Nocturnes<\/strong>, c\u2019est <strong>immod\u00e9r\u00e9ment<\/strong>.<\/p>\n<p>Thierry Dauge<\/p>\n","protected":false},"excerpt":{"rendered":"<p>Fr\u00e9d\u00e9ric CHOPIN &#8211; Du Romantisme aux Nocturnes Fr\u00e9d\u00e9ric Chopin, n\u00e9 Fryderyk Franciszek Szopen d\u2019un p\u00e8re fran\u00e7ais et d\u2019une m\u00e8re polonaise, s\u2019installe d\u00e9finitivement en France en 1831 \u00e0 l\u2019issu d\u2019un voyage transitoire de neuf mois en Autriche. Il commence alors l\u2019\u00e9laboration des Nocturnes, compositions qui s\u2019\u00e9talent sur plusieurs ann\u00e9es jusqu\u2019\u00e0 l\u2019obtention des vingt et une pi\u00e8ces [&hellip;]<\/p>\n","protected":false},"author":3,"featured_media":13958,"comment_status":"open","ping_status":"open","sticky":false,"template":"","format":"image","meta":{"jetpack_post_was_ever_published":false,"tdm_status":"","tdm_grid_status":"","_jetpack_newsletter_access":"","_jetpack_dont_email_post_to_subs":false,"_jetpack_newsletter_tier_id":0,"_jetpack_memberships_contains_paywalled_content":false,"_jetpack_memberships_contains_paid_content":false,"footnotes":""},"categories":[17],"tags":[12189,70,78],"class_list":{"0":"post-13957","1":"post","2":"type-post","3":"status-publish","4":"format-image","5":"has-post-thumbnail","7":"category-carotte-rock-cultures","8":"tag-albums-essentiels","9":"tag-collections","10":"tag-histoire-du-20e-siecle","11":"post_format-post-format-image"},"yoast_head":"<!-- This site is optimized with the Yoast SEO plugin v27.5 - https:\/\/yoast.com\/product\/yoast-seo-wordpress\/ -->\n<title>Fr\u00e9d\u00e9ric CHOPIN - Du Romantisme aux Nocturnes - Culturesco Polonaise<\/title>\n<meta name=\"description\" content=\"CulturesCo | Fr\u00e9d\u00e9ric CHOPIN - Pianiste franco polonais \u00e0 popularis\u00e9 le genre pianistique des Nocturnes - 21 pi\u00e8ces romantiques\" \/>\n<meta name=\"robots\" content=\"index, follow, max-snippet:-1, max-image-preview:large, max-video-preview:-1\" \/>\n<link rel=\"canonical\" href=\"https:\/\/culturesco.com\/index.php\/2021\/04\/08\/frederic-chopin-du-romantisme-aux-nocturnes-polonaises-valses-mazurka\/\" \/>\n<meta property=\"og:locale\" content=\"fr_FR\" \/>\n<meta property=\"og:type\" content=\"article\" \/>\n<meta property=\"og:title\" content=\"Fr\u00e9d\u00e9ric CHOPIN - Du Romantisme aux Nocturnes - Culturesco Polonaise\" \/>\n<meta property=\"og:description\" content=\"CulturesCo | Fr\u00e9d\u00e9ric CHOPIN - Pianiste franco polonais \u00e0 popularis\u00e9 le genre pianistique des Nocturnes - 21 pi\u00e8ces romantiques\" \/>\n<meta property=\"og:url\" content=\"https:\/\/culturesco.com\/index.php\/2021\/04\/08\/frederic-chopin-du-romantisme-aux-nocturnes-polonaises-valses-mazurka\/\" \/>\n<meta property=\"og:site_name\" content=\"Culturesco\" \/>\n<meta property=\"article:publisher\" content=\"https:\/\/www.facebook.com\/radioculturesco\" \/>\n<meta property=\"article:published_time\" content=\"2021-04-08T17:49:41+00:00\" \/>\n<meta property=\"article:modified_time\" content=\"2021-04-11T21:17:31+00:00\" \/>\n<meta property=\"og:image\" content=\"https:\/\/i1.wp.com\/culturesco.com\/wp-content\/uploads\/2021\/04\/Chopin-Front.jpg?fit=600%2C329&ssl=1\" \/>\n\t<meta property=\"og:image:width\" content=\"600\" \/>\n\t<meta property=\"og:image:height\" content=\"329\" \/>\n\t<meta property=\"og:image:type\" content=\"image\/jpeg\" \/>\n<meta name=\"author\" content=\"Thierry Dauge\" \/>\n<meta name=\"twitter:card\" content=\"summary_large_image\" \/>\n<meta name=\"twitter:creator\" content=\"@AugusteMarshal\" \/>\n<meta name=\"twitter:site\" content=\"@AugusteMarshal\" \/>\n<meta name=\"twitter:label1\" content=\"\u00c9crit par\" \/>\n\t<meta name=\"twitter:data1\" content=\"Thierry Dauge\" \/>\n\t<meta name=\"twitter:label2\" content=\"Dur\u00e9e de lecture estim\u00e9e\" \/>\n\t<meta name=\"twitter:data2\" content=\"4 minutes\" \/>\n<script type=\"application\/ld+json\" class=\"yoast-schema-graph\">{\"@context\":\"https:\\\/\\\/schema.org\",\"@graph\":[{\"@type\":\"Article\",\"@id\":\"https:\\\/\\\/culturesco.com\\\/index.php\\\/2021\\\/04\\\/08\\\/frederic-chopin-du-romantisme-aux-nocturnes-polonaises-valses-mazurka\\\/#article\",\"isPartOf\":{\"@id\":\"https:\\\/\\\/culturesco.com\\\/index.php\\\/2021\\\/04\\\/08\\\/frederic-chopin-du-romantisme-aux-nocturnes-polonaises-valses-mazurka\\\/\"},\"author\":{\"name\":\"Thierry Dauge\",\"@id\":\"https:\\\/\\\/culturesco.com\\\/#\\\/schema\\\/person\\\/19f04cf232d246197f6e7d62abe6cb0e\"},\"headline\":\"Fr\u00e9d\u00e9ric CHOPIN &#8211; Du Romantisme aux Nocturnes\",\"datePublished\":\"2021-04-08T17:49:41+00:00\",\"dateModified\":\"2021-04-11T21:17:31+00:00\",\"mainEntityOfPage\":{\"@id\":\"https:\\\/\\\/culturesco.com\\\/index.php\\\/2021\\\/04\\\/08\\\/frederic-chopin-du-romantisme-aux-nocturnes-polonaises-valses-mazurka\\\/\"},\"wordCount\":818,\"commentCount\":0,\"publisher\":{\"@id\":\"https:\\\/\\\/culturesco.com\\\/#organization\"},\"image\":{\"@id\":\"https:\\\/\\\/culturesco.com\\\/index.php\\\/2021\\\/04\\\/08\\\/frederic-chopin-du-romantisme-aux-nocturnes-polonaises-valses-mazurka\\\/#primaryimage\"},\"thumbnailUrl\":\"https:\\\/\\\/i0.wp.com\\\/culturesco.com\\\/wp-content\\\/uploads\\\/2021\\\/04\\\/Chopin-Front.jpg?fit=600%2C329&ssl=1\",\"keywords\":[\"Albums essentiels\",\"collections\",\"histoire du 20\u00e8 si\u00e8cle\"],\"articleSection\":[\"Carotte Rock Cultures\"],\"inLanguage\":\"fr-FR\",\"potentialAction\":[{\"@type\":\"CommentAction\",\"name\":\"Comment\",\"target\":[\"https:\\\/\\\/culturesco.com\\\/index.php\\\/2021\\\/04\\\/08\\\/frederic-chopin-du-romantisme-aux-nocturnes-polonaises-valses-mazurka\\\/#respond\"]}]},{\"@type\":\"WebPage\",\"@id\":\"https:\\\/\\\/culturesco.com\\\/index.php\\\/2021\\\/04\\\/08\\\/frederic-chopin-du-romantisme-aux-nocturnes-polonaises-valses-mazurka\\\/\",\"url\":\"https:\\\/\\\/culturesco.com\\\/index.php\\\/2021\\\/04\\\/08\\\/frederic-chopin-du-romantisme-aux-nocturnes-polonaises-valses-mazurka\\\/\",\"name\":\"Fr\u00e9d\u00e9ric CHOPIN - Du Romantisme aux Nocturnes - Culturesco Polonaise\",\"isPartOf\":{\"@id\":\"https:\\\/\\\/culturesco.com\\\/#website\"},\"primaryImageOfPage\":{\"@id\":\"https:\\\/\\\/culturesco.com\\\/index.php\\\/2021\\\/04\\\/08\\\/frederic-chopin-du-romantisme-aux-nocturnes-polonaises-valses-mazurka\\\/#primaryimage\"},\"image\":{\"@id\":\"https:\\\/\\\/culturesco.com\\\/index.php\\\/2021\\\/04\\\/08\\\/frederic-chopin-du-romantisme-aux-nocturnes-polonaises-valses-mazurka\\\/#primaryimage\"},\"thumbnailUrl\":\"https:\\\/\\\/i0.wp.com\\\/culturesco.com\\\/wp-content\\\/uploads\\\/2021\\\/04\\\/Chopin-Front.jpg?fit=600%2C329&ssl=1\",\"datePublished\":\"2021-04-08T17:49:41+00:00\",\"dateModified\":\"2021-04-11T21:17:31+00:00\",\"description\":\"CulturesCo | Fr\u00e9d\u00e9ric CHOPIN - Pianiste franco polonais \u00e0 popularis\u00e9 le genre pianistique des Nocturnes - 21 pi\u00e8ces romantiques\",\"breadcrumb\":{\"@id\":\"https:\\\/\\\/culturesco.com\\\/index.php\\\/2021\\\/04\\\/08\\\/frederic-chopin-du-romantisme-aux-nocturnes-polonaises-valses-mazurka\\\/#breadcrumb\"},\"inLanguage\":\"fr-FR\",\"potentialAction\":[{\"@type\":\"ReadAction\",\"target\":[\"https:\\\/\\\/culturesco.com\\\/index.php\\\/2021\\\/04\\\/08\\\/frederic-chopin-du-romantisme-aux-nocturnes-polonaises-valses-mazurka\\\/\"]}]},{\"@type\":\"ImageObject\",\"inLanguage\":\"fr-FR\",\"@id\":\"https:\\\/\\\/culturesco.com\\\/index.php\\\/2021\\\/04\\\/08\\\/frederic-chopin-du-romantisme-aux-nocturnes-polonaises-valses-mazurka\\\/#primaryimage\",\"url\":\"https:\\\/\\\/i0.wp.com\\\/culturesco.com\\\/wp-content\\\/uploads\\\/2021\\\/04\\\/Chopin-Front.jpg?fit=600%2C329&ssl=1\",\"contentUrl\":\"https:\\\/\\\/i0.wp.com\\\/culturesco.com\\\/wp-content\\\/uploads\\\/2021\\\/04\\\/Chopin-Front.jpg?fit=600%2C329&ssl=1\",\"width\":600,\"height\":329,\"caption\":\"Fr\u00e9d\u00e9ric Chopin\"},{\"@type\":\"BreadcrumbList\",\"@id\":\"https:\\\/\\\/culturesco.com\\\/index.php\\\/2021\\\/04\\\/08\\\/frederic-chopin-du-romantisme-aux-nocturnes-polonaises-valses-mazurka\\\/#breadcrumb\",\"itemListElement\":[{\"@type\":\"ListItem\",\"position\":1,\"name\":\"Accueil\",\"item\":\"https:\\\/\\\/culturesco.com\\\/\"},{\"@type\":\"ListItem\",\"position\":2,\"name\":\"Fr\u00e9d\u00e9ric CHOPIN &#8211; Du Romantisme aux Nocturnes\"}]},{\"@type\":\"WebSite\",\"@id\":\"https:\\\/\\\/culturesco.com\\\/#website\",\"url\":\"https:\\\/\\\/culturesco.com\\\/\",\"name\":\"Culturesco\",\"description\":\"Culturesco | Un bon coup de pied dans ta Culture\",\"publisher\":{\"@id\":\"https:\\\/\\\/culturesco.com\\\/#organization\"},\"potentialAction\":[{\"@type\":\"SearchAction\",\"target\":{\"@type\":\"EntryPoint\",\"urlTemplate\":\"https:\\\/\\\/culturesco.com\\\/?s={search_term_string}\"},\"query-input\":{\"@type\":\"PropertyValueSpecification\",\"valueRequired\":true,\"valueName\":\"search_term_string\"}}],\"inLanguage\":\"fr-FR\"},{\"@type\":\"Organization\",\"@id\":\"https:\\\/\\\/culturesco.com\\\/#organization\",\"name\":\"CULTURESCO\",\"url\":\"https:\\\/\\\/culturesco.com\\\/\",\"logo\":{\"@type\":\"ImageObject\",\"inLanguage\":\"fr-FR\",\"@id\":\"https:\\\/\\\/culturesco.com\\\/#\\\/schema\\\/logo\\\/image\\\/\",\"url\":\"https:\\\/\\\/i0.wp.com\\\/culturesco.com\\\/wp-content\\\/uploads\\\/2022\\\/04\\\/culturesco-logo-blanc250p.png?fit=250%2C250&ssl=1\",\"contentUrl\":\"https:\\\/\\\/i0.wp.com\\\/culturesco.com\\\/wp-content\\\/uploads\\\/2022\\\/04\\\/culturesco-logo-blanc250p.png?fit=250%2C250&ssl=1\",\"width\":250,\"height\":250,\"caption\":\"CULTURESCO\"},\"image\":{\"@id\":\"https:\\\/\\\/culturesco.com\\\/#\\\/schema\\\/logo\\\/image\\\/\"},\"sameAs\":[\"https:\\\/\\\/www.facebook.com\\\/radioculturesco\",\"https:\\\/\\\/x.com\\\/AugusteMarshal\",\"https:\\\/\\\/www.instagram.com\\\/carotte_rock_culture\\\/\",\"https:\\\/\\\/www.pinterest.fr\\\/augustemarshal\\\/\",\"https:\\\/\\\/www.youtube.com\\\/channel\\\/UCiWLGffqWSXlNnfzp6YwwyQ\"]},{\"@type\":\"Person\",\"@id\":\"https:\\\/\\\/culturesco.com\\\/#\\\/schema\\\/person\\\/19f04cf232d246197f6e7d62abe6cb0e\",\"name\":\"Thierry Dauge\",\"image\":{\"@type\":\"ImageObject\",\"inLanguage\":\"fr-FR\",\"@id\":\"https:\\\/\\\/i0.wp.com\\\/culturesco.com\\\/wp-content\\\/uploads\\\/2018\\\/12\\\/Black-Beauty-and-me.jpg?fit=96%2C96&ssl=1\",\"url\":\"https:\\\/\\\/i0.wp.com\\\/culturesco.com\\\/wp-content\\\/uploads\\\/2018\\\/12\\\/Black-Beauty-and-me.jpg?fit=96%2C96&ssl=1\",\"contentUrl\":\"https:\\\/\\\/i0.wp.com\\\/culturesco.com\\\/wp-content\\\/uploads\\\/2018\\\/12\\\/Black-Beauty-and-me.jpg?fit=96%2C96&ssl=1\",\"caption\":\"Thierry Dauge\"},\"description\":\"Amoureux des 70\u2019s et du hard rock en particulier, Thierry Dauge est chroniqueur sur Culturesco par amour de l\u2019\u00e9criture musicale. Co-auteur du livre\\\"Pop rock - Les instruments de l'ombre\\\" aux \u00e9ditions du Camion Blanc, collaborateur de Vivi pour \\\"Mes Ann\u00e9es Trust\\\", auteur de \\\"Sparks\\\" aux \u00e9ditions du Layeur, parce que le rock est loin d'\u00eatre mort ...\",\"url\":\"https:\\\/\\\/culturesco.com\\\/index.php\\\/author\\\/thierry-dauge888\\\/\"}]}<\/script>\n<!-- \/ Yoast SEO plugin. -->","yoast_head_json":{"title":"Fr\u00e9d\u00e9ric CHOPIN - Du Romantisme aux Nocturnes - Culturesco Polonaise","description":"CulturesCo | Fr\u00e9d\u00e9ric CHOPIN - Pianiste franco polonais \u00e0 popularis\u00e9 le genre pianistique des Nocturnes - 21 pi\u00e8ces romantiques","robots":{"index":"index","follow":"follow","max-snippet":"max-snippet:-1","max-image-preview":"max-image-preview:large","max-video-preview":"max-video-preview:-1"},"canonical":"https:\/\/culturesco.com\/index.php\/2021\/04\/08\/frederic-chopin-du-romantisme-aux-nocturnes-polonaises-valses-mazurka\/","og_locale":"fr_FR","og_type":"article","og_title":"Fr\u00e9d\u00e9ric CHOPIN - Du Romantisme aux Nocturnes - Culturesco Polonaise","og_description":"CulturesCo | Fr\u00e9d\u00e9ric CHOPIN - Pianiste franco polonais \u00e0 popularis\u00e9 le genre pianistique des Nocturnes - 21 pi\u00e8ces romantiques","og_url":"https:\/\/culturesco.com\/index.php\/2021\/04\/08\/frederic-chopin-du-romantisme-aux-nocturnes-polonaises-valses-mazurka\/","og_site_name":"Culturesco","article_publisher":"https:\/\/www.facebook.com\/radioculturesco","article_published_time":"2021-04-08T17:49:41+00:00","article_modified_time":"2021-04-11T21:17:31+00:00","og_image":[{"width":600,"height":329,"url":"https:\/\/i1.wp.com\/culturesco.com\/wp-content\/uploads\/2021\/04\/Chopin-Front.jpg?fit=600%2C329&ssl=1","type":"image\/jpeg"}],"author":"Thierry Dauge","twitter_card":"summary_large_image","twitter_creator":"@AugusteMarshal","twitter_site":"@AugusteMarshal","twitter_misc":{"\u00c9crit par":"Thierry Dauge","Dur\u00e9e de lecture estim\u00e9e":"4 minutes"},"schema":{"@context":"https:\/\/schema.org","@graph":[{"@type":"Article","@id":"https:\/\/culturesco.com\/index.php\/2021\/04\/08\/frederic-chopin-du-romantisme-aux-nocturnes-polonaises-valses-mazurka\/#article","isPartOf":{"@id":"https:\/\/culturesco.com\/index.php\/2021\/04\/08\/frederic-chopin-du-romantisme-aux-nocturnes-polonaises-valses-mazurka\/"},"author":{"name":"Thierry Dauge","@id":"https:\/\/culturesco.com\/#\/schema\/person\/19f04cf232d246197f6e7d62abe6cb0e"},"headline":"Fr\u00e9d\u00e9ric CHOPIN &#8211; Du Romantisme aux Nocturnes","datePublished":"2021-04-08T17:49:41+00:00","dateModified":"2021-04-11T21:17:31+00:00","mainEntityOfPage":{"@id":"https:\/\/culturesco.com\/index.php\/2021\/04\/08\/frederic-chopin-du-romantisme-aux-nocturnes-polonaises-valses-mazurka\/"},"wordCount":818,"commentCount":0,"publisher":{"@id":"https:\/\/culturesco.com\/#organization"},"image":{"@id":"https:\/\/culturesco.com\/index.php\/2021\/04\/08\/frederic-chopin-du-romantisme-aux-nocturnes-polonaises-valses-mazurka\/#primaryimage"},"thumbnailUrl":"https:\/\/i0.wp.com\/culturesco.com\/wp-content\/uploads\/2021\/04\/Chopin-Front.jpg?fit=600%2C329&ssl=1","keywords":["Albums essentiels","collections","histoire du 20\u00e8 si\u00e8cle"],"articleSection":["Carotte Rock Cultures"],"inLanguage":"fr-FR","potentialAction":[{"@type":"CommentAction","name":"Comment","target":["https:\/\/culturesco.com\/index.php\/2021\/04\/08\/frederic-chopin-du-romantisme-aux-nocturnes-polonaises-valses-mazurka\/#respond"]}]},{"@type":"WebPage","@id":"https:\/\/culturesco.com\/index.php\/2021\/04\/08\/frederic-chopin-du-romantisme-aux-nocturnes-polonaises-valses-mazurka\/","url":"https:\/\/culturesco.com\/index.php\/2021\/04\/08\/frederic-chopin-du-romantisme-aux-nocturnes-polonaises-valses-mazurka\/","name":"Fr\u00e9d\u00e9ric CHOPIN - Du Romantisme aux Nocturnes - Culturesco Polonaise","isPartOf":{"@id":"https:\/\/culturesco.com\/#website"},"primaryImageOfPage":{"@id":"https:\/\/culturesco.com\/index.php\/2021\/04\/08\/frederic-chopin-du-romantisme-aux-nocturnes-polonaises-valses-mazurka\/#primaryimage"},"image":{"@id":"https:\/\/culturesco.com\/index.php\/2021\/04\/08\/frederic-chopin-du-romantisme-aux-nocturnes-polonaises-valses-mazurka\/#primaryimage"},"thumbnailUrl":"https:\/\/i0.wp.com\/culturesco.com\/wp-content\/uploads\/2021\/04\/Chopin-Front.jpg?fit=600%2C329&ssl=1","datePublished":"2021-04-08T17:49:41+00:00","dateModified":"2021-04-11T21:17:31+00:00","description":"CulturesCo | Fr\u00e9d\u00e9ric CHOPIN - Pianiste franco polonais \u00e0 popularis\u00e9 le genre pianistique des Nocturnes - 21 pi\u00e8ces romantiques","breadcrumb":{"@id":"https:\/\/culturesco.com\/index.php\/2021\/04\/08\/frederic-chopin-du-romantisme-aux-nocturnes-polonaises-valses-mazurka\/#breadcrumb"},"inLanguage":"fr-FR","potentialAction":[{"@type":"ReadAction","target":["https:\/\/culturesco.com\/index.php\/2021\/04\/08\/frederic-chopin-du-romantisme-aux-nocturnes-polonaises-valses-mazurka\/"]}]},{"@type":"ImageObject","inLanguage":"fr-FR","@id":"https:\/\/culturesco.com\/index.php\/2021\/04\/08\/frederic-chopin-du-romantisme-aux-nocturnes-polonaises-valses-mazurka\/#primaryimage","url":"https:\/\/i0.wp.com\/culturesco.com\/wp-content\/uploads\/2021\/04\/Chopin-Front.jpg?fit=600%2C329&ssl=1","contentUrl":"https:\/\/i0.wp.com\/culturesco.com\/wp-content\/uploads\/2021\/04\/Chopin-Front.jpg?fit=600%2C329&ssl=1","width":600,"height":329,"caption":"Fr\u00e9d\u00e9ric Chopin"},{"@type":"BreadcrumbList","@id":"https:\/\/culturesco.com\/index.php\/2021\/04\/08\/frederic-chopin-du-romantisme-aux-nocturnes-polonaises-valses-mazurka\/#breadcrumb","itemListElement":[{"@type":"ListItem","position":1,"name":"Accueil","item":"https:\/\/culturesco.com\/"},{"@type":"ListItem","position":2,"name":"Fr\u00e9d\u00e9ric CHOPIN &#8211; Du Romantisme aux Nocturnes"}]},{"@type":"WebSite","@id":"https:\/\/culturesco.com\/#website","url":"https:\/\/culturesco.com\/","name":"Culturesco","description":"Culturesco | Un bon coup de pied dans ta Culture","publisher":{"@id":"https:\/\/culturesco.com\/#organization"},"potentialAction":[{"@type":"SearchAction","target":{"@type":"EntryPoint","urlTemplate":"https:\/\/culturesco.com\/?s={search_term_string}"},"query-input":{"@type":"PropertyValueSpecification","valueRequired":true,"valueName":"search_term_string"}}],"inLanguage":"fr-FR"},{"@type":"Organization","@id":"https:\/\/culturesco.com\/#organization","name":"CULTURESCO","url":"https:\/\/culturesco.com\/","logo":{"@type":"ImageObject","inLanguage":"fr-FR","@id":"https:\/\/culturesco.com\/#\/schema\/logo\/image\/","url":"https:\/\/i0.wp.com\/culturesco.com\/wp-content\/uploads\/2022\/04\/culturesco-logo-blanc250p.png?fit=250%2C250&ssl=1","contentUrl":"https:\/\/i0.wp.com\/culturesco.com\/wp-content\/uploads\/2022\/04\/culturesco-logo-blanc250p.png?fit=250%2C250&ssl=1","width":250,"height":250,"caption":"CULTURESCO"},"image":{"@id":"https:\/\/culturesco.com\/#\/schema\/logo\/image\/"},"sameAs":["https:\/\/www.facebook.com\/radioculturesco","https:\/\/x.com\/AugusteMarshal","https:\/\/www.instagram.com\/carotte_rock_culture\/","https:\/\/www.pinterest.fr\/augustemarshal\/","https:\/\/www.youtube.com\/channel\/UCiWLGffqWSXlNnfzp6YwwyQ"]},{"@type":"Person","@id":"https:\/\/culturesco.com\/#\/schema\/person\/19f04cf232d246197f6e7d62abe6cb0e","name":"Thierry Dauge","image":{"@type":"ImageObject","inLanguage":"fr-FR","@id":"https:\/\/i0.wp.com\/culturesco.com\/wp-content\/uploads\/2018\/12\/Black-Beauty-and-me.jpg?fit=96%2C96&ssl=1","url":"https:\/\/i0.wp.com\/culturesco.com\/wp-content\/uploads\/2018\/12\/Black-Beauty-and-me.jpg?fit=96%2C96&ssl=1","contentUrl":"https:\/\/i0.wp.com\/culturesco.com\/wp-content\/uploads\/2018\/12\/Black-Beauty-and-me.jpg?fit=96%2C96&ssl=1","caption":"Thierry Dauge"},"description":"Amoureux des 70\u2019s et du hard rock en particulier, Thierry Dauge est chroniqueur sur Culturesco par amour de l\u2019\u00e9criture musicale. Co-auteur du livre\"Pop rock - Les instruments de l'ombre\" aux \u00e9ditions du Camion Blanc, collaborateur de Vivi pour \"Mes Ann\u00e9es Trust\", auteur de \"Sparks\" aux \u00e9ditions du Layeur, parce que le rock est loin d'\u00eatre mort ...","url":"https:\/\/culturesco.com\/index.php\/author\/thierry-dauge888\/"}]}},"jetpack_featured_media_url":"https:\/\/i0.wp.com\/culturesco.com\/wp-content\/uploads\/2021\/04\/Chopin-Front.jpg?fit=600%2C329&ssl=1","jetpack_likes_enabled":true,"jetpack_sharing_enabled":true,"jetpack_shortlink":"https:\/\/wp.me\/paz89I-3D7","_links":{"self":[{"href":"https:\/\/culturesco.com\/index.php\/wp-json\/wp\/v2\/posts\/13957","targetHints":{"allow":["GET"]}}],"collection":[{"href":"https:\/\/culturesco.com\/index.php\/wp-json\/wp\/v2\/posts"}],"about":[{"href":"https:\/\/culturesco.com\/index.php\/wp-json\/wp\/v2\/types\/post"}],"author":[{"embeddable":true,"href":"https:\/\/culturesco.com\/index.php\/wp-json\/wp\/v2\/users\/3"}],"replies":[{"embeddable":true,"href":"https:\/\/culturesco.com\/index.php\/wp-json\/wp\/v2\/comments?post=13957"}],"version-history":[{"count":0,"href":"https:\/\/culturesco.com\/index.php\/wp-json\/wp\/v2\/posts\/13957\/revisions"}],"wp:featuredmedia":[{"embeddable":true,"href":"https:\/\/culturesco.com\/index.php\/wp-json\/wp\/v2\/media\/13958"}],"wp:attachment":[{"href":"https:\/\/culturesco.com\/index.php\/wp-json\/wp\/v2\/media?parent=13957"}],"wp:term":[{"taxonomy":"category","embeddable":true,"href":"https:\/\/culturesco.com\/index.php\/wp-json\/wp\/v2\/categories?post=13957"},{"taxonomy":"post_tag","embeddable":true,"href":"https:\/\/culturesco.com\/index.php\/wp-json\/wp\/v2\/tags?post=13957"}],"curies":[{"name":"wp","href":"https:\/\/api.w.org\/{rel}","templated":true}]}}