{"id":13905,"date":"2021-03-30T02:39:18","date_gmt":"2021-03-30T00:39:18","guid":{"rendered":"https:\/\/culturesco.com\/?p=13905"},"modified":"2021-03-30T02:39:18","modified_gmt":"2021-03-30T00:39:18","slug":"marquis-aurora","status":"publish","type":"post","link":"https:\/\/culturesco.com\/index.php\/2021\/03\/30\/marquis-aurora\/","title":{"rendered":"Marquis &#8211; Aurora"},"content":{"rendered":"<h2 style=\"text-align: justify\">Un Marquis Sombre, Rock, Mais Non Sadique<\/h2>\n<figure id=\"attachment_13906\" aria-describedby=\"caption-attachment-13906\" style=\"width: 300px\" class=\"wp-caption aligncenter\"><a href=\"https:\/\/i0.wp.com\/culturesco.com\/wp-content\/uploads\/2021\/03\/Marquis.jpeg?ssl=1\"><img data-recalc-dims=\"1\" loading=\"lazy\" decoding=\"async\" class=\"size-medium wp-image-13906\" src=\"https:\/\/i0.wp.com\/culturesco.com\/wp-content\/uploads\/2021\/03\/Marquis.jpeg?resize=300%2C276&#038;ssl=1\" alt=\"Marquis - Aurora\" width=\"300\" height=\"276\" srcset=\"https:\/\/i0.wp.com\/culturesco.com\/wp-content\/uploads\/2021\/03\/Marquis.jpeg?resize=300%2C276&amp;ssl=1 300w, https:\/\/i0.wp.com\/culturesco.com\/wp-content\/uploads\/2021\/03\/Marquis.jpeg?w=405&amp;ssl=1 405w\" sizes=\"auto, (max-width: 300px) 100vw, 300px\" \/><\/a><figcaption id=\"caption-attachment-13906\" class=\"wp-caption-text\">Marquis &#8211; Aurora<\/figcaption><\/figure>\n<h3 style=\"text-align: justify\">Un Mythe et une Nouvelle Ere<\/h3>\n<p style=\"text-align: justify\">Il ne faut rien cacher. Si cette chronique a lieu si tard c\u2019est qu\u2019il a bien fallu dig\u00e9rer et se poser ces questions\u00a0: \u00e0 quoi bon\u00a0? Pourquoi faire\u00a0? Dans quel but\u00a0?<\/p>\n<p style=\"text-align: justify\">Tout cela a tourn\u00e9 longtemps dans la t\u00eate de votre chroniqueur. Pourquoi sortir d\u00e9lib\u00e9r\u00e9ment un troisi\u00e8me album de <strong>Marquis De Sade<\/strong>, apr\u00e8s tout ce temps, apr\u00e8s cette <strong>reformation totalement r\u00e9ussie en 2017\u00a0et un live-dvd endiabl\u00e9<\/strong> ? Pourquoi cet album, alors qu\u2019entre temps <strong>Philippe Pascal<\/strong> est parti voir s\u2019il y avait moyen de chanter avec<strong> Ian Curtis<\/strong>\u00a0?<\/p>\n<h3><em>Marquis de Sade &#8211; Back to Cruelty (1981)<\/em><\/h3>\n<div class=\"youtube-embed\" data-video_id=\"d5qzf4RKBsk\"><iframe loading=\"lazy\" title=\"Marquis de Sade - 01 - Back to cruelty (Rue de Siam, 1981)\" width=\"696\" height=\"522\" src=\"https:\/\/www.youtube.com\/embed\/d5qzf4RKBsk\" frameborder=\"0\" allow=\"accelerometer; autoplay; clipboard-write; encrypted-media; gyroscope; picture-in-picture; web-share\" referrerpolicy=\"strict-origin-when-cross-origin\" allowfullscreen><\/iframe><\/div>\n<p>&nbsp;<\/p>\n<p style=\"text-align: justify\">La premi\u00e8re approche fut de ne m\u00eame pas vouloir en entendre parler, honteux m\u00eame qu\u2019une telle chose sorte.<\/p>\n<p style=\"text-align: justify\">Et puis\u2026 Et puis\u2026 surgit un fait anodin au moment m\u00eame de la sortie de l\u2019album. <strong>Marquis De Sade<\/strong> a disparu au profit de <strong>Marquis<\/strong>. Comme l\u2019a fait <strong>Joy Division<\/strong> en devenant <strong>New Order<\/strong>. Le groupe a pris un autre chanteur, <strong>Simon Mahieu<\/strong>, dont on se gardera bien de porter un quelconque jugement parce qu\u2019il faut comparer ce qui est comparable. Il fait ce qu\u2019il peut et ce n\u2019est d\u00e9j\u00e0 pas si mal, m\u00eame si sa voix, h\u00e9las, est bien neutre. Il progressera, on l\u2019esp\u00e8re pour lui et c\u2019est un bon CV pour une carri\u00e8re.<\/p>\n<p style=\"text-align: justify\">Bon, nous voici devant un premier album d\u2019un nouvel ancien groupe mythique. Alors on \u00e9coute, attentivement.<\/p>\n<p style=\"text-align: justify\">Faut-il le consid\u00e9rer comme un album de <strong>Franck Darcel<\/strong>, le guitariste, fondateur d\u2019<strong>Octobre<\/strong>, funk froid du d\u00e9but des ann\u00e9es 80 qui a cr\u00e9e la scission de <strong>Marquis de Sade<\/strong> en deux avec <strong>Marc Seberg<\/strong> de l\u2019autre c\u00f4t\u00e9\u00a0?&#8230; Oui, en grande partie. Non, parce que les autres musiciens sont pr\u00e9sents \u00e0 l\u2019instar du batteur, <strong>Eric Morini\u00e8re<\/strong>, bien l\u00e0 quand il faut la ramener.<\/p>\n<h3><em>Marquis &#8211; More Fun Before War<\/em><\/h3>\n<div class=\"youtube-embed\" data-video_id=\"5PqNoU7LXkY\"><iframe loading=\"lazy\" title=\"More Fun Before War\" width=\"696\" height=\"522\" src=\"https:\/\/www.youtube.com\/embed\/5PqNoU7LXkY\" frameborder=\"0\" allow=\"accelerometer; autoplay; clipboard-write; encrypted-media; gyroscope; picture-in-picture; web-share\" referrerpolicy=\"strict-origin-when-cross-origin\" allowfullscreen><\/iframe><\/div>\n<p>&nbsp;<\/p>\n<p style=\"text-align: justify\">Alors le funk a disparu pour laisser la place \u00e0 un rock toujours aussi nerveux et v\u00e9n\u00e9neux, bien dans la lign\u00e9e de feu <strong>MDS<\/strong>, \u00e0 l\u2019instar du titre d\u2019ouverture <strong>\u00ab\u00a0More Fun Before War\u00a0\u00bb <\/strong>ou de<strong> \u00ab\u00a0<\/strong><b>European Psycho\u00a0\u00bb<\/b>. <strong><em>Aurora<\/em><\/strong> se pr\u00e9sente ainsi\u00a0: un assemblage encourageant d\u2019un nouveau groupe qui poss\u00e8de un pass\u00e9 lourd \u00e0 porter. Se c\u00f4toient des invit\u00e9s prestigieux, <strong>Etienne Daho<\/strong>, sur le remarquable <strong>\u00ab\u00a0Je n\u2019\u00e9crirais plus si souvent\u00a0\u00bb<\/strong> ou <strong>Dominic Sonic<\/strong> (disparu lui aussi entre temps) sur une belle reprise de <strong>\u00ab\u00a0The Ocean\u00a0\u00bb<\/strong> du <strong>Velvet Underground<\/strong>. Les deux derniers titres de l\u2019album, plus faibles, laissent un go\u00fbt un peu amer. Mais il reste largement de quoi se faire plaisir, \u00e9tonnamment, sur ces treize morceaux. Ce n\u2019est pas la moindre des agr\u00e9ables surprises.<\/p>\n<h3><em>Marquis (Chant : Etienne Daho) &#8211; Je n&rsquo;\u00e9crirai plus si souvent<\/em><\/h3>\n<div class=\"youtube-embed\" data-video_id=\"Z3COXXuI6Dc\"><iframe loading=\"lazy\" title=\"Je n&#039;\u00e9crirai plus si souvent\" width=\"696\" height=\"522\" src=\"https:\/\/www.youtube.com\/embed\/Z3COXXuI6Dc\" frameborder=\"0\" allow=\"accelerometer; autoplay; clipboard-write; encrypted-media; gyroscope; picture-in-picture; web-share\" referrerpolicy=\"strict-origin-when-cross-origin\" allowfullscreen><\/iframe><\/div>\n<p>&nbsp;<\/p>\n<p style=\"text-align: justify\"><strong>Marquis &#8211; <em>Aurora<\/em><\/strong><\/p>\n<p style=\"text-align: justify\">LATDK\u00a0\u2013 Universal France<\/p>\n<p style=\"text-align: justify\"><strong>Patrick B\u00e9nard<\/strong><\/p>\n","protected":false},"excerpt":{"rendered":"<p>Un Marquis Sombre, Rock, Mais Non Sadique Un Mythe et une Nouvelle Ere Il ne faut rien cacher. Si cette chronique a lieu si tard c\u2019est qu\u2019il a bien fallu dig\u00e9rer et se poser ces questions\u00a0: \u00e0 quoi bon\u00a0? Pourquoi faire\u00a0? Dans quel but\u00a0? Tout cela a tourn\u00e9 longtemps dans la t\u00eate de votre chroniqueur. [&hellip;]<\/p>\n","protected":false},"author":4,"featured_media":13906,"comment_status":"open","ping_status":"open","sticky":false,"template":"","format":"image","meta":{"jetpack_post_was_ever_published":false,"tdm_status":"","tdm_grid_status":"","_jetpack_newsletter_access":"","_jetpack_dont_email_post_to_subs":false,"_jetpack_newsletter_tier_id":0,"_jetpack_memberships_contains_paywalled_content":false,"_jetpack_memberships_contains_paid_content":false,"footnotes":""},"categories":[30,17,36,33,26],"tags":[37,12189,14067,52,58,12188,51],"class_list":{"0":"post-13905","1":"post","2":"type-post","3":"status-publish","4":"format-image","5":"has-post-thumbnail","7":"category-albums-rock","8":"category-carotte-rock-cultures","9":"category-groupes-rock-daujourdhui","10":"category-histoire-du-rock","11":"category-radio","12":"tag-album-rock","13":"tag-albums-essentiels","14":"tag-groupe-culte","15":"tag-groupe-rock-actuel","16":"tag-histoire-du-rock","17":"tag-new-wave","18":"tag-rock-francais","19":"post_format-post-format-image"},"yoast_head":"<!-- This site is optimized with the Yoast SEO plugin v27.5 - https:\/\/yoast.com\/product\/yoast-seo-wordpress\/ -->\n<title>Marquis - Aurora - Culturesco<\/title>\n<meta name=\"description\" content=\"CulturesCo | Un bon coup de pied dans ta Culture | Chroniques et histoire du Rock, chanson fran\u00e7aise, litt\u00e9rature, cin\u00e9ma et bande dessin\u00e9e.\" \/>\n<meta name=\"robots\" content=\"index, follow, max-snippet:-1, max-image-preview:large, max-video-preview:-1\" \/>\n<link rel=\"canonical\" href=\"https:\/\/culturesco.com\/index.php\/2021\/03\/30\/marquis-aurora\/\" \/>\n<meta property=\"og:locale\" content=\"fr_FR\" \/>\n<meta property=\"og:type\" content=\"article\" \/>\n<meta property=\"og:title\" content=\"Marquis - Aurora - Culturesco\" \/>\n<meta property=\"og:description\" content=\"CulturesCo | Un bon coup de pied dans ta Culture | Chroniques et histoire du Rock, chanson fran\u00e7aise, litt\u00e9rature, cin\u00e9ma et bande dessin\u00e9e.\" \/>\n<meta property=\"og:url\" content=\"https:\/\/culturesco.com\/index.php\/2021\/03\/30\/marquis-aurora\/\" \/>\n<meta property=\"og:site_name\" content=\"Culturesco\" \/>\n<meta property=\"article:publisher\" content=\"https:\/\/www.facebook.com\/radioculturesco\" \/>\n<meta property=\"article:published_time\" content=\"2021-03-30T00:39:18+00:00\" \/>\n<meta property=\"og:image\" content=\"https:\/\/i2.wp.com\/culturesco.com\/wp-content\/uploads\/2021\/03\/Marquis.jpeg?fit=405%2C372&ssl=1\" \/>\n\t<meta property=\"og:image:width\" content=\"405\" \/>\n\t<meta property=\"og:image:height\" content=\"372\" \/>\n\t<meta property=\"og:image:type\" content=\"image\/jpeg\" \/>\n<meta name=\"author\" content=\"Patrick Benard\" \/>\n<meta name=\"twitter:card\" content=\"summary_large_image\" \/>\n<meta name=\"twitter:creator\" content=\"@AugusteMarshal\" \/>\n<meta name=\"twitter:site\" content=\"@AugusteMarshal\" \/>\n<meta name=\"twitter:label1\" content=\"\u00c9crit par\" \/>\n\t<meta name=\"twitter:data1\" content=\"Patrick Benard\" \/>\n\t<meta name=\"twitter:label2\" content=\"Dur\u00e9e de lecture estim\u00e9e\" \/>\n\t<meta name=\"twitter:data2\" content=\"3 minutes\" \/>\n<script type=\"application\/ld+json\" class=\"yoast-schema-graph\">{\"@context\":\"https:\\\/\\\/schema.org\",\"@graph\":[{\"@type\":\"Article\",\"@id\":\"https:\\\/\\\/culturesco.com\\\/index.php\\\/2021\\\/03\\\/30\\\/marquis-aurora\\\/#article\",\"isPartOf\":{\"@id\":\"https:\\\/\\\/culturesco.com\\\/index.php\\\/2021\\\/03\\\/30\\\/marquis-aurora\\\/\"},\"author\":{\"name\":\"Patrick Benard\",\"@id\":\"https:\\\/\\\/culturesco.com\\\/#\\\/schema\\\/person\\\/c2ddd6724863f3bbd20a8278df0891f3\"},\"headline\":\"Marquis &#8211; Aurora\",\"datePublished\":\"2021-03-30T00:39:18+00:00\",\"mainEntityOfPage\":{\"@id\":\"https:\\\/\\\/culturesco.com\\\/index.php\\\/2021\\\/03\\\/30\\\/marquis-aurora\\\/\"},\"wordCount\":538,\"commentCount\":0,\"publisher\":{\"@id\":\"https:\\\/\\\/culturesco.com\\\/#organization\"},\"image\":{\"@id\":\"https:\\\/\\\/culturesco.com\\\/index.php\\\/2021\\\/03\\\/30\\\/marquis-aurora\\\/#primaryimage\"},\"thumbnailUrl\":\"https:\\\/\\\/i0.wp.com\\\/culturesco.com\\\/wp-content\\\/uploads\\\/2021\\\/03\\\/Marquis.jpeg?fit=405%2C372&ssl=1\",\"keywords\":[\"album rock\",\"Albums essentiels\",\"groupe culte\",\"groupe rock actuel\",\"histoire du rock\",\"New Wave\",\"Rock fran\u00e7ais\"],\"articleSection\":[\"Albums rock\",\"Carotte Rock Cultures\",\"Groupes rock d'aujourd'hui\",\"Histoire du rock\",\"Radio\"],\"inLanguage\":\"fr-FR\",\"potentialAction\":[{\"@type\":\"CommentAction\",\"name\":\"Comment\",\"target\":[\"https:\\\/\\\/culturesco.com\\\/index.php\\\/2021\\\/03\\\/30\\\/marquis-aurora\\\/#respond\"]}]},{\"@type\":\"WebPage\",\"@id\":\"https:\\\/\\\/culturesco.com\\\/index.php\\\/2021\\\/03\\\/30\\\/marquis-aurora\\\/\",\"url\":\"https:\\\/\\\/culturesco.com\\\/index.php\\\/2021\\\/03\\\/30\\\/marquis-aurora\\\/\",\"name\":\"Marquis - Aurora - Culturesco\",\"isPartOf\":{\"@id\":\"https:\\\/\\\/culturesco.com\\\/#website\"},\"primaryImageOfPage\":{\"@id\":\"https:\\\/\\\/culturesco.com\\\/index.php\\\/2021\\\/03\\\/30\\\/marquis-aurora\\\/#primaryimage\"},\"image\":{\"@id\":\"https:\\\/\\\/culturesco.com\\\/index.php\\\/2021\\\/03\\\/30\\\/marquis-aurora\\\/#primaryimage\"},\"thumbnailUrl\":\"https:\\\/\\\/i0.wp.com\\\/culturesco.com\\\/wp-content\\\/uploads\\\/2021\\\/03\\\/Marquis.jpeg?fit=405%2C372&ssl=1\",\"datePublished\":\"2021-03-30T00:39:18+00:00\",\"description\":\"CulturesCo | Un bon coup de pied dans ta Culture | Chroniques et histoire du Rock, chanson fran\u00e7aise, litt\u00e9rature, cin\u00e9ma et bande dessin\u00e9e.\",\"breadcrumb\":{\"@id\":\"https:\\\/\\\/culturesco.com\\\/index.php\\\/2021\\\/03\\\/30\\\/marquis-aurora\\\/#breadcrumb\"},\"inLanguage\":\"fr-FR\",\"potentialAction\":[{\"@type\":\"ReadAction\",\"target\":[\"https:\\\/\\\/culturesco.com\\\/index.php\\\/2021\\\/03\\\/30\\\/marquis-aurora\\\/\"]}]},{\"@type\":\"ImageObject\",\"inLanguage\":\"fr-FR\",\"@id\":\"https:\\\/\\\/culturesco.com\\\/index.php\\\/2021\\\/03\\\/30\\\/marquis-aurora\\\/#primaryimage\",\"url\":\"https:\\\/\\\/i0.wp.com\\\/culturesco.com\\\/wp-content\\\/uploads\\\/2021\\\/03\\\/Marquis.jpeg?fit=405%2C372&ssl=1\",\"contentUrl\":\"https:\\\/\\\/i0.wp.com\\\/culturesco.com\\\/wp-content\\\/uploads\\\/2021\\\/03\\\/Marquis.jpeg?fit=405%2C372&ssl=1\",\"width\":405,\"height\":372,\"caption\":\"Marquis - Aurora\"},{\"@type\":\"BreadcrumbList\",\"@id\":\"https:\\\/\\\/culturesco.com\\\/index.php\\\/2021\\\/03\\\/30\\\/marquis-aurora\\\/#breadcrumb\",\"itemListElement\":[{\"@type\":\"ListItem\",\"position\":1,\"name\":\"Accueil\",\"item\":\"https:\\\/\\\/culturesco.com\\\/\"},{\"@type\":\"ListItem\",\"position\":2,\"name\":\"Marquis &#8211; Aurora\"}]},{\"@type\":\"WebSite\",\"@id\":\"https:\\\/\\\/culturesco.com\\\/#website\",\"url\":\"https:\\\/\\\/culturesco.com\\\/\",\"name\":\"Culturesco\",\"description\":\"Culturesco | Un bon coup de pied dans ta Culture\",\"publisher\":{\"@id\":\"https:\\\/\\\/culturesco.com\\\/#organization\"},\"potentialAction\":[{\"@type\":\"SearchAction\",\"target\":{\"@type\":\"EntryPoint\",\"urlTemplate\":\"https:\\\/\\\/culturesco.com\\\/?s={search_term_string}\"},\"query-input\":{\"@type\":\"PropertyValueSpecification\",\"valueRequired\":true,\"valueName\":\"search_term_string\"}}],\"inLanguage\":\"fr-FR\"},{\"@type\":\"Organization\",\"@id\":\"https:\\\/\\\/culturesco.com\\\/#organization\",\"name\":\"CULTURESCO\",\"url\":\"https:\\\/\\\/culturesco.com\\\/\",\"logo\":{\"@type\":\"ImageObject\",\"inLanguage\":\"fr-FR\",\"@id\":\"https:\\\/\\\/culturesco.com\\\/#\\\/schema\\\/logo\\\/image\\\/\",\"url\":\"https:\\\/\\\/i0.wp.com\\\/culturesco.com\\\/wp-content\\\/uploads\\\/2022\\\/04\\\/culturesco-logo-blanc250p.png?fit=250%2C250&ssl=1\",\"contentUrl\":\"https:\\\/\\\/i0.wp.com\\\/culturesco.com\\\/wp-content\\\/uploads\\\/2022\\\/04\\\/culturesco-logo-blanc250p.png?fit=250%2C250&ssl=1\",\"width\":250,\"height\":250,\"caption\":\"CULTURESCO\"},\"image\":{\"@id\":\"https:\\\/\\\/culturesco.com\\\/#\\\/schema\\\/logo\\\/image\\\/\"},\"sameAs\":[\"https:\\\/\\\/www.facebook.com\\\/radioculturesco\",\"https:\\\/\\\/x.com\\\/AugusteMarshal\",\"https:\\\/\\\/www.instagram.com\\\/carotte_rock_culture\\\/\",\"https:\\\/\\\/www.pinterest.fr\\\/augustemarshal\\\/\",\"https:\\\/\\\/www.youtube.com\\\/channel\\\/UCiWLGffqWSXlNnfzp6YwwyQ\"]},{\"@type\":\"Person\",\"@id\":\"https:\\\/\\\/culturesco.com\\\/#\\\/schema\\\/person\\\/c2ddd6724863f3bbd20a8278df0891f3\",\"name\":\"Patrick Benard\",\"image\":{\"@type\":\"ImageObject\",\"inLanguage\":\"fr-FR\",\"@id\":\"https:\\\/\\\/i0.wp.com\\\/culturesco.com\\\/wp-content\\\/uploads\\\/2019\\\/02\\\/patrick-benard-2.jpg?fit=90%2C96&ssl=1\",\"url\":\"https:\\\/\\\/i0.wp.com\\\/culturesco.com\\\/wp-content\\\/uploads\\\/2019\\\/02\\\/patrick-benard-2.jpg?fit=90%2C96&ssl=1\",\"contentUrl\":\"https:\\\/\\\/i0.wp.com\\\/culturesco.com\\\/wp-content\\\/uploads\\\/2019\\\/02\\\/patrick-benard-2.jpg?fit=90%2C96&ssl=1\",\"caption\":\"Patrick Benard\"},\"description\":\"Ecrivain, chroniqueur, animateur radio, cr\u00e9ateur de la revue \u00ab Cin\u00e9manie \u00bb, autour du cin\u00e9ma dit d\u2019art et d\u2019essai, sp\u00e9cialiste du groupe The Cure, archiviste... 2020 : \\\"Le Post Rock\\\" essai sur le post rock de Mogwa\u00ef \u00e0 Godspeed You Black Emperor - Camion Blanc 2014 : \u00ab On the rocks \u2013le rock de 2007 \u00e0 2014 \u00bb chroniques livres et cd rocks, interviews \u2013Editions Vaillant 2010 : \u00ab Dans la T\u00eate de Robert Smith \u00bb, roman fiction autour de l\u2019histoire des Cure et de Robert Smith \u2013 Edilivres 2007 : \u00ab Chroniques Fr\u00e9n\u00e9tiques, une histoire intime du rock \u00bb, roman, prix Technikart. 2001 : \u00ab Les Iles du D\u00e9sert \u00bb, polar autour du rock \u2013 Editions Nykta\",\"url\":\"https:\\\/\\\/culturesco.com\\\/index.php\\\/author\\\/patrick-benard89\\\/\"}]}<\/script>\n<!-- \/ Yoast SEO plugin. -->","yoast_head_json":{"title":"Marquis - Aurora - Culturesco","description":"CulturesCo | Un bon coup de pied dans ta Culture | Chroniques et histoire du Rock, chanson fran\u00e7aise, litt\u00e9rature, cin\u00e9ma et bande dessin\u00e9e.","robots":{"index":"index","follow":"follow","max-snippet":"max-snippet:-1","max-image-preview":"max-image-preview:large","max-video-preview":"max-video-preview:-1"},"canonical":"https:\/\/culturesco.com\/index.php\/2021\/03\/30\/marquis-aurora\/","og_locale":"fr_FR","og_type":"article","og_title":"Marquis - Aurora - Culturesco","og_description":"CulturesCo | Un bon coup de pied dans ta Culture | Chroniques et histoire du Rock, chanson fran\u00e7aise, litt\u00e9rature, cin\u00e9ma et bande dessin\u00e9e.","og_url":"https:\/\/culturesco.com\/index.php\/2021\/03\/30\/marquis-aurora\/","og_site_name":"Culturesco","article_publisher":"https:\/\/www.facebook.com\/radioculturesco","article_published_time":"2021-03-30T00:39:18+00:00","og_image":[{"width":405,"height":372,"url":"https:\/\/i2.wp.com\/culturesco.com\/wp-content\/uploads\/2021\/03\/Marquis.jpeg?fit=405%2C372&ssl=1","type":"image\/jpeg"}],"author":"Patrick Benard","twitter_card":"summary_large_image","twitter_creator":"@AugusteMarshal","twitter_site":"@AugusteMarshal","twitter_misc":{"\u00c9crit par":"Patrick Benard","Dur\u00e9e de lecture estim\u00e9e":"3 minutes"},"schema":{"@context":"https:\/\/schema.org","@graph":[{"@type":"Article","@id":"https:\/\/culturesco.com\/index.php\/2021\/03\/30\/marquis-aurora\/#article","isPartOf":{"@id":"https:\/\/culturesco.com\/index.php\/2021\/03\/30\/marquis-aurora\/"},"author":{"name":"Patrick Benard","@id":"https:\/\/culturesco.com\/#\/schema\/person\/c2ddd6724863f3bbd20a8278df0891f3"},"headline":"Marquis &#8211; Aurora","datePublished":"2021-03-30T00:39:18+00:00","mainEntityOfPage":{"@id":"https:\/\/culturesco.com\/index.php\/2021\/03\/30\/marquis-aurora\/"},"wordCount":538,"commentCount":0,"publisher":{"@id":"https:\/\/culturesco.com\/#organization"},"image":{"@id":"https:\/\/culturesco.com\/index.php\/2021\/03\/30\/marquis-aurora\/#primaryimage"},"thumbnailUrl":"https:\/\/i0.wp.com\/culturesco.com\/wp-content\/uploads\/2021\/03\/Marquis.jpeg?fit=405%2C372&ssl=1","keywords":["album rock","Albums essentiels","groupe culte","groupe rock actuel","histoire du rock","New Wave","Rock fran\u00e7ais"],"articleSection":["Albums rock","Carotte Rock Cultures","Groupes rock d'aujourd'hui","Histoire du rock","Radio"],"inLanguage":"fr-FR","potentialAction":[{"@type":"CommentAction","name":"Comment","target":["https:\/\/culturesco.com\/index.php\/2021\/03\/30\/marquis-aurora\/#respond"]}]},{"@type":"WebPage","@id":"https:\/\/culturesco.com\/index.php\/2021\/03\/30\/marquis-aurora\/","url":"https:\/\/culturesco.com\/index.php\/2021\/03\/30\/marquis-aurora\/","name":"Marquis - Aurora - Culturesco","isPartOf":{"@id":"https:\/\/culturesco.com\/#website"},"primaryImageOfPage":{"@id":"https:\/\/culturesco.com\/index.php\/2021\/03\/30\/marquis-aurora\/#primaryimage"},"image":{"@id":"https:\/\/culturesco.com\/index.php\/2021\/03\/30\/marquis-aurora\/#primaryimage"},"thumbnailUrl":"https:\/\/i0.wp.com\/culturesco.com\/wp-content\/uploads\/2021\/03\/Marquis.jpeg?fit=405%2C372&ssl=1","datePublished":"2021-03-30T00:39:18+00:00","description":"CulturesCo | Un bon coup de pied dans ta Culture | Chroniques et histoire du Rock, chanson fran\u00e7aise, litt\u00e9rature, cin\u00e9ma et bande dessin\u00e9e.","breadcrumb":{"@id":"https:\/\/culturesco.com\/index.php\/2021\/03\/30\/marquis-aurora\/#breadcrumb"},"inLanguage":"fr-FR","potentialAction":[{"@type":"ReadAction","target":["https:\/\/culturesco.com\/index.php\/2021\/03\/30\/marquis-aurora\/"]}]},{"@type":"ImageObject","inLanguage":"fr-FR","@id":"https:\/\/culturesco.com\/index.php\/2021\/03\/30\/marquis-aurora\/#primaryimage","url":"https:\/\/i0.wp.com\/culturesco.com\/wp-content\/uploads\/2021\/03\/Marquis.jpeg?fit=405%2C372&ssl=1","contentUrl":"https:\/\/i0.wp.com\/culturesco.com\/wp-content\/uploads\/2021\/03\/Marquis.jpeg?fit=405%2C372&ssl=1","width":405,"height":372,"caption":"Marquis - Aurora"},{"@type":"BreadcrumbList","@id":"https:\/\/culturesco.com\/index.php\/2021\/03\/30\/marquis-aurora\/#breadcrumb","itemListElement":[{"@type":"ListItem","position":1,"name":"Accueil","item":"https:\/\/culturesco.com\/"},{"@type":"ListItem","position":2,"name":"Marquis &#8211; Aurora"}]},{"@type":"WebSite","@id":"https:\/\/culturesco.com\/#website","url":"https:\/\/culturesco.com\/","name":"Culturesco","description":"Culturesco | Un bon coup de pied dans ta Culture","publisher":{"@id":"https:\/\/culturesco.com\/#organization"},"potentialAction":[{"@type":"SearchAction","target":{"@type":"EntryPoint","urlTemplate":"https:\/\/culturesco.com\/?s={search_term_string}"},"query-input":{"@type":"PropertyValueSpecification","valueRequired":true,"valueName":"search_term_string"}}],"inLanguage":"fr-FR"},{"@type":"Organization","@id":"https:\/\/culturesco.com\/#organization","name":"CULTURESCO","url":"https:\/\/culturesco.com\/","logo":{"@type":"ImageObject","inLanguage":"fr-FR","@id":"https:\/\/culturesco.com\/#\/schema\/logo\/image\/","url":"https:\/\/i0.wp.com\/culturesco.com\/wp-content\/uploads\/2022\/04\/culturesco-logo-blanc250p.png?fit=250%2C250&ssl=1","contentUrl":"https:\/\/i0.wp.com\/culturesco.com\/wp-content\/uploads\/2022\/04\/culturesco-logo-blanc250p.png?fit=250%2C250&ssl=1","width":250,"height":250,"caption":"CULTURESCO"},"image":{"@id":"https:\/\/culturesco.com\/#\/schema\/logo\/image\/"},"sameAs":["https:\/\/www.facebook.com\/radioculturesco","https:\/\/x.com\/AugusteMarshal","https:\/\/www.instagram.com\/carotte_rock_culture\/","https:\/\/www.pinterest.fr\/augustemarshal\/","https:\/\/www.youtube.com\/channel\/UCiWLGffqWSXlNnfzp6YwwyQ"]},{"@type":"Person","@id":"https:\/\/culturesco.com\/#\/schema\/person\/c2ddd6724863f3bbd20a8278df0891f3","name":"Patrick Benard","image":{"@type":"ImageObject","inLanguage":"fr-FR","@id":"https:\/\/i0.wp.com\/culturesco.com\/wp-content\/uploads\/2019\/02\/patrick-benard-2.jpg?fit=90%2C96&ssl=1","url":"https:\/\/i0.wp.com\/culturesco.com\/wp-content\/uploads\/2019\/02\/patrick-benard-2.jpg?fit=90%2C96&ssl=1","contentUrl":"https:\/\/i0.wp.com\/culturesco.com\/wp-content\/uploads\/2019\/02\/patrick-benard-2.jpg?fit=90%2C96&ssl=1","caption":"Patrick Benard"},"description":"Ecrivain, chroniqueur, animateur radio, cr\u00e9ateur de la revue \u00ab Cin\u00e9manie \u00bb, autour du cin\u00e9ma dit d\u2019art et d\u2019essai, sp\u00e9cialiste du groupe The Cure, archiviste... 2020 : \"Le Post Rock\" essai sur le post rock de Mogwa\u00ef \u00e0 Godspeed You Black Emperor - Camion Blanc 2014 : \u00ab On the rocks \u2013le rock de 2007 \u00e0 2014 \u00bb chroniques livres et cd rocks, interviews \u2013Editions Vaillant 2010 : \u00ab Dans la T\u00eate de Robert Smith \u00bb, roman fiction autour de l\u2019histoire des Cure et de Robert Smith \u2013 Edilivres 2007 : \u00ab Chroniques Fr\u00e9n\u00e9tiques, une histoire intime du rock \u00bb, roman, prix Technikart. 2001 : \u00ab Les Iles du D\u00e9sert \u00bb, polar autour du rock \u2013 Editions Nykta","url":"https:\/\/culturesco.com\/index.php\/author\/patrick-benard89\/"}]}},"jetpack_featured_media_url":"https:\/\/i0.wp.com\/culturesco.com\/wp-content\/uploads\/2021\/03\/Marquis.jpeg?fit=405%2C372&ssl=1","jetpack_likes_enabled":true,"jetpack_sharing_enabled":true,"jetpack_shortlink":"https:\/\/wp.me\/paz89I-3Ch","_links":{"self":[{"href":"https:\/\/culturesco.com\/index.php\/wp-json\/wp\/v2\/posts\/13905","targetHints":{"allow":["GET"]}}],"collection":[{"href":"https:\/\/culturesco.com\/index.php\/wp-json\/wp\/v2\/posts"}],"about":[{"href":"https:\/\/culturesco.com\/index.php\/wp-json\/wp\/v2\/types\/post"}],"author":[{"embeddable":true,"href":"https:\/\/culturesco.com\/index.php\/wp-json\/wp\/v2\/users\/4"}],"replies":[{"embeddable":true,"href":"https:\/\/culturesco.com\/index.php\/wp-json\/wp\/v2\/comments?post=13905"}],"version-history":[{"count":0,"href":"https:\/\/culturesco.com\/index.php\/wp-json\/wp\/v2\/posts\/13905\/revisions"}],"wp:featuredmedia":[{"embeddable":true,"href":"https:\/\/culturesco.com\/index.php\/wp-json\/wp\/v2\/media\/13906"}],"wp:attachment":[{"href":"https:\/\/culturesco.com\/index.php\/wp-json\/wp\/v2\/media?parent=13905"}],"wp:term":[{"taxonomy":"category","embeddable":true,"href":"https:\/\/culturesco.com\/index.php\/wp-json\/wp\/v2\/categories?post=13905"},{"taxonomy":"post_tag","embeddable":true,"href":"https:\/\/culturesco.com\/index.php\/wp-json\/wp\/v2\/tags?post=13905"}],"curies":[{"name":"wp","href":"https:\/\/api.w.org\/{rel}","templated":true}]}}